{"id":287436,"date":"2024-02-02T11:30:16","date_gmt":"2024-02-02T16:30:16","guid":{"rendered":"https:\/\/www.fiscalia.gov.co\/colombia\/?p=287436"},"modified":"2024-02-02T11:30:16","modified_gmt":"2024-02-02T16:30:16","slug":"asegurados-seis-presuntos-integrantes-de-organizacion-criminal-los-coyotes-dedicados-al-trafico-de-migrantes-hacia-panama","status":"publish","type":"post","link":"https:\/\/www.fiscalia.gov.co\/colombia\/noticias\/asegurados-seis-presuntos-integrantes-de-organizacion-criminal-los-coyotes-dedicados-al-trafico-de-migrantes-hacia-panama\/","title":{"rendered":"Asegurados seis presuntos integrantes de organizaci\u00f3n criminal Los Coyotes, dedicados al tr\u00e1fico de migrantes hacia Panam\u00e1"},"content":{"rendered":"<h4><strong><em>Los presuntos delincuentes estar\u00edan pagando 40 d\u00f3lares al &#8216;Clan del Golfo&#8217; por cada extranjero que cruzaba a ese pa\u00eds.<\/em><\/strong><\/h4>\n<p>La Fiscal\u00eda General de la Naci\u00f3n obtuvo medida de aseguramiento en centro de reclusi\u00f3n en contra de Albeiro G\u00f3mez Mercado, Ernesto Jos\u00e9 Ortega Garc\u00eda y Evert Enrique Arrieta Torres, como presuntos responsables del delito de concierto para delinquir agravado y tr\u00e1fico de migrantes.<\/p>\n<figure id=\"attachment_287437\" aria-describedby=\"caption-attachment-287437\" style=\"width: 300px\" class=\"wp-caption aligncenter\"><img loading=\"lazy\" decoding=\"async\" class=\"size-medium wp-image-287437\" src=\"https:\/\/www.fiscalia.gov.co\/colombia\/wp-content\/uploads\/Presuntos-integrantes-de-Los-Coyotes-300x207.jpg\" alt=\"En la imagen aparecen 5 de los 6 capturados, acompa\u00f1ados de servidores de CTI, la Polic\u00eda y el Ej\u00e9rcito Nacional\" width=\"300\" height=\"207\" srcset=\"https:\/\/www.fiscalia.gov.co\/colombia\/wp-content\/uploads\/Presuntos-integrantes-de-Los-Coyotes-300x207.jpg 300w, https:\/\/www.fiscalia.gov.co\/colombia\/wp-content\/uploads\/Presuntos-integrantes-de-Los-Coyotes-1024x707.jpg 1024w, https:\/\/www.fiscalia.gov.co\/colombia\/wp-content\/uploads\/Presuntos-integrantes-de-Los-Coyotes-768x530.jpg 768w, https:\/\/www.fiscalia.gov.co\/colombia\/wp-content\/uploads\/Presuntos-integrantes-de-Los-Coyotes-218x150.jpg 218w, https:\/\/www.fiscalia.gov.co\/colombia\/wp-content\/uploads\/Presuntos-integrantes-de-Los-Coyotes-696x480.jpg 696w, https:\/\/www.fiscalia.gov.co\/colombia\/wp-content\/uploads\/Presuntos-integrantes-de-Los-Coyotes-1068x737.jpg 1068w, https:\/\/www.fiscalia.gov.co\/colombia\/wp-content\/uploads\/Presuntos-integrantes-de-Los-Coyotes-609x420.jpg 609w, https:\/\/www.fiscalia.gov.co\/colombia\/wp-content\/uploads\/Presuntos-integrantes-de-Los-Coyotes-100x70.jpg 100w, https:\/\/www.fiscalia.gov.co\/colombia\/wp-content\/uploads\/Presuntos-integrantes-de-Los-Coyotes.jpg 1258w\" sizes=\"auto, (max-width: 300px) 100vw, 300px\" \/><figcaption id=\"caption-attachment-287437\" class=\"wp-caption-text\">Presuntos integrantes de Los Coyotes.<\/figcaption><\/figure>\n<p>Por los mismos hechos, un juez de control de garant\u00edas impuso medida de aseguramiento en su lugar de domicilio en contra de Epifanio Babilonia P\u00e9rez, Doiler Andr\u00e9s Padilla y Luz Enith Petro Castro.<\/p>\n<p>Seg\u00fan la investigaci\u00f3n adelantada por un fiscal de la Seccional Antioquia, los procesados har\u00edan parte de una banda delincuencial conocida como Los Coyotes, que estar\u00eda cobrando grandes sumas de dinero a ciudadanos chinos, haitianos, ecuatorianos y venezolanos, por paquetes que inclu\u00edan atravesar el pa\u00eds hasta el golfo de Urab\u00e1 y el posterior transporte hacia Panam\u00e1, violando los controles y protocolos migratorios.<\/p>\n<p>Los investigadores establecieron que los migrantes eran trasladados desde Ipiales (Nari\u00f1o) y Bucaramanga (Santander) hacia el municipio costero de Necocl\u00ed (Antioquia), donde, al parecer, les suministraban unas manillas de identificaci\u00f3n para que pudieran atravesar las selvas del Dari\u00e9n sin ser molestados por el &#8216;Clan del Golfo&#8217;, organizaci\u00f3n criminal que estar\u00eda cobrando unos 40 d\u00f3lares, por cada ciudadano extranjero que cruzaba hacia el pa\u00eds centroamericano.<\/p>\n<p>Se evidenci\u00f3 que, por trasladar a los migrantes desde las fronteras con Ecuador y Venezuela hasta Panam\u00e1, los presuntos delincuentes estar\u00edan cobrando 4 mil 300 d\u00f3lares por adulto y 2 mil 600 d\u00f3lares por cada menor de edad.<\/p>\n<p>Las labores de polic\u00eda judicial determinaron tambi\u00e9n que uno de los procesados que se desempe\u00f1aba como mototaxista, habr\u00eda registrado movimientos bancarios superiores a los 70 millones de pesos mensuales.<\/p>\n<p>Los investigados fueron capturados durante una operaci\u00f3n conjunta adelantada por servidores de la Polic\u00eda Urab\u00e1 y el Gaula Militar de la Brigada XVII en Cartagena (Bol\u00edvar) y en los municipios antioque\u00f1os de Apartado y Necocl\u00ed.\u00a0 Durante las audiencias preliminares ninguno de los procesados se allan\u00f3 a los cargos imputados.<\/p>\n<p>&nbsp;<\/p>\n<p><strong>\u00a0La Fiscal\u00eda habla con resultados.<\/strong><\/p>\n<p>&nbsp;<\/p>\n<p>&nbsp;<\/p>\n<p>LFML\/MG\/AM\/MG\/DSPB\/DSA.<\/p>\n<p>&nbsp;<\/p>\n<p>&nbsp;<\/p>\n<p><i>La informaci\u00f3n contenida en este bolet\u00edn de prensa corresponde a la narraci\u00f3n de los hechos noticiosos objetivos, y las investigaciones penales al interior de la Fiscal\u00eda General de la Naci\u00f3n. Para el momento de la divulgaci\u00f3n de este comunicado, la situaci\u00f3n jur\u00eddica de la(s) persona(s) relacionada(s) se encuentra pendiente de resolver por la autoridad judicial competente, siempre bajo los preceptos de la presunci\u00f3n de inocencia, consagrados en el art\u00edculo 29 de la Constituci\u00f3n Pol\u00edtica y el art\u00edculo 7\u00ba de la Ley 906 de 2004<\/i><\/p>\n\n<div class=\"twitter-share\"><a href=\"https:\/\/twitter.com\/intent\/tweet?via=fiscaliacol\" class=\"twitter-share-button\">Tweet<\/a><\/div>\n","protected":false},"excerpt":{"rendered":"<p>Los presuntos delincuentes estar\u00edan pagando 40 d\u00f3lares al &#8216;Clan del Golfo&#8217; por cada extranjero que cruzaba a ese pa\u00eds. La Fiscal\u00eda General de la Naci\u00f3n obtuvo medida de aseguramiento en centro de reclusi\u00f3n en contra de Albeiro G\u00f3mez Mercado, Ernesto Jos\u00e9 Ortega Garc\u00eda y Evert Enrique Arrieta Torres, como presuntos responsables del delito de concierto [&hellip;]<\/p>\n","protected":false},"author":179,"featured_media":0,"comment_status":"closed","ping_status":"open","sticky":false,"template":"","format":"standard","meta":{"_price":"","_stock":"","_tribe_ticket_header":"","_tribe_default_ticket_provider":"","_tribe_ticket_capacity":"0","_ticket_start_date":"","_ticket_end_date":"","_tribe_ticket_show_description":"","_tribe_ticket_show_not_going":false,"_tribe_ticket_use_global_stock":"","_tribe_ticket_global_stock_level":"","_global_stock_mode":"","_global_stock_cap":"","_tribe_rsvp_for_event":"","_tribe_ticket_going_count":"","_tribe_ticket_not_going_count":"","_tribe_tickets_list":"[]","_tribe_ticket_has_attendee_info_fields":false,"tdm_status":"","tdm_grid_status":"","footnotes":""},"categories":[1,318,303],"tags":[36829,7336,1047,32559,36795,27405,558,4634],"class_list":{"0":"post-287436","1":"post","2":"type-post","3":"status-publish","4":"format-standard","6":"category-noticias","7":"category-seccional-antioquia","8":"category-seccionales","9":"tag-banda-dedicada-al-trafico-de-migrantes-a-panama","10":"tag-concierto-para-delinquir-agravado","11":"tag-fiscalia-general-de-la-nacion","12":"tag-gaula-militar-de-uraba","13":"tag-los-coyotes-6-capturas","14":"tag-medidas-privativas-de-la-libertad","15":"tag-policia-nacional","16":"tag-trafico-de-migrantes"},"yoast_head":"<!-- This site is optimized with the Yoast SEO plugin v24.3 - https:\/\/yoast.com\/wordpress\/plugins\/seo\/ -->\n<title>Fiscal\u00eda General de la Naci\u00f3n<\/title>\n<meta name=\"description\" content=\"P\u00e1gina oficial de la Fiscal\u00eda General de la Naci\u00f3n \u2013 Colombia. Garantizamos el acceso efectivo a la justicia, la verdad y la reparaci\u00f3n de las v\u00edctimas de los delitos.\" \/>\n<meta name=\"robots\" content=\"noindex, follow\" \/>\n<meta property=\"og:locale\" content=\"es_ES\" \/>\n<meta property=\"og:type\" content=\"article\" \/>\n<meta property=\"og:title\" content=\"Fiscal\u00eda General de la Naci\u00f3n\" \/>\n<meta property=\"og:description\" content=\"P\u00e1gina oficial de la Fiscal\u00eda General de la Naci\u00f3n \u2013 Colombia. Garantizamos el acceso efectivo a la justicia, la verdad y la reparaci\u00f3n de las v\u00edctimas de los delitos.\" \/>\n<meta property=\"og:url\" content=\"https:\/\/www.fiscalia.gov.co\/colombia\/noticias\/asegurados-seis-presuntos-integrantes-de-organizacion-criminal-los-coyotes-dedicados-al-trafico-de-migrantes-hacia-panama\/\" \/>\n<meta property=\"og:site_name\" content=\"Fiscal\u00eda General de la Naci\u00f3n\" \/>\n<meta property=\"article:publisher\" content=\"https:\/\/www.facebook.com\/FiscaliaCol\" \/>\n<meta property=\"article:published_time\" content=\"2024-02-02T16:30:16+00:00\" \/>\n<meta property=\"og:image\" content=\"https:\/\/www.fiscalia.gov.co\/colombia\/wp-content\/uploads\/Presuntos-integrantes-de-Los-Coyotes-300x207.jpg\" \/>\n<meta name=\"author\" content=\"Lesly Katherine Segura Camargo.\" \/>\n<meta name=\"twitter:card\" content=\"summary_large_image\" \/>\n<meta name=\"twitter:creator\" content=\"@FiscaliaCol\" \/>\n<meta name=\"twitter:site\" content=\"@FiscaliaCol\" \/>\n<meta name=\"twitter:label1\" content=\"Escrito por\" \/>\n\t<meta name=\"twitter:data1\" content=\"Lesly Katherine Segura Camargo.\" \/>\n\t<meta name=\"twitter:label2\" content=\"Tiempo de lectura\" \/>\n\t<meta name=\"twitter:data2\" content=\"3 minutos\" \/>\n<script type=\"application\/ld+json\" class=\"yoast-schema-graph\">{\"@context\":\"https:\/\/schema.org\",\"@graph\":[{\"@type\":\"Article\",\"@id\":\"https:\/\/www.fiscalia.gov.co\/colombia\/noticias\/asegurados-seis-presuntos-integrantes-de-organizacion-criminal-los-coyotes-dedicados-al-trafico-de-migrantes-hacia-panama\/#article\",\"isPartOf\":{\"@id\":\"https:\/\/www.fiscalia.gov.co\/colombia\/noticias\/asegurados-seis-presuntos-integrantes-de-organizacion-criminal-los-coyotes-dedicados-al-trafico-de-migrantes-hacia-panama\/\"},\"author\":{\"name\":\"Lesly Katherine Segura Camargo.\",\"@id\":\"https:\/\/www.fiscalia.gov.co\/colombia\/#\/schema\/person\/6be81acb78add0abcbda2c598c1d53e1\"},\"headline\":\"Asegurados seis presuntos integrantes de organizaci\u00f3n criminal Los Coyotes, dedicados al tr\u00e1fico de migrantes hacia Panam\u00e1\",\"datePublished\":\"2024-02-02T16:30:16+00:00\",\"dateModified\":\"2024-02-02T16:30:16+00:00\",\"mainEntityOfPage\":{\"@id\":\"https:\/\/www.fiscalia.gov.co\/colombia\/noticias\/asegurados-seis-presuntos-integrantes-de-organizacion-criminal-los-coyotes-dedicados-al-trafico-de-migrantes-hacia-panama\/\"},\"wordCount\":508,\"publisher\":{\"@id\":\"https:\/\/www.fiscalia.gov.co\/colombia\/#organization\"},\"image\":{\"@id\":\"https:\/\/www.fiscalia.gov.co\/colombia\/noticias\/asegurados-seis-presuntos-integrantes-de-organizacion-criminal-los-coyotes-dedicados-al-trafico-de-migrantes-hacia-panama\/#primaryimage\"},\"thumbnailUrl\":\"https:\/\/www.fiscalia.gov.co\/colombia\/wp-content\/uploads\/Presuntos-integrantes-de-Los-Coyotes-300x207.jpg\",\"keywords\":[\"banda dedicada al tr\u00e1fico de migrantes a Panam\u00e1\",\"Concierto para delinquir agravado\",\"Fiscal\u00eda General de la Naci\u00f3n\",\"Gaula Militar de Urab\u00e1\",\"Los Coyotes 6 capturas\",\"medidas privativas de la libertad\",\"Polic\u00eda Nacional\",\"Tr\u00e1fico de migrantes\"],\"articleSection\":[\"Noticias\",\"Seccional Antioquia\",\"Seccionales\"],\"inLanguage\":\"es-CO\"},{\"@type\":\"WebPage\",\"@id\":\"https:\/\/www.fiscalia.gov.co\/colombia\/noticias\/asegurados-seis-presuntos-integrantes-de-organizacion-criminal-los-coyotes-dedicados-al-trafico-de-migrantes-hacia-panama\/\",\"url\":\"https:\/\/www.fiscalia.gov.co\/colombia\/noticias\/asegurados-seis-presuntos-integrantes-de-organizacion-criminal-los-coyotes-dedicados-al-trafico-de-migrantes-hacia-panama\/\",\"name\":\"Fiscal\u00eda General de la Naci\u00f3n\",\"isPartOf\":{\"@id\":\"https:\/\/www.fiscalia.gov.co\/colombia\/#website\"},\"primaryImageOfPage\":{\"@id\":\"https:\/\/www.fiscalia.gov.co\/colombia\/noticias\/asegurados-seis-presuntos-integrantes-de-organizacion-criminal-los-coyotes-dedicados-al-trafico-de-migrantes-hacia-panama\/#primaryimage\"},\"image\":{\"@id\":\"https:\/\/www.fiscalia.gov.co\/colombia\/noticias\/asegurados-seis-presuntos-integrantes-de-organizacion-criminal-los-coyotes-dedicados-al-trafico-de-migrantes-hacia-panama\/#primaryimage\"},\"thumbnailUrl\":\"https:\/\/www.fiscalia.gov.co\/colombia\/wp-content\/uploads\/Presuntos-integrantes-de-Los-Coyotes-300x207.jpg\",\"datePublished\":\"2024-02-02T16:30:16+00:00\",\"dateModified\":\"2024-02-02T16:30:16+00:00\",\"description\":\"P\u00e1gina oficial de la Fiscal\u00eda General de la Naci\u00f3n \u2013 Colombia. Garantizamos el acceso efectivo a la justicia, la verdad y la reparaci\u00f3n de las v\u00edctimas de los delitos.\",\"breadcrumb\":{\"@id\":\"https:\/\/www.fiscalia.gov.co\/colombia\/noticias\/asegurados-seis-presuntos-integrantes-de-organizacion-criminal-los-coyotes-dedicados-al-trafico-de-migrantes-hacia-panama\/#breadcrumb\"},\"inLanguage\":\"es-CO\",\"potentialAction\":[{\"@type\":\"ReadAction\",\"target\":[\"https:\/\/www.fiscalia.gov.co\/colombia\/noticias\/asegurados-seis-presuntos-integrantes-de-organizacion-criminal-los-coyotes-dedicados-al-trafico-de-migrantes-hacia-panama\/\"]}]},{\"@type\":\"ImageObject\",\"inLanguage\":\"es-CO\",\"@id\":\"https:\/\/www.fiscalia.gov.co\/colombia\/noticias\/asegurados-seis-presuntos-integrantes-de-organizacion-criminal-los-coyotes-dedicados-al-trafico-de-migrantes-hacia-panama\/#primaryimage\",\"url\":\"https:\/\/www.fiscalia.gov.co\/colombia\/wp-content\/uploads\/Presuntos-integrantes-de-Los-Coyotes.jpg\",\"contentUrl\":\"https:\/\/www.fiscalia.gov.co\/colombia\/wp-content\/uploads\/Presuntos-integrantes-de-Los-Coyotes.jpg\",\"width\":1258,\"height\":868,\"caption\":\"Presuntos integrantes de Los Coyotes.\"},{\"@type\":\"BreadcrumbList\",\"@id\":\"https:\/\/www.fiscalia.gov.co\/colombia\/noticias\/asegurados-seis-presuntos-integrantes-de-organizacion-criminal-los-coyotes-dedicados-al-trafico-de-migrantes-hacia-panama\/#breadcrumb\",\"itemListElement\":[{\"@type\":\"ListItem\",\"position\":1,\"name\":\"Home\",\"item\":\"https:\/\/www.fiscalia.gov.co\/colombia\/\"},{\"@type\":\"ListItem\",\"position\":2,\"name\":\"Asegurados seis presuntos integrantes de organizaci\u00f3n criminal Los Coyotes, dedicados al tr\u00e1fico de migrantes hacia Panam\u00e1\"}]},{\"@type\":\"WebSite\",\"@id\":\"https:\/\/www.fiscalia.gov.co\/colombia\/#website\",\"url\":\"https:\/\/www.fiscalia.gov.co\/colombia\/\",\"name\":\"Fiscal\u00eda General de la Naci\u00f3n\",\"description\":\"P\u00e1gina oficial de la Fiscal\u00eda General de la Naci\u00f3n \u2013 Colombia. Garantizamos el acceso efectivo a la justicia, la verdad y la reparaci\u00f3n de las v\u00edctimas de los delitos.\",\"publisher\":{\"@id\":\"https:\/\/www.fiscalia.gov.co\/colombia\/#organization\"},\"potentialAction\":[{\"@type\":\"SearchAction\",\"target\":{\"@type\":\"EntryPoint\",\"urlTemplate\":\"https:\/\/www.fiscalia.gov.co\/colombia\/?s={search_term_string}\"},\"query-input\":{\"@type\":\"PropertyValueSpecification\",\"valueRequired\":true,\"valueName\":\"search_term_string\"}}],\"inLanguage\":\"es-CO\"},{\"@type\":\"Organization\",\"@id\":\"https:\/\/www.fiscalia.gov.co\/colombia\/#organization\",\"name\":\"Fiscal\u00eda General de la Naci\u00f3n\",\"url\":\"https:\/\/www.fiscalia.gov.co\/colombia\/\",\"logo\":{\"@type\":\"ImageObject\",\"inLanguage\":\"es-CO\",\"@id\":\"https:\/\/www.fiscalia.gov.co\/colombia\/#\/schema\/logo\/image\/\",\"url\":\"https:\/\/www.fiscalia.gov.co\/colombia\/wp-content\/uploads\/LogoHorizontal_1.jpg\",\"contentUrl\":\"https:\/\/www.fiscalia.gov.co\/colombia\/wp-content\/uploads\/LogoHorizontal_1.jpg\",\"width\":300,\"height\":90,\"caption\":\"Fiscal\u00eda General de la Naci\u00f3n\"},\"image\":{\"@id\":\"https:\/\/www.fiscalia.gov.co\/colombia\/#\/schema\/logo\/image\/\"},\"sameAs\":[\"https:\/\/www.facebook.com\/FiscaliaCol\",\"https:\/\/x.com\/FiscaliaCol\",\"https:\/\/www.instagram.com\/fiscaliacol\",\"https:\/\/www.linkedin.com\/company\/fiscalia-general-de-la-naci-n\/\",\"https:\/\/youtube.com\/@fiscaliageneraldelanacion-4668?si=6nN79nyQICPU5iTh\"]},{\"@type\":\"Person\",\"@id\":\"https:\/\/www.fiscalia.gov.co\/colombia\/#\/schema\/person\/6be81acb78add0abcbda2c598c1d53e1\",\"name\":\"Lesly Katherine Segura Camargo.\",\"image\":{\"@type\":\"ImageObject\",\"inLanguage\":\"es-CO\",\"@id\":\"https:\/\/www.fiscalia.gov.co\/colombia\/#\/schema\/person\/image\/\",\"url\":\"https:\/\/secure.gravatar.com\/avatar\/1892091c53ef3b9c2fcb37ca6066e439?s=96&d=mm&r=g\",\"contentUrl\":\"https:\/\/secure.gravatar.com\/avatar\/1892091c53ef3b9c2fcb37ca6066e439?s=96&d=mm&r=g\",\"caption\":\"Lesly Katherine Segura Camargo.\"},\"url\":\"https:\/\/www.fiscalia.gov.co\/colombia\/author\/lesly-segura\/\"}]}<\/script>\n<!-- \/ Yoast SEO plugin. -->","yoast_head_json":{"title":"Fiscal\u00eda General de la Naci\u00f3n","description":"P\u00e1gina oficial de la Fiscal\u00eda General de la Naci\u00f3n \u2013 Colombia. Garantizamos el acceso efectivo a la justicia, la verdad y la reparaci\u00f3n de las v\u00edctimas de los delitos.","robots":{"index":"noindex","follow":"follow"},"og_locale":"es_ES","og_type":"article","og_title":"Fiscal\u00eda General de la Naci\u00f3n","og_description":"P\u00e1gina oficial de la Fiscal\u00eda General de la Naci\u00f3n \u2013 Colombia. Garantizamos el acceso efectivo a la justicia, la verdad y la reparaci\u00f3n de las v\u00edctimas de los delitos.","og_url":"https:\/\/www.fiscalia.gov.co\/colombia\/noticias\/asegurados-seis-presuntos-integrantes-de-organizacion-criminal-los-coyotes-dedicados-al-trafico-de-migrantes-hacia-panama\/","og_site_name":"Fiscal\u00eda General de la Naci\u00f3n","article_publisher":"https:\/\/www.facebook.com\/FiscaliaCol","article_published_time":"2024-02-02T16:30:16+00:00","og_image":[{"url":"https:\/\/www.fiscalia.gov.co\/colombia\/wp-content\/uploads\/Presuntos-integrantes-de-Los-Coyotes-300x207.jpg","type":"","width":"","height":""}],"author":"Lesly Katherine Segura Camargo.","twitter_card":"summary_large_image","twitter_creator":"@FiscaliaCol","twitter_site":"@FiscaliaCol","twitter_misc":{"Escrito por":"Lesly Katherine Segura Camargo.","Tiempo de lectura":"3 minutos"},"schema":{"@context":"https:\/\/schema.org","@graph":[{"@type":"Article","@id":"https:\/\/www.fiscalia.gov.co\/colombia\/noticias\/asegurados-seis-presuntos-integrantes-de-organizacion-criminal-los-coyotes-dedicados-al-trafico-de-migrantes-hacia-panama\/#article","isPartOf":{"@id":"https:\/\/www.fiscalia.gov.co\/colombia\/noticias\/asegurados-seis-presuntos-integrantes-de-organizacion-criminal-los-coyotes-dedicados-al-trafico-de-migrantes-hacia-panama\/"},"author":{"name":"Lesly Katherine Segura Camargo.","@id":"https:\/\/www.fiscalia.gov.co\/colombia\/#\/schema\/person\/6be81acb78add0abcbda2c598c1d53e1"},"headline":"Asegurados seis presuntos integrantes de organizaci\u00f3n criminal Los Coyotes, dedicados al tr\u00e1fico de migrantes hacia Panam\u00e1","datePublished":"2024-02-02T16:30:16+00:00","dateModified":"2024-02-02T16:30:16+00:00","mainEntityOfPage":{"@id":"https:\/\/www.fiscalia.gov.co\/colombia\/noticias\/asegurados-seis-presuntos-integrantes-de-organizacion-criminal-los-coyotes-dedicados-al-trafico-de-migrantes-hacia-panama\/"},"wordCount":508,"publisher":{"@id":"https:\/\/www.fiscalia.gov.co\/colombia\/#organization"},"image":{"@id":"https:\/\/www.fiscalia.gov.co\/colombia\/noticias\/asegurados-seis-presuntos-integrantes-de-organizacion-criminal-los-coyotes-dedicados-al-trafico-de-migrantes-hacia-panama\/#primaryimage"},"thumbnailUrl":"https:\/\/www.fiscalia.gov.co\/colombia\/wp-content\/uploads\/Presuntos-integrantes-de-Los-Coyotes-300x207.jpg","keywords":["banda dedicada al tr\u00e1fico de migrantes a Panam\u00e1","Concierto para delinquir agravado","Fiscal\u00eda General de la Naci\u00f3n","Gaula Militar de Urab\u00e1","Los Coyotes 6 capturas","medidas privativas de la libertad","Polic\u00eda Nacional","Tr\u00e1fico de migrantes"],"articleSection":["Noticias","Seccional Antioquia","Seccionales"],"inLanguage":"es-CO"},{"@type":"WebPage","@id":"https:\/\/www.fiscalia.gov.co\/colombia\/noticias\/asegurados-seis-presuntos-integrantes-de-organizacion-criminal-los-coyotes-dedicados-al-trafico-de-migrantes-hacia-panama\/","url":"https:\/\/www.fiscalia.gov.co\/colombia\/noticias\/asegurados-seis-presuntos-integrantes-de-organizacion-criminal-los-coyotes-dedicados-al-trafico-de-migrantes-hacia-panama\/","name":"Fiscal\u00eda General de la Naci\u00f3n","isPartOf":{"@id":"https:\/\/www.fiscalia.gov.co\/colombia\/#website"},"primaryImageOfPage":{"@id":"https:\/\/www.fiscalia.gov.co\/colombia\/noticias\/asegurados-seis-presuntos-integrantes-de-organizacion-criminal-los-coyotes-dedicados-al-trafico-de-migrantes-hacia-panama\/#primaryimage"},"image":{"@id":"https:\/\/www.fiscalia.gov.co\/colombia\/noticias\/asegurados-seis-presuntos-integrantes-de-organizacion-criminal-los-coyotes-dedicados-al-trafico-de-migrantes-hacia-panama\/#primaryimage"},"thumbnailUrl":"https:\/\/www.fiscalia.gov.co\/colombia\/wp-content\/uploads\/Presuntos-integrantes-de-Los-Coyotes-300x207.jpg","datePublished":"2024-02-02T16:30:16+00:00","dateModified":"2024-02-02T16:30:16+00:00","description":"P\u00e1gina oficial de la Fiscal\u00eda General de la Naci\u00f3n \u2013 Colombia. Garantizamos el acceso efectivo a la justicia, la verdad y la reparaci\u00f3n de las v\u00edctimas de los delitos.","breadcrumb":{"@id":"https:\/\/www.fiscalia.gov.co\/colombia\/noticias\/asegurados-seis-presuntos-integrantes-de-organizacion-criminal-los-coyotes-dedicados-al-trafico-de-migrantes-hacia-panama\/#breadcrumb"},"inLanguage":"es-CO","potentialAction":[{"@type":"ReadAction","target":["https:\/\/www.fiscalia.gov.co\/colombia\/noticias\/asegurados-seis-presuntos-integrantes-de-organizacion-criminal-los-coyotes-dedicados-al-trafico-de-migrantes-hacia-panama\/"]}]},{"@type":"ImageObject","inLanguage":"es-CO","@id":"https:\/\/www.fiscalia.gov.co\/colombia\/noticias\/asegurados-seis-presuntos-integrantes-de-organizacion-criminal-los-coyotes-dedicados-al-trafico-de-migrantes-hacia-panama\/#primaryimage","url":"https:\/\/www.fiscalia.gov.co\/colombia\/wp-content\/uploads\/Presuntos-integrantes-de-Los-Coyotes.jpg","contentUrl":"https:\/\/www.fiscalia.gov.co\/colombia\/wp-content\/uploads\/Presuntos-integrantes-de-Los-Coyotes.jpg","width":1258,"height":868,"caption":"Presuntos integrantes de Los Coyotes."},{"@type":"BreadcrumbList","@id":"https:\/\/www.fiscalia.gov.co\/colombia\/noticias\/asegurados-seis-presuntos-integrantes-de-organizacion-criminal-los-coyotes-dedicados-al-trafico-de-migrantes-hacia-panama\/#breadcrumb","itemListElement":[{"@type":"ListItem","position":1,"name":"Home","item":"https:\/\/www.fiscalia.gov.co\/colombia\/"},{"@type":"ListItem","position":2,"name":"Asegurados seis presuntos integrantes de organizaci\u00f3n criminal Los Coyotes, dedicados al tr\u00e1fico de migrantes hacia Panam\u00e1"}]},{"@type":"WebSite","@id":"https:\/\/www.fiscalia.gov.co\/colombia\/#website","url":"https:\/\/www.fiscalia.gov.co\/colombia\/","name":"Fiscal\u00eda General de la Naci\u00f3n","description":"P\u00e1gina oficial de la Fiscal\u00eda General de la Naci\u00f3n \u2013 Colombia. Garantizamos el acceso efectivo a la justicia, la verdad y la reparaci\u00f3n de las v\u00edctimas de los delitos.","publisher":{"@id":"https:\/\/www.fiscalia.gov.co\/colombia\/#organization"},"potentialAction":[{"@type":"SearchAction","target":{"@type":"EntryPoint","urlTemplate":"https:\/\/www.fiscalia.gov.co\/colombia\/?s={search_term_string}"},"query-input":{"@type":"PropertyValueSpecification","valueRequired":true,"valueName":"search_term_string"}}],"inLanguage":"es-CO"},{"@type":"Organization","@id":"https:\/\/www.fiscalia.gov.co\/colombia\/#organization","name":"Fiscal\u00eda General de la Naci\u00f3n","url":"https:\/\/www.fiscalia.gov.co\/colombia\/","logo":{"@type":"ImageObject","inLanguage":"es-CO","@id":"https:\/\/www.fiscalia.gov.co\/colombia\/#\/schema\/logo\/image\/","url":"https:\/\/www.fiscalia.gov.co\/colombia\/wp-content\/uploads\/LogoHorizontal_1.jpg","contentUrl":"https:\/\/www.fiscalia.gov.co\/colombia\/wp-content\/uploads\/LogoHorizontal_1.jpg","width":300,"height":90,"caption":"Fiscal\u00eda General de la Naci\u00f3n"},"image":{"@id":"https:\/\/www.fiscalia.gov.co\/colombia\/#\/schema\/logo\/image\/"},"sameAs":["https:\/\/www.facebook.com\/FiscaliaCol","https:\/\/x.com\/FiscaliaCol","https:\/\/www.instagram.com\/fiscaliacol","https:\/\/www.linkedin.com\/company\/fiscalia-general-de-la-naci-n\/","https:\/\/youtube.com\/@fiscaliageneraldelanacion-4668?si=6nN79nyQICPU5iTh"]},{"@type":"Person","@id":"https:\/\/www.fiscalia.gov.co\/colombia\/#\/schema\/person\/6be81acb78add0abcbda2c598c1d53e1","name":"Lesly Katherine Segura Camargo.","image":{"@type":"ImageObject","inLanguage":"es-CO","@id":"https:\/\/www.fiscalia.gov.co\/colombia\/#\/schema\/person\/image\/","url":"https:\/\/secure.gravatar.com\/avatar\/1892091c53ef3b9c2fcb37ca6066e439?s=96&d=mm&r=g","contentUrl":"https:\/\/secure.gravatar.com\/avatar\/1892091c53ef3b9c2fcb37ca6066e439?s=96&d=mm&r=g","caption":"Lesly Katherine Segura Camargo."},"url":"https:\/\/www.fiscalia.gov.co\/colombia\/author\/lesly-segura\/"}]}},"_links":{"self":[{"href":"https:\/\/www.fiscalia.gov.co\/colombia\/wp-json\/wp\/v2\/posts\/287436","targetHints":{"allow":["GET"]}}],"collection":[{"href":"https:\/\/www.fiscalia.gov.co\/colombia\/wp-json\/wp\/v2\/posts"}],"about":[{"href":"https:\/\/www.fiscalia.gov.co\/colombia\/wp-json\/wp\/v2\/types\/post"}],"author":[{"embeddable":true,"href":"https:\/\/www.fiscalia.gov.co\/colombia\/wp-json\/wp\/v2\/users\/179"}],"replies":[{"embeddable":true,"href":"https:\/\/www.fiscalia.gov.co\/colombia\/wp-json\/wp\/v2\/comments?post=287436"}],"version-history":[{"count":1,"href":"https:\/\/www.fiscalia.gov.co\/colombia\/wp-json\/wp\/v2\/posts\/287436\/revisions"}],"predecessor-version":[{"id":287438,"href":"https:\/\/www.fiscalia.gov.co\/colombia\/wp-json\/wp\/v2\/posts\/287436\/revisions\/287438"}],"wp:attachment":[{"href":"https:\/\/www.fiscalia.gov.co\/colombia\/wp-json\/wp\/v2\/media?parent=287436"}],"wp:term":[{"taxonomy":"category","embeddable":true,"href":"https:\/\/www.fiscalia.gov.co\/colombia\/wp-json\/wp\/v2\/categories?post=287436"},{"taxonomy":"post_tag","embeddable":true,"href":"https:\/\/www.fiscalia.gov.co\/colombia\/wp-json\/wp\/v2\/tags?post=287436"}],"curies":[{"name":"wp","href":"https:\/\/api.w.org\/{rel}","templated":true}]}}