{"id":287234,"date":"2024-01-31T13:06:24","date_gmt":"2024-01-31T18:06:24","guid":{"rendered":"https:\/\/www.fiscalia.gov.co\/colombia\/?p=287234"},"modified":"2024-01-31T13:06:24","modified_gmt":"2024-01-31T18:06:24","slug":"a-prision-alias-la-gorra-presunto-cabecilla-del-clan-del-golfo-quien-habria-ordenado-el-desplazamiento-de-500-familias-en-el-pacifico","status":"publish","type":"post","link":"https:\/\/www.fiscalia.gov.co\/colombia\/noticias\/a-prision-alias-la-gorra-presunto-cabecilla-del-clan-del-golfo-quien-habria-ordenado-el-desplazamiento-de-500-familias-en-el-pacifico\/","title":{"rendered":"A prisi\u00f3n alias La Gorra, presunto cabecilla del \u2018Clan del Golfo\u2019, quien habr\u00eda ordenado el desplazamiento de 500 familias en el Pac\u00edfico"},"content":{"rendered":"<p>Un fiscal especializado logr\u00f3 que Jhoyner Anderson Hurtado Palacios, alias La gorra, fuera cobijado con medida privativa de la libertad en establecimiento carcelario por un juez penal municipal de Buenaventura.<\/p>\n<figure id=\"attachment_287235\" aria-describedby=\"caption-attachment-287235\" style=\"width: 284px\" class=\"wp-caption aligncenter\"><img loading=\"lazy\" decoding=\"async\" class=\"size-medium wp-image-287235\" src=\"https:\/\/www.fiscalia.gov.co\/colombia\/wp-content\/uploads\/WhatsApp-Image-2024-01-31-at-10.01.17-AM-284x300.jpeg\" alt=\"En la fotograf\u00eda aparece el capturado junto dos  agentes de la Polic\u00eda Nacional\" width=\"284\" height=\"300\" srcset=\"https:\/\/www.fiscalia.gov.co\/colombia\/wp-content\/uploads\/WhatsApp-Image-2024-01-31-at-10.01.17-AM-284x300.jpeg 284w, https:\/\/www.fiscalia.gov.co\/colombia\/wp-content\/uploads\/WhatsApp-Image-2024-01-31-at-10.01.17-AM-968x1024.jpeg 968w, https:\/\/www.fiscalia.gov.co\/colombia\/wp-content\/uploads\/WhatsApp-Image-2024-01-31-at-10.01.17-AM-768x813.jpeg 768w, https:\/\/www.fiscalia.gov.co\/colombia\/wp-content\/uploads\/WhatsApp-Image-2024-01-31-at-10.01.17-AM-1452x1536.jpeg 1452w, https:\/\/www.fiscalia.gov.co\/colombia\/wp-content\/uploads\/WhatsApp-Image-2024-01-31-at-10.01.17-AM-696x737.jpeg 696w, https:\/\/www.fiscalia.gov.co\/colombia\/wp-content\/uploads\/WhatsApp-Image-2024-01-31-at-10.01.17-AM-1068x1130.jpeg 1068w, https:\/\/www.fiscalia.gov.co\/colombia\/wp-content\/uploads\/WhatsApp-Image-2024-01-31-at-10.01.17-AM-397x420.jpeg 397w, https:\/\/www.fiscalia.gov.co\/colombia\/wp-content\/uploads\/WhatsApp-Image-2024-01-31-at-10.01.17-AM.jpeg 1512w\" sizes=\"auto, (max-width: 284px) 100vw, 284px\" \/><figcaption id=\"caption-attachment-287235\" class=\"wp-caption-text\">Jhoyner Anderson Hurtado Palacios, alias La gorra, fue enviado a prisi\u00f3n por un juez penal de Buenaventura.<\/figcaption><\/figure>\n<p>El juez aval\u00f3 la imputaci\u00f3n de cargos del ente investigador contra alias La gorra como presunto responsable material de los delitos de concierto para delinquir con fines de homicidio, extorsi\u00f3n, desplazamiento forzado y desapariciones.<\/p>\n<p>Alias La gorra, presunto integrante del \u2018Clan del Golfo\u2019, era buscado por las autoridades por su presunta responsabilidad en el desplazamiento de 500 familias en enero de 2022, dentro de un plan de consolidaci\u00f3n de la estructura criminal en las poblaciones de la zona pac\u00edfico.<\/p>\n<p>Como comandante de escuadra, el hombre empez\u00f3 a delinquir en el sector de Bajo Calima, zona rural de Buenaventura, donde habr\u00eda ordenado homicidios selectivos, extorsiones a comerciantes, procesamiento de hoja de coca en laboratorios clandestinos.<\/p>\n<p>De acuerdo con el proceso, Jhoyner Anderson Hurtado recibi\u00f3 la orden de alias Chiquito malo, cabecilla del \u2018Clan del Golfo\u2019, expandir la presencia y actividades de esta organizaci\u00f3n criminal desde Buenaventura hasta el barrio Silo\u00e9 de Cali (Valle).<\/p>\n<p>Alias La Gorra fue capturado por agentes de la Polic\u00eda Nacional en Pasto (Nari\u00f1o), ciudad a donde hab\u00eda llegado para huir de la persecuci\u00f3n de las autoridades.<\/p>\n<p>&nbsp;<\/p>\n<p><strong>La Fiscal\u00eda habla con resultados<\/strong><\/p>\n<p>&nbsp;<\/p>\n<p>&nbsp;<\/p>\n<p>JGPV\/FAGHT\/LVB\/DSV<\/p>\n<p>&nbsp;<\/p>\n<p>&nbsp;<\/p>\n<p>&nbsp;<\/p>\n<p><i>La informaci\u00f3n contenida en este bolet\u00edn de prensa corresponde a la narraci\u00f3n de los hechos noticiosos objetivos, y las investigaciones penales al interior de la Fiscal\u00eda General de la Naci\u00f3n. Para el momento de la divulgaci\u00f3n de este comunicado, la situaci\u00f3n jur\u00eddica de la(s) persona(s) relacionada(s) se encuentra pendiente de resolver por la autoridad judicial competente, siempre bajo los preceptos de la presunci\u00f3n de inocencia, consagrados en el art\u00edculo 29 de la Constituci\u00f3n Pol\u00edtica y el art\u00edculo 7\u00ba de la Ley 906 de 2004.\u00a0<\/i><\/p>\n<p>&nbsp;<\/p>\n\n<div class=\"twitter-share\"><a href=\"https:\/\/twitter.com\/intent\/tweet?via=fiscaliacol\" class=\"twitter-share-button\">Tweet<\/a><\/div>\n","protected":false},"excerpt":{"rendered":"<p>Un fiscal especializado logr\u00f3 que Jhoyner Anderson Hurtado Palacios, alias La gorra, fuera cobijado con medida privativa de la libertad en establecimiento carcelario por un juez penal municipal de Buenaventura. El juez aval\u00f3 la imputaci\u00f3n de cargos del ente investigador contra alias La gorra como presunto responsable material de los delitos de concierto para delinquir [&hellip;]<\/p>\n","protected":false},"author":179,"featured_media":0,"comment_status":"closed","ping_status":"open","sticky":false,"template":"","format":"standard","meta":{"_price":"","_stock":"","_tribe_ticket_header":"","_tribe_default_ticket_provider":"","_tribe_ticket_capacity":"0","_ticket_start_date":"","_ticket_end_date":"","_tribe_ticket_show_description":"","_tribe_ticket_show_not_going":false,"_tribe_ticket_use_global_stock":"","_tribe_ticket_global_stock_level":"","_global_stock_mode":"","_global_stock_cap":"","_tribe_rsvp_for_event":"","_tribe_ticket_going_count":"","_tribe_ticket_not_going_count":"","_tribe_tickets_list":"[]","_tribe_ticket_has_attendee_info_fields":false,"tdm_status":"","tdm_grid_status":"","footnotes":""},"categories":[1,324,303,24099],"tags":[18672,1426,78,24763,24187,26070],"class_list":{"0":"post-287234","1":"post","2":"type-post","3":"status-publish","4":"format-standard","6":"category-noticias","7":"category-seccional-cali","8":"category-seccionales","9":"category-seguridad-territorial","10":"tag-clan-del-golfo","11":"tag-desplazamiento","12":"tag-fiscal-general-de-la-nacion","13":"tag-fiscal-general-de-la-nacion-francisco-barbosa-delgado","14":"tag-fiscalia-colombia","15":"tag-seccional-cali"},"yoast_head":"<!-- This site is optimized with the Yoast SEO plugin v24.3 - https:\/\/yoast.com\/wordpress\/plugins\/seo\/ -->\n<title>Fiscal\u00eda General de la Naci\u00f3n<\/title>\n<meta name=\"description\" content=\"P\u00e1gina oficial de la Fiscal\u00eda General de la Naci\u00f3n \u2013 Colombia. Garantizamos el acceso efectivo a la justicia, la verdad y la reparaci\u00f3n de las v\u00edctimas de los delitos.\" \/>\n<meta name=\"robots\" content=\"noindex, follow\" \/>\n<meta property=\"og:locale\" content=\"es_ES\" \/>\n<meta property=\"og:type\" content=\"article\" \/>\n<meta property=\"og:title\" content=\"Fiscal\u00eda General de la Naci\u00f3n\" \/>\n<meta property=\"og:description\" content=\"P\u00e1gina oficial de la Fiscal\u00eda General de la Naci\u00f3n \u2013 Colombia. Garantizamos el acceso efectivo a la justicia, la verdad y la reparaci\u00f3n de las v\u00edctimas de los delitos.\" \/>\n<meta property=\"og:url\" content=\"https:\/\/www.fiscalia.gov.co\/colombia\/noticias\/a-prision-alias-la-gorra-presunto-cabecilla-del-clan-del-golfo-quien-habria-ordenado-el-desplazamiento-de-500-familias-en-el-pacifico\/\" \/>\n<meta property=\"og:site_name\" content=\"Fiscal\u00eda General de la Naci\u00f3n\" \/>\n<meta property=\"article:publisher\" content=\"https:\/\/www.facebook.com\/FiscaliaCol\" \/>\n<meta property=\"article:published_time\" content=\"2024-01-31T18:06:24+00:00\" \/>\n<meta property=\"og:image\" content=\"https:\/\/www.fiscalia.gov.co\/colombia\/wp-content\/uploads\/WhatsApp-Image-2024-01-31-at-10.01.17-AM-284x300.jpeg\" \/>\n<meta name=\"author\" content=\"Lesly Katherine Segura Camargo.\" \/>\n<meta name=\"twitter:card\" content=\"summary_large_image\" \/>\n<meta name=\"twitter:creator\" content=\"@FiscaliaCol\" \/>\n<meta name=\"twitter:site\" content=\"@FiscaliaCol\" \/>\n<meta name=\"twitter:label1\" content=\"Escrito por\" \/>\n\t<meta name=\"twitter:data1\" content=\"Lesly Katherine Segura Camargo.\" \/>\n\t<meta name=\"twitter:label2\" content=\"Tiempo de lectura\" \/>\n\t<meta name=\"twitter:data2\" content=\"2 minutos\" \/>\n<script type=\"application\/ld+json\" class=\"yoast-schema-graph\">{\"@context\":\"https:\/\/schema.org\",\"@graph\":[{\"@type\":\"Article\",\"@id\":\"https:\/\/www.fiscalia.gov.co\/colombia\/noticias\/a-prision-alias-la-gorra-presunto-cabecilla-del-clan-del-golfo-quien-habria-ordenado-el-desplazamiento-de-500-familias-en-el-pacifico\/#article\",\"isPartOf\":{\"@id\":\"https:\/\/www.fiscalia.gov.co\/colombia\/noticias\/a-prision-alias-la-gorra-presunto-cabecilla-del-clan-del-golfo-quien-habria-ordenado-el-desplazamiento-de-500-familias-en-el-pacifico\/\"},\"author\":{\"name\":\"Lesly Katherine Segura Camargo.\",\"@id\":\"https:\/\/www.fiscalia.gov.co\/colombia\/#\/schema\/person\/6be81acb78add0abcbda2c598c1d53e1\"},\"headline\":\"A prisi\u00f3n alias La Gorra, presunto cabecilla del \u2018Clan del Golfo\u2019, quien habr\u00eda ordenado el desplazamiento de 500 familias en el Pac\u00edfico\",\"datePublished\":\"2024-01-31T18:06:24+00:00\",\"dateModified\":\"2024-01-31T18:06:24+00:00\",\"mainEntityOfPage\":{\"@id\":\"https:\/\/www.fiscalia.gov.co\/colombia\/noticias\/a-prision-alias-la-gorra-presunto-cabecilla-del-clan-del-golfo-quien-habria-ordenado-el-desplazamiento-de-500-familias-en-el-pacifico\/\"},\"wordCount\":379,\"publisher\":{\"@id\":\"https:\/\/www.fiscalia.gov.co\/colombia\/#organization\"},\"image\":{\"@id\":\"https:\/\/www.fiscalia.gov.co\/colombia\/noticias\/a-prision-alias-la-gorra-presunto-cabecilla-del-clan-del-golfo-quien-habria-ordenado-el-desplazamiento-de-500-familias-en-el-pacifico\/#primaryimage\"},\"thumbnailUrl\":\"https:\/\/www.fiscalia.gov.co\/colombia\/wp-content\/uploads\/WhatsApp-Image-2024-01-31-at-10.01.17-AM-284x300.jpeg\",\"keywords\":[\"Clan del Golfo\",\"Desplazamiento\",\"Fiscal General de la Naci\u00f3n\",\"Fiscal General de la Naci\u00f3n Francisco Barbosa Delgado\",\"Fiscal\u00eda Colombia\",\"Seccional Cali\"],\"articleSection\":[\"Noticias\",\"Seccional Cali\",\"Seccionales\",\"Seguridad territorial\"],\"inLanguage\":\"es-CO\"},{\"@type\":\"WebPage\",\"@id\":\"https:\/\/www.fiscalia.gov.co\/colombia\/noticias\/a-prision-alias-la-gorra-presunto-cabecilla-del-clan-del-golfo-quien-habria-ordenado-el-desplazamiento-de-500-familias-en-el-pacifico\/\",\"url\":\"https:\/\/www.fiscalia.gov.co\/colombia\/noticias\/a-prision-alias-la-gorra-presunto-cabecilla-del-clan-del-golfo-quien-habria-ordenado-el-desplazamiento-de-500-familias-en-el-pacifico\/\",\"name\":\"Fiscal\u00eda General de la Naci\u00f3n\",\"isPartOf\":{\"@id\":\"https:\/\/www.fiscalia.gov.co\/colombia\/#website\"},\"primaryImageOfPage\":{\"@id\":\"https:\/\/www.fiscalia.gov.co\/colombia\/noticias\/a-prision-alias-la-gorra-presunto-cabecilla-del-clan-del-golfo-quien-habria-ordenado-el-desplazamiento-de-500-familias-en-el-pacifico\/#primaryimage\"},\"image\":{\"@id\":\"https:\/\/www.fiscalia.gov.co\/colombia\/noticias\/a-prision-alias-la-gorra-presunto-cabecilla-del-clan-del-golfo-quien-habria-ordenado-el-desplazamiento-de-500-familias-en-el-pacifico\/#primaryimage\"},\"thumbnailUrl\":\"https:\/\/www.fiscalia.gov.co\/colombia\/wp-content\/uploads\/WhatsApp-Image-2024-01-31-at-10.01.17-AM-284x300.jpeg\",\"datePublished\":\"2024-01-31T18:06:24+00:00\",\"dateModified\":\"2024-01-31T18:06:24+00:00\",\"description\":\"P\u00e1gina oficial de la Fiscal\u00eda General de la Naci\u00f3n \u2013 Colombia. Garantizamos el acceso efectivo a la justicia, la verdad y la reparaci\u00f3n de las v\u00edctimas de los delitos.\",\"breadcrumb\":{\"@id\":\"https:\/\/www.fiscalia.gov.co\/colombia\/noticias\/a-prision-alias-la-gorra-presunto-cabecilla-del-clan-del-golfo-quien-habria-ordenado-el-desplazamiento-de-500-familias-en-el-pacifico\/#breadcrumb\"},\"inLanguage\":\"es-CO\",\"potentialAction\":[{\"@type\":\"ReadAction\",\"target\":[\"https:\/\/www.fiscalia.gov.co\/colombia\/noticias\/a-prision-alias-la-gorra-presunto-cabecilla-del-clan-del-golfo-quien-habria-ordenado-el-desplazamiento-de-500-familias-en-el-pacifico\/\"]}]},{\"@type\":\"ImageObject\",\"inLanguage\":\"es-CO\",\"@id\":\"https:\/\/www.fiscalia.gov.co\/colombia\/noticias\/a-prision-alias-la-gorra-presunto-cabecilla-del-clan-del-golfo-quien-habria-ordenado-el-desplazamiento-de-500-familias-en-el-pacifico\/#primaryimage\",\"url\":\"https:\/\/www.fiscalia.gov.co\/colombia\/wp-content\/uploads\/WhatsApp-Image-2024-01-31-at-10.01.17-AM-284x300.jpeg\",\"contentUrl\":\"https:\/\/www.fiscalia.gov.co\/colombia\/wp-content\/uploads\/WhatsApp-Image-2024-01-31-at-10.01.17-AM-284x300.jpeg\"},{\"@type\":\"BreadcrumbList\",\"@id\":\"https:\/\/www.fiscalia.gov.co\/colombia\/noticias\/a-prision-alias-la-gorra-presunto-cabecilla-del-clan-del-golfo-quien-habria-ordenado-el-desplazamiento-de-500-familias-en-el-pacifico\/#breadcrumb\",\"itemListElement\":[{\"@type\":\"ListItem\",\"position\":1,\"name\":\"Home\",\"item\":\"https:\/\/www.fiscalia.gov.co\/colombia\/\"},{\"@type\":\"ListItem\",\"position\":2,\"name\":\"A prisi\u00f3n alias La Gorra, presunto cabecilla del \u2018Clan del Golfo\u2019, quien habr\u00eda ordenado el desplazamiento de 500 familias en el Pac\u00edfico\"}]},{\"@type\":\"WebSite\",\"@id\":\"https:\/\/www.fiscalia.gov.co\/colombia\/#website\",\"url\":\"https:\/\/www.fiscalia.gov.co\/colombia\/\",\"name\":\"Fiscal\u00eda General de la Naci\u00f3n\",\"description\":\"P\u00e1gina oficial de la Fiscal\u00eda General de la Naci\u00f3n \u2013 Colombia. Garantizamos el acceso efectivo a la justicia, la verdad y la reparaci\u00f3n de las v\u00edctimas de los delitos.\",\"publisher\":{\"@id\":\"https:\/\/www.fiscalia.gov.co\/colombia\/#organization\"},\"potentialAction\":[{\"@type\":\"SearchAction\",\"target\":{\"@type\":\"EntryPoint\",\"urlTemplate\":\"https:\/\/www.fiscalia.gov.co\/colombia\/?s={search_term_string}\"},\"query-input\":{\"@type\":\"PropertyValueSpecification\",\"valueRequired\":true,\"valueName\":\"search_term_string\"}}],\"inLanguage\":\"es-CO\"},{\"@type\":\"Organization\",\"@id\":\"https:\/\/www.fiscalia.gov.co\/colombia\/#organization\",\"name\":\"Fiscal\u00eda General de la Naci\u00f3n\",\"url\":\"https:\/\/www.fiscalia.gov.co\/colombia\/\",\"logo\":{\"@type\":\"ImageObject\",\"inLanguage\":\"es-CO\",\"@id\":\"https:\/\/www.fiscalia.gov.co\/colombia\/#\/schema\/logo\/image\/\",\"url\":\"https:\/\/www.fiscalia.gov.co\/colombia\/wp-content\/uploads\/LogoHorizontal_1.jpg\",\"contentUrl\":\"https:\/\/www.fiscalia.gov.co\/colombia\/wp-content\/uploads\/LogoHorizontal_1.jpg\",\"width\":300,\"height\":90,\"caption\":\"Fiscal\u00eda General de la Naci\u00f3n\"},\"image\":{\"@id\":\"https:\/\/www.fiscalia.gov.co\/colombia\/#\/schema\/logo\/image\/\"},\"sameAs\":[\"https:\/\/www.facebook.com\/FiscaliaCol\",\"https:\/\/x.com\/FiscaliaCol\",\"https:\/\/www.instagram.com\/fiscaliacol\",\"https:\/\/www.linkedin.com\/company\/fiscalia-general-de-la-naci-n\/\",\"https:\/\/youtube.com\/@fiscaliageneraldelanacion-4668?si=6nN79nyQICPU5iTh\"]},{\"@type\":\"Person\",\"@id\":\"https:\/\/www.fiscalia.gov.co\/colombia\/#\/schema\/person\/6be81acb78add0abcbda2c598c1d53e1\",\"name\":\"Lesly Katherine Segura Camargo.\",\"image\":{\"@type\":\"ImageObject\",\"inLanguage\":\"es-CO\",\"@id\":\"https:\/\/www.fiscalia.gov.co\/colombia\/#\/schema\/person\/image\/\",\"url\":\"https:\/\/secure.gravatar.com\/avatar\/1892091c53ef3b9c2fcb37ca6066e439?s=96&d=mm&r=g\",\"contentUrl\":\"https:\/\/secure.gravatar.com\/avatar\/1892091c53ef3b9c2fcb37ca6066e439?s=96&d=mm&r=g\",\"caption\":\"Lesly Katherine Segura Camargo.\"},\"url\":\"https:\/\/www.fiscalia.gov.co\/colombia\/author\/lesly-segura\/\"}]}<\/script>\n<!-- \/ Yoast SEO plugin. -->","yoast_head_json":{"title":"Fiscal\u00eda General de la Naci\u00f3n","description":"P\u00e1gina oficial de la Fiscal\u00eda General de la Naci\u00f3n \u2013 Colombia. Garantizamos el acceso efectivo a la justicia, la verdad y la reparaci\u00f3n de las v\u00edctimas de los delitos.","robots":{"index":"noindex","follow":"follow"},"og_locale":"es_ES","og_type":"article","og_title":"Fiscal\u00eda General de la Naci\u00f3n","og_description":"P\u00e1gina oficial de la Fiscal\u00eda General de la Naci\u00f3n \u2013 Colombia. Garantizamos el acceso efectivo a la justicia, la verdad y la reparaci\u00f3n de las v\u00edctimas de los delitos.","og_url":"https:\/\/www.fiscalia.gov.co\/colombia\/noticias\/a-prision-alias-la-gorra-presunto-cabecilla-del-clan-del-golfo-quien-habria-ordenado-el-desplazamiento-de-500-familias-en-el-pacifico\/","og_site_name":"Fiscal\u00eda General de la Naci\u00f3n","article_publisher":"https:\/\/www.facebook.com\/FiscaliaCol","article_published_time":"2024-01-31T18:06:24+00:00","og_image":[{"url":"https:\/\/www.fiscalia.gov.co\/colombia\/wp-content\/uploads\/WhatsApp-Image-2024-01-31-at-10.01.17-AM-284x300.jpeg","type":"","width":"","height":""}],"author":"Lesly Katherine Segura Camargo.","twitter_card":"summary_large_image","twitter_creator":"@FiscaliaCol","twitter_site":"@FiscaliaCol","twitter_misc":{"Escrito por":"Lesly Katherine Segura Camargo.","Tiempo de lectura":"2 minutos"},"schema":{"@context":"https:\/\/schema.org","@graph":[{"@type":"Article","@id":"https:\/\/www.fiscalia.gov.co\/colombia\/noticias\/a-prision-alias-la-gorra-presunto-cabecilla-del-clan-del-golfo-quien-habria-ordenado-el-desplazamiento-de-500-familias-en-el-pacifico\/#article","isPartOf":{"@id":"https:\/\/www.fiscalia.gov.co\/colombia\/noticias\/a-prision-alias-la-gorra-presunto-cabecilla-del-clan-del-golfo-quien-habria-ordenado-el-desplazamiento-de-500-familias-en-el-pacifico\/"},"author":{"name":"Lesly Katherine Segura Camargo.","@id":"https:\/\/www.fiscalia.gov.co\/colombia\/#\/schema\/person\/6be81acb78add0abcbda2c598c1d53e1"},"headline":"A prisi\u00f3n alias La Gorra, presunto cabecilla del \u2018Clan del Golfo\u2019, quien habr\u00eda ordenado el desplazamiento de 500 familias en el Pac\u00edfico","datePublished":"2024-01-31T18:06:24+00:00","dateModified":"2024-01-31T18:06:24+00:00","mainEntityOfPage":{"@id":"https:\/\/www.fiscalia.gov.co\/colombia\/noticias\/a-prision-alias-la-gorra-presunto-cabecilla-del-clan-del-golfo-quien-habria-ordenado-el-desplazamiento-de-500-familias-en-el-pacifico\/"},"wordCount":379,"publisher":{"@id":"https:\/\/www.fiscalia.gov.co\/colombia\/#organization"},"image":{"@id":"https:\/\/www.fiscalia.gov.co\/colombia\/noticias\/a-prision-alias-la-gorra-presunto-cabecilla-del-clan-del-golfo-quien-habria-ordenado-el-desplazamiento-de-500-familias-en-el-pacifico\/#primaryimage"},"thumbnailUrl":"https:\/\/www.fiscalia.gov.co\/colombia\/wp-content\/uploads\/WhatsApp-Image-2024-01-31-at-10.01.17-AM-284x300.jpeg","keywords":["Clan del Golfo","Desplazamiento","Fiscal General de la Naci\u00f3n","Fiscal General de la Naci\u00f3n Francisco Barbosa Delgado","Fiscal\u00eda Colombia","Seccional Cali"],"articleSection":["Noticias","Seccional Cali","Seccionales","Seguridad territorial"],"inLanguage":"es-CO"},{"@type":"WebPage","@id":"https:\/\/www.fiscalia.gov.co\/colombia\/noticias\/a-prision-alias-la-gorra-presunto-cabecilla-del-clan-del-golfo-quien-habria-ordenado-el-desplazamiento-de-500-familias-en-el-pacifico\/","url":"https:\/\/www.fiscalia.gov.co\/colombia\/noticias\/a-prision-alias-la-gorra-presunto-cabecilla-del-clan-del-golfo-quien-habria-ordenado-el-desplazamiento-de-500-familias-en-el-pacifico\/","name":"Fiscal\u00eda General de la Naci\u00f3n","isPartOf":{"@id":"https:\/\/www.fiscalia.gov.co\/colombia\/#website"},"primaryImageOfPage":{"@id":"https:\/\/www.fiscalia.gov.co\/colombia\/noticias\/a-prision-alias-la-gorra-presunto-cabecilla-del-clan-del-golfo-quien-habria-ordenado-el-desplazamiento-de-500-familias-en-el-pacifico\/#primaryimage"},"image":{"@id":"https:\/\/www.fiscalia.gov.co\/colombia\/noticias\/a-prision-alias-la-gorra-presunto-cabecilla-del-clan-del-golfo-quien-habria-ordenado-el-desplazamiento-de-500-familias-en-el-pacifico\/#primaryimage"},"thumbnailUrl":"https:\/\/www.fiscalia.gov.co\/colombia\/wp-content\/uploads\/WhatsApp-Image-2024-01-31-at-10.01.17-AM-284x300.jpeg","datePublished":"2024-01-31T18:06:24+00:00","dateModified":"2024-01-31T18:06:24+00:00","description":"P\u00e1gina oficial de la Fiscal\u00eda General de la Naci\u00f3n \u2013 Colombia. Garantizamos el acceso efectivo a la justicia, la verdad y la reparaci\u00f3n de las v\u00edctimas de los delitos.","breadcrumb":{"@id":"https:\/\/www.fiscalia.gov.co\/colombia\/noticias\/a-prision-alias-la-gorra-presunto-cabecilla-del-clan-del-golfo-quien-habria-ordenado-el-desplazamiento-de-500-familias-en-el-pacifico\/#breadcrumb"},"inLanguage":"es-CO","potentialAction":[{"@type":"ReadAction","target":["https:\/\/www.fiscalia.gov.co\/colombia\/noticias\/a-prision-alias-la-gorra-presunto-cabecilla-del-clan-del-golfo-quien-habria-ordenado-el-desplazamiento-de-500-familias-en-el-pacifico\/"]}]},{"@type":"ImageObject","inLanguage":"es-CO","@id":"https:\/\/www.fiscalia.gov.co\/colombia\/noticias\/a-prision-alias-la-gorra-presunto-cabecilla-del-clan-del-golfo-quien-habria-ordenado-el-desplazamiento-de-500-familias-en-el-pacifico\/#primaryimage","url":"https:\/\/www.fiscalia.gov.co\/colombia\/wp-content\/uploads\/WhatsApp-Image-2024-01-31-at-10.01.17-AM-284x300.jpeg","contentUrl":"https:\/\/www.fiscalia.gov.co\/colombia\/wp-content\/uploads\/WhatsApp-Image-2024-01-31-at-10.01.17-AM-284x300.jpeg"},{"@type":"BreadcrumbList","@id":"https:\/\/www.fiscalia.gov.co\/colombia\/noticias\/a-prision-alias-la-gorra-presunto-cabecilla-del-clan-del-golfo-quien-habria-ordenado-el-desplazamiento-de-500-familias-en-el-pacifico\/#breadcrumb","itemListElement":[{"@type":"ListItem","position":1,"name":"Home","item":"https:\/\/www.fiscalia.gov.co\/colombia\/"},{"@type":"ListItem","position":2,"name":"A prisi\u00f3n alias La Gorra, presunto cabecilla del \u2018Clan del Golfo\u2019, quien habr\u00eda ordenado el desplazamiento de 500 familias en el Pac\u00edfico"}]},{"@type":"WebSite","@id":"https:\/\/www.fiscalia.gov.co\/colombia\/#website","url":"https:\/\/www.fiscalia.gov.co\/colombia\/","name":"Fiscal\u00eda General de la Naci\u00f3n","description":"P\u00e1gina oficial de la Fiscal\u00eda General de la Naci\u00f3n \u2013 Colombia. Garantizamos el acceso efectivo a la justicia, la verdad y la reparaci\u00f3n de las v\u00edctimas de los delitos.","publisher":{"@id":"https:\/\/www.fiscalia.gov.co\/colombia\/#organization"},"potentialAction":[{"@type":"SearchAction","target":{"@type":"EntryPoint","urlTemplate":"https:\/\/www.fiscalia.gov.co\/colombia\/?s={search_term_string}"},"query-input":{"@type":"PropertyValueSpecification","valueRequired":true,"valueName":"search_term_string"}}],"inLanguage":"es-CO"},{"@type":"Organization","@id":"https:\/\/www.fiscalia.gov.co\/colombia\/#organization","name":"Fiscal\u00eda General de la Naci\u00f3n","url":"https:\/\/www.fiscalia.gov.co\/colombia\/","logo":{"@type":"ImageObject","inLanguage":"es-CO","@id":"https:\/\/www.fiscalia.gov.co\/colombia\/#\/schema\/logo\/image\/","url":"https:\/\/www.fiscalia.gov.co\/colombia\/wp-content\/uploads\/LogoHorizontal_1.jpg","contentUrl":"https:\/\/www.fiscalia.gov.co\/colombia\/wp-content\/uploads\/LogoHorizontal_1.jpg","width":300,"height":90,"caption":"Fiscal\u00eda General de la Naci\u00f3n"},"image":{"@id":"https:\/\/www.fiscalia.gov.co\/colombia\/#\/schema\/logo\/image\/"},"sameAs":["https:\/\/www.facebook.com\/FiscaliaCol","https:\/\/x.com\/FiscaliaCol","https:\/\/www.instagram.com\/fiscaliacol","https:\/\/www.linkedin.com\/company\/fiscalia-general-de-la-naci-n\/","https:\/\/youtube.com\/@fiscaliageneraldelanacion-4668?si=6nN79nyQICPU5iTh"]},{"@type":"Person","@id":"https:\/\/www.fiscalia.gov.co\/colombia\/#\/schema\/person\/6be81acb78add0abcbda2c598c1d53e1","name":"Lesly Katherine Segura Camargo.","image":{"@type":"ImageObject","inLanguage":"es-CO","@id":"https:\/\/www.fiscalia.gov.co\/colombia\/#\/schema\/person\/image\/","url":"https:\/\/secure.gravatar.com\/avatar\/1892091c53ef3b9c2fcb37ca6066e439?s=96&d=mm&r=g","contentUrl":"https:\/\/secure.gravatar.com\/avatar\/1892091c53ef3b9c2fcb37ca6066e439?s=96&d=mm&r=g","caption":"Lesly Katherine Segura Camargo."},"url":"https:\/\/www.fiscalia.gov.co\/colombia\/author\/lesly-segura\/"}]}},"_links":{"self":[{"href":"https:\/\/www.fiscalia.gov.co\/colombia\/wp-json\/wp\/v2\/posts\/287234","targetHints":{"allow":["GET"]}}],"collection":[{"href":"https:\/\/www.fiscalia.gov.co\/colombia\/wp-json\/wp\/v2\/posts"}],"about":[{"href":"https:\/\/www.fiscalia.gov.co\/colombia\/wp-json\/wp\/v2\/types\/post"}],"author":[{"embeddable":true,"href":"https:\/\/www.fiscalia.gov.co\/colombia\/wp-json\/wp\/v2\/users\/179"}],"replies":[{"embeddable":true,"href":"https:\/\/www.fiscalia.gov.co\/colombia\/wp-json\/wp\/v2\/comments?post=287234"}],"version-history":[{"count":1,"href":"https:\/\/www.fiscalia.gov.co\/colombia\/wp-json\/wp\/v2\/posts\/287234\/revisions"}],"predecessor-version":[{"id":287236,"href":"https:\/\/www.fiscalia.gov.co\/colombia\/wp-json\/wp\/v2\/posts\/287234\/revisions\/287236"}],"wp:attachment":[{"href":"https:\/\/www.fiscalia.gov.co\/colombia\/wp-json\/wp\/v2\/media?parent=287234"}],"wp:term":[{"taxonomy":"category","embeddable":true,"href":"https:\/\/www.fiscalia.gov.co\/colombia\/wp-json\/wp\/v2\/categories?post=287234"},{"taxonomy":"post_tag","embeddable":true,"href":"https:\/\/www.fiscalia.gov.co\/colombia\/wp-json\/wp\/v2\/tags?post=287234"}],"curies":[{"name":"wp","href":"https:\/\/api.w.org\/{rel}","templated":true}]}}