{"id":287059,"date":"2024-01-29T15:32:26","date_gmt":"2024-01-29T20:32:26","guid":{"rendered":"https:\/\/www.fiscalia.gov.co\/colombia\/?p=287059"},"modified":"2024-02-07T15:50:01","modified_gmt":"2024-02-07T20:50:01","slug":"a-la-carcel-ocho-presuntos-integrantes-de-subestructura-clan-del-golfo-senalados-de-cometer-multiples-homicidios-en-cartagena","status":"publish","type":"post","link":"https:\/\/www.fiscalia.gov.co\/colombia\/noticias\/a-la-carcel-ocho-presuntos-integrantes-de-subestructura-clan-del-golfo-senalados-de-cometer-multiples-homicidios-en-cartagena\/","title":{"rendered":"A la c\u00e1rcel ocho presuntos integrantes de subestructura &#8216;Clan del Golfo&#8217;, se\u00f1alados de cometer m\u00faltiples homicidios en Cartagena"},"content":{"rendered":"<p>Por solicitud de una fiscal adscrita a la Seccional Bol\u00edvar, un juez de control de garant\u00edas impuso medida de aseguramiento en contra de ocho presuntos integrantes de la subestructura H\u00e9roes del Caribe del &#8216;Clan del Golfo&#8217;, que delinque en la ciudad de Cartagena (Bol\u00edvar).<\/p>\n<figure id=\"attachment_287060\" aria-describedby=\"caption-attachment-287060\" style=\"width: 696px\" class=\"wp-caption aligncenter\"><img loading=\"lazy\" decoding=\"async\" class=\"size-large wp-image-287060\" src=\"https:\/\/www.fiscalia.gov.co\/colombia\/wp-content\/uploads\/Foto-boletin-26-de-enero-Clan-del-Golfo-1024x530.jpeg\" alt=\"En la fotograf\u00eda aparecen una mujer y seis hombres, uno est\u00e1 sentado en sillas de ruedas; se encuentran custodiados por dos agentes de la Polic\u00eda Nacional. Delante de ellos hay una mesa donde est\u00e1n las armas y un celular incautado.\" width=\"696\" height=\"360\" srcset=\"https:\/\/www.fiscalia.gov.co\/colombia\/wp-content\/uploads\/Foto-boletin-26-de-enero-Clan-del-Golfo-1024x530.jpeg 1024w, https:\/\/www.fiscalia.gov.co\/colombia\/wp-content\/uploads\/Foto-boletin-26-de-enero-Clan-del-Golfo-300x155.jpeg 300w, https:\/\/www.fiscalia.gov.co\/colombia\/wp-content\/uploads\/Foto-boletin-26-de-enero-Clan-del-Golfo-768x397.jpeg 768w, https:\/\/www.fiscalia.gov.co\/colombia\/wp-content\/uploads\/Foto-boletin-26-de-enero-Clan-del-Golfo-1536x795.jpeg 1536w, https:\/\/www.fiscalia.gov.co\/colombia\/wp-content\/uploads\/Foto-boletin-26-de-enero-Clan-del-Golfo-696x360.jpeg 696w, https:\/\/www.fiscalia.gov.co\/colombia\/wp-content\/uploads\/Foto-boletin-26-de-enero-Clan-del-Golfo-1068x553.jpeg 1068w, https:\/\/www.fiscalia.gov.co\/colombia\/wp-content\/uploads\/Foto-boletin-26-de-enero-Clan-del-Golfo-812x420.jpeg 812w, https:\/\/www.fiscalia.gov.co\/colombia\/wp-content\/uploads\/Foto-boletin-26-de-enero-Clan-del-Golfo.jpeg 1600w\" sizes=\"auto, (max-width: 696px) 100vw, 696px\" \/><figcaption id=\"caption-attachment-287060\" class=\"wp-caption-text\">Los procesados fueron capturados por la Polic\u00eda Nacional en operativos realizados en Cartagena (Bol\u00edvar) y en el municipio de Ponedera (Atl\u00e1ntico)<\/figcaption><\/figure>\n<p>De acuerdo con la investigaci\u00f3n adelantada, se estableci\u00f3 que los hoy procesados, al parecer,\u00a0 estar\u00edan dedicados a la ejecuci\u00f3n de homicidios en la modalidad de sicariato, tr\u00e1fico de armas de fuego y venta o comercializaci\u00f3n de estupefacientes en diferentes sectores del departamento de Bol\u00edvar.<\/p>\n<p>En ese sentido, la Fiscal\u00eda resolvi\u00f3 13 hechos violentos ocurridos en Cartagena entre el 2022 y 2023, en lugares como La Candelaria, Las Palmeras, la Bomba del Gallo, El Poz\u00f3n, Bruselas, Espa\u00f1a, Rep\u00fablica de Chile, Olaya Herrera y La Princesa.<\/p>\n<p>Seis de los procesados fueron capturados en medio de diligencias de allanamiento el 12 de diciembre de 2023 por uniformados de la Polic\u00eda Nacional en Cartagena y en el municipio de Ponedera (Atl\u00e1ntico).<\/p>\n<p>Los afectados con las medidas son, Miguel \u00c1ngel G\u00f3mez Mart\u00ednez, alias Miguel Pote; Alexander de Zubiria Bedoya, alias Alexito Medallo; Arleidis Fl\u00f3rez L\u00e1zaro, Jhonathan Andr\u00e9s Luna Cervantes, alias Boaya y \u00c1ngel Gabriel Burgos Moreno, quienes quedaron asegurados en centros carcelarios. Por su parte, Roiser Benavides Villadiego, alias Roiser; fue asegurado en lugar en lugar de domicilio.<\/p>\n<p>Asimismo, fueron notificados en centro carcelario Nilson Dami\u00e1n \u00c1lvarez Ceballos y Frander V\u00edctor Correa, alias Frander, quienes ya se encuentran privados de la libertad por otros delitos.<\/p>\n<p>Durante la diligencia judicial, las autoridades les incautaron\u00a0dos armas de fuego, 15 cartuchos calibre 38 y un celular.<\/p>\n<p>En el desarrollo de las audiencias preliminares, la Fiscal\u00eda\u00a0 les imput\u00f3 los delitos de homicidio agravado, concierto para delinquir, tentativa de homicidio, tr\u00e1fico, fabricaci\u00f3n o porte de estupefacientes, tr\u00e1fico, fabricaci\u00f3n o porte de arma de fuego y lesiones personales.\u00a0 Ninguno acept\u00f3 los cargos.<\/p>\n<p>Esta informaci\u00f3n se publica por razones de inter\u00e9s general.<\/p>\n<p><b><u>La Fiscal\u00eda habla con resultados.<\/u><\/b><\/p>\n<p>&nbsp;<\/p>\n<p>&nbsp;<\/p>\n<p>&nbsp;<\/p>\n<p>&nbsp;<\/p>\n<p>&nbsp;<\/p>\n<p>&nbsp;<\/p>\n<p>MEVA\/MG\/ICHS\/DSB<\/p>\n<p>&nbsp;<\/p>\n<p align=\"center\"><b><u>\u00a0<\/u><\/b><\/p>\n<p>&nbsp;<\/p>\n<p><b><u>\u00a0<\/u><\/b><\/p>\n<p><i>La informaci\u00f3n contenida en este bolet\u00edn de prensa corresponde a la narraci\u00f3n de los hechos noticiosos objetivos, suministrados por los funcionarios encargados de adelantar las investigaciones penales al interior de la Fiscal\u00eda General de la Naci\u00f3n. Para el momento de la divulgaci\u00f3n de este comunicado, la situaci\u00f3n jur\u00eddica de la(s) persona(s) relacionada(s) se encuentra pendiente de resolver por la autoridad judicial competente, siempre bajo los preceptos de la presunci\u00f3n de inocencia, consagrados en el art\u00edculo 29 de la Constituci\u00f3n Pol\u00edtica y el art\u00edculo 7\u00ba de la Ley 906 de 2004.<\/i><\/p>\n\n<div class=\"twitter-share\"><a href=\"https:\/\/twitter.com\/intent\/tweet?via=fiscaliacol\" class=\"twitter-share-button\">Tweet<\/a><\/div>\n","protected":false},"excerpt":{"rendered":"<p>Por solicitud de una fiscal adscrita a la Seccional Bol\u00edvar, un juez de control de garant\u00edas impuso medida de aseguramiento en contra de ocho presuntos integrantes de la subestructura H\u00e9roes del Caribe del &#8216;Clan del Golfo&#8217;, que delinque en la ciudad de Cartagena (Bol\u00edvar). De acuerdo con la investigaci\u00f3n adelantada, se estableci\u00f3 que los hoy [&hellip;]<\/p>\n","protected":false},"author":177,"featured_media":0,"comment_status":"closed","ping_status":"open","sticky":false,"template":"","format":"video","meta":{"_price":"","_stock":"","_tribe_ticket_header":"","_tribe_default_ticket_provider":"","_tribe_ticket_capacity":"0","_ticket_start_date":"","_ticket_end_date":"","_tribe_ticket_show_description":"","_tribe_ticket_show_not_going":false,"_tribe_ticket_use_global_stock":"","_tribe_ticket_global_stock_level":"","_global_stock_mode":"","_global_stock_cap":"","_tribe_rsvp_for_event":"","_tribe_ticket_going_count":"","_tribe_ticket_not_going_count":"","_tribe_tickets_list":"[]","_tribe_ticket_has_attendee_info_fields":false,"tdm_status":"","tdm_grid_status":"","footnotes":""},"categories":[1,325,303,24099],"tags":[14550,23819,23998,18672,83,24187,1047,36764,5187,558,24914,155],"class_list":{"0":"post-287059","1":"post","2":"type-post","3":"status-publish","4":"format-video","6":"category-noticias","7":"category-seccional-cartagena","8":"category-seccionales","9":"category-seguridad-territorial","10":"tag-carcel","11":"tag-cartagena","12":"tag-cartagena-bolivar","13":"tag-clan-del-golfo","14":"tag-concierto-para-delinquir","15":"tag-fiscalia-colombia","16":"tag-fiscalia-general-de-la-nacion","17":"tag-heroes-del-caribe","18":"tag-homicidios","19":"tag-policia-nacional","20":"tag-porte-de-arma","21":"tag-trafico-de-estupefacientes","22":"post_format-post-format-video"},"yoast_head":"<!-- This site is optimized with the Yoast SEO plugin v24.3 - https:\/\/yoast.com\/wordpress\/plugins\/seo\/ -->\n<title>Fiscal\u00eda General de la Naci\u00f3n<\/title>\n<meta name=\"description\" content=\"P\u00e1gina oficial de la Fiscal\u00eda General de la Naci\u00f3n \u2013 Colombia. Garantizamos el acceso efectivo a la justicia, la verdad y la reparaci\u00f3n de las v\u00edctimas de los delitos.\" \/>\n<meta name=\"robots\" content=\"noindex, follow\" \/>\n<meta property=\"og:locale\" content=\"es_ES\" \/>\n<meta property=\"og:type\" content=\"article\" \/>\n<meta property=\"og:title\" content=\"Fiscal\u00eda General de la Naci\u00f3n\" \/>\n<meta property=\"og:description\" content=\"P\u00e1gina oficial de la Fiscal\u00eda General de la Naci\u00f3n \u2013 Colombia. Garantizamos el acceso efectivo a la justicia, la verdad y la reparaci\u00f3n de las v\u00edctimas de los delitos.\" \/>\n<meta property=\"og:url\" content=\"https:\/\/www.fiscalia.gov.co\/colombia\/noticias\/a-la-carcel-ocho-presuntos-integrantes-de-subestructura-clan-del-golfo-senalados-de-cometer-multiples-homicidios-en-cartagena\/\" \/>\n<meta property=\"og:site_name\" content=\"Fiscal\u00eda General de la Naci\u00f3n\" \/>\n<meta property=\"article:publisher\" content=\"https:\/\/www.facebook.com\/FiscaliaCol\" \/>\n<meta property=\"article:published_time\" content=\"2024-01-29T20:32:26+00:00\" \/>\n<meta property=\"article:modified_time\" content=\"2024-02-07T20:50:01+00:00\" \/>\n<meta property=\"og:image\" content=\"https:\/\/www.fiscalia.gov.co\/colombia\/wp-content\/uploads\/Foto-boletin-26-de-enero-Clan-del-Golfo-1024x530.jpeg\" \/>\n<meta name=\"author\" content=\"Jordan Leandro Oviedo Anzola\" \/>\n<meta name=\"twitter:card\" content=\"summary_large_image\" \/>\n<meta name=\"twitter:creator\" content=\"@FiscaliaCol\" \/>\n<meta name=\"twitter:site\" content=\"@FiscaliaCol\" \/>\n<meta name=\"twitter:label1\" content=\"Escrito por\" \/>\n\t<meta name=\"twitter:data1\" content=\"Jordan Leandro Oviedo Anzola\" \/>\n\t<meta name=\"twitter:label2\" content=\"Tiempo de lectura\" \/>\n\t<meta name=\"twitter:data2\" content=\"3 minutos\" \/>\n<script type=\"application\/ld+json\" class=\"yoast-schema-graph\">{\"@context\":\"https:\/\/schema.org\",\"@graph\":[{\"@type\":\"Article\",\"@id\":\"https:\/\/www.fiscalia.gov.co\/colombia\/noticias\/a-la-carcel-ocho-presuntos-integrantes-de-subestructura-clan-del-golfo-senalados-de-cometer-multiples-homicidios-en-cartagena\/#article\",\"isPartOf\":{\"@id\":\"https:\/\/www.fiscalia.gov.co\/colombia\/noticias\/a-la-carcel-ocho-presuntos-integrantes-de-subestructura-clan-del-golfo-senalados-de-cometer-multiples-homicidios-en-cartagena\/\"},\"author\":{\"name\":\"Jordan Leandro Oviedo Anzola\",\"@id\":\"https:\/\/www.fiscalia.gov.co\/colombia\/#\/schema\/person\/bf84402cf293a5393e9c70b111020b24\"},\"headline\":\"A la c\u00e1rcel ocho presuntos integrantes de subestructura &#8216;Clan del Golfo&#8217;, se\u00f1alados de cometer m\u00faltiples homicidios en Cartagena\",\"datePublished\":\"2024-01-29T20:32:26+00:00\",\"dateModified\":\"2024-02-07T20:50:01+00:00\",\"mainEntityOfPage\":{\"@id\":\"https:\/\/www.fiscalia.gov.co\/colombia\/noticias\/a-la-carcel-ocho-presuntos-integrantes-de-subestructura-clan-del-golfo-senalados-de-cometer-multiples-homicidios-en-cartagena\/\"},\"wordCount\":510,\"publisher\":{\"@id\":\"https:\/\/www.fiscalia.gov.co\/colombia\/#organization\"},\"image\":{\"@id\":\"https:\/\/www.fiscalia.gov.co\/colombia\/noticias\/a-la-carcel-ocho-presuntos-integrantes-de-subestructura-clan-del-golfo-senalados-de-cometer-multiples-homicidios-en-cartagena\/#primaryimage\"},\"thumbnailUrl\":\"https:\/\/www.fiscalia.gov.co\/colombia\/wp-content\/uploads\/Foto-boletin-26-de-enero-Clan-del-Golfo-1024x530.jpeg\",\"keywords\":[\"C\u00e1rcel\",\"Cartagena\",\"Cartagena (Bol\u00edvar)\",\"Clan del Golfo\",\"Concierto para delinquir\",\"Fiscal\u00eda Colombia\",\"Fiscal\u00eda General de la Naci\u00f3n\",\"H\u00e9roes del Caribe\",\"Homicidios\",\"Polic\u00eda Nacional\",\"porte de arma\",\"Tr\u00e1fico de estupefacientes\"],\"articleSection\":[\"Noticias\",\"Seccional Cartagena\",\"Seccionales\",\"Seguridad territorial\"],\"inLanguage\":\"es-CO\"},{\"@type\":\"WebPage\",\"@id\":\"https:\/\/www.fiscalia.gov.co\/colombia\/noticias\/a-la-carcel-ocho-presuntos-integrantes-de-subestructura-clan-del-golfo-senalados-de-cometer-multiples-homicidios-en-cartagena\/\",\"url\":\"https:\/\/www.fiscalia.gov.co\/colombia\/noticias\/a-la-carcel-ocho-presuntos-integrantes-de-subestructura-clan-del-golfo-senalados-de-cometer-multiples-homicidios-en-cartagena\/\",\"name\":\"Fiscal\u00eda General de la Naci\u00f3n\",\"isPartOf\":{\"@id\":\"https:\/\/www.fiscalia.gov.co\/colombia\/#website\"},\"primaryImageOfPage\":{\"@id\":\"https:\/\/www.fiscalia.gov.co\/colombia\/noticias\/a-la-carcel-ocho-presuntos-integrantes-de-subestructura-clan-del-golfo-senalados-de-cometer-multiples-homicidios-en-cartagena\/#primaryimage\"},\"image\":{\"@id\":\"https:\/\/www.fiscalia.gov.co\/colombia\/noticias\/a-la-carcel-ocho-presuntos-integrantes-de-subestructura-clan-del-golfo-senalados-de-cometer-multiples-homicidios-en-cartagena\/#primaryimage\"},\"thumbnailUrl\":\"https:\/\/www.fiscalia.gov.co\/colombia\/wp-content\/uploads\/Foto-boletin-26-de-enero-Clan-del-Golfo-1024x530.jpeg\",\"datePublished\":\"2024-01-29T20:32:26+00:00\",\"dateModified\":\"2024-02-07T20:50:01+00:00\",\"description\":\"P\u00e1gina oficial de la Fiscal\u00eda General de la Naci\u00f3n \u2013 Colombia. Garantizamos el acceso efectivo a la justicia, la verdad y la reparaci\u00f3n de las v\u00edctimas de los delitos.\",\"breadcrumb\":{\"@id\":\"https:\/\/www.fiscalia.gov.co\/colombia\/noticias\/a-la-carcel-ocho-presuntos-integrantes-de-subestructura-clan-del-golfo-senalados-de-cometer-multiples-homicidios-en-cartagena\/#breadcrumb\"},\"inLanguage\":\"es-CO\",\"potentialAction\":[{\"@type\":\"ReadAction\",\"target\":[\"https:\/\/www.fiscalia.gov.co\/colombia\/noticias\/a-la-carcel-ocho-presuntos-integrantes-de-subestructura-clan-del-golfo-senalados-de-cometer-multiples-homicidios-en-cartagena\/\"]}]},{\"@type\":\"ImageObject\",\"inLanguage\":\"es-CO\",\"@id\":\"https:\/\/www.fiscalia.gov.co\/colombia\/noticias\/a-la-carcel-ocho-presuntos-integrantes-de-subestructura-clan-del-golfo-senalados-de-cometer-multiples-homicidios-en-cartagena\/#primaryimage\",\"url\":\"https:\/\/www.fiscalia.gov.co\/colombia\/wp-content\/uploads\/Foto-boletin-26-de-enero-Clan-del-Golfo-1024x530.jpeg\",\"contentUrl\":\"https:\/\/www.fiscalia.gov.co\/colombia\/wp-content\/uploads\/Foto-boletin-26-de-enero-Clan-del-Golfo-1024x530.jpeg\"},{\"@type\":\"BreadcrumbList\",\"@id\":\"https:\/\/www.fiscalia.gov.co\/colombia\/noticias\/a-la-carcel-ocho-presuntos-integrantes-de-subestructura-clan-del-golfo-senalados-de-cometer-multiples-homicidios-en-cartagena\/#breadcrumb\",\"itemListElement\":[{\"@type\":\"ListItem\",\"position\":1,\"name\":\"Home\",\"item\":\"https:\/\/www.fiscalia.gov.co\/colombia\/\"},{\"@type\":\"ListItem\",\"position\":2,\"name\":\"A la c\u00e1rcel ocho presuntos integrantes de subestructura &#8216;Clan del Golfo&#8217;, se\u00f1alados de cometer m\u00faltiples homicidios en Cartagena\"}]},{\"@type\":\"WebSite\",\"@id\":\"https:\/\/www.fiscalia.gov.co\/colombia\/#website\",\"url\":\"https:\/\/www.fiscalia.gov.co\/colombia\/\",\"name\":\"Fiscal\u00eda General de la Naci\u00f3n\",\"description\":\"P\u00e1gina oficial de la Fiscal\u00eda General de la Naci\u00f3n \u2013 Colombia. Garantizamos el acceso efectivo a la justicia, la verdad y la reparaci\u00f3n de las v\u00edctimas de los delitos.\",\"publisher\":{\"@id\":\"https:\/\/www.fiscalia.gov.co\/colombia\/#organization\"},\"potentialAction\":[{\"@type\":\"SearchAction\",\"target\":{\"@type\":\"EntryPoint\",\"urlTemplate\":\"https:\/\/www.fiscalia.gov.co\/colombia\/?s={search_term_string}\"},\"query-input\":{\"@type\":\"PropertyValueSpecification\",\"valueRequired\":true,\"valueName\":\"search_term_string\"}}],\"inLanguage\":\"es-CO\"},{\"@type\":\"Organization\",\"@id\":\"https:\/\/www.fiscalia.gov.co\/colombia\/#organization\",\"name\":\"Fiscal\u00eda General de la Naci\u00f3n\",\"url\":\"https:\/\/www.fiscalia.gov.co\/colombia\/\",\"logo\":{\"@type\":\"ImageObject\",\"inLanguage\":\"es-CO\",\"@id\":\"https:\/\/www.fiscalia.gov.co\/colombia\/#\/schema\/logo\/image\/\",\"url\":\"https:\/\/www.fiscalia.gov.co\/colombia\/wp-content\/uploads\/LogoHorizontal_1.jpg\",\"contentUrl\":\"https:\/\/www.fiscalia.gov.co\/colombia\/wp-content\/uploads\/LogoHorizontal_1.jpg\",\"width\":300,\"height\":90,\"caption\":\"Fiscal\u00eda General de la Naci\u00f3n\"},\"image\":{\"@id\":\"https:\/\/www.fiscalia.gov.co\/colombia\/#\/schema\/logo\/image\/\"},\"sameAs\":[\"https:\/\/www.facebook.com\/FiscaliaCol\",\"https:\/\/x.com\/FiscaliaCol\",\"https:\/\/www.instagram.com\/fiscaliacol\",\"https:\/\/www.linkedin.com\/company\/fiscalia-general-de-la-naci-n\/\",\"https:\/\/youtube.com\/@fiscaliageneraldelanacion-4668?si=6nN79nyQICPU5iTh\"]},{\"@type\":\"Person\",\"@id\":\"https:\/\/www.fiscalia.gov.co\/colombia\/#\/schema\/person\/bf84402cf293a5393e9c70b111020b24\",\"name\":\"Jordan Leandro Oviedo Anzola\",\"image\":{\"@type\":\"ImageObject\",\"inLanguage\":\"es-CO\",\"@id\":\"https:\/\/www.fiscalia.gov.co\/colombia\/#\/schema\/person\/image\/\",\"url\":\"https:\/\/secure.gravatar.com\/avatar\/dabba4346fa9b9207d96adafa8f92721?s=96&d=mm&r=g\",\"contentUrl\":\"https:\/\/secure.gravatar.com\/avatar\/dabba4346fa9b9207d96adafa8f92721?s=96&d=mm&r=g\",\"caption\":\"Jordan Leandro Oviedo Anzola\"},\"url\":\"https:\/\/www.fiscalia.gov.co\/colombia\/author\/joviedo\/\"}]}<\/script>\n<!-- \/ Yoast SEO plugin. -->","yoast_head_json":{"title":"Fiscal\u00eda General de la Naci\u00f3n","description":"P\u00e1gina oficial de la Fiscal\u00eda General de la Naci\u00f3n \u2013 Colombia. Garantizamos el acceso efectivo a la justicia, la verdad y la reparaci\u00f3n de las v\u00edctimas de los delitos.","robots":{"index":"noindex","follow":"follow"},"og_locale":"es_ES","og_type":"article","og_title":"Fiscal\u00eda General de la Naci\u00f3n","og_description":"P\u00e1gina oficial de la Fiscal\u00eda General de la Naci\u00f3n \u2013 Colombia. Garantizamos el acceso efectivo a la justicia, la verdad y la reparaci\u00f3n de las v\u00edctimas de los delitos.","og_url":"https:\/\/www.fiscalia.gov.co\/colombia\/noticias\/a-la-carcel-ocho-presuntos-integrantes-de-subestructura-clan-del-golfo-senalados-de-cometer-multiples-homicidios-en-cartagena\/","og_site_name":"Fiscal\u00eda General de la Naci\u00f3n","article_publisher":"https:\/\/www.facebook.com\/FiscaliaCol","article_published_time":"2024-01-29T20:32:26+00:00","article_modified_time":"2024-02-07T20:50:01+00:00","og_image":[{"url":"https:\/\/www.fiscalia.gov.co\/colombia\/wp-content\/uploads\/Foto-boletin-26-de-enero-Clan-del-Golfo-1024x530.jpeg","type":"","width":"","height":""}],"author":"Jordan Leandro Oviedo Anzola","twitter_card":"summary_large_image","twitter_creator":"@FiscaliaCol","twitter_site":"@FiscaliaCol","twitter_misc":{"Escrito por":"Jordan Leandro Oviedo Anzola","Tiempo de lectura":"3 minutos"},"schema":{"@context":"https:\/\/schema.org","@graph":[{"@type":"Article","@id":"https:\/\/www.fiscalia.gov.co\/colombia\/noticias\/a-la-carcel-ocho-presuntos-integrantes-de-subestructura-clan-del-golfo-senalados-de-cometer-multiples-homicidios-en-cartagena\/#article","isPartOf":{"@id":"https:\/\/www.fiscalia.gov.co\/colombia\/noticias\/a-la-carcel-ocho-presuntos-integrantes-de-subestructura-clan-del-golfo-senalados-de-cometer-multiples-homicidios-en-cartagena\/"},"author":{"name":"Jordan Leandro Oviedo Anzola","@id":"https:\/\/www.fiscalia.gov.co\/colombia\/#\/schema\/person\/bf84402cf293a5393e9c70b111020b24"},"headline":"A la c\u00e1rcel ocho presuntos integrantes de subestructura &#8216;Clan del Golfo&#8217;, se\u00f1alados de cometer m\u00faltiples homicidios en Cartagena","datePublished":"2024-01-29T20:32:26+00:00","dateModified":"2024-02-07T20:50:01+00:00","mainEntityOfPage":{"@id":"https:\/\/www.fiscalia.gov.co\/colombia\/noticias\/a-la-carcel-ocho-presuntos-integrantes-de-subestructura-clan-del-golfo-senalados-de-cometer-multiples-homicidios-en-cartagena\/"},"wordCount":510,"publisher":{"@id":"https:\/\/www.fiscalia.gov.co\/colombia\/#organization"},"image":{"@id":"https:\/\/www.fiscalia.gov.co\/colombia\/noticias\/a-la-carcel-ocho-presuntos-integrantes-de-subestructura-clan-del-golfo-senalados-de-cometer-multiples-homicidios-en-cartagena\/#primaryimage"},"thumbnailUrl":"https:\/\/www.fiscalia.gov.co\/colombia\/wp-content\/uploads\/Foto-boletin-26-de-enero-Clan-del-Golfo-1024x530.jpeg","keywords":["C\u00e1rcel","Cartagena","Cartagena (Bol\u00edvar)","Clan del Golfo","Concierto para delinquir","Fiscal\u00eda Colombia","Fiscal\u00eda General de la Naci\u00f3n","H\u00e9roes del Caribe","Homicidios","Polic\u00eda Nacional","porte de arma","Tr\u00e1fico de estupefacientes"],"articleSection":["Noticias","Seccional Cartagena","Seccionales","Seguridad territorial"],"inLanguage":"es-CO"},{"@type":"WebPage","@id":"https:\/\/www.fiscalia.gov.co\/colombia\/noticias\/a-la-carcel-ocho-presuntos-integrantes-de-subestructura-clan-del-golfo-senalados-de-cometer-multiples-homicidios-en-cartagena\/","url":"https:\/\/www.fiscalia.gov.co\/colombia\/noticias\/a-la-carcel-ocho-presuntos-integrantes-de-subestructura-clan-del-golfo-senalados-de-cometer-multiples-homicidios-en-cartagena\/","name":"Fiscal\u00eda General de la Naci\u00f3n","isPartOf":{"@id":"https:\/\/www.fiscalia.gov.co\/colombia\/#website"},"primaryImageOfPage":{"@id":"https:\/\/www.fiscalia.gov.co\/colombia\/noticias\/a-la-carcel-ocho-presuntos-integrantes-de-subestructura-clan-del-golfo-senalados-de-cometer-multiples-homicidios-en-cartagena\/#primaryimage"},"image":{"@id":"https:\/\/www.fiscalia.gov.co\/colombia\/noticias\/a-la-carcel-ocho-presuntos-integrantes-de-subestructura-clan-del-golfo-senalados-de-cometer-multiples-homicidios-en-cartagena\/#primaryimage"},"thumbnailUrl":"https:\/\/www.fiscalia.gov.co\/colombia\/wp-content\/uploads\/Foto-boletin-26-de-enero-Clan-del-Golfo-1024x530.jpeg","datePublished":"2024-01-29T20:32:26+00:00","dateModified":"2024-02-07T20:50:01+00:00","description":"P\u00e1gina oficial de la Fiscal\u00eda General de la Naci\u00f3n \u2013 Colombia. Garantizamos el acceso efectivo a la justicia, la verdad y la reparaci\u00f3n de las v\u00edctimas de los delitos.","breadcrumb":{"@id":"https:\/\/www.fiscalia.gov.co\/colombia\/noticias\/a-la-carcel-ocho-presuntos-integrantes-de-subestructura-clan-del-golfo-senalados-de-cometer-multiples-homicidios-en-cartagena\/#breadcrumb"},"inLanguage":"es-CO","potentialAction":[{"@type":"ReadAction","target":["https:\/\/www.fiscalia.gov.co\/colombia\/noticias\/a-la-carcel-ocho-presuntos-integrantes-de-subestructura-clan-del-golfo-senalados-de-cometer-multiples-homicidios-en-cartagena\/"]}]},{"@type":"ImageObject","inLanguage":"es-CO","@id":"https:\/\/www.fiscalia.gov.co\/colombia\/noticias\/a-la-carcel-ocho-presuntos-integrantes-de-subestructura-clan-del-golfo-senalados-de-cometer-multiples-homicidios-en-cartagena\/#primaryimage","url":"https:\/\/www.fiscalia.gov.co\/colombia\/wp-content\/uploads\/Foto-boletin-26-de-enero-Clan-del-Golfo-1024x530.jpeg","contentUrl":"https:\/\/www.fiscalia.gov.co\/colombia\/wp-content\/uploads\/Foto-boletin-26-de-enero-Clan-del-Golfo-1024x530.jpeg"},{"@type":"BreadcrumbList","@id":"https:\/\/www.fiscalia.gov.co\/colombia\/noticias\/a-la-carcel-ocho-presuntos-integrantes-de-subestructura-clan-del-golfo-senalados-de-cometer-multiples-homicidios-en-cartagena\/#breadcrumb","itemListElement":[{"@type":"ListItem","position":1,"name":"Home","item":"https:\/\/www.fiscalia.gov.co\/colombia\/"},{"@type":"ListItem","position":2,"name":"A la c\u00e1rcel ocho presuntos integrantes de subestructura &#8216;Clan del Golfo&#8217;, se\u00f1alados de cometer m\u00faltiples homicidios en Cartagena"}]},{"@type":"WebSite","@id":"https:\/\/www.fiscalia.gov.co\/colombia\/#website","url":"https:\/\/www.fiscalia.gov.co\/colombia\/","name":"Fiscal\u00eda General de la Naci\u00f3n","description":"P\u00e1gina oficial de la Fiscal\u00eda General de la Naci\u00f3n \u2013 Colombia. Garantizamos el acceso efectivo a la justicia, la verdad y la reparaci\u00f3n de las v\u00edctimas de los delitos.","publisher":{"@id":"https:\/\/www.fiscalia.gov.co\/colombia\/#organization"},"potentialAction":[{"@type":"SearchAction","target":{"@type":"EntryPoint","urlTemplate":"https:\/\/www.fiscalia.gov.co\/colombia\/?s={search_term_string}"},"query-input":{"@type":"PropertyValueSpecification","valueRequired":true,"valueName":"search_term_string"}}],"inLanguage":"es-CO"},{"@type":"Organization","@id":"https:\/\/www.fiscalia.gov.co\/colombia\/#organization","name":"Fiscal\u00eda General de la Naci\u00f3n","url":"https:\/\/www.fiscalia.gov.co\/colombia\/","logo":{"@type":"ImageObject","inLanguage":"es-CO","@id":"https:\/\/www.fiscalia.gov.co\/colombia\/#\/schema\/logo\/image\/","url":"https:\/\/www.fiscalia.gov.co\/colombia\/wp-content\/uploads\/LogoHorizontal_1.jpg","contentUrl":"https:\/\/www.fiscalia.gov.co\/colombia\/wp-content\/uploads\/LogoHorizontal_1.jpg","width":300,"height":90,"caption":"Fiscal\u00eda General de la Naci\u00f3n"},"image":{"@id":"https:\/\/www.fiscalia.gov.co\/colombia\/#\/schema\/logo\/image\/"},"sameAs":["https:\/\/www.facebook.com\/FiscaliaCol","https:\/\/x.com\/FiscaliaCol","https:\/\/www.instagram.com\/fiscaliacol","https:\/\/www.linkedin.com\/company\/fiscalia-general-de-la-naci-n\/","https:\/\/youtube.com\/@fiscaliageneraldelanacion-4668?si=6nN79nyQICPU5iTh"]},{"@type":"Person","@id":"https:\/\/www.fiscalia.gov.co\/colombia\/#\/schema\/person\/bf84402cf293a5393e9c70b111020b24","name":"Jordan Leandro Oviedo Anzola","image":{"@type":"ImageObject","inLanguage":"es-CO","@id":"https:\/\/www.fiscalia.gov.co\/colombia\/#\/schema\/person\/image\/","url":"https:\/\/secure.gravatar.com\/avatar\/dabba4346fa9b9207d96adafa8f92721?s=96&d=mm&r=g","contentUrl":"https:\/\/secure.gravatar.com\/avatar\/dabba4346fa9b9207d96adafa8f92721?s=96&d=mm&r=g","caption":"Jordan Leandro Oviedo Anzola"},"url":"https:\/\/www.fiscalia.gov.co\/colombia\/author\/joviedo\/"}]}},"_links":{"self":[{"href":"https:\/\/www.fiscalia.gov.co\/colombia\/wp-json\/wp\/v2\/posts\/287059","targetHints":{"allow":["GET"]}}],"collection":[{"href":"https:\/\/www.fiscalia.gov.co\/colombia\/wp-json\/wp\/v2\/posts"}],"about":[{"href":"https:\/\/www.fiscalia.gov.co\/colombia\/wp-json\/wp\/v2\/types\/post"}],"author":[{"embeddable":true,"href":"https:\/\/www.fiscalia.gov.co\/colombia\/wp-json\/wp\/v2\/users\/177"}],"replies":[{"embeddable":true,"href":"https:\/\/www.fiscalia.gov.co\/colombia\/wp-json\/wp\/v2\/comments?post=287059"}],"version-history":[{"count":2,"href":"https:\/\/www.fiscalia.gov.co\/colombia\/wp-json\/wp\/v2\/posts\/287059\/revisions"}],"predecessor-version":[{"id":287753,"href":"https:\/\/www.fiscalia.gov.co\/colombia\/wp-json\/wp\/v2\/posts\/287059\/revisions\/287753"}],"wp:attachment":[{"href":"https:\/\/www.fiscalia.gov.co\/colombia\/wp-json\/wp\/v2\/media?parent=287059"}],"wp:term":[{"taxonomy":"category","embeddable":true,"href":"https:\/\/www.fiscalia.gov.co\/colombia\/wp-json\/wp\/v2\/categories?post=287059"},{"taxonomy":"post_tag","embeddable":true,"href":"https:\/\/www.fiscalia.gov.co\/colombia\/wp-json\/wp\/v2\/tags?post=287059"}],"curies":[{"name":"wp","href":"https:\/\/api.w.org\/{rel}","templated":true}]}}