{"id":286832,"date":"2024-01-25T11:16:16","date_gmt":"2024-01-25T16:16:16","guid":{"rendered":"https:\/\/www.fiscalia.gov.co\/colombia\/?p=286832"},"modified":"2024-01-25T11:16:16","modified_gmt":"2024-01-25T16:16:16","slug":"a-la-carcel-presunto-implicado-en-trafico-de-estupefacientes-y-porte-ilegal-de-armas-de-uso-privativo-y-de-defensa-personal","status":"publish","type":"post","link":"https:\/\/www.fiscalia.gov.co\/colombia\/noticias\/a-la-carcel-presunto-implicado-en-trafico-de-estupefacientes-y-porte-ilegal-de-armas-de-uso-privativo-y-de-defensa-personal\/","title":{"rendered":"A la c\u00e1rcel presunto implicado en tr\u00e1fico de estupefacientes y porte ilegal de armas de uso privativo y de defensa personal"},"content":{"rendered":"<p>Un hombre identificado como Andr\u00e9s Fernando Mu\u00f1oz L\u00f3pez, de 26 a\u00f1os, fue judicializado y privado de la libertad, se\u00f1alado como presunto implicado en tr\u00e1fico de sustancias estupefacientes y porte ilegal de armas de fuego de uso privativo y de defensa personal, en el municipio de Restrepo (Valle del Cauca).<\/p>\n<figure id=\"attachment_286833\" aria-describedby=\"caption-attachment-286833\" style=\"width: 300px\" class=\"wp-caption aligncenter\"><img loading=\"lazy\" decoding=\"async\" class=\"size-medium wp-image-286833\" src=\"https:\/\/www.fiscalia.gov.co\/colombia\/wp-content\/uploads\/Andres-Fernando-Munoz-Lopez.-Estupefacientes-y-porte-ilegal-de-armas-de-uso-privativo.-Restrepo-Valle-300x220.jpg\" alt=\"En la fotograf\u00eda se aprecia de pie y con los brazos atr\u00e1s Andr\u00e9s Fernando Mu\u00f1oz L\u00f3pez. Viste camiseta de manga corta azul celeste. A lado y lado de \u00e9l hay uniformados de la Polic\u00eda Nacional. Delante de ellos hay una superficie verde y sobre ella varios letreros y elementos alusivos a: \u2018Marihuana\u2019, \u2018Bolsas Ziploc\u2019, \u2018Gramera\u2019, \u2018Droga sint\u00e9tica\u2019, \u2018Armas de fuego\u2019, \u2018Granada de humo\u2019, \u2018Munici\u00f3n 9 mm\u2019, \u2018Insumos para elaboraci\u00f3n de 2CB\u2019. En la parte de atr\u00e1s hay un pend\u00f3n institucional de la Polic\u00eda.\" width=\"300\" height=\"220\" srcset=\"https:\/\/www.fiscalia.gov.co\/colombia\/wp-content\/uploads\/Andres-Fernando-Munoz-Lopez.-Estupefacientes-y-porte-ilegal-de-armas-de-uso-privativo.-Restrepo-Valle-300x220.jpg 300w, https:\/\/www.fiscalia.gov.co\/colombia\/wp-content\/uploads\/Andres-Fernando-Munoz-Lopez.-Estupefacientes-y-porte-ilegal-de-armas-de-uso-privativo.-Restrepo-Valle-768x564.jpg 768w, https:\/\/www.fiscalia.gov.co\/colombia\/wp-content\/uploads\/Andres-Fernando-Munoz-Lopez.-Estupefacientes-y-porte-ilegal-de-armas-de-uso-privativo.-Restrepo-Valle-696x511.jpg 696w, https:\/\/www.fiscalia.gov.co\/colombia\/wp-content\/uploads\/Andres-Fernando-Munoz-Lopez.-Estupefacientes-y-porte-ilegal-de-armas-de-uso-privativo.-Restrepo-Valle-572x420.jpg 572w, https:\/\/www.fiscalia.gov.co\/colombia\/wp-content\/uploads\/Andres-Fernando-Munoz-Lopez.-Estupefacientes-y-porte-ilegal-de-armas-de-uso-privativo.-Restrepo-Valle-80x60.jpg 80w, https:\/\/www.fiscalia.gov.co\/colombia\/wp-content\/uploads\/Andres-Fernando-Munoz-Lopez.-Estupefacientes-y-porte-ilegal-de-armas-de-uso-privativo.-Restrepo-Valle.jpg 966w\" sizes=\"auto, (max-width: 300px) 100vw, 300px\" \/><figcaption id=\"caption-attachment-286833\" class=\"wp-caption-text\">Andr\u00e9s Fernando Mu\u00f1oz L\u00f3pez, fue judicializado luego de ser capturado en flagrancia con armas de fuego traum\u00e1ticas, munici\u00f3n de uso privativo y estupefacientes, en Restrepo (Valle del Cauca).<\/figcaption><\/figure>\n<p>As\u00ed lo solicit\u00f3 la Fiscal\u00eda General de la Naci\u00f3n ante un juez de control de garant\u00edas, luego de que el hoy imputado fuera capturado en flagrancia, durante una diligencia de registro voluntario realizada por funcionarios de la Polic\u00eda Nacional, en la vivienda donde resid\u00eda, en el municipio en menci\u00f3n.<\/p>\n<p>Seg\u00fan la Fiscal\u00eda, durante la diligencia judicial, se escucharon dos detonaciones de un arma de fuego y en el momento en que las autoridades ingresan al inmueble, al parecer, hallan a Mu\u00f1oz L\u00f3pez con dos armas traum\u00e1ticas y m\u00e1s de 20 cartuchos. Asimismo, en uno de los cuartos hallaron 133,1 gramos de marihuana, 6 gramos de Tussi dosificada en 10 bolsas pl\u00e1sticas, entre otras sustancias para el procesamiento de estupefacientes.<\/p>\n<p>La Fiscal\u00eda le imput\u00f3 al capturado los delitos de fabricaci\u00f3n, tr\u00e1fico y porte de armas, municiones de uso restringido de uso privativo de las Fuerzas Armadas y explosivos; fabricaci\u00f3n tr\u00e1fico, porte o tenencia de armas de fuego, accesorios, partes o municiones; as\u00ed como tr\u00e1fico de sustancias para procesamiento de narc\u00f3ticos y tr\u00e1fico fabricaci\u00f3n y porte de estupefacientes.<\/p>\n<p>Por decisi\u00f3n del juez el presunto implicado, quien no acept\u00f3 cargos, debe cumplir la medida de aseguramiento en centro carcelario.<\/p>\n<p>Esta informaci\u00f3n se publica por razones de inter\u00e9s general.<\/p>\n<p>&nbsp;<\/p>\n<p><strong>\u00a0La Fiscal\u00eda habla con resultados.<\/strong><\/p>\n<p>&nbsp;<\/p>\n<p>&nbsp;<\/p>\n<p>MAP\/LV\/DSVC\/LYBT\/<\/p>\n<p>&nbsp;<\/p>\n<p>&nbsp;<\/p>\n<p><em>La informaci\u00f3n contenida en este bolet\u00edn de prensa corresponde a la narraci\u00f3n de los hechos noticiosos objetivos, suministrados por los funcionarios encargados de adelantar las investigaciones penales al interior de la Fiscal\u00eda General de la Naci\u00f3n. Para el momento de la divulgaci\u00f3n de este comunicado, la situaci\u00f3n jur\u00eddica de la(s) persona(s) relacionada(s) se encuentra pendiente de resolver por la autoridad judicial competente, siempre bajo los preceptos de la presunci\u00f3n de inocencia, consagrados en el art\u00edculo 29 de la Constituci\u00f3n Pol\u00edtica y el art\u00edculo 7\u00ba de la Ley 906 de 2004.<\/em><\/p>\n\n<div class=\"twitter-share\"><a href=\"https:\/\/twitter.com\/intent\/tweet?via=fiscaliacol\" class=\"twitter-share-button\">Tweet<\/a><\/div>\n","protected":false},"excerpt":{"rendered":"<p>Un hombre identificado como Andr\u00e9s Fernando Mu\u00f1oz L\u00f3pez, de 26 a\u00f1os, fue judicializado y privado de la libertad, se\u00f1alado como presunto implicado en tr\u00e1fico de sustancias estupefacientes y porte ilegal de armas de fuego de uso privativo y de defensa personal, en el municipio de Restrepo (Valle del Cauca). As\u00ed lo solicit\u00f3 la Fiscal\u00eda General [&hellip;]<\/p>\n","protected":false},"author":179,"featured_media":0,"comment_status":"closed","ping_status":"open","sticky":false,"template":"","format":"standard","meta":{"_price":"","_stock":"","_tribe_ticket_header":"","_tribe_default_ticket_provider":"","_tribe_ticket_capacity":"0","_ticket_start_date":"","_ticket_end_date":"","_tribe_ticket_show_description":"","_tribe_ticket_show_not_going":false,"_tribe_ticket_use_global_stock":"","_tribe_ticket_global_stock_level":"","_global_stock_mode":"","_global_stock_cap":"","_tribe_rsvp_for_event":"","_tribe_ticket_going_count":"","_tribe_ticket_not_going_count":"","_tribe_tickets_list":"[]","_tribe_ticket_has_attendee_info_fields":false,"tdm_status":"","tdm_grid_status":"","footnotes":""},"categories":[1,324,303,24099],"tags":[25146,12424,24551,4140,78,24187,7169,1185,36727,36728,14817,29437,961],"class_list":{"0":"post-286832","1":"post","2":"type-post","3":"status-publish","4":"format-standard","6":"category-noticias","7":"category-seccional-cali","8":"category-seccionales","9":"category-seguridad-territorial","10":"tag-accesorios","11":"tag-capturado","12":"tag-centro-carcelario","13":"tag-fabricacion","14":"tag-fiscal-general-de-la-nacion","15":"tag-fiscalia-colombia","16":"tag-flagrancia","17":"tag-medida-de-aseguramiento","18":"tag-municiones-de-uso-restringido-de-uso-privativo-de-las-fuerzas-armadas-y-explosivos-fabricacion-trafico","19":"tag-partes-o-municiones-asi-como-trafico-de-sustancias-para-procesamiento-de-narcoticos-y-trafico-fabricacion-y-porte-de-estupefacientes","20":"tag-porte-o-tenencia-de-armas-de-fuego","21":"tag-seccional-valle-del-cauca","22":"tag-trafico-y-porte-de-armas"},"yoast_head":"<!-- This site is optimized with the Yoast SEO plugin v24.3 - https:\/\/yoast.com\/wordpress\/plugins\/seo\/ -->\n<title>Fiscal\u00eda General de la Naci\u00f3n<\/title>\n<meta name=\"description\" content=\"P\u00e1gina oficial de la Fiscal\u00eda General de la Naci\u00f3n \u2013 Colombia. Garantizamos el acceso efectivo a la justicia, la verdad y la reparaci\u00f3n de las v\u00edctimas de los delitos.\" \/>\n<meta name=\"robots\" content=\"noindex, follow\" \/>\n<meta property=\"og:locale\" content=\"es_ES\" \/>\n<meta property=\"og:type\" content=\"article\" \/>\n<meta property=\"og:title\" content=\"Fiscal\u00eda General de la Naci\u00f3n\" \/>\n<meta property=\"og:description\" content=\"P\u00e1gina oficial de la Fiscal\u00eda General de la Naci\u00f3n \u2013 Colombia. Garantizamos el acceso efectivo a la justicia, la verdad y la reparaci\u00f3n de las v\u00edctimas de los delitos.\" \/>\n<meta property=\"og:url\" content=\"https:\/\/www.fiscalia.gov.co\/colombia\/noticias\/a-la-carcel-presunto-implicado-en-trafico-de-estupefacientes-y-porte-ilegal-de-armas-de-uso-privativo-y-de-defensa-personal\/\" \/>\n<meta property=\"og:site_name\" content=\"Fiscal\u00eda General de la Naci\u00f3n\" \/>\n<meta property=\"article:publisher\" content=\"https:\/\/www.facebook.com\/FiscaliaCol\" \/>\n<meta property=\"article:published_time\" content=\"2024-01-25T16:16:16+00:00\" \/>\n<meta property=\"og:image\" content=\"https:\/\/www.fiscalia.gov.co\/colombia\/wp-content\/uploads\/Andres-Fernando-Munoz-Lopez.-Estupefacientes-y-porte-ilegal-de-armas-de-uso-privativo.-Restrepo-Valle-300x220.jpg\" \/>\n<meta name=\"author\" content=\"Lesly Katherine Segura Camargo.\" \/>\n<meta name=\"twitter:card\" content=\"summary_large_image\" \/>\n<meta name=\"twitter:creator\" content=\"@FiscaliaCol\" \/>\n<meta name=\"twitter:site\" content=\"@FiscaliaCol\" \/>\n<meta name=\"twitter:label1\" content=\"Escrito por\" \/>\n\t<meta name=\"twitter:data1\" content=\"Lesly Katherine Segura Camargo.\" \/>\n\t<meta name=\"twitter:label2\" content=\"Tiempo de lectura\" \/>\n\t<meta name=\"twitter:data2\" content=\"2 minutos\" \/>\n<script type=\"application\/ld+json\" class=\"yoast-schema-graph\">{\"@context\":\"https:\/\/schema.org\",\"@graph\":[{\"@type\":\"Article\",\"@id\":\"https:\/\/www.fiscalia.gov.co\/colombia\/noticias\/a-la-carcel-presunto-implicado-en-trafico-de-estupefacientes-y-porte-ilegal-de-armas-de-uso-privativo-y-de-defensa-personal\/#article\",\"isPartOf\":{\"@id\":\"https:\/\/www.fiscalia.gov.co\/colombia\/noticias\/a-la-carcel-presunto-implicado-en-trafico-de-estupefacientes-y-porte-ilegal-de-armas-de-uso-privativo-y-de-defensa-personal\/\"},\"author\":{\"name\":\"Lesly Katherine Segura Camargo.\",\"@id\":\"https:\/\/www.fiscalia.gov.co\/colombia\/#\/schema\/person\/6be81acb78add0abcbda2c598c1d53e1\"},\"headline\":\"A la c\u00e1rcel presunto implicado en tr\u00e1fico de estupefacientes y porte ilegal de armas de uso privativo y de defensa personal\",\"datePublished\":\"2024-01-25T16:16:16+00:00\",\"dateModified\":\"2024-01-25T16:16:16+00:00\",\"mainEntityOfPage\":{\"@id\":\"https:\/\/www.fiscalia.gov.co\/colombia\/noticias\/a-la-carcel-presunto-implicado-en-trafico-de-estupefacientes-y-porte-ilegal-de-armas-de-uso-privativo-y-de-defensa-personal\/\"},\"wordCount\":460,\"publisher\":{\"@id\":\"https:\/\/www.fiscalia.gov.co\/colombia\/#organization\"},\"image\":{\"@id\":\"https:\/\/www.fiscalia.gov.co\/colombia\/noticias\/a-la-carcel-presunto-implicado-en-trafico-de-estupefacientes-y-porte-ilegal-de-armas-de-uso-privativo-y-de-defensa-personal\/#primaryimage\"},\"thumbnailUrl\":\"https:\/\/www.fiscalia.gov.co\/colombia\/wp-content\/uploads\/Andres-Fernando-Munoz-Lopez.-Estupefacientes-y-porte-ilegal-de-armas-de-uso-privativo.-Restrepo-Valle-300x220.jpg\",\"keywords\":[\"accesorios\",\"Capturado\",\"centro carcelario\",\"Fabricaci\u00f3n\",\"Fiscal General de la Naci\u00f3n\",\"Fiscal\u00eda Colombia\",\"Flagrancia\",\"Medida de aseguramiento\",\"municiones de uso restringido de uso privativo de las Fuerzas Armadas y explosivos; fabricaci\u00f3n tr\u00e1fico\",\"partes o municiones; as\u00ed como tr\u00e1fico de sustancias para procesamiento de narc\u00f3ticos y tr\u00e1fico fabricaci\u00f3n y porte de estupefacientes\",\"porte o tenencia de armas de fuego\",\"Seccional Valle del Cauca\",\"Tr\u00e1fico y porte de armas\"],\"articleSection\":[\"Noticias\",\"Seccional Cali\",\"Seccionales\",\"Seguridad territorial\"],\"inLanguage\":\"es-CO\"},{\"@type\":\"WebPage\",\"@id\":\"https:\/\/www.fiscalia.gov.co\/colombia\/noticias\/a-la-carcel-presunto-implicado-en-trafico-de-estupefacientes-y-porte-ilegal-de-armas-de-uso-privativo-y-de-defensa-personal\/\",\"url\":\"https:\/\/www.fiscalia.gov.co\/colombia\/noticias\/a-la-carcel-presunto-implicado-en-trafico-de-estupefacientes-y-porte-ilegal-de-armas-de-uso-privativo-y-de-defensa-personal\/\",\"name\":\"Fiscal\u00eda General de la Naci\u00f3n\",\"isPartOf\":{\"@id\":\"https:\/\/www.fiscalia.gov.co\/colombia\/#website\"},\"primaryImageOfPage\":{\"@id\":\"https:\/\/www.fiscalia.gov.co\/colombia\/noticias\/a-la-carcel-presunto-implicado-en-trafico-de-estupefacientes-y-porte-ilegal-de-armas-de-uso-privativo-y-de-defensa-personal\/#primaryimage\"},\"image\":{\"@id\":\"https:\/\/www.fiscalia.gov.co\/colombia\/noticias\/a-la-carcel-presunto-implicado-en-trafico-de-estupefacientes-y-porte-ilegal-de-armas-de-uso-privativo-y-de-defensa-personal\/#primaryimage\"},\"thumbnailUrl\":\"https:\/\/www.fiscalia.gov.co\/colombia\/wp-content\/uploads\/Andres-Fernando-Munoz-Lopez.-Estupefacientes-y-porte-ilegal-de-armas-de-uso-privativo.-Restrepo-Valle-300x220.jpg\",\"datePublished\":\"2024-01-25T16:16:16+00:00\",\"dateModified\":\"2024-01-25T16:16:16+00:00\",\"description\":\"P\u00e1gina oficial de la Fiscal\u00eda General de la Naci\u00f3n \u2013 Colombia. Garantizamos el acceso efectivo a la justicia, la verdad y la reparaci\u00f3n de las v\u00edctimas de los delitos.\",\"breadcrumb\":{\"@id\":\"https:\/\/www.fiscalia.gov.co\/colombia\/noticias\/a-la-carcel-presunto-implicado-en-trafico-de-estupefacientes-y-porte-ilegal-de-armas-de-uso-privativo-y-de-defensa-personal\/#breadcrumb\"},\"inLanguage\":\"es-CO\",\"potentialAction\":[{\"@type\":\"ReadAction\",\"target\":[\"https:\/\/www.fiscalia.gov.co\/colombia\/noticias\/a-la-carcel-presunto-implicado-en-trafico-de-estupefacientes-y-porte-ilegal-de-armas-de-uso-privativo-y-de-defensa-personal\/\"]}]},{\"@type\":\"ImageObject\",\"inLanguage\":\"es-CO\",\"@id\":\"https:\/\/www.fiscalia.gov.co\/colombia\/noticias\/a-la-carcel-presunto-implicado-en-trafico-de-estupefacientes-y-porte-ilegal-de-armas-de-uso-privativo-y-de-defensa-personal\/#primaryimage\",\"url\":\"https:\/\/www.fiscalia.gov.co\/colombia\/wp-content\/uploads\/Andres-Fernando-Munoz-Lopez.-Estupefacientes-y-porte-ilegal-de-armas-de-uso-privativo.-Restrepo-Valle.jpg\",\"contentUrl\":\"https:\/\/www.fiscalia.gov.co\/colombia\/wp-content\/uploads\/Andres-Fernando-Munoz-Lopez.-Estupefacientes-y-porte-ilegal-de-armas-de-uso-privativo.-Restrepo-Valle.jpg\",\"width\":966,\"height\":709,\"caption\":\"Andr\u00e9s Fernando Mu\u00f1oz L\u00f3pez, fue judicializado luego de ser capturado en flagrancia con armas de fuego traum\u00e1ticas, munici\u00f3n de uso privativo y estupefacientes, en Restrepo (Valle del Cauca).\"},{\"@type\":\"BreadcrumbList\",\"@id\":\"https:\/\/www.fiscalia.gov.co\/colombia\/noticias\/a-la-carcel-presunto-implicado-en-trafico-de-estupefacientes-y-porte-ilegal-de-armas-de-uso-privativo-y-de-defensa-personal\/#breadcrumb\",\"itemListElement\":[{\"@type\":\"ListItem\",\"position\":1,\"name\":\"Home\",\"item\":\"https:\/\/www.fiscalia.gov.co\/colombia\/\"},{\"@type\":\"ListItem\",\"position\":2,\"name\":\"A la c\u00e1rcel presunto implicado en tr\u00e1fico de estupefacientes y porte ilegal de armas de uso privativo y de defensa personal\"}]},{\"@type\":\"WebSite\",\"@id\":\"https:\/\/www.fiscalia.gov.co\/colombia\/#website\",\"url\":\"https:\/\/www.fiscalia.gov.co\/colombia\/\",\"name\":\"Fiscal\u00eda General de la Naci\u00f3n\",\"description\":\"P\u00e1gina oficial de la Fiscal\u00eda General de la Naci\u00f3n \u2013 Colombia. Garantizamos el acceso efectivo a la justicia, la verdad y la reparaci\u00f3n de las v\u00edctimas de los delitos.\",\"publisher\":{\"@id\":\"https:\/\/www.fiscalia.gov.co\/colombia\/#organization\"},\"potentialAction\":[{\"@type\":\"SearchAction\",\"target\":{\"@type\":\"EntryPoint\",\"urlTemplate\":\"https:\/\/www.fiscalia.gov.co\/colombia\/?s={search_term_string}\"},\"query-input\":{\"@type\":\"PropertyValueSpecification\",\"valueRequired\":true,\"valueName\":\"search_term_string\"}}],\"inLanguage\":\"es-CO\"},{\"@type\":\"Organization\",\"@id\":\"https:\/\/www.fiscalia.gov.co\/colombia\/#organization\",\"name\":\"Fiscal\u00eda General de la Naci\u00f3n\",\"url\":\"https:\/\/www.fiscalia.gov.co\/colombia\/\",\"logo\":{\"@type\":\"ImageObject\",\"inLanguage\":\"es-CO\",\"@id\":\"https:\/\/www.fiscalia.gov.co\/colombia\/#\/schema\/logo\/image\/\",\"url\":\"https:\/\/www.fiscalia.gov.co\/colombia\/wp-content\/uploads\/LogoHorizontal_1.jpg\",\"contentUrl\":\"https:\/\/www.fiscalia.gov.co\/colombia\/wp-content\/uploads\/LogoHorizontal_1.jpg\",\"width\":300,\"height\":90,\"caption\":\"Fiscal\u00eda General de la Naci\u00f3n\"},\"image\":{\"@id\":\"https:\/\/www.fiscalia.gov.co\/colombia\/#\/schema\/logo\/image\/\"},\"sameAs\":[\"https:\/\/www.facebook.com\/FiscaliaCol\",\"https:\/\/x.com\/FiscaliaCol\",\"https:\/\/www.instagram.com\/fiscaliacol\",\"https:\/\/www.linkedin.com\/company\/fiscalia-general-de-la-naci-n\/\",\"https:\/\/youtube.com\/@fiscaliageneraldelanacion-4668?si=6nN79nyQICPU5iTh\"]},{\"@type\":\"Person\",\"@id\":\"https:\/\/www.fiscalia.gov.co\/colombia\/#\/schema\/person\/6be81acb78add0abcbda2c598c1d53e1\",\"name\":\"Lesly Katherine Segura Camargo.\",\"image\":{\"@type\":\"ImageObject\",\"inLanguage\":\"es-CO\",\"@id\":\"https:\/\/www.fiscalia.gov.co\/colombia\/#\/schema\/person\/image\/\",\"url\":\"https:\/\/secure.gravatar.com\/avatar\/1892091c53ef3b9c2fcb37ca6066e439?s=96&d=mm&r=g\",\"contentUrl\":\"https:\/\/secure.gravatar.com\/avatar\/1892091c53ef3b9c2fcb37ca6066e439?s=96&d=mm&r=g\",\"caption\":\"Lesly Katherine Segura Camargo.\"},\"url\":\"https:\/\/www.fiscalia.gov.co\/colombia\/author\/lesly-segura\/\"}]}<\/script>\n<!-- \/ Yoast SEO plugin. -->","yoast_head_json":{"title":"Fiscal\u00eda General de la Naci\u00f3n","description":"P\u00e1gina oficial de la Fiscal\u00eda General de la Naci\u00f3n \u2013 Colombia. Garantizamos el acceso efectivo a la justicia, la verdad y la reparaci\u00f3n de las v\u00edctimas de los delitos.","robots":{"index":"noindex","follow":"follow"},"og_locale":"es_ES","og_type":"article","og_title":"Fiscal\u00eda General de la Naci\u00f3n","og_description":"P\u00e1gina oficial de la Fiscal\u00eda General de la Naci\u00f3n \u2013 Colombia. Garantizamos el acceso efectivo a la justicia, la verdad y la reparaci\u00f3n de las v\u00edctimas de los delitos.","og_url":"https:\/\/www.fiscalia.gov.co\/colombia\/noticias\/a-la-carcel-presunto-implicado-en-trafico-de-estupefacientes-y-porte-ilegal-de-armas-de-uso-privativo-y-de-defensa-personal\/","og_site_name":"Fiscal\u00eda General de la Naci\u00f3n","article_publisher":"https:\/\/www.facebook.com\/FiscaliaCol","article_published_time":"2024-01-25T16:16:16+00:00","og_image":[{"url":"https:\/\/www.fiscalia.gov.co\/colombia\/wp-content\/uploads\/Andres-Fernando-Munoz-Lopez.-Estupefacientes-y-porte-ilegal-de-armas-de-uso-privativo.-Restrepo-Valle-300x220.jpg","type":"","width":"","height":""}],"author":"Lesly Katherine Segura Camargo.","twitter_card":"summary_large_image","twitter_creator":"@FiscaliaCol","twitter_site":"@FiscaliaCol","twitter_misc":{"Escrito por":"Lesly Katherine Segura Camargo.","Tiempo de lectura":"2 minutos"},"schema":{"@context":"https:\/\/schema.org","@graph":[{"@type":"Article","@id":"https:\/\/www.fiscalia.gov.co\/colombia\/noticias\/a-la-carcel-presunto-implicado-en-trafico-de-estupefacientes-y-porte-ilegal-de-armas-de-uso-privativo-y-de-defensa-personal\/#article","isPartOf":{"@id":"https:\/\/www.fiscalia.gov.co\/colombia\/noticias\/a-la-carcel-presunto-implicado-en-trafico-de-estupefacientes-y-porte-ilegal-de-armas-de-uso-privativo-y-de-defensa-personal\/"},"author":{"name":"Lesly Katherine Segura Camargo.","@id":"https:\/\/www.fiscalia.gov.co\/colombia\/#\/schema\/person\/6be81acb78add0abcbda2c598c1d53e1"},"headline":"A la c\u00e1rcel presunto implicado en tr\u00e1fico de estupefacientes y porte ilegal de armas de uso privativo y de defensa personal","datePublished":"2024-01-25T16:16:16+00:00","dateModified":"2024-01-25T16:16:16+00:00","mainEntityOfPage":{"@id":"https:\/\/www.fiscalia.gov.co\/colombia\/noticias\/a-la-carcel-presunto-implicado-en-trafico-de-estupefacientes-y-porte-ilegal-de-armas-de-uso-privativo-y-de-defensa-personal\/"},"wordCount":460,"publisher":{"@id":"https:\/\/www.fiscalia.gov.co\/colombia\/#organization"},"image":{"@id":"https:\/\/www.fiscalia.gov.co\/colombia\/noticias\/a-la-carcel-presunto-implicado-en-trafico-de-estupefacientes-y-porte-ilegal-de-armas-de-uso-privativo-y-de-defensa-personal\/#primaryimage"},"thumbnailUrl":"https:\/\/www.fiscalia.gov.co\/colombia\/wp-content\/uploads\/Andres-Fernando-Munoz-Lopez.-Estupefacientes-y-porte-ilegal-de-armas-de-uso-privativo.-Restrepo-Valle-300x220.jpg","keywords":["accesorios","Capturado","centro carcelario","Fabricaci\u00f3n","Fiscal General de la Naci\u00f3n","Fiscal\u00eda Colombia","Flagrancia","Medida de aseguramiento","municiones de uso restringido de uso privativo de las Fuerzas Armadas y explosivos; fabricaci\u00f3n tr\u00e1fico","partes o municiones; as\u00ed como tr\u00e1fico de sustancias para procesamiento de narc\u00f3ticos y tr\u00e1fico fabricaci\u00f3n y porte de estupefacientes","porte o tenencia de armas de fuego","Seccional Valle del Cauca","Tr\u00e1fico y porte de armas"],"articleSection":["Noticias","Seccional Cali","Seccionales","Seguridad territorial"],"inLanguage":"es-CO"},{"@type":"WebPage","@id":"https:\/\/www.fiscalia.gov.co\/colombia\/noticias\/a-la-carcel-presunto-implicado-en-trafico-de-estupefacientes-y-porte-ilegal-de-armas-de-uso-privativo-y-de-defensa-personal\/","url":"https:\/\/www.fiscalia.gov.co\/colombia\/noticias\/a-la-carcel-presunto-implicado-en-trafico-de-estupefacientes-y-porte-ilegal-de-armas-de-uso-privativo-y-de-defensa-personal\/","name":"Fiscal\u00eda General de la Naci\u00f3n","isPartOf":{"@id":"https:\/\/www.fiscalia.gov.co\/colombia\/#website"},"primaryImageOfPage":{"@id":"https:\/\/www.fiscalia.gov.co\/colombia\/noticias\/a-la-carcel-presunto-implicado-en-trafico-de-estupefacientes-y-porte-ilegal-de-armas-de-uso-privativo-y-de-defensa-personal\/#primaryimage"},"image":{"@id":"https:\/\/www.fiscalia.gov.co\/colombia\/noticias\/a-la-carcel-presunto-implicado-en-trafico-de-estupefacientes-y-porte-ilegal-de-armas-de-uso-privativo-y-de-defensa-personal\/#primaryimage"},"thumbnailUrl":"https:\/\/www.fiscalia.gov.co\/colombia\/wp-content\/uploads\/Andres-Fernando-Munoz-Lopez.-Estupefacientes-y-porte-ilegal-de-armas-de-uso-privativo.-Restrepo-Valle-300x220.jpg","datePublished":"2024-01-25T16:16:16+00:00","dateModified":"2024-01-25T16:16:16+00:00","description":"P\u00e1gina oficial de la Fiscal\u00eda General de la Naci\u00f3n \u2013 Colombia. Garantizamos el acceso efectivo a la justicia, la verdad y la reparaci\u00f3n de las v\u00edctimas de los delitos.","breadcrumb":{"@id":"https:\/\/www.fiscalia.gov.co\/colombia\/noticias\/a-la-carcel-presunto-implicado-en-trafico-de-estupefacientes-y-porte-ilegal-de-armas-de-uso-privativo-y-de-defensa-personal\/#breadcrumb"},"inLanguage":"es-CO","potentialAction":[{"@type":"ReadAction","target":["https:\/\/www.fiscalia.gov.co\/colombia\/noticias\/a-la-carcel-presunto-implicado-en-trafico-de-estupefacientes-y-porte-ilegal-de-armas-de-uso-privativo-y-de-defensa-personal\/"]}]},{"@type":"ImageObject","inLanguage":"es-CO","@id":"https:\/\/www.fiscalia.gov.co\/colombia\/noticias\/a-la-carcel-presunto-implicado-en-trafico-de-estupefacientes-y-porte-ilegal-de-armas-de-uso-privativo-y-de-defensa-personal\/#primaryimage","url":"https:\/\/www.fiscalia.gov.co\/colombia\/wp-content\/uploads\/Andres-Fernando-Munoz-Lopez.-Estupefacientes-y-porte-ilegal-de-armas-de-uso-privativo.-Restrepo-Valle.jpg","contentUrl":"https:\/\/www.fiscalia.gov.co\/colombia\/wp-content\/uploads\/Andres-Fernando-Munoz-Lopez.-Estupefacientes-y-porte-ilegal-de-armas-de-uso-privativo.-Restrepo-Valle.jpg","width":966,"height":709,"caption":"Andr\u00e9s Fernando Mu\u00f1oz L\u00f3pez, fue judicializado luego de ser capturado en flagrancia con armas de fuego traum\u00e1ticas, munici\u00f3n de uso privativo y estupefacientes, en Restrepo (Valle del Cauca)."},{"@type":"BreadcrumbList","@id":"https:\/\/www.fiscalia.gov.co\/colombia\/noticias\/a-la-carcel-presunto-implicado-en-trafico-de-estupefacientes-y-porte-ilegal-de-armas-de-uso-privativo-y-de-defensa-personal\/#breadcrumb","itemListElement":[{"@type":"ListItem","position":1,"name":"Home","item":"https:\/\/www.fiscalia.gov.co\/colombia\/"},{"@type":"ListItem","position":2,"name":"A la c\u00e1rcel presunto implicado en tr\u00e1fico de estupefacientes y porte ilegal de armas de uso privativo y de defensa personal"}]},{"@type":"WebSite","@id":"https:\/\/www.fiscalia.gov.co\/colombia\/#website","url":"https:\/\/www.fiscalia.gov.co\/colombia\/","name":"Fiscal\u00eda General de la Naci\u00f3n","description":"P\u00e1gina oficial de la Fiscal\u00eda General de la Naci\u00f3n \u2013 Colombia. Garantizamos el acceso efectivo a la justicia, la verdad y la reparaci\u00f3n de las v\u00edctimas de los delitos.","publisher":{"@id":"https:\/\/www.fiscalia.gov.co\/colombia\/#organization"},"potentialAction":[{"@type":"SearchAction","target":{"@type":"EntryPoint","urlTemplate":"https:\/\/www.fiscalia.gov.co\/colombia\/?s={search_term_string}"},"query-input":{"@type":"PropertyValueSpecification","valueRequired":true,"valueName":"search_term_string"}}],"inLanguage":"es-CO"},{"@type":"Organization","@id":"https:\/\/www.fiscalia.gov.co\/colombia\/#organization","name":"Fiscal\u00eda General de la Naci\u00f3n","url":"https:\/\/www.fiscalia.gov.co\/colombia\/","logo":{"@type":"ImageObject","inLanguage":"es-CO","@id":"https:\/\/www.fiscalia.gov.co\/colombia\/#\/schema\/logo\/image\/","url":"https:\/\/www.fiscalia.gov.co\/colombia\/wp-content\/uploads\/LogoHorizontal_1.jpg","contentUrl":"https:\/\/www.fiscalia.gov.co\/colombia\/wp-content\/uploads\/LogoHorizontal_1.jpg","width":300,"height":90,"caption":"Fiscal\u00eda General de la Naci\u00f3n"},"image":{"@id":"https:\/\/www.fiscalia.gov.co\/colombia\/#\/schema\/logo\/image\/"},"sameAs":["https:\/\/www.facebook.com\/FiscaliaCol","https:\/\/x.com\/FiscaliaCol","https:\/\/www.instagram.com\/fiscaliacol","https:\/\/www.linkedin.com\/company\/fiscalia-general-de-la-naci-n\/","https:\/\/youtube.com\/@fiscaliageneraldelanacion-4668?si=6nN79nyQICPU5iTh"]},{"@type":"Person","@id":"https:\/\/www.fiscalia.gov.co\/colombia\/#\/schema\/person\/6be81acb78add0abcbda2c598c1d53e1","name":"Lesly Katherine Segura Camargo.","image":{"@type":"ImageObject","inLanguage":"es-CO","@id":"https:\/\/www.fiscalia.gov.co\/colombia\/#\/schema\/person\/image\/","url":"https:\/\/secure.gravatar.com\/avatar\/1892091c53ef3b9c2fcb37ca6066e439?s=96&d=mm&r=g","contentUrl":"https:\/\/secure.gravatar.com\/avatar\/1892091c53ef3b9c2fcb37ca6066e439?s=96&d=mm&r=g","caption":"Lesly Katherine Segura Camargo."},"url":"https:\/\/www.fiscalia.gov.co\/colombia\/author\/lesly-segura\/"}]}},"_links":{"self":[{"href":"https:\/\/www.fiscalia.gov.co\/colombia\/wp-json\/wp\/v2\/posts\/286832","targetHints":{"allow":["GET"]}}],"collection":[{"href":"https:\/\/www.fiscalia.gov.co\/colombia\/wp-json\/wp\/v2\/posts"}],"about":[{"href":"https:\/\/www.fiscalia.gov.co\/colombia\/wp-json\/wp\/v2\/types\/post"}],"author":[{"embeddable":true,"href":"https:\/\/www.fiscalia.gov.co\/colombia\/wp-json\/wp\/v2\/users\/179"}],"replies":[{"embeddable":true,"href":"https:\/\/www.fiscalia.gov.co\/colombia\/wp-json\/wp\/v2\/comments?post=286832"}],"version-history":[{"count":1,"href":"https:\/\/www.fiscalia.gov.co\/colombia\/wp-json\/wp\/v2\/posts\/286832\/revisions"}],"predecessor-version":[{"id":286834,"href":"https:\/\/www.fiscalia.gov.co\/colombia\/wp-json\/wp\/v2\/posts\/286832\/revisions\/286834"}],"wp:attachment":[{"href":"https:\/\/www.fiscalia.gov.co\/colombia\/wp-json\/wp\/v2\/media?parent=286832"}],"wp:term":[{"taxonomy":"category","embeddable":true,"href":"https:\/\/www.fiscalia.gov.co\/colombia\/wp-json\/wp\/v2\/categories?post=286832"},{"taxonomy":"post_tag","embeddable":true,"href":"https:\/\/www.fiscalia.gov.co\/colombia\/wp-json\/wp\/v2\/tags?post=286832"}],"curies":[{"name":"wp","href":"https:\/\/api.w.org\/{rel}","templated":true}]}}