{"id":286335,"date":"2024-01-18T16:58:00","date_gmt":"2024-01-18T21:58:00","guid":{"rendered":"https:\/\/www.fiscalia.gov.co\/colombia\/?p=286335"},"modified":"2024-01-18T16:58:00","modified_gmt":"2024-01-18T21:58:00","slug":"imputados-dos-presuntos-responsables-de-un-doble-homicidio-en-el-espinal-tolima","status":"publish","type":"post","link":"https:\/\/www.fiscalia.gov.co\/colombia\/noticias\/imputados-dos-presuntos-responsables-de-un-doble-homicidio-en-el-espinal-tolima\/","title":{"rendered":"Imputados dos presuntos responsables de un doble homicidio en El Espinal (Tolima)"},"content":{"rendered":"<h4><strong><i>Los procesados se encuentran detenidos por otros hechos en un centro carcelario del departamento. \u00a0<\/i><\/strong><\/h4>\n<p>Por los delitos de homicidio agravado, tentativa de homicidio agravado y fabricaci\u00f3n, tr\u00e1fico o porte ilegal de armas de fuego o municiones, un despacho de la Unidad de Vida de la Seccional Tolima adelant\u00f3 audiencia de formulaci\u00f3n de imputaci\u00f3n de cargos en contra de Cristian Johan Penagos Tique y Jhonatan David Hern\u00e1ndez Usaqu\u00e9n, por hechos ocurridos en mayo del a\u00f1o 2023 cuando perdieron la vida dos j\u00f3venes de 18 a\u00f1os de edad en El Espinal, Tolima.<\/p>\n<p>Los indiciados, se encuentran privados de la libertad en centro carcelario por estar presuntamente involucrados en otras investigaciones por otros homicidios ocurridos en el municipio como el de un comerciante y de un menor de edad.<\/p>\n<figure id=\"attachment_286337\" aria-describedby=\"caption-attachment-286337\" style=\"width: 424px\" class=\"wp-caption aligncenter\"><img loading=\"lazy\" decoding=\"async\" class=\" wp-image-286337\" src=\"https:\/\/www.fiscalia.gov.co\/colombia\/wp-content\/uploads\/penagos-homicidio-espinal-300x181.jpeg\" alt=\"En la imagen se ve una persona detenida bajo custodia de dos uniformados de la Polic\u00eda Nacional. Detr\u00e1s suyo un backing institucional. \" width=\"424\" height=\"256\" srcset=\"https:\/\/www.fiscalia.gov.co\/colombia\/wp-content\/uploads\/penagos-homicidio-espinal-300x181.jpeg 300w, https:\/\/www.fiscalia.gov.co\/colombia\/wp-content\/uploads\/penagos-homicidio-espinal-1024x619.jpeg 1024w, https:\/\/www.fiscalia.gov.co\/colombia\/wp-content\/uploads\/penagos-homicidio-espinal-768x464.jpeg 768w, https:\/\/www.fiscalia.gov.co\/colombia\/wp-content\/uploads\/penagos-homicidio-espinal-1536x928.jpeg 1536w, https:\/\/www.fiscalia.gov.co\/colombia\/wp-content\/uploads\/penagos-homicidio-espinal-696x421.jpeg 696w, https:\/\/www.fiscalia.gov.co\/colombia\/wp-content\/uploads\/penagos-homicidio-espinal-1068x645.jpeg 1068w, https:\/\/www.fiscalia.gov.co\/colombia\/wp-content\/uploads\/penagos-homicidio-espinal-695x420.jpeg 695w, https:\/\/www.fiscalia.gov.co\/colombia\/wp-content\/uploads\/penagos-homicidio-espinal.jpeg 1600w\" sizes=\"auto, (max-width: 424px) 100vw, 424px\" \/><figcaption id=\"caption-attachment-286337\" class=\"wp-caption-text\">Cristian Johan Penagos fue una de las personas imputadas por el doble homicidio ocurrido en mayo de 2023 en El Espinal.<\/figcaption><\/figure>\n<p><b>Los hechos \u00a0<\/b><\/p>\n<p>El 25 de mayo del a\u00f1o 2023, Juan Sebasti\u00e1n Ram\u00edrez Casta\u00f1o, Jonatan Alexis Tutalcha, Nelson Javier Garc\u00eda D\u00edaz y una cuarta persona se encontraban en una vivienda del barrio El Bunde del municipio tolimense cuando fueron atacados con arma de fuego, muriendo los dos primeros en el lugar de los hechos, mientras que Nelson fue atendido en un centro hospitalario donde lograron estabilizarlo.<\/p>\n<p>Labores investigativas propias de polic\u00eda judicial dan cuenta que los hoy imputados quienes har\u00edan parte de un grupo de delincuencia com\u00fan dedicado a la \u2018brujer\u00eda virtual\u2019, dispararon en contra de las v\u00edctimas luego de descender de un veh\u00edculo particular y abriendo fuego de manera indiscriminada contra los que se encontraban reunidos dentro de la casa.<\/p>\n<p>Ninguno acept\u00f3 los cargos enrostrados por el delegado fiscal y fueron afectados con medida de aseguramiento en centro de reclusi\u00f3n.<\/p>\n<p align=\"center\"><b><u>La Fiscal\u00eda habla con resultados.<\/u><\/b><b><u>\u00a0<\/u><\/b><\/p>\n<p>&nbsp;<\/p>\n<p>&nbsp;<\/p>\n<p>&nbsp;<\/p>\n<p>PAAM\/LYBT\/NCM\/AMBV\/DST<\/p>\n<p>&nbsp;<\/p>\n<p>&nbsp;<\/p>\n<p>&nbsp;<\/p>\n<p>Tambi\u00e9n le puede interesar:<\/p>\n<p><a id=\"m_1896192779310565796OWAe51ed5a5-00a0-150e-2c45-4475a6ada23c\" href=\"https:\/\/www.fiscalia.gov.co\/colombia\/noticias\/pareja-fue-enviada-a-la-carcel-senalada-de-participar-en-tres-homicidios-y-dos-tentativas-de-homicidio-en-el-espinal-tolima\/\" target=\"_blank\" rel=\"noopener\" data-saferedirecturl=\"https:\/\/www.google.com\/url?q=https:\/\/www.fiscalia.gov.co\/colombia\/noticias\/pareja-fue-enviada-a-la-carcel-senalada-de-participar-en-tres-homicidios-y-dos-tentativas-de-homicidio-en-el-espinal-tolima\/&amp;source=gmail&amp;ust=1705700965684000&amp;usg=AOvVaw2ZDQ9Sptcb2lqZm7a9eKPZ\">https:\/\/www.fiscalia.gov.co\/<wbr \/>colombia\/noticias\/pareja-fue-<wbr \/>enviada-a-la-carcel-senalada-<wbr \/>de-participar-en-tres-<wbr \/>homicidios-y-dos-tentativas-<wbr \/>de-homicidio-en-el-espinal-<wbr \/>tolima\/<\/a><\/p>\n<p>&nbsp;<\/p>\n<p>&nbsp;<\/p>\n<p>&nbsp;<\/p>\n<p><em>La informaci\u00f3n contenida en este bolet\u00edn de prensa corresponde a la narraci\u00f3n de los hechos noticiosos objetivos, suministrados por los funcionarios encargados de adelantar las investigaciones penales al interior de la Fiscal\u00eda General de la Naci\u00f3n. Para el momento de la divulgaci\u00f3n de este comunicado, la situaci\u00f3n jur\u00eddica de la(s) persona(s) relacionada(s) se encuentra pendiente de resolver por la autoridad judicial competente, siempre bajo los preceptos de la presunci\u00f3n de inocencia, consagrados en el art\u00edculo 29 de la Constituci\u00f3n Pol\u00edtica y el art\u00edculo 7\u00ba de la Ley 906 de 2004. <\/em><\/p>\n\n<div class=\"twitter-share\"><a href=\"https:\/\/twitter.com\/intent\/tweet?via=fiscaliacol\" class=\"twitter-share-button\">Tweet<\/a><\/div>\n","protected":false},"excerpt":{"rendered":"<p>Los procesados se encuentran detenidos por otros hechos en un centro carcelario del departamento. \u00a0 Por los delitos de homicidio agravado, tentativa de homicidio agravado y fabricaci\u00f3n, tr\u00e1fico o porte [&hellip;]<\/p>\n","protected":false},"author":178,"featured_media":0,"comment_status":"closed","ping_status":"open","sticky":false,"template":"","format":"standard","meta":{"tdm_status":"","tdm_grid_status":"","footnotes":""},"categories":[1,329,303,24099],"tags":[36666,24536,1047,686,23990,13858,24277,698,5448,1456],"class_list":["post-286335","post","type-post","status-publish","format-standard","category-noticias","category-seccional-ibague","category-seccionales","category-seguridad-territorial","tag-brujeria-virtual","tag-el-espinal","tag-fiscalia-general-de-la-nacion","tag-homicidio-agravado","tag-ibague-tolima","tag-imputacion","tag-medida","tag-porte-de-armas","tag-sicariato","tag-tentativa-de-homicidio-agravado"],"yoast_head":"<!-- This site is optimized with the Yoast SEO plugin v24.3 - https:\/\/yoast.com\/wordpress\/plugins\/seo\/ -->\n<title>Fiscal\u00eda General de la Naci\u00f3n<\/title>\n<meta name=\"description\" content=\"P\u00e1gina oficial de la Fiscal\u00eda General de la Naci\u00f3n \u2013 Colombia. Garantizamos el acceso efectivo a la justicia, la verdad y la reparaci\u00f3n de las v\u00edctimas de los delitos.\" \/>\n<meta name=\"robots\" content=\"noindex, follow\" \/>\n<meta property=\"og:locale\" content=\"es_ES\" \/>\n<meta property=\"og:type\" content=\"article\" \/>\n<meta property=\"og:title\" content=\"Fiscal\u00eda General de la Naci\u00f3n\" \/>\n<meta property=\"og:description\" content=\"P\u00e1gina oficial de la Fiscal\u00eda General de la Naci\u00f3n \u2013 Colombia. Garantizamos el acceso efectivo a la justicia, la verdad y la reparaci\u00f3n de las v\u00edctimas de los delitos.\" \/>\n<meta property=\"og:url\" content=\"https:\/\/www.fiscalia.gov.co\/colombia\/noticias\/imputados-dos-presuntos-responsables-de-un-doble-homicidio-en-el-espinal-tolima\/\" \/>\n<meta property=\"og:site_name\" content=\"Fiscal\u00eda General de la Naci\u00f3n\" \/>\n<meta property=\"article:publisher\" content=\"https:\/\/www.facebook.com\/FiscaliaCol\" \/>\n<meta property=\"article:published_time\" content=\"2024-01-18T21:58:00+00:00\" \/>\n<meta property=\"og:image\" content=\"https:\/\/www.fiscalia.gov.co\/colombia\/wp-content\/uploads\/penagos-homicidio-espinal-300x181.jpeg\" \/>\n<meta name=\"author\" content=\"Winnie Geraldine Rodr\u00edguez Navarrete\" \/>\n<meta name=\"twitter:card\" content=\"summary_large_image\" \/>\n<meta name=\"twitter:creator\" content=\"@FiscaliaCol\" \/>\n<meta name=\"twitter:site\" content=\"@FiscaliaCol\" \/>\n<meta name=\"twitter:label1\" content=\"Escrito por\" \/>\n\t<meta name=\"twitter:data1\" content=\"Winnie Geraldine Rodr\u00edguez Navarrete\" \/>\n\t<meta name=\"twitter:label2\" content=\"Tiempo de lectura\" \/>\n\t<meta name=\"twitter:data2\" content=\"3 minutos\" \/>\n<script type=\"application\/ld+json\" class=\"yoast-schema-graph\">{\"@context\":\"https:\/\/schema.org\",\"@graph\":[{\"@type\":\"Article\",\"@id\":\"https:\/\/www.fiscalia.gov.co\/colombia\/noticias\/imputados-dos-presuntos-responsables-de-un-doble-homicidio-en-el-espinal-tolima\/#article\",\"isPartOf\":{\"@id\":\"https:\/\/www.fiscalia.gov.co\/colombia\/noticias\/imputados-dos-presuntos-responsables-de-un-doble-homicidio-en-el-espinal-tolima\/\"},\"author\":{\"name\":\"Winnie Geraldine Rodr\u00edguez Navarrete\",\"@id\":\"https:\/\/www.fiscalia.gov.co\/colombia\/#\/schema\/person\/176195b99ebab0a52aafa15197e1bf80\"},\"headline\":\"Imputados dos presuntos responsables de un doble homicidio en El Espinal (Tolima)\",\"datePublished\":\"2024-01-18T21:58:00+00:00\",\"dateModified\":\"2024-01-18T21:58:00+00:00\",\"mainEntityOfPage\":{\"@id\":\"https:\/\/www.fiscalia.gov.co\/colombia\/noticias\/imputados-dos-presuntos-responsables-de-un-doble-homicidio-en-el-espinal-tolima\/\"},\"wordCount\":458,\"publisher\":{\"@id\":\"https:\/\/www.fiscalia.gov.co\/colombia\/#organization\"},\"image\":{\"@id\":\"https:\/\/www.fiscalia.gov.co\/colombia\/noticias\/imputados-dos-presuntos-responsables-de-un-doble-homicidio-en-el-espinal-tolima\/#primaryimage\"},\"thumbnailUrl\":\"https:\/\/www.fiscalia.gov.co\/colombia\/wp-content\/uploads\/penagos-homicidio-espinal-300x181.jpeg\",\"keywords\":[\"brujer\u00eda virtual\",\"El Espinal\",\"Fiscal\u00eda General de la Naci\u00f3n\",\"Homicidio agravado\",\"Ibagu\u00e9 (Tolima)\",\"Imputaci\u00f3n\",\"medida\",\"Porte de armas\",\"Sicariato\",\"Tentativa de homicidio agravado\"],\"articleSection\":[\"Noticias\",\"Seccional Ibagu\u00e9\",\"Seccionales\",\"Seguridad territorial\"],\"inLanguage\":\"es-CO\"},{\"@type\":\"WebPage\",\"@id\":\"https:\/\/www.fiscalia.gov.co\/colombia\/noticias\/imputados-dos-presuntos-responsables-de-un-doble-homicidio-en-el-espinal-tolima\/\",\"url\":\"https:\/\/www.fiscalia.gov.co\/colombia\/noticias\/imputados-dos-presuntos-responsables-de-un-doble-homicidio-en-el-espinal-tolima\/\",\"name\":\"Fiscal\u00eda General de la Naci\u00f3n\",\"isPartOf\":{\"@id\":\"https:\/\/www.fiscalia.gov.co\/colombia\/#website\"},\"primaryImageOfPage\":{\"@id\":\"https:\/\/www.fiscalia.gov.co\/colombia\/noticias\/imputados-dos-presuntos-responsables-de-un-doble-homicidio-en-el-espinal-tolima\/#primaryimage\"},\"image\":{\"@id\":\"https:\/\/www.fiscalia.gov.co\/colombia\/noticias\/imputados-dos-presuntos-responsables-de-un-doble-homicidio-en-el-espinal-tolima\/#primaryimage\"},\"thumbnailUrl\":\"https:\/\/www.fiscalia.gov.co\/colombia\/wp-content\/uploads\/penagos-homicidio-espinal-300x181.jpeg\",\"datePublished\":\"2024-01-18T21:58:00+00:00\",\"dateModified\":\"2024-01-18T21:58:00+00:00\",\"description\":\"P\u00e1gina oficial de la Fiscal\u00eda General de la Naci\u00f3n \u2013 Colombia. Garantizamos el acceso efectivo a la justicia, la verdad y la reparaci\u00f3n de las v\u00edctimas de los delitos.\",\"breadcrumb\":{\"@id\":\"https:\/\/www.fiscalia.gov.co\/colombia\/noticias\/imputados-dos-presuntos-responsables-de-un-doble-homicidio-en-el-espinal-tolima\/#breadcrumb\"},\"inLanguage\":\"es-CO\",\"potentialAction\":[{\"@type\":\"ReadAction\",\"target\":[\"https:\/\/www.fiscalia.gov.co\/colombia\/noticias\/imputados-dos-presuntos-responsables-de-un-doble-homicidio-en-el-espinal-tolima\/\"]}]},{\"@type\":\"ImageObject\",\"inLanguage\":\"es-CO\",\"@id\":\"https:\/\/www.fiscalia.gov.co\/colombia\/noticias\/imputados-dos-presuntos-responsables-de-un-doble-homicidio-en-el-espinal-tolima\/#primaryimage\",\"url\":\"https:\/\/www.fiscalia.gov.co\/colombia\/wp-content\/uploads\/penagos-homicidio-espinal-300x181.jpeg\",\"contentUrl\":\"https:\/\/www.fiscalia.gov.co\/colombia\/wp-content\/uploads\/penagos-homicidio-espinal-300x181.jpeg\"},{\"@type\":\"BreadcrumbList\",\"@id\":\"https:\/\/www.fiscalia.gov.co\/colombia\/noticias\/imputados-dos-presuntos-responsables-de-un-doble-homicidio-en-el-espinal-tolima\/#breadcrumb\",\"itemListElement\":[{\"@type\":\"ListItem\",\"position\":1,\"name\":\"Home\",\"item\":\"https:\/\/www.fiscalia.gov.co\/colombia\/\"},{\"@type\":\"ListItem\",\"position\":2,\"name\":\"Imputados dos presuntos responsables de un doble homicidio en El Espinal (Tolima)\"}]},{\"@type\":\"WebSite\",\"@id\":\"https:\/\/www.fiscalia.gov.co\/colombia\/#website\",\"url\":\"https:\/\/www.fiscalia.gov.co\/colombia\/\",\"name\":\"Fiscal\u00eda General de la Naci\u00f3n\",\"description\":\"P\u00e1gina oficial de la Fiscal\u00eda General de la Naci\u00f3n \u2013 Colombia. Garantizamos el acceso efectivo a la justicia, la verdad y la reparaci\u00f3n de las v\u00edctimas de los delitos.\",\"publisher\":{\"@id\":\"https:\/\/www.fiscalia.gov.co\/colombia\/#organization\"},\"potentialAction\":[{\"@type\":\"SearchAction\",\"target\":{\"@type\":\"EntryPoint\",\"urlTemplate\":\"https:\/\/www.fiscalia.gov.co\/colombia\/?s={search_term_string}\"},\"query-input\":{\"@type\":\"PropertyValueSpecification\",\"valueRequired\":true,\"valueName\":\"search_term_string\"}}],\"inLanguage\":\"es-CO\"},{\"@type\":\"Organization\",\"@id\":\"https:\/\/www.fiscalia.gov.co\/colombia\/#organization\",\"name\":\"Fiscal\u00eda General de la Naci\u00f3n\",\"url\":\"https:\/\/www.fiscalia.gov.co\/colombia\/\",\"logo\":{\"@type\":\"ImageObject\",\"inLanguage\":\"es-CO\",\"@id\":\"https:\/\/www.fiscalia.gov.co\/colombia\/#\/schema\/logo\/image\/\",\"url\":\"https:\/\/www.fiscalia.gov.co\/colombia\/wp-content\/uploads\/LogoHorizontal_1.jpg\",\"contentUrl\":\"https:\/\/www.fiscalia.gov.co\/colombia\/wp-content\/uploads\/LogoHorizontal_1.jpg\",\"width\":300,\"height\":90,\"caption\":\"Fiscal\u00eda General de la Naci\u00f3n\"},\"image\":{\"@id\":\"https:\/\/www.fiscalia.gov.co\/colombia\/#\/schema\/logo\/image\/\"},\"sameAs\":[\"https:\/\/www.facebook.com\/FiscaliaCol\",\"https:\/\/x.com\/FiscaliaCol\",\"https:\/\/www.instagram.com\/fiscaliacol\",\"https:\/\/www.linkedin.com\/company\/fiscalia-general-de-la-naci-n\/\",\"https:\/\/youtube.com\/@fiscaliageneraldelanacion-4668?si=6nN79nyQICPU5iTh\"]},{\"@type\":\"Person\",\"@id\":\"https:\/\/www.fiscalia.gov.co\/colombia\/#\/schema\/person\/176195b99ebab0a52aafa15197e1bf80\",\"name\":\"Winnie Geraldine Rodr\u00edguez Navarrete\",\"image\":{\"@type\":\"ImageObject\",\"inLanguage\":\"es-CO\",\"@id\":\"https:\/\/www.fiscalia.gov.co\/colombia\/#\/schema\/person\/image\/\",\"url\":\"https:\/\/secure.gravatar.com\/avatar\/c24cf8481dc84fa5e8c7b20bc95ab0c6?s=96&d=mm&r=g\",\"contentUrl\":\"https:\/\/secure.gravatar.com\/avatar\/c24cf8481dc84fa5e8c7b20bc95ab0c6?s=96&d=mm&r=g\",\"caption\":\"Winnie Geraldine Rodr\u00edguez Navarrete\"},\"url\":\"https:\/\/www.fiscalia.gov.co\/colombia\/author\/winnierodriguez\/\"}]}<\/script>\n<!-- \/ Yoast SEO plugin. -->","yoast_head_json":{"title":"Fiscal\u00eda General de la Naci\u00f3n","description":"P\u00e1gina oficial de la Fiscal\u00eda General de la Naci\u00f3n \u2013 Colombia. Garantizamos el acceso efectivo a la justicia, la verdad y la reparaci\u00f3n de las v\u00edctimas de los delitos.","robots":{"index":"noindex","follow":"follow"},"og_locale":"es_ES","og_type":"article","og_title":"Fiscal\u00eda General de la Naci\u00f3n","og_description":"P\u00e1gina oficial de la Fiscal\u00eda General de la Naci\u00f3n \u2013 Colombia. Garantizamos el acceso efectivo a la justicia, la verdad y la reparaci\u00f3n de las v\u00edctimas de los delitos.","og_url":"https:\/\/www.fiscalia.gov.co\/colombia\/noticias\/imputados-dos-presuntos-responsables-de-un-doble-homicidio-en-el-espinal-tolima\/","og_site_name":"Fiscal\u00eda General de la Naci\u00f3n","article_publisher":"https:\/\/www.facebook.com\/FiscaliaCol","article_published_time":"2024-01-18T21:58:00+00:00","og_image":[{"url":"https:\/\/www.fiscalia.gov.co\/colombia\/wp-content\/uploads\/penagos-homicidio-espinal-300x181.jpeg","type":"","width":"","height":""}],"author":"Winnie Geraldine Rodr\u00edguez Navarrete","twitter_card":"summary_large_image","twitter_creator":"@FiscaliaCol","twitter_site":"@FiscaliaCol","twitter_misc":{"Escrito por":"Winnie Geraldine Rodr\u00edguez Navarrete","Tiempo de lectura":"3 minutos"},"schema":{"@context":"https:\/\/schema.org","@graph":[{"@type":"Article","@id":"https:\/\/www.fiscalia.gov.co\/colombia\/noticias\/imputados-dos-presuntos-responsables-de-un-doble-homicidio-en-el-espinal-tolima\/#article","isPartOf":{"@id":"https:\/\/www.fiscalia.gov.co\/colombia\/noticias\/imputados-dos-presuntos-responsables-de-un-doble-homicidio-en-el-espinal-tolima\/"},"author":{"name":"Winnie Geraldine Rodr\u00edguez Navarrete","@id":"https:\/\/www.fiscalia.gov.co\/colombia\/#\/schema\/person\/176195b99ebab0a52aafa15197e1bf80"},"headline":"Imputados dos presuntos responsables de un doble homicidio en El Espinal (Tolima)","datePublished":"2024-01-18T21:58:00+00:00","dateModified":"2024-01-18T21:58:00+00:00","mainEntityOfPage":{"@id":"https:\/\/www.fiscalia.gov.co\/colombia\/noticias\/imputados-dos-presuntos-responsables-de-un-doble-homicidio-en-el-espinal-tolima\/"},"wordCount":458,"publisher":{"@id":"https:\/\/www.fiscalia.gov.co\/colombia\/#organization"},"image":{"@id":"https:\/\/www.fiscalia.gov.co\/colombia\/noticias\/imputados-dos-presuntos-responsables-de-un-doble-homicidio-en-el-espinal-tolima\/#primaryimage"},"thumbnailUrl":"https:\/\/www.fiscalia.gov.co\/colombia\/wp-content\/uploads\/penagos-homicidio-espinal-300x181.jpeg","keywords":["brujer\u00eda virtual","El Espinal","Fiscal\u00eda General de la Naci\u00f3n","Homicidio agravado","Ibagu\u00e9 (Tolima)","Imputaci\u00f3n","medida","Porte de armas","Sicariato","Tentativa de homicidio agravado"],"articleSection":["Noticias","Seccional Ibagu\u00e9","Seccionales","Seguridad territorial"],"inLanguage":"es-CO"},{"@type":"WebPage","@id":"https:\/\/www.fiscalia.gov.co\/colombia\/noticias\/imputados-dos-presuntos-responsables-de-un-doble-homicidio-en-el-espinal-tolima\/","url":"https:\/\/www.fiscalia.gov.co\/colombia\/noticias\/imputados-dos-presuntos-responsables-de-un-doble-homicidio-en-el-espinal-tolima\/","name":"Fiscal\u00eda General de la Naci\u00f3n","isPartOf":{"@id":"https:\/\/www.fiscalia.gov.co\/colombia\/#website"},"primaryImageOfPage":{"@id":"https:\/\/www.fiscalia.gov.co\/colombia\/noticias\/imputados-dos-presuntos-responsables-de-un-doble-homicidio-en-el-espinal-tolima\/#primaryimage"},"image":{"@id":"https:\/\/www.fiscalia.gov.co\/colombia\/noticias\/imputados-dos-presuntos-responsables-de-un-doble-homicidio-en-el-espinal-tolima\/#primaryimage"},"thumbnailUrl":"https:\/\/www.fiscalia.gov.co\/colombia\/wp-content\/uploads\/penagos-homicidio-espinal-300x181.jpeg","datePublished":"2024-01-18T21:58:00+00:00","dateModified":"2024-01-18T21:58:00+00:00","description":"P\u00e1gina oficial de la Fiscal\u00eda General de la Naci\u00f3n \u2013 Colombia. Garantizamos el acceso efectivo a la justicia, la verdad y la reparaci\u00f3n de las v\u00edctimas de los delitos.","breadcrumb":{"@id":"https:\/\/www.fiscalia.gov.co\/colombia\/noticias\/imputados-dos-presuntos-responsables-de-un-doble-homicidio-en-el-espinal-tolima\/#breadcrumb"},"inLanguage":"es-CO","potentialAction":[{"@type":"ReadAction","target":["https:\/\/www.fiscalia.gov.co\/colombia\/noticias\/imputados-dos-presuntos-responsables-de-un-doble-homicidio-en-el-espinal-tolima\/"]}]},{"@type":"ImageObject","inLanguage":"es-CO","@id":"https:\/\/www.fiscalia.gov.co\/colombia\/noticias\/imputados-dos-presuntos-responsables-de-un-doble-homicidio-en-el-espinal-tolima\/#primaryimage","url":"https:\/\/www.fiscalia.gov.co\/colombia\/wp-content\/uploads\/penagos-homicidio-espinal-300x181.jpeg","contentUrl":"https:\/\/www.fiscalia.gov.co\/colombia\/wp-content\/uploads\/penagos-homicidio-espinal-300x181.jpeg"},{"@type":"BreadcrumbList","@id":"https:\/\/www.fiscalia.gov.co\/colombia\/noticias\/imputados-dos-presuntos-responsables-de-un-doble-homicidio-en-el-espinal-tolima\/#breadcrumb","itemListElement":[{"@type":"ListItem","position":1,"name":"Home","item":"https:\/\/www.fiscalia.gov.co\/colombia\/"},{"@type":"ListItem","position":2,"name":"Imputados dos presuntos responsables de un doble homicidio en El Espinal (Tolima)"}]},{"@type":"WebSite","@id":"https:\/\/www.fiscalia.gov.co\/colombia\/#website","url":"https:\/\/www.fiscalia.gov.co\/colombia\/","name":"Fiscal\u00eda General de la Naci\u00f3n","description":"P\u00e1gina oficial de la Fiscal\u00eda General de la Naci\u00f3n \u2013 Colombia. Garantizamos el acceso efectivo a la justicia, la verdad y la reparaci\u00f3n de las v\u00edctimas de los delitos.","publisher":{"@id":"https:\/\/www.fiscalia.gov.co\/colombia\/#organization"},"potentialAction":[{"@type":"SearchAction","target":{"@type":"EntryPoint","urlTemplate":"https:\/\/www.fiscalia.gov.co\/colombia\/?s={search_term_string}"},"query-input":{"@type":"PropertyValueSpecification","valueRequired":true,"valueName":"search_term_string"}}],"inLanguage":"es-CO"},{"@type":"Organization","@id":"https:\/\/www.fiscalia.gov.co\/colombia\/#organization","name":"Fiscal\u00eda General de la Naci\u00f3n","url":"https:\/\/www.fiscalia.gov.co\/colombia\/","logo":{"@type":"ImageObject","inLanguage":"es-CO","@id":"https:\/\/www.fiscalia.gov.co\/colombia\/#\/schema\/logo\/image\/","url":"https:\/\/www.fiscalia.gov.co\/colombia\/wp-content\/uploads\/LogoHorizontal_1.jpg","contentUrl":"https:\/\/www.fiscalia.gov.co\/colombia\/wp-content\/uploads\/LogoHorizontal_1.jpg","width":300,"height":90,"caption":"Fiscal\u00eda General de la Naci\u00f3n"},"image":{"@id":"https:\/\/www.fiscalia.gov.co\/colombia\/#\/schema\/logo\/image\/"},"sameAs":["https:\/\/www.facebook.com\/FiscaliaCol","https:\/\/x.com\/FiscaliaCol","https:\/\/www.instagram.com\/fiscaliacol","https:\/\/www.linkedin.com\/company\/fiscalia-general-de-la-naci-n\/","https:\/\/youtube.com\/@fiscaliageneraldelanacion-4668?si=6nN79nyQICPU5iTh"]},{"@type":"Person","@id":"https:\/\/www.fiscalia.gov.co\/colombia\/#\/schema\/person\/176195b99ebab0a52aafa15197e1bf80","name":"Winnie Geraldine Rodr\u00edguez Navarrete","image":{"@type":"ImageObject","inLanguage":"es-CO","@id":"https:\/\/www.fiscalia.gov.co\/colombia\/#\/schema\/person\/image\/","url":"https:\/\/secure.gravatar.com\/avatar\/c24cf8481dc84fa5e8c7b20bc95ab0c6?s=96&d=mm&r=g","contentUrl":"https:\/\/secure.gravatar.com\/avatar\/c24cf8481dc84fa5e8c7b20bc95ab0c6?s=96&d=mm&r=g","caption":"Winnie Geraldine Rodr\u00edguez Navarrete"},"url":"https:\/\/www.fiscalia.gov.co\/colombia\/author\/winnierodriguez\/"}]}},"_links":{"self":[{"href":"https:\/\/www.fiscalia.gov.co\/colombia\/wp-json\/wp\/v2\/posts\/286335","targetHints":{"allow":["GET"]}}],"collection":[{"href":"https:\/\/www.fiscalia.gov.co\/colombia\/wp-json\/wp\/v2\/posts"}],"about":[{"href":"https:\/\/www.fiscalia.gov.co\/colombia\/wp-json\/wp\/v2\/types\/post"}],"author":[{"embeddable":true,"href":"https:\/\/www.fiscalia.gov.co\/colombia\/wp-json\/wp\/v2\/users\/178"}],"replies":[{"embeddable":true,"href":"https:\/\/www.fiscalia.gov.co\/colombia\/wp-json\/wp\/v2\/comments?post=286335"}],"version-history":[{"count":2,"href":"https:\/\/www.fiscalia.gov.co\/colombia\/wp-json\/wp\/v2\/posts\/286335\/revisions"}],"predecessor-version":[{"id":286338,"href":"https:\/\/www.fiscalia.gov.co\/colombia\/wp-json\/wp\/v2\/posts\/286335\/revisions\/286338"}],"wp:attachment":[{"href":"https:\/\/www.fiscalia.gov.co\/colombia\/wp-json\/wp\/v2\/media?parent=286335"}],"wp:term":[{"taxonomy":"category","embeddable":true,"href":"https:\/\/www.fiscalia.gov.co\/colombia\/wp-json\/wp\/v2\/categories?post=286335"},{"taxonomy":"post_tag","embeddable":true,"href":"https:\/\/www.fiscalia.gov.co\/colombia\/wp-json\/wp\/v2\/tags?post=286335"}],"curies":[{"name":"wp","href":"https:\/\/api.w.org\/{rel}","templated":true}]}}