{"id":286194,"date":"2024-01-17T11:27:40","date_gmt":"2024-01-17T16:27:40","guid":{"rendered":"https:\/\/www.fiscalia.gov.co\/colombia\/?p=286194"},"modified":"2024-01-17T11:53:27","modified_gmt":"2024-01-17T16:53:27","slug":"fiscalia-se-fortalecio-en-estructura-talento-humano-y-atencion-a-la-ciudadania-gracias-a-la-efectiva-gestion-administrativa-realizada-durante-los-ultimos-cuatro-anos","status":"publish","type":"post","link":"https:\/\/www.fiscalia.gov.co\/colombia\/noticias\/fiscalia-se-fortalecio-en-estructura-talento-humano-y-atencion-a-la-ciudadania-gracias-a-la-efectiva-gestion-administrativa-realizada-durante-los-ultimos-cuatro-anos\/","title":{"rendered":"Fiscal\u00eda se fortaleci\u00f3 en estructura, talento humano y atenci\u00f3n a la ciudadan\u00eda gracias a la efectiva gesti\u00f3n administrativa realizada durante los \u00faltimos cuatro a\u00f1os"},"content":{"rendered":"<ul>\n<li>\n<h4><strong><em>Fue ejecutado un presupuesto superior a los 18,2 billones de pesos, intervenidas 732 sedes y construidos b\u00fankeres para concentrar la oferta de servicios de la entidad que estaba dispersa en varias<\/em><\/strong><\/h4>\n<\/li>\n<\/ul>\n<ul>\n<li>\n<h4><strong><em>Se mantuvo un acercamiento permanente con los sindicatos de la entidad que permiti\u00f3 concretar un acuerdo con 82 aspectos laborales.<\/em><\/strong><\/h4>\n<\/li>\n<li>\n<h4><strong><em>Aument\u00f3 la presencia de la Fiscal\u00eda en los territorios. De estar presente en 483 municipios al inicio del periodo, se pas\u00f3 a 700 municipios al t\u00e9rmino de 2023.<\/em><\/strong><\/h4>\n<\/li>\n<\/ul>\n<p>La Fiscal\u00eda General de la Naci\u00f3n se fortaleci\u00f3 entre 2020 y 2023. Gracias a la gesti\u00f3n administrativa y la directriz del Fiscal General de la Naci\u00f3n, Francisco Barbosa Delgado, de aumentar la presencia institucional en la calle y en los territorios.<\/p>\n<p>Durante este periodo la gerencia administrativa del Fiscal General de la Naci\u00f3n permiti\u00f3 cubrir de manera oportuna el sostenimiento de la planta de personal, la adquisici\u00f3n de bienes y servicios necesarios para el funcionamiento de la entidad en todo el territorio nacional, el pago de sentencias y conciliaciones que ven\u00edan rezagadas, la ejecuci\u00f3n de proyectos de inversi\u00f3n destinados a fortalecer el Cuerpo T\u00e9cnico de Investigaci\u00f3n (CTI) y mejorar la plataforma tecnol\u00f3gica y la infraestructura f\u00edsica de la entidad.<\/p>\n<p>&nbsp;<\/p>\n<figure id=\"attachment_286202\" aria-describedby=\"caption-attachment-286202\" style=\"width: 449px\" class=\"wp-caption aligncenter\"><img loading=\"lazy\" decoding=\"async\" class=\" wp-image-286202\" src=\"https:\/\/www.fiscalia.gov.co\/colombia\/wp-content\/uploads\/PAF-San-Jose-de-Canalete-300x200.jpeg\" alt=\"En la foto  una casa blanca de dos pisos donde queda ubicado el nuevo Punto de Atenci\u00f3n de la Fiscal\u00eda PAF que fue inaugurado en Guatap\u00e9, Antioquia.\" width=\"449\" height=\"299\" srcset=\"https:\/\/www.fiscalia.gov.co\/colombia\/wp-content\/uploads\/PAF-San-Jose-de-Canalete-300x200.jpeg 300w, https:\/\/www.fiscalia.gov.co\/colombia\/wp-content\/uploads\/PAF-San-Jose-de-Canalete-1024x682.jpeg 1024w, https:\/\/www.fiscalia.gov.co\/colombia\/wp-content\/uploads\/PAF-San-Jose-de-Canalete-768x512.jpeg 768w, https:\/\/www.fiscalia.gov.co\/colombia\/wp-content\/uploads\/PAF-San-Jose-de-Canalete-1536x1023.jpeg 1536w, https:\/\/www.fiscalia.gov.co\/colombia\/wp-content\/uploads\/PAF-San-Jose-de-Canalete-696x464.jpeg 696w, https:\/\/www.fiscalia.gov.co\/colombia\/wp-content\/uploads\/PAF-San-Jose-de-Canalete-1068x712.jpeg 1068w, https:\/\/www.fiscalia.gov.co\/colombia\/wp-content\/uploads\/PAF-San-Jose-de-Canalete-630x420.jpeg 630w, https:\/\/www.fiscalia.gov.co\/colombia\/wp-content\/uploads\/PAF-San-Jose-de-Canalete.jpeg 1600w\" sizes=\"auto, (max-width: 449px) 100vw, 449px\" \/><figcaption id=\"caption-attachment-286202\" class=\"wp-caption-text\">Momento en que el fiscal General de la Naci\u00f3n Francisco Barbosa y otros funcionarios inauguran el nuevo Punto de Atenci\u00f3n de la Fiscal\u00eda PAF en Guatap\u00e9, Antioquia.<\/figcaption><\/figure>\n<p><strong>Gesti\u00f3n en infraestructura<\/strong><\/p>\n<p>En casi cuatro a\u00f1os fueron intervenidas 734 sedes, dignificando el servicio esencial de administraci\u00f3n de justicia, humanizando la atenci\u00f3n a los usuarios y las condiciones laborales de los funcionarios.<\/p>\n<p>Se construyeron y pusieron en operaci\u00f3n los b\u00fankeres de Neiva (Huila), Soledad (Atl\u00e1ntico) y San Jos\u00e9 del Guaviare. Entr\u00f3 en funcionamiento y con las condiciones climatizadas adecuadas el b\u00fanker de San Jos\u00e9 de C\u00facuta; y se cambiaron y renovaron las sedes de las seccionales Vichada, Sucre, C\u00f3rdoba, Amazonas, Antioqu\u00eda, Santander, Arauca, Bol\u00edvar, Choc\u00f3, Caldas, Atl\u00e1ntico y Magdalena, entre otras. Adem\u00e1s, se reconstruy\u00f3 la sede de Providencia, destruida tras el paso del hurac\u00e1n Iota por la isla.<\/p>\n<p>En este momento avanza la construcci\u00f3n totalmente financiada de los b\u00fankeres de Cali (Valle del Cauca), Floridablanca (Santander), Popay\u00e1n (Cauca) y Mit\u00fa (Vaup\u00e9s), los cuales beneficiar\u00e1n a 1.967 servidores.<\/p>\n<figure id=\"attachment_286201\" aria-describedby=\"caption-attachment-286201\" style=\"width: 381px\" class=\"wp-caption aligncenter\"><img loading=\"lazy\" decoding=\"async\" class=\"wp-image-286201\" src=\"https:\/\/www.fiscalia.gov.co\/colombia\/wp-content\/uploads\/PAF-Guatape--300x200.jpeg\" alt=\"En la foto  una casa blanca de dos pisos donde queda ubicado el nuevo Punto de Atenci\u00f3n de la Fiscal\u00eda PAF que fue inaugurado en Guatap\u00e9, Antioquia.\" width=\"381\" height=\"254\" srcset=\"https:\/\/www.fiscalia.gov.co\/colombia\/wp-content\/uploads\/PAF-Guatape--300x200.jpeg 300w, https:\/\/www.fiscalia.gov.co\/colombia\/wp-content\/uploads\/PAF-Guatape--1024x682.jpeg 1024w, https:\/\/www.fiscalia.gov.co\/colombia\/wp-content\/uploads\/PAF-Guatape--768x512.jpeg 768w, https:\/\/www.fiscalia.gov.co\/colombia\/wp-content\/uploads\/PAF-Guatape--1536x1023.jpeg 1536w, https:\/\/www.fiscalia.gov.co\/colombia\/wp-content\/uploads\/PAF-Guatape--696x464.jpeg 696w, https:\/\/www.fiscalia.gov.co\/colombia\/wp-content\/uploads\/PAF-Guatape--1068x712.jpeg 1068w, https:\/\/www.fiscalia.gov.co\/colombia\/wp-content\/uploads\/PAF-Guatape--630x420.jpeg 630w, https:\/\/www.fiscalia.gov.co\/colombia\/wp-content\/uploads\/PAF-Guatape-.jpeg 1600w\" sizes=\"auto, (max-width: 381px) 100vw, 381px\" \/><figcaption id=\"caption-attachment-286201\" class=\"wp-caption-text\">Nuevo Punto de Atenci\u00f3n de la Fiscal\u00eda PAF fue inaugurado en Guatap\u00e9, Antioquia.<\/figcaption><\/figure>\n<p><strong>Fortalecimiento en talento humano\u00a0<\/strong><\/p>\n<p>Entre 2020 y 2023, fueron ascendidos 14.075 funcionarios y se desarrollaron actividades de fortalecimiento del clima laboral y de bienestar dirigidas a los servidores y a su n\u00facleoamiliar.<\/p>\n<p>Se abrieron dos concursos para proveer por m\u00e9rito 1.556 vacantes definitivas de una manera escalonada y gradual, causando el menor impacto posible a la planta de provisionalidad de la Fiscal\u00eda.<\/p>\n<p>Tambi\u00e9n se mantuvo un acercamiento con las organizaciones sindicales que permiti\u00f3 trabajar en equipo en beneficio de la entidad, los funcionarios y su n\u00facleo familiar. Esta labor qued\u00f3 plasmada en un acuerdo de 82 puntos laborales que se han venido cumpliendo por la administraci\u00f3n.<\/p>\n<figure id=\"attachment_286199\" aria-describedby=\"caption-attachment-286199\" style=\"width: 464px\" class=\"wp-caption aligncenter\"><img loading=\"lazy\" decoding=\"async\" class=\"wp-image-286199 \" src=\"https:\/\/www.fiscalia.gov.co\/colombia\/wp-content\/uploads\/PAF-Guatape-2-300x200.jpeg\" alt=\"En la foto  una casa blanca de dos pisos donde queda ubicado el nuevo Punto de Atenci\u00f3n de la Fiscal\u00eda PAF que fue inaugurado en Guatap\u00e9, Antioquia.\" width=\"464\" height=\"309\" srcset=\"https:\/\/www.fiscalia.gov.co\/colombia\/wp-content\/uploads\/PAF-Guatape-2-300x200.jpeg 300w, https:\/\/www.fiscalia.gov.co\/colombia\/wp-content\/uploads\/PAF-Guatape-2-1024x682.jpeg 1024w, https:\/\/www.fiscalia.gov.co\/colombia\/wp-content\/uploads\/PAF-Guatape-2-768x512.jpeg 768w, https:\/\/www.fiscalia.gov.co\/colombia\/wp-content\/uploads\/PAF-Guatape-2-1536x1023.jpeg 1536w, https:\/\/www.fiscalia.gov.co\/colombia\/wp-content\/uploads\/PAF-Guatape-2-696x464.jpeg 696w, https:\/\/www.fiscalia.gov.co\/colombia\/wp-content\/uploads\/PAF-Guatape-2-1068x712.jpeg 1068w, https:\/\/www.fiscalia.gov.co\/colombia\/wp-content\/uploads\/PAF-Guatape-2-630x420.jpeg 630w, https:\/\/www.fiscalia.gov.co\/colombia\/wp-content\/uploads\/PAF-Guatape-2.jpeg 1600w\" sizes=\"auto, (max-width: 464px) 100vw, 464px\" \/><figcaption id=\"caption-attachment-286199\" class=\"wp-caption-text\">Nuevo Punto de Atenci\u00f3n de la Fiscal\u00eda PAF fue inaugurado en Guatap\u00e9, Antioquia.<\/figcaption><\/figure>\n<p>Como parte del plan fortalecimiento institucional fueron creadas cuatro direcciones para enfrentar investigativa y judicialmente nuevos fen\u00f3menos delictivos, estas son: Direcci\u00f3n para los Delitos contra los Recursos Naturales y el Medio Ambiente, Direcci\u00f3n contra los Delitos Inform\u00e1ticos, Direcci\u00f3n contra los Delitos Fiscales y Direcci\u00f3n de Apoyo Territorial.<\/p>\n<p>Con ocasi\u00f3n de la pandemia del Covid-19, la Fiscal\u00eda gestion\u00f3 la priorizaci\u00f3n de la vacunaci\u00f3n para los servidores y se garantiz\u00f3 la protecci\u00f3n adecuada para no interrumpir la prestaci\u00f3n del servicio de administraci\u00f3n de justicia.<\/p>\n<p><strong>Gesti\u00f3n documental<\/strong><\/p>\n<p>Durante este periodo la Fiscal\u00eda tramit\u00f3 1\u2019022.397 requerimientos, a trav\u00e9s de su Ventanilla \u00danica de Correspondencia; 532.928 denuncias recibidas f\u00edsicamente y m\u00e1s de 341.647 solicitudes de PQR\u2019S instauradas por canales virtuales.<\/p>\n<p><strong><u>La Fiscal\u00eda habla con resultados<\/u><\/strong><strong>.<\/strong><\/p>\n<p>&nbsp;<\/p>\n<p>&nbsp;<\/p>\n<p>&nbsp;<\/p>\n<p>LYBT\/JARG\/ATRS\/<\/p>\n<p>&nbsp;<\/p>\n<p>&nbsp;<\/p>\n<p><em>La informaci\u00f3n contenida en este bolet\u00edn de prensa corresponde a la narraci\u00f3n de los hechos noticiosos objetivos, suministrados por los funcionarios encargados de adelantar las investigaciones penales al interior de la Fiscal\u00eda General de la Naci\u00f3n. Para el momento de la divulgaci\u00f3n de este comunicado, la situaci\u00f3n jur\u00eddica de la(s) persona(s) relacionada(s) se encuentra pendiente de resolver por la autoridad judicial competente, siempre bajo los preceptos de la presunci\u00f3n de inocencia, consagrados en el art\u00edculo 29 de la Constituci\u00f3n Pol\u00edtica y el art\u00edculo 7\u00ba de la Ley 906 de 2004. <\/em><\/p>\n\n<div class=\"twitter-share\"><a href=\"https:\/\/twitter.com\/intent\/tweet?via=fiscaliacol\" class=\"twitter-share-button\">Tweet<\/a><\/div>\n","protected":false},"excerpt":{"rendered":"<p>Fue ejecutado un presupuesto superior a los 18,2 billones de pesos, intervenidas 732 sedes y construidos b\u00fankeres para concentrar la oferta de servicios de la entidad que estaba dispersa en varias Se mantuvo un acercamiento permanente con los sindicatos de la entidad que permiti\u00f3 concretar un acuerdo con 82 aspectos laborales. Aument\u00f3 la presencia de [&hellip;]<\/p>\n","protected":false},"author":178,"featured_media":0,"comment_status":"closed","ping_status":"open","sticky":false,"template":"","format":"standard","meta":{"_price":"","_stock":"","_tribe_ticket_header":"","_tribe_default_ticket_provider":"","_tribe_ticket_capacity":"0","_ticket_start_date":"","_ticket_end_date":"","_tribe_ticket_show_description":"","_tribe_ticket_show_not_going":false,"_tribe_ticket_use_global_stock":"","_tribe_ticket_global_stock_level":"","_global_stock_mode":"","_global_stock_cap":"","_tribe_rsvp_for_event":"","_tribe_ticket_going_count":"","_tribe_ticket_not_going_count":"","_tribe_tickets_list":"[]","_tribe_ticket_has_attendee_info_fields":false,"tdm_status":"","tdm_grid_status":"","footnotes":""},"categories":[1],"tags":[33862],"class_list":{"0":"post-286194","1":"post","2":"type-post","3":"status-publish","4":"format-standard","6":"category-noticias","7":"tag-bogota-d-c"},"yoast_head":"<!-- This site is optimized with the Yoast SEO plugin v24.3 - https:\/\/yoast.com\/wordpress\/plugins\/seo\/ -->\n<title>Fiscal\u00eda General de la Naci\u00f3n<\/title>\n<meta name=\"description\" content=\"P\u00e1gina oficial de la Fiscal\u00eda General de la Naci\u00f3n \u2013 Colombia. Garantizamos el acceso efectivo a la justicia, la verdad y la reparaci\u00f3n de las v\u00edctimas de los delitos.\" \/>\n<meta name=\"robots\" content=\"noindex, follow\" \/>\n<meta property=\"og:locale\" content=\"es_ES\" \/>\n<meta property=\"og:type\" content=\"article\" \/>\n<meta property=\"og:title\" content=\"Fiscal\u00eda General de la Naci\u00f3n\" \/>\n<meta property=\"og:description\" content=\"P\u00e1gina oficial de la Fiscal\u00eda General de la Naci\u00f3n \u2013 Colombia. Garantizamos el acceso efectivo a la justicia, la verdad y la reparaci\u00f3n de las v\u00edctimas de los delitos.\" \/>\n<meta property=\"og:url\" content=\"https:\/\/www.fiscalia.gov.co\/colombia\/noticias\/fiscalia-se-fortalecio-en-estructura-talento-humano-y-atencion-a-la-ciudadania-gracias-a-la-efectiva-gestion-administrativa-realizada-durante-los-ultimos-cuatro-anos\/\" \/>\n<meta property=\"og:site_name\" content=\"Fiscal\u00eda General de la Naci\u00f3n\" \/>\n<meta property=\"article:publisher\" content=\"https:\/\/www.facebook.com\/FiscaliaCol\" \/>\n<meta property=\"article:published_time\" content=\"2024-01-17T16:27:40+00:00\" \/>\n<meta property=\"article:modified_time\" content=\"2024-01-17T16:53:27+00:00\" \/>\n<meta property=\"og:image\" content=\"https:\/\/www.fiscalia.gov.co\/colombia\/wp-content\/uploads\/PAF-San-Jose-de-Canalete-300x200.jpeg\" \/>\n<meta name=\"author\" content=\"Winnie Geraldine Rodr\u00edguez Navarrete\" \/>\n<meta name=\"twitter:card\" content=\"summary_large_image\" \/>\n<meta name=\"twitter:creator\" content=\"@FiscaliaCol\" \/>\n<meta name=\"twitter:site\" content=\"@FiscaliaCol\" \/>\n<meta name=\"twitter:label1\" content=\"Escrito por\" \/>\n\t<meta name=\"twitter:data1\" content=\"Winnie Geraldine Rodr\u00edguez Navarrete\" \/>\n\t<meta name=\"twitter:label2\" content=\"Tiempo de lectura\" \/>\n\t<meta name=\"twitter:data2\" content=\"4 minutos\" \/>\n<script type=\"application\/ld+json\" class=\"yoast-schema-graph\">{\"@context\":\"https:\/\/schema.org\",\"@graph\":[{\"@type\":\"Article\",\"@id\":\"https:\/\/www.fiscalia.gov.co\/colombia\/noticias\/fiscalia-se-fortalecio-en-estructura-talento-humano-y-atencion-a-la-ciudadania-gracias-a-la-efectiva-gestion-administrativa-realizada-durante-los-ultimos-cuatro-anos\/#article\",\"isPartOf\":{\"@id\":\"https:\/\/www.fiscalia.gov.co\/colombia\/noticias\/fiscalia-se-fortalecio-en-estructura-talento-humano-y-atencion-a-la-ciudadania-gracias-a-la-efectiva-gestion-administrativa-realizada-durante-los-ultimos-cuatro-anos\/\"},\"author\":{\"name\":\"Winnie Geraldine Rodr\u00edguez Navarrete\",\"@id\":\"https:\/\/www.fiscalia.gov.co\/colombia\/#\/schema\/person\/176195b99ebab0a52aafa15197e1bf80\"},\"headline\":\"Fiscal\u00eda se fortaleci\u00f3 en estructura, talento humano y atenci\u00f3n a la ciudadan\u00eda gracias a la efectiva gesti\u00f3n administrativa realizada durante los \u00faltimos cuatro a\u00f1os\",\"datePublished\":\"2024-01-17T16:27:40+00:00\",\"dateModified\":\"2024-01-17T16:53:27+00:00\",\"mainEntityOfPage\":{\"@id\":\"https:\/\/www.fiscalia.gov.co\/colombia\/noticias\/fiscalia-se-fortalecio-en-estructura-talento-humano-y-atencion-a-la-ciudadania-gracias-a-la-efectiva-gestion-administrativa-realizada-durante-los-ultimos-cuatro-anos\/\"},\"wordCount\":826,\"publisher\":{\"@id\":\"https:\/\/www.fiscalia.gov.co\/colombia\/#organization\"},\"image\":{\"@id\":\"https:\/\/www.fiscalia.gov.co\/colombia\/noticias\/fiscalia-se-fortalecio-en-estructura-talento-humano-y-atencion-a-la-ciudadania-gracias-a-la-efectiva-gestion-administrativa-realizada-durante-los-ultimos-cuatro-anos\/#primaryimage\"},\"thumbnailUrl\":\"https:\/\/www.fiscalia.gov.co\/colombia\/wp-content\/uploads\/PAF-San-Jose-de-Canalete-300x200.jpeg\",\"keywords\":[\"Bogot\u00e1 D.C.\"],\"articleSection\":[\"Noticias\"],\"inLanguage\":\"es-CO\"},{\"@type\":\"WebPage\",\"@id\":\"https:\/\/www.fiscalia.gov.co\/colombia\/noticias\/fiscalia-se-fortalecio-en-estructura-talento-humano-y-atencion-a-la-ciudadania-gracias-a-la-efectiva-gestion-administrativa-realizada-durante-los-ultimos-cuatro-anos\/\",\"url\":\"https:\/\/www.fiscalia.gov.co\/colombia\/noticias\/fiscalia-se-fortalecio-en-estructura-talento-humano-y-atencion-a-la-ciudadania-gracias-a-la-efectiva-gestion-administrativa-realizada-durante-los-ultimos-cuatro-anos\/\",\"name\":\"Fiscal\u00eda General de la Naci\u00f3n\",\"isPartOf\":{\"@id\":\"https:\/\/www.fiscalia.gov.co\/colombia\/#website\"},\"primaryImageOfPage\":{\"@id\":\"https:\/\/www.fiscalia.gov.co\/colombia\/noticias\/fiscalia-se-fortalecio-en-estructura-talento-humano-y-atencion-a-la-ciudadania-gracias-a-la-efectiva-gestion-administrativa-realizada-durante-los-ultimos-cuatro-anos\/#primaryimage\"},\"image\":{\"@id\":\"https:\/\/www.fiscalia.gov.co\/colombia\/noticias\/fiscalia-se-fortalecio-en-estructura-talento-humano-y-atencion-a-la-ciudadania-gracias-a-la-efectiva-gestion-administrativa-realizada-durante-los-ultimos-cuatro-anos\/#primaryimage\"},\"thumbnailUrl\":\"https:\/\/www.fiscalia.gov.co\/colombia\/wp-content\/uploads\/PAF-San-Jose-de-Canalete-300x200.jpeg\",\"datePublished\":\"2024-01-17T16:27:40+00:00\",\"dateModified\":\"2024-01-17T16:53:27+00:00\",\"description\":\"P\u00e1gina oficial de la Fiscal\u00eda General de la Naci\u00f3n \u2013 Colombia. Garantizamos el acceso efectivo a la justicia, la verdad y la reparaci\u00f3n de las v\u00edctimas de los delitos.\",\"breadcrumb\":{\"@id\":\"https:\/\/www.fiscalia.gov.co\/colombia\/noticias\/fiscalia-se-fortalecio-en-estructura-talento-humano-y-atencion-a-la-ciudadania-gracias-a-la-efectiva-gestion-administrativa-realizada-durante-los-ultimos-cuatro-anos\/#breadcrumb\"},\"inLanguage\":\"es-CO\",\"potentialAction\":[{\"@type\":\"ReadAction\",\"target\":[\"https:\/\/www.fiscalia.gov.co\/colombia\/noticias\/fiscalia-se-fortalecio-en-estructura-talento-humano-y-atencion-a-la-ciudadania-gracias-a-la-efectiva-gestion-administrativa-realizada-durante-los-ultimos-cuatro-anos\/\"]}]},{\"@type\":\"ImageObject\",\"inLanguage\":\"es-CO\",\"@id\":\"https:\/\/www.fiscalia.gov.co\/colombia\/noticias\/fiscalia-se-fortalecio-en-estructura-talento-humano-y-atencion-a-la-ciudadania-gracias-a-la-efectiva-gestion-administrativa-realizada-durante-los-ultimos-cuatro-anos\/#primaryimage\",\"url\":\"https:\/\/www.fiscalia.gov.co\/colombia\/wp-content\/uploads\/PAF-San-Jose-de-Canalete-300x200.jpeg\",\"contentUrl\":\"https:\/\/www.fiscalia.gov.co\/colombia\/wp-content\/uploads\/PAF-San-Jose-de-Canalete-300x200.jpeg\"},{\"@type\":\"BreadcrumbList\",\"@id\":\"https:\/\/www.fiscalia.gov.co\/colombia\/noticias\/fiscalia-se-fortalecio-en-estructura-talento-humano-y-atencion-a-la-ciudadania-gracias-a-la-efectiva-gestion-administrativa-realizada-durante-los-ultimos-cuatro-anos\/#breadcrumb\",\"itemListElement\":[{\"@type\":\"ListItem\",\"position\":1,\"name\":\"Home\",\"item\":\"https:\/\/www.fiscalia.gov.co\/colombia\/\"},{\"@type\":\"ListItem\",\"position\":2,\"name\":\"Fiscal\u00eda se fortaleci\u00f3 en estructura, talento humano y atenci\u00f3n a la ciudadan\u00eda gracias a la efectiva gesti\u00f3n administrativa realizada durante los \u00faltimos cuatro a\u00f1os\"}]},{\"@type\":\"WebSite\",\"@id\":\"https:\/\/www.fiscalia.gov.co\/colombia\/#website\",\"url\":\"https:\/\/www.fiscalia.gov.co\/colombia\/\",\"name\":\"Fiscal\u00eda General de la Naci\u00f3n\",\"description\":\"P\u00e1gina oficial de la Fiscal\u00eda General de la Naci\u00f3n \u2013 Colombia. Garantizamos el acceso efectivo a la justicia, la verdad y la reparaci\u00f3n de las v\u00edctimas de los delitos.\",\"publisher\":{\"@id\":\"https:\/\/www.fiscalia.gov.co\/colombia\/#organization\"},\"potentialAction\":[{\"@type\":\"SearchAction\",\"target\":{\"@type\":\"EntryPoint\",\"urlTemplate\":\"https:\/\/www.fiscalia.gov.co\/colombia\/?s={search_term_string}\"},\"query-input\":{\"@type\":\"PropertyValueSpecification\",\"valueRequired\":true,\"valueName\":\"search_term_string\"}}],\"inLanguage\":\"es-CO\"},{\"@type\":\"Organization\",\"@id\":\"https:\/\/www.fiscalia.gov.co\/colombia\/#organization\",\"name\":\"Fiscal\u00eda General de la Naci\u00f3n\",\"url\":\"https:\/\/www.fiscalia.gov.co\/colombia\/\",\"logo\":{\"@type\":\"ImageObject\",\"inLanguage\":\"es-CO\",\"@id\":\"https:\/\/www.fiscalia.gov.co\/colombia\/#\/schema\/logo\/image\/\",\"url\":\"https:\/\/www.fiscalia.gov.co\/colombia\/wp-content\/uploads\/LogoHorizontal_1.jpg\",\"contentUrl\":\"https:\/\/www.fiscalia.gov.co\/colombia\/wp-content\/uploads\/LogoHorizontal_1.jpg\",\"width\":300,\"height\":90,\"caption\":\"Fiscal\u00eda General de la Naci\u00f3n\"},\"image\":{\"@id\":\"https:\/\/www.fiscalia.gov.co\/colombia\/#\/schema\/logo\/image\/\"},\"sameAs\":[\"https:\/\/www.facebook.com\/FiscaliaCol\",\"https:\/\/x.com\/FiscaliaCol\",\"https:\/\/www.instagram.com\/fiscaliacol\",\"https:\/\/www.linkedin.com\/company\/fiscalia-general-de-la-naci-n\/\",\"https:\/\/youtube.com\/@fiscaliageneraldelanacion-4668?si=6nN79nyQICPU5iTh\"]},{\"@type\":\"Person\",\"@id\":\"https:\/\/www.fiscalia.gov.co\/colombia\/#\/schema\/person\/176195b99ebab0a52aafa15197e1bf80\",\"name\":\"Winnie Geraldine Rodr\u00edguez Navarrete\",\"image\":{\"@type\":\"ImageObject\",\"inLanguage\":\"es-CO\",\"@id\":\"https:\/\/www.fiscalia.gov.co\/colombia\/#\/schema\/person\/image\/\",\"url\":\"https:\/\/secure.gravatar.com\/avatar\/c24cf8481dc84fa5e8c7b20bc95ab0c6?s=96&d=mm&r=g\",\"contentUrl\":\"https:\/\/secure.gravatar.com\/avatar\/c24cf8481dc84fa5e8c7b20bc95ab0c6?s=96&d=mm&r=g\",\"caption\":\"Winnie Geraldine Rodr\u00edguez Navarrete\"},\"url\":\"https:\/\/www.fiscalia.gov.co\/colombia\/author\/winnierodriguez\/\"}]}<\/script>\n<!-- \/ Yoast SEO plugin. -->","yoast_head_json":{"title":"Fiscal\u00eda General de la Naci\u00f3n","description":"P\u00e1gina oficial de la Fiscal\u00eda General de la Naci\u00f3n \u2013 Colombia. Garantizamos el acceso efectivo a la justicia, la verdad y la reparaci\u00f3n de las v\u00edctimas de los delitos.","robots":{"index":"noindex","follow":"follow"},"og_locale":"es_ES","og_type":"article","og_title":"Fiscal\u00eda General de la Naci\u00f3n","og_description":"P\u00e1gina oficial de la Fiscal\u00eda General de la Naci\u00f3n \u2013 Colombia. Garantizamos el acceso efectivo a la justicia, la verdad y la reparaci\u00f3n de las v\u00edctimas de los delitos.","og_url":"https:\/\/www.fiscalia.gov.co\/colombia\/noticias\/fiscalia-se-fortalecio-en-estructura-talento-humano-y-atencion-a-la-ciudadania-gracias-a-la-efectiva-gestion-administrativa-realizada-durante-los-ultimos-cuatro-anos\/","og_site_name":"Fiscal\u00eda General de la Naci\u00f3n","article_publisher":"https:\/\/www.facebook.com\/FiscaliaCol","article_published_time":"2024-01-17T16:27:40+00:00","article_modified_time":"2024-01-17T16:53:27+00:00","og_image":[{"url":"https:\/\/www.fiscalia.gov.co\/colombia\/wp-content\/uploads\/PAF-San-Jose-de-Canalete-300x200.jpeg","type":"","width":"","height":""}],"author":"Winnie Geraldine Rodr\u00edguez Navarrete","twitter_card":"summary_large_image","twitter_creator":"@FiscaliaCol","twitter_site":"@FiscaliaCol","twitter_misc":{"Escrito por":"Winnie Geraldine Rodr\u00edguez Navarrete","Tiempo de lectura":"4 minutos"},"schema":{"@context":"https:\/\/schema.org","@graph":[{"@type":"Article","@id":"https:\/\/www.fiscalia.gov.co\/colombia\/noticias\/fiscalia-se-fortalecio-en-estructura-talento-humano-y-atencion-a-la-ciudadania-gracias-a-la-efectiva-gestion-administrativa-realizada-durante-los-ultimos-cuatro-anos\/#article","isPartOf":{"@id":"https:\/\/www.fiscalia.gov.co\/colombia\/noticias\/fiscalia-se-fortalecio-en-estructura-talento-humano-y-atencion-a-la-ciudadania-gracias-a-la-efectiva-gestion-administrativa-realizada-durante-los-ultimos-cuatro-anos\/"},"author":{"name":"Winnie Geraldine Rodr\u00edguez Navarrete","@id":"https:\/\/www.fiscalia.gov.co\/colombia\/#\/schema\/person\/176195b99ebab0a52aafa15197e1bf80"},"headline":"Fiscal\u00eda se fortaleci\u00f3 en estructura, talento humano y atenci\u00f3n a la ciudadan\u00eda gracias a la efectiva gesti\u00f3n administrativa realizada durante los \u00faltimos cuatro a\u00f1os","datePublished":"2024-01-17T16:27:40+00:00","dateModified":"2024-01-17T16:53:27+00:00","mainEntityOfPage":{"@id":"https:\/\/www.fiscalia.gov.co\/colombia\/noticias\/fiscalia-se-fortalecio-en-estructura-talento-humano-y-atencion-a-la-ciudadania-gracias-a-la-efectiva-gestion-administrativa-realizada-durante-los-ultimos-cuatro-anos\/"},"wordCount":826,"publisher":{"@id":"https:\/\/www.fiscalia.gov.co\/colombia\/#organization"},"image":{"@id":"https:\/\/www.fiscalia.gov.co\/colombia\/noticias\/fiscalia-se-fortalecio-en-estructura-talento-humano-y-atencion-a-la-ciudadania-gracias-a-la-efectiva-gestion-administrativa-realizada-durante-los-ultimos-cuatro-anos\/#primaryimage"},"thumbnailUrl":"https:\/\/www.fiscalia.gov.co\/colombia\/wp-content\/uploads\/PAF-San-Jose-de-Canalete-300x200.jpeg","keywords":["Bogot\u00e1 D.C."],"articleSection":["Noticias"],"inLanguage":"es-CO"},{"@type":"WebPage","@id":"https:\/\/www.fiscalia.gov.co\/colombia\/noticias\/fiscalia-se-fortalecio-en-estructura-talento-humano-y-atencion-a-la-ciudadania-gracias-a-la-efectiva-gestion-administrativa-realizada-durante-los-ultimos-cuatro-anos\/","url":"https:\/\/www.fiscalia.gov.co\/colombia\/noticias\/fiscalia-se-fortalecio-en-estructura-talento-humano-y-atencion-a-la-ciudadania-gracias-a-la-efectiva-gestion-administrativa-realizada-durante-los-ultimos-cuatro-anos\/","name":"Fiscal\u00eda General de la Naci\u00f3n","isPartOf":{"@id":"https:\/\/www.fiscalia.gov.co\/colombia\/#website"},"primaryImageOfPage":{"@id":"https:\/\/www.fiscalia.gov.co\/colombia\/noticias\/fiscalia-se-fortalecio-en-estructura-talento-humano-y-atencion-a-la-ciudadania-gracias-a-la-efectiva-gestion-administrativa-realizada-durante-los-ultimos-cuatro-anos\/#primaryimage"},"image":{"@id":"https:\/\/www.fiscalia.gov.co\/colombia\/noticias\/fiscalia-se-fortalecio-en-estructura-talento-humano-y-atencion-a-la-ciudadania-gracias-a-la-efectiva-gestion-administrativa-realizada-durante-los-ultimos-cuatro-anos\/#primaryimage"},"thumbnailUrl":"https:\/\/www.fiscalia.gov.co\/colombia\/wp-content\/uploads\/PAF-San-Jose-de-Canalete-300x200.jpeg","datePublished":"2024-01-17T16:27:40+00:00","dateModified":"2024-01-17T16:53:27+00:00","description":"P\u00e1gina oficial de la Fiscal\u00eda General de la Naci\u00f3n \u2013 Colombia. Garantizamos el acceso efectivo a la justicia, la verdad y la reparaci\u00f3n de las v\u00edctimas de los delitos.","breadcrumb":{"@id":"https:\/\/www.fiscalia.gov.co\/colombia\/noticias\/fiscalia-se-fortalecio-en-estructura-talento-humano-y-atencion-a-la-ciudadania-gracias-a-la-efectiva-gestion-administrativa-realizada-durante-los-ultimos-cuatro-anos\/#breadcrumb"},"inLanguage":"es-CO","potentialAction":[{"@type":"ReadAction","target":["https:\/\/www.fiscalia.gov.co\/colombia\/noticias\/fiscalia-se-fortalecio-en-estructura-talento-humano-y-atencion-a-la-ciudadania-gracias-a-la-efectiva-gestion-administrativa-realizada-durante-los-ultimos-cuatro-anos\/"]}]},{"@type":"ImageObject","inLanguage":"es-CO","@id":"https:\/\/www.fiscalia.gov.co\/colombia\/noticias\/fiscalia-se-fortalecio-en-estructura-talento-humano-y-atencion-a-la-ciudadania-gracias-a-la-efectiva-gestion-administrativa-realizada-durante-los-ultimos-cuatro-anos\/#primaryimage","url":"https:\/\/www.fiscalia.gov.co\/colombia\/wp-content\/uploads\/PAF-San-Jose-de-Canalete-300x200.jpeg","contentUrl":"https:\/\/www.fiscalia.gov.co\/colombia\/wp-content\/uploads\/PAF-San-Jose-de-Canalete-300x200.jpeg"},{"@type":"BreadcrumbList","@id":"https:\/\/www.fiscalia.gov.co\/colombia\/noticias\/fiscalia-se-fortalecio-en-estructura-talento-humano-y-atencion-a-la-ciudadania-gracias-a-la-efectiva-gestion-administrativa-realizada-durante-los-ultimos-cuatro-anos\/#breadcrumb","itemListElement":[{"@type":"ListItem","position":1,"name":"Home","item":"https:\/\/www.fiscalia.gov.co\/colombia\/"},{"@type":"ListItem","position":2,"name":"Fiscal\u00eda se fortaleci\u00f3 en estructura, talento humano y atenci\u00f3n a la ciudadan\u00eda gracias a la efectiva gesti\u00f3n administrativa realizada durante los \u00faltimos cuatro a\u00f1os"}]},{"@type":"WebSite","@id":"https:\/\/www.fiscalia.gov.co\/colombia\/#website","url":"https:\/\/www.fiscalia.gov.co\/colombia\/","name":"Fiscal\u00eda General de la Naci\u00f3n","description":"P\u00e1gina oficial de la Fiscal\u00eda General de la Naci\u00f3n \u2013 Colombia. Garantizamos el acceso efectivo a la justicia, la verdad y la reparaci\u00f3n de las v\u00edctimas de los delitos.","publisher":{"@id":"https:\/\/www.fiscalia.gov.co\/colombia\/#organization"},"potentialAction":[{"@type":"SearchAction","target":{"@type":"EntryPoint","urlTemplate":"https:\/\/www.fiscalia.gov.co\/colombia\/?s={search_term_string}"},"query-input":{"@type":"PropertyValueSpecification","valueRequired":true,"valueName":"search_term_string"}}],"inLanguage":"es-CO"},{"@type":"Organization","@id":"https:\/\/www.fiscalia.gov.co\/colombia\/#organization","name":"Fiscal\u00eda General de la Naci\u00f3n","url":"https:\/\/www.fiscalia.gov.co\/colombia\/","logo":{"@type":"ImageObject","inLanguage":"es-CO","@id":"https:\/\/www.fiscalia.gov.co\/colombia\/#\/schema\/logo\/image\/","url":"https:\/\/www.fiscalia.gov.co\/colombia\/wp-content\/uploads\/LogoHorizontal_1.jpg","contentUrl":"https:\/\/www.fiscalia.gov.co\/colombia\/wp-content\/uploads\/LogoHorizontal_1.jpg","width":300,"height":90,"caption":"Fiscal\u00eda General de la Naci\u00f3n"},"image":{"@id":"https:\/\/www.fiscalia.gov.co\/colombia\/#\/schema\/logo\/image\/"},"sameAs":["https:\/\/www.facebook.com\/FiscaliaCol","https:\/\/x.com\/FiscaliaCol","https:\/\/www.instagram.com\/fiscaliacol","https:\/\/www.linkedin.com\/company\/fiscalia-general-de-la-naci-n\/","https:\/\/youtube.com\/@fiscaliageneraldelanacion-4668?si=6nN79nyQICPU5iTh"]},{"@type":"Person","@id":"https:\/\/www.fiscalia.gov.co\/colombia\/#\/schema\/person\/176195b99ebab0a52aafa15197e1bf80","name":"Winnie Geraldine Rodr\u00edguez Navarrete","image":{"@type":"ImageObject","inLanguage":"es-CO","@id":"https:\/\/www.fiscalia.gov.co\/colombia\/#\/schema\/person\/image\/","url":"https:\/\/secure.gravatar.com\/avatar\/c24cf8481dc84fa5e8c7b20bc95ab0c6?s=96&d=mm&r=g","contentUrl":"https:\/\/secure.gravatar.com\/avatar\/c24cf8481dc84fa5e8c7b20bc95ab0c6?s=96&d=mm&r=g","caption":"Winnie Geraldine Rodr\u00edguez Navarrete"},"url":"https:\/\/www.fiscalia.gov.co\/colombia\/author\/winnierodriguez\/"}]}},"_links":{"self":[{"href":"https:\/\/www.fiscalia.gov.co\/colombia\/wp-json\/wp\/v2\/posts\/286194","targetHints":{"allow":["GET"]}}],"collection":[{"href":"https:\/\/www.fiscalia.gov.co\/colombia\/wp-json\/wp\/v2\/posts"}],"about":[{"href":"https:\/\/www.fiscalia.gov.co\/colombia\/wp-json\/wp\/v2\/types\/post"}],"author":[{"embeddable":true,"href":"https:\/\/www.fiscalia.gov.co\/colombia\/wp-json\/wp\/v2\/users\/178"}],"replies":[{"embeddable":true,"href":"https:\/\/www.fiscalia.gov.co\/colombia\/wp-json\/wp\/v2\/comments?post=286194"}],"version-history":[{"count":3,"href":"https:\/\/www.fiscalia.gov.co\/colombia\/wp-json\/wp\/v2\/posts\/286194\/revisions"}],"predecessor-version":[{"id":286204,"href":"https:\/\/www.fiscalia.gov.co\/colombia\/wp-json\/wp\/v2\/posts\/286194\/revisions\/286204"}],"wp:attachment":[{"href":"https:\/\/www.fiscalia.gov.co\/colombia\/wp-json\/wp\/v2\/media?parent=286194"}],"wp:term":[{"taxonomy":"category","embeddable":true,"href":"https:\/\/www.fiscalia.gov.co\/colombia\/wp-json\/wp\/v2\/categories?post=286194"},{"taxonomy":"post_tag","embeddable":true,"href":"https:\/\/www.fiscalia.gov.co\/colombia\/wp-json\/wp\/v2\/tags?post=286194"}],"curies":[{"name":"wp","href":"https:\/\/api.w.org\/{rel}","templated":true}]}}