{"id":285947,"date":"2024-01-15T10:25:59","date_gmt":"2024-01-15T15:25:59","guid":{"rendered":"https:\/\/www.fiscalia.gov.co\/colombia\/?p=285947"},"modified":"2024-01-15T10:25:59","modified_gmt":"2024-01-15T15:25:59","slug":"asegurado-un-hombre-como-presunto-responsable-en-tentativa-de-homicidio-con-un-arma-cortopunzante-durante-una-rina","status":"publish","type":"post","link":"https:\/\/www.fiscalia.gov.co\/colombia\/noticias\/asegurado-un-hombre-como-presunto-responsable-en-tentativa-de-homicidio-con-un-arma-cortopunzante-durante-una-rina\/","title":{"rendered":"Asegurado un hombre como presunto responsable en tentativa de homicidio con un arma cortopunzante durante una ri\u00f1a"},"content":{"rendered":"<p>Un\u00a0 hombre identificado como Luis Francisco Moreno Rengifo, de 40 a\u00f1os de edad y habitante de calle, fue judicializado y privado de la libertad como presunto responsable de atacar con arma cortopunzante a un ciudadano, durante una ri\u00f1a, en el municipio de Guadalajara de Buga (Valle del Cauca).<\/p>\n<p>As\u00ed lo solicit\u00f3 la Fiscal\u00eda General de la Naci\u00f3n ante un juez de control de garant\u00edas, luego de que el hoy imputado fuera capturado en flagrancia, el pasado 30 de diciembre, en una v\u00eda p\u00fablica, donde se habr\u00eda registrado una ri\u00f1a.<\/p>\n<figure id=\"attachment_285949\" aria-describedby=\"caption-attachment-285949\" style=\"width: 400px\" class=\"wp-caption aligncenter\"><img loading=\"lazy\" decoding=\"async\" class=\" wp-image-285949\" src=\"https:\/\/www.fiscalia.gov.co\/colombia\/wp-content\/uploads\/Luis-Francisco-Moreno-Rengifo.-Tentativa-de-homicidio.-Buga-Valle-300x218.jpg\" alt=\"En la foto se aprecia de pie, con los brazos atr\u00e1s, Luis Francisco Moreno Rengifo. Viste con gorra oscura, chaqueta de sudadera verde fluorescente y azul; pantal\u00f3n oscuro. A lado y lado de \u00e9l hay uniformados de la Polic\u00eda Nacional. Delante de ellos hay una superficie marr\u00f3n y sobre ella se aprecian un cuchillo y un machete. Asimismo, un letrero que dice: \u2018Arma blanca\u2019. Detr\u00e1s de ellos hay un pend\u00f3n institucional de la Polic\u00eda\" width=\"400\" height=\"291\" srcset=\"https:\/\/www.fiscalia.gov.co\/colombia\/wp-content\/uploads\/Luis-Francisco-Moreno-Rengifo.-Tentativa-de-homicidio.-Buga-Valle-300x218.jpg 300w, https:\/\/www.fiscalia.gov.co\/colombia\/wp-content\/uploads\/Luis-Francisco-Moreno-Rengifo.-Tentativa-de-homicidio.-Buga-Valle-1024x742.jpg 1024w, https:\/\/www.fiscalia.gov.co\/colombia\/wp-content\/uploads\/Luis-Francisco-Moreno-Rengifo.-Tentativa-de-homicidio.-Buga-Valle-768x557.jpg 768w, https:\/\/www.fiscalia.gov.co\/colombia\/wp-content\/uploads\/Luis-Francisco-Moreno-Rengifo.-Tentativa-de-homicidio.-Buga-Valle-1536x1114.jpg 1536w, https:\/\/www.fiscalia.gov.co\/colombia\/wp-content\/uploads\/Luis-Francisco-Moreno-Rengifo.-Tentativa-de-homicidio.-Buga-Valle-696x505.jpg 696w, https:\/\/www.fiscalia.gov.co\/colombia\/wp-content\/uploads\/Luis-Francisco-Moreno-Rengifo.-Tentativa-de-homicidio.-Buga-Valle-1068x774.jpg 1068w, https:\/\/www.fiscalia.gov.co\/colombia\/wp-content\/uploads\/Luis-Francisco-Moreno-Rengifo.-Tentativa-de-homicidio.-Buga-Valle-579x420.jpg 579w, https:\/\/www.fiscalia.gov.co\/colombia\/wp-content\/uploads\/Luis-Francisco-Moreno-Rengifo.-Tentativa-de-homicidio.-Buga-Valle-324x235.jpg 324w, https:\/\/www.fiscalia.gov.co\/colombia\/wp-content\/uploads\/Luis-Francisco-Moreno-Rengifo.-Tentativa-de-homicidio.-Buga-Valle.jpg 1600w\" sizes=\"auto, (max-width: 400px) 100vw, 400px\" \/><figcaption id=\"caption-attachment-285949\" class=\"wp-caption-text\">Luis Francisco Moreno Rengifo, fue enviado a la c\u00e1rcel luego de ser se\u00f1alado como la persona que atac\u00f3 con un cuchillo a un hombre, dej\u00e1ndolo gravemente herido, en Buga (Valle del Cauca).<\/figcaption><\/figure>\n<p>Seg\u00fan la Fiscal\u00eda Moreno Rengifo habr\u00eda atacado con un cuchillo a un hombre, a la altura del pecho, en un acto de intolerancia, dej\u00e1ndolo gravemente herido. La v\u00edctima fue atendida en un centro asistencial donde le salvaron la vida.<\/p>\n<p>En el momento en que fue capturado Moreno Rengifo las autoridades le incautaron un cuchillo y un machete.<\/p>\n<p>Un fiscal de la Seccional Valle del Cauca imput\u00f3 al capturado el delito de\u00a0<a id=\"m_1768433270474942888OWA99dc4bcb-475a-8cae-2f77-6a0380f69489\" href=\"https:\/\/www.fiscalia.gov.co\/colombia\/noticias\/mujer-trans-acepto-cargos-como-presunta-implicada-en-tentativa-de-homicidio\/\" target=\"_blank\" rel=\"noopener\" data-saferedirecturl=\"https:\/\/www.google.com\/url?q=https:\/\/www.fiscalia.gov.co\/colombia\/noticias\/mujer-trans-acepto-cargos-como-presunta-implicada-en-tentativa-de-homicidio\/&amp;source=gmail&amp;ust=1705417664484000&amp;usg=AOvVaw3gnVmPqPGPFkFB80ngIrL3\">homicidio en grado de tentativa agravado<\/a>, por lo que el juez decidi\u00f3 que el presunto implicado, quien no acept\u00f3 los cargos, debe cumplir la medida de aseguramiento en centro carcelario.<\/p>\n<p>Esta informaci\u00f3n se publica por razones de inter\u00e9s general.<\/p>\n<p><b><u>La Fiscal\u00eda habla con resultados.<\/u><\/b><\/p>\n<p>&nbsp;<\/p>\n<p>MAP\/LV\/DSVC\/LYBT<\/p>\n<p>&nbsp;<\/p>\n<p align=\"center\">\n<p><b>\u00a0<\/b><\/p>\n<p><em>La informaci\u00f3n contenida en este bolet\u00edn de prensa corresponde a la narraci\u00f3n de los hechos noticiosos objetivos, suministrados por los funcionarios encargados de adelantar las investigaciones penales al interior de la Fiscal\u00eda General de la Naci\u00f3n. Para el momento de la divulgaci\u00f3n de este comunicado, la situaci\u00f3n jur\u00eddica de la(s) persona(s) relacionada(s) se encuentra pendiente de resolver por la autoridad judicial competente, siempre bajo los preceptos de la presunci\u00f3n de inocencia, consagrados en el art\u00edculo 29 de la Constituci\u00f3n Pol\u00edtica y el art\u00edculo 7\u00ba de la Ley 906 de 2004. <\/em><\/p>\n\n<div class=\"twitter-share\"><a href=\"https:\/\/twitter.com\/intent\/tweet?via=fiscaliacol\" class=\"twitter-share-button\">Tweet<\/a><\/div>\n","protected":false},"excerpt":{"rendered":"<p>Un\u00a0 hombre identificado como Luis Francisco Moreno Rengifo, de 40 a\u00f1os de edad y habitante de calle, fue judicializado y privado de la libertad como presunto responsable de atacar con arma cortopunzante a un ciudadano, durante una ri\u00f1a, en el municipio de Guadalajara de Buga (Valle del Cauca). As\u00ed lo solicit\u00f3 la Fiscal\u00eda General de [&hellip;]<\/p>\n","protected":false},"author":178,"featured_media":0,"comment_status":"closed","ping_status":"open","sticky":false,"template":"","format":"standard","meta":{"_price":"","_stock":"","_tribe_ticket_header":"","_tribe_default_ticket_provider":"","_tribe_ticket_capacity":"0","_ticket_start_date":"","_ticket_end_date":"","_tribe_ticket_show_description":"","_tribe_ticket_show_not_going":false,"_tribe_ticket_use_global_stock":"","_tribe_ticket_global_stock_level":"","_global_stock_mode":"","_global_stock_cap":"","_tribe_rsvp_for_event":"","_tribe_ticket_going_count":"","_tribe_ticket_not_going_count":"","_tribe_tickets_list":"[]","_tribe_ticket_has_attendee_info_fields":false,"tdm_status":"","tdm_grid_status":"","footnotes":""},"categories":[1,24099],"tags":[12424,24551,25432,78,24187,7169,31866,12891,10846,24822,1185,24918,4348,29437],"class_list":{"0":"post-285947","1":"post","2":"type-post","3":"status-publish","4":"format-standard","6":"category-noticias","7":"category-seguridad-territorial","8":"tag-capturado","9":"tag-centro-carcelario","10":"tag-cuchillo","11":"tag-fiscal-general-de-la-nacion","12":"tag-fiscalia-colombia","13":"tag-flagrancia","14":"tag-guadalajara-de-buga-valle-del-cauca","15":"tag-homicidio-en-grado-de-tentativa-agravado","16":"tag-intolerancia","17":"tag-machete","18":"tag-medida-de-aseguramiento","19":"tag-privado-de-la-libertad","20":"tag-rina","21":"tag-seccional-valle-del-cauca"},"yoast_head":"<!-- This site is optimized with the Yoast SEO plugin v24.3 - https:\/\/yoast.com\/wordpress\/plugins\/seo\/ -->\n<title>Fiscal\u00eda General de la Naci\u00f3n<\/title>\n<meta name=\"description\" content=\"P\u00e1gina oficial de la Fiscal\u00eda General de la Naci\u00f3n \u2013 Colombia. Garantizamos el acceso efectivo a la justicia, la verdad y la reparaci\u00f3n de las v\u00edctimas de los delitos.\" \/>\n<meta name=\"robots\" content=\"noindex, follow\" \/>\n<meta property=\"og:locale\" content=\"es_ES\" \/>\n<meta property=\"og:type\" content=\"article\" \/>\n<meta property=\"og:title\" content=\"Fiscal\u00eda General de la Naci\u00f3n\" \/>\n<meta property=\"og:description\" content=\"P\u00e1gina oficial de la Fiscal\u00eda General de la Naci\u00f3n \u2013 Colombia. Garantizamos el acceso efectivo a la justicia, la verdad y la reparaci\u00f3n de las v\u00edctimas de los delitos.\" \/>\n<meta property=\"og:url\" content=\"https:\/\/www.fiscalia.gov.co\/colombia\/noticias\/asegurado-un-hombre-como-presunto-responsable-en-tentativa-de-homicidio-con-un-arma-cortopunzante-durante-una-rina\/\" \/>\n<meta property=\"og:site_name\" content=\"Fiscal\u00eda General de la Naci\u00f3n\" \/>\n<meta property=\"article:publisher\" content=\"https:\/\/www.facebook.com\/FiscaliaCol\" \/>\n<meta property=\"article:published_time\" content=\"2024-01-15T15:25:59+00:00\" \/>\n<meta property=\"og:image\" content=\"https:\/\/www.fiscalia.gov.co\/colombia\/wp-content\/uploads\/Luis-Francisco-Moreno-Rengifo.-Tentativa-de-homicidio.-Buga-Valle-300x218.jpg\" \/>\n<meta name=\"author\" content=\"Winnie Geraldine Rodr\u00edguez Navarrete\" \/>\n<meta name=\"twitter:card\" content=\"summary_large_image\" \/>\n<meta name=\"twitter:creator\" content=\"@FiscaliaCol\" \/>\n<meta name=\"twitter:site\" content=\"@FiscaliaCol\" \/>\n<meta name=\"twitter:label1\" content=\"Escrito por\" \/>\n\t<meta name=\"twitter:data1\" content=\"Winnie Geraldine Rodr\u00edguez Navarrete\" \/>\n\t<meta name=\"twitter:label2\" content=\"Tiempo de lectura\" \/>\n\t<meta name=\"twitter:data2\" content=\"2 minutos\" \/>\n<script type=\"application\/ld+json\" class=\"yoast-schema-graph\">{\"@context\":\"https:\/\/schema.org\",\"@graph\":[{\"@type\":\"Article\",\"@id\":\"https:\/\/www.fiscalia.gov.co\/colombia\/noticias\/asegurado-un-hombre-como-presunto-responsable-en-tentativa-de-homicidio-con-un-arma-cortopunzante-durante-una-rina\/#article\",\"isPartOf\":{\"@id\":\"https:\/\/www.fiscalia.gov.co\/colombia\/noticias\/asegurado-un-hombre-como-presunto-responsable-en-tentativa-de-homicidio-con-un-arma-cortopunzante-durante-una-rina\/\"},\"author\":{\"name\":\"Winnie Geraldine Rodr\u00edguez Navarrete\",\"@id\":\"https:\/\/www.fiscalia.gov.co\/colombia\/#\/schema\/person\/176195b99ebab0a52aafa15197e1bf80\"},\"headline\":\"Asegurado un hombre como presunto responsable en tentativa de homicidio con un arma cortopunzante durante una ri\u00f1a\",\"datePublished\":\"2024-01-15T15:25:59+00:00\",\"dateModified\":\"2024-01-15T15:25:59+00:00\",\"mainEntityOfPage\":{\"@id\":\"https:\/\/www.fiscalia.gov.co\/colombia\/noticias\/asegurado-un-hombre-como-presunto-responsable-en-tentativa-de-homicidio-con-un-arma-cortopunzante-durante-una-rina\/\"},\"wordCount\":387,\"publisher\":{\"@id\":\"https:\/\/www.fiscalia.gov.co\/colombia\/#organization\"},\"image\":{\"@id\":\"https:\/\/www.fiscalia.gov.co\/colombia\/noticias\/asegurado-un-hombre-como-presunto-responsable-en-tentativa-de-homicidio-con-un-arma-cortopunzante-durante-una-rina\/#primaryimage\"},\"thumbnailUrl\":\"https:\/\/www.fiscalia.gov.co\/colombia\/wp-content\/uploads\/Luis-Francisco-Moreno-Rengifo.-Tentativa-de-homicidio.-Buga-Valle-300x218.jpg\",\"keywords\":[\"Capturado\",\"centro carcelario\",\"cuchillo\",\"Fiscal General de la Naci\u00f3n\",\"Fiscal\u00eda Colombia\",\"Flagrancia\",\"Guadalajara de Buga (Valle del Cauca)\",\"homicidio en grado de tentativa agravado\",\"Intolerancia\",\"machete\",\"Medida de aseguramiento\",\"privado de la libertad\",\"Ri\u00f1a\",\"Seccional Valle del Cauca\"],\"articleSection\":[\"Noticias\",\"Seguridad territorial\"],\"inLanguage\":\"es-CO\"},{\"@type\":\"WebPage\",\"@id\":\"https:\/\/www.fiscalia.gov.co\/colombia\/noticias\/asegurado-un-hombre-como-presunto-responsable-en-tentativa-de-homicidio-con-un-arma-cortopunzante-durante-una-rina\/\",\"url\":\"https:\/\/www.fiscalia.gov.co\/colombia\/noticias\/asegurado-un-hombre-como-presunto-responsable-en-tentativa-de-homicidio-con-un-arma-cortopunzante-durante-una-rina\/\",\"name\":\"Fiscal\u00eda General de la Naci\u00f3n\",\"isPartOf\":{\"@id\":\"https:\/\/www.fiscalia.gov.co\/colombia\/#website\"},\"primaryImageOfPage\":{\"@id\":\"https:\/\/www.fiscalia.gov.co\/colombia\/noticias\/asegurado-un-hombre-como-presunto-responsable-en-tentativa-de-homicidio-con-un-arma-cortopunzante-durante-una-rina\/#primaryimage\"},\"image\":{\"@id\":\"https:\/\/www.fiscalia.gov.co\/colombia\/noticias\/asegurado-un-hombre-como-presunto-responsable-en-tentativa-de-homicidio-con-un-arma-cortopunzante-durante-una-rina\/#primaryimage\"},\"thumbnailUrl\":\"https:\/\/www.fiscalia.gov.co\/colombia\/wp-content\/uploads\/Luis-Francisco-Moreno-Rengifo.-Tentativa-de-homicidio.-Buga-Valle-300x218.jpg\",\"datePublished\":\"2024-01-15T15:25:59+00:00\",\"dateModified\":\"2024-01-15T15:25:59+00:00\",\"description\":\"P\u00e1gina oficial de la Fiscal\u00eda General de la Naci\u00f3n \u2013 Colombia. Garantizamos el acceso efectivo a la justicia, la verdad y la reparaci\u00f3n de las v\u00edctimas de los delitos.\",\"breadcrumb\":{\"@id\":\"https:\/\/www.fiscalia.gov.co\/colombia\/noticias\/asegurado-un-hombre-como-presunto-responsable-en-tentativa-de-homicidio-con-un-arma-cortopunzante-durante-una-rina\/#breadcrumb\"},\"inLanguage\":\"es-CO\",\"potentialAction\":[{\"@type\":\"ReadAction\",\"target\":[\"https:\/\/www.fiscalia.gov.co\/colombia\/noticias\/asegurado-un-hombre-como-presunto-responsable-en-tentativa-de-homicidio-con-un-arma-cortopunzante-durante-una-rina\/\"]}]},{\"@type\":\"ImageObject\",\"inLanguage\":\"es-CO\",\"@id\":\"https:\/\/www.fiscalia.gov.co\/colombia\/noticias\/asegurado-un-hombre-como-presunto-responsable-en-tentativa-de-homicidio-con-un-arma-cortopunzante-durante-una-rina\/#primaryimage\",\"url\":\"https:\/\/www.fiscalia.gov.co\/colombia\/wp-content\/uploads\/Luis-Francisco-Moreno-Rengifo.-Tentativa-de-homicidio.-Buga-Valle.jpg\",\"contentUrl\":\"https:\/\/www.fiscalia.gov.co\/colombia\/wp-content\/uploads\/Luis-Francisco-Moreno-Rengifo.-Tentativa-de-homicidio.-Buga-Valle.jpg\",\"width\":1600,\"height\":1160,\"caption\":\"Luis Francisco Moreno Rengifo, fue enviado a la c\u00e1rcel luego de ser se\u00f1alado como la persona que atac\u00f3 con un cuchillo a un hombre, dej\u00e1ndolo gravemente herido, en Buga (Valle del Cauca).\"},{\"@type\":\"BreadcrumbList\",\"@id\":\"https:\/\/www.fiscalia.gov.co\/colombia\/noticias\/asegurado-un-hombre-como-presunto-responsable-en-tentativa-de-homicidio-con-un-arma-cortopunzante-durante-una-rina\/#breadcrumb\",\"itemListElement\":[{\"@type\":\"ListItem\",\"position\":1,\"name\":\"Home\",\"item\":\"https:\/\/www.fiscalia.gov.co\/colombia\/\"},{\"@type\":\"ListItem\",\"position\":2,\"name\":\"Asegurado un hombre como presunto responsable en tentativa de homicidio con un arma cortopunzante durante una ri\u00f1a\"}]},{\"@type\":\"WebSite\",\"@id\":\"https:\/\/www.fiscalia.gov.co\/colombia\/#website\",\"url\":\"https:\/\/www.fiscalia.gov.co\/colombia\/\",\"name\":\"Fiscal\u00eda General de la Naci\u00f3n\",\"description\":\"P\u00e1gina oficial de la Fiscal\u00eda General de la Naci\u00f3n \u2013 Colombia. Garantizamos el acceso efectivo a la justicia, la verdad y la reparaci\u00f3n de las v\u00edctimas de los delitos.\",\"publisher\":{\"@id\":\"https:\/\/www.fiscalia.gov.co\/colombia\/#organization\"},\"potentialAction\":[{\"@type\":\"SearchAction\",\"target\":{\"@type\":\"EntryPoint\",\"urlTemplate\":\"https:\/\/www.fiscalia.gov.co\/colombia\/?s={search_term_string}\"},\"query-input\":{\"@type\":\"PropertyValueSpecification\",\"valueRequired\":true,\"valueName\":\"search_term_string\"}}],\"inLanguage\":\"es-CO\"},{\"@type\":\"Organization\",\"@id\":\"https:\/\/www.fiscalia.gov.co\/colombia\/#organization\",\"name\":\"Fiscal\u00eda General de la Naci\u00f3n\",\"url\":\"https:\/\/www.fiscalia.gov.co\/colombia\/\",\"logo\":{\"@type\":\"ImageObject\",\"inLanguage\":\"es-CO\",\"@id\":\"https:\/\/www.fiscalia.gov.co\/colombia\/#\/schema\/logo\/image\/\",\"url\":\"https:\/\/www.fiscalia.gov.co\/colombia\/wp-content\/uploads\/LogoHorizontal_1.jpg\",\"contentUrl\":\"https:\/\/www.fiscalia.gov.co\/colombia\/wp-content\/uploads\/LogoHorizontal_1.jpg\",\"width\":300,\"height\":90,\"caption\":\"Fiscal\u00eda General de la Naci\u00f3n\"},\"image\":{\"@id\":\"https:\/\/www.fiscalia.gov.co\/colombia\/#\/schema\/logo\/image\/\"},\"sameAs\":[\"https:\/\/www.facebook.com\/FiscaliaCol\",\"https:\/\/x.com\/FiscaliaCol\",\"https:\/\/www.instagram.com\/fiscaliacol\",\"https:\/\/www.linkedin.com\/company\/fiscalia-general-de-la-naci-n\/\",\"https:\/\/youtube.com\/@fiscaliageneraldelanacion-4668?si=6nN79nyQICPU5iTh\"]},{\"@type\":\"Person\",\"@id\":\"https:\/\/www.fiscalia.gov.co\/colombia\/#\/schema\/person\/176195b99ebab0a52aafa15197e1bf80\",\"name\":\"Winnie Geraldine Rodr\u00edguez Navarrete\",\"image\":{\"@type\":\"ImageObject\",\"inLanguage\":\"es-CO\",\"@id\":\"https:\/\/www.fiscalia.gov.co\/colombia\/#\/schema\/person\/image\/\",\"url\":\"https:\/\/secure.gravatar.com\/avatar\/c24cf8481dc84fa5e8c7b20bc95ab0c6?s=96&d=mm&r=g\",\"contentUrl\":\"https:\/\/secure.gravatar.com\/avatar\/c24cf8481dc84fa5e8c7b20bc95ab0c6?s=96&d=mm&r=g\",\"caption\":\"Winnie Geraldine Rodr\u00edguez Navarrete\"},\"url\":\"https:\/\/www.fiscalia.gov.co\/colombia\/author\/winnierodriguez\/\"}]}<\/script>\n<!-- \/ Yoast SEO plugin. -->","yoast_head_json":{"title":"Fiscal\u00eda General de la Naci\u00f3n","description":"P\u00e1gina oficial de la Fiscal\u00eda General de la Naci\u00f3n \u2013 Colombia. Garantizamos el acceso efectivo a la justicia, la verdad y la reparaci\u00f3n de las v\u00edctimas de los delitos.","robots":{"index":"noindex","follow":"follow"},"og_locale":"es_ES","og_type":"article","og_title":"Fiscal\u00eda General de la Naci\u00f3n","og_description":"P\u00e1gina oficial de la Fiscal\u00eda General de la Naci\u00f3n \u2013 Colombia. Garantizamos el acceso efectivo a la justicia, la verdad y la reparaci\u00f3n de las v\u00edctimas de los delitos.","og_url":"https:\/\/www.fiscalia.gov.co\/colombia\/noticias\/asegurado-un-hombre-como-presunto-responsable-en-tentativa-de-homicidio-con-un-arma-cortopunzante-durante-una-rina\/","og_site_name":"Fiscal\u00eda General de la Naci\u00f3n","article_publisher":"https:\/\/www.facebook.com\/FiscaliaCol","article_published_time":"2024-01-15T15:25:59+00:00","og_image":[{"url":"https:\/\/www.fiscalia.gov.co\/colombia\/wp-content\/uploads\/Luis-Francisco-Moreno-Rengifo.-Tentativa-de-homicidio.-Buga-Valle-300x218.jpg","type":"","width":"","height":""}],"author":"Winnie Geraldine Rodr\u00edguez Navarrete","twitter_card":"summary_large_image","twitter_creator":"@FiscaliaCol","twitter_site":"@FiscaliaCol","twitter_misc":{"Escrito por":"Winnie Geraldine Rodr\u00edguez Navarrete","Tiempo de lectura":"2 minutos"},"schema":{"@context":"https:\/\/schema.org","@graph":[{"@type":"Article","@id":"https:\/\/www.fiscalia.gov.co\/colombia\/noticias\/asegurado-un-hombre-como-presunto-responsable-en-tentativa-de-homicidio-con-un-arma-cortopunzante-durante-una-rina\/#article","isPartOf":{"@id":"https:\/\/www.fiscalia.gov.co\/colombia\/noticias\/asegurado-un-hombre-como-presunto-responsable-en-tentativa-de-homicidio-con-un-arma-cortopunzante-durante-una-rina\/"},"author":{"name":"Winnie Geraldine Rodr\u00edguez Navarrete","@id":"https:\/\/www.fiscalia.gov.co\/colombia\/#\/schema\/person\/176195b99ebab0a52aafa15197e1bf80"},"headline":"Asegurado un hombre como presunto responsable en tentativa de homicidio con un arma cortopunzante durante una ri\u00f1a","datePublished":"2024-01-15T15:25:59+00:00","dateModified":"2024-01-15T15:25:59+00:00","mainEntityOfPage":{"@id":"https:\/\/www.fiscalia.gov.co\/colombia\/noticias\/asegurado-un-hombre-como-presunto-responsable-en-tentativa-de-homicidio-con-un-arma-cortopunzante-durante-una-rina\/"},"wordCount":387,"publisher":{"@id":"https:\/\/www.fiscalia.gov.co\/colombia\/#organization"},"image":{"@id":"https:\/\/www.fiscalia.gov.co\/colombia\/noticias\/asegurado-un-hombre-como-presunto-responsable-en-tentativa-de-homicidio-con-un-arma-cortopunzante-durante-una-rina\/#primaryimage"},"thumbnailUrl":"https:\/\/www.fiscalia.gov.co\/colombia\/wp-content\/uploads\/Luis-Francisco-Moreno-Rengifo.-Tentativa-de-homicidio.-Buga-Valle-300x218.jpg","keywords":["Capturado","centro carcelario","cuchillo","Fiscal General de la Naci\u00f3n","Fiscal\u00eda Colombia","Flagrancia","Guadalajara de Buga (Valle del Cauca)","homicidio en grado de tentativa agravado","Intolerancia","machete","Medida de aseguramiento","privado de la libertad","Ri\u00f1a","Seccional Valle del Cauca"],"articleSection":["Noticias","Seguridad territorial"],"inLanguage":"es-CO"},{"@type":"WebPage","@id":"https:\/\/www.fiscalia.gov.co\/colombia\/noticias\/asegurado-un-hombre-como-presunto-responsable-en-tentativa-de-homicidio-con-un-arma-cortopunzante-durante-una-rina\/","url":"https:\/\/www.fiscalia.gov.co\/colombia\/noticias\/asegurado-un-hombre-como-presunto-responsable-en-tentativa-de-homicidio-con-un-arma-cortopunzante-durante-una-rina\/","name":"Fiscal\u00eda General de la Naci\u00f3n","isPartOf":{"@id":"https:\/\/www.fiscalia.gov.co\/colombia\/#website"},"primaryImageOfPage":{"@id":"https:\/\/www.fiscalia.gov.co\/colombia\/noticias\/asegurado-un-hombre-como-presunto-responsable-en-tentativa-de-homicidio-con-un-arma-cortopunzante-durante-una-rina\/#primaryimage"},"image":{"@id":"https:\/\/www.fiscalia.gov.co\/colombia\/noticias\/asegurado-un-hombre-como-presunto-responsable-en-tentativa-de-homicidio-con-un-arma-cortopunzante-durante-una-rina\/#primaryimage"},"thumbnailUrl":"https:\/\/www.fiscalia.gov.co\/colombia\/wp-content\/uploads\/Luis-Francisco-Moreno-Rengifo.-Tentativa-de-homicidio.-Buga-Valle-300x218.jpg","datePublished":"2024-01-15T15:25:59+00:00","dateModified":"2024-01-15T15:25:59+00:00","description":"P\u00e1gina oficial de la Fiscal\u00eda General de la Naci\u00f3n \u2013 Colombia. Garantizamos el acceso efectivo a la justicia, la verdad y la reparaci\u00f3n de las v\u00edctimas de los delitos.","breadcrumb":{"@id":"https:\/\/www.fiscalia.gov.co\/colombia\/noticias\/asegurado-un-hombre-como-presunto-responsable-en-tentativa-de-homicidio-con-un-arma-cortopunzante-durante-una-rina\/#breadcrumb"},"inLanguage":"es-CO","potentialAction":[{"@type":"ReadAction","target":["https:\/\/www.fiscalia.gov.co\/colombia\/noticias\/asegurado-un-hombre-como-presunto-responsable-en-tentativa-de-homicidio-con-un-arma-cortopunzante-durante-una-rina\/"]}]},{"@type":"ImageObject","inLanguage":"es-CO","@id":"https:\/\/www.fiscalia.gov.co\/colombia\/noticias\/asegurado-un-hombre-como-presunto-responsable-en-tentativa-de-homicidio-con-un-arma-cortopunzante-durante-una-rina\/#primaryimage","url":"https:\/\/www.fiscalia.gov.co\/colombia\/wp-content\/uploads\/Luis-Francisco-Moreno-Rengifo.-Tentativa-de-homicidio.-Buga-Valle.jpg","contentUrl":"https:\/\/www.fiscalia.gov.co\/colombia\/wp-content\/uploads\/Luis-Francisco-Moreno-Rengifo.-Tentativa-de-homicidio.-Buga-Valle.jpg","width":1600,"height":1160,"caption":"Luis Francisco Moreno Rengifo, fue enviado a la c\u00e1rcel luego de ser se\u00f1alado como la persona que atac\u00f3 con un cuchillo a un hombre, dej\u00e1ndolo gravemente herido, en Buga (Valle del Cauca)."},{"@type":"BreadcrumbList","@id":"https:\/\/www.fiscalia.gov.co\/colombia\/noticias\/asegurado-un-hombre-como-presunto-responsable-en-tentativa-de-homicidio-con-un-arma-cortopunzante-durante-una-rina\/#breadcrumb","itemListElement":[{"@type":"ListItem","position":1,"name":"Home","item":"https:\/\/www.fiscalia.gov.co\/colombia\/"},{"@type":"ListItem","position":2,"name":"Asegurado un hombre como presunto responsable en tentativa de homicidio con un arma cortopunzante durante una ri\u00f1a"}]},{"@type":"WebSite","@id":"https:\/\/www.fiscalia.gov.co\/colombia\/#website","url":"https:\/\/www.fiscalia.gov.co\/colombia\/","name":"Fiscal\u00eda General de la Naci\u00f3n","description":"P\u00e1gina oficial de la Fiscal\u00eda General de la Naci\u00f3n \u2013 Colombia. Garantizamos el acceso efectivo a la justicia, la verdad y la reparaci\u00f3n de las v\u00edctimas de los delitos.","publisher":{"@id":"https:\/\/www.fiscalia.gov.co\/colombia\/#organization"},"potentialAction":[{"@type":"SearchAction","target":{"@type":"EntryPoint","urlTemplate":"https:\/\/www.fiscalia.gov.co\/colombia\/?s={search_term_string}"},"query-input":{"@type":"PropertyValueSpecification","valueRequired":true,"valueName":"search_term_string"}}],"inLanguage":"es-CO"},{"@type":"Organization","@id":"https:\/\/www.fiscalia.gov.co\/colombia\/#organization","name":"Fiscal\u00eda General de la Naci\u00f3n","url":"https:\/\/www.fiscalia.gov.co\/colombia\/","logo":{"@type":"ImageObject","inLanguage":"es-CO","@id":"https:\/\/www.fiscalia.gov.co\/colombia\/#\/schema\/logo\/image\/","url":"https:\/\/www.fiscalia.gov.co\/colombia\/wp-content\/uploads\/LogoHorizontal_1.jpg","contentUrl":"https:\/\/www.fiscalia.gov.co\/colombia\/wp-content\/uploads\/LogoHorizontal_1.jpg","width":300,"height":90,"caption":"Fiscal\u00eda General de la Naci\u00f3n"},"image":{"@id":"https:\/\/www.fiscalia.gov.co\/colombia\/#\/schema\/logo\/image\/"},"sameAs":["https:\/\/www.facebook.com\/FiscaliaCol","https:\/\/x.com\/FiscaliaCol","https:\/\/www.instagram.com\/fiscaliacol","https:\/\/www.linkedin.com\/company\/fiscalia-general-de-la-naci-n\/","https:\/\/youtube.com\/@fiscaliageneraldelanacion-4668?si=6nN79nyQICPU5iTh"]},{"@type":"Person","@id":"https:\/\/www.fiscalia.gov.co\/colombia\/#\/schema\/person\/176195b99ebab0a52aafa15197e1bf80","name":"Winnie Geraldine Rodr\u00edguez Navarrete","image":{"@type":"ImageObject","inLanguage":"es-CO","@id":"https:\/\/www.fiscalia.gov.co\/colombia\/#\/schema\/person\/image\/","url":"https:\/\/secure.gravatar.com\/avatar\/c24cf8481dc84fa5e8c7b20bc95ab0c6?s=96&d=mm&r=g","contentUrl":"https:\/\/secure.gravatar.com\/avatar\/c24cf8481dc84fa5e8c7b20bc95ab0c6?s=96&d=mm&r=g","caption":"Winnie Geraldine Rodr\u00edguez Navarrete"},"url":"https:\/\/www.fiscalia.gov.co\/colombia\/author\/winnierodriguez\/"}]}},"_links":{"self":[{"href":"https:\/\/www.fiscalia.gov.co\/colombia\/wp-json\/wp\/v2\/posts\/285947","targetHints":{"allow":["GET"]}}],"collection":[{"href":"https:\/\/www.fiscalia.gov.co\/colombia\/wp-json\/wp\/v2\/posts"}],"about":[{"href":"https:\/\/www.fiscalia.gov.co\/colombia\/wp-json\/wp\/v2\/types\/post"}],"author":[{"embeddable":true,"href":"https:\/\/www.fiscalia.gov.co\/colombia\/wp-json\/wp\/v2\/users\/178"}],"replies":[{"embeddable":true,"href":"https:\/\/www.fiscalia.gov.co\/colombia\/wp-json\/wp\/v2\/comments?post=285947"}],"version-history":[{"count":2,"href":"https:\/\/www.fiscalia.gov.co\/colombia\/wp-json\/wp\/v2\/posts\/285947\/revisions"}],"predecessor-version":[{"id":285950,"href":"https:\/\/www.fiscalia.gov.co\/colombia\/wp-json\/wp\/v2\/posts\/285947\/revisions\/285950"}],"wp:attachment":[{"href":"https:\/\/www.fiscalia.gov.co\/colombia\/wp-json\/wp\/v2\/media?parent=285947"}],"wp:term":[{"taxonomy":"category","embeddable":true,"href":"https:\/\/www.fiscalia.gov.co\/colombia\/wp-json\/wp\/v2\/categories?post=285947"},{"taxonomy":"post_tag","embeddable":true,"href":"https:\/\/www.fiscalia.gov.co\/colombia\/wp-json\/wp\/v2\/tags?post=285947"}],"curies":[{"name":"wp","href":"https:\/\/api.w.org\/{rel}","templated":true}]}}