{"id":285211,"date":"2023-12-20T09:14:57","date_gmt":"2023-12-20T14:14:57","guid":{"rendered":"https:\/\/www.fiscalia.gov.co\/colombia\/?p=285211"},"modified":"2023-12-20T09:14:57","modified_gmt":"2023-12-20T14:14:57","slug":"la-fiscalia-logro-un-avance-significativo-del-53-en-la-resolucion-de-homicidios-en-norte-de-santander","status":"publish","type":"post","link":"https:\/\/www.fiscalia.gov.co\/colombia\/noticias\/la-fiscalia-logro-un-avance-significativo-del-53-en-la-resolucion-de-homicidios-en-norte-de-santander\/","title":{"rendered":"La Fiscal\u00eda logr\u00f3 un avance significativo del 53% en la resoluci\u00f3n de homicidios en Norte de Santander"},"content":{"rendered":"<p>La Fiscal\u00eda General de la Naci\u00f3n en la seccional Norte de Santander, dio a conocer los <a id=\"m_-3360840561804234858OWA52362363-9b05-c1b9-f550-1343c2ee4ef8\" href=\"https:\/\/www.fiscalia.gov.co\/colombia\/noticias\/fiscalia-impacta-grupo-delincuencial-denominado-autodefensas-unidas-de-colombia-y-venezuela-senalada-de-ola-de-homicidios-en-norte-de-santander\/\" target=\"_blank\" rel=\"noopener\" data-saferedirecturl=\"https:\/\/www.google.com\/url?q=https:\/\/www.fiscalia.gov.co\/colombia\/noticias\/fiscalia-impacta-grupo-delincuencial-denominado-autodefensas-unidas-de-colombia-y-venezuela-senalada-de-ola-de-homicidios-en-norte-de-santander\/&amp;source=gmail&amp;ust=1703166139409000&amp;usg=AOvVaw0vZd504uIG7RkkZ-CwSpwR\">avances<\/a>\u00a0operacionales logrados entre el a\u00f1o 2020 al 2023, bajo el Direccionamiento Estrat\u00e9gico trazado por el Fiscal General de la Naci\u00f3n, Francisco Barbosa Delgado, para impactar y combatir las acciones criminales que afectan la seguridad territorial.<\/p>\n<p><b>Delitos priorizados<\/b><\/p>\n<p>En virtud de lo anterior, en el departamento se identificaron a los responsables de 1.104\u00a0<a id=\"m_-3360840561804234858OWA9327245f-6098-f61c-839c-68ebfc37da46\" href=\"https:\/\/www.fiscalia.gov.co\/colombia\/noticias\/en-norte-de-santander-la-fiscalia-judicializo-a-tres-hombres-que-estarian-involucrados-en-cuatro-homicidios\/\" target=\"_blank\" rel=\"noopener\" data-saferedirecturl=\"https:\/\/www.google.com\/url?q=https:\/\/www.fiscalia.gov.co\/colombia\/noticias\/en-norte-de-santander-la-fiscalia-judicializo-a-tres-hombres-que-estarian-involucrados-en-cuatro-homicidios\/&amp;source=gmail&amp;ust=1703166139409000&amp;usg=AOvVaw2joKBQOHPpo-nwsUqJkw3y\">homicidios<\/a>\u00a0de los 2.080 ocurridos, lo que representa un 53% de avance positivo en comparaci\u00f3n con un 24% que fue registrado durante la anterior administraci\u00f3n.<\/p>\n<p>Asimismo, la Fiscal\u00eda logr\u00f3 resolver los 15\u00a0<a id=\"m_-3360840561804234858OWA4845d49f-4961-d55c-3933-312f76398bda\" href=\"https:\/\/www.fiscalia.gov.co\/colombia\/noticias\/asegurado-presunto-responsable-del-feminicidio-de-su-expareja-en-ocana-norte-de-santander\/\" target=\"_blank\" rel=\"noopener\" data-saferedirecturl=\"https:\/\/www.google.com\/url?q=https:\/\/www.fiscalia.gov.co\/colombia\/noticias\/asegurado-presunto-responsable-del-feminicidio-de-su-expareja-en-ocana-norte-de-santander\/&amp;source=gmail&amp;ust=1703166139409000&amp;usg=AOvVaw3mQ4wdR-geZ7E8NHaml7yk\">feminicidios<\/a>\u00a0que se presentaron en Norte de Santander alcanzado el 100% con la judicializaci\u00f3n de los presuntos responsables. En este periodo tambi\u00e9n se obtuvo un 65% en avances en los homicidios contra mujeres comparados con un 33% anterior.<\/p>\n<p>En cuanto a los delitos que afectan a la familia enmarcados dentro de la violencia contra la pareja, hijos o progenitores, se logr\u00f3 resolver 2.291 de los 3.654 denunciados, evidenciando un avance de 63%.<\/p>\n<p>En cuanto al impacto a organizaciones criminales fueron significativos resultados en los que se destacan la captura de 542 presuntos integrantes de estructuras y frentes pertenecientes al Clan del Golfo, disidencias de las Farc y al ELN, entre otros; logrando medida de aseguramiento contra 502 de ellos.<\/p>\n<p>Con relaci\u00f3n a las conductas sexuales, de los 1.975 casos reportados, los fiscales de la seccional apoyados en el trabajo investigativo de la Polic\u00eda Judicial del CTI y de la Polic\u00eda Nacional lograron resolver 954, pasando de 23% al 48%.<\/p>\n<p><b>Corrupci\u00f3n<\/b><\/p>\n<p>Sobre los casos de corrupci\u00f3n administrativa la Fiscal\u00eda obtuvo resultados relevantes contra alcaldes municipales: 18 imputaciones, 5 medidas de aseguramiento, 15 escritos de acusaci\u00f3n y 4 sentencias.<\/p>\n<p><b>En la calle y en los territorios<\/b><\/p>\n<p>A trav\u00e9s de la implementaci\u00f3n de los Puntos de Atenci\u00f3n de la Fiscal\u00eda, el departamento hoy cuenta con cuatro puntos ubicados en los municipios de \u00c1brego, Bochalema, El Zulia y Salazar de Las Palmas, para un mejor acceso a la justicia.<\/p>\n<p><b>Programa Futuro Colombia<\/b><\/p>\n<p>Por \u00faltimo, la Fiscal\u00eda hizo presencia en el municipio de Villa del Rosario (Norte de Santander) con\u00a0La Ruta de Esclarecimiento Itinerante Terrestre de La Frontera, realizada el pasado\u00a030 de noviembre.\u00a0 El evento cont\u00f3 con la participaci\u00f3n de la comunidad y en especial con la asistencia de 80 ni\u00f1os, quienes recibieron informaci\u00f3n relevante para una convivencia segura y para prevenir conductas delictivas como: reclutamiento il\u00edcito, violencia sexual, violencia intrafamiliar, trata de personas, ciberacoso y cibercriminalidad.<\/p>\n<p><b>La Fiscal\u00eda habla con resultados<\/b><\/p>\n<p>&nbsp;<\/p>\n<p>&nbsp;<\/p>\n<p>&nbsp;<\/p>\n<p>&nbsp;<\/p>\n<p>&nbsp;<\/p>\n<p>MPHA\/LYBT\/APRR\/DSNS<\/p>\n<p align=\"center\">\n<p>&nbsp;<\/p>\n<p>&nbsp;<\/p>\n<p>&nbsp;<\/p>\n<p><i>La informaci\u00f3n contenida en este bolet\u00edn de prensa corresponde a la narraci\u00f3n de los hechos noticiosos objetivos, suministrados por los funcionarios encargados de adelantar las investigaciones penales al interior de la Fiscal\u00eda General de la Naci\u00f3n. Para el momento de la divulgaci\u00f3n de este comunicado, la situaci\u00f3n jur\u00eddica de la(s) persona(s) relacionada(s) se encuentra pendiente de resolver por la autoridad\u00a0judicial competente, siempre bajo los preceptos de la presunci\u00f3n de inocencia, consagrados en el art\u00edculo 29 de la Constituci\u00f3n Pol\u00edtica y el art\u00edculo 7\u00ba de la Ley 906 de 2004.<\/i><\/p>\n\n<div class=\"twitter-share\"><a href=\"https:\/\/twitter.com\/intent\/tweet?via=fiscaliacol\" class=\"twitter-share-button\">Tweet<\/a><\/div>\n","protected":false},"excerpt":{"rendered":"<p>La Fiscal\u00eda General de la Naci\u00f3n en la seccional Norte de Santander, dio a conocer los avances\u00a0operacionales logrados entre el a\u00f1o 2020 al 2023, bajo el Direccionamiento Estrat\u00e9gico trazado por el Fiscal General de la Naci\u00f3n, Francisco Barbosa Delgado, para impactar y combatir las acciones criminales que afectan la seguridad territorial. Delitos priorizados En virtud [&hellip;]<\/p>\n","protected":false},"author":177,"featured_media":0,"comment_status":"closed","ping_status":"open","sticky":false,"template":"","format":"standard","meta":{"tdm_status":"","tdm_grid_status":"","footnotes":""},"categories":[1,326,303],"tags":[25137,31730,24185,4614,1047,2286,2228,10084,36555],"class_list":{"0":"post-285211","1":"post","2":"type-post","3":"status-publish","4":"format-standard","6":"category-noticias","7":"category-seccional-cucuta","8":"category-seccionales","9":"tag-balance","10":"tag-cucuta-norte-de-santander","11":"tag-fiscal-barbosa","12":"tag-fiscalia-2","13":"tag-fiscalia-general-de-la-nacion","14":"tag-justicia","15":"tag-norte-de-santander","16":"tag-seguridad","17":"tag-trabajo"},"yoast_head":"<!-- This site is optimized with the Yoast SEO plugin v24.3 - https:\/\/yoast.com\/wordpress\/plugins\/seo\/ -->\n<title>Fiscal\u00eda General de la Naci\u00f3n<\/title>\n<meta name=\"description\" content=\"P\u00e1gina oficial de la Fiscal\u00eda General de la Naci\u00f3n \u2013 Colombia. Garantizamos el acceso efectivo a la justicia, la verdad y la reparaci\u00f3n de las v\u00edctimas de los delitos.\" \/>\n<meta name=\"robots\" content=\"noindex, follow\" \/>\n<meta property=\"og:locale\" content=\"es_ES\" \/>\n<meta property=\"og:type\" content=\"article\" \/>\n<meta property=\"og:title\" content=\"Fiscal\u00eda General de la Naci\u00f3n\" \/>\n<meta property=\"og:description\" content=\"P\u00e1gina oficial de la Fiscal\u00eda General de la Naci\u00f3n \u2013 Colombia. Garantizamos el acceso efectivo a la justicia, la verdad y la reparaci\u00f3n de las v\u00edctimas de los delitos.\" \/>\n<meta property=\"og:url\" content=\"https:\/\/www.fiscalia.gov.co\/colombia\/noticias\/la-fiscalia-logro-un-avance-significativo-del-53-en-la-resolucion-de-homicidios-en-norte-de-santander\/\" \/>\n<meta property=\"og:site_name\" content=\"Fiscal\u00eda General de la Naci\u00f3n\" \/>\n<meta property=\"article:publisher\" content=\"https:\/\/www.facebook.com\/FiscaliaCol\" \/>\n<meta property=\"article:published_time\" content=\"2023-12-20T14:14:57+00:00\" \/>\n<meta name=\"author\" content=\"Jordan Leandro Oviedo Anzola\" \/>\n<meta name=\"twitter:card\" content=\"summary_large_image\" \/>\n<meta name=\"twitter:creator\" content=\"@FiscaliaCol\" \/>\n<meta name=\"twitter:site\" content=\"@FiscaliaCol\" \/>\n<meta name=\"twitter:label1\" content=\"Escrito por\" \/>\n\t<meta name=\"twitter:data1\" content=\"Jordan Leandro Oviedo Anzola\" \/>\n\t<meta name=\"twitter:label2\" content=\"Tiempo de lectura\" \/>\n\t<meta name=\"twitter:data2\" content=\"3 minutos\" \/>\n<script type=\"application\/ld+json\" class=\"yoast-schema-graph\">{\"@context\":\"https:\/\/schema.org\",\"@graph\":[{\"@type\":\"Article\",\"@id\":\"https:\/\/www.fiscalia.gov.co\/colombia\/noticias\/la-fiscalia-logro-un-avance-significativo-del-53-en-la-resolucion-de-homicidios-en-norte-de-santander\/#article\",\"isPartOf\":{\"@id\":\"https:\/\/www.fiscalia.gov.co\/colombia\/noticias\/la-fiscalia-logro-un-avance-significativo-del-53-en-la-resolucion-de-homicidios-en-norte-de-santander\/\"},\"author\":{\"name\":\"Jordan Leandro Oviedo Anzola\",\"@id\":\"https:\/\/www.fiscalia.gov.co\/colombia\/#\/schema\/person\/bf84402cf293a5393e9c70b111020b24\"},\"headline\":\"La Fiscal\u00eda logr\u00f3 un avance significativo del 53% en la resoluci\u00f3n de homicidios en Norte de Santander\",\"datePublished\":\"2023-12-20T14:14:57+00:00\",\"dateModified\":\"2023-12-20T14:14:57+00:00\",\"mainEntityOfPage\":{\"@id\":\"https:\/\/www.fiscalia.gov.co\/colombia\/noticias\/la-fiscalia-logro-un-avance-significativo-del-53-en-la-resolucion-de-homicidios-en-norte-de-santander\/\"},\"wordCount\":554,\"publisher\":{\"@id\":\"https:\/\/www.fiscalia.gov.co\/colombia\/#organization\"},\"keywords\":[\"balance\",\"C\u00facuta (Norte de Santander)\",\"Fiscal Barbosa\",\"Fiscal\u00eda\",\"Fiscal\u00eda General de la Naci\u00f3n\",\"Justicia\",\"Norte de Santander\",\"Seguridad\",\"trabajo\"],\"articleSection\":[\"Noticias\",\"Seccional C\u00facuta\",\"Seccionales\"],\"inLanguage\":\"es-CO\"},{\"@type\":\"WebPage\",\"@id\":\"https:\/\/www.fiscalia.gov.co\/colombia\/noticias\/la-fiscalia-logro-un-avance-significativo-del-53-en-la-resolucion-de-homicidios-en-norte-de-santander\/\",\"url\":\"https:\/\/www.fiscalia.gov.co\/colombia\/noticias\/la-fiscalia-logro-un-avance-significativo-del-53-en-la-resolucion-de-homicidios-en-norte-de-santander\/\",\"name\":\"Fiscal\u00eda General de la Naci\u00f3n\",\"isPartOf\":{\"@id\":\"https:\/\/www.fiscalia.gov.co\/colombia\/#website\"},\"datePublished\":\"2023-12-20T14:14:57+00:00\",\"dateModified\":\"2023-12-20T14:14:57+00:00\",\"description\":\"P\u00e1gina oficial de la Fiscal\u00eda General de la Naci\u00f3n \u2013 Colombia. Garantizamos el acceso efectivo a la justicia, la verdad y la reparaci\u00f3n de las v\u00edctimas de los delitos.\",\"breadcrumb\":{\"@id\":\"https:\/\/www.fiscalia.gov.co\/colombia\/noticias\/la-fiscalia-logro-un-avance-significativo-del-53-en-la-resolucion-de-homicidios-en-norte-de-santander\/#breadcrumb\"},\"inLanguage\":\"es-CO\",\"potentialAction\":[{\"@type\":\"ReadAction\",\"target\":[\"https:\/\/www.fiscalia.gov.co\/colombia\/noticias\/la-fiscalia-logro-un-avance-significativo-del-53-en-la-resolucion-de-homicidios-en-norte-de-santander\/\"]}]},{\"@type\":\"BreadcrumbList\",\"@id\":\"https:\/\/www.fiscalia.gov.co\/colombia\/noticias\/la-fiscalia-logro-un-avance-significativo-del-53-en-la-resolucion-de-homicidios-en-norte-de-santander\/#breadcrumb\",\"itemListElement\":[{\"@type\":\"ListItem\",\"position\":1,\"name\":\"Home\",\"item\":\"https:\/\/www.fiscalia.gov.co\/colombia\/\"},{\"@type\":\"ListItem\",\"position\":2,\"name\":\"La Fiscal\u00eda logr\u00f3 un avance significativo del 53% en la resoluci\u00f3n de homicidios en Norte de Santander\"}]},{\"@type\":\"WebSite\",\"@id\":\"https:\/\/www.fiscalia.gov.co\/colombia\/#website\",\"url\":\"https:\/\/www.fiscalia.gov.co\/colombia\/\",\"name\":\"Fiscal\u00eda General de la Naci\u00f3n\",\"description\":\"P\u00e1gina oficial de la Fiscal\u00eda General de la Naci\u00f3n \u2013 Colombia. Garantizamos el acceso efectivo a la justicia, la verdad y la reparaci\u00f3n de las v\u00edctimas de los delitos.\",\"publisher\":{\"@id\":\"https:\/\/www.fiscalia.gov.co\/colombia\/#organization\"},\"potentialAction\":[{\"@type\":\"SearchAction\",\"target\":{\"@type\":\"EntryPoint\",\"urlTemplate\":\"https:\/\/www.fiscalia.gov.co\/colombia\/?s={search_term_string}\"},\"query-input\":{\"@type\":\"PropertyValueSpecification\",\"valueRequired\":true,\"valueName\":\"search_term_string\"}}],\"inLanguage\":\"es-CO\"},{\"@type\":\"Organization\",\"@id\":\"https:\/\/www.fiscalia.gov.co\/colombia\/#organization\",\"name\":\"Fiscal\u00eda General de la Naci\u00f3n\",\"url\":\"https:\/\/www.fiscalia.gov.co\/colombia\/\",\"logo\":{\"@type\":\"ImageObject\",\"inLanguage\":\"es-CO\",\"@id\":\"https:\/\/www.fiscalia.gov.co\/colombia\/#\/schema\/logo\/image\/\",\"url\":\"https:\/\/www.fiscalia.gov.co\/colombia\/wp-content\/uploads\/LogoHorizontal_1.jpg\",\"contentUrl\":\"https:\/\/www.fiscalia.gov.co\/colombia\/wp-content\/uploads\/LogoHorizontal_1.jpg\",\"width\":300,\"height\":90,\"caption\":\"Fiscal\u00eda General de la Naci\u00f3n\"},\"image\":{\"@id\":\"https:\/\/www.fiscalia.gov.co\/colombia\/#\/schema\/logo\/image\/\"},\"sameAs\":[\"https:\/\/www.facebook.com\/FiscaliaCol\",\"https:\/\/x.com\/FiscaliaCol\",\"https:\/\/www.instagram.com\/fiscaliacol\",\"https:\/\/www.linkedin.com\/company\/fiscalia-general-de-la-naci-n\/\",\"https:\/\/youtube.com\/@fiscaliageneraldelanacion-4668?si=6nN79nyQICPU5iTh\"]},{\"@type\":\"Person\",\"@id\":\"https:\/\/www.fiscalia.gov.co\/colombia\/#\/schema\/person\/bf84402cf293a5393e9c70b111020b24\",\"name\":\"Jordan Leandro Oviedo Anzola\",\"image\":{\"@type\":\"ImageObject\",\"inLanguage\":\"es-CO\",\"@id\":\"https:\/\/www.fiscalia.gov.co\/colombia\/#\/schema\/person\/image\/\",\"url\":\"https:\/\/secure.gravatar.com\/avatar\/dabba4346fa9b9207d96adafa8f92721?s=96&d=mm&r=g\",\"contentUrl\":\"https:\/\/secure.gravatar.com\/avatar\/dabba4346fa9b9207d96adafa8f92721?s=96&d=mm&r=g\",\"caption\":\"Jordan Leandro Oviedo Anzola\"},\"url\":\"https:\/\/www.fiscalia.gov.co\/colombia\/author\/joviedo\/\"}]}<\/script>\n<!-- \/ Yoast SEO plugin. -->","yoast_head_json":{"title":"Fiscal\u00eda General de la Naci\u00f3n","description":"P\u00e1gina oficial de la Fiscal\u00eda General de la Naci\u00f3n \u2013 Colombia. Garantizamos el acceso efectivo a la justicia, la verdad y la reparaci\u00f3n de las v\u00edctimas de los delitos.","robots":{"index":"noindex","follow":"follow"},"og_locale":"es_ES","og_type":"article","og_title":"Fiscal\u00eda General de la Naci\u00f3n","og_description":"P\u00e1gina oficial de la Fiscal\u00eda General de la Naci\u00f3n \u2013 Colombia. Garantizamos el acceso efectivo a la justicia, la verdad y la reparaci\u00f3n de las v\u00edctimas de los delitos.","og_url":"https:\/\/www.fiscalia.gov.co\/colombia\/noticias\/la-fiscalia-logro-un-avance-significativo-del-53-en-la-resolucion-de-homicidios-en-norte-de-santander\/","og_site_name":"Fiscal\u00eda General de la Naci\u00f3n","article_publisher":"https:\/\/www.facebook.com\/FiscaliaCol","article_published_time":"2023-12-20T14:14:57+00:00","author":"Jordan Leandro Oviedo Anzola","twitter_card":"summary_large_image","twitter_creator":"@FiscaliaCol","twitter_site":"@FiscaliaCol","twitter_misc":{"Escrito por":"Jordan Leandro Oviedo Anzola","Tiempo de lectura":"3 minutos"},"schema":{"@context":"https:\/\/schema.org","@graph":[{"@type":"Article","@id":"https:\/\/www.fiscalia.gov.co\/colombia\/noticias\/la-fiscalia-logro-un-avance-significativo-del-53-en-la-resolucion-de-homicidios-en-norte-de-santander\/#article","isPartOf":{"@id":"https:\/\/www.fiscalia.gov.co\/colombia\/noticias\/la-fiscalia-logro-un-avance-significativo-del-53-en-la-resolucion-de-homicidios-en-norte-de-santander\/"},"author":{"name":"Jordan Leandro Oviedo Anzola","@id":"https:\/\/www.fiscalia.gov.co\/colombia\/#\/schema\/person\/bf84402cf293a5393e9c70b111020b24"},"headline":"La Fiscal\u00eda logr\u00f3 un avance significativo del 53% en la resoluci\u00f3n de homicidios en Norte de Santander","datePublished":"2023-12-20T14:14:57+00:00","dateModified":"2023-12-20T14:14:57+00:00","mainEntityOfPage":{"@id":"https:\/\/www.fiscalia.gov.co\/colombia\/noticias\/la-fiscalia-logro-un-avance-significativo-del-53-en-la-resolucion-de-homicidios-en-norte-de-santander\/"},"wordCount":554,"publisher":{"@id":"https:\/\/www.fiscalia.gov.co\/colombia\/#organization"},"keywords":["balance","C\u00facuta (Norte de Santander)","Fiscal Barbosa","Fiscal\u00eda","Fiscal\u00eda General de la Naci\u00f3n","Justicia","Norte de Santander","Seguridad","trabajo"],"articleSection":["Noticias","Seccional C\u00facuta","Seccionales"],"inLanguage":"es-CO"},{"@type":"WebPage","@id":"https:\/\/www.fiscalia.gov.co\/colombia\/noticias\/la-fiscalia-logro-un-avance-significativo-del-53-en-la-resolucion-de-homicidios-en-norte-de-santander\/","url":"https:\/\/www.fiscalia.gov.co\/colombia\/noticias\/la-fiscalia-logro-un-avance-significativo-del-53-en-la-resolucion-de-homicidios-en-norte-de-santander\/","name":"Fiscal\u00eda General de la Naci\u00f3n","isPartOf":{"@id":"https:\/\/www.fiscalia.gov.co\/colombia\/#website"},"datePublished":"2023-12-20T14:14:57+00:00","dateModified":"2023-12-20T14:14:57+00:00","description":"P\u00e1gina oficial de la Fiscal\u00eda General de la Naci\u00f3n \u2013 Colombia. Garantizamos el acceso efectivo a la justicia, la verdad y la reparaci\u00f3n de las v\u00edctimas de los delitos.","breadcrumb":{"@id":"https:\/\/www.fiscalia.gov.co\/colombia\/noticias\/la-fiscalia-logro-un-avance-significativo-del-53-en-la-resolucion-de-homicidios-en-norte-de-santander\/#breadcrumb"},"inLanguage":"es-CO","potentialAction":[{"@type":"ReadAction","target":["https:\/\/www.fiscalia.gov.co\/colombia\/noticias\/la-fiscalia-logro-un-avance-significativo-del-53-en-la-resolucion-de-homicidios-en-norte-de-santander\/"]}]},{"@type":"BreadcrumbList","@id":"https:\/\/www.fiscalia.gov.co\/colombia\/noticias\/la-fiscalia-logro-un-avance-significativo-del-53-en-la-resolucion-de-homicidios-en-norte-de-santander\/#breadcrumb","itemListElement":[{"@type":"ListItem","position":1,"name":"Home","item":"https:\/\/www.fiscalia.gov.co\/colombia\/"},{"@type":"ListItem","position":2,"name":"La Fiscal\u00eda logr\u00f3 un avance significativo del 53% en la resoluci\u00f3n de homicidios en Norte de Santander"}]},{"@type":"WebSite","@id":"https:\/\/www.fiscalia.gov.co\/colombia\/#website","url":"https:\/\/www.fiscalia.gov.co\/colombia\/","name":"Fiscal\u00eda General de la Naci\u00f3n","description":"P\u00e1gina oficial de la Fiscal\u00eda General de la Naci\u00f3n \u2013 Colombia. Garantizamos el acceso efectivo a la justicia, la verdad y la reparaci\u00f3n de las v\u00edctimas de los delitos.","publisher":{"@id":"https:\/\/www.fiscalia.gov.co\/colombia\/#organization"},"potentialAction":[{"@type":"SearchAction","target":{"@type":"EntryPoint","urlTemplate":"https:\/\/www.fiscalia.gov.co\/colombia\/?s={search_term_string}"},"query-input":{"@type":"PropertyValueSpecification","valueRequired":true,"valueName":"search_term_string"}}],"inLanguage":"es-CO"},{"@type":"Organization","@id":"https:\/\/www.fiscalia.gov.co\/colombia\/#organization","name":"Fiscal\u00eda General de la Naci\u00f3n","url":"https:\/\/www.fiscalia.gov.co\/colombia\/","logo":{"@type":"ImageObject","inLanguage":"es-CO","@id":"https:\/\/www.fiscalia.gov.co\/colombia\/#\/schema\/logo\/image\/","url":"https:\/\/www.fiscalia.gov.co\/colombia\/wp-content\/uploads\/LogoHorizontal_1.jpg","contentUrl":"https:\/\/www.fiscalia.gov.co\/colombia\/wp-content\/uploads\/LogoHorizontal_1.jpg","width":300,"height":90,"caption":"Fiscal\u00eda General de la Naci\u00f3n"},"image":{"@id":"https:\/\/www.fiscalia.gov.co\/colombia\/#\/schema\/logo\/image\/"},"sameAs":["https:\/\/www.facebook.com\/FiscaliaCol","https:\/\/x.com\/FiscaliaCol","https:\/\/www.instagram.com\/fiscaliacol","https:\/\/www.linkedin.com\/company\/fiscalia-general-de-la-naci-n\/","https:\/\/youtube.com\/@fiscaliageneraldelanacion-4668?si=6nN79nyQICPU5iTh"]},{"@type":"Person","@id":"https:\/\/www.fiscalia.gov.co\/colombia\/#\/schema\/person\/bf84402cf293a5393e9c70b111020b24","name":"Jordan Leandro Oviedo Anzola","image":{"@type":"ImageObject","inLanguage":"es-CO","@id":"https:\/\/www.fiscalia.gov.co\/colombia\/#\/schema\/person\/image\/","url":"https:\/\/secure.gravatar.com\/avatar\/dabba4346fa9b9207d96adafa8f92721?s=96&d=mm&r=g","contentUrl":"https:\/\/secure.gravatar.com\/avatar\/dabba4346fa9b9207d96adafa8f92721?s=96&d=mm&r=g","caption":"Jordan Leandro Oviedo Anzola"},"url":"https:\/\/www.fiscalia.gov.co\/colombia\/author\/joviedo\/"}]}},"_links":{"self":[{"href":"https:\/\/www.fiscalia.gov.co\/colombia\/wp-json\/wp\/v2\/posts\/285211","targetHints":{"allow":["GET"]}}],"collection":[{"href":"https:\/\/www.fiscalia.gov.co\/colombia\/wp-json\/wp\/v2\/posts"}],"about":[{"href":"https:\/\/www.fiscalia.gov.co\/colombia\/wp-json\/wp\/v2\/types\/post"}],"author":[{"embeddable":true,"href":"https:\/\/www.fiscalia.gov.co\/colombia\/wp-json\/wp\/v2\/users\/177"}],"replies":[{"embeddable":true,"href":"https:\/\/www.fiscalia.gov.co\/colombia\/wp-json\/wp\/v2\/comments?post=285211"}],"version-history":[{"count":1,"href":"https:\/\/www.fiscalia.gov.co\/colombia\/wp-json\/wp\/v2\/posts\/285211\/revisions"}],"predecessor-version":[{"id":285212,"href":"https:\/\/www.fiscalia.gov.co\/colombia\/wp-json\/wp\/v2\/posts\/285211\/revisions\/285212"}],"wp:attachment":[{"href":"https:\/\/www.fiscalia.gov.co\/colombia\/wp-json\/wp\/v2\/media?parent=285211"}],"wp:term":[{"taxonomy":"category","embeddable":true,"href":"https:\/\/www.fiscalia.gov.co\/colombia\/wp-json\/wp\/v2\/categories?post=285211"},{"taxonomy":"post_tag","embeddable":true,"href":"https:\/\/www.fiscalia.gov.co\/colombia\/wp-json\/wp\/v2\/tags?post=285211"}],"curies":[{"name":"wp","href":"https:\/\/api.w.org\/{rel}","templated":true}]}}