{"id":285069,"date":"2023-12-16T07:35:05","date_gmt":"2023-12-16T12:35:05","guid":{"rendered":"https:\/\/www.fiscalia.gov.co\/colombia\/?p=285069"},"modified":"2023-12-22T11:57:21","modified_gmt":"2023-12-22T16:57:21","slug":"fiscalia-impacta-a-red-de-trafico-de-migrantes-senalada-de-transportar-ilegalmente-a-extranjeros-que-ingresaban-irregularmente-al-pais-por-narino-y-norte-de-santander","status":"publish","type":"post","link":"https:\/\/www.fiscalia.gov.co\/colombia\/noticias\/fiscalia-impacta-a-red-de-trafico-de-migrantes-senalada-de-transportar-ilegalmente-a-extranjeros-que-ingresaban-irregularmente-al-pais-por-narino-y-norte-de-santander\/","title":{"rendered":"Fiscal\u00eda impacta a red de tr\u00e1fico de migrantes se\u00f1alada de transportar ilegalmente a extranjeros que ingresaban irregularmente al pa\u00eds por Nari\u00f1o y Norte de Santander"},"content":{"rendered":"<ul>\n<li>\n<h4><strong><em>Nueve de los presuntos integrantes fueron capturados y judicializados.<\/em><\/strong><\/h4>\n<\/li>\n<li>\n<h4><strong><em>Simult\u00e1neamente, fueron ocupados con fines de extinci\u00f3n de dominio bienes avaluados en m\u00e1s de <\/em><em>367 millones de pesos. <\/em><\/strong><\/h4>\n<\/li>\n<\/ul>\n<p>Una investigaci\u00f3n liderada por la Fiscal\u00eda General de la Naci\u00f3n, en articulaci\u00f3n con la DIJIN de la Polic\u00eda Nacional, y la Oficina de Investigaciones de Seguridad Nacional de Estados Unidos (HSI\/ICE), permiti\u00f3 impactar el componente estructural y el patrimonio de una red delincuencial se\u00f1alada de transportar ilegalmente migrantes durante el \u00faltimo a\u00f1o.<\/p>\n<p>La organizaci\u00f3n ser\u00eda la responsable de mover ciudadanos africanos, asi\u00e1ticos, cubanos, haitianos y venezolanos que ingresaban irregularmente al pa\u00eds, desde Ipiales (Nari\u00f1o) y C\u00facuta (Norte de Santander) hasta Necocl\u00ed (Antioquia); y de la zona fronteriza con Venezuela hasta puntos lim\u00edtrofes con Ecuador.<\/p>\n<p>Los traslados se realizaban en buses que pertenecer\u00edan a integrantes del grupo ilegal, y con el acompa\u00f1amiento de motociclistas o \u2018moscas\u2019 que brindaban seguridad y alertaban sobre la presencia de las autoridades en la v\u00eda. En algunas oportunidades, tambi\u00e9n mediaba el pago de dadivas a integrantes de la fuerza p\u00fablica para que facilitaran el paso, y la obtenci\u00f3n de documentos de identidad y permisos migratorios falsos para los extranjeros.<\/p>\n<p>Por estos hechos, fueron capturadas nueve personas, que har\u00edan parte de la red criminal, en diligencias realizadas en Ipiales y Pasto (Nari\u00f1o), Neiva (Huila), Maicao (La Guajira), Soledad (Atl\u00e1ntico), Santander de Quilichao (Cauca) y Bucaramanga (Santander).<\/p>\n<p>Los detenidos estar\u00edan involucrados en cinco eventos distintos en los que fueron transportados ilegalmente 229 migrantes, 7 de ellos menores de edad. En ese sentido, una fiscal de la Direcci\u00f3n Especializada contra las Violaciones a los Derechos Humanos les imput\u00f3, de acuerdo con su posible participaci\u00f3n, los delitos de concierto para delinquir y tr\u00e1fico de migrantes. Los cargos no fueron aceptados.<\/p>\n<p>Los investigados son:<\/p>\n<ul>\n<li><u>Carlos Alberto Coy Mart\u00ednez<\/u>, alias Patr\u00f3n, se\u00f1alado cabecilla encargado de definir rutas y costos, designar conductores, coordinar transbordos y asignar presupuesto, para el pago de coimas o la obtenci\u00f3n de documentos de identidad falsos.<\/li>\n<li><u>Gilberto Ariza Carrillo<\/u>, alias Pescuezo, quien ser\u00eda el encargado de ubicar migrantes en zonas de frontera.<\/li>\n<li><u>Juan Pablo Delgado Escobar<\/u>, presunto organizador de rutas y transportador de migrantes entre Popay\u00e1n \u2013 Urab\u00e1.<\/li>\n<li><u>Jhon Jairo Balaguera Pe\u00f1ate<\/u>, alias Menudencias, posible responsable de localizar migrantes y orientar a los denominados \u2018moscas\u2019.<\/li>\n<li><u>Samuel Dar\u00edo Meza Salavandia,<\/u> se\u00f1alado de identificar nuevas rutas para evadir los controles y el pago de d\u00e1divas.<\/li>\n<li><u>Edwin Andr\u00e9s Panqueva<\/u>, alias Pochis, coordinaba viajes con migrantes irregulares, entregaba d\u00e1divas a integrantes de la Polic\u00eda y dirigir a las denominadas \u00b4moscas\u00b4.<\/li>\n<li><u>Hernando C\u00e1ceres Duarte<\/u>; <u>Hugo Robinson Rodr\u00edguez Regalado<\/u>; y<u> Mauricio \u00c1lvarez Giraldo<\/u>, presuntos encargados de ubicar y transportar a migrantes.<\/li>\n<\/ul>\n<p>Adicionalmente, a alias Patr\u00f3n le fue imputado el delito de falsedad marcaria. Se estableci\u00f3 que a un bus de su propiedad le fue remarcado el n\u00famero del chasis. El veh\u00edculo fue afectado con medida cautelares con fines de comiso.<\/p>\n<p>Los procesados recibieron medida de aseguramiento. Seis de ellos en centro carcelario y los conductores \u00c1lvarez Giraldo, Rodr\u00edguez Regalado y C\u00e1ceres Duarte en su lugar de residencia.<\/p>\n<p><strong><u>Golpe al patrimonio<\/u><\/strong><\/p>\n<p>Simult\u00e1neamente al proceso penal, una fiscal de la Direcci\u00f3n Especializada de Extinci\u00f3n del Derecho de Dominio impuso medias cautelares de embargo, secuestro y suspensi\u00f3n del poder dispositivo sobre 18 bienes e inmuebles que estar\u00edan al servicio de la red de tr\u00e1fico de migrantes.<\/p>\n<p>Las propiedades, avaluadas en m\u00e1s de 2.367 millones de pesos, fueron ocupadas en procedimientos realizados en Nobsa (Boyac\u00e1), Barrancabermeja y Floridablanca (Santander), Villa del Rosario (Norte de Santander), Sibat\u00e9 (Cundinamarca), La Virginia (Risaralda), Ipiales y Pasto (Nari\u00f1o).<\/p>\n<p>Esta informaci\u00f3n se publica por razones de inter\u00e9s general.<\/p>\n<p><strong><u>La Fiscal\u00eda habla con resultados.<\/u><\/strong><\/p>\n<p>&nbsp;<\/p>\n<p>&nbsp;<\/p>\n<p>&nbsp;<\/p>\n<p>&nbsp;<\/p>\n<p>&nbsp;<\/p>\n<p>&nbsp;<\/p>\n<p>LAGP\/JARG\/GJG\/DECVDH\/MRC.<\/p>\n<p>&nbsp;<\/p>\n<p>&nbsp;<\/p>\n<p>&nbsp;<\/p>\n<p>&nbsp;<\/p>\n<p>&nbsp;<\/p>\n<div class=\"td-post-content tagdiv-type\">\n<p><em>La informaci\u00f3n contenida en este bolet\u00edn de prensa corresponde a la narraci\u00f3n de los hechos noticiosos objetivos, suministrados por los funcionarios encargados de adelantar las investigaciones penales al interior de la Fiscal\u00eda General de la Naci\u00f3n. Para el momento de la divulgaci\u00f3n de este comunicado, la situaci\u00f3n jur\u00eddica de la(s) persona(s) relacionada(s) se encuentra pendiente de resolver por la autoridad\u00a0judicial competente, siempre bajo los preceptos de la presunci\u00f3n de inocencia, consagrados en el art\u00edculo 29 de la Constituci\u00f3n Pol\u00edtica y el art\u00edculo 7\u00ba de la Ley 906 de 2004.\u00a0<\/em><\/p>\n<\/div>\n<footer>\n<div class=\"td-post-sharing-bottom\"><\/div>\n<\/footer>\n\n<div class=\"twitter-share\"><a href=\"https:\/\/twitter.com\/intent\/tweet?via=fiscaliacol\" class=\"twitter-share-button\">Tweet<\/a><\/div>\n","protected":false},"excerpt":{"rendered":"<p>Nueve de los presuntos integrantes fueron capturados y judicializados. Simult\u00e1neamente, fueron ocupados con fines de extinci\u00f3n de dominio bienes avaluados en m\u00e1s de 367 millones de pesos. Una investigaci\u00f3n liderada [&hellip;]<\/p>\n","protected":false},"author":177,"featured_media":0,"comment_status":"closed","ping_status":"open","sticky":false,"template":"","format":"video","meta":{"tdm_status":"","tdm_grid_status":"","footnotes":""},"categories":[24102,1],"tags":[1050,24185,1047,10666,2228,4634],"class_list":["post-285069","post","type-post","status-publish","format-video","category-derechos-humanos","category-noticias","tag-derechoa-humanos","tag-fiscal-barbosa","tag-fiscalia-general-de-la-nacion","tag-narino","tag-norte-de-santander","tag-trafico-de-migrantes","post_format-post-format-video"],"yoast_head":"<!-- This site is optimized with the Yoast SEO plugin v24.3 - https:\/\/yoast.com\/wordpress\/plugins\/seo\/ -->\n<title>Fiscal\u00eda General de la Naci\u00f3n<\/title>\n<meta name=\"description\" content=\"P\u00e1gina oficial de la Fiscal\u00eda General de la Naci\u00f3n \u2013 Colombia. Garantizamos el acceso efectivo a la justicia, la verdad y la reparaci\u00f3n de las v\u00edctimas de los delitos.\" \/>\n<meta name=\"robots\" content=\"noindex, follow\" \/>\n<meta property=\"og:locale\" content=\"es_ES\" \/>\n<meta property=\"og:type\" content=\"article\" \/>\n<meta property=\"og:title\" content=\"Fiscal\u00eda General de la Naci\u00f3n\" \/>\n<meta property=\"og:description\" content=\"P\u00e1gina oficial de la Fiscal\u00eda General de la Naci\u00f3n \u2013 Colombia. Garantizamos el acceso efectivo a la justicia, la verdad y la reparaci\u00f3n de las v\u00edctimas de los delitos.\" \/>\n<meta property=\"og:url\" content=\"https:\/\/www.fiscalia.gov.co\/colombia\/noticias\/fiscalia-impacta-a-red-de-trafico-de-migrantes-senalada-de-transportar-ilegalmente-a-extranjeros-que-ingresaban-irregularmente-al-pais-por-narino-y-norte-de-santander\/\" \/>\n<meta property=\"og:site_name\" content=\"Fiscal\u00eda General de la Naci\u00f3n\" \/>\n<meta property=\"article:publisher\" content=\"https:\/\/www.facebook.com\/FiscaliaCol\" \/>\n<meta property=\"article:published_time\" content=\"2023-12-16T12:35:05+00:00\" \/>\n<meta property=\"article:modified_time\" content=\"2023-12-22T16:57:21+00:00\" \/>\n<meta name=\"author\" content=\"Jordan Leandro Oviedo Anzola\" \/>\n<meta name=\"twitter:card\" content=\"summary_large_image\" \/>\n<meta name=\"twitter:creator\" content=\"@FiscaliaCol\" \/>\n<meta name=\"twitter:site\" content=\"@FiscaliaCol\" \/>\n<meta name=\"twitter:label1\" content=\"Escrito por\" \/>\n\t<meta name=\"twitter:data1\" content=\"Jordan Leandro Oviedo Anzola\" \/>\n\t<meta name=\"twitter:label2\" content=\"Tiempo de lectura\" \/>\n\t<meta name=\"twitter:data2\" content=\"4 minutos\" \/>\n<script type=\"application\/ld+json\" class=\"yoast-schema-graph\">{\"@context\":\"https:\/\/schema.org\",\"@graph\":[{\"@type\":\"Article\",\"@id\":\"https:\/\/www.fiscalia.gov.co\/colombia\/noticias\/fiscalia-impacta-a-red-de-trafico-de-migrantes-senalada-de-transportar-ilegalmente-a-extranjeros-que-ingresaban-irregularmente-al-pais-por-narino-y-norte-de-santander\/#article\",\"isPartOf\":{\"@id\":\"https:\/\/www.fiscalia.gov.co\/colombia\/noticias\/fiscalia-impacta-a-red-de-trafico-de-migrantes-senalada-de-transportar-ilegalmente-a-extranjeros-que-ingresaban-irregularmente-al-pais-por-narino-y-norte-de-santander\/\"},\"author\":{\"name\":\"Jordan Leandro Oviedo Anzola\",\"@id\":\"https:\/\/www.fiscalia.gov.co\/colombia\/#\/schema\/person\/bf84402cf293a5393e9c70b111020b24\"},\"headline\":\"Fiscal\u00eda impacta a red de tr\u00e1fico de migrantes se\u00f1alada de transportar ilegalmente a extranjeros que ingresaban irregularmente al pa\u00eds por Nari\u00f1o y Norte de Santander\",\"datePublished\":\"2023-12-16T12:35:05+00:00\",\"dateModified\":\"2023-12-22T16:57:21+00:00\",\"mainEntityOfPage\":{\"@id\":\"https:\/\/www.fiscalia.gov.co\/colombia\/noticias\/fiscalia-impacta-a-red-de-trafico-de-migrantes-senalada-de-transportar-ilegalmente-a-extranjeros-que-ingresaban-irregularmente-al-pais-por-narino-y-norte-de-santander\/\"},\"wordCount\":800,\"publisher\":{\"@id\":\"https:\/\/www.fiscalia.gov.co\/colombia\/#organization\"},\"keywords\":[\"Derechos Humanos\",\"Fiscal Barbosa\",\"Fiscal\u00eda General de la Naci\u00f3n\",\"Nari\u00f1o\",\"Norte de Santander\",\"Tr\u00e1fico de migrantes\"],\"articleSection\":[\"Derechos Humanos\",\"Noticias\"],\"inLanguage\":\"es-CO\"},{\"@type\":\"WebPage\",\"@id\":\"https:\/\/www.fiscalia.gov.co\/colombia\/noticias\/fiscalia-impacta-a-red-de-trafico-de-migrantes-senalada-de-transportar-ilegalmente-a-extranjeros-que-ingresaban-irregularmente-al-pais-por-narino-y-norte-de-santander\/\",\"url\":\"https:\/\/www.fiscalia.gov.co\/colombia\/noticias\/fiscalia-impacta-a-red-de-trafico-de-migrantes-senalada-de-transportar-ilegalmente-a-extranjeros-que-ingresaban-irregularmente-al-pais-por-narino-y-norte-de-santander\/\",\"name\":\"Fiscal\u00eda General de la Naci\u00f3n\",\"isPartOf\":{\"@id\":\"https:\/\/www.fiscalia.gov.co\/colombia\/#website\"},\"datePublished\":\"2023-12-16T12:35:05+00:00\",\"dateModified\":\"2023-12-22T16:57:21+00:00\",\"description\":\"P\u00e1gina oficial de la Fiscal\u00eda General de la Naci\u00f3n \u2013 Colombia. Garantizamos el acceso efectivo a la justicia, la verdad y la reparaci\u00f3n de las v\u00edctimas de los delitos.\",\"breadcrumb\":{\"@id\":\"https:\/\/www.fiscalia.gov.co\/colombia\/noticias\/fiscalia-impacta-a-red-de-trafico-de-migrantes-senalada-de-transportar-ilegalmente-a-extranjeros-que-ingresaban-irregularmente-al-pais-por-narino-y-norte-de-santander\/#breadcrumb\"},\"inLanguage\":\"es-CO\",\"potentialAction\":[{\"@type\":\"ReadAction\",\"target\":[\"https:\/\/www.fiscalia.gov.co\/colombia\/noticias\/fiscalia-impacta-a-red-de-trafico-de-migrantes-senalada-de-transportar-ilegalmente-a-extranjeros-que-ingresaban-irregularmente-al-pais-por-narino-y-norte-de-santander\/\"]}]},{\"@type\":\"BreadcrumbList\",\"@id\":\"https:\/\/www.fiscalia.gov.co\/colombia\/noticias\/fiscalia-impacta-a-red-de-trafico-de-migrantes-senalada-de-transportar-ilegalmente-a-extranjeros-que-ingresaban-irregularmente-al-pais-por-narino-y-norte-de-santander\/#breadcrumb\",\"itemListElement\":[{\"@type\":\"ListItem\",\"position\":1,\"name\":\"Home\",\"item\":\"https:\/\/www.fiscalia.gov.co\/colombia\/\"},{\"@type\":\"ListItem\",\"position\":2,\"name\":\"Fiscal\u00eda impacta a red de tr\u00e1fico de migrantes se\u00f1alada de transportar ilegalmente a extranjeros que ingresaban irregularmente al pa\u00eds por Nari\u00f1o y Norte de Santander\"}]},{\"@type\":\"WebSite\",\"@id\":\"https:\/\/www.fiscalia.gov.co\/colombia\/#website\",\"url\":\"https:\/\/www.fiscalia.gov.co\/colombia\/\",\"name\":\"Fiscal\u00eda General de la Naci\u00f3n\",\"description\":\"P\u00e1gina oficial de la Fiscal\u00eda General de la Naci\u00f3n \u2013 Colombia. Garantizamos el acceso efectivo a la justicia, la verdad y la reparaci\u00f3n de las v\u00edctimas de los delitos.\",\"publisher\":{\"@id\":\"https:\/\/www.fiscalia.gov.co\/colombia\/#organization\"},\"potentialAction\":[{\"@type\":\"SearchAction\",\"target\":{\"@type\":\"EntryPoint\",\"urlTemplate\":\"https:\/\/www.fiscalia.gov.co\/colombia\/?s={search_term_string}\"},\"query-input\":{\"@type\":\"PropertyValueSpecification\",\"valueRequired\":true,\"valueName\":\"search_term_string\"}}],\"inLanguage\":\"es-CO\"},{\"@type\":\"Organization\",\"@id\":\"https:\/\/www.fiscalia.gov.co\/colombia\/#organization\",\"name\":\"Fiscal\u00eda General de la Naci\u00f3n\",\"url\":\"https:\/\/www.fiscalia.gov.co\/colombia\/\",\"logo\":{\"@type\":\"ImageObject\",\"inLanguage\":\"es-CO\",\"@id\":\"https:\/\/www.fiscalia.gov.co\/colombia\/#\/schema\/logo\/image\/\",\"url\":\"https:\/\/www.fiscalia.gov.co\/colombia\/wp-content\/uploads\/LogoHorizontal_1.jpg\",\"contentUrl\":\"https:\/\/www.fiscalia.gov.co\/colombia\/wp-content\/uploads\/LogoHorizontal_1.jpg\",\"width\":300,\"height\":90,\"caption\":\"Fiscal\u00eda General de la Naci\u00f3n\"},\"image\":{\"@id\":\"https:\/\/www.fiscalia.gov.co\/colombia\/#\/schema\/logo\/image\/\"},\"sameAs\":[\"https:\/\/www.facebook.com\/FiscaliaCol\",\"https:\/\/x.com\/FiscaliaCol\",\"https:\/\/www.instagram.com\/fiscaliacol\",\"https:\/\/www.linkedin.com\/company\/fiscalia-general-de-la-naci-n\/\",\"https:\/\/youtube.com\/@fiscaliageneraldelanacion-4668?si=6nN79nyQICPU5iTh\"]},{\"@type\":\"Person\",\"@id\":\"https:\/\/www.fiscalia.gov.co\/colombia\/#\/schema\/person\/bf84402cf293a5393e9c70b111020b24\",\"name\":\"Jordan Leandro Oviedo Anzola\",\"image\":{\"@type\":\"ImageObject\",\"inLanguage\":\"es-CO\",\"@id\":\"https:\/\/www.fiscalia.gov.co\/colombia\/#\/schema\/person\/image\/\",\"url\":\"https:\/\/secure.gravatar.com\/avatar\/dabba4346fa9b9207d96adafa8f92721?s=96&d=mm&r=g\",\"contentUrl\":\"https:\/\/secure.gravatar.com\/avatar\/dabba4346fa9b9207d96adafa8f92721?s=96&d=mm&r=g\",\"caption\":\"Jordan Leandro Oviedo Anzola\"},\"url\":\"https:\/\/www.fiscalia.gov.co\/colombia\/author\/joviedo\/\"}]}<\/script>\n<!-- \/ Yoast SEO plugin. -->","yoast_head_json":{"title":"Fiscal\u00eda General de la Naci\u00f3n","description":"P\u00e1gina oficial de la Fiscal\u00eda General de la Naci\u00f3n \u2013 Colombia. Garantizamos el acceso efectivo a la justicia, la verdad y la reparaci\u00f3n de las v\u00edctimas de los delitos.","robots":{"index":"noindex","follow":"follow"},"og_locale":"es_ES","og_type":"article","og_title":"Fiscal\u00eda General de la Naci\u00f3n","og_description":"P\u00e1gina oficial de la Fiscal\u00eda General de la Naci\u00f3n \u2013 Colombia. Garantizamos el acceso efectivo a la justicia, la verdad y la reparaci\u00f3n de las v\u00edctimas de los delitos.","og_url":"https:\/\/www.fiscalia.gov.co\/colombia\/noticias\/fiscalia-impacta-a-red-de-trafico-de-migrantes-senalada-de-transportar-ilegalmente-a-extranjeros-que-ingresaban-irregularmente-al-pais-por-narino-y-norte-de-santander\/","og_site_name":"Fiscal\u00eda General de la Naci\u00f3n","article_publisher":"https:\/\/www.facebook.com\/FiscaliaCol","article_published_time":"2023-12-16T12:35:05+00:00","article_modified_time":"2023-12-22T16:57:21+00:00","author":"Jordan Leandro Oviedo Anzola","twitter_card":"summary_large_image","twitter_creator":"@FiscaliaCol","twitter_site":"@FiscaliaCol","twitter_misc":{"Escrito por":"Jordan Leandro Oviedo Anzola","Tiempo de lectura":"4 minutos"},"schema":{"@context":"https:\/\/schema.org","@graph":[{"@type":"Article","@id":"https:\/\/www.fiscalia.gov.co\/colombia\/noticias\/fiscalia-impacta-a-red-de-trafico-de-migrantes-senalada-de-transportar-ilegalmente-a-extranjeros-que-ingresaban-irregularmente-al-pais-por-narino-y-norte-de-santander\/#article","isPartOf":{"@id":"https:\/\/www.fiscalia.gov.co\/colombia\/noticias\/fiscalia-impacta-a-red-de-trafico-de-migrantes-senalada-de-transportar-ilegalmente-a-extranjeros-que-ingresaban-irregularmente-al-pais-por-narino-y-norte-de-santander\/"},"author":{"name":"Jordan Leandro Oviedo Anzola","@id":"https:\/\/www.fiscalia.gov.co\/colombia\/#\/schema\/person\/bf84402cf293a5393e9c70b111020b24"},"headline":"Fiscal\u00eda impacta a red de tr\u00e1fico de migrantes se\u00f1alada de transportar ilegalmente a extranjeros que ingresaban irregularmente al pa\u00eds por Nari\u00f1o y Norte de Santander","datePublished":"2023-12-16T12:35:05+00:00","dateModified":"2023-12-22T16:57:21+00:00","mainEntityOfPage":{"@id":"https:\/\/www.fiscalia.gov.co\/colombia\/noticias\/fiscalia-impacta-a-red-de-trafico-de-migrantes-senalada-de-transportar-ilegalmente-a-extranjeros-que-ingresaban-irregularmente-al-pais-por-narino-y-norte-de-santander\/"},"wordCount":800,"publisher":{"@id":"https:\/\/www.fiscalia.gov.co\/colombia\/#organization"},"keywords":["Derechos Humanos","Fiscal Barbosa","Fiscal\u00eda General de la Naci\u00f3n","Nari\u00f1o","Norte de Santander","Tr\u00e1fico de migrantes"],"articleSection":["Derechos Humanos","Noticias"],"inLanguage":"es-CO"},{"@type":"WebPage","@id":"https:\/\/www.fiscalia.gov.co\/colombia\/noticias\/fiscalia-impacta-a-red-de-trafico-de-migrantes-senalada-de-transportar-ilegalmente-a-extranjeros-que-ingresaban-irregularmente-al-pais-por-narino-y-norte-de-santander\/","url":"https:\/\/www.fiscalia.gov.co\/colombia\/noticias\/fiscalia-impacta-a-red-de-trafico-de-migrantes-senalada-de-transportar-ilegalmente-a-extranjeros-que-ingresaban-irregularmente-al-pais-por-narino-y-norte-de-santander\/","name":"Fiscal\u00eda General de la Naci\u00f3n","isPartOf":{"@id":"https:\/\/www.fiscalia.gov.co\/colombia\/#website"},"datePublished":"2023-12-16T12:35:05+00:00","dateModified":"2023-12-22T16:57:21+00:00","description":"P\u00e1gina oficial de la Fiscal\u00eda General de la Naci\u00f3n \u2013 Colombia. Garantizamos el acceso efectivo a la justicia, la verdad y la reparaci\u00f3n de las v\u00edctimas de los delitos.","breadcrumb":{"@id":"https:\/\/www.fiscalia.gov.co\/colombia\/noticias\/fiscalia-impacta-a-red-de-trafico-de-migrantes-senalada-de-transportar-ilegalmente-a-extranjeros-que-ingresaban-irregularmente-al-pais-por-narino-y-norte-de-santander\/#breadcrumb"},"inLanguage":"es-CO","potentialAction":[{"@type":"ReadAction","target":["https:\/\/www.fiscalia.gov.co\/colombia\/noticias\/fiscalia-impacta-a-red-de-trafico-de-migrantes-senalada-de-transportar-ilegalmente-a-extranjeros-que-ingresaban-irregularmente-al-pais-por-narino-y-norte-de-santander\/"]}]},{"@type":"BreadcrumbList","@id":"https:\/\/www.fiscalia.gov.co\/colombia\/noticias\/fiscalia-impacta-a-red-de-trafico-de-migrantes-senalada-de-transportar-ilegalmente-a-extranjeros-que-ingresaban-irregularmente-al-pais-por-narino-y-norte-de-santander\/#breadcrumb","itemListElement":[{"@type":"ListItem","position":1,"name":"Home","item":"https:\/\/www.fiscalia.gov.co\/colombia\/"},{"@type":"ListItem","position":2,"name":"Fiscal\u00eda impacta a red de tr\u00e1fico de migrantes se\u00f1alada de transportar ilegalmente a extranjeros que ingresaban irregularmente al pa\u00eds por Nari\u00f1o y Norte de Santander"}]},{"@type":"WebSite","@id":"https:\/\/www.fiscalia.gov.co\/colombia\/#website","url":"https:\/\/www.fiscalia.gov.co\/colombia\/","name":"Fiscal\u00eda General de la Naci\u00f3n","description":"P\u00e1gina oficial de la Fiscal\u00eda General de la Naci\u00f3n \u2013 Colombia. Garantizamos el acceso efectivo a la justicia, la verdad y la reparaci\u00f3n de las v\u00edctimas de los delitos.","publisher":{"@id":"https:\/\/www.fiscalia.gov.co\/colombia\/#organization"},"potentialAction":[{"@type":"SearchAction","target":{"@type":"EntryPoint","urlTemplate":"https:\/\/www.fiscalia.gov.co\/colombia\/?s={search_term_string}"},"query-input":{"@type":"PropertyValueSpecification","valueRequired":true,"valueName":"search_term_string"}}],"inLanguage":"es-CO"},{"@type":"Organization","@id":"https:\/\/www.fiscalia.gov.co\/colombia\/#organization","name":"Fiscal\u00eda General de la Naci\u00f3n","url":"https:\/\/www.fiscalia.gov.co\/colombia\/","logo":{"@type":"ImageObject","inLanguage":"es-CO","@id":"https:\/\/www.fiscalia.gov.co\/colombia\/#\/schema\/logo\/image\/","url":"https:\/\/www.fiscalia.gov.co\/colombia\/wp-content\/uploads\/LogoHorizontal_1.jpg","contentUrl":"https:\/\/www.fiscalia.gov.co\/colombia\/wp-content\/uploads\/LogoHorizontal_1.jpg","width":300,"height":90,"caption":"Fiscal\u00eda General de la Naci\u00f3n"},"image":{"@id":"https:\/\/www.fiscalia.gov.co\/colombia\/#\/schema\/logo\/image\/"},"sameAs":["https:\/\/www.facebook.com\/FiscaliaCol","https:\/\/x.com\/FiscaliaCol","https:\/\/www.instagram.com\/fiscaliacol","https:\/\/www.linkedin.com\/company\/fiscalia-general-de-la-naci-n\/","https:\/\/youtube.com\/@fiscaliageneraldelanacion-4668?si=6nN79nyQICPU5iTh"]},{"@type":"Person","@id":"https:\/\/www.fiscalia.gov.co\/colombia\/#\/schema\/person\/bf84402cf293a5393e9c70b111020b24","name":"Jordan Leandro Oviedo Anzola","image":{"@type":"ImageObject","inLanguage":"es-CO","@id":"https:\/\/www.fiscalia.gov.co\/colombia\/#\/schema\/person\/image\/","url":"https:\/\/secure.gravatar.com\/avatar\/dabba4346fa9b9207d96adafa8f92721?s=96&d=mm&r=g","contentUrl":"https:\/\/secure.gravatar.com\/avatar\/dabba4346fa9b9207d96adafa8f92721?s=96&d=mm&r=g","caption":"Jordan Leandro Oviedo Anzola"},"url":"https:\/\/www.fiscalia.gov.co\/colombia\/author\/joviedo\/"}]}},"_links":{"self":[{"href":"https:\/\/www.fiscalia.gov.co\/colombia\/wp-json\/wp\/v2\/posts\/285069","targetHints":{"allow":["GET"]}}],"collection":[{"href":"https:\/\/www.fiscalia.gov.co\/colombia\/wp-json\/wp\/v2\/posts"}],"about":[{"href":"https:\/\/www.fiscalia.gov.co\/colombia\/wp-json\/wp\/v2\/types\/post"}],"author":[{"embeddable":true,"href":"https:\/\/www.fiscalia.gov.co\/colombia\/wp-json\/wp\/v2\/users\/177"}],"replies":[{"embeddable":true,"href":"https:\/\/www.fiscalia.gov.co\/colombia\/wp-json\/wp\/v2\/comments?post=285069"}],"version-history":[{"count":1,"href":"https:\/\/www.fiscalia.gov.co\/colombia\/wp-json\/wp\/v2\/posts\/285069\/revisions"}],"predecessor-version":[{"id":285070,"href":"https:\/\/www.fiscalia.gov.co\/colombia\/wp-json\/wp\/v2\/posts\/285069\/revisions\/285070"}],"wp:attachment":[{"href":"https:\/\/www.fiscalia.gov.co\/colombia\/wp-json\/wp\/v2\/media?parent=285069"}],"wp:term":[{"taxonomy":"category","embeddable":true,"href":"https:\/\/www.fiscalia.gov.co\/colombia\/wp-json\/wp\/v2\/categories?post=285069"},{"taxonomy":"post_tag","embeddable":true,"href":"https:\/\/www.fiscalia.gov.co\/colombia\/wp-json\/wp\/v2\/tags?post=285069"}],"curies":[{"name":"wp","href":"https:\/\/api.w.org\/{rel}","templated":true}]}}