{"id":284950,"date":"2023-12-14T12:15:15","date_gmt":"2023-12-14T17:15:15","guid":{"rendered":"https:\/\/www.fiscalia.gov.co\/colombia\/?p=284950"},"modified":"2023-12-22T11:56:09","modified_gmt":"2023-12-22T16:56:09","slug":"importante-avance-en-el-esclarecimiento-de-casos-de-violencia-de-genero-y-otros-delitos-durante-el-ultimo-cuatrienio-en-el-huila","status":"publish","type":"post","link":"https:\/\/www.fiscalia.gov.co\/colombia\/noticias\/importante-avance-en-el-esclarecimiento-de-casos-de-violencia-de-genero-y-otros-delitos-durante-el-ultimo-cuatrienio-en-el-huila\/","title":{"rendered":"Importante avance en el esclarecimiento de casos de violencia de g\u00e9nero y otros delitos durante el \u00faltimo cuatrienio en el Huila"},"content":{"rendered":"<p>Gracias al trabajo coordinado entre la Fiscal\u00eda Seccional Huila y sus investigadores del CTI con la Polic\u00eda y el Ej\u00e9rcito Nacional, se ha logrado en el departamento, en este \u00faltimo cuatrienio, el avance en las investigaciones de delitos priorizados tales como los relacionados con la violencia basada en g\u00e9nero y los que afectan a la ciudadan\u00eda diariamente como el hurto y conexos.<\/p>\n<p>Es as\u00ed como en homicidio se ha alcanzado un avance en un 51%, en homicidio de mujeres un 65%, en feminicidio el 100% del avance investigativo de los casos, en violencia sexual el 55%, en violencia intrafamiliar el 74%, y en hurto el 73, 98%.<\/p>\n<p><b>Violencia de g\u00e9nero \u00a0\u00a0<\/b><\/p>\n<p>Gracias al esfuerzo y articulaci\u00f3n interinstitucional, las dos \u00faltimas semanas a trav\u00e9s de un despacho adscrito al Centro de Atenci\u00f3n Integral de atenci\u00f3n a V\u00edctimas de Abuso Sexual, (Caivas) de Neiva, fueron judicializadas cuatro personas y otra imputada por delitos sexuales, dejando a cuatro menores de edad y a cuatro mujeres adultas como v\u00edctimas.<\/p>\n<p>Entre los procesados se encuentran un soldado profesional y un subintendente activo de la Polic\u00eda del Huila.<\/p>\n<p>*El primero habr\u00eda abusado de sus dos hijas y sus dos sobrinas quienes se encuentran entre las edades de 2 a 6 a\u00f1os, cuando estuvo de permiso por un mes en su casa en Neiva, entre el 9 de julio y el 9 de agosto de 2023. Se le imputaron los delitos de acceso carnal y actos sexuales abusivos.<\/p>\n<figure id=\"attachment_284954\" aria-describedby=\"caption-attachment-284954\" style=\"width: 266px\" class=\"wp-caption aligncenter\"><img loading=\"lazy\" decoding=\"async\" class=\"size-medium wp-image-284954\" src=\"https:\/\/www.fiscalia.gov.co\/colombia\/wp-content\/uploads\/saoldado-abuso-hijas-y-sobrinas-neiva-266x300.jpeg\" alt=\" en la imagen se ve una persona detenida bajo custodia de un investigador del CTI y un integrante del Ej\u00e9rcito. \" width=\"266\" height=\"300\" srcset=\"https:\/\/www.fiscalia.gov.co\/colombia\/wp-content\/uploads\/saoldado-abuso-hijas-y-sobrinas-neiva-266x300.jpeg 266w, https:\/\/www.fiscalia.gov.co\/colombia\/wp-content\/uploads\/saoldado-abuso-hijas-y-sobrinas-neiva-909x1024.jpeg 909w, https:\/\/www.fiscalia.gov.co\/colombia\/wp-content\/uploads\/saoldado-abuso-hijas-y-sobrinas-neiva-768x865.jpeg 768w, https:\/\/www.fiscalia.gov.co\/colombia\/wp-content\/uploads\/saoldado-abuso-hijas-y-sobrinas-neiva-1364x1536.jpeg 1364w, https:\/\/www.fiscalia.gov.co\/colombia\/wp-content\/uploads\/saoldado-abuso-hijas-y-sobrinas-neiva-696x784.jpeg 696w, https:\/\/www.fiscalia.gov.co\/colombia\/wp-content\/uploads\/saoldado-abuso-hijas-y-sobrinas-neiva-1068x1203.jpeg 1068w, https:\/\/www.fiscalia.gov.co\/colombia\/wp-content\/uploads\/saoldado-abuso-hijas-y-sobrinas-neiva-373x420.jpeg 373w, https:\/\/www.fiscalia.gov.co\/colombia\/wp-content\/uploads\/saoldado-abuso-hijas-y-sobrinas-neiva.jpeg 1421w\" sizes=\"auto, (max-width: 266px) 100vw, 266px\" \/><figcaption id=\"caption-attachment-284954\" class=\"wp-caption-text\">Soldado profesional detenido por presunto abuso de sus dos hijas y sus dos sobrinas entre las edades de 2 y 6 a\u00f1os de edad en la capital huilense. El hecho ocurri\u00f3 cuando estuvo de permiso por un mes en su casa entre el 09 de julio y el 09 de agosto de 2023 en Neiva.<\/figcaption><\/figure>\n<p>*El segundo fue identificado como Alfonso Rafael Cervantes de la Cruz, quien fue imputado por acceso carnal violento agravado. Los hechos ocurrieron en octubre de este a\u00f1o en Yaguar\u00e1, Huila cuando abordar\u00eda a su v\u00edctima con la excusa de que indagar\u00eda m\u00e1s sobre un caso por delitos sexuales en el que ella era la afectada y del cual \u00e9l no era el investigador.<\/p>\n<p>El imputado al parecer lleg\u00f3 a su casa y abus\u00f3 de ella mediante violencia f\u00edsica y coacci\u00f3n psicol\u00f3gica.<\/p>\n<p>*Daniel Salazar Bonilla fue privado de la libertad por acceso carnal violento agravado en concurso con lesiones personales dolosas agravadas. La v\u00edctima es una mujer de 26 a\u00f1os de edad con discapacidad cognitiva.<\/p>\n<figure id=\"attachment_284956\" aria-describedby=\"caption-attachment-284956\" style=\"width: 419px\" class=\"wp-caption aligncenter\"><img loading=\"lazy\" decoding=\"async\" class=\" wp-image-284956\" src=\"https:\/\/www.fiscalia.gov.co\/colombia\/wp-content\/uploads\/abuso-de-mujer-con-discapacidad-en-huila-daniel-300x212.jpeg\" alt=\"En la imagen se ve un hombre detenido bajo custodia de dos polic\u00edas. Detr\u00e1s suyo un backing institucional. \" width=\"419\" height=\"296\" srcset=\"https:\/\/www.fiscalia.gov.co\/colombia\/wp-content\/uploads\/abuso-de-mujer-con-discapacidad-en-huila-daniel-300x212.jpeg 300w, https:\/\/www.fiscalia.gov.co\/colombia\/wp-content\/uploads\/abuso-de-mujer-con-discapacidad-en-huila-daniel-1024x725.jpeg 1024w, https:\/\/www.fiscalia.gov.co\/colombia\/wp-content\/uploads\/abuso-de-mujer-con-discapacidad-en-huila-daniel-768x544.jpeg 768w, https:\/\/www.fiscalia.gov.co\/colombia\/wp-content\/uploads\/abuso-de-mujer-con-discapacidad-en-huila-daniel-1536x1088.jpeg 1536w, https:\/\/www.fiscalia.gov.co\/colombia\/wp-content\/uploads\/abuso-de-mujer-con-discapacidad-en-huila-daniel-696x493.jpeg 696w, https:\/\/www.fiscalia.gov.co\/colombia\/wp-content\/uploads\/abuso-de-mujer-con-discapacidad-en-huila-daniel-1068x756.jpeg 1068w, https:\/\/www.fiscalia.gov.co\/colombia\/wp-content\/uploads\/abuso-de-mujer-con-discapacidad-en-huila-daniel-593x420.jpeg 593w, https:\/\/www.fiscalia.gov.co\/colombia\/wp-content\/uploads\/abuso-de-mujer-con-discapacidad-en-huila-daniel-100x70.jpeg 100w, https:\/\/www.fiscalia.gov.co\/colombia\/wp-content\/uploads\/abuso-de-mujer-con-discapacidad-en-huila-daniel.jpeg 1600w\" sizes=\"auto, (max-width: 419px) 100vw, 419px\" \/><figcaption id=\"caption-attachment-284956\" class=\"wp-caption-text\">Daniel Salazar Bonilla est\u00e1 siendo investigado por acceso carnal violento agravado en concurso con lesiones personales dolosas agravadas contra una mujer de 26 a\u00f1os de edad con discapacidad cognitiva.<\/figcaption><\/figure>\n<p>Los hechos ocurrieron en junio de este a\u00f1o en una zona boscosa del barrio Pueblo Nuevo del municipio huilense de Baraya, hasta donde la llev\u00f3 mediante enga\u00f1os y la habr\u00eda abusado con la participaci\u00f3n de otra persona. La joven fue golpeada con una roca en su rostro sufriendo una grave lesi\u00f3n.<\/p>\n<p>*Jos\u00e9 Lisandro Ram\u00edrez Rinc\u00f3n fue asegurado por los delitos de acceso carnal violento agravado en concurso homog\u00e9neo, acto sexual violento agravado en concurso homog\u00e9neo, lesiones personales dolosas agravadas, violencia intrafamiliar agravada y violaci\u00f3n de habitaci\u00f3n ajena.<\/p>\n<figure id=\"attachment_284955\" aria-describedby=\"caption-attachment-284955\" style=\"width: 413px\" class=\"wp-caption aligncenter\"><img loading=\"lazy\" decoding=\"async\" class=\" wp-image-284955\" src=\"https:\/\/www.fiscalia.gov.co\/colombia\/wp-content\/uploads\/violencia-de-genero-contra-su-pareja-jose-lisandro-300x209.jpeg\" alt=\"en la imagen un hombre detenido bajo custodia de la Polic\u00eda, detr\u00e1s suyo un backing institucional. \" width=\"413\" height=\"288\" srcset=\"https:\/\/www.fiscalia.gov.co\/colombia\/wp-content\/uploads\/violencia-de-genero-contra-su-pareja-jose-lisandro-300x209.jpeg 300w, https:\/\/www.fiscalia.gov.co\/colombia\/wp-content\/uploads\/violencia-de-genero-contra-su-pareja-jose-lisandro-1024x712.jpeg 1024w, https:\/\/www.fiscalia.gov.co\/colombia\/wp-content\/uploads\/violencia-de-genero-contra-su-pareja-jose-lisandro-768x534.jpeg 768w, https:\/\/www.fiscalia.gov.co\/colombia\/wp-content\/uploads\/violencia-de-genero-contra-su-pareja-jose-lisandro-1536x1068.jpeg 1536w, https:\/\/www.fiscalia.gov.co\/colombia\/wp-content\/uploads\/violencia-de-genero-contra-su-pareja-jose-lisandro-696x484.jpeg 696w, https:\/\/www.fiscalia.gov.co\/colombia\/wp-content\/uploads\/violencia-de-genero-contra-su-pareja-jose-lisandro-1068x743.jpeg 1068w, https:\/\/www.fiscalia.gov.co\/colombia\/wp-content\/uploads\/violencia-de-genero-contra-su-pareja-jose-lisandro-604x420.jpeg 604w, https:\/\/www.fiscalia.gov.co\/colombia\/wp-content\/uploads\/violencia-de-genero-contra-su-pareja-jose-lisandro-100x70.jpeg 100w, https:\/\/www.fiscalia.gov.co\/colombia\/wp-content\/uploads\/violencia-de-genero-contra-su-pareja-jose-lisandro.jpeg 1600w\" sizes=\"auto, (max-width: 413px) 100vw, 413px\" \/><figcaption id=\"caption-attachment-284955\" class=\"wp-caption-text\">Jos\u00e9 Lisandro Ramirez Rinc\u00f3n habr\u00eda sometido a un ciclo de violencia a la v\u00edctima con quien convivi\u00f3 entre enero de 2022 y septiembre de 2023 en Neiva. La mujer fue dominada, subordinada y discriminada.<\/figcaption><\/figure>\n<p>La v\u00edctima fue sometida a un ciclo de violencia durante su convivencia con el hoy privado de la libertad entre enero de 2022 y septiembre de 2023 en un sector de Neiva. Seg\u00fan la denuncia fue dominada, subordinada y discriminada. Fue v\u00edctima de violencia f\u00edsica, psicol\u00f3gica, emocional, sexual e incluso vicaria, consistente en amenazas contra su hijo para as\u00ed doblegarla.<\/p>\n<p>En una ocasi\u00f3n habr\u00eda ingresado a su habitaci\u00f3n y le rasg\u00f3 su ropa, la accedi\u00f3 carnalmente, y la golpe\u00f3 caus\u00e1ndole en su rostro deformidad f\u00edsica de car\u00e1cter permanente.<\/p>\n<p>*Entretanto, Jhon Jairo Camacho S\u00e1nchez fue asegurado por los delitos de acceso carnal violento agravado en concurso homog\u00e9neo e inducci\u00f3n a la prostituci\u00f3n agravado y violencia intrafamiliar agravada en contra de su pareja de 33 a\u00f1os de edad quien posee discapacidad auditiva y de fonaci\u00f3n.<\/p>\n<p>Los hechos ocurrieron entre agosto de 2022 y septiembre de 2023 en un sector de Campoalegre, Huila. La v\u00edctima era sometida a violencia sistem\u00e1tica siendo doblegada, cosificada, humillada, discriminada. Se vio sometida a constantes agresiones f\u00edsicas, violencia econ\u00f3mica, psicol\u00f3gica y sexual.<\/p>\n<p><b>En corrupci\u00f3n \u00a0<\/b><\/p>\n<p>En lo que respecta a delitos contra la administraci\u00f3n p\u00fablica en este cuatrienio fueron imputadas m\u00e1s de 130 personas, entre ellas 16 alcaldes y 78 servidores adscritos a la Polic\u00eda, Ej\u00e9rcito, y entidades del Estado. Se impusieron 14 medidas de aseguramiento y 12 sentencias condenatorias.\u00a0\u00a0 \u00a0 \u00a0<b>\u00a0<\/b><\/p>\n<p>&nbsp;<\/p>\n<p><b>Ruta de esclarecimiento\u00a0<\/b><\/p>\n<p>Fueron atendidos un total de 2.900 ciudadanos durante las jornadas de atenci\u00f3n a v\u00edctimas y usuarios, activando 2.781 actividades investigativas.<\/p>\n<p>Asimismo, se implementaron 10 Puntos de Atenci\u00f3n de la Fiscal\u00eda (PAF) en los lugares donde no hay presencia directa del ente acusador, como una estrategia para que todos los ciudadanos tengan acceso directo a la justicia si tener que desplazarse a zonas alejadas.<\/p>\n<p><b><u>La Fiscal\u00eda habla con resultados.<\/u><\/b><b><u>\u00a0<\/u><\/b><\/p>\n<p>&nbsp;<\/p>\n<p>&nbsp;<\/p>\n<p>&nbsp;<\/p>\n<p>PAAM\/LYBT\/DFHI\/DSH<\/p>\n<p>&nbsp;<\/p>\n<p>&nbsp;<\/p>\n<p>&nbsp;<\/p>\n<p>&nbsp;<\/p>\n<p><b>Tambi\u00e9n le puede interesar: \u00a0<\/b><\/p>\n<p><b><br \/>\n<a id=\"m_-3280185410111669212OWAc55c2b78-a617-5299-108d-6c7372640e73\" href=\"https:\/\/www.fiscalia.gov.co\/colombia\/fiscal-general-de-la-nacion\/proteger-a-las-mujeres-de-la-violencia-de-genero-es-una-prioridad-para-la-fiscalia-de-francisco-barbosa\/\" target=\"_blank\" rel=\"noopener\" data-saferedirecturl=\"https:\/\/www.google.com\/url?q=https:\/\/www.fiscalia.gov.co\/colombia\/fiscal-general-de-la-nacion\/proteger-a-las-mujeres-de-la-violencia-de-genero-es-una-prioridad-para-la-fiscalia-de-francisco-barbosa\/&amp;source=gmail&amp;ust=1702660050434000&amp;usg=AOvVaw0Sd3odQEoMRefnslzYb0t5\">https:\/\/www.fiscalia.gov.co\/<wbr \/>colombia\/fiscal-general-de-la-<wbr \/>nacion\/proteger-a-las-mujeres-<wbr \/>de-la-violencia-de-genero-es-<wbr \/>una-prioridad-para-la-<wbr \/>fiscalia-de-francisco-barbosa\/<\/a><\/b><b><wbr \/>\u00a0<\/b><\/p>\n<p>&nbsp;<\/p>\n<p>&nbsp;<\/p>\n<p><em>La informaci\u00f3n contenida en este bolet\u00edn de prensa corresponde a la narraci\u00f3n de los hechos noticiosos objetivos, suministrados por los funcionarios encargados de adelantar las investigaciones penales al interior de la Fiscal\u00eda General de la Naci\u00f3n. Para el momento de la divulgaci\u00f3n de este comunicado, la situaci\u00f3n jur\u00eddica de la(s) persona(s) relacionada(s) se encuentra pendiente de resolver por la autoridad\u00a0judicial competente, siempre bajo los preceptos de la presunci\u00f3n de inocencia, consagrados en el art\u00edculo 29 de la Constituci\u00f3n Pol\u00edtica y el art\u00edculo 7\u00ba de la Ley 906 de 2004.\u00a0<\/em><\/p>\n<p><em><b>\u00a0<\/b><\/em><\/p>\n\n<div class=\"twitter-share\"><a href=\"https:\/\/twitter.com\/intent\/tweet?via=fiscaliacol\" class=\"twitter-share-button\">Tweet<\/a><\/div>\n","protected":false},"excerpt":{"rendered":"<p>Gracias al trabajo coordinado entre la Fiscal\u00eda Seccional Huila y sus investigadores del CTI con la Polic\u00eda y el Ej\u00e9rcito Nacional, se ha logrado en el departamento, en este \u00faltimo [&hellip;]<\/p>\n","protected":false},"author":178,"featured_media":0,"comment_status":"closed","ping_status":"open","sticky":false,"template":"","format":"video","meta":{"tdm_status":"","tdm_grid_status":"","footnotes":""},"categories":[1,24099],"tags":[696,25137,427,45,667,24186,36518,1047,409,23960,17967,31720,30580,23972,1176],"class_list":["post-284950","post","type-post","status-publish","format-video","category-noticias","category-seguridad-territorial","tag-abuso","tag-balance","tag-corrupcion","tag-cti","tag-ejercito","tag-esclarecimiento","tag-feminicido","tag-fiscalia-general-de-la-nacion","tag-homicidio","tag-hurto","tag-investigacion","tag-neiva-huila","tag-paf","tag-policia","tag-violencia-de-genero","post_format-post-format-video"],"yoast_head":"<!-- This site is optimized with the Yoast SEO plugin v24.3 - https:\/\/yoast.com\/wordpress\/plugins\/seo\/ -->\n<title>Fiscal\u00eda General de la Naci\u00f3n<\/title>\n<meta name=\"description\" content=\"P\u00e1gina oficial de la Fiscal\u00eda General de la Naci\u00f3n \u2013 Colombia. Garantizamos el acceso efectivo a la justicia, la verdad y la reparaci\u00f3n de las v\u00edctimas de los delitos.\" \/>\n<meta name=\"robots\" content=\"noindex, follow\" \/>\n<meta property=\"og:locale\" content=\"es_ES\" \/>\n<meta property=\"og:type\" content=\"article\" \/>\n<meta property=\"og:title\" content=\"Fiscal\u00eda General de la Naci\u00f3n\" \/>\n<meta property=\"og:description\" content=\"P\u00e1gina oficial de la Fiscal\u00eda General de la Naci\u00f3n \u2013 Colombia. Garantizamos el acceso efectivo a la justicia, la verdad y la reparaci\u00f3n de las v\u00edctimas de los delitos.\" \/>\n<meta property=\"og:url\" content=\"https:\/\/www.fiscalia.gov.co\/colombia\/noticias\/importante-avance-en-el-esclarecimiento-de-casos-de-violencia-de-genero-y-otros-delitos-durante-el-ultimo-cuatrienio-en-el-huila\/\" \/>\n<meta property=\"og:site_name\" content=\"Fiscal\u00eda General de la Naci\u00f3n\" \/>\n<meta property=\"article:publisher\" content=\"https:\/\/www.facebook.com\/FiscaliaCol\" \/>\n<meta property=\"article:published_time\" content=\"2023-12-14T17:15:15+00:00\" \/>\n<meta property=\"article:modified_time\" content=\"2023-12-22T16:56:09+00:00\" \/>\n<meta property=\"og:image\" content=\"https:\/\/www.fiscalia.gov.co\/colombia\/wp-content\/uploads\/saoldado-abuso-hijas-y-sobrinas-neiva-266x300.jpeg\" \/>\n<meta name=\"author\" content=\"Winnie Geraldine Rodr\u00edguez Navarrete\" \/>\n<meta name=\"twitter:card\" content=\"summary_large_image\" \/>\n<meta name=\"twitter:creator\" content=\"@FiscaliaCol\" \/>\n<meta name=\"twitter:site\" content=\"@FiscaliaCol\" \/>\n<meta name=\"twitter:label1\" content=\"Escrito por\" \/>\n\t<meta name=\"twitter:data1\" content=\"Winnie Geraldine Rodr\u00edguez Navarrete\" \/>\n\t<meta name=\"twitter:label2\" content=\"Tiempo de lectura\" \/>\n\t<meta name=\"twitter:data2\" content=\"6 minutos\" \/>\n<script type=\"application\/ld+json\" class=\"yoast-schema-graph\">{\"@context\":\"https:\/\/schema.org\",\"@graph\":[{\"@type\":\"Article\",\"@id\":\"https:\/\/www.fiscalia.gov.co\/colombia\/noticias\/importante-avance-en-el-esclarecimiento-de-casos-de-violencia-de-genero-y-otros-delitos-durante-el-ultimo-cuatrienio-en-el-huila\/#article\",\"isPartOf\":{\"@id\":\"https:\/\/www.fiscalia.gov.co\/colombia\/noticias\/importante-avance-en-el-esclarecimiento-de-casos-de-violencia-de-genero-y-otros-delitos-durante-el-ultimo-cuatrienio-en-el-huila\/\"},\"author\":{\"name\":\"Winnie Geraldine Rodr\u00edguez Navarrete\",\"@id\":\"https:\/\/www.fiscalia.gov.co\/colombia\/#\/schema\/person\/176195b99ebab0a52aafa15197e1bf80\"},\"headline\":\"Importante avance en el esclarecimiento de casos de violencia de g\u00e9nero y otros delitos durante el \u00faltimo cuatrienio en el Huila\",\"datePublished\":\"2023-12-14T17:15:15+00:00\",\"dateModified\":\"2023-12-22T16:56:09+00:00\",\"mainEntityOfPage\":{\"@id\":\"https:\/\/www.fiscalia.gov.co\/colombia\/noticias\/importante-avance-en-el-esclarecimiento-de-casos-de-violencia-de-genero-y-otros-delitos-durante-el-ultimo-cuatrienio-en-el-huila\/\"},\"wordCount\":1063,\"publisher\":{\"@id\":\"https:\/\/www.fiscalia.gov.co\/colombia\/#organization\"},\"image\":{\"@id\":\"https:\/\/www.fiscalia.gov.co\/colombia\/noticias\/importante-avance-en-el-esclarecimiento-de-casos-de-violencia-de-genero-y-otros-delitos-durante-el-ultimo-cuatrienio-en-el-huila\/#primaryimage\"},\"thumbnailUrl\":\"https:\/\/www.fiscalia.gov.co\/colombia\/wp-content\/uploads\/saoldado-abuso-hijas-y-sobrinas-neiva-266x300.jpeg\",\"keywords\":[\"Abuso\",\"balance\",\"Corrupci\u00f3n\",\"CTI\",\"Ej\u00e9rcito\",\"Esclarecimiento\",\"feminicido\",\"Fiscal\u00eda General de la Naci\u00f3n\",\"Homicidio\",\"Hurto\",\"Investigaci\u00f3n\",\"Neiva (Huila)\",\"PAF\",\"Polic\u00eda\",\"Violencia de g\u00e9nero\"],\"articleSection\":[\"Noticias\",\"Seguridad territorial\"],\"inLanguage\":\"es-CO\"},{\"@type\":\"WebPage\",\"@id\":\"https:\/\/www.fiscalia.gov.co\/colombia\/noticias\/importante-avance-en-el-esclarecimiento-de-casos-de-violencia-de-genero-y-otros-delitos-durante-el-ultimo-cuatrienio-en-el-huila\/\",\"url\":\"https:\/\/www.fiscalia.gov.co\/colombia\/noticias\/importante-avance-en-el-esclarecimiento-de-casos-de-violencia-de-genero-y-otros-delitos-durante-el-ultimo-cuatrienio-en-el-huila\/\",\"name\":\"Fiscal\u00eda General de la Naci\u00f3n\",\"isPartOf\":{\"@id\":\"https:\/\/www.fiscalia.gov.co\/colombia\/#website\"},\"primaryImageOfPage\":{\"@id\":\"https:\/\/www.fiscalia.gov.co\/colombia\/noticias\/importante-avance-en-el-esclarecimiento-de-casos-de-violencia-de-genero-y-otros-delitos-durante-el-ultimo-cuatrienio-en-el-huila\/#primaryimage\"},\"image\":{\"@id\":\"https:\/\/www.fiscalia.gov.co\/colombia\/noticias\/importante-avance-en-el-esclarecimiento-de-casos-de-violencia-de-genero-y-otros-delitos-durante-el-ultimo-cuatrienio-en-el-huila\/#primaryimage\"},\"thumbnailUrl\":\"https:\/\/www.fiscalia.gov.co\/colombia\/wp-content\/uploads\/saoldado-abuso-hijas-y-sobrinas-neiva-266x300.jpeg\",\"datePublished\":\"2023-12-14T17:15:15+00:00\",\"dateModified\":\"2023-12-22T16:56:09+00:00\",\"description\":\"P\u00e1gina oficial de la Fiscal\u00eda General de la Naci\u00f3n \u2013 Colombia. Garantizamos el acceso efectivo a la justicia, la verdad y la reparaci\u00f3n de las v\u00edctimas de los delitos.\",\"breadcrumb\":{\"@id\":\"https:\/\/www.fiscalia.gov.co\/colombia\/noticias\/importante-avance-en-el-esclarecimiento-de-casos-de-violencia-de-genero-y-otros-delitos-durante-el-ultimo-cuatrienio-en-el-huila\/#breadcrumb\"},\"inLanguage\":\"es-CO\",\"potentialAction\":[{\"@type\":\"ReadAction\",\"target\":[\"https:\/\/www.fiscalia.gov.co\/colombia\/noticias\/importante-avance-en-el-esclarecimiento-de-casos-de-violencia-de-genero-y-otros-delitos-durante-el-ultimo-cuatrienio-en-el-huila\/\"]}]},{\"@type\":\"ImageObject\",\"inLanguage\":\"es-CO\",\"@id\":\"https:\/\/www.fiscalia.gov.co\/colombia\/noticias\/importante-avance-en-el-esclarecimiento-de-casos-de-violencia-de-genero-y-otros-delitos-durante-el-ultimo-cuatrienio-en-el-huila\/#primaryimage\",\"url\":\"https:\/\/www.fiscalia.gov.co\/colombia\/wp-content\/uploads\/saoldado-abuso-hijas-y-sobrinas-neiva-266x300.jpeg\",\"contentUrl\":\"https:\/\/www.fiscalia.gov.co\/colombia\/wp-content\/uploads\/saoldado-abuso-hijas-y-sobrinas-neiva-266x300.jpeg\"},{\"@type\":\"BreadcrumbList\",\"@id\":\"https:\/\/www.fiscalia.gov.co\/colombia\/noticias\/importante-avance-en-el-esclarecimiento-de-casos-de-violencia-de-genero-y-otros-delitos-durante-el-ultimo-cuatrienio-en-el-huila\/#breadcrumb\",\"itemListElement\":[{\"@type\":\"ListItem\",\"position\":1,\"name\":\"Home\",\"item\":\"https:\/\/www.fiscalia.gov.co\/colombia\/\"},{\"@type\":\"ListItem\",\"position\":2,\"name\":\"Importante avance en el esclarecimiento de casos de violencia de g\u00e9nero y otros delitos durante el \u00faltimo cuatrienio en el Huila\"}]},{\"@type\":\"WebSite\",\"@id\":\"https:\/\/www.fiscalia.gov.co\/colombia\/#website\",\"url\":\"https:\/\/www.fiscalia.gov.co\/colombia\/\",\"name\":\"Fiscal\u00eda General de la Naci\u00f3n\",\"description\":\"P\u00e1gina oficial de la Fiscal\u00eda General de la Naci\u00f3n \u2013 Colombia. Garantizamos el acceso efectivo a la justicia, la verdad y la reparaci\u00f3n de las v\u00edctimas de los delitos.\",\"publisher\":{\"@id\":\"https:\/\/www.fiscalia.gov.co\/colombia\/#organization\"},\"potentialAction\":[{\"@type\":\"SearchAction\",\"target\":{\"@type\":\"EntryPoint\",\"urlTemplate\":\"https:\/\/www.fiscalia.gov.co\/colombia\/?s={search_term_string}\"},\"query-input\":{\"@type\":\"PropertyValueSpecification\",\"valueRequired\":true,\"valueName\":\"search_term_string\"}}],\"inLanguage\":\"es-CO\"},{\"@type\":\"Organization\",\"@id\":\"https:\/\/www.fiscalia.gov.co\/colombia\/#organization\",\"name\":\"Fiscal\u00eda General de la Naci\u00f3n\",\"url\":\"https:\/\/www.fiscalia.gov.co\/colombia\/\",\"logo\":{\"@type\":\"ImageObject\",\"inLanguage\":\"es-CO\",\"@id\":\"https:\/\/www.fiscalia.gov.co\/colombia\/#\/schema\/logo\/image\/\",\"url\":\"https:\/\/www.fiscalia.gov.co\/colombia\/wp-content\/uploads\/LogoHorizontal_1.jpg\",\"contentUrl\":\"https:\/\/www.fiscalia.gov.co\/colombia\/wp-content\/uploads\/LogoHorizontal_1.jpg\",\"width\":300,\"height\":90,\"caption\":\"Fiscal\u00eda General de la Naci\u00f3n\"},\"image\":{\"@id\":\"https:\/\/www.fiscalia.gov.co\/colombia\/#\/schema\/logo\/image\/\"},\"sameAs\":[\"https:\/\/www.facebook.com\/FiscaliaCol\",\"https:\/\/x.com\/FiscaliaCol\",\"https:\/\/www.instagram.com\/fiscaliacol\",\"https:\/\/www.linkedin.com\/company\/fiscalia-general-de-la-naci-n\/\",\"https:\/\/youtube.com\/@fiscaliageneraldelanacion-4668?si=6nN79nyQICPU5iTh\"]},{\"@type\":\"Person\",\"@id\":\"https:\/\/www.fiscalia.gov.co\/colombia\/#\/schema\/person\/176195b99ebab0a52aafa15197e1bf80\",\"name\":\"Winnie Geraldine Rodr\u00edguez Navarrete\",\"image\":{\"@type\":\"ImageObject\",\"inLanguage\":\"es-CO\",\"@id\":\"https:\/\/www.fiscalia.gov.co\/colombia\/#\/schema\/person\/image\/\",\"url\":\"https:\/\/secure.gravatar.com\/avatar\/c24cf8481dc84fa5e8c7b20bc95ab0c6?s=96&d=mm&r=g\",\"contentUrl\":\"https:\/\/secure.gravatar.com\/avatar\/c24cf8481dc84fa5e8c7b20bc95ab0c6?s=96&d=mm&r=g\",\"caption\":\"Winnie Geraldine Rodr\u00edguez Navarrete\"},\"url\":\"https:\/\/www.fiscalia.gov.co\/colombia\/author\/winnierodriguez\/\"}]}<\/script>\n<!-- \/ Yoast SEO plugin. -->","yoast_head_json":{"title":"Fiscal\u00eda General de la Naci\u00f3n","description":"P\u00e1gina oficial de la Fiscal\u00eda General de la Naci\u00f3n \u2013 Colombia. Garantizamos el acceso efectivo a la justicia, la verdad y la reparaci\u00f3n de las v\u00edctimas de los delitos.","robots":{"index":"noindex","follow":"follow"},"og_locale":"es_ES","og_type":"article","og_title":"Fiscal\u00eda General de la Naci\u00f3n","og_description":"P\u00e1gina oficial de la Fiscal\u00eda General de la Naci\u00f3n \u2013 Colombia. Garantizamos el acceso efectivo a la justicia, la verdad y la reparaci\u00f3n de las v\u00edctimas de los delitos.","og_url":"https:\/\/www.fiscalia.gov.co\/colombia\/noticias\/importante-avance-en-el-esclarecimiento-de-casos-de-violencia-de-genero-y-otros-delitos-durante-el-ultimo-cuatrienio-en-el-huila\/","og_site_name":"Fiscal\u00eda General de la Naci\u00f3n","article_publisher":"https:\/\/www.facebook.com\/FiscaliaCol","article_published_time":"2023-12-14T17:15:15+00:00","article_modified_time":"2023-12-22T16:56:09+00:00","og_image":[{"url":"https:\/\/www.fiscalia.gov.co\/colombia\/wp-content\/uploads\/saoldado-abuso-hijas-y-sobrinas-neiva-266x300.jpeg","type":"","width":"","height":""}],"author":"Winnie Geraldine Rodr\u00edguez Navarrete","twitter_card":"summary_large_image","twitter_creator":"@FiscaliaCol","twitter_site":"@FiscaliaCol","twitter_misc":{"Escrito por":"Winnie Geraldine Rodr\u00edguez Navarrete","Tiempo de lectura":"6 minutos"},"schema":{"@context":"https:\/\/schema.org","@graph":[{"@type":"Article","@id":"https:\/\/www.fiscalia.gov.co\/colombia\/noticias\/importante-avance-en-el-esclarecimiento-de-casos-de-violencia-de-genero-y-otros-delitos-durante-el-ultimo-cuatrienio-en-el-huila\/#article","isPartOf":{"@id":"https:\/\/www.fiscalia.gov.co\/colombia\/noticias\/importante-avance-en-el-esclarecimiento-de-casos-de-violencia-de-genero-y-otros-delitos-durante-el-ultimo-cuatrienio-en-el-huila\/"},"author":{"name":"Winnie Geraldine Rodr\u00edguez Navarrete","@id":"https:\/\/www.fiscalia.gov.co\/colombia\/#\/schema\/person\/176195b99ebab0a52aafa15197e1bf80"},"headline":"Importante avance en el esclarecimiento de casos de violencia de g\u00e9nero y otros delitos durante el \u00faltimo cuatrienio en el Huila","datePublished":"2023-12-14T17:15:15+00:00","dateModified":"2023-12-22T16:56:09+00:00","mainEntityOfPage":{"@id":"https:\/\/www.fiscalia.gov.co\/colombia\/noticias\/importante-avance-en-el-esclarecimiento-de-casos-de-violencia-de-genero-y-otros-delitos-durante-el-ultimo-cuatrienio-en-el-huila\/"},"wordCount":1063,"publisher":{"@id":"https:\/\/www.fiscalia.gov.co\/colombia\/#organization"},"image":{"@id":"https:\/\/www.fiscalia.gov.co\/colombia\/noticias\/importante-avance-en-el-esclarecimiento-de-casos-de-violencia-de-genero-y-otros-delitos-durante-el-ultimo-cuatrienio-en-el-huila\/#primaryimage"},"thumbnailUrl":"https:\/\/www.fiscalia.gov.co\/colombia\/wp-content\/uploads\/saoldado-abuso-hijas-y-sobrinas-neiva-266x300.jpeg","keywords":["Abuso","balance","Corrupci\u00f3n","CTI","Ej\u00e9rcito","Esclarecimiento","feminicido","Fiscal\u00eda General de la Naci\u00f3n","Homicidio","Hurto","Investigaci\u00f3n","Neiva (Huila)","PAF","Polic\u00eda","Violencia de g\u00e9nero"],"articleSection":["Noticias","Seguridad territorial"],"inLanguage":"es-CO"},{"@type":"WebPage","@id":"https:\/\/www.fiscalia.gov.co\/colombia\/noticias\/importante-avance-en-el-esclarecimiento-de-casos-de-violencia-de-genero-y-otros-delitos-durante-el-ultimo-cuatrienio-en-el-huila\/","url":"https:\/\/www.fiscalia.gov.co\/colombia\/noticias\/importante-avance-en-el-esclarecimiento-de-casos-de-violencia-de-genero-y-otros-delitos-durante-el-ultimo-cuatrienio-en-el-huila\/","name":"Fiscal\u00eda General de la Naci\u00f3n","isPartOf":{"@id":"https:\/\/www.fiscalia.gov.co\/colombia\/#website"},"primaryImageOfPage":{"@id":"https:\/\/www.fiscalia.gov.co\/colombia\/noticias\/importante-avance-en-el-esclarecimiento-de-casos-de-violencia-de-genero-y-otros-delitos-durante-el-ultimo-cuatrienio-en-el-huila\/#primaryimage"},"image":{"@id":"https:\/\/www.fiscalia.gov.co\/colombia\/noticias\/importante-avance-en-el-esclarecimiento-de-casos-de-violencia-de-genero-y-otros-delitos-durante-el-ultimo-cuatrienio-en-el-huila\/#primaryimage"},"thumbnailUrl":"https:\/\/www.fiscalia.gov.co\/colombia\/wp-content\/uploads\/saoldado-abuso-hijas-y-sobrinas-neiva-266x300.jpeg","datePublished":"2023-12-14T17:15:15+00:00","dateModified":"2023-12-22T16:56:09+00:00","description":"P\u00e1gina oficial de la Fiscal\u00eda General de la Naci\u00f3n \u2013 Colombia. Garantizamos el acceso efectivo a la justicia, la verdad y la reparaci\u00f3n de las v\u00edctimas de los delitos.","breadcrumb":{"@id":"https:\/\/www.fiscalia.gov.co\/colombia\/noticias\/importante-avance-en-el-esclarecimiento-de-casos-de-violencia-de-genero-y-otros-delitos-durante-el-ultimo-cuatrienio-en-el-huila\/#breadcrumb"},"inLanguage":"es-CO","potentialAction":[{"@type":"ReadAction","target":["https:\/\/www.fiscalia.gov.co\/colombia\/noticias\/importante-avance-en-el-esclarecimiento-de-casos-de-violencia-de-genero-y-otros-delitos-durante-el-ultimo-cuatrienio-en-el-huila\/"]}]},{"@type":"ImageObject","inLanguage":"es-CO","@id":"https:\/\/www.fiscalia.gov.co\/colombia\/noticias\/importante-avance-en-el-esclarecimiento-de-casos-de-violencia-de-genero-y-otros-delitos-durante-el-ultimo-cuatrienio-en-el-huila\/#primaryimage","url":"https:\/\/www.fiscalia.gov.co\/colombia\/wp-content\/uploads\/saoldado-abuso-hijas-y-sobrinas-neiva-266x300.jpeg","contentUrl":"https:\/\/www.fiscalia.gov.co\/colombia\/wp-content\/uploads\/saoldado-abuso-hijas-y-sobrinas-neiva-266x300.jpeg"},{"@type":"BreadcrumbList","@id":"https:\/\/www.fiscalia.gov.co\/colombia\/noticias\/importante-avance-en-el-esclarecimiento-de-casos-de-violencia-de-genero-y-otros-delitos-durante-el-ultimo-cuatrienio-en-el-huila\/#breadcrumb","itemListElement":[{"@type":"ListItem","position":1,"name":"Home","item":"https:\/\/www.fiscalia.gov.co\/colombia\/"},{"@type":"ListItem","position":2,"name":"Importante avance en el esclarecimiento de casos de violencia de g\u00e9nero y otros delitos durante el \u00faltimo cuatrienio en el Huila"}]},{"@type":"WebSite","@id":"https:\/\/www.fiscalia.gov.co\/colombia\/#website","url":"https:\/\/www.fiscalia.gov.co\/colombia\/","name":"Fiscal\u00eda General de la Naci\u00f3n","description":"P\u00e1gina oficial de la Fiscal\u00eda General de la Naci\u00f3n \u2013 Colombia. Garantizamos el acceso efectivo a la justicia, la verdad y la reparaci\u00f3n de las v\u00edctimas de los delitos.","publisher":{"@id":"https:\/\/www.fiscalia.gov.co\/colombia\/#organization"},"potentialAction":[{"@type":"SearchAction","target":{"@type":"EntryPoint","urlTemplate":"https:\/\/www.fiscalia.gov.co\/colombia\/?s={search_term_string}"},"query-input":{"@type":"PropertyValueSpecification","valueRequired":true,"valueName":"search_term_string"}}],"inLanguage":"es-CO"},{"@type":"Organization","@id":"https:\/\/www.fiscalia.gov.co\/colombia\/#organization","name":"Fiscal\u00eda General de la Naci\u00f3n","url":"https:\/\/www.fiscalia.gov.co\/colombia\/","logo":{"@type":"ImageObject","inLanguage":"es-CO","@id":"https:\/\/www.fiscalia.gov.co\/colombia\/#\/schema\/logo\/image\/","url":"https:\/\/www.fiscalia.gov.co\/colombia\/wp-content\/uploads\/LogoHorizontal_1.jpg","contentUrl":"https:\/\/www.fiscalia.gov.co\/colombia\/wp-content\/uploads\/LogoHorizontal_1.jpg","width":300,"height":90,"caption":"Fiscal\u00eda General de la Naci\u00f3n"},"image":{"@id":"https:\/\/www.fiscalia.gov.co\/colombia\/#\/schema\/logo\/image\/"},"sameAs":["https:\/\/www.facebook.com\/FiscaliaCol","https:\/\/x.com\/FiscaliaCol","https:\/\/www.instagram.com\/fiscaliacol","https:\/\/www.linkedin.com\/company\/fiscalia-general-de-la-naci-n\/","https:\/\/youtube.com\/@fiscaliageneraldelanacion-4668?si=6nN79nyQICPU5iTh"]},{"@type":"Person","@id":"https:\/\/www.fiscalia.gov.co\/colombia\/#\/schema\/person\/176195b99ebab0a52aafa15197e1bf80","name":"Winnie Geraldine Rodr\u00edguez Navarrete","image":{"@type":"ImageObject","inLanguage":"es-CO","@id":"https:\/\/www.fiscalia.gov.co\/colombia\/#\/schema\/person\/image\/","url":"https:\/\/secure.gravatar.com\/avatar\/c24cf8481dc84fa5e8c7b20bc95ab0c6?s=96&d=mm&r=g","contentUrl":"https:\/\/secure.gravatar.com\/avatar\/c24cf8481dc84fa5e8c7b20bc95ab0c6?s=96&d=mm&r=g","caption":"Winnie Geraldine Rodr\u00edguez Navarrete"},"url":"https:\/\/www.fiscalia.gov.co\/colombia\/author\/winnierodriguez\/"}]}},"_links":{"self":[{"href":"https:\/\/www.fiscalia.gov.co\/colombia\/wp-json\/wp\/v2\/posts\/284950","targetHints":{"allow":["GET"]}}],"collection":[{"href":"https:\/\/www.fiscalia.gov.co\/colombia\/wp-json\/wp\/v2\/posts"}],"about":[{"href":"https:\/\/www.fiscalia.gov.co\/colombia\/wp-json\/wp\/v2\/types\/post"}],"author":[{"embeddable":true,"href":"https:\/\/www.fiscalia.gov.co\/colombia\/wp-json\/wp\/v2\/users\/178"}],"replies":[{"embeddable":true,"href":"https:\/\/www.fiscalia.gov.co\/colombia\/wp-json\/wp\/v2\/comments?post=284950"}],"version-history":[{"count":2,"href":"https:\/\/www.fiscalia.gov.co\/colombia\/wp-json\/wp\/v2\/posts\/284950\/revisions"}],"predecessor-version":[{"id":285358,"href":"https:\/\/www.fiscalia.gov.co\/colombia\/wp-json\/wp\/v2\/posts\/284950\/revisions\/285358"}],"wp:attachment":[{"href":"https:\/\/www.fiscalia.gov.co\/colombia\/wp-json\/wp\/v2\/media?parent=284950"}],"wp:term":[{"taxonomy":"category","embeddable":true,"href":"https:\/\/www.fiscalia.gov.co\/colombia\/wp-json\/wp\/v2\/categories?post=284950"},{"taxonomy":"post_tag","embeddable":true,"href":"https:\/\/www.fiscalia.gov.co\/colombia\/wp-json\/wp\/v2\/tags?post=284950"}],"curies":[{"name":"wp","href":"https:\/\/api.w.org\/{rel}","templated":true}]}}