{"id":284947,"date":"2023-12-14T11:45:52","date_gmt":"2023-12-14T16:45:52","guid":{"rendered":"https:\/\/www.fiscalia.gov.co\/colombia\/?p=284947"},"modified":"2023-12-14T11:45:52","modified_gmt":"2023-12-14T16:45:52","slug":"en-bolivar-la-fiscalia-ha-enviado-a-mas-de-mil-presuntos-integrantes-de-diferentes-estructuras-criminales-a-la-carcel","status":"publish","type":"post","link":"https:\/\/www.fiscalia.gov.co\/colombia\/noticias\/en-bolivar-la-fiscalia-ha-enviado-a-mas-de-mil-presuntos-integrantes-de-diferentes-estructuras-criminales-a-la-carcel\/","title":{"rendered":"En Bol\u00edvar, la Fiscal\u00eda ha enviado a m\u00e1s de mil presuntos integrantes de diferentes estructuras criminales a la c\u00e1rcel"},"content":{"rendered":"<p>La Fiscal\u00eda General de la Naci\u00f3n, a trav\u00e9s de la Seccional Bol\u00edvar present\u00f3 importantes resultados realizados entre el 2020 y en lo corrido del 2023, dentro de la estrategia definida por el Fiscal General de la Naci\u00f3n, Francisco Barbosa Delgado, para contrarrestar las conductas que afectan a la ciudadana en este departamento.<\/p>\n<p><b><u>Estructuras criminales:<\/u><\/b><\/p>\n<p>En ese sentido, fueron desarticuladas\u00a0<a id=\"m_-5948973763166715585OWAdf43e44d-b73b-1038-abe2-2946a4176ef6\" href=\"https:\/\/www.fiscalia.gov.co\/colombia\/noticias\/43-capturados-en-megaoperacion-contra-la-organizacion-criminal-clan-del-golfo-en-el-departamento-de-bolivar\/\" target=\"_blank\" rel=\"noopener\" data-saferedirecturl=\"https:\/\/www.google.com\/url?q=https:\/\/www.fiscalia.gov.co\/colombia\/noticias\/43-capturados-en-megaoperacion-contra-la-organizacion-criminal-clan-del-golfo-en-el-departamento-de-bolivar\/&amp;source=gmail&amp;ust=1702658376297000&amp;usg=AOvVaw3JVwPbUWEVNPc1vDxPuGCG\">159 organizaciones<\/a>\u00a0criminales, logrando que jueces de control de garant\u00edas acogieran los argumentos de la Fiscal\u00eda y privaran de la libertad en establecimiento carcelario a 1.098 de sus presuntos integrantes.<\/p>\n<p>Entre los grupos delincuenciales se encuentran: Apocalipsis, Jabe, Jabe II, Nicol\u00e1s Urango Reyes, Luis Fernando Guti\u00e9rrez,\u00a0subestructura\u00a0H\u00e9roes del Caribe del &#8216;Clan del Golfo&#8217;, ELN, Frente de Guerra Dar\u00edo Ram\u00edrez Castro, Subestructura Luis Jos\u00e9 Solano Sep\u00falveda y ELN Los Ratones.<\/p>\n<p>El avance investigativo con relaci\u00f3n a estas estructuras fue significativo ya que alcanz\u00f3 el 95% de resultados. Se lograron esclarecer hechos delictivos relacionados con homicidios, tentativas de homicidios, concierto para delinquir, fabricaci\u00f3n, tr\u00e1fico o porte de arma de uso privativo, extorsi\u00f3n, hurto y fabricaci\u00f3n, tr\u00e1fico o porte de estupefacientes y trata de personas, entre otros.<\/p>\n<p><b><u>Feminicidios y homicidios de mujeres<\/u><\/b><\/p>\n<p>Durante este cuatrenio, la Fiscal\u00eda en Bol\u00edvar tambi\u00e9n ha logrado\u00a0<a id=\"m_-5948973763166715585OWA40969992-f343-99f5-436f-22c1f2418ac7\" href=\"https:\/\/www.fiscalia.gov.co\/colombia\/noticias\/a-prision-tres-hombres-presuntamente-implicados-en-delitos-sexuales-en-cartagena\/\" target=\"_blank\" rel=\"noopener\" data-saferedirecturl=\"https:\/\/www.google.com\/url?q=https:\/\/www.fiscalia.gov.co\/colombia\/noticias\/a-prision-tres-hombres-presuntamente-implicados-en-delitos-sexuales-en-cartagena\/&amp;source=gmail&amp;ust=1702658376297000&amp;usg=AOvVaw3hZZ4cOIrDYU3FjBFSEjGR\">resolver<\/a>\u00a0en un 96% los casos de feminicidio. De los 24 casos que ingresaron 23 ya fueron esclarecidos.<\/p>\n<p>Por otra parte, con relaci\u00f3n a los homicidios de mujeres, se lograron avances de un 68%. Esto corresponde a la judicializaci\u00f3n de 62 presuntos responsables de los 91 que ingresaron.<\/p>\n<p><b><u>Homicidios<\/u><\/b><\/p>\n<p>En cuanto a los homicidios dolosos, el ente acusador esclareci\u00f3 en un 50% las investigaciones que se presentaron. De manera efectiva se ha conseguido imputar por este delito a 851 personas.<\/p>\n<p>Esta informaci\u00f3n se publica por razones de inter\u00e9s general.<\/p>\n<p><b><u>La Fiscal\u00eda habla con resultados<\/u><\/b><\/p>\n<p>&nbsp;<\/p>\n<p>MEVA\/MG\/ICHS\/DSB<\/p>\n<p align=\"center\">\n<p align=\"center\">\n<p><i>La informaci\u00f3n contenida en este bolet\u00edn de prensa corresponde a la narraci\u00f3n de los hechos noticiosos objetivos, suministrados por los funcionarios encargados de adelantar las investigaciones penales al interior de la Fiscal\u00eda General de la Naci\u00f3n. Para el momento de la divulgaci\u00f3n de este comunicado, la situaci\u00f3n jur\u00eddica de la(s) persona(s) relacionada(s) se encuentra pendiente de resolver por la autoridad\u00a0judicial competente, siempre bajo los preceptos de la presunci\u00f3n de inocencia, consagrados en el art\u00edculo 29 de la Constituci\u00f3n Pol\u00edtica y el art\u00edculo 7\u00ba de la Ley 906 de 2004.<\/i><\/p>\n<p>&nbsp;<\/p>\n<p>&nbsp;<\/p>\n\n<div class=\"twitter-share\"><a href=\"https:\/\/twitter.com\/intent\/tweet?via=fiscaliacol\" class=\"twitter-share-button\">Tweet<\/a><\/div>\n","protected":false},"excerpt":{"rendered":"<p>La Fiscal\u00eda General de la Naci\u00f3n, a trav\u00e9s de la Seccional Bol\u00edvar present\u00f3 importantes resultados realizados entre el 2020 y en lo corrido del 2023, dentro de la estrategia definida por el Fiscal General de la Naci\u00f3n, Francisco Barbosa Delgado, para contrarrestar las conductas que afectan a la ciudadana en este departamento. Estructuras criminales: En [&hellip;]<\/p>\n","protected":false},"author":178,"featured_media":0,"comment_status":"closed","ping_status":"open","sticky":false,"template":"","format":"standard","meta":{"tdm_status":"","tdm_grid_status":"","footnotes":""},"categories":[1,24099],"tags":[23998,9477,4614,17967,8446,10084],"class_list":{"0":"post-284947","1":"post","2":"type-post","3":"status-publish","4":"format-standard","6":"category-noticias","7":"category-seguridad-territorial","8":"tag-cartagena-bolivar","9":"tag-comunidad","10":"tag-fiscalia-2","11":"tag-investigacion","12":"tag-resultados","13":"tag-seguridad"},"yoast_head":"<!-- This site is optimized with the Yoast SEO plugin v24.3 - https:\/\/yoast.com\/wordpress\/plugins\/seo\/ -->\n<title>Fiscal\u00eda General de la Naci\u00f3n<\/title>\n<meta name=\"description\" content=\"P\u00e1gina oficial de la Fiscal\u00eda General de la Naci\u00f3n \u2013 Colombia. Garantizamos el acceso efectivo a la justicia, la verdad y la reparaci\u00f3n de las v\u00edctimas de los delitos.\" \/>\n<meta name=\"robots\" content=\"noindex, follow\" \/>\n<meta property=\"og:locale\" content=\"es_ES\" \/>\n<meta property=\"og:type\" content=\"article\" \/>\n<meta property=\"og:title\" content=\"Fiscal\u00eda General de la Naci\u00f3n\" \/>\n<meta property=\"og:description\" content=\"P\u00e1gina oficial de la Fiscal\u00eda General de la Naci\u00f3n \u2013 Colombia. Garantizamos el acceso efectivo a la justicia, la verdad y la reparaci\u00f3n de las v\u00edctimas de los delitos.\" \/>\n<meta property=\"og:url\" content=\"https:\/\/www.fiscalia.gov.co\/colombia\/noticias\/en-bolivar-la-fiscalia-ha-enviado-a-mas-de-mil-presuntos-integrantes-de-diferentes-estructuras-criminales-a-la-carcel\/\" \/>\n<meta property=\"og:site_name\" content=\"Fiscal\u00eda General de la Naci\u00f3n\" \/>\n<meta property=\"article:publisher\" content=\"https:\/\/www.facebook.com\/FiscaliaCol\" \/>\n<meta property=\"article:published_time\" content=\"2023-12-14T16:45:52+00:00\" \/>\n<meta name=\"author\" content=\"Winnie Geraldine Rodr\u00edguez Navarrete\" \/>\n<meta name=\"twitter:card\" content=\"summary_large_image\" \/>\n<meta name=\"twitter:creator\" content=\"@FiscaliaCol\" \/>\n<meta name=\"twitter:site\" content=\"@FiscaliaCol\" \/>\n<meta name=\"twitter:label1\" content=\"Escrito por\" \/>\n\t<meta name=\"twitter:data1\" content=\"Winnie Geraldine Rodr\u00edguez Navarrete\" \/>\n\t<meta name=\"twitter:label2\" content=\"Tiempo de lectura\" \/>\n\t<meta name=\"twitter:data2\" content=\"2 minutos\" \/>\n<script type=\"application\/ld+json\" class=\"yoast-schema-graph\">{\"@context\":\"https:\/\/schema.org\",\"@graph\":[{\"@type\":\"Article\",\"@id\":\"https:\/\/www.fiscalia.gov.co\/colombia\/noticias\/en-bolivar-la-fiscalia-ha-enviado-a-mas-de-mil-presuntos-integrantes-de-diferentes-estructuras-criminales-a-la-carcel\/#article\",\"isPartOf\":{\"@id\":\"https:\/\/www.fiscalia.gov.co\/colombia\/noticias\/en-bolivar-la-fiscalia-ha-enviado-a-mas-de-mil-presuntos-integrantes-de-diferentes-estructuras-criminales-a-la-carcel\/\"},\"author\":{\"name\":\"Winnie Geraldine Rodr\u00edguez Navarrete\",\"@id\":\"https:\/\/www.fiscalia.gov.co\/colombia\/#\/schema\/person\/176195b99ebab0a52aafa15197e1bf80\"},\"headline\":\"En Bol\u00edvar, la Fiscal\u00eda ha enviado a m\u00e1s de mil presuntos integrantes de diferentes estructuras criminales a la c\u00e1rcel\",\"datePublished\":\"2023-12-14T16:45:52+00:00\",\"dateModified\":\"2023-12-14T16:45:52+00:00\",\"mainEntityOfPage\":{\"@id\":\"https:\/\/www.fiscalia.gov.co\/colombia\/noticias\/en-bolivar-la-fiscalia-ha-enviado-a-mas-de-mil-presuntos-integrantes-de-diferentes-estructuras-criminales-a-la-carcel\/\"},\"wordCount\":439,\"publisher\":{\"@id\":\"https:\/\/www.fiscalia.gov.co\/colombia\/#organization\"},\"keywords\":[\"Cartagena (Bol\u00edvar)\",\"Comunidad\",\"Fiscal\u00eda\",\"Investigaci\u00f3n\",\"Resultados\",\"Seguridad\"],\"articleSection\":[\"Noticias\",\"Seguridad territorial\"],\"inLanguage\":\"es-CO\"},{\"@type\":\"WebPage\",\"@id\":\"https:\/\/www.fiscalia.gov.co\/colombia\/noticias\/en-bolivar-la-fiscalia-ha-enviado-a-mas-de-mil-presuntos-integrantes-de-diferentes-estructuras-criminales-a-la-carcel\/\",\"url\":\"https:\/\/www.fiscalia.gov.co\/colombia\/noticias\/en-bolivar-la-fiscalia-ha-enviado-a-mas-de-mil-presuntos-integrantes-de-diferentes-estructuras-criminales-a-la-carcel\/\",\"name\":\"Fiscal\u00eda General de la Naci\u00f3n\",\"isPartOf\":{\"@id\":\"https:\/\/www.fiscalia.gov.co\/colombia\/#website\"},\"datePublished\":\"2023-12-14T16:45:52+00:00\",\"dateModified\":\"2023-12-14T16:45:52+00:00\",\"description\":\"P\u00e1gina oficial de la Fiscal\u00eda General de la Naci\u00f3n \u2013 Colombia. Garantizamos el acceso efectivo a la justicia, la verdad y la reparaci\u00f3n de las v\u00edctimas de los delitos.\",\"breadcrumb\":{\"@id\":\"https:\/\/www.fiscalia.gov.co\/colombia\/noticias\/en-bolivar-la-fiscalia-ha-enviado-a-mas-de-mil-presuntos-integrantes-de-diferentes-estructuras-criminales-a-la-carcel\/#breadcrumb\"},\"inLanguage\":\"es-CO\",\"potentialAction\":[{\"@type\":\"ReadAction\",\"target\":[\"https:\/\/www.fiscalia.gov.co\/colombia\/noticias\/en-bolivar-la-fiscalia-ha-enviado-a-mas-de-mil-presuntos-integrantes-de-diferentes-estructuras-criminales-a-la-carcel\/\"]}]},{\"@type\":\"BreadcrumbList\",\"@id\":\"https:\/\/www.fiscalia.gov.co\/colombia\/noticias\/en-bolivar-la-fiscalia-ha-enviado-a-mas-de-mil-presuntos-integrantes-de-diferentes-estructuras-criminales-a-la-carcel\/#breadcrumb\",\"itemListElement\":[{\"@type\":\"ListItem\",\"position\":1,\"name\":\"Home\",\"item\":\"https:\/\/www.fiscalia.gov.co\/colombia\/\"},{\"@type\":\"ListItem\",\"position\":2,\"name\":\"En Bol\u00edvar, la Fiscal\u00eda ha enviado a m\u00e1s de mil presuntos integrantes de diferentes estructuras criminales a la c\u00e1rcel\"}]},{\"@type\":\"WebSite\",\"@id\":\"https:\/\/www.fiscalia.gov.co\/colombia\/#website\",\"url\":\"https:\/\/www.fiscalia.gov.co\/colombia\/\",\"name\":\"Fiscal\u00eda General de la Naci\u00f3n\",\"description\":\"P\u00e1gina oficial de la Fiscal\u00eda General de la Naci\u00f3n \u2013 Colombia. Garantizamos el acceso efectivo a la justicia, la verdad y la reparaci\u00f3n de las v\u00edctimas de los delitos.\",\"publisher\":{\"@id\":\"https:\/\/www.fiscalia.gov.co\/colombia\/#organization\"},\"potentialAction\":[{\"@type\":\"SearchAction\",\"target\":{\"@type\":\"EntryPoint\",\"urlTemplate\":\"https:\/\/www.fiscalia.gov.co\/colombia\/?s={search_term_string}\"},\"query-input\":{\"@type\":\"PropertyValueSpecification\",\"valueRequired\":true,\"valueName\":\"search_term_string\"}}],\"inLanguage\":\"es-CO\"},{\"@type\":\"Organization\",\"@id\":\"https:\/\/www.fiscalia.gov.co\/colombia\/#organization\",\"name\":\"Fiscal\u00eda General de la Naci\u00f3n\",\"url\":\"https:\/\/www.fiscalia.gov.co\/colombia\/\",\"logo\":{\"@type\":\"ImageObject\",\"inLanguage\":\"es-CO\",\"@id\":\"https:\/\/www.fiscalia.gov.co\/colombia\/#\/schema\/logo\/image\/\",\"url\":\"https:\/\/www.fiscalia.gov.co\/colombia\/wp-content\/uploads\/LogoHorizontal_1.jpg\",\"contentUrl\":\"https:\/\/www.fiscalia.gov.co\/colombia\/wp-content\/uploads\/LogoHorizontal_1.jpg\",\"width\":300,\"height\":90,\"caption\":\"Fiscal\u00eda General de la Naci\u00f3n\"},\"image\":{\"@id\":\"https:\/\/www.fiscalia.gov.co\/colombia\/#\/schema\/logo\/image\/\"},\"sameAs\":[\"https:\/\/www.facebook.com\/FiscaliaCol\",\"https:\/\/x.com\/FiscaliaCol\",\"https:\/\/www.instagram.com\/fiscaliacol\",\"https:\/\/www.linkedin.com\/company\/fiscalia-general-de-la-naci-n\/\",\"https:\/\/youtube.com\/@fiscaliageneraldelanacion-4668?si=6nN79nyQICPU5iTh\"]},{\"@type\":\"Person\",\"@id\":\"https:\/\/www.fiscalia.gov.co\/colombia\/#\/schema\/person\/176195b99ebab0a52aafa15197e1bf80\",\"name\":\"Winnie Geraldine Rodr\u00edguez Navarrete\",\"image\":{\"@type\":\"ImageObject\",\"inLanguage\":\"es-CO\",\"@id\":\"https:\/\/www.fiscalia.gov.co\/colombia\/#\/schema\/person\/image\/\",\"url\":\"https:\/\/secure.gravatar.com\/avatar\/c24cf8481dc84fa5e8c7b20bc95ab0c6?s=96&d=mm&r=g\",\"contentUrl\":\"https:\/\/secure.gravatar.com\/avatar\/c24cf8481dc84fa5e8c7b20bc95ab0c6?s=96&d=mm&r=g\",\"caption\":\"Winnie Geraldine Rodr\u00edguez Navarrete\"},\"url\":\"https:\/\/www.fiscalia.gov.co\/colombia\/author\/winnierodriguez\/\"}]}<\/script>\n<!-- \/ Yoast SEO plugin. -->","yoast_head_json":{"title":"Fiscal\u00eda General de la Naci\u00f3n","description":"P\u00e1gina oficial de la Fiscal\u00eda General de la Naci\u00f3n \u2013 Colombia. Garantizamos el acceso efectivo a la justicia, la verdad y la reparaci\u00f3n de las v\u00edctimas de los delitos.","robots":{"index":"noindex","follow":"follow"},"og_locale":"es_ES","og_type":"article","og_title":"Fiscal\u00eda General de la Naci\u00f3n","og_description":"P\u00e1gina oficial de la Fiscal\u00eda General de la Naci\u00f3n \u2013 Colombia. Garantizamos el acceso efectivo a la justicia, la verdad y la reparaci\u00f3n de las v\u00edctimas de los delitos.","og_url":"https:\/\/www.fiscalia.gov.co\/colombia\/noticias\/en-bolivar-la-fiscalia-ha-enviado-a-mas-de-mil-presuntos-integrantes-de-diferentes-estructuras-criminales-a-la-carcel\/","og_site_name":"Fiscal\u00eda General de la Naci\u00f3n","article_publisher":"https:\/\/www.facebook.com\/FiscaliaCol","article_published_time":"2023-12-14T16:45:52+00:00","author":"Winnie Geraldine Rodr\u00edguez Navarrete","twitter_card":"summary_large_image","twitter_creator":"@FiscaliaCol","twitter_site":"@FiscaliaCol","twitter_misc":{"Escrito por":"Winnie Geraldine Rodr\u00edguez Navarrete","Tiempo de lectura":"2 minutos"},"schema":{"@context":"https:\/\/schema.org","@graph":[{"@type":"Article","@id":"https:\/\/www.fiscalia.gov.co\/colombia\/noticias\/en-bolivar-la-fiscalia-ha-enviado-a-mas-de-mil-presuntos-integrantes-de-diferentes-estructuras-criminales-a-la-carcel\/#article","isPartOf":{"@id":"https:\/\/www.fiscalia.gov.co\/colombia\/noticias\/en-bolivar-la-fiscalia-ha-enviado-a-mas-de-mil-presuntos-integrantes-de-diferentes-estructuras-criminales-a-la-carcel\/"},"author":{"name":"Winnie Geraldine Rodr\u00edguez Navarrete","@id":"https:\/\/www.fiscalia.gov.co\/colombia\/#\/schema\/person\/176195b99ebab0a52aafa15197e1bf80"},"headline":"En Bol\u00edvar, la Fiscal\u00eda ha enviado a m\u00e1s de mil presuntos integrantes de diferentes estructuras criminales a la c\u00e1rcel","datePublished":"2023-12-14T16:45:52+00:00","dateModified":"2023-12-14T16:45:52+00:00","mainEntityOfPage":{"@id":"https:\/\/www.fiscalia.gov.co\/colombia\/noticias\/en-bolivar-la-fiscalia-ha-enviado-a-mas-de-mil-presuntos-integrantes-de-diferentes-estructuras-criminales-a-la-carcel\/"},"wordCount":439,"publisher":{"@id":"https:\/\/www.fiscalia.gov.co\/colombia\/#organization"},"keywords":["Cartagena (Bol\u00edvar)","Comunidad","Fiscal\u00eda","Investigaci\u00f3n","Resultados","Seguridad"],"articleSection":["Noticias","Seguridad territorial"],"inLanguage":"es-CO"},{"@type":"WebPage","@id":"https:\/\/www.fiscalia.gov.co\/colombia\/noticias\/en-bolivar-la-fiscalia-ha-enviado-a-mas-de-mil-presuntos-integrantes-de-diferentes-estructuras-criminales-a-la-carcel\/","url":"https:\/\/www.fiscalia.gov.co\/colombia\/noticias\/en-bolivar-la-fiscalia-ha-enviado-a-mas-de-mil-presuntos-integrantes-de-diferentes-estructuras-criminales-a-la-carcel\/","name":"Fiscal\u00eda General de la Naci\u00f3n","isPartOf":{"@id":"https:\/\/www.fiscalia.gov.co\/colombia\/#website"},"datePublished":"2023-12-14T16:45:52+00:00","dateModified":"2023-12-14T16:45:52+00:00","description":"P\u00e1gina oficial de la Fiscal\u00eda General de la Naci\u00f3n \u2013 Colombia. Garantizamos el acceso efectivo a la justicia, la verdad y la reparaci\u00f3n de las v\u00edctimas de los delitos.","breadcrumb":{"@id":"https:\/\/www.fiscalia.gov.co\/colombia\/noticias\/en-bolivar-la-fiscalia-ha-enviado-a-mas-de-mil-presuntos-integrantes-de-diferentes-estructuras-criminales-a-la-carcel\/#breadcrumb"},"inLanguage":"es-CO","potentialAction":[{"@type":"ReadAction","target":["https:\/\/www.fiscalia.gov.co\/colombia\/noticias\/en-bolivar-la-fiscalia-ha-enviado-a-mas-de-mil-presuntos-integrantes-de-diferentes-estructuras-criminales-a-la-carcel\/"]}]},{"@type":"BreadcrumbList","@id":"https:\/\/www.fiscalia.gov.co\/colombia\/noticias\/en-bolivar-la-fiscalia-ha-enviado-a-mas-de-mil-presuntos-integrantes-de-diferentes-estructuras-criminales-a-la-carcel\/#breadcrumb","itemListElement":[{"@type":"ListItem","position":1,"name":"Home","item":"https:\/\/www.fiscalia.gov.co\/colombia\/"},{"@type":"ListItem","position":2,"name":"En Bol\u00edvar, la Fiscal\u00eda ha enviado a m\u00e1s de mil presuntos integrantes de diferentes estructuras criminales a la c\u00e1rcel"}]},{"@type":"WebSite","@id":"https:\/\/www.fiscalia.gov.co\/colombia\/#website","url":"https:\/\/www.fiscalia.gov.co\/colombia\/","name":"Fiscal\u00eda General de la Naci\u00f3n","description":"P\u00e1gina oficial de la Fiscal\u00eda General de la Naci\u00f3n \u2013 Colombia. Garantizamos el acceso efectivo a la justicia, la verdad y la reparaci\u00f3n de las v\u00edctimas de los delitos.","publisher":{"@id":"https:\/\/www.fiscalia.gov.co\/colombia\/#organization"},"potentialAction":[{"@type":"SearchAction","target":{"@type":"EntryPoint","urlTemplate":"https:\/\/www.fiscalia.gov.co\/colombia\/?s={search_term_string}"},"query-input":{"@type":"PropertyValueSpecification","valueRequired":true,"valueName":"search_term_string"}}],"inLanguage":"es-CO"},{"@type":"Organization","@id":"https:\/\/www.fiscalia.gov.co\/colombia\/#organization","name":"Fiscal\u00eda General de la Naci\u00f3n","url":"https:\/\/www.fiscalia.gov.co\/colombia\/","logo":{"@type":"ImageObject","inLanguage":"es-CO","@id":"https:\/\/www.fiscalia.gov.co\/colombia\/#\/schema\/logo\/image\/","url":"https:\/\/www.fiscalia.gov.co\/colombia\/wp-content\/uploads\/LogoHorizontal_1.jpg","contentUrl":"https:\/\/www.fiscalia.gov.co\/colombia\/wp-content\/uploads\/LogoHorizontal_1.jpg","width":300,"height":90,"caption":"Fiscal\u00eda General de la Naci\u00f3n"},"image":{"@id":"https:\/\/www.fiscalia.gov.co\/colombia\/#\/schema\/logo\/image\/"},"sameAs":["https:\/\/www.facebook.com\/FiscaliaCol","https:\/\/x.com\/FiscaliaCol","https:\/\/www.instagram.com\/fiscaliacol","https:\/\/www.linkedin.com\/company\/fiscalia-general-de-la-naci-n\/","https:\/\/youtube.com\/@fiscaliageneraldelanacion-4668?si=6nN79nyQICPU5iTh"]},{"@type":"Person","@id":"https:\/\/www.fiscalia.gov.co\/colombia\/#\/schema\/person\/176195b99ebab0a52aafa15197e1bf80","name":"Winnie Geraldine Rodr\u00edguez Navarrete","image":{"@type":"ImageObject","inLanguage":"es-CO","@id":"https:\/\/www.fiscalia.gov.co\/colombia\/#\/schema\/person\/image\/","url":"https:\/\/secure.gravatar.com\/avatar\/c24cf8481dc84fa5e8c7b20bc95ab0c6?s=96&d=mm&r=g","contentUrl":"https:\/\/secure.gravatar.com\/avatar\/c24cf8481dc84fa5e8c7b20bc95ab0c6?s=96&d=mm&r=g","caption":"Winnie Geraldine Rodr\u00edguez Navarrete"},"url":"https:\/\/www.fiscalia.gov.co\/colombia\/author\/winnierodriguez\/"}]}},"_links":{"self":[{"href":"https:\/\/www.fiscalia.gov.co\/colombia\/wp-json\/wp\/v2\/posts\/284947","targetHints":{"allow":["GET"]}}],"collection":[{"href":"https:\/\/www.fiscalia.gov.co\/colombia\/wp-json\/wp\/v2\/posts"}],"about":[{"href":"https:\/\/www.fiscalia.gov.co\/colombia\/wp-json\/wp\/v2\/types\/post"}],"author":[{"embeddable":true,"href":"https:\/\/www.fiscalia.gov.co\/colombia\/wp-json\/wp\/v2\/users\/178"}],"replies":[{"embeddable":true,"href":"https:\/\/www.fiscalia.gov.co\/colombia\/wp-json\/wp\/v2\/comments?post=284947"}],"version-history":[{"count":2,"href":"https:\/\/www.fiscalia.gov.co\/colombia\/wp-json\/wp\/v2\/posts\/284947\/revisions"}],"predecessor-version":[{"id":284949,"href":"https:\/\/www.fiscalia.gov.co\/colombia\/wp-json\/wp\/v2\/posts\/284947\/revisions\/284949"}],"wp:attachment":[{"href":"https:\/\/www.fiscalia.gov.co\/colombia\/wp-json\/wp\/v2\/media?parent=284947"}],"wp:term":[{"taxonomy":"category","embeddable":true,"href":"https:\/\/www.fiscalia.gov.co\/colombia\/wp-json\/wp\/v2\/categories?post=284947"},{"taxonomy":"post_tag","embeddable":true,"href":"https:\/\/www.fiscalia.gov.co\/colombia\/wp-json\/wp\/v2\/tags?post=284947"}],"curies":[{"name":"wp","href":"https:\/\/api.w.org\/{rel}","templated":true}]}}