{"id":284606,"date":"2023-12-06T14:11:18","date_gmt":"2023-12-06T19:11:18","guid":{"rendered":"https:\/\/www.fiscalia.gov.co\/colombia\/?p=284606"},"modified":"2023-12-06T14:11:18","modified_gmt":"2023-12-06T19:11:18","slug":"fiscalia-hizo-entrega-digna-de-los-restos-de-dos-adolescentes-victimas-de-desaparicion-forzada-en-cartago-valle","status":"publish","type":"post","link":"https:\/\/www.fiscalia.gov.co\/colombia\/noticias\/fiscalia-hizo-entrega-digna-de-los-restos-de-dos-adolescentes-victimas-de-desaparicion-forzada-en-cartago-valle\/","title":{"rendered":"Fiscal\u00eda hizo entrega digna de los restos de dos adolescentes, v\u00edctimas de desaparici\u00f3n forzada en Cartago (Valle)"},"content":{"rendered":"<p>\u201cSentimos un descanso en nuestra familia al haber recibidos los restos de nuestra familiar, asesinada y desaparecida en Cartago en junio pasado\u201d.\u00a0<u><\/u><u><\/u><\/p>\n<p>As\u00ed lo declar\u00f3 una familiar cuando recibi\u00f3 de manos de funcionarios de la Fiscal\u00eda seccional Valle la caja que conten\u00eda los restos de uno de los dos adolescentes de 17 a\u00f1os, exhumados el 13 de agosto de 2023 en una laguna en Cartago, norte del departamento, por expertos forenses del Grupo de Identificaci\u00f3n Humana del CTI, cuya investigaci\u00f3n fue apoyada por t\u00e9cnicos forenses de Medicina Legal, fiscales de la Direcci\u00f3n Seccional de Fiscal\u00edas Valle y el Grupo Investigativo de Delitos de Fiscal\u00edas Especializadas.\u00a0<u><\/u><u><\/u><\/p>\n<p>Seg\u00fan las investigaciones, la pareja de adolescentes desapareci\u00f3 el pasado 3 de junio de 2023, cuando salieron de sus casas de familia, en Cartago, rumbo a una celebraci\u00f3n y sus familiares no volvieron a tener noticias de su paradero.\u00a0<u><\/u><u><\/u><\/p>\n<p>Dos meses despu\u00e9s, las autoridades tuvieron conocimiento que los cuerpos de la pareja fueron arrojados a una laguna, en donde se iniciaron las labores de exhumaci\u00f3n y levantamiento de los cad\u00e1veres.\u00a0<u><\/u><u><\/u><\/p>\n<p>Los cuerpos de los dos adolescentes,\u00a0fueron sometidos a labores t\u00e9cnico\u2013cient\u00edficas y de cotejo de ADN, adem\u00e1s de la tipificaci\u00f3n molecular de perfiles gen\u00e9ticos necesaria para establecer la plena identidad de los menores.\u00a0<u><\/u><u><\/u><\/p>\n<p>El acto de entrega se cumpli\u00f3 en las instalaciones del Instituto de Medicina Legal y Ciencias Forenses de Cali a donde llegaron los familiares de las v\u00edctimas, procedentes de Cartago para recibir los restos de los dos j\u00f3venes.\u00a0<u><\/u><u><\/u><\/p>\n<p>Ingrid Arroyo, asesora de la secci\u00f3n de Atenci\u00f3n a V\u00edctimas de la Fiscal\u00eda Seccional Valle, declar\u00f3 que esta ceremonia corresponde al deber del Estado Colombiano de hacer entrega de los cuerpos de las personas v\u00edctimas de desaparici\u00f3n forzada, a trav\u00e9s de la Fiscal\u00eda General de la Naci\u00f3n y en este caso con el apoyo del Instituto de Medicina Legal, los entidades territoriales y la Defensor\u00eda del Pueblo en el departamento\u201d.\u00a0\u00a0<u><\/u><u><\/u><\/p>\n<p>Uno de los funcionarios de la Seccional Valle asegur\u00f3 que la Fiscal\u00eda General de la Naci\u00f3n sigue comprometida con el esclarecimiento de la verdad para que el crimen de los dos adolescentes no quede en la impunidad.\u00a0<u><\/u><u><\/u><\/p>\n<p><b><u>La Fiscal\u00eda habla con resultados<\/u><\/b><\/p>\n<p>&nbsp;<\/p>\n<p>&nbsp;<\/p>\n<p>&nbsp;<\/p>\n<p>&nbsp;<\/p>\n<p>&nbsp;<\/p>\n<p>&nbsp;<\/p>\n<p>JGPV\/FAGH\/PDPM\/DSV\u00a0<u><\/u><u><\/u><\/p>\n<p class=\"m_-1975069498622589421elementtoproof\" align=\"center\">\n<p align=\"center\">\n<p align=\"center\">\n<p align=\"center\">\n<p align=\"center\">\n<div class=\"td-post-content tagdiv-type\">\n<div class=\"td-post-content tagdiv-type\">\n<p><i>La informaci\u00f3n contenida en este bolet\u00edn de prensa corresponde a la narraci\u00f3n de los hechos noticiosos objetivos, suministrados por los funcionarios encargados de adelantar las investigaciones penales al interior de la Fiscal\u00eda General de la Naci\u00f3n. Para el momento de la divulgaci\u00f3n de este comunicado, la situaci\u00f3n jur\u00eddica de la(s) persona(s) relacionada(s) se encuentra pendiente de resolver por la autoridad judicial competente, siempre bajo los preceptos de la presunci\u00f3n de inocencia, consagrados en el art\u00edculo 29 de la Constituci\u00f3n Pol\u00edtica y el art\u00edculo 7\u00ba de la Ley 906 de 2004.\u00a0<\/i><\/p>\n<\/div>\n<\/div>\n\n<div class=\"twitter-share\"><a href=\"https:\/\/twitter.com\/intent\/tweet?via=fiscaliacol\" class=\"twitter-share-button\">Tweet<\/a><\/div>\n","protected":false},"excerpt":{"rendered":"<p>\u201cSentimos un descanso en nuestra familia al haber recibidos los restos de nuestra familiar, asesinada y desaparecida en Cartago en junio pasado\u201d.\u00a0 As\u00ed lo declar\u00f3 una familiar cuando recibi\u00f3 de [&hellip;]<\/p>\n","protected":false},"author":177,"featured_media":0,"comment_status":"closed","ping_status":"open","sticky":false,"template":"","format":"standard","meta":{"tdm_status":"","tdm_grid_status":"","footnotes":""},"categories":[1,324,303,24099],"tags":[30077,23837,363,24185,1047,32346],"class_list":["post-284606","post","type-post","status-publish","format-standard","category-noticias","category-seccional-cali","category-seccionales","category-seguridad-territorial","tag-cali-valle-del-cauca","tag-cartago","tag-desaparicion-forzada","tag-fiscal-barbosa","tag-fiscalia-general-de-la-nacion","tag-jovenes"],"yoast_head":"<!-- This site is optimized with the Yoast SEO plugin v24.3 - https:\/\/yoast.com\/wordpress\/plugins\/seo\/ -->\n<title>Fiscal\u00eda General de la Naci\u00f3n<\/title>\n<meta name=\"description\" content=\"P\u00e1gina oficial de la Fiscal\u00eda General de la Naci\u00f3n \u2013 Colombia. Garantizamos el acceso efectivo a la justicia, la verdad y la reparaci\u00f3n de las v\u00edctimas de los delitos.\" \/>\n<meta name=\"robots\" content=\"noindex, follow\" \/>\n<meta property=\"og:locale\" content=\"es_ES\" \/>\n<meta property=\"og:type\" content=\"article\" \/>\n<meta property=\"og:title\" content=\"Fiscal\u00eda General de la Naci\u00f3n\" \/>\n<meta property=\"og:description\" content=\"P\u00e1gina oficial de la Fiscal\u00eda General de la Naci\u00f3n \u2013 Colombia. Garantizamos el acceso efectivo a la justicia, la verdad y la reparaci\u00f3n de las v\u00edctimas de los delitos.\" \/>\n<meta property=\"og:url\" content=\"https:\/\/www.fiscalia.gov.co\/colombia\/noticias\/fiscalia-hizo-entrega-digna-de-los-restos-de-dos-adolescentes-victimas-de-desaparicion-forzada-en-cartago-valle\/\" \/>\n<meta property=\"og:site_name\" content=\"Fiscal\u00eda General de la Naci\u00f3n\" \/>\n<meta property=\"article:publisher\" content=\"https:\/\/www.facebook.com\/FiscaliaCol\" \/>\n<meta property=\"article:published_time\" content=\"2023-12-06T19:11:18+00:00\" \/>\n<meta name=\"author\" content=\"Jordan Leandro Oviedo Anzola\" \/>\n<meta name=\"twitter:card\" content=\"summary_large_image\" \/>\n<meta name=\"twitter:creator\" content=\"@FiscaliaCol\" \/>\n<meta name=\"twitter:site\" content=\"@FiscaliaCol\" \/>\n<meta name=\"twitter:label1\" content=\"Escrito por\" \/>\n\t<meta name=\"twitter:data1\" content=\"Jordan Leandro Oviedo Anzola\" \/>\n\t<meta name=\"twitter:label2\" content=\"Tiempo de lectura\" \/>\n\t<meta name=\"twitter:data2\" content=\"3 minutos\" \/>\n<script type=\"application\/ld+json\" class=\"yoast-schema-graph\">{\"@context\":\"https:\/\/schema.org\",\"@graph\":[{\"@type\":\"Article\",\"@id\":\"https:\/\/www.fiscalia.gov.co\/colombia\/noticias\/fiscalia-hizo-entrega-digna-de-los-restos-de-dos-adolescentes-victimas-de-desaparicion-forzada-en-cartago-valle\/#article\",\"isPartOf\":{\"@id\":\"https:\/\/www.fiscalia.gov.co\/colombia\/noticias\/fiscalia-hizo-entrega-digna-de-los-restos-de-dos-adolescentes-victimas-de-desaparicion-forzada-en-cartago-valle\/\"},\"author\":{\"name\":\"Jordan Leandro Oviedo Anzola\",\"@id\":\"https:\/\/www.fiscalia.gov.co\/colombia\/#\/schema\/person\/bf84402cf293a5393e9c70b111020b24\"},\"headline\":\"Fiscal\u00eda hizo entrega digna de los restos de dos adolescentes, v\u00edctimas de desaparici\u00f3n forzada en Cartago (Valle)\",\"datePublished\":\"2023-12-06T19:11:18+00:00\",\"dateModified\":\"2023-12-06T19:11:18+00:00\",\"mainEntityOfPage\":{\"@id\":\"https:\/\/www.fiscalia.gov.co\/colombia\/noticias\/fiscalia-hizo-entrega-digna-de-los-restos-de-dos-adolescentes-victimas-de-desaparicion-forzada-en-cartago-valle\/\"},\"wordCount\":520,\"publisher\":{\"@id\":\"https:\/\/www.fiscalia.gov.co\/colombia\/#organization\"},\"keywords\":[\"Cali (Valle del Cauca)\",\"Cartago\",\"Desaparici\u00f3n forzada\",\"Fiscal Barbosa\",\"Fiscal\u00eda General de la Naci\u00f3n\",\"j\u00f3venes\"],\"articleSection\":[\"Noticias\",\"Seccional Cali\",\"Seccionales\",\"Seguridad territorial\"],\"inLanguage\":\"es-CO\"},{\"@type\":\"WebPage\",\"@id\":\"https:\/\/www.fiscalia.gov.co\/colombia\/noticias\/fiscalia-hizo-entrega-digna-de-los-restos-de-dos-adolescentes-victimas-de-desaparicion-forzada-en-cartago-valle\/\",\"url\":\"https:\/\/www.fiscalia.gov.co\/colombia\/noticias\/fiscalia-hizo-entrega-digna-de-los-restos-de-dos-adolescentes-victimas-de-desaparicion-forzada-en-cartago-valle\/\",\"name\":\"Fiscal\u00eda General de la Naci\u00f3n\",\"isPartOf\":{\"@id\":\"https:\/\/www.fiscalia.gov.co\/colombia\/#website\"},\"datePublished\":\"2023-12-06T19:11:18+00:00\",\"dateModified\":\"2023-12-06T19:11:18+00:00\",\"description\":\"P\u00e1gina oficial de la Fiscal\u00eda General de la Naci\u00f3n \u2013 Colombia. Garantizamos el acceso efectivo a la justicia, la verdad y la reparaci\u00f3n de las v\u00edctimas de los delitos.\",\"breadcrumb\":{\"@id\":\"https:\/\/www.fiscalia.gov.co\/colombia\/noticias\/fiscalia-hizo-entrega-digna-de-los-restos-de-dos-adolescentes-victimas-de-desaparicion-forzada-en-cartago-valle\/#breadcrumb\"},\"inLanguage\":\"es-CO\",\"potentialAction\":[{\"@type\":\"ReadAction\",\"target\":[\"https:\/\/www.fiscalia.gov.co\/colombia\/noticias\/fiscalia-hizo-entrega-digna-de-los-restos-de-dos-adolescentes-victimas-de-desaparicion-forzada-en-cartago-valle\/\"]}]},{\"@type\":\"BreadcrumbList\",\"@id\":\"https:\/\/www.fiscalia.gov.co\/colombia\/noticias\/fiscalia-hizo-entrega-digna-de-los-restos-de-dos-adolescentes-victimas-de-desaparicion-forzada-en-cartago-valle\/#breadcrumb\",\"itemListElement\":[{\"@type\":\"ListItem\",\"position\":1,\"name\":\"Home\",\"item\":\"https:\/\/www.fiscalia.gov.co\/colombia\/\"},{\"@type\":\"ListItem\",\"position\":2,\"name\":\"Fiscal\u00eda hizo entrega digna de los restos de dos adolescentes, v\u00edctimas de desaparici\u00f3n forzada en Cartago (Valle)\"}]},{\"@type\":\"WebSite\",\"@id\":\"https:\/\/www.fiscalia.gov.co\/colombia\/#website\",\"url\":\"https:\/\/www.fiscalia.gov.co\/colombia\/\",\"name\":\"Fiscal\u00eda General de la Naci\u00f3n\",\"description\":\"P\u00e1gina oficial de la Fiscal\u00eda General de la Naci\u00f3n \u2013 Colombia. Garantizamos el acceso efectivo a la justicia, la verdad y la reparaci\u00f3n de las v\u00edctimas de los delitos.\",\"publisher\":{\"@id\":\"https:\/\/www.fiscalia.gov.co\/colombia\/#organization\"},\"potentialAction\":[{\"@type\":\"SearchAction\",\"target\":{\"@type\":\"EntryPoint\",\"urlTemplate\":\"https:\/\/www.fiscalia.gov.co\/colombia\/?s={search_term_string}\"},\"query-input\":{\"@type\":\"PropertyValueSpecification\",\"valueRequired\":true,\"valueName\":\"search_term_string\"}}],\"inLanguage\":\"es-CO\"},{\"@type\":\"Organization\",\"@id\":\"https:\/\/www.fiscalia.gov.co\/colombia\/#organization\",\"name\":\"Fiscal\u00eda General de la Naci\u00f3n\",\"url\":\"https:\/\/www.fiscalia.gov.co\/colombia\/\",\"logo\":{\"@type\":\"ImageObject\",\"inLanguage\":\"es-CO\",\"@id\":\"https:\/\/www.fiscalia.gov.co\/colombia\/#\/schema\/logo\/image\/\",\"url\":\"https:\/\/www.fiscalia.gov.co\/colombia\/wp-content\/uploads\/LogoHorizontal_1.jpg\",\"contentUrl\":\"https:\/\/www.fiscalia.gov.co\/colombia\/wp-content\/uploads\/LogoHorizontal_1.jpg\",\"width\":300,\"height\":90,\"caption\":\"Fiscal\u00eda General de la Naci\u00f3n\"},\"image\":{\"@id\":\"https:\/\/www.fiscalia.gov.co\/colombia\/#\/schema\/logo\/image\/\"},\"sameAs\":[\"https:\/\/www.facebook.com\/FiscaliaCol\",\"https:\/\/x.com\/FiscaliaCol\",\"https:\/\/www.instagram.com\/fiscaliacol\",\"https:\/\/www.linkedin.com\/company\/fiscalia-general-de-la-naci-n\/\",\"https:\/\/youtube.com\/@fiscaliageneraldelanacion-4668?si=6nN79nyQICPU5iTh\"]},{\"@type\":\"Person\",\"@id\":\"https:\/\/www.fiscalia.gov.co\/colombia\/#\/schema\/person\/bf84402cf293a5393e9c70b111020b24\",\"name\":\"Jordan Leandro Oviedo Anzola\",\"image\":{\"@type\":\"ImageObject\",\"inLanguage\":\"es-CO\",\"@id\":\"https:\/\/www.fiscalia.gov.co\/colombia\/#\/schema\/person\/image\/\",\"url\":\"https:\/\/secure.gravatar.com\/avatar\/dabba4346fa9b9207d96adafa8f92721?s=96&d=mm&r=g\",\"contentUrl\":\"https:\/\/secure.gravatar.com\/avatar\/dabba4346fa9b9207d96adafa8f92721?s=96&d=mm&r=g\",\"caption\":\"Jordan Leandro Oviedo Anzola\"},\"url\":\"https:\/\/www.fiscalia.gov.co\/colombia\/author\/joviedo\/\"}]}<\/script>\n<!-- \/ Yoast SEO plugin. -->","yoast_head_json":{"title":"Fiscal\u00eda General de la Naci\u00f3n","description":"P\u00e1gina oficial de la Fiscal\u00eda General de la Naci\u00f3n \u2013 Colombia. Garantizamos el acceso efectivo a la justicia, la verdad y la reparaci\u00f3n de las v\u00edctimas de los delitos.","robots":{"index":"noindex","follow":"follow"},"og_locale":"es_ES","og_type":"article","og_title":"Fiscal\u00eda General de la Naci\u00f3n","og_description":"P\u00e1gina oficial de la Fiscal\u00eda General de la Naci\u00f3n \u2013 Colombia. Garantizamos el acceso efectivo a la justicia, la verdad y la reparaci\u00f3n de las v\u00edctimas de los delitos.","og_url":"https:\/\/www.fiscalia.gov.co\/colombia\/noticias\/fiscalia-hizo-entrega-digna-de-los-restos-de-dos-adolescentes-victimas-de-desaparicion-forzada-en-cartago-valle\/","og_site_name":"Fiscal\u00eda General de la Naci\u00f3n","article_publisher":"https:\/\/www.facebook.com\/FiscaliaCol","article_published_time":"2023-12-06T19:11:18+00:00","author":"Jordan Leandro Oviedo Anzola","twitter_card":"summary_large_image","twitter_creator":"@FiscaliaCol","twitter_site":"@FiscaliaCol","twitter_misc":{"Escrito por":"Jordan Leandro Oviedo Anzola","Tiempo de lectura":"3 minutos"},"schema":{"@context":"https:\/\/schema.org","@graph":[{"@type":"Article","@id":"https:\/\/www.fiscalia.gov.co\/colombia\/noticias\/fiscalia-hizo-entrega-digna-de-los-restos-de-dos-adolescentes-victimas-de-desaparicion-forzada-en-cartago-valle\/#article","isPartOf":{"@id":"https:\/\/www.fiscalia.gov.co\/colombia\/noticias\/fiscalia-hizo-entrega-digna-de-los-restos-de-dos-adolescentes-victimas-de-desaparicion-forzada-en-cartago-valle\/"},"author":{"name":"Jordan Leandro Oviedo Anzola","@id":"https:\/\/www.fiscalia.gov.co\/colombia\/#\/schema\/person\/bf84402cf293a5393e9c70b111020b24"},"headline":"Fiscal\u00eda hizo entrega digna de los restos de dos adolescentes, v\u00edctimas de desaparici\u00f3n forzada en Cartago (Valle)","datePublished":"2023-12-06T19:11:18+00:00","dateModified":"2023-12-06T19:11:18+00:00","mainEntityOfPage":{"@id":"https:\/\/www.fiscalia.gov.co\/colombia\/noticias\/fiscalia-hizo-entrega-digna-de-los-restos-de-dos-adolescentes-victimas-de-desaparicion-forzada-en-cartago-valle\/"},"wordCount":520,"publisher":{"@id":"https:\/\/www.fiscalia.gov.co\/colombia\/#organization"},"keywords":["Cali (Valle del Cauca)","Cartago","Desaparici\u00f3n forzada","Fiscal Barbosa","Fiscal\u00eda General de la Naci\u00f3n","j\u00f3venes"],"articleSection":["Noticias","Seccional Cali","Seccionales","Seguridad territorial"],"inLanguage":"es-CO"},{"@type":"WebPage","@id":"https:\/\/www.fiscalia.gov.co\/colombia\/noticias\/fiscalia-hizo-entrega-digna-de-los-restos-de-dos-adolescentes-victimas-de-desaparicion-forzada-en-cartago-valle\/","url":"https:\/\/www.fiscalia.gov.co\/colombia\/noticias\/fiscalia-hizo-entrega-digna-de-los-restos-de-dos-adolescentes-victimas-de-desaparicion-forzada-en-cartago-valle\/","name":"Fiscal\u00eda General de la Naci\u00f3n","isPartOf":{"@id":"https:\/\/www.fiscalia.gov.co\/colombia\/#website"},"datePublished":"2023-12-06T19:11:18+00:00","dateModified":"2023-12-06T19:11:18+00:00","description":"P\u00e1gina oficial de la Fiscal\u00eda General de la Naci\u00f3n \u2013 Colombia. Garantizamos el acceso efectivo a la justicia, la verdad y la reparaci\u00f3n de las v\u00edctimas de los delitos.","breadcrumb":{"@id":"https:\/\/www.fiscalia.gov.co\/colombia\/noticias\/fiscalia-hizo-entrega-digna-de-los-restos-de-dos-adolescentes-victimas-de-desaparicion-forzada-en-cartago-valle\/#breadcrumb"},"inLanguage":"es-CO","potentialAction":[{"@type":"ReadAction","target":["https:\/\/www.fiscalia.gov.co\/colombia\/noticias\/fiscalia-hizo-entrega-digna-de-los-restos-de-dos-adolescentes-victimas-de-desaparicion-forzada-en-cartago-valle\/"]}]},{"@type":"BreadcrumbList","@id":"https:\/\/www.fiscalia.gov.co\/colombia\/noticias\/fiscalia-hizo-entrega-digna-de-los-restos-de-dos-adolescentes-victimas-de-desaparicion-forzada-en-cartago-valle\/#breadcrumb","itemListElement":[{"@type":"ListItem","position":1,"name":"Home","item":"https:\/\/www.fiscalia.gov.co\/colombia\/"},{"@type":"ListItem","position":2,"name":"Fiscal\u00eda hizo entrega digna de los restos de dos adolescentes, v\u00edctimas de desaparici\u00f3n forzada en Cartago (Valle)"}]},{"@type":"WebSite","@id":"https:\/\/www.fiscalia.gov.co\/colombia\/#website","url":"https:\/\/www.fiscalia.gov.co\/colombia\/","name":"Fiscal\u00eda General de la Naci\u00f3n","description":"P\u00e1gina oficial de la Fiscal\u00eda General de la Naci\u00f3n \u2013 Colombia. Garantizamos el acceso efectivo a la justicia, la verdad y la reparaci\u00f3n de las v\u00edctimas de los delitos.","publisher":{"@id":"https:\/\/www.fiscalia.gov.co\/colombia\/#organization"},"potentialAction":[{"@type":"SearchAction","target":{"@type":"EntryPoint","urlTemplate":"https:\/\/www.fiscalia.gov.co\/colombia\/?s={search_term_string}"},"query-input":{"@type":"PropertyValueSpecification","valueRequired":true,"valueName":"search_term_string"}}],"inLanguage":"es-CO"},{"@type":"Organization","@id":"https:\/\/www.fiscalia.gov.co\/colombia\/#organization","name":"Fiscal\u00eda General de la Naci\u00f3n","url":"https:\/\/www.fiscalia.gov.co\/colombia\/","logo":{"@type":"ImageObject","inLanguage":"es-CO","@id":"https:\/\/www.fiscalia.gov.co\/colombia\/#\/schema\/logo\/image\/","url":"https:\/\/www.fiscalia.gov.co\/colombia\/wp-content\/uploads\/LogoHorizontal_1.jpg","contentUrl":"https:\/\/www.fiscalia.gov.co\/colombia\/wp-content\/uploads\/LogoHorizontal_1.jpg","width":300,"height":90,"caption":"Fiscal\u00eda General de la Naci\u00f3n"},"image":{"@id":"https:\/\/www.fiscalia.gov.co\/colombia\/#\/schema\/logo\/image\/"},"sameAs":["https:\/\/www.facebook.com\/FiscaliaCol","https:\/\/x.com\/FiscaliaCol","https:\/\/www.instagram.com\/fiscaliacol","https:\/\/www.linkedin.com\/company\/fiscalia-general-de-la-naci-n\/","https:\/\/youtube.com\/@fiscaliageneraldelanacion-4668?si=6nN79nyQICPU5iTh"]},{"@type":"Person","@id":"https:\/\/www.fiscalia.gov.co\/colombia\/#\/schema\/person\/bf84402cf293a5393e9c70b111020b24","name":"Jordan Leandro Oviedo Anzola","image":{"@type":"ImageObject","inLanguage":"es-CO","@id":"https:\/\/www.fiscalia.gov.co\/colombia\/#\/schema\/person\/image\/","url":"https:\/\/secure.gravatar.com\/avatar\/dabba4346fa9b9207d96adafa8f92721?s=96&d=mm&r=g","contentUrl":"https:\/\/secure.gravatar.com\/avatar\/dabba4346fa9b9207d96adafa8f92721?s=96&d=mm&r=g","caption":"Jordan Leandro Oviedo Anzola"},"url":"https:\/\/www.fiscalia.gov.co\/colombia\/author\/joviedo\/"}]}},"_links":{"self":[{"href":"https:\/\/www.fiscalia.gov.co\/colombia\/wp-json\/wp\/v2\/posts\/284606","targetHints":{"allow":["GET"]}}],"collection":[{"href":"https:\/\/www.fiscalia.gov.co\/colombia\/wp-json\/wp\/v2\/posts"}],"about":[{"href":"https:\/\/www.fiscalia.gov.co\/colombia\/wp-json\/wp\/v2\/types\/post"}],"author":[{"embeddable":true,"href":"https:\/\/www.fiscalia.gov.co\/colombia\/wp-json\/wp\/v2\/users\/177"}],"replies":[{"embeddable":true,"href":"https:\/\/www.fiscalia.gov.co\/colombia\/wp-json\/wp\/v2\/comments?post=284606"}],"version-history":[{"count":1,"href":"https:\/\/www.fiscalia.gov.co\/colombia\/wp-json\/wp\/v2\/posts\/284606\/revisions"}],"predecessor-version":[{"id":284607,"href":"https:\/\/www.fiscalia.gov.co\/colombia\/wp-json\/wp\/v2\/posts\/284606\/revisions\/284607"}],"wp:attachment":[{"href":"https:\/\/www.fiscalia.gov.co\/colombia\/wp-json\/wp\/v2\/media?parent=284606"}],"wp:term":[{"taxonomy":"category","embeddable":true,"href":"https:\/\/www.fiscalia.gov.co\/colombia\/wp-json\/wp\/v2\/categories?post=284606"},{"taxonomy":"post_tag","embeddable":true,"href":"https:\/\/www.fiscalia.gov.co\/colombia\/wp-json\/wp\/v2\/tags?post=284606"}],"curies":[{"name":"wp","href":"https:\/\/api.w.org\/{rel}","templated":true}]}}