{"id":284595,"date":"2023-12-06T11:45:14","date_gmt":"2023-12-06T16:45:14","guid":{"rendered":"https:\/\/www.fiscalia.gov.co\/colombia\/?p=284595"},"modified":"2023-12-06T11:45:14","modified_gmt":"2023-12-06T16:45:14","slug":"una-mujer-fue-enviada-a-la-carcel-por-su-presunta-participacion-en-el-homicidio-de-un-ganadero-en-puerto-asis-putumayo","status":"publish","type":"post","link":"https:\/\/www.fiscalia.gov.co\/colombia\/noticias\/una-mujer-fue-enviada-a-la-carcel-por-su-presunta-participacion-en-el-homicidio-de-un-ganadero-en-puerto-asis-putumayo\/","title":{"rendered":"Una mujer fue enviada a la c\u00e1rcel por su presunta participaci\u00f3n en el homicidio de un ganadero, en Puerto As\u00eds (Putumayo)"},"content":{"rendered":"<h4><strong><i>La procesada tendr\u00eda una relaci\u00f3n sentimental con la v\u00edctima, aprovech\u00e1ndose de ello para ganarse su confianza y as\u00ed acabar con su vida, al parecer, por hurtarle un dinero. \u00a0<\/i><\/strong><\/h4>\n<figure id=\"attachment_284596\" aria-describedby=\"caption-attachment-284596\" style=\"width: 696px\" class=\"wp-caption aligncenter\"><img loading=\"lazy\" decoding=\"async\" class=\"size-large wp-image-284596\" src=\"https:\/\/www.fiscalia.gov.co\/colombia\/wp-content\/uploads\/homicidio-ganadero-maria-jose-rondon-putumayo-1024x746.jpeg\" alt=\"en la imagen se ve una mujer detenida bajo custodia del CTI y la Polic\u00eda. Detr\u00e1s suyo un backing institucional. \" width=\"696\" height=\"507\" srcset=\"https:\/\/www.fiscalia.gov.co\/colombia\/wp-content\/uploads\/homicidio-ganadero-maria-jose-rondon-putumayo-1024x746.jpeg 1024w, https:\/\/www.fiscalia.gov.co\/colombia\/wp-content\/uploads\/homicidio-ganadero-maria-jose-rondon-putumayo-300x219.jpeg 300w, https:\/\/www.fiscalia.gov.co\/colombia\/wp-content\/uploads\/homicidio-ganadero-maria-jose-rondon-putumayo-768x560.jpeg 768w, https:\/\/www.fiscalia.gov.co\/colombia\/wp-content\/uploads\/homicidio-ganadero-maria-jose-rondon-putumayo-1536x1119.jpeg 1536w, https:\/\/www.fiscalia.gov.co\/colombia\/wp-content\/uploads\/homicidio-ganadero-maria-jose-rondon-putumayo-696x507.jpeg 696w, https:\/\/www.fiscalia.gov.co\/colombia\/wp-content\/uploads\/homicidio-ganadero-maria-jose-rondon-putumayo-1068x778.jpeg 1068w, https:\/\/www.fiscalia.gov.co\/colombia\/wp-content\/uploads\/homicidio-ganadero-maria-jose-rondon-putumayo-576x420.jpeg 576w, https:\/\/www.fiscalia.gov.co\/colombia\/wp-content\/uploads\/homicidio-ganadero-maria-jose-rondon-putumayo-324x235.jpeg 324w, https:\/\/www.fiscalia.gov.co\/colombia\/wp-content\/uploads\/homicidio-ganadero-maria-jose-rondon-putumayo.jpeg 1600w\" sizes=\"auto, (max-width: 696px) 100vw, 696px\" \/><figcaption id=\"caption-attachment-284596\" class=\"wp-caption-text\">La mujer fue detenida por Investigadores del CTI y la Polic\u00eda Nacional en cumplimiento a la orden judicial que pesaba en su contra por homicidio.<\/figcaption><\/figure>\n<p>Mar\u00eda Jos\u00e9 Rond\u00f3n Ricardo fue enviada a un centro carcelario de Puerto As\u00eds, Putumayo, por una investigaci\u00f3n que la Fiscal\u00eda General de la Naci\u00f3n le sigue en su contra, por el delito de homicidio agravado del que fue v\u00edctima un hombre tras recibir un golpe contundente que acab\u00f3 con su vida. Los hechos ocurrieron el 8 de agosto del presente a\u00f1o.<\/p>\n<p>La mujer que fue capturada en un trabajo conjunto entre investigadores del CTI de la Seccional Putumayo y la Polic\u00eda Nacional en el barrio El Jard\u00edn, del citado municipio.<\/p>\n<p>Investigaciones preliminares dan cuenta que la procesada, quien no acept\u00f3 responsabilidad alguna frente a estos hechos enrostrados por la delegada fiscal, el d\u00eda de la muerte violenta del ganadero Jaime Tapiero Tique, se encontr\u00f3 con \u00e9l en un hotel ubicado en zona rural de la ciudad.<\/p>\n<p>Estando all\u00ed lo golpear\u00eda con un elemento contundente caus\u00e1ndole la muerte de manera inmediata. Se tiene que para desviar la atenci\u00f3n de las autoridades escribieron con la misma sangre de la v\u00edctima en la pared la frase: \u2018por sapo\u2019.<\/p>\n<p>Luego de ocurrido el crimen, la hoy privada de la libertad huy\u00f3 hacia Popay\u00e1n, Cauca, retornando recientemente a Puerto As\u00eds donde fue interceptada por los investigadores del caso.<\/p>\n<p>Se investigan los m\u00f3viles del hecho; sin embargo, una de las hip\u00f3tesis que maneja la Fiscal\u00eda est\u00e1 relacionada con que el crimen ocurri\u00f3 para hurtarle una fuerte suma de dinero.<\/p>\n<p><b><u>La Fiscal\u00eda habla con resultados.<\/u><\/b><b><u>\u00a0<\/u><\/b><\/p>\n<p>&nbsp;<\/p>\n<p>&nbsp;<\/p>\n<p>&nbsp;<\/p>\n<p>&nbsp;<\/p>\n<p>&nbsp;<\/p>\n<p>PAAM\/LYBT\/ARR\/CACB\/DSP<\/p>\n<p>&nbsp;<\/p>\n<p>&nbsp;<\/p>\n<p>&nbsp;<\/p>\n<p>&nbsp;<\/p>\n<div class=\"td-post-content tagdiv-type\">\n<div class=\"td-post-content tagdiv-type\">\n<p><i>La informaci\u00f3n contenida en este bolet\u00edn de prensa corresponde a la narraci\u00f3n de los hechos noticiosos objetivos, suministrados por los funcionarios encargados de adelantar las investigaciones penales al interior de la Fiscal\u00eda General de la Naci\u00f3n. Para el momento de la divulgaci\u00f3n de este comunicado, la situaci\u00f3n jur\u00eddica de la(s) persona(s) relacionada(s) se encuentra pendiente de resolver por la autoridad\u00a0judicial competente, siempre bajo los preceptos de la presunci\u00f3n de inocencia, consagrados en el art\u00edculo 29 de la Constituci\u00f3n Pol\u00edtica y el art\u00edculo 7\u00ba de la Ley 906 de 2004.\u00a0<\/i><\/p>\n<\/div>\n<footer>\n<div class=\"td-post-source-tags\"><\/div>\n<div class=\"td-post-sharing-bottom\"><\/div>\n<\/footer>\n<\/div>\n<footer>\n<div class=\"td-post-source-tags\"><\/div>\n<div class=\"td-post-sharing-bottom\"><\/div>\n<\/footer>\n\n<div class=\"twitter-share\"><a href=\"https:\/\/twitter.com\/intent\/tweet?via=fiscaliacol\" class=\"twitter-share-button\">Tweet<\/a><\/div>\n","protected":false},"excerpt":{"rendered":"<p>La procesada tendr\u00eda una relaci\u00f3n sentimental con la v\u00edctima, aprovech\u00e1ndose de ello para ganarse su confianza y as\u00ed acabar con su vida, al parecer, por hurtarle un dinero. \u00a0 Mar\u00eda [&hellip;]<\/p>\n","protected":false},"author":177,"featured_media":0,"comment_status":"closed","ping_status":"open","sticky":false,"template":"","format":"standard","meta":{"tdm_status":"","tdm_grid_status":"","footnotes":""},"categories":[1],"tags":[14550,45,667,1047,8007,24990,686,8979,23960,24277,23858,2279,24485,30239,32923,3417],"class_list":["post-284595","post","type-post","status-publish","format-standard","category-noticias","tag-carcel","tag-cti","tag-ejercito","tag-fiscalia-general-de-la-nacion","tag-ganadero","tag-golpe","tag-homicidio-agravado","tag-hotel","tag-hurto","tag-medida","tag-puerto-asis","tag-putumayo","tag-seccional-huila","tag-seguridad-territorial","tag-suma-millonaria","tag-unidad-de-vida"],"yoast_head":"<!-- This site is optimized with the Yoast SEO plugin v24.3 - https:\/\/yoast.com\/wordpress\/plugins\/seo\/ -->\n<title>Fiscal\u00eda General de la Naci\u00f3n<\/title>\n<meta name=\"description\" content=\"P\u00e1gina oficial de la Fiscal\u00eda General de la Naci\u00f3n \u2013 Colombia. Garantizamos el acceso efectivo a la justicia, la verdad y la reparaci\u00f3n de las v\u00edctimas de los delitos.\" \/>\n<meta name=\"robots\" content=\"noindex, follow\" \/>\n<meta property=\"og:locale\" content=\"es_ES\" \/>\n<meta property=\"og:type\" content=\"article\" \/>\n<meta property=\"og:title\" content=\"Fiscal\u00eda General de la Naci\u00f3n\" \/>\n<meta property=\"og:description\" content=\"P\u00e1gina oficial de la Fiscal\u00eda General de la Naci\u00f3n \u2013 Colombia. Garantizamos el acceso efectivo a la justicia, la verdad y la reparaci\u00f3n de las v\u00edctimas de los delitos.\" \/>\n<meta property=\"og:url\" content=\"https:\/\/www.fiscalia.gov.co\/colombia\/noticias\/una-mujer-fue-enviada-a-la-carcel-por-su-presunta-participacion-en-el-homicidio-de-un-ganadero-en-puerto-asis-putumayo\/\" \/>\n<meta property=\"og:site_name\" content=\"Fiscal\u00eda General de la Naci\u00f3n\" \/>\n<meta property=\"article:publisher\" content=\"https:\/\/www.facebook.com\/FiscaliaCol\" \/>\n<meta property=\"article:published_time\" content=\"2023-12-06T16:45:14+00:00\" \/>\n<meta property=\"og:image\" content=\"https:\/\/www.fiscalia.gov.co\/colombia\/wp-content\/uploads\/homicidio-ganadero-maria-jose-rondon-putumayo-1024x746.jpeg\" \/>\n<meta name=\"author\" content=\"Jordan Leandro Oviedo Anzola\" \/>\n<meta name=\"twitter:card\" content=\"summary_large_image\" \/>\n<meta name=\"twitter:creator\" content=\"@FiscaliaCol\" \/>\n<meta name=\"twitter:site\" content=\"@FiscaliaCol\" \/>\n<meta name=\"twitter:label1\" content=\"Escrito por\" \/>\n\t<meta name=\"twitter:data1\" content=\"Jordan Leandro Oviedo Anzola\" \/>\n\t<meta name=\"twitter:label2\" content=\"Tiempo de lectura\" \/>\n\t<meta name=\"twitter:data2\" content=\"2 minutos\" \/>\n<script type=\"application\/ld+json\" class=\"yoast-schema-graph\">{\"@context\":\"https:\/\/schema.org\",\"@graph\":[{\"@type\":\"Article\",\"@id\":\"https:\/\/www.fiscalia.gov.co\/colombia\/noticias\/una-mujer-fue-enviada-a-la-carcel-por-su-presunta-participacion-en-el-homicidio-de-un-ganadero-en-puerto-asis-putumayo\/#article\",\"isPartOf\":{\"@id\":\"https:\/\/www.fiscalia.gov.co\/colombia\/noticias\/una-mujer-fue-enviada-a-la-carcel-por-su-presunta-participacion-en-el-homicidio-de-un-ganadero-en-puerto-asis-putumayo\/\"},\"author\":{\"name\":\"Jordan Leandro Oviedo Anzola\",\"@id\":\"https:\/\/www.fiscalia.gov.co\/colombia\/#\/schema\/person\/bf84402cf293a5393e9c70b111020b24\"},\"headline\":\"Una mujer fue enviada a la c\u00e1rcel por su presunta participaci\u00f3n en el homicidio de un ganadero, en Puerto As\u00eds (Putumayo)\",\"datePublished\":\"2023-12-06T16:45:14+00:00\",\"dateModified\":\"2023-12-06T16:45:14+00:00\",\"mainEntityOfPage\":{\"@id\":\"https:\/\/www.fiscalia.gov.co\/colombia\/noticias\/una-mujer-fue-enviada-a-la-carcel-por-su-presunta-participacion-en-el-homicidio-de-un-ganadero-en-puerto-asis-putumayo\/\"},\"wordCount\":463,\"publisher\":{\"@id\":\"https:\/\/www.fiscalia.gov.co\/colombia\/#organization\"},\"image\":{\"@id\":\"https:\/\/www.fiscalia.gov.co\/colombia\/noticias\/una-mujer-fue-enviada-a-la-carcel-por-su-presunta-participacion-en-el-homicidio-de-un-ganadero-en-puerto-asis-putumayo\/#primaryimage\"},\"thumbnailUrl\":\"https:\/\/www.fiscalia.gov.co\/colombia\/wp-content\/uploads\/homicidio-ganadero-maria-jose-rondon-putumayo-1024x746.jpeg\",\"keywords\":[\"C\u00e1rcel\",\"CTI\",\"Ej\u00e9rcito\",\"Fiscal\u00eda General de la Naci\u00f3n\",\"Ganadero\",\"golpe\",\"Homicidio agravado\",\"Hotel\",\"Hurto\",\"medida\",\"Puerto As\u00eds\",\"Putumayo\",\"Seccional Huila\",\"Seguridad territorial\",\"suma millonaria\",\"Unidad de Vida\"],\"articleSection\":[\"Noticias\"],\"inLanguage\":\"es-CO\"},{\"@type\":\"WebPage\",\"@id\":\"https:\/\/www.fiscalia.gov.co\/colombia\/noticias\/una-mujer-fue-enviada-a-la-carcel-por-su-presunta-participacion-en-el-homicidio-de-un-ganadero-en-puerto-asis-putumayo\/\",\"url\":\"https:\/\/www.fiscalia.gov.co\/colombia\/noticias\/una-mujer-fue-enviada-a-la-carcel-por-su-presunta-participacion-en-el-homicidio-de-un-ganadero-en-puerto-asis-putumayo\/\",\"name\":\"Fiscal\u00eda General de la Naci\u00f3n\",\"isPartOf\":{\"@id\":\"https:\/\/www.fiscalia.gov.co\/colombia\/#website\"},\"primaryImageOfPage\":{\"@id\":\"https:\/\/www.fiscalia.gov.co\/colombia\/noticias\/una-mujer-fue-enviada-a-la-carcel-por-su-presunta-participacion-en-el-homicidio-de-un-ganadero-en-puerto-asis-putumayo\/#primaryimage\"},\"image\":{\"@id\":\"https:\/\/www.fiscalia.gov.co\/colombia\/noticias\/una-mujer-fue-enviada-a-la-carcel-por-su-presunta-participacion-en-el-homicidio-de-un-ganadero-en-puerto-asis-putumayo\/#primaryimage\"},\"thumbnailUrl\":\"https:\/\/www.fiscalia.gov.co\/colombia\/wp-content\/uploads\/homicidio-ganadero-maria-jose-rondon-putumayo-1024x746.jpeg\",\"datePublished\":\"2023-12-06T16:45:14+00:00\",\"dateModified\":\"2023-12-06T16:45:14+00:00\",\"description\":\"P\u00e1gina oficial de la Fiscal\u00eda General de la Naci\u00f3n \u2013 Colombia. Garantizamos el acceso efectivo a la justicia, la verdad y la reparaci\u00f3n de las v\u00edctimas de los delitos.\",\"breadcrumb\":{\"@id\":\"https:\/\/www.fiscalia.gov.co\/colombia\/noticias\/una-mujer-fue-enviada-a-la-carcel-por-su-presunta-participacion-en-el-homicidio-de-un-ganadero-en-puerto-asis-putumayo\/#breadcrumb\"},\"inLanguage\":\"es-CO\",\"potentialAction\":[{\"@type\":\"ReadAction\",\"target\":[\"https:\/\/www.fiscalia.gov.co\/colombia\/noticias\/una-mujer-fue-enviada-a-la-carcel-por-su-presunta-participacion-en-el-homicidio-de-un-ganadero-en-puerto-asis-putumayo\/\"]}]},{\"@type\":\"ImageObject\",\"inLanguage\":\"es-CO\",\"@id\":\"https:\/\/www.fiscalia.gov.co\/colombia\/noticias\/una-mujer-fue-enviada-a-la-carcel-por-su-presunta-participacion-en-el-homicidio-de-un-ganadero-en-puerto-asis-putumayo\/#primaryimage\",\"url\":\"https:\/\/www.fiscalia.gov.co\/colombia\/wp-content\/uploads\/homicidio-ganadero-maria-jose-rondon-putumayo-1024x746.jpeg\",\"contentUrl\":\"https:\/\/www.fiscalia.gov.co\/colombia\/wp-content\/uploads\/homicidio-ganadero-maria-jose-rondon-putumayo-1024x746.jpeg\"},{\"@type\":\"BreadcrumbList\",\"@id\":\"https:\/\/www.fiscalia.gov.co\/colombia\/noticias\/una-mujer-fue-enviada-a-la-carcel-por-su-presunta-participacion-en-el-homicidio-de-un-ganadero-en-puerto-asis-putumayo\/#breadcrumb\",\"itemListElement\":[{\"@type\":\"ListItem\",\"position\":1,\"name\":\"Home\",\"item\":\"https:\/\/www.fiscalia.gov.co\/colombia\/\"},{\"@type\":\"ListItem\",\"position\":2,\"name\":\"Una mujer fue enviada a la c\u00e1rcel por su presunta participaci\u00f3n en el homicidio de un ganadero, en Puerto As\u00eds (Putumayo)\"}]},{\"@type\":\"WebSite\",\"@id\":\"https:\/\/www.fiscalia.gov.co\/colombia\/#website\",\"url\":\"https:\/\/www.fiscalia.gov.co\/colombia\/\",\"name\":\"Fiscal\u00eda General de la Naci\u00f3n\",\"description\":\"P\u00e1gina oficial de la Fiscal\u00eda General de la Naci\u00f3n \u2013 Colombia. Garantizamos el acceso efectivo a la justicia, la verdad y la reparaci\u00f3n de las v\u00edctimas de los delitos.\",\"publisher\":{\"@id\":\"https:\/\/www.fiscalia.gov.co\/colombia\/#organization\"},\"potentialAction\":[{\"@type\":\"SearchAction\",\"target\":{\"@type\":\"EntryPoint\",\"urlTemplate\":\"https:\/\/www.fiscalia.gov.co\/colombia\/?s={search_term_string}\"},\"query-input\":{\"@type\":\"PropertyValueSpecification\",\"valueRequired\":true,\"valueName\":\"search_term_string\"}}],\"inLanguage\":\"es-CO\"},{\"@type\":\"Organization\",\"@id\":\"https:\/\/www.fiscalia.gov.co\/colombia\/#organization\",\"name\":\"Fiscal\u00eda General de la Naci\u00f3n\",\"url\":\"https:\/\/www.fiscalia.gov.co\/colombia\/\",\"logo\":{\"@type\":\"ImageObject\",\"inLanguage\":\"es-CO\",\"@id\":\"https:\/\/www.fiscalia.gov.co\/colombia\/#\/schema\/logo\/image\/\",\"url\":\"https:\/\/www.fiscalia.gov.co\/colombia\/wp-content\/uploads\/LogoHorizontal_1.jpg\",\"contentUrl\":\"https:\/\/www.fiscalia.gov.co\/colombia\/wp-content\/uploads\/LogoHorizontal_1.jpg\",\"width\":300,\"height\":90,\"caption\":\"Fiscal\u00eda General de la Naci\u00f3n\"},\"image\":{\"@id\":\"https:\/\/www.fiscalia.gov.co\/colombia\/#\/schema\/logo\/image\/\"},\"sameAs\":[\"https:\/\/www.facebook.com\/FiscaliaCol\",\"https:\/\/x.com\/FiscaliaCol\",\"https:\/\/www.instagram.com\/fiscaliacol\",\"https:\/\/www.linkedin.com\/company\/fiscalia-general-de-la-naci-n\/\",\"https:\/\/youtube.com\/@fiscaliageneraldelanacion-4668?si=6nN79nyQICPU5iTh\"]},{\"@type\":\"Person\",\"@id\":\"https:\/\/www.fiscalia.gov.co\/colombia\/#\/schema\/person\/bf84402cf293a5393e9c70b111020b24\",\"name\":\"Jordan Leandro Oviedo Anzola\",\"image\":{\"@type\":\"ImageObject\",\"inLanguage\":\"es-CO\",\"@id\":\"https:\/\/www.fiscalia.gov.co\/colombia\/#\/schema\/person\/image\/\",\"url\":\"https:\/\/secure.gravatar.com\/avatar\/dabba4346fa9b9207d96adafa8f92721?s=96&d=mm&r=g\",\"contentUrl\":\"https:\/\/secure.gravatar.com\/avatar\/dabba4346fa9b9207d96adafa8f92721?s=96&d=mm&r=g\",\"caption\":\"Jordan Leandro Oviedo Anzola\"},\"url\":\"https:\/\/www.fiscalia.gov.co\/colombia\/author\/joviedo\/\"}]}<\/script>\n<!-- \/ Yoast SEO plugin. -->","yoast_head_json":{"title":"Fiscal\u00eda General de la Naci\u00f3n","description":"P\u00e1gina oficial de la Fiscal\u00eda General de la Naci\u00f3n \u2013 Colombia. Garantizamos el acceso efectivo a la justicia, la verdad y la reparaci\u00f3n de las v\u00edctimas de los delitos.","robots":{"index":"noindex","follow":"follow"},"og_locale":"es_ES","og_type":"article","og_title":"Fiscal\u00eda General de la Naci\u00f3n","og_description":"P\u00e1gina oficial de la Fiscal\u00eda General de la Naci\u00f3n \u2013 Colombia. Garantizamos el acceso efectivo a la justicia, la verdad y la reparaci\u00f3n de las v\u00edctimas de los delitos.","og_url":"https:\/\/www.fiscalia.gov.co\/colombia\/noticias\/una-mujer-fue-enviada-a-la-carcel-por-su-presunta-participacion-en-el-homicidio-de-un-ganadero-en-puerto-asis-putumayo\/","og_site_name":"Fiscal\u00eda General de la Naci\u00f3n","article_publisher":"https:\/\/www.facebook.com\/FiscaliaCol","article_published_time":"2023-12-06T16:45:14+00:00","og_image":[{"url":"https:\/\/www.fiscalia.gov.co\/colombia\/wp-content\/uploads\/homicidio-ganadero-maria-jose-rondon-putumayo-1024x746.jpeg","type":"","width":"","height":""}],"author":"Jordan Leandro Oviedo Anzola","twitter_card":"summary_large_image","twitter_creator":"@FiscaliaCol","twitter_site":"@FiscaliaCol","twitter_misc":{"Escrito por":"Jordan Leandro Oviedo Anzola","Tiempo de lectura":"2 minutos"},"schema":{"@context":"https:\/\/schema.org","@graph":[{"@type":"Article","@id":"https:\/\/www.fiscalia.gov.co\/colombia\/noticias\/una-mujer-fue-enviada-a-la-carcel-por-su-presunta-participacion-en-el-homicidio-de-un-ganadero-en-puerto-asis-putumayo\/#article","isPartOf":{"@id":"https:\/\/www.fiscalia.gov.co\/colombia\/noticias\/una-mujer-fue-enviada-a-la-carcel-por-su-presunta-participacion-en-el-homicidio-de-un-ganadero-en-puerto-asis-putumayo\/"},"author":{"name":"Jordan Leandro Oviedo Anzola","@id":"https:\/\/www.fiscalia.gov.co\/colombia\/#\/schema\/person\/bf84402cf293a5393e9c70b111020b24"},"headline":"Una mujer fue enviada a la c\u00e1rcel por su presunta participaci\u00f3n en el homicidio de un ganadero, en Puerto As\u00eds (Putumayo)","datePublished":"2023-12-06T16:45:14+00:00","dateModified":"2023-12-06T16:45:14+00:00","mainEntityOfPage":{"@id":"https:\/\/www.fiscalia.gov.co\/colombia\/noticias\/una-mujer-fue-enviada-a-la-carcel-por-su-presunta-participacion-en-el-homicidio-de-un-ganadero-en-puerto-asis-putumayo\/"},"wordCount":463,"publisher":{"@id":"https:\/\/www.fiscalia.gov.co\/colombia\/#organization"},"image":{"@id":"https:\/\/www.fiscalia.gov.co\/colombia\/noticias\/una-mujer-fue-enviada-a-la-carcel-por-su-presunta-participacion-en-el-homicidio-de-un-ganadero-en-puerto-asis-putumayo\/#primaryimage"},"thumbnailUrl":"https:\/\/www.fiscalia.gov.co\/colombia\/wp-content\/uploads\/homicidio-ganadero-maria-jose-rondon-putumayo-1024x746.jpeg","keywords":["C\u00e1rcel","CTI","Ej\u00e9rcito","Fiscal\u00eda General de la Naci\u00f3n","Ganadero","golpe","Homicidio agravado","Hotel","Hurto","medida","Puerto As\u00eds","Putumayo","Seccional Huila","Seguridad territorial","suma millonaria","Unidad de Vida"],"articleSection":["Noticias"],"inLanguage":"es-CO"},{"@type":"WebPage","@id":"https:\/\/www.fiscalia.gov.co\/colombia\/noticias\/una-mujer-fue-enviada-a-la-carcel-por-su-presunta-participacion-en-el-homicidio-de-un-ganadero-en-puerto-asis-putumayo\/","url":"https:\/\/www.fiscalia.gov.co\/colombia\/noticias\/una-mujer-fue-enviada-a-la-carcel-por-su-presunta-participacion-en-el-homicidio-de-un-ganadero-en-puerto-asis-putumayo\/","name":"Fiscal\u00eda General de la Naci\u00f3n","isPartOf":{"@id":"https:\/\/www.fiscalia.gov.co\/colombia\/#website"},"primaryImageOfPage":{"@id":"https:\/\/www.fiscalia.gov.co\/colombia\/noticias\/una-mujer-fue-enviada-a-la-carcel-por-su-presunta-participacion-en-el-homicidio-de-un-ganadero-en-puerto-asis-putumayo\/#primaryimage"},"image":{"@id":"https:\/\/www.fiscalia.gov.co\/colombia\/noticias\/una-mujer-fue-enviada-a-la-carcel-por-su-presunta-participacion-en-el-homicidio-de-un-ganadero-en-puerto-asis-putumayo\/#primaryimage"},"thumbnailUrl":"https:\/\/www.fiscalia.gov.co\/colombia\/wp-content\/uploads\/homicidio-ganadero-maria-jose-rondon-putumayo-1024x746.jpeg","datePublished":"2023-12-06T16:45:14+00:00","dateModified":"2023-12-06T16:45:14+00:00","description":"P\u00e1gina oficial de la Fiscal\u00eda General de la Naci\u00f3n \u2013 Colombia. Garantizamos el acceso efectivo a la justicia, la verdad y la reparaci\u00f3n de las v\u00edctimas de los delitos.","breadcrumb":{"@id":"https:\/\/www.fiscalia.gov.co\/colombia\/noticias\/una-mujer-fue-enviada-a-la-carcel-por-su-presunta-participacion-en-el-homicidio-de-un-ganadero-en-puerto-asis-putumayo\/#breadcrumb"},"inLanguage":"es-CO","potentialAction":[{"@type":"ReadAction","target":["https:\/\/www.fiscalia.gov.co\/colombia\/noticias\/una-mujer-fue-enviada-a-la-carcel-por-su-presunta-participacion-en-el-homicidio-de-un-ganadero-en-puerto-asis-putumayo\/"]}]},{"@type":"ImageObject","inLanguage":"es-CO","@id":"https:\/\/www.fiscalia.gov.co\/colombia\/noticias\/una-mujer-fue-enviada-a-la-carcel-por-su-presunta-participacion-en-el-homicidio-de-un-ganadero-en-puerto-asis-putumayo\/#primaryimage","url":"https:\/\/www.fiscalia.gov.co\/colombia\/wp-content\/uploads\/homicidio-ganadero-maria-jose-rondon-putumayo-1024x746.jpeg","contentUrl":"https:\/\/www.fiscalia.gov.co\/colombia\/wp-content\/uploads\/homicidio-ganadero-maria-jose-rondon-putumayo-1024x746.jpeg"},{"@type":"BreadcrumbList","@id":"https:\/\/www.fiscalia.gov.co\/colombia\/noticias\/una-mujer-fue-enviada-a-la-carcel-por-su-presunta-participacion-en-el-homicidio-de-un-ganadero-en-puerto-asis-putumayo\/#breadcrumb","itemListElement":[{"@type":"ListItem","position":1,"name":"Home","item":"https:\/\/www.fiscalia.gov.co\/colombia\/"},{"@type":"ListItem","position":2,"name":"Una mujer fue enviada a la c\u00e1rcel por su presunta participaci\u00f3n en el homicidio de un ganadero, en Puerto As\u00eds (Putumayo)"}]},{"@type":"WebSite","@id":"https:\/\/www.fiscalia.gov.co\/colombia\/#website","url":"https:\/\/www.fiscalia.gov.co\/colombia\/","name":"Fiscal\u00eda General de la Naci\u00f3n","description":"P\u00e1gina oficial de la Fiscal\u00eda General de la Naci\u00f3n \u2013 Colombia. Garantizamos el acceso efectivo a la justicia, la verdad y la reparaci\u00f3n de las v\u00edctimas de los delitos.","publisher":{"@id":"https:\/\/www.fiscalia.gov.co\/colombia\/#organization"},"potentialAction":[{"@type":"SearchAction","target":{"@type":"EntryPoint","urlTemplate":"https:\/\/www.fiscalia.gov.co\/colombia\/?s={search_term_string}"},"query-input":{"@type":"PropertyValueSpecification","valueRequired":true,"valueName":"search_term_string"}}],"inLanguage":"es-CO"},{"@type":"Organization","@id":"https:\/\/www.fiscalia.gov.co\/colombia\/#organization","name":"Fiscal\u00eda General de la Naci\u00f3n","url":"https:\/\/www.fiscalia.gov.co\/colombia\/","logo":{"@type":"ImageObject","inLanguage":"es-CO","@id":"https:\/\/www.fiscalia.gov.co\/colombia\/#\/schema\/logo\/image\/","url":"https:\/\/www.fiscalia.gov.co\/colombia\/wp-content\/uploads\/LogoHorizontal_1.jpg","contentUrl":"https:\/\/www.fiscalia.gov.co\/colombia\/wp-content\/uploads\/LogoHorizontal_1.jpg","width":300,"height":90,"caption":"Fiscal\u00eda General de la Naci\u00f3n"},"image":{"@id":"https:\/\/www.fiscalia.gov.co\/colombia\/#\/schema\/logo\/image\/"},"sameAs":["https:\/\/www.facebook.com\/FiscaliaCol","https:\/\/x.com\/FiscaliaCol","https:\/\/www.instagram.com\/fiscaliacol","https:\/\/www.linkedin.com\/company\/fiscalia-general-de-la-naci-n\/","https:\/\/youtube.com\/@fiscaliageneraldelanacion-4668?si=6nN79nyQICPU5iTh"]},{"@type":"Person","@id":"https:\/\/www.fiscalia.gov.co\/colombia\/#\/schema\/person\/bf84402cf293a5393e9c70b111020b24","name":"Jordan Leandro Oviedo Anzola","image":{"@type":"ImageObject","inLanguage":"es-CO","@id":"https:\/\/www.fiscalia.gov.co\/colombia\/#\/schema\/person\/image\/","url":"https:\/\/secure.gravatar.com\/avatar\/dabba4346fa9b9207d96adafa8f92721?s=96&d=mm&r=g","contentUrl":"https:\/\/secure.gravatar.com\/avatar\/dabba4346fa9b9207d96adafa8f92721?s=96&d=mm&r=g","caption":"Jordan Leandro Oviedo Anzola"},"url":"https:\/\/www.fiscalia.gov.co\/colombia\/author\/joviedo\/"}]}},"_links":{"self":[{"href":"https:\/\/www.fiscalia.gov.co\/colombia\/wp-json\/wp\/v2\/posts\/284595","targetHints":{"allow":["GET"]}}],"collection":[{"href":"https:\/\/www.fiscalia.gov.co\/colombia\/wp-json\/wp\/v2\/posts"}],"about":[{"href":"https:\/\/www.fiscalia.gov.co\/colombia\/wp-json\/wp\/v2\/types\/post"}],"author":[{"embeddable":true,"href":"https:\/\/www.fiscalia.gov.co\/colombia\/wp-json\/wp\/v2\/users\/177"}],"replies":[{"embeddable":true,"href":"https:\/\/www.fiscalia.gov.co\/colombia\/wp-json\/wp\/v2\/comments?post=284595"}],"version-history":[{"count":2,"href":"https:\/\/www.fiscalia.gov.co\/colombia\/wp-json\/wp\/v2\/posts\/284595\/revisions"}],"predecessor-version":[{"id":284598,"href":"https:\/\/www.fiscalia.gov.co\/colombia\/wp-json\/wp\/v2\/posts\/284595\/revisions\/284598"}],"wp:attachment":[{"href":"https:\/\/www.fiscalia.gov.co\/colombia\/wp-json\/wp\/v2\/media?parent=284595"}],"wp:term":[{"taxonomy":"category","embeddable":true,"href":"https:\/\/www.fiscalia.gov.co\/colombia\/wp-json\/wp\/v2\/categories?post=284595"},{"taxonomy":"post_tag","embeddable":true,"href":"https:\/\/www.fiscalia.gov.co\/colombia\/wp-json\/wp\/v2\/tags?post=284595"}],"curies":[{"name":"wp","href":"https:\/\/api.w.org\/{rel}","templated":true}]}}