{"id":284518,"date":"2023-12-05T14:57:33","date_gmt":"2023-12-05T19:57:33","guid":{"rendered":"https:\/\/www.fiscalia.gov.co\/colombia\/?p=284518"},"modified":"2023-12-05T14:57:33","modified_gmt":"2023-12-05T19:57:33","slug":"fiscalia-desarticula-a-la-agencia-una-red-criminal-dedicada-al-trafico-de-migrantes","status":"publish","type":"post","link":"https:\/\/www.fiscalia.gov.co\/colombia\/noticias\/fiscalia-desarticula-a-la-agencia-una-red-criminal-dedicada-al-trafico-de-migrantes\/","title":{"rendered":"Fiscal\u00eda desarticula a \u2018La Agencia\u2019, una red criminal dedicada al tr\u00e1fico de migrantes"},"content":{"rendered":"<ul>\n<li>\n<h4><strong><em>24 presuntos integrantes de la organizaci\u00f3n fueron capturados y judicializados, entre ellos cinco funcionarios de la Armada Nacional y uno de Migraci\u00f3n Colombia.<\/em><\/strong><\/h4>\n<\/li>\n<\/ul>\n<ul>\n<li>\n<h4><strong><em>A estas personas se les atribuye la obtenci\u00f3n de documentaci\u00f3n falsa para tramitar visas a ciudadanos nacionales y extranjeros.<\/em><\/strong><\/h4>\n<\/li>\n<li>\n<h4><strong><em>Asimismo, estar\u00edan involucrados en el env\u00edo irregular de migrantes a M\u00e9xico para gestionar su tr\u00e1nsito a Estados Unidos por pasos no autorizados.<\/em><\/strong><\/h4>\n<\/li>\n<\/ul>\n<p>La Fiscal\u00eda General de la Naci\u00f3n logr\u00f3 la desarticulaci\u00f3n de \u2018La Agencia\u2019, una red de tr\u00e1fico de migrantes se\u00f1alada de gestionar la salida irregular de ciudadanos colombianos y extranjeros rumbo a Australia, Canad\u00e1 y Estados Unidos, mediante diferentes maniobras il\u00edcitas.<\/p>\n<p>En diligencias realizadas de manera conjunta por el CTI, la Armada Nacional, el Ej\u00e9rcito Nacional y la Fuerza Aeroespacial Colombiana, con apoyo de la agencia HSI\u2013ICE de la Embajada de Estados Unidos, fueron capturados 24 presuntos integrantes de la organizaci\u00f3n criminal en San Andr\u00e9s Islas, Cartagena (Bol\u00edvar), Santa Marta (Magdalena), Maicao (La Guajira), Bucaramanga (Santander), Cove\u00f1as (Sucre) y Necocl\u00ed (Antioquia).<\/p>\n<p>Entre los detenidos est\u00e1n los se\u00f1alados articuladores principales de la estructura ilegal, adem\u00e1s de cinco funcionarios de la Armada Nacional y uno de Migraci\u00f3n Colombia.<\/p>\n<p>Los elementos de prueba indican que \u2018La Agencia\u2019 estar\u00eda involucrada en dos modalidades delictivas distintas de tr\u00e1fico de migrantes. Un grupo ser\u00eda el encargado de obtener documentos como certificaciones de estudio, historiales crediticios y t\u00edtulos de propiedad de bienes inmuebles, con los cuales les creaban perfiles familiares y socioecon\u00f3micos falsos a nacionales y extranjeros que buscaban la expedici\u00f3n de visas.<\/p>\n<p>De esta manera, los aspirantes enga\u00f1aban al personal de las embajadas y obten\u00edan las autorizaciones para ingresar a los distintos pa\u00edses.<\/p>\n<p>La otra maniobra il\u00edcita consist\u00eda en ofrecerles a los migrantes a los que les negaban la visa salir de Colombia por v\u00eda terrestre o mar\u00edtima rumbo a Centroam\u00e9rica, y entrar a Estados Unidos por pasos no autorizados.<\/p>\n<p>Para este prop\u00f3sito, al parecer, les prove\u00edan a los ciudadanos alojamiento, alimentaci\u00f3n y transporte hasta la regi\u00f3n del Urab\u00e1, donde finalmente cruzaban el denominado \u2018Tap\u00f3n del Dari\u00e9n\u2019 para seguir su camino a Norteam\u00e9rica. En otras oportunidades, trasladaban a los interesados desde diferentes aeropuertos a San Andr\u00e9s Islas y all\u00ed abordaban embarcaciones que part\u00edan hacia las costas de Nicaragua.<\/p>\n<p>Las personas que sal\u00edan por estas dos rutas eran esperadas en M\u00e9xico y con la ayuda de un agente de migraci\u00f3n de ese pa\u00eds, conocido con el alias de Mario, quedaban a disposici\u00f3n de los denominados \u2018coyotes\u2019 que los mov\u00edan irregularmente y los pon\u00edan en territorio estadounidense.<\/p>\n<p>En algo m\u00e1s de una a\u00f1o de actividades investigativas fueron acreditados 48 eventos, en los que fueron rescatados 200 ciudadanos chinos, vietnamitas, ecuatorianos y venezolanos en aguas jurisdiccionales de San Andr\u00e9s y Nicaragua.<\/p>\n<p><strong><u>Los roles delictivos de \u2018La Agencia\u2019<\/u><\/strong><\/p>\n<p>Entre los capturados est\u00e1n:<\/p>\n<ul>\n<li><strong>Nancy Franco Vallejo, Mar\u00eda Helena Franco de Santa y Mar\u00eda Carolina Serpa G\u00f3mez<\/strong>, quienes ser\u00edan las encargadas de contactar nacionales y extranjeros en Bogot\u00e1, Bucaramanga (Santander), C\u00facuta (Norte de Santander), Medell\u00edn (Antioquia), Cali (Valle del Cauca), Barranquilla (Atl\u00e1ntico) y Cartagena (Bol\u00edvar); y conseguirles la documentaci\u00f3n falsa para tramitar las visas.<\/li>\n<li><strong>Hernando Manuel de la Cruz Orjuela, alias Patr\u00f3n<\/strong>, presunto cabecilla del grupo responsable de la captaci\u00f3n, transporte y env\u00edo de los migrantes por pasos irregulares. Este hombre tendr\u00eda v\u00ednculos con lancheros y propietarios de hoteles, hostales y restaurantes.<\/li>\n<li><strong>Carlos Arturo S\u00e1nchez Qui\u00f1ones, Derick Andrew Bernard Mosquito, Luis Enrique Linero Pinto, Joaqu\u00edn Pinz\u00f3n Merlano, Edison Enrique P\u00e9rez Santana, Juan Carlos Gaviria Madrid y Jeiner Chac\u00f3n Simanca<\/strong>, posibles encargados de la log\u00edstica, el hospedaje, el embarque y el transporte de los ciudadanos a Centroam\u00e9rica y M\u00e9xico.<\/li>\n<li><strong>Jos\u00e9 Antonio Guti\u00e9rrez Torres y Karelys del Valle Corobo Cuicas<\/strong>, presuntos encargados de promocionar por redes sociales los servicios ilegales de la red criminal para captar a ciudadanos extranjeros.<\/li>\n<li><strong>Carlos Cesar Vel\u00e1squez Bolles, alias \u2018Venezuela\u2019; Marilyn Chiquinquir\u00e1 Mart\u00ednez Acosta, Jaime de Jes\u00fas Giraldo Fl\u00f3rez y John Alexander Mercado Mart\u00ednez<\/strong>, a quienes se les atribuye contactar ciudadanos venezolanos y llevarlos a las costas de La Guajira para coordinar su salida a San Andr\u00e9s.<\/li>\n<li><strong>Juan Guillermo L\u00f3pez Hoyos<\/strong>, presunto encargado del tr\u00e1mite irregular de Permisos de Permanencia Temporal (PPT) a ciudadanos venezolanos.<\/li>\n<li><strong>El oficial Yerson Antonio Prens Lara y los suboficiales de la Armada Nacional Cristian Luz Barrios Hern\u00e1ndez, Andr\u00e9s Jos\u00e9 Gonz\u00e1lez Espinosa, Alexander de Jes\u00fas Franco y Cristian de La Cruz P\u00e9rez<\/strong>, son se\u00f1alados de omitir los controles de navegaci\u00f3n mar\u00edtima y de alertar a la red criminal sobre la ubicaci\u00f3n de los buques de la Armada Nacional, para facilitar el tr\u00e1nsito de las embarcaciones con los migrantes. Estas actuaciones ilegales estaban condicionadas al pago de d\u00e1divas que oscilaban entre los 3 y 10 millones de pesos.<\/li>\n<li><strong>Didier Orlando Palacios Pinilla<\/strong>, funcionario de Migraci\u00f3n Colombia que habr\u00eda exigido dinero para sellar los pasaportes de 7 ciudadanos ecuatorianos que cruzaban por un puesto de control de Capurgan\u00e1 (Choc\u00f3) para internarse a las selvas del Dari\u00e9n.<\/li>\n<\/ul>\n<p>Un fiscal de la Seccional Santander de la Delegada para la Seguridad Territorial, imput\u00f3 a estas personas, seg\u00fan el posible rol ejercido, los delitos de concierto para delinquir agravado, tr\u00e1fico de migrantes, cohecho por dar u ofrecer, cohecho propio, lavado de activos y uso de documento falso.<\/p>\n<p>Adicionalmente, al suboficial Cristian de La Cruz P\u00e9rez le fue imputado el delito de espionaje, aparentemente revel\u00f3 informaci\u00f3n reservada. De otra parte, a alias El Patr\u00f3n tambi\u00e9n le fue imputado el delito de amenazas contra servidor p\u00fablico, toda vez que habr\u00eda intimidado a una directora de Migraci\u00f3n Colombia en San Andr\u00e9s que report\u00f3 el hallazgo de ciudadanos vietnamitas, que pretend\u00edan moverse ilegalmente hacia Centroam\u00e9rica.<\/p>\n<p>Dos de los procesados aceptaron los cargos. Se trata de Jos\u00e9 Antonio Guti\u00e9rrez Torres y Karelys del Valle Corobo Cuicas.<\/p>\n<p>Esta informaci\u00f3n se publica por razones de inter\u00e9s general.<\/p>\n<p><strong><u>La Fiscal\u00eda habla con resultados.<\/u><\/strong><\/p>\n<p>&nbsp;<\/p>\n<p>&nbsp;<\/p>\n<p>&nbsp;<\/p>\n<p>&nbsp;<\/p>\n<p>&nbsp;<\/p>\n<p>&nbsp;<\/p>\n<p>&nbsp;<\/p>\n<p>CMRM\/JARG\/ON\/MRC\/<\/p>\n<p>&nbsp;<\/p>\n<p>&nbsp;<\/p>\n<p>&nbsp;<\/p>\n<p>&nbsp;<\/p>\n<p>&nbsp;<\/p>\n<p><em>La informaci\u00f3n contenida en este bolet\u00edn de prensa corresponde a la narraci\u00f3n de los hechos noticiosos objetivos, y las investigaciones penales al interior de la Fiscal\u00eda General de la Naci\u00f3n. Para el momento de la divulgaci\u00f3n de este comunicado, la situaci\u00f3n jur\u00eddica de la(s) persona(s) relacionada(s) se encuentra pendiente de resolver por la autoridad judicial competente, siempre bajo los preceptos de la presunci\u00f3n de inocencia, consagrados en el art\u00edculo 29 de la Constituci\u00f3n Pol\u00edtica y el art\u00edculo 7\u00ba de la Ley 906 de 2004.<\/em><\/p>\n<footer>\n<p class=\"td-post-source-tags\">\n<p class=\"td-post-sharing-bottom\">\n<\/footer>\n\n<div class=\"twitter-share\"><a href=\"https:\/\/twitter.com\/intent\/tweet?via=fiscaliacol\" class=\"twitter-share-button\">Tweet<\/a><\/div>\n","protected":false},"excerpt":{"rendered":"<p>24 presuntos integrantes de la organizaci\u00f3n fueron capturados y judicializados, entre ellos cinco funcionarios de la Armada Nacional y uno de Migraci\u00f3n Colombia. A estas personas se les atribuye la [&hellip;]<\/p>\n","protected":false},"author":177,"featured_media":0,"comment_status":"closed","ping_status":"open","sticky":false,"template":"","format":"standard","meta":{"tdm_status":"","tdm_grid_status":"","footnotes":""},"categories":[1,24099],"tags":[29048,1099,24185,1047,36450,14948,13658,916],"class_list":["post-284518","post","type-post","status-publish","format-standard","category-noticias","category-seguridad-territorial","tag-armada","tag-armada-nacional","tag-fiscal-barbosa","tag-fiscalia-general-de-la-nacion","tag-la-agencia","tag-migracion-colombia","tag-migrantes","tag-trafico"],"yoast_head":"<!-- This site is optimized with the Yoast SEO plugin v24.3 - https:\/\/yoast.com\/wordpress\/plugins\/seo\/ -->\n<title>Fiscal\u00eda General de la Naci\u00f3n<\/title>\n<meta name=\"description\" content=\"P\u00e1gina oficial de la Fiscal\u00eda General de la Naci\u00f3n \u2013 Colombia. Garantizamos el acceso efectivo a la justicia, la verdad y la reparaci\u00f3n de las v\u00edctimas de los delitos.\" \/>\n<meta name=\"robots\" content=\"noindex, follow\" \/>\n<meta property=\"og:locale\" content=\"es_ES\" \/>\n<meta property=\"og:type\" content=\"article\" \/>\n<meta property=\"og:title\" content=\"Fiscal\u00eda General de la Naci\u00f3n\" \/>\n<meta property=\"og:description\" content=\"P\u00e1gina oficial de la Fiscal\u00eda General de la Naci\u00f3n \u2013 Colombia. Garantizamos el acceso efectivo a la justicia, la verdad y la reparaci\u00f3n de las v\u00edctimas de los delitos.\" \/>\n<meta property=\"og:url\" content=\"https:\/\/www.fiscalia.gov.co\/colombia\/noticias\/fiscalia-desarticula-a-la-agencia-una-red-criminal-dedicada-al-trafico-de-migrantes\/\" \/>\n<meta property=\"og:site_name\" content=\"Fiscal\u00eda General de la Naci\u00f3n\" \/>\n<meta property=\"article:publisher\" content=\"https:\/\/www.facebook.com\/FiscaliaCol\" \/>\n<meta property=\"article:published_time\" content=\"2023-12-05T19:57:33+00:00\" \/>\n<meta name=\"author\" content=\"Jordan Leandro Oviedo Anzola\" \/>\n<meta name=\"twitter:card\" content=\"summary_large_image\" \/>\n<meta name=\"twitter:creator\" content=\"@FiscaliaCol\" \/>\n<meta name=\"twitter:site\" content=\"@FiscaliaCol\" \/>\n<meta name=\"twitter:label1\" content=\"Escrito por\" \/>\n\t<meta name=\"twitter:data1\" content=\"Jordan Leandro Oviedo Anzola\" \/>\n\t<meta name=\"twitter:label2\" content=\"Tiempo de lectura\" \/>\n\t<meta name=\"twitter:data2\" content=\"5 minutos\" \/>\n<script type=\"application\/ld+json\" class=\"yoast-schema-graph\">{\"@context\":\"https:\/\/schema.org\",\"@graph\":[{\"@type\":\"Article\",\"@id\":\"https:\/\/www.fiscalia.gov.co\/colombia\/noticias\/fiscalia-desarticula-a-la-agencia-una-red-criminal-dedicada-al-trafico-de-migrantes\/#article\",\"isPartOf\":{\"@id\":\"https:\/\/www.fiscalia.gov.co\/colombia\/noticias\/fiscalia-desarticula-a-la-agencia-una-red-criminal-dedicada-al-trafico-de-migrantes\/\"},\"author\":{\"name\":\"Jordan Leandro Oviedo Anzola\",\"@id\":\"https:\/\/www.fiscalia.gov.co\/colombia\/#\/schema\/person\/bf84402cf293a5393e9c70b111020b24\"},\"headline\":\"Fiscal\u00eda desarticula a \u2018La Agencia\u2019, una red criminal dedicada al tr\u00e1fico de migrantes\",\"datePublished\":\"2023-12-05T19:57:33+00:00\",\"dateModified\":\"2023-12-05T19:57:33+00:00\",\"mainEntityOfPage\":{\"@id\":\"https:\/\/www.fiscalia.gov.co\/colombia\/noticias\/fiscalia-desarticula-a-la-agencia-una-red-criminal-dedicada-al-trafico-de-migrantes\/\"},\"wordCount\":1187,\"publisher\":{\"@id\":\"https:\/\/www.fiscalia.gov.co\/colombia\/#organization\"},\"keywords\":[\"armada\",\"Armada Nacional\",\"Fiscal Barbosa\",\"Fiscal\u00eda General de la Naci\u00f3n\",\"la agencia\",\"Migraci\u00f3n Colombia\",\"Migrantes\",\"Tr\u00e1fico\"],\"articleSection\":[\"Noticias\",\"Seguridad territorial\"],\"inLanguage\":\"es-CO\"},{\"@type\":\"WebPage\",\"@id\":\"https:\/\/www.fiscalia.gov.co\/colombia\/noticias\/fiscalia-desarticula-a-la-agencia-una-red-criminal-dedicada-al-trafico-de-migrantes\/\",\"url\":\"https:\/\/www.fiscalia.gov.co\/colombia\/noticias\/fiscalia-desarticula-a-la-agencia-una-red-criminal-dedicada-al-trafico-de-migrantes\/\",\"name\":\"Fiscal\u00eda General de la Naci\u00f3n\",\"isPartOf\":{\"@id\":\"https:\/\/www.fiscalia.gov.co\/colombia\/#website\"},\"datePublished\":\"2023-12-05T19:57:33+00:00\",\"dateModified\":\"2023-12-05T19:57:33+00:00\",\"description\":\"P\u00e1gina oficial de la Fiscal\u00eda General de la Naci\u00f3n \u2013 Colombia. Garantizamos el acceso efectivo a la justicia, la verdad y la reparaci\u00f3n de las v\u00edctimas de los delitos.\",\"breadcrumb\":{\"@id\":\"https:\/\/www.fiscalia.gov.co\/colombia\/noticias\/fiscalia-desarticula-a-la-agencia-una-red-criminal-dedicada-al-trafico-de-migrantes\/#breadcrumb\"},\"inLanguage\":\"es-CO\",\"potentialAction\":[{\"@type\":\"ReadAction\",\"target\":[\"https:\/\/www.fiscalia.gov.co\/colombia\/noticias\/fiscalia-desarticula-a-la-agencia-una-red-criminal-dedicada-al-trafico-de-migrantes\/\"]}]},{\"@type\":\"BreadcrumbList\",\"@id\":\"https:\/\/www.fiscalia.gov.co\/colombia\/noticias\/fiscalia-desarticula-a-la-agencia-una-red-criminal-dedicada-al-trafico-de-migrantes\/#breadcrumb\",\"itemListElement\":[{\"@type\":\"ListItem\",\"position\":1,\"name\":\"Home\",\"item\":\"https:\/\/www.fiscalia.gov.co\/colombia\/\"},{\"@type\":\"ListItem\",\"position\":2,\"name\":\"Fiscal\u00eda desarticula a \u2018La Agencia\u2019, una red criminal dedicada al tr\u00e1fico de migrantes\"}]},{\"@type\":\"WebSite\",\"@id\":\"https:\/\/www.fiscalia.gov.co\/colombia\/#website\",\"url\":\"https:\/\/www.fiscalia.gov.co\/colombia\/\",\"name\":\"Fiscal\u00eda General de la Naci\u00f3n\",\"description\":\"P\u00e1gina oficial de la Fiscal\u00eda General de la Naci\u00f3n \u2013 Colombia. Garantizamos el acceso efectivo a la justicia, la verdad y la reparaci\u00f3n de las v\u00edctimas de los delitos.\",\"publisher\":{\"@id\":\"https:\/\/www.fiscalia.gov.co\/colombia\/#organization\"},\"potentialAction\":[{\"@type\":\"SearchAction\",\"target\":{\"@type\":\"EntryPoint\",\"urlTemplate\":\"https:\/\/www.fiscalia.gov.co\/colombia\/?s={search_term_string}\"},\"query-input\":{\"@type\":\"PropertyValueSpecification\",\"valueRequired\":true,\"valueName\":\"search_term_string\"}}],\"inLanguage\":\"es-CO\"},{\"@type\":\"Organization\",\"@id\":\"https:\/\/www.fiscalia.gov.co\/colombia\/#organization\",\"name\":\"Fiscal\u00eda General de la Naci\u00f3n\",\"url\":\"https:\/\/www.fiscalia.gov.co\/colombia\/\",\"logo\":{\"@type\":\"ImageObject\",\"inLanguage\":\"es-CO\",\"@id\":\"https:\/\/www.fiscalia.gov.co\/colombia\/#\/schema\/logo\/image\/\",\"url\":\"https:\/\/www.fiscalia.gov.co\/colombia\/wp-content\/uploads\/LogoHorizontal_1.jpg\",\"contentUrl\":\"https:\/\/www.fiscalia.gov.co\/colombia\/wp-content\/uploads\/LogoHorizontal_1.jpg\",\"width\":300,\"height\":90,\"caption\":\"Fiscal\u00eda General de la Naci\u00f3n\"},\"image\":{\"@id\":\"https:\/\/www.fiscalia.gov.co\/colombia\/#\/schema\/logo\/image\/\"},\"sameAs\":[\"https:\/\/www.facebook.com\/FiscaliaCol\",\"https:\/\/x.com\/FiscaliaCol\",\"https:\/\/www.instagram.com\/fiscaliacol\",\"https:\/\/www.linkedin.com\/company\/fiscalia-general-de-la-naci-n\/\",\"https:\/\/youtube.com\/@fiscaliageneraldelanacion-4668?si=6nN79nyQICPU5iTh\"]},{\"@type\":\"Person\",\"@id\":\"https:\/\/www.fiscalia.gov.co\/colombia\/#\/schema\/person\/bf84402cf293a5393e9c70b111020b24\",\"name\":\"Jordan Leandro Oviedo Anzola\",\"image\":{\"@type\":\"ImageObject\",\"inLanguage\":\"es-CO\",\"@id\":\"https:\/\/www.fiscalia.gov.co\/colombia\/#\/schema\/person\/image\/\",\"url\":\"https:\/\/secure.gravatar.com\/avatar\/dabba4346fa9b9207d96adafa8f92721?s=96&d=mm&r=g\",\"contentUrl\":\"https:\/\/secure.gravatar.com\/avatar\/dabba4346fa9b9207d96adafa8f92721?s=96&d=mm&r=g\",\"caption\":\"Jordan Leandro Oviedo Anzola\"},\"url\":\"https:\/\/www.fiscalia.gov.co\/colombia\/author\/joviedo\/\"}]}<\/script>\n<!-- \/ Yoast SEO plugin. -->","yoast_head_json":{"title":"Fiscal\u00eda General de la Naci\u00f3n","description":"P\u00e1gina oficial de la Fiscal\u00eda General de la Naci\u00f3n \u2013 Colombia. Garantizamos el acceso efectivo a la justicia, la verdad y la reparaci\u00f3n de las v\u00edctimas de los delitos.","robots":{"index":"noindex","follow":"follow"},"og_locale":"es_ES","og_type":"article","og_title":"Fiscal\u00eda General de la Naci\u00f3n","og_description":"P\u00e1gina oficial de la Fiscal\u00eda General de la Naci\u00f3n \u2013 Colombia. Garantizamos el acceso efectivo a la justicia, la verdad y la reparaci\u00f3n de las v\u00edctimas de los delitos.","og_url":"https:\/\/www.fiscalia.gov.co\/colombia\/noticias\/fiscalia-desarticula-a-la-agencia-una-red-criminal-dedicada-al-trafico-de-migrantes\/","og_site_name":"Fiscal\u00eda General de la Naci\u00f3n","article_publisher":"https:\/\/www.facebook.com\/FiscaliaCol","article_published_time":"2023-12-05T19:57:33+00:00","author":"Jordan Leandro Oviedo Anzola","twitter_card":"summary_large_image","twitter_creator":"@FiscaliaCol","twitter_site":"@FiscaliaCol","twitter_misc":{"Escrito por":"Jordan Leandro Oviedo Anzola","Tiempo de lectura":"5 minutos"},"schema":{"@context":"https:\/\/schema.org","@graph":[{"@type":"Article","@id":"https:\/\/www.fiscalia.gov.co\/colombia\/noticias\/fiscalia-desarticula-a-la-agencia-una-red-criminal-dedicada-al-trafico-de-migrantes\/#article","isPartOf":{"@id":"https:\/\/www.fiscalia.gov.co\/colombia\/noticias\/fiscalia-desarticula-a-la-agencia-una-red-criminal-dedicada-al-trafico-de-migrantes\/"},"author":{"name":"Jordan Leandro Oviedo Anzola","@id":"https:\/\/www.fiscalia.gov.co\/colombia\/#\/schema\/person\/bf84402cf293a5393e9c70b111020b24"},"headline":"Fiscal\u00eda desarticula a \u2018La Agencia\u2019, una red criminal dedicada al tr\u00e1fico de migrantes","datePublished":"2023-12-05T19:57:33+00:00","dateModified":"2023-12-05T19:57:33+00:00","mainEntityOfPage":{"@id":"https:\/\/www.fiscalia.gov.co\/colombia\/noticias\/fiscalia-desarticula-a-la-agencia-una-red-criminal-dedicada-al-trafico-de-migrantes\/"},"wordCount":1187,"publisher":{"@id":"https:\/\/www.fiscalia.gov.co\/colombia\/#organization"},"keywords":["armada","Armada Nacional","Fiscal Barbosa","Fiscal\u00eda General de la Naci\u00f3n","la agencia","Migraci\u00f3n Colombia","Migrantes","Tr\u00e1fico"],"articleSection":["Noticias","Seguridad territorial"],"inLanguage":"es-CO"},{"@type":"WebPage","@id":"https:\/\/www.fiscalia.gov.co\/colombia\/noticias\/fiscalia-desarticula-a-la-agencia-una-red-criminal-dedicada-al-trafico-de-migrantes\/","url":"https:\/\/www.fiscalia.gov.co\/colombia\/noticias\/fiscalia-desarticula-a-la-agencia-una-red-criminal-dedicada-al-trafico-de-migrantes\/","name":"Fiscal\u00eda General de la Naci\u00f3n","isPartOf":{"@id":"https:\/\/www.fiscalia.gov.co\/colombia\/#website"},"datePublished":"2023-12-05T19:57:33+00:00","dateModified":"2023-12-05T19:57:33+00:00","description":"P\u00e1gina oficial de la Fiscal\u00eda General de la Naci\u00f3n \u2013 Colombia. Garantizamos el acceso efectivo a la justicia, la verdad y la reparaci\u00f3n de las v\u00edctimas de los delitos.","breadcrumb":{"@id":"https:\/\/www.fiscalia.gov.co\/colombia\/noticias\/fiscalia-desarticula-a-la-agencia-una-red-criminal-dedicada-al-trafico-de-migrantes\/#breadcrumb"},"inLanguage":"es-CO","potentialAction":[{"@type":"ReadAction","target":["https:\/\/www.fiscalia.gov.co\/colombia\/noticias\/fiscalia-desarticula-a-la-agencia-una-red-criminal-dedicada-al-trafico-de-migrantes\/"]}]},{"@type":"BreadcrumbList","@id":"https:\/\/www.fiscalia.gov.co\/colombia\/noticias\/fiscalia-desarticula-a-la-agencia-una-red-criminal-dedicada-al-trafico-de-migrantes\/#breadcrumb","itemListElement":[{"@type":"ListItem","position":1,"name":"Home","item":"https:\/\/www.fiscalia.gov.co\/colombia\/"},{"@type":"ListItem","position":2,"name":"Fiscal\u00eda desarticula a \u2018La Agencia\u2019, una red criminal dedicada al tr\u00e1fico de migrantes"}]},{"@type":"WebSite","@id":"https:\/\/www.fiscalia.gov.co\/colombia\/#website","url":"https:\/\/www.fiscalia.gov.co\/colombia\/","name":"Fiscal\u00eda General de la Naci\u00f3n","description":"P\u00e1gina oficial de la Fiscal\u00eda General de la Naci\u00f3n \u2013 Colombia. Garantizamos el acceso efectivo a la justicia, la verdad y la reparaci\u00f3n de las v\u00edctimas de los delitos.","publisher":{"@id":"https:\/\/www.fiscalia.gov.co\/colombia\/#organization"},"potentialAction":[{"@type":"SearchAction","target":{"@type":"EntryPoint","urlTemplate":"https:\/\/www.fiscalia.gov.co\/colombia\/?s={search_term_string}"},"query-input":{"@type":"PropertyValueSpecification","valueRequired":true,"valueName":"search_term_string"}}],"inLanguage":"es-CO"},{"@type":"Organization","@id":"https:\/\/www.fiscalia.gov.co\/colombia\/#organization","name":"Fiscal\u00eda General de la Naci\u00f3n","url":"https:\/\/www.fiscalia.gov.co\/colombia\/","logo":{"@type":"ImageObject","inLanguage":"es-CO","@id":"https:\/\/www.fiscalia.gov.co\/colombia\/#\/schema\/logo\/image\/","url":"https:\/\/www.fiscalia.gov.co\/colombia\/wp-content\/uploads\/LogoHorizontal_1.jpg","contentUrl":"https:\/\/www.fiscalia.gov.co\/colombia\/wp-content\/uploads\/LogoHorizontal_1.jpg","width":300,"height":90,"caption":"Fiscal\u00eda General de la Naci\u00f3n"},"image":{"@id":"https:\/\/www.fiscalia.gov.co\/colombia\/#\/schema\/logo\/image\/"},"sameAs":["https:\/\/www.facebook.com\/FiscaliaCol","https:\/\/x.com\/FiscaliaCol","https:\/\/www.instagram.com\/fiscaliacol","https:\/\/www.linkedin.com\/company\/fiscalia-general-de-la-naci-n\/","https:\/\/youtube.com\/@fiscaliageneraldelanacion-4668?si=6nN79nyQICPU5iTh"]},{"@type":"Person","@id":"https:\/\/www.fiscalia.gov.co\/colombia\/#\/schema\/person\/bf84402cf293a5393e9c70b111020b24","name":"Jordan Leandro Oviedo Anzola","image":{"@type":"ImageObject","inLanguage":"es-CO","@id":"https:\/\/www.fiscalia.gov.co\/colombia\/#\/schema\/person\/image\/","url":"https:\/\/secure.gravatar.com\/avatar\/dabba4346fa9b9207d96adafa8f92721?s=96&d=mm&r=g","contentUrl":"https:\/\/secure.gravatar.com\/avatar\/dabba4346fa9b9207d96adafa8f92721?s=96&d=mm&r=g","caption":"Jordan Leandro Oviedo Anzola"},"url":"https:\/\/www.fiscalia.gov.co\/colombia\/author\/joviedo\/"}]}},"_links":{"self":[{"href":"https:\/\/www.fiscalia.gov.co\/colombia\/wp-json\/wp\/v2\/posts\/284518","targetHints":{"allow":["GET"]}}],"collection":[{"href":"https:\/\/www.fiscalia.gov.co\/colombia\/wp-json\/wp\/v2\/posts"}],"about":[{"href":"https:\/\/www.fiscalia.gov.co\/colombia\/wp-json\/wp\/v2\/types\/post"}],"author":[{"embeddable":true,"href":"https:\/\/www.fiscalia.gov.co\/colombia\/wp-json\/wp\/v2\/users\/177"}],"replies":[{"embeddable":true,"href":"https:\/\/www.fiscalia.gov.co\/colombia\/wp-json\/wp\/v2\/comments?post=284518"}],"version-history":[{"count":1,"href":"https:\/\/www.fiscalia.gov.co\/colombia\/wp-json\/wp\/v2\/posts\/284518\/revisions"}],"predecessor-version":[{"id":284519,"href":"https:\/\/www.fiscalia.gov.co\/colombia\/wp-json\/wp\/v2\/posts\/284518\/revisions\/284519"}],"wp:attachment":[{"href":"https:\/\/www.fiscalia.gov.co\/colombia\/wp-json\/wp\/v2\/media?parent=284518"}],"wp:term":[{"taxonomy":"category","embeddable":true,"href":"https:\/\/www.fiscalia.gov.co\/colombia\/wp-json\/wp\/v2\/categories?post=284518"},{"taxonomy":"post_tag","embeddable":true,"href":"https:\/\/www.fiscalia.gov.co\/colombia\/wp-json\/wp\/v2\/tags?post=284518"}],"curies":[{"name":"wp","href":"https:\/\/api.w.org\/{rel}","templated":true}]}}