{"id":284450,"date":"2023-12-04T17:19:49","date_gmt":"2023-12-04T22:19:49","guid":{"rendered":"https:\/\/www.fiscalia.gov.co\/colombia\/?p=284450"},"modified":"2023-12-04T17:19:49","modified_gmt":"2023-12-04T22:19:49","slug":"judicializadas-tres-personas-senaladas-de-constrenir-a-un-hombre-para-que-entregara-su-finca-a-un-familiar","status":"publish","type":"post","link":"https:\/\/www.fiscalia.gov.co\/colombia\/noticias\/judicializadas-tres-personas-senaladas-de-constrenir-a-un-hombre-para-que-entregara-su-finca-a-un-familiar\/","title":{"rendered":"Judicializadas tres personas se\u00f1aladas de constre\u00f1ir a un hombre para que entregara su finca a un familiar"},"content":{"rendered":"<h4><strong><i>Entre los investigados se encuentra la hija y el yerno de la v\u00edctima.<\/i><\/strong><\/h4>\n<p>La Fiscal\u00eda judicializ\u00f3 a una pareja de esposos y un hombre por su presunta responsabilidad en los delitos de\u00a0<a id=\"m_1186365671707314604OWAb0fd8648-f210-f5d0-f5e1-218908c0564a\" href=\"https:\/\/www.fiscalia.gov.co\/colombia\/noticias\/a-la-carcel-presunto-responsable-del-secuestro-y-extorsion-de-un-comerciante-en-arauca\/\" target=\"_blank\" rel=\"noopener\" data-saferedirecturl=\"https:\/\/www.google.com\/url?q=https:\/\/www.fiscalia.gov.co\/colombia\/noticias\/a-la-carcel-presunto-responsable-del-secuestro-y-extorsion-de-un-comerciante-en-arauca\/&amp;source=gmail&amp;ust=1701813205059000&amp;usg=AOvVaw2-JEoLkmUB7Hrg5_2Y1Nnd\">extorsi\u00f3n<\/a>\u00a0en grado de tentativa y\u00a0secuestro agravado.<\/p>\n<figure id=\"attachment_284451\" aria-describedby=\"caption-attachment-284451\" style=\"width: 696px\" class=\"wp-caption aligncenter\"><img loading=\"lazy\" decoding=\"async\" class=\"size-large wp-image-284451\" src=\"https:\/\/www.fiscalia.gov.co\/colombia\/wp-content\/uploads\/image001-57-1024x768.jpg\" alt=\"En la fotograf\u00eda se aprecia a la pareja de esposos junto dos uniformados del Gaula de la Polic\u00eda Nacional. En la parte posterior se observa el banner que identifica al Departamento de Polic\u00eda de Arauca.\" width=\"696\" height=\"522\" srcset=\"https:\/\/www.fiscalia.gov.co\/colombia\/wp-content\/uploads\/image001-57-1024x768.jpg 1024w, https:\/\/www.fiscalia.gov.co\/colombia\/wp-content\/uploads\/image001-57-300x225.jpg 300w, https:\/\/www.fiscalia.gov.co\/colombia\/wp-content\/uploads\/image001-57-768x576.jpg 768w, https:\/\/www.fiscalia.gov.co\/colombia\/wp-content\/uploads\/image001-57-1536x1152.jpg 1536w, https:\/\/www.fiscalia.gov.co\/colombia\/wp-content\/uploads\/image001-57-696x522.jpg 696w, https:\/\/www.fiscalia.gov.co\/colombia\/wp-content\/uploads\/image001-57-1068x801.jpg 1068w, https:\/\/www.fiscalia.gov.co\/colombia\/wp-content\/uploads\/image001-57-560x420.jpg 560w, https:\/\/www.fiscalia.gov.co\/colombia\/wp-content\/uploads\/image001-57-80x60.jpg 80w, https:\/\/www.fiscalia.gov.co\/colombia\/wp-content\/uploads\/image001-57-265x198.jpg 265w, https:\/\/www.fiscalia.gov.co\/colombia\/wp-content\/uploads\/image001-57.jpg 1600w\" sizes=\"auto, (max-width: 696px) 100vw, 696px\" \/><figcaption id=\"caption-attachment-284451\" class=\"wp-caption-text\">Los procesados habr\u00edan constre\u00f1ido a la v\u00edctima para que traspasara las escrituras de su finca a la mujer<\/figcaption><\/figure>\n<p>Se trata de Martha Cecilia Murillo Cifuentes, Fernando Mart\u00ednez S\u00e1nchez y Jos\u00e9 de Jes\u00fas S\u00e1nchez D\u00edaz, alias Milton, presunto cabecilla de grupo armado organizado residual GAOr de disidencias Farc estructura 10 Mart\u00edn Villa, con injerencia en ese departamento.\u00a0\u00a0Los hechos materia de investigaci\u00f3n se presentaron entre diciembre de 2020 y septiembre de 2021, en zona rural del\u00a0municipio de Arauquita (Arauca).<\/p>\n<p>En las indagaciones se pudo establecer que la v\u00edctima due\u00f1o de una finca habr\u00eda sido citado en cinco oportunidades por las disidencias al municipio de El Amparo (Venezuela), Puerto Contreras jurisdicci\u00f3n de Saravena (Arauca) y la \u00faltima vez en la vereda La Paz, con la finalidad de constre\u00f1irlo para que le traspasara las escrituras del predio a nombre de su hija Martha Cecilia Murillo Cifuentes.<\/p>\n<p>El \u00faltimo evento ocurri\u00f3 el 16 de septiembre del 2021, cuando llegaron a la finca varios sujetos armados en compa\u00f1\u00eda de la pareja, quienes se habr\u00edan apoderado de cinco millones de pesos de la v\u00edctima y le reiteraron que ten\u00eda que hablar con alias Milton para la firma de las escrituras\u00a0<a id=\"m_1186365671707314604OWAc518439e-3767-d70e-68d7-7750ebca0f42\" href=\"https:\/\/www.fiscalia.gov.co\/colombia\/noticias\/capturado-en-flagrancia-presunto-extorsionista-en-arauca\/\" target=\"_blank\" rel=\"noopener\" data-saferedirecturl=\"https:\/\/www.google.com\/url?q=https:\/\/www.fiscalia.gov.co\/colombia\/noticias\/capturado-en-flagrancia-presunto-extorsionista-en-arauca\/&amp;source=gmail&amp;ust=1701813205060000&amp;usg=AOvVaw0mpY8nD3Daznhf1-azlqxo\">reteni\u00e9ndolo<\/a>\u00a0desde las 11:00 de la ma\u00f1ana hasta la 8:00 de la noche.<\/p>\n<p>La pareja fue capturada el pasado 23 de noviembre por uniformados de la Polic\u00eda Nacional y por determinaci\u00f3n del juez se les impuso medida de aseguramiento privativa de la libertad.\u00a0Los procesados no aceptaron los cargos imputados.<\/p>\n<p>Cabe anotar que alias Milton, fue llamado a imputaci\u00f3n por estos hechos y desde junio de 2022 se encuentra privado de la libertad por su presunta participaci\u00f3n en el homicidio colectivo de tres personas ocurrido el 24 de agosto de 2021 en Saravena (Arauca).<\/p>\n<p><b><u>La Fiscal\u00eda habla con resultados<\/u><\/b><\/p>\n<p>&nbsp;<\/p>\n<p>&nbsp;<\/p>\n<p>&nbsp;<\/p>\n<p>&nbsp;<\/p>\n<p>&nbsp;<\/p>\n<p>&nbsp;<\/p>\n<p>MPHA\/LYBT\/HMCR\/DSA<\/p>\n<p>&nbsp;<\/p>\n<p>&nbsp;<\/p>\n<p>&nbsp;<\/p>\n<p align=\"center\">\n<p>&nbsp;<\/p>\n<p><i>La informaci\u00f3n contenida en este bolet\u00edn de prensa corresponde a la narraci\u00f3n de los hechos noticiosos objetivos, suministrados por los funcionarios encargados de adelantar las investigaciones penales al interior de la Fiscal\u00eda General de la Naci\u00f3n. Para el momento de la divulgaci\u00f3n de este comunicado, la situaci\u00f3n jur\u00eddica de la(s) persona(s) relacionada(s) se encuentra pendiente de resolver por la autoridad\u00a0judicial competente, siempre bajo los preceptos de la presunci\u00f3n de inocencia, consagrados en el art\u00edculo 29 de la Constituci\u00f3n Pol\u00edtica y el art\u00edculo 7\u00ba de la Ley 906 de 2004.\u00a0<\/i><\/p>\n\n<div class=\"twitter-share\"><a href=\"https:\/\/twitter.com\/intent\/tweet?via=fiscaliacol\" class=\"twitter-share-button\">Tweet<\/a><\/div>\n","protected":false},"excerpt":{"rendered":"<p>Entre los investigados se encuentra la hija y el yerno de la v\u00edctima. La Fiscal\u00eda judicializ\u00f3 a una pareja de esposos y un hombre por su presunta responsabilidad en los delitos de\u00a0extorsi\u00f3n\u00a0en grado de tentativa y\u00a0secuestro agravado. Se trata de Martha Cecilia Murillo Cifuentes, Fernando Mart\u00ednez S\u00e1nchez y Jos\u00e9 de Jes\u00fas S\u00e1nchez D\u00edaz, alias Milton, [&hellip;]<\/p>\n","protected":false},"author":177,"featured_media":0,"comment_status":"closed","ping_status":"open","sticky":false,"template":"","format":"standard","meta":{"_price":"","_stock":"","_tribe_ticket_header":"","_tribe_default_ticket_provider":"","_tribe_ticket_capacity":"0","_ticket_start_date":"","_ticket_end_date":"","_tribe_ticket_show_description":"","_tribe_ticket_show_not_going":false,"_tribe_ticket_use_global_stock":"","_tribe_ticket_global_stock_level":"","_global_stock_mode":"","_global_stock_cap":"","_tribe_rsvp_for_event":"","_tribe_ticket_going_count":"","_tribe_ticket_not_going_count":"","_tribe_tickets_list":"[]","_tribe_ticket_has_attendee_info_fields":false,"tdm_status":"","tdm_grid_status":"","footnotes":""},"categories":[1,12632,303,24099],"tags":[35037,808,14550,24205,4614,17967,23972],"class_list":{"0":"post-284450","1":"post","2":"type-post","3":"status-publish","4":"format-standard","6":"category-noticias","7":"category-seccional-arauca","8":"category-seccionales","9":"category-seguridad-territorial","10":"tag-arauquita-arauca","11":"tag-capturas","12":"tag-carcel","13":"tag-disidencias","14":"tag-fiscalia-2","15":"tag-investigacion","16":"tag-policia"},"yoast_head":"<!-- This site is optimized with the Yoast SEO plugin v24.3 - https:\/\/yoast.com\/wordpress\/plugins\/seo\/ -->\n<title>Fiscal\u00eda General de la Naci\u00f3n<\/title>\n<meta name=\"description\" content=\"P\u00e1gina oficial de la Fiscal\u00eda General de la Naci\u00f3n \u2013 Colombia. Garantizamos el acceso efectivo a la justicia, la verdad y la reparaci\u00f3n de las v\u00edctimas de los delitos.\" \/>\n<meta name=\"robots\" content=\"noindex, follow\" \/>\n<meta property=\"og:locale\" content=\"es_ES\" \/>\n<meta property=\"og:type\" content=\"article\" \/>\n<meta property=\"og:title\" content=\"Fiscal\u00eda General de la Naci\u00f3n\" \/>\n<meta property=\"og:description\" content=\"P\u00e1gina oficial de la Fiscal\u00eda General de la Naci\u00f3n \u2013 Colombia. Garantizamos el acceso efectivo a la justicia, la verdad y la reparaci\u00f3n de las v\u00edctimas de los delitos.\" \/>\n<meta property=\"og:url\" content=\"https:\/\/www.fiscalia.gov.co\/colombia\/noticias\/judicializadas-tres-personas-senaladas-de-constrenir-a-un-hombre-para-que-entregara-su-finca-a-un-familiar\/\" \/>\n<meta property=\"og:site_name\" content=\"Fiscal\u00eda General de la Naci\u00f3n\" \/>\n<meta property=\"article:publisher\" content=\"https:\/\/www.facebook.com\/FiscaliaCol\" \/>\n<meta property=\"article:published_time\" content=\"2023-12-04T22:19:49+00:00\" \/>\n<meta property=\"og:image\" content=\"https:\/\/www.fiscalia.gov.co\/colombia\/wp-content\/uploads\/image001-57-1024x768.jpg\" \/>\n<meta name=\"author\" content=\"Jordan Leandro Oviedo Anzola\" \/>\n<meta name=\"twitter:card\" content=\"summary_large_image\" \/>\n<meta name=\"twitter:creator\" content=\"@FiscaliaCol\" \/>\n<meta name=\"twitter:site\" content=\"@FiscaliaCol\" \/>\n<meta name=\"twitter:label1\" content=\"Escrito por\" \/>\n\t<meta name=\"twitter:data1\" content=\"Jordan Leandro Oviedo Anzola\" \/>\n\t<meta name=\"twitter:label2\" content=\"Tiempo de lectura\" \/>\n\t<meta name=\"twitter:data2\" content=\"3 minutos\" \/>\n<script type=\"application\/ld+json\" class=\"yoast-schema-graph\">{\"@context\":\"https:\/\/schema.org\",\"@graph\":[{\"@type\":\"Article\",\"@id\":\"https:\/\/www.fiscalia.gov.co\/colombia\/noticias\/judicializadas-tres-personas-senaladas-de-constrenir-a-un-hombre-para-que-entregara-su-finca-a-un-familiar\/#article\",\"isPartOf\":{\"@id\":\"https:\/\/www.fiscalia.gov.co\/colombia\/noticias\/judicializadas-tres-personas-senaladas-de-constrenir-a-un-hombre-para-que-entregara-su-finca-a-un-familiar\/\"},\"author\":{\"name\":\"Jordan Leandro Oviedo Anzola\",\"@id\":\"https:\/\/www.fiscalia.gov.co\/colombia\/#\/schema\/person\/bf84402cf293a5393e9c70b111020b24\"},\"headline\":\"Judicializadas tres personas se\u00f1aladas de constre\u00f1ir a un hombre para que entregara su finca a un familiar\",\"datePublished\":\"2023-12-04T22:19:49+00:00\",\"dateModified\":\"2023-12-04T22:19:49+00:00\",\"mainEntityOfPage\":{\"@id\":\"https:\/\/www.fiscalia.gov.co\/colombia\/noticias\/judicializadas-tres-personas-senaladas-de-constrenir-a-un-hombre-para-que-entregara-su-finca-a-un-familiar\/\"},\"wordCount\":494,\"publisher\":{\"@id\":\"https:\/\/www.fiscalia.gov.co\/colombia\/#organization\"},\"image\":{\"@id\":\"https:\/\/www.fiscalia.gov.co\/colombia\/noticias\/judicializadas-tres-personas-senaladas-de-constrenir-a-un-hombre-para-que-entregara-su-finca-a-un-familiar\/#primaryimage\"},\"thumbnailUrl\":\"https:\/\/www.fiscalia.gov.co\/colombia\/wp-content\/uploads\/image001-57-1024x768.jpg\",\"keywords\":[\"Arauquita (Arauca)\",\"Capturas\",\"C\u00e1rcel\",\"disidencias\",\"Fiscal\u00eda\",\"Investigaci\u00f3n\",\"Polic\u00eda\"],\"articleSection\":[\"Noticias\",\"Seccional Arauca\",\"Seccionales\",\"Seguridad territorial\"],\"inLanguage\":\"es-CO\"},{\"@type\":\"WebPage\",\"@id\":\"https:\/\/www.fiscalia.gov.co\/colombia\/noticias\/judicializadas-tres-personas-senaladas-de-constrenir-a-un-hombre-para-que-entregara-su-finca-a-un-familiar\/\",\"url\":\"https:\/\/www.fiscalia.gov.co\/colombia\/noticias\/judicializadas-tres-personas-senaladas-de-constrenir-a-un-hombre-para-que-entregara-su-finca-a-un-familiar\/\",\"name\":\"Fiscal\u00eda General de la Naci\u00f3n\",\"isPartOf\":{\"@id\":\"https:\/\/www.fiscalia.gov.co\/colombia\/#website\"},\"primaryImageOfPage\":{\"@id\":\"https:\/\/www.fiscalia.gov.co\/colombia\/noticias\/judicializadas-tres-personas-senaladas-de-constrenir-a-un-hombre-para-que-entregara-su-finca-a-un-familiar\/#primaryimage\"},\"image\":{\"@id\":\"https:\/\/www.fiscalia.gov.co\/colombia\/noticias\/judicializadas-tres-personas-senaladas-de-constrenir-a-un-hombre-para-que-entregara-su-finca-a-un-familiar\/#primaryimage\"},\"thumbnailUrl\":\"https:\/\/www.fiscalia.gov.co\/colombia\/wp-content\/uploads\/image001-57-1024x768.jpg\",\"datePublished\":\"2023-12-04T22:19:49+00:00\",\"dateModified\":\"2023-12-04T22:19:49+00:00\",\"description\":\"P\u00e1gina oficial de la Fiscal\u00eda General de la Naci\u00f3n \u2013 Colombia. Garantizamos el acceso efectivo a la justicia, la verdad y la reparaci\u00f3n de las v\u00edctimas de los delitos.\",\"breadcrumb\":{\"@id\":\"https:\/\/www.fiscalia.gov.co\/colombia\/noticias\/judicializadas-tres-personas-senaladas-de-constrenir-a-un-hombre-para-que-entregara-su-finca-a-un-familiar\/#breadcrumb\"},\"inLanguage\":\"es-CO\",\"potentialAction\":[{\"@type\":\"ReadAction\",\"target\":[\"https:\/\/www.fiscalia.gov.co\/colombia\/noticias\/judicializadas-tres-personas-senaladas-de-constrenir-a-un-hombre-para-que-entregara-su-finca-a-un-familiar\/\"]}]},{\"@type\":\"ImageObject\",\"inLanguage\":\"es-CO\",\"@id\":\"https:\/\/www.fiscalia.gov.co\/colombia\/noticias\/judicializadas-tres-personas-senaladas-de-constrenir-a-un-hombre-para-que-entregara-su-finca-a-un-familiar\/#primaryimage\",\"url\":\"https:\/\/www.fiscalia.gov.co\/colombia\/wp-content\/uploads\/image001-57.jpg\",\"contentUrl\":\"https:\/\/www.fiscalia.gov.co\/colombia\/wp-content\/uploads\/image001-57.jpg\",\"width\":1600,\"height\":1200,\"caption\":\"Los procesados habr\u00edan constre\u00f1ido a la v\u00edctima para que traspasara las escrituras de su finca a la mujer\"},{\"@type\":\"BreadcrumbList\",\"@id\":\"https:\/\/www.fiscalia.gov.co\/colombia\/noticias\/judicializadas-tres-personas-senaladas-de-constrenir-a-un-hombre-para-que-entregara-su-finca-a-un-familiar\/#breadcrumb\",\"itemListElement\":[{\"@type\":\"ListItem\",\"position\":1,\"name\":\"Home\",\"item\":\"https:\/\/www.fiscalia.gov.co\/colombia\/\"},{\"@type\":\"ListItem\",\"position\":2,\"name\":\"Judicializadas tres personas se\u00f1aladas de constre\u00f1ir a un hombre para que entregara su finca a un familiar\"}]},{\"@type\":\"WebSite\",\"@id\":\"https:\/\/www.fiscalia.gov.co\/colombia\/#website\",\"url\":\"https:\/\/www.fiscalia.gov.co\/colombia\/\",\"name\":\"Fiscal\u00eda General de la Naci\u00f3n\",\"description\":\"P\u00e1gina oficial de la Fiscal\u00eda General de la Naci\u00f3n \u2013 Colombia. Garantizamos el acceso efectivo a la justicia, la verdad y la reparaci\u00f3n de las v\u00edctimas de los delitos.\",\"publisher\":{\"@id\":\"https:\/\/www.fiscalia.gov.co\/colombia\/#organization\"},\"potentialAction\":[{\"@type\":\"SearchAction\",\"target\":{\"@type\":\"EntryPoint\",\"urlTemplate\":\"https:\/\/www.fiscalia.gov.co\/colombia\/?s={search_term_string}\"},\"query-input\":{\"@type\":\"PropertyValueSpecification\",\"valueRequired\":true,\"valueName\":\"search_term_string\"}}],\"inLanguage\":\"es-CO\"},{\"@type\":\"Organization\",\"@id\":\"https:\/\/www.fiscalia.gov.co\/colombia\/#organization\",\"name\":\"Fiscal\u00eda General de la Naci\u00f3n\",\"url\":\"https:\/\/www.fiscalia.gov.co\/colombia\/\",\"logo\":{\"@type\":\"ImageObject\",\"inLanguage\":\"es-CO\",\"@id\":\"https:\/\/www.fiscalia.gov.co\/colombia\/#\/schema\/logo\/image\/\",\"url\":\"https:\/\/www.fiscalia.gov.co\/colombia\/wp-content\/uploads\/LogoHorizontal_1.jpg\",\"contentUrl\":\"https:\/\/www.fiscalia.gov.co\/colombia\/wp-content\/uploads\/LogoHorizontal_1.jpg\",\"width\":300,\"height\":90,\"caption\":\"Fiscal\u00eda General de la Naci\u00f3n\"},\"image\":{\"@id\":\"https:\/\/www.fiscalia.gov.co\/colombia\/#\/schema\/logo\/image\/\"},\"sameAs\":[\"https:\/\/www.facebook.com\/FiscaliaCol\",\"https:\/\/x.com\/FiscaliaCol\",\"https:\/\/www.instagram.com\/fiscaliacol\",\"https:\/\/www.linkedin.com\/company\/fiscalia-general-de-la-naci-n\/\",\"https:\/\/youtube.com\/@fiscaliageneraldelanacion-4668?si=6nN79nyQICPU5iTh\"]},{\"@type\":\"Person\",\"@id\":\"https:\/\/www.fiscalia.gov.co\/colombia\/#\/schema\/person\/bf84402cf293a5393e9c70b111020b24\",\"name\":\"Jordan Leandro Oviedo Anzola\",\"image\":{\"@type\":\"ImageObject\",\"inLanguage\":\"es-CO\",\"@id\":\"https:\/\/www.fiscalia.gov.co\/colombia\/#\/schema\/person\/image\/\",\"url\":\"https:\/\/secure.gravatar.com\/avatar\/dabba4346fa9b9207d96adafa8f92721?s=96&d=mm&r=g\",\"contentUrl\":\"https:\/\/secure.gravatar.com\/avatar\/dabba4346fa9b9207d96adafa8f92721?s=96&d=mm&r=g\",\"caption\":\"Jordan Leandro Oviedo Anzola\"},\"url\":\"https:\/\/www.fiscalia.gov.co\/colombia\/author\/joviedo\/\"}]}<\/script>\n<!-- \/ Yoast SEO plugin. -->","yoast_head_json":{"title":"Fiscal\u00eda General de la Naci\u00f3n","description":"P\u00e1gina oficial de la Fiscal\u00eda General de la Naci\u00f3n \u2013 Colombia. Garantizamos el acceso efectivo a la justicia, la verdad y la reparaci\u00f3n de las v\u00edctimas de los delitos.","robots":{"index":"noindex","follow":"follow"},"og_locale":"es_ES","og_type":"article","og_title":"Fiscal\u00eda General de la Naci\u00f3n","og_description":"P\u00e1gina oficial de la Fiscal\u00eda General de la Naci\u00f3n \u2013 Colombia. Garantizamos el acceso efectivo a la justicia, la verdad y la reparaci\u00f3n de las v\u00edctimas de los delitos.","og_url":"https:\/\/www.fiscalia.gov.co\/colombia\/noticias\/judicializadas-tres-personas-senaladas-de-constrenir-a-un-hombre-para-que-entregara-su-finca-a-un-familiar\/","og_site_name":"Fiscal\u00eda General de la Naci\u00f3n","article_publisher":"https:\/\/www.facebook.com\/FiscaliaCol","article_published_time":"2023-12-04T22:19:49+00:00","og_image":[{"url":"https:\/\/www.fiscalia.gov.co\/colombia\/wp-content\/uploads\/image001-57-1024x768.jpg","type":"","width":"","height":""}],"author":"Jordan Leandro Oviedo Anzola","twitter_card":"summary_large_image","twitter_creator":"@FiscaliaCol","twitter_site":"@FiscaliaCol","twitter_misc":{"Escrito por":"Jordan Leandro Oviedo Anzola","Tiempo de lectura":"3 minutos"},"schema":{"@context":"https:\/\/schema.org","@graph":[{"@type":"Article","@id":"https:\/\/www.fiscalia.gov.co\/colombia\/noticias\/judicializadas-tres-personas-senaladas-de-constrenir-a-un-hombre-para-que-entregara-su-finca-a-un-familiar\/#article","isPartOf":{"@id":"https:\/\/www.fiscalia.gov.co\/colombia\/noticias\/judicializadas-tres-personas-senaladas-de-constrenir-a-un-hombre-para-que-entregara-su-finca-a-un-familiar\/"},"author":{"name":"Jordan Leandro Oviedo Anzola","@id":"https:\/\/www.fiscalia.gov.co\/colombia\/#\/schema\/person\/bf84402cf293a5393e9c70b111020b24"},"headline":"Judicializadas tres personas se\u00f1aladas de constre\u00f1ir a un hombre para que entregara su finca a un familiar","datePublished":"2023-12-04T22:19:49+00:00","dateModified":"2023-12-04T22:19:49+00:00","mainEntityOfPage":{"@id":"https:\/\/www.fiscalia.gov.co\/colombia\/noticias\/judicializadas-tres-personas-senaladas-de-constrenir-a-un-hombre-para-que-entregara-su-finca-a-un-familiar\/"},"wordCount":494,"publisher":{"@id":"https:\/\/www.fiscalia.gov.co\/colombia\/#organization"},"image":{"@id":"https:\/\/www.fiscalia.gov.co\/colombia\/noticias\/judicializadas-tres-personas-senaladas-de-constrenir-a-un-hombre-para-que-entregara-su-finca-a-un-familiar\/#primaryimage"},"thumbnailUrl":"https:\/\/www.fiscalia.gov.co\/colombia\/wp-content\/uploads\/image001-57-1024x768.jpg","keywords":["Arauquita (Arauca)","Capturas","C\u00e1rcel","disidencias","Fiscal\u00eda","Investigaci\u00f3n","Polic\u00eda"],"articleSection":["Noticias","Seccional Arauca","Seccionales","Seguridad territorial"],"inLanguage":"es-CO"},{"@type":"WebPage","@id":"https:\/\/www.fiscalia.gov.co\/colombia\/noticias\/judicializadas-tres-personas-senaladas-de-constrenir-a-un-hombre-para-que-entregara-su-finca-a-un-familiar\/","url":"https:\/\/www.fiscalia.gov.co\/colombia\/noticias\/judicializadas-tres-personas-senaladas-de-constrenir-a-un-hombre-para-que-entregara-su-finca-a-un-familiar\/","name":"Fiscal\u00eda General de la Naci\u00f3n","isPartOf":{"@id":"https:\/\/www.fiscalia.gov.co\/colombia\/#website"},"primaryImageOfPage":{"@id":"https:\/\/www.fiscalia.gov.co\/colombia\/noticias\/judicializadas-tres-personas-senaladas-de-constrenir-a-un-hombre-para-que-entregara-su-finca-a-un-familiar\/#primaryimage"},"image":{"@id":"https:\/\/www.fiscalia.gov.co\/colombia\/noticias\/judicializadas-tres-personas-senaladas-de-constrenir-a-un-hombre-para-que-entregara-su-finca-a-un-familiar\/#primaryimage"},"thumbnailUrl":"https:\/\/www.fiscalia.gov.co\/colombia\/wp-content\/uploads\/image001-57-1024x768.jpg","datePublished":"2023-12-04T22:19:49+00:00","dateModified":"2023-12-04T22:19:49+00:00","description":"P\u00e1gina oficial de la Fiscal\u00eda General de la Naci\u00f3n \u2013 Colombia. Garantizamos el acceso efectivo a la justicia, la verdad y la reparaci\u00f3n de las v\u00edctimas de los delitos.","breadcrumb":{"@id":"https:\/\/www.fiscalia.gov.co\/colombia\/noticias\/judicializadas-tres-personas-senaladas-de-constrenir-a-un-hombre-para-que-entregara-su-finca-a-un-familiar\/#breadcrumb"},"inLanguage":"es-CO","potentialAction":[{"@type":"ReadAction","target":["https:\/\/www.fiscalia.gov.co\/colombia\/noticias\/judicializadas-tres-personas-senaladas-de-constrenir-a-un-hombre-para-que-entregara-su-finca-a-un-familiar\/"]}]},{"@type":"ImageObject","inLanguage":"es-CO","@id":"https:\/\/www.fiscalia.gov.co\/colombia\/noticias\/judicializadas-tres-personas-senaladas-de-constrenir-a-un-hombre-para-que-entregara-su-finca-a-un-familiar\/#primaryimage","url":"https:\/\/www.fiscalia.gov.co\/colombia\/wp-content\/uploads\/image001-57.jpg","contentUrl":"https:\/\/www.fiscalia.gov.co\/colombia\/wp-content\/uploads\/image001-57.jpg","width":1600,"height":1200,"caption":"Los procesados habr\u00edan constre\u00f1ido a la v\u00edctima para que traspasara las escrituras de su finca a la mujer"},{"@type":"BreadcrumbList","@id":"https:\/\/www.fiscalia.gov.co\/colombia\/noticias\/judicializadas-tres-personas-senaladas-de-constrenir-a-un-hombre-para-que-entregara-su-finca-a-un-familiar\/#breadcrumb","itemListElement":[{"@type":"ListItem","position":1,"name":"Home","item":"https:\/\/www.fiscalia.gov.co\/colombia\/"},{"@type":"ListItem","position":2,"name":"Judicializadas tres personas se\u00f1aladas de constre\u00f1ir a un hombre para que entregara su finca a un familiar"}]},{"@type":"WebSite","@id":"https:\/\/www.fiscalia.gov.co\/colombia\/#website","url":"https:\/\/www.fiscalia.gov.co\/colombia\/","name":"Fiscal\u00eda General de la Naci\u00f3n","description":"P\u00e1gina oficial de la Fiscal\u00eda General de la Naci\u00f3n \u2013 Colombia. Garantizamos el acceso efectivo a la justicia, la verdad y la reparaci\u00f3n de las v\u00edctimas de los delitos.","publisher":{"@id":"https:\/\/www.fiscalia.gov.co\/colombia\/#organization"},"potentialAction":[{"@type":"SearchAction","target":{"@type":"EntryPoint","urlTemplate":"https:\/\/www.fiscalia.gov.co\/colombia\/?s={search_term_string}"},"query-input":{"@type":"PropertyValueSpecification","valueRequired":true,"valueName":"search_term_string"}}],"inLanguage":"es-CO"},{"@type":"Organization","@id":"https:\/\/www.fiscalia.gov.co\/colombia\/#organization","name":"Fiscal\u00eda General de la Naci\u00f3n","url":"https:\/\/www.fiscalia.gov.co\/colombia\/","logo":{"@type":"ImageObject","inLanguage":"es-CO","@id":"https:\/\/www.fiscalia.gov.co\/colombia\/#\/schema\/logo\/image\/","url":"https:\/\/www.fiscalia.gov.co\/colombia\/wp-content\/uploads\/LogoHorizontal_1.jpg","contentUrl":"https:\/\/www.fiscalia.gov.co\/colombia\/wp-content\/uploads\/LogoHorizontal_1.jpg","width":300,"height":90,"caption":"Fiscal\u00eda General de la Naci\u00f3n"},"image":{"@id":"https:\/\/www.fiscalia.gov.co\/colombia\/#\/schema\/logo\/image\/"},"sameAs":["https:\/\/www.facebook.com\/FiscaliaCol","https:\/\/x.com\/FiscaliaCol","https:\/\/www.instagram.com\/fiscaliacol","https:\/\/www.linkedin.com\/company\/fiscalia-general-de-la-naci-n\/","https:\/\/youtube.com\/@fiscaliageneraldelanacion-4668?si=6nN79nyQICPU5iTh"]},{"@type":"Person","@id":"https:\/\/www.fiscalia.gov.co\/colombia\/#\/schema\/person\/bf84402cf293a5393e9c70b111020b24","name":"Jordan Leandro Oviedo Anzola","image":{"@type":"ImageObject","inLanguage":"es-CO","@id":"https:\/\/www.fiscalia.gov.co\/colombia\/#\/schema\/person\/image\/","url":"https:\/\/secure.gravatar.com\/avatar\/dabba4346fa9b9207d96adafa8f92721?s=96&d=mm&r=g","contentUrl":"https:\/\/secure.gravatar.com\/avatar\/dabba4346fa9b9207d96adafa8f92721?s=96&d=mm&r=g","caption":"Jordan Leandro Oviedo Anzola"},"url":"https:\/\/www.fiscalia.gov.co\/colombia\/author\/joviedo\/"}]}},"_links":{"self":[{"href":"https:\/\/www.fiscalia.gov.co\/colombia\/wp-json\/wp\/v2\/posts\/284450","targetHints":{"allow":["GET"]}}],"collection":[{"href":"https:\/\/www.fiscalia.gov.co\/colombia\/wp-json\/wp\/v2\/posts"}],"about":[{"href":"https:\/\/www.fiscalia.gov.co\/colombia\/wp-json\/wp\/v2\/types\/post"}],"author":[{"embeddable":true,"href":"https:\/\/www.fiscalia.gov.co\/colombia\/wp-json\/wp\/v2\/users\/177"}],"replies":[{"embeddable":true,"href":"https:\/\/www.fiscalia.gov.co\/colombia\/wp-json\/wp\/v2\/comments?post=284450"}],"version-history":[{"count":1,"href":"https:\/\/www.fiscalia.gov.co\/colombia\/wp-json\/wp\/v2\/posts\/284450\/revisions"}],"predecessor-version":[{"id":284452,"href":"https:\/\/www.fiscalia.gov.co\/colombia\/wp-json\/wp\/v2\/posts\/284450\/revisions\/284452"}],"wp:attachment":[{"href":"https:\/\/www.fiscalia.gov.co\/colombia\/wp-json\/wp\/v2\/media?parent=284450"}],"wp:term":[{"taxonomy":"category","embeddable":true,"href":"https:\/\/www.fiscalia.gov.co\/colombia\/wp-json\/wp\/v2\/categories?post=284450"},{"taxonomy":"post_tag","embeddable":true,"href":"https:\/\/www.fiscalia.gov.co\/colombia\/wp-json\/wp\/v2\/tags?post=284450"}],"curies":[{"name":"wp","href":"https:\/\/api.w.org\/{rel}","templated":true}]}}