{"id":284431,"date":"2023-12-04T15:27:16","date_gmt":"2023-12-04T20:27:16","guid":{"rendered":"https:\/\/www.fiscalia.gov.co\/colombia\/?p=284431"},"modified":"2023-12-12T14:32:30","modified_gmt":"2023-12-12T19:32:30","slug":"a-la-carcel-8-presuntos-responsables-del-desfalco-millonario-a-la-alcaldia-de-purificacion-tolima","status":"publish","type":"post","link":"https:\/\/www.fiscalia.gov.co\/colombia\/noticias\/a-la-carcel-8-presuntos-responsables-del-desfalco-millonario-a-la-alcaldia-de-purificacion-tolima\/","title":{"rendered":"A la c\u00e1rcel 8 presuntos responsables del desfalco millonario a la alcald\u00eda de Purificaci\u00f3n, Tolima"},"content":{"rendered":"<h4><strong><i>Entre los capturados se encuentran tanto reclutadores como \u00b4cuentahabientes\u00b4, quienes prestaron sus cuentas para que les trasfirieran millonarias sumas de dinero de manera il\u00edcita. Se presume la participaci\u00f3n en estos hechos de m\u00e1s de 70 personas.\u00a0<\/i><\/strong><\/h4>\n<p>En un operativo conjunto entre el Cuerpo T\u00e9cnico de Investigaci\u00f3n del Grupo de Estructura de Apoyo de la Seccional Tolima con el apoyo del Gaula Militar, la Fiscal\u00eda en cabeza de un despacho especializado de Ibagu\u00e9, logr\u00f3 la judicializaci\u00f3n de ocho personas se\u00f1aladas de su presunta participaci\u00f3n en el desvi\u00f3 de m\u00e1s de $4 mil 500 millones de un total de $11 mil millones que fueron extra\u00eddos de las cuentas oficiales del municipio de Purificaci\u00f3n en diciembre del a\u00f1o 2021, bajo la modalidad de hurto por medios inform\u00e1ticos.<\/p>\n<p>Se trata de David Felipe V\u00e1squez Orrego, Leidy Ang\u00e9lica Luna Luna, Hugo Alex\u00e1nder Benavides Mu\u00f1oz, Michael Le\u00f3n Ceballos Henao y\u00a0 Elmer Alberto Atehort\u00faa Grajales quienes fungieron como \u2018cuentareceptores\u2019 mientras que Alex\u00e1nder Valencia Ram\u00edrez, Juan Carlos G\u00f3mez G\u00f3mez y Luis Antonio Figueroa actuar\u00edan como reclutadores.<\/p>\n<figure id=\"attachment_284435\" aria-describedby=\"caption-attachment-284435\" style=\"width: 696px\" class=\"wp-caption aligncenter\"><img loading=\"lazy\" decoding=\"async\" class=\"size-large wp-image-284435\" src=\"https:\/\/www.fiscalia.gov.co\/colombia\/wp-content\/uploads\/alexander-valencia-hurto-alcaldia-purificacion-Tolima-1024x766.jpeg\" alt=\"en la imagen se ve una persona detenida bajo custodia de integrantes del CTI de la Fiscal\u00eda, Gaula Ej\u00e9rcito y Polic\u00eda Nacional. Detr\u00e1s suyo backings institucionales. \" width=\"696\" height=\"521\" srcset=\"https:\/\/www.fiscalia.gov.co\/colombia\/wp-content\/uploads\/alexander-valencia-hurto-alcaldia-purificacion-Tolima-1024x766.jpeg 1024w, https:\/\/www.fiscalia.gov.co\/colombia\/wp-content\/uploads\/alexander-valencia-hurto-alcaldia-purificacion-Tolima-300x224.jpeg 300w, https:\/\/www.fiscalia.gov.co\/colombia\/wp-content\/uploads\/alexander-valencia-hurto-alcaldia-purificacion-Tolima-768x574.jpeg 768w, https:\/\/www.fiscalia.gov.co\/colombia\/wp-content\/uploads\/alexander-valencia-hurto-alcaldia-purificacion-Tolima-696x521.jpeg 696w, https:\/\/www.fiscalia.gov.co\/colombia\/wp-content\/uploads\/alexander-valencia-hurto-alcaldia-purificacion-Tolima-1068x799.jpeg 1068w, https:\/\/www.fiscalia.gov.co\/colombia\/wp-content\/uploads\/alexander-valencia-hurto-alcaldia-purificacion-Tolima-562x420.jpeg 562w, https:\/\/www.fiscalia.gov.co\/colombia\/wp-content\/uploads\/alexander-valencia-hurto-alcaldia-purificacion-Tolima-80x60.jpeg 80w, https:\/\/www.fiscalia.gov.co\/colombia\/wp-content\/uploads\/alexander-valencia-hurto-alcaldia-purificacion-Tolima-265x198.jpeg 265w, https:\/\/www.fiscalia.gov.co\/colombia\/wp-content\/uploads\/alexander-valencia-hurto-alcaldia-purificacion-Tolima.jpeg 1436w\" sizes=\"auto, (max-width: 696px) 100vw, 696px\" \/><figcaption id=\"caption-attachment-284435\" class=\"wp-caption-text\">Alex\u00e1nder Valencia Ram\u00edrez habr\u00eda fungido como uno de los reclutadores, al identificar personas que tuvieran cuentas en el mismo banco donde las ten\u00eda la Alcald\u00eda de Purificaci\u00f3n. Fue detenido en Neiva, Huila.<\/figcaption><\/figure>\n<p>Sus capturas se hicieron efectivas de manera simult\u00e1nea en diferentes puntos de Medell\u00edn e Itag\u00fc\u00ed (Antioquia), Bucaramanga (Santander) y Neiva (Huila) a solicitud de un juez con funciones de control de garant\u00edas de Ibagu\u00e9.<\/p>\n<figure id=\"attachment_284436\" aria-describedby=\"caption-attachment-284436\" style=\"width: 696px\" class=\"wp-caption aligncenter\"><img loading=\"lazy\" decoding=\"async\" class=\"size-large wp-image-284436\" src=\"https:\/\/www.fiscalia.gov.co\/colombia\/wp-content\/uploads\/detenidos-por-hurto-alcaldia-purificacion-tolima-1024x489.jpeg\" alt=\"en la imagen se ven seis personas detenidas bajo custodia de integrantes del CTI de la Fiscal\u00eda, Gaula Ej\u00e9rcito y Polic\u00eda Nacional. Detr\u00e1s suyo un backing de la Fiscal\u00eda. \" width=\"696\" height=\"332\" srcset=\"https:\/\/www.fiscalia.gov.co\/colombia\/wp-content\/uploads\/detenidos-por-hurto-alcaldia-purificacion-tolima-1024x489.jpeg 1024w, https:\/\/www.fiscalia.gov.co\/colombia\/wp-content\/uploads\/detenidos-por-hurto-alcaldia-purificacion-tolima-300x143.jpeg 300w, https:\/\/www.fiscalia.gov.co\/colombia\/wp-content\/uploads\/detenidos-por-hurto-alcaldia-purificacion-tolima-768x367.jpeg 768w, https:\/\/www.fiscalia.gov.co\/colombia\/wp-content\/uploads\/detenidos-por-hurto-alcaldia-purificacion-tolima-1536x733.jpeg 1536w, https:\/\/www.fiscalia.gov.co\/colombia\/wp-content\/uploads\/detenidos-por-hurto-alcaldia-purificacion-tolima-696x332.jpeg 696w, https:\/\/www.fiscalia.gov.co\/colombia\/wp-content\/uploads\/detenidos-por-hurto-alcaldia-purificacion-tolima-1068x510.jpeg 1068w, https:\/\/www.fiscalia.gov.co\/colombia\/wp-content\/uploads\/detenidos-por-hurto-alcaldia-purificacion-tolima-880x420.jpeg 880w, https:\/\/www.fiscalia.gov.co\/colombia\/wp-content\/uploads\/detenidos-por-hurto-alcaldia-purificacion-tolima.jpeg 1600w\" sizes=\"auto, (max-width: 696px) 100vw, 696px\" \/><figcaption id=\"caption-attachment-284436\" class=\"wp-caption-text\">En la imagen de izquierda a derecha Leidy Ang\u00e9lica Luna Luna, Hugo Alex\u00e1nder Benavides Mu\u00f1oz, Michael Le\u00f3n Ceballos Henao, Juan Carlos G\u00f3mez, David Felipe V\u00e1squez Orrego y Elmer Alberto Atehort\u00faa Grajales. Estas personas fueron detenidas en Antioquia.<\/figcaption><\/figure>\n<p>La Fiscal\u00eda les imput\u00f3 los delitos de hurto por medios inform\u00e1ticos, enriquecimiento il\u00edcito y lavado de activos, y les fue impuesta medida de aseguramiento intramuros que no aceptaron haber cometido.<\/p>\n<p><b>Los hechos\u00a0<\/b><\/p>\n<p>Investigaciones adelantadas por el Grupo de Estructura de Apoyo del CTI de la Seccional Tolima lograron determinar que el hurto a las arcas del municipio se empez\u00f3 a maquinar desde julio de ese a\u00f1o, cumpliendo varias personas con roles espec\u00edficos que iban desde quienes manipular\u00edan el sistema y las cuentas hasta quienes recibir\u00edan los dineros y posteriormente har\u00edan la repartici\u00f3n de lo hurtado.<\/p>\n<p>Gracias a qu\u00e9 les fueron suministrados tanto los &#8216;Token&#8217; como las claves, pudieron ingresar a las nueve cuentas oficiales los d\u00edas 24 y 27 de diciembre de 2021, los cuales fueron d\u00edas h\u00e1biles, y as\u00ed hacer las transferencias en este caso a cinco cuentas, tres a nombre de \u00b4empresas de papel\u2019 y dos a nombre de personas naturales apropi\u00e1ndose de m\u00e1s de $4 mil 500 millones, dinero que administraron y transformaron para darle apariencia de legalidad.<\/p>\n<p>Para obtener los &#8216;Token, claves de ingreso a computadores y claves de acceso a la plataforma, lo har\u00edan por la denominada ingenier\u00eda social que se basa en diferentes t\u00e9cnicas de manipulaci\u00f3n que usan los ciberdelincuentes para obtener informaci\u00f3n confidencial de los usuarios.<\/p>\n<p>Con esto se enriquecieron entonces de manera fraudulenta a sabiendas de que conoc\u00edan el origen de estos dineros y lo &#8216;lavaron&#8217; de manera inmediata.<\/p>\n<p><b>Elementos de prueba\u00a0<\/b><\/p>\n<p>El trabajo coordinado entre investigadores del Grupo EDA del CTI, y peritos contables del Grupo de Criminal\u00edstica llev\u00f3 al esclarecimiento de esta investigaci\u00f3n gracias a la recolecci\u00f3n de elementos materiales probatorios tales como b\u00fasquedas selectivas en base de datos de informaci\u00f3n financiera, an\u00e1lisis financiero y contable, an\u00e1lisis contextual del delito de lavado de activos, entrevistas.<\/p>\n<p>As\u00ed mismo an\u00e1lisis e identificaciones de Ips, georreferenciaci\u00f3n, procesamiento de im\u00e1genes, interceptaciones telef\u00f3nicas, an\u00e1lisis links, reconocimientos fotogr\u00e1ficos, entre otros, con lo cual se logr\u00f3 individualizar y judicializar a los hoy privados de la libertad por su presunta participaci\u00f3n en este desfalco al municipio tolimense.<\/p>\n<p><b><u>La Fiscal\u00eda habla con resultados.<\/u><\/b><b><u>\u00a0<\/u><\/b><\/p>\n<p>&nbsp;<\/p>\n<p>&nbsp;<\/p>\n<p>&nbsp;<\/p>\n<p>&nbsp;<\/p>\n<p>&nbsp;<\/p>\n<p>&nbsp;<\/p>\n<p>PAAM\/LB\/MCA\/AMBV\/DST<\/p>\n<p>&nbsp;<\/p>\n<p>&nbsp;<\/p>\n<p>&nbsp;<\/p>\n<p>&nbsp;<\/p>\n<p>&nbsp;<\/p>\n<div class=\"td-post-content tagdiv-type\">\n<p><i>La informaci\u00f3n contenida en este bolet\u00edn de prensa corresponde a la narraci\u00f3n de los hechos noticiosos objetivos, suministrados por los funcionarios encargados de adelantar las investigaciones penales al interior de la Fiscal\u00eda General de la Naci\u00f3n. Para el momento de la divulgaci\u00f3n de este comunicado, la situaci\u00f3n jur\u00eddica de la(s) persona(s) relacionada(s) se encuentra pendiente de resolver por la autoridad judicial competente, siempre bajo los preceptos de la presunci\u00f3n de inocencia, consagrados en el art\u00edculo 29 de la Constituci\u00f3n Pol\u00edtica y el art\u00edculo 7\u00ba de la Ley 906 de 2004.\u00a0<\/i><\/p>\n<\/div>\n<footer>\n<div class=\"td-post-sharing-bottom\"><\/div>\n<\/footer>\n\n<div class=\"twitter-share\"><a href=\"https:\/\/twitter.com\/intent\/tweet?via=fiscaliacol\" class=\"twitter-share-button\">Tweet<\/a><\/div>\n","protected":false},"excerpt":{"rendered":"<p>Entre los capturados se encuentran tanto reclutadores como \u00b4cuentahabientes\u00b4, quienes prestaron sus cuentas para que les trasfirieran millonarias sumas de dinero de manera il\u00edcita. Se presume la participaci\u00f3n en estos [&hellip;]<\/p>\n","protected":false},"author":177,"featured_media":284844,"comment_status":"closed","ping_status":"open","sticky":false,"template":"","format":"video","meta":{"tdm_status":"","tdm_grid_status":"","footnotes":""},"categories":[1,329,303,24099],"tags":[36434,10645,23835,36432,30214,45,36436,36433,2095,36435,26039,2235,1047,16,24558,14961,36429,723,23895,270,23833,36430,36438,15709,36437,1561,24211,36431],"class_list":["post-284431","post","type-post","status-publish","format-video","has-post-thumbnail","category-noticias","category-seccional-ibague","category-seccionales","category-seguridad-territorial","tag-alcaldia-de-purificacion-tolima","tag-antioquia","tag-bucaramanga","tag-claves","tag-criminalistica","tag-cti","tag-cuentareceptores","tag-cuentas-oficiales","tag-desfalco","tag-diciembre","tag-eda","tag-estructura-de-apoyo","tag-fiscalia-general-de-la-nacion","tag-huila","tag-hurto-millonario","tag-hurto-por-medios-informaticos","tag-ingenieria-social","tag-ips","tag-itagui","tag-medellinc","tag-neiva","tag-pc","tag-peritos-contables","tag-purificacion-tolima","tag-reclutadores","tag-santander","tag-seccional-tolima","tag-token","post_format-post-format-video"],"yoast_head":"<!-- This site is optimized with the Yoast SEO plugin v24.3 - https:\/\/yoast.com\/wordpress\/plugins\/seo\/ -->\n<title>Fiscal\u00eda General de la Naci\u00f3n<\/title>\n<meta name=\"description\" content=\"P\u00e1gina oficial de la Fiscal\u00eda General de la Naci\u00f3n \u2013 Colombia. Garantizamos el acceso efectivo a la justicia, la verdad y la reparaci\u00f3n de las v\u00edctimas de los delitos.\" \/>\n<meta name=\"robots\" content=\"noindex, follow\" \/>\n<meta property=\"og:locale\" content=\"es_ES\" \/>\n<meta property=\"og:type\" content=\"article\" \/>\n<meta property=\"og:title\" content=\"Fiscal\u00eda General de la Naci\u00f3n\" \/>\n<meta property=\"og:description\" content=\"P\u00e1gina oficial de la Fiscal\u00eda General de la Naci\u00f3n \u2013 Colombia. Garantizamos el acceso efectivo a la justicia, la verdad y la reparaci\u00f3n de las v\u00edctimas de los delitos.\" \/>\n<meta property=\"og:url\" content=\"https:\/\/www.fiscalia.gov.co\/colombia\/noticias\/a-la-carcel-8-presuntos-responsables-del-desfalco-millonario-a-la-alcaldia-de-purificacion-tolima\/\" \/>\n<meta property=\"og:site_name\" content=\"Fiscal\u00eda General de la Naci\u00f3n\" \/>\n<meta property=\"article:publisher\" content=\"https:\/\/www.facebook.com\/FiscaliaCol\" \/>\n<meta property=\"article:published_time\" content=\"2023-12-04T20:27:16+00:00\" \/>\n<meta property=\"article:modified_time\" content=\"2023-12-12T19:32:30+00:00\" \/>\n<meta property=\"og:image\" content=\"https:\/\/www.fiscalia.gov.co\/colombia\/wp-content\/uploads\/maxresdefault-1311.jpg\" \/>\n\t<meta property=\"og:image:width\" content=\"1280\" \/>\n\t<meta property=\"og:image:height\" content=\"720\" \/>\n\t<meta property=\"og:image:type\" content=\"image\/jpeg\" \/>\n<meta name=\"author\" content=\"Jordan Leandro Oviedo Anzola\" \/>\n<meta name=\"twitter:card\" content=\"summary_large_image\" \/>\n<meta name=\"twitter:creator\" content=\"@FiscaliaCol\" \/>\n<meta name=\"twitter:site\" content=\"@FiscaliaCol\" \/>\n<meta name=\"twitter:label1\" content=\"Escrito por\" \/>\n\t<meta name=\"twitter:data1\" content=\"Jordan Leandro Oviedo Anzola\" \/>\n\t<meta name=\"twitter:label2\" content=\"Tiempo de lectura\" \/>\n\t<meta name=\"twitter:data2\" content=\"4 minutos\" \/>\n<script type=\"application\/ld+json\" class=\"yoast-schema-graph\">{\"@context\":\"https:\/\/schema.org\",\"@graph\":[{\"@type\":\"Article\",\"@id\":\"https:\/\/www.fiscalia.gov.co\/colombia\/noticias\/a-la-carcel-8-presuntos-responsables-del-desfalco-millonario-a-la-alcaldia-de-purificacion-tolima\/#article\",\"isPartOf\":{\"@id\":\"https:\/\/www.fiscalia.gov.co\/colombia\/noticias\/a-la-carcel-8-presuntos-responsables-del-desfalco-millonario-a-la-alcaldia-de-purificacion-tolima\/\"},\"author\":{\"name\":\"Jordan Leandro Oviedo Anzola\",\"@id\":\"https:\/\/www.fiscalia.gov.co\/colombia\/#\/schema\/person\/bf84402cf293a5393e9c70b111020b24\"},\"headline\":\"A la c\u00e1rcel 8 presuntos responsables del desfalco millonario a la alcald\u00eda de Purificaci\u00f3n, Tolima\",\"datePublished\":\"2023-12-04T20:27:16+00:00\",\"dateModified\":\"2023-12-12T19:32:30+00:00\",\"mainEntityOfPage\":{\"@id\":\"https:\/\/www.fiscalia.gov.co\/colombia\/noticias\/a-la-carcel-8-presuntos-responsables-del-desfalco-millonario-a-la-alcaldia-de-purificacion-tolima\/\"},\"wordCount\":830,\"publisher\":{\"@id\":\"https:\/\/www.fiscalia.gov.co\/colombia\/#organization\"},\"image\":{\"@id\":\"https:\/\/www.fiscalia.gov.co\/colombia\/noticias\/a-la-carcel-8-presuntos-responsables-del-desfalco-millonario-a-la-alcaldia-de-purificacion-tolima\/#primaryimage\"},\"thumbnailUrl\":\"https:\/\/www.fiscalia.gov.co\/colombia\/wp-content\/uploads\/maxresdefault-1311.jpg\",\"keywords\":[\"Alcald\u00eda de Purificaci\u00f3n Tolima\",\"Antioquia\",\"Bucaramanga\",\"claves\",\"criminal\u00edstica\",\"CTI\",\"cuentareceptores\",\"cuentas oficiales\",\"Desfalco\",\"diciembre\",\"EDA\",\"Estructura de Apoyo\",\"Fiscal\u00eda General de la Naci\u00f3n\",\"Huila\",\"hurto millonario.\",\"hurto por medios inform\u00e1ticos\",\"ingenier\u00eda social\",\"IPS\",\"Itag\u00fc\u00ed\",\"Medell\u00edn\",\"Neiva\",\"PC\",\"peritos contables.\",\"Purificaci\u00f3n (Tolima)\",\"reclutadores\",\"Santander\",\"Seccional Tolima\",\"token\"],\"articleSection\":[\"Noticias\",\"Seccional Ibagu\u00e9\",\"Seccionales\",\"Seguridad territorial\"],\"inLanguage\":\"es-CO\"},{\"@type\":\"WebPage\",\"@id\":\"https:\/\/www.fiscalia.gov.co\/colombia\/noticias\/a-la-carcel-8-presuntos-responsables-del-desfalco-millonario-a-la-alcaldia-de-purificacion-tolima\/\",\"url\":\"https:\/\/www.fiscalia.gov.co\/colombia\/noticias\/a-la-carcel-8-presuntos-responsables-del-desfalco-millonario-a-la-alcaldia-de-purificacion-tolima\/\",\"name\":\"Fiscal\u00eda General de la Naci\u00f3n\",\"isPartOf\":{\"@id\":\"https:\/\/www.fiscalia.gov.co\/colombia\/#website\"},\"primaryImageOfPage\":{\"@id\":\"https:\/\/www.fiscalia.gov.co\/colombia\/noticias\/a-la-carcel-8-presuntos-responsables-del-desfalco-millonario-a-la-alcaldia-de-purificacion-tolima\/#primaryimage\"},\"image\":{\"@id\":\"https:\/\/www.fiscalia.gov.co\/colombia\/noticias\/a-la-carcel-8-presuntos-responsables-del-desfalco-millonario-a-la-alcaldia-de-purificacion-tolima\/#primaryimage\"},\"thumbnailUrl\":\"https:\/\/www.fiscalia.gov.co\/colombia\/wp-content\/uploads\/maxresdefault-1311.jpg\",\"datePublished\":\"2023-12-04T20:27:16+00:00\",\"dateModified\":\"2023-12-12T19:32:30+00:00\",\"description\":\"P\u00e1gina oficial de la Fiscal\u00eda General de la Naci\u00f3n \u2013 Colombia. Garantizamos el acceso efectivo a la justicia, la verdad y la reparaci\u00f3n de las v\u00edctimas de los delitos.\",\"breadcrumb\":{\"@id\":\"https:\/\/www.fiscalia.gov.co\/colombia\/noticias\/a-la-carcel-8-presuntos-responsables-del-desfalco-millonario-a-la-alcaldia-de-purificacion-tolima\/#breadcrumb\"},\"inLanguage\":\"es-CO\",\"potentialAction\":[{\"@type\":\"ReadAction\",\"target\":[\"https:\/\/www.fiscalia.gov.co\/colombia\/noticias\/a-la-carcel-8-presuntos-responsables-del-desfalco-millonario-a-la-alcaldia-de-purificacion-tolima\/\"]}]},{\"@type\":\"ImageObject\",\"inLanguage\":\"es-CO\",\"@id\":\"https:\/\/www.fiscalia.gov.co\/colombia\/noticias\/a-la-carcel-8-presuntos-responsables-del-desfalco-millonario-a-la-alcaldia-de-purificacion-tolima\/#primaryimage\",\"url\":\"https:\/\/www.fiscalia.gov.co\/colombia\/wp-content\/uploads\/maxresdefault-1311.jpg\",\"contentUrl\":\"https:\/\/www.fiscalia.gov.co\/colombia\/wp-content\/uploads\/maxresdefault-1311.jpg\",\"width\":1280,\"height\":720},{\"@type\":\"BreadcrumbList\",\"@id\":\"https:\/\/www.fiscalia.gov.co\/colombia\/noticias\/a-la-carcel-8-presuntos-responsables-del-desfalco-millonario-a-la-alcaldia-de-purificacion-tolima\/#breadcrumb\",\"itemListElement\":[{\"@type\":\"ListItem\",\"position\":1,\"name\":\"Home\",\"item\":\"https:\/\/www.fiscalia.gov.co\/colombia\/\"},{\"@type\":\"ListItem\",\"position\":2,\"name\":\"A la c\u00e1rcel 8 presuntos responsables del desfalco millonario a la alcald\u00eda de Purificaci\u00f3n, Tolima\"}]},{\"@type\":\"WebSite\",\"@id\":\"https:\/\/www.fiscalia.gov.co\/colombia\/#website\",\"url\":\"https:\/\/www.fiscalia.gov.co\/colombia\/\",\"name\":\"Fiscal\u00eda General de la Naci\u00f3n\",\"description\":\"P\u00e1gina oficial de la Fiscal\u00eda General de la Naci\u00f3n \u2013 Colombia. Garantizamos el acceso efectivo a la justicia, la verdad y la reparaci\u00f3n de las v\u00edctimas de los delitos.\",\"publisher\":{\"@id\":\"https:\/\/www.fiscalia.gov.co\/colombia\/#organization\"},\"potentialAction\":[{\"@type\":\"SearchAction\",\"target\":{\"@type\":\"EntryPoint\",\"urlTemplate\":\"https:\/\/www.fiscalia.gov.co\/colombia\/?s={search_term_string}\"},\"query-input\":{\"@type\":\"PropertyValueSpecification\",\"valueRequired\":true,\"valueName\":\"search_term_string\"}}],\"inLanguage\":\"es-CO\"},{\"@type\":\"Organization\",\"@id\":\"https:\/\/www.fiscalia.gov.co\/colombia\/#organization\",\"name\":\"Fiscal\u00eda General de la Naci\u00f3n\",\"url\":\"https:\/\/www.fiscalia.gov.co\/colombia\/\",\"logo\":{\"@type\":\"ImageObject\",\"inLanguage\":\"es-CO\",\"@id\":\"https:\/\/www.fiscalia.gov.co\/colombia\/#\/schema\/logo\/image\/\",\"url\":\"https:\/\/www.fiscalia.gov.co\/colombia\/wp-content\/uploads\/LogoHorizontal_1.jpg\",\"contentUrl\":\"https:\/\/www.fiscalia.gov.co\/colombia\/wp-content\/uploads\/LogoHorizontal_1.jpg\",\"width\":300,\"height\":90,\"caption\":\"Fiscal\u00eda General de la Naci\u00f3n\"},\"image\":{\"@id\":\"https:\/\/www.fiscalia.gov.co\/colombia\/#\/schema\/logo\/image\/\"},\"sameAs\":[\"https:\/\/www.facebook.com\/FiscaliaCol\",\"https:\/\/x.com\/FiscaliaCol\",\"https:\/\/www.instagram.com\/fiscaliacol\",\"https:\/\/www.linkedin.com\/company\/fiscalia-general-de-la-naci-n\/\",\"https:\/\/youtube.com\/@fiscaliageneraldelanacion-4668?si=6nN79nyQICPU5iTh\"]},{\"@type\":\"Person\",\"@id\":\"https:\/\/www.fiscalia.gov.co\/colombia\/#\/schema\/person\/bf84402cf293a5393e9c70b111020b24\",\"name\":\"Jordan Leandro Oviedo Anzola\",\"image\":{\"@type\":\"ImageObject\",\"inLanguage\":\"es-CO\",\"@id\":\"https:\/\/www.fiscalia.gov.co\/colombia\/#\/schema\/person\/image\/\",\"url\":\"https:\/\/secure.gravatar.com\/avatar\/dabba4346fa9b9207d96adafa8f92721?s=96&d=mm&r=g\",\"contentUrl\":\"https:\/\/secure.gravatar.com\/avatar\/dabba4346fa9b9207d96adafa8f92721?s=96&d=mm&r=g\",\"caption\":\"Jordan Leandro Oviedo Anzola\"},\"url\":\"https:\/\/www.fiscalia.gov.co\/colombia\/author\/joviedo\/\"}]}<\/script>\n<!-- \/ Yoast SEO plugin. -->","yoast_head_json":{"title":"Fiscal\u00eda General de la Naci\u00f3n","description":"P\u00e1gina oficial de la Fiscal\u00eda General de la Naci\u00f3n \u2013 Colombia. Garantizamos el acceso efectivo a la justicia, la verdad y la reparaci\u00f3n de las v\u00edctimas de los delitos.","robots":{"index":"noindex","follow":"follow"},"og_locale":"es_ES","og_type":"article","og_title":"Fiscal\u00eda General de la Naci\u00f3n","og_description":"P\u00e1gina oficial de la Fiscal\u00eda General de la Naci\u00f3n \u2013 Colombia. Garantizamos el acceso efectivo a la justicia, la verdad y la reparaci\u00f3n de las v\u00edctimas de los delitos.","og_url":"https:\/\/www.fiscalia.gov.co\/colombia\/noticias\/a-la-carcel-8-presuntos-responsables-del-desfalco-millonario-a-la-alcaldia-de-purificacion-tolima\/","og_site_name":"Fiscal\u00eda General de la Naci\u00f3n","article_publisher":"https:\/\/www.facebook.com\/FiscaliaCol","article_published_time":"2023-12-04T20:27:16+00:00","article_modified_time":"2023-12-12T19:32:30+00:00","og_image":[{"width":1280,"height":720,"url":"https:\/\/www.fiscalia.gov.co\/colombia\/wp-content\/uploads\/maxresdefault-1311.jpg","type":"image\/jpeg"}],"author":"Jordan Leandro Oviedo Anzola","twitter_card":"summary_large_image","twitter_creator":"@FiscaliaCol","twitter_site":"@FiscaliaCol","twitter_misc":{"Escrito por":"Jordan Leandro Oviedo Anzola","Tiempo de lectura":"4 minutos"},"schema":{"@context":"https:\/\/schema.org","@graph":[{"@type":"Article","@id":"https:\/\/www.fiscalia.gov.co\/colombia\/noticias\/a-la-carcel-8-presuntos-responsables-del-desfalco-millonario-a-la-alcaldia-de-purificacion-tolima\/#article","isPartOf":{"@id":"https:\/\/www.fiscalia.gov.co\/colombia\/noticias\/a-la-carcel-8-presuntos-responsables-del-desfalco-millonario-a-la-alcaldia-de-purificacion-tolima\/"},"author":{"name":"Jordan Leandro Oviedo Anzola","@id":"https:\/\/www.fiscalia.gov.co\/colombia\/#\/schema\/person\/bf84402cf293a5393e9c70b111020b24"},"headline":"A la c\u00e1rcel 8 presuntos responsables del desfalco millonario a la alcald\u00eda de Purificaci\u00f3n, Tolima","datePublished":"2023-12-04T20:27:16+00:00","dateModified":"2023-12-12T19:32:30+00:00","mainEntityOfPage":{"@id":"https:\/\/www.fiscalia.gov.co\/colombia\/noticias\/a-la-carcel-8-presuntos-responsables-del-desfalco-millonario-a-la-alcaldia-de-purificacion-tolima\/"},"wordCount":830,"publisher":{"@id":"https:\/\/www.fiscalia.gov.co\/colombia\/#organization"},"image":{"@id":"https:\/\/www.fiscalia.gov.co\/colombia\/noticias\/a-la-carcel-8-presuntos-responsables-del-desfalco-millonario-a-la-alcaldia-de-purificacion-tolima\/#primaryimage"},"thumbnailUrl":"https:\/\/www.fiscalia.gov.co\/colombia\/wp-content\/uploads\/maxresdefault-1311.jpg","keywords":["Alcald\u00eda de Purificaci\u00f3n Tolima","Antioquia","Bucaramanga","claves","criminal\u00edstica","CTI","cuentareceptores","cuentas oficiales","Desfalco","diciembre","EDA","Estructura de Apoyo","Fiscal\u00eda General de la Naci\u00f3n","Huila","hurto millonario.","hurto por medios inform\u00e1ticos","ingenier\u00eda social","IPS","Itag\u00fc\u00ed","Medell\u00edn","Neiva","PC","peritos contables.","Purificaci\u00f3n (Tolima)","reclutadores","Santander","Seccional Tolima","token"],"articleSection":["Noticias","Seccional Ibagu\u00e9","Seccionales","Seguridad territorial"],"inLanguage":"es-CO"},{"@type":"WebPage","@id":"https:\/\/www.fiscalia.gov.co\/colombia\/noticias\/a-la-carcel-8-presuntos-responsables-del-desfalco-millonario-a-la-alcaldia-de-purificacion-tolima\/","url":"https:\/\/www.fiscalia.gov.co\/colombia\/noticias\/a-la-carcel-8-presuntos-responsables-del-desfalco-millonario-a-la-alcaldia-de-purificacion-tolima\/","name":"Fiscal\u00eda General de la Naci\u00f3n","isPartOf":{"@id":"https:\/\/www.fiscalia.gov.co\/colombia\/#website"},"primaryImageOfPage":{"@id":"https:\/\/www.fiscalia.gov.co\/colombia\/noticias\/a-la-carcel-8-presuntos-responsables-del-desfalco-millonario-a-la-alcaldia-de-purificacion-tolima\/#primaryimage"},"image":{"@id":"https:\/\/www.fiscalia.gov.co\/colombia\/noticias\/a-la-carcel-8-presuntos-responsables-del-desfalco-millonario-a-la-alcaldia-de-purificacion-tolima\/#primaryimage"},"thumbnailUrl":"https:\/\/www.fiscalia.gov.co\/colombia\/wp-content\/uploads\/maxresdefault-1311.jpg","datePublished":"2023-12-04T20:27:16+00:00","dateModified":"2023-12-12T19:32:30+00:00","description":"P\u00e1gina oficial de la Fiscal\u00eda General de la Naci\u00f3n \u2013 Colombia. Garantizamos el acceso efectivo a la justicia, la verdad y la reparaci\u00f3n de las v\u00edctimas de los delitos.","breadcrumb":{"@id":"https:\/\/www.fiscalia.gov.co\/colombia\/noticias\/a-la-carcel-8-presuntos-responsables-del-desfalco-millonario-a-la-alcaldia-de-purificacion-tolima\/#breadcrumb"},"inLanguage":"es-CO","potentialAction":[{"@type":"ReadAction","target":["https:\/\/www.fiscalia.gov.co\/colombia\/noticias\/a-la-carcel-8-presuntos-responsables-del-desfalco-millonario-a-la-alcaldia-de-purificacion-tolima\/"]}]},{"@type":"ImageObject","inLanguage":"es-CO","@id":"https:\/\/www.fiscalia.gov.co\/colombia\/noticias\/a-la-carcel-8-presuntos-responsables-del-desfalco-millonario-a-la-alcaldia-de-purificacion-tolima\/#primaryimage","url":"https:\/\/www.fiscalia.gov.co\/colombia\/wp-content\/uploads\/maxresdefault-1311.jpg","contentUrl":"https:\/\/www.fiscalia.gov.co\/colombia\/wp-content\/uploads\/maxresdefault-1311.jpg","width":1280,"height":720},{"@type":"BreadcrumbList","@id":"https:\/\/www.fiscalia.gov.co\/colombia\/noticias\/a-la-carcel-8-presuntos-responsables-del-desfalco-millonario-a-la-alcaldia-de-purificacion-tolima\/#breadcrumb","itemListElement":[{"@type":"ListItem","position":1,"name":"Home","item":"https:\/\/www.fiscalia.gov.co\/colombia\/"},{"@type":"ListItem","position":2,"name":"A la c\u00e1rcel 8 presuntos responsables del desfalco millonario a la alcald\u00eda de Purificaci\u00f3n, Tolima"}]},{"@type":"WebSite","@id":"https:\/\/www.fiscalia.gov.co\/colombia\/#website","url":"https:\/\/www.fiscalia.gov.co\/colombia\/","name":"Fiscal\u00eda General de la Naci\u00f3n","description":"P\u00e1gina oficial de la Fiscal\u00eda General de la Naci\u00f3n \u2013 Colombia. Garantizamos el acceso efectivo a la justicia, la verdad y la reparaci\u00f3n de las v\u00edctimas de los delitos.","publisher":{"@id":"https:\/\/www.fiscalia.gov.co\/colombia\/#organization"},"potentialAction":[{"@type":"SearchAction","target":{"@type":"EntryPoint","urlTemplate":"https:\/\/www.fiscalia.gov.co\/colombia\/?s={search_term_string}"},"query-input":{"@type":"PropertyValueSpecification","valueRequired":true,"valueName":"search_term_string"}}],"inLanguage":"es-CO"},{"@type":"Organization","@id":"https:\/\/www.fiscalia.gov.co\/colombia\/#organization","name":"Fiscal\u00eda General de la Naci\u00f3n","url":"https:\/\/www.fiscalia.gov.co\/colombia\/","logo":{"@type":"ImageObject","inLanguage":"es-CO","@id":"https:\/\/www.fiscalia.gov.co\/colombia\/#\/schema\/logo\/image\/","url":"https:\/\/www.fiscalia.gov.co\/colombia\/wp-content\/uploads\/LogoHorizontal_1.jpg","contentUrl":"https:\/\/www.fiscalia.gov.co\/colombia\/wp-content\/uploads\/LogoHorizontal_1.jpg","width":300,"height":90,"caption":"Fiscal\u00eda General de la Naci\u00f3n"},"image":{"@id":"https:\/\/www.fiscalia.gov.co\/colombia\/#\/schema\/logo\/image\/"},"sameAs":["https:\/\/www.facebook.com\/FiscaliaCol","https:\/\/x.com\/FiscaliaCol","https:\/\/www.instagram.com\/fiscaliacol","https:\/\/www.linkedin.com\/company\/fiscalia-general-de-la-naci-n\/","https:\/\/youtube.com\/@fiscaliageneraldelanacion-4668?si=6nN79nyQICPU5iTh"]},{"@type":"Person","@id":"https:\/\/www.fiscalia.gov.co\/colombia\/#\/schema\/person\/bf84402cf293a5393e9c70b111020b24","name":"Jordan Leandro Oviedo Anzola","image":{"@type":"ImageObject","inLanguage":"es-CO","@id":"https:\/\/www.fiscalia.gov.co\/colombia\/#\/schema\/person\/image\/","url":"https:\/\/secure.gravatar.com\/avatar\/dabba4346fa9b9207d96adafa8f92721?s=96&d=mm&r=g","contentUrl":"https:\/\/secure.gravatar.com\/avatar\/dabba4346fa9b9207d96adafa8f92721?s=96&d=mm&r=g","caption":"Jordan Leandro Oviedo Anzola"},"url":"https:\/\/www.fiscalia.gov.co\/colombia\/author\/joviedo\/"}]}},"_links":{"self":[{"href":"https:\/\/www.fiscalia.gov.co\/colombia\/wp-json\/wp\/v2\/posts\/284431","targetHints":{"allow":["GET"]}}],"collection":[{"href":"https:\/\/www.fiscalia.gov.co\/colombia\/wp-json\/wp\/v2\/posts"}],"about":[{"href":"https:\/\/www.fiscalia.gov.co\/colombia\/wp-json\/wp\/v2\/types\/post"}],"author":[{"embeddable":true,"href":"https:\/\/www.fiscalia.gov.co\/colombia\/wp-json\/wp\/v2\/users\/177"}],"replies":[{"embeddable":true,"href":"https:\/\/www.fiscalia.gov.co\/colombia\/wp-json\/wp\/v2\/comments?post=284431"}],"version-history":[{"count":3,"href":"https:\/\/www.fiscalia.gov.co\/colombia\/wp-json\/wp\/v2\/posts\/284431\/revisions"}],"predecessor-version":[{"id":284437,"href":"https:\/\/www.fiscalia.gov.co\/colombia\/wp-json\/wp\/v2\/posts\/284431\/revisions\/284437"}],"wp:featuredmedia":[{"embeddable":true,"href":"https:\/\/www.fiscalia.gov.co\/colombia\/wp-json\/wp\/v2\/media\/284844"}],"wp:attachment":[{"href":"https:\/\/www.fiscalia.gov.co\/colombia\/wp-json\/wp\/v2\/media?parent=284431"}],"wp:term":[{"taxonomy":"category","embeddable":true,"href":"https:\/\/www.fiscalia.gov.co\/colombia\/wp-json\/wp\/v2\/categories?post=284431"},{"taxonomy":"post_tag","embeddable":true,"href":"https:\/\/www.fiscalia.gov.co\/colombia\/wp-json\/wp\/v2\/tags?post=284431"}],"curies":[{"name":"wp","href":"https:\/\/api.w.org\/{rel}","templated":true}]}}