{"id":284410,"date":"2023-12-04T08:36:49","date_gmt":"2023-12-04T13:36:49","guid":{"rendered":"https:\/\/www.fiscalia.gov.co\/colombia\/?p=284410"},"modified":"2023-12-12T11:03:46","modified_gmt":"2023-12-12T16:03:46","slug":"fiscalia-imputa-a-integrante-de-la-estructura-delincuencial-la-inmaculada-por-lanzar-amenazas-de-muerte-en-contra-de-la-juez-que-lo-estaba-condenando","status":"publish","type":"post","link":"https:\/\/www.fiscalia.gov.co\/colombia\/derechos-humanos\/fiscalia-imputa-a-integrante-de-la-estructura-delincuencial-la-inmaculada-por-lanzar-amenazas-de-muerte-en-contra-de-la-juez-que-lo-estaba-condenando\/","title":{"rendered":"Fiscal\u00eda imputa a integrante de la estructura delincuencial \u2018La Inmaculada\u2019 por lanzar amenazas de muerte en contra de la juez que lo estaba condenando"},"content":{"rendered":"<h4><strong><em>El hombre hizo varias se\u00f1ales con sus manos durante dos audiencias que se realizaron de manera virtual. En una, simul\u00f3 que disparaba un arma de fuego; y en otra, hizo una cruz con los dedos.<\/em><\/strong><\/h4>\n<p>La Fiscal\u00eda General de la Naci\u00f3n present\u00f3 ante un juez de control de garant\u00edas a Sebasti\u00e1n Caicedo Castillo, un integrante de la estructura delincuencial \u2018La Inmaculada\u2019 se\u00f1alado de lanzar amenazas de muerte simb\u00f3licas en contra de una juez penal municipal, que cumpl\u00eda transitoriamente funciones de conocimiento en Tulu\u00e1 (Valle del Cauca).<\/p>\n<p>El 25 de octubre de 2022, en desarrollo de una audiencia virtual de individualizaci\u00f3n y sentencia, este hombre habr\u00eda utilizado la mano derecha para simular que disparaba un arma de fuego, justo en el momento en el que interven\u00eda la funcionaria judicial. Algo similar ocurri\u00f3 en la conexi\u00f3n del 20 de junio de 2023, durante la lectura de fallo condenatorio en su contra, se acerc\u00f3 a la c\u00e1mara e hizo con los dedos la se\u00f1al de la cruz.<\/p>\n<p>Por estos hechos, un fiscal del Grupo de Amenazas de la Direcci\u00f3n Especializada contra las Violaciones a los Derechos Humanos, en apoyo a la Seccional Valle del Cauca, le imput\u00f3 el delito de amenazas contra defensores de derechos humanos y servidores p\u00fablicos. El cargo no fue aceptado.<\/p>\n<p>Actualmente, Sebasti\u00e1n Caicedo Castillo permanece privado de la libertad en centro carcelario, en cumplimiento de una condena en su contra por el delito de extorsi\u00f3n agravada.<\/p>\n<p>Esta informaci\u00f3n se publica por razones de inter\u00e9s general.<\/p>\n<p><strong><u>La Fiscal\u00eda habla con resultados.<\/u><\/strong><\/p>\n<p>&nbsp;<\/p>\n<p>&nbsp;<\/p>\n<p>&nbsp;<\/p>\n<p>&nbsp;<\/p>\n<p>&nbsp;<\/p>\n<p>JARG\/HATP\/DEVDH\/MCRC.<\/p>\n<p>&nbsp;<\/p>\n<p>&nbsp;<\/p>\n<p>&nbsp;<\/p>\n<p>&nbsp;<\/p>\n<p>&nbsp;<\/p>\n<div class=\"td-post-content tagdiv-type\">\n<div class=\"td-post-content tagdiv-type\">\n<div class=\"td-post-content tagdiv-type\">\n<div class=\"td-post-content tagdiv-type\">\n<div class=\"td-post-content tagdiv-type\">\n<p><i>La informaci\u00f3n contenida en este bolet\u00edn de prensa corresponde a la narraci\u00f3n de los hechos noticiosos objetivos, suministrados por los funcionarios encargados de adelantar las investigaciones penales al interior de la Fiscal\u00eda General de la Naci\u00f3n. Para el momento de la divulgaci\u00f3n de este comunicado, la situaci\u00f3n jur\u00eddica de la(s) persona(s) relacionada(s) se encuentra pendiente de resolver por la autoridad judicial competente, siempre bajo los preceptos de la presunci\u00f3n de inocencia, consagrados en el art\u00edculo 29 de la Constituci\u00f3n Pol\u00edtica y el art\u00edculo 7\u00ba de la Ley 906 de 2004.\u00a0<\/i><\/p>\n<\/div>\n<\/div>\n<\/div>\n<\/div>\n<\/div>\n<footer>\n<div class=\"td-post-source-tags\"><\/div>\n<div class=\"td-post-sharing-bottom\"><\/div>\n<\/footer>\n\n<div class=\"twitter-share\"><a href=\"https:\/\/twitter.com\/intent\/tweet?via=fiscaliacol\" class=\"twitter-share-button\">Tweet<\/a><\/div>\n","protected":false},"excerpt":{"rendered":"<p>El hombre hizo varias se\u00f1ales con sus manos durante dos audiencias que se realizaron de manera virtual. En una, simul\u00f3 que disparaba un arma de fuego; y en otra, hizo [&hellip;]<\/p>\n","protected":false},"author":177,"featured_media":284810,"comment_status":"closed","ping_status":"open","sticky":false,"template":"","format":"video","meta":{"tdm_status":"","tdm_grid_status":"","footnotes":""},"categories":[24102,1],"tags":[3119,1050,24185,1047,1267,11853,9054],"class_list":["post-284410","post","type-post","status-publish","format-video","has-post-thumbnail","category-derechos-humanos","category-noticias","tag-amenazas","tag-derechoa-humanos","tag-fiscal-barbosa","tag-fiscalia-general-de-la-nacion","tag-juez","tag-la-inmaculada","tag-muerte","post_format-post-format-video"],"yoast_head":"<!-- This site is optimized with the Yoast SEO plugin v24.3 - https:\/\/yoast.com\/wordpress\/plugins\/seo\/ -->\n<title>Fiscal\u00eda General de la Naci\u00f3n<\/title>\n<meta name=\"description\" content=\"P\u00e1gina oficial de la Fiscal\u00eda General de la Naci\u00f3n \u2013 Colombia. Garantizamos el acceso efectivo a la justicia, la verdad y la reparaci\u00f3n de las v\u00edctimas de los delitos.\" \/>\n<meta name=\"robots\" content=\"noindex, follow\" \/>\n<meta property=\"og:locale\" content=\"es_ES\" \/>\n<meta property=\"og:type\" content=\"article\" \/>\n<meta property=\"og:title\" content=\"Fiscal\u00eda General de la Naci\u00f3n\" \/>\n<meta property=\"og:description\" content=\"P\u00e1gina oficial de la Fiscal\u00eda General de la Naci\u00f3n \u2013 Colombia. Garantizamos el acceso efectivo a la justicia, la verdad y la reparaci\u00f3n de las v\u00edctimas de los delitos.\" \/>\n<meta property=\"og:url\" content=\"https:\/\/www.fiscalia.gov.co\/colombia\/derechos-humanos\/fiscalia-imputa-a-integrante-de-la-estructura-delincuencial-la-inmaculada-por-lanzar-amenazas-de-muerte-en-contra-de-la-juez-que-lo-estaba-condenando\/\" \/>\n<meta property=\"og:site_name\" content=\"Fiscal\u00eda General de la Naci\u00f3n\" \/>\n<meta property=\"article:publisher\" content=\"https:\/\/www.facebook.com\/FiscaliaCol\" \/>\n<meta property=\"article:published_time\" content=\"2023-12-04T13:36:49+00:00\" \/>\n<meta property=\"article:modified_time\" content=\"2023-12-12T16:03:46+00:00\" \/>\n<meta property=\"og:image\" content=\"https:\/\/www.fiscalia.gov.co\/colombia\/wp-content\/uploads\/maxresdefault-1306.jpg\" \/>\n\t<meta property=\"og:image:width\" content=\"1280\" \/>\n\t<meta property=\"og:image:height\" content=\"720\" \/>\n\t<meta property=\"og:image:type\" content=\"image\/jpeg\" \/>\n<meta name=\"author\" content=\"Jordan Leandro Oviedo Anzola\" \/>\n<meta name=\"twitter:card\" content=\"summary_large_image\" \/>\n<meta name=\"twitter:creator\" content=\"@FiscaliaCol\" \/>\n<meta name=\"twitter:site\" content=\"@FiscaliaCol\" \/>\n<meta name=\"twitter:label1\" content=\"Escrito por\" \/>\n\t<meta name=\"twitter:data1\" content=\"Jordan Leandro Oviedo Anzola\" \/>\n\t<meta name=\"twitter:label2\" content=\"Tiempo de lectura\" \/>\n\t<meta name=\"twitter:data2\" content=\"2 minutos\" \/>\n<script type=\"application\/ld+json\" class=\"yoast-schema-graph\">{\"@context\":\"https:\/\/schema.org\",\"@graph\":[{\"@type\":\"Article\",\"@id\":\"https:\/\/www.fiscalia.gov.co\/colombia\/derechos-humanos\/fiscalia-imputa-a-integrante-de-la-estructura-delincuencial-la-inmaculada-por-lanzar-amenazas-de-muerte-en-contra-de-la-juez-que-lo-estaba-condenando\/#article\",\"isPartOf\":{\"@id\":\"https:\/\/www.fiscalia.gov.co\/colombia\/derechos-humanos\/fiscalia-imputa-a-integrante-de-la-estructura-delincuencial-la-inmaculada-por-lanzar-amenazas-de-muerte-en-contra-de-la-juez-que-lo-estaba-condenando\/\"},\"author\":{\"name\":\"Jordan Leandro Oviedo Anzola\",\"@id\":\"https:\/\/www.fiscalia.gov.co\/colombia\/#\/schema\/person\/bf84402cf293a5393e9c70b111020b24\"},\"headline\":\"Fiscal\u00eda imputa a integrante de la estructura delincuencial \u2018La Inmaculada\u2019 por lanzar amenazas de muerte en contra de la juez que lo estaba condenando\",\"datePublished\":\"2023-12-04T13:36:49+00:00\",\"dateModified\":\"2023-12-12T16:03:46+00:00\",\"mainEntityOfPage\":{\"@id\":\"https:\/\/www.fiscalia.gov.co\/colombia\/derechos-humanos\/fiscalia-imputa-a-integrante-de-la-estructura-delincuencial-la-inmaculada-por-lanzar-amenazas-de-muerte-en-contra-de-la-juez-que-lo-estaba-condenando\/\"},\"wordCount\":409,\"publisher\":{\"@id\":\"https:\/\/www.fiscalia.gov.co\/colombia\/#organization\"},\"image\":{\"@id\":\"https:\/\/www.fiscalia.gov.co\/colombia\/derechos-humanos\/fiscalia-imputa-a-integrante-de-la-estructura-delincuencial-la-inmaculada-por-lanzar-amenazas-de-muerte-en-contra-de-la-juez-que-lo-estaba-condenando\/#primaryimage\"},\"thumbnailUrl\":\"https:\/\/www.fiscalia.gov.co\/colombia\/wp-content\/uploads\/maxresdefault-1306.jpg\",\"keywords\":[\"Amenazas\",\"Derechos Humanos\",\"Fiscal Barbosa\",\"Fiscal\u00eda General de la Naci\u00f3n\",\"Juez\",\"La Inmaculada\",\"Muerte\"],\"articleSection\":[\"Derechos Humanos\",\"Noticias\"],\"inLanguage\":\"es-CO\"},{\"@type\":\"WebPage\",\"@id\":\"https:\/\/www.fiscalia.gov.co\/colombia\/derechos-humanos\/fiscalia-imputa-a-integrante-de-la-estructura-delincuencial-la-inmaculada-por-lanzar-amenazas-de-muerte-en-contra-de-la-juez-que-lo-estaba-condenando\/\",\"url\":\"https:\/\/www.fiscalia.gov.co\/colombia\/derechos-humanos\/fiscalia-imputa-a-integrante-de-la-estructura-delincuencial-la-inmaculada-por-lanzar-amenazas-de-muerte-en-contra-de-la-juez-que-lo-estaba-condenando\/\",\"name\":\"Fiscal\u00eda General de la Naci\u00f3n\",\"isPartOf\":{\"@id\":\"https:\/\/www.fiscalia.gov.co\/colombia\/#website\"},\"primaryImageOfPage\":{\"@id\":\"https:\/\/www.fiscalia.gov.co\/colombia\/derechos-humanos\/fiscalia-imputa-a-integrante-de-la-estructura-delincuencial-la-inmaculada-por-lanzar-amenazas-de-muerte-en-contra-de-la-juez-que-lo-estaba-condenando\/#primaryimage\"},\"image\":{\"@id\":\"https:\/\/www.fiscalia.gov.co\/colombia\/derechos-humanos\/fiscalia-imputa-a-integrante-de-la-estructura-delincuencial-la-inmaculada-por-lanzar-amenazas-de-muerte-en-contra-de-la-juez-que-lo-estaba-condenando\/#primaryimage\"},\"thumbnailUrl\":\"https:\/\/www.fiscalia.gov.co\/colombia\/wp-content\/uploads\/maxresdefault-1306.jpg\",\"datePublished\":\"2023-12-04T13:36:49+00:00\",\"dateModified\":\"2023-12-12T16:03:46+00:00\",\"description\":\"P\u00e1gina oficial de la Fiscal\u00eda General de la Naci\u00f3n \u2013 Colombia. Garantizamos el acceso efectivo a la justicia, la verdad y la reparaci\u00f3n de las v\u00edctimas de los delitos.\",\"breadcrumb\":{\"@id\":\"https:\/\/www.fiscalia.gov.co\/colombia\/derechos-humanos\/fiscalia-imputa-a-integrante-de-la-estructura-delincuencial-la-inmaculada-por-lanzar-amenazas-de-muerte-en-contra-de-la-juez-que-lo-estaba-condenando\/#breadcrumb\"},\"inLanguage\":\"es-CO\",\"potentialAction\":[{\"@type\":\"ReadAction\",\"target\":[\"https:\/\/www.fiscalia.gov.co\/colombia\/derechos-humanos\/fiscalia-imputa-a-integrante-de-la-estructura-delincuencial-la-inmaculada-por-lanzar-amenazas-de-muerte-en-contra-de-la-juez-que-lo-estaba-condenando\/\"]}]},{\"@type\":\"ImageObject\",\"inLanguage\":\"es-CO\",\"@id\":\"https:\/\/www.fiscalia.gov.co\/colombia\/derechos-humanos\/fiscalia-imputa-a-integrante-de-la-estructura-delincuencial-la-inmaculada-por-lanzar-amenazas-de-muerte-en-contra-de-la-juez-que-lo-estaba-condenando\/#primaryimage\",\"url\":\"https:\/\/www.fiscalia.gov.co\/colombia\/wp-content\/uploads\/maxresdefault-1306.jpg\",\"contentUrl\":\"https:\/\/www.fiscalia.gov.co\/colombia\/wp-content\/uploads\/maxresdefault-1306.jpg\",\"width\":1280,\"height\":720},{\"@type\":\"BreadcrumbList\",\"@id\":\"https:\/\/www.fiscalia.gov.co\/colombia\/derechos-humanos\/fiscalia-imputa-a-integrante-de-la-estructura-delincuencial-la-inmaculada-por-lanzar-amenazas-de-muerte-en-contra-de-la-juez-que-lo-estaba-condenando\/#breadcrumb\",\"itemListElement\":[{\"@type\":\"ListItem\",\"position\":1,\"name\":\"Home\",\"item\":\"https:\/\/www.fiscalia.gov.co\/colombia\/\"},{\"@type\":\"ListItem\",\"position\":2,\"name\":\"Fiscal\u00eda imputa a integrante de la estructura delincuencial \u2018La Inmaculada\u2019 por lanzar amenazas de muerte en contra de la juez que lo estaba condenando\"}]},{\"@type\":\"WebSite\",\"@id\":\"https:\/\/www.fiscalia.gov.co\/colombia\/#website\",\"url\":\"https:\/\/www.fiscalia.gov.co\/colombia\/\",\"name\":\"Fiscal\u00eda General de la Naci\u00f3n\",\"description\":\"P\u00e1gina oficial de la Fiscal\u00eda General de la Naci\u00f3n \u2013 Colombia. Garantizamos el acceso efectivo a la justicia, la verdad y la reparaci\u00f3n de las v\u00edctimas de los delitos.\",\"publisher\":{\"@id\":\"https:\/\/www.fiscalia.gov.co\/colombia\/#organization\"},\"potentialAction\":[{\"@type\":\"SearchAction\",\"target\":{\"@type\":\"EntryPoint\",\"urlTemplate\":\"https:\/\/www.fiscalia.gov.co\/colombia\/?s={search_term_string}\"},\"query-input\":{\"@type\":\"PropertyValueSpecification\",\"valueRequired\":true,\"valueName\":\"search_term_string\"}}],\"inLanguage\":\"es-CO\"},{\"@type\":\"Organization\",\"@id\":\"https:\/\/www.fiscalia.gov.co\/colombia\/#organization\",\"name\":\"Fiscal\u00eda General de la Naci\u00f3n\",\"url\":\"https:\/\/www.fiscalia.gov.co\/colombia\/\",\"logo\":{\"@type\":\"ImageObject\",\"inLanguage\":\"es-CO\",\"@id\":\"https:\/\/www.fiscalia.gov.co\/colombia\/#\/schema\/logo\/image\/\",\"url\":\"https:\/\/www.fiscalia.gov.co\/colombia\/wp-content\/uploads\/LogoHorizontal_1.jpg\",\"contentUrl\":\"https:\/\/www.fiscalia.gov.co\/colombia\/wp-content\/uploads\/LogoHorizontal_1.jpg\",\"width\":300,\"height\":90,\"caption\":\"Fiscal\u00eda General de la Naci\u00f3n\"},\"image\":{\"@id\":\"https:\/\/www.fiscalia.gov.co\/colombia\/#\/schema\/logo\/image\/\"},\"sameAs\":[\"https:\/\/www.facebook.com\/FiscaliaCol\",\"https:\/\/x.com\/FiscaliaCol\",\"https:\/\/www.instagram.com\/fiscaliacol\",\"https:\/\/www.linkedin.com\/company\/fiscalia-general-de-la-naci-n\/\",\"https:\/\/youtube.com\/@fiscaliageneraldelanacion-4668?si=6nN79nyQICPU5iTh\"]},{\"@type\":\"Person\",\"@id\":\"https:\/\/www.fiscalia.gov.co\/colombia\/#\/schema\/person\/bf84402cf293a5393e9c70b111020b24\",\"name\":\"Jordan Leandro Oviedo Anzola\",\"image\":{\"@type\":\"ImageObject\",\"inLanguage\":\"es-CO\",\"@id\":\"https:\/\/www.fiscalia.gov.co\/colombia\/#\/schema\/person\/image\/\",\"url\":\"https:\/\/secure.gravatar.com\/avatar\/dabba4346fa9b9207d96adafa8f92721?s=96&d=mm&r=g\",\"contentUrl\":\"https:\/\/secure.gravatar.com\/avatar\/dabba4346fa9b9207d96adafa8f92721?s=96&d=mm&r=g\",\"caption\":\"Jordan Leandro Oviedo Anzola\"},\"url\":\"https:\/\/www.fiscalia.gov.co\/colombia\/author\/joviedo\/\"}]}<\/script>\n<!-- \/ Yoast SEO plugin. -->","yoast_head_json":{"title":"Fiscal\u00eda General de la Naci\u00f3n","description":"P\u00e1gina oficial de la Fiscal\u00eda General de la Naci\u00f3n \u2013 Colombia. Garantizamos el acceso efectivo a la justicia, la verdad y la reparaci\u00f3n de las v\u00edctimas de los delitos.","robots":{"index":"noindex","follow":"follow"},"og_locale":"es_ES","og_type":"article","og_title":"Fiscal\u00eda General de la Naci\u00f3n","og_description":"P\u00e1gina oficial de la Fiscal\u00eda General de la Naci\u00f3n \u2013 Colombia. Garantizamos el acceso efectivo a la justicia, la verdad y la reparaci\u00f3n de las v\u00edctimas de los delitos.","og_url":"https:\/\/www.fiscalia.gov.co\/colombia\/derechos-humanos\/fiscalia-imputa-a-integrante-de-la-estructura-delincuencial-la-inmaculada-por-lanzar-amenazas-de-muerte-en-contra-de-la-juez-que-lo-estaba-condenando\/","og_site_name":"Fiscal\u00eda General de la Naci\u00f3n","article_publisher":"https:\/\/www.facebook.com\/FiscaliaCol","article_published_time":"2023-12-04T13:36:49+00:00","article_modified_time":"2023-12-12T16:03:46+00:00","og_image":[{"width":1280,"height":720,"url":"https:\/\/www.fiscalia.gov.co\/colombia\/wp-content\/uploads\/maxresdefault-1306.jpg","type":"image\/jpeg"}],"author":"Jordan Leandro Oviedo Anzola","twitter_card":"summary_large_image","twitter_creator":"@FiscaliaCol","twitter_site":"@FiscaliaCol","twitter_misc":{"Escrito por":"Jordan Leandro Oviedo Anzola","Tiempo de lectura":"2 minutos"},"schema":{"@context":"https:\/\/schema.org","@graph":[{"@type":"Article","@id":"https:\/\/www.fiscalia.gov.co\/colombia\/derechos-humanos\/fiscalia-imputa-a-integrante-de-la-estructura-delincuencial-la-inmaculada-por-lanzar-amenazas-de-muerte-en-contra-de-la-juez-que-lo-estaba-condenando\/#article","isPartOf":{"@id":"https:\/\/www.fiscalia.gov.co\/colombia\/derechos-humanos\/fiscalia-imputa-a-integrante-de-la-estructura-delincuencial-la-inmaculada-por-lanzar-amenazas-de-muerte-en-contra-de-la-juez-que-lo-estaba-condenando\/"},"author":{"name":"Jordan Leandro Oviedo Anzola","@id":"https:\/\/www.fiscalia.gov.co\/colombia\/#\/schema\/person\/bf84402cf293a5393e9c70b111020b24"},"headline":"Fiscal\u00eda imputa a integrante de la estructura delincuencial \u2018La Inmaculada\u2019 por lanzar amenazas de muerte en contra de la juez que lo estaba condenando","datePublished":"2023-12-04T13:36:49+00:00","dateModified":"2023-12-12T16:03:46+00:00","mainEntityOfPage":{"@id":"https:\/\/www.fiscalia.gov.co\/colombia\/derechos-humanos\/fiscalia-imputa-a-integrante-de-la-estructura-delincuencial-la-inmaculada-por-lanzar-amenazas-de-muerte-en-contra-de-la-juez-que-lo-estaba-condenando\/"},"wordCount":409,"publisher":{"@id":"https:\/\/www.fiscalia.gov.co\/colombia\/#organization"},"image":{"@id":"https:\/\/www.fiscalia.gov.co\/colombia\/derechos-humanos\/fiscalia-imputa-a-integrante-de-la-estructura-delincuencial-la-inmaculada-por-lanzar-amenazas-de-muerte-en-contra-de-la-juez-que-lo-estaba-condenando\/#primaryimage"},"thumbnailUrl":"https:\/\/www.fiscalia.gov.co\/colombia\/wp-content\/uploads\/maxresdefault-1306.jpg","keywords":["Amenazas","Derechos Humanos","Fiscal Barbosa","Fiscal\u00eda General de la Naci\u00f3n","Juez","La Inmaculada","Muerte"],"articleSection":["Derechos Humanos","Noticias"],"inLanguage":"es-CO"},{"@type":"WebPage","@id":"https:\/\/www.fiscalia.gov.co\/colombia\/derechos-humanos\/fiscalia-imputa-a-integrante-de-la-estructura-delincuencial-la-inmaculada-por-lanzar-amenazas-de-muerte-en-contra-de-la-juez-que-lo-estaba-condenando\/","url":"https:\/\/www.fiscalia.gov.co\/colombia\/derechos-humanos\/fiscalia-imputa-a-integrante-de-la-estructura-delincuencial-la-inmaculada-por-lanzar-amenazas-de-muerte-en-contra-de-la-juez-que-lo-estaba-condenando\/","name":"Fiscal\u00eda General de la Naci\u00f3n","isPartOf":{"@id":"https:\/\/www.fiscalia.gov.co\/colombia\/#website"},"primaryImageOfPage":{"@id":"https:\/\/www.fiscalia.gov.co\/colombia\/derechos-humanos\/fiscalia-imputa-a-integrante-de-la-estructura-delincuencial-la-inmaculada-por-lanzar-amenazas-de-muerte-en-contra-de-la-juez-que-lo-estaba-condenando\/#primaryimage"},"image":{"@id":"https:\/\/www.fiscalia.gov.co\/colombia\/derechos-humanos\/fiscalia-imputa-a-integrante-de-la-estructura-delincuencial-la-inmaculada-por-lanzar-amenazas-de-muerte-en-contra-de-la-juez-que-lo-estaba-condenando\/#primaryimage"},"thumbnailUrl":"https:\/\/www.fiscalia.gov.co\/colombia\/wp-content\/uploads\/maxresdefault-1306.jpg","datePublished":"2023-12-04T13:36:49+00:00","dateModified":"2023-12-12T16:03:46+00:00","description":"P\u00e1gina oficial de la Fiscal\u00eda General de la Naci\u00f3n \u2013 Colombia. Garantizamos el acceso efectivo a la justicia, la verdad y la reparaci\u00f3n de las v\u00edctimas de los delitos.","breadcrumb":{"@id":"https:\/\/www.fiscalia.gov.co\/colombia\/derechos-humanos\/fiscalia-imputa-a-integrante-de-la-estructura-delincuencial-la-inmaculada-por-lanzar-amenazas-de-muerte-en-contra-de-la-juez-que-lo-estaba-condenando\/#breadcrumb"},"inLanguage":"es-CO","potentialAction":[{"@type":"ReadAction","target":["https:\/\/www.fiscalia.gov.co\/colombia\/derechos-humanos\/fiscalia-imputa-a-integrante-de-la-estructura-delincuencial-la-inmaculada-por-lanzar-amenazas-de-muerte-en-contra-de-la-juez-que-lo-estaba-condenando\/"]}]},{"@type":"ImageObject","inLanguage":"es-CO","@id":"https:\/\/www.fiscalia.gov.co\/colombia\/derechos-humanos\/fiscalia-imputa-a-integrante-de-la-estructura-delincuencial-la-inmaculada-por-lanzar-amenazas-de-muerte-en-contra-de-la-juez-que-lo-estaba-condenando\/#primaryimage","url":"https:\/\/www.fiscalia.gov.co\/colombia\/wp-content\/uploads\/maxresdefault-1306.jpg","contentUrl":"https:\/\/www.fiscalia.gov.co\/colombia\/wp-content\/uploads\/maxresdefault-1306.jpg","width":1280,"height":720},{"@type":"BreadcrumbList","@id":"https:\/\/www.fiscalia.gov.co\/colombia\/derechos-humanos\/fiscalia-imputa-a-integrante-de-la-estructura-delincuencial-la-inmaculada-por-lanzar-amenazas-de-muerte-en-contra-de-la-juez-que-lo-estaba-condenando\/#breadcrumb","itemListElement":[{"@type":"ListItem","position":1,"name":"Home","item":"https:\/\/www.fiscalia.gov.co\/colombia\/"},{"@type":"ListItem","position":2,"name":"Fiscal\u00eda imputa a integrante de la estructura delincuencial \u2018La Inmaculada\u2019 por lanzar amenazas de muerte en contra de la juez que lo estaba condenando"}]},{"@type":"WebSite","@id":"https:\/\/www.fiscalia.gov.co\/colombia\/#website","url":"https:\/\/www.fiscalia.gov.co\/colombia\/","name":"Fiscal\u00eda General de la Naci\u00f3n","description":"P\u00e1gina oficial de la Fiscal\u00eda General de la Naci\u00f3n \u2013 Colombia. Garantizamos el acceso efectivo a la justicia, la verdad y la reparaci\u00f3n de las v\u00edctimas de los delitos.","publisher":{"@id":"https:\/\/www.fiscalia.gov.co\/colombia\/#organization"},"potentialAction":[{"@type":"SearchAction","target":{"@type":"EntryPoint","urlTemplate":"https:\/\/www.fiscalia.gov.co\/colombia\/?s={search_term_string}"},"query-input":{"@type":"PropertyValueSpecification","valueRequired":true,"valueName":"search_term_string"}}],"inLanguage":"es-CO"},{"@type":"Organization","@id":"https:\/\/www.fiscalia.gov.co\/colombia\/#organization","name":"Fiscal\u00eda General de la Naci\u00f3n","url":"https:\/\/www.fiscalia.gov.co\/colombia\/","logo":{"@type":"ImageObject","inLanguage":"es-CO","@id":"https:\/\/www.fiscalia.gov.co\/colombia\/#\/schema\/logo\/image\/","url":"https:\/\/www.fiscalia.gov.co\/colombia\/wp-content\/uploads\/LogoHorizontal_1.jpg","contentUrl":"https:\/\/www.fiscalia.gov.co\/colombia\/wp-content\/uploads\/LogoHorizontal_1.jpg","width":300,"height":90,"caption":"Fiscal\u00eda General de la Naci\u00f3n"},"image":{"@id":"https:\/\/www.fiscalia.gov.co\/colombia\/#\/schema\/logo\/image\/"},"sameAs":["https:\/\/www.facebook.com\/FiscaliaCol","https:\/\/x.com\/FiscaliaCol","https:\/\/www.instagram.com\/fiscaliacol","https:\/\/www.linkedin.com\/company\/fiscalia-general-de-la-naci-n\/","https:\/\/youtube.com\/@fiscaliageneraldelanacion-4668?si=6nN79nyQICPU5iTh"]},{"@type":"Person","@id":"https:\/\/www.fiscalia.gov.co\/colombia\/#\/schema\/person\/bf84402cf293a5393e9c70b111020b24","name":"Jordan Leandro Oviedo Anzola","image":{"@type":"ImageObject","inLanguage":"es-CO","@id":"https:\/\/www.fiscalia.gov.co\/colombia\/#\/schema\/person\/image\/","url":"https:\/\/secure.gravatar.com\/avatar\/dabba4346fa9b9207d96adafa8f92721?s=96&d=mm&r=g","contentUrl":"https:\/\/secure.gravatar.com\/avatar\/dabba4346fa9b9207d96adafa8f92721?s=96&d=mm&r=g","caption":"Jordan Leandro Oviedo Anzola"},"url":"https:\/\/www.fiscalia.gov.co\/colombia\/author\/joviedo\/"}]}},"_links":{"self":[{"href":"https:\/\/www.fiscalia.gov.co\/colombia\/wp-json\/wp\/v2\/posts\/284410","targetHints":{"allow":["GET"]}}],"collection":[{"href":"https:\/\/www.fiscalia.gov.co\/colombia\/wp-json\/wp\/v2\/posts"}],"about":[{"href":"https:\/\/www.fiscalia.gov.co\/colombia\/wp-json\/wp\/v2\/types\/post"}],"author":[{"embeddable":true,"href":"https:\/\/www.fiscalia.gov.co\/colombia\/wp-json\/wp\/v2\/users\/177"}],"replies":[{"embeddable":true,"href":"https:\/\/www.fiscalia.gov.co\/colombia\/wp-json\/wp\/v2\/comments?post=284410"}],"version-history":[{"count":1,"href":"https:\/\/www.fiscalia.gov.co\/colombia\/wp-json\/wp\/v2\/posts\/284410\/revisions"}],"predecessor-version":[{"id":284411,"href":"https:\/\/www.fiscalia.gov.co\/colombia\/wp-json\/wp\/v2\/posts\/284410\/revisions\/284411"}],"wp:featuredmedia":[{"embeddable":true,"href":"https:\/\/www.fiscalia.gov.co\/colombia\/wp-json\/wp\/v2\/media\/284810"}],"wp:attachment":[{"href":"https:\/\/www.fiscalia.gov.co\/colombia\/wp-json\/wp\/v2\/media?parent=284410"}],"wp:term":[{"taxonomy":"category","embeddable":true,"href":"https:\/\/www.fiscalia.gov.co\/colombia\/wp-json\/wp\/v2\/categories?post=284410"},{"taxonomy":"post_tag","embeddable":true,"href":"https:\/\/www.fiscalia.gov.co\/colombia\/wp-json\/wp\/v2\/tags?post=284410"}],"curies":[{"name":"wp","href":"https:\/\/api.w.org\/{rel}","templated":true}]}}