{"id":284390,"date":"2023-12-03T16:13:14","date_gmt":"2023-12-03T21:13:14","guid":{"rendered":"https:\/\/www.fiscalia.gov.co\/colombia\/?p=284390"},"modified":"2023-12-12T08:56:30","modified_gmt":"2023-12-12T13:56:30","slug":"fiscalia-obtiene-medidas-cautelares-sobre-bienes-que-pertenecerian-a-macaco-memo-fantasma-y-al-bloque-elmer-cardenas-de-las-extintas-auc","status":"publish","type":"post","link":"https:\/\/www.fiscalia.gov.co\/colombia\/noticias\/fiscalia-obtiene-medidas-cautelares-sobre-bienes-que-pertenecerian-a-macaco-memo-fantasma-y-al-bloque-elmer-cardenas-de-las-extintas-auc\/","title":{"rendered":"Fiscal\u00eda obtiene medidas cautelares sobre bienes que pertenecer\u00edan a \u2018Macaco\u2019, \u2018Memo Fantasma\u2019 y al Bloque \u00c9lmer C\u00e1rdenas de las extintas AUC"},"content":{"rendered":"<blockquote>\n<ul style=\"text-align: left;\">\n<li>\n<h4 style=\"text-align: left;\"><strong><em>Las propiedades superar\u00edan en valor los 161.859 millones de pesos.<\/em><\/strong><\/h4>\n<\/li>\n<li>\n<h4><strong><em>Uno de los predios afectados es un globo de terreno conocido como La Virgen de Cobre, estimado comercialmente en cerca de 100.000 millones de pesos.<\/em><\/strong><\/h4>\n<\/li>\n<\/ul>\n<\/blockquote>\n<p>La Fiscal\u00eda General de la Naci\u00f3n, a trav\u00e9s de la Direcci\u00f3n de Justicia Transicional, obtuvo ante las salas de control de garant\u00edas de Justicia y Paz de los tribunales superiores de Bogot\u00e1 y Bucaramanga (Santander), medidas cautelares sobre bienes que estar\u00edan relacionados a distintas estructuras de las extintas Autodefensas Unidas de Colombia (AUC); y que superar\u00edan en valor los 161.859 millones de pesos.<\/p>\n<p><strong><u>Bienes en el Urab\u00e1 antioque\u00f1o<\/u><\/strong><\/p>\n<p>En Necocl\u00ed (Antioquia) fue afectado un predio denominado Casa La Mayor\u00eda, el cual tiene una extensi\u00f3n de 978 hect\u00e1reas y un valor superior a los 99.500 millones de pesos. El terreno hace parte de la hacienda La Virgen del Cobre, que pertenecer\u00eda a Jos\u00e9 Antonio Ocampo Obando, alias Pelusa, uno de los se\u00f1alados financiadores del Bloque Elmer C\u00e1rdenas de las AUC.<\/p>\n<p>Esta es la segunda fase de intervenci\u00f3n a esta propiedad, que ser\u00eda la de mayor valor patrimonial que se puso a disposici\u00f3n del Fondo para la Reparaci\u00f3n a las V\u00edctimas, desde la puesta en marcha de la Ley de Justicia y Paz. El pasado 3 de octubre, en la primera etapa, fueron impuestas medidas cautelares sobre 30 predios de La Virgen del Cobre, estimados comercialmente en 120.000 millones de pesos.<\/p>\n<p>El valor comercial total de La Virgen del Cobre asciende a 219.500 millones de pesos. Esta propiedad fue puesta a disposici\u00f3n del Fondo en cumplimiento de la cuarta fase de entrega de bienes.<\/p>\n<p><strong><u>Golpe al patrimonio de alias Macaco<\/u><\/strong><\/p>\n<p>En la vereda La Malena, en Puerto Berrio (Antioquia), est\u00e1 ubicada la hacienda Balkanes, que estar\u00eda relacionada con el exjefe paramilitar Carlos Mario Jim\u00e9nez Naranjo, alias Macaco.<\/p>\n<p>El bien afectado tiene una extensi\u00f3n de 2.131 hect\u00e1reas y un valor cercano a los 42.000 millones de pesos. Los elementos de prueba indican que habr\u00eda servido como punto de concentraci\u00f3n para las estructuras armadas del Bloque Central Bol\u00edvar (BCB).<\/p>\n<p><strong><u>Bienes de alias Memo Fantasma<\/u><\/strong><\/p>\n<p>Con relaci\u00f3n a Guillermo Le\u00f3n Acevedo Giraldo, alias Memo Fantasma, la Fiscal\u00eda obtuvo medidas cautelares sobre siete apartamentos ubicados en el edificio Calle 84, en el norte de Bogot\u00e1, estimados comercialmente en 13.262 millones de pesos; y la finca La Palmira, localizada en la vereda Cintura, en Pueblo Nuevo (C\u00f3rdoba), que tiene un \u00e1rea de 1.960 hect\u00e1reas y un valor superior a los 7.542 millones de pesos.<\/p>\n<p>Estos bienes estar\u00edan vinculados al actuar ilegal del Bloque Central Bol\u00edvar.<\/p>\n<p>Los predios afectados ser\u00e1n entregados en los pr\u00f3ximos d\u00edas al Fondo para la Reparaci\u00f3n a las V\u00edctimas para su administraci\u00f3n.<\/p>\n<p>Durante el periodo del Fiscal General de la Naci\u00f3n, Francisco Barbosa Delgado, se han decretado por parte de la magistratura medidas cautelares de embargo, secuestro y suspensi\u00f3n del poder dispositivo sobre 1.389 bienes, por un valor superior a los 1.6 billones de pesos, lo que representa un incremento de 276%, respecto al aval\u00fao de los bienes afectados entre 2006 y 2019.<\/p>\n<p>Esta informaci\u00f3n se publica por razones de inter\u00e9s general.<\/p>\n<p>LMFO\/JARG\/SSR\/DJT\/MRC\/<\/p>\n<p><strong><u>La Fiscal\u00eda habla con resultados.<\/u><\/strong><\/p>\n<div class=\"td-post-content tagdiv-type\">\n<div class=\"td-post-content tagdiv-type\">\n<div class=\"td-post-content tagdiv-type\">\n<div class=\"td-post-content tagdiv-type\">\n<p><i>La informaci\u00f3n contenida en este bolet\u00edn de prensa corresponde a la narraci\u00f3n de los hechos noticiosos objetivos, suministrados por los funcionarios encargados de adelantar las investigaciones penales al interior de la Fiscal\u00eda General de la Naci\u00f3n. Para el momento de la divulgaci\u00f3n de este comunicado, la situaci\u00f3n jur\u00eddica de la(s) persona(s) relacionada(s) se encuentra pendiente de resolver por la autoridad\u00a0judicial competente, siempre bajo los preceptos de la presunci\u00f3n de inocencia, consagrados en el art\u00edculo 29 de la Constituci\u00f3n Pol\u00edtica y el art\u00edculo 7\u00ba de la Ley 906 de 2004.\u00a0<\/i><\/p>\n<\/div>\n<footer>\n<div class=\"td-post-source-tags\"><\/div>\n<div class=\"td-post-sharing-bottom\"><\/div>\n<\/footer>\n<\/div>\n<footer>\n<div class=\"td-post-source-tags\"><\/div>\n<div class=\"td-post-sharing-bottom\"><\/div>\n<\/footer>\n<\/div>\n<footer>\n<div class=\"td-post-source-tags\"><\/div>\n<div class=\"td-post-sharing-bottom\"><\/div>\n<\/footer>\n<\/div>\n<footer>\n<div class=\"td-post-source-tags\"><\/div>\n<div class=\"td-post-sharing-bottom\"><\/div>\n<\/footer>\n\n<div class=\"twitter-share\"><a href=\"https:\/\/twitter.com\/intent\/tweet?via=fiscaliacol\" class=\"twitter-share-button\">Tweet<\/a><\/div>\n","protected":false},"excerpt":{"rendered":"<p>Las propiedades superar\u00edan en valor los 161.859 millones de pesos. Uno de los predios afectados es un globo de terreno conocido como La Virgen de Cobre, estimado comercialmente en cerca [&hellip;]<\/p>\n","protected":false},"author":175,"featured_media":284781,"comment_status":"closed","ping_status":"open","sticky":false,"template":"","format":"video","meta":{"tdm_status":"","tdm_grid_status":"","footnotes":""},"categories":[24101,1],"tags":[24189,78,24526,1047],"class_list":["post-284390","post","type-post","status-publish","format-video","has-post-thumbnail","category-justicia-transicional","category-noticias","tag-fiscal-francisco-barbosa-delgado","tag-fiscal-general-de-la-nacion","tag-fiscal-general-francisco-barbosa-delgado","tag-fiscalia-general-de-la-nacion","post_format-post-format-video"],"yoast_head":"<!-- This site is optimized with the Yoast SEO plugin v24.3 - https:\/\/yoast.com\/wordpress\/plugins\/seo\/ -->\n<title>Fiscal\u00eda General de la Naci\u00f3n<\/title>\n<meta name=\"description\" content=\"P\u00e1gina oficial de la Fiscal\u00eda General de la Naci\u00f3n \u2013 Colombia. Garantizamos el acceso efectivo a la justicia, la verdad y la reparaci\u00f3n de las v\u00edctimas de los delitos.\" \/>\n<meta name=\"robots\" content=\"noindex, follow\" \/>\n<meta property=\"og:locale\" content=\"es_ES\" \/>\n<meta property=\"og:type\" content=\"article\" \/>\n<meta property=\"og:title\" content=\"Fiscal\u00eda General de la Naci\u00f3n\" \/>\n<meta property=\"og:description\" content=\"P\u00e1gina oficial de la Fiscal\u00eda General de la Naci\u00f3n \u2013 Colombia. Garantizamos el acceso efectivo a la justicia, la verdad y la reparaci\u00f3n de las v\u00edctimas de los delitos.\" \/>\n<meta property=\"og:url\" content=\"https:\/\/www.fiscalia.gov.co\/colombia\/noticias\/fiscalia-obtiene-medidas-cautelares-sobre-bienes-que-pertenecerian-a-macaco-memo-fantasma-y-al-bloque-elmer-cardenas-de-las-extintas-auc\/\" \/>\n<meta property=\"og:site_name\" content=\"Fiscal\u00eda General de la Naci\u00f3n\" \/>\n<meta property=\"article:publisher\" content=\"https:\/\/www.facebook.com\/FiscaliaCol\" \/>\n<meta property=\"article:published_time\" content=\"2023-12-03T21:13:14+00:00\" \/>\n<meta property=\"article:modified_time\" content=\"2023-12-12T13:56:30+00:00\" \/>\n<meta property=\"og:image\" content=\"https:\/\/www.fiscalia.gov.co\/colombia\/wp-content\/uploads\/maxresdefault-1304.jpg\" \/>\n\t<meta property=\"og:image:width\" content=\"1280\" \/>\n\t<meta property=\"og:image:height\" content=\"720\" \/>\n\t<meta property=\"og:image:type\" content=\"image\/jpeg\" \/>\n<meta name=\"author\" content=\"Katherine Loaiza Mart\u00ednez\" \/>\n<meta name=\"twitter:card\" content=\"summary_large_image\" \/>\n<meta name=\"twitter:creator\" content=\"@FiscaliaCol\" \/>\n<meta name=\"twitter:site\" content=\"@FiscaliaCol\" \/>\n<meta name=\"twitter:label1\" content=\"Escrito por\" \/>\n\t<meta name=\"twitter:data1\" content=\"Katherine Loaiza Mart\u00ednez\" \/>\n\t<meta name=\"twitter:label2\" content=\"Tiempo de lectura\" \/>\n\t<meta name=\"twitter:data2\" content=\"3 minutos\" \/>\n<script type=\"application\/ld+json\" class=\"yoast-schema-graph\">{\"@context\":\"https:\/\/schema.org\",\"@graph\":[{\"@type\":\"Article\",\"@id\":\"https:\/\/www.fiscalia.gov.co\/colombia\/noticias\/fiscalia-obtiene-medidas-cautelares-sobre-bienes-que-pertenecerian-a-macaco-memo-fantasma-y-al-bloque-elmer-cardenas-de-las-extintas-auc\/#article\",\"isPartOf\":{\"@id\":\"https:\/\/www.fiscalia.gov.co\/colombia\/noticias\/fiscalia-obtiene-medidas-cautelares-sobre-bienes-que-pertenecerian-a-macaco-memo-fantasma-y-al-bloque-elmer-cardenas-de-las-extintas-auc\/\"},\"author\":{\"name\":\"Katherine Loaiza Mart\u00ednez\",\"@id\":\"https:\/\/www.fiscalia.gov.co\/colombia\/#\/schema\/person\/2e76b9aba5ecf875ed565ce4de0e0415\"},\"headline\":\"Fiscal\u00eda obtiene medidas cautelares sobre bienes que pertenecer\u00edan a \u2018Macaco\u2019, \u2018Memo Fantasma\u2019 y al Bloque \u00c9lmer C\u00e1rdenas de las extintas AUC\",\"datePublished\":\"2023-12-03T21:13:14+00:00\",\"dateModified\":\"2023-12-12T13:56:30+00:00\",\"mainEntityOfPage\":{\"@id\":\"https:\/\/www.fiscalia.gov.co\/colombia\/noticias\/fiscalia-obtiene-medidas-cautelares-sobre-bienes-que-pertenecerian-a-macaco-memo-fantasma-y-al-bloque-elmer-cardenas-de-las-extintas-auc\/\"},\"wordCount\":676,\"publisher\":{\"@id\":\"https:\/\/www.fiscalia.gov.co\/colombia\/#organization\"},\"image\":{\"@id\":\"https:\/\/www.fiscalia.gov.co\/colombia\/noticias\/fiscalia-obtiene-medidas-cautelares-sobre-bienes-que-pertenecerian-a-macaco-memo-fantasma-y-al-bloque-elmer-cardenas-de-las-extintas-auc\/#primaryimage\"},\"thumbnailUrl\":\"https:\/\/www.fiscalia.gov.co\/colombia\/wp-content\/uploads\/maxresdefault-1304.jpg\",\"keywords\":[\"Fiscal Francisco Barbosa Delgado\",\"Fiscal General de la Naci\u00f3n\",\"Fiscal General Francisco Barbosa Delgado\",\"Fiscal\u00eda General de la Naci\u00f3n\"],\"articleSection\":[\"Justicia Transicional\",\"Noticias\"],\"inLanguage\":\"es-CO\"},{\"@type\":\"WebPage\",\"@id\":\"https:\/\/www.fiscalia.gov.co\/colombia\/noticias\/fiscalia-obtiene-medidas-cautelares-sobre-bienes-que-pertenecerian-a-macaco-memo-fantasma-y-al-bloque-elmer-cardenas-de-las-extintas-auc\/\",\"url\":\"https:\/\/www.fiscalia.gov.co\/colombia\/noticias\/fiscalia-obtiene-medidas-cautelares-sobre-bienes-que-pertenecerian-a-macaco-memo-fantasma-y-al-bloque-elmer-cardenas-de-las-extintas-auc\/\",\"name\":\"Fiscal\u00eda General de la Naci\u00f3n\",\"isPartOf\":{\"@id\":\"https:\/\/www.fiscalia.gov.co\/colombia\/#website\"},\"primaryImageOfPage\":{\"@id\":\"https:\/\/www.fiscalia.gov.co\/colombia\/noticias\/fiscalia-obtiene-medidas-cautelares-sobre-bienes-que-pertenecerian-a-macaco-memo-fantasma-y-al-bloque-elmer-cardenas-de-las-extintas-auc\/#primaryimage\"},\"image\":{\"@id\":\"https:\/\/www.fiscalia.gov.co\/colombia\/noticias\/fiscalia-obtiene-medidas-cautelares-sobre-bienes-que-pertenecerian-a-macaco-memo-fantasma-y-al-bloque-elmer-cardenas-de-las-extintas-auc\/#primaryimage\"},\"thumbnailUrl\":\"https:\/\/www.fiscalia.gov.co\/colombia\/wp-content\/uploads\/maxresdefault-1304.jpg\",\"datePublished\":\"2023-12-03T21:13:14+00:00\",\"dateModified\":\"2023-12-12T13:56:30+00:00\",\"description\":\"P\u00e1gina oficial de la Fiscal\u00eda General de la Naci\u00f3n \u2013 Colombia. Garantizamos el acceso efectivo a la justicia, la verdad y la reparaci\u00f3n de las v\u00edctimas de los delitos.\",\"breadcrumb\":{\"@id\":\"https:\/\/www.fiscalia.gov.co\/colombia\/noticias\/fiscalia-obtiene-medidas-cautelares-sobre-bienes-que-pertenecerian-a-macaco-memo-fantasma-y-al-bloque-elmer-cardenas-de-las-extintas-auc\/#breadcrumb\"},\"inLanguage\":\"es-CO\",\"potentialAction\":[{\"@type\":\"ReadAction\",\"target\":[\"https:\/\/www.fiscalia.gov.co\/colombia\/noticias\/fiscalia-obtiene-medidas-cautelares-sobre-bienes-que-pertenecerian-a-macaco-memo-fantasma-y-al-bloque-elmer-cardenas-de-las-extintas-auc\/\"]}]},{\"@type\":\"ImageObject\",\"inLanguage\":\"es-CO\",\"@id\":\"https:\/\/www.fiscalia.gov.co\/colombia\/noticias\/fiscalia-obtiene-medidas-cautelares-sobre-bienes-que-pertenecerian-a-macaco-memo-fantasma-y-al-bloque-elmer-cardenas-de-las-extintas-auc\/#primaryimage\",\"url\":\"https:\/\/www.fiscalia.gov.co\/colombia\/wp-content\/uploads\/maxresdefault-1304.jpg\",\"contentUrl\":\"https:\/\/www.fiscalia.gov.co\/colombia\/wp-content\/uploads\/maxresdefault-1304.jpg\",\"width\":1280,\"height\":720},{\"@type\":\"BreadcrumbList\",\"@id\":\"https:\/\/www.fiscalia.gov.co\/colombia\/noticias\/fiscalia-obtiene-medidas-cautelares-sobre-bienes-que-pertenecerian-a-macaco-memo-fantasma-y-al-bloque-elmer-cardenas-de-las-extintas-auc\/#breadcrumb\",\"itemListElement\":[{\"@type\":\"ListItem\",\"position\":1,\"name\":\"Home\",\"item\":\"https:\/\/www.fiscalia.gov.co\/colombia\/\"},{\"@type\":\"ListItem\",\"position\":2,\"name\":\"Fiscal\u00eda obtiene medidas cautelares sobre bienes que pertenecer\u00edan a \u2018Macaco\u2019, \u2018Memo Fantasma\u2019 y al Bloque \u00c9lmer C\u00e1rdenas de las extintas AUC\"}]},{\"@type\":\"WebSite\",\"@id\":\"https:\/\/www.fiscalia.gov.co\/colombia\/#website\",\"url\":\"https:\/\/www.fiscalia.gov.co\/colombia\/\",\"name\":\"Fiscal\u00eda General de la Naci\u00f3n\",\"description\":\"P\u00e1gina oficial de la Fiscal\u00eda General de la Naci\u00f3n \u2013 Colombia. Garantizamos el acceso efectivo a la justicia, la verdad y la reparaci\u00f3n de las v\u00edctimas de los delitos.\",\"publisher\":{\"@id\":\"https:\/\/www.fiscalia.gov.co\/colombia\/#organization\"},\"potentialAction\":[{\"@type\":\"SearchAction\",\"target\":{\"@type\":\"EntryPoint\",\"urlTemplate\":\"https:\/\/www.fiscalia.gov.co\/colombia\/?s={search_term_string}\"},\"query-input\":{\"@type\":\"PropertyValueSpecification\",\"valueRequired\":true,\"valueName\":\"search_term_string\"}}],\"inLanguage\":\"es-CO\"},{\"@type\":\"Organization\",\"@id\":\"https:\/\/www.fiscalia.gov.co\/colombia\/#organization\",\"name\":\"Fiscal\u00eda General de la Naci\u00f3n\",\"url\":\"https:\/\/www.fiscalia.gov.co\/colombia\/\",\"logo\":{\"@type\":\"ImageObject\",\"inLanguage\":\"es-CO\",\"@id\":\"https:\/\/www.fiscalia.gov.co\/colombia\/#\/schema\/logo\/image\/\",\"url\":\"https:\/\/www.fiscalia.gov.co\/colombia\/wp-content\/uploads\/LogoHorizontal_1.jpg\",\"contentUrl\":\"https:\/\/www.fiscalia.gov.co\/colombia\/wp-content\/uploads\/LogoHorizontal_1.jpg\",\"width\":300,\"height\":90,\"caption\":\"Fiscal\u00eda General de la Naci\u00f3n\"},\"image\":{\"@id\":\"https:\/\/www.fiscalia.gov.co\/colombia\/#\/schema\/logo\/image\/\"},\"sameAs\":[\"https:\/\/www.facebook.com\/FiscaliaCol\",\"https:\/\/x.com\/FiscaliaCol\",\"https:\/\/www.instagram.com\/fiscaliacol\",\"https:\/\/www.linkedin.com\/company\/fiscalia-general-de-la-naci-n\/\",\"https:\/\/youtube.com\/@fiscaliageneraldelanacion-4668?si=6nN79nyQICPU5iTh\"]},{\"@type\":\"Person\",\"@id\":\"https:\/\/www.fiscalia.gov.co\/colombia\/#\/schema\/person\/2e76b9aba5ecf875ed565ce4de0e0415\",\"name\":\"Katherine Loaiza Mart\u00ednez\",\"image\":{\"@type\":\"ImageObject\",\"inLanguage\":\"es-CO\",\"@id\":\"https:\/\/www.fiscalia.gov.co\/colombia\/#\/schema\/person\/image\/\",\"url\":\"https:\/\/secure.gravatar.com\/avatar\/ab775a2f394c1b83b6d6f78680e57b50?s=96&d=mm&r=g\",\"contentUrl\":\"https:\/\/secure.gravatar.com\/avatar\/ab775a2f394c1b83b6d6f78680e57b50?s=96&d=mm&r=g\",\"caption\":\"Katherine Loaiza Mart\u00ednez\"},\"url\":\"https:\/\/www.fiscalia.gov.co\/colombia\/author\/kloaiza\/\"}]}<\/script>\n<!-- \/ Yoast SEO plugin. -->","yoast_head_json":{"title":"Fiscal\u00eda General de la Naci\u00f3n","description":"P\u00e1gina oficial de la Fiscal\u00eda General de la Naci\u00f3n \u2013 Colombia. Garantizamos el acceso efectivo a la justicia, la verdad y la reparaci\u00f3n de las v\u00edctimas de los delitos.","robots":{"index":"noindex","follow":"follow"},"og_locale":"es_ES","og_type":"article","og_title":"Fiscal\u00eda General de la Naci\u00f3n","og_description":"P\u00e1gina oficial de la Fiscal\u00eda General de la Naci\u00f3n \u2013 Colombia. Garantizamos el acceso efectivo a la justicia, la verdad y la reparaci\u00f3n de las v\u00edctimas de los delitos.","og_url":"https:\/\/www.fiscalia.gov.co\/colombia\/noticias\/fiscalia-obtiene-medidas-cautelares-sobre-bienes-que-pertenecerian-a-macaco-memo-fantasma-y-al-bloque-elmer-cardenas-de-las-extintas-auc\/","og_site_name":"Fiscal\u00eda General de la Naci\u00f3n","article_publisher":"https:\/\/www.facebook.com\/FiscaliaCol","article_published_time":"2023-12-03T21:13:14+00:00","article_modified_time":"2023-12-12T13:56:30+00:00","og_image":[{"width":1280,"height":720,"url":"https:\/\/www.fiscalia.gov.co\/colombia\/wp-content\/uploads\/maxresdefault-1304.jpg","type":"image\/jpeg"}],"author":"Katherine Loaiza Mart\u00ednez","twitter_card":"summary_large_image","twitter_creator":"@FiscaliaCol","twitter_site":"@FiscaliaCol","twitter_misc":{"Escrito por":"Katherine Loaiza Mart\u00ednez","Tiempo de lectura":"3 minutos"},"schema":{"@context":"https:\/\/schema.org","@graph":[{"@type":"Article","@id":"https:\/\/www.fiscalia.gov.co\/colombia\/noticias\/fiscalia-obtiene-medidas-cautelares-sobre-bienes-que-pertenecerian-a-macaco-memo-fantasma-y-al-bloque-elmer-cardenas-de-las-extintas-auc\/#article","isPartOf":{"@id":"https:\/\/www.fiscalia.gov.co\/colombia\/noticias\/fiscalia-obtiene-medidas-cautelares-sobre-bienes-que-pertenecerian-a-macaco-memo-fantasma-y-al-bloque-elmer-cardenas-de-las-extintas-auc\/"},"author":{"name":"Katherine Loaiza Mart\u00ednez","@id":"https:\/\/www.fiscalia.gov.co\/colombia\/#\/schema\/person\/2e76b9aba5ecf875ed565ce4de0e0415"},"headline":"Fiscal\u00eda obtiene medidas cautelares sobre bienes que pertenecer\u00edan a \u2018Macaco\u2019, \u2018Memo Fantasma\u2019 y al Bloque \u00c9lmer C\u00e1rdenas de las extintas AUC","datePublished":"2023-12-03T21:13:14+00:00","dateModified":"2023-12-12T13:56:30+00:00","mainEntityOfPage":{"@id":"https:\/\/www.fiscalia.gov.co\/colombia\/noticias\/fiscalia-obtiene-medidas-cautelares-sobre-bienes-que-pertenecerian-a-macaco-memo-fantasma-y-al-bloque-elmer-cardenas-de-las-extintas-auc\/"},"wordCount":676,"publisher":{"@id":"https:\/\/www.fiscalia.gov.co\/colombia\/#organization"},"image":{"@id":"https:\/\/www.fiscalia.gov.co\/colombia\/noticias\/fiscalia-obtiene-medidas-cautelares-sobre-bienes-que-pertenecerian-a-macaco-memo-fantasma-y-al-bloque-elmer-cardenas-de-las-extintas-auc\/#primaryimage"},"thumbnailUrl":"https:\/\/www.fiscalia.gov.co\/colombia\/wp-content\/uploads\/maxresdefault-1304.jpg","keywords":["Fiscal Francisco Barbosa Delgado","Fiscal General de la Naci\u00f3n","Fiscal General Francisco Barbosa Delgado","Fiscal\u00eda General de la Naci\u00f3n"],"articleSection":["Justicia Transicional","Noticias"],"inLanguage":"es-CO"},{"@type":"WebPage","@id":"https:\/\/www.fiscalia.gov.co\/colombia\/noticias\/fiscalia-obtiene-medidas-cautelares-sobre-bienes-que-pertenecerian-a-macaco-memo-fantasma-y-al-bloque-elmer-cardenas-de-las-extintas-auc\/","url":"https:\/\/www.fiscalia.gov.co\/colombia\/noticias\/fiscalia-obtiene-medidas-cautelares-sobre-bienes-que-pertenecerian-a-macaco-memo-fantasma-y-al-bloque-elmer-cardenas-de-las-extintas-auc\/","name":"Fiscal\u00eda General de la Naci\u00f3n","isPartOf":{"@id":"https:\/\/www.fiscalia.gov.co\/colombia\/#website"},"primaryImageOfPage":{"@id":"https:\/\/www.fiscalia.gov.co\/colombia\/noticias\/fiscalia-obtiene-medidas-cautelares-sobre-bienes-que-pertenecerian-a-macaco-memo-fantasma-y-al-bloque-elmer-cardenas-de-las-extintas-auc\/#primaryimage"},"image":{"@id":"https:\/\/www.fiscalia.gov.co\/colombia\/noticias\/fiscalia-obtiene-medidas-cautelares-sobre-bienes-que-pertenecerian-a-macaco-memo-fantasma-y-al-bloque-elmer-cardenas-de-las-extintas-auc\/#primaryimage"},"thumbnailUrl":"https:\/\/www.fiscalia.gov.co\/colombia\/wp-content\/uploads\/maxresdefault-1304.jpg","datePublished":"2023-12-03T21:13:14+00:00","dateModified":"2023-12-12T13:56:30+00:00","description":"P\u00e1gina oficial de la Fiscal\u00eda General de la Naci\u00f3n \u2013 Colombia. Garantizamos el acceso efectivo a la justicia, la verdad y la reparaci\u00f3n de las v\u00edctimas de los delitos.","breadcrumb":{"@id":"https:\/\/www.fiscalia.gov.co\/colombia\/noticias\/fiscalia-obtiene-medidas-cautelares-sobre-bienes-que-pertenecerian-a-macaco-memo-fantasma-y-al-bloque-elmer-cardenas-de-las-extintas-auc\/#breadcrumb"},"inLanguage":"es-CO","potentialAction":[{"@type":"ReadAction","target":["https:\/\/www.fiscalia.gov.co\/colombia\/noticias\/fiscalia-obtiene-medidas-cautelares-sobre-bienes-que-pertenecerian-a-macaco-memo-fantasma-y-al-bloque-elmer-cardenas-de-las-extintas-auc\/"]}]},{"@type":"ImageObject","inLanguage":"es-CO","@id":"https:\/\/www.fiscalia.gov.co\/colombia\/noticias\/fiscalia-obtiene-medidas-cautelares-sobre-bienes-que-pertenecerian-a-macaco-memo-fantasma-y-al-bloque-elmer-cardenas-de-las-extintas-auc\/#primaryimage","url":"https:\/\/www.fiscalia.gov.co\/colombia\/wp-content\/uploads\/maxresdefault-1304.jpg","contentUrl":"https:\/\/www.fiscalia.gov.co\/colombia\/wp-content\/uploads\/maxresdefault-1304.jpg","width":1280,"height":720},{"@type":"BreadcrumbList","@id":"https:\/\/www.fiscalia.gov.co\/colombia\/noticias\/fiscalia-obtiene-medidas-cautelares-sobre-bienes-que-pertenecerian-a-macaco-memo-fantasma-y-al-bloque-elmer-cardenas-de-las-extintas-auc\/#breadcrumb","itemListElement":[{"@type":"ListItem","position":1,"name":"Home","item":"https:\/\/www.fiscalia.gov.co\/colombia\/"},{"@type":"ListItem","position":2,"name":"Fiscal\u00eda obtiene medidas cautelares sobre bienes que pertenecer\u00edan a \u2018Macaco\u2019, \u2018Memo Fantasma\u2019 y al Bloque \u00c9lmer C\u00e1rdenas de las extintas AUC"}]},{"@type":"WebSite","@id":"https:\/\/www.fiscalia.gov.co\/colombia\/#website","url":"https:\/\/www.fiscalia.gov.co\/colombia\/","name":"Fiscal\u00eda General de la Naci\u00f3n","description":"P\u00e1gina oficial de la Fiscal\u00eda General de la Naci\u00f3n \u2013 Colombia. Garantizamos el acceso efectivo a la justicia, la verdad y la reparaci\u00f3n de las v\u00edctimas de los delitos.","publisher":{"@id":"https:\/\/www.fiscalia.gov.co\/colombia\/#organization"},"potentialAction":[{"@type":"SearchAction","target":{"@type":"EntryPoint","urlTemplate":"https:\/\/www.fiscalia.gov.co\/colombia\/?s={search_term_string}"},"query-input":{"@type":"PropertyValueSpecification","valueRequired":true,"valueName":"search_term_string"}}],"inLanguage":"es-CO"},{"@type":"Organization","@id":"https:\/\/www.fiscalia.gov.co\/colombia\/#organization","name":"Fiscal\u00eda General de la Naci\u00f3n","url":"https:\/\/www.fiscalia.gov.co\/colombia\/","logo":{"@type":"ImageObject","inLanguage":"es-CO","@id":"https:\/\/www.fiscalia.gov.co\/colombia\/#\/schema\/logo\/image\/","url":"https:\/\/www.fiscalia.gov.co\/colombia\/wp-content\/uploads\/LogoHorizontal_1.jpg","contentUrl":"https:\/\/www.fiscalia.gov.co\/colombia\/wp-content\/uploads\/LogoHorizontal_1.jpg","width":300,"height":90,"caption":"Fiscal\u00eda General de la Naci\u00f3n"},"image":{"@id":"https:\/\/www.fiscalia.gov.co\/colombia\/#\/schema\/logo\/image\/"},"sameAs":["https:\/\/www.facebook.com\/FiscaliaCol","https:\/\/x.com\/FiscaliaCol","https:\/\/www.instagram.com\/fiscaliacol","https:\/\/www.linkedin.com\/company\/fiscalia-general-de-la-naci-n\/","https:\/\/youtube.com\/@fiscaliageneraldelanacion-4668?si=6nN79nyQICPU5iTh"]},{"@type":"Person","@id":"https:\/\/www.fiscalia.gov.co\/colombia\/#\/schema\/person\/2e76b9aba5ecf875ed565ce4de0e0415","name":"Katherine Loaiza Mart\u00ednez","image":{"@type":"ImageObject","inLanguage":"es-CO","@id":"https:\/\/www.fiscalia.gov.co\/colombia\/#\/schema\/person\/image\/","url":"https:\/\/secure.gravatar.com\/avatar\/ab775a2f394c1b83b6d6f78680e57b50?s=96&d=mm&r=g","contentUrl":"https:\/\/secure.gravatar.com\/avatar\/ab775a2f394c1b83b6d6f78680e57b50?s=96&d=mm&r=g","caption":"Katherine Loaiza Mart\u00ednez"},"url":"https:\/\/www.fiscalia.gov.co\/colombia\/author\/kloaiza\/"}]}},"_links":{"self":[{"href":"https:\/\/www.fiscalia.gov.co\/colombia\/wp-json\/wp\/v2\/posts\/284390","targetHints":{"allow":["GET"]}}],"collection":[{"href":"https:\/\/www.fiscalia.gov.co\/colombia\/wp-json\/wp\/v2\/posts"}],"about":[{"href":"https:\/\/www.fiscalia.gov.co\/colombia\/wp-json\/wp\/v2\/types\/post"}],"author":[{"embeddable":true,"href":"https:\/\/www.fiscalia.gov.co\/colombia\/wp-json\/wp\/v2\/users\/175"}],"replies":[{"embeddable":true,"href":"https:\/\/www.fiscalia.gov.co\/colombia\/wp-json\/wp\/v2\/comments?post=284390"}],"version-history":[{"count":1,"href":"https:\/\/www.fiscalia.gov.co\/colombia\/wp-json\/wp\/v2\/posts\/284390\/revisions"}],"predecessor-version":[{"id":284391,"href":"https:\/\/www.fiscalia.gov.co\/colombia\/wp-json\/wp\/v2\/posts\/284390\/revisions\/284391"}],"wp:featuredmedia":[{"embeddable":true,"href":"https:\/\/www.fiscalia.gov.co\/colombia\/wp-json\/wp\/v2\/media\/284781"}],"wp:attachment":[{"href":"https:\/\/www.fiscalia.gov.co\/colombia\/wp-json\/wp\/v2\/media?parent=284390"}],"wp:term":[{"taxonomy":"category","embeddable":true,"href":"https:\/\/www.fiscalia.gov.co\/colombia\/wp-json\/wp\/v2\/categories?post=284390"},{"taxonomy":"post_tag","embeddable":true,"href":"https:\/\/www.fiscalia.gov.co\/colombia\/wp-json\/wp\/v2\/tags?post=284390"}],"curies":[{"name":"wp","href":"https:\/\/api.w.org\/{rel}","templated":true}]}}