{"id":284334,"date":"2023-12-01T15:21:01","date_gmt":"2023-12-01T20:21:01","guid":{"rendered":"https:\/\/www.fiscalia.gov.co\/colombia\/?p=284334"},"modified":"2023-12-01T15:30:41","modified_gmt":"2023-12-01T20:30:41","slug":"carcel-para-presuntos-responsables-del-homicidio-de-dos-hombres-en-quindio","status":"publish","type":"post","link":"https:\/\/www.fiscalia.gov.co\/colombia\/noticias\/carcel-para-presuntos-responsables-del-homicidio-de-dos-hombres-en-quindio\/","title":{"rendered":"C\u00e1rcel para presuntos responsables del homicidio de dos hombres en Quind\u00edo"},"content":{"rendered":"<p>La Fiscal\u00eda General de la Naci\u00f3n, a trav\u00e9s de la Seccional Quind\u00edo imput\u00f3 a dos personas, de acuerdo con su presunta responsabilidad individual, por los delitos de homicidio, homicidio agravado y fabricaci\u00f3n, tr\u00e1fico, porte o tenencia de armas de fuego.\u00a0 Se trata de dos hechos independientes en los que jueces de control de garant\u00edas ordenaron privar de la libertad en centro carcelario a los investigados.<\/p>\n<p>Uno de los casos ocurri\u00f3 el 30 de abril pasado, en zona boscosa del barrio La Cecilia, en Armenia (Quind\u00edo), donde Harol Estiben Gaviria Guti\u00e9rrez, alias Trompas, al parecer, lleg\u00f3 y sin mediar palabra le dispar\u00f3 a un hombre con arma de fuego en varias oportunidades, caus\u00e1ndole la muerte.<\/p>\n<figure id=\"attachment_284335\" aria-describedby=\"caption-attachment-284335\" style=\"width: 300px\" class=\"wp-caption aligncenter\"><img loading=\"lazy\" decoding=\"async\" class=\"size-medium wp-image-284335\" src=\"https:\/\/www.fiscalia.gov.co\/colombia\/wp-content\/uploads\/HAROL-ESTIBEN-GAVIRIA-GUTIERREZ-1-300x226.jpg\" alt=\"Se observa al capturado de espaldas y a cada costado un funcionario de Polic\u00eda Nacional. Atr\u00e1s un pend\u00f3n de Polic\u00eda Nacional\" width=\"300\" height=\"226\" srcset=\"https:\/\/www.fiscalia.gov.co\/colombia\/wp-content\/uploads\/HAROL-ESTIBEN-GAVIRIA-GUTIERREZ-1-300x226.jpg 300w, https:\/\/www.fiscalia.gov.co\/colombia\/wp-content\/uploads\/HAROL-ESTIBEN-GAVIRIA-GUTIERREZ-1-1024x771.jpg 1024w, https:\/\/www.fiscalia.gov.co\/colombia\/wp-content\/uploads\/HAROL-ESTIBEN-GAVIRIA-GUTIERREZ-1-768x578.jpg 768w, https:\/\/www.fiscalia.gov.co\/colombia\/wp-content\/uploads\/HAROL-ESTIBEN-GAVIRIA-GUTIERREZ-1-1536x1156.jpg 1536w, https:\/\/www.fiscalia.gov.co\/colombia\/wp-content\/uploads\/HAROL-ESTIBEN-GAVIRIA-GUTIERREZ-1-696x524.jpg 696w, https:\/\/www.fiscalia.gov.co\/colombia\/wp-content\/uploads\/HAROL-ESTIBEN-GAVIRIA-GUTIERREZ-1-1068x804.jpg 1068w, https:\/\/www.fiscalia.gov.co\/colombia\/wp-content\/uploads\/HAROL-ESTIBEN-GAVIRIA-GUTIERREZ-1-558x420.jpg 558w, https:\/\/www.fiscalia.gov.co\/colombia\/wp-content\/uploads\/HAROL-ESTIBEN-GAVIRIA-GUTIERREZ-1-80x60.jpg 80w, https:\/\/www.fiscalia.gov.co\/colombia\/wp-content\/uploads\/HAROL-ESTIBEN-GAVIRIA-GUTIERREZ-1.jpg 1600w\" sizes=\"auto, (max-width: 300px) 100vw, 300px\" \/><figcaption id=\"caption-attachment-284335\" class=\"wp-caption-text\">Harol Estiben Gaviria Guti\u00e9rrez ser\u00eda responsable de un homicidio ocurrido en Armenia (Quind\u00edo)<\/figcaption><\/figure>\n<p>Por este hecho, Gaviria Guti\u00e9rrez fue capturado este 23 de noviembre, en v\u00eda p\u00fablica de Armenia por uniformados de la Polic\u00eda Nacional.<\/p>\n<p>Asimismo, este 30 de abril en la vereda Aguacatal del municipio de Calarc\u00e1 (Quind\u00edo), Jefferson Alberto Rosero Medina se habr\u00eda comunicado con la v\u00edctima para convencerlo de que asistiera a un encuentro deportivo.\u00a0 Al parecer cuando este se dirig\u00eda al lugar fue herido con arma de fuego lo que le provoc\u00f3 la muerte. De acuerdo con la investigaci\u00f3n, se presume que el ataque sucedi\u00f3 por motivos pasionales.<\/p>\n<figure id=\"attachment_284336\" aria-describedby=\"caption-attachment-284336\" style=\"width: 300px\" class=\"wp-caption aligncenter\"><img loading=\"lazy\" decoding=\"async\" class=\"size-medium wp-image-284336\" src=\"https:\/\/www.fiscalia.gov.co\/colombia\/wp-content\/uploads\/JEFFERSON-ALBERTO-ROSERO-MEDINA-300x226.jpg\" alt=\"Se observa al capturado de espaldas y a cada costado un funcionario de Polic\u00eda Nacional. Al frente una mesa con el aviso ORDEN JUDICIAL. Atr\u00e1s un pend\u00f3n de Polic\u00eda Nacional\" width=\"300\" height=\"226\" srcset=\"https:\/\/www.fiscalia.gov.co\/colombia\/wp-content\/uploads\/JEFFERSON-ALBERTO-ROSERO-MEDINA-300x226.jpg 300w, https:\/\/www.fiscalia.gov.co\/colombia\/wp-content\/uploads\/JEFFERSON-ALBERTO-ROSERO-MEDINA-1024x770.jpg 1024w, https:\/\/www.fiscalia.gov.co\/colombia\/wp-content\/uploads\/JEFFERSON-ALBERTO-ROSERO-MEDINA-768x577.jpg 768w, https:\/\/www.fiscalia.gov.co\/colombia\/wp-content\/uploads\/JEFFERSON-ALBERTO-ROSERO-MEDINA-1536x1155.jpg 1536w, https:\/\/www.fiscalia.gov.co\/colombia\/wp-content\/uploads\/JEFFERSON-ALBERTO-ROSERO-MEDINA-696x523.jpg 696w, https:\/\/www.fiscalia.gov.co\/colombia\/wp-content\/uploads\/JEFFERSON-ALBERTO-ROSERO-MEDINA-1068x803.jpg 1068w, https:\/\/www.fiscalia.gov.co\/colombia\/wp-content\/uploads\/JEFFERSON-ALBERTO-ROSERO-MEDINA-559x420.jpg 559w, https:\/\/www.fiscalia.gov.co\/colombia\/wp-content\/uploads\/JEFFERSON-ALBERTO-ROSERO-MEDINA-80x60.jpg 80w, https:\/\/www.fiscalia.gov.co\/colombia\/wp-content\/uploads\/JEFFERSON-ALBERTO-ROSERO-MEDINA.jpg 1600w\" sizes=\"auto, (max-width: 300px) 100vw, 300px\" \/><figcaption id=\"caption-attachment-284336\" class=\"wp-caption-text\">Jefferson Alberto Rosero Medina fue privado de la libertad en centro carcelario<\/figcaption><\/figure>\n<p>Agentes de la Polic\u00eda Nacional capturaron a Rosero Medina este 24 de noviembre en v\u00eda p\u00fablica de Calarc\u00e1.<\/p>\n<p>Esta informaci\u00f3n se publica por razones de inter\u00e9s general.<\/p>\n<p>&nbsp;<\/p>\n<p><strong>La Fiscal\u00eda habla con resultados.\u00a0<\/strong><\/p>\n<p>&nbsp;<\/p>\n<p>&nbsp;<\/p>\n<p>&nbsp;<\/p>\n<p>CLCG\/MG\/LFVB\/DSQ<\/p>\n<p>&nbsp;<\/p>\n<p>&nbsp;<\/p>\n<p>&nbsp;<\/p>\n<p>&nbsp;<\/p>\n<p><i>La informaci\u00f3n contenida en este bolet\u00edn de prensa corresponde a la narraci\u00f3n de los hechos noticiosos objetivos, suministrados por los funcionarios encargados de adelantar las investigaciones penales al interior de la Fiscal\u00eda General de la Naci\u00f3n. Para el momento de la divulgaci\u00f3n de este comunicado, la situaci\u00f3n jur\u00eddica de la(s) persona(s) relacionada(s) se encuentra pendiente de resolver por la autoridad\u00a0judicial competente, siempre bajo los preceptos de la presunci\u00f3n de inocencia, consagrados en el art\u00edculo 29 de la Constituci\u00f3n Pol\u00edtica y el art\u00edculo 7\u00ba de la Ley 906 de 2004.\u00a0<\/i><\/p>\n\n<div class=\"twitter-share\"><a href=\"https:\/\/twitter.com\/intent\/tweet?via=fiscaliacol\" class=\"twitter-share-button\">Tweet<\/a><\/div>\n","protected":false},"excerpt":{"rendered":"<p>La Fiscal\u00eda General de la Naci\u00f3n, a trav\u00e9s de la Seccional Quind\u00edo imput\u00f3 a dos personas, de acuerdo con su presunta responsabilidad individual, por los delitos de homicidio, homicidio agravado y fabricaci\u00f3n, tr\u00e1fico, porte o tenencia de armas de fuego.\u00a0 Se trata de dos hechos independientes en los que jueces de control de garant\u00edas ordenaron [&hellip;]<\/p>\n","protected":false},"author":179,"featured_media":0,"comment_status":"closed","ping_status":"open","sticky":false,"template":"","format":"standard","meta":{"_price":"","_stock":"","_tribe_ticket_header":"","_tribe_default_ticket_provider":"","_tribe_ticket_capacity":"0","_ticket_start_date":"","_ticket_end_date":"","_tribe_ticket_show_description":"","_tribe_ticket_show_not_going":false,"_tribe_ticket_use_global_stock":"","_tribe_ticket_global_stock_level":"","_global_stock_mode":"","_global_stock_cap":"","_tribe_rsvp_for_event":"","_tribe_ticket_going_count":"","_tribe_ticket_not_going_count":"","_tribe_tickets_list":"[]","_tribe_ticket_has_attendee_info_fields":false,"tdm_status":"","tdm_grid_status":"","footnotes":""},"categories":[1,319,303,24099],"tags":[23825,23910,24551,4140,1047,409,686,13858,25071,14817,24894,916],"class_list":{"0":"post-284334","1":"post","2":"type-post","3":"status-publish","4":"format-standard","6":"category-noticias","7":"category-seccional-armenia","8":"category-seccionales","9":"category-seguridad-territorial","10":"tag-armenia","11":"tag-calarca","12":"tag-centro-carcelario","13":"tag-fabricacion","14":"tag-fiscalia-general-de-la-nacion","15":"tag-homicidio","16":"tag-homicidio-agravado","17":"tag-imputacion","18":"tag-intramural","19":"tag-porte-o-tenencia-de-armas-de-fuego","20":"tag-seccional-quindio","21":"tag-trafico"},"yoast_head":"<!-- This site is optimized with the Yoast SEO plugin v24.3 - https:\/\/yoast.com\/wordpress\/plugins\/seo\/ -->\n<title>Fiscal\u00eda General de la Naci\u00f3n<\/title>\n<meta name=\"description\" content=\"P\u00e1gina oficial de la Fiscal\u00eda General de la Naci\u00f3n \u2013 Colombia. Garantizamos el acceso efectivo a la justicia, la verdad y la reparaci\u00f3n de las v\u00edctimas de los delitos.\" \/>\n<meta name=\"robots\" content=\"noindex, follow\" \/>\n<meta property=\"og:locale\" content=\"es_ES\" \/>\n<meta property=\"og:type\" content=\"article\" \/>\n<meta property=\"og:title\" content=\"Fiscal\u00eda General de la Naci\u00f3n\" \/>\n<meta property=\"og:description\" content=\"P\u00e1gina oficial de la Fiscal\u00eda General de la Naci\u00f3n \u2013 Colombia. Garantizamos el acceso efectivo a la justicia, la verdad y la reparaci\u00f3n de las v\u00edctimas de los delitos.\" \/>\n<meta property=\"og:url\" content=\"https:\/\/www.fiscalia.gov.co\/colombia\/noticias\/carcel-para-presuntos-responsables-del-homicidio-de-dos-hombres-en-quindio\/\" \/>\n<meta property=\"og:site_name\" content=\"Fiscal\u00eda General de la Naci\u00f3n\" \/>\n<meta property=\"article:publisher\" content=\"https:\/\/www.facebook.com\/FiscaliaCol\" \/>\n<meta property=\"article:published_time\" content=\"2023-12-01T20:21:01+00:00\" \/>\n<meta property=\"article:modified_time\" content=\"2023-12-01T20:30:41+00:00\" \/>\n<meta property=\"og:image\" content=\"https:\/\/www.fiscalia.gov.co\/colombia\/wp-content\/uploads\/HAROL-ESTIBEN-GAVIRIA-GUTIERREZ-1-300x226.jpg\" \/>\n<meta name=\"author\" content=\"Lesly Katherine Segura Camargo.\" \/>\n<meta name=\"twitter:card\" content=\"summary_large_image\" \/>\n<meta name=\"twitter:creator\" content=\"@FiscaliaCol\" \/>\n<meta name=\"twitter:site\" content=\"@FiscaliaCol\" \/>\n<meta name=\"twitter:label1\" content=\"Escrito por\" \/>\n\t<meta name=\"twitter:data1\" content=\"Lesly Katherine Segura Camargo.\" \/>\n\t<meta name=\"twitter:label2\" content=\"Tiempo de lectura\" \/>\n\t<meta name=\"twitter:data2\" content=\"2 minutos\" \/>\n<script type=\"application\/ld+json\" class=\"yoast-schema-graph\">{\"@context\":\"https:\/\/schema.org\",\"@graph\":[{\"@type\":\"Article\",\"@id\":\"https:\/\/www.fiscalia.gov.co\/colombia\/noticias\/carcel-para-presuntos-responsables-del-homicidio-de-dos-hombres-en-quindio\/#article\",\"isPartOf\":{\"@id\":\"https:\/\/www.fiscalia.gov.co\/colombia\/noticias\/carcel-para-presuntos-responsables-del-homicidio-de-dos-hombres-en-quindio\/\"},\"author\":{\"name\":\"Lesly Katherine Segura Camargo.\",\"@id\":\"https:\/\/www.fiscalia.gov.co\/colombia\/#\/schema\/person\/6be81acb78add0abcbda2c598c1d53e1\"},\"headline\":\"C\u00e1rcel para presuntos responsables del homicidio de dos hombres en Quind\u00edo\",\"datePublished\":\"2023-12-01T20:21:01+00:00\",\"dateModified\":\"2023-12-01T20:30:41+00:00\",\"mainEntityOfPage\":{\"@id\":\"https:\/\/www.fiscalia.gov.co\/colombia\/noticias\/carcel-para-presuntos-responsables-del-homicidio-de-dos-hombres-en-quindio\/\"},\"wordCount\":425,\"publisher\":{\"@id\":\"https:\/\/www.fiscalia.gov.co\/colombia\/#organization\"},\"image\":{\"@id\":\"https:\/\/www.fiscalia.gov.co\/colombia\/noticias\/carcel-para-presuntos-responsables-del-homicidio-de-dos-hombres-en-quindio\/#primaryimage\"},\"thumbnailUrl\":\"https:\/\/www.fiscalia.gov.co\/colombia\/wp-content\/uploads\/HAROL-ESTIBEN-GAVIRIA-GUTIERREZ-1-300x226.jpg\",\"keywords\":[\"Armenia\",\"Calarc\u00e1\",\"centro carcelario\",\"Fabricaci\u00f3n\",\"Fiscal\u00eda General de la Naci\u00f3n\",\"Homicidio\",\"Homicidio agravado\",\"Imputaci\u00f3n\",\"intramural\",\"porte o tenencia de armas de fuego\",\"Seccional Quind\u00edo\",\"Tr\u00e1fico\"],\"articleSection\":[\"Noticias\",\"Seccional Armenia\",\"Seccionales\",\"Seguridad territorial\"],\"inLanguage\":\"es-CO\"},{\"@type\":\"WebPage\",\"@id\":\"https:\/\/www.fiscalia.gov.co\/colombia\/noticias\/carcel-para-presuntos-responsables-del-homicidio-de-dos-hombres-en-quindio\/\",\"url\":\"https:\/\/www.fiscalia.gov.co\/colombia\/noticias\/carcel-para-presuntos-responsables-del-homicidio-de-dos-hombres-en-quindio\/\",\"name\":\"Fiscal\u00eda General de la Naci\u00f3n\",\"isPartOf\":{\"@id\":\"https:\/\/www.fiscalia.gov.co\/colombia\/#website\"},\"primaryImageOfPage\":{\"@id\":\"https:\/\/www.fiscalia.gov.co\/colombia\/noticias\/carcel-para-presuntos-responsables-del-homicidio-de-dos-hombres-en-quindio\/#primaryimage\"},\"image\":{\"@id\":\"https:\/\/www.fiscalia.gov.co\/colombia\/noticias\/carcel-para-presuntos-responsables-del-homicidio-de-dos-hombres-en-quindio\/#primaryimage\"},\"thumbnailUrl\":\"https:\/\/www.fiscalia.gov.co\/colombia\/wp-content\/uploads\/HAROL-ESTIBEN-GAVIRIA-GUTIERREZ-1-300x226.jpg\",\"datePublished\":\"2023-12-01T20:21:01+00:00\",\"dateModified\":\"2023-12-01T20:30:41+00:00\",\"description\":\"P\u00e1gina oficial de la Fiscal\u00eda General de la Naci\u00f3n \u2013 Colombia. Garantizamos el acceso efectivo a la justicia, la verdad y la reparaci\u00f3n de las v\u00edctimas de los delitos.\",\"breadcrumb\":{\"@id\":\"https:\/\/www.fiscalia.gov.co\/colombia\/noticias\/carcel-para-presuntos-responsables-del-homicidio-de-dos-hombres-en-quindio\/#breadcrumb\"},\"inLanguage\":\"es-CO\",\"potentialAction\":[{\"@type\":\"ReadAction\",\"target\":[\"https:\/\/www.fiscalia.gov.co\/colombia\/noticias\/carcel-para-presuntos-responsables-del-homicidio-de-dos-hombres-en-quindio\/\"]}]},{\"@type\":\"ImageObject\",\"inLanguage\":\"es-CO\",\"@id\":\"https:\/\/www.fiscalia.gov.co\/colombia\/noticias\/carcel-para-presuntos-responsables-del-homicidio-de-dos-hombres-en-quindio\/#primaryimage\",\"url\":\"https:\/\/www.fiscalia.gov.co\/colombia\/wp-content\/uploads\/HAROL-ESTIBEN-GAVIRIA-GUTIERREZ-1.jpg\",\"contentUrl\":\"https:\/\/www.fiscalia.gov.co\/colombia\/wp-content\/uploads\/HAROL-ESTIBEN-GAVIRIA-GUTIERREZ-1.jpg\",\"width\":1600,\"height\":1204,\"caption\":\"Harol Estiben Gaviria Guti\u00e9rrez ser\u00eda responsable de un homicidio ocurrido en Armenia (Quind\u00edo)\"},{\"@type\":\"BreadcrumbList\",\"@id\":\"https:\/\/www.fiscalia.gov.co\/colombia\/noticias\/carcel-para-presuntos-responsables-del-homicidio-de-dos-hombres-en-quindio\/#breadcrumb\",\"itemListElement\":[{\"@type\":\"ListItem\",\"position\":1,\"name\":\"Home\",\"item\":\"https:\/\/www.fiscalia.gov.co\/colombia\/\"},{\"@type\":\"ListItem\",\"position\":2,\"name\":\"C\u00e1rcel para presuntos responsables del homicidio de dos hombres en Quind\u00edo\"}]},{\"@type\":\"WebSite\",\"@id\":\"https:\/\/www.fiscalia.gov.co\/colombia\/#website\",\"url\":\"https:\/\/www.fiscalia.gov.co\/colombia\/\",\"name\":\"Fiscal\u00eda General de la Naci\u00f3n\",\"description\":\"P\u00e1gina oficial de la Fiscal\u00eda General de la Naci\u00f3n \u2013 Colombia. Garantizamos el acceso efectivo a la justicia, la verdad y la reparaci\u00f3n de las v\u00edctimas de los delitos.\",\"publisher\":{\"@id\":\"https:\/\/www.fiscalia.gov.co\/colombia\/#organization\"},\"potentialAction\":[{\"@type\":\"SearchAction\",\"target\":{\"@type\":\"EntryPoint\",\"urlTemplate\":\"https:\/\/www.fiscalia.gov.co\/colombia\/?s={search_term_string}\"},\"query-input\":{\"@type\":\"PropertyValueSpecification\",\"valueRequired\":true,\"valueName\":\"search_term_string\"}}],\"inLanguage\":\"es-CO\"},{\"@type\":\"Organization\",\"@id\":\"https:\/\/www.fiscalia.gov.co\/colombia\/#organization\",\"name\":\"Fiscal\u00eda General de la Naci\u00f3n\",\"url\":\"https:\/\/www.fiscalia.gov.co\/colombia\/\",\"logo\":{\"@type\":\"ImageObject\",\"inLanguage\":\"es-CO\",\"@id\":\"https:\/\/www.fiscalia.gov.co\/colombia\/#\/schema\/logo\/image\/\",\"url\":\"https:\/\/www.fiscalia.gov.co\/colombia\/wp-content\/uploads\/LogoHorizontal_1.jpg\",\"contentUrl\":\"https:\/\/www.fiscalia.gov.co\/colombia\/wp-content\/uploads\/LogoHorizontal_1.jpg\",\"width\":300,\"height\":90,\"caption\":\"Fiscal\u00eda General de la Naci\u00f3n\"},\"image\":{\"@id\":\"https:\/\/www.fiscalia.gov.co\/colombia\/#\/schema\/logo\/image\/\"},\"sameAs\":[\"https:\/\/www.facebook.com\/FiscaliaCol\",\"https:\/\/x.com\/FiscaliaCol\",\"https:\/\/www.instagram.com\/fiscaliacol\",\"https:\/\/www.linkedin.com\/company\/fiscalia-general-de-la-naci-n\/\",\"https:\/\/youtube.com\/@fiscaliageneraldelanacion-4668?si=6nN79nyQICPU5iTh\"]},{\"@type\":\"Person\",\"@id\":\"https:\/\/www.fiscalia.gov.co\/colombia\/#\/schema\/person\/6be81acb78add0abcbda2c598c1d53e1\",\"name\":\"Lesly Katherine Segura Camargo.\",\"image\":{\"@type\":\"ImageObject\",\"inLanguage\":\"es-CO\",\"@id\":\"https:\/\/www.fiscalia.gov.co\/colombia\/#\/schema\/person\/image\/\",\"url\":\"https:\/\/secure.gravatar.com\/avatar\/1892091c53ef3b9c2fcb37ca6066e439?s=96&d=mm&r=g\",\"contentUrl\":\"https:\/\/secure.gravatar.com\/avatar\/1892091c53ef3b9c2fcb37ca6066e439?s=96&d=mm&r=g\",\"caption\":\"Lesly Katherine Segura Camargo.\"},\"url\":\"https:\/\/www.fiscalia.gov.co\/colombia\/author\/lesly-segura\/\"}]}<\/script>\n<!-- \/ Yoast SEO plugin. -->","yoast_head_json":{"title":"Fiscal\u00eda General de la Naci\u00f3n","description":"P\u00e1gina oficial de la Fiscal\u00eda General de la Naci\u00f3n \u2013 Colombia. Garantizamos el acceso efectivo a la justicia, la verdad y la reparaci\u00f3n de las v\u00edctimas de los delitos.","robots":{"index":"noindex","follow":"follow"},"og_locale":"es_ES","og_type":"article","og_title":"Fiscal\u00eda General de la Naci\u00f3n","og_description":"P\u00e1gina oficial de la Fiscal\u00eda General de la Naci\u00f3n \u2013 Colombia. Garantizamos el acceso efectivo a la justicia, la verdad y la reparaci\u00f3n de las v\u00edctimas de los delitos.","og_url":"https:\/\/www.fiscalia.gov.co\/colombia\/noticias\/carcel-para-presuntos-responsables-del-homicidio-de-dos-hombres-en-quindio\/","og_site_name":"Fiscal\u00eda General de la Naci\u00f3n","article_publisher":"https:\/\/www.facebook.com\/FiscaliaCol","article_published_time":"2023-12-01T20:21:01+00:00","article_modified_time":"2023-12-01T20:30:41+00:00","og_image":[{"url":"https:\/\/www.fiscalia.gov.co\/colombia\/wp-content\/uploads\/HAROL-ESTIBEN-GAVIRIA-GUTIERREZ-1-300x226.jpg","type":"","width":"","height":""}],"author":"Lesly Katherine Segura Camargo.","twitter_card":"summary_large_image","twitter_creator":"@FiscaliaCol","twitter_site":"@FiscaliaCol","twitter_misc":{"Escrito por":"Lesly Katherine Segura Camargo.","Tiempo de lectura":"2 minutos"},"schema":{"@context":"https:\/\/schema.org","@graph":[{"@type":"Article","@id":"https:\/\/www.fiscalia.gov.co\/colombia\/noticias\/carcel-para-presuntos-responsables-del-homicidio-de-dos-hombres-en-quindio\/#article","isPartOf":{"@id":"https:\/\/www.fiscalia.gov.co\/colombia\/noticias\/carcel-para-presuntos-responsables-del-homicidio-de-dos-hombres-en-quindio\/"},"author":{"name":"Lesly Katherine Segura Camargo.","@id":"https:\/\/www.fiscalia.gov.co\/colombia\/#\/schema\/person\/6be81acb78add0abcbda2c598c1d53e1"},"headline":"C\u00e1rcel para presuntos responsables del homicidio de dos hombres en Quind\u00edo","datePublished":"2023-12-01T20:21:01+00:00","dateModified":"2023-12-01T20:30:41+00:00","mainEntityOfPage":{"@id":"https:\/\/www.fiscalia.gov.co\/colombia\/noticias\/carcel-para-presuntos-responsables-del-homicidio-de-dos-hombres-en-quindio\/"},"wordCount":425,"publisher":{"@id":"https:\/\/www.fiscalia.gov.co\/colombia\/#organization"},"image":{"@id":"https:\/\/www.fiscalia.gov.co\/colombia\/noticias\/carcel-para-presuntos-responsables-del-homicidio-de-dos-hombres-en-quindio\/#primaryimage"},"thumbnailUrl":"https:\/\/www.fiscalia.gov.co\/colombia\/wp-content\/uploads\/HAROL-ESTIBEN-GAVIRIA-GUTIERREZ-1-300x226.jpg","keywords":["Armenia","Calarc\u00e1","centro carcelario","Fabricaci\u00f3n","Fiscal\u00eda General de la Naci\u00f3n","Homicidio","Homicidio agravado","Imputaci\u00f3n","intramural","porte o tenencia de armas de fuego","Seccional Quind\u00edo","Tr\u00e1fico"],"articleSection":["Noticias","Seccional Armenia","Seccionales","Seguridad territorial"],"inLanguage":"es-CO"},{"@type":"WebPage","@id":"https:\/\/www.fiscalia.gov.co\/colombia\/noticias\/carcel-para-presuntos-responsables-del-homicidio-de-dos-hombres-en-quindio\/","url":"https:\/\/www.fiscalia.gov.co\/colombia\/noticias\/carcel-para-presuntos-responsables-del-homicidio-de-dos-hombres-en-quindio\/","name":"Fiscal\u00eda General de la Naci\u00f3n","isPartOf":{"@id":"https:\/\/www.fiscalia.gov.co\/colombia\/#website"},"primaryImageOfPage":{"@id":"https:\/\/www.fiscalia.gov.co\/colombia\/noticias\/carcel-para-presuntos-responsables-del-homicidio-de-dos-hombres-en-quindio\/#primaryimage"},"image":{"@id":"https:\/\/www.fiscalia.gov.co\/colombia\/noticias\/carcel-para-presuntos-responsables-del-homicidio-de-dos-hombres-en-quindio\/#primaryimage"},"thumbnailUrl":"https:\/\/www.fiscalia.gov.co\/colombia\/wp-content\/uploads\/HAROL-ESTIBEN-GAVIRIA-GUTIERREZ-1-300x226.jpg","datePublished":"2023-12-01T20:21:01+00:00","dateModified":"2023-12-01T20:30:41+00:00","description":"P\u00e1gina oficial de la Fiscal\u00eda General de la Naci\u00f3n \u2013 Colombia. Garantizamos el acceso efectivo a la justicia, la verdad y la reparaci\u00f3n de las v\u00edctimas de los delitos.","breadcrumb":{"@id":"https:\/\/www.fiscalia.gov.co\/colombia\/noticias\/carcel-para-presuntos-responsables-del-homicidio-de-dos-hombres-en-quindio\/#breadcrumb"},"inLanguage":"es-CO","potentialAction":[{"@type":"ReadAction","target":["https:\/\/www.fiscalia.gov.co\/colombia\/noticias\/carcel-para-presuntos-responsables-del-homicidio-de-dos-hombres-en-quindio\/"]}]},{"@type":"ImageObject","inLanguage":"es-CO","@id":"https:\/\/www.fiscalia.gov.co\/colombia\/noticias\/carcel-para-presuntos-responsables-del-homicidio-de-dos-hombres-en-quindio\/#primaryimage","url":"https:\/\/www.fiscalia.gov.co\/colombia\/wp-content\/uploads\/HAROL-ESTIBEN-GAVIRIA-GUTIERREZ-1.jpg","contentUrl":"https:\/\/www.fiscalia.gov.co\/colombia\/wp-content\/uploads\/HAROL-ESTIBEN-GAVIRIA-GUTIERREZ-1.jpg","width":1600,"height":1204,"caption":"Harol Estiben Gaviria Guti\u00e9rrez ser\u00eda responsable de un homicidio ocurrido en Armenia (Quind\u00edo)"},{"@type":"BreadcrumbList","@id":"https:\/\/www.fiscalia.gov.co\/colombia\/noticias\/carcel-para-presuntos-responsables-del-homicidio-de-dos-hombres-en-quindio\/#breadcrumb","itemListElement":[{"@type":"ListItem","position":1,"name":"Home","item":"https:\/\/www.fiscalia.gov.co\/colombia\/"},{"@type":"ListItem","position":2,"name":"C\u00e1rcel para presuntos responsables del homicidio de dos hombres en Quind\u00edo"}]},{"@type":"WebSite","@id":"https:\/\/www.fiscalia.gov.co\/colombia\/#website","url":"https:\/\/www.fiscalia.gov.co\/colombia\/","name":"Fiscal\u00eda General de la Naci\u00f3n","description":"P\u00e1gina oficial de la Fiscal\u00eda General de la Naci\u00f3n \u2013 Colombia. Garantizamos el acceso efectivo a la justicia, la verdad y la reparaci\u00f3n de las v\u00edctimas de los delitos.","publisher":{"@id":"https:\/\/www.fiscalia.gov.co\/colombia\/#organization"},"potentialAction":[{"@type":"SearchAction","target":{"@type":"EntryPoint","urlTemplate":"https:\/\/www.fiscalia.gov.co\/colombia\/?s={search_term_string}"},"query-input":{"@type":"PropertyValueSpecification","valueRequired":true,"valueName":"search_term_string"}}],"inLanguage":"es-CO"},{"@type":"Organization","@id":"https:\/\/www.fiscalia.gov.co\/colombia\/#organization","name":"Fiscal\u00eda General de la Naci\u00f3n","url":"https:\/\/www.fiscalia.gov.co\/colombia\/","logo":{"@type":"ImageObject","inLanguage":"es-CO","@id":"https:\/\/www.fiscalia.gov.co\/colombia\/#\/schema\/logo\/image\/","url":"https:\/\/www.fiscalia.gov.co\/colombia\/wp-content\/uploads\/LogoHorizontal_1.jpg","contentUrl":"https:\/\/www.fiscalia.gov.co\/colombia\/wp-content\/uploads\/LogoHorizontal_1.jpg","width":300,"height":90,"caption":"Fiscal\u00eda General de la Naci\u00f3n"},"image":{"@id":"https:\/\/www.fiscalia.gov.co\/colombia\/#\/schema\/logo\/image\/"},"sameAs":["https:\/\/www.facebook.com\/FiscaliaCol","https:\/\/x.com\/FiscaliaCol","https:\/\/www.instagram.com\/fiscaliacol","https:\/\/www.linkedin.com\/company\/fiscalia-general-de-la-naci-n\/","https:\/\/youtube.com\/@fiscaliageneraldelanacion-4668?si=6nN79nyQICPU5iTh"]},{"@type":"Person","@id":"https:\/\/www.fiscalia.gov.co\/colombia\/#\/schema\/person\/6be81acb78add0abcbda2c598c1d53e1","name":"Lesly Katherine Segura Camargo.","image":{"@type":"ImageObject","inLanguage":"es-CO","@id":"https:\/\/www.fiscalia.gov.co\/colombia\/#\/schema\/person\/image\/","url":"https:\/\/secure.gravatar.com\/avatar\/1892091c53ef3b9c2fcb37ca6066e439?s=96&d=mm&r=g","contentUrl":"https:\/\/secure.gravatar.com\/avatar\/1892091c53ef3b9c2fcb37ca6066e439?s=96&d=mm&r=g","caption":"Lesly Katherine Segura Camargo."},"url":"https:\/\/www.fiscalia.gov.co\/colombia\/author\/lesly-segura\/"}]}},"_links":{"self":[{"href":"https:\/\/www.fiscalia.gov.co\/colombia\/wp-json\/wp\/v2\/posts\/284334","targetHints":{"allow":["GET"]}}],"collection":[{"href":"https:\/\/www.fiscalia.gov.co\/colombia\/wp-json\/wp\/v2\/posts"}],"about":[{"href":"https:\/\/www.fiscalia.gov.co\/colombia\/wp-json\/wp\/v2\/types\/post"}],"author":[{"embeddable":true,"href":"https:\/\/www.fiscalia.gov.co\/colombia\/wp-json\/wp\/v2\/users\/179"}],"replies":[{"embeddable":true,"href":"https:\/\/www.fiscalia.gov.co\/colombia\/wp-json\/wp\/v2\/comments?post=284334"}],"version-history":[{"count":2,"href":"https:\/\/www.fiscalia.gov.co\/colombia\/wp-json\/wp\/v2\/posts\/284334\/revisions"}],"predecessor-version":[{"id":284342,"href":"https:\/\/www.fiscalia.gov.co\/colombia\/wp-json\/wp\/v2\/posts\/284334\/revisions\/284342"}],"wp:attachment":[{"href":"https:\/\/www.fiscalia.gov.co\/colombia\/wp-json\/wp\/v2\/media?parent=284334"}],"wp:term":[{"taxonomy":"category","embeddable":true,"href":"https:\/\/www.fiscalia.gov.co\/colombia\/wp-json\/wp\/v2\/categories?post=284334"},{"taxonomy":"post_tag","embeddable":true,"href":"https:\/\/www.fiscalia.gov.co\/colombia\/wp-json\/wp\/v2\/tags?post=284334"}],"curies":[{"name":"wp","href":"https:\/\/api.w.org\/{rel}","templated":true}]}}