{"id":284269,"date":"2023-11-30T14:18:27","date_gmt":"2023-11-30T19:18:27","guid":{"rendered":"https:\/\/www.fiscalia.gov.co\/colombia\/?p=284269"},"modified":"2023-11-30T14:18:27","modified_gmt":"2023-11-30T19:18:27","slug":"judicializados-presuntos-integrantes-de-la-organizacion-laberinto-que-estarian-implicados-en-homicidios-selectivos-y-la-comercializacion-de-cigarrillos-de-contrabando-en-pereira","status":"publish","type":"post","link":"https:\/\/www.fiscalia.gov.co\/colombia\/noticias\/judicializados-presuntos-integrantes-de-la-organizacion-laberinto-que-estarian-implicados-en-homicidios-selectivos-y-la-comercializacion-de-cigarrillos-de-contrabando-en-pereira\/","title":{"rendered":"Judicializados presuntos integrantes de la organizaci\u00f3n Laberinto que estar\u00edan implicados en homicidios selectivos y la comercializaci\u00f3n de cigarrillos de contrabando en Pereira"},"content":{"rendered":"<p>El contundente material probatorio presentado por un fiscal de la Seccional Risaralda permiti\u00f3 judicializar a ocho personas, quienes fueron imputadas, seg\u00fan su presunta responsabilidad individual, por los delitos de concierto para delinquir, homicidio, homicidio en grado de tentativa; fabricaci\u00f3n, tr\u00e1fico, porte o tenencia de armas de fuego; favorecimiento y facilitaci\u00f3n al contrabando, los cuales no aceptaron.<\/p>\n<figure id=\"attachment_284270\" aria-describedby=\"caption-attachment-284270\" style=\"width: 696px\" class=\"wp-caption aligncenter\"><img loading=\"lazy\" decoding=\"async\" class=\"size-large wp-image-284270\" src=\"https:\/\/www.fiscalia.gov.co\/colombia\/wp-content\/uploads\/Organizacion-delincuencial-LABERINTO-1024x645.jpg\" alt=\"Se observan siete personas capturadas, en fila y de espalda.  A un costado de la fila un funcionario del CTI y otro de Polic\u00eda.  Al otro costado un funcionario de CTI y dos de Polic\u00eda.  Adelante se observa una mesa con material incautado.  Al frente varias cajas con material incautado.  Atr\u00e1s un pend\u00f3n de la Fiscal\u00eda General de la Naci\u00f3n y otro de Polic\u00eda Nacional\" width=\"696\" height=\"438\" srcset=\"https:\/\/www.fiscalia.gov.co\/colombia\/wp-content\/uploads\/Organizacion-delincuencial-LABERINTO-1024x645.jpg 1024w, https:\/\/www.fiscalia.gov.co\/colombia\/wp-content\/uploads\/Organizacion-delincuencial-LABERINTO-300x189.jpg 300w, https:\/\/www.fiscalia.gov.co\/colombia\/wp-content\/uploads\/Organizacion-delincuencial-LABERINTO-768x484.jpg 768w, https:\/\/www.fiscalia.gov.co\/colombia\/wp-content\/uploads\/Organizacion-delincuencial-LABERINTO-1536x968.jpg 1536w, https:\/\/www.fiscalia.gov.co\/colombia\/wp-content\/uploads\/Organizacion-delincuencial-LABERINTO-696x438.jpg 696w, https:\/\/www.fiscalia.gov.co\/colombia\/wp-content\/uploads\/Organizacion-delincuencial-LABERINTO-1068x673.jpg 1068w, https:\/\/www.fiscalia.gov.co\/colombia\/wp-content\/uploads\/Organizacion-delincuencial-LABERINTO-667x420.jpg 667w, https:\/\/www.fiscalia.gov.co\/colombia\/wp-content\/uploads\/Organizacion-delincuencial-LABERINTO.jpg 1600w\" sizes=\"auto, (max-width: 696px) 100vw, 696px\" \/><figcaption id=\"caption-attachment-284270\" class=\"wp-caption-text\">Presuntos integrantes de la organizaci\u00f3n Laberinto<\/figcaption><\/figure>\n<p>De acuerdo con la investigaci\u00f3n adelantada por el Cuerpo T\u00e9cnico de Investigaci\u00f3n (CTI), desde el 2018 esta red vendr\u00eda distribuyendo cigarrillos de contrabando y licor adulterado en diferentes zonas de Pereira, Dosquebradas y Santa Rosa de Cabal (Risaralda), as\u00ed como en Ansermanuevo y Cartago (Valle del Cauca).<\/p>\n<p>Se presume que para mantener el predominio de esta conducta ilegal y reunir las rentas il\u00edcitas que alcanzaban cerca de 65 millones de pesos semanales, se produjeron 11 homicidios selectivos entre 2018 y 2022, adem\u00e1s de tres en grado de tentativa entre 2021 y 2022.<\/p>\n<p>Seis de los procesados fueron capturados este 8 de noviembre en diligencias de allanamiento y registro adelantadas por el CTI y la Polic\u00eda Nacional en Pereira y Dosquebradas.<\/p>\n<p>Durante\u00a0la diligencia judicial fueron incautados 6.347 decenas de cigarrillos de contrabando avaluadas en cerca de 260 millones de pesos, 240 botellas de licor adulterado, 22 millones de pesos en efectivo y munici\u00f3n de diferentes calibres, entre otros elementos.<\/p>\n<p><b><u>Medidas de aseguramiento\u00a0<\/u><\/b><\/p>\n<p>En audiencias concentradas, un juez de control de garant\u00edas acogi\u00f3 los argumentos de la Fiscal\u00eda General de la Naci\u00f3n y\u00a0orden\u00f3 privar de la libertad en establecimiento carcelario a Doraid\u00e9 Arroyave y Carlos Arturo Aguirre Londo\u00f1o. Asimismo, fueron asegurados en lugar de domicilio a Edwin Leandro Arias Rom\u00e1n y Rory Alexander Tapasco<\/p>\n<p>Por su parte, Joh Jairo Becerra Betancourt fue notificado en la c\u00e1rcel, donde se encuentra actualmente por otros delitos.<\/p>\n<p>Mientras que, Reinel Roberto Ortiz, Cristian David Rinc\u00f3n Restrepo y Robinson Alexander Cano Ram\u00edrez, fueron dejados en libertad, sin embargo contin\u00faan vinculados al proceso.<\/p>\n<p>Esta informaci\u00f3n se publica por razones de inter\u00e9s general<\/p>\n<p><b><u>La Fiscal\u00eda habla con resultados.<\/u><\/b><b><u>\u00a0<\/u><\/b><\/p>\n<p>&nbsp;<\/p>\n<p>&nbsp;<\/p>\n<p>&nbsp;<\/p>\n<p>&nbsp;<\/p>\n<p>&nbsp;<\/p>\n<p>CLCG\/MG\/GRM\/DSR<\/p>\n<p align=\"center\">\n<p>&nbsp;<\/p>\n<p>&nbsp;<\/p>\n<p>&nbsp;<\/p>\n<p>&nbsp;<\/p>\n<p><i>La informaci\u00f3n contenida en este bolet\u00edn de prensa corresponde a la narraci\u00f3n de los hechos noticiosos objetivos, suministrados por los funcionarios encargados de adelantar las investigaciones penales al interior de la Fiscal\u00eda General de la Naci\u00f3n. Para el momento de la divulgaci\u00f3n de este comunicado, la situaci\u00f3n jur\u00eddica de la(s) persona(s) relacionada(s) se encuentra pendiente de resolver por la autoridad judicial competente, siempre bajo los preceptos de la presunci\u00f3n de inocencia, consagrados en el art\u00edculo 29 de la Constituci\u00f3n Pol\u00edtica y el art\u00edculo 7\u00ba de la Ley 906 de 2004.\u00a0<\/i><\/p>\n\n<div class=\"twitter-share\"><a href=\"https:\/\/twitter.com\/intent\/tweet?via=fiscaliacol\" class=\"twitter-share-button\">Tweet<\/a><\/div>\n","protected":false},"excerpt":{"rendered":"<p>El contundente material probatorio presentado por un fiscal de la Seccional Risaralda permiti\u00f3 judicializar a ocho personas, quienes fueron imputadas, seg\u00fan su presunta responsabilidad individual, por los delitos de concierto para delinquir, homicidio, homicidio en grado de tentativa; fabricaci\u00f3n, tr\u00e1fico, porte o tenencia de armas de fuego; favorecimiento y facilitaci\u00f3n al contrabando, los cuales no [&hellip;]<\/p>\n","protected":false},"author":177,"featured_media":0,"comment_status":"closed","ping_status":"open","sticky":false,"template":"","format":"standard","meta":{"_price":"","_stock":"","_tribe_ticket_header":"","_tribe_default_ticket_provider":"","_tribe_ticket_capacity":"0","_ticket_start_date":"","_ticket_end_date":"","_tribe_ticket_show_description":"","_tribe_ticket_show_not_going":false,"_tribe_ticket_use_global_stock":"","_tribe_ticket_global_stock_level":"","_global_stock_mode":"","_global_stock_cap":"","_tribe_rsvp_for_event":"","_tribe_ticket_going_count":"","_tribe_ticket_not_going_count":"","_tribe_tickets_list":"[]","_tribe_ticket_has_attendee_info_fields":false,"tdm_status":"","tdm_grid_status":"","footnotes":""},"categories":[1,335,303,24099],"tags":[13049,83,2064,23920,36402,4614,409,859,2584,23828,23987,23872,23894,24335],"class_list":{"0":"post-284269","1":"post","2":"type-post","3":"status-publish","4":"format-standard","6":"category-noticias","7":"category-seccional-pereira","8":"category-seccionales","9":"category-seguridad-territorial","10":"tag-cigarrillos","11":"tag-concierto-para-delinquir","12":"tag-contrabando","13":"tag-dosquebradas","14":"tag-favorecimiento-y-facilitacion-al-contrabando","15":"tag-fiscalia-2","16":"tag-homicidio","17":"tag-homicidio-en-grado-de-tentativa","18":"tag-licor-adulterado","19":"tag-pereira","20":"tag-pereira-risaralda","21":"tag-risaralda","22":"tag-santa-rosa-de-cabal","23":"tag-seccional-risaralda"},"yoast_head":"<!-- This site is optimized with the Yoast SEO plugin v24.3 - https:\/\/yoast.com\/wordpress\/plugins\/seo\/ -->\n<title>Fiscal\u00eda General de la Naci\u00f3n<\/title>\n<meta name=\"description\" content=\"P\u00e1gina oficial de la Fiscal\u00eda General de la Naci\u00f3n \u2013 Colombia. Garantizamos el acceso efectivo a la justicia, la verdad y la reparaci\u00f3n de las v\u00edctimas de los delitos.\" \/>\n<meta name=\"robots\" content=\"noindex, follow\" \/>\n<meta property=\"og:locale\" content=\"es_ES\" \/>\n<meta property=\"og:type\" content=\"article\" \/>\n<meta property=\"og:title\" content=\"Fiscal\u00eda General de la Naci\u00f3n\" \/>\n<meta property=\"og:description\" content=\"P\u00e1gina oficial de la Fiscal\u00eda General de la Naci\u00f3n \u2013 Colombia. Garantizamos el acceso efectivo a la justicia, la verdad y la reparaci\u00f3n de las v\u00edctimas de los delitos.\" \/>\n<meta property=\"og:url\" content=\"https:\/\/www.fiscalia.gov.co\/colombia\/noticias\/judicializados-presuntos-integrantes-de-la-organizacion-laberinto-que-estarian-implicados-en-homicidios-selectivos-y-la-comercializacion-de-cigarrillos-de-contrabando-en-pereira\/\" \/>\n<meta property=\"og:site_name\" content=\"Fiscal\u00eda General de la Naci\u00f3n\" \/>\n<meta property=\"article:publisher\" content=\"https:\/\/www.facebook.com\/FiscaliaCol\" \/>\n<meta property=\"article:published_time\" content=\"2023-11-30T19:18:27+00:00\" \/>\n<meta property=\"og:image\" content=\"https:\/\/www.fiscalia.gov.co\/colombia\/wp-content\/uploads\/Organizacion-delincuencial-LABERINTO-1024x645.jpg\" \/>\n<meta name=\"author\" content=\"Jordan Leandro Oviedo Anzola\" \/>\n<meta name=\"twitter:card\" content=\"summary_large_image\" \/>\n<meta name=\"twitter:creator\" content=\"@FiscaliaCol\" \/>\n<meta name=\"twitter:site\" content=\"@FiscaliaCol\" \/>\n<meta name=\"twitter:label1\" content=\"Escrito por\" \/>\n\t<meta name=\"twitter:data1\" content=\"Jordan Leandro Oviedo Anzola\" \/>\n\t<meta name=\"twitter:label2\" content=\"Tiempo de lectura\" \/>\n\t<meta name=\"twitter:data2\" content=\"3 minutos\" \/>\n<script type=\"application\/ld+json\" class=\"yoast-schema-graph\">{\"@context\":\"https:\/\/schema.org\",\"@graph\":[{\"@type\":\"Article\",\"@id\":\"https:\/\/www.fiscalia.gov.co\/colombia\/noticias\/judicializados-presuntos-integrantes-de-la-organizacion-laberinto-que-estarian-implicados-en-homicidios-selectivos-y-la-comercializacion-de-cigarrillos-de-contrabando-en-pereira\/#article\",\"isPartOf\":{\"@id\":\"https:\/\/www.fiscalia.gov.co\/colombia\/noticias\/judicializados-presuntos-integrantes-de-la-organizacion-laberinto-que-estarian-implicados-en-homicidios-selectivos-y-la-comercializacion-de-cigarrillos-de-contrabando-en-pereira\/\"},\"author\":{\"name\":\"Jordan Leandro Oviedo Anzola\",\"@id\":\"https:\/\/www.fiscalia.gov.co\/colombia\/#\/schema\/person\/bf84402cf293a5393e9c70b111020b24\"},\"headline\":\"Judicializados presuntos integrantes de la organizaci\u00f3n Laberinto que estar\u00edan implicados en homicidios selectivos y la comercializaci\u00f3n de cigarrillos de contrabando en Pereira\",\"datePublished\":\"2023-11-30T19:18:27+00:00\",\"dateModified\":\"2023-11-30T19:18:27+00:00\",\"mainEntityOfPage\":{\"@id\":\"https:\/\/www.fiscalia.gov.co\/colombia\/noticias\/judicializados-presuntos-integrantes-de-la-organizacion-laberinto-que-estarian-implicados-en-homicidios-selectivos-y-la-comercializacion-de-cigarrillos-de-contrabando-en-pereira\/\"},\"wordCount\":493,\"publisher\":{\"@id\":\"https:\/\/www.fiscalia.gov.co\/colombia\/#organization\"},\"image\":{\"@id\":\"https:\/\/www.fiscalia.gov.co\/colombia\/noticias\/judicializados-presuntos-integrantes-de-la-organizacion-laberinto-que-estarian-implicados-en-homicidios-selectivos-y-la-comercializacion-de-cigarrillos-de-contrabando-en-pereira\/#primaryimage\"},\"thumbnailUrl\":\"https:\/\/www.fiscalia.gov.co\/colombia\/wp-content\/uploads\/Organizacion-delincuencial-LABERINTO-1024x645.jpg\",\"keywords\":[\"Cigarrillos\",\"Concierto para delinquir\",\"Contrabando\",\"Dosquebradas\",\"favorecimiento y facilitaci\u00f3n al contrabando\",\"Fiscal\u00eda\",\"Homicidio\",\"Homicidio en grado de tentativa\",\"Licor adulterado\",\"Pereira\",\"Pereira (Risaralda)\",\"Risaralda\",\"Santa Rosa de Cabal\",\"Seccional Risaralda\"],\"articleSection\":[\"Noticias\",\"Seccional Pereira\",\"Seccionales\",\"Seguridad territorial\"],\"inLanguage\":\"es-CO\"},{\"@type\":\"WebPage\",\"@id\":\"https:\/\/www.fiscalia.gov.co\/colombia\/noticias\/judicializados-presuntos-integrantes-de-la-organizacion-laberinto-que-estarian-implicados-en-homicidios-selectivos-y-la-comercializacion-de-cigarrillos-de-contrabando-en-pereira\/\",\"url\":\"https:\/\/www.fiscalia.gov.co\/colombia\/noticias\/judicializados-presuntos-integrantes-de-la-organizacion-laberinto-que-estarian-implicados-en-homicidios-selectivos-y-la-comercializacion-de-cigarrillos-de-contrabando-en-pereira\/\",\"name\":\"Fiscal\u00eda General de la Naci\u00f3n\",\"isPartOf\":{\"@id\":\"https:\/\/www.fiscalia.gov.co\/colombia\/#website\"},\"primaryImageOfPage\":{\"@id\":\"https:\/\/www.fiscalia.gov.co\/colombia\/noticias\/judicializados-presuntos-integrantes-de-la-organizacion-laberinto-que-estarian-implicados-en-homicidios-selectivos-y-la-comercializacion-de-cigarrillos-de-contrabando-en-pereira\/#primaryimage\"},\"image\":{\"@id\":\"https:\/\/www.fiscalia.gov.co\/colombia\/noticias\/judicializados-presuntos-integrantes-de-la-organizacion-laberinto-que-estarian-implicados-en-homicidios-selectivos-y-la-comercializacion-de-cigarrillos-de-contrabando-en-pereira\/#primaryimage\"},\"thumbnailUrl\":\"https:\/\/www.fiscalia.gov.co\/colombia\/wp-content\/uploads\/Organizacion-delincuencial-LABERINTO-1024x645.jpg\",\"datePublished\":\"2023-11-30T19:18:27+00:00\",\"dateModified\":\"2023-11-30T19:18:27+00:00\",\"description\":\"P\u00e1gina oficial de la Fiscal\u00eda General de la Naci\u00f3n \u2013 Colombia. Garantizamos el acceso efectivo a la justicia, la verdad y la reparaci\u00f3n de las v\u00edctimas de los delitos.\",\"breadcrumb\":{\"@id\":\"https:\/\/www.fiscalia.gov.co\/colombia\/noticias\/judicializados-presuntos-integrantes-de-la-organizacion-laberinto-que-estarian-implicados-en-homicidios-selectivos-y-la-comercializacion-de-cigarrillos-de-contrabando-en-pereira\/#breadcrumb\"},\"inLanguage\":\"es-CO\",\"potentialAction\":[{\"@type\":\"ReadAction\",\"target\":[\"https:\/\/www.fiscalia.gov.co\/colombia\/noticias\/judicializados-presuntos-integrantes-de-la-organizacion-laberinto-que-estarian-implicados-en-homicidios-selectivos-y-la-comercializacion-de-cigarrillos-de-contrabando-en-pereira\/\"]}]},{\"@type\":\"ImageObject\",\"inLanguage\":\"es-CO\",\"@id\":\"https:\/\/www.fiscalia.gov.co\/colombia\/noticias\/judicializados-presuntos-integrantes-de-la-organizacion-laberinto-que-estarian-implicados-en-homicidios-selectivos-y-la-comercializacion-de-cigarrillos-de-contrabando-en-pereira\/#primaryimage\",\"url\":\"https:\/\/www.fiscalia.gov.co\/colombia\/wp-content\/uploads\/Organizacion-delincuencial-LABERINTO.jpg\",\"contentUrl\":\"https:\/\/www.fiscalia.gov.co\/colombia\/wp-content\/uploads\/Organizacion-delincuencial-LABERINTO.jpg\",\"width\":1600,\"height\":1008,\"caption\":\"Presuntos integrantes de la organizaci\u00f3n Laberinto\"},{\"@type\":\"BreadcrumbList\",\"@id\":\"https:\/\/www.fiscalia.gov.co\/colombia\/noticias\/judicializados-presuntos-integrantes-de-la-organizacion-laberinto-que-estarian-implicados-en-homicidios-selectivos-y-la-comercializacion-de-cigarrillos-de-contrabando-en-pereira\/#breadcrumb\",\"itemListElement\":[{\"@type\":\"ListItem\",\"position\":1,\"name\":\"Home\",\"item\":\"https:\/\/www.fiscalia.gov.co\/colombia\/\"},{\"@type\":\"ListItem\",\"position\":2,\"name\":\"Judicializados presuntos integrantes de la organizaci\u00f3n Laberinto que estar\u00edan implicados en homicidios selectivos y la comercializaci\u00f3n de cigarrillos de contrabando en Pereira\"}]},{\"@type\":\"WebSite\",\"@id\":\"https:\/\/www.fiscalia.gov.co\/colombia\/#website\",\"url\":\"https:\/\/www.fiscalia.gov.co\/colombia\/\",\"name\":\"Fiscal\u00eda General de la Naci\u00f3n\",\"description\":\"P\u00e1gina oficial de la Fiscal\u00eda General de la Naci\u00f3n \u2013 Colombia. Garantizamos el acceso efectivo a la justicia, la verdad y la reparaci\u00f3n de las v\u00edctimas de los delitos.\",\"publisher\":{\"@id\":\"https:\/\/www.fiscalia.gov.co\/colombia\/#organization\"},\"potentialAction\":[{\"@type\":\"SearchAction\",\"target\":{\"@type\":\"EntryPoint\",\"urlTemplate\":\"https:\/\/www.fiscalia.gov.co\/colombia\/?s={search_term_string}\"},\"query-input\":{\"@type\":\"PropertyValueSpecification\",\"valueRequired\":true,\"valueName\":\"search_term_string\"}}],\"inLanguage\":\"es-CO\"},{\"@type\":\"Organization\",\"@id\":\"https:\/\/www.fiscalia.gov.co\/colombia\/#organization\",\"name\":\"Fiscal\u00eda General de la Naci\u00f3n\",\"url\":\"https:\/\/www.fiscalia.gov.co\/colombia\/\",\"logo\":{\"@type\":\"ImageObject\",\"inLanguage\":\"es-CO\",\"@id\":\"https:\/\/www.fiscalia.gov.co\/colombia\/#\/schema\/logo\/image\/\",\"url\":\"https:\/\/www.fiscalia.gov.co\/colombia\/wp-content\/uploads\/LogoHorizontal_1.jpg\",\"contentUrl\":\"https:\/\/www.fiscalia.gov.co\/colombia\/wp-content\/uploads\/LogoHorizontal_1.jpg\",\"width\":300,\"height\":90,\"caption\":\"Fiscal\u00eda General de la Naci\u00f3n\"},\"image\":{\"@id\":\"https:\/\/www.fiscalia.gov.co\/colombia\/#\/schema\/logo\/image\/\"},\"sameAs\":[\"https:\/\/www.facebook.com\/FiscaliaCol\",\"https:\/\/x.com\/FiscaliaCol\",\"https:\/\/www.instagram.com\/fiscaliacol\",\"https:\/\/www.linkedin.com\/company\/fiscalia-general-de-la-naci-n\/\",\"https:\/\/youtube.com\/@fiscaliageneraldelanacion-4668?si=6nN79nyQICPU5iTh\"]},{\"@type\":\"Person\",\"@id\":\"https:\/\/www.fiscalia.gov.co\/colombia\/#\/schema\/person\/bf84402cf293a5393e9c70b111020b24\",\"name\":\"Jordan Leandro Oviedo Anzola\",\"image\":{\"@type\":\"ImageObject\",\"inLanguage\":\"es-CO\",\"@id\":\"https:\/\/www.fiscalia.gov.co\/colombia\/#\/schema\/person\/image\/\",\"url\":\"https:\/\/secure.gravatar.com\/avatar\/dabba4346fa9b9207d96adafa8f92721?s=96&d=mm&r=g\",\"contentUrl\":\"https:\/\/secure.gravatar.com\/avatar\/dabba4346fa9b9207d96adafa8f92721?s=96&d=mm&r=g\",\"caption\":\"Jordan Leandro Oviedo Anzola\"},\"url\":\"https:\/\/www.fiscalia.gov.co\/colombia\/author\/joviedo\/\"}]}<\/script>\n<!-- \/ Yoast SEO plugin. -->","yoast_head_json":{"title":"Fiscal\u00eda General de la Naci\u00f3n","description":"P\u00e1gina oficial de la Fiscal\u00eda General de la Naci\u00f3n \u2013 Colombia. Garantizamos el acceso efectivo a la justicia, la verdad y la reparaci\u00f3n de las v\u00edctimas de los delitos.","robots":{"index":"noindex","follow":"follow"},"og_locale":"es_ES","og_type":"article","og_title":"Fiscal\u00eda General de la Naci\u00f3n","og_description":"P\u00e1gina oficial de la Fiscal\u00eda General de la Naci\u00f3n \u2013 Colombia. Garantizamos el acceso efectivo a la justicia, la verdad y la reparaci\u00f3n de las v\u00edctimas de los delitos.","og_url":"https:\/\/www.fiscalia.gov.co\/colombia\/noticias\/judicializados-presuntos-integrantes-de-la-organizacion-laberinto-que-estarian-implicados-en-homicidios-selectivos-y-la-comercializacion-de-cigarrillos-de-contrabando-en-pereira\/","og_site_name":"Fiscal\u00eda General de la Naci\u00f3n","article_publisher":"https:\/\/www.facebook.com\/FiscaliaCol","article_published_time":"2023-11-30T19:18:27+00:00","og_image":[{"url":"https:\/\/www.fiscalia.gov.co\/colombia\/wp-content\/uploads\/Organizacion-delincuencial-LABERINTO-1024x645.jpg","type":"","width":"","height":""}],"author":"Jordan Leandro Oviedo Anzola","twitter_card":"summary_large_image","twitter_creator":"@FiscaliaCol","twitter_site":"@FiscaliaCol","twitter_misc":{"Escrito por":"Jordan Leandro Oviedo Anzola","Tiempo de lectura":"3 minutos"},"schema":{"@context":"https:\/\/schema.org","@graph":[{"@type":"Article","@id":"https:\/\/www.fiscalia.gov.co\/colombia\/noticias\/judicializados-presuntos-integrantes-de-la-organizacion-laberinto-que-estarian-implicados-en-homicidios-selectivos-y-la-comercializacion-de-cigarrillos-de-contrabando-en-pereira\/#article","isPartOf":{"@id":"https:\/\/www.fiscalia.gov.co\/colombia\/noticias\/judicializados-presuntos-integrantes-de-la-organizacion-laberinto-que-estarian-implicados-en-homicidios-selectivos-y-la-comercializacion-de-cigarrillos-de-contrabando-en-pereira\/"},"author":{"name":"Jordan Leandro Oviedo Anzola","@id":"https:\/\/www.fiscalia.gov.co\/colombia\/#\/schema\/person\/bf84402cf293a5393e9c70b111020b24"},"headline":"Judicializados presuntos integrantes de la organizaci\u00f3n Laberinto que estar\u00edan implicados en homicidios selectivos y la comercializaci\u00f3n de cigarrillos de contrabando en Pereira","datePublished":"2023-11-30T19:18:27+00:00","dateModified":"2023-11-30T19:18:27+00:00","mainEntityOfPage":{"@id":"https:\/\/www.fiscalia.gov.co\/colombia\/noticias\/judicializados-presuntos-integrantes-de-la-organizacion-laberinto-que-estarian-implicados-en-homicidios-selectivos-y-la-comercializacion-de-cigarrillos-de-contrabando-en-pereira\/"},"wordCount":493,"publisher":{"@id":"https:\/\/www.fiscalia.gov.co\/colombia\/#organization"},"image":{"@id":"https:\/\/www.fiscalia.gov.co\/colombia\/noticias\/judicializados-presuntos-integrantes-de-la-organizacion-laberinto-que-estarian-implicados-en-homicidios-selectivos-y-la-comercializacion-de-cigarrillos-de-contrabando-en-pereira\/#primaryimage"},"thumbnailUrl":"https:\/\/www.fiscalia.gov.co\/colombia\/wp-content\/uploads\/Organizacion-delincuencial-LABERINTO-1024x645.jpg","keywords":["Cigarrillos","Concierto para delinquir","Contrabando","Dosquebradas","favorecimiento y facilitaci\u00f3n al contrabando","Fiscal\u00eda","Homicidio","Homicidio en grado de tentativa","Licor adulterado","Pereira","Pereira (Risaralda)","Risaralda","Santa Rosa de Cabal","Seccional Risaralda"],"articleSection":["Noticias","Seccional Pereira","Seccionales","Seguridad territorial"],"inLanguage":"es-CO"},{"@type":"WebPage","@id":"https:\/\/www.fiscalia.gov.co\/colombia\/noticias\/judicializados-presuntos-integrantes-de-la-organizacion-laberinto-que-estarian-implicados-en-homicidios-selectivos-y-la-comercializacion-de-cigarrillos-de-contrabando-en-pereira\/","url":"https:\/\/www.fiscalia.gov.co\/colombia\/noticias\/judicializados-presuntos-integrantes-de-la-organizacion-laberinto-que-estarian-implicados-en-homicidios-selectivos-y-la-comercializacion-de-cigarrillos-de-contrabando-en-pereira\/","name":"Fiscal\u00eda General de la Naci\u00f3n","isPartOf":{"@id":"https:\/\/www.fiscalia.gov.co\/colombia\/#website"},"primaryImageOfPage":{"@id":"https:\/\/www.fiscalia.gov.co\/colombia\/noticias\/judicializados-presuntos-integrantes-de-la-organizacion-laberinto-que-estarian-implicados-en-homicidios-selectivos-y-la-comercializacion-de-cigarrillos-de-contrabando-en-pereira\/#primaryimage"},"image":{"@id":"https:\/\/www.fiscalia.gov.co\/colombia\/noticias\/judicializados-presuntos-integrantes-de-la-organizacion-laberinto-que-estarian-implicados-en-homicidios-selectivos-y-la-comercializacion-de-cigarrillos-de-contrabando-en-pereira\/#primaryimage"},"thumbnailUrl":"https:\/\/www.fiscalia.gov.co\/colombia\/wp-content\/uploads\/Organizacion-delincuencial-LABERINTO-1024x645.jpg","datePublished":"2023-11-30T19:18:27+00:00","dateModified":"2023-11-30T19:18:27+00:00","description":"P\u00e1gina oficial de la Fiscal\u00eda General de la Naci\u00f3n \u2013 Colombia. Garantizamos el acceso efectivo a la justicia, la verdad y la reparaci\u00f3n de las v\u00edctimas de los delitos.","breadcrumb":{"@id":"https:\/\/www.fiscalia.gov.co\/colombia\/noticias\/judicializados-presuntos-integrantes-de-la-organizacion-laberinto-que-estarian-implicados-en-homicidios-selectivos-y-la-comercializacion-de-cigarrillos-de-contrabando-en-pereira\/#breadcrumb"},"inLanguage":"es-CO","potentialAction":[{"@type":"ReadAction","target":["https:\/\/www.fiscalia.gov.co\/colombia\/noticias\/judicializados-presuntos-integrantes-de-la-organizacion-laberinto-que-estarian-implicados-en-homicidios-selectivos-y-la-comercializacion-de-cigarrillos-de-contrabando-en-pereira\/"]}]},{"@type":"ImageObject","inLanguage":"es-CO","@id":"https:\/\/www.fiscalia.gov.co\/colombia\/noticias\/judicializados-presuntos-integrantes-de-la-organizacion-laberinto-que-estarian-implicados-en-homicidios-selectivos-y-la-comercializacion-de-cigarrillos-de-contrabando-en-pereira\/#primaryimage","url":"https:\/\/www.fiscalia.gov.co\/colombia\/wp-content\/uploads\/Organizacion-delincuencial-LABERINTO.jpg","contentUrl":"https:\/\/www.fiscalia.gov.co\/colombia\/wp-content\/uploads\/Organizacion-delincuencial-LABERINTO.jpg","width":1600,"height":1008,"caption":"Presuntos integrantes de la organizaci\u00f3n Laberinto"},{"@type":"BreadcrumbList","@id":"https:\/\/www.fiscalia.gov.co\/colombia\/noticias\/judicializados-presuntos-integrantes-de-la-organizacion-laberinto-que-estarian-implicados-en-homicidios-selectivos-y-la-comercializacion-de-cigarrillos-de-contrabando-en-pereira\/#breadcrumb","itemListElement":[{"@type":"ListItem","position":1,"name":"Home","item":"https:\/\/www.fiscalia.gov.co\/colombia\/"},{"@type":"ListItem","position":2,"name":"Judicializados presuntos integrantes de la organizaci\u00f3n Laberinto que estar\u00edan implicados en homicidios selectivos y la comercializaci\u00f3n de cigarrillos de contrabando en Pereira"}]},{"@type":"WebSite","@id":"https:\/\/www.fiscalia.gov.co\/colombia\/#website","url":"https:\/\/www.fiscalia.gov.co\/colombia\/","name":"Fiscal\u00eda General de la Naci\u00f3n","description":"P\u00e1gina oficial de la Fiscal\u00eda General de la Naci\u00f3n \u2013 Colombia. Garantizamos el acceso efectivo a la justicia, la verdad y la reparaci\u00f3n de las v\u00edctimas de los delitos.","publisher":{"@id":"https:\/\/www.fiscalia.gov.co\/colombia\/#organization"},"potentialAction":[{"@type":"SearchAction","target":{"@type":"EntryPoint","urlTemplate":"https:\/\/www.fiscalia.gov.co\/colombia\/?s={search_term_string}"},"query-input":{"@type":"PropertyValueSpecification","valueRequired":true,"valueName":"search_term_string"}}],"inLanguage":"es-CO"},{"@type":"Organization","@id":"https:\/\/www.fiscalia.gov.co\/colombia\/#organization","name":"Fiscal\u00eda General de la Naci\u00f3n","url":"https:\/\/www.fiscalia.gov.co\/colombia\/","logo":{"@type":"ImageObject","inLanguage":"es-CO","@id":"https:\/\/www.fiscalia.gov.co\/colombia\/#\/schema\/logo\/image\/","url":"https:\/\/www.fiscalia.gov.co\/colombia\/wp-content\/uploads\/LogoHorizontal_1.jpg","contentUrl":"https:\/\/www.fiscalia.gov.co\/colombia\/wp-content\/uploads\/LogoHorizontal_1.jpg","width":300,"height":90,"caption":"Fiscal\u00eda General de la Naci\u00f3n"},"image":{"@id":"https:\/\/www.fiscalia.gov.co\/colombia\/#\/schema\/logo\/image\/"},"sameAs":["https:\/\/www.facebook.com\/FiscaliaCol","https:\/\/x.com\/FiscaliaCol","https:\/\/www.instagram.com\/fiscaliacol","https:\/\/www.linkedin.com\/company\/fiscalia-general-de-la-naci-n\/","https:\/\/youtube.com\/@fiscaliageneraldelanacion-4668?si=6nN79nyQICPU5iTh"]},{"@type":"Person","@id":"https:\/\/www.fiscalia.gov.co\/colombia\/#\/schema\/person\/bf84402cf293a5393e9c70b111020b24","name":"Jordan Leandro Oviedo Anzola","image":{"@type":"ImageObject","inLanguage":"es-CO","@id":"https:\/\/www.fiscalia.gov.co\/colombia\/#\/schema\/person\/image\/","url":"https:\/\/secure.gravatar.com\/avatar\/dabba4346fa9b9207d96adafa8f92721?s=96&d=mm&r=g","contentUrl":"https:\/\/secure.gravatar.com\/avatar\/dabba4346fa9b9207d96adafa8f92721?s=96&d=mm&r=g","caption":"Jordan Leandro Oviedo Anzola"},"url":"https:\/\/www.fiscalia.gov.co\/colombia\/author\/joviedo\/"}]}},"_links":{"self":[{"href":"https:\/\/www.fiscalia.gov.co\/colombia\/wp-json\/wp\/v2\/posts\/284269","targetHints":{"allow":["GET"]}}],"collection":[{"href":"https:\/\/www.fiscalia.gov.co\/colombia\/wp-json\/wp\/v2\/posts"}],"about":[{"href":"https:\/\/www.fiscalia.gov.co\/colombia\/wp-json\/wp\/v2\/types\/post"}],"author":[{"embeddable":true,"href":"https:\/\/www.fiscalia.gov.co\/colombia\/wp-json\/wp\/v2\/users\/177"}],"replies":[{"embeddable":true,"href":"https:\/\/www.fiscalia.gov.co\/colombia\/wp-json\/wp\/v2\/comments?post=284269"}],"version-history":[{"count":1,"href":"https:\/\/www.fiscalia.gov.co\/colombia\/wp-json\/wp\/v2\/posts\/284269\/revisions"}],"predecessor-version":[{"id":284271,"href":"https:\/\/www.fiscalia.gov.co\/colombia\/wp-json\/wp\/v2\/posts\/284269\/revisions\/284271"}],"wp:attachment":[{"href":"https:\/\/www.fiscalia.gov.co\/colombia\/wp-json\/wp\/v2\/media?parent=284269"}],"wp:term":[{"taxonomy":"category","embeddable":true,"href":"https:\/\/www.fiscalia.gov.co\/colombia\/wp-json\/wp\/v2\/categories?post=284269"},{"taxonomy":"post_tag","embeddable":true,"href":"https:\/\/www.fiscalia.gov.co\/colombia\/wp-json\/wp\/v2\/tags?post=284269"}],"curies":[{"name":"wp","href":"https:\/\/api.w.org\/{rel}","templated":true}]}}