{"id":284158,"date":"2023-11-29T11:54:43","date_gmt":"2023-11-29T16:54:43","guid":{"rendered":"https:\/\/www.fiscalia.gov.co\/colombia\/?p=284158"},"modified":"2023-11-29T11:54:43","modified_gmt":"2023-11-29T16:54:43","slug":"judicializados-cuatro-hombres-quienes-habrian-causado-graves-heridas-a-varias-personas-en-bolivar","status":"publish","type":"post","link":"https:\/\/www.fiscalia.gov.co\/colombia\/noticias\/judicializados-cuatro-hombres-quienes-habrian-causado-graves-heridas-a-varias-personas-en-bolivar\/","title":{"rendered":"Judicializados cuatro hombres, quienes habr\u00edan causado graves heridas a varias personas en Bol\u00edvar"},"content":{"rendered":"<p>En hechos aislados, la Fiscal\u00eda General de la Naci\u00f3n logr\u00f3 que jueces de control de garant\u00eda enviaran a la c\u00e1rcel a cuatros hombres que presuntamente atentaron contra la vida de tres personas. Los hechos ocurrieron en el departamento de Bol\u00edvar.<\/p>\n<p>El primer caso se registr\u00f3 el 18 de febrero de 2014, en el municipio de Mahates, donde un hombre de 44 a\u00f1os, al parecer, hiri\u00f3 con arma blanca a su ex pareja sentimental, caus\u00e1ndole graves lesiones en su cuerpo que la mantuvieron hospitalizada por varios meses.<\/p>\n<figure id=\"attachment_284159\" aria-describedby=\"caption-attachment-284159\" style=\"width: 300px\" class=\"wp-caption aligncenter\"><img loading=\"lazy\" decoding=\"async\" class=\"size-medium wp-image-284159\" src=\"https:\/\/www.fiscalia.gov.co\/colombia\/wp-content\/uploads\/Foto-1-boletin-29-de-noviembre-tentativa-de-homicidio-300x300.jpeg\" alt=\"En la fotograf\u00eda est\u00e1 un hombre de pie, con los brazos atr\u00e1s, tiene el rostro difuminado, vestido de camiseta gris con bermuda de jean y sandalias blancas. Se encuentra custodiado por dos agentes de la Polic\u00eda Nacional.\" width=\"300\" height=\"300\" srcset=\"https:\/\/www.fiscalia.gov.co\/colombia\/wp-content\/uploads\/Foto-1-boletin-29-de-noviembre-tentativa-de-homicidio-300x300.jpeg 300w, https:\/\/www.fiscalia.gov.co\/colombia\/wp-content\/uploads\/Foto-1-boletin-29-de-noviembre-tentativa-de-homicidio-1022x1024.jpeg 1022w, https:\/\/www.fiscalia.gov.co\/colombia\/wp-content\/uploads\/Foto-1-boletin-29-de-noviembre-tentativa-de-homicidio-150x150.jpeg 150w, https:\/\/www.fiscalia.gov.co\/colombia\/wp-content\/uploads\/Foto-1-boletin-29-de-noviembre-tentativa-de-homicidio-768x769.jpeg 768w, https:\/\/www.fiscalia.gov.co\/colombia\/wp-content\/uploads\/Foto-1-boletin-29-de-noviembre-tentativa-de-homicidio-696x697.jpeg 696w, https:\/\/www.fiscalia.gov.co\/colombia\/wp-content\/uploads\/Foto-1-boletin-29-de-noviembre-tentativa-de-homicidio-419x420.jpeg 419w, https:\/\/www.fiscalia.gov.co\/colombia\/wp-content\/uploads\/Foto-1-boletin-29-de-noviembre-tentativa-de-homicidio.jpeg 1048w\" sizes=\"auto, (max-width: 300px) 100vw, 300px\" \/><figcaption id=\"caption-attachment-284159\" class=\"wp-caption-text\">El hombre que al parecer intent\u00f3 quitarle la vida a su expareja en el municipio de Mahates (Bol\u00edvar).<\/figcaption><\/figure>\n<p>Mediante orden judicial, el investigado fue capturado por uniformados de la Polic\u00eda Nacional el pasado 21 de noviembre en el municipio de Mar\u00eda La Baja.<\/p>\n<p>Asimismo, fue judicializado Albert Josu\u00e9 Matos Mar\u00edn, por los hechos ocurridos en el barrio Espinal de Cartagena, el 24 de noviembre \u00faltimo. Se presume que el procesado, quien se desplazaba en una motocicleta en compa\u00f1\u00eda de otra persona, dispar\u00f3 contra un hombre que transitaba por el lugar y le caus\u00f3 heridas en un brazo.<\/p>\n<figure id=\"attachment_284160\" aria-describedby=\"caption-attachment-284160\" style=\"width: 300px\" class=\"wp-caption aligncenter\"><img loading=\"lazy\" decoding=\"async\" class=\"size-medium wp-image-284160\" src=\"https:\/\/www.fiscalia.gov.co\/colombia\/wp-content\/uploads\/Foto-2-boletin-29-de-noviembre-tentativa-de-homicidio-300x286.jpeg\" alt=\"En la imagen hay un hombre de pie con brazos atr\u00e1s, vestido de camiseta caf\u00e9 con jean azul. Se encuentra acompa\u00f1ado de dos uniformados de la Polic\u00eda Nacional. Delante de \u00e9l en una mesa est\u00e1 el arma que se le incaut\u00f3.\" width=\"300\" height=\"286\" srcset=\"https:\/\/www.fiscalia.gov.co\/colombia\/wp-content\/uploads\/Foto-2-boletin-29-de-noviembre-tentativa-de-homicidio-300x286.jpeg 300w, https:\/\/www.fiscalia.gov.co\/colombia\/wp-content\/uploads\/Foto-2-boletin-29-de-noviembre-tentativa-de-homicidio-1024x975.jpeg 1024w, https:\/\/www.fiscalia.gov.co\/colombia\/wp-content\/uploads\/Foto-2-boletin-29-de-noviembre-tentativa-de-homicidio-768x732.jpeg 768w, https:\/\/www.fiscalia.gov.co\/colombia\/wp-content\/uploads\/Foto-2-boletin-29-de-noviembre-tentativa-de-homicidio-1536x1463.jpeg 1536w, https:\/\/www.fiscalia.gov.co\/colombia\/wp-content\/uploads\/Foto-2-boletin-29-de-noviembre-tentativa-de-homicidio-696x663.jpeg 696w, https:\/\/www.fiscalia.gov.co\/colombia\/wp-content\/uploads\/Foto-2-boletin-29-de-noviembre-tentativa-de-homicidio-1068x1017.jpeg 1068w, https:\/\/www.fiscalia.gov.co\/colombia\/wp-content\/uploads\/Foto-2-boletin-29-de-noviembre-tentativa-de-homicidio-441x420.jpeg 441w, https:\/\/www.fiscalia.gov.co\/colombia\/wp-content\/uploads\/Foto-2-boletin-29-de-noviembre-tentativa-de-homicidio.jpeg 1600w\" sizes=\"auto, (max-width: 300px) 100vw, 300px\" \/><figcaption id=\"caption-attachment-284160\" class=\"wp-caption-text\">Matos Mar\u00edn capturado en el barrio Espinal el pasado 24 de noviembre.<\/figcaption><\/figure>\n<p>La comunidad que se percat\u00f3 de lo sucedido intent\u00f3 detenerlos mientras hu\u00edan, logrando que cayeran de la motocicleta. El conductor escap\u00f3, mientras que Matos Mar\u00edn fue capturado por agentes de la Polic\u00eda Nacional que hicieron presencia en el sitio.<\/p>\n<p>En su poder le fue hallada un arma de fuego sin permiso oficial de salvoconducto, un silenciador, dos cartuchos y un proveedor calibre 9 m.m.<\/p>\n<p>Adem\u00e1s, fueron asegurados Daniel Duvan Castillo Alanguren y Nelson Enrique Ram\u00edrez Castro, quienes, al parecer, por hurtar un dinero, atentaron contra el escolta de una empresa de giros y apuestas que se movilizaba en una motocicleta. Los acontecimientos sucedieron el pasado 24 de noviembre, en el barrio Daniel Lemaitre de la capital de Bol\u00edvar.<\/p>\n<figure id=\"attachment_284161\" aria-describedby=\"caption-attachment-284161\" style=\"width: 218px\" class=\"wp-caption aligncenter\"><img loading=\"lazy\" decoding=\"async\" class=\"size-medium wp-image-284161\" src=\"https:\/\/www.fiscalia.gov.co\/colombia\/wp-content\/uploads\/Foto-3-boletin-29-de-noviembre-tentativa-de-homicidio-218x300.jpeg\" alt=\"En la foto se encuentran dos hombres, uno vestido de camiseta y pantal\u00f3n blanco, y el otro de camiseta gris con jean, custodiados por dos servidores de la Polic\u00eda Nacional. En una mesa est\u00e1 el arma incautada y al lado la motocicleta decomisada.\" width=\"218\" height=\"300\" srcset=\"https:\/\/www.fiscalia.gov.co\/colombia\/wp-content\/uploads\/Foto-3-boletin-29-de-noviembre-tentativa-de-homicidio-218x300.jpeg 218w, https:\/\/www.fiscalia.gov.co\/colombia\/wp-content\/uploads\/Foto-3-boletin-29-de-noviembre-tentativa-de-homicidio-743x1024.jpeg 743w, https:\/\/www.fiscalia.gov.co\/colombia\/wp-content\/uploads\/Foto-3-boletin-29-de-noviembre-tentativa-de-homicidio-768x1058.jpeg 768w, https:\/\/www.fiscalia.gov.co\/colombia\/wp-content\/uploads\/Foto-3-boletin-29-de-noviembre-tentativa-de-homicidio-1115x1536.jpeg 1115w, https:\/\/www.fiscalia.gov.co\/colombia\/wp-content\/uploads\/Foto-3-boletin-29-de-noviembre-tentativa-de-homicidio-696x959.jpeg 696w, https:\/\/www.fiscalia.gov.co\/colombia\/wp-content\/uploads\/Foto-3-boletin-29-de-noviembre-tentativa-de-homicidio-1068x1472.jpeg 1068w, https:\/\/www.fiscalia.gov.co\/colombia\/wp-content\/uploads\/Foto-3-boletin-29-de-noviembre-tentativa-de-homicidio-305x420.jpeg 305w, https:\/\/www.fiscalia.gov.co\/colombia\/wp-content\/uploads\/Foto-3-boletin-29-de-noviembre-tentativa-de-homicidio.jpeg 1161w\" sizes=\"auto, (max-width: 218px) 100vw, 218px\" \/><figcaption id=\"caption-attachment-284161\" class=\"wp-caption-text\">Los procesados que presuntamente por hurtar un dinero, atentaron contra un escolta de una empresa de giros y apuestas.<\/figcaption><\/figure>\n<p>De acuerdo con la investigaci\u00f3n, el hombre transportaba 20 millones de pesos, producto del recaudo de los puntos de atenci\u00f3n, cuando fue atacado con arma de fuego por personas que transitaban en otras tres motos.<\/p>\n<p>La Polic\u00eda Nacional que se encontraba cerca emprendi\u00f3 una persecuci\u00f3n contra los presuntos delincuentes logrando la captura de Castillo Alanguren y Ram\u00edrez Castro. A los procesados les decomisaron un arma de fuego y cinco cartuchos calibre 38.<\/p>\n<p>En el desarrollo de las audiencias concentradas, la Fiscal\u00eda les imput\u00f3 a los procesados de acuerdo con sus presuntas responsabilidades individuales los delitos de tentativa de homicidio agravado, tentativa de hurto agravado, fabricaci\u00f3n, tr\u00e1fico o porte de arma de fuego de uso privativo de las Fuerzas Armadas y fabricaci\u00f3n, tr\u00e1fico o porte de arma de fuego.\u00a0 Ninguno acept\u00f3 los cargos.<\/p>\n<p>Esta informaci\u00f3n se publica por razones de inter\u00e9s general.<\/p>\n<p>&nbsp;<\/p>\n<p>&nbsp;<\/p>\n<p>&nbsp;<\/p>\n<p>&nbsp;<\/p>\n<p>&nbsp;<\/p>\n<p>&nbsp;<\/p>\n<p><strong>La Fiscal\u00eda habla con resultados.<\/strong><\/p>\n<p>&nbsp;<\/p>\n<p>&nbsp;<\/p>\n<p>&nbsp;<\/p>\n<p>MEVA\/MG\/ICHS\/DSB<\/p>\n<p>&nbsp;<\/p>\n\n<div class=\"twitter-share\"><a href=\"https:\/\/twitter.com\/intent\/tweet?via=fiscaliacol\" class=\"twitter-share-button\">Tweet<\/a><\/div>\n","protected":false},"excerpt":{"rendered":"<p>En hechos aislados, la Fiscal\u00eda General de la Naci\u00f3n logr\u00f3 que jueces de control de garant\u00eda enviaran a la c\u00e1rcel a cuatros hombres que presuntamente atentaron contra la vida de tres personas. Los hechos ocurrieron en el departamento de Bol\u00edvar. El primer caso se registr\u00f3 el 18 de febrero de 2014, en el municipio de [&hellip;]<\/p>\n","protected":false},"author":179,"featured_media":0,"comment_status":"closed","ping_status":"open","sticky":false,"template":"","format":"standard","meta":{"_price":"","_stock":"","_tribe_ticket_header":"","_tribe_default_ticket_provider":"","_tribe_ticket_capacity":"0","_ticket_start_date":"","_ticket_end_date":"","_tribe_ticket_show_description":"","_tribe_ticket_show_not_going":false,"_tribe_ticket_use_global_stock":"","_tribe_ticket_global_stock_level":"","_global_stock_mode":"","_global_stock_cap":"","_tribe_rsvp_for_event":"","_tribe_ticket_going_count":"","_tribe_ticket_not_going_count":"","_tribe_tickets_list":"[]","_tribe_ticket_has_attendee_info_fields":false,"tdm_status":"","tdm_grid_status":"","footnotes":""},"categories":[1,325,303,24099],"tags":[9082,14550,23819,24187,1047,23960,35464,558,29043,35791,479],"class_list":{"0":"post-284158","1":"post","2":"type-post","3":"status-publish","4":"format-standard","6":"category-noticias","7":"category-seccional-cartagena","8":"category-seccionales","9":"category-seguridad-territorial","10":"tag-bolivar","11":"tag-carcel","12":"tag-cartagena","13":"tag-fiscalia-colombia","14":"tag-fiscalia-general-de-la-nacion","15":"tag-hurto","16":"tag-mahates","17":"tag-policia-nacional","18":"tag-porte-de-arma-de-fuego","19":"tag-porte-ilegal-de-arma-de-fuego-de-uso-privativo","20":"tag-tentativa-de-homicidio"},"yoast_head":"<!-- This site is optimized with the Yoast SEO plugin v24.3 - https:\/\/yoast.com\/wordpress\/plugins\/seo\/ -->\n<title>Fiscal\u00eda General de la Naci\u00f3n<\/title>\n<meta name=\"description\" content=\"P\u00e1gina oficial de la Fiscal\u00eda General de la Naci\u00f3n \u2013 Colombia. Garantizamos el acceso efectivo a la justicia, la verdad y la reparaci\u00f3n de las v\u00edctimas de los delitos.\" \/>\n<meta name=\"robots\" content=\"noindex, follow\" \/>\n<meta property=\"og:locale\" content=\"es_ES\" \/>\n<meta property=\"og:type\" content=\"article\" \/>\n<meta property=\"og:title\" content=\"Fiscal\u00eda General de la Naci\u00f3n\" \/>\n<meta property=\"og:description\" content=\"P\u00e1gina oficial de la Fiscal\u00eda General de la Naci\u00f3n \u2013 Colombia. Garantizamos el acceso efectivo a la justicia, la verdad y la reparaci\u00f3n de las v\u00edctimas de los delitos.\" \/>\n<meta property=\"og:url\" content=\"https:\/\/www.fiscalia.gov.co\/colombia\/noticias\/judicializados-cuatro-hombres-quienes-habrian-causado-graves-heridas-a-varias-personas-en-bolivar\/\" \/>\n<meta property=\"og:site_name\" content=\"Fiscal\u00eda General de la Naci\u00f3n\" \/>\n<meta property=\"article:publisher\" content=\"https:\/\/www.facebook.com\/FiscaliaCol\" \/>\n<meta property=\"article:published_time\" content=\"2023-11-29T16:54:43+00:00\" \/>\n<meta property=\"og:image\" content=\"https:\/\/www.fiscalia.gov.co\/colombia\/wp-content\/uploads\/Foto-1-boletin-29-de-noviembre-tentativa-de-homicidio-300x300.jpeg\" \/>\n<meta name=\"author\" content=\"Lesly Katherine Segura Camargo.\" \/>\n<meta name=\"twitter:card\" content=\"summary_large_image\" \/>\n<meta name=\"twitter:creator\" content=\"@FiscaliaCol\" \/>\n<meta name=\"twitter:site\" content=\"@FiscaliaCol\" \/>\n<meta name=\"twitter:label1\" content=\"Escrito por\" \/>\n\t<meta name=\"twitter:data1\" content=\"Lesly Katherine Segura Camargo.\" \/>\n\t<meta name=\"twitter:label2\" content=\"Tiempo de lectura\" \/>\n\t<meta name=\"twitter:data2\" content=\"3 minutos\" \/>\n<script type=\"application\/ld+json\" class=\"yoast-schema-graph\">{\"@context\":\"https:\/\/schema.org\",\"@graph\":[{\"@type\":\"Article\",\"@id\":\"https:\/\/www.fiscalia.gov.co\/colombia\/noticias\/judicializados-cuatro-hombres-quienes-habrian-causado-graves-heridas-a-varias-personas-en-bolivar\/#article\",\"isPartOf\":{\"@id\":\"https:\/\/www.fiscalia.gov.co\/colombia\/noticias\/judicializados-cuatro-hombres-quienes-habrian-causado-graves-heridas-a-varias-personas-en-bolivar\/\"},\"author\":{\"name\":\"Lesly Katherine Segura Camargo.\",\"@id\":\"https:\/\/www.fiscalia.gov.co\/colombia\/#\/schema\/person\/6be81acb78add0abcbda2c598c1d53e1\"},\"headline\":\"Judicializados cuatro hombres, quienes habr\u00edan causado graves heridas a varias personas en Bol\u00edvar\",\"datePublished\":\"2023-11-29T16:54:43+00:00\",\"dateModified\":\"2023-11-29T16:54:43+00:00\",\"mainEntityOfPage\":{\"@id\":\"https:\/\/www.fiscalia.gov.co\/colombia\/noticias\/judicializados-cuatro-hombres-quienes-habrian-causado-graves-heridas-a-varias-personas-en-bolivar\/\"},\"wordCount\":551,\"publisher\":{\"@id\":\"https:\/\/www.fiscalia.gov.co\/colombia\/#organization\"},\"image\":{\"@id\":\"https:\/\/www.fiscalia.gov.co\/colombia\/noticias\/judicializados-cuatro-hombres-quienes-habrian-causado-graves-heridas-a-varias-personas-en-bolivar\/#primaryimage\"},\"thumbnailUrl\":\"https:\/\/www.fiscalia.gov.co\/colombia\/wp-content\/uploads\/Foto-1-boletin-29-de-noviembre-tentativa-de-homicidio-300x300.jpeg\",\"keywords\":[\"Bol\u00edvar\",\"C\u00e1rcel\",\"Cartagena\",\"Fiscal\u00eda Colombia\",\"Fiscal\u00eda General de la Naci\u00f3n\",\"Hurto\",\"Mahates\",\"Polic\u00eda Nacional\",\"porte de arma de fuego\",\"porte ilegal de arma de fuego de uso privativo\",\"Tentativa de homicidio\"],\"articleSection\":[\"Noticias\",\"Seccional Cartagena\",\"Seccionales\",\"Seguridad territorial\"],\"inLanguage\":\"es-CO\"},{\"@type\":\"WebPage\",\"@id\":\"https:\/\/www.fiscalia.gov.co\/colombia\/noticias\/judicializados-cuatro-hombres-quienes-habrian-causado-graves-heridas-a-varias-personas-en-bolivar\/\",\"url\":\"https:\/\/www.fiscalia.gov.co\/colombia\/noticias\/judicializados-cuatro-hombres-quienes-habrian-causado-graves-heridas-a-varias-personas-en-bolivar\/\",\"name\":\"Fiscal\u00eda General de la Naci\u00f3n\",\"isPartOf\":{\"@id\":\"https:\/\/www.fiscalia.gov.co\/colombia\/#website\"},\"primaryImageOfPage\":{\"@id\":\"https:\/\/www.fiscalia.gov.co\/colombia\/noticias\/judicializados-cuatro-hombres-quienes-habrian-causado-graves-heridas-a-varias-personas-en-bolivar\/#primaryimage\"},\"image\":{\"@id\":\"https:\/\/www.fiscalia.gov.co\/colombia\/noticias\/judicializados-cuatro-hombres-quienes-habrian-causado-graves-heridas-a-varias-personas-en-bolivar\/#primaryimage\"},\"thumbnailUrl\":\"https:\/\/www.fiscalia.gov.co\/colombia\/wp-content\/uploads\/Foto-1-boletin-29-de-noviembre-tentativa-de-homicidio-300x300.jpeg\",\"datePublished\":\"2023-11-29T16:54:43+00:00\",\"dateModified\":\"2023-11-29T16:54:43+00:00\",\"description\":\"P\u00e1gina oficial de la Fiscal\u00eda General de la Naci\u00f3n \u2013 Colombia. Garantizamos el acceso efectivo a la justicia, la verdad y la reparaci\u00f3n de las v\u00edctimas de los delitos.\",\"breadcrumb\":{\"@id\":\"https:\/\/www.fiscalia.gov.co\/colombia\/noticias\/judicializados-cuatro-hombres-quienes-habrian-causado-graves-heridas-a-varias-personas-en-bolivar\/#breadcrumb\"},\"inLanguage\":\"es-CO\",\"potentialAction\":[{\"@type\":\"ReadAction\",\"target\":[\"https:\/\/www.fiscalia.gov.co\/colombia\/noticias\/judicializados-cuatro-hombres-quienes-habrian-causado-graves-heridas-a-varias-personas-en-bolivar\/\"]}]},{\"@type\":\"ImageObject\",\"inLanguage\":\"es-CO\",\"@id\":\"https:\/\/www.fiscalia.gov.co\/colombia\/noticias\/judicializados-cuatro-hombres-quienes-habrian-causado-graves-heridas-a-varias-personas-en-bolivar\/#primaryimage\",\"url\":\"https:\/\/www.fiscalia.gov.co\/colombia\/wp-content\/uploads\/Foto-1-boletin-29-de-noviembre-tentativa-de-homicidio-300x300.jpeg\",\"contentUrl\":\"https:\/\/www.fiscalia.gov.co\/colombia\/wp-content\/uploads\/Foto-1-boletin-29-de-noviembre-tentativa-de-homicidio-300x300.jpeg\"},{\"@type\":\"BreadcrumbList\",\"@id\":\"https:\/\/www.fiscalia.gov.co\/colombia\/noticias\/judicializados-cuatro-hombres-quienes-habrian-causado-graves-heridas-a-varias-personas-en-bolivar\/#breadcrumb\",\"itemListElement\":[{\"@type\":\"ListItem\",\"position\":1,\"name\":\"Home\",\"item\":\"https:\/\/www.fiscalia.gov.co\/colombia\/\"},{\"@type\":\"ListItem\",\"position\":2,\"name\":\"Judicializados cuatro hombres, quienes habr\u00edan causado graves heridas a varias personas en Bol\u00edvar\"}]},{\"@type\":\"WebSite\",\"@id\":\"https:\/\/www.fiscalia.gov.co\/colombia\/#website\",\"url\":\"https:\/\/www.fiscalia.gov.co\/colombia\/\",\"name\":\"Fiscal\u00eda General de la Naci\u00f3n\",\"description\":\"P\u00e1gina oficial de la Fiscal\u00eda General de la Naci\u00f3n \u2013 Colombia. Garantizamos el acceso efectivo a la justicia, la verdad y la reparaci\u00f3n de las v\u00edctimas de los delitos.\",\"publisher\":{\"@id\":\"https:\/\/www.fiscalia.gov.co\/colombia\/#organization\"},\"potentialAction\":[{\"@type\":\"SearchAction\",\"target\":{\"@type\":\"EntryPoint\",\"urlTemplate\":\"https:\/\/www.fiscalia.gov.co\/colombia\/?s={search_term_string}\"},\"query-input\":{\"@type\":\"PropertyValueSpecification\",\"valueRequired\":true,\"valueName\":\"search_term_string\"}}],\"inLanguage\":\"es-CO\"},{\"@type\":\"Organization\",\"@id\":\"https:\/\/www.fiscalia.gov.co\/colombia\/#organization\",\"name\":\"Fiscal\u00eda General de la Naci\u00f3n\",\"url\":\"https:\/\/www.fiscalia.gov.co\/colombia\/\",\"logo\":{\"@type\":\"ImageObject\",\"inLanguage\":\"es-CO\",\"@id\":\"https:\/\/www.fiscalia.gov.co\/colombia\/#\/schema\/logo\/image\/\",\"url\":\"https:\/\/www.fiscalia.gov.co\/colombia\/wp-content\/uploads\/LogoHorizontal_1.jpg\",\"contentUrl\":\"https:\/\/www.fiscalia.gov.co\/colombia\/wp-content\/uploads\/LogoHorizontal_1.jpg\",\"width\":300,\"height\":90,\"caption\":\"Fiscal\u00eda General de la Naci\u00f3n\"},\"image\":{\"@id\":\"https:\/\/www.fiscalia.gov.co\/colombia\/#\/schema\/logo\/image\/\"},\"sameAs\":[\"https:\/\/www.facebook.com\/FiscaliaCol\",\"https:\/\/x.com\/FiscaliaCol\",\"https:\/\/www.instagram.com\/fiscaliacol\",\"https:\/\/www.linkedin.com\/company\/fiscalia-general-de-la-naci-n\/\",\"https:\/\/youtube.com\/@fiscaliageneraldelanacion-4668?si=6nN79nyQICPU5iTh\"]},{\"@type\":\"Person\",\"@id\":\"https:\/\/www.fiscalia.gov.co\/colombia\/#\/schema\/person\/6be81acb78add0abcbda2c598c1d53e1\",\"name\":\"Lesly Katherine Segura Camargo.\",\"image\":{\"@type\":\"ImageObject\",\"inLanguage\":\"es-CO\",\"@id\":\"https:\/\/www.fiscalia.gov.co\/colombia\/#\/schema\/person\/image\/\",\"url\":\"https:\/\/secure.gravatar.com\/avatar\/1892091c53ef3b9c2fcb37ca6066e439?s=96&d=mm&r=g\",\"contentUrl\":\"https:\/\/secure.gravatar.com\/avatar\/1892091c53ef3b9c2fcb37ca6066e439?s=96&d=mm&r=g\",\"caption\":\"Lesly Katherine Segura Camargo.\"},\"url\":\"https:\/\/www.fiscalia.gov.co\/colombia\/author\/lesly-segura\/\"}]}<\/script>\n<!-- \/ Yoast SEO plugin. -->","yoast_head_json":{"title":"Fiscal\u00eda General de la Naci\u00f3n","description":"P\u00e1gina oficial de la Fiscal\u00eda General de la Naci\u00f3n \u2013 Colombia. Garantizamos el acceso efectivo a la justicia, la verdad y la reparaci\u00f3n de las v\u00edctimas de los delitos.","robots":{"index":"noindex","follow":"follow"},"og_locale":"es_ES","og_type":"article","og_title":"Fiscal\u00eda General de la Naci\u00f3n","og_description":"P\u00e1gina oficial de la Fiscal\u00eda General de la Naci\u00f3n \u2013 Colombia. Garantizamos el acceso efectivo a la justicia, la verdad y la reparaci\u00f3n de las v\u00edctimas de los delitos.","og_url":"https:\/\/www.fiscalia.gov.co\/colombia\/noticias\/judicializados-cuatro-hombres-quienes-habrian-causado-graves-heridas-a-varias-personas-en-bolivar\/","og_site_name":"Fiscal\u00eda General de la Naci\u00f3n","article_publisher":"https:\/\/www.facebook.com\/FiscaliaCol","article_published_time":"2023-11-29T16:54:43+00:00","og_image":[{"url":"https:\/\/www.fiscalia.gov.co\/colombia\/wp-content\/uploads\/Foto-1-boletin-29-de-noviembre-tentativa-de-homicidio-300x300.jpeg","type":"","width":"","height":""}],"author":"Lesly Katherine Segura Camargo.","twitter_card":"summary_large_image","twitter_creator":"@FiscaliaCol","twitter_site":"@FiscaliaCol","twitter_misc":{"Escrito por":"Lesly Katherine Segura Camargo.","Tiempo de lectura":"3 minutos"},"schema":{"@context":"https:\/\/schema.org","@graph":[{"@type":"Article","@id":"https:\/\/www.fiscalia.gov.co\/colombia\/noticias\/judicializados-cuatro-hombres-quienes-habrian-causado-graves-heridas-a-varias-personas-en-bolivar\/#article","isPartOf":{"@id":"https:\/\/www.fiscalia.gov.co\/colombia\/noticias\/judicializados-cuatro-hombres-quienes-habrian-causado-graves-heridas-a-varias-personas-en-bolivar\/"},"author":{"name":"Lesly Katherine Segura Camargo.","@id":"https:\/\/www.fiscalia.gov.co\/colombia\/#\/schema\/person\/6be81acb78add0abcbda2c598c1d53e1"},"headline":"Judicializados cuatro hombres, quienes habr\u00edan causado graves heridas a varias personas en Bol\u00edvar","datePublished":"2023-11-29T16:54:43+00:00","dateModified":"2023-11-29T16:54:43+00:00","mainEntityOfPage":{"@id":"https:\/\/www.fiscalia.gov.co\/colombia\/noticias\/judicializados-cuatro-hombres-quienes-habrian-causado-graves-heridas-a-varias-personas-en-bolivar\/"},"wordCount":551,"publisher":{"@id":"https:\/\/www.fiscalia.gov.co\/colombia\/#organization"},"image":{"@id":"https:\/\/www.fiscalia.gov.co\/colombia\/noticias\/judicializados-cuatro-hombres-quienes-habrian-causado-graves-heridas-a-varias-personas-en-bolivar\/#primaryimage"},"thumbnailUrl":"https:\/\/www.fiscalia.gov.co\/colombia\/wp-content\/uploads\/Foto-1-boletin-29-de-noviembre-tentativa-de-homicidio-300x300.jpeg","keywords":["Bol\u00edvar","C\u00e1rcel","Cartagena","Fiscal\u00eda Colombia","Fiscal\u00eda General de la Naci\u00f3n","Hurto","Mahates","Polic\u00eda Nacional","porte de arma de fuego","porte ilegal de arma de fuego de uso privativo","Tentativa de homicidio"],"articleSection":["Noticias","Seccional Cartagena","Seccionales","Seguridad territorial"],"inLanguage":"es-CO"},{"@type":"WebPage","@id":"https:\/\/www.fiscalia.gov.co\/colombia\/noticias\/judicializados-cuatro-hombres-quienes-habrian-causado-graves-heridas-a-varias-personas-en-bolivar\/","url":"https:\/\/www.fiscalia.gov.co\/colombia\/noticias\/judicializados-cuatro-hombres-quienes-habrian-causado-graves-heridas-a-varias-personas-en-bolivar\/","name":"Fiscal\u00eda General de la Naci\u00f3n","isPartOf":{"@id":"https:\/\/www.fiscalia.gov.co\/colombia\/#website"},"primaryImageOfPage":{"@id":"https:\/\/www.fiscalia.gov.co\/colombia\/noticias\/judicializados-cuatro-hombres-quienes-habrian-causado-graves-heridas-a-varias-personas-en-bolivar\/#primaryimage"},"image":{"@id":"https:\/\/www.fiscalia.gov.co\/colombia\/noticias\/judicializados-cuatro-hombres-quienes-habrian-causado-graves-heridas-a-varias-personas-en-bolivar\/#primaryimage"},"thumbnailUrl":"https:\/\/www.fiscalia.gov.co\/colombia\/wp-content\/uploads\/Foto-1-boletin-29-de-noviembre-tentativa-de-homicidio-300x300.jpeg","datePublished":"2023-11-29T16:54:43+00:00","dateModified":"2023-11-29T16:54:43+00:00","description":"P\u00e1gina oficial de la Fiscal\u00eda General de la Naci\u00f3n \u2013 Colombia. Garantizamos el acceso efectivo a la justicia, la verdad y la reparaci\u00f3n de las v\u00edctimas de los delitos.","breadcrumb":{"@id":"https:\/\/www.fiscalia.gov.co\/colombia\/noticias\/judicializados-cuatro-hombres-quienes-habrian-causado-graves-heridas-a-varias-personas-en-bolivar\/#breadcrumb"},"inLanguage":"es-CO","potentialAction":[{"@type":"ReadAction","target":["https:\/\/www.fiscalia.gov.co\/colombia\/noticias\/judicializados-cuatro-hombres-quienes-habrian-causado-graves-heridas-a-varias-personas-en-bolivar\/"]}]},{"@type":"ImageObject","inLanguage":"es-CO","@id":"https:\/\/www.fiscalia.gov.co\/colombia\/noticias\/judicializados-cuatro-hombres-quienes-habrian-causado-graves-heridas-a-varias-personas-en-bolivar\/#primaryimage","url":"https:\/\/www.fiscalia.gov.co\/colombia\/wp-content\/uploads\/Foto-1-boletin-29-de-noviembre-tentativa-de-homicidio-300x300.jpeg","contentUrl":"https:\/\/www.fiscalia.gov.co\/colombia\/wp-content\/uploads\/Foto-1-boletin-29-de-noviembre-tentativa-de-homicidio-300x300.jpeg"},{"@type":"BreadcrumbList","@id":"https:\/\/www.fiscalia.gov.co\/colombia\/noticias\/judicializados-cuatro-hombres-quienes-habrian-causado-graves-heridas-a-varias-personas-en-bolivar\/#breadcrumb","itemListElement":[{"@type":"ListItem","position":1,"name":"Home","item":"https:\/\/www.fiscalia.gov.co\/colombia\/"},{"@type":"ListItem","position":2,"name":"Judicializados cuatro hombres, quienes habr\u00edan causado graves heridas a varias personas en Bol\u00edvar"}]},{"@type":"WebSite","@id":"https:\/\/www.fiscalia.gov.co\/colombia\/#website","url":"https:\/\/www.fiscalia.gov.co\/colombia\/","name":"Fiscal\u00eda General de la Naci\u00f3n","description":"P\u00e1gina oficial de la Fiscal\u00eda General de la Naci\u00f3n \u2013 Colombia. Garantizamos el acceso efectivo a la justicia, la verdad y la reparaci\u00f3n de las v\u00edctimas de los delitos.","publisher":{"@id":"https:\/\/www.fiscalia.gov.co\/colombia\/#organization"},"potentialAction":[{"@type":"SearchAction","target":{"@type":"EntryPoint","urlTemplate":"https:\/\/www.fiscalia.gov.co\/colombia\/?s={search_term_string}"},"query-input":{"@type":"PropertyValueSpecification","valueRequired":true,"valueName":"search_term_string"}}],"inLanguage":"es-CO"},{"@type":"Organization","@id":"https:\/\/www.fiscalia.gov.co\/colombia\/#organization","name":"Fiscal\u00eda General de la Naci\u00f3n","url":"https:\/\/www.fiscalia.gov.co\/colombia\/","logo":{"@type":"ImageObject","inLanguage":"es-CO","@id":"https:\/\/www.fiscalia.gov.co\/colombia\/#\/schema\/logo\/image\/","url":"https:\/\/www.fiscalia.gov.co\/colombia\/wp-content\/uploads\/LogoHorizontal_1.jpg","contentUrl":"https:\/\/www.fiscalia.gov.co\/colombia\/wp-content\/uploads\/LogoHorizontal_1.jpg","width":300,"height":90,"caption":"Fiscal\u00eda General de la Naci\u00f3n"},"image":{"@id":"https:\/\/www.fiscalia.gov.co\/colombia\/#\/schema\/logo\/image\/"},"sameAs":["https:\/\/www.facebook.com\/FiscaliaCol","https:\/\/x.com\/FiscaliaCol","https:\/\/www.instagram.com\/fiscaliacol","https:\/\/www.linkedin.com\/company\/fiscalia-general-de-la-naci-n\/","https:\/\/youtube.com\/@fiscaliageneraldelanacion-4668?si=6nN79nyQICPU5iTh"]},{"@type":"Person","@id":"https:\/\/www.fiscalia.gov.co\/colombia\/#\/schema\/person\/6be81acb78add0abcbda2c598c1d53e1","name":"Lesly Katherine Segura Camargo.","image":{"@type":"ImageObject","inLanguage":"es-CO","@id":"https:\/\/www.fiscalia.gov.co\/colombia\/#\/schema\/person\/image\/","url":"https:\/\/secure.gravatar.com\/avatar\/1892091c53ef3b9c2fcb37ca6066e439?s=96&d=mm&r=g","contentUrl":"https:\/\/secure.gravatar.com\/avatar\/1892091c53ef3b9c2fcb37ca6066e439?s=96&d=mm&r=g","caption":"Lesly Katherine Segura Camargo."},"url":"https:\/\/www.fiscalia.gov.co\/colombia\/author\/lesly-segura\/"}]}},"_links":{"self":[{"href":"https:\/\/www.fiscalia.gov.co\/colombia\/wp-json\/wp\/v2\/posts\/284158","targetHints":{"allow":["GET"]}}],"collection":[{"href":"https:\/\/www.fiscalia.gov.co\/colombia\/wp-json\/wp\/v2\/posts"}],"about":[{"href":"https:\/\/www.fiscalia.gov.co\/colombia\/wp-json\/wp\/v2\/types\/post"}],"author":[{"embeddable":true,"href":"https:\/\/www.fiscalia.gov.co\/colombia\/wp-json\/wp\/v2\/users\/179"}],"replies":[{"embeddable":true,"href":"https:\/\/www.fiscalia.gov.co\/colombia\/wp-json\/wp\/v2\/comments?post=284158"}],"version-history":[{"count":1,"href":"https:\/\/www.fiscalia.gov.co\/colombia\/wp-json\/wp\/v2\/posts\/284158\/revisions"}],"predecessor-version":[{"id":284162,"href":"https:\/\/www.fiscalia.gov.co\/colombia\/wp-json\/wp\/v2\/posts\/284158\/revisions\/284162"}],"wp:attachment":[{"href":"https:\/\/www.fiscalia.gov.co\/colombia\/wp-json\/wp\/v2\/media?parent=284158"}],"wp:term":[{"taxonomy":"category","embeddable":true,"href":"https:\/\/www.fiscalia.gov.co\/colombia\/wp-json\/wp\/v2\/categories?post=284158"},{"taxonomy":"post_tag","embeddable":true,"href":"https:\/\/www.fiscalia.gov.co\/colombia\/wp-json\/wp\/v2\/tags?post=284158"}],"curies":[{"name":"wp","href":"https:\/\/api.w.org\/{rel}","templated":true}]}}