{"id":284116,"date":"2023-11-28T17:47:08","date_gmt":"2023-11-28T22:47:08","guid":{"rendered":"https:\/\/www.fiscalia.gov.co\/colombia\/?p=284116"},"modified":"2023-12-06T14:58:58","modified_gmt":"2023-12-06T19:58:58","slug":"privados-de-la-libertad-tres-policias-por-presuntamente-exigirle-dinero-a-un-hombre-a-cambio-de-dejarlo-en-libertad","status":"publish","type":"post","link":"https:\/\/www.fiscalia.gov.co\/colombia\/noticias\/privados-de-la-libertad-tres-policias-por-presuntamente-exigirle-dinero-a-un-hombre-a-cambio-de-dejarlo-en-libertad\/","title":{"rendered":"Privados de la libertad tres polic\u00edas por presuntamente exigirle dinero a un hombre a cambio de dejarlo en libertad"},"content":{"rendered":"<p>La Fiscal\u00eda a trav\u00e9s de un despacho de la Unidad de Administraci\u00f3n P\u00fablica de la Seccional Huila, logr\u00f3 que tres funcionarios de la Polic\u00eda Nacional fueran privados de la libertad se\u00f1alados de haber constre\u00f1ido a un ciudadano, en noviembre de este a\u00f1o, para que les diera dinero a cambio de darle libertad de manera ilegal.<\/p>\n<figure id=\"attachment_284117\" aria-describedby=\"caption-attachment-284117\" style=\"width: 300px\" class=\"wp-caption aligncenter\"><img loading=\"lazy\" decoding=\"async\" class=\"size-medium wp-image-284117\" src=\"https:\/\/www.fiscalia.gov.co\/colombia\/wp-content\/uploads\/policias-corruptos-neiva-300x217.jpeg\" alt=\" en la imagen se ven tres polic\u00edas detenidos bajos custodia de investigadores del CTI. Detr\u00e1s suyo un backing institucional. \" width=\"300\" height=\"217\" srcset=\"https:\/\/www.fiscalia.gov.co\/colombia\/wp-content\/uploads\/policias-corruptos-neiva-300x217.jpeg 300w, https:\/\/www.fiscalia.gov.co\/colombia\/wp-content\/uploads\/policias-corruptos-neiva-1024x740.jpeg 1024w, https:\/\/www.fiscalia.gov.co\/colombia\/wp-content\/uploads\/policias-corruptos-neiva-768x555.jpeg 768w, https:\/\/www.fiscalia.gov.co\/colombia\/wp-content\/uploads\/policias-corruptos-neiva-1536x1110.jpeg 1536w, https:\/\/www.fiscalia.gov.co\/colombia\/wp-content\/uploads\/policias-corruptos-neiva-696x503.jpeg 696w, https:\/\/www.fiscalia.gov.co\/colombia\/wp-content\/uploads\/policias-corruptos-neiva-1068x772.jpeg 1068w, https:\/\/www.fiscalia.gov.co\/colombia\/wp-content\/uploads\/policias-corruptos-neiva-581x420.jpeg 581w, https:\/\/www.fiscalia.gov.co\/colombia\/wp-content\/uploads\/policias-corruptos-neiva-324x235.jpeg 324w, https:\/\/www.fiscalia.gov.co\/colombia\/wp-content\/uploads\/policias-corruptos-neiva.jpeg 1600w\" sizes=\"auto, (max-width: 300px) 100vw, 300px\" \/><figcaption id=\"caption-attachment-284117\" class=\"wp-caption-text\">Los procesados fueron detenidos al t\u00e9rmino de la semana pasada en el Comando de la Polic\u00eda Metropolitana de Neiva, Huila.<\/figcaption><\/figure>\n<p>La v\u00edctima fue capturada en el momento en que se verificaron los antecedentes de la moto que conduc\u00eda, percat\u00e1ndose los policiales que estaba inmersa en una investigaci\u00f3n por hurto y extorsi\u00f3n en un despacho del Gaula del Meta, por lo que el veh\u00edculo fue detenido e inmovilizado.<\/p>\n<p>Se trata de Carlos Alberto Almeciga Ortega, \u00d3scar Andr\u00e9s Virguez Sep\u00falveda y Alveiro Boh\u00f3rquez Rivera, detenidos por investigadores del Cuerpo T\u00e9cnico de Investigaci\u00f3n (CTI) en el Comando de la Polic\u00eda Metropolitana de Neiva, por su presunta responsabilidad en los delitos de concusi\u00f3n, destrucci\u00f3n, supresi\u00f3n u ocultamiento de documento p\u00fablico agravado, prevaricato por omisi\u00f3n y falsedad ideol\u00f3gica en documento p\u00fablico, los cuales no aceptaron haber cometido.<\/p>\n<p>Los hechos investigados ocurrieron el 1 de noviembre de 2022 en el CAI Los Alpes de Neiva. Los agentes, aprovech\u00e1ndose de las funciones propias de su cargo, se comunicaron con los padres del motociclista para exigirles la suma de $3.000.000 a cambio facilitar su libertad y destruir los elementos materiales probatorios que dieron lugar a su captura en flagrancia.<\/p>\n<p>Asimismo, har\u00edan pasar la moto como hallada en estado de abandono y la pondr\u00edan a disposici\u00f3n del fiscal que lidera el caso en el Meta, lo cual ocurri\u00f3 el 3 de noviembre del mismo a\u00f1o, plasmando en documentos p\u00fablicos falsedades con respecto a la fecha y forma en que fuera incautado el veh\u00edculo.<\/p>\n<p>Al t\u00e9rmino de las audiencias de rigor, un juez con funciones de control de garant\u00edas les impuso medida de aseguramiento en sus domicilios mientras avanza la investigaci\u00f3n.<\/p>\n<p>&nbsp;<\/p>\n<p><strong>La Fiscal\u00eda habla con resultados.<\/strong><\/p>\n<p>&nbsp;<\/p>\n<p>&nbsp;<\/p>\n<p>&nbsp;<\/p>\n<p>PAAM\/LYBT\/LCD\/DFHI\/DSH<\/p>\n<p>&nbsp;<\/p>\n<p>&nbsp;<\/p>\n<p>&nbsp;<\/p>\n<p><em>La informaci\u00f3n contenida en este bolet\u00edn de prensa corresponde a la narraci\u00f3n de los hechos noticiosos objetivos, suministrados por los funcionarios encargados de adelantar las investigaciones penales al interior de la Fiscal\u00eda General de la Naci\u00f3n. Para el momento de la divulgaci\u00f3n de este comunicado, la situaci\u00f3n jur\u00eddica de la(s) persona(s) relacionada(s) se encuentra pendiente de resolver por la autoridad judicial competente, siempre bajo los preceptos de la presunci\u00f3n de inocencia, consagrados en el art\u00edculo 29 de la Constituci\u00f3n Pol\u00edtica y el art\u00edculo 7\u00ba de la Ley 906 de 2004.<\/em><\/p>\n\n<div class=\"twitter-share\"><a href=\"https:\/\/twitter.com\/intent\/tweet?via=fiscaliacol\" class=\"twitter-share-button\">Tweet<\/a><\/div>\n","protected":false},"excerpt":{"rendered":"<p>La Fiscal\u00eda a trav\u00e9s de un despacho de la Unidad de Administraci\u00f3n P\u00fablica de la Seccional Huila, logr\u00f3 que tres funcionarios de la Polic\u00eda Nacional fueran privados de la libertad [&hellip;]<\/p>\n","protected":false},"author":179,"featured_media":284622,"comment_status":"closed","ping_status":"open","sticky":false,"template":"","format":"video","meta":{"tdm_status":"","tdm_grid_status":"","footnotes":""},"categories":[1,333,303,24099],"tags":[3119,7240,23965,427,45,33209,12487,14221,1047,36364,1090,23833,558,11530,36363],"class_list":["post-284116","post","type-post","status-publish","format-video","has-post-thumbnail","category-noticias","category-seccional-neiva","category-seccionales","category-seguridad-territorial","tag-amenazas","tag-cai","tag-concusion","tag-corrupcion","tag-cti","tag-destruccion","tag-falsedadideologica-en-documento-publico","tag-familia","tag-fiscalia-general-de-la-nacion","tag-infraccion-de-transito","tag-motocicleta","tag-neiva","tag-policia-nacional","tag-prevaricato-por-omision","tag-supresion-u-ocultamiento-de-documento-publico-agravado","post_format-post-format-video"],"yoast_head":"<!-- This site is optimized with the Yoast SEO plugin v24.3 - https:\/\/yoast.com\/wordpress\/plugins\/seo\/ -->\n<title>Fiscal\u00eda General de la Naci\u00f3n<\/title>\n<meta name=\"description\" content=\"P\u00e1gina oficial de la Fiscal\u00eda General de la Naci\u00f3n \u2013 Colombia. Garantizamos el acceso efectivo a la justicia, la verdad y la reparaci\u00f3n de las v\u00edctimas de los delitos.\" \/>\n<meta name=\"robots\" content=\"noindex, follow\" \/>\n<meta property=\"og:locale\" content=\"es_ES\" \/>\n<meta property=\"og:type\" content=\"article\" \/>\n<meta property=\"og:title\" content=\"Fiscal\u00eda General de la Naci\u00f3n\" \/>\n<meta property=\"og:description\" content=\"P\u00e1gina oficial de la Fiscal\u00eda General de la Naci\u00f3n \u2013 Colombia. Garantizamos el acceso efectivo a la justicia, la verdad y la reparaci\u00f3n de las v\u00edctimas de los delitos.\" \/>\n<meta property=\"og:url\" content=\"https:\/\/www.fiscalia.gov.co\/colombia\/noticias\/privados-de-la-libertad-tres-policias-por-presuntamente-exigirle-dinero-a-un-hombre-a-cambio-de-dejarlo-en-libertad\/\" \/>\n<meta property=\"og:site_name\" content=\"Fiscal\u00eda General de la Naci\u00f3n\" \/>\n<meta property=\"article:publisher\" content=\"https:\/\/www.facebook.com\/FiscaliaCol\" \/>\n<meta property=\"article:published_time\" content=\"2023-11-28T22:47:08+00:00\" \/>\n<meta property=\"article:modified_time\" content=\"2023-12-06T19:58:58+00:00\" \/>\n<meta property=\"og:image\" content=\"https:\/\/www.fiscalia.gov.co\/colombia\/wp-content\/uploads\/maxresdefault-1300.jpg\" \/>\n\t<meta property=\"og:image:width\" content=\"1280\" \/>\n\t<meta property=\"og:image:height\" content=\"720\" \/>\n\t<meta property=\"og:image:type\" content=\"image\/jpeg\" \/>\n<meta name=\"author\" content=\"Lesly Katherine Segura Camargo.\" \/>\n<meta name=\"twitter:card\" content=\"summary_large_image\" \/>\n<meta name=\"twitter:creator\" content=\"@FiscaliaCol\" \/>\n<meta name=\"twitter:site\" content=\"@FiscaliaCol\" \/>\n<meta name=\"twitter:label1\" content=\"Escrito por\" \/>\n\t<meta name=\"twitter:data1\" content=\"Lesly Katherine Segura Camargo.\" \/>\n\t<meta name=\"twitter:label2\" content=\"Tiempo de lectura\" \/>\n\t<meta name=\"twitter:data2\" content=\"3 minutos\" \/>\n<script type=\"application\/ld+json\" class=\"yoast-schema-graph\">{\"@context\":\"https:\/\/schema.org\",\"@graph\":[{\"@type\":\"Article\",\"@id\":\"https:\/\/www.fiscalia.gov.co\/colombia\/noticias\/privados-de-la-libertad-tres-policias-por-presuntamente-exigirle-dinero-a-un-hombre-a-cambio-de-dejarlo-en-libertad\/#article\",\"isPartOf\":{\"@id\":\"https:\/\/www.fiscalia.gov.co\/colombia\/noticias\/privados-de-la-libertad-tres-policias-por-presuntamente-exigirle-dinero-a-un-hombre-a-cambio-de-dejarlo-en-libertad\/\"},\"author\":{\"name\":\"Lesly Katherine Segura Camargo.\",\"@id\":\"https:\/\/www.fiscalia.gov.co\/colombia\/#\/schema\/person\/6be81acb78add0abcbda2c598c1d53e1\"},\"headline\":\"Privados de la libertad tres polic\u00edas por presuntamente exigirle dinero a un hombre a cambio de dejarlo en libertad\",\"datePublished\":\"2023-11-28T22:47:08+00:00\",\"dateModified\":\"2023-12-06T19:58:58+00:00\",\"mainEntityOfPage\":{\"@id\":\"https:\/\/www.fiscalia.gov.co\/colombia\/noticias\/privados-de-la-libertad-tres-policias-por-presuntamente-exigirle-dinero-a-un-hombre-a-cambio-de-dejarlo-en-libertad\/\"},\"wordCount\":508,\"publisher\":{\"@id\":\"https:\/\/www.fiscalia.gov.co\/colombia\/#organization\"},\"image\":{\"@id\":\"https:\/\/www.fiscalia.gov.co\/colombia\/noticias\/privados-de-la-libertad-tres-policias-por-presuntamente-exigirle-dinero-a-un-hombre-a-cambio-de-dejarlo-en-libertad\/#primaryimage\"},\"thumbnailUrl\":\"https:\/\/www.fiscalia.gov.co\/colombia\/wp-content\/uploads\/maxresdefault-1300.jpg\",\"keywords\":[\"Amenazas\",\"CAI\",\"Concusi\u00f3n\",\"Corrupci\u00f3n\",\"CTI\",\"destrucci\u00f3n\",\"falsedad\u202fideol\u00f3gica en documento p\u00fablico\",\"Familia\",\"Fiscal\u00eda General de la Naci\u00f3n\",\"infracci\u00f3n de tr\u00e1nsito\",\"Motocicleta\",\"Neiva\",\"Polic\u00eda Nacional\",\"prevaricato por omisi\u00f3n\",\"supresi\u00f3n u ocultamiento de documento p\u00fablico agravado\"],\"articleSection\":[\"Noticias\",\"Seccional Neiva\",\"Seccionales\",\"Seguridad territorial\"],\"inLanguage\":\"es-CO\"},{\"@type\":\"WebPage\",\"@id\":\"https:\/\/www.fiscalia.gov.co\/colombia\/noticias\/privados-de-la-libertad-tres-policias-por-presuntamente-exigirle-dinero-a-un-hombre-a-cambio-de-dejarlo-en-libertad\/\",\"url\":\"https:\/\/www.fiscalia.gov.co\/colombia\/noticias\/privados-de-la-libertad-tres-policias-por-presuntamente-exigirle-dinero-a-un-hombre-a-cambio-de-dejarlo-en-libertad\/\",\"name\":\"Fiscal\u00eda General de la Naci\u00f3n\",\"isPartOf\":{\"@id\":\"https:\/\/www.fiscalia.gov.co\/colombia\/#website\"},\"primaryImageOfPage\":{\"@id\":\"https:\/\/www.fiscalia.gov.co\/colombia\/noticias\/privados-de-la-libertad-tres-policias-por-presuntamente-exigirle-dinero-a-un-hombre-a-cambio-de-dejarlo-en-libertad\/#primaryimage\"},\"image\":{\"@id\":\"https:\/\/www.fiscalia.gov.co\/colombia\/noticias\/privados-de-la-libertad-tres-policias-por-presuntamente-exigirle-dinero-a-un-hombre-a-cambio-de-dejarlo-en-libertad\/#primaryimage\"},\"thumbnailUrl\":\"https:\/\/www.fiscalia.gov.co\/colombia\/wp-content\/uploads\/maxresdefault-1300.jpg\",\"datePublished\":\"2023-11-28T22:47:08+00:00\",\"dateModified\":\"2023-12-06T19:58:58+00:00\",\"description\":\"P\u00e1gina oficial de la Fiscal\u00eda General de la Naci\u00f3n \u2013 Colombia. Garantizamos el acceso efectivo a la justicia, la verdad y la reparaci\u00f3n de las v\u00edctimas de los delitos.\",\"breadcrumb\":{\"@id\":\"https:\/\/www.fiscalia.gov.co\/colombia\/noticias\/privados-de-la-libertad-tres-policias-por-presuntamente-exigirle-dinero-a-un-hombre-a-cambio-de-dejarlo-en-libertad\/#breadcrumb\"},\"inLanguage\":\"es-CO\",\"potentialAction\":[{\"@type\":\"ReadAction\",\"target\":[\"https:\/\/www.fiscalia.gov.co\/colombia\/noticias\/privados-de-la-libertad-tres-policias-por-presuntamente-exigirle-dinero-a-un-hombre-a-cambio-de-dejarlo-en-libertad\/\"]}]},{\"@type\":\"ImageObject\",\"inLanguage\":\"es-CO\",\"@id\":\"https:\/\/www.fiscalia.gov.co\/colombia\/noticias\/privados-de-la-libertad-tres-policias-por-presuntamente-exigirle-dinero-a-un-hombre-a-cambio-de-dejarlo-en-libertad\/#primaryimage\",\"url\":\"https:\/\/www.fiscalia.gov.co\/colombia\/wp-content\/uploads\/maxresdefault-1300.jpg\",\"contentUrl\":\"https:\/\/www.fiscalia.gov.co\/colombia\/wp-content\/uploads\/maxresdefault-1300.jpg\",\"width\":1280,\"height\":720},{\"@type\":\"BreadcrumbList\",\"@id\":\"https:\/\/www.fiscalia.gov.co\/colombia\/noticias\/privados-de-la-libertad-tres-policias-por-presuntamente-exigirle-dinero-a-un-hombre-a-cambio-de-dejarlo-en-libertad\/#breadcrumb\",\"itemListElement\":[{\"@type\":\"ListItem\",\"position\":1,\"name\":\"Home\",\"item\":\"https:\/\/www.fiscalia.gov.co\/colombia\/\"},{\"@type\":\"ListItem\",\"position\":2,\"name\":\"Privados de la libertad tres polic\u00edas por presuntamente exigirle dinero a un hombre a cambio de dejarlo en libertad\"}]},{\"@type\":\"WebSite\",\"@id\":\"https:\/\/www.fiscalia.gov.co\/colombia\/#website\",\"url\":\"https:\/\/www.fiscalia.gov.co\/colombia\/\",\"name\":\"Fiscal\u00eda General de la Naci\u00f3n\",\"description\":\"P\u00e1gina oficial de la Fiscal\u00eda General de la Naci\u00f3n \u2013 Colombia. Garantizamos el acceso efectivo a la justicia, la verdad y la reparaci\u00f3n de las v\u00edctimas de los delitos.\",\"publisher\":{\"@id\":\"https:\/\/www.fiscalia.gov.co\/colombia\/#organization\"},\"potentialAction\":[{\"@type\":\"SearchAction\",\"target\":{\"@type\":\"EntryPoint\",\"urlTemplate\":\"https:\/\/www.fiscalia.gov.co\/colombia\/?s={search_term_string}\"},\"query-input\":{\"@type\":\"PropertyValueSpecification\",\"valueRequired\":true,\"valueName\":\"search_term_string\"}}],\"inLanguage\":\"es-CO\"},{\"@type\":\"Organization\",\"@id\":\"https:\/\/www.fiscalia.gov.co\/colombia\/#organization\",\"name\":\"Fiscal\u00eda General de la Naci\u00f3n\",\"url\":\"https:\/\/www.fiscalia.gov.co\/colombia\/\",\"logo\":{\"@type\":\"ImageObject\",\"inLanguage\":\"es-CO\",\"@id\":\"https:\/\/www.fiscalia.gov.co\/colombia\/#\/schema\/logo\/image\/\",\"url\":\"https:\/\/www.fiscalia.gov.co\/colombia\/wp-content\/uploads\/LogoHorizontal_1.jpg\",\"contentUrl\":\"https:\/\/www.fiscalia.gov.co\/colombia\/wp-content\/uploads\/LogoHorizontal_1.jpg\",\"width\":300,\"height\":90,\"caption\":\"Fiscal\u00eda General de la Naci\u00f3n\"},\"image\":{\"@id\":\"https:\/\/www.fiscalia.gov.co\/colombia\/#\/schema\/logo\/image\/\"},\"sameAs\":[\"https:\/\/www.facebook.com\/FiscaliaCol\",\"https:\/\/x.com\/FiscaliaCol\",\"https:\/\/www.instagram.com\/fiscaliacol\",\"https:\/\/www.linkedin.com\/company\/fiscalia-general-de-la-naci-n\/\",\"https:\/\/youtube.com\/@fiscaliageneraldelanacion-4668?si=6nN79nyQICPU5iTh\"]},{\"@type\":\"Person\",\"@id\":\"https:\/\/www.fiscalia.gov.co\/colombia\/#\/schema\/person\/6be81acb78add0abcbda2c598c1d53e1\",\"name\":\"Lesly Katherine Segura Camargo.\",\"image\":{\"@type\":\"ImageObject\",\"inLanguage\":\"es-CO\",\"@id\":\"https:\/\/www.fiscalia.gov.co\/colombia\/#\/schema\/person\/image\/\",\"url\":\"https:\/\/secure.gravatar.com\/avatar\/1892091c53ef3b9c2fcb37ca6066e439?s=96&d=mm&r=g\",\"contentUrl\":\"https:\/\/secure.gravatar.com\/avatar\/1892091c53ef3b9c2fcb37ca6066e439?s=96&d=mm&r=g\",\"caption\":\"Lesly Katherine Segura Camargo.\"},\"url\":\"https:\/\/www.fiscalia.gov.co\/colombia\/author\/lesly-segura\/\"}]}<\/script>\n<!-- \/ Yoast SEO plugin. -->","yoast_head_json":{"title":"Fiscal\u00eda General de la Naci\u00f3n","description":"P\u00e1gina oficial de la Fiscal\u00eda General de la Naci\u00f3n \u2013 Colombia. Garantizamos el acceso efectivo a la justicia, la verdad y la reparaci\u00f3n de las v\u00edctimas de los delitos.","robots":{"index":"noindex","follow":"follow"},"og_locale":"es_ES","og_type":"article","og_title":"Fiscal\u00eda General de la Naci\u00f3n","og_description":"P\u00e1gina oficial de la Fiscal\u00eda General de la Naci\u00f3n \u2013 Colombia. Garantizamos el acceso efectivo a la justicia, la verdad y la reparaci\u00f3n de las v\u00edctimas de los delitos.","og_url":"https:\/\/www.fiscalia.gov.co\/colombia\/noticias\/privados-de-la-libertad-tres-policias-por-presuntamente-exigirle-dinero-a-un-hombre-a-cambio-de-dejarlo-en-libertad\/","og_site_name":"Fiscal\u00eda General de la Naci\u00f3n","article_publisher":"https:\/\/www.facebook.com\/FiscaliaCol","article_published_time":"2023-11-28T22:47:08+00:00","article_modified_time":"2023-12-06T19:58:58+00:00","og_image":[{"width":1280,"height":720,"url":"https:\/\/www.fiscalia.gov.co\/colombia\/wp-content\/uploads\/maxresdefault-1300.jpg","type":"image\/jpeg"}],"author":"Lesly Katherine Segura Camargo.","twitter_card":"summary_large_image","twitter_creator":"@FiscaliaCol","twitter_site":"@FiscaliaCol","twitter_misc":{"Escrito por":"Lesly Katherine Segura Camargo.","Tiempo de lectura":"3 minutos"},"schema":{"@context":"https:\/\/schema.org","@graph":[{"@type":"Article","@id":"https:\/\/www.fiscalia.gov.co\/colombia\/noticias\/privados-de-la-libertad-tres-policias-por-presuntamente-exigirle-dinero-a-un-hombre-a-cambio-de-dejarlo-en-libertad\/#article","isPartOf":{"@id":"https:\/\/www.fiscalia.gov.co\/colombia\/noticias\/privados-de-la-libertad-tres-policias-por-presuntamente-exigirle-dinero-a-un-hombre-a-cambio-de-dejarlo-en-libertad\/"},"author":{"name":"Lesly Katherine Segura Camargo.","@id":"https:\/\/www.fiscalia.gov.co\/colombia\/#\/schema\/person\/6be81acb78add0abcbda2c598c1d53e1"},"headline":"Privados de la libertad tres polic\u00edas por presuntamente exigirle dinero a un hombre a cambio de dejarlo en libertad","datePublished":"2023-11-28T22:47:08+00:00","dateModified":"2023-12-06T19:58:58+00:00","mainEntityOfPage":{"@id":"https:\/\/www.fiscalia.gov.co\/colombia\/noticias\/privados-de-la-libertad-tres-policias-por-presuntamente-exigirle-dinero-a-un-hombre-a-cambio-de-dejarlo-en-libertad\/"},"wordCount":508,"publisher":{"@id":"https:\/\/www.fiscalia.gov.co\/colombia\/#organization"},"image":{"@id":"https:\/\/www.fiscalia.gov.co\/colombia\/noticias\/privados-de-la-libertad-tres-policias-por-presuntamente-exigirle-dinero-a-un-hombre-a-cambio-de-dejarlo-en-libertad\/#primaryimage"},"thumbnailUrl":"https:\/\/www.fiscalia.gov.co\/colombia\/wp-content\/uploads\/maxresdefault-1300.jpg","keywords":["Amenazas","CAI","Concusi\u00f3n","Corrupci\u00f3n","CTI","destrucci\u00f3n","falsedad\u202fideol\u00f3gica en documento p\u00fablico","Familia","Fiscal\u00eda General de la Naci\u00f3n","infracci\u00f3n de tr\u00e1nsito","Motocicleta","Neiva","Polic\u00eda Nacional","prevaricato por omisi\u00f3n","supresi\u00f3n u ocultamiento de documento p\u00fablico agravado"],"articleSection":["Noticias","Seccional Neiva","Seccionales","Seguridad territorial"],"inLanguage":"es-CO"},{"@type":"WebPage","@id":"https:\/\/www.fiscalia.gov.co\/colombia\/noticias\/privados-de-la-libertad-tres-policias-por-presuntamente-exigirle-dinero-a-un-hombre-a-cambio-de-dejarlo-en-libertad\/","url":"https:\/\/www.fiscalia.gov.co\/colombia\/noticias\/privados-de-la-libertad-tres-policias-por-presuntamente-exigirle-dinero-a-un-hombre-a-cambio-de-dejarlo-en-libertad\/","name":"Fiscal\u00eda General de la Naci\u00f3n","isPartOf":{"@id":"https:\/\/www.fiscalia.gov.co\/colombia\/#website"},"primaryImageOfPage":{"@id":"https:\/\/www.fiscalia.gov.co\/colombia\/noticias\/privados-de-la-libertad-tres-policias-por-presuntamente-exigirle-dinero-a-un-hombre-a-cambio-de-dejarlo-en-libertad\/#primaryimage"},"image":{"@id":"https:\/\/www.fiscalia.gov.co\/colombia\/noticias\/privados-de-la-libertad-tres-policias-por-presuntamente-exigirle-dinero-a-un-hombre-a-cambio-de-dejarlo-en-libertad\/#primaryimage"},"thumbnailUrl":"https:\/\/www.fiscalia.gov.co\/colombia\/wp-content\/uploads\/maxresdefault-1300.jpg","datePublished":"2023-11-28T22:47:08+00:00","dateModified":"2023-12-06T19:58:58+00:00","description":"P\u00e1gina oficial de la Fiscal\u00eda General de la Naci\u00f3n \u2013 Colombia. Garantizamos el acceso efectivo a la justicia, la verdad y la reparaci\u00f3n de las v\u00edctimas de los delitos.","breadcrumb":{"@id":"https:\/\/www.fiscalia.gov.co\/colombia\/noticias\/privados-de-la-libertad-tres-policias-por-presuntamente-exigirle-dinero-a-un-hombre-a-cambio-de-dejarlo-en-libertad\/#breadcrumb"},"inLanguage":"es-CO","potentialAction":[{"@type":"ReadAction","target":["https:\/\/www.fiscalia.gov.co\/colombia\/noticias\/privados-de-la-libertad-tres-policias-por-presuntamente-exigirle-dinero-a-un-hombre-a-cambio-de-dejarlo-en-libertad\/"]}]},{"@type":"ImageObject","inLanguage":"es-CO","@id":"https:\/\/www.fiscalia.gov.co\/colombia\/noticias\/privados-de-la-libertad-tres-policias-por-presuntamente-exigirle-dinero-a-un-hombre-a-cambio-de-dejarlo-en-libertad\/#primaryimage","url":"https:\/\/www.fiscalia.gov.co\/colombia\/wp-content\/uploads\/maxresdefault-1300.jpg","contentUrl":"https:\/\/www.fiscalia.gov.co\/colombia\/wp-content\/uploads\/maxresdefault-1300.jpg","width":1280,"height":720},{"@type":"BreadcrumbList","@id":"https:\/\/www.fiscalia.gov.co\/colombia\/noticias\/privados-de-la-libertad-tres-policias-por-presuntamente-exigirle-dinero-a-un-hombre-a-cambio-de-dejarlo-en-libertad\/#breadcrumb","itemListElement":[{"@type":"ListItem","position":1,"name":"Home","item":"https:\/\/www.fiscalia.gov.co\/colombia\/"},{"@type":"ListItem","position":2,"name":"Privados de la libertad tres polic\u00edas por presuntamente exigirle dinero a un hombre a cambio de dejarlo en libertad"}]},{"@type":"WebSite","@id":"https:\/\/www.fiscalia.gov.co\/colombia\/#website","url":"https:\/\/www.fiscalia.gov.co\/colombia\/","name":"Fiscal\u00eda General de la Naci\u00f3n","description":"P\u00e1gina oficial de la Fiscal\u00eda General de la Naci\u00f3n \u2013 Colombia. Garantizamos el acceso efectivo a la justicia, la verdad y la reparaci\u00f3n de las v\u00edctimas de los delitos.","publisher":{"@id":"https:\/\/www.fiscalia.gov.co\/colombia\/#organization"},"potentialAction":[{"@type":"SearchAction","target":{"@type":"EntryPoint","urlTemplate":"https:\/\/www.fiscalia.gov.co\/colombia\/?s={search_term_string}"},"query-input":{"@type":"PropertyValueSpecification","valueRequired":true,"valueName":"search_term_string"}}],"inLanguage":"es-CO"},{"@type":"Organization","@id":"https:\/\/www.fiscalia.gov.co\/colombia\/#organization","name":"Fiscal\u00eda General de la Naci\u00f3n","url":"https:\/\/www.fiscalia.gov.co\/colombia\/","logo":{"@type":"ImageObject","inLanguage":"es-CO","@id":"https:\/\/www.fiscalia.gov.co\/colombia\/#\/schema\/logo\/image\/","url":"https:\/\/www.fiscalia.gov.co\/colombia\/wp-content\/uploads\/LogoHorizontal_1.jpg","contentUrl":"https:\/\/www.fiscalia.gov.co\/colombia\/wp-content\/uploads\/LogoHorizontal_1.jpg","width":300,"height":90,"caption":"Fiscal\u00eda General de la Naci\u00f3n"},"image":{"@id":"https:\/\/www.fiscalia.gov.co\/colombia\/#\/schema\/logo\/image\/"},"sameAs":["https:\/\/www.facebook.com\/FiscaliaCol","https:\/\/x.com\/FiscaliaCol","https:\/\/www.instagram.com\/fiscaliacol","https:\/\/www.linkedin.com\/company\/fiscalia-general-de-la-naci-n\/","https:\/\/youtube.com\/@fiscaliageneraldelanacion-4668?si=6nN79nyQICPU5iTh"]},{"@type":"Person","@id":"https:\/\/www.fiscalia.gov.co\/colombia\/#\/schema\/person\/6be81acb78add0abcbda2c598c1d53e1","name":"Lesly Katherine Segura Camargo.","image":{"@type":"ImageObject","inLanguage":"es-CO","@id":"https:\/\/www.fiscalia.gov.co\/colombia\/#\/schema\/person\/image\/","url":"https:\/\/secure.gravatar.com\/avatar\/1892091c53ef3b9c2fcb37ca6066e439?s=96&d=mm&r=g","contentUrl":"https:\/\/secure.gravatar.com\/avatar\/1892091c53ef3b9c2fcb37ca6066e439?s=96&d=mm&r=g","caption":"Lesly Katherine Segura Camargo."},"url":"https:\/\/www.fiscalia.gov.co\/colombia\/author\/lesly-segura\/"}]}},"_links":{"self":[{"href":"https:\/\/www.fiscalia.gov.co\/colombia\/wp-json\/wp\/v2\/posts\/284116","targetHints":{"allow":["GET"]}}],"collection":[{"href":"https:\/\/www.fiscalia.gov.co\/colombia\/wp-json\/wp\/v2\/posts"}],"about":[{"href":"https:\/\/www.fiscalia.gov.co\/colombia\/wp-json\/wp\/v2\/types\/post"}],"author":[{"embeddable":true,"href":"https:\/\/www.fiscalia.gov.co\/colombia\/wp-json\/wp\/v2\/users\/179"}],"replies":[{"embeddable":true,"href":"https:\/\/www.fiscalia.gov.co\/colombia\/wp-json\/wp\/v2\/comments?post=284116"}],"version-history":[{"count":1,"href":"https:\/\/www.fiscalia.gov.co\/colombia\/wp-json\/wp\/v2\/posts\/284116\/revisions"}],"predecessor-version":[{"id":284118,"href":"https:\/\/www.fiscalia.gov.co\/colombia\/wp-json\/wp\/v2\/posts\/284116\/revisions\/284118"}],"wp:featuredmedia":[{"embeddable":true,"href":"https:\/\/www.fiscalia.gov.co\/colombia\/wp-json\/wp\/v2\/media\/284622"}],"wp:attachment":[{"href":"https:\/\/www.fiscalia.gov.co\/colombia\/wp-json\/wp\/v2\/media?parent=284116"}],"wp:term":[{"taxonomy":"category","embeddable":true,"href":"https:\/\/www.fiscalia.gov.co\/colombia\/wp-json\/wp\/v2\/categories?post=284116"},{"taxonomy":"post_tag","embeddable":true,"href":"https:\/\/www.fiscalia.gov.co\/colombia\/wp-json\/wp\/v2\/tags?post=284116"}],"curies":[{"name":"wp","href":"https:\/\/api.w.org\/{rel}","templated":true}]}}