{"id":284085,"date":"2023-11-28T12:04:58","date_gmt":"2023-11-28T17:04:58","guid":{"rendered":"https:\/\/www.fiscalia.gov.co\/colombia\/?p=284085"},"modified":"2023-11-28T12:04:58","modified_gmt":"2023-11-28T17:04:58","slug":"capturado-un-hombre-para-cumplir-sentencia-condenatoria-por-violencia-intrafamiliar-en-cali","status":"publish","type":"post","link":"https:\/\/www.fiscalia.gov.co\/colombia\/noticias\/capturado-un-hombre-para-cumplir-sentencia-condenatoria-por-violencia-intrafamiliar-en-cali\/","title":{"rendered":"Capturado un hombre para cumplir sentencia condenatoria por violencia intrafamiliar en Cali"},"content":{"rendered":"<p>Un hombre identificado como H\u00e9ctor Favio Medina Ospina, de 28 a\u00f1os de edad, fue capturado para cumplir sentencia condenatoria de 72 meses de prisi\u00f3n por el delito de violencia intrafamiliar agravada, en Cali (Valle del Cauca).<\/p>\n<figure id=\"attachment_284086\" aria-describedby=\"caption-attachment-284086\" style=\"width: 246px\" class=\"wp-caption aligncenter\"><img loading=\"lazy\" decoding=\"async\" class=\"size-medium wp-image-284086\" src=\"https:\/\/www.fiscalia.gov.co\/colombia\/wp-content\/uploads\/Hector-Fabio-Medina-Ospina.-Violencia-intrafamiliar.-Condena.-Cali-Valle.--246x300.jpg\" alt=\"En la fotograf\u00eda se aprecia a H\u00e9ctor Favio Medina Ospina, en acci\u00f3n de caminata, en una v\u00eda p\u00fablica, con los brazos atr\u00e1s. Viste camiseta de manga corta color claro, jean azul desgastado y tenis blancos. Al lado izquierdo de \u00e9l hay un servidor del CTI de la Fiscal\u00eda y al lado derecho un uniformado de la Polic\u00eda Nacional\" width=\"246\" height=\"300\" srcset=\"https:\/\/www.fiscalia.gov.co\/colombia\/wp-content\/uploads\/Hector-Fabio-Medina-Ospina.-Violencia-intrafamiliar.-Condena.-Cali-Valle.--246x300.jpg 246w, https:\/\/www.fiscalia.gov.co\/colombia\/wp-content\/uploads\/Hector-Fabio-Medina-Ospina.-Violencia-intrafamiliar.-Condena.-Cali-Valle.--839x1024.jpg 839w, https:\/\/www.fiscalia.gov.co\/colombia\/wp-content\/uploads\/Hector-Fabio-Medina-Ospina.-Violencia-intrafamiliar.-Condena.-Cali-Valle.--768x937.jpg 768w, https:\/\/www.fiscalia.gov.co\/colombia\/wp-content\/uploads\/Hector-Fabio-Medina-Ospina.-Violencia-intrafamiliar.-Condena.-Cali-Valle.--1259x1536.jpg 1259w, https:\/\/www.fiscalia.gov.co\/colombia\/wp-content\/uploads\/Hector-Fabio-Medina-Ospina.-Violencia-intrafamiliar.-Condena.-Cali-Valle.--696x849.jpg 696w, https:\/\/www.fiscalia.gov.co\/colombia\/wp-content\/uploads\/Hector-Fabio-Medina-Ospina.-Violencia-intrafamiliar.-Condena.-Cali-Valle.--1068x1303.jpg 1068w, https:\/\/www.fiscalia.gov.co\/colombia\/wp-content\/uploads\/Hector-Fabio-Medina-Ospina.-Violencia-intrafamiliar.-Condena.-Cali-Valle.--344x420.jpg 344w, https:\/\/www.fiscalia.gov.co\/colombia\/wp-content\/uploads\/Hector-Fabio-Medina-Ospina.-Violencia-intrafamiliar.-Condena.-Cali-Valle.-.jpg 1311w\" sizes=\"auto, (max-width: 246px) 100vw, 246px\" \/><figcaption id=\"caption-attachment-284086\" class=\"wp-caption-text\">H\u00e9ctor Favio Medina Ospina, fue capturado para cumplir sentencia condenatoria de 72 meses de prisi\u00f3n por maltrato f\u00edsico y verbal a su excompa\u00f1era sentimental, en Cali (Valle del Cauca).<\/figcaption><\/figure>\n<p>Servidores del Cuerpo T\u00e9cnico de Investigaci\u00f3n (CTI), con apoyo de la Polic\u00eda Nacional, materializaron la orden de captura contra Medina Ospina, el pasado 23 de noviembre, en el barrio El Troncal de esta ciudad.<\/p>\n<p>Seg\u00fan la Fiscal\u00eda, el hoy sentenciado fue procesado por hechos ocurridos el 11 de octubre del 2021, cuando atac\u00f3 f\u00edsica y verbalmente a su excompa\u00f1era por la negativa de ella de volver a tener una relaci\u00f3n sentimental con \u00e9l.<\/p>\n<p>Un juez de control de garant\u00edas aval\u00f3 el procedimiento de captura de Medina Ospina para que purgue la condena en centro penitenciario.<\/p>\n<p>Esta informaci\u00f3n se publica por razones de inter\u00e9s general.<\/p>\n<p>&nbsp;<\/p>\n<p><strong>\u00a0La Fiscal\u00eda habla con resultados.<\/strong><\/p>\n<p>&nbsp;<\/p>\n<p>&nbsp;<\/p>\n<p>MAP\/SEGM\/DSC\/LYBT\/<\/p>\n<p>&nbsp;<\/p>\n<p>&nbsp;<\/p>\n<p>&nbsp;<\/p>\n<p><em>La informaci\u00f3n contenida en este bolet\u00edn de prensa corresponde a la narraci\u00f3n de los hechos noticiosos objetivos, suministrados por los funcionarios encargados de adelantar las investigaciones penales al interior de la Fiscal\u00eda General de la Naci\u00f3n. Para el momento de la divulgaci\u00f3n de este comunicado, la situaci\u00f3n jur\u00eddica de la(s) persona(s) relacionada(s) se encuentra pendiente de resolver por la autoridad judicial competente, siempre bajo los preceptos de la presunci\u00f3n de inocencia, consagrados en el art\u00edculo 29 de la Constituci\u00f3n Pol\u00edtica y el art\u00edculo 7\u00ba de la Ley 906 de 2004.<\/em><\/p>\n\n<div class=\"twitter-share\"><a href=\"https:\/\/twitter.com\/intent\/tweet?via=fiscaliacol\" class=\"twitter-share-button\">Tweet<\/a><\/div>\n","protected":false},"excerpt":{"rendered":"<p>Un hombre identificado como H\u00e9ctor Favio Medina Ospina, de 28 a\u00f1os de edad, fue capturado para cumplir sentencia condenatoria de 72 meses de prisi\u00f3n por el delito de violencia intrafamiliar [&hellip;]<\/p>\n","protected":false},"author":179,"featured_media":0,"comment_status":"closed","ping_status":"open","sticky":false,"template":"","format":"standard","meta":{"tdm_status":"","tdm_grid_status":"","footnotes":""},"categories":[1,324,303,24127],"tags":[12424,27076,30064,25853,78,24187,24549,26198,26070,12433],"class_list":["post-284085","post","type-post","status-publish","format-standard","category-noticias","category-seccional-cali","category-seccionales","category-violencia-sexual-e-intrafamiliar","tag-capturado","tag-centro-penitenciario","tag-cumplir-sentencia-condenatoria","tag-excompanera","tag-fiscal-general-de-la-nacion","tag-fiscalia-colombia","tag-orden-judicial","tag-purgar-condena","tag-seccional-cali","tag-violencia-intrafamiliar-agravada"],"yoast_head":"<!-- This site is optimized with the Yoast SEO plugin v24.3 - https:\/\/yoast.com\/wordpress\/plugins\/seo\/ -->\n<title>Fiscal\u00eda General de la Naci\u00f3n<\/title>\n<meta name=\"description\" content=\"P\u00e1gina oficial de la Fiscal\u00eda General de la Naci\u00f3n \u2013 Colombia. Garantizamos el acceso efectivo a la justicia, la verdad y la reparaci\u00f3n de las v\u00edctimas de los delitos.\" \/>\n<meta name=\"robots\" content=\"noindex, follow\" \/>\n<meta property=\"og:locale\" content=\"es_ES\" \/>\n<meta property=\"og:type\" content=\"article\" \/>\n<meta property=\"og:title\" content=\"Fiscal\u00eda General de la Naci\u00f3n\" \/>\n<meta property=\"og:description\" content=\"P\u00e1gina oficial de la Fiscal\u00eda General de la Naci\u00f3n \u2013 Colombia. Garantizamos el acceso efectivo a la justicia, la verdad y la reparaci\u00f3n de las v\u00edctimas de los delitos.\" \/>\n<meta property=\"og:url\" content=\"https:\/\/www.fiscalia.gov.co\/colombia\/noticias\/capturado-un-hombre-para-cumplir-sentencia-condenatoria-por-violencia-intrafamiliar-en-cali\/\" \/>\n<meta property=\"og:site_name\" content=\"Fiscal\u00eda General de la Naci\u00f3n\" \/>\n<meta property=\"article:publisher\" content=\"https:\/\/www.facebook.com\/FiscaliaCol\" \/>\n<meta property=\"article:published_time\" content=\"2023-11-28T17:04:58+00:00\" \/>\n<meta property=\"og:image\" content=\"https:\/\/www.fiscalia.gov.co\/colombia\/wp-content\/uploads\/Hector-Fabio-Medina-Ospina.-Violencia-intrafamiliar.-Condena.-Cali-Valle.--246x300.jpg\" \/>\n<meta name=\"author\" content=\"Lesly Katherine Segura Camargo.\" \/>\n<meta name=\"twitter:card\" content=\"summary_large_image\" \/>\n<meta name=\"twitter:creator\" content=\"@FiscaliaCol\" \/>\n<meta name=\"twitter:site\" content=\"@FiscaliaCol\" \/>\n<meta name=\"twitter:label1\" content=\"Escrito por\" \/>\n\t<meta name=\"twitter:data1\" content=\"Lesly Katherine Segura Camargo.\" \/>\n\t<meta name=\"twitter:label2\" content=\"Tiempo de lectura\" \/>\n\t<meta name=\"twitter:data2\" content=\"2 minutos\" \/>\n<script type=\"application\/ld+json\" class=\"yoast-schema-graph\">{\"@context\":\"https:\/\/schema.org\",\"@graph\":[{\"@type\":\"Article\",\"@id\":\"https:\/\/www.fiscalia.gov.co\/colombia\/noticias\/capturado-un-hombre-para-cumplir-sentencia-condenatoria-por-violencia-intrafamiliar-en-cali\/#article\",\"isPartOf\":{\"@id\":\"https:\/\/www.fiscalia.gov.co\/colombia\/noticias\/capturado-un-hombre-para-cumplir-sentencia-condenatoria-por-violencia-intrafamiliar-en-cali\/\"},\"author\":{\"name\":\"Lesly Katherine Segura Camargo.\",\"@id\":\"https:\/\/www.fiscalia.gov.co\/colombia\/#\/schema\/person\/6be81acb78add0abcbda2c598c1d53e1\"},\"headline\":\"Capturado un hombre para cumplir sentencia condenatoria por violencia intrafamiliar en Cali\",\"datePublished\":\"2023-11-28T17:04:58+00:00\",\"dateModified\":\"2023-11-28T17:04:58+00:00\",\"mainEntityOfPage\":{\"@id\":\"https:\/\/www.fiscalia.gov.co\/colombia\/noticias\/capturado-un-hombre-para-cumplir-sentencia-condenatoria-por-violencia-intrafamiliar-en-cali\/\"},\"wordCount\":318,\"publisher\":{\"@id\":\"https:\/\/www.fiscalia.gov.co\/colombia\/#organization\"},\"image\":{\"@id\":\"https:\/\/www.fiscalia.gov.co\/colombia\/noticias\/capturado-un-hombre-para-cumplir-sentencia-condenatoria-por-violencia-intrafamiliar-en-cali\/#primaryimage\"},\"thumbnailUrl\":\"https:\/\/www.fiscalia.gov.co\/colombia\/wp-content\/uploads\/Hector-Fabio-Medina-Ospina.-Violencia-intrafamiliar.-Condena.-Cali-Valle.--246x300.jpg\",\"keywords\":[\"Capturado\",\"centro penitenciario.\",\"cumplir sentencia condenatoria\",\"excompa\u00f1era\",\"Fiscal General de la Naci\u00f3n\",\"Fiscal\u00eda Colombia\",\"orden judicial\",\"purgar condena\",\"Seccional Cali\",\"violencia intrafamiliar agravada\"],\"articleSection\":[\"Noticias\",\"Seccional Cali\",\"Seccionales\",\"Violencia sexual e intrafamiliar\"],\"inLanguage\":\"es-CO\"},{\"@type\":\"WebPage\",\"@id\":\"https:\/\/www.fiscalia.gov.co\/colombia\/noticias\/capturado-un-hombre-para-cumplir-sentencia-condenatoria-por-violencia-intrafamiliar-en-cali\/\",\"url\":\"https:\/\/www.fiscalia.gov.co\/colombia\/noticias\/capturado-un-hombre-para-cumplir-sentencia-condenatoria-por-violencia-intrafamiliar-en-cali\/\",\"name\":\"Fiscal\u00eda General de la Naci\u00f3n\",\"isPartOf\":{\"@id\":\"https:\/\/www.fiscalia.gov.co\/colombia\/#website\"},\"primaryImageOfPage\":{\"@id\":\"https:\/\/www.fiscalia.gov.co\/colombia\/noticias\/capturado-un-hombre-para-cumplir-sentencia-condenatoria-por-violencia-intrafamiliar-en-cali\/#primaryimage\"},\"image\":{\"@id\":\"https:\/\/www.fiscalia.gov.co\/colombia\/noticias\/capturado-un-hombre-para-cumplir-sentencia-condenatoria-por-violencia-intrafamiliar-en-cali\/#primaryimage\"},\"thumbnailUrl\":\"https:\/\/www.fiscalia.gov.co\/colombia\/wp-content\/uploads\/Hector-Fabio-Medina-Ospina.-Violencia-intrafamiliar.-Condena.-Cali-Valle.--246x300.jpg\",\"datePublished\":\"2023-11-28T17:04:58+00:00\",\"dateModified\":\"2023-11-28T17:04:58+00:00\",\"description\":\"P\u00e1gina oficial de la Fiscal\u00eda General de la Naci\u00f3n \u2013 Colombia. Garantizamos el acceso efectivo a la justicia, la verdad y la reparaci\u00f3n de las v\u00edctimas de los delitos.\",\"breadcrumb\":{\"@id\":\"https:\/\/www.fiscalia.gov.co\/colombia\/noticias\/capturado-un-hombre-para-cumplir-sentencia-condenatoria-por-violencia-intrafamiliar-en-cali\/#breadcrumb\"},\"inLanguage\":\"es-CO\",\"potentialAction\":[{\"@type\":\"ReadAction\",\"target\":[\"https:\/\/www.fiscalia.gov.co\/colombia\/noticias\/capturado-un-hombre-para-cumplir-sentencia-condenatoria-por-violencia-intrafamiliar-en-cali\/\"]}]},{\"@type\":\"ImageObject\",\"inLanguage\":\"es-CO\",\"@id\":\"https:\/\/www.fiscalia.gov.co\/colombia\/noticias\/capturado-un-hombre-para-cumplir-sentencia-condenatoria-por-violencia-intrafamiliar-en-cali\/#primaryimage\",\"url\":\"https:\/\/www.fiscalia.gov.co\/colombia\/wp-content\/uploads\/Hector-Fabio-Medina-Ospina.-Violencia-intrafamiliar.-Condena.-Cali-Valle.-.jpg\",\"contentUrl\":\"https:\/\/www.fiscalia.gov.co\/colombia\/wp-content\/uploads\/Hector-Fabio-Medina-Ospina.-Violencia-intrafamiliar.-Condena.-Cali-Valle.-.jpg\",\"width\":1311,\"height\":1600,\"caption\":\"H\u00e9ctor Favio Medina Ospina, fue capturado para cumplir sentencia condenatoria de 72 meses de prisi\u00f3n por maltrato f\u00edsico y verbal a su excompa\u00f1era sentimental, en Cali (Valle del Cauca).\"},{\"@type\":\"BreadcrumbList\",\"@id\":\"https:\/\/www.fiscalia.gov.co\/colombia\/noticias\/capturado-un-hombre-para-cumplir-sentencia-condenatoria-por-violencia-intrafamiliar-en-cali\/#breadcrumb\",\"itemListElement\":[{\"@type\":\"ListItem\",\"position\":1,\"name\":\"Home\",\"item\":\"https:\/\/www.fiscalia.gov.co\/colombia\/\"},{\"@type\":\"ListItem\",\"position\":2,\"name\":\"Capturado un hombre para cumplir sentencia condenatoria por violencia intrafamiliar en Cali\"}]},{\"@type\":\"WebSite\",\"@id\":\"https:\/\/www.fiscalia.gov.co\/colombia\/#website\",\"url\":\"https:\/\/www.fiscalia.gov.co\/colombia\/\",\"name\":\"Fiscal\u00eda General de la Naci\u00f3n\",\"description\":\"P\u00e1gina oficial de la Fiscal\u00eda General de la Naci\u00f3n \u2013 Colombia. Garantizamos el acceso efectivo a la justicia, la verdad y la reparaci\u00f3n de las v\u00edctimas de los delitos.\",\"publisher\":{\"@id\":\"https:\/\/www.fiscalia.gov.co\/colombia\/#organization\"},\"potentialAction\":[{\"@type\":\"SearchAction\",\"target\":{\"@type\":\"EntryPoint\",\"urlTemplate\":\"https:\/\/www.fiscalia.gov.co\/colombia\/?s={search_term_string}\"},\"query-input\":{\"@type\":\"PropertyValueSpecification\",\"valueRequired\":true,\"valueName\":\"search_term_string\"}}],\"inLanguage\":\"es-CO\"},{\"@type\":\"Organization\",\"@id\":\"https:\/\/www.fiscalia.gov.co\/colombia\/#organization\",\"name\":\"Fiscal\u00eda General de la Naci\u00f3n\",\"url\":\"https:\/\/www.fiscalia.gov.co\/colombia\/\",\"logo\":{\"@type\":\"ImageObject\",\"inLanguage\":\"es-CO\",\"@id\":\"https:\/\/www.fiscalia.gov.co\/colombia\/#\/schema\/logo\/image\/\",\"url\":\"https:\/\/www.fiscalia.gov.co\/colombia\/wp-content\/uploads\/LogoHorizontal_1.jpg\",\"contentUrl\":\"https:\/\/www.fiscalia.gov.co\/colombia\/wp-content\/uploads\/LogoHorizontal_1.jpg\",\"width\":300,\"height\":90,\"caption\":\"Fiscal\u00eda General de la Naci\u00f3n\"},\"image\":{\"@id\":\"https:\/\/www.fiscalia.gov.co\/colombia\/#\/schema\/logo\/image\/\"},\"sameAs\":[\"https:\/\/www.facebook.com\/FiscaliaCol\",\"https:\/\/x.com\/FiscaliaCol\",\"https:\/\/www.instagram.com\/fiscaliacol\",\"https:\/\/www.linkedin.com\/company\/fiscalia-general-de-la-naci-n\/\",\"https:\/\/youtube.com\/@fiscaliageneraldelanacion-4668?si=6nN79nyQICPU5iTh\"]},{\"@type\":\"Person\",\"@id\":\"https:\/\/www.fiscalia.gov.co\/colombia\/#\/schema\/person\/6be81acb78add0abcbda2c598c1d53e1\",\"name\":\"Lesly Katherine Segura Camargo.\",\"image\":{\"@type\":\"ImageObject\",\"inLanguage\":\"es-CO\",\"@id\":\"https:\/\/www.fiscalia.gov.co\/colombia\/#\/schema\/person\/image\/\",\"url\":\"https:\/\/secure.gravatar.com\/avatar\/1892091c53ef3b9c2fcb37ca6066e439?s=96&d=mm&r=g\",\"contentUrl\":\"https:\/\/secure.gravatar.com\/avatar\/1892091c53ef3b9c2fcb37ca6066e439?s=96&d=mm&r=g\",\"caption\":\"Lesly Katherine Segura Camargo.\"},\"url\":\"https:\/\/www.fiscalia.gov.co\/colombia\/author\/lesly-segura\/\"}]}<\/script>\n<!-- \/ Yoast SEO plugin. -->","yoast_head_json":{"title":"Fiscal\u00eda General de la Naci\u00f3n","description":"P\u00e1gina oficial de la Fiscal\u00eda General de la Naci\u00f3n \u2013 Colombia. Garantizamos el acceso efectivo a la justicia, la verdad y la reparaci\u00f3n de las v\u00edctimas de los delitos.","robots":{"index":"noindex","follow":"follow"},"og_locale":"es_ES","og_type":"article","og_title":"Fiscal\u00eda General de la Naci\u00f3n","og_description":"P\u00e1gina oficial de la Fiscal\u00eda General de la Naci\u00f3n \u2013 Colombia. Garantizamos el acceso efectivo a la justicia, la verdad y la reparaci\u00f3n de las v\u00edctimas de los delitos.","og_url":"https:\/\/www.fiscalia.gov.co\/colombia\/noticias\/capturado-un-hombre-para-cumplir-sentencia-condenatoria-por-violencia-intrafamiliar-en-cali\/","og_site_name":"Fiscal\u00eda General de la Naci\u00f3n","article_publisher":"https:\/\/www.facebook.com\/FiscaliaCol","article_published_time":"2023-11-28T17:04:58+00:00","og_image":[{"url":"https:\/\/www.fiscalia.gov.co\/colombia\/wp-content\/uploads\/Hector-Fabio-Medina-Ospina.-Violencia-intrafamiliar.-Condena.-Cali-Valle.--246x300.jpg","type":"","width":"","height":""}],"author":"Lesly Katherine Segura Camargo.","twitter_card":"summary_large_image","twitter_creator":"@FiscaliaCol","twitter_site":"@FiscaliaCol","twitter_misc":{"Escrito por":"Lesly Katherine Segura Camargo.","Tiempo de lectura":"2 minutos"},"schema":{"@context":"https:\/\/schema.org","@graph":[{"@type":"Article","@id":"https:\/\/www.fiscalia.gov.co\/colombia\/noticias\/capturado-un-hombre-para-cumplir-sentencia-condenatoria-por-violencia-intrafamiliar-en-cali\/#article","isPartOf":{"@id":"https:\/\/www.fiscalia.gov.co\/colombia\/noticias\/capturado-un-hombre-para-cumplir-sentencia-condenatoria-por-violencia-intrafamiliar-en-cali\/"},"author":{"name":"Lesly Katherine Segura Camargo.","@id":"https:\/\/www.fiscalia.gov.co\/colombia\/#\/schema\/person\/6be81acb78add0abcbda2c598c1d53e1"},"headline":"Capturado un hombre para cumplir sentencia condenatoria por violencia intrafamiliar en Cali","datePublished":"2023-11-28T17:04:58+00:00","dateModified":"2023-11-28T17:04:58+00:00","mainEntityOfPage":{"@id":"https:\/\/www.fiscalia.gov.co\/colombia\/noticias\/capturado-un-hombre-para-cumplir-sentencia-condenatoria-por-violencia-intrafamiliar-en-cali\/"},"wordCount":318,"publisher":{"@id":"https:\/\/www.fiscalia.gov.co\/colombia\/#organization"},"image":{"@id":"https:\/\/www.fiscalia.gov.co\/colombia\/noticias\/capturado-un-hombre-para-cumplir-sentencia-condenatoria-por-violencia-intrafamiliar-en-cali\/#primaryimage"},"thumbnailUrl":"https:\/\/www.fiscalia.gov.co\/colombia\/wp-content\/uploads\/Hector-Fabio-Medina-Ospina.-Violencia-intrafamiliar.-Condena.-Cali-Valle.--246x300.jpg","keywords":["Capturado","centro penitenciario.","cumplir sentencia condenatoria","excompa\u00f1era","Fiscal General de la Naci\u00f3n","Fiscal\u00eda Colombia","orden judicial","purgar condena","Seccional Cali","violencia intrafamiliar agravada"],"articleSection":["Noticias","Seccional Cali","Seccionales","Violencia sexual e intrafamiliar"],"inLanguage":"es-CO"},{"@type":"WebPage","@id":"https:\/\/www.fiscalia.gov.co\/colombia\/noticias\/capturado-un-hombre-para-cumplir-sentencia-condenatoria-por-violencia-intrafamiliar-en-cali\/","url":"https:\/\/www.fiscalia.gov.co\/colombia\/noticias\/capturado-un-hombre-para-cumplir-sentencia-condenatoria-por-violencia-intrafamiliar-en-cali\/","name":"Fiscal\u00eda General de la Naci\u00f3n","isPartOf":{"@id":"https:\/\/www.fiscalia.gov.co\/colombia\/#website"},"primaryImageOfPage":{"@id":"https:\/\/www.fiscalia.gov.co\/colombia\/noticias\/capturado-un-hombre-para-cumplir-sentencia-condenatoria-por-violencia-intrafamiliar-en-cali\/#primaryimage"},"image":{"@id":"https:\/\/www.fiscalia.gov.co\/colombia\/noticias\/capturado-un-hombre-para-cumplir-sentencia-condenatoria-por-violencia-intrafamiliar-en-cali\/#primaryimage"},"thumbnailUrl":"https:\/\/www.fiscalia.gov.co\/colombia\/wp-content\/uploads\/Hector-Fabio-Medina-Ospina.-Violencia-intrafamiliar.-Condena.-Cali-Valle.--246x300.jpg","datePublished":"2023-11-28T17:04:58+00:00","dateModified":"2023-11-28T17:04:58+00:00","description":"P\u00e1gina oficial de la Fiscal\u00eda General de la Naci\u00f3n \u2013 Colombia. Garantizamos el acceso efectivo a la justicia, la verdad y la reparaci\u00f3n de las v\u00edctimas de los delitos.","breadcrumb":{"@id":"https:\/\/www.fiscalia.gov.co\/colombia\/noticias\/capturado-un-hombre-para-cumplir-sentencia-condenatoria-por-violencia-intrafamiliar-en-cali\/#breadcrumb"},"inLanguage":"es-CO","potentialAction":[{"@type":"ReadAction","target":["https:\/\/www.fiscalia.gov.co\/colombia\/noticias\/capturado-un-hombre-para-cumplir-sentencia-condenatoria-por-violencia-intrafamiliar-en-cali\/"]}]},{"@type":"ImageObject","inLanguage":"es-CO","@id":"https:\/\/www.fiscalia.gov.co\/colombia\/noticias\/capturado-un-hombre-para-cumplir-sentencia-condenatoria-por-violencia-intrafamiliar-en-cali\/#primaryimage","url":"https:\/\/www.fiscalia.gov.co\/colombia\/wp-content\/uploads\/Hector-Fabio-Medina-Ospina.-Violencia-intrafamiliar.-Condena.-Cali-Valle.-.jpg","contentUrl":"https:\/\/www.fiscalia.gov.co\/colombia\/wp-content\/uploads\/Hector-Fabio-Medina-Ospina.-Violencia-intrafamiliar.-Condena.-Cali-Valle.-.jpg","width":1311,"height":1600,"caption":"H\u00e9ctor Favio Medina Ospina, fue capturado para cumplir sentencia condenatoria de 72 meses de prisi\u00f3n por maltrato f\u00edsico y verbal a su excompa\u00f1era sentimental, en Cali (Valle del Cauca)."},{"@type":"BreadcrumbList","@id":"https:\/\/www.fiscalia.gov.co\/colombia\/noticias\/capturado-un-hombre-para-cumplir-sentencia-condenatoria-por-violencia-intrafamiliar-en-cali\/#breadcrumb","itemListElement":[{"@type":"ListItem","position":1,"name":"Home","item":"https:\/\/www.fiscalia.gov.co\/colombia\/"},{"@type":"ListItem","position":2,"name":"Capturado un hombre para cumplir sentencia condenatoria por violencia intrafamiliar en Cali"}]},{"@type":"WebSite","@id":"https:\/\/www.fiscalia.gov.co\/colombia\/#website","url":"https:\/\/www.fiscalia.gov.co\/colombia\/","name":"Fiscal\u00eda General de la Naci\u00f3n","description":"P\u00e1gina oficial de la Fiscal\u00eda General de la Naci\u00f3n \u2013 Colombia. Garantizamos el acceso efectivo a la justicia, la verdad y la reparaci\u00f3n de las v\u00edctimas de los delitos.","publisher":{"@id":"https:\/\/www.fiscalia.gov.co\/colombia\/#organization"},"potentialAction":[{"@type":"SearchAction","target":{"@type":"EntryPoint","urlTemplate":"https:\/\/www.fiscalia.gov.co\/colombia\/?s={search_term_string}"},"query-input":{"@type":"PropertyValueSpecification","valueRequired":true,"valueName":"search_term_string"}}],"inLanguage":"es-CO"},{"@type":"Organization","@id":"https:\/\/www.fiscalia.gov.co\/colombia\/#organization","name":"Fiscal\u00eda General de la Naci\u00f3n","url":"https:\/\/www.fiscalia.gov.co\/colombia\/","logo":{"@type":"ImageObject","inLanguage":"es-CO","@id":"https:\/\/www.fiscalia.gov.co\/colombia\/#\/schema\/logo\/image\/","url":"https:\/\/www.fiscalia.gov.co\/colombia\/wp-content\/uploads\/LogoHorizontal_1.jpg","contentUrl":"https:\/\/www.fiscalia.gov.co\/colombia\/wp-content\/uploads\/LogoHorizontal_1.jpg","width":300,"height":90,"caption":"Fiscal\u00eda General de la Naci\u00f3n"},"image":{"@id":"https:\/\/www.fiscalia.gov.co\/colombia\/#\/schema\/logo\/image\/"},"sameAs":["https:\/\/www.facebook.com\/FiscaliaCol","https:\/\/x.com\/FiscaliaCol","https:\/\/www.instagram.com\/fiscaliacol","https:\/\/www.linkedin.com\/company\/fiscalia-general-de-la-naci-n\/","https:\/\/youtube.com\/@fiscaliageneraldelanacion-4668?si=6nN79nyQICPU5iTh"]},{"@type":"Person","@id":"https:\/\/www.fiscalia.gov.co\/colombia\/#\/schema\/person\/6be81acb78add0abcbda2c598c1d53e1","name":"Lesly Katherine Segura Camargo.","image":{"@type":"ImageObject","inLanguage":"es-CO","@id":"https:\/\/www.fiscalia.gov.co\/colombia\/#\/schema\/person\/image\/","url":"https:\/\/secure.gravatar.com\/avatar\/1892091c53ef3b9c2fcb37ca6066e439?s=96&d=mm&r=g","contentUrl":"https:\/\/secure.gravatar.com\/avatar\/1892091c53ef3b9c2fcb37ca6066e439?s=96&d=mm&r=g","caption":"Lesly Katherine Segura Camargo."},"url":"https:\/\/www.fiscalia.gov.co\/colombia\/author\/lesly-segura\/"}]}},"_links":{"self":[{"href":"https:\/\/www.fiscalia.gov.co\/colombia\/wp-json\/wp\/v2\/posts\/284085","targetHints":{"allow":["GET"]}}],"collection":[{"href":"https:\/\/www.fiscalia.gov.co\/colombia\/wp-json\/wp\/v2\/posts"}],"about":[{"href":"https:\/\/www.fiscalia.gov.co\/colombia\/wp-json\/wp\/v2\/types\/post"}],"author":[{"embeddable":true,"href":"https:\/\/www.fiscalia.gov.co\/colombia\/wp-json\/wp\/v2\/users\/179"}],"replies":[{"embeddable":true,"href":"https:\/\/www.fiscalia.gov.co\/colombia\/wp-json\/wp\/v2\/comments?post=284085"}],"version-history":[{"count":1,"href":"https:\/\/www.fiscalia.gov.co\/colombia\/wp-json\/wp\/v2\/posts\/284085\/revisions"}],"predecessor-version":[{"id":284087,"href":"https:\/\/www.fiscalia.gov.co\/colombia\/wp-json\/wp\/v2\/posts\/284085\/revisions\/284087"}],"wp:attachment":[{"href":"https:\/\/www.fiscalia.gov.co\/colombia\/wp-json\/wp\/v2\/media?parent=284085"}],"wp:term":[{"taxonomy":"category","embeddable":true,"href":"https:\/\/www.fiscalia.gov.co\/colombia\/wp-json\/wp\/v2\/categories?post=284085"},{"taxonomy":"post_tag","embeddable":true,"href":"https:\/\/www.fiscalia.gov.co\/colombia\/wp-json\/wp\/v2\/tags?post=284085"}],"curies":[{"name":"wp","href":"https:\/\/api.w.org\/{rel}","templated":true}]}}