{"id":284076,"date":"2023-11-28T11:30:03","date_gmt":"2023-11-28T16:30:03","guid":{"rendered":"https:\/\/www.fiscalia.gov.co\/colombia\/?p=284076"},"modified":"2023-11-28T11:30:03","modified_gmt":"2023-11-28T16:30:03","slug":"desarticulado-grupo-delincuencial-que-utilizaba-menores-de-edad-para-comercializar-estupefacientes-en-floridablanca-santander","status":"publish","type":"post","link":"https:\/\/www.fiscalia.gov.co\/colombia\/noticias\/desarticulado-grupo-delincuencial-que-utilizaba-menores-de-edad-para-comercializar-estupefacientes-en-floridablanca-santander\/","title":{"rendered":"Desarticulado grupo delincuencial que utilizaba menores de edad para comercializar\u00a0 estupefacientes en Floridablanca, Santander"},"content":{"rendered":"<p>Por solicitud de la Fiscal\u00eda un juez con funci\u00f3n de control de garant\u00edas dict\u00f3 medida de aseguramiento en centro carcelario a cuatro presuntos integrantes del grupo delincuencial Palmeras, dedicado al tr\u00e1fico de estupefacientes en el municipio de Floridablanca (Santander).<\/p>\n<figure id=\"attachment_284077\" aria-describedby=\"caption-attachment-284077\" style=\"width: 309px\" class=\"wp-caption aligncenter\"><img loading=\"lazy\" decoding=\"async\" class=\" wp-image-284077\" src=\"https:\/\/www.fiscalia.gov.co\/colombia\/wp-content\/uploads\/banda-las-palmeras-300x168.jpg\" alt=\"En la foto se aprecia a los cuatro asegurados siendo custodiados por miembros de la Polic\u00eda Nacional. \" width=\"309\" height=\"173\" srcset=\"https:\/\/www.fiscalia.gov.co\/colombia\/wp-content\/uploads\/banda-las-palmeras-300x168.jpg 300w, https:\/\/www.fiscalia.gov.co\/colombia\/wp-content\/uploads\/banda-las-palmeras-1024x572.jpg 1024w, https:\/\/www.fiscalia.gov.co\/colombia\/wp-content\/uploads\/banda-las-palmeras-768x429.jpg 768w, https:\/\/www.fiscalia.gov.co\/colombia\/wp-content\/uploads\/banda-las-palmeras-1536x858.jpg 1536w, https:\/\/www.fiscalia.gov.co\/colombia\/wp-content\/uploads\/banda-las-palmeras-696x389.jpg 696w, https:\/\/www.fiscalia.gov.co\/colombia\/wp-content\/uploads\/banda-las-palmeras-1068x597.jpg 1068w, https:\/\/www.fiscalia.gov.co\/colombia\/wp-content\/uploads\/banda-las-palmeras-752x420.jpg 752w, https:\/\/www.fiscalia.gov.co\/colombia\/wp-content\/uploads\/banda-las-palmeras.jpg 1600w\" sizes=\"auto, (max-width: 309px) 100vw, 309px\" \/><figcaption id=\"caption-attachment-284077\" class=\"wp-caption-text\">Kervin Johan Colmenares, John Jairo Useche, Armando Cort\u00e9s y Diego Fernando Valbuena Silva, fueron enviados a prisi\u00f3n por su presunta responsabilidad por los delitos de concierto para delinquir con fines de tr\u00e1fico de estupefacientes, tr\u00e1fico de estupefacientes.<\/figcaption><\/figure>\n<p>De acuerdo con la investigaci\u00f3n, esta banda ten\u00eda como zona de injerencia los sectores de Laureles Bajo, Laureles Alto, Palmeras y Reposo, en donde comercializaban la droga en la modalidad de menudeo utilizando menores de edad con el fin de no levantar sospechas.<\/p>\n<p>Durante el operativo de captura realizado por la Fiscal\u00eda y la Polic\u00eda se incautaron estupefacientes, pastillas de clonazepam y un celular.<\/p>\n<p>La Fiscal\u00eda los imput\u00f3 por los delitos de concierto para delinquir con fines de tr\u00e1fico de estupefacientes, tr\u00e1fico de estupefacientes, uso de menores de edad para la comisi\u00f3n de delitos y destinaci\u00f3n il\u00edcita de inmuebles, de acuerdo con sus responsabilidades penales individuales. Ninguno acept\u00f3 cargos.<\/p>\n<p>Los asegurados son:\u00a0 Kervin Johan Colmenares, John Jairo Useche, Armando Cort\u00e9s y Diego Fernando Valbuena Silva.<\/p>\n<p>&nbsp;<\/p>\n<p><strong>\u00a0La Fiscal\u00eda habla con resultados.<\/strong><\/p>\n<p>&nbsp;<\/p>\n<p>&nbsp;<\/p>\n<p>DRA\/CFG\/MRR\/DSS<\/p>\n<p>&nbsp;<\/p>\n<p>&nbsp;<\/p>\n<p>&nbsp;<\/p>\n<p><em>La informaci\u00f3n contenida en este bolet\u00edn de prensa corresponde a la narraci\u00f3n de los hechos noticiosos objetivos, suministrados por los funcionarios encargados de adelantar las investigaciones penales al interior de la Fiscal\u00eda General de la Naci\u00f3n. Para el momento de la divulgaci\u00f3n de este comunicado, la situaci\u00f3n jur\u00eddica de la(s) persona(s) relacionada(s) se encuentra pendiente de resolver por la autoridad judicial competente, siempre bajo los preceptos de la presunci\u00f3n de inocencia, consagrados en el art\u00edculo 29 de la Constituci\u00f3n Pol\u00edtica y el art\u00edculo 7\u00ba de la Ley 906 de 2004.<\/em><\/p>\n<p>&nbsp;<\/p>\n\n<div class=\"twitter-share\"><a href=\"https:\/\/twitter.com\/intent\/tweet?via=fiscaliacol\" class=\"twitter-share-button\">Tweet<\/a><\/div>\n","protected":false},"excerpt":{"rendered":"<p>Por solicitud de la Fiscal\u00eda un juez con funci\u00f3n de control de garant\u00edas dict\u00f3 medida de aseguramiento en centro carcelario a cuatro presuntos integrantes del grupo delincuencial Palmeras, dedicado al [&hellip;]<\/p>\n","protected":false},"author":179,"featured_media":0,"comment_status":"closed","ping_status":"open","sticky":false,"template":"","format":"standard","meta":{"tdm_status":"","tdm_grid_status":"","footnotes":""},"categories":[1,322,303,24099,24103],"tags":[4054,50,4614,1047,23953,1561,29968],"class_list":["post-284076","post","type-post","status-publish","format-standard","category-noticias","category-seccional-bucaramanga","category-seccionales","category-seguridad-territorial","category-trafico-de-estupefacientes","tag-banda-delincuencial","tag-estupefacientes","tag-fiscalia-2","tag-fiscalia-general-de-la-nacion","tag-floridablanca","tag-santander","tag-seccional-santander"],"yoast_head":"<!-- This site is optimized with the Yoast SEO plugin v24.3 - https:\/\/yoast.com\/wordpress\/plugins\/seo\/ -->\n<title>Fiscal\u00eda General de la Naci\u00f3n<\/title>\n<meta name=\"description\" content=\"P\u00e1gina oficial de la Fiscal\u00eda General de la Naci\u00f3n \u2013 Colombia. Garantizamos el acceso efectivo a la justicia, la verdad y la reparaci\u00f3n de las v\u00edctimas de los delitos.\" \/>\n<meta name=\"robots\" content=\"noindex, follow\" \/>\n<meta property=\"og:locale\" content=\"es_ES\" \/>\n<meta property=\"og:type\" content=\"article\" \/>\n<meta property=\"og:title\" content=\"Fiscal\u00eda General de la Naci\u00f3n\" \/>\n<meta property=\"og:description\" content=\"P\u00e1gina oficial de la Fiscal\u00eda General de la Naci\u00f3n \u2013 Colombia. Garantizamos el acceso efectivo a la justicia, la verdad y la reparaci\u00f3n de las v\u00edctimas de los delitos.\" \/>\n<meta property=\"og:url\" content=\"https:\/\/www.fiscalia.gov.co\/colombia\/noticias\/desarticulado-grupo-delincuencial-que-utilizaba-menores-de-edad-para-comercializar-estupefacientes-en-floridablanca-santander\/\" \/>\n<meta property=\"og:site_name\" content=\"Fiscal\u00eda General de la Naci\u00f3n\" \/>\n<meta property=\"article:publisher\" content=\"https:\/\/www.facebook.com\/FiscaliaCol\" \/>\n<meta property=\"article:published_time\" content=\"2023-11-28T16:30:03+00:00\" \/>\n<meta property=\"og:image\" content=\"https:\/\/www.fiscalia.gov.co\/colombia\/wp-content\/uploads\/banda-las-palmeras-300x168.jpg\" \/>\n<meta name=\"author\" content=\"Lesly Katherine Segura Camargo.\" \/>\n<meta name=\"twitter:card\" content=\"summary_large_image\" \/>\n<meta name=\"twitter:creator\" content=\"@FiscaliaCol\" \/>\n<meta name=\"twitter:site\" content=\"@FiscaliaCol\" \/>\n<meta name=\"twitter:label1\" content=\"Escrito por\" \/>\n\t<meta name=\"twitter:data1\" content=\"Lesly Katherine Segura Camargo.\" \/>\n\t<meta name=\"twitter:label2\" content=\"Tiempo de lectura\" \/>\n\t<meta name=\"twitter:data2\" content=\"2 minutos\" \/>\n<script type=\"application\/ld+json\" class=\"yoast-schema-graph\">{\"@context\":\"https:\/\/schema.org\",\"@graph\":[{\"@type\":\"Article\",\"@id\":\"https:\/\/www.fiscalia.gov.co\/colombia\/noticias\/desarticulado-grupo-delincuencial-que-utilizaba-menores-de-edad-para-comercializar-estupefacientes-en-floridablanca-santander\/#article\",\"isPartOf\":{\"@id\":\"https:\/\/www.fiscalia.gov.co\/colombia\/noticias\/desarticulado-grupo-delincuencial-que-utilizaba-menores-de-edad-para-comercializar-estupefacientes-en-floridablanca-santander\/\"},\"author\":{\"name\":\"Lesly Katherine Segura Camargo.\",\"@id\":\"https:\/\/www.fiscalia.gov.co\/colombia\/#\/schema\/person\/6be81acb78add0abcbda2c598c1d53e1\"},\"headline\":\"Desarticulado grupo delincuencial que utilizaba menores de edad para comercializar\u00a0 estupefacientes en Floridablanca, Santander\",\"datePublished\":\"2023-11-28T16:30:03+00:00\",\"dateModified\":\"2023-11-28T16:30:03+00:00\",\"mainEntityOfPage\":{\"@id\":\"https:\/\/www.fiscalia.gov.co\/colombia\/noticias\/desarticulado-grupo-delincuencial-que-utilizaba-menores-de-edad-para-comercializar-estupefacientes-en-floridablanca-santander\/\"},\"wordCount\":360,\"publisher\":{\"@id\":\"https:\/\/www.fiscalia.gov.co\/colombia\/#organization\"},\"image\":{\"@id\":\"https:\/\/www.fiscalia.gov.co\/colombia\/noticias\/desarticulado-grupo-delincuencial-que-utilizaba-menores-de-edad-para-comercializar-estupefacientes-en-floridablanca-santander\/#primaryimage\"},\"thumbnailUrl\":\"https:\/\/www.fiscalia.gov.co\/colombia\/wp-content\/uploads\/banda-las-palmeras-300x168.jpg\",\"keywords\":[\"Banda delincuencial\",\"Estupefacientes\",\"Fiscal\u00eda\",\"Fiscal\u00eda General de la Naci\u00f3n\",\"Floridablanca\",\"Santander\",\"Seccional Santander\"],\"articleSection\":[\"Noticias\",\"Seccional Bucaramanga\",\"Seccionales\",\"Seguridad territorial\",\"Tr\u00e1fico de estupefacientes\"],\"inLanguage\":\"es-CO\"},{\"@type\":\"WebPage\",\"@id\":\"https:\/\/www.fiscalia.gov.co\/colombia\/noticias\/desarticulado-grupo-delincuencial-que-utilizaba-menores-de-edad-para-comercializar-estupefacientes-en-floridablanca-santander\/\",\"url\":\"https:\/\/www.fiscalia.gov.co\/colombia\/noticias\/desarticulado-grupo-delincuencial-que-utilizaba-menores-de-edad-para-comercializar-estupefacientes-en-floridablanca-santander\/\",\"name\":\"Fiscal\u00eda General de la Naci\u00f3n\",\"isPartOf\":{\"@id\":\"https:\/\/www.fiscalia.gov.co\/colombia\/#website\"},\"primaryImageOfPage\":{\"@id\":\"https:\/\/www.fiscalia.gov.co\/colombia\/noticias\/desarticulado-grupo-delincuencial-que-utilizaba-menores-de-edad-para-comercializar-estupefacientes-en-floridablanca-santander\/#primaryimage\"},\"image\":{\"@id\":\"https:\/\/www.fiscalia.gov.co\/colombia\/noticias\/desarticulado-grupo-delincuencial-que-utilizaba-menores-de-edad-para-comercializar-estupefacientes-en-floridablanca-santander\/#primaryimage\"},\"thumbnailUrl\":\"https:\/\/www.fiscalia.gov.co\/colombia\/wp-content\/uploads\/banda-las-palmeras-300x168.jpg\",\"datePublished\":\"2023-11-28T16:30:03+00:00\",\"dateModified\":\"2023-11-28T16:30:03+00:00\",\"description\":\"P\u00e1gina oficial de la Fiscal\u00eda General de la Naci\u00f3n \u2013 Colombia. Garantizamos el acceso efectivo a la justicia, la verdad y la reparaci\u00f3n de las v\u00edctimas de los delitos.\",\"breadcrumb\":{\"@id\":\"https:\/\/www.fiscalia.gov.co\/colombia\/noticias\/desarticulado-grupo-delincuencial-que-utilizaba-menores-de-edad-para-comercializar-estupefacientes-en-floridablanca-santander\/#breadcrumb\"},\"inLanguage\":\"es-CO\",\"potentialAction\":[{\"@type\":\"ReadAction\",\"target\":[\"https:\/\/www.fiscalia.gov.co\/colombia\/noticias\/desarticulado-grupo-delincuencial-que-utilizaba-menores-de-edad-para-comercializar-estupefacientes-en-floridablanca-santander\/\"]}]},{\"@type\":\"ImageObject\",\"inLanguage\":\"es-CO\",\"@id\":\"https:\/\/www.fiscalia.gov.co\/colombia\/noticias\/desarticulado-grupo-delincuencial-que-utilizaba-menores-de-edad-para-comercializar-estupefacientes-en-floridablanca-santander\/#primaryimage\",\"url\":\"https:\/\/www.fiscalia.gov.co\/colombia\/wp-content\/uploads\/banda-las-palmeras.jpg\",\"contentUrl\":\"https:\/\/www.fiscalia.gov.co\/colombia\/wp-content\/uploads\/banda-las-palmeras.jpg\",\"width\":1600,\"height\":894,\"caption\":\"Kervin Johan Colmenares, John Jairo Useche, Armando Cort\u00e9s y Diego Fernando Valbuena Silva, fueron enviados a prisi\u00f3n por su presunta responsabilidad por los delitos de concierto para delinquir con fines de tr\u00e1fico de estupefacientes, tr\u00e1fico de estupefacientes.\"},{\"@type\":\"BreadcrumbList\",\"@id\":\"https:\/\/www.fiscalia.gov.co\/colombia\/noticias\/desarticulado-grupo-delincuencial-que-utilizaba-menores-de-edad-para-comercializar-estupefacientes-en-floridablanca-santander\/#breadcrumb\",\"itemListElement\":[{\"@type\":\"ListItem\",\"position\":1,\"name\":\"Home\",\"item\":\"https:\/\/www.fiscalia.gov.co\/colombia\/\"},{\"@type\":\"ListItem\",\"position\":2,\"name\":\"Desarticulado grupo delincuencial que utilizaba menores de edad para comercializar\u00a0 estupefacientes en Floridablanca, Santander\"}]},{\"@type\":\"WebSite\",\"@id\":\"https:\/\/www.fiscalia.gov.co\/colombia\/#website\",\"url\":\"https:\/\/www.fiscalia.gov.co\/colombia\/\",\"name\":\"Fiscal\u00eda General de la Naci\u00f3n\",\"description\":\"P\u00e1gina oficial de la Fiscal\u00eda General de la Naci\u00f3n \u2013 Colombia. Garantizamos el acceso efectivo a la justicia, la verdad y la reparaci\u00f3n de las v\u00edctimas de los delitos.\",\"publisher\":{\"@id\":\"https:\/\/www.fiscalia.gov.co\/colombia\/#organization\"},\"potentialAction\":[{\"@type\":\"SearchAction\",\"target\":{\"@type\":\"EntryPoint\",\"urlTemplate\":\"https:\/\/www.fiscalia.gov.co\/colombia\/?s={search_term_string}\"},\"query-input\":{\"@type\":\"PropertyValueSpecification\",\"valueRequired\":true,\"valueName\":\"search_term_string\"}}],\"inLanguage\":\"es-CO\"},{\"@type\":\"Organization\",\"@id\":\"https:\/\/www.fiscalia.gov.co\/colombia\/#organization\",\"name\":\"Fiscal\u00eda General de la Naci\u00f3n\",\"url\":\"https:\/\/www.fiscalia.gov.co\/colombia\/\",\"logo\":{\"@type\":\"ImageObject\",\"inLanguage\":\"es-CO\",\"@id\":\"https:\/\/www.fiscalia.gov.co\/colombia\/#\/schema\/logo\/image\/\",\"url\":\"https:\/\/www.fiscalia.gov.co\/colombia\/wp-content\/uploads\/LogoHorizontal_1.jpg\",\"contentUrl\":\"https:\/\/www.fiscalia.gov.co\/colombia\/wp-content\/uploads\/LogoHorizontal_1.jpg\",\"width\":300,\"height\":90,\"caption\":\"Fiscal\u00eda General de la Naci\u00f3n\"},\"image\":{\"@id\":\"https:\/\/www.fiscalia.gov.co\/colombia\/#\/schema\/logo\/image\/\"},\"sameAs\":[\"https:\/\/www.facebook.com\/FiscaliaCol\",\"https:\/\/x.com\/FiscaliaCol\",\"https:\/\/www.instagram.com\/fiscaliacol\",\"https:\/\/www.linkedin.com\/company\/fiscalia-general-de-la-naci-n\/\",\"https:\/\/youtube.com\/@fiscaliageneraldelanacion-4668?si=6nN79nyQICPU5iTh\"]},{\"@type\":\"Person\",\"@id\":\"https:\/\/www.fiscalia.gov.co\/colombia\/#\/schema\/person\/6be81acb78add0abcbda2c598c1d53e1\",\"name\":\"Lesly Katherine Segura Camargo.\",\"image\":{\"@type\":\"ImageObject\",\"inLanguage\":\"es-CO\",\"@id\":\"https:\/\/www.fiscalia.gov.co\/colombia\/#\/schema\/person\/image\/\",\"url\":\"https:\/\/secure.gravatar.com\/avatar\/1892091c53ef3b9c2fcb37ca6066e439?s=96&d=mm&r=g\",\"contentUrl\":\"https:\/\/secure.gravatar.com\/avatar\/1892091c53ef3b9c2fcb37ca6066e439?s=96&d=mm&r=g\",\"caption\":\"Lesly Katherine Segura Camargo.\"},\"url\":\"https:\/\/www.fiscalia.gov.co\/colombia\/author\/lesly-segura\/\"}]}<\/script>\n<!-- \/ Yoast SEO plugin. -->","yoast_head_json":{"title":"Fiscal\u00eda General de la Naci\u00f3n","description":"P\u00e1gina oficial de la Fiscal\u00eda General de la Naci\u00f3n \u2013 Colombia. Garantizamos el acceso efectivo a la justicia, la verdad y la reparaci\u00f3n de las v\u00edctimas de los delitos.","robots":{"index":"noindex","follow":"follow"},"og_locale":"es_ES","og_type":"article","og_title":"Fiscal\u00eda General de la Naci\u00f3n","og_description":"P\u00e1gina oficial de la Fiscal\u00eda General de la Naci\u00f3n \u2013 Colombia. Garantizamos el acceso efectivo a la justicia, la verdad y la reparaci\u00f3n de las v\u00edctimas de los delitos.","og_url":"https:\/\/www.fiscalia.gov.co\/colombia\/noticias\/desarticulado-grupo-delincuencial-que-utilizaba-menores-de-edad-para-comercializar-estupefacientes-en-floridablanca-santander\/","og_site_name":"Fiscal\u00eda General de la Naci\u00f3n","article_publisher":"https:\/\/www.facebook.com\/FiscaliaCol","article_published_time":"2023-11-28T16:30:03+00:00","og_image":[{"url":"https:\/\/www.fiscalia.gov.co\/colombia\/wp-content\/uploads\/banda-las-palmeras-300x168.jpg","type":"","width":"","height":""}],"author":"Lesly Katherine Segura Camargo.","twitter_card":"summary_large_image","twitter_creator":"@FiscaliaCol","twitter_site":"@FiscaliaCol","twitter_misc":{"Escrito por":"Lesly Katherine Segura Camargo.","Tiempo de lectura":"2 minutos"},"schema":{"@context":"https:\/\/schema.org","@graph":[{"@type":"Article","@id":"https:\/\/www.fiscalia.gov.co\/colombia\/noticias\/desarticulado-grupo-delincuencial-que-utilizaba-menores-de-edad-para-comercializar-estupefacientes-en-floridablanca-santander\/#article","isPartOf":{"@id":"https:\/\/www.fiscalia.gov.co\/colombia\/noticias\/desarticulado-grupo-delincuencial-que-utilizaba-menores-de-edad-para-comercializar-estupefacientes-en-floridablanca-santander\/"},"author":{"name":"Lesly Katherine Segura Camargo.","@id":"https:\/\/www.fiscalia.gov.co\/colombia\/#\/schema\/person\/6be81acb78add0abcbda2c598c1d53e1"},"headline":"Desarticulado grupo delincuencial que utilizaba menores de edad para comercializar\u00a0 estupefacientes en Floridablanca, Santander","datePublished":"2023-11-28T16:30:03+00:00","dateModified":"2023-11-28T16:30:03+00:00","mainEntityOfPage":{"@id":"https:\/\/www.fiscalia.gov.co\/colombia\/noticias\/desarticulado-grupo-delincuencial-que-utilizaba-menores-de-edad-para-comercializar-estupefacientes-en-floridablanca-santander\/"},"wordCount":360,"publisher":{"@id":"https:\/\/www.fiscalia.gov.co\/colombia\/#organization"},"image":{"@id":"https:\/\/www.fiscalia.gov.co\/colombia\/noticias\/desarticulado-grupo-delincuencial-que-utilizaba-menores-de-edad-para-comercializar-estupefacientes-en-floridablanca-santander\/#primaryimage"},"thumbnailUrl":"https:\/\/www.fiscalia.gov.co\/colombia\/wp-content\/uploads\/banda-las-palmeras-300x168.jpg","keywords":["Banda delincuencial","Estupefacientes","Fiscal\u00eda","Fiscal\u00eda General de la Naci\u00f3n","Floridablanca","Santander","Seccional Santander"],"articleSection":["Noticias","Seccional Bucaramanga","Seccionales","Seguridad territorial","Tr\u00e1fico de estupefacientes"],"inLanguage":"es-CO"},{"@type":"WebPage","@id":"https:\/\/www.fiscalia.gov.co\/colombia\/noticias\/desarticulado-grupo-delincuencial-que-utilizaba-menores-de-edad-para-comercializar-estupefacientes-en-floridablanca-santander\/","url":"https:\/\/www.fiscalia.gov.co\/colombia\/noticias\/desarticulado-grupo-delincuencial-que-utilizaba-menores-de-edad-para-comercializar-estupefacientes-en-floridablanca-santander\/","name":"Fiscal\u00eda General de la Naci\u00f3n","isPartOf":{"@id":"https:\/\/www.fiscalia.gov.co\/colombia\/#website"},"primaryImageOfPage":{"@id":"https:\/\/www.fiscalia.gov.co\/colombia\/noticias\/desarticulado-grupo-delincuencial-que-utilizaba-menores-de-edad-para-comercializar-estupefacientes-en-floridablanca-santander\/#primaryimage"},"image":{"@id":"https:\/\/www.fiscalia.gov.co\/colombia\/noticias\/desarticulado-grupo-delincuencial-que-utilizaba-menores-de-edad-para-comercializar-estupefacientes-en-floridablanca-santander\/#primaryimage"},"thumbnailUrl":"https:\/\/www.fiscalia.gov.co\/colombia\/wp-content\/uploads\/banda-las-palmeras-300x168.jpg","datePublished":"2023-11-28T16:30:03+00:00","dateModified":"2023-11-28T16:30:03+00:00","description":"P\u00e1gina oficial de la Fiscal\u00eda General de la Naci\u00f3n \u2013 Colombia. Garantizamos el acceso efectivo a la justicia, la verdad y la reparaci\u00f3n de las v\u00edctimas de los delitos.","breadcrumb":{"@id":"https:\/\/www.fiscalia.gov.co\/colombia\/noticias\/desarticulado-grupo-delincuencial-que-utilizaba-menores-de-edad-para-comercializar-estupefacientes-en-floridablanca-santander\/#breadcrumb"},"inLanguage":"es-CO","potentialAction":[{"@type":"ReadAction","target":["https:\/\/www.fiscalia.gov.co\/colombia\/noticias\/desarticulado-grupo-delincuencial-que-utilizaba-menores-de-edad-para-comercializar-estupefacientes-en-floridablanca-santander\/"]}]},{"@type":"ImageObject","inLanguage":"es-CO","@id":"https:\/\/www.fiscalia.gov.co\/colombia\/noticias\/desarticulado-grupo-delincuencial-que-utilizaba-menores-de-edad-para-comercializar-estupefacientes-en-floridablanca-santander\/#primaryimage","url":"https:\/\/www.fiscalia.gov.co\/colombia\/wp-content\/uploads\/banda-las-palmeras.jpg","contentUrl":"https:\/\/www.fiscalia.gov.co\/colombia\/wp-content\/uploads\/banda-las-palmeras.jpg","width":1600,"height":894,"caption":"Kervin Johan Colmenares, John Jairo Useche, Armando Cort\u00e9s y Diego Fernando Valbuena Silva, fueron enviados a prisi\u00f3n por su presunta responsabilidad por los delitos de concierto para delinquir con fines de tr\u00e1fico de estupefacientes, tr\u00e1fico de estupefacientes."},{"@type":"BreadcrumbList","@id":"https:\/\/www.fiscalia.gov.co\/colombia\/noticias\/desarticulado-grupo-delincuencial-que-utilizaba-menores-de-edad-para-comercializar-estupefacientes-en-floridablanca-santander\/#breadcrumb","itemListElement":[{"@type":"ListItem","position":1,"name":"Home","item":"https:\/\/www.fiscalia.gov.co\/colombia\/"},{"@type":"ListItem","position":2,"name":"Desarticulado grupo delincuencial que utilizaba menores de edad para comercializar\u00a0 estupefacientes en Floridablanca, Santander"}]},{"@type":"WebSite","@id":"https:\/\/www.fiscalia.gov.co\/colombia\/#website","url":"https:\/\/www.fiscalia.gov.co\/colombia\/","name":"Fiscal\u00eda General de la Naci\u00f3n","description":"P\u00e1gina oficial de la Fiscal\u00eda General de la Naci\u00f3n \u2013 Colombia. Garantizamos el acceso efectivo a la justicia, la verdad y la reparaci\u00f3n de las v\u00edctimas de los delitos.","publisher":{"@id":"https:\/\/www.fiscalia.gov.co\/colombia\/#organization"},"potentialAction":[{"@type":"SearchAction","target":{"@type":"EntryPoint","urlTemplate":"https:\/\/www.fiscalia.gov.co\/colombia\/?s={search_term_string}"},"query-input":{"@type":"PropertyValueSpecification","valueRequired":true,"valueName":"search_term_string"}}],"inLanguage":"es-CO"},{"@type":"Organization","@id":"https:\/\/www.fiscalia.gov.co\/colombia\/#organization","name":"Fiscal\u00eda General de la Naci\u00f3n","url":"https:\/\/www.fiscalia.gov.co\/colombia\/","logo":{"@type":"ImageObject","inLanguage":"es-CO","@id":"https:\/\/www.fiscalia.gov.co\/colombia\/#\/schema\/logo\/image\/","url":"https:\/\/www.fiscalia.gov.co\/colombia\/wp-content\/uploads\/LogoHorizontal_1.jpg","contentUrl":"https:\/\/www.fiscalia.gov.co\/colombia\/wp-content\/uploads\/LogoHorizontal_1.jpg","width":300,"height":90,"caption":"Fiscal\u00eda General de la Naci\u00f3n"},"image":{"@id":"https:\/\/www.fiscalia.gov.co\/colombia\/#\/schema\/logo\/image\/"},"sameAs":["https:\/\/www.facebook.com\/FiscaliaCol","https:\/\/x.com\/FiscaliaCol","https:\/\/www.instagram.com\/fiscaliacol","https:\/\/www.linkedin.com\/company\/fiscalia-general-de-la-naci-n\/","https:\/\/youtube.com\/@fiscaliageneraldelanacion-4668?si=6nN79nyQICPU5iTh"]},{"@type":"Person","@id":"https:\/\/www.fiscalia.gov.co\/colombia\/#\/schema\/person\/6be81acb78add0abcbda2c598c1d53e1","name":"Lesly Katherine Segura Camargo.","image":{"@type":"ImageObject","inLanguage":"es-CO","@id":"https:\/\/www.fiscalia.gov.co\/colombia\/#\/schema\/person\/image\/","url":"https:\/\/secure.gravatar.com\/avatar\/1892091c53ef3b9c2fcb37ca6066e439?s=96&d=mm&r=g","contentUrl":"https:\/\/secure.gravatar.com\/avatar\/1892091c53ef3b9c2fcb37ca6066e439?s=96&d=mm&r=g","caption":"Lesly Katherine Segura Camargo."},"url":"https:\/\/www.fiscalia.gov.co\/colombia\/author\/lesly-segura\/"}]}},"_links":{"self":[{"href":"https:\/\/www.fiscalia.gov.co\/colombia\/wp-json\/wp\/v2\/posts\/284076","targetHints":{"allow":["GET"]}}],"collection":[{"href":"https:\/\/www.fiscalia.gov.co\/colombia\/wp-json\/wp\/v2\/posts"}],"about":[{"href":"https:\/\/www.fiscalia.gov.co\/colombia\/wp-json\/wp\/v2\/types\/post"}],"author":[{"embeddable":true,"href":"https:\/\/www.fiscalia.gov.co\/colombia\/wp-json\/wp\/v2\/users\/179"}],"replies":[{"embeddable":true,"href":"https:\/\/www.fiscalia.gov.co\/colombia\/wp-json\/wp\/v2\/comments?post=284076"}],"version-history":[{"count":1,"href":"https:\/\/www.fiscalia.gov.co\/colombia\/wp-json\/wp\/v2\/posts\/284076\/revisions"}],"predecessor-version":[{"id":284078,"href":"https:\/\/www.fiscalia.gov.co\/colombia\/wp-json\/wp\/v2\/posts\/284076\/revisions\/284078"}],"wp:attachment":[{"href":"https:\/\/www.fiscalia.gov.co\/colombia\/wp-json\/wp\/v2\/media?parent=284076"}],"wp:term":[{"taxonomy":"category","embeddable":true,"href":"https:\/\/www.fiscalia.gov.co\/colombia\/wp-json\/wp\/v2\/categories?post=284076"},{"taxonomy":"post_tag","embeddable":true,"href":"https:\/\/www.fiscalia.gov.co\/colombia\/wp-json\/wp\/v2\/tags?post=284076"}],"curies":[{"name":"wp","href":"https:\/\/api.w.org\/{rel}","templated":true}]}}