{"id":284032,"date":"2023-11-27T16:14:49","date_gmt":"2023-11-27T21:14:49","guid":{"rendered":"https:\/\/www.fiscalia.gov.co\/colombia\/?p=284032"},"modified":"2023-12-05T11:30:15","modified_gmt":"2023-12-05T16:30:15","slug":"fiscalia-obtuvo-condena-de-mas-de-48-anos-de-prision-contra-el-responsable-del-asesinato-de-un-hombre-y-causarle-heridas-a-otras-tres-personas","status":"publish","type":"post","link":"https:\/\/www.fiscalia.gov.co\/colombia\/noticias\/fiscalia-obtuvo-condena-de-mas-de-48-anos-de-prision-contra-el-responsable-del-asesinato-de-un-hombre-y-causarle-heridas-a-otras-tres-personas\/","title":{"rendered":"Fiscal\u00eda obtuvo condena de m\u00e1s de 48 a\u00f1os de prisi\u00f3n contra el responsable del asesinato de un hombre y causarle heridas a otras tres personas"},"content":{"rendered":"<p>Tras el material presentado por un fiscal de la Seccional Bol\u00edvar, un juez penal de conocimiento conden\u00f3 a la pena de 48 a\u00f1os y 5 meses de prisi\u00f3n a Lisandro Chico Salcedo, por su responsabilidad en los delitos de homicidio agravado, tentativa de homicidio, lesiones personales agravadas y fabricaci\u00f3n, tr\u00e1fico o porte de arma de fuego.<\/p>\n<figure id=\"attachment_284034\" aria-describedby=\"caption-attachment-284034\" style=\"width: 208px\" class=\"wp-caption aligncenter\"><img loading=\"lazy\" decoding=\"async\" class=\"size-medium wp-image-284034\" src=\"https:\/\/www.fiscalia.gov.co\/colombia\/wp-content\/uploads\/foto-boletin-27-de-noviembre-homicidio-y-porte-de-arma--208x300.jpeg\" alt=\"En la fotograf\u00eda est\u00e1 el medio cuerpo de un hombre joven, de tez morena, cabellos negros, vestido con un buzo verde y tiene sus brazos atr\u00e1s. Detr\u00e1s de \u00e9l hay un pend\u00f3n con logos de la Polic\u00eda Nacional.\" width=\"208\" height=\"300\" srcset=\"https:\/\/www.fiscalia.gov.co\/colombia\/wp-content\/uploads\/foto-boletin-27-de-noviembre-homicidio-y-porte-de-arma--208x300.jpeg 208w, https:\/\/www.fiscalia.gov.co\/colombia\/wp-content\/uploads\/foto-boletin-27-de-noviembre-homicidio-y-porte-de-arma--709x1024.jpeg 709w, https:\/\/www.fiscalia.gov.co\/colombia\/wp-content\/uploads\/foto-boletin-27-de-noviembre-homicidio-y-porte-de-arma--768x1109.jpeg 768w, https:\/\/www.fiscalia.gov.co\/colombia\/wp-content\/uploads\/foto-boletin-27-de-noviembre-homicidio-y-porte-de-arma--1064x1536.jpeg 1064w, https:\/\/www.fiscalia.gov.co\/colombia\/wp-content\/uploads\/foto-boletin-27-de-noviembre-homicidio-y-porte-de-arma--696x1005.jpeg 696w, https:\/\/www.fiscalia.gov.co\/colombia\/wp-content\/uploads\/foto-boletin-27-de-noviembre-homicidio-y-porte-de-arma--1068x1542.jpeg 1068w, https:\/\/www.fiscalia.gov.co\/colombia\/wp-content\/uploads\/foto-boletin-27-de-noviembre-homicidio-y-porte-de-arma--291x420.jpeg 291w, https:\/\/www.fiscalia.gov.co\/colombia\/wp-content\/uploads\/foto-boletin-27-de-noviembre-homicidio-y-porte-de-arma-.jpeg 1108w\" sizes=\"auto, (max-width: 208px) 100vw, 208px\" \/><figcaption id=\"caption-attachment-284034\" class=\"wp-caption-text\">Chico Salcedo fue capturado en septiembre de 2021 por la Polic\u00eda Nacional.<\/figcaption><\/figure>\n<p>Los hechos ocurrieron el 1 de enero de 2021, en una vivienda del barrio La Quinta de Cartagena (Bol\u00edvar), donde el hoy condenado en medio de una ri\u00f1a hiri\u00f3 con arma de fuego a un grupo de personas que se encontraba departiendo en la terraza del lugar. En medio del ataque, una de las v\u00edctimas que intent\u00f3 detener a Chico Salcedo recibi\u00f3 varios disparos que le causaron la muerte cuatro d\u00edas despu\u00e9s en el centro m\u00e9dico donde era atendido.<\/p>\n<p>En el ataque tambi\u00e9n resultaron heridas otras tres personas, entre ellas un menor de 13 a\u00f1os de edad.<\/p>\n<p>El hoy condenado fue capturado mediante orden judicial en septiembre del 2021, por la Polic\u00eda Nacional.<\/p>\n<p>Esta informaci\u00f3n se publica por razones de inter\u00e9s general.<\/p>\n<p>&nbsp;<\/p>\n<p><strong>La Fiscal\u00eda habla con resultados.<\/strong><\/p>\n<p>&nbsp;<\/p>\n<p>&nbsp;<\/p>\n<p>&nbsp;<\/p>\n<p>MEVA\/MG\/ICHS\/DSB<\/p>\n<p>&nbsp;<\/p>\n<p>&nbsp;<\/p>\n<p><em>La informaci\u00f3n contenida en este bolet\u00edn de prensa corresponde a la narraci\u00f3n de los hechos noticiosos objetivos, suministrados por los funcionarios encargados de adelantar las investigaciones penales al interior de la Fiscal\u00eda General de la Naci\u00f3n. Para el momento de la divulgaci\u00f3n de este comunicado, la situaci\u00f3n jur\u00eddica de la(s) persona(s) relacionada(s) se encuentra pendiente de resolver por la autoridad judicial competente, siempre bajo los preceptos de la presunci\u00f3n de inocencia, consagrados en el art\u00edculo 29 de la Constituci\u00f3n Pol\u00edtica y el art\u00edculo 7\u00ba de la Ley 906 de 2004.<\/em><\/p>\n\n<div class=\"twitter-share\"><a href=\"https:\/\/twitter.com\/intent\/tweet?via=fiscaliacol\" class=\"twitter-share-button\">Tweet<\/a><\/div>\n","protected":false},"excerpt":{"rendered":"<p>Tras el material presentado por un fiscal de la Seccional Bol\u00edvar, un juez penal de conocimiento conden\u00f3 a la pena de 48 a\u00f1os y 5 meses de prisi\u00f3n a Lisandro Chico Salcedo, por su responsabilidad en los delitos de homicidio agravado, tentativa de homicidio, lesiones personales agravadas y fabricaci\u00f3n, tr\u00e1fico o porte de arma de [&hellip;]<\/p>\n","protected":false},"author":179,"featured_media":284503,"comment_status":"closed","ping_status":"open","sticky":false,"template":"","format":"video","meta":{"tdm_status":"","tdm_grid_status":"","footnotes":""},"categories":[1,325,303,24099],"tags":[4688,23819,293,36349,24187,1047,32824,409,558,12480,24237,975],"class_list":{"0":"post-284032","1":"post","2":"type-post","3":"status-publish","4":"format-video","5":"has-post-thumbnail","7":"category-noticias","8":"category-seccional-cartagena","9":"category-seccionales","10":"category-seguridad-territorial","11":"tag-asesinato","12":"tag-cartagena","13":"tag-condena","14":"tag-fallecido","15":"tag-fiscalia-colombia","16":"tag-fiscalia-general-de-la-nacion","17":"tag-heridos","18":"tag-homicidio","19":"tag-policia-nacional","20":"tag-porte-ilegal-de-arma-de-fuego","21":"tag-prision","22":"tag-sentencia","23":"post_format-post-format-video"},"yoast_head":"<!-- This site is optimized with the Yoast SEO plugin v24.3 - https:\/\/yoast.com\/wordpress\/plugins\/seo\/ -->\n<title>Fiscal\u00eda General de la Naci\u00f3n<\/title>\n<meta name=\"description\" content=\"P\u00e1gina oficial de la Fiscal\u00eda General de la Naci\u00f3n \u2013 Colombia. Garantizamos el acceso efectivo a la justicia, la verdad y la reparaci\u00f3n de las v\u00edctimas de los delitos.\" \/>\n<meta name=\"robots\" content=\"noindex, follow\" \/>\n<meta property=\"og:locale\" content=\"es_ES\" \/>\n<meta property=\"og:type\" content=\"article\" \/>\n<meta property=\"og:title\" content=\"Fiscal\u00eda General de la Naci\u00f3n\" \/>\n<meta property=\"og:description\" content=\"P\u00e1gina oficial de la Fiscal\u00eda General de la Naci\u00f3n \u2013 Colombia. Garantizamos el acceso efectivo a la justicia, la verdad y la reparaci\u00f3n de las v\u00edctimas de los delitos.\" \/>\n<meta property=\"og:url\" content=\"https:\/\/www.fiscalia.gov.co\/colombia\/noticias\/fiscalia-obtuvo-condena-de-mas-de-48-anos-de-prision-contra-el-responsable-del-asesinato-de-un-hombre-y-causarle-heridas-a-otras-tres-personas\/\" \/>\n<meta property=\"og:site_name\" content=\"Fiscal\u00eda General de la Naci\u00f3n\" \/>\n<meta property=\"article:publisher\" content=\"https:\/\/www.facebook.com\/FiscaliaCol\" \/>\n<meta property=\"article:published_time\" content=\"2023-11-27T21:14:49+00:00\" \/>\n<meta property=\"article:modified_time\" content=\"2023-12-05T16:30:15+00:00\" \/>\n<meta property=\"og:image\" content=\"https:\/\/www.fiscalia.gov.co\/colombia\/wp-content\/uploads\/maxresdefault-1297.jpg\" \/>\n\t<meta property=\"og:image:width\" content=\"1280\" \/>\n\t<meta property=\"og:image:height\" content=\"720\" \/>\n\t<meta property=\"og:image:type\" content=\"image\/jpeg\" \/>\n<meta name=\"author\" content=\"Lesly Katherine Segura Camargo.\" \/>\n<meta name=\"twitter:card\" content=\"summary_large_image\" \/>\n<meta name=\"twitter:creator\" content=\"@FiscaliaCol\" \/>\n<meta name=\"twitter:site\" content=\"@FiscaliaCol\" \/>\n<meta name=\"twitter:label1\" content=\"Escrito por\" \/>\n\t<meta name=\"twitter:data1\" content=\"Lesly Katherine Segura Camargo.\" \/>\n\t<meta name=\"twitter:label2\" content=\"Tiempo de lectura\" \/>\n\t<meta name=\"twitter:data2\" content=\"2 minutos\" \/>\n<script type=\"application\/ld+json\" class=\"yoast-schema-graph\">{\"@context\":\"https:\/\/schema.org\",\"@graph\":[{\"@type\":\"Article\",\"@id\":\"https:\/\/www.fiscalia.gov.co\/colombia\/noticias\/fiscalia-obtuvo-condena-de-mas-de-48-anos-de-prision-contra-el-responsable-del-asesinato-de-un-hombre-y-causarle-heridas-a-otras-tres-personas\/#article\",\"isPartOf\":{\"@id\":\"https:\/\/www.fiscalia.gov.co\/colombia\/noticias\/fiscalia-obtuvo-condena-de-mas-de-48-anos-de-prision-contra-el-responsable-del-asesinato-de-un-hombre-y-causarle-heridas-a-otras-tres-personas\/\"},\"author\":{\"name\":\"Lesly Katherine Segura Camargo.\",\"@id\":\"https:\/\/www.fiscalia.gov.co\/colombia\/#\/schema\/person\/6be81acb78add0abcbda2c598c1d53e1\"},\"headline\":\"Fiscal\u00eda obtuvo condena de m\u00e1s de 48 a\u00f1os de prisi\u00f3n contra el responsable del asesinato de un hombre y causarle heridas a otras tres personas\",\"datePublished\":\"2023-11-27T21:14:49+00:00\",\"dateModified\":\"2023-12-05T16:30:15+00:00\",\"mainEntityOfPage\":{\"@id\":\"https:\/\/www.fiscalia.gov.co\/colombia\/noticias\/fiscalia-obtuvo-condena-de-mas-de-48-anos-de-prision-contra-el-responsable-del-asesinato-de-un-hombre-y-causarle-heridas-a-otras-tres-personas\/\"},\"wordCount\":353,\"publisher\":{\"@id\":\"https:\/\/www.fiscalia.gov.co\/colombia\/#organization\"},\"image\":{\"@id\":\"https:\/\/www.fiscalia.gov.co\/colombia\/noticias\/fiscalia-obtuvo-condena-de-mas-de-48-anos-de-prision-contra-el-responsable-del-asesinato-de-un-hombre-y-causarle-heridas-a-otras-tres-personas\/#primaryimage\"},\"thumbnailUrl\":\"https:\/\/www.fiscalia.gov.co\/colombia\/wp-content\/uploads\/maxresdefault-1297.jpg\",\"keywords\":[\"Asesinato\",\"Cartagena\",\"Condena\",\"fallecido\",\"Fiscal\u00eda Colombia\",\"Fiscal\u00eda General de la Naci\u00f3n\",\"heridos\",\"Homicidio\",\"Polic\u00eda Nacional\",\"porte ilegal de arma de fuego\",\"prisi\u00f3n\",\"Sentencia\"],\"articleSection\":[\"Noticias\",\"Seccional Cartagena\",\"Seccionales\",\"Seguridad territorial\"],\"inLanguage\":\"es-CO\"},{\"@type\":\"WebPage\",\"@id\":\"https:\/\/www.fiscalia.gov.co\/colombia\/noticias\/fiscalia-obtuvo-condena-de-mas-de-48-anos-de-prision-contra-el-responsable-del-asesinato-de-un-hombre-y-causarle-heridas-a-otras-tres-personas\/\",\"url\":\"https:\/\/www.fiscalia.gov.co\/colombia\/noticias\/fiscalia-obtuvo-condena-de-mas-de-48-anos-de-prision-contra-el-responsable-del-asesinato-de-un-hombre-y-causarle-heridas-a-otras-tres-personas\/\",\"name\":\"Fiscal\u00eda General de la Naci\u00f3n\",\"isPartOf\":{\"@id\":\"https:\/\/www.fiscalia.gov.co\/colombia\/#website\"},\"primaryImageOfPage\":{\"@id\":\"https:\/\/www.fiscalia.gov.co\/colombia\/noticias\/fiscalia-obtuvo-condena-de-mas-de-48-anos-de-prision-contra-el-responsable-del-asesinato-de-un-hombre-y-causarle-heridas-a-otras-tres-personas\/#primaryimage\"},\"image\":{\"@id\":\"https:\/\/www.fiscalia.gov.co\/colombia\/noticias\/fiscalia-obtuvo-condena-de-mas-de-48-anos-de-prision-contra-el-responsable-del-asesinato-de-un-hombre-y-causarle-heridas-a-otras-tres-personas\/#primaryimage\"},\"thumbnailUrl\":\"https:\/\/www.fiscalia.gov.co\/colombia\/wp-content\/uploads\/maxresdefault-1297.jpg\",\"datePublished\":\"2023-11-27T21:14:49+00:00\",\"dateModified\":\"2023-12-05T16:30:15+00:00\",\"description\":\"P\u00e1gina oficial de la Fiscal\u00eda General de la Naci\u00f3n \u2013 Colombia. Garantizamos el acceso efectivo a la justicia, la verdad y la reparaci\u00f3n de las v\u00edctimas de los delitos.\",\"breadcrumb\":{\"@id\":\"https:\/\/www.fiscalia.gov.co\/colombia\/noticias\/fiscalia-obtuvo-condena-de-mas-de-48-anos-de-prision-contra-el-responsable-del-asesinato-de-un-hombre-y-causarle-heridas-a-otras-tres-personas\/#breadcrumb\"},\"inLanguage\":\"es-CO\",\"potentialAction\":[{\"@type\":\"ReadAction\",\"target\":[\"https:\/\/www.fiscalia.gov.co\/colombia\/noticias\/fiscalia-obtuvo-condena-de-mas-de-48-anos-de-prision-contra-el-responsable-del-asesinato-de-un-hombre-y-causarle-heridas-a-otras-tres-personas\/\"]}]},{\"@type\":\"ImageObject\",\"inLanguage\":\"es-CO\",\"@id\":\"https:\/\/www.fiscalia.gov.co\/colombia\/noticias\/fiscalia-obtuvo-condena-de-mas-de-48-anos-de-prision-contra-el-responsable-del-asesinato-de-un-hombre-y-causarle-heridas-a-otras-tres-personas\/#primaryimage\",\"url\":\"https:\/\/www.fiscalia.gov.co\/colombia\/wp-content\/uploads\/maxresdefault-1297.jpg\",\"contentUrl\":\"https:\/\/www.fiscalia.gov.co\/colombia\/wp-content\/uploads\/maxresdefault-1297.jpg\",\"width\":1280,\"height\":720},{\"@type\":\"BreadcrumbList\",\"@id\":\"https:\/\/www.fiscalia.gov.co\/colombia\/noticias\/fiscalia-obtuvo-condena-de-mas-de-48-anos-de-prision-contra-el-responsable-del-asesinato-de-un-hombre-y-causarle-heridas-a-otras-tres-personas\/#breadcrumb\",\"itemListElement\":[{\"@type\":\"ListItem\",\"position\":1,\"name\":\"Home\",\"item\":\"https:\/\/www.fiscalia.gov.co\/colombia\/\"},{\"@type\":\"ListItem\",\"position\":2,\"name\":\"Fiscal\u00eda obtuvo condena de m\u00e1s de 48 a\u00f1os de prisi\u00f3n contra el responsable del asesinato de un hombre y causarle heridas a otras tres personas\"}]},{\"@type\":\"WebSite\",\"@id\":\"https:\/\/www.fiscalia.gov.co\/colombia\/#website\",\"url\":\"https:\/\/www.fiscalia.gov.co\/colombia\/\",\"name\":\"Fiscal\u00eda General de la Naci\u00f3n\",\"description\":\"P\u00e1gina oficial de la Fiscal\u00eda General de la Naci\u00f3n \u2013 Colombia. Garantizamos el acceso efectivo a la justicia, la verdad y la reparaci\u00f3n de las v\u00edctimas de los delitos.\",\"publisher\":{\"@id\":\"https:\/\/www.fiscalia.gov.co\/colombia\/#organization\"},\"potentialAction\":[{\"@type\":\"SearchAction\",\"target\":{\"@type\":\"EntryPoint\",\"urlTemplate\":\"https:\/\/www.fiscalia.gov.co\/colombia\/?s={search_term_string}\"},\"query-input\":{\"@type\":\"PropertyValueSpecification\",\"valueRequired\":true,\"valueName\":\"search_term_string\"}}],\"inLanguage\":\"es-CO\"},{\"@type\":\"Organization\",\"@id\":\"https:\/\/www.fiscalia.gov.co\/colombia\/#organization\",\"name\":\"Fiscal\u00eda General de la Naci\u00f3n\",\"url\":\"https:\/\/www.fiscalia.gov.co\/colombia\/\",\"logo\":{\"@type\":\"ImageObject\",\"inLanguage\":\"es-CO\",\"@id\":\"https:\/\/www.fiscalia.gov.co\/colombia\/#\/schema\/logo\/image\/\",\"url\":\"https:\/\/www.fiscalia.gov.co\/colombia\/wp-content\/uploads\/LogoHorizontal_1.jpg\",\"contentUrl\":\"https:\/\/www.fiscalia.gov.co\/colombia\/wp-content\/uploads\/LogoHorizontal_1.jpg\",\"width\":300,\"height\":90,\"caption\":\"Fiscal\u00eda General de la Naci\u00f3n\"},\"image\":{\"@id\":\"https:\/\/www.fiscalia.gov.co\/colombia\/#\/schema\/logo\/image\/\"},\"sameAs\":[\"https:\/\/www.facebook.com\/FiscaliaCol\",\"https:\/\/x.com\/FiscaliaCol\",\"https:\/\/www.instagram.com\/fiscaliacol\",\"https:\/\/www.linkedin.com\/company\/fiscalia-general-de-la-naci-n\/\",\"https:\/\/youtube.com\/@fiscaliageneraldelanacion-4668?si=6nN79nyQICPU5iTh\"]},{\"@type\":\"Person\",\"@id\":\"https:\/\/www.fiscalia.gov.co\/colombia\/#\/schema\/person\/6be81acb78add0abcbda2c598c1d53e1\",\"name\":\"Lesly Katherine Segura Camargo.\",\"image\":{\"@type\":\"ImageObject\",\"inLanguage\":\"es-CO\",\"@id\":\"https:\/\/www.fiscalia.gov.co\/colombia\/#\/schema\/person\/image\/\",\"url\":\"https:\/\/secure.gravatar.com\/avatar\/1892091c53ef3b9c2fcb37ca6066e439?s=96&d=mm&r=g\",\"contentUrl\":\"https:\/\/secure.gravatar.com\/avatar\/1892091c53ef3b9c2fcb37ca6066e439?s=96&d=mm&r=g\",\"caption\":\"Lesly Katherine Segura Camargo.\"},\"url\":\"https:\/\/www.fiscalia.gov.co\/colombia\/author\/lesly-segura\/\"}]}<\/script>\n<!-- \/ Yoast SEO plugin. -->","yoast_head_json":{"title":"Fiscal\u00eda General de la Naci\u00f3n","description":"P\u00e1gina oficial de la Fiscal\u00eda General de la Naci\u00f3n \u2013 Colombia. Garantizamos el acceso efectivo a la justicia, la verdad y la reparaci\u00f3n de las v\u00edctimas de los delitos.","robots":{"index":"noindex","follow":"follow"},"og_locale":"es_ES","og_type":"article","og_title":"Fiscal\u00eda General de la Naci\u00f3n","og_description":"P\u00e1gina oficial de la Fiscal\u00eda General de la Naci\u00f3n \u2013 Colombia. Garantizamos el acceso efectivo a la justicia, la verdad y la reparaci\u00f3n de las v\u00edctimas de los delitos.","og_url":"https:\/\/www.fiscalia.gov.co\/colombia\/noticias\/fiscalia-obtuvo-condena-de-mas-de-48-anos-de-prision-contra-el-responsable-del-asesinato-de-un-hombre-y-causarle-heridas-a-otras-tres-personas\/","og_site_name":"Fiscal\u00eda General de la Naci\u00f3n","article_publisher":"https:\/\/www.facebook.com\/FiscaliaCol","article_published_time":"2023-11-27T21:14:49+00:00","article_modified_time":"2023-12-05T16:30:15+00:00","og_image":[{"width":1280,"height":720,"url":"https:\/\/www.fiscalia.gov.co\/colombia\/wp-content\/uploads\/maxresdefault-1297.jpg","type":"image\/jpeg"}],"author":"Lesly Katherine Segura Camargo.","twitter_card":"summary_large_image","twitter_creator":"@FiscaliaCol","twitter_site":"@FiscaliaCol","twitter_misc":{"Escrito por":"Lesly Katherine Segura Camargo.","Tiempo de lectura":"2 minutos"},"schema":{"@context":"https:\/\/schema.org","@graph":[{"@type":"Article","@id":"https:\/\/www.fiscalia.gov.co\/colombia\/noticias\/fiscalia-obtuvo-condena-de-mas-de-48-anos-de-prision-contra-el-responsable-del-asesinato-de-un-hombre-y-causarle-heridas-a-otras-tres-personas\/#article","isPartOf":{"@id":"https:\/\/www.fiscalia.gov.co\/colombia\/noticias\/fiscalia-obtuvo-condena-de-mas-de-48-anos-de-prision-contra-el-responsable-del-asesinato-de-un-hombre-y-causarle-heridas-a-otras-tres-personas\/"},"author":{"name":"Lesly Katherine Segura Camargo.","@id":"https:\/\/www.fiscalia.gov.co\/colombia\/#\/schema\/person\/6be81acb78add0abcbda2c598c1d53e1"},"headline":"Fiscal\u00eda obtuvo condena de m\u00e1s de 48 a\u00f1os de prisi\u00f3n contra el responsable del asesinato de un hombre y causarle heridas a otras tres personas","datePublished":"2023-11-27T21:14:49+00:00","dateModified":"2023-12-05T16:30:15+00:00","mainEntityOfPage":{"@id":"https:\/\/www.fiscalia.gov.co\/colombia\/noticias\/fiscalia-obtuvo-condena-de-mas-de-48-anos-de-prision-contra-el-responsable-del-asesinato-de-un-hombre-y-causarle-heridas-a-otras-tres-personas\/"},"wordCount":353,"publisher":{"@id":"https:\/\/www.fiscalia.gov.co\/colombia\/#organization"},"image":{"@id":"https:\/\/www.fiscalia.gov.co\/colombia\/noticias\/fiscalia-obtuvo-condena-de-mas-de-48-anos-de-prision-contra-el-responsable-del-asesinato-de-un-hombre-y-causarle-heridas-a-otras-tres-personas\/#primaryimage"},"thumbnailUrl":"https:\/\/www.fiscalia.gov.co\/colombia\/wp-content\/uploads\/maxresdefault-1297.jpg","keywords":["Asesinato","Cartagena","Condena","fallecido","Fiscal\u00eda Colombia","Fiscal\u00eda General de la Naci\u00f3n","heridos","Homicidio","Polic\u00eda Nacional","porte ilegal de arma de fuego","prisi\u00f3n","Sentencia"],"articleSection":["Noticias","Seccional Cartagena","Seccionales","Seguridad territorial"],"inLanguage":"es-CO"},{"@type":"WebPage","@id":"https:\/\/www.fiscalia.gov.co\/colombia\/noticias\/fiscalia-obtuvo-condena-de-mas-de-48-anos-de-prision-contra-el-responsable-del-asesinato-de-un-hombre-y-causarle-heridas-a-otras-tres-personas\/","url":"https:\/\/www.fiscalia.gov.co\/colombia\/noticias\/fiscalia-obtuvo-condena-de-mas-de-48-anos-de-prision-contra-el-responsable-del-asesinato-de-un-hombre-y-causarle-heridas-a-otras-tres-personas\/","name":"Fiscal\u00eda General de la Naci\u00f3n","isPartOf":{"@id":"https:\/\/www.fiscalia.gov.co\/colombia\/#website"},"primaryImageOfPage":{"@id":"https:\/\/www.fiscalia.gov.co\/colombia\/noticias\/fiscalia-obtuvo-condena-de-mas-de-48-anos-de-prision-contra-el-responsable-del-asesinato-de-un-hombre-y-causarle-heridas-a-otras-tres-personas\/#primaryimage"},"image":{"@id":"https:\/\/www.fiscalia.gov.co\/colombia\/noticias\/fiscalia-obtuvo-condena-de-mas-de-48-anos-de-prision-contra-el-responsable-del-asesinato-de-un-hombre-y-causarle-heridas-a-otras-tres-personas\/#primaryimage"},"thumbnailUrl":"https:\/\/www.fiscalia.gov.co\/colombia\/wp-content\/uploads\/maxresdefault-1297.jpg","datePublished":"2023-11-27T21:14:49+00:00","dateModified":"2023-12-05T16:30:15+00:00","description":"P\u00e1gina oficial de la Fiscal\u00eda General de la Naci\u00f3n \u2013 Colombia. Garantizamos el acceso efectivo a la justicia, la verdad y la reparaci\u00f3n de las v\u00edctimas de los delitos.","breadcrumb":{"@id":"https:\/\/www.fiscalia.gov.co\/colombia\/noticias\/fiscalia-obtuvo-condena-de-mas-de-48-anos-de-prision-contra-el-responsable-del-asesinato-de-un-hombre-y-causarle-heridas-a-otras-tres-personas\/#breadcrumb"},"inLanguage":"es-CO","potentialAction":[{"@type":"ReadAction","target":["https:\/\/www.fiscalia.gov.co\/colombia\/noticias\/fiscalia-obtuvo-condena-de-mas-de-48-anos-de-prision-contra-el-responsable-del-asesinato-de-un-hombre-y-causarle-heridas-a-otras-tres-personas\/"]}]},{"@type":"ImageObject","inLanguage":"es-CO","@id":"https:\/\/www.fiscalia.gov.co\/colombia\/noticias\/fiscalia-obtuvo-condena-de-mas-de-48-anos-de-prision-contra-el-responsable-del-asesinato-de-un-hombre-y-causarle-heridas-a-otras-tres-personas\/#primaryimage","url":"https:\/\/www.fiscalia.gov.co\/colombia\/wp-content\/uploads\/maxresdefault-1297.jpg","contentUrl":"https:\/\/www.fiscalia.gov.co\/colombia\/wp-content\/uploads\/maxresdefault-1297.jpg","width":1280,"height":720},{"@type":"BreadcrumbList","@id":"https:\/\/www.fiscalia.gov.co\/colombia\/noticias\/fiscalia-obtuvo-condena-de-mas-de-48-anos-de-prision-contra-el-responsable-del-asesinato-de-un-hombre-y-causarle-heridas-a-otras-tres-personas\/#breadcrumb","itemListElement":[{"@type":"ListItem","position":1,"name":"Home","item":"https:\/\/www.fiscalia.gov.co\/colombia\/"},{"@type":"ListItem","position":2,"name":"Fiscal\u00eda obtuvo condena de m\u00e1s de 48 a\u00f1os de prisi\u00f3n contra el responsable del asesinato de un hombre y causarle heridas a otras tres personas"}]},{"@type":"WebSite","@id":"https:\/\/www.fiscalia.gov.co\/colombia\/#website","url":"https:\/\/www.fiscalia.gov.co\/colombia\/","name":"Fiscal\u00eda General de la Naci\u00f3n","description":"P\u00e1gina oficial de la Fiscal\u00eda General de la Naci\u00f3n \u2013 Colombia. Garantizamos el acceso efectivo a la justicia, la verdad y la reparaci\u00f3n de las v\u00edctimas de los delitos.","publisher":{"@id":"https:\/\/www.fiscalia.gov.co\/colombia\/#organization"},"potentialAction":[{"@type":"SearchAction","target":{"@type":"EntryPoint","urlTemplate":"https:\/\/www.fiscalia.gov.co\/colombia\/?s={search_term_string}"},"query-input":{"@type":"PropertyValueSpecification","valueRequired":true,"valueName":"search_term_string"}}],"inLanguage":"es-CO"},{"@type":"Organization","@id":"https:\/\/www.fiscalia.gov.co\/colombia\/#organization","name":"Fiscal\u00eda General de la Naci\u00f3n","url":"https:\/\/www.fiscalia.gov.co\/colombia\/","logo":{"@type":"ImageObject","inLanguage":"es-CO","@id":"https:\/\/www.fiscalia.gov.co\/colombia\/#\/schema\/logo\/image\/","url":"https:\/\/www.fiscalia.gov.co\/colombia\/wp-content\/uploads\/LogoHorizontal_1.jpg","contentUrl":"https:\/\/www.fiscalia.gov.co\/colombia\/wp-content\/uploads\/LogoHorizontal_1.jpg","width":300,"height":90,"caption":"Fiscal\u00eda General de la Naci\u00f3n"},"image":{"@id":"https:\/\/www.fiscalia.gov.co\/colombia\/#\/schema\/logo\/image\/"},"sameAs":["https:\/\/www.facebook.com\/FiscaliaCol","https:\/\/x.com\/FiscaliaCol","https:\/\/www.instagram.com\/fiscaliacol","https:\/\/www.linkedin.com\/company\/fiscalia-general-de-la-naci-n\/","https:\/\/youtube.com\/@fiscaliageneraldelanacion-4668?si=6nN79nyQICPU5iTh"]},{"@type":"Person","@id":"https:\/\/www.fiscalia.gov.co\/colombia\/#\/schema\/person\/6be81acb78add0abcbda2c598c1d53e1","name":"Lesly Katherine Segura Camargo.","image":{"@type":"ImageObject","inLanguage":"es-CO","@id":"https:\/\/www.fiscalia.gov.co\/colombia\/#\/schema\/person\/image\/","url":"https:\/\/secure.gravatar.com\/avatar\/1892091c53ef3b9c2fcb37ca6066e439?s=96&d=mm&r=g","contentUrl":"https:\/\/secure.gravatar.com\/avatar\/1892091c53ef3b9c2fcb37ca6066e439?s=96&d=mm&r=g","caption":"Lesly Katherine Segura Camargo."},"url":"https:\/\/www.fiscalia.gov.co\/colombia\/author\/lesly-segura\/"}]}},"_links":{"self":[{"href":"https:\/\/www.fiscalia.gov.co\/colombia\/wp-json\/wp\/v2\/posts\/284032","targetHints":{"allow":["GET"]}}],"collection":[{"href":"https:\/\/www.fiscalia.gov.co\/colombia\/wp-json\/wp\/v2\/posts"}],"about":[{"href":"https:\/\/www.fiscalia.gov.co\/colombia\/wp-json\/wp\/v2\/types\/post"}],"author":[{"embeddable":true,"href":"https:\/\/www.fiscalia.gov.co\/colombia\/wp-json\/wp\/v2\/users\/179"}],"replies":[{"embeddable":true,"href":"https:\/\/www.fiscalia.gov.co\/colombia\/wp-json\/wp\/v2\/comments?post=284032"}],"version-history":[{"count":2,"href":"https:\/\/www.fiscalia.gov.co\/colombia\/wp-json\/wp\/v2\/posts\/284032\/revisions"}],"predecessor-version":[{"id":284035,"href":"https:\/\/www.fiscalia.gov.co\/colombia\/wp-json\/wp\/v2\/posts\/284032\/revisions\/284035"}],"wp:featuredmedia":[{"embeddable":true,"href":"https:\/\/www.fiscalia.gov.co\/colombia\/wp-json\/wp\/v2\/media\/284503"}],"wp:attachment":[{"href":"https:\/\/www.fiscalia.gov.co\/colombia\/wp-json\/wp\/v2\/media?parent=284032"}],"wp:term":[{"taxonomy":"category","embeddable":true,"href":"https:\/\/www.fiscalia.gov.co\/colombia\/wp-json\/wp\/v2\/categories?post=284032"},{"taxonomy":"post_tag","embeddable":true,"href":"https:\/\/www.fiscalia.gov.co\/colombia\/wp-json\/wp\/v2\/tags?post=284032"}],"curies":[{"name":"wp","href":"https:\/\/api.w.org\/{rel}","templated":true}]}}