{"id":284012,"date":"2023-11-27T11:46:10","date_gmt":"2023-11-27T16:46:10","guid":{"rendered":"https:\/\/www.fiscalia.gov.co\/colombia\/?p=284012"},"modified":"2023-11-27T11:46:10","modified_gmt":"2023-11-27T16:46:10","slug":"a-la-carcel-hombre-que-se-hacia-pasar-como-integrante-de-la-columna-movil-adan-izquierdo-para-presuntamente-extorsionar-a-un-docente-en-tulua-valle-del-cauca","status":"publish","type":"post","link":"https:\/\/www.fiscalia.gov.co\/colombia\/noticias\/a-la-carcel-hombre-que-se-hacia-pasar-como-integrante-de-la-columna-movil-adan-izquierdo-para-presuntamente-extorsionar-a-un-docente-en-tulua-valle-del-cauca\/","title":{"rendered":"A la c\u00e1rcel hombre que se hac\u00eda pasar como integrante de la columna m\u00f3vil Ad\u00e1n Izquierdo para presuntamente extorsionar a un docente en Tulu\u00e1, Valle del Cauca"},"content":{"rendered":"<p>Un hombre identificado como William Vanegas\u00a0 Gallego, fue privado de la libertad por decisi\u00f3n de un juez de control de garant\u00edas, luego de acoger la solicitud de la Fiscal\u00eda General de la Naci\u00f3n que lo investiga por el delito de extorsi\u00f3n, en el municipio de Tulu\u00e1 (Valle del Cauca).<\/p>\n<figure id=\"attachment_284014\" aria-describedby=\"caption-attachment-284014\" style=\"width: 300px\" class=\"wp-caption aligncenter\"><img loading=\"lazy\" decoding=\"async\" class=\"size-medium wp-image-284014\" src=\"https:\/\/www.fiscalia.gov.co\/colombia\/wp-content\/uploads\/William-Vanegas-Gallego.-Extorsion.-Tulua-Valle-300x218.jpg\" alt=\"En la fotograf\u00eda se aprecia a William Vanegas  Gallego. Viste camibuzo de color gris en la parte superior y azul oscuro en la parte inferior, con logo y palabra \u2018adidas\u2019. Al lado derecho de \u00e9l hay una servidora del CTI de la Fiscal\u00eda y al lado izquierdo hay un uniformado del Ej\u00e9rcito Nacional. Detr\u00e1s de ellos hay un pend\u00f3n institucional de la Fiscal\u00eda.\" width=\"300\" height=\"218\" srcset=\"https:\/\/www.fiscalia.gov.co\/colombia\/wp-content\/uploads\/William-Vanegas-Gallego.-Extorsion.-Tulua-Valle-300x218.jpg 300w, https:\/\/www.fiscalia.gov.co\/colombia\/wp-content\/uploads\/William-Vanegas-Gallego.-Extorsion.-Tulua-Valle-1024x744.jpg 1024w, https:\/\/www.fiscalia.gov.co\/colombia\/wp-content\/uploads\/William-Vanegas-Gallego.-Extorsion.-Tulua-Valle-768x558.jpg 768w, https:\/\/www.fiscalia.gov.co\/colombia\/wp-content\/uploads\/William-Vanegas-Gallego.-Extorsion.-Tulua-Valle-1536x1116.jpg 1536w, https:\/\/www.fiscalia.gov.co\/colombia\/wp-content\/uploads\/William-Vanegas-Gallego.-Extorsion.-Tulua-Valle-696x505.jpg 696w, https:\/\/www.fiscalia.gov.co\/colombia\/wp-content\/uploads\/William-Vanegas-Gallego.-Extorsion.-Tulua-Valle-1068x776.jpg 1068w, https:\/\/www.fiscalia.gov.co\/colombia\/wp-content\/uploads\/William-Vanegas-Gallego.-Extorsion.-Tulua-Valle-578x420.jpg 578w, https:\/\/www.fiscalia.gov.co\/colombia\/wp-content\/uploads\/William-Vanegas-Gallego.-Extorsion.-Tulua-Valle-324x235.jpg 324w, https:\/\/www.fiscalia.gov.co\/colombia\/wp-content\/uploads\/William-Vanegas-Gallego.-Extorsion.-Tulua-Valle.jpg 1600w\" sizes=\"auto, (max-width: 300px) 100vw, 300px\" \/><figcaption id=\"caption-attachment-284014\" class=\"wp-caption-text\">William Vanegas Gallego fue capturado en flagrancia y posteriormente privado de la libertad como presunto responsable de extorsionar a un docente y comerciante, en Tulu\u00e1 (Valle del Cauca).<\/figcaption><\/figure>\n<p>Seg\u00fan la Fiscal\u00eda, Vanegas Gallego, presuntamente se hac\u00eda pasar como integrante de la columna m\u00f3vil Ad\u00e1n Izquierdo de las Farc-EP y exig\u00eda 10 millones de pesos a un docente y comerciante inmobiliario del municipio en menci\u00f3n, a cambio de no atentar contra su vida ni la de su familia.<\/p>\n<p>Servidores del Cuerpo T\u00e9cnico de Investigaci\u00f3n (CTI) de la Seccional Valle del Cauca, y personal del Ej\u00e9rcito Nacional, capturaron en flagrancia al hoy imputado, el pasado 16 de noviembre, en una v\u00eda p\u00fablica de Tulu\u00e1, cuando, presuntamente, recib\u00eda dinero producto de la extorsi\u00f3n.<\/p>\n<p>En el momento de la captura, las autoridades incautaron una motocicleta, dos tel\u00e9fonos celulares y un sobre que conten\u00eda 10 millones de pesos.<\/p>\n<p>La Fiscal\u00eda le imput\u00f3 cargos al capturado por el delito de extorsi\u00f3n y el juez decidi\u00f3 que debe cumplir la medida de aseguramiento en centro carcelario.<\/p>\n<p>Esta informaci\u00f3n se publica por razones de inter\u00e9s general.<\/p>\n<p>&nbsp;<\/p>\n<p><strong>La Fiscal\u00eda habla con resultados<\/strong><\/p>\n<p>&nbsp;<\/p>\n<p>&nbsp;<\/p>\n<p>&nbsp;<\/p>\n<p>MAP\/PDPM\/DSVC\/<\/p>\n<p>&nbsp;<\/p>\n<p>&nbsp;<\/p>\n<p>&nbsp;<\/p>\n<p>&nbsp;<\/p>\n<p><em>La informaci\u00f3n contenida en este bolet\u00edn de prensa corresponde a la narraci\u00f3n de los hechos noticiosos objetivos, suministrados por los funcionarios encargados de adelantar las investigaciones penales al interior de la Fiscal\u00eda General de la Naci\u00f3n. Para el momento de la divulgaci\u00f3n de este comunicado, la situaci\u00f3n jur\u00eddica de la(s) persona(s) relacionada(s) se encuentra pendiente de resolver por la autoridad judicial competente, siempre bajo los preceptos de la presunci\u00f3n de inocencia, consagrados en el art\u00edculo 29 de la Constituci\u00f3n Pol\u00edtica y el art\u00edculo 7\u00ba de la Ley 906 de 2004.<\/em><\/p>\n\n<div class=\"twitter-share\"><a href=\"https:\/\/twitter.com\/intent\/tweet?via=fiscaliacol\" class=\"twitter-share-button\">Tweet<\/a><\/div>\n","protected":false},"excerpt":{"rendered":"<p>Un hombre identificado como William Vanegas\u00a0 Gallego, fue privado de la libertad por decisi\u00f3n de un juez de control de garant\u00edas, luego de acoger la solicitud de la Fiscal\u00eda General [&hellip;]<\/p>\n","protected":false},"author":179,"featured_media":0,"comment_status":"closed","ping_status":"open","sticky":false,"template":"","format":"standard","meta":{"tdm_status":"","tdm_grid_status":"","footnotes":""},"categories":[1,324,303],"tags":[12424,24551,36347,6188,24408,871,24185,1047,7169,1185,24918,29437],"class_list":["post-284012","post","type-post","status-publish","format-standard","category-noticias","category-seccional-cali","category-seccionales","tag-capturado","tag-centro-carcelario","tag-comerciante-inmobiliario","tag-docente","tag-exigencias-economicas","tag-extorion","tag-fiscal-barbosa","tag-fiscalia-general-de-la-nacion","tag-flagrancia","tag-medida-de-aseguramiento","tag-privado-de-la-libertad","tag-seccional-valle-del-cauca"],"yoast_head":"<!-- This site is optimized with the Yoast SEO plugin v24.3 - https:\/\/yoast.com\/wordpress\/plugins\/seo\/ -->\n<title>Fiscal\u00eda General de la Naci\u00f3n<\/title>\n<meta name=\"description\" content=\"P\u00e1gina oficial de la Fiscal\u00eda General de la Naci\u00f3n \u2013 Colombia. Garantizamos el acceso efectivo a la justicia, la verdad y la reparaci\u00f3n de las v\u00edctimas de los delitos.\" \/>\n<meta name=\"robots\" content=\"noindex, follow\" \/>\n<meta property=\"og:locale\" content=\"es_ES\" \/>\n<meta property=\"og:type\" content=\"article\" \/>\n<meta property=\"og:title\" content=\"Fiscal\u00eda General de la Naci\u00f3n\" \/>\n<meta property=\"og:description\" content=\"P\u00e1gina oficial de la Fiscal\u00eda General de la Naci\u00f3n \u2013 Colombia. Garantizamos el acceso efectivo a la justicia, la verdad y la reparaci\u00f3n de las v\u00edctimas de los delitos.\" \/>\n<meta property=\"og:url\" content=\"https:\/\/www.fiscalia.gov.co\/colombia\/noticias\/a-la-carcel-hombre-que-se-hacia-pasar-como-integrante-de-la-columna-movil-adan-izquierdo-para-presuntamente-extorsionar-a-un-docente-en-tulua-valle-del-cauca\/\" \/>\n<meta property=\"og:site_name\" content=\"Fiscal\u00eda General de la Naci\u00f3n\" \/>\n<meta property=\"article:publisher\" content=\"https:\/\/www.facebook.com\/FiscaliaCol\" \/>\n<meta property=\"article:published_time\" content=\"2023-11-27T16:46:10+00:00\" \/>\n<meta property=\"og:image\" content=\"https:\/\/www.fiscalia.gov.co\/colombia\/wp-content\/uploads\/William-Vanegas-Gallego.-Extorsion.-Tulua-Valle-300x218.jpg\" \/>\n<meta name=\"author\" content=\"Lesly Katherine Segura Camargo.\" \/>\n<meta name=\"twitter:card\" content=\"summary_large_image\" \/>\n<meta name=\"twitter:creator\" content=\"@FiscaliaCol\" \/>\n<meta name=\"twitter:site\" content=\"@FiscaliaCol\" \/>\n<meta name=\"twitter:label1\" content=\"Escrito por\" \/>\n\t<meta name=\"twitter:data1\" content=\"Lesly Katherine Segura Camargo.\" \/>\n\t<meta name=\"twitter:label2\" content=\"Tiempo de lectura\" \/>\n\t<meta name=\"twitter:data2\" content=\"2 minutos\" \/>\n<script type=\"application\/ld+json\" class=\"yoast-schema-graph\">{\"@context\":\"https:\/\/schema.org\",\"@graph\":[{\"@type\":\"Article\",\"@id\":\"https:\/\/www.fiscalia.gov.co\/colombia\/noticias\/a-la-carcel-hombre-que-se-hacia-pasar-como-integrante-de-la-columna-movil-adan-izquierdo-para-presuntamente-extorsionar-a-un-docente-en-tulua-valle-del-cauca\/#article\",\"isPartOf\":{\"@id\":\"https:\/\/www.fiscalia.gov.co\/colombia\/noticias\/a-la-carcel-hombre-que-se-hacia-pasar-como-integrante-de-la-columna-movil-adan-izquierdo-para-presuntamente-extorsionar-a-un-docente-en-tulua-valle-del-cauca\/\"},\"author\":{\"name\":\"Lesly Katherine Segura Camargo.\",\"@id\":\"https:\/\/www.fiscalia.gov.co\/colombia\/#\/schema\/person\/6be81acb78add0abcbda2c598c1d53e1\"},\"headline\":\"A la c\u00e1rcel hombre que se hac\u00eda pasar como integrante de la columna m\u00f3vil Ad\u00e1n Izquierdo para presuntamente extorsionar a un docente en Tulu\u00e1, Valle del Cauca\",\"datePublished\":\"2023-11-27T16:46:10+00:00\",\"dateModified\":\"2023-11-27T16:46:10+00:00\",\"mainEntityOfPage\":{\"@id\":\"https:\/\/www.fiscalia.gov.co\/colombia\/noticias\/a-la-carcel-hombre-que-se-hacia-pasar-como-integrante-de-la-columna-movil-adan-izquierdo-para-presuntamente-extorsionar-a-un-docente-en-tulua-valle-del-cauca\/\"},\"wordCount\":406,\"publisher\":{\"@id\":\"https:\/\/www.fiscalia.gov.co\/colombia\/#organization\"},\"image\":{\"@id\":\"https:\/\/www.fiscalia.gov.co\/colombia\/noticias\/a-la-carcel-hombre-que-se-hacia-pasar-como-integrante-de-la-columna-movil-adan-izquierdo-para-presuntamente-extorsionar-a-un-docente-en-tulua-valle-del-cauca\/#primaryimage\"},\"thumbnailUrl\":\"https:\/\/www.fiscalia.gov.co\/colombia\/wp-content\/uploads\/William-Vanegas-Gallego.-Extorsion.-Tulua-Valle-300x218.jpg\",\"keywords\":[\"Capturado\",\"centro carcelario\",\"comerciante inmobiliario\",\"Docente\",\"exigencias econ\u00f3micas\",\"Extorsi\u00f3n\",\"Fiscal Barbosa\",\"Fiscal\u00eda General de la Naci\u00f3n\",\"Flagrancia\",\"Medida de aseguramiento\",\"privado de la libertad\",\"Seccional Valle del Cauca\"],\"articleSection\":[\"Noticias\",\"Seccional Cali\",\"Seccionales\"],\"inLanguage\":\"es-CO\"},{\"@type\":\"WebPage\",\"@id\":\"https:\/\/www.fiscalia.gov.co\/colombia\/noticias\/a-la-carcel-hombre-que-se-hacia-pasar-como-integrante-de-la-columna-movil-adan-izquierdo-para-presuntamente-extorsionar-a-un-docente-en-tulua-valle-del-cauca\/\",\"url\":\"https:\/\/www.fiscalia.gov.co\/colombia\/noticias\/a-la-carcel-hombre-que-se-hacia-pasar-como-integrante-de-la-columna-movil-adan-izquierdo-para-presuntamente-extorsionar-a-un-docente-en-tulua-valle-del-cauca\/\",\"name\":\"Fiscal\u00eda General de la Naci\u00f3n\",\"isPartOf\":{\"@id\":\"https:\/\/www.fiscalia.gov.co\/colombia\/#website\"},\"primaryImageOfPage\":{\"@id\":\"https:\/\/www.fiscalia.gov.co\/colombia\/noticias\/a-la-carcel-hombre-que-se-hacia-pasar-como-integrante-de-la-columna-movil-adan-izquierdo-para-presuntamente-extorsionar-a-un-docente-en-tulua-valle-del-cauca\/#primaryimage\"},\"image\":{\"@id\":\"https:\/\/www.fiscalia.gov.co\/colombia\/noticias\/a-la-carcel-hombre-que-se-hacia-pasar-como-integrante-de-la-columna-movil-adan-izquierdo-para-presuntamente-extorsionar-a-un-docente-en-tulua-valle-del-cauca\/#primaryimage\"},\"thumbnailUrl\":\"https:\/\/www.fiscalia.gov.co\/colombia\/wp-content\/uploads\/William-Vanegas-Gallego.-Extorsion.-Tulua-Valle-300x218.jpg\",\"datePublished\":\"2023-11-27T16:46:10+00:00\",\"dateModified\":\"2023-11-27T16:46:10+00:00\",\"description\":\"P\u00e1gina oficial de la Fiscal\u00eda General de la Naci\u00f3n \u2013 Colombia. Garantizamos el acceso efectivo a la justicia, la verdad y la reparaci\u00f3n de las v\u00edctimas de los delitos.\",\"breadcrumb\":{\"@id\":\"https:\/\/www.fiscalia.gov.co\/colombia\/noticias\/a-la-carcel-hombre-que-se-hacia-pasar-como-integrante-de-la-columna-movil-adan-izquierdo-para-presuntamente-extorsionar-a-un-docente-en-tulua-valle-del-cauca\/#breadcrumb\"},\"inLanguage\":\"es-CO\",\"potentialAction\":[{\"@type\":\"ReadAction\",\"target\":[\"https:\/\/www.fiscalia.gov.co\/colombia\/noticias\/a-la-carcel-hombre-que-se-hacia-pasar-como-integrante-de-la-columna-movil-adan-izquierdo-para-presuntamente-extorsionar-a-un-docente-en-tulua-valle-del-cauca\/\"]}]},{\"@type\":\"ImageObject\",\"inLanguage\":\"es-CO\",\"@id\":\"https:\/\/www.fiscalia.gov.co\/colombia\/noticias\/a-la-carcel-hombre-que-se-hacia-pasar-como-integrante-de-la-columna-movil-adan-izquierdo-para-presuntamente-extorsionar-a-un-docente-en-tulua-valle-del-cauca\/#primaryimage\",\"url\":\"https:\/\/www.fiscalia.gov.co\/colombia\/wp-content\/uploads\/William-Vanegas-Gallego.-Extorsion.-Tulua-Valle.jpg\",\"contentUrl\":\"https:\/\/www.fiscalia.gov.co\/colombia\/wp-content\/uploads\/William-Vanegas-Gallego.-Extorsion.-Tulua-Valle.jpg\",\"width\":1600,\"height\":1162,\"caption\":\"William Vanegas Gallego fue capturado en flagrancia y posteriormente privado de la libertad como presunto responsable de extorsionar a un docente y comerciante, en Tulu\u00e1 (Valle del Cauca).\"},{\"@type\":\"BreadcrumbList\",\"@id\":\"https:\/\/www.fiscalia.gov.co\/colombia\/noticias\/a-la-carcel-hombre-que-se-hacia-pasar-como-integrante-de-la-columna-movil-adan-izquierdo-para-presuntamente-extorsionar-a-un-docente-en-tulua-valle-del-cauca\/#breadcrumb\",\"itemListElement\":[{\"@type\":\"ListItem\",\"position\":1,\"name\":\"Home\",\"item\":\"https:\/\/www.fiscalia.gov.co\/colombia\/\"},{\"@type\":\"ListItem\",\"position\":2,\"name\":\"A la c\u00e1rcel hombre que se hac\u00eda pasar como integrante de la columna m\u00f3vil Ad\u00e1n Izquierdo para presuntamente extorsionar a un docente en Tulu\u00e1, Valle del Cauca\"}]},{\"@type\":\"WebSite\",\"@id\":\"https:\/\/www.fiscalia.gov.co\/colombia\/#website\",\"url\":\"https:\/\/www.fiscalia.gov.co\/colombia\/\",\"name\":\"Fiscal\u00eda General de la Naci\u00f3n\",\"description\":\"P\u00e1gina oficial de la Fiscal\u00eda General de la Naci\u00f3n \u2013 Colombia. Garantizamos el acceso efectivo a la justicia, la verdad y la reparaci\u00f3n de las v\u00edctimas de los delitos.\",\"publisher\":{\"@id\":\"https:\/\/www.fiscalia.gov.co\/colombia\/#organization\"},\"potentialAction\":[{\"@type\":\"SearchAction\",\"target\":{\"@type\":\"EntryPoint\",\"urlTemplate\":\"https:\/\/www.fiscalia.gov.co\/colombia\/?s={search_term_string}\"},\"query-input\":{\"@type\":\"PropertyValueSpecification\",\"valueRequired\":true,\"valueName\":\"search_term_string\"}}],\"inLanguage\":\"es-CO\"},{\"@type\":\"Organization\",\"@id\":\"https:\/\/www.fiscalia.gov.co\/colombia\/#organization\",\"name\":\"Fiscal\u00eda General de la Naci\u00f3n\",\"url\":\"https:\/\/www.fiscalia.gov.co\/colombia\/\",\"logo\":{\"@type\":\"ImageObject\",\"inLanguage\":\"es-CO\",\"@id\":\"https:\/\/www.fiscalia.gov.co\/colombia\/#\/schema\/logo\/image\/\",\"url\":\"https:\/\/www.fiscalia.gov.co\/colombia\/wp-content\/uploads\/LogoHorizontal_1.jpg\",\"contentUrl\":\"https:\/\/www.fiscalia.gov.co\/colombia\/wp-content\/uploads\/LogoHorizontal_1.jpg\",\"width\":300,\"height\":90,\"caption\":\"Fiscal\u00eda General de la Naci\u00f3n\"},\"image\":{\"@id\":\"https:\/\/www.fiscalia.gov.co\/colombia\/#\/schema\/logo\/image\/\"},\"sameAs\":[\"https:\/\/www.facebook.com\/FiscaliaCol\",\"https:\/\/x.com\/FiscaliaCol\",\"https:\/\/www.instagram.com\/fiscaliacol\",\"https:\/\/www.linkedin.com\/company\/fiscalia-general-de-la-naci-n\/\",\"https:\/\/youtube.com\/@fiscaliageneraldelanacion-4668?si=6nN79nyQICPU5iTh\"]},{\"@type\":\"Person\",\"@id\":\"https:\/\/www.fiscalia.gov.co\/colombia\/#\/schema\/person\/6be81acb78add0abcbda2c598c1d53e1\",\"name\":\"Lesly Katherine Segura Camargo.\",\"image\":{\"@type\":\"ImageObject\",\"inLanguage\":\"es-CO\",\"@id\":\"https:\/\/www.fiscalia.gov.co\/colombia\/#\/schema\/person\/image\/\",\"url\":\"https:\/\/secure.gravatar.com\/avatar\/1892091c53ef3b9c2fcb37ca6066e439?s=96&d=mm&r=g\",\"contentUrl\":\"https:\/\/secure.gravatar.com\/avatar\/1892091c53ef3b9c2fcb37ca6066e439?s=96&d=mm&r=g\",\"caption\":\"Lesly Katherine Segura Camargo.\"},\"url\":\"https:\/\/www.fiscalia.gov.co\/colombia\/author\/lesly-segura\/\"}]}<\/script>\n<!-- \/ Yoast SEO plugin. -->","yoast_head_json":{"title":"Fiscal\u00eda General de la Naci\u00f3n","description":"P\u00e1gina oficial de la Fiscal\u00eda General de la Naci\u00f3n \u2013 Colombia. Garantizamos el acceso efectivo a la justicia, la verdad y la reparaci\u00f3n de las v\u00edctimas de los delitos.","robots":{"index":"noindex","follow":"follow"},"og_locale":"es_ES","og_type":"article","og_title":"Fiscal\u00eda General de la Naci\u00f3n","og_description":"P\u00e1gina oficial de la Fiscal\u00eda General de la Naci\u00f3n \u2013 Colombia. Garantizamos el acceso efectivo a la justicia, la verdad y la reparaci\u00f3n de las v\u00edctimas de los delitos.","og_url":"https:\/\/www.fiscalia.gov.co\/colombia\/noticias\/a-la-carcel-hombre-que-se-hacia-pasar-como-integrante-de-la-columna-movil-adan-izquierdo-para-presuntamente-extorsionar-a-un-docente-en-tulua-valle-del-cauca\/","og_site_name":"Fiscal\u00eda General de la Naci\u00f3n","article_publisher":"https:\/\/www.facebook.com\/FiscaliaCol","article_published_time":"2023-11-27T16:46:10+00:00","og_image":[{"url":"https:\/\/www.fiscalia.gov.co\/colombia\/wp-content\/uploads\/William-Vanegas-Gallego.-Extorsion.-Tulua-Valle-300x218.jpg","type":"","width":"","height":""}],"author":"Lesly Katherine Segura Camargo.","twitter_card":"summary_large_image","twitter_creator":"@FiscaliaCol","twitter_site":"@FiscaliaCol","twitter_misc":{"Escrito por":"Lesly Katherine Segura Camargo.","Tiempo de lectura":"2 minutos"},"schema":{"@context":"https:\/\/schema.org","@graph":[{"@type":"Article","@id":"https:\/\/www.fiscalia.gov.co\/colombia\/noticias\/a-la-carcel-hombre-que-se-hacia-pasar-como-integrante-de-la-columna-movil-adan-izquierdo-para-presuntamente-extorsionar-a-un-docente-en-tulua-valle-del-cauca\/#article","isPartOf":{"@id":"https:\/\/www.fiscalia.gov.co\/colombia\/noticias\/a-la-carcel-hombre-que-se-hacia-pasar-como-integrante-de-la-columna-movil-adan-izquierdo-para-presuntamente-extorsionar-a-un-docente-en-tulua-valle-del-cauca\/"},"author":{"name":"Lesly Katherine Segura Camargo.","@id":"https:\/\/www.fiscalia.gov.co\/colombia\/#\/schema\/person\/6be81acb78add0abcbda2c598c1d53e1"},"headline":"A la c\u00e1rcel hombre que se hac\u00eda pasar como integrante de la columna m\u00f3vil Ad\u00e1n Izquierdo para presuntamente extorsionar a un docente en Tulu\u00e1, Valle del Cauca","datePublished":"2023-11-27T16:46:10+00:00","dateModified":"2023-11-27T16:46:10+00:00","mainEntityOfPage":{"@id":"https:\/\/www.fiscalia.gov.co\/colombia\/noticias\/a-la-carcel-hombre-que-se-hacia-pasar-como-integrante-de-la-columna-movil-adan-izquierdo-para-presuntamente-extorsionar-a-un-docente-en-tulua-valle-del-cauca\/"},"wordCount":406,"publisher":{"@id":"https:\/\/www.fiscalia.gov.co\/colombia\/#organization"},"image":{"@id":"https:\/\/www.fiscalia.gov.co\/colombia\/noticias\/a-la-carcel-hombre-que-se-hacia-pasar-como-integrante-de-la-columna-movil-adan-izquierdo-para-presuntamente-extorsionar-a-un-docente-en-tulua-valle-del-cauca\/#primaryimage"},"thumbnailUrl":"https:\/\/www.fiscalia.gov.co\/colombia\/wp-content\/uploads\/William-Vanegas-Gallego.-Extorsion.-Tulua-Valle-300x218.jpg","keywords":["Capturado","centro carcelario","comerciante inmobiliario","Docente","exigencias econ\u00f3micas","Extorsi\u00f3n","Fiscal Barbosa","Fiscal\u00eda General de la Naci\u00f3n","Flagrancia","Medida de aseguramiento","privado de la libertad","Seccional Valle del Cauca"],"articleSection":["Noticias","Seccional Cali","Seccionales"],"inLanguage":"es-CO"},{"@type":"WebPage","@id":"https:\/\/www.fiscalia.gov.co\/colombia\/noticias\/a-la-carcel-hombre-que-se-hacia-pasar-como-integrante-de-la-columna-movil-adan-izquierdo-para-presuntamente-extorsionar-a-un-docente-en-tulua-valle-del-cauca\/","url":"https:\/\/www.fiscalia.gov.co\/colombia\/noticias\/a-la-carcel-hombre-que-se-hacia-pasar-como-integrante-de-la-columna-movil-adan-izquierdo-para-presuntamente-extorsionar-a-un-docente-en-tulua-valle-del-cauca\/","name":"Fiscal\u00eda General de la Naci\u00f3n","isPartOf":{"@id":"https:\/\/www.fiscalia.gov.co\/colombia\/#website"},"primaryImageOfPage":{"@id":"https:\/\/www.fiscalia.gov.co\/colombia\/noticias\/a-la-carcel-hombre-que-se-hacia-pasar-como-integrante-de-la-columna-movil-adan-izquierdo-para-presuntamente-extorsionar-a-un-docente-en-tulua-valle-del-cauca\/#primaryimage"},"image":{"@id":"https:\/\/www.fiscalia.gov.co\/colombia\/noticias\/a-la-carcel-hombre-que-se-hacia-pasar-como-integrante-de-la-columna-movil-adan-izquierdo-para-presuntamente-extorsionar-a-un-docente-en-tulua-valle-del-cauca\/#primaryimage"},"thumbnailUrl":"https:\/\/www.fiscalia.gov.co\/colombia\/wp-content\/uploads\/William-Vanegas-Gallego.-Extorsion.-Tulua-Valle-300x218.jpg","datePublished":"2023-11-27T16:46:10+00:00","dateModified":"2023-11-27T16:46:10+00:00","description":"P\u00e1gina oficial de la Fiscal\u00eda General de la Naci\u00f3n \u2013 Colombia. Garantizamos el acceso efectivo a la justicia, la verdad y la reparaci\u00f3n de las v\u00edctimas de los delitos.","breadcrumb":{"@id":"https:\/\/www.fiscalia.gov.co\/colombia\/noticias\/a-la-carcel-hombre-que-se-hacia-pasar-como-integrante-de-la-columna-movil-adan-izquierdo-para-presuntamente-extorsionar-a-un-docente-en-tulua-valle-del-cauca\/#breadcrumb"},"inLanguage":"es-CO","potentialAction":[{"@type":"ReadAction","target":["https:\/\/www.fiscalia.gov.co\/colombia\/noticias\/a-la-carcel-hombre-que-se-hacia-pasar-como-integrante-de-la-columna-movil-adan-izquierdo-para-presuntamente-extorsionar-a-un-docente-en-tulua-valle-del-cauca\/"]}]},{"@type":"ImageObject","inLanguage":"es-CO","@id":"https:\/\/www.fiscalia.gov.co\/colombia\/noticias\/a-la-carcel-hombre-que-se-hacia-pasar-como-integrante-de-la-columna-movil-adan-izquierdo-para-presuntamente-extorsionar-a-un-docente-en-tulua-valle-del-cauca\/#primaryimage","url":"https:\/\/www.fiscalia.gov.co\/colombia\/wp-content\/uploads\/William-Vanegas-Gallego.-Extorsion.-Tulua-Valle.jpg","contentUrl":"https:\/\/www.fiscalia.gov.co\/colombia\/wp-content\/uploads\/William-Vanegas-Gallego.-Extorsion.-Tulua-Valle.jpg","width":1600,"height":1162,"caption":"William Vanegas Gallego fue capturado en flagrancia y posteriormente privado de la libertad como presunto responsable de extorsionar a un docente y comerciante, en Tulu\u00e1 (Valle del Cauca)."},{"@type":"BreadcrumbList","@id":"https:\/\/www.fiscalia.gov.co\/colombia\/noticias\/a-la-carcel-hombre-que-se-hacia-pasar-como-integrante-de-la-columna-movil-adan-izquierdo-para-presuntamente-extorsionar-a-un-docente-en-tulua-valle-del-cauca\/#breadcrumb","itemListElement":[{"@type":"ListItem","position":1,"name":"Home","item":"https:\/\/www.fiscalia.gov.co\/colombia\/"},{"@type":"ListItem","position":2,"name":"A la c\u00e1rcel hombre que se hac\u00eda pasar como integrante de la columna m\u00f3vil Ad\u00e1n Izquierdo para presuntamente extorsionar a un docente en Tulu\u00e1, Valle del Cauca"}]},{"@type":"WebSite","@id":"https:\/\/www.fiscalia.gov.co\/colombia\/#website","url":"https:\/\/www.fiscalia.gov.co\/colombia\/","name":"Fiscal\u00eda General de la Naci\u00f3n","description":"P\u00e1gina oficial de la Fiscal\u00eda General de la Naci\u00f3n \u2013 Colombia. Garantizamos el acceso efectivo a la justicia, la verdad y la reparaci\u00f3n de las v\u00edctimas de los delitos.","publisher":{"@id":"https:\/\/www.fiscalia.gov.co\/colombia\/#organization"},"potentialAction":[{"@type":"SearchAction","target":{"@type":"EntryPoint","urlTemplate":"https:\/\/www.fiscalia.gov.co\/colombia\/?s={search_term_string}"},"query-input":{"@type":"PropertyValueSpecification","valueRequired":true,"valueName":"search_term_string"}}],"inLanguage":"es-CO"},{"@type":"Organization","@id":"https:\/\/www.fiscalia.gov.co\/colombia\/#organization","name":"Fiscal\u00eda General de la Naci\u00f3n","url":"https:\/\/www.fiscalia.gov.co\/colombia\/","logo":{"@type":"ImageObject","inLanguage":"es-CO","@id":"https:\/\/www.fiscalia.gov.co\/colombia\/#\/schema\/logo\/image\/","url":"https:\/\/www.fiscalia.gov.co\/colombia\/wp-content\/uploads\/LogoHorizontal_1.jpg","contentUrl":"https:\/\/www.fiscalia.gov.co\/colombia\/wp-content\/uploads\/LogoHorizontal_1.jpg","width":300,"height":90,"caption":"Fiscal\u00eda General de la Naci\u00f3n"},"image":{"@id":"https:\/\/www.fiscalia.gov.co\/colombia\/#\/schema\/logo\/image\/"},"sameAs":["https:\/\/www.facebook.com\/FiscaliaCol","https:\/\/x.com\/FiscaliaCol","https:\/\/www.instagram.com\/fiscaliacol","https:\/\/www.linkedin.com\/company\/fiscalia-general-de-la-naci-n\/","https:\/\/youtube.com\/@fiscaliageneraldelanacion-4668?si=6nN79nyQICPU5iTh"]},{"@type":"Person","@id":"https:\/\/www.fiscalia.gov.co\/colombia\/#\/schema\/person\/6be81acb78add0abcbda2c598c1d53e1","name":"Lesly Katherine Segura Camargo.","image":{"@type":"ImageObject","inLanguage":"es-CO","@id":"https:\/\/www.fiscalia.gov.co\/colombia\/#\/schema\/person\/image\/","url":"https:\/\/secure.gravatar.com\/avatar\/1892091c53ef3b9c2fcb37ca6066e439?s=96&d=mm&r=g","contentUrl":"https:\/\/secure.gravatar.com\/avatar\/1892091c53ef3b9c2fcb37ca6066e439?s=96&d=mm&r=g","caption":"Lesly Katherine Segura Camargo."},"url":"https:\/\/www.fiscalia.gov.co\/colombia\/author\/lesly-segura\/"}]}},"_links":{"self":[{"href":"https:\/\/www.fiscalia.gov.co\/colombia\/wp-json\/wp\/v2\/posts\/284012","targetHints":{"allow":["GET"]}}],"collection":[{"href":"https:\/\/www.fiscalia.gov.co\/colombia\/wp-json\/wp\/v2\/posts"}],"about":[{"href":"https:\/\/www.fiscalia.gov.co\/colombia\/wp-json\/wp\/v2\/types\/post"}],"author":[{"embeddable":true,"href":"https:\/\/www.fiscalia.gov.co\/colombia\/wp-json\/wp\/v2\/users\/179"}],"replies":[{"embeddable":true,"href":"https:\/\/www.fiscalia.gov.co\/colombia\/wp-json\/wp\/v2\/comments?post=284012"}],"version-history":[{"count":2,"href":"https:\/\/www.fiscalia.gov.co\/colombia\/wp-json\/wp\/v2\/posts\/284012\/revisions"}],"predecessor-version":[{"id":284015,"href":"https:\/\/www.fiscalia.gov.co\/colombia\/wp-json\/wp\/v2\/posts\/284012\/revisions\/284015"}],"wp:attachment":[{"href":"https:\/\/www.fiscalia.gov.co\/colombia\/wp-json\/wp\/v2\/media?parent=284012"}],"wp:term":[{"taxonomy":"category","embeddable":true,"href":"https:\/\/www.fiscalia.gov.co\/colombia\/wp-json\/wp\/v2\/categories?post=284012"},{"taxonomy":"post_tag","embeddable":true,"href":"https:\/\/www.fiscalia.gov.co\/colombia\/wp-json\/wp\/v2\/tags?post=284012"}],"curies":[{"name":"wp","href":"https:\/\/api.w.org\/{rel}","templated":true}]}}