{"id":284003,"date":"2023-11-27T10:30:12","date_gmt":"2023-11-27T15:30:12","guid":{"rendered":"https:\/\/www.fiscalia.gov.co\/colombia\/?p=284003"},"modified":"2023-12-05T11:29:35","modified_gmt":"2023-12-05T16:29:35","slug":"trabajo-articulado-entre-la-fiscalia-y-alcaldia-de-santander-de-quilichao-cauca-permitio-apertura-de-punto-de-atencion-paf-de-la-entidad","status":"publish","type":"post","link":"https:\/\/www.fiscalia.gov.co\/colombia\/noticias\/trabajo-articulado-entre-la-fiscalia-y-alcaldia-de-santander-de-quilichao-cauca-permitio-apertura-de-punto-de-atencion-paf-de-la-entidad\/","title":{"rendered":"Trabajo articulado entre la Fiscal\u00eda y alcald\u00eda de Santander de Quilichao (Cauca) permiti\u00f3 apertura de punto de atenci\u00f3n (PAF) de la entidad"},"content":{"rendered":"<h4><em><strong>La nueva sede permitir\u00e1 la recepci\u00f3n de denuncias de los usuarios en un sitio m\u00e1s cercano de sus residencias\u00a0<\/strong><\/em><\/h4>\n<p>La Fiscal\u00eda General de la Naci\u00f3n y la alcald\u00eda de Santander de Quilichao (Cauca) inauguraron un Punto de Atenci\u00f3n (PAF) ubicado en la Casa de Justicia, barrio El Canal\u00f3n, de este municipio norte caucano.<\/p>\n<figure id=\"attachment_284005\" aria-describedby=\"caption-attachment-284005\" style=\"width: 215px\" class=\"wp-caption aligncenter\"><img loading=\"lazy\" decoding=\"async\" class=\"wp-image-284005 \" src=\"https:\/\/www.fiscalia.gov.co\/colombia\/wp-content\/uploads\/WhatsApp-Image-2023-11-27-at-10.16.08-AM-208x300.jpeg\" alt=\"En la fotograf\u00eda se observa la inauguraci\u00f3n de la sede por el director seccional de fiscal\u00edas Cauca, Jes\u00fas Alfredo Hurtado Sanjuan, con la alcaldesa municipal, Lucy Amparo Guzm\u00e1n. \" width=\"215\" height=\"310\" srcset=\"https:\/\/www.fiscalia.gov.co\/colombia\/wp-content\/uploads\/WhatsApp-Image-2023-11-27-at-10.16.08-AM-208x300.jpeg 208w, https:\/\/www.fiscalia.gov.co\/colombia\/wp-content\/uploads\/WhatsApp-Image-2023-11-27-at-10.16.08-AM-710x1024.jpeg 710w, https:\/\/www.fiscalia.gov.co\/colombia\/wp-content\/uploads\/WhatsApp-Image-2023-11-27-at-10.16.08-AM-768x1107.jpeg 768w, https:\/\/www.fiscalia.gov.co\/colombia\/wp-content\/uploads\/WhatsApp-Image-2023-11-27-at-10.16.08-AM-1066x1536.jpeg 1066w, https:\/\/www.fiscalia.gov.co\/colombia\/wp-content\/uploads\/WhatsApp-Image-2023-11-27-at-10.16.08-AM-696x1003.jpeg 696w, https:\/\/www.fiscalia.gov.co\/colombia\/wp-content\/uploads\/WhatsApp-Image-2023-11-27-at-10.16.08-AM-1068x1539.jpeg 1068w, https:\/\/www.fiscalia.gov.co\/colombia\/wp-content\/uploads\/WhatsApp-Image-2023-11-27-at-10.16.08-AM-291x420.jpeg 291w, https:\/\/www.fiscalia.gov.co\/colombia\/wp-content\/uploads\/WhatsApp-Image-2023-11-27-at-10.16.08-AM.jpeg 1110w\" sizes=\"auto, (max-width: 215px) 100vw, 215px\" \/><figcaption id=\"caption-attachment-284005\" class=\"wp-caption-text\">El director seccional de fiscal\u00edas Cauca, Jes\u00fas Alfredo Hurtado Sanjuan y la alcaldesa municipal, Lucy Amparo Guzm\u00e1n inauguraron este nuevo PAF<\/figcaption><\/figure>\n<p>Esta nueva sede en el Cauca contar\u00e1 con servidores que estar\u00e1n atentos a los requerimientos para brindarles informaci\u00f3n precisa en los tr\u00e1mites legales de los ciudadanos que se consideren v\u00edctimas de un delito.<\/p>\n<p>All\u00ed se recibir\u00e1n denuncias relacionadas con los delitos de hurto, violencia intrafamiliar, violencia sexual, lesiones personales, estafas, abusos de confianza, injuria, calumnia, constre\u00f1imientos, da\u00f1os en bien ajeno, entre otros.<\/p>\n<figure id=\"attachment_284004\" aria-describedby=\"caption-attachment-284004\" style=\"width: 349px\" class=\"wp-caption aligncenter\"><img loading=\"lazy\" decoding=\"async\" class=\" wp-image-284004\" src=\"https:\/\/www.fiscalia.gov.co\/colombia\/wp-content\/uploads\/WhatsApp-Image-2023-11-27-at-10.15.54-AM-300x188.jpeg\" alt=\"En la fotograf\u00eda se ve la oficina del Punto de Atenci\u00f3n de Fiscal\u00eda PAF con un funcionario y una ciudadana siendo atendida. \" width=\"349\" height=\"219\" srcset=\"https:\/\/www.fiscalia.gov.co\/colombia\/wp-content\/uploads\/WhatsApp-Image-2023-11-27-at-10.15.54-AM-300x188.jpeg 300w, https:\/\/www.fiscalia.gov.co\/colombia\/wp-content\/uploads\/WhatsApp-Image-2023-11-27-at-10.15.54-AM-1024x641.jpeg 1024w, https:\/\/www.fiscalia.gov.co\/colombia\/wp-content\/uploads\/WhatsApp-Image-2023-11-27-at-10.15.54-AM-768x480.jpeg 768w, https:\/\/www.fiscalia.gov.co\/colombia\/wp-content\/uploads\/WhatsApp-Image-2023-11-27-at-10.15.54-AM-1536x961.jpeg 1536w, https:\/\/www.fiscalia.gov.co\/colombia\/wp-content\/uploads\/WhatsApp-Image-2023-11-27-at-10.15.54-AM-696x435.jpeg 696w, https:\/\/www.fiscalia.gov.co\/colombia\/wp-content\/uploads\/WhatsApp-Image-2023-11-27-at-10.15.54-AM-1068x668.jpeg 1068w, https:\/\/www.fiscalia.gov.co\/colombia\/wp-content\/uploads\/WhatsApp-Image-2023-11-27-at-10.15.54-AM-671x420.jpeg 671w, https:\/\/www.fiscalia.gov.co\/colombia\/wp-content\/uploads\/WhatsApp-Image-2023-11-27-at-10.15.54-AM.jpeg 1600w\" sizes=\"auto, (max-width: 349px) 100vw, 349px\" \/><figcaption id=\"caption-attachment-284004\" class=\"wp-caption-text\">El PAF permitir\u00e1 a los pobladores de Santander de Quilichao el acceso a la justicia r\u00e1pido y oportuno cuando se consideren v\u00edctimas de alg\u00fan delito<\/figcaption><\/figure>\n<p>El PAF en Santander de Quilichao cont\u00f3 con el apoyo de la Subdirecci\u00f3n de Apoyo Regional del Pacifico, la Fiscal\u00eda Seccional Cauca y la alcald\u00eda municipal, cuya mandataria local, Lucy Amparo Guzm\u00e1n, hizo la inauguraci\u00f3n con el director Seccional de Fiscal\u00eda, Jes\u00fas Alfredo Hurtado Sanjuan.<\/p>\n<p>Su inauguraci\u00f3n se llev\u00f3 a cabo siguiendo el direccionamiento estrat\u00e9gico 2020-2024 implementado por el Fiscala General de la Naci\u00f3n, Francisco Barbosa Delgado, para que la justicia llegue a las zonas m\u00e1s distantes del Cauca haciendo presencia en las calles y los territorios.<\/p>\n<figure id=\"attachment_284006\" aria-describedby=\"caption-attachment-284006\" style=\"width: 300px\" class=\"wp-caption aligncenter\"><img loading=\"lazy\" decoding=\"async\" class=\"size-medium wp-image-284006\" src=\"https:\/\/www.fiscalia.gov.co\/colombia\/wp-content\/uploads\/WhatsApp-Image-2023-11-27-at-10.15.10-AM-300x248.jpeg\" alt=\"En la imagen se ve la fachada de la Casa de Justicia de Santander de Quilichao, Cauca, donde funcionar\u00e1 el nuevo Punto de Atenci\u00f3n de la Fiscal\u00eda Paf\" width=\"300\" height=\"248\" srcset=\"https:\/\/www.fiscalia.gov.co\/colombia\/wp-content\/uploads\/WhatsApp-Image-2023-11-27-at-10.15.10-AM-300x248.jpeg 300w, https:\/\/www.fiscalia.gov.co\/colombia\/wp-content\/uploads\/WhatsApp-Image-2023-11-27-at-10.15.10-AM-1024x846.jpeg 1024w, https:\/\/www.fiscalia.gov.co\/colombia\/wp-content\/uploads\/WhatsApp-Image-2023-11-27-at-10.15.10-AM-768x635.jpeg 768w, https:\/\/www.fiscalia.gov.co\/colombia\/wp-content\/uploads\/WhatsApp-Image-2023-11-27-at-10.15.10-AM-1536x1269.jpeg 1536w, https:\/\/www.fiscalia.gov.co\/colombia\/wp-content\/uploads\/WhatsApp-Image-2023-11-27-at-10.15.10-AM-696x575.jpeg 696w, https:\/\/www.fiscalia.gov.co\/colombia\/wp-content\/uploads\/WhatsApp-Image-2023-11-27-at-10.15.10-AM-1068x882.jpeg 1068w, https:\/\/www.fiscalia.gov.co\/colombia\/wp-content\/uploads\/WhatsApp-Image-2023-11-27-at-10.15.10-AM-508x420.jpeg 508w, https:\/\/www.fiscalia.gov.co\/colombia\/wp-content\/uploads\/WhatsApp-Image-2023-11-27-at-10.15.10-AM.jpeg 1600w\" sizes=\"auto, (max-width: 300px) 100vw, 300px\" \/><figcaption id=\"caption-attachment-284006\" class=\"wp-caption-text\">En la sede se recibir\u00e1n denuncias por violencia intrafamiliar y sexual, lesiones personales, estafas, hurtos, entre otros delitos.<\/figcaption><\/figure>\n<p>Adem\u00e1s del PAF de Santander de Quilichao, tambi\u00e9n otro Punto de Atenci\u00f3n fue inaugurado en agosto pasado en el municipio de Jambal\u00f3, que beneficia a los pobladores del nororiente del Cauca y los resguardos ind\u00edgenas vecinos.<\/p>\n<p>&nbsp;<\/p>\n<p><strong>La Fiscal\u00eda habla con resultados<\/strong><\/p>\n<p>&nbsp;<\/p>\n<p>&nbsp;<\/p>\n<p>JGPV\/FAGH\/JAHS\/DSC<\/p>\n<p>&nbsp;<\/p>\n<p>&nbsp;<\/p>\n<p>&nbsp;<\/p>\n<p>&nbsp;<\/p>\n<p><em>La informaci\u00f3n contenida en este bolet\u00edn de prensa corresponde a la narraci\u00f3n de los hechos noticiosos objetivos, suministrados por los funcionarios encargados de adelantar las investigaciones penales al interior de la Fiscal\u00eda General de la Naci\u00f3n. Para el momento de la divulgaci\u00f3n de este comunicado, la situaci\u00f3n jur\u00eddica de la(s) persona(s) relacionada(s) se encuentra pendiente de resolver por la autoridad judicial competente, siempre bajo los preceptos de la presunci\u00f3n de inocencia, consagrados en el art\u00edculo 29 de la Constituci\u00f3n Pol\u00edtica y el art\u00edculo 7\u00ba de la Ley 906 de 2004.<\/em><\/p>\n\n<div class=\"twitter-share\"><a href=\"https:\/\/twitter.com\/intent\/tweet?via=fiscaliacol\" class=\"twitter-share-button\">Tweet<\/a><\/div>\n","protected":false},"excerpt":{"rendered":"<p>La nueva sede permitir\u00e1 la recepci\u00f3n de denuncias de los usuarios en un sitio m\u00e1s cercano de sus residencias\u00a0 La Fiscal\u00eda General de la Naci\u00f3n y la alcald\u00eda de Santander de Quilichao (Cauca) inauguraron un Punto de Atenci\u00f3n (PAF) ubicado en la Casa de Justicia, barrio El Canal\u00f3n, de este municipio norte caucano. Esta nueva [&hellip;]<\/p>\n","protected":false},"author":179,"featured_media":284500,"comment_status":"closed","ping_status":"open","sticky":false,"template":"","format":"video","meta":{"tdm_status":"","tdm_grid_status":"","footnotes":""},"categories":[1,336,303],"tags":[2712,24185,1047,30580,33378,23854,26556],"class_list":{"0":"post-284003","1":"post","2":"type-post","3":"status-publish","4":"format-video","5":"has-post-thumbnail","7":"category-noticias","8":"category-seccional-popayan","9":"category-seccionales","10":"tag-cauca","11":"tag-fiscal-barbosa","12":"tag-fiscalia-general-de-la-nacion","13":"tag-paf","14":"tag-punto-de-atencion-de-fiscalia","15":"tag-santander-de-quilichao","16":"tag-seccional-cauca","17":"post_format-post-format-video"},"yoast_head":"<!-- This site is optimized with the Yoast SEO plugin v24.3 - https:\/\/yoast.com\/wordpress\/plugins\/seo\/ -->\n<title>Fiscal\u00eda General de la Naci\u00f3n<\/title>\n<meta name=\"description\" content=\"P\u00e1gina oficial de la Fiscal\u00eda General de la Naci\u00f3n \u2013 Colombia. Garantizamos el acceso efectivo a la justicia, la verdad y la reparaci\u00f3n de las v\u00edctimas de los delitos.\" \/>\n<meta name=\"robots\" content=\"noindex, follow\" \/>\n<meta property=\"og:locale\" content=\"es_ES\" \/>\n<meta property=\"og:type\" content=\"article\" \/>\n<meta property=\"og:title\" content=\"Fiscal\u00eda General de la Naci\u00f3n\" \/>\n<meta property=\"og:description\" content=\"P\u00e1gina oficial de la Fiscal\u00eda General de la Naci\u00f3n \u2013 Colombia. Garantizamos el acceso efectivo a la justicia, la verdad y la reparaci\u00f3n de las v\u00edctimas de los delitos.\" \/>\n<meta property=\"og:url\" content=\"https:\/\/www.fiscalia.gov.co\/colombia\/noticias\/trabajo-articulado-entre-la-fiscalia-y-alcaldia-de-santander-de-quilichao-cauca-permitio-apertura-de-punto-de-atencion-paf-de-la-entidad\/\" \/>\n<meta property=\"og:site_name\" content=\"Fiscal\u00eda General de la Naci\u00f3n\" \/>\n<meta property=\"article:publisher\" content=\"https:\/\/www.facebook.com\/FiscaliaCol\" \/>\n<meta property=\"article:published_time\" content=\"2023-11-27T15:30:12+00:00\" \/>\n<meta property=\"article:modified_time\" content=\"2023-12-05T16:29:35+00:00\" \/>\n<meta property=\"og:image\" content=\"https:\/\/www.fiscalia.gov.co\/colombia\/wp-content\/uploads\/maxresdefault-1295.jpg\" \/>\n\t<meta property=\"og:image:width\" content=\"1280\" \/>\n\t<meta property=\"og:image:height\" content=\"720\" \/>\n\t<meta property=\"og:image:type\" content=\"image\/jpeg\" \/>\n<meta name=\"author\" content=\"Lesly Katherine Segura Camargo.\" \/>\n<meta name=\"twitter:card\" content=\"summary_large_image\" \/>\n<meta name=\"twitter:creator\" content=\"@FiscaliaCol\" \/>\n<meta name=\"twitter:site\" content=\"@FiscaliaCol\" \/>\n<meta name=\"twitter:label1\" content=\"Escrito por\" \/>\n\t<meta name=\"twitter:data1\" content=\"Lesly Katherine Segura Camargo.\" \/>\n\t<meta name=\"twitter:label2\" content=\"Tiempo de lectura\" \/>\n\t<meta name=\"twitter:data2\" content=\"3 minutos\" \/>\n<script type=\"application\/ld+json\" class=\"yoast-schema-graph\">{\"@context\":\"https:\/\/schema.org\",\"@graph\":[{\"@type\":\"Article\",\"@id\":\"https:\/\/www.fiscalia.gov.co\/colombia\/noticias\/trabajo-articulado-entre-la-fiscalia-y-alcaldia-de-santander-de-quilichao-cauca-permitio-apertura-de-punto-de-atencion-paf-de-la-entidad\/#article\",\"isPartOf\":{\"@id\":\"https:\/\/www.fiscalia.gov.co\/colombia\/noticias\/trabajo-articulado-entre-la-fiscalia-y-alcaldia-de-santander-de-quilichao-cauca-permitio-apertura-de-punto-de-atencion-paf-de-la-entidad\/\"},\"author\":{\"name\":\"Lesly Katherine Segura Camargo.\",\"@id\":\"https:\/\/www.fiscalia.gov.co\/colombia\/#\/schema\/person\/6be81acb78add0abcbda2c598c1d53e1\"},\"headline\":\"Trabajo articulado entre la Fiscal\u00eda y alcald\u00eda de Santander de Quilichao (Cauca) permiti\u00f3 apertura de punto de atenci\u00f3n (PAF) de la entidad\",\"datePublished\":\"2023-11-27T15:30:12+00:00\",\"dateModified\":\"2023-12-05T16:29:35+00:00\",\"mainEntityOfPage\":{\"@id\":\"https:\/\/www.fiscalia.gov.co\/colombia\/noticias\/trabajo-articulado-entre-la-fiscalia-y-alcaldia-de-santander-de-quilichao-cauca-permitio-apertura-de-punto-de-atencion-paf-de-la-entidad\/\"},\"wordCount\":503,\"publisher\":{\"@id\":\"https:\/\/www.fiscalia.gov.co\/colombia\/#organization\"},\"image\":{\"@id\":\"https:\/\/www.fiscalia.gov.co\/colombia\/noticias\/trabajo-articulado-entre-la-fiscalia-y-alcaldia-de-santander-de-quilichao-cauca-permitio-apertura-de-punto-de-atencion-paf-de-la-entidad\/#primaryimage\"},\"thumbnailUrl\":\"https:\/\/www.fiscalia.gov.co\/colombia\/wp-content\/uploads\/maxresdefault-1295.jpg\",\"keywords\":[\"Cauca\",\"Fiscal Barbosa\",\"Fiscal\u00eda General de la Naci\u00f3n\",\"PAF\",\"Punto de Atenci\u00f3n de Fiscal\u00eda\",\"Santander de Quilichao\",\"Seccional Cauca\"],\"articleSection\":[\"Noticias\",\"Seccional Popay\u00e1n\",\"Seccionales\"],\"inLanguage\":\"es-CO\"},{\"@type\":\"WebPage\",\"@id\":\"https:\/\/www.fiscalia.gov.co\/colombia\/noticias\/trabajo-articulado-entre-la-fiscalia-y-alcaldia-de-santander-de-quilichao-cauca-permitio-apertura-de-punto-de-atencion-paf-de-la-entidad\/\",\"url\":\"https:\/\/www.fiscalia.gov.co\/colombia\/noticias\/trabajo-articulado-entre-la-fiscalia-y-alcaldia-de-santander-de-quilichao-cauca-permitio-apertura-de-punto-de-atencion-paf-de-la-entidad\/\",\"name\":\"Fiscal\u00eda General de la Naci\u00f3n\",\"isPartOf\":{\"@id\":\"https:\/\/www.fiscalia.gov.co\/colombia\/#website\"},\"primaryImageOfPage\":{\"@id\":\"https:\/\/www.fiscalia.gov.co\/colombia\/noticias\/trabajo-articulado-entre-la-fiscalia-y-alcaldia-de-santander-de-quilichao-cauca-permitio-apertura-de-punto-de-atencion-paf-de-la-entidad\/#primaryimage\"},\"image\":{\"@id\":\"https:\/\/www.fiscalia.gov.co\/colombia\/noticias\/trabajo-articulado-entre-la-fiscalia-y-alcaldia-de-santander-de-quilichao-cauca-permitio-apertura-de-punto-de-atencion-paf-de-la-entidad\/#primaryimage\"},\"thumbnailUrl\":\"https:\/\/www.fiscalia.gov.co\/colombia\/wp-content\/uploads\/maxresdefault-1295.jpg\",\"datePublished\":\"2023-11-27T15:30:12+00:00\",\"dateModified\":\"2023-12-05T16:29:35+00:00\",\"description\":\"P\u00e1gina oficial de la Fiscal\u00eda General de la Naci\u00f3n \u2013 Colombia. Garantizamos el acceso efectivo a la justicia, la verdad y la reparaci\u00f3n de las v\u00edctimas de los delitos.\",\"breadcrumb\":{\"@id\":\"https:\/\/www.fiscalia.gov.co\/colombia\/noticias\/trabajo-articulado-entre-la-fiscalia-y-alcaldia-de-santander-de-quilichao-cauca-permitio-apertura-de-punto-de-atencion-paf-de-la-entidad\/#breadcrumb\"},\"inLanguage\":\"es-CO\",\"potentialAction\":[{\"@type\":\"ReadAction\",\"target\":[\"https:\/\/www.fiscalia.gov.co\/colombia\/noticias\/trabajo-articulado-entre-la-fiscalia-y-alcaldia-de-santander-de-quilichao-cauca-permitio-apertura-de-punto-de-atencion-paf-de-la-entidad\/\"]}]},{\"@type\":\"ImageObject\",\"inLanguage\":\"es-CO\",\"@id\":\"https:\/\/www.fiscalia.gov.co\/colombia\/noticias\/trabajo-articulado-entre-la-fiscalia-y-alcaldia-de-santander-de-quilichao-cauca-permitio-apertura-de-punto-de-atencion-paf-de-la-entidad\/#primaryimage\",\"url\":\"https:\/\/www.fiscalia.gov.co\/colombia\/wp-content\/uploads\/maxresdefault-1295.jpg\",\"contentUrl\":\"https:\/\/www.fiscalia.gov.co\/colombia\/wp-content\/uploads\/maxresdefault-1295.jpg\",\"width\":1280,\"height\":720},{\"@type\":\"BreadcrumbList\",\"@id\":\"https:\/\/www.fiscalia.gov.co\/colombia\/noticias\/trabajo-articulado-entre-la-fiscalia-y-alcaldia-de-santander-de-quilichao-cauca-permitio-apertura-de-punto-de-atencion-paf-de-la-entidad\/#breadcrumb\",\"itemListElement\":[{\"@type\":\"ListItem\",\"position\":1,\"name\":\"Home\",\"item\":\"https:\/\/www.fiscalia.gov.co\/colombia\/\"},{\"@type\":\"ListItem\",\"position\":2,\"name\":\"Trabajo articulado entre la Fiscal\u00eda y alcald\u00eda de Santander de Quilichao (Cauca) permiti\u00f3 apertura de punto de atenci\u00f3n (PAF) de la entidad\"}]},{\"@type\":\"WebSite\",\"@id\":\"https:\/\/www.fiscalia.gov.co\/colombia\/#website\",\"url\":\"https:\/\/www.fiscalia.gov.co\/colombia\/\",\"name\":\"Fiscal\u00eda General de la Naci\u00f3n\",\"description\":\"P\u00e1gina oficial de la Fiscal\u00eda General de la Naci\u00f3n \u2013 Colombia. Garantizamos el acceso efectivo a la justicia, la verdad y la reparaci\u00f3n de las v\u00edctimas de los delitos.\",\"publisher\":{\"@id\":\"https:\/\/www.fiscalia.gov.co\/colombia\/#organization\"},\"potentialAction\":[{\"@type\":\"SearchAction\",\"target\":{\"@type\":\"EntryPoint\",\"urlTemplate\":\"https:\/\/www.fiscalia.gov.co\/colombia\/?s={search_term_string}\"},\"query-input\":{\"@type\":\"PropertyValueSpecification\",\"valueRequired\":true,\"valueName\":\"search_term_string\"}}],\"inLanguage\":\"es-CO\"},{\"@type\":\"Organization\",\"@id\":\"https:\/\/www.fiscalia.gov.co\/colombia\/#organization\",\"name\":\"Fiscal\u00eda General de la Naci\u00f3n\",\"url\":\"https:\/\/www.fiscalia.gov.co\/colombia\/\",\"logo\":{\"@type\":\"ImageObject\",\"inLanguage\":\"es-CO\",\"@id\":\"https:\/\/www.fiscalia.gov.co\/colombia\/#\/schema\/logo\/image\/\",\"url\":\"https:\/\/www.fiscalia.gov.co\/colombia\/wp-content\/uploads\/LogoHorizontal_1.jpg\",\"contentUrl\":\"https:\/\/www.fiscalia.gov.co\/colombia\/wp-content\/uploads\/LogoHorizontal_1.jpg\",\"width\":300,\"height\":90,\"caption\":\"Fiscal\u00eda General de la Naci\u00f3n\"},\"image\":{\"@id\":\"https:\/\/www.fiscalia.gov.co\/colombia\/#\/schema\/logo\/image\/\"},\"sameAs\":[\"https:\/\/www.facebook.com\/FiscaliaCol\",\"https:\/\/x.com\/FiscaliaCol\",\"https:\/\/www.instagram.com\/fiscaliacol\",\"https:\/\/www.linkedin.com\/company\/fiscalia-general-de-la-naci-n\/\",\"https:\/\/youtube.com\/@fiscaliageneraldelanacion-4668?si=6nN79nyQICPU5iTh\"]},{\"@type\":\"Person\",\"@id\":\"https:\/\/www.fiscalia.gov.co\/colombia\/#\/schema\/person\/6be81acb78add0abcbda2c598c1d53e1\",\"name\":\"Lesly Katherine Segura Camargo.\",\"image\":{\"@type\":\"ImageObject\",\"inLanguage\":\"es-CO\",\"@id\":\"https:\/\/www.fiscalia.gov.co\/colombia\/#\/schema\/person\/image\/\",\"url\":\"https:\/\/secure.gravatar.com\/avatar\/1892091c53ef3b9c2fcb37ca6066e439?s=96&d=mm&r=g\",\"contentUrl\":\"https:\/\/secure.gravatar.com\/avatar\/1892091c53ef3b9c2fcb37ca6066e439?s=96&d=mm&r=g\",\"caption\":\"Lesly Katherine Segura Camargo.\"},\"url\":\"https:\/\/www.fiscalia.gov.co\/colombia\/author\/lesly-segura\/\"}]}<\/script>\n<!-- \/ Yoast SEO plugin. -->","yoast_head_json":{"title":"Fiscal\u00eda General de la Naci\u00f3n","description":"P\u00e1gina oficial de la Fiscal\u00eda General de la Naci\u00f3n \u2013 Colombia. Garantizamos el acceso efectivo a la justicia, la verdad y la reparaci\u00f3n de las v\u00edctimas de los delitos.","robots":{"index":"noindex","follow":"follow"},"og_locale":"es_ES","og_type":"article","og_title":"Fiscal\u00eda General de la Naci\u00f3n","og_description":"P\u00e1gina oficial de la Fiscal\u00eda General de la Naci\u00f3n \u2013 Colombia. Garantizamos el acceso efectivo a la justicia, la verdad y la reparaci\u00f3n de las v\u00edctimas de los delitos.","og_url":"https:\/\/www.fiscalia.gov.co\/colombia\/noticias\/trabajo-articulado-entre-la-fiscalia-y-alcaldia-de-santander-de-quilichao-cauca-permitio-apertura-de-punto-de-atencion-paf-de-la-entidad\/","og_site_name":"Fiscal\u00eda General de la Naci\u00f3n","article_publisher":"https:\/\/www.facebook.com\/FiscaliaCol","article_published_time":"2023-11-27T15:30:12+00:00","article_modified_time":"2023-12-05T16:29:35+00:00","og_image":[{"width":1280,"height":720,"url":"https:\/\/www.fiscalia.gov.co\/colombia\/wp-content\/uploads\/maxresdefault-1295.jpg","type":"image\/jpeg"}],"author":"Lesly Katherine Segura Camargo.","twitter_card":"summary_large_image","twitter_creator":"@FiscaliaCol","twitter_site":"@FiscaliaCol","twitter_misc":{"Escrito por":"Lesly Katherine Segura Camargo.","Tiempo de lectura":"3 minutos"},"schema":{"@context":"https:\/\/schema.org","@graph":[{"@type":"Article","@id":"https:\/\/www.fiscalia.gov.co\/colombia\/noticias\/trabajo-articulado-entre-la-fiscalia-y-alcaldia-de-santander-de-quilichao-cauca-permitio-apertura-de-punto-de-atencion-paf-de-la-entidad\/#article","isPartOf":{"@id":"https:\/\/www.fiscalia.gov.co\/colombia\/noticias\/trabajo-articulado-entre-la-fiscalia-y-alcaldia-de-santander-de-quilichao-cauca-permitio-apertura-de-punto-de-atencion-paf-de-la-entidad\/"},"author":{"name":"Lesly Katherine Segura Camargo.","@id":"https:\/\/www.fiscalia.gov.co\/colombia\/#\/schema\/person\/6be81acb78add0abcbda2c598c1d53e1"},"headline":"Trabajo articulado entre la Fiscal\u00eda y alcald\u00eda de Santander de Quilichao (Cauca) permiti\u00f3 apertura de punto de atenci\u00f3n (PAF) de la entidad","datePublished":"2023-11-27T15:30:12+00:00","dateModified":"2023-12-05T16:29:35+00:00","mainEntityOfPage":{"@id":"https:\/\/www.fiscalia.gov.co\/colombia\/noticias\/trabajo-articulado-entre-la-fiscalia-y-alcaldia-de-santander-de-quilichao-cauca-permitio-apertura-de-punto-de-atencion-paf-de-la-entidad\/"},"wordCount":503,"publisher":{"@id":"https:\/\/www.fiscalia.gov.co\/colombia\/#organization"},"image":{"@id":"https:\/\/www.fiscalia.gov.co\/colombia\/noticias\/trabajo-articulado-entre-la-fiscalia-y-alcaldia-de-santander-de-quilichao-cauca-permitio-apertura-de-punto-de-atencion-paf-de-la-entidad\/#primaryimage"},"thumbnailUrl":"https:\/\/www.fiscalia.gov.co\/colombia\/wp-content\/uploads\/maxresdefault-1295.jpg","keywords":["Cauca","Fiscal Barbosa","Fiscal\u00eda General de la Naci\u00f3n","PAF","Punto de Atenci\u00f3n de Fiscal\u00eda","Santander de Quilichao","Seccional Cauca"],"articleSection":["Noticias","Seccional Popay\u00e1n","Seccionales"],"inLanguage":"es-CO"},{"@type":"WebPage","@id":"https:\/\/www.fiscalia.gov.co\/colombia\/noticias\/trabajo-articulado-entre-la-fiscalia-y-alcaldia-de-santander-de-quilichao-cauca-permitio-apertura-de-punto-de-atencion-paf-de-la-entidad\/","url":"https:\/\/www.fiscalia.gov.co\/colombia\/noticias\/trabajo-articulado-entre-la-fiscalia-y-alcaldia-de-santander-de-quilichao-cauca-permitio-apertura-de-punto-de-atencion-paf-de-la-entidad\/","name":"Fiscal\u00eda General de la Naci\u00f3n","isPartOf":{"@id":"https:\/\/www.fiscalia.gov.co\/colombia\/#website"},"primaryImageOfPage":{"@id":"https:\/\/www.fiscalia.gov.co\/colombia\/noticias\/trabajo-articulado-entre-la-fiscalia-y-alcaldia-de-santander-de-quilichao-cauca-permitio-apertura-de-punto-de-atencion-paf-de-la-entidad\/#primaryimage"},"image":{"@id":"https:\/\/www.fiscalia.gov.co\/colombia\/noticias\/trabajo-articulado-entre-la-fiscalia-y-alcaldia-de-santander-de-quilichao-cauca-permitio-apertura-de-punto-de-atencion-paf-de-la-entidad\/#primaryimage"},"thumbnailUrl":"https:\/\/www.fiscalia.gov.co\/colombia\/wp-content\/uploads\/maxresdefault-1295.jpg","datePublished":"2023-11-27T15:30:12+00:00","dateModified":"2023-12-05T16:29:35+00:00","description":"P\u00e1gina oficial de la Fiscal\u00eda General de la Naci\u00f3n \u2013 Colombia. Garantizamos el acceso efectivo a la justicia, la verdad y la reparaci\u00f3n de las v\u00edctimas de los delitos.","breadcrumb":{"@id":"https:\/\/www.fiscalia.gov.co\/colombia\/noticias\/trabajo-articulado-entre-la-fiscalia-y-alcaldia-de-santander-de-quilichao-cauca-permitio-apertura-de-punto-de-atencion-paf-de-la-entidad\/#breadcrumb"},"inLanguage":"es-CO","potentialAction":[{"@type":"ReadAction","target":["https:\/\/www.fiscalia.gov.co\/colombia\/noticias\/trabajo-articulado-entre-la-fiscalia-y-alcaldia-de-santander-de-quilichao-cauca-permitio-apertura-de-punto-de-atencion-paf-de-la-entidad\/"]}]},{"@type":"ImageObject","inLanguage":"es-CO","@id":"https:\/\/www.fiscalia.gov.co\/colombia\/noticias\/trabajo-articulado-entre-la-fiscalia-y-alcaldia-de-santander-de-quilichao-cauca-permitio-apertura-de-punto-de-atencion-paf-de-la-entidad\/#primaryimage","url":"https:\/\/www.fiscalia.gov.co\/colombia\/wp-content\/uploads\/maxresdefault-1295.jpg","contentUrl":"https:\/\/www.fiscalia.gov.co\/colombia\/wp-content\/uploads\/maxresdefault-1295.jpg","width":1280,"height":720},{"@type":"BreadcrumbList","@id":"https:\/\/www.fiscalia.gov.co\/colombia\/noticias\/trabajo-articulado-entre-la-fiscalia-y-alcaldia-de-santander-de-quilichao-cauca-permitio-apertura-de-punto-de-atencion-paf-de-la-entidad\/#breadcrumb","itemListElement":[{"@type":"ListItem","position":1,"name":"Home","item":"https:\/\/www.fiscalia.gov.co\/colombia\/"},{"@type":"ListItem","position":2,"name":"Trabajo articulado entre la Fiscal\u00eda y alcald\u00eda de Santander de Quilichao (Cauca) permiti\u00f3 apertura de punto de atenci\u00f3n (PAF) de la entidad"}]},{"@type":"WebSite","@id":"https:\/\/www.fiscalia.gov.co\/colombia\/#website","url":"https:\/\/www.fiscalia.gov.co\/colombia\/","name":"Fiscal\u00eda General de la Naci\u00f3n","description":"P\u00e1gina oficial de la Fiscal\u00eda General de la Naci\u00f3n \u2013 Colombia. Garantizamos el acceso efectivo a la justicia, la verdad y la reparaci\u00f3n de las v\u00edctimas de los delitos.","publisher":{"@id":"https:\/\/www.fiscalia.gov.co\/colombia\/#organization"},"potentialAction":[{"@type":"SearchAction","target":{"@type":"EntryPoint","urlTemplate":"https:\/\/www.fiscalia.gov.co\/colombia\/?s={search_term_string}"},"query-input":{"@type":"PropertyValueSpecification","valueRequired":true,"valueName":"search_term_string"}}],"inLanguage":"es-CO"},{"@type":"Organization","@id":"https:\/\/www.fiscalia.gov.co\/colombia\/#organization","name":"Fiscal\u00eda General de la Naci\u00f3n","url":"https:\/\/www.fiscalia.gov.co\/colombia\/","logo":{"@type":"ImageObject","inLanguage":"es-CO","@id":"https:\/\/www.fiscalia.gov.co\/colombia\/#\/schema\/logo\/image\/","url":"https:\/\/www.fiscalia.gov.co\/colombia\/wp-content\/uploads\/LogoHorizontal_1.jpg","contentUrl":"https:\/\/www.fiscalia.gov.co\/colombia\/wp-content\/uploads\/LogoHorizontal_1.jpg","width":300,"height":90,"caption":"Fiscal\u00eda General de la Naci\u00f3n"},"image":{"@id":"https:\/\/www.fiscalia.gov.co\/colombia\/#\/schema\/logo\/image\/"},"sameAs":["https:\/\/www.facebook.com\/FiscaliaCol","https:\/\/x.com\/FiscaliaCol","https:\/\/www.instagram.com\/fiscaliacol","https:\/\/www.linkedin.com\/company\/fiscalia-general-de-la-naci-n\/","https:\/\/youtube.com\/@fiscaliageneraldelanacion-4668?si=6nN79nyQICPU5iTh"]},{"@type":"Person","@id":"https:\/\/www.fiscalia.gov.co\/colombia\/#\/schema\/person\/6be81acb78add0abcbda2c598c1d53e1","name":"Lesly Katherine Segura Camargo.","image":{"@type":"ImageObject","inLanguage":"es-CO","@id":"https:\/\/www.fiscalia.gov.co\/colombia\/#\/schema\/person\/image\/","url":"https:\/\/secure.gravatar.com\/avatar\/1892091c53ef3b9c2fcb37ca6066e439?s=96&d=mm&r=g","contentUrl":"https:\/\/secure.gravatar.com\/avatar\/1892091c53ef3b9c2fcb37ca6066e439?s=96&d=mm&r=g","caption":"Lesly Katherine Segura Camargo."},"url":"https:\/\/www.fiscalia.gov.co\/colombia\/author\/lesly-segura\/"}]}},"_links":{"self":[{"href":"https:\/\/www.fiscalia.gov.co\/colombia\/wp-json\/wp\/v2\/posts\/284003","targetHints":{"allow":["GET"]}}],"collection":[{"href":"https:\/\/www.fiscalia.gov.co\/colombia\/wp-json\/wp\/v2\/posts"}],"about":[{"href":"https:\/\/www.fiscalia.gov.co\/colombia\/wp-json\/wp\/v2\/types\/post"}],"author":[{"embeddable":true,"href":"https:\/\/www.fiscalia.gov.co\/colombia\/wp-json\/wp\/v2\/users\/179"}],"replies":[{"embeddable":true,"href":"https:\/\/www.fiscalia.gov.co\/colombia\/wp-json\/wp\/v2\/comments?post=284003"}],"version-history":[{"count":1,"href":"https:\/\/www.fiscalia.gov.co\/colombia\/wp-json\/wp\/v2\/posts\/284003\/revisions"}],"predecessor-version":[{"id":284007,"href":"https:\/\/www.fiscalia.gov.co\/colombia\/wp-json\/wp\/v2\/posts\/284003\/revisions\/284007"}],"wp:featuredmedia":[{"embeddable":true,"href":"https:\/\/www.fiscalia.gov.co\/colombia\/wp-json\/wp\/v2\/media\/284500"}],"wp:attachment":[{"href":"https:\/\/www.fiscalia.gov.co\/colombia\/wp-json\/wp\/v2\/media?parent=284003"}],"wp:term":[{"taxonomy":"category","embeddable":true,"href":"https:\/\/www.fiscalia.gov.co\/colombia\/wp-json\/wp\/v2\/categories?post=284003"},{"taxonomy":"post_tag","embeddable":true,"href":"https:\/\/www.fiscalia.gov.co\/colombia\/wp-json\/wp\/v2\/tags?post=284003"}],"curies":[{"name":"wp","href":"https:\/\/api.w.org\/{rel}","templated":true}]}}