{"id":283945,"date":"2023-11-24T15:50:00","date_gmt":"2023-11-24T20:50:00","guid":{"rendered":"https:\/\/www.fiscalia.gov.co\/colombia\/?p=283945"},"modified":"2023-11-24T15:50:00","modified_gmt":"2023-11-24T20:50:00","slug":"fiscalia-sigue-llegando-a-todo-el-pais-entro-en-funcionamiento-el-paf-de-san-andres-de-sotavento-en-cordoba","status":"publish","type":"post","link":"https:\/\/www.fiscalia.gov.co\/colombia\/noticias\/fiscalia-sigue-llegando-a-todo-el-pais-entro-en-funcionamiento-el-paf-de-san-andres-de-sotavento-en-cordoba\/","title":{"rendered":"Fiscal\u00eda sigue llegando a todo el pa\u00eds: entr\u00f3 en funcionamiento el PAF de San Andr\u00e9s de Sotavento, en C\u00f3rdoba"},"content":{"rendered":"<h4><i><strong>La entidad abri\u00f3 al p\u00fablico el nuevo punto de atenci\u00f3n f\u00edsico para que los ciudadanos de este municipio de C\u00f3rdoba se acerquen a conocer la oferta de la entidad.<\/strong> \u00a0<\/i><\/h4>\n<p>La seccional C\u00f3rdoba inaugur\u00f3 un nuevo Punto de Atenci\u00f3n de la Fiscal\u00eda (PAF), en San Andr\u00e9s de Sotavento (C\u00f3rdoba), con la presencia del subdirector regional de noroccidente, Huber L\u00f3pez Morales, la directora seccional de C\u00f3rdoba, Cindy Tatiana Vargas Tapias, el coordinador de Atenci\u00f3n al Usuario de la seccional, Jos\u00e9 Daniel Bitar Castilla, varios funcionarios de la direcci\u00f3n, el comandante de la Polic\u00eda del lugar y el Alcalde del Municipio, entre otros invitados.<\/p>\n<p>El espacio, que est\u00e1 ubicado en el antiguo centro m\u00e9dico, tendr\u00e1 toda la oferta de la entidad en un punto f\u00edsico para que los cerca de 50 mil ciudadanos del municipio puedan acudir a realizar diferentes tr\u00e1mites.<\/p>\n<figure id=\"attachment_283947\" aria-describedby=\"caption-attachment-283947\" style=\"width: 404px\" class=\"wp-caption aligncenter\"><img loading=\"lazy\" decoding=\"async\" class=\" wp-image-283947\" src=\"https:\/\/www.fiscalia.gov.co\/colombia\/wp-content\/uploads\/Foto-2-paf-1-300x225.jpeg\" alt=\"En la imagen se ve una persona dando un discurso, frente a varios funcionarios. \" width=\"404\" height=\"303\" srcset=\"https:\/\/www.fiscalia.gov.co\/colombia\/wp-content\/uploads\/Foto-2-paf-1-300x225.jpeg 300w, https:\/\/www.fiscalia.gov.co\/colombia\/wp-content\/uploads\/Foto-2-paf-1-768x576.jpeg 768w, https:\/\/www.fiscalia.gov.co\/colombia\/wp-content\/uploads\/Foto-2-paf-1-696x522.jpeg 696w, https:\/\/www.fiscalia.gov.co\/colombia\/wp-content\/uploads\/Foto-2-paf-1-560x420.jpeg 560w, https:\/\/www.fiscalia.gov.co\/colombia\/wp-content\/uploads\/Foto-2-paf-1-80x60.jpeg 80w, https:\/\/www.fiscalia.gov.co\/colombia\/wp-content\/uploads\/Foto-2-paf-1-265x198.jpeg 265w, https:\/\/www.fiscalia.gov.co\/colombia\/wp-content\/uploads\/Foto-2-paf-1.jpeg 1024w\" sizes=\"auto, (max-width: 404px) 100vw, 404px\" \/><figcaption id=\"caption-attachment-283947\" class=\"wp-caption-text\">La directora seccional C\u00f3rdoba, Cindy Tatiana Vargas Tapias, lider\u00f3 la entrega del PAF.<\/figcaption><\/figure>\n<p>En los PAF los usuarios encontrar\u00e1n un representante de la Fiscal\u00eda quien los guiar\u00e1 en sus tr\u00e1mites. Adem\u00e1s, se prestar\u00e1 servicio de atenci\u00f3n, orientaci\u00f3n y recepci\u00f3n de denuncias todos los d\u00edas, entre semana, para estar m\u00e1s cerca de los usuarios. Tambi\u00e9n se podr\u00e1n recibir peticiones, quejas, reclamos y sugerencias.<\/p>\n<p>A su vez se podr\u00e1n recibir informaci\u00f3n por todo tipo de delitos: homicidios, estafas, extorsiones, abusos sexuales, violencia intrafamiliar, hurtos y maltrato animal, entre otros.<\/p>\n<p>La inauguraci\u00f3n hace parte del Plan estrat\u00e9gico del fiscal general, Francisco Barbosa Delgado, en su per\u00edodo 2020 \u2013 2024, que busca llegar a todo el pa\u00eds donde la entidad no tiene representaci\u00f3n f\u00edsica, a trav\u00e9s de los PAF.<\/p>\n<figure id=\"attachment_283948\" aria-describedby=\"caption-attachment-283948\" style=\"width: 387px\" class=\"wp-caption aligncenter\"><img loading=\"lazy\" decoding=\"async\" class=\" wp-image-283948\" src=\"https:\/\/www.fiscalia.gov.co\/colombia\/wp-content\/uploads\/Foto-3-paf-300x225.jpeg\" alt=\"En la imagen se ven unos funcionarios cortando una cita. \" width=\"387\" height=\"290\" srcset=\"https:\/\/www.fiscalia.gov.co\/colombia\/wp-content\/uploads\/Foto-3-paf-300x225.jpeg 300w, https:\/\/www.fiscalia.gov.co\/colombia\/wp-content\/uploads\/Foto-3-paf-768x576.jpeg 768w, https:\/\/www.fiscalia.gov.co\/colombia\/wp-content\/uploads\/Foto-3-paf-696x522.jpeg 696w, https:\/\/www.fiscalia.gov.co\/colombia\/wp-content\/uploads\/Foto-3-paf-560x420.jpeg 560w, https:\/\/www.fiscalia.gov.co\/colombia\/wp-content\/uploads\/Foto-3-paf-80x60.jpeg 80w, https:\/\/www.fiscalia.gov.co\/colombia\/wp-content\/uploads\/Foto-3-paf-265x198.jpeg 265w, https:\/\/www.fiscalia.gov.co\/colombia\/wp-content\/uploads\/Foto-3-paf.jpeg 1024w\" sizes=\"auto, (max-width: 387px) 100vw, 387px\" \/><figcaption id=\"caption-attachment-283948\" class=\"wp-caption-text\">Con la cortada de la cinta se abri\u00f3 oficialmente el PAF en San Andr\u00e9s de Sotavento<\/figcaption><\/figure>\n<p>En el departamento se tienen proyectados inaugurar 19 PAF. Ya hab\u00eda entrado en funcionamiento el de Cotorra, que fue inaugurado por el Fiscal General de la Naci\u00f3n, San Bernardo del Viento, Canaletes, Buenavista y el de Pueblo Nuevo, entre otros.<\/p>\n<p>Los otros PAF que se abrir\u00e1n estar\u00e1n en San Pelayo, San Antero, Momil, Pur\u00edsima, San Carlos, Los C\u00f3rdobas, Mo\u00f1itos, San Jos\u00e9 de Ur\u00e9, Tuch\u00edn, Puerto Escondido, Ci\u00e9naga de Oro y Valencia, entre otros municipios del departamento.<\/p>\n<p>Desde su inauguraci\u00f3n, la gente podr\u00e1 acercarse en horario de 8 a 12 en la ma\u00f1ana y de 2 a 5 en la tarde, de lunes a viernes.<\/p>\n<p><b><u>La Fiscal\u00eda General de la Naci\u00f3n habla con resultados.<\/u><\/b><b><u>\u00a0<\/u><\/b><\/p>\n<p>&nbsp;<\/p>\n<p>&nbsp;<\/p>\n<p>VHGB\/FAGH\/JDB\/DSC<\/p>\n<p>&nbsp;<\/p>\n<p>&nbsp;<\/p>\n<p>&nbsp;<\/p>\n<p><em>La informaci\u00f3n contenida en este bolet\u00edn de prensa corresponde a la narraci\u00f3n de los hechos noticiosos objetivos, suministrados por los funcionarios encargados de adelantar las investigaciones penales al interior de la Fiscal\u00eda General de la Naci\u00f3n. Para el momento de la divulgaci\u00f3n de este comunicado, la situaci\u00f3n jur\u00eddica de la(s) persona(s) relacionada(s) se encuentra pendiente de resolver por la autoridad judicial competente, siempre bajo los preceptos de la presunci\u00f3n de inocencia, consagrados en el art\u00edculo 29 de la Constituci\u00f3n Pol\u00edtica y el art\u00edculo 7\u00ba de la Ley 906 de 2004.<\/em><\/p>\n\n<div class=\"twitter-share\"><a href=\"https:\/\/twitter.com\/intent\/tweet?via=fiscaliacol\" class=\"twitter-share-button\">Tweet<\/a><\/div>\n","protected":false},"excerpt":{"rendered":"<p>La entidad abri\u00f3 al p\u00fablico el nuevo punto de atenci\u00f3n f\u00edsico para que los ciudadanos de este municipio de C\u00f3rdoba se acerquen a conocer la oferta de la entidad. \u00a0 La seccional C\u00f3rdoba inaugur\u00f3 un nuevo Punto de Atenci\u00f3n de la Fiscal\u00eda (PAF), en San Andr\u00e9s de Sotavento (C\u00f3rdoba), con la presencia del subdirector regional [&hellip;]<\/p>\n","protected":false},"author":178,"featured_media":0,"comment_status":"closed","ping_status":"open","sticky":false,"template":"","format":"standard","meta":{"_price":"","_stock":"","_tribe_ticket_header":"","_tribe_default_ticket_provider":"","_tribe_ticket_capacity":"0","_ticket_start_date":"","_ticket_end_date":"","_tribe_ticket_show_description":"","_tribe_ticket_show_not_going":false,"_tribe_ticket_use_global_stock":"","_tribe_ticket_global_stock_level":"","_global_stock_mode":"","_global_stock_cap":"","_tribe_rsvp_for_event":"","_tribe_ticket_going_count":"","_tribe_ticket_not_going_count":"","_tribe_tickets_list":"[]","_tribe_ticket_has_attendee_info_fields":false,"tdm_status":"","tdm_grid_status":"","footnotes":""},"categories":[1,332,303],"tags":[19717,13531,1047,27117,33188,18195],"class_list":{"0":"post-283945","1":"post","2":"type-post","3":"status-publish","4":"format-standard","6":"category-noticias","7":"category-seccional-monteria","8":"category-seccionales","9":"tag-atencion","10":"tag-cordoba","11":"tag-fiscalia-general-de-la-nacion","12":"tag-monteria-cordoba","13":"tag-punto-de-atencion-de-la-fiscalia","14":"tag-usuarios"},"yoast_head":"<!-- This site is optimized with the Yoast SEO plugin v24.3 - https:\/\/yoast.com\/wordpress\/plugins\/seo\/ -->\n<title>Fiscal\u00eda General de la Naci\u00f3n<\/title>\n<meta name=\"description\" content=\"P\u00e1gina oficial de la Fiscal\u00eda General de la Naci\u00f3n \u2013 Colombia. Garantizamos el acceso efectivo a la justicia, la verdad y la reparaci\u00f3n de las v\u00edctimas de los delitos.\" \/>\n<meta name=\"robots\" content=\"noindex, follow\" \/>\n<meta property=\"og:locale\" content=\"es_ES\" \/>\n<meta property=\"og:type\" content=\"article\" \/>\n<meta property=\"og:title\" content=\"Fiscal\u00eda General de la Naci\u00f3n\" \/>\n<meta property=\"og:description\" content=\"P\u00e1gina oficial de la Fiscal\u00eda General de la Naci\u00f3n \u2013 Colombia. Garantizamos el acceso efectivo a la justicia, la verdad y la reparaci\u00f3n de las v\u00edctimas de los delitos.\" \/>\n<meta property=\"og:url\" content=\"https:\/\/www.fiscalia.gov.co\/colombia\/noticias\/fiscalia-sigue-llegando-a-todo-el-pais-entro-en-funcionamiento-el-paf-de-san-andres-de-sotavento-en-cordoba\/\" \/>\n<meta property=\"og:site_name\" content=\"Fiscal\u00eda General de la Naci\u00f3n\" \/>\n<meta property=\"article:publisher\" content=\"https:\/\/www.facebook.com\/FiscaliaCol\" \/>\n<meta property=\"article:published_time\" content=\"2023-11-24T20:50:00+00:00\" \/>\n<meta property=\"og:image\" content=\"https:\/\/www.fiscalia.gov.co\/colombia\/wp-content\/uploads\/Foto-2-paf-1-300x225.jpeg\" \/>\n<meta name=\"author\" content=\"Winnie Geraldine Rodr\u00edguez Navarrete\" \/>\n<meta name=\"twitter:card\" content=\"summary_large_image\" \/>\n<meta name=\"twitter:creator\" content=\"@FiscaliaCol\" \/>\n<meta name=\"twitter:site\" content=\"@FiscaliaCol\" \/>\n<meta name=\"twitter:label1\" content=\"Escrito por\" \/>\n\t<meta name=\"twitter:data1\" content=\"Winnie Geraldine Rodr\u00edguez Navarrete\" \/>\n\t<meta name=\"twitter:label2\" content=\"Tiempo de lectura\" \/>\n\t<meta name=\"twitter:data2\" content=\"3 minutos\" \/>\n<script type=\"application\/ld+json\" class=\"yoast-schema-graph\">{\"@context\":\"https:\/\/schema.org\",\"@graph\":[{\"@type\":\"Article\",\"@id\":\"https:\/\/www.fiscalia.gov.co\/colombia\/noticias\/fiscalia-sigue-llegando-a-todo-el-pais-entro-en-funcionamiento-el-paf-de-san-andres-de-sotavento-en-cordoba\/#article\",\"isPartOf\":{\"@id\":\"https:\/\/www.fiscalia.gov.co\/colombia\/noticias\/fiscalia-sigue-llegando-a-todo-el-pais-entro-en-funcionamiento-el-paf-de-san-andres-de-sotavento-en-cordoba\/\"},\"author\":{\"name\":\"Winnie Geraldine Rodr\u00edguez Navarrete\",\"@id\":\"https:\/\/www.fiscalia.gov.co\/colombia\/#\/schema\/person\/176195b99ebab0a52aafa15197e1bf80\"},\"headline\":\"Fiscal\u00eda sigue llegando a todo el pa\u00eds: entr\u00f3 en funcionamiento el PAF de San Andr\u00e9s de Sotavento, en C\u00f3rdoba\",\"datePublished\":\"2023-11-24T20:50:00+00:00\",\"dateModified\":\"2023-11-24T20:50:00+00:00\",\"mainEntityOfPage\":{\"@id\":\"https:\/\/www.fiscalia.gov.co\/colombia\/noticias\/fiscalia-sigue-llegando-a-todo-el-pais-entro-en-funcionamiento-el-paf-de-san-andres-de-sotavento-en-cordoba\/\"},\"wordCount\":583,\"publisher\":{\"@id\":\"https:\/\/www.fiscalia.gov.co\/colombia\/#organization\"},\"image\":{\"@id\":\"https:\/\/www.fiscalia.gov.co\/colombia\/noticias\/fiscalia-sigue-llegando-a-todo-el-pais-entro-en-funcionamiento-el-paf-de-san-andres-de-sotavento-en-cordoba\/#primaryimage\"},\"thumbnailUrl\":\"https:\/\/www.fiscalia.gov.co\/colombia\/wp-content\/uploads\/Foto-2-paf-1-300x225.jpeg\",\"keywords\":[\"Atenci\u00f3n\",\"C\u00f3rdoba\",\"Fiscal\u00eda General de la Naci\u00f3n\",\"Monter\u00eda -C\u00f3rdoba\",\"Punto de Atenci\u00f3n de la Fiscal\u00eda\",\"Usuarios\"],\"articleSection\":[\"Noticias\",\"Seccional Monter\u00eda\",\"Seccionales\"],\"inLanguage\":\"es-CO\"},{\"@type\":\"WebPage\",\"@id\":\"https:\/\/www.fiscalia.gov.co\/colombia\/noticias\/fiscalia-sigue-llegando-a-todo-el-pais-entro-en-funcionamiento-el-paf-de-san-andres-de-sotavento-en-cordoba\/\",\"url\":\"https:\/\/www.fiscalia.gov.co\/colombia\/noticias\/fiscalia-sigue-llegando-a-todo-el-pais-entro-en-funcionamiento-el-paf-de-san-andres-de-sotavento-en-cordoba\/\",\"name\":\"Fiscal\u00eda General de la Naci\u00f3n\",\"isPartOf\":{\"@id\":\"https:\/\/www.fiscalia.gov.co\/colombia\/#website\"},\"primaryImageOfPage\":{\"@id\":\"https:\/\/www.fiscalia.gov.co\/colombia\/noticias\/fiscalia-sigue-llegando-a-todo-el-pais-entro-en-funcionamiento-el-paf-de-san-andres-de-sotavento-en-cordoba\/#primaryimage\"},\"image\":{\"@id\":\"https:\/\/www.fiscalia.gov.co\/colombia\/noticias\/fiscalia-sigue-llegando-a-todo-el-pais-entro-en-funcionamiento-el-paf-de-san-andres-de-sotavento-en-cordoba\/#primaryimage\"},\"thumbnailUrl\":\"https:\/\/www.fiscalia.gov.co\/colombia\/wp-content\/uploads\/Foto-2-paf-1-300x225.jpeg\",\"datePublished\":\"2023-11-24T20:50:00+00:00\",\"dateModified\":\"2023-11-24T20:50:00+00:00\",\"description\":\"P\u00e1gina oficial de la Fiscal\u00eda General de la Naci\u00f3n \u2013 Colombia. Garantizamos el acceso efectivo a la justicia, la verdad y la reparaci\u00f3n de las v\u00edctimas de los delitos.\",\"breadcrumb\":{\"@id\":\"https:\/\/www.fiscalia.gov.co\/colombia\/noticias\/fiscalia-sigue-llegando-a-todo-el-pais-entro-en-funcionamiento-el-paf-de-san-andres-de-sotavento-en-cordoba\/#breadcrumb\"},\"inLanguage\":\"es-CO\",\"potentialAction\":[{\"@type\":\"ReadAction\",\"target\":[\"https:\/\/www.fiscalia.gov.co\/colombia\/noticias\/fiscalia-sigue-llegando-a-todo-el-pais-entro-en-funcionamiento-el-paf-de-san-andres-de-sotavento-en-cordoba\/\"]}]},{\"@type\":\"ImageObject\",\"inLanguage\":\"es-CO\",\"@id\":\"https:\/\/www.fiscalia.gov.co\/colombia\/noticias\/fiscalia-sigue-llegando-a-todo-el-pais-entro-en-funcionamiento-el-paf-de-san-andres-de-sotavento-en-cordoba\/#primaryimage\",\"url\":\"https:\/\/www.fiscalia.gov.co\/colombia\/wp-content\/uploads\/Foto-2-paf-1-300x225.jpeg\",\"contentUrl\":\"https:\/\/www.fiscalia.gov.co\/colombia\/wp-content\/uploads\/Foto-2-paf-1-300x225.jpeg\"},{\"@type\":\"BreadcrumbList\",\"@id\":\"https:\/\/www.fiscalia.gov.co\/colombia\/noticias\/fiscalia-sigue-llegando-a-todo-el-pais-entro-en-funcionamiento-el-paf-de-san-andres-de-sotavento-en-cordoba\/#breadcrumb\",\"itemListElement\":[{\"@type\":\"ListItem\",\"position\":1,\"name\":\"Home\",\"item\":\"https:\/\/www.fiscalia.gov.co\/colombia\/\"},{\"@type\":\"ListItem\",\"position\":2,\"name\":\"Fiscal\u00eda sigue llegando a todo el pa\u00eds: entr\u00f3 en funcionamiento el PAF de San Andr\u00e9s de Sotavento, en C\u00f3rdoba\"}]},{\"@type\":\"WebSite\",\"@id\":\"https:\/\/www.fiscalia.gov.co\/colombia\/#website\",\"url\":\"https:\/\/www.fiscalia.gov.co\/colombia\/\",\"name\":\"Fiscal\u00eda General de la Naci\u00f3n\",\"description\":\"P\u00e1gina oficial de la Fiscal\u00eda General de la Naci\u00f3n \u2013 Colombia. Garantizamos el acceso efectivo a la justicia, la verdad y la reparaci\u00f3n de las v\u00edctimas de los delitos.\",\"publisher\":{\"@id\":\"https:\/\/www.fiscalia.gov.co\/colombia\/#organization\"},\"potentialAction\":[{\"@type\":\"SearchAction\",\"target\":{\"@type\":\"EntryPoint\",\"urlTemplate\":\"https:\/\/www.fiscalia.gov.co\/colombia\/?s={search_term_string}\"},\"query-input\":{\"@type\":\"PropertyValueSpecification\",\"valueRequired\":true,\"valueName\":\"search_term_string\"}}],\"inLanguage\":\"es-CO\"},{\"@type\":\"Organization\",\"@id\":\"https:\/\/www.fiscalia.gov.co\/colombia\/#organization\",\"name\":\"Fiscal\u00eda General de la Naci\u00f3n\",\"url\":\"https:\/\/www.fiscalia.gov.co\/colombia\/\",\"logo\":{\"@type\":\"ImageObject\",\"inLanguage\":\"es-CO\",\"@id\":\"https:\/\/www.fiscalia.gov.co\/colombia\/#\/schema\/logo\/image\/\",\"url\":\"https:\/\/www.fiscalia.gov.co\/colombia\/wp-content\/uploads\/LogoHorizontal_1.jpg\",\"contentUrl\":\"https:\/\/www.fiscalia.gov.co\/colombia\/wp-content\/uploads\/LogoHorizontal_1.jpg\",\"width\":300,\"height\":90,\"caption\":\"Fiscal\u00eda General de la Naci\u00f3n\"},\"image\":{\"@id\":\"https:\/\/www.fiscalia.gov.co\/colombia\/#\/schema\/logo\/image\/\"},\"sameAs\":[\"https:\/\/www.facebook.com\/FiscaliaCol\",\"https:\/\/x.com\/FiscaliaCol\",\"https:\/\/www.instagram.com\/fiscaliacol\",\"https:\/\/www.linkedin.com\/company\/fiscalia-general-de-la-naci-n\/\",\"https:\/\/youtube.com\/@fiscaliageneraldelanacion-4668?si=6nN79nyQICPU5iTh\"]},{\"@type\":\"Person\",\"@id\":\"https:\/\/www.fiscalia.gov.co\/colombia\/#\/schema\/person\/176195b99ebab0a52aafa15197e1bf80\",\"name\":\"Winnie Geraldine Rodr\u00edguez Navarrete\",\"image\":{\"@type\":\"ImageObject\",\"inLanguage\":\"es-CO\",\"@id\":\"https:\/\/www.fiscalia.gov.co\/colombia\/#\/schema\/person\/image\/\",\"url\":\"https:\/\/secure.gravatar.com\/avatar\/c24cf8481dc84fa5e8c7b20bc95ab0c6?s=96&d=mm&r=g\",\"contentUrl\":\"https:\/\/secure.gravatar.com\/avatar\/c24cf8481dc84fa5e8c7b20bc95ab0c6?s=96&d=mm&r=g\",\"caption\":\"Winnie Geraldine Rodr\u00edguez Navarrete\"},\"url\":\"https:\/\/www.fiscalia.gov.co\/colombia\/author\/winnierodriguez\/\"}]}<\/script>\n<!-- \/ Yoast SEO plugin. -->","yoast_head_json":{"title":"Fiscal\u00eda General de la Naci\u00f3n","description":"P\u00e1gina oficial de la Fiscal\u00eda General de la Naci\u00f3n \u2013 Colombia. Garantizamos el acceso efectivo a la justicia, la verdad y la reparaci\u00f3n de las v\u00edctimas de los delitos.","robots":{"index":"noindex","follow":"follow"},"og_locale":"es_ES","og_type":"article","og_title":"Fiscal\u00eda General de la Naci\u00f3n","og_description":"P\u00e1gina oficial de la Fiscal\u00eda General de la Naci\u00f3n \u2013 Colombia. Garantizamos el acceso efectivo a la justicia, la verdad y la reparaci\u00f3n de las v\u00edctimas de los delitos.","og_url":"https:\/\/www.fiscalia.gov.co\/colombia\/noticias\/fiscalia-sigue-llegando-a-todo-el-pais-entro-en-funcionamiento-el-paf-de-san-andres-de-sotavento-en-cordoba\/","og_site_name":"Fiscal\u00eda General de la Naci\u00f3n","article_publisher":"https:\/\/www.facebook.com\/FiscaliaCol","article_published_time":"2023-11-24T20:50:00+00:00","og_image":[{"url":"https:\/\/www.fiscalia.gov.co\/colombia\/wp-content\/uploads\/Foto-2-paf-1-300x225.jpeg","type":"","width":"","height":""}],"author":"Winnie Geraldine Rodr\u00edguez Navarrete","twitter_card":"summary_large_image","twitter_creator":"@FiscaliaCol","twitter_site":"@FiscaliaCol","twitter_misc":{"Escrito por":"Winnie Geraldine Rodr\u00edguez Navarrete","Tiempo de lectura":"3 minutos"},"schema":{"@context":"https:\/\/schema.org","@graph":[{"@type":"Article","@id":"https:\/\/www.fiscalia.gov.co\/colombia\/noticias\/fiscalia-sigue-llegando-a-todo-el-pais-entro-en-funcionamiento-el-paf-de-san-andres-de-sotavento-en-cordoba\/#article","isPartOf":{"@id":"https:\/\/www.fiscalia.gov.co\/colombia\/noticias\/fiscalia-sigue-llegando-a-todo-el-pais-entro-en-funcionamiento-el-paf-de-san-andres-de-sotavento-en-cordoba\/"},"author":{"name":"Winnie Geraldine Rodr\u00edguez Navarrete","@id":"https:\/\/www.fiscalia.gov.co\/colombia\/#\/schema\/person\/176195b99ebab0a52aafa15197e1bf80"},"headline":"Fiscal\u00eda sigue llegando a todo el pa\u00eds: entr\u00f3 en funcionamiento el PAF de San Andr\u00e9s de Sotavento, en C\u00f3rdoba","datePublished":"2023-11-24T20:50:00+00:00","dateModified":"2023-11-24T20:50:00+00:00","mainEntityOfPage":{"@id":"https:\/\/www.fiscalia.gov.co\/colombia\/noticias\/fiscalia-sigue-llegando-a-todo-el-pais-entro-en-funcionamiento-el-paf-de-san-andres-de-sotavento-en-cordoba\/"},"wordCount":583,"publisher":{"@id":"https:\/\/www.fiscalia.gov.co\/colombia\/#organization"},"image":{"@id":"https:\/\/www.fiscalia.gov.co\/colombia\/noticias\/fiscalia-sigue-llegando-a-todo-el-pais-entro-en-funcionamiento-el-paf-de-san-andres-de-sotavento-en-cordoba\/#primaryimage"},"thumbnailUrl":"https:\/\/www.fiscalia.gov.co\/colombia\/wp-content\/uploads\/Foto-2-paf-1-300x225.jpeg","keywords":["Atenci\u00f3n","C\u00f3rdoba","Fiscal\u00eda General de la Naci\u00f3n","Monter\u00eda -C\u00f3rdoba","Punto de Atenci\u00f3n de la Fiscal\u00eda","Usuarios"],"articleSection":["Noticias","Seccional Monter\u00eda","Seccionales"],"inLanguage":"es-CO"},{"@type":"WebPage","@id":"https:\/\/www.fiscalia.gov.co\/colombia\/noticias\/fiscalia-sigue-llegando-a-todo-el-pais-entro-en-funcionamiento-el-paf-de-san-andres-de-sotavento-en-cordoba\/","url":"https:\/\/www.fiscalia.gov.co\/colombia\/noticias\/fiscalia-sigue-llegando-a-todo-el-pais-entro-en-funcionamiento-el-paf-de-san-andres-de-sotavento-en-cordoba\/","name":"Fiscal\u00eda General de la Naci\u00f3n","isPartOf":{"@id":"https:\/\/www.fiscalia.gov.co\/colombia\/#website"},"primaryImageOfPage":{"@id":"https:\/\/www.fiscalia.gov.co\/colombia\/noticias\/fiscalia-sigue-llegando-a-todo-el-pais-entro-en-funcionamiento-el-paf-de-san-andres-de-sotavento-en-cordoba\/#primaryimage"},"image":{"@id":"https:\/\/www.fiscalia.gov.co\/colombia\/noticias\/fiscalia-sigue-llegando-a-todo-el-pais-entro-en-funcionamiento-el-paf-de-san-andres-de-sotavento-en-cordoba\/#primaryimage"},"thumbnailUrl":"https:\/\/www.fiscalia.gov.co\/colombia\/wp-content\/uploads\/Foto-2-paf-1-300x225.jpeg","datePublished":"2023-11-24T20:50:00+00:00","dateModified":"2023-11-24T20:50:00+00:00","description":"P\u00e1gina oficial de la Fiscal\u00eda General de la Naci\u00f3n \u2013 Colombia. Garantizamos el acceso efectivo a la justicia, la verdad y la reparaci\u00f3n de las v\u00edctimas de los delitos.","breadcrumb":{"@id":"https:\/\/www.fiscalia.gov.co\/colombia\/noticias\/fiscalia-sigue-llegando-a-todo-el-pais-entro-en-funcionamiento-el-paf-de-san-andres-de-sotavento-en-cordoba\/#breadcrumb"},"inLanguage":"es-CO","potentialAction":[{"@type":"ReadAction","target":["https:\/\/www.fiscalia.gov.co\/colombia\/noticias\/fiscalia-sigue-llegando-a-todo-el-pais-entro-en-funcionamiento-el-paf-de-san-andres-de-sotavento-en-cordoba\/"]}]},{"@type":"ImageObject","inLanguage":"es-CO","@id":"https:\/\/www.fiscalia.gov.co\/colombia\/noticias\/fiscalia-sigue-llegando-a-todo-el-pais-entro-en-funcionamiento-el-paf-de-san-andres-de-sotavento-en-cordoba\/#primaryimage","url":"https:\/\/www.fiscalia.gov.co\/colombia\/wp-content\/uploads\/Foto-2-paf-1-300x225.jpeg","contentUrl":"https:\/\/www.fiscalia.gov.co\/colombia\/wp-content\/uploads\/Foto-2-paf-1-300x225.jpeg"},{"@type":"BreadcrumbList","@id":"https:\/\/www.fiscalia.gov.co\/colombia\/noticias\/fiscalia-sigue-llegando-a-todo-el-pais-entro-en-funcionamiento-el-paf-de-san-andres-de-sotavento-en-cordoba\/#breadcrumb","itemListElement":[{"@type":"ListItem","position":1,"name":"Home","item":"https:\/\/www.fiscalia.gov.co\/colombia\/"},{"@type":"ListItem","position":2,"name":"Fiscal\u00eda sigue llegando a todo el pa\u00eds: entr\u00f3 en funcionamiento el PAF de San Andr\u00e9s de Sotavento, en C\u00f3rdoba"}]},{"@type":"WebSite","@id":"https:\/\/www.fiscalia.gov.co\/colombia\/#website","url":"https:\/\/www.fiscalia.gov.co\/colombia\/","name":"Fiscal\u00eda General de la Naci\u00f3n","description":"P\u00e1gina oficial de la Fiscal\u00eda General de la Naci\u00f3n \u2013 Colombia. Garantizamos el acceso efectivo a la justicia, la verdad y la reparaci\u00f3n de las v\u00edctimas de los delitos.","publisher":{"@id":"https:\/\/www.fiscalia.gov.co\/colombia\/#organization"},"potentialAction":[{"@type":"SearchAction","target":{"@type":"EntryPoint","urlTemplate":"https:\/\/www.fiscalia.gov.co\/colombia\/?s={search_term_string}"},"query-input":{"@type":"PropertyValueSpecification","valueRequired":true,"valueName":"search_term_string"}}],"inLanguage":"es-CO"},{"@type":"Organization","@id":"https:\/\/www.fiscalia.gov.co\/colombia\/#organization","name":"Fiscal\u00eda General de la Naci\u00f3n","url":"https:\/\/www.fiscalia.gov.co\/colombia\/","logo":{"@type":"ImageObject","inLanguage":"es-CO","@id":"https:\/\/www.fiscalia.gov.co\/colombia\/#\/schema\/logo\/image\/","url":"https:\/\/www.fiscalia.gov.co\/colombia\/wp-content\/uploads\/LogoHorizontal_1.jpg","contentUrl":"https:\/\/www.fiscalia.gov.co\/colombia\/wp-content\/uploads\/LogoHorizontal_1.jpg","width":300,"height":90,"caption":"Fiscal\u00eda General de la Naci\u00f3n"},"image":{"@id":"https:\/\/www.fiscalia.gov.co\/colombia\/#\/schema\/logo\/image\/"},"sameAs":["https:\/\/www.facebook.com\/FiscaliaCol","https:\/\/x.com\/FiscaliaCol","https:\/\/www.instagram.com\/fiscaliacol","https:\/\/www.linkedin.com\/company\/fiscalia-general-de-la-naci-n\/","https:\/\/youtube.com\/@fiscaliageneraldelanacion-4668?si=6nN79nyQICPU5iTh"]},{"@type":"Person","@id":"https:\/\/www.fiscalia.gov.co\/colombia\/#\/schema\/person\/176195b99ebab0a52aafa15197e1bf80","name":"Winnie Geraldine Rodr\u00edguez Navarrete","image":{"@type":"ImageObject","inLanguage":"es-CO","@id":"https:\/\/www.fiscalia.gov.co\/colombia\/#\/schema\/person\/image\/","url":"https:\/\/secure.gravatar.com\/avatar\/c24cf8481dc84fa5e8c7b20bc95ab0c6?s=96&d=mm&r=g","contentUrl":"https:\/\/secure.gravatar.com\/avatar\/c24cf8481dc84fa5e8c7b20bc95ab0c6?s=96&d=mm&r=g","caption":"Winnie Geraldine Rodr\u00edguez Navarrete"},"url":"https:\/\/www.fiscalia.gov.co\/colombia\/author\/winnierodriguez\/"}]}},"_links":{"self":[{"href":"https:\/\/www.fiscalia.gov.co\/colombia\/wp-json\/wp\/v2\/posts\/283945","targetHints":{"allow":["GET"]}}],"collection":[{"href":"https:\/\/www.fiscalia.gov.co\/colombia\/wp-json\/wp\/v2\/posts"}],"about":[{"href":"https:\/\/www.fiscalia.gov.co\/colombia\/wp-json\/wp\/v2\/types\/post"}],"author":[{"embeddable":true,"href":"https:\/\/www.fiscalia.gov.co\/colombia\/wp-json\/wp\/v2\/users\/178"}],"replies":[{"embeddable":true,"href":"https:\/\/www.fiscalia.gov.co\/colombia\/wp-json\/wp\/v2\/comments?post=283945"}],"version-history":[{"count":2,"href":"https:\/\/www.fiscalia.gov.co\/colombia\/wp-json\/wp\/v2\/posts\/283945\/revisions"}],"predecessor-version":[{"id":283949,"href":"https:\/\/www.fiscalia.gov.co\/colombia\/wp-json\/wp\/v2\/posts\/283945\/revisions\/283949"}],"wp:attachment":[{"href":"https:\/\/www.fiscalia.gov.co\/colombia\/wp-json\/wp\/v2\/media?parent=283945"}],"wp:term":[{"taxonomy":"category","embeddable":true,"href":"https:\/\/www.fiscalia.gov.co\/colombia\/wp-json\/wp\/v2\/categories?post=283945"},{"taxonomy":"post_tag","embeddable":true,"href":"https:\/\/www.fiscalia.gov.co\/colombia\/wp-json\/wp\/v2\/tags?post=283945"}],"curies":[{"name":"wp","href":"https:\/\/api.w.org\/{rel}","templated":true}]}}