{"id":283936,"date":"2023-11-24T14:00:14","date_gmt":"2023-11-24T19:00:14","guid":{"rendered":"https:\/\/www.fiscalia.gov.co\/colombia\/?p=283936"},"modified":"2023-11-24T14:00:14","modified_gmt":"2023-11-24T19:00:14","slug":"condenados-a-mas-de-40-anos-de-prision-por-el-atentado-contra-dos-hermanos-en-palermo-huila-en-2019","status":"publish","type":"post","link":"https:\/\/www.fiscalia.gov.co\/colombia\/noticias\/condenados-a-mas-de-40-anos-de-prision-por-el-atentado-contra-dos-hermanos-en-palermo-huila-en-2019\/","title":{"rendered":"Condenados a m\u00e1s de 40 a\u00f1os de prisi\u00f3n por el atentado contra dos hermanos en Palermo, Huila, en 2019"},"content":{"rendered":"<h4><strong><i>Un joven de 16 a\u00f1os muri\u00f3 por la gravedad de las heridas mientras que su hermano result\u00f3 herido. El ataque fue por robarles.\u00a0<\/i><\/strong><\/h4>\n<p>La Fiscal\u00eda General de la Naci\u00f3n logr\u00f3 condenas superiores a los 40 a\u00f1os de prisi\u00f3n en contra de dos hombres hallados penalmente responsables del homicidio de un adolescente de 16 a\u00f1os y las lesiones contra su hermano, en hechos ocurridos el 13 de julio del 2019 cuando se desplazaban en motocicleta en la v\u00eda que de Palermo conduce a Teruel, Huila y fueron atacados con arma de fuego.<\/p>\n<p>Se trata de Willington Joaqu\u00edn Cuspi\u00e1n y Yordan Fernando Medina Rocha quienes fueron condenados a las penas de 48 y 40 a\u00f1os de prisi\u00f3n respectivamente, por los delitos de homicidio agravado, lesiones personales dolosas, fabricaci\u00f3n, tr\u00e1fico y porte de armas de fuego, partes o municiones, y hurto calificado y agravado.<\/p>\n<p>El d\u00eda de los hechos los hermanos dedicados a cobrar dineros producto de pr\u00e9stamos bajo la modalidad conocida como \u2018gota-gota\u2019 se desplazaban por la ruta Neiva-Palermo-Teruel, con el fin de hacer unos cobros.<\/p>\n<figure id=\"attachment_283938\" aria-describedby=\"caption-attachment-283938\" style=\"width: 382px\" class=\"wp-caption aligncenter\"><img loading=\"lazy\" decoding=\"async\" class=\" wp-image-283938\" src=\"https:\/\/www.fiscalia.gov.co\/colombia\/wp-content\/uploads\/yordan-fernando-medina-condena-homicidio-huila-300x194.jpeg\" alt=\"en la imagen se ve una persona detenida bajo custodia de servidores del CTI, Ej\u00e9rcito y Polic\u00eda Nacional. Detr\u00e1s suyo backings institucionales.  \" width=\"382\" height=\"247\" srcset=\"https:\/\/www.fiscalia.gov.co\/colombia\/wp-content\/uploads\/yordan-fernando-medina-condena-homicidio-huila-300x194.jpeg 300w, https:\/\/www.fiscalia.gov.co\/colombia\/wp-content\/uploads\/yordan-fernando-medina-condena-homicidio-huila-1024x661.jpeg 1024w, https:\/\/www.fiscalia.gov.co\/colombia\/wp-content\/uploads\/yordan-fernando-medina-condena-homicidio-huila-768x496.jpeg 768w, https:\/\/www.fiscalia.gov.co\/colombia\/wp-content\/uploads\/yordan-fernando-medina-condena-homicidio-huila-1536x992.jpeg 1536w, https:\/\/www.fiscalia.gov.co\/colombia\/wp-content\/uploads\/yordan-fernando-medina-condena-homicidio-huila-696x449.jpeg 696w, https:\/\/www.fiscalia.gov.co\/colombia\/wp-content\/uploads\/yordan-fernando-medina-condena-homicidio-huila-1068x690.jpeg 1068w, https:\/\/www.fiscalia.gov.co\/colombia\/wp-content\/uploads\/yordan-fernando-medina-condena-homicidio-huila-651x420.jpeg 651w, https:\/\/www.fiscalia.gov.co\/colombia\/wp-content\/uploads\/yordan-fernando-medina-condena-homicidio-huila.jpeg 1600w\" sizes=\"auto, (max-width: 382px) 100vw, 382px\" \/><figcaption id=\"caption-attachment-283938\" class=\"wp-caption-text\">Yordan Fernando Medina Rocha fue condenado a la pena de 40 a\u00f1os de prisi\u00f3n por homicidio agravado, lesiones personales dolosas, fabricaci\u00f3n, tr\u00e1fico y porte de armas de fuego, partes o municiones, y hurto calificado y agravado.<\/figcaption><\/figure>\n<p>Se logr\u00f3 comprobar que fueron interceptados por dos motocicletas desde una de las cuales les dispararon y al verlos en el suelo les hurtaron el dinero que llevaban consigo y otras pertenencias; luego los atacantes huyeron.<\/p>\n<p>Servidores de la polic\u00eda judicial CTI de la Fiscal\u00eda Seccional Huila, con el apoyo del Gaula Militar y la Polic\u00eda Nacional los detuvieron en octubre de 2019 en cumplimiento a las \u00f3rdenes de captura que pesaban en su contra.<\/p>\n<p>Una tercera persona vinculada a la investigaci\u00f3n, fue absuelta por el mismo juez que sentenci\u00f3 a Cuspian y Medina Rocha ante lo cual la delegada fiscal que llev\u00f3 el juicio apel\u00f3.<\/p>\n<p><b><u>La Fiscal\u00eda habla con resultados.<\/u><\/b><b><u>\u00a0<\/u><\/b><\/p>\n<p>&nbsp;<\/p>\n<p>&nbsp;<\/p>\n<p>PAAM\/LYBT\/NCS\/DFHI\/DSH<\/p>\n<p>&nbsp;<\/p>\n<p>&nbsp;<\/p>\n<p align=\"center\">\n<p align=\"center\">\n<p>&nbsp;<\/p>\n<p><em>La informaci\u00f3n contenida en este bolet\u00edn de prensa corresponde a la narraci\u00f3n de los hechos noticiosos objetivos, suministrados por los funcionarios encargados de adelantar las investigaciones penales al interior de la Fiscal\u00eda General de la Naci\u00f3n. Para el momento de la divulgaci\u00f3n de este comunicado, la situaci\u00f3n jur\u00eddica de la(s) persona(s) relacionada(s) se encuentra pendiente de resolver por la autoridad judicial competente, siempre bajo los preceptos de la presunci\u00f3n de inocencia, consagrados en el art\u00edculo 29 de la Constituci\u00f3n Pol\u00edtica y el art\u00edculo 7\u00ba de la Ley 906 de 2004.<\/em><\/p>\n\n<div class=\"twitter-share\"><a href=\"https:\/\/twitter.com\/intent\/tweet?via=fiscaliacol\" class=\"twitter-share-button\">Tweet<\/a><\/div>\n","protected":false},"excerpt":{"rendered":"<p>Un joven de 16 a\u00f1os muri\u00f3 por la gravedad de las heridas mientras que su hermano result\u00f3 herido. El ataque fue por robarles.\u00a0 La Fiscal\u00eda General de la Naci\u00f3n logr\u00f3 condenas superiores a los 40 a\u00f1os de prisi\u00f3n en contra de dos hombres hallados penalmente responsables del homicidio de un adolescente de 16 a\u00f1os y [&hellip;]<\/p>\n","protected":false},"author":178,"featured_media":0,"comment_status":"closed","ping_status":"open","sticky":false,"template":"","format":"standard","meta":{"tdm_status":"","tdm_grid_status":"","footnotes":""},"categories":[1,24099],"tags":[704,1152,293,45,1047,26394,409,16,23960,29775,31694,23972,36336,975,30965,3417],"class_list":{"0":"post-283936","1":"post","2":"type-post","3":"status-publish","4":"format-standard","6":"category-noticias","7":"category-seguridad-territorial","8":"tag-adolescente","9":"tag-atentado","10":"tag-condena","11":"tag-cti","12":"tag-fiscalia-general-de-la-nacion","13":"tag-gota-a-gota","14":"tag-homicidio","15":"tag-huila","16":"tag-hurto","17":"tag-palermo","18":"tag-palermo-huila","19":"tag-policia","20":"tag-secciona-huila","21":"tag-sentencia","22":"tag-teruel","23":"tag-unidad-de-vida"},"yoast_head":"<!-- This site is optimized with the Yoast SEO plugin v24.3 - https:\/\/yoast.com\/wordpress\/plugins\/seo\/ -->\n<title>Fiscal\u00eda General de la Naci\u00f3n<\/title>\n<meta name=\"description\" content=\"P\u00e1gina oficial de la Fiscal\u00eda General de la Naci\u00f3n \u2013 Colombia. Garantizamos el acceso efectivo a la justicia, la verdad y la reparaci\u00f3n de las v\u00edctimas de los delitos.\" \/>\n<meta name=\"robots\" content=\"noindex, follow\" \/>\n<meta property=\"og:locale\" content=\"es_ES\" \/>\n<meta property=\"og:type\" content=\"article\" \/>\n<meta property=\"og:title\" content=\"Fiscal\u00eda General de la Naci\u00f3n\" \/>\n<meta property=\"og:description\" content=\"P\u00e1gina oficial de la Fiscal\u00eda General de la Naci\u00f3n \u2013 Colombia. Garantizamos el acceso efectivo a la justicia, la verdad y la reparaci\u00f3n de las v\u00edctimas de los delitos.\" \/>\n<meta property=\"og:url\" content=\"https:\/\/www.fiscalia.gov.co\/colombia\/noticias\/condenados-a-mas-de-40-anos-de-prision-por-el-atentado-contra-dos-hermanos-en-palermo-huila-en-2019\/\" \/>\n<meta property=\"og:site_name\" content=\"Fiscal\u00eda General de la Naci\u00f3n\" \/>\n<meta property=\"article:publisher\" content=\"https:\/\/www.facebook.com\/FiscaliaCol\" \/>\n<meta property=\"article:published_time\" content=\"2023-11-24T19:00:14+00:00\" \/>\n<meta property=\"og:image\" content=\"https:\/\/www.fiscalia.gov.co\/colombia\/wp-content\/uploads\/yordan-fernando-medina-condena-homicidio-huila-300x194.jpeg\" \/>\n<meta name=\"author\" content=\"Winnie Geraldine Rodr\u00edguez Navarrete\" \/>\n<meta name=\"twitter:card\" content=\"summary_large_image\" \/>\n<meta name=\"twitter:creator\" content=\"@FiscaliaCol\" \/>\n<meta name=\"twitter:site\" content=\"@FiscaliaCol\" \/>\n<meta name=\"twitter:label1\" content=\"Escrito por\" \/>\n\t<meta name=\"twitter:data1\" content=\"Winnie Geraldine Rodr\u00edguez Navarrete\" \/>\n\t<meta name=\"twitter:label2\" content=\"Tiempo de lectura\" \/>\n\t<meta name=\"twitter:data2\" content=\"3 minutos\" \/>\n<script type=\"application\/ld+json\" class=\"yoast-schema-graph\">{\"@context\":\"https:\/\/schema.org\",\"@graph\":[{\"@type\":\"Article\",\"@id\":\"https:\/\/www.fiscalia.gov.co\/colombia\/noticias\/condenados-a-mas-de-40-anos-de-prision-por-el-atentado-contra-dos-hermanos-en-palermo-huila-en-2019\/#article\",\"isPartOf\":{\"@id\":\"https:\/\/www.fiscalia.gov.co\/colombia\/noticias\/condenados-a-mas-de-40-anos-de-prision-por-el-atentado-contra-dos-hermanos-en-palermo-huila-en-2019\/\"},\"author\":{\"name\":\"Winnie Geraldine Rodr\u00edguez Navarrete\",\"@id\":\"https:\/\/www.fiscalia.gov.co\/colombia\/#\/schema\/person\/176195b99ebab0a52aafa15197e1bf80\"},\"headline\":\"Condenados a m\u00e1s de 40 a\u00f1os de prisi\u00f3n por el atentado contra dos hermanos en Palermo, Huila, en 2019\",\"datePublished\":\"2023-11-24T19:00:14+00:00\",\"dateModified\":\"2023-11-24T19:00:14+00:00\",\"mainEntityOfPage\":{\"@id\":\"https:\/\/www.fiscalia.gov.co\/colombia\/noticias\/condenados-a-mas-de-40-anos-de-prision-por-el-atentado-contra-dos-hermanos-en-palermo-huila-en-2019\/\"},\"wordCount\":475,\"publisher\":{\"@id\":\"https:\/\/www.fiscalia.gov.co\/colombia\/#organization\"},\"image\":{\"@id\":\"https:\/\/www.fiscalia.gov.co\/colombia\/noticias\/condenados-a-mas-de-40-anos-de-prision-por-el-atentado-contra-dos-hermanos-en-palermo-huila-en-2019\/#primaryimage\"},\"thumbnailUrl\":\"https:\/\/www.fiscalia.gov.co\/colombia\/wp-content\/uploads\/yordan-fernando-medina-condena-homicidio-huila-300x194.jpeg\",\"keywords\":[\"Adolescente\",\"Atentado\",\"Condena\",\"CTI\",\"Fiscal\u00eda General de la Naci\u00f3n\",\"Gota a Gota\",\"Homicidio\",\"Huila\",\"Hurto\",\"Palermo\",\"Palermo (Huila)\",\"Polic\u00eda\",\"Secciona Huila.\",\"Sentencia\",\"Teruel\",\"Unidad de Vida\"],\"articleSection\":[\"Noticias\",\"Seguridad territorial\"],\"inLanguage\":\"es-CO\"},{\"@type\":\"WebPage\",\"@id\":\"https:\/\/www.fiscalia.gov.co\/colombia\/noticias\/condenados-a-mas-de-40-anos-de-prision-por-el-atentado-contra-dos-hermanos-en-palermo-huila-en-2019\/\",\"url\":\"https:\/\/www.fiscalia.gov.co\/colombia\/noticias\/condenados-a-mas-de-40-anos-de-prision-por-el-atentado-contra-dos-hermanos-en-palermo-huila-en-2019\/\",\"name\":\"Fiscal\u00eda General de la Naci\u00f3n\",\"isPartOf\":{\"@id\":\"https:\/\/www.fiscalia.gov.co\/colombia\/#website\"},\"primaryImageOfPage\":{\"@id\":\"https:\/\/www.fiscalia.gov.co\/colombia\/noticias\/condenados-a-mas-de-40-anos-de-prision-por-el-atentado-contra-dos-hermanos-en-palermo-huila-en-2019\/#primaryimage\"},\"image\":{\"@id\":\"https:\/\/www.fiscalia.gov.co\/colombia\/noticias\/condenados-a-mas-de-40-anos-de-prision-por-el-atentado-contra-dos-hermanos-en-palermo-huila-en-2019\/#primaryimage\"},\"thumbnailUrl\":\"https:\/\/www.fiscalia.gov.co\/colombia\/wp-content\/uploads\/yordan-fernando-medina-condena-homicidio-huila-300x194.jpeg\",\"datePublished\":\"2023-11-24T19:00:14+00:00\",\"dateModified\":\"2023-11-24T19:00:14+00:00\",\"description\":\"P\u00e1gina oficial de la Fiscal\u00eda General de la Naci\u00f3n \u2013 Colombia. Garantizamos el acceso efectivo a la justicia, la verdad y la reparaci\u00f3n de las v\u00edctimas de los delitos.\",\"breadcrumb\":{\"@id\":\"https:\/\/www.fiscalia.gov.co\/colombia\/noticias\/condenados-a-mas-de-40-anos-de-prision-por-el-atentado-contra-dos-hermanos-en-palermo-huila-en-2019\/#breadcrumb\"},\"inLanguage\":\"es-CO\",\"potentialAction\":[{\"@type\":\"ReadAction\",\"target\":[\"https:\/\/www.fiscalia.gov.co\/colombia\/noticias\/condenados-a-mas-de-40-anos-de-prision-por-el-atentado-contra-dos-hermanos-en-palermo-huila-en-2019\/\"]}]},{\"@type\":\"ImageObject\",\"inLanguage\":\"es-CO\",\"@id\":\"https:\/\/www.fiscalia.gov.co\/colombia\/noticias\/condenados-a-mas-de-40-anos-de-prision-por-el-atentado-contra-dos-hermanos-en-palermo-huila-en-2019\/#primaryimage\",\"url\":\"https:\/\/www.fiscalia.gov.co\/colombia\/wp-content\/uploads\/yordan-fernando-medina-condena-homicidio-huila-300x194.jpeg\",\"contentUrl\":\"https:\/\/www.fiscalia.gov.co\/colombia\/wp-content\/uploads\/yordan-fernando-medina-condena-homicidio-huila-300x194.jpeg\"},{\"@type\":\"BreadcrumbList\",\"@id\":\"https:\/\/www.fiscalia.gov.co\/colombia\/noticias\/condenados-a-mas-de-40-anos-de-prision-por-el-atentado-contra-dos-hermanos-en-palermo-huila-en-2019\/#breadcrumb\",\"itemListElement\":[{\"@type\":\"ListItem\",\"position\":1,\"name\":\"Home\",\"item\":\"https:\/\/www.fiscalia.gov.co\/colombia\/\"},{\"@type\":\"ListItem\",\"position\":2,\"name\":\"Condenados a m\u00e1s de 40 a\u00f1os de prisi\u00f3n por el atentado contra dos hermanos en Palermo, Huila, en 2019\"}]},{\"@type\":\"WebSite\",\"@id\":\"https:\/\/www.fiscalia.gov.co\/colombia\/#website\",\"url\":\"https:\/\/www.fiscalia.gov.co\/colombia\/\",\"name\":\"Fiscal\u00eda General de la Naci\u00f3n\",\"description\":\"P\u00e1gina oficial de la Fiscal\u00eda General de la Naci\u00f3n \u2013 Colombia. Garantizamos el acceso efectivo a la justicia, la verdad y la reparaci\u00f3n de las v\u00edctimas de los delitos.\",\"publisher\":{\"@id\":\"https:\/\/www.fiscalia.gov.co\/colombia\/#organization\"},\"potentialAction\":[{\"@type\":\"SearchAction\",\"target\":{\"@type\":\"EntryPoint\",\"urlTemplate\":\"https:\/\/www.fiscalia.gov.co\/colombia\/?s={search_term_string}\"},\"query-input\":{\"@type\":\"PropertyValueSpecification\",\"valueRequired\":true,\"valueName\":\"search_term_string\"}}],\"inLanguage\":\"es-CO\"},{\"@type\":\"Organization\",\"@id\":\"https:\/\/www.fiscalia.gov.co\/colombia\/#organization\",\"name\":\"Fiscal\u00eda General de la Naci\u00f3n\",\"url\":\"https:\/\/www.fiscalia.gov.co\/colombia\/\",\"logo\":{\"@type\":\"ImageObject\",\"inLanguage\":\"es-CO\",\"@id\":\"https:\/\/www.fiscalia.gov.co\/colombia\/#\/schema\/logo\/image\/\",\"url\":\"https:\/\/www.fiscalia.gov.co\/colombia\/wp-content\/uploads\/LogoHorizontal_1.jpg\",\"contentUrl\":\"https:\/\/www.fiscalia.gov.co\/colombia\/wp-content\/uploads\/LogoHorizontal_1.jpg\",\"width\":300,\"height\":90,\"caption\":\"Fiscal\u00eda General de la Naci\u00f3n\"},\"image\":{\"@id\":\"https:\/\/www.fiscalia.gov.co\/colombia\/#\/schema\/logo\/image\/\"},\"sameAs\":[\"https:\/\/www.facebook.com\/FiscaliaCol\",\"https:\/\/x.com\/FiscaliaCol\",\"https:\/\/www.instagram.com\/fiscaliacol\",\"https:\/\/www.linkedin.com\/company\/fiscalia-general-de-la-naci-n\/\",\"https:\/\/youtube.com\/@fiscaliageneraldelanacion-4668?si=6nN79nyQICPU5iTh\"]},{\"@type\":\"Person\",\"@id\":\"https:\/\/www.fiscalia.gov.co\/colombia\/#\/schema\/person\/176195b99ebab0a52aafa15197e1bf80\",\"name\":\"Winnie Geraldine Rodr\u00edguez Navarrete\",\"image\":{\"@type\":\"ImageObject\",\"inLanguage\":\"es-CO\",\"@id\":\"https:\/\/www.fiscalia.gov.co\/colombia\/#\/schema\/person\/image\/\",\"url\":\"https:\/\/secure.gravatar.com\/avatar\/c24cf8481dc84fa5e8c7b20bc95ab0c6?s=96&d=mm&r=g\",\"contentUrl\":\"https:\/\/secure.gravatar.com\/avatar\/c24cf8481dc84fa5e8c7b20bc95ab0c6?s=96&d=mm&r=g\",\"caption\":\"Winnie Geraldine Rodr\u00edguez Navarrete\"},\"url\":\"https:\/\/www.fiscalia.gov.co\/colombia\/author\/winnierodriguez\/\"}]}<\/script>\n<!-- \/ Yoast SEO plugin. -->","yoast_head_json":{"title":"Fiscal\u00eda General de la Naci\u00f3n","description":"P\u00e1gina oficial de la Fiscal\u00eda General de la Naci\u00f3n \u2013 Colombia. Garantizamos el acceso efectivo a la justicia, la verdad y la reparaci\u00f3n de las v\u00edctimas de los delitos.","robots":{"index":"noindex","follow":"follow"},"og_locale":"es_ES","og_type":"article","og_title":"Fiscal\u00eda General de la Naci\u00f3n","og_description":"P\u00e1gina oficial de la Fiscal\u00eda General de la Naci\u00f3n \u2013 Colombia. Garantizamos el acceso efectivo a la justicia, la verdad y la reparaci\u00f3n de las v\u00edctimas de los delitos.","og_url":"https:\/\/www.fiscalia.gov.co\/colombia\/noticias\/condenados-a-mas-de-40-anos-de-prision-por-el-atentado-contra-dos-hermanos-en-palermo-huila-en-2019\/","og_site_name":"Fiscal\u00eda General de la Naci\u00f3n","article_publisher":"https:\/\/www.facebook.com\/FiscaliaCol","article_published_time":"2023-11-24T19:00:14+00:00","og_image":[{"url":"https:\/\/www.fiscalia.gov.co\/colombia\/wp-content\/uploads\/yordan-fernando-medina-condena-homicidio-huila-300x194.jpeg","type":"","width":"","height":""}],"author":"Winnie Geraldine Rodr\u00edguez Navarrete","twitter_card":"summary_large_image","twitter_creator":"@FiscaliaCol","twitter_site":"@FiscaliaCol","twitter_misc":{"Escrito por":"Winnie Geraldine Rodr\u00edguez Navarrete","Tiempo de lectura":"3 minutos"},"schema":{"@context":"https:\/\/schema.org","@graph":[{"@type":"Article","@id":"https:\/\/www.fiscalia.gov.co\/colombia\/noticias\/condenados-a-mas-de-40-anos-de-prision-por-el-atentado-contra-dos-hermanos-en-palermo-huila-en-2019\/#article","isPartOf":{"@id":"https:\/\/www.fiscalia.gov.co\/colombia\/noticias\/condenados-a-mas-de-40-anos-de-prision-por-el-atentado-contra-dos-hermanos-en-palermo-huila-en-2019\/"},"author":{"name":"Winnie Geraldine Rodr\u00edguez Navarrete","@id":"https:\/\/www.fiscalia.gov.co\/colombia\/#\/schema\/person\/176195b99ebab0a52aafa15197e1bf80"},"headline":"Condenados a m\u00e1s de 40 a\u00f1os de prisi\u00f3n por el atentado contra dos hermanos en Palermo, Huila, en 2019","datePublished":"2023-11-24T19:00:14+00:00","dateModified":"2023-11-24T19:00:14+00:00","mainEntityOfPage":{"@id":"https:\/\/www.fiscalia.gov.co\/colombia\/noticias\/condenados-a-mas-de-40-anos-de-prision-por-el-atentado-contra-dos-hermanos-en-palermo-huila-en-2019\/"},"wordCount":475,"publisher":{"@id":"https:\/\/www.fiscalia.gov.co\/colombia\/#organization"},"image":{"@id":"https:\/\/www.fiscalia.gov.co\/colombia\/noticias\/condenados-a-mas-de-40-anos-de-prision-por-el-atentado-contra-dos-hermanos-en-palermo-huila-en-2019\/#primaryimage"},"thumbnailUrl":"https:\/\/www.fiscalia.gov.co\/colombia\/wp-content\/uploads\/yordan-fernando-medina-condena-homicidio-huila-300x194.jpeg","keywords":["Adolescente","Atentado","Condena","CTI","Fiscal\u00eda General de la Naci\u00f3n","Gota a Gota","Homicidio","Huila","Hurto","Palermo","Palermo (Huila)","Polic\u00eda","Secciona Huila.","Sentencia","Teruel","Unidad de Vida"],"articleSection":["Noticias","Seguridad territorial"],"inLanguage":"es-CO"},{"@type":"WebPage","@id":"https:\/\/www.fiscalia.gov.co\/colombia\/noticias\/condenados-a-mas-de-40-anos-de-prision-por-el-atentado-contra-dos-hermanos-en-palermo-huila-en-2019\/","url":"https:\/\/www.fiscalia.gov.co\/colombia\/noticias\/condenados-a-mas-de-40-anos-de-prision-por-el-atentado-contra-dos-hermanos-en-palermo-huila-en-2019\/","name":"Fiscal\u00eda General de la Naci\u00f3n","isPartOf":{"@id":"https:\/\/www.fiscalia.gov.co\/colombia\/#website"},"primaryImageOfPage":{"@id":"https:\/\/www.fiscalia.gov.co\/colombia\/noticias\/condenados-a-mas-de-40-anos-de-prision-por-el-atentado-contra-dos-hermanos-en-palermo-huila-en-2019\/#primaryimage"},"image":{"@id":"https:\/\/www.fiscalia.gov.co\/colombia\/noticias\/condenados-a-mas-de-40-anos-de-prision-por-el-atentado-contra-dos-hermanos-en-palermo-huila-en-2019\/#primaryimage"},"thumbnailUrl":"https:\/\/www.fiscalia.gov.co\/colombia\/wp-content\/uploads\/yordan-fernando-medina-condena-homicidio-huila-300x194.jpeg","datePublished":"2023-11-24T19:00:14+00:00","dateModified":"2023-11-24T19:00:14+00:00","description":"P\u00e1gina oficial de la Fiscal\u00eda General de la Naci\u00f3n \u2013 Colombia. Garantizamos el acceso efectivo a la justicia, la verdad y la reparaci\u00f3n de las v\u00edctimas de los delitos.","breadcrumb":{"@id":"https:\/\/www.fiscalia.gov.co\/colombia\/noticias\/condenados-a-mas-de-40-anos-de-prision-por-el-atentado-contra-dos-hermanos-en-palermo-huila-en-2019\/#breadcrumb"},"inLanguage":"es-CO","potentialAction":[{"@type":"ReadAction","target":["https:\/\/www.fiscalia.gov.co\/colombia\/noticias\/condenados-a-mas-de-40-anos-de-prision-por-el-atentado-contra-dos-hermanos-en-palermo-huila-en-2019\/"]}]},{"@type":"ImageObject","inLanguage":"es-CO","@id":"https:\/\/www.fiscalia.gov.co\/colombia\/noticias\/condenados-a-mas-de-40-anos-de-prision-por-el-atentado-contra-dos-hermanos-en-palermo-huila-en-2019\/#primaryimage","url":"https:\/\/www.fiscalia.gov.co\/colombia\/wp-content\/uploads\/yordan-fernando-medina-condena-homicidio-huila-300x194.jpeg","contentUrl":"https:\/\/www.fiscalia.gov.co\/colombia\/wp-content\/uploads\/yordan-fernando-medina-condena-homicidio-huila-300x194.jpeg"},{"@type":"BreadcrumbList","@id":"https:\/\/www.fiscalia.gov.co\/colombia\/noticias\/condenados-a-mas-de-40-anos-de-prision-por-el-atentado-contra-dos-hermanos-en-palermo-huila-en-2019\/#breadcrumb","itemListElement":[{"@type":"ListItem","position":1,"name":"Home","item":"https:\/\/www.fiscalia.gov.co\/colombia\/"},{"@type":"ListItem","position":2,"name":"Condenados a m\u00e1s de 40 a\u00f1os de prisi\u00f3n por el atentado contra dos hermanos en Palermo, Huila, en 2019"}]},{"@type":"WebSite","@id":"https:\/\/www.fiscalia.gov.co\/colombia\/#website","url":"https:\/\/www.fiscalia.gov.co\/colombia\/","name":"Fiscal\u00eda General de la Naci\u00f3n","description":"P\u00e1gina oficial de la Fiscal\u00eda General de la Naci\u00f3n \u2013 Colombia. Garantizamos el acceso efectivo a la justicia, la verdad y la reparaci\u00f3n de las v\u00edctimas de los delitos.","publisher":{"@id":"https:\/\/www.fiscalia.gov.co\/colombia\/#organization"},"potentialAction":[{"@type":"SearchAction","target":{"@type":"EntryPoint","urlTemplate":"https:\/\/www.fiscalia.gov.co\/colombia\/?s={search_term_string}"},"query-input":{"@type":"PropertyValueSpecification","valueRequired":true,"valueName":"search_term_string"}}],"inLanguage":"es-CO"},{"@type":"Organization","@id":"https:\/\/www.fiscalia.gov.co\/colombia\/#organization","name":"Fiscal\u00eda General de la Naci\u00f3n","url":"https:\/\/www.fiscalia.gov.co\/colombia\/","logo":{"@type":"ImageObject","inLanguage":"es-CO","@id":"https:\/\/www.fiscalia.gov.co\/colombia\/#\/schema\/logo\/image\/","url":"https:\/\/www.fiscalia.gov.co\/colombia\/wp-content\/uploads\/LogoHorizontal_1.jpg","contentUrl":"https:\/\/www.fiscalia.gov.co\/colombia\/wp-content\/uploads\/LogoHorizontal_1.jpg","width":300,"height":90,"caption":"Fiscal\u00eda General de la Naci\u00f3n"},"image":{"@id":"https:\/\/www.fiscalia.gov.co\/colombia\/#\/schema\/logo\/image\/"},"sameAs":["https:\/\/www.facebook.com\/FiscaliaCol","https:\/\/x.com\/FiscaliaCol","https:\/\/www.instagram.com\/fiscaliacol","https:\/\/www.linkedin.com\/company\/fiscalia-general-de-la-naci-n\/","https:\/\/youtube.com\/@fiscaliageneraldelanacion-4668?si=6nN79nyQICPU5iTh"]},{"@type":"Person","@id":"https:\/\/www.fiscalia.gov.co\/colombia\/#\/schema\/person\/176195b99ebab0a52aafa15197e1bf80","name":"Winnie Geraldine Rodr\u00edguez Navarrete","image":{"@type":"ImageObject","inLanguage":"es-CO","@id":"https:\/\/www.fiscalia.gov.co\/colombia\/#\/schema\/person\/image\/","url":"https:\/\/secure.gravatar.com\/avatar\/c24cf8481dc84fa5e8c7b20bc95ab0c6?s=96&d=mm&r=g","contentUrl":"https:\/\/secure.gravatar.com\/avatar\/c24cf8481dc84fa5e8c7b20bc95ab0c6?s=96&d=mm&r=g","caption":"Winnie Geraldine Rodr\u00edguez Navarrete"},"url":"https:\/\/www.fiscalia.gov.co\/colombia\/author\/winnierodriguez\/"}]}},"_links":{"self":[{"href":"https:\/\/www.fiscalia.gov.co\/colombia\/wp-json\/wp\/v2\/posts\/283936","targetHints":{"allow":["GET"]}}],"collection":[{"href":"https:\/\/www.fiscalia.gov.co\/colombia\/wp-json\/wp\/v2\/posts"}],"about":[{"href":"https:\/\/www.fiscalia.gov.co\/colombia\/wp-json\/wp\/v2\/types\/post"}],"author":[{"embeddable":true,"href":"https:\/\/www.fiscalia.gov.co\/colombia\/wp-json\/wp\/v2\/users\/178"}],"replies":[{"embeddable":true,"href":"https:\/\/www.fiscalia.gov.co\/colombia\/wp-json\/wp\/v2\/comments?post=283936"}],"version-history":[{"count":2,"href":"https:\/\/www.fiscalia.gov.co\/colombia\/wp-json\/wp\/v2\/posts\/283936\/revisions"}],"predecessor-version":[{"id":283939,"href":"https:\/\/www.fiscalia.gov.co\/colombia\/wp-json\/wp\/v2\/posts\/283936\/revisions\/283939"}],"wp:attachment":[{"href":"https:\/\/www.fiscalia.gov.co\/colombia\/wp-json\/wp\/v2\/media?parent=283936"}],"wp:term":[{"taxonomy":"category","embeddable":true,"href":"https:\/\/www.fiscalia.gov.co\/colombia\/wp-json\/wp\/v2\/categories?post=283936"},{"taxonomy":"post_tag","embeddable":true,"href":"https:\/\/www.fiscalia.gov.co\/colombia\/wp-json\/wp\/v2\/tags?post=283936"}],"curies":[{"name":"wp","href":"https:\/\/api.w.org\/{rel}","templated":true}]}}