{"id":283677,"date":"2023-11-21T14:02:28","date_gmt":"2023-11-21T19:02:28","guid":{"rendered":"https:\/\/www.fiscalia.gov.co\/colombia\/?p=283677"},"modified":"2023-11-28T16:04:48","modified_gmt":"2023-11-28T21:04:48","slug":"presunto-responsable-del-homicidio-de-un-adulto-mayor-fue-enviado-a-la-carcel-en-puerto-carreno","status":"publish","type":"post","link":"https:\/\/www.fiscalia.gov.co\/colombia\/noticias\/presunto-responsable-del-homicidio-de-un-adulto-mayor-fue-enviado-a-la-carcel-en-puerto-carreno\/","title":{"rendered":"Presunto responsable del homicidio de un adulto mayor fue enviado a la c\u00e1rcel en Puerto Carre\u00f1o"},"content":{"rendered":"<p>Como Juan Carlos Sangrona D\u00edaz fue identificado el hombre capturado en flagrancia el pasado 14 de noviembre, luego de que al parecer le causara la muerte a un hombre de 73 a\u00f1os por hurtarle algunas pertenec\u00edas.<\/p>\n<p>Los hechos que investig\u00f3 la Fiscal\u00eda sucedieron en un establecimiento p\u00fablico en el barrio La Esperanza, de Puerto Carre\u00f1o (Vichada), donde fue hallado el cuerpo de la v\u00edctima con heridas causadas con armas corto contundentes.<\/p>\n<figure id=\"attachment_283679\" aria-describedby=\"caption-attachment-283679\" style=\"width: 335px\" class=\"wp-caption aligncenter\"><img loading=\"lazy\" decoding=\"async\" class=\" wp-image-283679\" src=\"https:\/\/www.fiscalia.gov.co\/colombia\/wp-content\/uploads\/FOTO-1-15-289x300.jpg\" alt=\"El capturado tiene una camiseta blanca, gorra y est\u00e1 custodiado por un servidor del CTI de la Fiscal\u00eda y un uniformado de la Polic\u00eda Nacional.\" width=\"335\" height=\"348\" srcset=\"https:\/\/www.fiscalia.gov.co\/colombia\/wp-content\/uploads\/FOTO-1-15-289x300.jpg 289w, https:\/\/www.fiscalia.gov.co\/colombia\/wp-content\/uploads\/FOTO-1-15-768x796.jpg 768w, https:\/\/www.fiscalia.gov.co\/colombia\/wp-content\/uploads\/FOTO-1-15-696x722.jpg 696w, https:\/\/www.fiscalia.gov.co\/colombia\/wp-content\/uploads\/FOTO-1-15-405x420.jpg 405w, https:\/\/www.fiscalia.gov.co\/colombia\/wp-content\/uploads\/FOTO-1-15.jpg 845w\" sizes=\"auto, (max-width: 335px) 100vw, 335px\" \/><figcaption id=\"caption-attachment-283679\" class=\"wp-caption-text\">A Juan Carlos Sangrona D\u00edaz la Fiscal\u00eda lo imput\u00f3 por los delitos de homicidio agravado y hurto calificado y agravado.<\/figcaption><\/figure>\n<p>Ante el llamado de auxilio del adulto mayor la comunidad llam\u00f3 a la polic\u00eda que logr\u00f3 capturar r\u00e1pidamente al presunto responsable al que le fueron hallados un machete, un hacha, dinero en efectivo, un celular y documentos de identificaci\u00f3n del occiso, entre otros.<\/p>\n<p>La Fiscal\u00eda lo imput\u00f3 por los delitos de homicidio agravado y hurto calificado y agravado, a los que no se allan\u00f3. El juez acogi\u00f3 las pretensiones del ente acusado y legaliz\u00f3 la captura, los elementos incautados y lo envi\u00f3 a la c\u00e1rcel.<\/p>\n<p>Esta informaci\u00f3n se publica por razones de inter\u00e9s general.<\/p>\n<p><b><u>La Fiscal\u00eda habla con resultados\u00a0<\/u><\/b><\/p>\n<p>&nbsp;<\/p>\n<p>&nbsp;<\/p>\n<p>LAZL\/CFG\/EAP\/DSGV\/<\/p>\n<p>&nbsp;<\/p>\n<p><b>\u00a0<\/b><\/p>\n<p><b>\u00a0<\/b><\/p>\n<p><i>\u00a0<\/i><\/p>\n<p>Le puede interesar:<\/p>\n<p>&nbsp;<\/p>\n<p><a id=\"m_-5579311087252885057m_7904318054251139853OWA172a57a6-119b-6300-4f86-6c4d1dfa001e\" href=\"https:\/\/www.fiscalia.gov.co\/colombia\/noticias\/detencion-carcelaria-contra-dos-hombres-procesados-por-homicidio-agravado-y-hurto-calificado\/\" target=\"_blank\" rel=\"noopener noreferrer\" data-saferedirecturl=\"https:\/\/www.google.com\/url?q=https:\/\/www.fiscalia.gov.co\/colombia\/noticias\/detencion-carcelaria-contra-dos-hombres-procesados-por-homicidio-agravado-y-hurto-calificado\/&amp;source=gmail&amp;ust=1700679274809000&amp;usg=AOvVaw0U1GrCHwAzuIIWnu8eQOOs\">https:\/\/www.fiscalia.gov.co\/<wbr \/>colombia\/noticias\/detencion-<wbr \/>carcelaria-contra-dos-hombres-<wbr \/>procesados-por-homicidio-<wbr \/>agravado-y-hurto-calificado\/<\/a><\/p>\n<p>&nbsp;<\/p>\n<p><u><a id=\"m_-5579311087252885057m_7904318054251139853OWA5258739f-9774-1890-b8eb-60ad1e16a2df\" href=\"https:\/\/www.fiscalia.gov.co\/colombia\/noticias\/condenado-disidente-de-las-farc-a-17-anos-de-prision-por-homicidio-agravado\/\" target=\"_blank\" rel=\"noopener noreferrer\" data-saferedirecturl=\"https:\/\/www.google.com\/url?q=https:\/\/www.fiscalia.gov.co\/colombia\/noticias\/condenado-disidente-de-las-farc-a-17-anos-de-prision-por-homicidio-agravado\/&amp;source=gmail&amp;ust=1700679274809000&amp;usg=AOvVaw1H010iic0hEC5V8fjtvuCD\">https:\/\/www.fiscalia.gov.co\/<wbr \/>colombia\/noticias\/condenado-<wbr \/>disidente-de-las-farc-a-17-<wbr \/>anos-de-prision-por-homicidio-<wbr \/>agravado\/<\/a>\u00a0<\/u><\/p>\n<p><u>\u00a0<\/u><\/p>\n<p><u><a id=\"m_-5579311087252885057m_7904318054251139853OWA2bdf655e-c401-4c9d-37ba-51552a2beeac\" href=\"https:\/\/www.fiscalia.gov.co\/colombia\/noticias\/fiscalia-logro-condena-ejemplar-de-mas-de-39-anos-de-carcel-contra-un-hombre-por-ser-el-responsable-de-cometer-varios-delitos-entre-ellos-el-de-homicidio-agravado\/\" target=\"_blank\" rel=\"noopener noreferrer\" data-saferedirecturl=\"https:\/\/www.google.com\/url?q=https:\/\/www.fiscalia.gov.co\/colombia\/noticias\/fiscalia-logro-condena-ejemplar-de-mas-de-39-anos-de-carcel-contra-un-hombre-por-ser-el-responsable-de-cometer-varios-delitos-entre-ellos-el-de-homicidio-agravado\/&amp;source=gmail&amp;ust=1700679274809000&amp;usg=AOvVaw3R93B8qMfm4UUI56uv90sT\">https:\/\/www.fiscalia.gov.co\/<wbr \/>colombia\/noticias\/fiscalia-<wbr \/>logro-condena-ejemplar-de-mas-<wbr \/>de-39-anos-de-carcel-contra-<wbr \/>un-hombre-por-ser-el-<wbr \/>responsable-de-cometer-varios-<wbr \/>delitos-entre-ellos-el-de-<wbr \/>homicidio-agravado\/<\/a>\u00a0<\/u><\/p>\n<p><u>\u00a0<\/u><\/p>\n<p><u><a id=\"m_-5579311087252885057m_7904318054251139853OWA7583305c-815d-70ce-98e2-9102ba59b0f4\" href=\"https:\/\/www.fiscalia.gov.co\/colombia\/noticias\/detencion-carcelaria-contra-dos-hombres-procesados-por-homicidio-agravado-y-hurto-calificado\/\" target=\"_blank\" rel=\"noopener noreferrer\" data-saferedirecturl=\"https:\/\/www.google.com\/url?q=https:\/\/www.fiscalia.gov.co\/colombia\/noticias\/detencion-carcelaria-contra-dos-hombres-procesados-por-homicidio-agravado-y-hurto-calificado\/&amp;source=gmail&amp;ust=1700679274809000&amp;usg=AOvVaw0U1GrCHwAzuIIWnu8eQOOs\">https:\/\/www.fiscalia.gov.co\/<wbr \/>colombia\/noticias\/detencion-<wbr \/>carcelaria-contra-dos-hombres-<wbr \/>procesados-por-homicidio-<wbr \/>agravado-y-hurto-calificado\/<\/a>\u00a0<\/u><\/p>\n<p><u>\u00a0<\/u><\/p>\n<p><em>La informaci\u00f3n contenida en este bolet\u00edn de prensa corresponde a la narraci\u00f3n de los hechos noticiosos objetivos, suministrados por los funcionarios encargados de adelantar las investigaciones penales al interior de la Fiscal\u00eda General de la Naci\u00f3n. Para el momento de la divulgaci\u00f3n de este comunicado, la situaci\u00f3n jur\u00eddica de la(s) persona(s) relacionada(s) se encuentra pendiente de resolver por la autoridad\u00a0judicial competente, siempre bajo los preceptos de la presunci\u00f3n de inocencia, consagrados en el art\u00edculo 29 de la Constituci\u00f3n Pol\u00edtica y el art\u00edculo 7\u00ba de la Ley 906 de 2004.\u00a0<\/em><\/p>\n\n<div class=\"twitter-share\"><a href=\"https:\/\/twitter.com\/intent\/tweet?via=fiscaliacol\" class=\"twitter-share-button\">Tweet<\/a><\/div>\n","protected":false},"excerpt":{"rendered":"<p>Como Juan Carlos Sangrona D\u00edaz fue identificado el hombre capturado en flagrancia el pasado 14 de noviembre, luego de que al parecer le causara la muerte a un hombre de 73 a\u00f1os por hurtarle algunas pertenec\u00edas. Los hechos que investig\u00f3 la Fiscal\u00eda sucedieron en un establecimiento p\u00fablico en el barrio La Esperanza, de Puerto Carre\u00f1o [&hellip;]<\/p>\n","protected":false},"author":178,"featured_media":0,"comment_status":"closed","ping_status":"open","sticky":false,"template":"","format":"video","meta":{"tdm_status":"","tdm_grid_status":"","footnotes":""},"categories":[1,12637,303,24099],"tags":[924,1047,28261,1185,31918],"class_list":{"0":"post-283677","1":"post","2":"type-post","3":"status-publish","4":"format-video","6":"category-noticias","7":"category-seccional-vichada","8":"category-seccionales","9":"category-seguridad-territorial","10":"tag-captura","11":"tag-fiscalia-general-de-la-nacion","12":"tag-homicidio-agravado-en-concurso-con-hurto-calificado-y-agravado","13":"tag-medida-de-aseguramiento","14":"tag-puerto-carreno-vichada","15":"post_format-post-format-video"},"yoast_head":"<!-- This site is optimized with the Yoast SEO plugin v24.3 - https:\/\/yoast.com\/wordpress\/plugins\/seo\/ -->\n<title>Fiscal\u00eda General de la Naci\u00f3n<\/title>\n<meta name=\"description\" content=\"P\u00e1gina oficial de la Fiscal\u00eda General de la Naci\u00f3n \u2013 Colombia. Garantizamos el acceso efectivo a la justicia, la verdad y la reparaci\u00f3n de las v\u00edctimas de los delitos.\" \/>\n<meta name=\"robots\" content=\"noindex, follow\" \/>\n<meta property=\"og:locale\" content=\"es_ES\" \/>\n<meta property=\"og:type\" content=\"article\" \/>\n<meta property=\"og:title\" content=\"Fiscal\u00eda General de la Naci\u00f3n\" \/>\n<meta property=\"og:description\" content=\"P\u00e1gina oficial de la Fiscal\u00eda General de la Naci\u00f3n \u2013 Colombia. Garantizamos el acceso efectivo a la justicia, la verdad y la reparaci\u00f3n de las v\u00edctimas de los delitos.\" \/>\n<meta property=\"og:url\" content=\"https:\/\/www.fiscalia.gov.co\/colombia\/noticias\/presunto-responsable-del-homicidio-de-un-adulto-mayor-fue-enviado-a-la-carcel-en-puerto-carreno\/\" \/>\n<meta property=\"og:site_name\" content=\"Fiscal\u00eda General de la Naci\u00f3n\" \/>\n<meta property=\"article:publisher\" content=\"https:\/\/www.facebook.com\/FiscaliaCol\" \/>\n<meta property=\"article:published_time\" content=\"2023-11-21T19:02:28+00:00\" \/>\n<meta property=\"article:modified_time\" content=\"2023-11-28T21:04:48+00:00\" \/>\n<meta property=\"og:image\" content=\"https:\/\/www.fiscalia.gov.co\/colombia\/wp-content\/uploads\/FOTO-1-15-289x300.jpg\" \/>\n<meta name=\"author\" content=\"Winnie Geraldine Rodr\u00edguez Navarrete\" \/>\n<meta name=\"twitter:card\" content=\"summary_large_image\" \/>\n<meta name=\"twitter:creator\" content=\"@FiscaliaCol\" \/>\n<meta name=\"twitter:site\" content=\"@FiscaliaCol\" \/>\n<meta name=\"twitter:label1\" content=\"Escrito por\" \/>\n\t<meta name=\"twitter:data1\" content=\"Winnie Geraldine Rodr\u00edguez Navarrete\" \/>\n\t<meta name=\"twitter:label2\" content=\"Tiempo de lectura\" \/>\n\t<meta name=\"twitter:data2\" content=\"2 minutos\" \/>\n<script type=\"application\/ld+json\" class=\"yoast-schema-graph\">{\"@context\":\"https:\/\/schema.org\",\"@graph\":[{\"@type\":\"Article\",\"@id\":\"https:\/\/www.fiscalia.gov.co\/colombia\/noticias\/presunto-responsable-del-homicidio-de-un-adulto-mayor-fue-enviado-a-la-carcel-en-puerto-carreno\/#article\",\"isPartOf\":{\"@id\":\"https:\/\/www.fiscalia.gov.co\/colombia\/noticias\/presunto-responsable-del-homicidio-de-un-adulto-mayor-fue-enviado-a-la-carcel-en-puerto-carreno\/\"},\"author\":{\"name\":\"Winnie Geraldine Rodr\u00edguez Navarrete\",\"@id\":\"https:\/\/www.fiscalia.gov.co\/colombia\/#\/schema\/person\/176195b99ebab0a52aafa15197e1bf80\"},\"headline\":\"Presunto responsable del homicidio de un adulto mayor fue enviado a la c\u00e1rcel en Puerto Carre\u00f1o\",\"datePublished\":\"2023-11-21T19:02:28+00:00\",\"dateModified\":\"2023-11-28T21:04:48+00:00\",\"mainEntityOfPage\":{\"@id\":\"https:\/\/www.fiscalia.gov.co\/colombia\/noticias\/presunto-responsable-del-homicidio-de-un-adulto-mayor-fue-enviado-a-la-carcel-en-puerto-carreno\/\"},\"wordCount\":378,\"publisher\":{\"@id\":\"https:\/\/www.fiscalia.gov.co\/colombia\/#organization\"},\"image\":{\"@id\":\"https:\/\/www.fiscalia.gov.co\/colombia\/noticias\/presunto-responsable-del-homicidio-de-un-adulto-mayor-fue-enviado-a-la-carcel-en-puerto-carreno\/#primaryimage\"},\"thumbnailUrl\":\"https:\/\/www.fiscalia.gov.co\/colombia\/wp-content\/uploads\/FOTO-1-15-289x300.jpg\",\"keywords\":[\"Captura\",\"Fiscal\u00eda General de la Naci\u00f3n\",\"homicidio agravado en concurso con hurto calificado y agravado\",\"Medida de aseguramiento\",\"Puerto Carre\u00f1o (Vichada)\"],\"articleSection\":[\"Noticias\",\"Seccional Vichada\",\"Seccionales\",\"Seguridad territorial\"],\"inLanguage\":\"es-CO\"},{\"@type\":\"WebPage\",\"@id\":\"https:\/\/www.fiscalia.gov.co\/colombia\/noticias\/presunto-responsable-del-homicidio-de-un-adulto-mayor-fue-enviado-a-la-carcel-en-puerto-carreno\/\",\"url\":\"https:\/\/www.fiscalia.gov.co\/colombia\/noticias\/presunto-responsable-del-homicidio-de-un-adulto-mayor-fue-enviado-a-la-carcel-en-puerto-carreno\/\",\"name\":\"Fiscal\u00eda General de la Naci\u00f3n\",\"isPartOf\":{\"@id\":\"https:\/\/www.fiscalia.gov.co\/colombia\/#website\"},\"primaryImageOfPage\":{\"@id\":\"https:\/\/www.fiscalia.gov.co\/colombia\/noticias\/presunto-responsable-del-homicidio-de-un-adulto-mayor-fue-enviado-a-la-carcel-en-puerto-carreno\/#primaryimage\"},\"image\":{\"@id\":\"https:\/\/www.fiscalia.gov.co\/colombia\/noticias\/presunto-responsable-del-homicidio-de-un-adulto-mayor-fue-enviado-a-la-carcel-en-puerto-carreno\/#primaryimage\"},\"thumbnailUrl\":\"https:\/\/www.fiscalia.gov.co\/colombia\/wp-content\/uploads\/FOTO-1-15-289x300.jpg\",\"datePublished\":\"2023-11-21T19:02:28+00:00\",\"dateModified\":\"2023-11-28T21:04:48+00:00\",\"description\":\"P\u00e1gina oficial de la Fiscal\u00eda General de la Naci\u00f3n \u2013 Colombia. Garantizamos el acceso efectivo a la justicia, la verdad y la reparaci\u00f3n de las v\u00edctimas de los delitos.\",\"breadcrumb\":{\"@id\":\"https:\/\/www.fiscalia.gov.co\/colombia\/noticias\/presunto-responsable-del-homicidio-de-un-adulto-mayor-fue-enviado-a-la-carcel-en-puerto-carreno\/#breadcrumb\"},\"inLanguage\":\"es-CO\",\"potentialAction\":[{\"@type\":\"ReadAction\",\"target\":[\"https:\/\/www.fiscalia.gov.co\/colombia\/noticias\/presunto-responsable-del-homicidio-de-un-adulto-mayor-fue-enviado-a-la-carcel-en-puerto-carreno\/\"]}]},{\"@type\":\"ImageObject\",\"inLanguage\":\"es-CO\",\"@id\":\"https:\/\/www.fiscalia.gov.co\/colombia\/noticias\/presunto-responsable-del-homicidio-de-un-adulto-mayor-fue-enviado-a-la-carcel-en-puerto-carreno\/#primaryimage\",\"url\":\"https:\/\/www.fiscalia.gov.co\/colombia\/wp-content\/uploads\/FOTO-1-15.jpg\",\"contentUrl\":\"https:\/\/www.fiscalia.gov.co\/colombia\/wp-content\/uploads\/FOTO-1-15.jpg\",\"width\":845,\"height\":876,\"caption\":\"A Juan Carlos Sangrona D\u00edaz la Fiscal\u00eda lo imput\u00f3 por los delitos de homicidio agravado y hurto calificado y agravado.\"},{\"@type\":\"BreadcrumbList\",\"@id\":\"https:\/\/www.fiscalia.gov.co\/colombia\/noticias\/presunto-responsable-del-homicidio-de-un-adulto-mayor-fue-enviado-a-la-carcel-en-puerto-carreno\/#breadcrumb\",\"itemListElement\":[{\"@type\":\"ListItem\",\"position\":1,\"name\":\"Home\",\"item\":\"https:\/\/www.fiscalia.gov.co\/colombia\/\"},{\"@type\":\"ListItem\",\"position\":2,\"name\":\"Presunto responsable del homicidio de un adulto mayor fue enviado a la c\u00e1rcel en Puerto Carre\u00f1o\"}]},{\"@type\":\"WebSite\",\"@id\":\"https:\/\/www.fiscalia.gov.co\/colombia\/#website\",\"url\":\"https:\/\/www.fiscalia.gov.co\/colombia\/\",\"name\":\"Fiscal\u00eda General de la Naci\u00f3n\",\"description\":\"P\u00e1gina oficial de la Fiscal\u00eda General de la Naci\u00f3n \u2013 Colombia. Garantizamos el acceso efectivo a la justicia, la verdad y la reparaci\u00f3n de las v\u00edctimas de los delitos.\",\"publisher\":{\"@id\":\"https:\/\/www.fiscalia.gov.co\/colombia\/#organization\"},\"potentialAction\":[{\"@type\":\"SearchAction\",\"target\":{\"@type\":\"EntryPoint\",\"urlTemplate\":\"https:\/\/www.fiscalia.gov.co\/colombia\/?s={search_term_string}\"},\"query-input\":{\"@type\":\"PropertyValueSpecification\",\"valueRequired\":true,\"valueName\":\"search_term_string\"}}],\"inLanguage\":\"es-CO\"},{\"@type\":\"Organization\",\"@id\":\"https:\/\/www.fiscalia.gov.co\/colombia\/#organization\",\"name\":\"Fiscal\u00eda General de la Naci\u00f3n\",\"url\":\"https:\/\/www.fiscalia.gov.co\/colombia\/\",\"logo\":{\"@type\":\"ImageObject\",\"inLanguage\":\"es-CO\",\"@id\":\"https:\/\/www.fiscalia.gov.co\/colombia\/#\/schema\/logo\/image\/\",\"url\":\"https:\/\/www.fiscalia.gov.co\/colombia\/wp-content\/uploads\/LogoHorizontal_1.jpg\",\"contentUrl\":\"https:\/\/www.fiscalia.gov.co\/colombia\/wp-content\/uploads\/LogoHorizontal_1.jpg\",\"width\":300,\"height\":90,\"caption\":\"Fiscal\u00eda General de la Naci\u00f3n\"},\"image\":{\"@id\":\"https:\/\/www.fiscalia.gov.co\/colombia\/#\/schema\/logo\/image\/\"},\"sameAs\":[\"https:\/\/www.facebook.com\/FiscaliaCol\",\"https:\/\/x.com\/FiscaliaCol\",\"https:\/\/www.instagram.com\/fiscaliacol\",\"https:\/\/www.linkedin.com\/company\/fiscalia-general-de-la-naci-n\/\",\"https:\/\/youtube.com\/@fiscaliageneraldelanacion-4668?si=6nN79nyQICPU5iTh\"]},{\"@type\":\"Person\",\"@id\":\"https:\/\/www.fiscalia.gov.co\/colombia\/#\/schema\/person\/176195b99ebab0a52aafa15197e1bf80\",\"name\":\"Winnie Geraldine Rodr\u00edguez Navarrete\",\"image\":{\"@type\":\"ImageObject\",\"inLanguage\":\"es-CO\",\"@id\":\"https:\/\/www.fiscalia.gov.co\/colombia\/#\/schema\/person\/image\/\",\"url\":\"https:\/\/secure.gravatar.com\/avatar\/c24cf8481dc84fa5e8c7b20bc95ab0c6?s=96&d=mm&r=g\",\"contentUrl\":\"https:\/\/secure.gravatar.com\/avatar\/c24cf8481dc84fa5e8c7b20bc95ab0c6?s=96&d=mm&r=g\",\"caption\":\"Winnie Geraldine Rodr\u00edguez Navarrete\"},\"url\":\"https:\/\/www.fiscalia.gov.co\/colombia\/author\/winnierodriguez\/\"}]}<\/script>\n<!-- \/ Yoast SEO plugin. -->","yoast_head_json":{"title":"Fiscal\u00eda General de la Naci\u00f3n","description":"P\u00e1gina oficial de la Fiscal\u00eda General de la Naci\u00f3n \u2013 Colombia. Garantizamos el acceso efectivo a la justicia, la verdad y la reparaci\u00f3n de las v\u00edctimas de los delitos.","robots":{"index":"noindex","follow":"follow"},"og_locale":"es_ES","og_type":"article","og_title":"Fiscal\u00eda General de la Naci\u00f3n","og_description":"P\u00e1gina oficial de la Fiscal\u00eda General de la Naci\u00f3n \u2013 Colombia. Garantizamos el acceso efectivo a la justicia, la verdad y la reparaci\u00f3n de las v\u00edctimas de los delitos.","og_url":"https:\/\/www.fiscalia.gov.co\/colombia\/noticias\/presunto-responsable-del-homicidio-de-un-adulto-mayor-fue-enviado-a-la-carcel-en-puerto-carreno\/","og_site_name":"Fiscal\u00eda General de la Naci\u00f3n","article_publisher":"https:\/\/www.facebook.com\/FiscaliaCol","article_published_time":"2023-11-21T19:02:28+00:00","article_modified_time":"2023-11-28T21:04:48+00:00","og_image":[{"url":"https:\/\/www.fiscalia.gov.co\/colombia\/wp-content\/uploads\/FOTO-1-15-289x300.jpg","type":"","width":"","height":""}],"author":"Winnie Geraldine Rodr\u00edguez Navarrete","twitter_card":"summary_large_image","twitter_creator":"@FiscaliaCol","twitter_site":"@FiscaliaCol","twitter_misc":{"Escrito por":"Winnie Geraldine Rodr\u00edguez Navarrete","Tiempo de lectura":"2 minutos"},"schema":{"@context":"https:\/\/schema.org","@graph":[{"@type":"Article","@id":"https:\/\/www.fiscalia.gov.co\/colombia\/noticias\/presunto-responsable-del-homicidio-de-un-adulto-mayor-fue-enviado-a-la-carcel-en-puerto-carreno\/#article","isPartOf":{"@id":"https:\/\/www.fiscalia.gov.co\/colombia\/noticias\/presunto-responsable-del-homicidio-de-un-adulto-mayor-fue-enviado-a-la-carcel-en-puerto-carreno\/"},"author":{"name":"Winnie Geraldine Rodr\u00edguez Navarrete","@id":"https:\/\/www.fiscalia.gov.co\/colombia\/#\/schema\/person\/176195b99ebab0a52aafa15197e1bf80"},"headline":"Presunto responsable del homicidio de un adulto mayor fue enviado a la c\u00e1rcel en Puerto Carre\u00f1o","datePublished":"2023-11-21T19:02:28+00:00","dateModified":"2023-11-28T21:04:48+00:00","mainEntityOfPage":{"@id":"https:\/\/www.fiscalia.gov.co\/colombia\/noticias\/presunto-responsable-del-homicidio-de-un-adulto-mayor-fue-enviado-a-la-carcel-en-puerto-carreno\/"},"wordCount":378,"publisher":{"@id":"https:\/\/www.fiscalia.gov.co\/colombia\/#organization"},"image":{"@id":"https:\/\/www.fiscalia.gov.co\/colombia\/noticias\/presunto-responsable-del-homicidio-de-un-adulto-mayor-fue-enviado-a-la-carcel-en-puerto-carreno\/#primaryimage"},"thumbnailUrl":"https:\/\/www.fiscalia.gov.co\/colombia\/wp-content\/uploads\/FOTO-1-15-289x300.jpg","keywords":["Captura","Fiscal\u00eda General de la Naci\u00f3n","homicidio agravado en concurso con hurto calificado y agravado","Medida de aseguramiento","Puerto Carre\u00f1o (Vichada)"],"articleSection":["Noticias","Seccional Vichada","Seccionales","Seguridad territorial"],"inLanguage":"es-CO"},{"@type":"WebPage","@id":"https:\/\/www.fiscalia.gov.co\/colombia\/noticias\/presunto-responsable-del-homicidio-de-un-adulto-mayor-fue-enviado-a-la-carcel-en-puerto-carreno\/","url":"https:\/\/www.fiscalia.gov.co\/colombia\/noticias\/presunto-responsable-del-homicidio-de-un-adulto-mayor-fue-enviado-a-la-carcel-en-puerto-carreno\/","name":"Fiscal\u00eda General de la Naci\u00f3n","isPartOf":{"@id":"https:\/\/www.fiscalia.gov.co\/colombia\/#website"},"primaryImageOfPage":{"@id":"https:\/\/www.fiscalia.gov.co\/colombia\/noticias\/presunto-responsable-del-homicidio-de-un-adulto-mayor-fue-enviado-a-la-carcel-en-puerto-carreno\/#primaryimage"},"image":{"@id":"https:\/\/www.fiscalia.gov.co\/colombia\/noticias\/presunto-responsable-del-homicidio-de-un-adulto-mayor-fue-enviado-a-la-carcel-en-puerto-carreno\/#primaryimage"},"thumbnailUrl":"https:\/\/www.fiscalia.gov.co\/colombia\/wp-content\/uploads\/FOTO-1-15-289x300.jpg","datePublished":"2023-11-21T19:02:28+00:00","dateModified":"2023-11-28T21:04:48+00:00","description":"P\u00e1gina oficial de la Fiscal\u00eda General de la Naci\u00f3n \u2013 Colombia. Garantizamos el acceso efectivo a la justicia, la verdad y la reparaci\u00f3n de las v\u00edctimas de los delitos.","breadcrumb":{"@id":"https:\/\/www.fiscalia.gov.co\/colombia\/noticias\/presunto-responsable-del-homicidio-de-un-adulto-mayor-fue-enviado-a-la-carcel-en-puerto-carreno\/#breadcrumb"},"inLanguage":"es-CO","potentialAction":[{"@type":"ReadAction","target":["https:\/\/www.fiscalia.gov.co\/colombia\/noticias\/presunto-responsable-del-homicidio-de-un-adulto-mayor-fue-enviado-a-la-carcel-en-puerto-carreno\/"]}]},{"@type":"ImageObject","inLanguage":"es-CO","@id":"https:\/\/www.fiscalia.gov.co\/colombia\/noticias\/presunto-responsable-del-homicidio-de-un-adulto-mayor-fue-enviado-a-la-carcel-en-puerto-carreno\/#primaryimage","url":"https:\/\/www.fiscalia.gov.co\/colombia\/wp-content\/uploads\/FOTO-1-15.jpg","contentUrl":"https:\/\/www.fiscalia.gov.co\/colombia\/wp-content\/uploads\/FOTO-1-15.jpg","width":845,"height":876,"caption":"A Juan Carlos Sangrona D\u00edaz la Fiscal\u00eda lo imput\u00f3 por los delitos de homicidio agravado y hurto calificado y agravado."},{"@type":"BreadcrumbList","@id":"https:\/\/www.fiscalia.gov.co\/colombia\/noticias\/presunto-responsable-del-homicidio-de-un-adulto-mayor-fue-enviado-a-la-carcel-en-puerto-carreno\/#breadcrumb","itemListElement":[{"@type":"ListItem","position":1,"name":"Home","item":"https:\/\/www.fiscalia.gov.co\/colombia\/"},{"@type":"ListItem","position":2,"name":"Presunto responsable del homicidio de un adulto mayor fue enviado a la c\u00e1rcel en Puerto Carre\u00f1o"}]},{"@type":"WebSite","@id":"https:\/\/www.fiscalia.gov.co\/colombia\/#website","url":"https:\/\/www.fiscalia.gov.co\/colombia\/","name":"Fiscal\u00eda General de la Naci\u00f3n","description":"P\u00e1gina oficial de la Fiscal\u00eda General de la Naci\u00f3n \u2013 Colombia. Garantizamos el acceso efectivo a la justicia, la verdad y la reparaci\u00f3n de las v\u00edctimas de los delitos.","publisher":{"@id":"https:\/\/www.fiscalia.gov.co\/colombia\/#organization"},"potentialAction":[{"@type":"SearchAction","target":{"@type":"EntryPoint","urlTemplate":"https:\/\/www.fiscalia.gov.co\/colombia\/?s={search_term_string}"},"query-input":{"@type":"PropertyValueSpecification","valueRequired":true,"valueName":"search_term_string"}}],"inLanguage":"es-CO"},{"@type":"Organization","@id":"https:\/\/www.fiscalia.gov.co\/colombia\/#organization","name":"Fiscal\u00eda General de la Naci\u00f3n","url":"https:\/\/www.fiscalia.gov.co\/colombia\/","logo":{"@type":"ImageObject","inLanguage":"es-CO","@id":"https:\/\/www.fiscalia.gov.co\/colombia\/#\/schema\/logo\/image\/","url":"https:\/\/www.fiscalia.gov.co\/colombia\/wp-content\/uploads\/LogoHorizontal_1.jpg","contentUrl":"https:\/\/www.fiscalia.gov.co\/colombia\/wp-content\/uploads\/LogoHorizontal_1.jpg","width":300,"height":90,"caption":"Fiscal\u00eda General de la Naci\u00f3n"},"image":{"@id":"https:\/\/www.fiscalia.gov.co\/colombia\/#\/schema\/logo\/image\/"},"sameAs":["https:\/\/www.facebook.com\/FiscaliaCol","https:\/\/x.com\/FiscaliaCol","https:\/\/www.instagram.com\/fiscaliacol","https:\/\/www.linkedin.com\/company\/fiscalia-general-de-la-naci-n\/","https:\/\/youtube.com\/@fiscaliageneraldelanacion-4668?si=6nN79nyQICPU5iTh"]},{"@type":"Person","@id":"https:\/\/www.fiscalia.gov.co\/colombia\/#\/schema\/person\/176195b99ebab0a52aafa15197e1bf80","name":"Winnie Geraldine Rodr\u00edguez Navarrete","image":{"@type":"ImageObject","inLanguage":"es-CO","@id":"https:\/\/www.fiscalia.gov.co\/colombia\/#\/schema\/person\/image\/","url":"https:\/\/secure.gravatar.com\/avatar\/c24cf8481dc84fa5e8c7b20bc95ab0c6?s=96&d=mm&r=g","contentUrl":"https:\/\/secure.gravatar.com\/avatar\/c24cf8481dc84fa5e8c7b20bc95ab0c6?s=96&d=mm&r=g","caption":"Winnie Geraldine Rodr\u00edguez Navarrete"},"url":"https:\/\/www.fiscalia.gov.co\/colombia\/author\/winnierodriguez\/"}]}},"_links":{"self":[{"href":"https:\/\/www.fiscalia.gov.co\/colombia\/wp-json\/wp\/v2\/posts\/283677","targetHints":{"allow":["GET"]}}],"collection":[{"href":"https:\/\/www.fiscalia.gov.co\/colombia\/wp-json\/wp\/v2\/posts"}],"about":[{"href":"https:\/\/www.fiscalia.gov.co\/colombia\/wp-json\/wp\/v2\/types\/post"}],"author":[{"embeddable":true,"href":"https:\/\/www.fiscalia.gov.co\/colombia\/wp-json\/wp\/v2\/users\/178"}],"replies":[{"embeddable":true,"href":"https:\/\/www.fiscalia.gov.co\/colombia\/wp-json\/wp\/v2\/comments?post=283677"}],"version-history":[{"count":3,"href":"https:\/\/www.fiscalia.gov.co\/colombia\/wp-json\/wp\/v2\/posts\/283677\/revisions"}],"predecessor-version":[{"id":284112,"href":"https:\/\/www.fiscalia.gov.co\/colombia\/wp-json\/wp\/v2\/posts\/283677\/revisions\/284112"}],"wp:attachment":[{"href":"https:\/\/www.fiscalia.gov.co\/colombia\/wp-json\/wp\/v2\/media?parent=283677"}],"wp:term":[{"taxonomy":"category","embeddable":true,"href":"https:\/\/www.fiscalia.gov.co\/colombia\/wp-json\/wp\/v2\/categories?post=283677"},{"taxonomy":"post_tag","embeddable":true,"href":"https:\/\/www.fiscalia.gov.co\/colombia\/wp-json\/wp\/v2\/tags?post=283677"}],"curies":[{"name":"wp","href":"https:\/\/api.w.org\/{rel}","templated":true}]}}