{"id":283564,"date":"2023-11-19T10:14:19","date_gmt":"2023-11-19T15:14:19","guid":{"rendered":"https:\/\/www.fiscalia.gov.co\/colombia\/?p=283564"},"modified":"2023-11-19T10:14:19","modified_gmt":"2023-11-19T15:14:19","slug":"carcel-para-los-senalados-articuladores-principales-de-una-red-narcotraficante-senalada-de-sacar-cocaina-por-el-puerto-de-buenaventura-en-mercancia-tipo-exportacion","status":"publish","type":"post","link":"https:\/\/www.fiscalia.gov.co\/colombia\/noticias\/carcel-para-los-senalados-articuladores-principales-de-una-red-narcotraficante-senalada-de-sacar-cocaina-por-el-puerto-de-buenaventura-en-mercancia-tipo-exportacion\/","title":{"rendered":"C\u00e1rcel para los se\u00f1alados articuladores principales de una red narcotraficante se\u00f1alada de sacar coca\u00edna por el puerto de Buenaventura en mercanc\u00eda tipo exportaci\u00f3n"},"content":{"rendered":"<p>&nbsp;<\/p>\n<ul>\n<li>\n<h4><strong><em>La organizaci\u00f3n ilegal, al parecer, contactaba a integrantes de la Polic\u00eda Nacional que trabajaban en la terminal mar\u00edtima para que permitieran el ingreso del estupefaciente.<\/em><\/strong><\/h4>\n<\/li>\n<li>\n<h4><strong><em>Paralelo al proceso penal fueron ocupados con fines de extinci\u00f3n de dominio 16 bienes que pertenecer\u00edan a los posibles cabecillas de la estructura criminal.<\/em><\/strong><\/h4>\n<\/li>\n<\/ul>\n<p>La Fiscal\u00eda General de la Naci\u00f3n, en articulaci\u00f3n con la Polic\u00eda Nacional, identific\u00f3 a tres de los se\u00f1alados articuladores de una red narcotraficante que estar\u00eda involucrada en el env\u00edo de toneladas de clorhidrato de coca\u00edna desde el puerto de Buenaventura (Valle del Cauca) hacia Centroam\u00e9rica y Europa.<\/p>\n<p>La organizaci\u00f3n ilegal, al parecer, contactaba y pagaba a integrantes de la Polic\u00eda Nacional que cumpl\u00edan funciones en la terminal mar\u00edtima para que permitieran el ingreso del estupefaciente a las bodegas de carga, y facilitaran el posterior camuflaje en contendores que sal\u00edan del pa\u00eds con pi\u00f1a enlatada, abono org\u00e1nico y pl\u00e1stico molido, entre otros productos.<\/p>\n<p>Adicionalmente, la estructura criminal recib\u00eda de algunos uniformados informaci\u00f3n privilegiada sobre los movimientos portuarios, as\u00ed como la programaci\u00f3n de llegada y salida de los buques que transportan mercanc\u00eda. Con estos detalles, presuntamente, se planeaba la log\u00edstica de entrada y ocultamiento de los alijos.<\/p>\n<p>En diligencias realizadas en Buenaventura fueron capturados los posibles articuladores de la red. Se trata de Justino Coral Perea, alias T\u00edo; Jim Brayan Coral Pretel, alias Brayan; y Ronal Monta\u00f1o Mari\u00f1ez. A estas personas les fueron incautados 330 millones de pesos y 875 kilogramos de clorhidrato de coca\u00edna, en tres procedimientos distintos.<\/p>\n<p>Un fiscal de la Direcci\u00f3n Especializada contra el Narcotr\u00e1fico imput\u00f3 a los detenidos los delitos de tr\u00e1fico, fabricaci\u00f3n o porte de estupefacientes agravado y concierto para delinquir.<\/p>\n<p>Por disposici\u00f3n de un juez de control de garant\u00edas, todos los procesados recibieron medida de aseguramiento en establecimiento carcelario.<\/p>\n<p><strong>Afectaci\u00f3n a las finanzas ilegales<\/strong><\/p>\n<p>De manera simult\u00e1nea al proceso penal, fiscales de la Direcci\u00f3n Especializada de Extinci\u00f3n del Derecho de Dominio impusieron medidas cautelares de suspensi\u00f3n del poder dispositivo, embargo, secuestro y toma de posesi\u00f3n sobre 16 bienes que figuran a nombre de los posibles cabecillas y personas cercanas a la red narcotraficante.<\/p>\n<p>Las propiedades afectadas ascienden en valor a 2.600 millones de pesos. Se trata de 2 establecimientos de comercio, 5 sociedades de papel, 5 inmuebles urbanos y 4 veh\u00edculos, los cuales fueron ocupados en diligencias realizadas de manera conjunta con la Polic\u00eda Nacional en Cali, Jamund\u00ed y Buenaventura (Valle del Cauca); y Apartad\u00f3 (Antioquia).<\/p>\n<p>Estos resultados hacen parte de la estrategia \u2018Argenta\u2019, dispuesta por el Fiscal General de la Naci\u00f3n, Francisco Barbosa Delgado, para afectar las finanzas de la criminalidad organizadas y del narcotr\u00e1fico.<\/p>\n<p>La Sociedad de Activos Especiales (SAE) ser\u00e1 la encargada de administrar los bienes ocupados.<\/p>\n<p>Esta informaci\u00f3n se publica por razones de inter\u00e9s general.<\/p>\n<p><strong>La Fiscal\u00eda habla con resultados.<\/strong><\/p>\n<p>&nbsp;<\/p>\n<p>&nbsp;<\/p>\n<p>LMFO\/JARG\/DG\/LPDS\/DEEDD\/NOBG\/DECN\/MRC\/<\/p>\n<p>&nbsp;<\/p>\n<p>&nbsp;<\/p>\n<p>&nbsp;<\/p>\n<p><i>La informaci\u00f3n contenida en este bolet\u00edn de prensa corresponde a la narraci\u00f3n de los hechos noticiosos objetivos, suministrados por los funcionarios encargados de adelantar las investigaciones penales al interior de la Fiscal\u00eda General de la Naci\u00f3n. Para el momento de la divulgaci\u00f3n de este comunicado, la situaci\u00f3n jur\u00eddica de la(s) persona(s) relacionada(s) se encuentra pendiente de resolver por la autoridad judicial competente, siempre bajo los preceptos de la presunci\u00f3n de inocencia, consagrados en el art\u00edculo 29 de la Constituci\u00f3n Pol\u00edtica y el art\u00edculo 7\u00ba de la Ley 906 de 2004.<\/i><\/p>\n\n<div class=\"twitter-share\"><a href=\"https:\/\/twitter.com\/intent\/tweet?via=fiscaliacol\" class=\"twitter-share-button\">Tweet<\/a><\/div>\n","protected":false},"excerpt":{"rendered":"<p>&nbsp; La organizaci\u00f3n ilegal, al parecer, contactaba a integrantes de la Polic\u00eda Nacional que trabajaban en la terminal mar\u00edtima para que permitieran el ingreso del estupefaciente. Paralelo al proceso penal fueron ocupados con fines de extinci\u00f3n de dominio 16 bienes que pertenecer\u00edan a los posibles cabecillas de la estructura criminal. La Fiscal\u00eda General de la [&hellip;]<\/p>\n","protected":false},"author":179,"featured_media":0,"comment_status":"closed","ping_status":"open","sticky":false,"template":"","format":"standard","meta":{"tdm_status":"","tdm_grid_status":"","footnotes":""},"categories":[24115,1],"tags":[26214,23814,1441,24158,24185,1047,36263],"class_list":{"0":"post-283564","1":"post","2":"type-post","3":"status-publish","4":"format-standard","6":"category-narcotrafico","7":"category-noticias","8":"tag-argenta","9":"tag-buenaventura","10":"tag-extincion-de-dominio","11":"tag-finanzas-criminales","12":"tag-fiscal-barbosa","13":"tag-fiscalia-general-de-la-nacion","14":"tag-narcotraico"},"yoast_head":"<!-- This site is optimized with the Yoast SEO plugin v24.3 - https:\/\/yoast.com\/wordpress\/plugins\/seo\/ -->\n<title>Fiscal\u00eda General de la Naci\u00f3n<\/title>\n<meta name=\"description\" content=\"P\u00e1gina oficial de la Fiscal\u00eda General de la Naci\u00f3n \u2013 Colombia. Garantizamos el acceso efectivo a la justicia, la verdad y la reparaci\u00f3n de las v\u00edctimas de los delitos.\" \/>\n<meta name=\"robots\" content=\"noindex, follow\" \/>\n<meta property=\"og:locale\" content=\"es_ES\" \/>\n<meta property=\"og:type\" content=\"article\" \/>\n<meta property=\"og:title\" content=\"Fiscal\u00eda General de la Naci\u00f3n\" \/>\n<meta property=\"og:description\" content=\"P\u00e1gina oficial de la Fiscal\u00eda General de la Naci\u00f3n \u2013 Colombia. Garantizamos el acceso efectivo a la justicia, la verdad y la reparaci\u00f3n de las v\u00edctimas de los delitos.\" \/>\n<meta property=\"og:url\" content=\"https:\/\/www.fiscalia.gov.co\/colombia\/noticias\/carcel-para-los-senalados-articuladores-principales-de-una-red-narcotraficante-senalada-de-sacar-cocaina-por-el-puerto-de-buenaventura-en-mercancia-tipo-exportacion\/\" \/>\n<meta property=\"og:site_name\" content=\"Fiscal\u00eda General de la Naci\u00f3n\" \/>\n<meta property=\"article:publisher\" content=\"https:\/\/www.facebook.com\/FiscaliaCol\" \/>\n<meta property=\"article:published_time\" content=\"2023-11-19T15:14:19+00:00\" \/>\n<meta name=\"author\" content=\"Lesly Katherine Segura Camargo.\" \/>\n<meta name=\"twitter:card\" content=\"summary_large_image\" \/>\n<meta name=\"twitter:creator\" content=\"@FiscaliaCol\" \/>\n<meta name=\"twitter:site\" content=\"@FiscaliaCol\" \/>\n<meta name=\"twitter:label1\" content=\"Escrito por\" \/>\n\t<meta name=\"twitter:data1\" content=\"Lesly Katherine Segura Camargo.\" \/>\n\t<meta name=\"twitter:label2\" content=\"Tiempo de lectura\" \/>\n\t<meta name=\"twitter:data2\" content=\"3 minutos\" \/>\n<script type=\"application\/ld+json\" class=\"yoast-schema-graph\">{\"@context\":\"https:\/\/schema.org\",\"@graph\":[{\"@type\":\"Article\",\"@id\":\"https:\/\/www.fiscalia.gov.co\/colombia\/noticias\/carcel-para-los-senalados-articuladores-principales-de-una-red-narcotraficante-senalada-de-sacar-cocaina-por-el-puerto-de-buenaventura-en-mercancia-tipo-exportacion\/#article\",\"isPartOf\":{\"@id\":\"https:\/\/www.fiscalia.gov.co\/colombia\/noticias\/carcel-para-los-senalados-articuladores-principales-de-una-red-narcotraficante-senalada-de-sacar-cocaina-por-el-puerto-de-buenaventura-en-mercancia-tipo-exportacion\/\"},\"author\":{\"name\":\"Lesly Katherine Segura Camargo.\",\"@id\":\"https:\/\/www.fiscalia.gov.co\/colombia\/#\/schema\/person\/6be81acb78add0abcbda2c598c1d53e1\"},\"headline\":\"C\u00e1rcel para los se\u00f1alados articuladores principales de una red narcotraficante se\u00f1alada de sacar coca\u00edna por el puerto de Buenaventura en mercanc\u00eda tipo exportaci\u00f3n\",\"datePublished\":\"2023-11-19T15:14:19+00:00\",\"dateModified\":\"2023-11-19T15:14:19+00:00\",\"mainEntityOfPage\":{\"@id\":\"https:\/\/www.fiscalia.gov.co\/colombia\/noticias\/carcel-para-los-senalados-articuladores-principales-de-una-red-narcotraficante-senalada-de-sacar-cocaina-por-el-puerto-de-buenaventura-en-mercancia-tipo-exportacion\/\"},\"wordCount\":644,\"publisher\":{\"@id\":\"https:\/\/www.fiscalia.gov.co\/colombia\/#organization\"},\"keywords\":[\"Argenta\",\"Buenaventura\",\"Extinci\u00f3n de dominio\",\"Finanzas criminales\",\"Fiscal Barbosa\",\"Fiscal\u00eda General de la Naci\u00f3n\",\"narcotr\u00e1ico\"],\"articleSection\":[\"Narcotr\u00e1fico\",\"Noticias\"],\"inLanguage\":\"es-CO\"},{\"@type\":\"WebPage\",\"@id\":\"https:\/\/www.fiscalia.gov.co\/colombia\/noticias\/carcel-para-los-senalados-articuladores-principales-de-una-red-narcotraficante-senalada-de-sacar-cocaina-por-el-puerto-de-buenaventura-en-mercancia-tipo-exportacion\/\",\"url\":\"https:\/\/www.fiscalia.gov.co\/colombia\/noticias\/carcel-para-los-senalados-articuladores-principales-de-una-red-narcotraficante-senalada-de-sacar-cocaina-por-el-puerto-de-buenaventura-en-mercancia-tipo-exportacion\/\",\"name\":\"Fiscal\u00eda General de la Naci\u00f3n\",\"isPartOf\":{\"@id\":\"https:\/\/www.fiscalia.gov.co\/colombia\/#website\"},\"datePublished\":\"2023-11-19T15:14:19+00:00\",\"dateModified\":\"2023-11-19T15:14:19+00:00\",\"description\":\"P\u00e1gina oficial de la Fiscal\u00eda General de la Naci\u00f3n \u2013 Colombia. Garantizamos el acceso efectivo a la justicia, la verdad y la reparaci\u00f3n de las v\u00edctimas de los delitos.\",\"breadcrumb\":{\"@id\":\"https:\/\/www.fiscalia.gov.co\/colombia\/noticias\/carcel-para-los-senalados-articuladores-principales-de-una-red-narcotraficante-senalada-de-sacar-cocaina-por-el-puerto-de-buenaventura-en-mercancia-tipo-exportacion\/#breadcrumb\"},\"inLanguage\":\"es-CO\",\"potentialAction\":[{\"@type\":\"ReadAction\",\"target\":[\"https:\/\/www.fiscalia.gov.co\/colombia\/noticias\/carcel-para-los-senalados-articuladores-principales-de-una-red-narcotraficante-senalada-de-sacar-cocaina-por-el-puerto-de-buenaventura-en-mercancia-tipo-exportacion\/\"]}]},{\"@type\":\"BreadcrumbList\",\"@id\":\"https:\/\/www.fiscalia.gov.co\/colombia\/noticias\/carcel-para-los-senalados-articuladores-principales-de-una-red-narcotraficante-senalada-de-sacar-cocaina-por-el-puerto-de-buenaventura-en-mercancia-tipo-exportacion\/#breadcrumb\",\"itemListElement\":[{\"@type\":\"ListItem\",\"position\":1,\"name\":\"Home\",\"item\":\"https:\/\/www.fiscalia.gov.co\/colombia\/\"},{\"@type\":\"ListItem\",\"position\":2,\"name\":\"C\u00e1rcel para los se\u00f1alados articuladores principales de una red narcotraficante se\u00f1alada de sacar coca\u00edna por el puerto de Buenaventura en mercanc\u00eda tipo exportaci\u00f3n\"}]},{\"@type\":\"WebSite\",\"@id\":\"https:\/\/www.fiscalia.gov.co\/colombia\/#website\",\"url\":\"https:\/\/www.fiscalia.gov.co\/colombia\/\",\"name\":\"Fiscal\u00eda General de la Naci\u00f3n\",\"description\":\"P\u00e1gina oficial de la Fiscal\u00eda General de la Naci\u00f3n \u2013 Colombia. Garantizamos el acceso efectivo a la justicia, la verdad y la reparaci\u00f3n de las v\u00edctimas de los delitos.\",\"publisher\":{\"@id\":\"https:\/\/www.fiscalia.gov.co\/colombia\/#organization\"},\"potentialAction\":[{\"@type\":\"SearchAction\",\"target\":{\"@type\":\"EntryPoint\",\"urlTemplate\":\"https:\/\/www.fiscalia.gov.co\/colombia\/?s={search_term_string}\"},\"query-input\":{\"@type\":\"PropertyValueSpecification\",\"valueRequired\":true,\"valueName\":\"search_term_string\"}}],\"inLanguage\":\"es-CO\"},{\"@type\":\"Organization\",\"@id\":\"https:\/\/www.fiscalia.gov.co\/colombia\/#organization\",\"name\":\"Fiscal\u00eda General de la Naci\u00f3n\",\"url\":\"https:\/\/www.fiscalia.gov.co\/colombia\/\",\"logo\":{\"@type\":\"ImageObject\",\"inLanguage\":\"es-CO\",\"@id\":\"https:\/\/www.fiscalia.gov.co\/colombia\/#\/schema\/logo\/image\/\",\"url\":\"https:\/\/www.fiscalia.gov.co\/colombia\/wp-content\/uploads\/LogoHorizontal_1.jpg\",\"contentUrl\":\"https:\/\/www.fiscalia.gov.co\/colombia\/wp-content\/uploads\/LogoHorizontal_1.jpg\",\"width\":300,\"height\":90,\"caption\":\"Fiscal\u00eda General de la Naci\u00f3n\"},\"image\":{\"@id\":\"https:\/\/www.fiscalia.gov.co\/colombia\/#\/schema\/logo\/image\/\"},\"sameAs\":[\"https:\/\/www.facebook.com\/FiscaliaCol\",\"https:\/\/x.com\/FiscaliaCol\",\"https:\/\/www.instagram.com\/fiscaliacol\",\"https:\/\/www.linkedin.com\/company\/fiscalia-general-de-la-naci-n\/\",\"https:\/\/youtube.com\/@fiscaliageneraldelanacion-4668?si=6nN79nyQICPU5iTh\"]},{\"@type\":\"Person\",\"@id\":\"https:\/\/www.fiscalia.gov.co\/colombia\/#\/schema\/person\/6be81acb78add0abcbda2c598c1d53e1\",\"name\":\"Lesly Katherine Segura Camargo.\",\"image\":{\"@type\":\"ImageObject\",\"inLanguage\":\"es-CO\",\"@id\":\"https:\/\/www.fiscalia.gov.co\/colombia\/#\/schema\/person\/image\/\",\"url\":\"https:\/\/secure.gravatar.com\/avatar\/1892091c53ef3b9c2fcb37ca6066e439?s=96&d=mm&r=g\",\"contentUrl\":\"https:\/\/secure.gravatar.com\/avatar\/1892091c53ef3b9c2fcb37ca6066e439?s=96&d=mm&r=g\",\"caption\":\"Lesly Katherine Segura Camargo.\"},\"url\":\"https:\/\/www.fiscalia.gov.co\/colombia\/author\/lesly-segura\/\"}]}<\/script>\n<!-- \/ Yoast SEO plugin. -->","yoast_head_json":{"title":"Fiscal\u00eda General de la Naci\u00f3n","description":"P\u00e1gina oficial de la Fiscal\u00eda General de la Naci\u00f3n \u2013 Colombia. Garantizamos el acceso efectivo a la justicia, la verdad y la reparaci\u00f3n de las v\u00edctimas de los delitos.","robots":{"index":"noindex","follow":"follow"},"og_locale":"es_ES","og_type":"article","og_title":"Fiscal\u00eda General de la Naci\u00f3n","og_description":"P\u00e1gina oficial de la Fiscal\u00eda General de la Naci\u00f3n \u2013 Colombia. Garantizamos el acceso efectivo a la justicia, la verdad y la reparaci\u00f3n de las v\u00edctimas de los delitos.","og_url":"https:\/\/www.fiscalia.gov.co\/colombia\/noticias\/carcel-para-los-senalados-articuladores-principales-de-una-red-narcotraficante-senalada-de-sacar-cocaina-por-el-puerto-de-buenaventura-en-mercancia-tipo-exportacion\/","og_site_name":"Fiscal\u00eda General de la Naci\u00f3n","article_publisher":"https:\/\/www.facebook.com\/FiscaliaCol","article_published_time":"2023-11-19T15:14:19+00:00","author":"Lesly Katherine Segura Camargo.","twitter_card":"summary_large_image","twitter_creator":"@FiscaliaCol","twitter_site":"@FiscaliaCol","twitter_misc":{"Escrito por":"Lesly Katherine Segura Camargo.","Tiempo de lectura":"3 minutos"},"schema":{"@context":"https:\/\/schema.org","@graph":[{"@type":"Article","@id":"https:\/\/www.fiscalia.gov.co\/colombia\/noticias\/carcel-para-los-senalados-articuladores-principales-de-una-red-narcotraficante-senalada-de-sacar-cocaina-por-el-puerto-de-buenaventura-en-mercancia-tipo-exportacion\/#article","isPartOf":{"@id":"https:\/\/www.fiscalia.gov.co\/colombia\/noticias\/carcel-para-los-senalados-articuladores-principales-de-una-red-narcotraficante-senalada-de-sacar-cocaina-por-el-puerto-de-buenaventura-en-mercancia-tipo-exportacion\/"},"author":{"name":"Lesly Katherine Segura Camargo.","@id":"https:\/\/www.fiscalia.gov.co\/colombia\/#\/schema\/person\/6be81acb78add0abcbda2c598c1d53e1"},"headline":"C\u00e1rcel para los se\u00f1alados articuladores principales de una red narcotraficante se\u00f1alada de sacar coca\u00edna por el puerto de Buenaventura en mercanc\u00eda tipo exportaci\u00f3n","datePublished":"2023-11-19T15:14:19+00:00","dateModified":"2023-11-19T15:14:19+00:00","mainEntityOfPage":{"@id":"https:\/\/www.fiscalia.gov.co\/colombia\/noticias\/carcel-para-los-senalados-articuladores-principales-de-una-red-narcotraficante-senalada-de-sacar-cocaina-por-el-puerto-de-buenaventura-en-mercancia-tipo-exportacion\/"},"wordCount":644,"publisher":{"@id":"https:\/\/www.fiscalia.gov.co\/colombia\/#organization"},"keywords":["Argenta","Buenaventura","Extinci\u00f3n de dominio","Finanzas criminales","Fiscal Barbosa","Fiscal\u00eda General de la Naci\u00f3n","narcotr\u00e1ico"],"articleSection":["Narcotr\u00e1fico","Noticias"],"inLanguage":"es-CO"},{"@type":"WebPage","@id":"https:\/\/www.fiscalia.gov.co\/colombia\/noticias\/carcel-para-los-senalados-articuladores-principales-de-una-red-narcotraficante-senalada-de-sacar-cocaina-por-el-puerto-de-buenaventura-en-mercancia-tipo-exportacion\/","url":"https:\/\/www.fiscalia.gov.co\/colombia\/noticias\/carcel-para-los-senalados-articuladores-principales-de-una-red-narcotraficante-senalada-de-sacar-cocaina-por-el-puerto-de-buenaventura-en-mercancia-tipo-exportacion\/","name":"Fiscal\u00eda General de la Naci\u00f3n","isPartOf":{"@id":"https:\/\/www.fiscalia.gov.co\/colombia\/#website"},"datePublished":"2023-11-19T15:14:19+00:00","dateModified":"2023-11-19T15:14:19+00:00","description":"P\u00e1gina oficial de la Fiscal\u00eda General de la Naci\u00f3n \u2013 Colombia. Garantizamos el acceso efectivo a la justicia, la verdad y la reparaci\u00f3n de las v\u00edctimas de los delitos.","breadcrumb":{"@id":"https:\/\/www.fiscalia.gov.co\/colombia\/noticias\/carcel-para-los-senalados-articuladores-principales-de-una-red-narcotraficante-senalada-de-sacar-cocaina-por-el-puerto-de-buenaventura-en-mercancia-tipo-exportacion\/#breadcrumb"},"inLanguage":"es-CO","potentialAction":[{"@type":"ReadAction","target":["https:\/\/www.fiscalia.gov.co\/colombia\/noticias\/carcel-para-los-senalados-articuladores-principales-de-una-red-narcotraficante-senalada-de-sacar-cocaina-por-el-puerto-de-buenaventura-en-mercancia-tipo-exportacion\/"]}]},{"@type":"BreadcrumbList","@id":"https:\/\/www.fiscalia.gov.co\/colombia\/noticias\/carcel-para-los-senalados-articuladores-principales-de-una-red-narcotraficante-senalada-de-sacar-cocaina-por-el-puerto-de-buenaventura-en-mercancia-tipo-exportacion\/#breadcrumb","itemListElement":[{"@type":"ListItem","position":1,"name":"Home","item":"https:\/\/www.fiscalia.gov.co\/colombia\/"},{"@type":"ListItem","position":2,"name":"C\u00e1rcel para los se\u00f1alados articuladores principales de una red narcotraficante se\u00f1alada de sacar coca\u00edna por el puerto de Buenaventura en mercanc\u00eda tipo exportaci\u00f3n"}]},{"@type":"WebSite","@id":"https:\/\/www.fiscalia.gov.co\/colombia\/#website","url":"https:\/\/www.fiscalia.gov.co\/colombia\/","name":"Fiscal\u00eda General de la Naci\u00f3n","description":"P\u00e1gina oficial de la Fiscal\u00eda General de la Naci\u00f3n \u2013 Colombia. Garantizamos el acceso efectivo a la justicia, la verdad y la reparaci\u00f3n de las v\u00edctimas de los delitos.","publisher":{"@id":"https:\/\/www.fiscalia.gov.co\/colombia\/#organization"},"potentialAction":[{"@type":"SearchAction","target":{"@type":"EntryPoint","urlTemplate":"https:\/\/www.fiscalia.gov.co\/colombia\/?s={search_term_string}"},"query-input":{"@type":"PropertyValueSpecification","valueRequired":true,"valueName":"search_term_string"}}],"inLanguage":"es-CO"},{"@type":"Organization","@id":"https:\/\/www.fiscalia.gov.co\/colombia\/#organization","name":"Fiscal\u00eda General de la Naci\u00f3n","url":"https:\/\/www.fiscalia.gov.co\/colombia\/","logo":{"@type":"ImageObject","inLanguage":"es-CO","@id":"https:\/\/www.fiscalia.gov.co\/colombia\/#\/schema\/logo\/image\/","url":"https:\/\/www.fiscalia.gov.co\/colombia\/wp-content\/uploads\/LogoHorizontal_1.jpg","contentUrl":"https:\/\/www.fiscalia.gov.co\/colombia\/wp-content\/uploads\/LogoHorizontal_1.jpg","width":300,"height":90,"caption":"Fiscal\u00eda General de la Naci\u00f3n"},"image":{"@id":"https:\/\/www.fiscalia.gov.co\/colombia\/#\/schema\/logo\/image\/"},"sameAs":["https:\/\/www.facebook.com\/FiscaliaCol","https:\/\/x.com\/FiscaliaCol","https:\/\/www.instagram.com\/fiscaliacol","https:\/\/www.linkedin.com\/company\/fiscalia-general-de-la-naci-n\/","https:\/\/youtube.com\/@fiscaliageneraldelanacion-4668?si=6nN79nyQICPU5iTh"]},{"@type":"Person","@id":"https:\/\/www.fiscalia.gov.co\/colombia\/#\/schema\/person\/6be81acb78add0abcbda2c598c1d53e1","name":"Lesly Katherine Segura Camargo.","image":{"@type":"ImageObject","inLanguage":"es-CO","@id":"https:\/\/www.fiscalia.gov.co\/colombia\/#\/schema\/person\/image\/","url":"https:\/\/secure.gravatar.com\/avatar\/1892091c53ef3b9c2fcb37ca6066e439?s=96&d=mm&r=g","contentUrl":"https:\/\/secure.gravatar.com\/avatar\/1892091c53ef3b9c2fcb37ca6066e439?s=96&d=mm&r=g","caption":"Lesly Katherine Segura Camargo."},"url":"https:\/\/www.fiscalia.gov.co\/colombia\/author\/lesly-segura\/"}]}},"_links":{"self":[{"href":"https:\/\/www.fiscalia.gov.co\/colombia\/wp-json\/wp\/v2\/posts\/283564","targetHints":{"allow":["GET"]}}],"collection":[{"href":"https:\/\/www.fiscalia.gov.co\/colombia\/wp-json\/wp\/v2\/posts"}],"about":[{"href":"https:\/\/www.fiscalia.gov.co\/colombia\/wp-json\/wp\/v2\/types\/post"}],"author":[{"embeddable":true,"href":"https:\/\/www.fiscalia.gov.co\/colombia\/wp-json\/wp\/v2\/users\/179"}],"replies":[{"embeddable":true,"href":"https:\/\/www.fiscalia.gov.co\/colombia\/wp-json\/wp\/v2\/comments?post=283564"}],"version-history":[{"count":1,"href":"https:\/\/www.fiscalia.gov.co\/colombia\/wp-json\/wp\/v2\/posts\/283564\/revisions"}],"predecessor-version":[{"id":283565,"href":"https:\/\/www.fiscalia.gov.co\/colombia\/wp-json\/wp\/v2\/posts\/283564\/revisions\/283565"}],"wp:attachment":[{"href":"https:\/\/www.fiscalia.gov.co\/colombia\/wp-json\/wp\/v2\/media?parent=283564"}],"wp:term":[{"taxonomy":"category","embeddable":true,"href":"https:\/\/www.fiscalia.gov.co\/colombia\/wp-json\/wp\/v2\/categories?post=283564"},{"taxonomy":"post_tag","embeddable":true,"href":"https:\/\/www.fiscalia.gov.co\/colombia\/wp-json\/wp\/v2\/tags?post=283564"}],"curies":[{"name":"wp","href":"https:\/\/api.w.org\/{rel}","templated":true}]}}