{"id":283356,"date":"2023-11-15T12:18:57","date_gmt":"2023-11-15T17:18:57","guid":{"rendered":"https:\/\/www.fiscalia.gov.co\/colombia\/?p=283356"},"modified":"2023-11-22T17:33:40","modified_gmt":"2023-11-22T22:33:40","slug":"impactada-organizacion-los-robles-con-la-captura-de-ocho-personas-por-hurto-a-traves-de-medios-informaticos-en-ibague","status":"publish","type":"post","link":"https:\/\/www.fiscalia.gov.co\/colombia\/noticias\/impactada-organizacion-los-robles-con-la-captura-de-ocho-personas-por-hurto-a-traves-de-medios-informaticos-en-ibague\/","title":{"rendered":"Impactada organizaci\u00f3n Los Robles con la captura de ocho personas por hurto a trav\u00e9s de medios inform\u00e1ticos en Ibagu\u00e9"},"content":{"rendered":"<h4><strong><i>De acuerdo con los an\u00e1lisis adelantados por personal de la Secci\u00f3n de An\u00e1lisis Criminal CTI de la Fiscal\u00eda en el Tolima, estas personas se comunicaban v\u00eda telef\u00f3nica con empleados de una reconocida empresa de encomiendas, haci\u00e9ndose pasar por personal de soporte t\u00e9cnico, para convencerlos de permitirles acceso remoto a servidores, y as\u00ed realizar millonarias transferencias. \u00a0<\/i>\u00a0<\/strong><\/h4>\n<p>Por los delitos de concierto para delinquir, hurto por medios inform\u00e1ticos y semejantes y acceso abusivo a un sistema inform\u00e1tico la Fiscal\u00eda General de la Naci\u00f3n logr\u00f3 en el Tolima la judicializaci\u00f3n de ocho personas se\u00f1aladas de pertenecer a un grupo de delincuencia organizada conocido como Los Robles a quienes se les atribuye el hurto de m\u00e1s de $600 millones.<\/p>\n<figure id=\"attachment_283357\" aria-describedby=\"caption-attachment-283357\" style=\"width: 696px\" class=\"wp-caption aligncenter\"><img loading=\"lazy\" decoding=\"async\" class=\"size-large wp-image-283357\" src=\"https:\/\/www.fiscalia.gov.co\/colombia\/wp-content\/uploads\/pie-de-foto-1-los-robles-4-1024x575.jpeg\" alt=\"En la imagen se ve un grupo de personas detenidas bajo custodia del CTI y la Polic\u00eda. Detr\u00e1s suyo un backing de la Fiscal\u00eda. \" width=\"696\" height=\"391\" srcset=\"https:\/\/www.fiscalia.gov.co\/colombia\/wp-content\/uploads\/pie-de-foto-1-los-robles-4-1024x575.jpeg 1024w, https:\/\/www.fiscalia.gov.co\/colombia\/wp-content\/uploads\/pie-de-foto-1-los-robles-4-300x168.jpeg 300w, https:\/\/www.fiscalia.gov.co\/colombia\/wp-content\/uploads\/pie-de-foto-1-los-robles-4-768x431.jpeg 768w, https:\/\/www.fiscalia.gov.co\/colombia\/wp-content\/uploads\/pie-de-foto-1-los-robles-4-1536x862.jpeg 1536w, https:\/\/www.fiscalia.gov.co\/colombia\/wp-content\/uploads\/pie-de-foto-1-los-robles-4-696x391.jpeg 696w, https:\/\/www.fiscalia.gov.co\/colombia\/wp-content\/uploads\/pie-de-foto-1-los-robles-4-1068x599.jpeg 1068w, https:\/\/www.fiscalia.gov.co\/colombia\/wp-content\/uploads\/pie-de-foto-1-los-robles-4-748x420.jpeg 748w, https:\/\/www.fiscalia.gov.co\/colombia\/wp-content\/uploads\/pie-de-foto-1-los-robles-4.jpeg 1600w\" sizes=\"auto, (max-width: 696px) 100vw, 696px\" \/><figcaption id=\"caption-attachment-283357\" class=\"wp-caption-text\">Los procesados fueron detenidos en diferentes ciudades del pa\u00eds. En la imagen de izquierda a derecha Rufino G\u00f3mez Alvarado, Mildre Mar\u00eda Miranda Blanquicett, Jairo Alonso V\u00e9lez Carmona, presunto l\u00edder y Candelaria del Carmen Benavides Aguas.<\/figcaption><\/figure>\n<p>Ellos son: Jairo Alonso V\u00e9lez Carmona, de 32 a\u00f1os; se\u00f1alado como el l\u00edder del grupo delictivo; Yerson Javid Bonilla Trilloz, de 25 a\u00f1os; Mildre Mar\u00eda Miranda Blanquicett, de 30 a\u00f1os; Rufino G\u00f3mez Alvarado, de 83 a\u00f1os; Briceida de Jes\u00fas Ram\u00edrez Escorcia, de 47 a\u00f1os; Candelaria del Carmen Benavides Aguas, de 40 a\u00f1os, Jenifer Jim\u00e9nez Bonilla, de 30 a\u00f1os de edad y\u00a0C\u00e9sar Augusto Estrada Ram\u00edrez, de 31 a\u00f1os de edad.<\/p>\n<p>Al primero le fue impuesta medida de aseguramiento intramuros mientras que al resto de sus compa\u00f1eros domiciliaria mientras avanza la investigaci\u00f3n en su contra.<\/p>\n<p>La Fiscal\u00eda cuenta con elementos materiales probatorios suficientes para demostrar la culpabilidad de los procesados que, haci\u00e9ndose pasar por personal de soporte t\u00e9cnico de una reconocida empresa de mensajer\u00eda y encomiendas con presencia nacional, enga\u00f1aban a sus v\u00edctimas para ingresar de manera abusiva a sus computadores y as\u00ed a sus cuentas extrayendo millonarias sumas de dinero que posteriormente eran repartidas en diferentes cuentas a nombre de terceros.<\/p>\n<figure id=\"attachment_283358\" aria-describedby=\"caption-attachment-283358\" style=\"width: 696px\" class=\"wp-caption aligncenter\"><img loading=\"lazy\" decoding=\"async\" class=\"size-large wp-image-283358\" src=\"https:\/\/www.fiscalia.gov.co\/colombia\/wp-content\/uploads\/pie-de-foto-2-los-robles-3-1024x574.jpeg\" alt=\"tres personas detenidas bajo custodia del CTI y la Fuerza A\u00e9rea. Detr\u00e1s suyo un backing institucional. \" width=\"696\" height=\"390\" srcset=\"https:\/\/www.fiscalia.gov.co\/colombia\/wp-content\/uploads\/pie-de-foto-2-los-robles-3-1024x574.jpeg 1024w, https:\/\/www.fiscalia.gov.co\/colombia\/wp-content\/uploads\/pie-de-foto-2-los-robles-3-300x168.jpeg 300w, https:\/\/www.fiscalia.gov.co\/colombia\/wp-content\/uploads\/pie-de-foto-2-los-robles-3-768x431.jpeg 768w, https:\/\/www.fiscalia.gov.co\/colombia\/wp-content\/uploads\/pie-de-foto-2-los-robles-3-1536x861.jpeg 1536w, https:\/\/www.fiscalia.gov.co\/colombia\/wp-content\/uploads\/pie-de-foto-2-los-robles-3-696x390.jpeg 696w, https:\/\/www.fiscalia.gov.co\/colombia\/wp-content\/uploads\/pie-de-foto-2-los-robles-3-1068x599.jpeg 1068w, https:\/\/www.fiscalia.gov.co\/colombia\/wp-content\/uploads\/pie-de-foto-2-los-robles-3-749x420.jpeg 749w, https:\/\/www.fiscalia.gov.co\/colombia\/wp-content\/uploads\/pie-de-foto-2-los-robles-3.jpeg 1600w\" sizes=\"auto, (max-width: 696px) 100vw, 696px\" \/><figcaption id=\"caption-attachment-283358\" class=\"wp-caption-text\">En la imagen de izquierda a derecha Yerson Javid Bonilla Trilloz, Briceida de Jes\u00fas Ram\u00edrez Escorcia y Jenifer Jim\u00e9nez Bonilla.<\/figcaption><\/figure>\n<p>El ente acusador a trav\u00e9s de un despacho de la Estructura de Apoyo de la Seccional Tolima tiene documentadas ocho noticias criminales las cuales fueron conexadas al identificar el mismo modus operandi entre el a\u00f1o 2017 al a\u00f1o 2022 en El Espinal e Ibagu\u00e9, Tolima; Pradera, Valle del Cauca; Villa de Leyva, Boyac\u00e1; Bogot\u00e1 y Tena, Cundinamarca y Neiva, Huila.<\/p>\n<p>Cada uno de sus integrantes desempe\u00f1ar\u00eda un rol espec\u00edfico destac\u00e1ndose entre ellos el presunto l\u00edder quien ser\u00eda el encargado de acceder abusivamente al sistema a trav\u00e9s de una herramienta de acceso remoto desde donde proced\u00eda a crear remitentes con datos inexistentes y se dispersar\u00eda el dinero.<\/p>\n<figure id=\"attachment_283359\" aria-describedby=\"caption-attachment-283359\" style=\"width: 696px\" class=\"wp-caption aligncenter\"><img loading=\"lazy\" decoding=\"async\" class=\"size-large wp-image-283359\" src=\"https:\/\/www.fiscalia.gov.co\/colombia\/wp-content\/uploads\/pie-de-foto-3-uno-877x1024.jpeg\" alt=\"En la imagen se ve un hombre detenido bajo custodia de la Polic\u00eda y el CTI. Detr\u00e1s suyo un backing de la Fiscal\u00eda. \" width=\"696\" height=\"813\" srcset=\"https:\/\/www.fiscalia.gov.co\/colombia\/wp-content\/uploads\/pie-de-foto-3-uno-877x1024.jpeg 877w, https:\/\/www.fiscalia.gov.co\/colombia\/wp-content\/uploads\/pie-de-foto-3-uno-257x300.jpeg 257w, https:\/\/www.fiscalia.gov.co\/colombia\/wp-content\/uploads\/pie-de-foto-3-uno-768x896.jpeg 768w, https:\/\/www.fiscalia.gov.co\/colombia\/wp-content\/uploads\/pie-de-foto-3-uno-1316x1536.jpeg 1316w, https:\/\/www.fiscalia.gov.co\/colombia\/wp-content\/uploads\/pie-de-foto-3-uno-696x812.jpeg 696w, https:\/\/www.fiscalia.gov.co\/colombia\/wp-content\/uploads\/pie-de-foto-3-uno-1068x1246.jpeg 1068w, https:\/\/www.fiscalia.gov.co\/colombia\/wp-content\/uploads\/pie-de-foto-3-uno-360x420.jpeg 360w, https:\/\/www.fiscalia.gov.co\/colombia\/wp-content\/uploads\/pie-de-foto-3-uno.jpeg 1371w\" sizes=\"auto, (max-width: 696px) 100vw, 696px\" \/><figcaption id=\"caption-attachment-283359\" class=\"wp-caption-text\">C\u00e9sar Augusto Estrada Ram\u00edrez har\u00eda parte de la organizaci\u00f3n delictiva dedicada al hurto por medios infrom\u00e1ticos.<\/figcaption><\/figure>\n<p>Igualmente har\u00eda uso de un corresponsal bancario para transferir dinero sin dejar trazabilidad, actividad ampliamente demostrada en los elementos materiales de prueba y evidencia f\u00edsica recaudada por la polic\u00eda judicial del CTI.<\/p>\n<p>Otros se desempe\u00f1ar\u00edan como \u2018pitufos o drops\u2019, encargados de abrir cuentas para recibir el dinero producto del il\u00edcito, actividad en la que se tienen identificadas cerca de 20 personas situadas en su mayor\u00eda en la Costa Atl\u00e1ntica.<\/p>\n<p>Ninguno acept\u00f3 los cargos enrostrados por el delegado fiscal.<\/p>\n<p style=\"text-align: left;\" align=\"center\"><b><u>La Fiscal\u00eda habla con resultados.\u00a0<\/u><\/b><\/p>\n<p>&nbsp;<\/p>\n<p>&nbsp;<\/p>\n<p>&nbsp;<\/p>\n<p>&nbsp;<\/p>\n<p>&nbsp;<\/p>\n<p>&nbsp;<\/p>\n<p>PAAM\/LYBT\/MRH\/AMBV\/DST<\/p>\n<p>&nbsp;<\/p>\n<p>&nbsp;<\/p>\n<p>&nbsp;<\/p>\n<p>&nbsp;<\/p>\n<p>&nbsp;<\/p>\n<div class=\"td-post-content tagdiv-type\">\n<div class=\"td-post-content tagdiv-type\">\n<div class=\"td-post-content tagdiv-type\">\n<p><i>La informaci\u00f3n contenida en este bolet\u00edn de prensa corresponde a la narraci\u00f3n de los hechos noticiosos objetivos, suministrados por los funcionarios encargados de adelantar las investigaciones penales al interior de la Fiscal\u00eda General de la Naci\u00f3n. Para el momento de la divulgaci\u00f3n de este comunicado, la situaci\u00f3n jur\u00eddica de la(s) persona(s) relacionada(s) se encuentra pendiente de resolver por la autoridad judicial competente, siempre bajo los preceptos de la presunci\u00f3n de inocencia, consagrados en el art\u00edculo 29 de la Constituci\u00f3n Pol\u00edtica y el art\u00edculo 7\u00ba de la Ley 906 de 2004.<\/i><\/p>\n<\/div>\n<\/div>\n<\/div>\n\n<div class=\"twitter-share\"><a href=\"https:\/\/twitter.com\/intent\/tweet?via=fiscaliacol\" class=\"twitter-share-button\">Tweet<\/a><\/div>\n","protected":false},"excerpt":{"rendered":"<p>De acuerdo con los an\u00e1lisis adelantados por personal de la Secci\u00f3n de An\u00e1lisis Criminal CTI de la Fiscal\u00eda en el Tolima, estas personas se comunicaban v\u00eda telef\u00f3nica con empleados de una reconocida empresa de encomiendas, haci\u00e9ndose pasar por personal de soporte t\u00e9cnico, para convencerlos de permitirles acceso remoto a servidores, y as\u00ed realizar millonarias transferencias. [&hellip;]<\/p>\n","protected":false},"author":177,"featured_media":283773,"comment_status":"closed","ping_status":"open","sticky":false,"template":"","format":"video","meta":{"_price":"","_stock":"","_tribe_ticket_header":"","_tribe_default_ticket_provider":"","_tribe_ticket_capacity":"0","_ticket_start_date":"","_ticket_end_date":"","_tribe_ticket_show_description":"","_tribe_ticket_show_not_going":false,"_tribe_ticket_use_global_stock":"","_tribe_ticket_global_stock_level":"","_global_stock_mode":"","_global_stock_cap":"","_tribe_rsvp_for_event":"","_tribe_ticket_going_count":"","_tribe_ticket_not_going_count":"","_tribe_tickets_list":"[]","_tribe_ticket_has_attendee_info_fields":false,"tdm_status":"","tdm_grid_status":"","footnotes":""},"categories":[1,329,303,24099],"tags":[25131,14450,15585,45,36197,977,26039,24536,36199,24347,1047,16,23990,15016,36195,23833,36196,558,23878,8443,12189,36198,1886,35084],"class_list":{"0":"post-283356","1":"post","2":"type-post","3":"status-publish","4":"format-video","5":"has-post-thumbnail","7":"category-noticias","8":"category-seccional-ibague","9":"category-seccionales","10":"category-seguridad-territorial","11":"tag-acceso-abusivo-a-un-sistema-informatico","12":"tag-boyaca","13":"tag-costa-atlantica","14":"tag-cti","15":"tag-cuentas","16":"tag-delitos-informaticos","17":"tag-eda","18":"tag-el-espinal","19":"tag-empresa-de-mensajeria","20":"tag-engano","21":"tag-fiscalia-general-de-la-nacion","22":"tag-huila","23":"tag-ibague-tolima","24":"tag-lider","25":"tag-los-robles","26":"tag-neiva","27":"tag-pitufos","28":"tag-policia-nacional","29":"tag-pradera","30":"tag-tena","31":"tag-tolima","32":"tag-transferencia","33":"tag-valle-del-cauca","34":"tag-villa-de-leyva","35":"post_format-post-format-video"},"yoast_head":"<!-- This site is optimized with the Yoast SEO plugin v24.3 - https:\/\/yoast.com\/wordpress\/plugins\/seo\/ -->\n<title>Fiscal\u00eda General de la Naci\u00f3n<\/title>\n<meta name=\"description\" content=\"P\u00e1gina oficial de la Fiscal\u00eda General de la Naci\u00f3n \u2013 Colombia. Garantizamos el acceso efectivo a la justicia, la verdad y la reparaci\u00f3n de las v\u00edctimas de los delitos.\" \/>\n<meta name=\"robots\" content=\"noindex, follow\" \/>\n<meta property=\"og:locale\" content=\"es_ES\" \/>\n<meta property=\"og:type\" content=\"article\" \/>\n<meta property=\"og:title\" content=\"Fiscal\u00eda General de la Naci\u00f3n\" \/>\n<meta property=\"og:description\" content=\"P\u00e1gina oficial de la Fiscal\u00eda General de la Naci\u00f3n \u2013 Colombia. Garantizamos el acceso efectivo a la justicia, la verdad y la reparaci\u00f3n de las v\u00edctimas de los delitos.\" \/>\n<meta property=\"og:url\" content=\"https:\/\/www.fiscalia.gov.co\/colombia\/noticias\/impactada-organizacion-los-robles-con-la-captura-de-ocho-personas-por-hurto-a-traves-de-medios-informaticos-en-ibague\/\" \/>\n<meta property=\"og:site_name\" content=\"Fiscal\u00eda General de la Naci\u00f3n\" \/>\n<meta property=\"article:publisher\" content=\"https:\/\/www.facebook.com\/FiscaliaCol\" \/>\n<meta property=\"article:published_time\" content=\"2023-11-15T17:18:57+00:00\" \/>\n<meta property=\"article:modified_time\" content=\"2023-11-22T22:33:40+00:00\" \/>\n<meta property=\"og:image\" content=\"https:\/\/www.fiscalia.gov.co\/colombia\/wp-content\/uploads\/maxresdefault-1283.jpg\" \/>\n\t<meta property=\"og:image:width\" content=\"1280\" \/>\n\t<meta property=\"og:image:height\" content=\"720\" \/>\n\t<meta property=\"og:image:type\" content=\"image\/jpeg\" \/>\n<meta name=\"author\" content=\"Jordan Leandro Oviedo Anzola\" \/>\n<meta name=\"twitter:card\" content=\"summary_large_image\" \/>\n<meta name=\"twitter:creator\" content=\"@FiscaliaCol\" \/>\n<meta name=\"twitter:site\" content=\"@FiscaliaCol\" \/>\n<meta name=\"twitter:label1\" content=\"Escrito por\" \/>\n\t<meta name=\"twitter:data1\" content=\"Jordan Leandro Oviedo Anzola\" \/>\n\t<meta name=\"twitter:label2\" content=\"Tiempo de lectura\" \/>\n\t<meta name=\"twitter:data2\" content=\"4 minutos\" \/>\n<script type=\"application\/ld+json\" class=\"yoast-schema-graph\">{\"@context\":\"https:\/\/schema.org\",\"@graph\":[{\"@type\":\"Article\",\"@id\":\"https:\/\/www.fiscalia.gov.co\/colombia\/noticias\/impactada-organizacion-los-robles-con-la-captura-de-ocho-personas-por-hurto-a-traves-de-medios-informaticos-en-ibague\/#article\",\"isPartOf\":{\"@id\":\"https:\/\/www.fiscalia.gov.co\/colombia\/noticias\/impactada-organizacion-los-robles-con-la-captura-de-ocho-personas-por-hurto-a-traves-de-medios-informaticos-en-ibague\/\"},\"author\":{\"name\":\"Jordan Leandro Oviedo Anzola\",\"@id\":\"https:\/\/www.fiscalia.gov.co\/colombia\/#\/schema\/person\/bf84402cf293a5393e9c70b111020b24\"},\"headline\":\"Impactada organizaci\u00f3n Los Robles con la captura de ocho personas por hurto a trav\u00e9s de medios inform\u00e1ticos en Ibagu\u00e9\",\"datePublished\":\"2023-11-15T17:18:57+00:00\",\"dateModified\":\"2023-11-22T22:33:40+00:00\",\"mainEntityOfPage\":{\"@id\":\"https:\/\/www.fiscalia.gov.co\/colombia\/noticias\/impactada-organizacion-los-robles-con-la-captura-de-ocho-personas-por-hurto-a-traves-de-medios-informaticos-en-ibague\/\"},\"wordCount\":760,\"publisher\":{\"@id\":\"https:\/\/www.fiscalia.gov.co\/colombia\/#organization\"},\"image\":{\"@id\":\"https:\/\/www.fiscalia.gov.co\/colombia\/noticias\/impactada-organizacion-los-robles-con-la-captura-de-ocho-personas-por-hurto-a-traves-de-medios-informaticos-en-ibague\/#primaryimage\"},\"thumbnailUrl\":\"https:\/\/www.fiscalia.gov.co\/colombia\/wp-content\/uploads\/maxresdefault-1283.jpg\",\"keywords\":[\"acceso abusivo a un sistema inform\u00e1tico.\",\"Boyac\u00e1\",\"Costa Atl\u00e1ntica\",\"CTI\",\"cuentas\",\"Delitos inform\u00e1ticos\",\"EDA\",\"El Espinal\",\"empresa de mensajer\u00eda\",\"enga\u00f1o\",\"Fiscal\u00eda General de la Naci\u00f3n\",\"Huila\",\"Ibagu\u00e9 (Tolima)\",\"L\u00edder\",\"Los Robles\",\"Neiva\",\"pitufos\",\"Polic\u00eda Nacional\",\"Pradera\",\"Tena\",\"Tolima\",\"transferencia\",\"Valle del Cauca\",\"villa de leyva\"],\"articleSection\":[\"Noticias\",\"Seccional Ibagu\u00e9\",\"Seccionales\",\"Seguridad territorial\"],\"inLanguage\":\"es-CO\"},{\"@type\":\"WebPage\",\"@id\":\"https:\/\/www.fiscalia.gov.co\/colombia\/noticias\/impactada-organizacion-los-robles-con-la-captura-de-ocho-personas-por-hurto-a-traves-de-medios-informaticos-en-ibague\/\",\"url\":\"https:\/\/www.fiscalia.gov.co\/colombia\/noticias\/impactada-organizacion-los-robles-con-la-captura-de-ocho-personas-por-hurto-a-traves-de-medios-informaticos-en-ibague\/\",\"name\":\"Fiscal\u00eda General de la Naci\u00f3n\",\"isPartOf\":{\"@id\":\"https:\/\/www.fiscalia.gov.co\/colombia\/#website\"},\"primaryImageOfPage\":{\"@id\":\"https:\/\/www.fiscalia.gov.co\/colombia\/noticias\/impactada-organizacion-los-robles-con-la-captura-de-ocho-personas-por-hurto-a-traves-de-medios-informaticos-en-ibague\/#primaryimage\"},\"image\":{\"@id\":\"https:\/\/www.fiscalia.gov.co\/colombia\/noticias\/impactada-organizacion-los-robles-con-la-captura-de-ocho-personas-por-hurto-a-traves-de-medios-informaticos-en-ibague\/#primaryimage\"},\"thumbnailUrl\":\"https:\/\/www.fiscalia.gov.co\/colombia\/wp-content\/uploads\/maxresdefault-1283.jpg\",\"datePublished\":\"2023-11-15T17:18:57+00:00\",\"dateModified\":\"2023-11-22T22:33:40+00:00\",\"description\":\"P\u00e1gina oficial de la Fiscal\u00eda General de la Naci\u00f3n \u2013 Colombia. Garantizamos el acceso efectivo a la justicia, la verdad y la reparaci\u00f3n de las v\u00edctimas de los delitos.\",\"breadcrumb\":{\"@id\":\"https:\/\/www.fiscalia.gov.co\/colombia\/noticias\/impactada-organizacion-los-robles-con-la-captura-de-ocho-personas-por-hurto-a-traves-de-medios-informaticos-en-ibague\/#breadcrumb\"},\"inLanguage\":\"es-CO\",\"potentialAction\":[{\"@type\":\"ReadAction\",\"target\":[\"https:\/\/www.fiscalia.gov.co\/colombia\/noticias\/impactada-organizacion-los-robles-con-la-captura-de-ocho-personas-por-hurto-a-traves-de-medios-informaticos-en-ibague\/\"]}]},{\"@type\":\"ImageObject\",\"inLanguage\":\"es-CO\",\"@id\":\"https:\/\/www.fiscalia.gov.co\/colombia\/noticias\/impactada-organizacion-los-robles-con-la-captura-de-ocho-personas-por-hurto-a-traves-de-medios-informaticos-en-ibague\/#primaryimage\",\"url\":\"https:\/\/www.fiscalia.gov.co\/colombia\/wp-content\/uploads\/maxresdefault-1283.jpg\",\"contentUrl\":\"https:\/\/www.fiscalia.gov.co\/colombia\/wp-content\/uploads\/maxresdefault-1283.jpg\",\"width\":1280,\"height\":720},{\"@type\":\"BreadcrumbList\",\"@id\":\"https:\/\/www.fiscalia.gov.co\/colombia\/noticias\/impactada-organizacion-los-robles-con-la-captura-de-ocho-personas-por-hurto-a-traves-de-medios-informaticos-en-ibague\/#breadcrumb\",\"itemListElement\":[{\"@type\":\"ListItem\",\"position\":1,\"name\":\"Home\",\"item\":\"https:\/\/www.fiscalia.gov.co\/colombia\/\"},{\"@type\":\"ListItem\",\"position\":2,\"name\":\"Impactada organizaci\u00f3n Los Robles con la captura de ocho personas por hurto a trav\u00e9s de medios inform\u00e1ticos en Ibagu\u00e9\"}]},{\"@type\":\"WebSite\",\"@id\":\"https:\/\/www.fiscalia.gov.co\/colombia\/#website\",\"url\":\"https:\/\/www.fiscalia.gov.co\/colombia\/\",\"name\":\"Fiscal\u00eda General de la Naci\u00f3n\",\"description\":\"P\u00e1gina oficial de la Fiscal\u00eda General de la Naci\u00f3n \u2013 Colombia. Garantizamos el acceso efectivo a la justicia, la verdad y la reparaci\u00f3n de las v\u00edctimas de los delitos.\",\"publisher\":{\"@id\":\"https:\/\/www.fiscalia.gov.co\/colombia\/#organization\"},\"potentialAction\":[{\"@type\":\"SearchAction\",\"target\":{\"@type\":\"EntryPoint\",\"urlTemplate\":\"https:\/\/www.fiscalia.gov.co\/colombia\/?s={search_term_string}\"},\"query-input\":{\"@type\":\"PropertyValueSpecification\",\"valueRequired\":true,\"valueName\":\"search_term_string\"}}],\"inLanguage\":\"es-CO\"},{\"@type\":\"Organization\",\"@id\":\"https:\/\/www.fiscalia.gov.co\/colombia\/#organization\",\"name\":\"Fiscal\u00eda General de la Naci\u00f3n\",\"url\":\"https:\/\/www.fiscalia.gov.co\/colombia\/\",\"logo\":{\"@type\":\"ImageObject\",\"inLanguage\":\"es-CO\",\"@id\":\"https:\/\/www.fiscalia.gov.co\/colombia\/#\/schema\/logo\/image\/\",\"url\":\"https:\/\/www.fiscalia.gov.co\/colombia\/wp-content\/uploads\/LogoHorizontal_1.jpg\",\"contentUrl\":\"https:\/\/www.fiscalia.gov.co\/colombia\/wp-content\/uploads\/LogoHorizontal_1.jpg\",\"width\":300,\"height\":90,\"caption\":\"Fiscal\u00eda General de la Naci\u00f3n\"},\"image\":{\"@id\":\"https:\/\/www.fiscalia.gov.co\/colombia\/#\/schema\/logo\/image\/\"},\"sameAs\":[\"https:\/\/www.facebook.com\/FiscaliaCol\",\"https:\/\/x.com\/FiscaliaCol\",\"https:\/\/www.instagram.com\/fiscaliacol\",\"https:\/\/www.linkedin.com\/company\/fiscalia-general-de-la-naci-n\/\",\"https:\/\/youtube.com\/@fiscaliageneraldelanacion-4668?si=6nN79nyQICPU5iTh\"]},{\"@type\":\"Person\",\"@id\":\"https:\/\/www.fiscalia.gov.co\/colombia\/#\/schema\/person\/bf84402cf293a5393e9c70b111020b24\",\"name\":\"Jordan Leandro Oviedo Anzola\",\"image\":{\"@type\":\"ImageObject\",\"inLanguage\":\"es-CO\",\"@id\":\"https:\/\/www.fiscalia.gov.co\/colombia\/#\/schema\/person\/image\/\",\"url\":\"https:\/\/secure.gravatar.com\/avatar\/dabba4346fa9b9207d96adafa8f92721?s=96&d=mm&r=g\",\"contentUrl\":\"https:\/\/secure.gravatar.com\/avatar\/dabba4346fa9b9207d96adafa8f92721?s=96&d=mm&r=g\",\"caption\":\"Jordan Leandro Oviedo Anzola\"},\"url\":\"https:\/\/www.fiscalia.gov.co\/colombia\/author\/joviedo\/\"}]}<\/script>\n<!-- \/ Yoast SEO plugin. -->","yoast_head_json":{"title":"Fiscal\u00eda General de la Naci\u00f3n","description":"P\u00e1gina oficial de la Fiscal\u00eda General de la Naci\u00f3n \u2013 Colombia. Garantizamos el acceso efectivo a la justicia, la verdad y la reparaci\u00f3n de las v\u00edctimas de los delitos.","robots":{"index":"noindex","follow":"follow"},"og_locale":"es_ES","og_type":"article","og_title":"Fiscal\u00eda General de la Naci\u00f3n","og_description":"P\u00e1gina oficial de la Fiscal\u00eda General de la Naci\u00f3n \u2013 Colombia. Garantizamos el acceso efectivo a la justicia, la verdad y la reparaci\u00f3n de las v\u00edctimas de los delitos.","og_url":"https:\/\/www.fiscalia.gov.co\/colombia\/noticias\/impactada-organizacion-los-robles-con-la-captura-de-ocho-personas-por-hurto-a-traves-de-medios-informaticos-en-ibague\/","og_site_name":"Fiscal\u00eda General de la Naci\u00f3n","article_publisher":"https:\/\/www.facebook.com\/FiscaliaCol","article_published_time":"2023-11-15T17:18:57+00:00","article_modified_time":"2023-11-22T22:33:40+00:00","og_image":[{"width":1280,"height":720,"url":"https:\/\/www.fiscalia.gov.co\/colombia\/wp-content\/uploads\/maxresdefault-1283.jpg","type":"image\/jpeg"}],"author":"Jordan Leandro Oviedo Anzola","twitter_card":"summary_large_image","twitter_creator":"@FiscaliaCol","twitter_site":"@FiscaliaCol","twitter_misc":{"Escrito por":"Jordan Leandro Oviedo Anzola","Tiempo de lectura":"4 minutos"},"schema":{"@context":"https:\/\/schema.org","@graph":[{"@type":"Article","@id":"https:\/\/www.fiscalia.gov.co\/colombia\/noticias\/impactada-organizacion-los-robles-con-la-captura-de-ocho-personas-por-hurto-a-traves-de-medios-informaticos-en-ibague\/#article","isPartOf":{"@id":"https:\/\/www.fiscalia.gov.co\/colombia\/noticias\/impactada-organizacion-los-robles-con-la-captura-de-ocho-personas-por-hurto-a-traves-de-medios-informaticos-en-ibague\/"},"author":{"name":"Jordan Leandro Oviedo Anzola","@id":"https:\/\/www.fiscalia.gov.co\/colombia\/#\/schema\/person\/bf84402cf293a5393e9c70b111020b24"},"headline":"Impactada organizaci\u00f3n Los Robles con la captura de ocho personas por hurto a trav\u00e9s de medios inform\u00e1ticos en Ibagu\u00e9","datePublished":"2023-11-15T17:18:57+00:00","dateModified":"2023-11-22T22:33:40+00:00","mainEntityOfPage":{"@id":"https:\/\/www.fiscalia.gov.co\/colombia\/noticias\/impactada-organizacion-los-robles-con-la-captura-de-ocho-personas-por-hurto-a-traves-de-medios-informaticos-en-ibague\/"},"wordCount":760,"publisher":{"@id":"https:\/\/www.fiscalia.gov.co\/colombia\/#organization"},"image":{"@id":"https:\/\/www.fiscalia.gov.co\/colombia\/noticias\/impactada-organizacion-los-robles-con-la-captura-de-ocho-personas-por-hurto-a-traves-de-medios-informaticos-en-ibague\/#primaryimage"},"thumbnailUrl":"https:\/\/www.fiscalia.gov.co\/colombia\/wp-content\/uploads\/maxresdefault-1283.jpg","keywords":["acceso abusivo a un sistema inform\u00e1tico.","Boyac\u00e1","Costa Atl\u00e1ntica","CTI","cuentas","Delitos inform\u00e1ticos","EDA","El Espinal","empresa de mensajer\u00eda","enga\u00f1o","Fiscal\u00eda General de la Naci\u00f3n","Huila","Ibagu\u00e9 (Tolima)","L\u00edder","Los Robles","Neiva","pitufos","Polic\u00eda Nacional","Pradera","Tena","Tolima","transferencia","Valle del Cauca","villa de leyva"],"articleSection":["Noticias","Seccional Ibagu\u00e9","Seccionales","Seguridad territorial"],"inLanguage":"es-CO"},{"@type":"WebPage","@id":"https:\/\/www.fiscalia.gov.co\/colombia\/noticias\/impactada-organizacion-los-robles-con-la-captura-de-ocho-personas-por-hurto-a-traves-de-medios-informaticos-en-ibague\/","url":"https:\/\/www.fiscalia.gov.co\/colombia\/noticias\/impactada-organizacion-los-robles-con-la-captura-de-ocho-personas-por-hurto-a-traves-de-medios-informaticos-en-ibague\/","name":"Fiscal\u00eda General de la Naci\u00f3n","isPartOf":{"@id":"https:\/\/www.fiscalia.gov.co\/colombia\/#website"},"primaryImageOfPage":{"@id":"https:\/\/www.fiscalia.gov.co\/colombia\/noticias\/impactada-organizacion-los-robles-con-la-captura-de-ocho-personas-por-hurto-a-traves-de-medios-informaticos-en-ibague\/#primaryimage"},"image":{"@id":"https:\/\/www.fiscalia.gov.co\/colombia\/noticias\/impactada-organizacion-los-robles-con-la-captura-de-ocho-personas-por-hurto-a-traves-de-medios-informaticos-en-ibague\/#primaryimage"},"thumbnailUrl":"https:\/\/www.fiscalia.gov.co\/colombia\/wp-content\/uploads\/maxresdefault-1283.jpg","datePublished":"2023-11-15T17:18:57+00:00","dateModified":"2023-11-22T22:33:40+00:00","description":"P\u00e1gina oficial de la Fiscal\u00eda General de la Naci\u00f3n \u2013 Colombia. Garantizamos el acceso efectivo a la justicia, la verdad y la reparaci\u00f3n de las v\u00edctimas de los delitos.","breadcrumb":{"@id":"https:\/\/www.fiscalia.gov.co\/colombia\/noticias\/impactada-organizacion-los-robles-con-la-captura-de-ocho-personas-por-hurto-a-traves-de-medios-informaticos-en-ibague\/#breadcrumb"},"inLanguage":"es-CO","potentialAction":[{"@type":"ReadAction","target":["https:\/\/www.fiscalia.gov.co\/colombia\/noticias\/impactada-organizacion-los-robles-con-la-captura-de-ocho-personas-por-hurto-a-traves-de-medios-informaticos-en-ibague\/"]}]},{"@type":"ImageObject","inLanguage":"es-CO","@id":"https:\/\/www.fiscalia.gov.co\/colombia\/noticias\/impactada-organizacion-los-robles-con-la-captura-de-ocho-personas-por-hurto-a-traves-de-medios-informaticos-en-ibague\/#primaryimage","url":"https:\/\/www.fiscalia.gov.co\/colombia\/wp-content\/uploads\/maxresdefault-1283.jpg","contentUrl":"https:\/\/www.fiscalia.gov.co\/colombia\/wp-content\/uploads\/maxresdefault-1283.jpg","width":1280,"height":720},{"@type":"BreadcrumbList","@id":"https:\/\/www.fiscalia.gov.co\/colombia\/noticias\/impactada-organizacion-los-robles-con-la-captura-de-ocho-personas-por-hurto-a-traves-de-medios-informaticos-en-ibague\/#breadcrumb","itemListElement":[{"@type":"ListItem","position":1,"name":"Home","item":"https:\/\/www.fiscalia.gov.co\/colombia\/"},{"@type":"ListItem","position":2,"name":"Impactada organizaci\u00f3n Los Robles con la captura de ocho personas por hurto a trav\u00e9s de medios inform\u00e1ticos en Ibagu\u00e9"}]},{"@type":"WebSite","@id":"https:\/\/www.fiscalia.gov.co\/colombia\/#website","url":"https:\/\/www.fiscalia.gov.co\/colombia\/","name":"Fiscal\u00eda General de la Naci\u00f3n","description":"P\u00e1gina oficial de la Fiscal\u00eda General de la Naci\u00f3n \u2013 Colombia. Garantizamos el acceso efectivo a la justicia, la verdad y la reparaci\u00f3n de las v\u00edctimas de los delitos.","publisher":{"@id":"https:\/\/www.fiscalia.gov.co\/colombia\/#organization"},"potentialAction":[{"@type":"SearchAction","target":{"@type":"EntryPoint","urlTemplate":"https:\/\/www.fiscalia.gov.co\/colombia\/?s={search_term_string}"},"query-input":{"@type":"PropertyValueSpecification","valueRequired":true,"valueName":"search_term_string"}}],"inLanguage":"es-CO"},{"@type":"Organization","@id":"https:\/\/www.fiscalia.gov.co\/colombia\/#organization","name":"Fiscal\u00eda General de la Naci\u00f3n","url":"https:\/\/www.fiscalia.gov.co\/colombia\/","logo":{"@type":"ImageObject","inLanguage":"es-CO","@id":"https:\/\/www.fiscalia.gov.co\/colombia\/#\/schema\/logo\/image\/","url":"https:\/\/www.fiscalia.gov.co\/colombia\/wp-content\/uploads\/LogoHorizontal_1.jpg","contentUrl":"https:\/\/www.fiscalia.gov.co\/colombia\/wp-content\/uploads\/LogoHorizontal_1.jpg","width":300,"height":90,"caption":"Fiscal\u00eda General de la Naci\u00f3n"},"image":{"@id":"https:\/\/www.fiscalia.gov.co\/colombia\/#\/schema\/logo\/image\/"},"sameAs":["https:\/\/www.facebook.com\/FiscaliaCol","https:\/\/x.com\/FiscaliaCol","https:\/\/www.instagram.com\/fiscaliacol","https:\/\/www.linkedin.com\/company\/fiscalia-general-de-la-naci-n\/","https:\/\/youtube.com\/@fiscaliageneraldelanacion-4668?si=6nN79nyQICPU5iTh"]},{"@type":"Person","@id":"https:\/\/www.fiscalia.gov.co\/colombia\/#\/schema\/person\/bf84402cf293a5393e9c70b111020b24","name":"Jordan Leandro Oviedo Anzola","image":{"@type":"ImageObject","inLanguage":"es-CO","@id":"https:\/\/www.fiscalia.gov.co\/colombia\/#\/schema\/person\/image\/","url":"https:\/\/secure.gravatar.com\/avatar\/dabba4346fa9b9207d96adafa8f92721?s=96&d=mm&r=g","contentUrl":"https:\/\/secure.gravatar.com\/avatar\/dabba4346fa9b9207d96adafa8f92721?s=96&d=mm&r=g","caption":"Jordan Leandro Oviedo Anzola"},"url":"https:\/\/www.fiscalia.gov.co\/colombia\/author\/joviedo\/"}]}},"_links":{"self":[{"href":"https:\/\/www.fiscalia.gov.co\/colombia\/wp-json\/wp\/v2\/posts\/283356","targetHints":{"allow":["GET"]}}],"collection":[{"href":"https:\/\/www.fiscalia.gov.co\/colombia\/wp-json\/wp\/v2\/posts"}],"about":[{"href":"https:\/\/www.fiscalia.gov.co\/colombia\/wp-json\/wp\/v2\/types\/post"}],"author":[{"embeddable":true,"href":"https:\/\/www.fiscalia.gov.co\/colombia\/wp-json\/wp\/v2\/users\/177"}],"replies":[{"embeddable":true,"href":"https:\/\/www.fiscalia.gov.co\/colombia\/wp-json\/wp\/v2\/comments?post=283356"}],"version-history":[{"count":1,"href":"https:\/\/www.fiscalia.gov.co\/colombia\/wp-json\/wp\/v2\/posts\/283356\/revisions"}],"predecessor-version":[{"id":283360,"href":"https:\/\/www.fiscalia.gov.co\/colombia\/wp-json\/wp\/v2\/posts\/283356\/revisions\/283360"}],"wp:featuredmedia":[{"embeddable":true,"href":"https:\/\/www.fiscalia.gov.co\/colombia\/wp-json\/wp\/v2\/media\/283773"}],"wp:attachment":[{"href":"https:\/\/www.fiscalia.gov.co\/colombia\/wp-json\/wp\/v2\/media?parent=283356"}],"wp:term":[{"taxonomy":"category","embeddable":true,"href":"https:\/\/www.fiscalia.gov.co\/colombia\/wp-json\/wp\/v2\/categories?post=283356"},{"taxonomy":"post_tag","embeddable":true,"href":"https:\/\/www.fiscalia.gov.co\/colombia\/wp-json\/wp\/v2\/tags?post=283356"}],"curies":[{"name":"wp","href":"https:\/\/api.w.org\/{rel}","templated":true}]}}