{"id":283201,"date":"2023-11-10T17:36:57","date_gmt":"2023-11-10T22:36:57","guid":{"rendered":"https:\/\/www.fiscalia.gov.co\/colombia\/?p=283201"},"modified":"2023-11-10T17:36:57","modified_gmt":"2023-11-10T22:36:57","slug":"la-justicia-llego-a-coloso-sucre-punto-de-atencion-de-la-fiscalia-ya-esta-en-funcionamiento","status":"publish","type":"post","link":"https:\/\/www.fiscalia.gov.co\/colombia\/noticias\/la-justicia-llego-a-coloso-sucre-punto-de-atencion-de-la-fiscalia-ya-esta-en-funcionamiento\/","title":{"rendered":"La justicia lleg\u00f3 a Colos\u00f3, Sucre, punto de atenci\u00f3n de la Fiscal\u00eda ya est\u00e1 en funcionamiento"},"content":{"rendered":"<h4><em><strong>La entidad abri\u00f3 al p\u00fablico un punto f\u00edsico para que los ciudadanos de ese municipio se acerquen a conocer la oferta de la entidad y a instaurar denuncias de ser necesario.\u00a0\u00a0<\/strong><\/em><\/h4>\n<p>La seccional Sucre puso en funcionamiento un nuevo Punto de Atenci\u00f3n de la Fiscal\u00eda (PAF), en el municipio de Colos\u00f3 (Sucre), con la presencia del subdirector regional de occidente, Uber L\u00f3pez, el director seccional de Sucre, Fernando Salgado Juris, el coordinador de Atenci\u00f3n al Usuario, Jos\u00e9 Dar\u00edo Moreno y los comandantes de Polic\u00eda del lugar y del Distrito, as\u00ed como un funcionario de la Armada y el alcalde municipal.<\/p>\n<figure id=\"attachment_283202\" aria-describedby=\"caption-attachment-283202\" style=\"width: 315px\" class=\"wp-caption aligncenter\"><img loading=\"lazy\" decoding=\"async\" class=\" wp-image-283202\" src=\"https:\/\/www.fiscalia.gov.co\/colombia\/wp-content\/uploads\/Foto-1-PAF-Coloso--300x225.jpeg\" alt=\"En la imagen se ve la entrada a un Punto de Atenci\u00f3n de la Fiscal\u00eda PAF. \" width=\"315\" height=\"236\" srcset=\"https:\/\/www.fiscalia.gov.co\/colombia\/wp-content\/uploads\/Foto-1-PAF-Coloso--300x225.jpeg 300w, https:\/\/www.fiscalia.gov.co\/colombia\/wp-content\/uploads\/Foto-1-PAF-Coloso--768x576.jpeg 768w, https:\/\/www.fiscalia.gov.co\/colombia\/wp-content\/uploads\/Foto-1-PAF-Coloso--696x522.jpeg 696w, https:\/\/www.fiscalia.gov.co\/colombia\/wp-content\/uploads\/Foto-1-PAF-Coloso--560x420.jpeg 560w, https:\/\/www.fiscalia.gov.co\/colombia\/wp-content\/uploads\/Foto-1-PAF-Coloso--80x60.jpeg 80w, https:\/\/www.fiscalia.gov.co\/colombia\/wp-content\/uploads\/Foto-1-PAF-Coloso--265x198.jpeg 265w, https:\/\/www.fiscalia.gov.co\/colombia\/wp-content\/uploads\/Foto-1-PAF-Coloso-.jpeg 1024w\" sizes=\"auto, (max-width: 315px) 100vw, 315px\" \/><figcaption id=\"caption-attachment-283202\" class=\"wp-caption-text\">El PAF est\u00e1 ubicado a pocos metros de la Estaci\u00f3n de Polic\u00eda de Colos\u00f3.<\/figcaption><\/figure>\n<p>En este PAF se tendr\u00e1 toda la oferta de la entidad en un punto f\u00edsico para que los m\u00e1s de 9 mil ciudadanos del municipio y corregimientos vecinos puedan acudir a realizar diferentes tr\u00e1mites.<\/p>\n<p>A su vez, en los PAF se prestar\u00e1 servicio de atenci\u00f3n y orientaci\u00f3n todos los d\u00edas, entre semana, para estar m\u00e1s cerca de los usuarios. Tambi\u00e9n se podr\u00e1n recibir peticiones, quejas, reclamos y sugerencias.<\/p>\n<p>Una gestora fiscal ser\u00e1 la encargada de recibir las denuncias por todo tipo de delitos: homicidios, estafas, extorsiones, abusos sexuales, violencia intrafamiliar, hurtos y maltrato animal, entre otros.<\/p>\n<figure id=\"attachment_283203\" aria-describedby=\"caption-attachment-283203\" style=\"width: 314px\" class=\"wp-caption aligncenter\"><img loading=\"lazy\" decoding=\"async\" class=\" wp-image-283203\" src=\"https:\/\/www.fiscalia.gov.co\/colombia\/wp-content\/uploads\/Foto-2-PAF--300x228.jpeg\" alt=\"En la imagen se ven dos funcionarios de la Fiscal\u00eda, junto con un ciudadano frente a la entrada de un PAF, custodiada por un servidor del CTI. \" width=\"314\" height=\"239\" srcset=\"https:\/\/www.fiscalia.gov.co\/colombia\/wp-content\/uploads\/Foto-2-PAF--300x228.jpeg 300w, https:\/\/www.fiscalia.gov.co\/colombia\/wp-content\/uploads\/Foto-2-PAF--768x583.jpeg 768w, https:\/\/www.fiscalia.gov.co\/colombia\/wp-content\/uploads\/Foto-2-PAF--696x529.jpeg 696w, https:\/\/www.fiscalia.gov.co\/colombia\/wp-content\/uploads\/Foto-2-PAF--553x420.jpeg 553w, https:\/\/www.fiscalia.gov.co\/colombia\/wp-content\/uploads\/Foto-2-PAF--80x60.jpeg 80w, https:\/\/www.fiscalia.gov.co\/colombia\/wp-content\/uploads\/Foto-2-PAF-.jpeg 915w\" sizes=\"auto, (max-width: 314px) 100vw, 314px\" \/><figcaption id=\"caption-attachment-283203\" class=\"wp-caption-text\">El director seccional de Sucre, Fernando Salgado Juris, lider\u00f3 el evento junto con Uber L\u00f3pez, subdirector regional de occidente de la Fiscal\u00eda.<\/figcaption><\/figure>\n<p>La inauguraci\u00f3n hace parte del Plan estrat\u00e9gico del fiscal general, Francisco Barbosa Delgado, en su per\u00edodo 2020 \u2013 2024, que busca llegar a todo el pa\u00eds donde la entidad no tiene representaci\u00f3n f\u00edsica, a trav\u00e9s de los PAF.<\/p>\n<p>Desde su inauguraci\u00f3n, la gente podr\u00e1 acercarse en horario de 8 a 12 en la ma\u00f1ana y de 2 a 5 en la tarde, de lunes a viernes.<\/p>\n<p>&nbsp;<\/p>\n<p><strong>La Fiscal\u00eda habla con resultados.<\/strong><\/p>\n<p>&nbsp;<\/p>\n<p>&nbsp;<\/p>\n<p>&nbsp;<\/p>\n<p>&nbsp;<\/p>\n<p>VHGB\/FAGH\/JDM\/FSJ\/DSS<\/p>\n<p>&nbsp;<\/p>\n<p>&nbsp;<\/p>\n<p>&nbsp;<\/p>\n<p><i>La informaci\u00f3n contenida en este bolet\u00edn de prensa corresponde a la narraci\u00f3n de los hechos noticiosos objetivos, suministrados por los funcionarios encargados de adelantar las investigaciones penales al interior de la Fiscal\u00eda General de la Naci\u00f3n. Para el momento de la divulgaci\u00f3n de este comunicado, la situaci\u00f3n jur\u00eddica de la(s) persona(s) relacionada(s) se encuentra pendiente de resolver por la autoridad judicial competente, siempre bajo los preceptos de la presunci\u00f3n de inocencia, consagrados en el art\u00edculo 29 de la Constituci\u00f3n Pol\u00edtica y el art\u00edculo 7\u00ba de la Ley 906 de 2004.\u00a0<\/i><\/p>\n\n<div class=\"twitter-share\"><a href=\"https:\/\/twitter.com\/intent\/tweet?via=fiscaliacol\" class=\"twitter-share-button\">Tweet<\/a><\/div>\n","protected":false},"excerpt":{"rendered":"<p>La entidad abri\u00f3 al p\u00fablico un punto f\u00edsico para que los ciudadanos de ese municipio se acerquen a conocer la oferta de la entidad y a instaurar denuncias de ser [&hellip;]<\/p>\n","protected":false},"author":179,"featured_media":0,"comment_status":"closed","ping_status":"open","sticky":false,"template":"","format":"standard","meta":{"tdm_status":"","tdm_grid_status":"","footnotes":""},"categories":[1,340,303],"tags":[19717,36163,24187,1047,30580,33133,2437,18195],"class_list":["post-283201","post","type-post","status-publish","format-standard","category-noticias","category-seccional-sincelejo","category-seccionales","tag-atencion","tag-coloso","tag-fiscalia-colombia","tag-fiscalia-general-de-la-nacion","tag-paf","tag-puntos-de-atencion-de-la-fiscalia","tag-sucre","tag-usuarios"],"yoast_head":"<!-- This site is optimized with the Yoast SEO plugin v24.3 - https:\/\/yoast.com\/wordpress\/plugins\/seo\/ -->\n<title>Fiscal\u00eda General de la Naci\u00f3n<\/title>\n<meta name=\"description\" content=\"P\u00e1gina oficial de la Fiscal\u00eda General de la Naci\u00f3n \u2013 Colombia. Garantizamos el acceso efectivo a la justicia, la verdad y la reparaci\u00f3n de las v\u00edctimas de los delitos.\" \/>\n<meta name=\"robots\" content=\"noindex, follow\" \/>\n<meta property=\"og:locale\" content=\"es_ES\" \/>\n<meta property=\"og:type\" content=\"article\" \/>\n<meta property=\"og:title\" content=\"Fiscal\u00eda General de la Naci\u00f3n\" \/>\n<meta property=\"og:description\" content=\"P\u00e1gina oficial de la Fiscal\u00eda General de la Naci\u00f3n \u2013 Colombia. Garantizamos el acceso efectivo a la justicia, la verdad y la reparaci\u00f3n de las v\u00edctimas de los delitos.\" \/>\n<meta property=\"og:url\" content=\"https:\/\/www.fiscalia.gov.co\/colombia\/noticias\/la-justicia-llego-a-coloso-sucre-punto-de-atencion-de-la-fiscalia-ya-esta-en-funcionamiento\/\" \/>\n<meta property=\"og:site_name\" content=\"Fiscal\u00eda General de la Naci\u00f3n\" \/>\n<meta property=\"article:publisher\" content=\"https:\/\/www.facebook.com\/FiscaliaCol\" \/>\n<meta property=\"article:published_time\" content=\"2023-11-10T22:36:57+00:00\" \/>\n<meta property=\"og:image\" content=\"https:\/\/www.fiscalia.gov.co\/colombia\/wp-content\/uploads\/Foto-1-PAF-Coloso--300x225.jpeg\" \/>\n<meta name=\"author\" content=\"Lesly Katherine Segura Camargo.\" \/>\n<meta name=\"twitter:card\" content=\"summary_large_image\" \/>\n<meta name=\"twitter:creator\" content=\"@FiscaliaCol\" \/>\n<meta name=\"twitter:site\" content=\"@FiscaliaCol\" \/>\n<meta name=\"twitter:label1\" content=\"Escrito por\" \/>\n\t<meta name=\"twitter:data1\" content=\"Lesly Katherine Segura Camargo.\" \/>\n\t<meta name=\"twitter:label2\" content=\"Tiempo de lectura\" \/>\n\t<meta name=\"twitter:data2\" content=\"3 minutos\" \/>\n<script type=\"application\/ld+json\" class=\"yoast-schema-graph\">{\"@context\":\"https:\/\/schema.org\",\"@graph\":[{\"@type\":\"Article\",\"@id\":\"https:\/\/www.fiscalia.gov.co\/colombia\/noticias\/la-justicia-llego-a-coloso-sucre-punto-de-atencion-de-la-fiscalia-ya-esta-en-funcionamiento\/#article\",\"isPartOf\":{\"@id\":\"https:\/\/www.fiscalia.gov.co\/colombia\/noticias\/la-justicia-llego-a-coloso-sucre-punto-de-atencion-de-la-fiscalia-ya-esta-en-funcionamiento\/\"},\"author\":{\"name\":\"Lesly Katherine Segura Camargo.\",\"@id\":\"https:\/\/www.fiscalia.gov.co\/colombia\/#\/schema\/person\/6be81acb78add0abcbda2c598c1d53e1\"},\"headline\":\"La justicia lleg\u00f3 a Colos\u00f3, Sucre, punto de atenci\u00f3n de la Fiscal\u00eda ya est\u00e1 en funcionamiento\",\"datePublished\":\"2023-11-10T22:36:57+00:00\",\"dateModified\":\"2023-11-10T22:36:57+00:00\",\"mainEntityOfPage\":{\"@id\":\"https:\/\/www.fiscalia.gov.co\/colombia\/noticias\/la-justicia-llego-a-coloso-sucre-punto-de-atencion-de-la-fiscalia-ya-esta-en-funcionamiento\/\"},\"wordCount\":473,\"publisher\":{\"@id\":\"https:\/\/www.fiscalia.gov.co\/colombia\/#organization\"},\"image\":{\"@id\":\"https:\/\/www.fiscalia.gov.co\/colombia\/noticias\/la-justicia-llego-a-coloso-sucre-punto-de-atencion-de-la-fiscalia-ya-esta-en-funcionamiento\/#primaryimage\"},\"thumbnailUrl\":\"https:\/\/www.fiscalia.gov.co\/colombia\/wp-content\/uploads\/Foto-1-PAF-Coloso--300x225.jpeg\",\"keywords\":[\"Atenci\u00f3n\",\"Colos\u00f3\",\"Fiscal\u00eda Colombia\",\"Fiscal\u00eda General de la Naci\u00f3n\",\"PAF\",\"Puntos de Atenci\u00f3n de la Fiscal\u00eda\",\"Sucre\",\"Usuarios\"],\"articleSection\":[\"Noticias\",\"Seccional Sincelejo\",\"Seccionales\"],\"inLanguage\":\"es-CO\"},{\"@type\":\"WebPage\",\"@id\":\"https:\/\/www.fiscalia.gov.co\/colombia\/noticias\/la-justicia-llego-a-coloso-sucre-punto-de-atencion-de-la-fiscalia-ya-esta-en-funcionamiento\/\",\"url\":\"https:\/\/www.fiscalia.gov.co\/colombia\/noticias\/la-justicia-llego-a-coloso-sucre-punto-de-atencion-de-la-fiscalia-ya-esta-en-funcionamiento\/\",\"name\":\"Fiscal\u00eda General de la Naci\u00f3n\",\"isPartOf\":{\"@id\":\"https:\/\/www.fiscalia.gov.co\/colombia\/#website\"},\"primaryImageOfPage\":{\"@id\":\"https:\/\/www.fiscalia.gov.co\/colombia\/noticias\/la-justicia-llego-a-coloso-sucre-punto-de-atencion-de-la-fiscalia-ya-esta-en-funcionamiento\/#primaryimage\"},\"image\":{\"@id\":\"https:\/\/www.fiscalia.gov.co\/colombia\/noticias\/la-justicia-llego-a-coloso-sucre-punto-de-atencion-de-la-fiscalia-ya-esta-en-funcionamiento\/#primaryimage\"},\"thumbnailUrl\":\"https:\/\/www.fiscalia.gov.co\/colombia\/wp-content\/uploads\/Foto-1-PAF-Coloso--300x225.jpeg\",\"datePublished\":\"2023-11-10T22:36:57+00:00\",\"dateModified\":\"2023-11-10T22:36:57+00:00\",\"description\":\"P\u00e1gina oficial de la Fiscal\u00eda General de la Naci\u00f3n \u2013 Colombia. Garantizamos el acceso efectivo a la justicia, la verdad y la reparaci\u00f3n de las v\u00edctimas de los delitos.\",\"breadcrumb\":{\"@id\":\"https:\/\/www.fiscalia.gov.co\/colombia\/noticias\/la-justicia-llego-a-coloso-sucre-punto-de-atencion-de-la-fiscalia-ya-esta-en-funcionamiento\/#breadcrumb\"},\"inLanguage\":\"es-CO\",\"potentialAction\":[{\"@type\":\"ReadAction\",\"target\":[\"https:\/\/www.fiscalia.gov.co\/colombia\/noticias\/la-justicia-llego-a-coloso-sucre-punto-de-atencion-de-la-fiscalia-ya-esta-en-funcionamiento\/\"]}]},{\"@type\":\"ImageObject\",\"inLanguage\":\"es-CO\",\"@id\":\"https:\/\/www.fiscalia.gov.co\/colombia\/noticias\/la-justicia-llego-a-coloso-sucre-punto-de-atencion-de-la-fiscalia-ya-esta-en-funcionamiento\/#primaryimage\",\"url\":\"https:\/\/www.fiscalia.gov.co\/colombia\/wp-content\/uploads\/Foto-1-PAF-Coloso--300x225.jpeg\",\"contentUrl\":\"https:\/\/www.fiscalia.gov.co\/colombia\/wp-content\/uploads\/Foto-1-PAF-Coloso--300x225.jpeg\"},{\"@type\":\"BreadcrumbList\",\"@id\":\"https:\/\/www.fiscalia.gov.co\/colombia\/noticias\/la-justicia-llego-a-coloso-sucre-punto-de-atencion-de-la-fiscalia-ya-esta-en-funcionamiento\/#breadcrumb\",\"itemListElement\":[{\"@type\":\"ListItem\",\"position\":1,\"name\":\"Home\",\"item\":\"https:\/\/www.fiscalia.gov.co\/colombia\/\"},{\"@type\":\"ListItem\",\"position\":2,\"name\":\"La justicia lleg\u00f3 a Colos\u00f3, Sucre, punto de atenci\u00f3n de la Fiscal\u00eda ya est\u00e1 en funcionamiento\"}]},{\"@type\":\"WebSite\",\"@id\":\"https:\/\/www.fiscalia.gov.co\/colombia\/#website\",\"url\":\"https:\/\/www.fiscalia.gov.co\/colombia\/\",\"name\":\"Fiscal\u00eda General de la Naci\u00f3n\",\"description\":\"P\u00e1gina oficial de la Fiscal\u00eda General de la Naci\u00f3n \u2013 Colombia. Garantizamos el acceso efectivo a la justicia, la verdad y la reparaci\u00f3n de las v\u00edctimas de los delitos.\",\"publisher\":{\"@id\":\"https:\/\/www.fiscalia.gov.co\/colombia\/#organization\"},\"potentialAction\":[{\"@type\":\"SearchAction\",\"target\":{\"@type\":\"EntryPoint\",\"urlTemplate\":\"https:\/\/www.fiscalia.gov.co\/colombia\/?s={search_term_string}\"},\"query-input\":{\"@type\":\"PropertyValueSpecification\",\"valueRequired\":true,\"valueName\":\"search_term_string\"}}],\"inLanguage\":\"es-CO\"},{\"@type\":\"Organization\",\"@id\":\"https:\/\/www.fiscalia.gov.co\/colombia\/#organization\",\"name\":\"Fiscal\u00eda General de la Naci\u00f3n\",\"url\":\"https:\/\/www.fiscalia.gov.co\/colombia\/\",\"logo\":{\"@type\":\"ImageObject\",\"inLanguage\":\"es-CO\",\"@id\":\"https:\/\/www.fiscalia.gov.co\/colombia\/#\/schema\/logo\/image\/\",\"url\":\"https:\/\/www.fiscalia.gov.co\/colombia\/wp-content\/uploads\/LogoHorizontal_1.jpg\",\"contentUrl\":\"https:\/\/www.fiscalia.gov.co\/colombia\/wp-content\/uploads\/LogoHorizontal_1.jpg\",\"width\":300,\"height\":90,\"caption\":\"Fiscal\u00eda General de la Naci\u00f3n\"},\"image\":{\"@id\":\"https:\/\/www.fiscalia.gov.co\/colombia\/#\/schema\/logo\/image\/\"},\"sameAs\":[\"https:\/\/www.facebook.com\/FiscaliaCol\",\"https:\/\/x.com\/FiscaliaCol\",\"https:\/\/www.instagram.com\/fiscaliacol\",\"https:\/\/www.linkedin.com\/company\/fiscalia-general-de-la-naci-n\/\",\"https:\/\/youtube.com\/@fiscaliageneraldelanacion-4668?si=6nN79nyQICPU5iTh\"]},{\"@type\":\"Person\",\"@id\":\"https:\/\/www.fiscalia.gov.co\/colombia\/#\/schema\/person\/6be81acb78add0abcbda2c598c1d53e1\",\"name\":\"Lesly Katherine Segura Camargo.\",\"image\":{\"@type\":\"ImageObject\",\"inLanguage\":\"es-CO\",\"@id\":\"https:\/\/www.fiscalia.gov.co\/colombia\/#\/schema\/person\/image\/\",\"url\":\"https:\/\/secure.gravatar.com\/avatar\/1892091c53ef3b9c2fcb37ca6066e439?s=96&d=mm&r=g\",\"contentUrl\":\"https:\/\/secure.gravatar.com\/avatar\/1892091c53ef3b9c2fcb37ca6066e439?s=96&d=mm&r=g\",\"caption\":\"Lesly Katherine Segura Camargo.\"},\"url\":\"https:\/\/www.fiscalia.gov.co\/colombia\/author\/lesly-segura\/\"}]}<\/script>\n<!-- \/ Yoast SEO plugin. -->","yoast_head_json":{"title":"Fiscal\u00eda General de la Naci\u00f3n","description":"P\u00e1gina oficial de la Fiscal\u00eda General de la Naci\u00f3n \u2013 Colombia. Garantizamos el acceso efectivo a la justicia, la verdad y la reparaci\u00f3n de las v\u00edctimas de los delitos.","robots":{"index":"noindex","follow":"follow"},"og_locale":"es_ES","og_type":"article","og_title":"Fiscal\u00eda General de la Naci\u00f3n","og_description":"P\u00e1gina oficial de la Fiscal\u00eda General de la Naci\u00f3n \u2013 Colombia. Garantizamos el acceso efectivo a la justicia, la verdad y la reparaci\u00f3n de las v\u00edctimas de los delitos.","og_url":"https:\/\/www.fiscalia.gov.co\/colombia\/noticias\/la-justicia-llego-a-coloso-sucre-punto-de-atencion-de-la-fiscalia-ya-esta-en-funcionamiento\/","og_site_name":"Fiscal\u00eda General de la Naci\u00f3n","article_publisher":"https:\/\/www.facebook.com\/FiscaliaCol","article_published_time":"2023-11-10T22:36:57+00:00","og_image":[{"url":"https:\/\/www.fiscalia.gov.co\/colombia\/wp-content\/uploads\/Foto-1-PAF-Coloso--300x225.jpeg","type":"","width":"","height":""}],"author":"Lesly Katherine Segura Camargo.","twitter_card":"summary_large_image","twitter_creator":"@FiscaliaCol","twitter_site":"@FiscaliaCol","twitter_misc":{"Escrito por":"Lesly Katherine Segura Camargo.","Tiempo de lectura":"3 minutos"},"schema":{"@context":"https:\/\/schema.org","@graph":[{"@type":"Article","@id":"https:\/\/www.fiscalia.gov.co\/colombia\/noticias\/la-justicia-llego-a-coloso-sucre-punto-de-atencion-de-la-fiscalia-ya-esta-en-funcionamiento\/#article","isPartOf":{"@id":"https:\/\/www.fiscalia.gov.co\/colombia\/noticias\/la-justicia-llego-a-coloso-sucre-punto-de-atencion-de-la-fiscalia-ya-esta-en-funcionamiento\/"},"author":{"name":"Lesly Katherine Segura Camargo.","@id":"https:\/\/www.fiscalia.gov.co\/colombia\/#\/schema\/person\/6be81acb78add0abcbda2c598c1d53e1"},"headline":"La justicia lleg\u00f3 a Colos\u00f3, Sucre, punto de atenci\u00f3n de la Fiscal\u00eda ya est\u00e1 en funcionamiento","datePublished":"2023-11-10T22:36:57+00:00","dateModified":"2023-11-10T22:36:57+00:00","mainEntityOfPage":{"@id":"https:\/\/www.fiscalia.gov.co\/colombia\/noticias\/la-justicia-llego-a-coloso-sucre-punto-de-atencion-de-la-fiscalia-ya-esta-en-funcionamiento\/"},"wordCount":473,"publisher":{"@id":"https:\/\/www.fiscalia.gov.co\/colombia\/#organization"},"image":{"@id":"https:\/\/www.fiscalia.gov.co\/colombia\/noticias\/la-justicia-llego-a-coloso-sucre-punto-de-atencion-de-la-fiscalia-ya-esta-en-funcionamiento\/#primaryimage"},"thumbnailUrl":"https:\/\/www.fiscalia.gov.co\/colombia\/wp-content\/uploads\/Foto-1-PAF-Coloso--300x225.jpeg","keywords":["Atenci\u00f3n","Colos\u00f3","Fiscal\u00eda Colombia","Fiscal\u00eda General de la Naci\u00f3n","PAF","Puntos de Atenci\u00f3n de la Fiscal\u00eda","Sucre","Usuarios"],"articleSection":["Noticias","Seccional Sincelejo","Seccionales"],"inLanguage":"es-CO"},{"@type":"WebPage","@id":"https:\/\/www.fiscalia.gov.co\/colombia\/noticias\/la-justicia-llego-a-coloso-sucre-punto-de-atencion-de-la-fiscalia-ya-esta-en-funcionamiento\/","url":"https:\/\/www.fiscalia.gov.co\/colombia\/noticias\/la-justicia-llego-a-coloso-sucre-punto-de-atencion-de-la-fiscalia-ya-esta-en-funcionamiento\/","name":"Fiscal\u00eda General de la Naci\u00f3n","isPartOf":{"@id":"https:\/\/www.fiscalia.gov.co\/colombia\/#website"},"primaryImageOfPage":{"@id":"https:\/\/www.fiscalia.gov.co\/colombia\/noticias\/la-justicia-llego-a-coloso-sucre-punto-de-atencion-de-la-fiscalia-ya-esta-en-funcionamiento\/#primaryimage"},"image":{"@id":"https:\/\/www.fiscalia.gov.co\/colombia\/noticias\/la-justicia-llego-a-coloso-sucre-punto-de-atencion-de-la-fiscalia-ya-esta-en-funcionamiento\/#primaryimage"},"thumbnailUrl":"https:\/\/www.fiscalia.gov.co\/colombia\/wp-content\/uploads\/Foto-1-PAF-Coloso--300x225.jpeg","datePublished":"2023-11-10T22:36:57+00:00","dateModified":"2023-11-10T22:36:57+00:00","description":"P\u00e1gina oficial de la Fiscal\u00eda General de la Naci\u00f3n \u2013 Colombia. Garantizamos el acceso efectivo a la justicia, la verdad y la reparaci\u00f3n de las v\u00edctimas de los delitos.","breadcrumb":{"@id":"https:\/\/www.fiscalia.gov.co\/colombia\/noticias\/la-justicia-llego-a-coloso-sucre-punto-de-atencion-de-la-fiscalia-ya-esta-en-funcionamiento\/#breadcrumb"},"inLanguage":"es-CO","potentialAction":[{"@type":"ReadAction","target":["https:\/\/www.fiscalia.gov.co\/colombia\/noticias\/la-justicia-llego-a-coloso-sucre-punto-de-atencion-de-la-fiscalia-ya-esta-en-funcionamiento\/"]}]},{"@type":"ImageObject","inLanguage":"es-CO","@id":"https:\/\/www.fiscalia.gov.co\/colombia\/noticias\/la-justicia-llego-a-coloso-sucre-punto-de-atencion-de-la-fiscalia-ya-esta-en-funcionamiento\/#primaryimage","url":"https:\/\/www.fiscalia.gov.co\/colombia\/wp-content\/uploads\/Foto-1-PAF-Coloso--300x225.jpeg","contentUrl":"https:\/\/www.fiscalia.gov.co\/colombia\/wp-content\/uploads\/Foto-1-PAF-Coloso--300x225.jpeg"},{"@type":"BreadcrumbList","@id":"https:\/\/www.fiscalia.gov.co\/colombia\/noticias\/la-justicia-llego-a-coloso-sucre-punto-de-atencion-de-la-fiscalia-ya-esta-en-funcionamiento\/#breadcrumb","itemListElement":[{"@type":"ListItem","position":1,"name":"Home","item":"https:\/\/www.fiscalia.gov.co\/colombia\/"},{"@type":"ListItem","position":2,"name":"La justicia lleg\u00f3 a Colos\u00f3, Sucre, punto de atenci\u00f3n de la Fiscal\u00eda ya est\u00e1 en funcionamiento"}]},{"@type":"WebSite","@id":"https:\/\/www.fiscalia.gov.co\/colombia\/#website","url":"https:\/\/www.fiscalia.gov.co\/colombia\/","name":"Fiscal\u00eda General de la Naci\u00f3n","description":"P\u00e1gina oficial de la Fiscal\u00eda General de la Naci\u00f3n \u2013 Colombia. Garantizamos el acceso efectivo a la justicia, la verdad y la reparaci\u00f3n de las v\u00edctimas de los delitos.","publisher":{"@id":"https:\/\/www.fiscalia.gov.co\/colombia\/#organization"},"potentialAction":[{"@type":"SearchAction","target":{"@type":"EntryPoint","urlTemplate":"https:\/\/www.fiscalia.gov.co\/colombia\/?s={search_term_string}"},"query-input":{"@type":"PropertyValueSpecification","valueRequired":true,"valueName":"search_term_string"}}],"inLanguage":"es-CO"},{"@type":"Organization","@id":"https:\/\/www.fiscalia.gov.co\/colombia\/#organization","name":"Fiscal\u00eda General de la Naci\u00f3n","url":"https:\/\/www.fiscalia.gov.co\/colombia\/","logo":{"@type":"ImageObject","inLanguage":"es-CO","@id":"https:\/\/www.fiscalia.gov.co\/colombia\/#\/schema\/logo\/image\/","url":"https:\/\/www.fiscalia.gov.co\/colombia\/wp-content\/uploads\/LogoHorizontal_1.jpg","contentUrl":"https:\/\/www.fiscalia.gov.co\/colombia\/wp-content\/uploads\/LogoHorizontal_1.jpg","width":300,"height":90,"caption":"Fiscal\u00eda General de la Naci\u00f3n"},"image":{"@id":"https:\/\/www.fiscalia.gov.co\/colombia\/#\/schema\/logo\/image\/"},"sameAs":["https:\/\/www.facebook.com\/FiscaliaCol","https:\/\/x.com\/FiscaliaCol","https:\/\/www.instagram.com\/fiscaliacol","https:\/\/www.linkedin.com\/company\/fiscalia-general-de-la-naci-n\/","https:\/\/youtube.com\/@fiscaliageneraldelanacion-4668?si=6nN79nyQICPU5iTh"]},{"@type":"Person","@id":"https:\/\/www.fiscalia.gov.co\/colombia\/#\/schema\/person\/6be81acb78add0abcbda2c598c1d53e1","name":"Lesly Katherine Segura Camargo.","image":{"@type":"ImageObject","inLanguage":"es-CO","@id":"https:\/\/www.fiscalia.gov.co\/colombia\/#\/schema\/person\/image\/","url":"https:\/\/secure.gravatar.com\/avatar\/1892091c53ef3b9c2fcb37ca6066e439?s=96&d=mm&r=g","contentUrl":"https:\/\/secure.gravatar.com\/avatar\/1892091c53ef3b9c2fcb37ca6066e439?s=96&d=mm&r=g","caption":"Lesly Katherine Segura Camargo."},"url":"https:\/\/www.fiscalia.gov.co\/colombia\/author\/lesly-segura\/"}]}},"_links":{"self":[{"href":"https:\/\/www.fiscalia.gov.co\/colombia\/wp-json\/wp\/v2\/posts\/283201","targetHints":{"allow":["GET"]}}],"collection":[{"href":"https:\/\/www.fiscalia.gov.co\/colombia\/wp-json\/wp\/v2\/posts"}],"about":[{"href":"https:\/\/www.fiscalia.gov.co\/colombia\/wp-json\/wp\/v2\/types\/post"}],"author":[{"embeddable":true,"href":"https:\/\/www.fiscalia.gov.co\/colombia\/wp-json\/wp\/v2\/users\/179"}],"replies":[{"embeddable":true,"href":"https:\/\/www.fiscalia.gov.co\/colombia\/wp-json\/wp\/v2\/comments?post=283201"}],"version-history":[{"count":1,"href":"https:\/\/www.fiscalia.gov.co\/colombia\/wp-json\/wp\/v2\/posts\/283201\/revisions"}],"predecessor-version":[{"id":283204,"href":"https:\/\/www.fiscalia.gov.co\/colombia\/wp-json\/wp\/v2\/posts\/283201\/revisions\/283204"}],"wp:attachment":[{"href":"https:\/\/www.fiscalia.gov.co\/colombia\/wp-json\/wp\/v2\/media?parent=283201"}],"wp:term":[{"taxonomy":"category","embeddable":true,"href":"https:\/\/www.fiscalia.gov.co\/colombia\/wp-json\/wp\/v2\/categories?post=283201"},{"taxonomy":"post_tag","embeddable":true,"href":"https:\/\/www.fiscalia.gov.co\/colombia\/wp-json\/wp\/v2\/tags?post=283201"}],"curies":[{"name":"wp","href":"https:\/\/api.w.org\/{rel}","templated":true}]}}