{"id":283168,"date":"2023-11-10T14:11:14","date_gmt":"2023-11-10T19:11:14","guid":{"rendered":"https:\/\/www.fiscalia.gov.co\/colombia\/?p=283168"},"modified":"2023-11-10T14:11:14","modified_gmt":"2023-11-10T19:11:14","slug":"mujer-que-habria-golpeado-a-su-expareja-sentimental-fue-enviada-a-la-carcel","status":"publish","type":"post","link":"https:\/\/www.fiscalia.gov.co\/colombia\/noticias\/mujer-que-habria-golpeado-a-su-expareja-sentimental-fue-enviada-a-la-carcel\/","title":{"rendered":"Mujer que habr\u00eda golpeado a su expareja sentimental fue enviada a la c\u00e1rcel"},"content":{"rendered":"<h4><em><strong>Seg\u00fan la denuncia, la v\u00edctima era asediada y perseguida constantemente por la procesada.<\/strong><\/em><\/h4>\n<p>Una fiscal de la unidad de delitos contra la violencia intrafamiliar de la Seccional Tolima, logr\u00f3 que un juez privara de la libertad en centro carcelario a Juanita Marcela Gait\u00e1n Quezada, por su presunta responsabilidad en el delito de violencia intrafamiliar de la que vendr\u00eda siendo v\u00edctima su expareja.<\/p>\n<figure id=\"attachment_283169\" aria-describedby=\"caption-attachment-283169\" style=\"width: 314px\" class=\"wp-caption aligncenter\"><img loading=\"lazy\" decoding=\"async\" class=\" wp-image-283169\" src=\"https:\/\/www.fiscalia.gov.co\/colombia\/wp-content\/uploads\/mujer-asegurqada-por-golpear-al-marido-300x216.jpeg\" alt=\"en la imagen se ve una mujer detenida bajo custodia de integrantes del CTI, la Polic\u00eda, y el Ej\u00e9rcito. Detr\u00e1s suyo un backing institucional de la Fiscal\u00eda y otro del Ej\u00e9rcito.  \" width=\"314\" height=\"226\" srcset=\"https:\/\/www.fiscalia.gov.co\/colombia\/wp-content\/uploads\/mujer-asegurqada-por-golpear-al-marido-300x216.jpeg 300w, https:\/\/www.fiscalia.gov.co\/colombia\/wp-content\/uploads\/mujer-asegurqada-por-golpear-al-marido-1024x738.jpeg 1024w, https:\/\/www.fiscalia.gov.co\/colombia\/wp-content\/uploads\/mujer-asegurqada-por-golpear-al-marido-768x553.jpeg 768w, https:\/\/www.fiscalia.gov.co\/colombia\/wp-content\/uploads\/mujer-asegurqada-por-golpear-al-marido-1536x1107.jpeg 1536w, https:\/\/www.fiscalia.gov.co\/colombia\/wp-content\/uploads\/mujer-asegurqada-por-golpear-al-marido-696x502.jpeg 696w, https:\/\/www.fiscalia.gov.co\/colombia\/wp-content\/uploads\/mujer-asegurqada-por-golpear-al-marido-1068x770.jpeg 1068w, https:\/\/www.fiscalia.gov.co\/colombia\/wp-content\/uploads\/mujer-asegurqada-por-golpear-al-marido-583x420.jpeg 583w, https:\/\/www.fiscalia.gov.co\/colombia\/wp-content\/uploads\/mujer-asegurqada-por-golpear-al-marido.jpeg 1600w\" sizes=\"auto, (max-width: 314px) 100vw, 314px\" \/><figcaption id=\"caption-attachment-283169\" class=\"wp-caption-text\">Juanita Marcela Gait\u00e1n Quezada fue privada de la libertad de manera preventiva, por su presunta responsabilidad en el delito de violencia intrafamiliar de la que vendr\u00eda siendo v\u00edctima su expareja, un hombre de 35 a\u00f1os de edad.<\/figcaption><\/figure>\n<p>La mujer de 28 a\u00f1os de edad con la que el afectado convivi\u00f3 por 8 meses, fue detenida por personal del Cuerpo T\u00e9cnico de Investigaci\u00f3n (CTI) con el apoyo de Polic\u00eda de Vigilancia y el Ej\u00e9rcito Nacional en el barrio Centro de la capital tolimense.<\/p>\n<p>Son varios hechos los que tiene documentados el ente acusador, que dan cuenta de la violencia sistem\u00e1tica de la que vendr\u00eda siendo v\u00edctima el hombre de 35 a\u00f1os de edad por parte de la acusada quien lo asediaba constantemente, acudiendo a los lugares que \u00e9l frecuentaba, al igual que a su residencia y trabajo donde lo agreder\u00eda verbal y f\u00edsicamente con objetos contundentes ocasionando da\u00f1os en el establecimiento, con el fin de ocasionarle problemas a la v\u00edctima con sus empleadores.<\/p>\n<p>Las agresiones por las cuales se le traslad\u00f3 escrito de acusaci\u00f3n se presentar\u00edan entre julio de 2021 a agosto de 2023.<\/p>\n<p>Entre los episodios de violencia se tiene documentado uno ocurrido el 1 de agosto de este a\u00f1o en un local comercial del barrio Centro de la capital tolimense, donde el afectado laboraba y la procesada lleg\u00f3 en un taxi y le pidi\u00f3 dinero para pagar la carrera. Ante la negativa del hombre, ella lo insultar\u00eda utilizando palabras soeces; acto seguido tom\u00f3 un palo de escoba y le propin\u00f3 varios golpes en el brazo derecho haciendo que el mismo se partiera en dos.<\/p>\n<p>Luego, lo golpear\u00eda con un pu\u00f1o en la nariz y le arrojar\u00eda una cerveza en lata que sosten\u00eda en la mano, da\u00f1ando las prendas de vestir que ten\u00eda para la venta la v\u00edctima. Luego de las agresiones huy\u00f3.<\/p>\n<p>Seg\u00fan informe de Medicina Legal, a la v\u00edctima se le dictamin\u00f3 una incapacidad m\u00e9dico legal de 20 d\u00edas definitivos con secuelas como deformidad f\u00edsica que le afecta el rostro de forma permanente.<\/p>\n<p>La procesada no acept\u00f3 los cargos y permanecer\u00e1 detenida mientras avanza el proceso.<\/p>\n<p>&nbsp;<\/p>\n<p>&nbsp;<\/p>\n<p>&nbsp;<\/p>\n<p><strong>La Fiscal\u00eda habla con resultados.<\/strong><\/p>\n<p>&nbsp;<\/p>\n<p>&nbsp;<\/p>\n<p>&nbsp;<\/p>\n<p>&nbsp;<\/p>\n<p>PAAM\/LYBTL\/LFM\/AMBV\/DST<\/p>\n<p>&nbsp;<\/p>\n<p>&nbsp;<\/p>\n<p>&nbsp;<\/p>\n<p><i>La informaci\u00f3n contenida en este bolet\u00edn de prensa corresponde a la narraci\u00f3n de los hechos noticiosos objetivos, suministrados por los funcionarios encargados de adelantar las investigaciones penales al interior de la Fiscal\u00eda General de la Naci\u00f3n. Para el momento de la divulgaci\u00f3n de este comunicado, la situaci\u00f3n jur\u00eddica de la(s) persona(s) relacionada(s) se encuentra pendiente de resolver por la autoridad judicial competente, siempre bajo los preceptos de la presunci\u00f3n de inocencia, consagrados en el art\u00edculo 29 de la Constituci\u00f3n Pol\u00edtica y el art\u00edculo 7\u00ba de la Ley 906 de 2004.\u00a0<\/i><\/p>\n\n<div class=\"twitter-share\"><a href=\"https:\/\/twitter.com\/intent\/tweet?via=fiscaliacol\" class=\"twitter-share-button\">Tweet<\/a><\/div>\n","protected":false},"excerpt":{"rendered":"<p>Seg\u00fan la denuncia, la v\u00edctima era asediada y perseguida constantemente por la procesada. Una fiscal de la unidad de delitos contra la violencia intrafamiliar de la Seccional Tolima, logr\u00f3 que un juez privara de la libertad en centro carcelario a Juanita Marcela Gait\u00e1n Quezada, por su presunta responsabilidad en el delito de violencia intrafamiliar de [&hellip;]<\/p>\n","protected":false},"author":179,"featured_media":0,"comment_status":"closed","ping_status":"open","sticky":false,"template":"","format":"standard","meta":{"_price":"","_stock":"","_tribe_ticket_header":"","_tribe_default_ticket_provider":"","_tribe_ticket_capacity":"0","_ticket_start_date":"","_ticket_end_date":"","_tribe_ticket_show_description":"","_tribe_ticket_show_not_going":false,"_tribe_ticket_use_global_stock":"","_tribe_ticket_global_stock_level":"","_global_stock_mode":"","_global_stock_cap":"","_tribe_rsvp_for_event":"","_tribe_ticket_going_count":"","_tribe_ticket_not_going_count":"","_tribe_tickets_list":"[]","_tribe_ticket_has_attendee_info_fields":false,"tdm_status":"","tdm_grid_status":"","footnotes":""},"categories":[1,329,303],"tags":[24688,36067,45,29211,1047,1064,29256,17503,1185,558,30182,26057,1176,682],"class_list":{"0":"post-283168","1":"post","2":"type-post","3":"status-publish","4":"format-standard","6":"category-noticias","7":"category-seccional-ibague","8":"category-seccionales","9":"tag-agresiones","10":"tag-asedio","11":"tag-cti","12":"tag-ex-pareja","13":"tag-fiscalia-general-de-la-nacion","14":"tag-golpes","15":"tag-insultos","16":"tag-maltrato-fisico","17":"tag-medida-de-aseguramiento","18":"tag-policia-nacional","19":"tag-psicologico","20":"tag-verbal","21":"tag-violencia-de-genero","22":"tag-violencia-intrafamiliar"},"yoast_head":"<!-- This site is optimized with the Yoast SEO plugin v24.3 - https:\/\/yoast.com\/wordpress\/plugins\/seo\/ -->\n<title>Fiscal\u00eda General de la Naci\u00f3n<\/title>\n<meta name=\"description\" content=\"P\u00e1gina oficial de la Fiscal\u00eda General de la Naci\u00f3n \u2013 Colombia. Garantizamos el acceso efectivo a la justicia, la verdad y la reparaci\u00f3n de las v\u00edctimas de los delitos.\" \/>\n<meta name=\"robots\" content=\"noindex, follow\" \/>\n<meta property=\"og:locale\" content=\"es_ES\" \/>\n<meta property=\"og:type\" content=\"article\" \/>\n<meta property=\"og:title\" content=\"Fiscal\u00eda General de la Naci\u00f3n\" \/>\n<meta property=\"og:description\" content=\"P\u00e1gina oficial de la Fiscal\u00eda General de la Naci\u00f3n \u2013 Colombia. Garantizamos el acceso efectivo a la justicia, la verdad y la reparaci\u00f3n de las v\u00edctimas de los delitos.\" \/>\n<meta property=\"og:url\" content=\"https:\/\/www.fiscalia.gov.co\/colombia\/noticias\/mujer-que-habria-golpeado-a-su-expareja-sentimental-fue-enviada-a-la-carcel\/\" \/>\n<meta property=\"og:site_name\" content=\"Fiscal\u00eda General de la Naci\u00f3n\" \/>\n<meta property=\"article:publisher\" content=\"https:\/\/www.facebook.com\/FiscaliaCol\" \/>\n<meta property=\"article:published_time\" content=\"2023-11-10T19:11:14+00:00\" \/>\n<meta property=\"og:image\" content=\"https:\/\/www.fiscalia.gov.co\/colombia\/wp-content\/uploads\/mujer-asegurqada-por-golpear-al-marido-300x216.jpeg\" \/>\n<meta name=\"author\" content=\"Lesly Katherine Segura Camargo.\" \/>\n<meta name=\"twitter:card\" content=\"summary_large_image\" \/>\n<meta name=\"twitter:creator\" content=\"@FiscaliaCol\" \/>\n<meta name=\"twitter:site\" content=\"@FiscaliaCol\" \/>\n<meta name=\"twitter:label1\" content=\"Escrito por\" \/>\n\t<meta name=\"twitter:data1\" content=\"Lesly Katherine Segura Camargo.\" \/>\n\t<meta name=\"twitter:label2\" content=\"Tiempo de lectura\" \/>\n\t<meta name=\"twitter:data2\" content=\"3 minutos\" \/>\n<script type=\"application\/ld+json\" class=\"yoast-schema-graph\">{\"@context\":\"https:\/\/schema.org\",\"@graph\":[{\"@type\":\"Article\",\"@id\":\"https:\/\/www.fiscalia.gov.co\/colombia\/noticias\/mujer-que-habria-golpeado-a-su-expareja-sentimental-fue-enviada-a-la-carcel\/#article\",\"isPartOf\":{\"@id\":\"https:\/\/www.fiscalia.gov.co\/colombia\/noticias\/mujer-que-habria-golpeado-a-su-expareja-sentimental-fue-enviada-a-la-carcel\/\"},\"author\":{\"name\":\"Lesly Katherine Segura Camargo.\",\"@id\":\"https:\/\/www.fiscalia.gov.co\/colombia\/#\/schema\/person\/6be81acb78add0abcbda2c598c1d53e1\"},\"headline\":\"Mujer que habr\u00eda golpeado a su expareja sentimental fue enviada a la c\u00e1rcel\",\"datePublished\":\"2023-11-10T19:11:14+00:00\",\"dateModified\":\"2023-11-10T19:11:14+00:00\",\"mainEntityOfPage\":{\"@id\":\"https:\/\/www.fiscalia.gov.co\/colombia\/noticias\/mujer-que-habria-golpeado-a-su-expareja-sentimental-fue-enviada-a-la-carcel\/\"},\"wordCount\":585,\"publisher\":{\"@id\":\"https:\/\/www.fiscalia.gov.co\/colombia\/#organization\"},\"image\":{\"@id\":\"https:\/\/www.fiscalia.gov.co\/colombia\/noticias\/mujer-que-habria-golpeado-a-su-expareja-sentimental-fue-enviada-a-la-carcel\/#primaryimage\"},\"thumbnailUrl\":\"https:\/\/www.fiscalia.gov.co\/colombia\/wp-content\/uploads\/mujer-asegurqada-por-golpear-al-marido-300x216.jpeg\",\"keywords\":[\"agresiones\",\"asedio\",\"CTI\",\"ex pareja\",\"Fiscal\u00eda General de la Naci\u00f3n\",\"Golpes\",\"INSULTOS\",\"Maltrato f\u00edsico\",\"Medida de aseguramiento\",\"Polic\u00eda Nacional\",\"psicol\u00f3gico\",\"verbal\",\"Violencia de g\u00e9nero\",\"Violencia intrafamiliar\"],\"articleSection\":[\"Noticias\",\"Seccional Ibagu\u00e9\",\"Seccionales\"],\"inLanguage\":\"es-CO\"},{\"@type\":\"WebPage\",\"@id\":\"https:\/\/www.fiscalia.gov.co\/colombia\/noticias\/mujer-que-habria-golpeado-a-su-expareja-sentimental-fue-enviada-a-la-carcel\/\",\"url\":\"https:\/\/www.fiscalia.gov.co\/colombia\/noticias\/mujer-que-habria-golpeado-a-su-expareja-sentimental-fue-enviada-a-la-carcel\/\",\"name\":\"Fiscal\u00eda General de la Naci\u00f3n\",\"isPartOf\":{\"@id\":\"https:\/\/www.fiscalia.gov.co\/colombia\/#website\"},\"primaryImageOfPage\":{\"@id\":\"https:\/\/www.fiscalia.gov.co\/colombia\/noticias\/mujer-que-habria-golpeado-a-su-expareja-sentimental-fue-enviada-a-la-carcel\/#primaryimage\"},\"image\":{\"@id\":\"https:\/\/www.fiscalia.gov.co\/colombia\/noticias\/mujer-que-habria-golpeado-a-su-expareja-sentimental-fue-enviada-a-la-carcel\/#primaryimage\"},\"thumbnailUrl\":\"https:\/\/www.fiscalia.gov.co\/colombia\/wp-content\/uploads\/mujer-asegurqada-por-golpear-al-marido-300x216.jpeg\",\"datePublished\":\"2023-11-10T19:11:14+00:00\",\"dateModified\":\"2023-11-10T19:11:14+00:00\",\"description\":\"P\u00e1gina oficial de la Fiscal\u00eda General de la Naci\u00f3n \u2013 Colombia. Garantizamos el acceso efectivo a la justicia, la verdad y la reparaci\u00f3n de las v\u00edctimas de los delitos.\",\"breadcrumb\":{\"@id\":\"https:\/\/www.fiscalia.gov.co\/colombia\/noticias\/mujer-que-habria-golpeado-a-su-expareja-sentimental-fue-enviada-a-la-carcel\/#breadcrumb\"},\"inLanguage\":\"es-CO\",\"potentialAction\":[{\"@type\":\"ReadAction\",\"target\":[\"https:\/\/www.fiscalia.gov.co\/colombia\/noticias\/mujer-que-habria-golpeado-a-su-expareja-sentimental-fue-enviada-a-la-carcel\/\"]}]},{\"@type\":\"ImageObject\",\"inLanguage\":\"es-CO\",\"@id\":\"https:\/\/www.fiscalia.gov.co\/colombia\/noticias\/mujer-que-habria-golpeado-a-su-expareja-sentimental-fue-enviada-a-la-carcel\/#primaryimage\",\"url\":\"https:\/\/www.fiscalia.gov.co\/colombia\/wp-content\/uploads\/mujer-asegurqada-por-golpear-al-marido-300x216.jpeg\",\"contentUrl\":\"https:\/\/www.fiscalia.gov.co\/colombia\/wp-content\/uploads\/mujer-asegurqada-por-golpear-al-marido-300x216.jpeg\"},{\"@type\":\"BreadcrumbList\",\"@id\":\"https:\/\/www.fiscalia.gov.co\/colombia\/noticias\/mujer-que-habria-golpeado-a-su-expareja-sentimental-fue-enviada-a-la-carcel\/#breadcrumb\",\"itemListElement\":[{\"@type\":\"ListItem\",\"position\":1,\"name\":\"Home\",\"item\":\"https:\/\/www.fiscalia.gov.co\/colombia\/\"},{\"@type\":\"ListItem\",\"position\":2,\"name\":\"Mujer que habr\u00eda golpeado a su expareja sentimental fue enviada a la c\u00e1rcel\"}]},{\"@type\":\"WebSite\",\"@id\":\"https:\/\/www.fiscalia.gov.co\/colombia\/#website\",\"url\":\"https:\/\/www.fiscalia.gov.co\/colombia\/\",\"name\":\"Fiscal\u00eda General de la Naci\u00f3n\",\"description\":\"P\u00e1gina oficial de la Fiscal\u00eda General de la Naci\u00f3n \u2013 Colombia. Garantizamos el acceso efectivo a la justicia, la verdad y la reparaci\u00f3n de las v\u00edctimas de los delitos.\",\"publisher\":{\"@id\":\"https:\/\/www.fiscalia.gov.co\/colombia\/#organization\"},\"potentialAction\":[{\"@type\":\"SearchAction\",\"target\":{\"@type\":\"EntryPoint\",\"urlTemplate\":\"https:\/\/www.fiscalia.gov.co\/colombia\/?s={search_term_string}\"},\"query-input\":{\"@type\":\"PropertyValueSpecification\",\"valueRequired\":true,\"valueName\":\"search_term_string\"}}],\"inLanguage\":\"es-CO\"},{\"@type\":\"Organization\",\"@id\":\"https:\/\/www.fiscalia.gov.co\/colombia\/#organization\",\"name\":\"Fiscal\u00eda General de la Naci\u00f3n\",\"url\":\"https:\/\/www.fiscalia.gov.co\/colombia\/\",\"logo\":{\"@type\":\"ImageObject\",\"inLanguage\":\"es-CO\",\"@id\":\"https:\/\/www.fiscalia.gov.co\/colombia\/#\/schema\/logo\/image\/\",\"url\":\"https:\/\/www.fiscalia.gov.co\/colombia\/wp-content\/uploads\/LogoHorizontal_1.jpg\",\"contentUrl\":\"https:\/\/www.fiscalia.gov.co\/colombia\/wp-content\/uploads\/LogoHorizontal_1.jpg\",\"width\":300,\"height\":90,\"caption\":\"Fiscal\u00eda General de la Naci\u00f3n\"},\"image\":{\"@id\":\"https:\/\/www.fiscalia.gov.co\/colombia\/#\/schema\/logo\/image\/\"},\"sameAs\":[\"https:\/\/www.facebook.com\/FiscaliaCol\",\"https:\/\/x.com\/FiscaliaCol\",\"https:\/\/www.instagram.com\/fiscaliacol\",\"https:\/\/www.linkedin.com\/company\/fiscalia-general-de-la-naci-n\/\",\"https:\/\/youtube.com\/@fiscaliageneraldelanacion-4668?si=6nN79nyQICPU5iTh\"]},{\"@type\":\"Person\",\"@id\":\"https:\/\/www.fiscalia.gov.co\/colombia\/#\/schema\/person\/6be81acb78add0abcbda2c598c1d53e1\",\"name\":\"Lesly Katherine Segura Camargo.\",\"image\":{\"@type\":\"ImageObject\",\"inLanguage\":\"es-CO\",\"@id\":\"https:\/\/www.fiscalia.gov.co\/colombia\/#\/schema\/person\/image\/\",\"url\":\"https:\/\/secure.gravatar.com\/avatar\/1892091c53ef3b9c2fcb37ca6066e439?s=96&d=mm&r=g\",\"contentUrl\":\"https:\/\/secure.gravatar.com\/avatar\/1892091c53ef3b9c2fcb37ca6066e439?s=96&d=mm&r=g\",\"caption\":\"Lesly Katherine Segura Camargo.\"},\"url\":\"https:\/\/www.fiscalia.gov.co\/colombia\/author\/lesly-segura\/\"}]}<\/script>\n<!-- \/ Yoast SEO plugin. -->","yoast_head_json":{"title":"Fiscal\u00eda General de la Naci\u00f3n","description":"P\u00e1gina oficial de la Fiscal\u00eda General de la Naci\u00f3n \u2013 Colombia. Garantizamos el acceso efectivo a la justicia, la verdad y la reparaci\u00f3n de las v\u00edctimas de los delitos.","robots":{"index":"noindex","follow":"follow"},"og_locale":"es_ES","og_type":"article","og_title":"Fiscal\u00eda General de la Naci\u00f3n","og_description":"P\u00e1gina oficial de la Fiscal\u00eda General de la Naci\u00f3n \u2013 Colombia. Garantizamos el acceso efectivo a la justicia, la verdad y la reparaci\u00f3n de las v\u00edctimas de los delitos.","og_url":"https:\/\/www.fiscalia.gov.co\/colombia\/noticias\/mujer-que-habria-golpeado-a-su-expareja-sentimental-fue-enviada-a-la-carcel\/","og_site_name":"Fiscal\u00eda General de la Naci\u00f3n","article_publisher":"https:\/\/www.facebook.com\/FiscaliaCol","article_published_time":"2023-11-10T19:11:14+00:00","og_image":[{"url":"https:\/\/www.fiscalia.gov.co\/colombia\/wp-content\/uploads\/mujer-asegurqada-por-golpear-al-marido-300x216.jpeg","type":"","width":"","height":""}],"author":"Lesly Katherine Segura Camargo.","twitter_card":"summary_large_image","twitter_creator":"@FiscaliaCol","twitter_site":"@FiscaliaCol","twitter_misc":{"Escrito por":"Lesly Katherine Segura Camargo.","Tiempo de lectura":"3 minutos"},"schema":{"@context":"https:\/\/schema.org","@graph":[{"@type":"Article","@id":"https:\/\/www.fiscalia.gov.co\/colombia\/noticias\/mujer-que-habria-golpeado-a-su-expareja-sentimental-fue-enviada-a-la-carcel\/#article","isPartOf":{"@id":"https:\/\/www.fiscalia.gov.co\/colombia\/noticias\/mujer-que-habria-golpeado-a-su-expareja-sentimental-fue-enviada-a-la-carcel\/"},"author":{"name":"Lesly Katherine Segura Camargo.","@id":"https:\/\/www.fiscalia.gov.co\/colombia\/#\/schema\/person\/6be81acb78add0abcbda2c598c1d53e1"},"headline":"Mujer que habr\u00eda golpeado a su expareja sentimental fue enviada a la c\u00e1rcel","datePublished":"2023-11-10T19:11:14+00:00","dateModified":"2023-11-10T19:11:14+00:00","mainEntityOfPage":{"@id":"https:\/\/www.fiscalia.gov.co\/colombia\/noticias\/mujer-que-habria-golpeado-a-su-expareja-sentimental-fue-enviada-a-la-carcel\/"},"wordCount":585,"publisher":{"@id":"https:\/\/www.fiscalia.gov.co\/colombia\/#organization"},"image":{"@id":"https:\/\/www.fiscalia.gov.co\/colombia\/noticias\/mujer-que-habria-golpeado-a-su-expareja-sentimental-fue-enviada-a-la-carcel\/#primaryimage"},"thumbnailUrl":"https:\/\/www.fiscalia.gov.co\/colombia\/wp-content\/uploads\/mujer-asegurqada-por-golpear-al-marido-300x216.jpeg","keywords":["agresiones","asedio","CTI","ex pareja","Fiscal\u00eda General de la Naci\u00f3n","Golpes","INSULTOS","Maltrato f\u00edsico","Medida de aseguramiento","Polic\u00eda Nacional","psicol\u00f3gico","verbal","Violencia de g\u00e9nero","Violencia intrafamiliar"],"articleSection":["Noticias","Seccional Ibagu\u00e9","Seccionales"],"inLanguage":"es-CO"},{"@type":"WebPage","@id":"https:\/\/www.fiscalia.gov.co\/colombia\/noticias\/mujer-que-habria-golpeado-a-su-expareja-sentimental-fue-enviada-a-la-carcel\/","url":"https:\/\/www.fiscalia.gov.co\/colombia\/noticias\/mujer-que-habria-golpeado-a-su-expareja-sentimental-fue-enviada-a-la-carcel\/","name":"Fiscal\u00eda General de la Naci\u00f3n","isPartOf":{"@id":"https:\/\/www.fiscalia.gov.co\/colombia\/#website"},"primaryImageOfPage":{"@id":"https:\/\/www.fiscalia.gov.co\/colombia\/noticias\/mujer-que-habria-golpeado-a-su-expareja-sentimental-fue-enviada-a-la-carcel\/#primaryimage"},"image":{"@id":"https:\/\/www.fiscalia.gov.co\/colombia\/noticias\/mujer-que-habria-golpeado-a-su-expareja-sentimental-fue-enviada-a-la-carcel\/#primaryimage"},"thumbnailUrl":"https:\/\/www.fiscalia.gov.co\/colombia\/wp-content\/uploads\/mujer-asegurqada-por-golpear-al-marido-300x216.jpeg","datePublished":"2023-11-10T19:11:14+00:00","dateModified":"2023-11-10T19:11:14+00:00","description":"P\u00e1gina oficial de la Fiscal\u00eda General de la Naci\u00f3n \u2013 Colombia. Garantizamos el acceso efectivo a la justicia, la verdad y la reparaci\u00f3n de las v\u00edctimas de los delitos.","breadcrumb":{"@id":"https:\/\/www.fiscalia.gov.co\/colombia\/noticias\/mujer-que-habria-golpeado-a-su-expareja-sentimental-fue-enviada-a-la-carcel\/#breadcrumb"},"inLanguage":"es-CO","potentialAction":[{"@type":"ReadAction","target":["https:\/\/www.fiscalia.gov.co\/colombia\/noticias\/mujer-que-habria-golpeado-a-su-expareja-sentimental-fue-enviada-a-la-carcel\/"]}]},{"@type":"ImageObject","inLanguage":"es-CO","@id":"https:\/\/www.fiscalia.gov.co\/colombia\/noticias\/mujer-que-habria-golpeado-a-su-expareja-sentimental-fue-enviada-a-la-carcel\/#primaryimage","url":"https:\/\/www.fiscalia.gov.co\/colombia\/wp-content\/uploads\/mujer-asegurqada-por-golpear-al-marido-300x216.jpeg","contentUrl":"https:\/\/www.fiscalia.gov.co\/colombia\/wp-content\/uploads\/mujer-asegurqada-por-golpear-al-marido-300x216.jpeg"},{"@type":"BreadcrumbList","@id":"https:\/\/www.fiscalia.gov.co\/colombia\/noticias\/mujer-que-habria-golpeado-a-su-expareja-sentimental-fue-enviada-a-la-carcel\/#breadcrumb","itemListElement":[{"@type":"ListItem","position":1,"name":"Home","item":"https:\/\/www.fiscalia.gov.co\/colombia\/"},{"@type":"ListItem","position":2,"name":"Mujer que habr\u00eda golpeado a su expareja sentimental fue enviada a la c\u00e1rcel"}]},{"@type":"WebSite","@id":"https:\/\/www.fiscalia.gov.co\/colombia\/#website","url":"https:\/\/www.fiscalia.gov.co\/colombia\/","name":"Fiscal\u00eda General de la Naci\u00f3n","description":"P\u00e1gina oficial de la Fiscal\u00eda General de la Naci\u00f3n \u2013 Colombia. Garantizamos el acceso efectivo a la justicia, la verdad y la reparaci\u00f3n de las v\u00edctimas de los delitos.","publisher":{"@id":"https:\/\/www.fiscalia.gov.co\/colombia\/#organization"},"potentialAction":[{"@type":"SearchAction","target":{"@type":"EntryPoint","urlTemplate":"https:\/\/www.fiscalia.gov.co\/colombia\/?s={search_term_string}"},"query-input":{"@type":"PropertyValueSpecification","valueRequired":true,"valueName":"search_term_string"}}],"inLanguage":"es-CO"},{"@type":"Organization","@id":"https:\/\/www.fiscalia.gov.co\/colombia\/#organization","name":"Fiscal\u00eda General de la Naci\u00f3n","url":"https:\/\/www.fiscalia.gov.co\/colombia\/","logo":{"@type":"ImageObject","inLanguage":"es-CO","@id":"https:\/\/www.fiscalia.gov.co\/colombia\/#\/schema\/logo\/image\/","url":"https:\/\/www.fiscalia.gov.co\/colombia\/wp-content\/uploads\/LogoHorizontal_1.jpg","contentUrl":"https:\/\/www.fiscalia.gov.co\/colombia\/wp-content\/uploads\/LogoHorizontal_1.jpg","width":300,"height":90,"caption":"Fiscal\u00eda General de la Naci\u00f3n"},"image":{"@id":"https:\/\/www.fiscalia.gov.co\/colombia\/#\/schema\/logo\/image\/"},"sameAs":["https:\/\/www.facebook.com\/FiscaliaCol","https:\/\/x.com\/FiscaliaCol","https:\/\/www.instagram.com\/fiscaliacol","https:\/\/www.linkedin.com\/company\/fiscalia-general-de-la-naci-n\/","https:\/\/youtube.com\/@fiscaliageneraldelanacion-4668?si=6nN79nyQICPU5iTh"]},{"@type":"Person","@id":"https:\/\/www.fiscalia.gov.co\/colombia\/#\/schema\/person\/6be81acb78add0abcbda2c598c1d53e1","name":"Lesly Katherine Segura Camargo.","image":{"@type":"ImageObject","inLanguage":"es-CO","@id":"https:\/\/www.fiscalia.gov.co\/colombia\/#\/schema\/person\/image\/","url":"https:\/\/secure.gravatar.com\/avatar\/1892091c53ef3b9c2fcb37ca6066e439?s=96&d=mm&r=g","contentUrl":"https:\/\/secure.gravatar.com\/avatar\/1892091c53ef3b9c2fcb37ca6066e439?s=96&d=mm&r=g","caption":"Lesly Katherine Segura Camargo."},"url":"https:\/\/www.fiscalia.gov.co\/colombia\/author\/lesly-segura\/"}]}},"_links":{"self":[{"href":"https:\/\/www.fiscalia.gov.co\/colombia\/wp-json\/wp\/v2\/posts\/283168","targetHints":{"allow":["GET"]}}],"collection":[{"href":"https:\/\/www.fiscalia.gov.co\/colombia\/wp-json\/wp\/v2\/posts"}],"about":[{"href":"https:\/\/www.fiscalia.gov.co\/colombia\/wp-json\/wp\/v2\/types\/post"}],"author":[{"embeddable":true,"href":"https:\/\/www.fiscalia.gov.co\/colombia\/wp-json\/wp\/v2\/users\/179"}],"replies":[{"embeddable":true,"href":"https:\/\/www.fiscalia.gov.co\/colombia\/wp-json\/wp\/v2\/comments?post=283168"}],"version-history":[{"count":1,"href":"https:\/\/www.fiscalia.gov.co\/colombia\/wp-json\/wp\/v2\/posts\/283168\/revisions"}],"predecessor-version":[{"id":283170,"href":"https:\/\/www.fiscalia.gov.co\/colombia\/wp-json\/wp\/v2\/posts\/283168\/revisions\/283170"}],"wp:attachment":[{"href":"https:\/\/www.fiscalia.gov.co\/colombia\/wp-json\/wp\/v2\/media?parent=283168"}],"wp:term":[{"taxonomy":"category","embeddable":true,"href":"https:\/\/www.fiscalia.gov.co\/colombia\/wp-json\/wp\/v2\/categories?post=283168"},{"taxonomy":"post_tag","embeddable":true,"href":"https:\/\/www.fiscalia.gov.co\/colombia\/wp-json\/wp\/v2\/tags?post=283168"}],"curies":[{"name":"wp","href":"https:\/\/api.w.org\/{rel}","templated":true}]}}