{"id":283068,"date":"2023-11-09T15:19:08","date_gmt":"2023-11-09T20:19:08","guid":{"rendered":"https:\/\/www.fiscalia.gov.co\/colombia\/?p=283068"},"modified":"2023-11-09T15:19:08","modified_gmt":"2023-11-09T20:19:08","slug":"asegurado-un-hombre-que-presuntamente-portaba-una-pistola-en-su-chaqueta-cuando-se-desplazaba-por-via-publica-de-buga-valle-del-cauca","status":"publish","type":"post","link":"https:\/\/www.fiscalia.gov.co\/colombia\/noticias\/asegurado-un-hombre-que-presuntamente-portaba-una-pistola-en-su-chaqueta-cuando-se-desplazaba-por-via-publica-de-buga-valle-del-cauca\/","title":{"rendered":"Asegurado un hombre que presuntamente portaba una pistola en su chaqueta cuando se desplazaba por v\u00eda p\u00fablica de Buga, Valle del Cauca"},"content":{"rendered":"<p>Un hombre identificado como Juan Carlos Sandoval Corrales, de 32 a\u00f1os fue enviado a la c\u00e1rcel por un juez de control de garant\u00edas,\u00a0 luego de acoger la solicitud de la Fiscal\u00eda General de la Naci\u00f3n, que lo investiga como presunto responsable de portar un arma de fuego, tipo pistola, en Guadalajara de Buga (Valle del Cauca).<\/p>\n<figure id=\"attachment_283069\" aria-describedby=\"caption-attachment-283069\" style=\"width: 351px\" class=\"wp-caption aligncenter\"><img loading=\"lazy\" decoding=\"async\" class=\" wp-image-283069\" src=\"https:\/\/www.fiscalia.gov.co\/colombia\/wp-content\/uploads\/Juan-Carlos-Sandoval-Corrales.-Porte-ilegal-armas.-Buga-Valle-300x224.jpg\" alt=\"En la fotograf\u00eda se aprecia, en acci\u00f3n de caminata, a Juan Carlos Sandoval Corrales. Viste sudadera azul con gris y gorra azul. A lado y lado de \u00e9l lo custodian dos uniformados de la Polic\u00eda Nacional. Delante de ellos hay una pesa y sobre ella hay un arma de fuego, un proveedor y munici\u00f3n. Asimismo, hay tres letreros que dicen: \u2018Munici\u00f3n\u2019, \u2018Porte ilegal de armas de fuego\u2019 y \u2018Pistola\u2019. Detr\u00e1s de ellos hay un pend\u00f3n institucional de la Polic\u00eda.\" width=\"351\" height=\"262\" srcset=\"https:\/\/www.fiscalia.gov.co\/colombia\/wp-content\/uploads\/Juan-Carlos-Sandoval-Corrales.-Porte-ilegal-armas.-Buga-Valle-300x224.jpg 300w, https:\/\/www.fiscalia.gov.co\/colombia\/wp-content\/uploads\/Juan-Carlos-Sandoval-Corrales.-Porte-ilegal-armas.-Buga-Valle-1024x763.jpg 1024w, https:\/\/www.fiscalia.gov.co\/colombia\/wp-content\/uploads\/Juan-Carlos-Sandoval-Corrales.-Porte-ilegal-armas.-Buga-Valle-768x572.jpg 768w, https:\/\/www.fiscalia.gov.co\/colombia\/wp-content\/uploads\/Juan-Carlos-Sandoval-Corrales.-Porte-ilegal-armas.-Buga-Valle-1536x1144.jpg 1536w, https:\/\/www.fiscalia.gov.co\/colombia\/wp-content\/uploads\/Juan-Carlos-Sandoval-Corrales.-Porte-ilegal-armas.-Buga-Valle-485x360.jpg 485w, https:\/\/www.fiscalia.gov.co\/colombia\/wp-content\/uploads\/Juan-Carlos-Sandoval-Corrales.-Porte-ilegal-armas.-Buga-Valle-696x519.jpg 696w, https:\/\/www.fiscalia.gov.co\/colombia\/wp-content\/uploads\/Juan-Carlos-Sandoval-Corrales.-Porte-ilegal-armas.-Buga-Valle-1068x796.jpg 1068w, https:\/\/www.fiscalia.gov.co\/colombia\/wp-content\/uploads\/Juan-Carlos-Sandoval-Corrales.-Porte-ilegal-armas.-Buga-Valle-564x420.jpg 564w, https:\/\/www.fiscalia.gov.co\/colombia\/wp-content\/uploads\/Juan-Carlos-Sandoval-Corrales.-Porte-ilegal-armas.-Buga-Valle-80x60.jpg 80w, https:\/\/www.fiscalia.gov.co\/colombia\/wp-content\/uploads\/Juan-Carlos-Sandoval-Corrales.-Porte-ilegal-armas.-Buga-Valle-265x198.jpg 265w, https:\/\/www.fiscalia.gov.co\/colombia\/wp-content\/uploads\/Juan-Carlos-Sandoval-Corrales.-Porte-ilegal-armas.-Buga-Valle.jpg 1600w\" sizes=\"auto, (max-width: 351px) 100vw, 351px\" \/><figcaption id=\"caption-attachment-283069\" class=\"wp-caption-text\">Juan Carlos Sandoval Corrales, fue judicializado como presunto responsable de portar un arma de fuego, tipo pistola, en Buga (Valle del Cauca).<\/figcaption><\/figure>\n<p>Seg\u00fan la Fiscal\u00eda, el hoy imputado fue capturado en flagrancia por personal de la Polic\u00eda Nacional, durante labores de registro y vigilancia en una v\u00eda p\u00fablica del barrio Compostela de esa municipalidad. Las autoridades hallaron en el bolsillo de la chaqueta, de Sandoval Corrales, una pistola, as\u00ed como un proveedor y munici\u00f3n para la misma. No portaba el permiso correspondiente para dicho porte.<\/p>\n<p>La Fiscal\u00eda le imput\u00f3 al capturado el delito de fabricaci\u00f3n tr\u00e1fico y porte de armas de fuego y municiones, por lo que el juez decidi\u00f3 que el presunto implicado debe cumplir la medida de aseguramiento en centro carcelario.<\/p>\n<p>Esta informaci\u00f3n se publica por razones de inter\u00e9s general.<\/p>\n<p>&nbsp;<\/p>\n<p>La Fiscal\u00eda habla con resultados.<\/p>\n<p>&nbsp;<\/p>\n<p>&nbsp;<\/p>\n<p>&nbsp;<\/p>\n<p>MAP\/DHS\/DSVC\/LYBT<\/p>\n<p>&nbsp;<\/p>\n<p>&nbsp;<\/p>\n<p><i>La informaci\u00f3n contenida en este bolet\u00edn de prensa corresponde a la narraci\u00f3n de los hechos noticiosos objetivos, suministrados por los funcionarios encargados de adelantar las investigaciones penales al interior de la Fiscal\u00eda General de la Naci\u00f3n. Para el momento de la divulgaci\u00f3n de este comunicado, la situaci\u00f3n jur\u00eddica de la(s) persona(s) relacionada(s) se encuentra pendiente de resolver por la autoridad judicial competente, siempre bajo los preceptos de la presunci\u00f3n de inocencia, consagrados en el art\u00edculo 29 de la Constituci\u00f3n Pol\u00edtica y el art\u00edculo 7\u00ba de la Ley 906 de 2004.\u00a0<\/i><\/p>\n\n<div class=\"twitter-share\"><a href=\"https:\/\/twitter.com\/intent\/tweet?via=fiscaliacol\" class=\"twitter-share-button\">Tweet<\/a><\/div>\n","protected":false},"excerpt":{"rendered":"<p>Un hombre identificado como Juan Carlos Sandoval Corrales, de 32 a\u00f1os fue enviado a la c\u00e1rcel por un juez de control de garant\u00edas,\u00a0 luego de acoger la solicitud de la Fiscal\u00eda General de la Naci\u00f3n, que lo investiga como presunto responsable de portar un arma de fuego, tipo pistola, en Guadalajara de Buga (Valle del [&hellip;]<\/p>\n","protected":false},"author":179,"featured_media":0,"comment_status":"closed","ping_status":"open","sticky":false,"template":"","format":"standard","meta":{"_price":"","_stock":"","_tribe_ticket_header":"","_tribe_default_ticket_provider":"","_tribe_ticket_capacity":"0","_ticket_start_date":"","_ticket_end_date":"","_tribe_ticket_show_description":"","_tribe_ticket_show_not_going":false,"_tribe_ticket_use_global_stock":"","_tribe_ticket_global_stock_level":"","_global_stock_mode":"","_global_stock_cap":"","_tribe_rsvp_for_event":"","_tribe_ticket_going_count":"","_tribe_ticket_not_going_count":"","_tribe_tickets_list":"[]","_tribe_ticket_has_attendee_info_fields":false,"tdm_status":"","tdm_grid_status":"","footnotes":""},"categories":[1,323,303,24099],"tags":[12424,24551,36146,78,24187,7169,1185,25943,36147,29437],"class_list":{"0":"post-283068","1":"post","2":"type-post","3":"status-publish","4":"format-standard","6":"category-noticias","7":"category-seccional-buga","8":"category-seccionales","9":"category-seguridad-territorial","10":"tag-capturado","11":"tag-centro-carcelario","12":"tag-fabricacion-trafico-y-porte-de-armas-de-fuegos-y-municiones","13":"tag-fiscal-general-de-la-nacion","14":"tag-fiscalia-colombia","15":"tag-flagrancia","16":"tag-medida-de-aseguramiento","17":"tag-pistola","18":"tag-prieto-beretta","19":"tag-seccional-valle-del-cauca"},"yoast_head":"<!-- This site is optimized with the Yoast SEO plugin v24.3 - https:\/\/yoast.com\/wordpress\/plugins\/seo\/ -->\n<title>Fiscal\u00eda General de la Naci\u00f3n<\/title>\n<meta name=\"description\" content=\"P\u00e1gina oficial de la Fiscal\u00eda General de la Naci\u00f3n \u2013 Colombia. Garantizamos el acceso efectivo a la justicia, la verdad y la reparaci\u00f3n de las v\u00edctimas de los delitos.\" \/>\n<meta name=\"robots\" content=\"noindex, follow\" \/>\n<meta property=\"og:locale\" content=\"es_ES\" \/>\n<meta property=\"og:type\" content=\"article\" \/>\n<meta property=\"og:title\" content=\"Fiscal\u00eda General de la Naci\u00f3n\" \/>\n<meta property=\"og:description\" content=\"P\u00e1gina oficial de la Fiscal\u00eda General de la Naci\u00f3n \u2013 Colombia. Garantizamos el acceso efectivo a la justicia, la verdad y la reparaci\u00f3n de las v\u00edctimas de los delitos.\" \/>\n<meta property=\"og:url\" content=\"https:\/\/www.fiscalia.gov.co\/colombia\/noticias\/asegurado-un-hombre-que-presuntamente-portaba-una-pistola-en-su-chaqueta-cuando-se-desplazaba-por-via-publica-de-buga-valle-del-cauca\/\" \/>\n<meta property=\"og:site_name\" content=\"Fiscal\u00eda General de la Naci\u00f3n\" \/>\n<meta property=\"article:publisher\" content=\"https:\/\/www.facebook.com\/FiscaliaCol\" \/>\n<meta property=\"article:published_time\" content=\"2023-11-09T20:19:08+00:00\" \/>\n<meta property=\"og:image\" content=\"https:\/\/www.fiscalia.gov.co\/colombia\/wp-content\/uploads\/Juan-Carlos-Sandoval-Corrales.-Porte-ilegal-armas.-Buga-Valle-300x224.jpg\" \/>\n<meta name=\"author\" content=\"Lesly Katherine Segura Camargo.\" \/>\n<meta name=\"twitter:card\" content=\"summary_large_image\" \/>\n<meta name=\"twitter:creator\" content=\"@FiscaliaCol\" \/>\n<meta name=\"twitter:site\" content=\"@FiscaliaCol\" \/>\n<meta name=\"twitter:label1\" content=\"Escrito por\" \/>\n\t<meta name=\"twitter:data1\" content=\"Lesly Katherine Segura Camargo.\" \/>\n\t<meta name=\"twitter:label2\" content=\"Tiempo de lectura\" \/>\n\t<meta name=\"twitter:data2\" content=\"2 minutos\" \/>\n<script type=\"application\/ld+json\" class=\"yoast-schema-graph\">{\"@context\":\"https:\/\/schema.org\",\"@graph\":[{\"@type\":\"Article\",\"@id\":\"https:\/\/www.fiscalia.gov.co\/colombia\/noticias\/asegurado-un-hombre-que-presuntamente-portaba-una-pistola-en-su-chaqueta-cuando-se-desplazaba-por-via-publica-de-buga-valle-del-cauca\/#article\",\"isPartOf\":{\"@id\":\"https:\/\/www.fiscalia.gov.co\/colombia\/noticias\/asegurado-un-hombre-que-presuntamente-portaba-una-pistola-en-su-chaqueta-cuando-se-desplazaba-por-via-publica-de-buga-valle-del-cauca\/\"},\"author\":{\"name\":\"Lesly Katherine Segura Camargo.\",\"@id\":\"https:\/\/www.fiscalia.gov.co\/colombia\/#\/schema\/person\/6be81acb78add0abcbda2c598c1d53e1\"},\"headline\":\"Asegurado un hombre que presuntamente portaba una pistola en su chaqueta cuando se desplazaba por v\u00eda p\u00fablica de Buga, Valle del Cauca\",\"datePublished\":\"2023-11-09T20:19:08+00:00\",\"dateModified\":\"2023-11-09T20:19:08+00:00\",\"mainEntityOfPage\":{\"@id\":\"https:\/\/www.fiscalia.gov.co\/colombia\/noticias\/asegurado-un-hombre-que-presuntamente-portaba-una-pistola-en-su-chaqueta-cuando-se-desplazaba-por-via-publica-de-buga-valle-del-cauca\/\"},\"wordCount\":352,\"publisher\":{\"@id\":\"https:\/\/www.fiscalia.gov.co\/colombia\/#organization\"},\"image\":{\"@id\":\"https:\/\/www.fiscalia.gov.co\/colombia\/noticias\/asegurado-un-hombre-que-presuntamente-portaba-una-pistola-en-su-chaqueta-cuando-se-desplazaba-por-via-publica-de-buga-valle-del-cauca\/#primaryimage\"},\"thumbnailUrl\":\"https:\/\/www.fiscalia.gov.co\/colombia\/wp-content\/uploads\/Juan-Carlos-Sandoval-Corrales.-Porte-ilegal-armas.-Buga-Valle-300x224.jpg\",\"keywords\":[\"Capturado\",\"centro carcelario\",\"fabricaci\u00f3n tr\u00e1fico y porte de armas de fuegos y municiones\",\"Fiscal General de la Naci\u00f3n\",\"Fiscal\u00eda Colombia\",\"Flagrancia\",\"Medida de aseguramiento\",\"pistola\",\"Prieto Beretta\",\"Seccional Valle del Cauca\"],\"articleSection\":[\"Noticias\",\"Seccional Buga\",\"Seccionales\",\"Seguridad territorial\"],\"inLanguage\":\"es-CO\"},{\"@type\":\"WebPage\",\"@id\":\"https:\/\/www.fiscalia.gov.co\/colombia\/noticias\/asegurado-un-hombre-que-presuntamente-portaba-una-pistola-en-su-chaqueta-cuando-se-desplazaba-por-via-publica-de-buga-valle-del-cauca\/\",\"url\":\"https:\/\/www.fiscalia.gov.co\/colombia\/noticias\/asegurado-un-hombre-que-presuntamente-portaba-una-pistola-en-su-chaqueta-cuando-se-desplazaba-por-via-publica-de-buga-valle-del-cauca\/\",\"name\":\"Fiscal\u00eda General de la Naci\u00f3n\",\"isPartOf\":{\"@id\":\"https:\/\/www.fiscalia.gov.co\/colombia\/#website\"},\"primaryImageOfPage\":{\"@id\":\"https:\/\/www.fiscalia.gov.co\/colombia\/noticias\/asegurado-un-hombre-que-presuntamente-portaba-una-pistola-en-su-chaqueta-cuando-se-desplazaba-por-via-publica-de-buga-valle-del-cauca\/#primaryimage\"},\"image\":{\"@id\":\"https:\/\/www.fiscalia.gov.co\/colombia\/noticias\/asegurado-un-hombre-que-presuntamente-portaba-una-pistola-en-su-chaqueta-cuando-se-desplazaba-por-via-publica-de-buga-valle-del-cauca\/#primaryimage\"},\"thumbnailUrl\":\"https:\/\/www.fiscalia.gov.co\/colombia\/wp-content\/uploads\/Juan-Carlos-Sandoval-Corrales.-Porte-ilegal-armas.-Buga-Valle-300x224.jpg\",\"datePublished\":\"2023-11-09T20:19:08+00:00\",\"dateModified\":\"2023-11-09T20:19:08+00:00\",\"description\":\"P\u00e1gina oficial de la Fiscal\u00eda General de la Naci\u00f3n \u2013 Colombia. Garantizamos el acceso efectivo a la justicia, la verdad y la reparaci\u00f3n de las v\u00edctimas de los delitos.\",\"breadcrumb\":{\"@id\":\"https:\/\/www.fiscalia.gov.co\/colombia\/noticias\/asegurado-un-hombre-que-presuntamente-portaba-una-pistola-en-su-chaqueta-cuando-se-desplazaba-por-via-publica-de-buga-valle-del-cauca\/#breadcrumb\"},\"inLanguage\":\"es-CO\",\"potentialAction\":[{\"@type\":\"ReadAction\",\"target\":[\"https:\/\/www.fiscalia.gov.co\/colombia\/noticias\/asegurado-un-hombre-que-presuntamente-portaba-una-pistola-en-su-chaqueta-cuando-se-desplazaba-por-via-publica-de-buga-valle-del-cauca\/\"]}]},{\"@type\":\"ImageObject\",\"inLanguage\":\"es-CO\",\"@id\":\"https:\/\/www.fiscalia.gov.co\/colombia\/noticias\/asegurado-un-hombre-que-presuntamente-portaba-una-pistola-en-su-chaqueta-cuando-se-desplazaba-por-via-publica-de-buga-valle-del-cauca\/#primaryimage\",\"url\":\"https:\/\/www.fiscalia.gov.co\/colombia\/wp-content\/uploads\/Juan-Carlos-Sandoval-Corrales.-Porte-ilegal-armas.-Buga-Valle.jpg\",\"contentUrl\":\"https:\/\/www.fiscalia.gov.co\/colombia\/wp-content\/uploads\/Juan-Carlos-Sandoval-Corrales.-Porte-ilegal-armas.-Buga-Valle.jpg\",\"width\":1600,\"height\":1192,\"caption\":\"Juan Carlos Sandoval Corrales, fue judicializado como presunto responsable de portar un arma de fuego, tipo pistola, en Buga (Valle del Cauca).\"},{\"@type\":\"BreadcrumbList\",\"@id\":\"https:\/\/www.fiscalia.gov.co\/colombia\/noticias\/asegurado-un-hombre-que-presuntamente-portaba-una-pistola-en-su-chaqueta-cuando-se-desplazaba-por-via-publica-de-buga-valle-del-cauca\/#breadcrumb\",\"itemListElement\":[{\"@type\":\"ListItem\",\"position\":1,\"name\":\"Home\",\"item\":\"https:\/\/www.fiscalia.gov.co\/colombia\/\"},{\"@type\":\"ListItem\",\"position\":2,\"name\":\"Asegurado un hombre que presuntamente portaba una pistola en su chaqueta cuando se desplazaba por v\u00eda p\u00fablica de Buga, Valle del Cauca\"}]},{\"@type\":\"WebSite\",\"@id\":\"https:\/\/www.fiscalia.gov.co\/colombia\/#website\",\"url\":\"https:\/\/www.fiscalia.gov.co\/colombia\/\",\"name\":\"Fiscal\u00eda General de la Naci\u00f3n\",\"description\":\"P\u00e1gina oficial de la Fiscal\u00eda General de la Naci\u00f3n \u2013 Colombia. Garantizamos el acceso efectivo a la justicia, la verdad y la reparaci\u00f3n de las v\u00edctimas de los delitos.\",\"publisher\":{\"@id\":\"https:\/\/www.fiscalia.gov.co\/colombia\/#organization\"},\"potentialAction\":[{\"@type\":\"SearchAction\",\"target\":{\"@type\":\"EntryPoint\",\"urlTemplate\":\"https:\/\/www.fiscalia.gov.co\/colombia\/?s={search_term_string}\"},\"query-input\":{\"@type\":\"PropertyValueSpecification\",\"valueRequired\":true,\"valueName\":\"search_term_string\"}}],\"inLanguage\":\"es-CO\"},{\"@type\":\"Organization\",\"@id\":\"https:\/\/www.fiscalia.gov.co\/colombia\/#organization\",\"name\":\"Fiscal\u00eda General de la Naci\u00f3n\",\"url\":\"https:\/\/www.fiscalia.gov.co\/colombia\/\",\"logo\":{\"@type\":\"ImageObject\",\"inLanguage\":\"es-CO\",\"@id\":\"https:\/\/www.fiscalia.gov.co\/colombia\/#\/schema\/logo\/image\/\",\"url\":\"https:\/\/www.fiscalia.gov.co\/colombia\/wp-content\/uploads\/LogoHorizontal_1.jpg\",\"contentUrl\":\"https:\/\/www.fiscalia.gov.co\/colombia\/wp-content\/uploads\/LogoHorizontal_1.jpg\",\"width\":300,\"height\":90,\"caption\":\"Fiscal\u00eda General de la Naci\u00f3n\"},\"image\":{\"@id\":\"https:\/\/www.fiscalia.gov.co\/colombia\/#\/schema\/logo\/image\/\"},\"sameAs\":[\"https:\/\/www.facebook.com\/FiscaliaCol\",\"https:\/\/x.com\/FiscaliaCol\",\"https:\/\/www.instagram.com\/fiscaliacol\",\"https:\/\/www.linkedin.com\/company\/fiscalia-general-de-la-naci-n\/\",\"https:\/\/youtube.com\/@fiscaliageneraldelanacion-4668?si=6nN79nyQICPU5iTh\"]},{\"@type\":\"Person\",\"@id\":\"https:\/\/www.fiscalia.gov.co\/colombia\/#\/schema\/person\/6be81acb78add0abcbda2c598c1d53e1\",\"name\":\"Lesly Katherine Segura Camargo.\",\"image\":{\"@type\":\"ImageObject\",\"inLanguage\":\"es-CO\",\"@id\":\"https:\/\/www.fiscalia.gov.co\/colombia\/#\/schema\/person\/image\/\",\"url\":\"https:\/\/secure.gravatar.com\/avatar\/1892091c53ef3b9c2fcb37ca6066e439?s=96&d=mm&r=g\",\"contentUrl\":\"https:\/\/secure.gravatar.com\/avatar\/1892091c53ef3b9c2fcb37ca6066e439?s=96&d=mm&r=g\",\"caption\":\"Lesly Katherine Segura Camargo.\"},\"url\":\"https:\/\/www.fiscalia.gov.co\/colombia\/author\/lesly-segura\/\"}]}<\/script>\n<!-- \/ Yoast SEO plugin. -->","yoast_head_json":{"title":"Fiscal\u00eda General de la Naci\u00f3n","description":"P\u00e1gina oficial de la Fiscal\u00eda General de la Naci\u00f3n \u2013 Colombia. Garantizamos el acceso efectivo a la justicia, la verdad y la reparaci\u00f3n de las v\u00edctimas de los delitos.","robots":{"index":"noindex","follow":"follow"},"og_locale":"es_ES","og_type":"article","og_title":"Fiscal\u00eda General de la Naci\u00f3n","og_description":"P\u00e1gina oficial de la Fiscal\u00eda General de la Naci\u00f3n \u2013 Colombia. Garantizamos el acceso efectivo a la justicia, la verdad y la reparaci\u00f3n de las v\u00edctimas de los delitos.","og_url":"https:\/\/www.fiscalia.gov.co\/colombia\/noticias\/asegurado-un-hombre-que-presuntamente-portaba-una-pistola-en-su-chaqueta-cuando-se-desplazaba-por-via-publica-de-buga-valle-del-cauca\/","og_site_name":"Fiscal\u00eda General de la Naci\u00f3n","article_publisher":"https:\/\/www.facebook.com\/FiscaliaCol","article_published_time":"2023-11-09T20:19:08+00:00","og_image":[{"url":"https:\/\/www.fiscalia.gov.co\/colombia\/wp-content\/uploads\/Juan-Carlos-Sandoval-Corrales.-Porte-ilegal-armas.-Buga-Valle-300x224.jpg","type":"","width":"","height":""}],"author":"Lesly Katherine Segura Camargo.","twitter_card":"summary_large_image","twitter_creator":"@FiscaliaCol","twitter_site":"@FiscaliaCol","twitter_misc":{"Escrito por":"Lesly Katherine Segura Camargo.","Tiempo de lectura":"2 minutos"},"schema":{"@context":"https:\/\/schema.org","@graph":[{"@type":"Article","@id":"https:\/\/www.fiscalia.gov.co\/colombia\/noticias\/asegurado-un-hombre-que-presuntamente-portaba-una-pistola-en-su-chaqueta-cuando-se-desplazaba-por-via-publica-de-buga-valle-del-cauca\/#article","isPartOf":{"@id":"https:\/\/www.fiscalia.gov.co\/colombia\/noticias\/asegurado-un-hombre-que-presuntamente-portaba-una-pistola-en-su-chaqueta-cuando-se-desplazaba-por-via-publica-de-buga-valle-del-cauca\/"},"author":{"name":"Lesly Katherine Segura Camargo.","@id":"https:\/\/www.fiscalia.gov.co\/colombia\/#\/schema\/person\/6be81acb78add0abcbda2c598c1d53e1"},"headline":"Asegurado un hombre que presuntamente portaba una pistola en su chaqueta cuando se desplazaba por v\u00eda p\u00fablica de Buga, Valle del Cauca","datePublished":"2023-11-09T20:19:08+00:00","dateModified":"2023-11-09T20:19:08+00:00","mainEntityOfPage":{"@id":"https:\/\/www.fiscalia.gov.co\/colombia\/noticias\/asegurado-un-hombre-que-presuntamente-portaba-una-pistola-en-su-chaqueta-cuando-se-desplazaba-por-via-publica-de-buga-valle-del-cauca\/"},"wordCount":352,"publisher":{"@id":"https:\/\/www.fiscalia.gov.co\/colombia\/#organization"},"image":{"@id":"https:\/\/www.fiscalia.gov.co\/colombia\/noticias\/asegurado-un-hombre-que-presuntamente-portaba-una-pistola-en-su-chaqueta-cuando-se-desplazaba-por-via-publica-de-buga-valle-del-cauca\/#primaryimage"},"thumbnailUrl":"https:\/\/www.fiscalia.gov.co\/colombia\/wp-content\/uploads\/Juan-Carlos-Sandoval-Corrales.-Porte-ilegal-armas.-Buga-Valle-300x224.jpg","keywords":["Capturado","centro carcelario","fabricaci\u00f3n tr\u00e1fico y porte de armas de fuegos y municiones","Fiscal General de la Naci\u00f3n","Fiscal\u00eda Colombia","Flagrancia","Medida de aseguramiento","pistola","Prieto Beretta","Seccional Valle del Cauca"],"articleSection":["Noticias","Seccional Buga","Seccionales","Seguridad territorial"],"inLanguage":"es-CO"},{"@type":"WebPage","@id":"https:\/\/www.fiscalia.gov.co\/colombia\/noticias\/asegurado-un-hombre-que-presuntamente-portaba-una-pistola-en-su-chaqueta-cuando-se-desplazaba-por-via-publica-de-buga-valle-del-cauca\/","url":"https:\/\/www.fiscalia.gov.co\/colombia\/noticias\/asegurado-un-hombre-que-presuntamente-portaba-una-pistola-en-su-chaqueta-cuando-se-desplazaba-por-via-publica-de-buga-valle-del-cauca\/","name":"Fiscal\u00eda General de la Naci\u00f3n","isPartOf":{"@id":"https:\/\/www.fiscalia.gov.co\/colombia\/#website"},"primaryImageOfPage":{"@id":"https:\/\/www.fiscalia.gov.co\/colombia\/noticias\/asegurado-un-hombre-que-presuntamente-portaba-una-pistola-en-su-chaqueta-cuando-se-desplazaba-por-via-publica-de-buga-valle-del-cauca\/#primaryimage"},"image":{"@id":"https:\/\/www.fiscalia.gov.co\/colombia\/noticias\/asegurado-un-hombre-que-presuntamente-portaba-una-pistola-en-su-chaqueta-cuando-se-desplazaba-por-via-publica-de-buga-valle-del-cauca\/#primaryimage"},"thumbnailUrl":"https:\/\/www.fiscalia.gov.co\/colombia\/wp-content\/uploads\/Juan-Carlos-Sandoval-Corrales.-Porte-ilegal-armas.-Buga-Valle-300x224.jpg","datePublished":"2023-11-09T20:19:08+00:00","dateModified":"2023-11-09T20:19:08+00:00","description":"P\u00e1gina oficial de la Fiscal\u00eda General de la Naci\u00f3n \u2013 Colombia. Garantizamos el acceso efectivo a la justicia, la verdad y la reparaci\u00f3n de las v\u00edctimas de los delitos.","breadcrumb":{"@id":"https:\/\/www.fiscalia.gov.co\/colombia\/noticias\/asegurado-un-hombre-que-presuntamente-portaba-una-pistola-en-su-chaqueta-cuando-se-desplazaba-por-via-publica-de-buga-valle-del-cauca\/#breadcrumb"},"inLanguage":"es-CO","potentialAction":[{"@type":"ReadAction","target":["https:\/\/www.fiscalia.gov.co\/colombia\/noticias\/asegurado-un-hombre-que-presuntamente-portaba-una-pistola-en-su-chaqueta-cuando-se-desplazaba-por-via-publica-de-buga-valle-del-cauca\/"]}]},{"@type":"ImageObject","inLanguage":"es-CO","@id":"https:\/\/www.fiscalia.gov.co\/colombia\/noticias\/asegurado-un-hombre-que-presuntamente-portaba-una-pistola-en-su-chaqueta-cuando-se-desplazaba-por-via-publica-de-buga-valle-del-cauca\/#primaryimage","url":"https:\/\/www.fiscalia.gov.co\/colombia\/wp-content\/uploads\/Juan-Carlos-Sandoval-Corrales.-Porte-ilegal-armas.-Buga-Valle.jpg","contentUrl":"https:\/\/www.fiscalia.gov.co\/colombia\/wp-content\/uploads\/Juan-Carlos-Sandoval-Corrales.-Porte-ilegal-armas.-Buga-Valle.jpg","width":1600,"height":1192,"caption":"Juan Carlos Sandoval Corrales, fue judicializado como presunto responsable de portar un arma de fuego, tipo pistola, en Buga (Valle del Cauca)."},{"@type":"BreadcrumbList","@id":"https:\/\/www.fiscalia.gov.co\/colombia\/noticias\/asegurado-un-hombre-que-presuntamente-portaba-una-pistola-en-su-chaqueta-cuando-se-desplazaba-por-via-publica-de-buga-valle-del-cauca\/#breadcrumb","itemListElement":[{"@type":"ListItem","position":1,"name":"Home","item":"https:\/\/www.fiscalia.gov.co\/colombia\/"},{"@type":"ListItem","position":2,"name":"Asegurado un hombre que presuntamente portaba una pistola en su chaqueta cuando se desplazaba por v\u00eda p\u00fablica de Buga, Valle del Cauca"}]},{"@type":"WebSite","@id":"https:\/\/www.fiscalia.gov.co\/colombia\/#website","url":"https:\/\/www.fiscalia.gov.co\/colombia\/","name":"Fiscal\u00eda General de la Naci\u00f3n","description":"P\u00e1gina oficial de la Fiscal\u00eda General de la Naci\u00f3n \u2013 Colombia. Garantizamos el acceso efectivo a la justicia, la verdad y la reparaci\u00f3n de las v\u00edctimas de los delitos.","publisher":{"@id":"https:\/\/www.fiscalia.gov.co\/colombia\/#organization"},"potentialAction":[{"@type":"SearchAction","target":{"@type":"EntryPoint","urlTemplate":"https:\/\/www.fiscalia.gov.co\/colombia\/?s={search_term_string}"},"query-input":{"@type":"PropertyValueSpecification","valueRequired":true,"valueName":"search_term_string"}}],"inLanguage":"es-CO"},{"@type":"Organization","@id":"https:\/\/www.fiscalia.gov.co\/colombia\/#organization","name":"Fiscal\u00eda General de la Naci\u00f3n","url":"https:\/\/www.fiscalia.gov.co\/colombia\/","logo":{"@type":"ImageObject","inLanguage":"es-CO","@id":"https:\/\/www.fiscalia.gov.co\/colombia\/#\/schema\/logo\/image\/","url":"https:\/\/www.fiscalia.gov.co\/colombia\/wp-content\/uploads\/LogoHorizontal_1.jpg","contentUrl":"https:\/\/www.fiscalia.gov.co\/colombia\/wp-content\/uploads\/LogoHorizontal_1.jpg","width":300,"height":90,"caption":"Fiscal\u00eda General de la Naci\u00f3n"},"image":{"@id":"https:\/\/www.fiscalia.gov.co\/colombia\/#\/schema\/logo\/image\/"},"sameAs":["https:\/\/www.facebook.com\/FiscaliaCol","https:\/\/x.com\/FiscaliaCol","https:\/\/www.instagram.com\/fiscaliacol","https:\/\/www.linkedin.com\/company\/fiscalia-general-de-la-naci-n\/","https:\/\/youtube.com\/@fiscaliageneraldelanacion-4668?si=6nN79nyQICPU5iTh"]},{"@type":"Person","@id":"https:\/\/www.fiscalia.gov.co\/colombia\/#\/schema\/person\/6be81acb78add0abcbda2c598c1d53e1","name":"Lesly Katherine Segura Camargo.","image":{"@type":"ImageObject","inLanguage":"es-CO","@id":"https:\/\/www.fiscalia.gov.co\/colombia\/#\/schema\/person\/image\/","url":"https:\/\/secure.gravatar.com\/avatar\/1892091c53ef3b9c2fcb37ca6066e439?s=96&d=mm&r=g","contentUrl":"https:\/\/secure.gravatar.com\/avatar\/1892091c53ef3b9c2fcb37ca6066e439?s=96&d=mm&r=g","caption":"Lesly Katherine Segura Camargo."},"url":"https:\/\/www.fiscalia.gov.co\/colombia\/author\/lesly-segura\/"}]}},"_links":{"self":[{"href":"https:\/\/www.fiscalia.gov.co\/colombia\/wp-json\/wp\/v2\/posts\/283068","targetHints":{"allow":["GET"]}}],"collection":[{"href":"https:\/\/www.fiscalia.gov.co\/colombia\/wp-json\/wp\/v2\/posts"}],"about":[{"href":"https:\/\/www.fiscalia.gov.co\/colombia\/wp-json\/wp\/v2\/types\/post"}],"author":[{"embeddable":true,"href":"https:\/\/www.fiscalia.gov.co\/colombia\/wp-json\/wp\/v2\/users\/179"}],"replies":[{"embeddable":true,"href":"https:\/\/www.fiscalia.gov.co\/colombia\/wp-json\/wp\/v2\/comments?post=283068"}],"version-history":[{"count":1,"href":"https:\/\/www.fiscalia.gov.co\/colombia\/wp-json\/wp\/v2\/posts\/283068\/revisions"}],"predecessor-version":[{"id":283070,"href":"https:\/\/www.fiscalia.gov.co\/colombia\/wp-json\/wp\/v2\/posts\/283068\/revisions\/283070"}],"wp:attachment":[{"href":"https:\/\/www.fiscalia.gov.co\/colombia\/wp-json\/wp\/v2\/media?parent=283068"}],"wp:term":[{"taxonomy":"category","embeddable":true,"href":"https:\/\/www.fiscalia.gov.co\/colombia\/wp-json\/wp\/v2\/categories?post=283068"},{"taxonomy":"post_tag","embeddable":true,"href":"https:\/\/www.fiscalia.gov.co\/colombia\/wp-json\/wp\/v2\/tags?post=283068"}],"curies":[{"name":"wp","href":"https:\/\/api.w.org\/{rel}","templated":true}]}}