{"id":282992,"date":"2023-11-08T18:18:45","date_gmt":"2023-11-08T23:18:45","guid":{"rendered":"https:\/\/www.fiscalia.gov.co\/colombia\/?p=282992"},"modified":"2023-11-08T18:18:45","modified_gmt":"2023-11-08T23:18:45","slug":"pareja-fue-enviada-a-la-carcel-senalada-de-participar-en-tres-homicidios-y-dos-tentativas-de-homicidio-en-el-espinal-tolima","status":"publish","type":"post","link":"https:\/\/www.fiscalia.gov.co\/colombia\/noticias\/pareja-fue-enviada-a-la-carcel-senalada-de-participar-en-tres-homicidios-y-dos-tentativas-de-homicidio-en-el-espinal-tolima\/","title":{"rendered":"Pareja fue enviada a la c\u00e1rcel se\u00f1alada de participar en tres homicidios y dos tentativas de homicidio en El Espinal, Tolima"},"content":{"rendered":"<h4><em><strong>Los hechos ocurrieron en febrero de este a\u00f1o en el sector La Pioja cuando personas en seis motos llegaron al lugar y abrieron fuego en contra de un grupo de ciudadanos que depart\u00edan.\u00a0<\/strong><\/em><\/h4>\n<p>Juan Sebasti\u00e1n Osuna Acosta y Mayra Alejandra Franco Ortiz fueron enviados a la c\u00e1rcel por la investigaci\u00f3n que un despacho de la Unidad de Vida de la Fiscal\u00eda en Ibagu\u00e9 tiene en su contra, por los delitos de homicidio y fabricaci\u00f3n, tr\u00e1fico y porte ilegal de armas de fuego, ambos agravados, de los que fueron v\u00edctima cinco personas de las cuales tres perdieron la vida en el sector La Pioja de El Espinal (Tolima).<\/p>\n<figure id=\"attachment_282993\" aria-describedby=\"caption-attachment-282993\" style=\"width: 300px\" class=\"wp-caption aligncenter\"><img loading=\"lazy\" decoding=\"async\" class=\"wp-image-282993 size-medium\" src=\"https:\/\/www.fiscalia.gov.co\/colombia\/wp-content\/uploads\/pareja-homicidi-espinal-300x250.jpeg\" alt=\"en la imagen se ve un hombre y una mujer detenidos bajo custodia de dos integrantes de la Polic\u00eda Nacional. Detr\u00e1s suyo un backing institucional.  \" width=\"300\" height=\"250\" srcset=\"https:\/\/www.fiscalia.gov.co\/colombia\/wp-content\/uploads\/pareja-homicidi-espinal-300x250.jpeg 300w, https:\/\/www.fiscalia.gov.co\/colombia\/wp-content\/uploads\/pareja-homicidi-espinal-1024x852.jpeg 1024w, https:\/\/www.fiscalia.gov.co\/colombia\/wp-content\/uploads\/pareja-homicidi-espinal-768x639.jpeg 768w, https:\/\/www.fiscalia.gov.co\/colombia\/wp-content\/uploads\/pareja-homicidi-espinal-1536x1278.jpeg 1536w, https:\/\/www.fiscalia.gov.co\/colombia\/wp-content\/uploads\/pareja-homicidi-espinal-696x579.jpeg 696w, https:\/\/www.fiscalia.gov.co\/colombia\/wp-content\/uploads\/pareja-homicidi-espinal-1068x888.jpeg 1068w, https:\/\/www.fiscalia.gov.co\/colombia\/wp-content\/uploads\/pareja-homicidi-espinal-505x420.jpeg 505w, https:\/\/www.fiscalia.gov.co\/colombia\/wp-content\/uploads\/pareja-homicidi-espinal.jpeg 1600w\" sizes=\"auto, (max-width: 300px) 100vw, 300px\" \/><figcaption id=\"caption-attachment-282993\" class=\"wp-caption-text\">La pareja fue privada de la libertad por los delitos de homicidio y porte de armas agravados. Testigos los ubican en el lugar de los hechos donde resultaron heridas dos personas y tres de ellas muertas.<\/figcaption><\/figure>\n<p>Los procesados fueron detenidos en cumplimiento a las \u00f3rdenes judiciales que pesaban en su contra, en dos sectores del mismo municipio donde ocurrieron los hechos el 19 de febrero de este a\u00f1o.<\/p>\n<p>Cuenta la Fiscal\u00eda con elementos materiales probatorios suficientes para demostrar que el d\u00eda de los hechos, los hoy privados de la libertad se movilizaban junto a otras personas en seis motocicletas desde donde sorprendieron a las v\u00edctimas y abrieron fuego indiscriminadamente acabando con la vida de tres ellas.<\/p>\n<p>Estas fueron identificadas como Juan Sebasti\u00e1n Serrano, Liliana M\u00e9ndez y Jhon Henry Rueda.<\/p>\n<p>El ataque, se presume, estar\u00eda relacionado con el tr\u00e1fico de estupefacientes al menudeo.<\/p>\n<p>Ninguno acept\u00f3 los cargos enrostrados por el delegado fiscal.<\/p>\n<p>&nbsp;<\/p>\n<p><strong>\u00a0La Fiscal\u00eda habla con resultados.<\/strong><\/p>\n<p>&nbsp;<\/p>\n<p>&nbsp;<\/p>\n<p>&nbsp;<\/p>\n<p>PAAM\/LYBT\/FP\/AMBV\/DST<\/p>\n<p>&nbsp;<\/p>\n<p>&nbsp;<\/p>\n<p>&nbsp;<\/p>\n<p><i>La informaci\u00f3n contenida en este bolet\u00edn de prensa corresponde a la narraci\u00f3n de los hechos noticiosos objetivos, suministrados por los funcionarios encargados de adelantar las investigaciones penales al interior de la Fiscal\u00eda General de la Naci\u00f3n. Para el momento de la divulgaci\u00f3n de este comunicado, la situaci\u00f3n jur\u00eddica de la(s) persona(s) relacionada(s) se encuentra pendiente de resolver por la autoridad judicial competente, siempre bajo los preceptos de la presunci\u00f3n de inocencia, consagrados en el art\u00edculo 29 de la Constituci\u00f3n Pol\u00edtica y el art\u00edculo 7\u00ba de la Ley 906 de 2004.\u00a0<\/i><\/p>\n\n<div class=\"twitter-share\"><a href=\"https:\/\/twitter.com\/intent\/tweet?via=fiscaliacol\" class=\"twitter-share-button\">Tweet<\/a><\/div>\n","protected":false},"excerpt":{"rendered":"<p>Los hechos ocurrieron en febrero de este a\u00f1o en el sector La Pioja cuando personas en seis motos llegaron al lugar y abrieron fuego en contra de un grupo de [&hellip;]<\/p>\n","protected":false},"author":179,"featured_media":0,"comment_status":"closed","ping_status":"open","sticky":false,"template":"","format":"standard","meta":{"tdm_status":"","tdm_grid_status":"","footnotes":""},"categories":[1,329,303,24099],"tags":[45,24536,50,1047,686,27672,11563,558,4765,36142,30239,5448,479],"class_list":["post-282992","post","type-post","status-publish","format-standard","category-noticias","category-seccional-ibague","category-seccionales","category-seguridad-territorial","tag-cti","tag-el-espinal","tag-estupefacientes","tag-fiscalia-general-de-la-nacion","tag-homicidio-agravado","tag-motos","tag-narcomenudeo","tag-policia-nacional","tag-porte-ilegal-de-armas-de-fuego","tag-sector-la-pioja","tag-seguridad-territorial","tag-sicariato","tag-tentativa-de-homicidio"],"yoast_head":"<!-- This site is optimized with the Yoast SEO plugin v24.3 - https:\/\/yoast.com\/wordpress\/plugins\/seo\/ -->\n<title>Fiscal\u00eda General de la Naci\u00f3n<\/title>\n<meta name=\"description\" content=\"P\u00e1gina oficial de la Fiscal\u00eda General de la Naci\u00f3n \u2013 Colombia. Garantizamos el acceso efectivo a la justicia, la verdad y la reparaci\u00f3n de las v\u00edctimas de los delitos.\" \/>\n<meta name=\"robots\" content=\"noindex, follow\" \/>\n<meta property=\"og:locale\" content=\"es_ES\" \/>\n<meta property=\"og:type\" content=\"article\" \/>\n<meta property=\"og:title\" content=\"Fiscal\u00eda General de la Naci\u00f3n\" \/>\n<meta property=\"og:description\" content=\"P\u00e1gina oficial de la Fiscal\u00eda General de la Naci\u00f3n \u2013 Colombia. Garantizamos el acceso efectivo a la justicia, la verdad y la reparaci\u00f3n de las v\u00edctimas de los delitos.\" \/>\n<meta property=\"og:url\" content=\"https:\/\/www.fiscalia.gov.co\/colombia\/noticias\/pareja-fue-enviada-a-la-carcel-senalada-de-participar-en-tres-homicidios-y-dos-tentativas-de-homicidio-en-el-espinal-tolima\/\" \/>\n<meta property=\"og:site_name\" content=\"Fiscal\u00eda General de la Naci\u00f3n\" \/>\n<meta property=\"article:publisher\" content=\"https:\/\/www.facebook.com\/FiscaliaCol\" \/>\n<meta property=\"article:published_time\" content=\"2023-11-08T23:18:45+00:00\" \/>\n<meta property=\"og:image\" content=\"https:\/\/www.fiscalia.gov.co\/colombia\/wp-content\/uploads\/pareja-homicidi-espinal-300x250.jpeg\" \/>\n<meta name=\"author\" content=\"Lesly Katherine Segura Camargo.\" \/>\n<meta name=\"twitter:card\" content=\"summary_large_image\" \/>\n<meta name=\"twitter:creator\" content=\"@FiscaliaCol\" \/>\n<meta name=\"twitter:site\" content=\"@FiscaliaCol\" \/>\n<meta name=\"twitter:label1\" content=\"Escrito por\" \/>\n\t<meta name=\"twitter:data1\" content=\"Lesly Katherine Segura Camargo.\" \/>\n\t<meta name=\"twitter:label2\" content=\"Tiempo de lectura\" \/>\n\t<meta name=\"twitter:data2\" content=\"2 minutos\" \/>\n<script type=\"application\/ld+json\" class=\"yoast-schema-graph\">{\"@context\":\"https:\/\/schema.org\",\"@graph\":[{\"@type\":\"Article\",\"@id\":\"https:\/\/www.fiscalia.gov.co\/colombia\/noticias\/pareja-fue-enviada-a-la-carcel-senalada-de-participar-en-tres-homicidios-y-dos-tentativas-de-homicidio-en-el-espinal-tolima\/#article\",\"isPartOf\":{\"@id\":\"https:\/\/www.fiscalia.gov.co\/colombia\/noticias\/pareja-fue-enviada-a-la-carcel-senalada-de-participar-en-tres-homicidios-y-dos-tentativas-de-homicidio-en-el-espinal-tolima\/\"},\"author\":{\"name\":\"Lesly Katherine Segura Camargo.\",\"@id\":\"https:\/\/www.fiscalia.gov.co\/colombia\/#\/schema\/person\/6be81acb78add0abcbda2c598c1d53e1\"},\"headline\":\"Pareja fue enviada a la c\u00e1rcel se\u00f1alada de participar en tres homicidios y dos tentativas de homicidio en El Espinal, Tolima\",\"datePublished\":\"2023-11-08T23:18:45+00:00\",\"dateModified\":\"2023-11-08T23:18:45+00:00\",\"mainEntityOfPage\":{\"@id\":\"https:\/\/www.fiscalia.gov.co\/colombia\/noticias\/pareja-fue-enviada-a-la-carcel-senalada-de-participar-en-tres-homicidios-y-dos-tentativas-de-homicidio-en-el-espinal-tolima\/\"},\"wordCount\":424,\"publisher\":{\"@id\":\"https:\/\/www.fiscalia.gov.co\/colombia\/#organization\"},\"image\":{\"@id\":\"https:\/\/www.fiscalia.gov.co\/colombia\/noticias\/pareja-fue-enviada-a-la-carcel-senalada-de-participar-en-tres-homicidios-y-dos-tentativas-de-homicidio-en-el-espinal-tolima\/#primaryimage\"},\"thumbnailUrl\":\"https:\/\/www.fiscalia.gov.co\/colombia\/wp-content\/uploads\/pareja-homicidi-espinal-300x250.jpeg\",\"keywords\":[\"CTI\",\"El Espinal\",\"Estupefacientes\",\"Fiscal\u00eda General de la Naci\u00f3n\",\"Homicidio agravado\",\"motos\",\"Narcomenudeo\",\"Polic\u00eda Nacional\",\"Porte ilegal de armas de fuego\",\"sector La Pioja\",\"Seguridad territorial\",\"Sicariato\",\"Tentativa de homicidio\"],\"articleSection\":[\"Noticias\",\"Seccional Ibagu\u00e9\",\"Seccionales\",\"Seguridad territorial\"],\"inLanguage\":\"es-CO\"},{\"@type\":\"WebPage\",\"@id\":\"https:\/\/www.fiscalia.gov.co\/colombia\/noticias\/pareja-fue-enviada-a-la-carcel-senalada-de-participar-en-tres-homicidios-y-dos-tentativas-de-homicidio-en-el-espinal-tolima\/\",\"url\":\"https:\/\/www.fiscalia.gov.co\/colombia\/noticias\/pareja-fue-enviada-a-la-carcel-senalada-de-participar-en-tres-homicidios-y-dos-tentativas-de-homicidio-en-el-espinal-tolima\/\",\"name\":\"Fiscal\u00eda General de la Naci\u00f3n\",\"isPartOf\":{\"@id\":\"https:\/\/www.fiscalia.gov.co\/colombia\/#website\"},\"primaryImageOfPage\":{\"@id\":\"https:\/\/www.fiscalia.gov.co\/colombia\/noticias\/pareja-fue-enviada-a-la-carcel-senalada-de-participar-en-tres-homicidios-y-dos-tentativas-de-homicidio-en-el-espinal-tolima\/#primaryimage\"},\"image\":{\"@id\":\"https:\/\/www.fiscalia.gov.co\/colombia\/noticias\/pareja-fue-enviada-a-la-carcel-senalada-de-participar-en-tres-homicidios-y-dos-tentativas-de-homicidio-en-el-espinal-tolima\/#primaryimage\"},\"thumbnailUrl\":\"https:\/\/www.fiscalia.gov.co\/colombia\/wp-content\/uploads\/pareja-homicidi-espinal-300x250.jpeg\",\"datePublished\":\"2023-11-08T23:18:45+00:00\",\"dateModified\":\"2023-11-08T23:18:45+00:00\",\"description\":\"P\u00e1gina oficial de la Fiscal\u00eda General de la Naci\u00f3n \u2013 Colombia. Garantizamos el acceso efectivo a la justicia, la verdad y la reparaci\u00f3n de las v\u00edctimas de los delitos.\",\"breadcrumb\":{\"@id\":\"https:\/\/www.fiscalia.gov.co\/colombia\/noticias\/pareja-fue-enviada-a-la-carcel-senalada-de-participar-en-tres-homicidios-y-dos-tentativas-de-homicidio-en-el-espinal-tolima\/#breadcrumb\"},\"inLanguage\":\"es-CO\",\"potentialAction\":[{\"@type\":\"ReadAction\",\"target\":[\"https:\/\/www.fiscalia.gov.co\/colombia\/noticias\/pareja-fue-enviada-a-la-carcel-senalada-de-participar-en-tres-homicidios-y-dos-tentativas-de-homicidio-en-el-espinal-tolima\/\"]}]},{\"@type\":\"ImageObject\",\"inLanguage\":\"es-CO\",\"@id\":\"https:\/\/www.fiscalia.gov.co\/colombia\/noticias\/pareja-fue-enviada-a-la-carcel-senalada-de-participar-en-tres-homicidios-y-dos-tentativas-de-homicidio-en-el-espinal-tolima\/#primaryimage\",\"url\":\"https:\/\/www.fiscalia.gov.co\/colombia\/wp-content\/uploads\/pareja-homicidi-espinal-300x250.jpeg\",\"contentUrl\":\"https:\/\/www.fiscalia.gov.co\/colombia\/wp-content\/uploads\/pareja-homicidi-espinal-300x250.jpeg\"},{\"@type\":\"BreadcrumbList\",\"@id\":\"https:\/\/www.fiscalia.gov.co\/colombia\/noticias\/pareja-fue-enviada-a-la-carcel-senalada-de-participar-en-tres-homicidios-y-dos-tentativas-de-homicidio-en-el-espinal-tolima\/#breadcrumb\",\"itemListElement\":[{\"@type\":\"ListItem\",\"position\":1,\"name\":\"Home\",\"item\":\"https:\/\/www.fiscalia.gov.co\/colombia\/\"},{\"@type\":\"ListItem\",\"position\":2,\"name\":\"Pareja fue enviada a la c\u00e1rcel se\u00f1alada de participar en tres homicidios y dos tentativas de homicidio en El Espinal, Tolima\"}]},{\"@type\":\"WebSite\",\"@id\":\"https:\/\/www.fiscalia.gov.co\/colombia\/#website\",\"url\":\"https:\/\/www.fiscalia.gov.co\/colombia\/\",\"name\":\"Fiscal\u00eda General de la Naci\u00f3n\",\"description\":\"P\u00e1gina oficial de la Fiscal\u00eda General de la Naci\u00f3n \u2013 Colombia. Garantizamos el acceso efectivo a la justicia, la verdad y la reparaci\u00f3n de las v\u00edctimas de los delitos.\",\"publisher\":{\"@id\":\"https:\/\/www.fiscalia.gov.co\/colombia\/#organization\"},\"potentialAction\":[{\"@type\":\"SearchAction\",\"target\":{\"@type\":\"EntryPoint\",\"urlTemplate\":\"https:\/\/www.fiscalia.gov.co\/colombia\/?s={search_term_string}\"},\"query-input\":{\"@type\":\"PropertyValueSpecification\",\"valueRequired\":true,\"valueName\":\"search_term_string\"}}],\"inLanguage\":\"es-CO\"},{\"@type\":\"Organization\",\"@id\":\"https:\/\/www.fiscalia.gov.co\/colombia\/#organization\",\"name\":\"Fiscal\u00eda General de la Naci\u00f3n\",\"url\":\"https:\/\/www.fiscalia.gov.co\/colombia\/\",\"logo\":{\"@type\":\"ImageObject\",\"inLanguage\":\"es-CO\",\"@id\":\"https:\/\/www.fiscalia.gov.co\/colombia\/#\/schema\/logo\/image\/\",\"url\":\"https:\/\/www.fiscalia.gov.co\/colombia\/wp-content\/uploads\/LogoHorizontal_1.jpg\",\"contentUrl\":\"https:\/\/www.fiscalia.gov.co\/colombia\/wp-content\/uploads\/LogoHorizontal_1.jpg\",\"width\":300,\"height\":90,\"caption\":\"Fiscal\u00eda General de la Naci\u00f3n\"},\"image\":{\"@id\":\"https:\/\/www.fiscalia.gov.co\/colombia\/#\/schema\/logo\/image\/\"},\"sameAs\":[\"https:\/\/www.facebook.com\/FiscaliaCol\",\"https:\/\/x.com\/FiscaliaCol\",\"https:\/\/www.instagram.com\/fiscaliacol\",\"https:\/\/www.linkedin.com\/company\/fiscalia-general-de-la-naci-n\/\",\"https:\/\/youtube.com\/@fiscaliageneraldelanacion-4668?si=6nN79nyQICPU5iTh\"]},{\"@type\":\"Person\",\"@id\":\"https:\/\/www.fiscalia.gov.co\/colombia\/#\/schema\/person\/6be81acb78add0abcbda2c598c1d53e1\",\"name\":\"Lesly Katherine Segura Camargo.\",\"image\":{\"@type\":\"ImageObject\",\"inLanguage\":\"es-CO\",\"@id\":\"https:\/\/www.fiscalia.gov.co\/colombia\/#\/schema\/person\/image\/\",\"url\":\"https:\/\/secure.gravatar.com\/avatar\/1892091c53ef3b9c2fcb37ca6066e439?s=96&d=mm&r=g\",\"contentUrl\":\"https:\/\/secure.gravatar.com\/avatar\/1892091c53ef3b9c2fcb37ca6066e439?s=96&d=mm&r=g\",\"caption\":\"Lesly Katherine Segura Camargo.\"},\"url\":\"https:\/\/www.fiscalia.gov.co\/colombia\/author\/lesly-segura\/\"}]}<\/script>\n<!-- \/ Yoast SEO plugin. -->","yoast_head_json":{"title":"Fiscal\u00eda General de la Naci\u00f3n","description":"P\u00e1gina oficial de la Fiscal\u00eda General de la Naci\u00f3n \u2013 Colombia. Garantizamos el acceso efectivo a la justicia, la verdad y la reparaci\u00f3n de las v\u00edctimas de los delitos.","robots":{"index":"noindex","follow":"follow"},"og_locale":"es_ES","og_type":"article","og_title":"Fiscal\u00eda General de la Naci\u00f3n","og_description":"P\u00e1gina oficial de la Fiscal\u00eda General de la Naci\u00f3n \u2013 Colombia. Garantizamos el acceso efectivo a la justicia, la verdad y la reparaci\u00f3n de las v\u00edctimas de los delitos.","og_url":"https:\/\/www.fiscalia.gov.co\/colombia\/noticias\/pareja-fue-enviada-a-la-carcel-senalada-de-participar-en-tres-homicidios-y-dos-tentativas-de-homicidio-en-el-espinal-tolima\/","og_site_name":"Fiscal\u00eda General de la Naci\u00f3n","article_publisher":"https:\/\/www.facebook.com\/FiscaliaCol","article_published_time":"2023-11-08T23:18:45+00:00","og_image":[{"url":"https:\/\/www.fiscalia.gov.co\/colombia\/wp-content\/uploads\/pareja-homicidi-espinal-300x250.jpeg","type":"","width":"","height":""}],"author":"Lesly Katherine Segura Camargo.","twitter_card":"summary_large_image","twitter_creator":"@FiscaliaCol","twitter_site":"@FiscaliaCol","twitter_misc":{"Escrito por":"Lesly Katherine Segura Camargo.","Tiempo de lectura":"2 minutos"},"schema":{"@context":"https:\/\/schema.org","@graph":[{"@type":"Article","@id":"https:\/\/www.fiscalia.gov.co\/colombia\/noticias\/pareja-fue-enviada-a-la-carcel-senalada-de-participar-en-tres-homicidios-y-dos-tentativas-de-homicidio-en-el-espinal-tolima\/#article","isPartOf":{"@id":"https:\/\/www.fiscalia.gov.co\/colombia\/noticias\/pareja-fue-enviada-a-la-carcel-senalada-de-participar-en-tres-homicidios-y-dos-tentativas-de-homicidio-en-el-espinal-tolima\/"},"author":{"name":"Lesly Katherine Segura Camargo.","@id":"https:\/\/www.fiscalia.gov.co\/colombia\/#\/schema\/person\/6be81acb78add0abcbda2c598c1d53e1"},"headline":"Pareja fue enviada a la c\u00e1rcel se\u00f1alada de participar en tres homicidios y dos tentativas de homicidio en El Espinal, Tolima","datePublished":"2023-11-08T23:18:45+00:00","dateModified":"2023-11-08T23:18:45+00:00","mainEntityOfPage":{"@id":"https:\/\/www.fiscalia.gov.co\/colombia\/noticias\/pareja-fue-enviada-a-la-carcel-senalada-de-participar-en-tres-homicidios-y-dos-tentativas-de-homicidio-en-el-espinal-tolima\/"},"wordCount":424,"publisher":{"@id":"https:\/\/www.fiscalia.gov.co\/colombia\/#organization"},"image":{"@id":"https:\/\/www.fiscalia.gov.co\/colombia\/noticias\/pareja-fue-enviada-a-la-carcel-senalada-de-participar-en-tres-homicidios-y-dos-tentativas-de-homicidio-en-el-espinal-tolima\/#primaryimage"},"thumbnailUrl":"https:\/\/www.fiscalia.gov.co\/colombia\/wp-content\/uploads\/pareja-homicidi-espinal-300x250.jpeg","keywords":["CTI","El Espinal","Estupefacientes","Fiscal\u00eda General de la Naci\u00f3n","Homicidio agravado","motos","Narcomenudeo","Polic\u00eda Nacional","Porte ilegal de armas de fuego","sector La Pioja","Seguridad territorial","Sicariato","Tentativa de homicidio"],"articleSection":["Noticias","Seccional Ibagu\u00e9","Seccionales","Seguridad territorial"],"inLanguage":"es-CO"},{"@type":"WebPage","@id":"https:\/\/www.fiscalia.gov.co\/colombia\/noticias\/pareja-fue-enviada-a-la-carcel-senalada-de-participar-en-tres-homicidios-y-dos-tentativas-de-homicidio-en-el-espinal-tolima\/","url":"https:\/\/www.fiscalia.gov.co\/colombia\/noticias\/pareja-fue-enviada-a-la-carcel-senalada-de-participar-en-tres-homicidios-y-dos-tentativas-de-homicidio-en-el-espinal-tolima\/","name":"Fiscal\u00eda General de la Naci\u00f3n","isPartOf":{"@id":"https:\/\/www.fiscalia.gov.co\/colombia\/#website"},"primaryImageOfPage":{"@id":"https:\/\/www.fiscalia.gov.co\/colombia\/noticias\/pareja-fue-enviada-a-la-carcel-senalada-de-participar-en-tres-homicidios-y-dos-tentativas-de-homicidio-en-el-espinal-tolima\/#primaryimage"},"image":{"@id":"https:\/\/www.fiscalia.gov.co\/colombia\/noticias\/pareja-fue-enviada-a-la-carcel-senalada-de-participar-en-tres-homicidios-y-dos-tentativas-de-homicidio-en-el-espinal-tolima\/#primaryimage"},"thumbnailUrl":"https:\/\/www.fiscalia.gov.co\/colombia\/wp-content\/uploads\/pareja-homicidi-espinal-300x250.jpeg","datePublished":"2023-11-08T23:18:45+00:00","dateModified":"2023-11-08T23:18:45+00:00","description":"P\u00e1gina oficial de la Fiscal\u00eda General de la Naci\u00f3n \u2013 Colombia. Garantizamos el acceso efectivo a la justicia, la verdad y la reparaci\u00f3n de las v\u00edctimas de los delitos.","breadcrumb":{"@id":"https:\/\/www.fiscalia.gov.co\/colombia\/noticias\/pareja-fue-enviada-a-la-carcel-senalada-de-participar-en-tres-homicidios-y-dos-tentativas-de-homicidio-en-el-espinal-tolima\/#breadcrumb"},"inLanguage":"es-CO","potentialAction":[{"@type":"ReadAction","target":["https:\/\/www.fiscalia.gov.co\/colombia\/noticias\/pareja-fue-enviada-a-la-carcel-senalada-de-participar-en-tres-homicidios-y-dos-tentativas-de-homicidio-en-el-espinal-tolima\/"]}]},{"@type":"ImageObject","inLanguage":"es-CO","@id":"https:\/\/www.fiscalia.gov.co\/colombia\/noticias\/pareja-fue-enviada-a-la-carcel-senalada-de-participar-en-tres-homicidios-y-dos-tentativas-de-homicidio-en-el-espinal-tolima\/#primaryimage","url":"https:\/\/www.fiscalia.gov.co\/colombia\/wp-content\/uploads\/pareja-homicidi-espinal-300x250.jpeg","contentUrl":"https:\/\/www.fiscalia.gov.co\/colombia\/wp-content\/uploads\/pareja-homicidi-espinal-300x250.jpeg"},{"@type":"BreadcrumbList","@id":"https:\/\/www.fiscalia.gov.co\/colombia\/noticias\/pareja-fue-enviada-a-la-carcel-senalada-de-participar-en-tres-homicidios-y-dos-tentativas-de-homicidio-en-el-espinal-tolima\/#breadcrumb","itemListElement":[{"@type":"ListItem","position":1,"name":"Home","item":"https:\/\/www.fiscalia.gov.co\/colombia\/"},{"@type":"ListItem","position":2,"name":"Pareja fue enviada a la c\u00e1rcel se\u00f1alada de participar en tres homicidios y dos tentativas de homicidio en El Espinal, Tolima"}]},{"@type":"WebSite","@id":"https:\/\/www.fiscalia.gov.co\/colombia\/#website","url":"https:\/\/www.fiscalia.gov.co\/colombia\/","name":"Fiscal\u00eda General de la Naci\u00f3n","description":"P\u00e1gina oficial de la Fiscal\u00eda General de la Naci\u00f3n \u2013 Colombia. Garantizamos el acceso efectivo a la justicia, la verdad y la reparaci\u00f3n de las v\u00edctimas de los delitos.","publisher":{"@id":"https:\/\/www.fiscalia.gov.co\/colombia\/#organization"},"potentialAction":[{"@type":"SearchAction","target":{"@type":"EntryPoint","urlTemplate":"https:\/\/www.fiscalia.gov.co\/colombia\/?s={search_term_string}"},"query-input":{"@type":"PropertyValueSpecification","valueRequired":true,"valueName":"search_term_string"}}],"inLanguage":"es-CO"},{"@type":"Organization","@id":"https:\/\/www.fiscalia.gov.co\/colombia\/#organization","name":"Fiscal\u00eda General de la Naci\u00f3n","url":"https:\/\/www.fiscalia.gov.co\/colombia\/","logo":{"@type":"ImageObject","inLanguage":"es-CO","@id":"https:\/\/www.fiscalia.gov.co\/colombia\/#\/schema\/logo\/image\/","url":"https:\/\/www.fiscalia.gov.co\/colombia\/wp-content\/uploads\/LogoHorizontal_1.jpg","contentUrl":"https:\/\/www.fiscalia.gov.co\/colombia\/wp-content\/uploads\/LogoHorizontal_1.jpg","width":300,"height":90,"caption":"Fiscal\u00eda General de la Naci\u00f3n"},"image":{"@id":"https:\/\/www.fiscalia.gov.co\/colombia\/#\/schema\/logo\/image\/"},"sameAs":["https:\/\/www.facebook.com\/FiscaliaCol","https:\/\/x.com\/FiscaliaCol","https:\/\/www.instagram.com\/fiscaliacol","https:\/\/www.linkedin.com\/company\/fiscalia-general-de-la-naci-n\/","https:\/\/youtube.com\/@fiscaliageneraldelanacion-4668?si=6nN79nyQICPU5iTh"]},{"@type":"Person","@id":"https:\/\/www.fiscalia.gov.co\/colombia\/#\/schema\/person\/6be81acb78add0abcbda2c598c1d53e1","name":"Lesly Katherine Segura Camargo.","image":{"@type":"ImageObject","inLanguage":"es-CO","@id":"https:\/\/www.fiscalia.gov.co\/colombia\/#\/schema\/person\/image\/","url":"https:\/\/secure.gravatar.com\/avatar\/1892091c53ef3b9c2fcb37ca6066e439?s=96&d=mm&r=g","contentUrl":"https:\/\/secure.gravatar.com\/avatar\/1892091c53ef3b9c2fcb37ca6066e439?s=96&d=mm&r=g","caption":"Lesly Katherine Segura Camargo."},"url":"https:\/\/www.fiscalia.gov.co\/colombia\/author\/lesly-segura\/"}]}},"_links":{"self":[{"href":"https:\/\/www.fiscalia.gov.co\/colombia\/wp-json\/wp\/v2\/posts\/282992","targetHints":{"allow":["GET"]}}],"collection":[{"href":"https:\/\/www.fiscalia.gov.co\/colombia\/wp-json\/wp\/v2\/posts"}],"about":[{"href":"https:\/\/www.fiscalia.gov.co\/colombia\/wp-json\/wp\/v2\/types\/post"}],"author":[{"embeddable":true,"href":"https:\/\/www.fiscalia.gov.co\/colombia\/wp-json\/wp\/v2\/users\/179"}],"replies":[{"embeddable":true,"href":"https:\/\/www.fiscalia.gov.co\/colombia\/wp-json\/wp\/v2\/comments?post=282992"}],"version-history":[{"count":1,"href":"https:\/\/www.fiscalia.gov.co\/colombia\/wp-json\/wp\/v2\/posts\/282992\/revisions"}],"predecessor-version":[{"id":282994,"href":"https:\/\/www.fiscalia.gov.co\/colombia\/wp-json\/wp\/v2\/posts\/282992\/revisions\/282994"}],"wp:attachment":[{"href":"https:\/\/www.fiscalia.gov.co\/colombia\/wp-json\/wp\/v2\/media?parent=282992"}],"wp:term":[{"taxonomy":"category","embeddable":true,"href":"https:\/\/www.fiscalia.gov.co\/colombia\/wp-json\/wp\/v2\/categories?post=282992"},{"taxonomy":"post_tag","embeddable":true,"href":"https:\/\/www.fiscalia.gov.co\/colombia\/wp-json\/wp\/v2\/tags?post=282992"}],"curies":[{"name":"wp","href":"https:\/\/api.w.org\/{rel}","templated":true}]}}