{"id":282977,"date":"2023-11-08T16:00:47","date_gmt":"2023-11-08T21:00:47","guid":{"rendered":"https:\/\/www.fiscalia.gov.co\/colombia\/?p=282977"},"modified":"2023-11-08T16:03:09","modified_gmt":"2023-11-08T21:03:09","slug":"asegurados-dos-presuntos-integrantes-del-grupo-delincuencial-los-paisanos-dedicados-al-hurto-en-la-guajira","status":"publish","type":"post","link":"https:\/\/www.fiscalia.gov.co\/colombia\/noticias\/asegurados-dos-presuntos-integrantes-del-grupo-delincuencial-los-paisanos-dedicados-al-hurto-en-la-guajira\/","title":{"rendered":"Asegurados dos presuntos integrantes del grupo delincuencial Los Paisanos, dedicados al hurto en La Guajira"},"content":{"rendered":"<p>La contundencia del material probatorio presentado por un fiscal de la Seccional La Guajira logr\u00f3 que un juez con funciones de control de garant\u00edas enviara a la c\u00e1rcel a Jordan Enrique Medina Pinto y Juan Enrique Mart\u00ednez Mej\u00eda, como presuntos responsables de los delitos de tentativa de homicidio agravado, fabricaci\u00f3n, tr\u00e1fico o porte de armas de fuego agravado y hurto calificado agravado.<\/p>\n<figure id=\"attachment_282980\" aria-describedby=\"caption-attachment-282980\" style=\"width: 300px\" class=\"wp-caption aligncenter\"><img loading=\"lazy\" decoding=\"async\" class=\"size-medium wp-image-282980\" src=\"https:\/\/www.fiscalia.gov.co\/colombia\/wp-content\/uploads\/Jordan-Enrique-Medina-Pinto-y-Juan-Enrique-Martinez-Mejia-presuntos-integrantes-del-grupo-delincuencial-organizado-Los-Paisanos-300x188.jpg\" alt=\"En la fotograf\u00eda aparecen dos hombres capturados, acompa\u00f1ados de dos uniformados de La Polic\u00eda.   En la parte posterior un banner con logos de la entidad.\" width=\"300\" height=\"188\" srcset=\"https:\/\/www.fiscalia.gov.co\/colombia\/wp-content\/uploads\/Jordan-Enrique-Medina-Pinto-y-Juan-Enrique-Martinez-Mejia-presuntos-integrantes-del-grupo-delincuencial-organizado-Los-Paisanos-300x188.jpg 300w, https:\/\/www.fiscalia.gov.co\/colombia\/wp-content\/uploads\/Jordan-Enrique-Medina-Pinto-y-Juan-Enrique-Martinez-Mejia-presuntos-integrantes-del-grupo-delincuencial-organizado-Los-Paisanos-1024x641.jpg 1024w, https:\/\/www.fiscalia.gov.co\/colombia\/wp-content\/uploads\/Jordan-Enrique-Medina-Pinto-y-Juan-Enrique-Martinez-Mejia-presuntos-integrantes-del-grupo-delincuencial-organizado-Los-Paisanos-768x481.jpg 768w, https:\/\/www.fiscalia.gov.co\/colombia\/wp-content\/uploads\/Jordan-Enrique-Medina-Pinto-y-Juan-Enrique-Martinez-Mejia-presuntos-integrantes-del-grupo-delincuencial-organizado-Los-Paisanos-1536x962.jpg 1536w, https:\/\/www.fiscalia.gov.co\/colombia\/wp-content\/uploads\/Jordan-Enrique-Medina-Pinto-y-Juan-Enrique-Martinez-Mejia-presuntos-integrantes-del-grupo-delincuencial-organizado-Los-Paisanos-696x436.jpg 696w, https:\/\/www.fiscalia.gov.co\/colombia\/wp-content\/uploads\/Jordan-Enrique-Medina-Pinto-y-Juan-Enrique-Martinez-Mejia-presuntos-integrantes-del-grupo-delincuencial-organizado-Los-Paisanos-1068x669.jpg 1068w, https:\/\/www.fiscalia.gov.co\/colombia\/wp-content\/uploads\/Jordan-Enrique-Medina-Pinto-y-Juan-Enrique-Martinez-Mejia-presuntos-integrantes-del-grupo-delincuencial-organizado-Los-Paisanos-671x420.jpg 671w, https:\/\/www.fiscalia.gov.co\/colombia\/wp-content\/uploads\/Jordan-Enrique-Medina-Pinto-y-Juan-Enrique-Martinez-Mejia-presuntos-integrantes-del-grupo-delincuencial-organizado-Los-Paisanos.jpg 1600w\" sizes=\"auto, (max-width: 300px) 100vw, 300px\" \/><figcaption id=\"caption-attachment-282980\" class=\"wp-caption-text\">Jordan Enrique Medina Pinto y Juan Enrique Mart\u00ednez Mej\u00eda, presuntos integrantes del grupo delincuencial organizado Los Paisanos.<\/figcaption><\/figure>\n<p>Seg\u00fan la investigaci\u00f3n, los procesados, al parecer, eran integrantes del grupo delincuencial Los Paisanos, quienes se dedicaban a cometer hurtos en varias zonas de La Guajira, bajo la modalidad de fleteo.<\/p>\n<p>En uno de los hechos, los hoy procesados habr\u00edan abordado a una pareja, cuando llegaba a su residencia, ubicada en el municipio de Uribia (La Guajira), el pasado 7 de julio, despu\u00e9s de haber retirado la suma de 53 millones de pesos de una entidad bancaria. Se presume que tras intimidar a las v\u00edctimas con un arma de fuego, las despojaron del dinero y una de ellas fue gravemente herida.<\/p>\n<p>Medina Pinto y Mart\u00ednez Mej\u00eda fueron capturados por servidores del Cuerpo T\u00e9cnico de Investigaci\u00f3n (CTI), con apoyo de la Sij\u00edn, el pasado 25 de octubre, en desarrollo de dos diligencias de allanamientos adelantadas en Uribia y Riohacha de esa localidad en cumplimiento de una orden judicial.<\/p>\n<p>&nbsp;<\/p>\n<p><strong>La Fiscal\u00eda habla con resultados.<\/strong><\/p>\n<p>&nbsp;<\/p>\n<p>&nbsp;<\/p>\n<p>EDH\/MG\/SHHG\/DSG<\/p>\n<p>&nbsp;<\/p>\n<p>&nbsp;<\/p>\n<p>&nbsp;<\/p>\n<p><i>La informaci\u00f3n contenida en este bolet\u00edn de prensa corresponde a la narraci\u00f3n de los hechos noticiosos objetivos, suministrados por los funcionarios encargados de adelantar las investigaciones penales al interior de la Fiscal\u00eda General de la Naci\u00f3n. Para el momento de la divulgaci\u00f3n de este comunicado, la situaci\u00f3n jur\u00eddica de la(s) persona(s) relacionada(s) se encuentra pendiente de resolver por la autoridad judicial competente, siempre bajo los preceptos de la presunci\u00f3n de inocencia, consagrados en el art\u00edculo 29 de la Constituci\u00f3n Pol\u00edtica y el art\u00edculo 7\u00ba de la Ley 906 de 2004.\u00a0<\/i><\/p>\n\n<div class=\"twitter-share\"><a href=\"https:\/\/twitter.com\/intent\/tweet?via=fiscaliacol\" class=\"twitter-share-button\">Tweet<\/a><\/div>\n","protected":false},"excerpt":{"rendered":"<p>La contundencia del material probatorio presentado por un fiscal de la Seccional La Guajira logr\u00f3 que un juez con funciones de control de garant\u00edas enviara a la c\u00e1rcel a Jordan Enrique Medina Pinto y Juan Enrique Mart\u00ednez Mej\u00eda, como presuntos responsables de los delitos de tentativa de homicidio agravado, fabricaci\u00f3n, tr\u00e1fico o porte de armas [&hellip;]<\/p>\n","protected":false},"author":179,"featured_media":0,"comment_status":"closed","ping_status":"open","sticky":false,"template":"","format":"standard","meta":{"_price":"","_stock":"","_tribe_ticket_header":"","_tribe_default_ticket_provider":"","_tribe_ticket_capacity":"0","_ticket_start_date":"","_ticket_end_date":"","_tribe_ticket_show_description":"","_tribe_ticket_show_not_going":false,"_tribe_ticket_use_global_stock":"","_tribe_ticket_global_stock_level":"","_global_stock_mode":"","_global_stock_cap":"","_tribe_rsvp_for_event":"","_tribe_ticket_going_count":"","_tribe_ticket_not_going_count":"","_tribe_tickets_list":"[]","_tribe_ticket_has_attendee_info_fields":false,"tdm_status":"","tdm_grid_status":"","footnotes":""},"categories":[1,797,303,24099],"tags":[24185,1047,16743,479,14568],"class_list":{"0":"post-282977","1":"post","2":"type-post","3":"status-publish","4":"format-standard","6":"category-noticias","7":"category-seccional-riohacha","8":"category-seccionales","9":"category-seguridad-territorial","10":"tag-fiscal-barbosa","11":"tag-fiscalia-general-de-la-nacion","12":"tag-seccional-guajira","13":"tag-tentativa-de-homicidio","14":"tag-uribia-la-guajira"},"yoast_head":"<!-- This site is optimized with the Yoast SEO plugin v24.3 - https:\/\/yoast.com\/wordpress\/plugins\/seo\/ -->\n<title>Fiscal\u00eda General de la Naci\u00f3n<\/title>\n<meta name=\"description\" content=\"P\u00e1gina oficial de la Fiscal\u00eda General de la Naci\u00f3n \u2013 Colombia. Garantizamos el acceso efectivo a la justicia, la verdad y la reparaci\u00f3n de las v\u00edctimas de los delitos.\" \/>\n<meta name=\"robots\" content=\"noindex, follow\" \/>\n<meta property=\"og:locale\" content=\"es_ES\" \/>\n<meta property=\"og:type\" content=\"article\" \/>\n<meta property=\"og:title\" content=\"Fiscal\u00eda General de la Naci\u00f3n\" \/>\n<meta property=\"og:description\" content=\"P\u00e1gina oficial de la Fiscal\u00eda General de la Naci\u00f3n \u2013 Colombia. Garantizamos el acceso efectivo a la justicia, la verdad y la reparaci\u00f3n de las v\u00edctimas de los delitos.\" \/>\n<meta property=\"og:url\" content=\"https:\/\/www.fiscalia.gov.co\/colombia\/noticias\/asegurados-dos-presuntos-integrantes-del-grupo-delincuencial-los-paisanos-dedicados-al-hurto-en-la-guajira\/\" \/>\n<meta property=\"og:site_name\" content=\"Fiscal\u00eda General de la Naci\u00f3n\" \/>\n<meta property=\"article:publisher\" content=\"https:\/\/www.facebook.com\/FiscaliaCol\" \/>\n<meta property=\"article:published_time\" content=\"2023-11-08T21:00:47+00:00\" \/>\n<meta property=\"article:modified_time\" content=\"2023-11-08T21:03:09+00:00\" \/>\n<meta property=\"og:image\" content=\"https:\/\/www.fiscalia.gov.co\/colombia\/wp-content\/uploads\/Jordan-Enrique-Medina-Pinto-y-Juan-Enrique-Martinez-Mejia-presuntos-integrantes-del-grupo-delincuencial-organizado-Los-Paisanos-300x188.jpg\" \/>\n<meta name=\"author\" content=\"Lesly Katherine Segura Camargo.\" \/>\n<meta name=\"twitter:card\" content=\"summary_large_image\" \/>\n<meta name=\"twitter:creator\" content=\"@FiscaliaCol\" \/>\n<meta name=\"twitter:site\" content=\"@FiscaliaCol\" \/>\n<meta name=\"twitter:label1\" content=\"Escrito por\" \/>\n\t<meta name=\"twitter:data1\" content=\"Lesly Katherine Segura Camargo.\" \/>\n\t<meta name=\"twitter:label2\" content=\"Tiempo de lectura\" \/>\n\t<meta name=\"twitter:data2\" content=\"2 minutos\" \/>\n<script type=\"application\/ld+json\" class=\"yoast-schema-graph\">{\"@context\":\"https:\/\/schema.org\",\"@graph\":[{\"@type\":\"Article\",\"@id\":\"https:\/\/www.fiscalia.gov.co\/colombia\/noticias\/asegurados-dos-presuntos-integrantes-del-grupo-delincuencial-los-paisanos-dedicados-al-hurto-en-la-guajira\/#article\",\"isPartOf\":{\"@id\":\"https:\/\/www.fiscalia.gov.co\/colombia\/noticias\/asegurados-dos-presuntos-integrantes-del-grupo-delincuencial-los-paisanos-dedicados-al-hurto-en-la-guajira\/\"},\"author\":{\"name\":\"Lesly Katherine Segura Camargo.\",\"@id\":\"https:\/\/www.fiscalia.gov.co\/colombia\/#\/schema\/person\/6be81acb78add0abcbda2c598c1d53e1\"},\"headline\":\"Asegurados dos presuntos integrantes del grupo delincuencial Los Paisanos, dedicados al hurto en La Guajira\",\"datePublished\":\"2023-11-08T21:00:47+00:00\",\"dateModified\":\"2023-11-08T21:03:09+00:00\",\"mainEntityOfPage\":{\"@id\":\"https:\/\/www.fiscalia.gov.co\/colombia\/noticias\/asegurados-dos-presuntos-integrantes-del-grupo-delincuencial-los-paisanos-dedicados-al-hurto-en-la-guajira\/\"},\"wordCount\":381,\"publisher\":{\"@id\":\"https:\/\/www.fiscalia.gov.co\/colombia\/#organization\"},\"image\":{\"@id\":\"https:\/\/www.fiscalia.gov.co\/colombia\/noticias\/asegurados-dos-presuntos-integrantes-del-grupo-delincuencial-los-paisanos-dedicados-al-hurto-en-la-guajira\/#primaryimage\"},\"thumbnailUrl\":\"https:\/\/www.fiscalia.gov.co\/colombia\/wp-content\/uploads\/Jordan-Enrique-Medina-Pinto-y-Juan-Enrique-Martinez-Mejia-presuntos-integrantes-del-grupo-delincuencial-organizado-Los-Paisanos-300x188.jpg\",\"keywords\":[\"Fiscal Barbosa\",\"Fiscal\u00eda General de la Naci\u00f3n\",\"Seccional Guajira\",\"Tentativa de homicidio\",\"Uribia (La Guajira)\"],\"articleSection\":[\"Noticias\",\"Seccional Riohacha\",\"Seccionales\",\"Seguridad territorial\"],\"inLanguage\":\"es-CO\"},{\"@type\":\"WebPage\",\"@id\":\"https:\/\/www.fiscalia.gov.co\/colombia\/noticias\/asegurados-dos-presuntos-integrantes-del-grupo-delincuencial-los-paisanos-dedicados-al-hurto-en-la-guajira\/\",\"url\":\"https:\/\/www.fiscalia.gov.co\/colombia\/noticias\/asegurados-dos-presuntos-integrantes-del-grupo-delincuencial-los-paisanos-dedicados-al-hurto-en-la-guajira\/\",\"name\":\"Fiscal\u00eda General de la Naci\u00f3n\",\"isPartOf\":{\"@id\":\"https:\/\/www.fiscalia.gov.co\/colombia\/#website\"},\"primaryImageOfPage\":{\"@id\":\"https:\/\/www.fiscalia.gov.co\/colombia\/noticias\/asegurados-dos-presuntos-integrantes-del-grupo-delincuencial-los-paisanos-dedicados-al-hurto-en-la-guajira\/#primaryimage\"},\"image\":{\"@id\":\"https:\/\/www.fiscalia.gov.co\/colombia\/noticias\/asegurados-dos-presuntos-integrantes-del-grupo-delincuencial-los-paisanos-dedicados-al-hurto-en-la-guajira\/#primaryimage\"},\"thumbnailUrl\":\"https:\/\/www.fiscalia.gov.co\/colombia\/wp-content\/uploads\/Jordan-Enrique-Medina-Pinto-y-Juan-Enrique-Martinez-Mejia-presuntos-integrantes-del-grupo-delincuencial-organizado-Los-Paisanos-300x188.jpg\",\"datePublished\":\"2023-11-08T21:00:47+00:00\",\"dateModified\":\"2023-11-08T21:03:09+00:00\",\"description\":\"P\u00e1gina oficial de la Fiscal\u00eda General de la Naci\u00f3n \u2013 Colombia. Garantizamos el acceso efectivo a la justicia, la verdad y la reparaci\u00f3n de las v\u00edctimas de los delitos.\",\"breadcrumb\":{\"@id\":\"https:\/\/www.fiscalia.gov.co\/colombia\/noticias\/asegurados-dos-presuntos-integrantes-del-grupo-delincuencial-los-paisanos-dedicados-al-hurto-en-la-guajira\/#breadcrumb\"},\"inLanguage\":\"es-CO\",\"potentialAction\":[{\"@type\":\"ReadAction\",\"target\":[\"https:\/\/www.fiscalia.gov.co\/colombia\/noticias\/asegurados-dos-presuntos-integrantes-del-grupo-delincuencial-los-paisanos-dedicados-al-hurto-en-la-guajira\/\"]}]},{\"@type\":\"ImageObject\",\"inLanguage\":\"es-CO\",\"@id\":\"https:\/\/www.fiscalia.gov.co\/colombia\/noticias\/asegurados-dos-presuntos-integrantes-del-grupo-delincuencial-los-paisanos-dedicados-al-hurto-en-la-guajira\/#primaryimage\",\"url\":\"https:\/\/www.fiscalia.gov.co\/colombia\/wp-content\/uploads\/Jordan-Enrique-Medina-Pinto-y-Juan-Enrique-Martinez-Mejia-presuntos-integrantes-del-grupo-delincuencial-organizado-Los-Paisanos.jpg\",\"contentUrl\":\"https:\/\/www.fiscalia.gov.co\/colombia\/wp-content\/uploads\/Jordan-Enrique-Medina-Pinto-y-Juan-Enrique-Martinez-Mejia-presuntos-integrantes-del-grupo-delincuencial-organizado-Los-Paisanos.jpg\",\"width\":1600,\"height\":1002,\"caption\":\"Jordan Enrique Medina Pinto y Juan Enrique Mart\u00ednez Mej\u00eda, presuntos integrantes del grupo delincuencial organizado Los Paisanos.\"},{\"@type\":\"BreadcrumbList\",\"@id\":\"https:\/\/www.fiscalia.gov.co\/colombia\/noticias\/asegurados-dos-presuntos-integrantes-del-grupo-delincuencial-los-paisanos-dedicados-al-hurto-en-la-guajira\/#breadcrumb\",\"itemListElement\":[{\"@type\":\"ListItem\",\"position\":1,\"name\":\"Home\",\"item\":\"https:\/\/www.fiscalia.gov.co\/colombia\/\"},{\"@type\":\"ListItem\",\"position\":2,\"name\":\"Asegurados dos presuntos integrantes del grupo delincuencial Los Paisanos, dedicados al hurto en La Guajira\"}]},{\"@type\":\"WebSite\",\"@id\":\"https:\/\/www.fiscalia.gov.co\/colombia\/#website\",\"url\":\"https:\/\/www.fiscalia.gov.co\/colombia\/\",\"name\":\"Fiscal\u00eda General de la Naci\u00f3n\",\"description\":\"P\u00e1gina oficial de la Fiscal\u00eda General de la Naci\u00f3n \u2013 Colombia. Garantizamos el acceso efectivo a la justicia, la verdad y la reparaci\u00f3n de las v\u00edctimas de los delitos.\",\"publisher\":{\"@id\":\"https:\/\/www.fiscalia.gov.co\/colombia\/#organization\"},\"potentialAction\":[{\"@type\":\"SearchAction\",\"target\":{\"@type\":\"EntryPoint\",\"urlTemplate\":\"https:\/\/www.fiscalia.gov.co\/colombia\/?s={search_term_string}\"},\"query-input\":{\"@type\":\"PropertyValueSpecification\",\"valueRequired\":true,\"valueName\":\"search_term_string\"}}],\"inLanguage\":\"es-CO\"},{\"@type\":\"Organization\",\"@id\":\"https:\/\/www.fiscalia.gov.co\/colombia\/#organization\",\"name\":\"Fiscal\u00eda General de la Naci\u00f3n\",\"url\":\"https:\/\/www.fiscalia.gov.co\/colombia\/\",\"logo\":{\"@type\":\"ImageObject\",\"inLanguage\":\"es-CO\",\"@id\":\"https:\/\/www.fiscalia.gov.co\/colombia\/#\/schema\/logo\/image\/\",\"url\":\"https:\/\/www.fiscalia.gov.co\/colombia\/wp-content\/uploads\/LogoHorizontal_1.jpg\",\"contentUrl\":\"https:\/\/www.fiscalia.gov.co\/colombia\/wp-content\/uploads\/LogoHorizontal_1.jpg\",\"width\":300,\"height\":90,\"caption\":\"Fiscal\u00eda General de la Naci\u00f3n\"},\"image\":{\"@id\":\"https:\/\/www.fiscalia.gov.co\/colombia\/#\/schema\/logo\/image\/\"},\"sameAs\":[\"https:\/\/www.facebook.com\/FiscaliaCol\",\"https:\/\/x.com\/FiscaliaCol\",\"https:\/\/www.instagram.com\/fiscaliacol\",\"https:\/\/www.linkedin.com\/company\/fiscalia-general-de-la-naci-n\/\",\"https:\/\/youtube.com\/@fiscaliageneraldelanacion-4668?si=6nN79nyQICPU5iTh\"]},{\"@type\":\"Person\",\"@id\":\"https:\/\/www.fiscalia.gov.co\/colombia\/#\/schema\/person\/6be81acb78add0abcbda2c598c1d53e1\",\"name\":\"Lesly Katherine Segura Camargo.\",\"image\":{\"@type\":\"ImageObject\",\"inLanguage\":\"es-CO\",\"@id\":\"https:\/\/www.fiscalia.gov.co\/colombia\/#\/schema\/person\/image\/\",\"url\":\"https:\/\/secure.gravatar.com\/avatar\/1892091c53ef3b9c2fcb37ca6066e439?s=96&d=mm&r=g\",\"contentUrl\":\"https:\/\/secure.gravatar.com\/avatar\/1892091c53ef3b9c2fcb37ca6066e439?s=96&d=mm&r=g\",\"caption\":\"Lesly Katherine Segura Camargo.\"},\"url\":\"https:\/\/www.fiscalia.gov.co\/colombia\/author\/lesly-segura\/\"}]}<\/script>\n<!-- \/ Yoast SEO plugin. -->","yoast_head_json":{"title":"Fiscal\u00eda General de la Naci\u00f3n","description":"P\u00e1gina oficial de la Fiscal\u00eda General de la Naci\u00f3n \u2013 Colombia. Garantizamos el acceso efectivo a la justicia, la verdad y la reparaci\u00f3n de las v\u00edctimas de los delitos.","robots":{"index":"noindex","follow":"follow"},"og_locale":"es_ES","og_type":"article","og_title":"Fiscal\u00eda General de la Naci\u00f3n","og_description":"P\u00e1gina oficial de la Fiscal\u00eda General de la Naci\u00f3n \u2013 Colombia. Garantizamos el acceso efectivo a la justicia, la verdad y la reparaci\u00f3n de las v\u00edctimas de los delitos.","og_url":"https:\/\/www.fiscalia.gov.co\/colombia\/noticias\/asegurados-dos-presuntos-integrantes-del-grupo-delincuencial-los-paisanos-dedicados-al-hurto-en-la-guajira\/","og_site_name":"Fiscal\u00eda General de la Naci\u00f3n","article_publisher":"https:\/\/www.facebook.com\/FiscaliaCol","article_published_time":"2023-11-08T21:00:47+00:00","article_modified_time":"2023-11-08T21:03:09+00:00","og_image":[{"url":"https:\/\/www.fiscalia.gov.co\/colombia\/wp-content\/uploads\/Jordan-Enrique-Medina-Pinto-y-Juan-Enrique-Martinez-Mejia-presuntos-integrantes-del-grupo-delincuencial-organizado-Los-Paisanos-300x188.jpg","type":"","width":"","height":""}],"author":"Lesly Katherine Segura Camargo.","twitter_card":"summary_large_image","twitter_creator":"@FiscaliaCol","twitter_site":"@FiscaliaCol","twitter_misc":{"Escrito por":"Lesly Katherine Segura Camargo.","Tiempo de lectura":"2 minutos"},"schema":{"@context":"https:\/\/schema.org","@graph":[{"@type":"Article","@id":"https:\/\/www.fiscalia.gov.co\/colombia\/noticias\/asegurados-dos-presuntos-integrantes-del-grupo-delincuencial-los-paisanos-dedicados-al-hurto-en-la-guajira\/#article","isPartOf":{"@id":"https:\/\/www.fiscalia.gov.co\/colombia\/noticias\/asegurados-dos-presuntos-integrantes-del-grupo-delincuencial-los-paisanos-dedicados-al-hurto-en-la-guajira\/"},"author":{"name":"Lesly Katherine Segura Camargo.","@id":"https:\/\/www.fiscalia.gov.co\/colombia\/#\/schema\/person\/6be81acb78add0abcbda2c598c1d53e1"},"headline":"Asegurados dos presuntos integrantes del grupo delincuencial Los Paisanos, dedicados al hurto en La Guajira","datePublished":"2023-11-08T21:00:47+00:00","dateModified":"2023-11-08T21:03:09+00:00","mainEntityOfPage":{"@id":"https:\/\/www.fiscalia.gov.co\/colombia\/noticias\/asegurados-dos-presuntos-integrantes-del-grupo-delincuencial-los-paisanos-dedicados-al-hurto-en-la-guajira\/"},"wordCount":381,"publisher":{"@id":"https:\/\/www.fiscalia.gov.co\/colombia\/#organization"},"image":{"@id":"https:\/\/www.fiscalia.gov.co\/colombia\/noticias\/asegurados-dos-presuntos-integrantes-del-grupo-delincuencial-los-paisanos-dedicados-al-hurto-en-la-guajira\/#primaryimage"},"thumbnailUrl":"https:\/\/www.fiscalia.gov.co\/colombia\/wp-content\/uploads\/Jordan-Enrique-Medina-Pinto-y-Juan-Enrique-Martinez-Mejia-presuntos-integrantes-del-grupo-delincuencial-organizado-Los-Paisanos-300x188.jpg","keywords":["Fiscal Barbosa","Fiscal\u00eda General de la Naci\u00f3n","Seccional Guajira","Tentativa de homicidio","Uribia (La Guajira)"],"articleSection":["Noticias","Seccional Riohacha","Seccionales","Seguridad territorial"],"inLanguage":"es-CO"},{"@type":"WebPage","@id":"https:\/\/www.fiscalia.gov.co\/colombia\/noticias\/asegurados-dos-presuntos-integrantes-del-grupo-delincuencial-los-paisanos-dedicados-al-hurto-en-la-guajira\/","url":"https:\/\/www.fiscalia.gov.co\/colombia\/noticias\/asegurados-dos-presuntos-integrantes-del-grupo-delincuencial-los-paisanos-dedicados-al-hurto-en-la-guajira\/","name":"Fiscal\u00eda General de la Naci\u00f3n","isPartOf":{"@id":"https:\/\/www.fiscalia.gov.co\/colombia\/#website"},"primaryImageOfPage":{"@id":"https:\/\/www.fiscalia.gov.co\/colombia\/noticias\/asegurados-dos-presuntos-integrantes-del-grupo-delincuencial-los-paisanos-dedicados-al-hurto-en-la-guajira\/#primaryimage"},"image":{"@id":"https:\/\/www.fiscalia.gov.co\/colombia\/noticias\/asegurados-dos-presuntos-integrantes-del-grupo-delincuencial-los-paisanos-dedicados-al-hurto-en-la-guajira\/#primaryimage"},"thumbnailUrl":"https:\/\/www.fiscalia.gov.co\/colombia\/wp-content\/uploads\/Jordan-Enrique-Medina-Pinto-y-Juan-Enrique-Martinez-Mejia-presuntos-integrantes-del-grupo-delincuencial-organizado-Los-Paisanos-300x188.jpg","datePublished":"2023-11-08T21:00:47+00:00","dateModified":"2023-11-08T21:03:09+00:00","description":"P\u00e1gina oficial de la Fiscal\u00eda General de la Naci\u00f3n \u2013 Colombia. Garantizamos el acceso efectivo a la justicia, la verdad y la reparaci\u00f3n de las v\u00edctimas de los delitos.","breadcrumb":{"@id":"https:\/\/www.fiscalia.gov.co\/colombia\/noticias\/asegurados-dos-presuntos-integrantes-del-grupo-delincuencial-los-paisanos-dedicados-al-hurto-en-la-guajira\/#breadcrumb"},"inLanguage":"es-CO","potentialAction":[{"@type":"ReadAction","target":["https:\/\/www.fiscalia.gov.co\/colombia\/noticias\/asegurados-dos-presuntos-integrantes-del-grupo-delincuencial-los-paisanos-dedicados-al-hurto-en-la-guajira\/"]}]},{"@type":"ImageObject","inLanguage":"es-CO","@id":"https:\/\/www.fiscalia.gov.co\/colombia\/noticias\/asegurados-dos-presuntos-integrantes-del-grupo-delincuencial-los-paisanos-dedicados-al-hurto-en-la-guajira\/#primaryimage","url":"https:\/\/www.fiscalia.gov.co\/colombia\/wp-content\/uploads\/Jordan-Enrique-Medina-Pinto-y-Juan-Enrique-Martinez-Mejia-presuntos-integrantes-del-grupo-delincuencial-organizado-Los-Paisanos.jpg","contentUrl":"https:\/\/www.fiscalia.gov.co\/colombia\/wp-content\/uploads\/Jordan-Enrique-Medina-Pinto-y-Juan-Enrique-Martinez-Mejia-presuntos-integrantes-del-grupo-delincuencial-organizado-Los-Paisanos.jpg","width":1600,"height":1002,"caption":"Jordan Enrique Medina Pinto y Juan Enrique Mart\u00ednez Mej\u00eda, presuntos integrantes del grupo delincuencial organizado Los Paisanos."},{"@type":"BreadcrumbList","@id":"https:\/\/www.fiscalia.gov.co\/colombia\/noticias\/asegurados-dos-presuntos-integrantes-del-grupo-delincuencial-los-paisanos-dedicados-al-hurto-en-la-guajira\/#breadcrumb","itemListElement":[{"@type":"ListItem","position":1,"name":"Home","item":"https:\/\/www.fiscalia.gov.co\/colombia\/"},{"@type":"ListItem","position":2,"name":"Asegurados dos presuntos integrantes del grupo delincuencial Los Paisanos, dedicados al hurto en La Guajira"}]},{"@type":"WebSite","@id":"https:\/\/www.fiscalia.gov.co\/colombia\/#website","url":"https:\/\/www.fiscalia.gov.co\/colombia\/","name":"Fiscal\u00eda General de la Naci\u00f3n","description":"P\u00e1gina oficial de la Fiscal\u00eda General de la Naci\u00f3n \u2013 Colombia. Garantizamos el acceso efectivo a la justicia, la verdad y la reparaci\u00f3n de las v\u00edctimas de los delitos.","publisher":{"@id":"https:\/\/www.fiscalia.gov.co\/colombia\/#organization"},"potentialAction":[{"@type":"SearchAction","target":{"@type":"EntryPoint","urlTemplate":"https:\/\/www.fiscalia.gov.co\/colombia\/?s={search_term_string}"},"query-input":{"@type":"PropertyValueSpecification","valueRequired":true,"valueName":"search_term_string"}}],"inLanguage":"es-CO"},{"@type":"Organization","@id":"https:\/\/www.fiscalia.gov.co\/colombia\/#organization","name":"Fiscal\u00eda General de la Naci\u00f3n","url":"https:\/\/www.fiscalia.gov.co\/colombia\/","logo":{"@type":"ImageObject","inLanguage":"es-CO","@id":"https:\/\/www.fiscalia.gov.co\/colombia\/#\/schema\/logo\/image\/","url":"https:\/\/www.fiscalia.gov.co\/colombia\/wp-content\/uploads\/LogoHorizontal_1.jpg","contentUrl":"https:\/\/www.fiscalia.gov.co\/colombia\/wp-content\/uploads\/LogoHorizontal_1.jpg","width":300,"height":90,"caption":"Fiscal\u00eda General de la Naci\u00f3n"},"image":{"@id":"https:\/\/www.fiscalia.gov.co\/colombia\/#\/schema\/logo\/image\/"},"sameAs":["https:\/\/www.facebook.com\/FiscaliaCol","https:\/\/x.com\/FiscaliaCol","https:\/\/www.instagram.com\/fiscaliacol","https:\/\/www.linkedin.com\/company\/fiscalia-general-de-la-naci-n\/","https:\/\/youtube.com\/@fiscaliageneraldelanacion-4668?si=6nN79nyQICPU5iTh"]},{"@type":"Person","@id":"https:\/\/www.fiscalia.gov.co\/colombia\/#\/schema\/person\/6be81acb78add0abcbda2c598c1d53e1","name":"Lesly Katherine Segura Camargo.","image":{"@type":"ImageObject","inLanguage":"es-CO","@id":"https:\/\/www.fiscalia.gov.co\/colombia\/#\/schema\/person\/image\/","url":"https:\/\/secure.gravatar.com\/avatar\/1892091c53ef3b9c2fcb37ca6066e439?s=96&d=mm&r=g","contentUrl":"https:\/\/secure.gravatar.com\/avatar\/1892091c53ef3b9c2fcb37ca6066e439?s=96&d=mm&r=g","caption":"Lesly Katherine Segura Camargo."},"url":"https:\/\/www.fiscalia.gov.co\/colombia\/author\/lesly-segura\/"}]}},"_links":{"self":[{"href":"https:\/\/www.fiscalia.gov.co\/colombia\/wp-json\/wp\/v2\/posts\/282977","targetHints":{"allow":["GET"]}}],"collection":[{"href":"https:\/\/www.fiscalia.gov.co\/colombia\/wp-json\/wp\/v2\/posts"}],"about":[{"href":"https:\/\/www.fiscalia.gov.co\/colombia\/wp-json\/wp\/v2\/types\/post"}],"author":[{"embeddable":true,"href":"https:\/\/www.fiscalia.gov.co\/colombia\/wp-json\/wp\/v2\/users\/179"}],"replies":[{"embeddable":true,"href":"https:\/\/www.fiscalia.gov.co\/colombia\/wp-json\/wp\/v2\/comments?post=282977"}],"version-history":[{"count":3,"href":"https:\/\/www.fiscalia.gov.co\/colombia\/wp-json\/wp\/v2\/posts\/282977\/revisions"}],"predecessor-version":[{"id":282981,"href":"https:\/\/www.fiscalia.gov.co\/colombia\/wp-json\/wp\/v2\/posts\/282977\/revisions\/282981"}],"wp:attachment":[{"href":"https:\/\/www.fiscalia.gov.co\/colombia\/wp-json\/wp\/v2\/media?parent=282977"}],"wp:term":[{"taxonomy":"category","embeddable":true,"href":"https:\/\/www.fiscalia.gov.co\/colombia\/wp-json\/wp\/v2\/categories?post=282977"},{"taxonomy":"post_tag","embeddable":true,"href":"https:\/\/www.fiscalia.gov.co\/colombia\/wp-json\/wp\/v2\/tags?post=282977"}],"curies":[{"name":"wp","href":"https:\/\/api.w.org\/{rel}","templated":true}]}}