{"id":282939,"date":"2023-11-08T10:34:09","date_gmt":"2023-11-08T15:34:09","guid":{"rendered":"https:\/\/www.fiscalia.gov.co\/colombia\/?p=282939"},"modified":"2023-11-08T10:34:09","modified_gmt":"2023-11-08T15:34:09","slug":"asegurado-presunto-asesino-de-un-joven-de-18-anos-en-el-barrio-la-gaviota-de-ibague-tolima","status":"publish","type":"post","link":"https:\/\/www.fiscalia.gov.co\/colombia\/noticias\/asegurado-presunto-asesino-de-un-joven-de-18-anos-en-el-barrio-la-gaviota-de-ibague-tolima\/","title":{"rendered":"Asegurado presunto asesino de un joven de 18 a\u00f1os en el barrio La Gaviota de Ibagu\u00e9, Tolima\u00a0"},"content":{"rendered":"<h4><em><strong>El crimen ocurri\u00f3 en inmediaciones del asentamiento Ecopara\u00edso y el barrio La Gaviota.\u00a0<\/strong><\/em><\/h4>\n<p>Personal del Cuerpo T\u00e9cnico de Investigaci\u00f3n (CTI) adscrito al Grupo de Vida de la seccional Tolima, con el apoyo de la Polic\u00eda de Vigilancia lograron capturar en v\u00eda p\u00fablica del barrio La Gaviota de Ibagu\u00e9 (Tolima), a Jes\u00fas Alberto Tangarife Guti\u00e9rrez por su presunta responsabilidad en el delito de homicidio y porte ilegal de armas de fuego.<\/p>\n<figure id=\"attachment_282940\" aria-describedby=\"caption-attachment-282940\" style=\"width: 300px\" class=\"wp-caption aligncenter\"><img loading=\"lazy\" decoding=\"async\" class=\"size-medium wp-image-282940\" src=\"https:\/\/www.fiscalia.gov.co\/colombia\/wp-content\/uploads\/homicidio-ibague-300x260.jpeg\" alt=\"En la imagen se ve una persona detenida bajo custodia de un investigador del CTI y de la Polic\u00eda. Detr\u00e1s suyo un backing institucional. \" width=\"300\" height=\"260\" srcset=\"https:\/\/www.fiscalia.gov.co\/colombia\/wp-content\/uploads\/homicidio-ibague-300x260.jpeg 300w, https:\/\/www.fiscalia.gov.co\/colombia\/wp-content\/uploads\/homicidio-ibague-1024x889.jpeg 1024w, https:\/\/www.fiscalia.gov.co\/colombia\/wp-content\/uploads\/homicidio-ibague-768x667.jpeg 768w, https:\/\/www.fiscalia.gov.co\/colombia\/wp-content\/uploads\/homicidio-ibague-696x604.jpeg 696w, https:\/\/www.fiscalia.gov.co\/colombia\/wp-content\/uploads\/homicidio-ibague-484x420.jpeg 484w, https:\/\/www.fiscalia.gov.co\/colombia\/wp-content\/uploads\/homicidio-ibague-534x462.jpeg 534w, https:\/\/www.fiscalia.gov.co\/colombia\/wp-content\/uploads\/homicidio-ibague.jpeg 1060w\" sizes=\"auto, (max-width: 300px) 100vw, 300px\" \/><figcaption id=\"caption-attachment-282940\" class=\"wp-caption-text\">Jes\u00fas Alberto Tangarife Guti\u00e9rrez fue detenido por su presunta participaci\u00f3n en el homicidio de un joven de 18 a\u00f1os de edad en Ibagu\u00e9.<\/figcaption><\/figure>\n<p>Los hechos por los cuales est\u00e1 siendo investigado ocurrieron el 27 de agosto de 2023, en el asentamiento Ecopara\u00edso, donde habr\u00eda desenfundado una escopeta, aparentemente en medio de un enfrentamiento entre grupos delincuenciales, resultando herido de gravedad un joven de 18 a\u00f1os identificado como Brayan Leonardo Torres Lozano, quien falleci\u00f3 en un centro asistencial por la gravedad de las heridas.<\/p>\n<p>Al t\u00e9rmino de las audiencias preliminares, se le imputaron los delitos de homicidio agravado y fabricaci\u00f3n, tr\u00e1fico o porte ilegal de armas de fuego o municiones.<\/p>\n<p>Un juez le impuso medida de aseguramiento intramuros.<\/p>\n<p>&nbsp;<\/p>\n<p>&nbsp;<\/p>\n<p><strong>La Fiscal\u00eda habla con resultados.<\/strong><\/p>\n<p>&nbsp;<\/p>\n<p>&nbsp;<\/p>\n<p>&nbsp;<\/p>\n<p>PAAM\/LYBT\/AT\/AMBV\/DST<\/p>\n<p>&nbsp;<\/p>\n<p>&nbsp;<\/p>\n<p><i>La informaci\u00f3n contenida en este bolet\u00edn de prensa corresponde a la narraci\u00f3n de los hechos noticiosos objetivos, suministrados por los funcionarios encargados de adelantar las investigaciones penales al interior de la Fiscal\u00eda General de la Naci\u00f3n. Para el momento de la divulgaci\u00f3n de este comunicado, la situaci\u00f3n jur\u00eddica de la(s) persona(s) relacionada(s) se encuentra pendiente de resolver por la autoridad judicial competente, siempre bajo los preceptos de la presunci\u00f3n de inocencia, consagrados en el art\u00edculo 29 de la Constituci\u00f3n Pol\u00edtica y el art\u00edculo 7\u00ba de la Ley 906 de 2004.\u00a0<\/i><\/p>\n<p>&nbsp;<\/p>\n\n<div class=\"twitter-share\"><a href=\"https:\/\/twitter.com\/intent\/tweet?via=fiscaliacol\" class=\"twitter-share-button\">Tweet<\/a><\/div>\n","protected":false},"excerpt":{"rendered":"<p>El crimen ocurri\u00f3 en inmediaciones del asentamiento Ecopara\u00edso y el barrio La Gaviota.\u00a0 Personal del Cuerpo T\u00e9cnico de Investigaci\u00f3n (CTI) adscrito al Grupo de Vida de la seccional Tolima, con el apoyo de la Polic\u00eda de Vigilancia lograron capturar en v\u00eda p\u00fablica del barrio La Gaviota de Ibagu\u00e9 (Tolima), a Jes\u00fas Alberto Tangarife Guti\u00e9rrez por [&hellip;]<\/p>\n","protected":false},"author":179,"featured_media":0,"comment_status":"closed","ping_status":"open","sticky":false,"template":"","format":"standard","meta":{"_price":"","_stock":"","_tribe_ticket_header":"","_tribe_default_ticket_provider":"","_tribe_ticket_capacity":"0","_ticket_start_date":"","_ticket_end_date":"","_tribe_ticket_show_description":"","_tribe_ticket_show_not_going":false,"_tribe_ticket_use_global_stock":"","_tribe_ticket_global_stock_level":"","_global_stock_mode":"","_global_stock_cap":"","_tribe_rsvp_for_event":"","_tribe_ticket_going_count":"","_tribe_ticket_not_going_count":"","_tribe_tickets_list":"[]","_tribe_ticket_has_attendee_info_fields":false,"tdm_status":"","tdm_grid_status":"","footnotes":""},"categories":[1,329,303,24099],"tags":[5231,45,3507,36132,50,1047,409,23838,22616,36133,674,558,7061,12189],"class_list":{"0":"post-282939","1":"post","2":"type-post","3":"status-publish","4":"format-standard","6":"category-noticias","7":"category-seccional-ibague","8":"category-seccionales","9":"category-seguridad-territorial","10":"tag-bandas","11":"tag-cti","12":"tag-delincuencia-comun","13":"tag-ecoparaiso","14":"tag-estupefacientes","15":"tag-fiscalia-general-de-la-nacion","16":"tag-homicidio","17":"tag-ibague","18":"tag-joven","19":"tag-la-gaviota","20":"tag-microtrafico","21":"tag-policia-nacional","22":"tag-porte-de-armas-de-fuego","23":"tag-tolima"},"yoast_head":"<!-- This site is optimized with the Yoast SEO plugin v24.3 - https:\/\/yoast.com\/wordpress\/plugins\/seo\/ -->\n<title>Fiscal\u00eda General de la Naci\u00f3n<\/title>\n<meta name=\"description\" content=\"P\u00e1gina oficial de la Fiscal\u00eda General de la Naci\u00f3n \u2013 Colombia. Garantizamos el acceso efectivo a la justicia, la verdad y la reparaci\u00f3n de las v\u00edctimas de los delitos.\" \/>\n<meta name=\"robots\" content=\"noindex, follow\" \/>\n<meta property=\"og:locale\" content=\"es_ES\" \/>\n<meta property=\"og:type\" content=\"article\" \/>\n<meta property=\"og:title\" content=\"Fiscal\u00eda General de la Naci\u00f3n\" \/>\n<meta property=\"og:description\" content=\"P\u00e1gina oficial de la Fiscal\u00eda General de la Naci\u00f3n \u2013 Colombia. Garantizamos el acceso efectivo a la justicia, la verdad y la reparaci\u00f3n de las v\u00edctimas de los delitos.\" \/>\n<meta property=\"og:url\" content=\"https:\/\/www.fiscalia.gov.co\/colombia\/noticias\/asegurado-presunto-asesino-de-un-joven-de-18-anos-en-el-barrio-la-gaviota-de-ibague-tolima\/\" \/>\n<meta property=\"og:site_name\" content=\"Fiscal\u00eda General de la Naci\u00f3n\" \/>\n<meta property=\"article:publisher\" content=\"https:\/\/www.facebook.com\/FiscaliaCol\" \/>\n<meta property=\"article:published_time\" content=\"2023-11-08T15:34:09+00:00\" \/>\n<meta property=\"og:image\" content=\"https:\/\/www.fiscalia.gov.co\/colombia\/wp-content\/uploads\/homicidio-ibague-300x260.jpeg\" \/>\n<meta name=\"author\" content=\"Lesly Katherine Segura Camargo.\" \/>\n<meta name=\"twitter:card\" content=\"summary_large_image\" \/>\n<meta name=\"twitter:creator\" content=\"@FiscaliaCol\" \/>\n<meta name=\"twitter:site\" content=\"@FiscaliaCol\" \/>\n<meta name=\"twitter:label1\" content=\"Escrito por\" \/>\n\t<meta name=\"twitter:data1\" content=\"Lesly Katherine Segura Camargo.\" \/>\n\t<meta name=\"twitter:label2\" content=\"Tiempo de lectura\" \/>\n\t<meta name=\"twitter:data2\" content=\"2 minutos\" \/>\n<script type=\"application\/ld+json\" class=\"yoast-schema-graph\">{\"@context\":\"https:\/\/schema.org\",\"@graph\":[{\"@type\":\"Article\",\"@id\":\"https:\/\/www.fiscalia.gov.co\/colombia\/noticias\/asegurado-presunto-asesino-de-un-joven-de-18-anos-en-el-barrio-la-gaviota-de-ibague-tolima\/#article\",\"isPartOf\":{\"@id\":\"https:\/\/www.fiscalia.gov.co\/colombia\/noticias\/asegurado-presunto-asesino-de-un-joven-de-18-anos-en-el-barrio-la-gaviota-de-ibague-tolima\/\"},\"author\":{\"name\":\"Lesly Katherine Segura Camargo.\",\"@id\":\"https:\/\/www.fiscalia.gov.co\/colombia\/#\/schema\/person\/6be81acb78add0abcbda2c598c1d53e1\"},\"headline\":\"Asegurado presunto asesino de un joven de 18 a\u00f1os en el barrio La Gaviota de Ibagu\u00e9, Tolima\u00a0\",\"datePublished\":\"2023-11-08T15:34:09+00:00\",\"dateModified\":\"2023-11-08T15:34:09+00:00\",\"mainEntityOfPage\":{\"@id\":\"https:\/\/www.fiscalia.gov.co\/colombia\/noticias\/asegurado-presunto-asesino-de-un-joven-de-18-anos-en-el-barrio-la-gaviota-de-ibague-tolima\/\"},\"wordCount\":346,\"publisher\":{\"@id\":\"https:\/\/www.fiscalia.gov.co\/colombia\/#organization\"},\"image\":{\"@id\":\"https:\/\/www.fiscalia.gov.co\/colombia\/noticias\/asegurado-presunto-asesino-de-un-joven-de-18-anos-en-el-barrio-la-gaviota-de-ibague-tolima\/#primaryimage\"},\"thumbnailUrl\":\"https:\/\/www.fiscalia.gov.co\/colombia\/wp-content\/uploads\/homicidio-ibague-300x260.jpeg\",\"keywords\":[\"Bandas\",\"CTI\",\"Delincuencia com\u00fan\",\"Ecopara\u00edso\",\"Estupefacientes\",\"Fiscal\u00eda General de la Naci\u00f3n\",\"Homicidio\",\"Ibagu\u00e9\",\"Joven\",\"La Gaviota\",\"Microtr\u00e1fico\",\"Polic\u00eda Nacional\",\"Porte de armas de fuego\",\"Tolima\"],\"articleSection\":[\"Noticias\",\"Seccional Ibagu\u00e9\",\"Seccionales\",\"Seguridad territorial\"],\"inLanguage\":\"es-CO\"},{\"@type\":\"WebPage\",\"@id\":\"https:\/\/www.fiscalia.gov.co\/colombia\/noticias\/asegurado-presunto-asesino-de-un-joven-de-18-anos-en-el-barrio-la-gaviota-de-ibague-tolima\/\",\"url\":\"https:\/\/www.fiscalia.gov.co\/colombia\/noticias\/asegurado-presunto-asesino-de-un-joven-de-18-anos-en-el-barrio-la-gaviota-de-ibague-tolima\/\",\"name\":\"Fiscal\u00eda General de la Naci\u00f3n\",\"isPartOf\":{\"@id\":\"https:\/\/www.fiscalia.gov.co\/colombia\/#website\"},\"primaryImageOfPage\":{\"@id\":\"https:\/\/www.fiscalia.gov.co\/colombia\/noticias\/asegurado-presunto-asesino-de-un-joven-de-18-anos-en-el-barrio-la-gaviota-de-ibague-tolima\/#primaryimage\"},\"image\":{\"@id\":\"https:\/\/www.fiscalia.gov.co\/colombia\/noticias\/asegurado-presunto-asesino-de-un-joven-de-18-anos-en-el-barrio-la-gaviota-de-ibague-tolima\/#primaryimage\"},\"thumbnailUrl\":\"https:\/\/www.fiscalia.gov.co\/colombia\/wp-content\/uploads\/homicidio-ibague-300x260.jpeg\",\"datePublished\":\"2023-11-08T15:34:09+00:00\",\"dateModified\":\"2023-11-08T15:34:09+00:00\",\"description\":\"P\u00e1gina oficial de la Fiscal\u00eda General de la Naci\u00f3n \u2013 Colombia. Garantizamos el acceso efectivo a la justicia, la verdad y la reparaci\u00f3n de las v\u00edctimas de los delitos.\",\"breadcrumb\":{\"@id\":\"https:\/\/www.fiscalia.gov.co\/colombia\/noticias\/asegurado-presunto-asesino-de-un-joven-de-18-anos-en-el-barrio-la-gaviota-de-ibague-tolima\/#breadcrumb\"},\"inLanguage\":\"es-CO\",\"potentialAction\":[{\"@type\":\"ReadAction\",\"target\":[\"https:\/\/www.fiscalia.gov.co\/colombia\/noticias\/asegurado-presunto-asesino-de-un-joven-de-18-anos-en-el-barrio-la-gaviota-de-ibague-tolima\/\"]}]},{\"@type\":\"ImageObject\",\"inLanguage\":\"es-CO\",\"@id\":\"https:\/\/www.fiscalia.gov.co\/colombia\/noticias\/asegurado-presunto-asesino-de-un-joven-de-18-anos-en-el-barrio-la-gaviota-de-ibague-tolima\/#primaryimage\",\"url\":\"https:\/\/www.fiscalia.gov.co\/colombia\/wp-content\/uploads\/homicidio-ibague-300x260.jpeg\",\"contentUrl\":\"https:\/\/www.fiscalia.gov.co\/colombia\/wp-content\/uploads\/homicidio-ibague-300x260.jpeg\"},{\"@type\":\"BreadcrumbList\",\"@id\":\"https:\/\/www.fiscalia.gov.co\/colombia\/noticias\/asegurado-presunto-asesino-de-un-joven-de-18-anos-en-el-barrio-la-gaviota-de-ibague-tolima\/#breadcrumb\",\"itemListElement\":[{\"@type\":\"ListItem\",\"position\":1,\"name\":\"Home\",\"item\":\"https:\/\/www.fiscalia.gov.co\/colombia\/\"},{\"@type\":\"ListItem\",\"position\":2,\"name\":\"Asegurado presunto asesino de un joven de 18 a\u00f1os en el barrio La Gaviota de Ibagu\u00e9, Tolima\u00a0\"}]},{\"@type\":\"WebSite\",\"@id\":\"https:\/\/www.fiscalia.gov.co\/colombia\/#website\",\"url\":\"https:\/\/www.fiscalia.gov.co\/colombia\/\",\"name\":\"Fiscal\u00eda General de la Naci\u00f3n\",\"description\":\"P\u00e1gina oficial de la Fiscal\u00eda General de la Naci\u00f3n \u2013 Colombia. Garantizamos el acceso efectivo a la justicia, la verdad y la reparaci\u00f3n de las v\u00edctimas de los delitos.\",\"publisher\":{\"@id\":\"https:\/\/www.fiscalia.gov.co\/colombia\/#organization\"},\"potentialAction\":[{\"@type\":\"SearchAction\",\"target\":{\"@type\":\"EntryPoint\",\"urlTemplate\":\"https:\/\/www.fiscalia.gov.co\/colombia\/?s={search_term_string}\"},\"query-input\":{\"@type\":\"PropertyValueSpecification\",\"valueRequired\":true,\"valueName\":\"search_term_string\"}}],\"inLanguage\":\"es-CO\"},{\"@type\":\"Organization\",\"@id\":\"https:\/\/www.fiscalia.gov.co\/colombia\/#organization\",\"name\":\"Fiscal\u00eda General de la Naci\u00f3n\",\"url\":\"https:\/\/www.fiscalia.gov.co\/colombia\/\",\"logo\":{\"@type\":\"ImageObject\",\"inLanguage\":\"es-CO\",\"@id\":\"https:\/\/www.fiscalia.gov.co\/colombia\/#\/schema\/logo\/image\/\",\"url\":\"https:\/\/www.fiscalia.gov.co\/colombia\/wp-content\/uploads\/LogoHorizontal_1.jpg\",\"contentUrl\":\"https:\/\/www.fiscalia.gov.co\/colombia\/wp-content\/uploads\/LogoHorizontal_1.jpg\",\"width\":300,\"height\":90,\"caption\":\"Fiscal\u00eda General de la Naci\u00f3n\"},\"image\":{\"@id\":\"https:\/\/www.fiscalia.gov.co\/colombia\/#\/schema\/logo\/image\/\"},\"sameAs\":[\"https:\/\/www.facebook.com\/FiscaliaCol\",\"https:\/\/x.com\/FiscaliaCol\",\"https:\/\/www.instagram.com\/fiscaliacol\",\"https:\/\/www.linkedin.com\/company\/fiscalia-general-de-la-naci-n\/\",\"https:\/\/youtube.com\/@fiscaliageneraldelanacion-4668?si=6nN79nyQICPU5iTh\"]},{\"@type\":\"Person\",\"@id\":\"https:\/\/www.fiscalia.gov.co\/colombia\/#\/schema\/person\/6be81acb78add0abcbda2c598c1d53e1\",\"name\":\"Lesly Katherine Segura Camargo.\",\"image\":{\"@type\":\"ImageObject\",\"inLanguage\":\"es-CO\",\"@id\":\"https:\/\/www.fiscalia.gov.co\/colombia\/#\/schema\/person\/image\/\",\"url\":\"https:\/\/secure.gravatar.com\/avatar\/1892091c53ef3b9c2fcb37ca6066e439?s=96&d=mm&r=g\",\"contentUrl\":\"https:\/\/secure.gravatar.com\/avatar\/1892091c53ef3b9c2fcb37ca6066e439?s=96&d=mm&r=g\",\"caption\":\"Lesly Katherine Segura Camargo.\"},\"url\":\"https:\/\/www.fiscalia.gov.co\/colombia\/author\/lesly-segura\/\"}]}<\/script>\n<!-- \/ Yoast SEO plugin. -->","yoast_head_json":{"title":"Fiscal\u00eda General de la Naci\u00f3n","description":"P\u00e1gina oficial de la Fiscal\u00eda General de la Naci\u00f3n \u2013 Colombia. Garantizamos el acceso efectivo a la justicia, la verdad y la reparaci\u00f3n de las v\u00edctimas de los delitos.","robots":{"index":"noindex","follow":"follow"},"og_locale":"es_ES","og_type":"article","og_title":"Fiscal\u00eda General de la Naci\u00f3n","og_description":"P\u00e1gina oficial de la Fiscal\u00eda General de la Naci\u00f3n \u2013 Colombia. Garantizamos el acceso efectivo a la justicia, la verdad y la reparaci\u00f3n de las v\u00edctimas de los delitos.","og_url":"https:\/\/www.fiscalia.gov.co\/colombia\/noticias\/asegurado-presunto-asesino-de-un-joven-de-18-anos-en-el-barrio-la-gaviota-de-ibague-tolima\/","og_site_name":"Fiscal\u00eda General de la Naci\u00f3n","article_publisher":"https:\/\/www.facebook.com\/FiscaliaCol","article_published_time":"2023-11-08T15:34:09+00:00","og_image":[{"url":"https:\/\/www.fiscalia.gov.co\/colombia\/wp-content\/uploads\/homicidio-ibague-300x260.jpeg","type":"","width":"","height":""}],"author":"Lesly Katherine Segura Camargo.","twitter_card":"summary_large_image","twitter_creator":"@FiscaliaCol","twitter_site":"@FiscaliaCol","twitter_misc":{"Escrito por":"Lesly Katherine Segura Camargo.","Tiempo de lectura":"2 minutos"},"schema":{"@context":"https:\/\/schema.org","@graph":[{"@type":"Article","@id":"https:\/\/www.fiscalia.gov.co\/colombia\/noticias\/asegurado-presunto-asesino-de-un-joven-de-18-anos-en-el-barrio-la-gaviota-de-ibague-tolima\/#article","isPartOf":{"@id":"https:\/\/www.fiscalia.gov.co\/colombia\/noticias\/asegurado-presunto-asesino-de-un-joven-de-18-anos-en-el-barrio-la-gaviota-de-ibague-tolima\/"},"author":{"name":"Lesly Katherine Segura Camargo.","@id":"https:\/\/www.fiscalia.gov.co\/colombia\/#\/schema\/person\/6be81acb78add0abcbda2c598c1d53e1"},"headline":"Asegurado presunto asesino de un joven de 18 a\u00f1os en el barrio La Gaviota de Ibagu\u00e9, Tolima\u00a0","datePublished":"2023-11-08T15:34:09+00:00","dateModified":"2023-11-08T15:34:09+00:00","mainEntityOfPage":{"@id":"https:\/\/www.fiscalia.gov.co\/colombia\/noticias\/asegurado-presunto-asesino-de-un-joven-de-18-anos-en-el-barrio-la-gaviota-de-ibague-tolima\/"},"wordCount":346,"publisher":{"@id":"https:\/\/www.fiscalia.gov.co\/colombia\/#organization"},"image":{"@id":"https:\/\/www.fiscalia.gov.co\/colombia\/noticias\/asegurado-presunto-asesino-de-un-joven-de-18-anos-en-el-barrio-la-gaviota-de-ibague-tolima\/#primaryimage"},"thumbnailUrl":"https:\/\/www.fiscalia.gov.co\/colombia\/wp-content\/uploads\/homicidio-ibague-300x260.jpeg","keywords":["Bandas","CTI","Delincuencia com\u00fan","Ecopara\u00edso","Estupefacientes","Fiscal\u00eda General de la Naci\u00f3n","Homicidio","Ibagu\u00e9","Joven","La Gaviota","Microtr\u00e1fico","Polic\u00eda Nacional","Porte de armas de fuego","Tolima"],"articleSection":["Noticias","Seccional Ibagu\u00e9","Seccionales","Seguridad territorial"],"inLanguage":"es-CO"},{"@type":"WebPage","@id":"https:\/\/www.fiscalia.gov.co\/colombia\/noticias\/asegurado-presunto-asesino-de-un-joven-de-18-anos-en-el-barrio-la-gaviota-de-ibague-tolima\/","url":"https:\/\/www.fiscalia.gov.co\/colombia\/noticias\/asegurado-presunto-asesino-de-un-joven-de-18-anos-en-el-barrio-la-gaviota-de-ibague-tolima\/","name":"Fiscal\u00eda General de la Naci\u00f3n","isPartOf":{"@id":"https:\/\/www.fiscalia.gov.co\/colombia\/#website"},"primaryImageOfPage":{"@id":"https:\/\/www.fiscalia.gov.co\/colombia\/noticias\/asegurado-presunto-asesino-de-un-joven-de-18-anos-en-el-barrio-la-gaviota-de-ibague-tolima\/#primaryimage"},"image":{"@id":"https:\/\/www.fiscalia.gov.co\/colombia\/noticias\/asegurado-presunto-asesino-de-un-joven-de-18-anos-en-el-barrio-la-gaviota-de-ibague-tolima\/#primaryimage"},"thumbnailUrl":"https:\/\/www.fiscalia.gov.co\/colombia\/wp-content\/uploads\/homicidio-ibague-300x260.jpeg","datePublished":"2023-11-08T15:34:09+00:00","dateModified":"2023-11-08T15:34:09+00:00","description":"P\u00e1gina oficial de la Fiscal\u00eda General de la Naci\u00f3n \u2013 Colombia. Garantizamos el acceso efectivo a la justicia, la verdad y la reparaci\u00f3n de las v\u00edctimas de los delitos.","breadcrumb":{"@id":"https:\/\/www.fiscalia.gov.co\/colombia\/noticias\/asegurado-presunto-asesino-de-un-joven-de-18-anos-en-el-barrio-la-gaviota-de-ibague-tolima\/#breadcrumb"},"inLanguage":"es-CO","potentialAction":[{"@type":"ReadAction","target":["https:\/\/www.fiscalia.gov.co\/colombia\/noticias\/asegurado-presunto-asesino-de-un-joven-de-18-anos-en-el-barrio-la-gaviota-de-ibague-tolima\/"]}]},{"@type":"ImageObject","inLanguage":"es-CO","@id":"https:\/\/www.fiscalia.gov.co\/colombia\/noticias\/asegurado-presunto-asesino-de-un-joven-de-18-anos-en-el-barrio-la-gaviota-de-ibague-tolima\/#primaryimage","url":"https:\/\/www.fiscalia.gov.co\/colombia\/wp-content\/uploads\/homicidio-ibague-300x260.jpeg","contentUrl":"https:\/\/www.fiscalia.gov.co\/colombia\/wp-content\/uploads\/homicidio-ibague-300x260.jpeg"},{"@type":"BreadcrumbList","@id":"https:\/\/www.fiscalia.gov.co\/colombia\/noticias\/asegurado-presunto-asesino-de-un-joven-de-18-anos-en-el-barrio-la-gaviota-de-ibague-tolima\/#breadcrumb","itemListElement":[{"@type":"ListItem","position":1,"name":"Home","item":"https:\/\/www.fiscalia.gov.co\/colombia\/"},{"@type":"ListItem","position":2,"name":"Asegurado presunto asesino de un joven de 18 a\u00f1os en el barrio La Gaviota de Ibagu\u00e9, Tolima\u00a0"}]},{"@type":"WebSite","@id":"https:\/\/www.fiscalia.gov.co\/colombia\/#website","url":"https:\/\/www.fiscalia.gov.co\/colombia\/","name":"Fiscal\u00eda General de la Naci\u00f3n","description":"P\u00e1gina oficial de la Fiscal\u00eda General de la Naci\u00f3n \u2013 Colombia. Garantizamos el acceso efectivo a la justicia, la verdad y la reparaci\u00f3n de las v\u00edctimas de los delitos.","publisher":{"@id":"https:\/\/www.fiscalia.gov.co\/colombia\/#organization"},"potentialAction":[{"@type":"SearchAction","target":{"@type":"EntryPoint","urlTemplate":"https:\/\/www.fiscalia.gov.co\/colombia\/?s={search_term_string}"},"query-input":{"@type":"PropertyValueSpecification","valueRequired":true,"valueName":"search_term_string"}}],"inLanguage":"es-CO"},{"@type":"Organization","@id":"https:\/\/www.fiscalia.gov.co\/colombia\/#organization","name":"Fiscal\u00eda General de la Naci\u00f3n","url":"https:\/\/www.fiscalia.gov.co\/colombia\/","logo":{"@type":"ImageObject","inLanguage":"es-CO","@id":"https:\/\/www.fiscalia.gov.co\/colombia\/#\/schema\/logo\/image\/","url":"https:\/\/www.fiscalia.gov.co\/colombia\/wp-content\/uploads\/LogoHorizontal_1.jpg","contentUrl":"https:\/\/www.fiscalia.gov.co\/colombia\/wp-content\/uploads\/LogoHorizontal_1.jpg","width":300,"height":90,"caption":"Fiscal\u00eda General de la Naci\u00f3n"},"image":{"@id":"https:\/\/www.fiscalia.gov.co\/colombia\/#\/schema\/logo\/image\/"},"sameAs":["https:\/\/www.facebook.com\/FiscaliaCol","https:\/\/x.com\/FiscaliaCol","https:\/\/www.instagram.com\/fiscaliacol","https:\/\/www.linkedin.com\/company\/fiscalia-general-de-la-naci-n\/","https:\/\/youtube.com\/@fiscaliageneraldelanacion-4668?si=6nN79nyQICPU5iTh"]},{"@type":"Person","@id":"https:\/\/www.fiscalia.gov.co\/colombia\/#\/schema\/person\/6be81acb78add0abcbda2c598c1d53e1","name":"Lesly Katherine Segura Camargo.","image":{"@type":"ImageObject","inLanguage":"es-CO","@id":"https:\/\/www.fiscalia.gov.co\/colombia\/#\/schema\/person\/image\/","url":"https:\/\/secure.gravatar.com\/avatar\/1892091c53ef3b9c2fcb37ca6066e439?s=96&d=mm&r=g","contentUrl":"https:\/\/secure.gravatar.com\/avatar\/1892091c53ef3b9c2fcb37ca6066e439?s=96&d=mm&r=g","caption":"Lesly Katherine Segura Camargo."},"url":"https:\/\/www.fiscalia.gov.co\/colombia\/author\/lesly-segura\/"}]}},"_links":{"self":[{"href":"https:\/\/www.fiscalia.gov.co\/colombia\/wp-json\/wp\/v2\/posts\/282939","targetHints":{"allow":["GET"]}}],"collection":[{"href":"https:\/\/www.fiscalia.gov.co\/colombia\/wp-json\/wp\/v2\/posts"}],"about":[{"href":"https:\/\/www.fiscalia.gov.co\/colombia\/wp-json\/wp\/v2\/types\/post"}],"author":[{"embeddable":true,"href":"https:\/\/www.fiscalia.gov.co\/colombia\/wp-json\/wp\/v2\/users\/179"}],"replies":[{"embeddable":true,"href":"https:\/\/www.fiscalia.gov.co\/colombia\/wp-json\/wp\/v2\/comments?post=282939"}],"version-history":[{"count":1,"href":"https:\/\/www.fiscalia.gov.co\/colombia\/wp-json\/wp\/v2\/posts\/282939\/revisions"}],"predecessor-version":[{"id":282941,"href":"https:\/\/www.fiscalia.gov.co\/colombia\/wp-json\/wp\/v2\/posts\/282939\/revisions\/282941"}],"wp:attachment":[{"href":"https:\/\/www.fiscalia.gov.co\/colombia\/wp-json\/wp\/v2\/media?parent=282939"}],"wp:term":[{"taxonomy":"category","embeddable":true,"href":"https:\/\/www.fiscalia.gov.co\/colombia\/wp-json\/wp\/v2\/categories?post=282939"},{"taxonomy":"post_tag","embeddable":true,"href":"https:\/\/www.fiscalia.gov.co\/colombia\/wp-json\/wp\/v2\/tags?post=282939"}],"curies":[{"name":"wp","href":"https:\/\/api.w.org\/{rel}","templated":true}]}}