{"id":282897,"date":"2023-11-07T17:51:53","date_gmt":"2023-11-07T22:51:53","guid":{"rendered":"https:\/\/www.fiscalia.gov.co\/colombia\/?p=282897"},"modified":"2023-11-07T17:51:53","modified_gmt":"2023-11-07T22:51:53","slug":"carcel-para-un-militar-y-un-civil-que-en-casos-aislados-habrian-cometido-delitos-sexuales-contra-menores-de-14-anos-en-inirida-guainia","status":"publish","type":"post","link":"https:\/\/www.fiscalia.gov.co\/colombia\/noticias\/carcel-para-un-militar-y-un-civil-que-en-casos-aislados-habrian-cometido-delitos-sexuales-contra-menores-de-14-anos-en-inirida-guainia\/","title":{"rendered":"C\u00e1rcel para un militar y un civil que en casos aislados habr\u00edan cometido delitos sexuales contra menores de 14 a\u00f1os en In\u00edrida, Guain\u00eda\u00a0"},"content":{"rendered":"<p>Fiscales adscritos a la Seccional Guain\u00eda \u2013 Vaup\u00e9s lograron que jueces\u00a0 de In\u00edrida impusieran medidas carcelarias en contra de dos hombres, quienes presuntamente sometieron a vej\u00e1menes de tipo sexual a varios menores de 14 a\u00f1os.<\/p>\n<p>En el primer caso, Guillermo Rafael Rodr\u00edguez Giraldo, un militar adscrito al Batall\u00f3n de Selva # 45 de esa capital, habr\u00eda accedido sexualmente, y de manera reiterada durante el primer semestre del 2023, a una menor de 13 a\u00f1os, quien finalmente qued\u00f3 en estado de embarazo.<\/p>\n<figure id=\"attachment_282898\" aria-describedby=\"caption-attachment-282898\" style=\"width: 300px\" class=\"wp-caption aligncenter\"><img loading=\"lazy\" decoding=\"async\" class=\"size-medium wp-image-282898\" src=\"https:\/\/www.fiscalia.gov.co\/colombia\/wp-content\/uploads\/FOTO-MILITAR-300x225.jpg\" alt=\"Los capturados est\u00e1n custodiados por uniformados de la polic\u00eda nacional, esposados y con un pend\u00f3n institucional detr\u00e1s de ellos.\" width=\"300\" height=\"225\" srcset=\"https:\/\/www.fiscalia.gov.co\/colombia\/wp-content\/uploads\/FOTO-MILITAR-300x225.jpg 300w, https:\/\/www.fiscalia.gov.co\/colombia\/wp-content\/uploads\/FOTO-MILITAR-1024x768.jpg 1024w, https:\/\/www.fiscalia.gov.co\/colombia\/wp-content\/uploads\/FOTO-MILITAR-768x576.jpg 768w, https:\/\/www.fiscalia.gov.co\/colombia\/wp-content\/uploads\/FOTO-MILITAR-1536x1152.jpg 1536w, https:\/\/www.fiscalia.gov.co\/colombia\/wp-content\/uploads\/FOTO-MILITAR-696x522.jpg 696w, https:\/\/www.fiscalia.gov.co\/colombia\/wp-content\/uploads\/FOTO-MILITAR-1068x801.jpg 1068w, https:\/\/www.fiscalia.gov.co\/colombia\/wp-content\/uploads\/FOTO-MILITAR-560x420.jpg 560w, https:\/\/www.fiscalia.gov.co\/colombia\/wp-content\/uploads\/FOTO-MILITAR-80x60.jpg 80w, https:\/\/www.fiscalia.gov.co\/colombia\/wp-content\/uploads\/FOTO-MILITAR-265x198.jpg 265w, https:\/\/www.fiscalia.gov.co\/colombia\/wp-content\/uploads\/FOTO-MILITAR.jpg 1600w\" sizes=\"auto, (max-width: 300px) 100vw, 300px\" \/><figcaption id=\"caption-attachment-282898\" class=\"wp-caption-text\">Militar implicado en el abuso de una menor de edad que termin\u00f3 embarazada.<\/figcaption><\/figure>\n<p>El pasado s\u00e1bado 4 de noviembre, cuando Rodr\u00edguez Giraldo se dispon\u00eda a abandonar la ciudad al terminar sus servicios militares en esta localidad como soldado, fue presentado y judicializado ante el juez, como responsable el delito de acceso carnal abusivo con menor de 14 a\u00f1os en concurso homog\u00e9neo y sucesivo, al que no se allan\u00f3.<\/p>\n<p><strong>T\u00edo de menores de 13 y 6 a\u00f1os los habr\u00eda abusado sexualmente.<\/strong><\/p>\n<p>En otro hecho, una fiscal imput\u00f3 por los delitos de acceso carnal abusivo con menor de 14 a\u00f1os y de actos sexuales con menor de 14 a\u00f1os, a un hombre que en noviembre de 2020 habr\u00eda accedido sexualmente a su sobrina de 13 a\u00f1os, tap\u00e1ndole la boca para que no gritara y amenaz\u00e1ndola con matarla si dec\u00eda algo de lo sucedido.<\/p>\n<figure id=\"attachment_282899\" aria-describedby=\"caption-attachment-282899\" style=\"width: 300px\" class=\"wp-caption aligncenter\"><img loading=\"lazy\" decoding=\"async\" class=\"size-medium wp-image-282899\" src=\"https:\/\/www.fiscalia.gov.co\/colombia\/wp-content\/uploads\/IMG-20231107-WA0069-300x225.jpg\" alt=\"Los capturados est\u00e1n custodiados por uniformados de la polic\u00eda nacional, esposados y con un pend\u00f3n institucional detr\u00e1s de ellos.\" width=\"300\" height=\"225\" srcset=\"https:\/\/www.fiscalia.gov.co\/colombia\/wp-content\/uploads\/IMG-20231107-WA0069-300x225.jpg 300w, https:\/\/www.fiscalia.gov.co\/colombia\/wp-content\/uploads\/IMG-20231107-WA0069-1024x768.jpg 1024w, https:\/\/www.fiscalia.gov.co\/colombia\/wp-content\/uploads\/IMG-20231107-WA0069-768x576.jpg 768w, https:\/\/www.fiscalia.gov.co\/colombia\/wp-content\/uploads\/IMG-20231107-WA0069-1536x1152.jpg 1536w, https:\/\/www.fiscalia.gov.co\/colombia\/wp-content\/uploads\/IMG-20231107-WA0069-696x522.jpg 696w, https:\/\/www.fiscalia.gov.co\/colombia\/wp-content\/uploads\/IMG-20231107-WA0069-1068x801.jpg 1068w, https:\/\/www.fiscalia.gov.co\/colombia\/wp-content\/uploads\/IMG-20231107-WA0069-560x420.jpg 560w, https:\/\/www.fiscalia.gov.co\/colombia\/wp-content\/uploads\/IMG-20231107-WA0069-80x60.jpg 80w, https:\/\/www.fiscalia.gov.co\/colombia\/wp-content\/uploads\/IMG-20231107-WA0069-265x198.jpg 265w, https:\/\/www.fiscalia.gov.co\/colombia\/wp-content\/uploads\/IMG-20231107-WA0069.jpg 1600w\" sizes=\"auto, (max-width: 300px) 100vw, 300px\" \/><figcaption id=\"caption-attachment-282899\" class=\"wp-caption-text\">A este hombre la Fiscal\u00eda lo imput\u00f3 por los delitos de acceso carnal abusivo con menor de 14 a\u00f1os y de actos sexuales con menor de 14 a\u00f1os.<\/figcaption><\/figure>\n<p>El delito se present\u00f3 en el barrio El Jard\u00edn de la capital del Guain\u00eda, donde posteriormente los padres de la v\u00edctima se enteraron de lo sucedido dando aviso a las autoridades.<\/p>\n<p>Para el a\u00f1o 2018, al parecer, este hombre tambi\u00e9n habr\u00eda abusado de su sobrino de 6 a\u00f1os, practic\u00e1ndole actos sexuales en sus genitales. El imputado no acept\u00f3 los cargos endilgados en su contra.<\/p>\n<p>Esta informaci\u00f3n se publica por razones de inter\u00e9s general.<\/p>\n<p>&nbsp;<\/p>\n<p><strong>La Fiscal\u00eda habla con resultados.<\/strong><\/p>\n<p>&nbsp;<\/p>\n<p>&nbsp;<\/p>\n<p>&nbsp;<\/p>\n<p>LAZL\/CFG\/LFRR\/DSGV\/<\/p>\n<p>&nbsp;<\/p>\n<p>&nbsp;<\/p>\n<p>&nbsp;<\/p>\n<p>&nbsp;<\/p>\n<p><i>La informaci\u00f3n contenida en este bolet\u00edn de prensa corresponde a la narraci\u00f3n de los hechos noticiosos objetivos, suministrados por los funcionarios encargados de adelantar las investigaciones penales al interior de la Fiscal\u00eda General de la Naci\u00f3n. Para el momento de la divulgaci\u00f3n de este comunicado, la situaci\u00f3n jur\u00eddica de la(s) persona(s) relacionada(s) se encuentra pendiente de resolver por la autoridad judicial competente, siempre bajo los preceptos de la presunci\u00f3n de inocencia, consagrados en el art\u00edculo 29 de la Constituci\u00f3n Pol\u00edtica y el art\u00edculo 7\u00ba de la Ley 906 de 2004.\u00a0<\/i><\/p>\n\n<div class=\"twitter-share\"><a href=\"https:\/\/twitter.com\/intent\/tweet?via=fiscaliacol\" class=\"twitter-share-button\">Tweet<\/a><\/div>\n","protected":false},"excerpt":{"rendered":"<p>Fiscales adscritos a la Seccional Guain\u00eda \u2013 Vaup\u00e9s lograron que jueces\u00a0 de In\u00edrida impusieran medidas carcelarias en contra de dos hombres, quienes presuntamente sometieron a vej\u00e1menes de tipo sexual a varios menores de 14 a\u00f1os. En el primer caso, Guillermo Rafael Rodr\u00edguez Giraldo, un militar adscrito al Batall\u00f3n de Selva # 45 de esa capital, [&hellip;]<\/p>\n","protected":false},"author":179,"featured_media":0,"comment_status":"closed","ping_status":"open","sticky":false,"template":"","format":"standard","meta":{"_price":"","_stock":"","_tribe_ticket_header":"","_tribe_default_ticket_provider":"","_tribe_ticket_capacity":"0","_ticket_start_date":"","_ticket_end_date":"","_tribe_ticket_show_description":"","_tribe_ticket_show_not_going":false,"_tribe_ticket_use_global_stock":"","_tribe_ticket_global_stock_level":"","_global_stock_mode":"","_global_stock_cap":"","_tribe_rsvp_for_event":"","_tribe_ticket_going_count":"","_tribe_ticket_not_going_count":"","_tribe_tickets_list":"[]","_tribe_ticket_has_attendee_info_fields":false,"tdm_status":"","tdm_grid_status":"","footnotes":""},"categories":[1,24154,303,24127],"tags":[31601,924,1047,1185],"class_list":{"0":"post-282897","1":"post","2":"type-post","3":"status-publish","4":"format-standard","6":"category-noticias","7":"category-seccional-inirida","8":"category-seccionales","9":"category-violencia-sexual-e-intrafamiliar","10":"tag-acceso-carnal-abusivo-con-menor-de-14-anos-en-concurso-homogeneo-y-sucesivo","11":"tag-captura","12":"tag-fiscalia-general-de-la-nacion","13":"tag-medida-de-aseguramiento"},"yoast_head":"<!-- This site is optimized with the Yoast SEO plugin v24.3 - https:\/\/yoast.com\/wordpress\/plugins\/seo\/ -->\n<title>Fiscal\u00eda General de la Naci\u00f3n<\/title>\n<meta name=\"description\" content=\"P\u00e1gina oficial de la Fiscal\u00eda General de la Naci\u00f3n \u2013 Colombia. Garantizamos el acceso efectivo a la justicia, la verdad y la reparaci\u00f3n de las v\u00edctimas de los delitos.\" \/>\n<meta name=\"robots\" content=\"noindex, follow\" \/>\n<meta property=\"og:locale\" content=\"es_ES\" \/>\n<meta property=\"og:type\" content=\"article\" \/>\n<meta property=\"og:title\" content=\"Fiscal\u00eda General de la Naci\u00f3n\" \/>\n<meta property=\"og:description\" content=\"P\u00e1gina oficial de la Fiscal\u00eda General de la Naci\u00f3n \u2013 Colombia. Garantizamos el acceso efectivo a la justicia, la verdad y la reparaci\u00f3n de las v\u00edctimas de los delitos.\" \/>\n<meta property=\"og:url\" content=\"https:\/\/www.fiscalia.gov.co\/colombia\/noticias\/carcel-para-un-militar-y-un-civil-que-en-casos-aislados-habrian-cometido-delitos-sexuales-contra-menores-de-14-anos-en-inirida-guainia\/\" \/>\n<meta property=\"og:site_name\" content=\"Fiscal\u00eda General de la Naci\u00f3n\" \/>\n<meta property=\"article:publisher\" content=\"https:\/\/www.facebook.com\/FiscaliaCol\" \/>\n<meta property=\"article:published_time\" content=\"2023-11-07T22:51:53+00:00\" \/>\n<meta property=\"og:image\" content=\"https:\/\/www.fiscalia.gov.co\/colombia\/wp-content\/uploads\/FOTO-MILITAR-300x225.jpg\" \/>\n<meta name=\"author\" content=\"Lesly Katherine Segura Camargo.\" \/>\n<meta name=\"twitter:card\" content=\"summary_large_image\" \/>\n<meta name=\"twitter:creator\" content=\"@FiscaliaCol\" \/>\n<meta name=\"twitter:site\" content=\"@FiscaliaCol\" \/>\n<meta name=\"twitter:label1\" content=\"Escrito por\" \/>\n\t<meta name=\"twitter:data1\" content=\"Lesly Katherine Segura Camargo.\" \/>\n\t<meta name=\"twitter:label2\" content=\"Tiempo de lectura\" \/>\n\t<meta name=\"twitter:data2\" content=\"3 minutos\" \/>\n<script type=\"application\/ld+json\" class=\"yoast-schema-graph\">{\"@context\":\"https:\/\/schema.org\",\"@graph\":[{\"@type\":\"Article\",\"@id\":\"https:\/\/www.fiscalia.gov.co\/colombia\/noticias\/carcel-para-un-militar-y-un-civil-que-en-casos-aislados-habrian-cometido-delitos-sexuales-contra-menores-de-14-anos-en-inirida-guainia\/#article\",\"isPartOf\":{\"@id\":\"https:\/\/www.fiscalia.gov.co\/colombia\/noticias\/carcel-para-un-militar-y-un-civil-que-en-casos-aislados-habrian-cometido-delitos-sexuales-contra-menores-de-14-anos-en-inirida-guainia\/\"},\"author\":{\"name\":\"Lesly Katherine Segura Camargo.\",\"@id\":\"https:\/\/www.fiscalia.gov.co\/colombia\/#\/schema\/person\/6be81acb78add0abcbda2c598c1d53e1\"},\"headline\":\"C\u00e1rcel para un militar y un civil que en casos aislados habr\u00edan cometido delitos sexuales contra menores de 14 a\u00f1os en In\u00edrida, Guain\u00eda\u00a0\",\"datePublished\":\"2023-11-07T22:51:53+00:00\",\"dateModified\":\"2023-11-07T22:51:53+00:00\",\"mainEntityOfPage\":{\"@id\":\"https:\/\/www.fiscalia.gov.co\/colombia\/noticias\/carcel-para-un-militar-y-un-civil-que-en-casos-aislados-habrian-cometido-delitos-sexuales-contra-menores-de-14-anos-en-inirida-guainia\/\"},\"wordCount\":503,\"publisher\":{\"@id\":\"https:\/\/www.fiscalia.gov.co\/colombia\/#organization\"},\"image\":{\"@id\":\"https:\/\/www.fiscalia.gov.co\/colombia\/noticias\/carcel-para-un-militar-y-un-civil-que-en-casos-aislados-habrian-cometido-delitos-sexuales-contra-menores-de-14-anos-en-inirida-guainia\/#primaryimage\"},\"thumbnailUrl\":\"https:\/\/www.fiscalia.gov.co\/colombia\/wp-content\/uploads\/FOTO-MILITAR-300x225.jpg\",\"keywords\":[\"acceso carnal abusivo con menor de 14 a\u00f1os\u00a0en concurso homog\u00e9neo y sucesivo\",\"Captura\",\"Fiscal\u00eda General de la Naci\u00f3n\",\"Medida de aseguramiento\"],\"articleSection\":[\"Noticias\",\"Seccional In\u00edrida\",\"Seccionales\",\"Violencia sexual e intrafamiliar\"],\"inLanguage\":\"es-CO\"},{\"@type\":\"WebPage\",\"@id\":\"https:\/\/www.fiscalia.gov.co\/colombia\/noticias\/carcel-para-un-militar-y-un-civil-que-en-casos-aislados-habrian-cometido-delitos-sexuales-contra-menores-de-14-anos-en-inirida-guainia\/\",\"url\":\"https:\/\/www.fiscalia.gov.co\/colombia\/noticias\/carcel-para-un-militar-y-un-civil-que-en-casos-aislados-habrian-cometido-delitos-sexuales-contra-menores-de-14-anos-en-inirida-guainia\/\",\"name\":\"Fiscal\u00eda General de la Naci\u00f3n\",\"isPartOf\":{\"@id\":\"https:\/\/www.fiscalia.gov.co\/colombia\/#website\"},\"primaryImageOfPage\":{\"@id\":\"https:\/\/www.fiscalia.gov.co\/colombia\/noticias\/carcel-para-un-militar-y-un-civil-que-en-casos-aislados-habrian-cometido-delitos-sexuales-contra-menores-de-14-anos-en-inirida-guainia\/#primaryimage\"},\"image\":{\"@id\":\"https:\/\/www.fiscalia.gov.co\/colombia\/noticias\/carcel-para-un-militar-y-un-civil-que-en-casos-aislados-habrian-cometido-delitos-sexuales-contra-menores-de-14-anos-en-inirida-guainia\/#primaryimage\"},\"thumbnailUrl\":\"https:\/\/www.fiscalia.gov.co\/colombia\/wp-content\/uploads\/FOTO-MILITAR-300x225.jpg\",\"datePublished\":\"2023-11-07T22:51:53+00:00\",\"dateModified\":\"2023-11-07T22:51:53+00:00\",\"description\":\"P\u00e1gina oficial de la Fiscal\u00eda General de la Naci\u00f3n \u2013 Colombia. Garantizamos el acceso efectivo a la justicia, la verdad y la reparaci\u00f3n de las v\u00edctimas de los delitos.\",\"breadcrumb\":{\"@id\":\"https:\/\/www.fiscalia.gov.co\/colombia\/noticias\/carcel-para-un-militar-y-un-civil-que-en-casos-aislados-habrian-cometido-delitos-sexuales-contra-menores-de-14-anos-en-inirida-guainia\/#breadcrumb\"},\"inLanguage\":\"es-CO\",\"potentialAction\":[{\"@type\":\"ReadAction\",\"target\":[\"https:\/\/www.fiscalia.gov.co\/colombia\/noticias\/carcel-para-un-militar-y-un-civil-que-en-casos-aislados-habrian-cometido-delitos-sexuales-contra-menores-de-14-anos-en-inirida-guainia\/\"]}]},{\"@type\":\"ImageObject\",\"inLanguage\":\"es-CO\",\"@id\":\"https:\/\/www.fiscalia.gov.co\/colombia\/noticias\/carcel-para-un-militar-y-un-civil-que-en-casos-aislados-habrian-cometido-delitos-sexuales-contra-menores-de-14-anos-en-inirida-guainia\/#primaryimage\",\"url\":\"https:\/\/www.fiscalia.gov.co\/colombia\/wp-content\/uploads\/FOTO-MILITAR.jpg\",\"contentUrl\":\"https:\/\/www.fiscalia.gov.co\/colombia\/wp-content\/uploads\/FOTO-MILITAR.jpg\",\"width\":1600,\"height\":1200,\"caption\":\"Militar implicado en el abuso de una menor de edad que termin\u00f3 embarazada.\"},{\"@type\":\"BreadcrumbList\",\"@id\":\"https:\/\/www.fiscalia.gov.co\/colombia\/noticias\/carcel-para-un-militar-y-un-civil-que-en-casos-aislados-habrian-cometido-delitos-sexuales-contra-menores-de-14-anos-en-inirida-guainia\/#breadcrumb\",\"itemListElement\":[{\"@type\":\"ListItem\",\"position\":1,\"name\":\"Home\",\"item\":\"https:\/\/www.fiscalia.gov.co\/colombia\/\"},{\"@type\":\"ListItem\",\"position\":2,\"name\":\"C\u00e1rcel para un militar y un civil que en casos aislados habr\u00edan cometido delitos sexuales contra menores de 14 a\u00f1os en In\u00edrida, Guain\u00eda\u00a0\"}]},{\"@type\":\"WebSite\",\"@id\":\"https:\/\/www.fiscalia.gov.co\/colombia\/#website\",\"url\":\"https:\/\/www.fiscalia.gov.co\/colombia\/\",\"name\":\"Fiscal\u00eda General de la Naci\u00f3n\",\"description\":\"P\u00e1gina oficial de la Fiscal\u00eda General de la Naci\u00f3n \u2013 Colombia. Garantizamos el acceso efectivo a la justicia, la verdad y la reparaci\u00f3n de las v\u00edctimas de los delitos.\",\"publisher\":{\"@id\":\"https:\/\/www.fiscalia.gov.co\/colombia\/#organization\"},\"potentialAction\":[{\"@type\":\"SearchAction\",\"target\":{\"@type\":\"EntryPoint\",\"urlTemplate\":\"https:\/\/www.fiscalia.gov.co\/colombia\/?s={search_term_string}\"},\"query-input\":{\"@type\":\"PropertyValueSpecification\",\"valueRequired\":true,\"valueName\":\"search_term_string\"}}],\"inLanguage\":\"es-CO\"},{\"@type\":\"Organization\",\"@id\":\"https:\/\/www.fiscalia.gov.co\/colombia\/#organization\",\"name\":\"Fiscal\u00eda General de la Naci\u00f3n\",\"url\":\"https:\/\/www.fiscalia.gov.co\/colombia\/\",\"logo\":{\"@type\":\"ImageObject\",\"inLanguage\":\"es-CO\",\"@id\":\"https:\/\/www.fiscalia.gov.co\/colombia\/#\/schema\/logo\/image\/\",\"url\":\"https:\/\/www.fiscalia.gov.co\/colombia\/wp-content\/uploads\/LogoHorizontal_1.jpg\",\"contentUrl\":\"https:\/\/www.fiscalia.gov.co\/colombia\/wp-content\/uploads\/LogoHorizontal_1.jpg\",\"width\":300,\"height\":90,\"caption\":\"Fiscal\u00eda General de la Naci\u00f3n\"},\"image\":{\"@id\":\"https:\/\/www.fiscalia.gov.co\/colombia\/#\/schema\/logo\/image\/\"},\"sameAs\":[\"https:\/\/www.facebook.com\/FiscaliaCol\",\"https:\/\/x.com\/FiscaliaCol\",\"https:\/\/www.instagram.com\/fiscaliacol\",\"https:\/\/www.linkedin.com\/company\/fiscalia-general-de-la-naci-n\/\",\"https:\/\/youtube.com\/@fiscaliageneraldelanacion-4668?si=6nN79nyQICPU5iTh\"]},{\"@type\":\"Person\",\"@id\":\"https:\/\/www.fiscalia.gov.co\/colombia\/#\/schema\/person\/6be81acb78add0abcbda2c598c1d53e1\",\"name\":\"Lesly Katherine Segura Camargo.\",\"image\":{\"@type\":\"ImageObject\",\"inLanguage\":\"es-CO\",\"@id\":\"https:\/\/www.fiscalia.gov.co\/colombia\/#\/schema\/person\/image\/\",\"url\":\"https:\/\/secure.gravatar.com\/avatar\/1892091c53ef3b9c2fcb37ca6066e439?s=96&d=mm&r=g\",\"contentUrl\":\"https:\/\/secure.gravatar.com\/avatar\/1892091c53ef3b9c2fcb37ca6066e439?s=96&d=mm&r=g\",\"caption\":\"Lesly Katherine Segura Camargo.\"},\"url\":\"https:\/\/www.fiscalia.gov.co\/colombia\/author\/lesly-segura\/\"}]}<\/script>\n<!-- \/ Yoast SEO plugin. -->","yoast_head_json":{"title":"Fiscal\u00eda General de la Naci\u00f3n","description":"P\u00e1gina oficial de la Fiscal\u00eda General de la Naci\u00f3n \u2013 Colombia. Garantizamos el acceso efectivo a la justicia, la verdad y la reparaci\u00f3n de las v\u00edctimas de los delitos.","robots":{"index":"noindex","follow":"follow"},"og_locale":"es_ES","og_type":"article","og_title":"Fiscal\u00eda General de la Naci\u00f3n","og_description":"P\u00e1gina oficial de la Fiscal\u00eda General de la Naci\u00f3n \u2013 Colombia. Garantizamos el acceso efectivo a la justicia, la verdad y la reparaci\u00f3n de las v\u00edctimas de los delitos.","og_url":"https:\/\/www.fiscalia.gov.co\/colombia\/noticias\/carcel-para-un-militar-y-un-civil-que-en-casos-aislados-habrian-cometido-delitos-sexuales-contra-menores-de-14-anos-en-inirida-guainia\/","og_site_name":"Fiscal\u00eda General de la Naci\u00f3n","article_publisher":"https:\/\/www.facebook.com\/FiscaliaCol","article_published_time":"2023-11-07T22:51:53+00:00","og_image":[{"url":"https:\/\/www.fiscalia.gov.co\/colombia\/wp-content\/uploads\/FOTO-MILITAR-300x225.jpg","type":"","width":"","height":""}],"author":"Lesly Katherine Segura Camargo.","twitter_card":"summary_large_image","twitter_creator":"@FiscaliaCol","twitter_site":"@FiscaliaCol","twitter_misc":{"Escrito por":"Lesly Katherine Segura Camargo.","Tiempo de lectura":"3 minutos"},"schema":{"@context":"https:\/\/schema.org","@graph":[{"@type":"Article","@id":"https:\/\/www.fiscalia.gov.co\/colombia\/noticias\/carcel-para-un-militar-y-un-civil-que-en-casos-aislados-habrian-cometido-delitos-sexuales-contra-menores-de-14-anos-en-inirida-guainia\/#article","isPartOf":{"@id":"https:\/\/www.fiscalia.gov.co\/colombia\/noticias\/carcel-para-un-militar-y-un-civil-que-en-casos-aislados-habrian-cometido-delitos-sexuales-contra-menores-de-14-anos-en-inirida-guainia\/"},"author":{"name":"Lesly Katherine Segura Camargo.","@id":"https:\/\/www.fiscalia.gov.co\/colombia\/#\/schema\/person\/6be81acb78add0abcbda2c598c1d53e1"},"headline":"C\u00e1rcel para un militar y un civil que en casos aislados habr\u00edan cometido delitos sexuales contra menores de 14 a\u00f1os en In\u00edrida, Guain\u00eda\u00a0","datePublished":"2023-11-07T22:51:53+00:00","dateModified":"2023-11-07T22:51:53+00:00","mainEntityOfPage":{"@id":"https:\/\/www.fiscalia.gov.co\/colombia\/noticias\/carcel-para-un-militar-y-un-civil-que-en-casos-aislados-habrian-cometido-delitos-sexuales-contra-menores-de-14-anos-en-inirida-guainia\/"},"wordCount":503,"publisher":{"@id":"https:\/\/www.fiscalia.gov.co\/colombia\/#organization"},"image":{"@id":"https:\/\/www.fiscalia.gov.co\/colombia\/noticias\/carcel-para-un-militar-y-un-civil-que-en-casos-aislados-habrian-cometido-delitos-sexuales-contra-menores-de-14-anos-en-inirida-guainia\/#primaryimage"},"thumbnailUrl":"https:\/\/www.fiscalia.gov.co\/colombia\/wp-content\/uploads\/FOTO-MILITAR-300x225.jpg","keywords":["acceso carnal abusivo con menor de 14 a\u00f1os\u00a0en concurso homog\u00e9neo y sucesivo","Captura","Fiscal\u00eda General de la Naci\u00f3n","Medida de aseguramiento"],"articleSection":["Noticias","Seccional In\u00edrida","Seccionales","Violencia sexual e intrafamiliar"],"inLanguage":"es-CO"},{"@type":"WebPage","@id":"https:\/\/www.fiscalia.gov.co\/colombia\/noticias\/carcel-para-un-militar-y-un-civil-que-en-casos-aislados-habrian-cometido-delitos-sexuales-contra-menores-de-14-anos-en-inirida-guainia\/","url":"https:\/\/www.fiscalia.gov.co\/colombia\/noticias\/carcel-para-un-militar-y-un-civil-que-en-casos-aislados-habrian-cometido-delitos-sexuales-contra-menores-de-14-anos-en-inirida-guainia\/","name":"Fiscal\u00eda General de la Naci\u00f3n","isPartOf":{"@id":"https:\/\/www.fiscalia.gov.co\/colombia\/#website"},"primaryImageOfPage":{"@id":"https:\/\/www.fiscalia.gov.co\/colombia\/noticias\/carcel-para-un-militar-y-un-civil-que-en-casos-aislados-habrian-cometido-delitos-sexuales-contra-menores-de-14-anos-en-inirida-guainia\/#primaryimage"},"image":{"@id":"https:\/\/www.fiscalia.gov.co\/colombia\/noticias\/carcel-para-un-militar-y-un-civil-que-en-casos-aislados-habrian-cometido-delitos-sexuales-contra-menores-de-14-anos-en-inirida-guainia\/#primaryimage"},"thumbnailUrl":"https:\/\/www.fiscalia.gov.co\/colombia\/wp-content\/uploads\/FOTO-MILITAR-300x225.jpg","datePublished":"2023-11-07T22:51:53+00:00","dateModified":"2023-11-07T22:51:53+00:00","description":"P\u00e1gina oficial de la Fiscal\u00eda General de la Naci\u00f3n \u2013 Colombia. Garantizamos el acceso efectivo a la justicia, la verdad y la reparaci\u00f3n de las v\u00edctimas de los delitos.","breadcrumb":{"@id":"https:\/\/www.fiscalia.gov.co\/colombia\/noticias\/carcel-para-un-militar-y-un-civil-que-en-casos-aislados-habrian-cometido-delitos-sexuales-contra-menores-de-14-anos-en-inirida-guainia\/#breadcrumb"},"inLanguage":"es-CO","potentialAction":[{"@type":"ReadAction","target":["https:\/\/www.fiscalia.gov.co\/colombia\/noticias\/carcel-para-un-militar-y-un-civil-que-en-casos-aislados-habrian-cometido-delitos-sexuales-contra-menores-de-14-anos-en-inirida-guainia\/"]}]},{"@type":"ImageObject","inLanguage":"es-CO","@id":"https:\/\/www.fiscalia.gov.co\/colombia\/noticias\/carcel-para-un-militar-y-un-civil-que-en-casos-aislados-habrian-cometido-delitos-sexuales-contra-menores-de-14-anos-en-inirida-guainia\/#primaryimage","url":"https:\/\/www.fiscalia.gov.co\/colombia\/wp-content\/uploads\/FOTO-MILITAR.jpg","contentUrl":"https:\/\/www.fiscalia.gov.co\/colombia\/wp-content\/uploads\/FOTO-MILITAR.jpg","width":1600,"height":1200,"caption":"Militar implicado en el abuso de una menor de edad que termin\u00f3 embarazada."},{"@type":"BreadcrumbList","@id":"https:\/\/www.fiscalia.gov.co\/colombia\/noticias\/carcel-para-un-militar-y-un-civil-que-en-casos-aislados-habrian-cometido-delitos-sexuales-contra-menores-de-14-anos-en-inirida-guainia\/#breadcrumb","itemListElement":[{"@type":"ListItem","position":1,"name":"Home","item":"https:\/\/www.fiscalia.gov.co\/colombia\/"},{"@type":"ListItem","position":2,"name":"C\u00e1rcel para un militar y un civil que en casos aislados habr\u00edan cometido delitos sexuales contra menores de 14 a\u00f1os en In\u00edrida, Guain\u00eda\u00a0"}]},{"@type":"WebSite","@id":"https:\/\/www.fiscalia.gov.co\/colombia\/#website","url":"https:\/\/www.fiscalia.gov.co\/colombia\/","name":"Fiscal\u00eda General de la Naci\u00f3n","description":"P\u00e1gina oficial de la Fiscal\u00eda General de la Naci\u00f3n \u2013 Colombia. Garantizamos el acceso efectivo a la justicia, la verdad y la reparaci\u00f3n de las v\u00edctimas de los delitos.","publisher":{"@id":"https:\/\/www.fiscalia.gov.co\/colombia\/#organization"},"potentialAction":[{"@type":"SearchAction","target":{"@type":"EntryPoint","urlTemplate":"https:\/\/www.fiscalia.gov.co\/colombia\/?s={search_term_string}"},"query-input":{"@type":"PropertyValueSpecification","valueRequired":true,"valueName":"search_term_string"}}],"inLanguage":"es-CO"},{"@type":"Organization","@id":"https:\/\/www.fiscalia.gov.co\/colombia\/#organization","name":"Fiscal\u00eda General de la Naci\u00f3n","url":"https:\/\/www.fiscalia.gov.co\/colombia\/","logo":{"@type":"ImageObject","inLanguage":"es-CO","@id":"https:\/\/www.fiscalia.gov.co\/colombia\/#\/schema\/logo\/image\/","url":"https:\/\/www.fiscalia.gov.co\/colombia\/wp-content\/uploads\/LogoHorizontal_1.jpg","contentUrl":"https:\/\/www.fiscalia.gov.co\/colombia\/wp-content\/uploads\/LogoHorizontal_1.jpg","width":300,"height":90,"caption":"Fiscal\u00eda General de la Naci\u00f3n"},"image":{"@id":"https:\/\/www.fiscalia.gov.co\/colombia\/#\/schema\/logo\/image\/"},"sameAs":["https:\/\/www.facebook.com\/FiscaliaCol","https:\/\/x.com\/FiscaliaCol","https:\/\/www.instagram.com\/fiscaliacol","https:\/\/www.linkedin.com\/company\/fiscalia-general-de-la-naci-n\/","https:\/\/youtube.com\/@fiscaliageneraldelanacion-4668?si=6nN79nyQICPU5iTh"]},{"@type":"Person","@id":"https:\/\/www.fiscalia.gov.co\/colombia\/#\/schema\/person\/6be81acb78add0abcbda2c598c1d53e1","name":"Lesly Katherine Segura Camargo.","image":{"@type":"ImageObject","inLanguage":"es-CO","@id":"https:\/\/www.fiscalia.gov.co\/colombia\/#\/schema\/person\/image\/","url":"https:\/\/secure.gravatar.com\/avatar\/1892091c53ef3b9c2fcb37ca6066e439?s=96&d=mm&r=g","contentUrl":"https:\/\/secure.gravatar.com\/avatar\/1892091c53ef3b9c2fcb37ca6066e439?s=96&d=mm&r=g","caption":"Lesly Katherine Segura Camargo."},"url":"https:\/\/www.fiscalia.gov.co\/colombia\/author\/lesly-segura\/"}]}},"_links":{"self":[{"href":"https:\/\/www.fiscalia.gov.co\/colombia\/wp-json\/wp\/v2\/posts\/282897","targetHints":{"allow":["GET"]}}],"collection":[{"href":"https:\/\/www.fiscalia.gov.co\/colombia\/wp-json\/wp\/v2\/posts"}],"about":[{"href":"https:\/\/www.fiscalia.gov.co\/colombia\/wp-json\/wp\/v2\/types\/post"}],"author":[{"embeddable":true,"href":"https:\/\/www.fiscalia.gov.co\/colombia\/wp-json\/wp\/v2\/users\/179"}],"replies":[{"embeddable":true,"href":"https:\/\/www.fiscalia.gov.co\/colombia\/wp-json\/wp\/v2\/comments?post=282897"}],"version-history":[{"count":1,"href":"https:\/\/www.fiscalia.gov.co\/colombia\/wp-json\/wp\/v2\/posts\/282897\/revisions"}],"predecessor-version":[{"id":282900,"href":"https:\/\/www.fiscalia.gov.co\/colombia\/wp-json\/wp\/v2\/posts\/282897\/revisions\/282900"}],"wp:attachment":[{"href":"https:\/\/www.fiscalia.gov.co\/colombia\/wp-json\/wp\/v2\/media?parent=282897"}],"wp:term":[{"taxonomy":"category","embeddable":true,"href":"https:\/\/www.fiscalia.gov.co\/colombia\/wp-json\/wp\/v2\/categories?post=282897"},{"taxonomy":"post_tag","embeddable":true,"href":"https:\/\/www.fiscalia.gov.co\/colombia\/wp-json\/wp\/v2\/tags?post=282897"}],"curies":[{"name":"wp","href":"https:\/\/api.w.org\/{rel}","templated":true}]}}