{"id":282832,"date":"2023-11-07T08:27:10","date_gmt":"2023-11-07T13:27:10","guid":{"rendered":"https:\/\/www.fiscalia.gov.co\/colombia\/?p=282832"},"modified":"2023-11-15T14:45:32","modified_gmt":"2023-11-15T19:45:32","slug":"condenado-alias-cobra-un-exjefe-paramilitar-que-participo-en-la-muerte-de-ocho-personas-en-las-denominadas-masacres-de-san-jose-de-apartado-y-la-resbalosa","status":"publish","type":"post","link":"https:\/\/www.fiscalia.gov.co\/colombia\/noticias\/condenado-alias-cobra-un-exjefe-paramilitar-que-participo-en-la-muerte-de-ocho-personas-en-las-denominadas-masacres-de-san-jose-de-apartado-y-la-resbalosa\/","title":{"rendered":"Condenado alias Cobra, un exjefe paramilitar que particip\u00f3 en la muerte de ocho personas en las denominadas masacres de San Jos\u00e9 de Apartad\u00f3 y La Resbalosa"},"content":{"rendered":"<h4><strong><em>Algunas de las v\u00edctimas, entre ellas tres ni\u00f1os, pertenec\u00edan a dos familias distintas. Las pruebas dan cuenta que fueron asesinadas con armas blancas, algunas decapitadas.<\/em><\/strong><\/h4>\n<p>Ante las pruebas obtenidas por la Fiscal\u00eda General de la Naci\u00f3n, Albeiro Manuel G\u00f3mez Mart\u00ednez, alias Cobra, acept\u00f3 su responsabilidad en las denominadas masacres de San Jos\u00e9 de Apartad\u00f3 y La Resbalosa, en las que fueron asesinadas ocho personas, entre ellas tres menores de edad, el 21 de febrero de 2005.<\/p>\n<p>Alias Cobra, en su condici\u00f3n de cabecilla del Bloque H\u00e9roes de Tolav\u00e1 de las extintas Autodefensas Unidas de Colombia (AUC), dirigi\u00f3 a un grupo de hombres que intercept\u00f3 a tres integrantes de una misma familia en la vereda Mulatos, en el corregimiento de San Juan de Apartad\u00f3 (Antioquia).<\/p>\n<p>En medio de se\u00f1alamientos de que auxiliaban a otra organizaci\u00f3n criminal que ten\u00eda injerencia en la regi\u00f3n, los paramilitares asesinaron a la pareja y a su hijo de 11 a\u00f1os. Minutos despu\u00e9s, se trasladaron a la vereda La Resbalosa, en Tierralta (C\u00f3rdoba), donde sostuvieron un enfrentamiento armado con otra estructura ilegal, en el que muri\u00f3 un hombre.<\/p>\n<p>En medio del intercambio de disparos, ingresaron a una vivienda en la que encontraron muerta a una mujer. Luego de recorrer el inmueble localizaron a dos menores de edad, a quienes atacaron con cuchillos y machetes. El padre de los dos peque\u00f1os entr\u00f3 al lugar y tambi\u00e9n fue agredido con armas blancas.<\/p>\n<p>Las evidencias dan cuenta de que, en ese sitio, alias Cobra decapit\u00f3 a una ni\u00f1a de cinco a\u00f1os frente a sus subalternos.<\/p>\n<p>Ante los argumentos presentados por un fiscal de la Direcci\u00f3n Especializada contra las Violaciones a los Derechos Humanos, y luego de valorar la aceptaci\u00f3n voluntaria de cargos, un juez penal especializado de Antioquia conden\u00f3 a Albeiro Manuel G\u00f3mez Mart\u00ednez a 30 a\u00f1os y 8 meses de prisi\u00f3n por los delitos de homicidio en persona protegida y concierto para delinquir.<\/p>\n<p>Este proceso se sigui\u00f3 en atenci\u00f3n a los par\u00e1metros definidos en la Ley 600 de 2000 (anterior Sistema Penal).<\/p>\n<p>&nbsp;<\/p>\n<p><strong>La Fiscal\u00eda habla con resultados.<\/strong><\/p>\n<p>&nbsp;<\/p>\n<p>&nbsp;<\/p>\n<p>&nbsp;<\/p>\n<p>&nbsp;<\/p>\n<p>LAGP\/JARG\/HTP\/DECVDH\/MRC.<\/p>\n<p>&nbsp;<\/p>\n<p>&nbsp;<\/p>\n<p>&nbsp;<\/p>\n<p>&nbsp;<\/p>\n<p><i>La informaci\u00f3n contenida en este bolet\u00edn de prensa corresponde a la narraci\u00f3n de los hechos noticiosos objetivos, suministrados por los funcionarios encargados de adelantar las investigaciones penales al interior de la Fiscal\u00eda General de la Naci\u00f3n. Para el momento de la divulgaci\u00f3n de este comunicado, la situaci\u00f3n jur\u00eddica de la(s) persona(s) relacionada(s) se encuentra pendiente de resolver por la autoridad judicial competente, siempre bajo los preceptos de la presunci\u00f3n de inocencia, consagrados en el art\u00edculo 29 de la Constituci\u00f3n Pol\u00edtica y el art\u00edculo 7\u00ba de la Ley 906 de 2004.\u00a0<\/i><\/p>\n\n<div class=\"twitter-share\"><a href=\"https:\/\/twitter.com\/intent\/tweet?via=fiscaliacol\" class=\"twitter-share-button\">Tweet<\/a><\/div>\n","protected":false},"excerpt":{"rendered":"<p>Algunas de las v\u00edctimas, entre ellas tres ni\u00f1os, pertenec\u00edan a dos familias distintas. Las pruebas dan cuenta que fueron asesinadas con armas blancas, algunas decapitadas. Ante las pruebas obtenidas por la Fiscal\u00eda General de la Naci\u00f3n, Albeiro Manuel G\u00f3mez Mart\u00ednez, alias Cobra, acept\u00f3 su responsabilidad en las denominadas masacres de San Jos\u00e9 de Apartad\u00f3 y [&hellip;]<\/p>\n","protected":false},"author":179,"featured_media":283382,"comment_status":"closed","ping_status":"open","sticky":false,"template":"","format":"video","meta":{"tdm_status":"","tdm_grid_status":"","footnotes":""},"categories":[24174,1],"tags":[36117,24185,1047,24448,12087],"class_list":{"0":"post-282832","1":"post","2":"type-post","3":"status-publish","4":"format-video","5":"has-post-thumbnail","7":"category-hay-justicia","8":"category-noticias","9":"tag-alias-cobra","10":"tag-fiscal-barbosa","11":"tag-fiscalia-general-de-la-nacion","12":"tag-hay-justicia","13":"tag-paramilitarismo","14":"post_format-post-format-video"},"yoast_head":"<!-- This site is optimized with the Yoast SEO plugin v24.3 - https:\/\/yoast.com\/wordpress\/plugins\/seo\/ -->\n<title>Fiscal\u00eda General de la Naci\u00f3n<\/title>\n<meta name=\"description\" content=\"P\u00e1gina oficial de la Fiscal\u00eda General de la Naci\u00f3n \u2013 Colombia. Garantizamos el acceso efectivo a la justicia, la verdad y la reparaci\u00f3n de las v\u00edctimas de los delitos.\" \/>\n<meta name=\"robots\" content=\"noindex, follow\" \/>\n<meta property=\"og:locale\" content=\"es_ES\" \/>\n<meta property=\"og:type\" content=\"article\" \/>\n<meta property=\"og:title\" content=\"Fiscal\u00eda General de la Naci\u00f3n\" \/>\n<meta property=\"og:description\" content=\"P\u00e1gina oficial de la Fiscal\u00eda General de la Naci\u00f3n \u2013 Colombia. Garantizamos el acceso efectivo a la justicia, la verdad y la reparaci\u00f3n de las v\u00edctimas de los delitos.\" \/>\n<meta property=\"og:url\" content=\"https:\/\/www.fiscalia.gov.co\/colombia\/noticias\/condenado-alias-cobra-un-exjefe-paramilitar-que-participo-en-la-muerte-de-ocho-personas-en-las-denominadas-masacres-de-san-jose-de-apartado-y-la-resbalosa\/\" \/>\n<meta property=\"og:site_name\" content=\"Fiscal\u00eda General de la Naci\u00f3n\" \/>\n<meta property=\"article:publisher\" content=\"https:\/\/www.facebook.com\/FiscaliaCol\" \/>\n<meta property=\"article:published_time\" content=\"2023-11-07T13:27:10+00:00\" \/>\n<meta property=\"article:modified_time\" content=\"2023-11-15T19:45:32+00:00\" \/>\n<meta property=\"og:image\" content=\"https:\/\/www.fiscalia.gov.co\/colombia\/wp-content\/uploads\/maxresdefault-1276.jpg\" \/>\n\t<meta property=\"og:image:width\" content=\"1280\" \/>\n\t<meta property=\"og:image:height\" content=\"720\" \/>\n\t<meta property=\"og:image:type\" content=\"image\/jpeg\" \/>\n<meta name=\"author\" content=\"Lesly Katherine Segura Camargo.\" \/>\n<meta name=\"twitter:card\" content=\"summary_large_image\" \/>\n<meta name=\"twitter:creator\" content=\"@FiscaliaCol\" \/>\n<meta name=\"twitter:site\" content=\"@FiscaliaCol\" \/>\n<meta name=\"twitter:label1\" content=\"Escrito por\" \/>\n\t<meta name=\"twitter:data1\" content=\"Lesly Katherine Segura Camargo.\" \/>\n\t<meta name=\"twitter:label2\" content=\"Tiempo de lectura\" \/>\n\t<meta name=\"twitter:data2\" content=\"2 minutos\" \/>\n<script type=\"application\/ld+json\" class=\"yoast-schema-graph\">{\"@context\":\"https:\/\/schema.org\",\"@graph\":[{\"@type\":\"Article\",\"@id\":\"https:\/\/www.fiscalia.gov.co\/colombia\/noticias\/condenado-alias-cobra-un-exjefe-paramilitar-que-participo-en-la-muerte-de-ocho-personas-en-las-denominadas-masacres-de-san-jose-de-apartado-y-la-resbalosa\/#article\",\"isPartOf\":{\"@id\":\"https:\/\/www.fiscalia.gov.co\/colombia\/noticias\/condenado-alias-cobra-un-exjefe-paramilitar-que-participo-en-la-muerte-de-ocho-personas-en-las-denominadas-masacres-de-san-jose-de-apartado-y-la-resbalosa\/\"},\"author\":{\"name\":\"Lesly Katherine Segura Camargo.\",\"@id\":\"https:\/\/www.fiscalia.gov.co\/colombia\/#\/schema\/person\/6be81acb78add0abcbda2c598c1d53e1\"},\"headline\":\"Condenado alias Cobra, un exjefe paramilitar que particip\u00f3 en la muerte de ocho personas en las denominadas masacres de San Jos\u00e9 de Apartad\u00f3 y La Resbalosa\",\"datePublished\":\"2023-11-07T13:27:10+00:00\",\"dateModified\":\"2023-11-15T19:45:32+00:00\",\"mainEntityOfPage\":{\"@id\":\"https:\/\/www.fiscalia.gov.co\/colombia\/noticias\/condenado-alias-cobra-un-exjefe-paramilitar-que-participo-en-la-muerte-de-ocho-personas-en-las-denominadas-masacres-de-san-jose-de-apartado-y-la-resbalosa\/\"},\"wordCount\":502,\"publisher\":{\"@id\":\"https:\/\/www.fiscalia.gov.co\/colombia\/#organization\"},\"image\":{\"@id\":\"https:\/\/www.fiscalia.gov.co\/colombia\/noticias\/condenado-alias-cobra-un-exjefe-paramilitar-que-participo-en-la-muerte-de-ocho-personas-en-las-denominadas-masacres-de-san-jose-de-apartado-y-la-resbalosa\/#primaryimage\"},\"thumbnailUrl\":\"https:\/\/www.fiscalia.gov.co\/colombia\/wp-content\/uploads\/maxresdefault-1276.jpg\",\"keywords\":[\"alias Cobra\",\"Fiscal Barbosa\",\"Fiscal\u00eda General de la Naci\u00f3n\",\"Hay Justicia\",\"Paramilitarismo\"],\"articleSection\":[\"Hay Justicia\",\"Noticias\"],\"inLanguage\":\"es-CO\"},{\"@type\":\"WebPage\",\"@id\":\"https:\/\/www.fiscalia.gov.co\/colombia\/noticias\/condenado-alias-cobra-un-exjefe-paramilitar-que-participo-en-la-muerte-de-ocho-personas-en-las-denominadas-masacres-de-san-jose-de-apartado-y-la-resbalosa\/\",\"url\":\"https:\/\/www.fiscalia.gov.co\/colombia\/noticias\/condenado-alias-cobra-un-exjefe-paramilitar-que-participo-en-la-muerte-de-ocho-personas-en-las-denominadas-masacres-de-san-jose-de-apartado-y-la-resbalosa\/\",\"name\":\"Fiscal\u00eda General de la Naci\u00f3n\",\"isPartOf\":{\"@id\":\"https:\/\/www.fiscalia.gov.co\/colombia\/#website\"},\"primaryImageOfPage\":{\"@id\":\"https:\/\/www.fiscalia.gov.co\/colombia\/noticias\/condenado-alias-cobra-un-exjefe-paramilitar-que-participo-en-la-muerte-de-ocho-personas-en-las-denominadas-masacres-de-san-jose-de-apartado-y-la-resbalosa\/#primaryimage\"},\"image\":{\"@id\":\"https:\/\/www.fiscalia.gov.co\/colombia\/noticias\/condenado-alias-cobra-un-exjefe-paramilitar-que-participo-en-la-muerte-de-ocho-personas-en-las-denominadas-masacres-de-san-jose-de-apartado-y-la-resbalosa\/#primaryimage\"},\"thumbnailUrl\":\"https:\/\/www.fiscalia.gov.co\/colombia\/wp-content\/uploads\/maxresdefault-1276.jpg\",\"datePublished\":\"2023-11-07T13:27:10+00:00\",\"dateModified\":\"2023-11-15T19:45:32+00:00\",\"description\":\"P\u00e1gina oficial de la Fiscal\u00eda General de la Naci\u00f3n \u2013 Colombia. Garantizamos el acceso efectivo a la justicia, la verdad y la reparaci\u00f3n de las v\u00edctimas de los delitos.\",\"breadcrumb\":{\"@id\":\"https:\/\/www.fiscalia.gov.co\/colombia\/noticias\/condenado-alias-cobra-un-exjefe-paramilitar-que-participo-en-la-muerte-de-ocho-personas-en-las-denominadas-masacres-de-san-jose-de-apartado-y-la-resbalosa\/#breadcrumb\"},\"inLanguage\":\"es-CO\",\"potentialAction\":[{\"@type\":\"ReadAction\",\"target\":[\"https:\/\/www.fiscalia.gov.co\/colombia\/noticias\/condenado-alias-cobra-un-exjefe-paramilitar-que-participo-en-la-muerte-de-ocho-personas-en-las-denominadas-masacres-de-san-jose-de-apartado-y-la-resbalosa\/\"]}]},{\"@type\":\"ImageObject\",\"inLanguage\":\"es-CO\",\"@id\":\"https:\/\/www.fiscalia.gov.co\/colombia\/noticias\/condenado-alias-cobra-un-exjefe-paramilitar-que-participo-en-la-muerte-de-ocho-personas-en-las-denominadas-masacres-de-san-jose-de-apartado-y-la-resbalosa\/#primaryimage\",\"url\":\"https:\/\/www.fiscalia.gov.co\/colombia\/wp-content\/uploads\/maxresdefault-1276.jpg\",\"contentUrl\":\"https:\/\/www.fiscalia.gov.co\/colombia\/wp-content\/uploads\/maxresdefault-1276.jpg\",\"width\":1280,\"height\":720},{\"@type\":\"BreadcrumbList\",\"@id\":\"https:\/\/www.fiscalia.gov.co\/colombia\/noticias\/condenado-alias-cobra-un-exjefe-paramilitar-que-participo-en-la-muerte-de-ocho-personas-en-las-denominadas-masacres-de-san-jose-de-apartado-y-la-resbalosa\/#breadcrumb\",\"itemListElement\":[{\"@type\":\"ListItem\",\"position\":1,\"name\":\"Home\",\"item\":\"https:\/\/www.fiscalia.gov.co\/colombia\/\"},{\"@type\":\"ListItem\",\"position\":2,\"name\":\"Condenado alias Cobra, un exjefe paramilitar que particip\u00f3 en la muerte de ocho personas en las denominadas masacres de San Jos\u00e9 de Apartad\u00f3 y La Resbalosa\"}]},{\"@type\":\"WebSite\",\"@id\":\"https:\/\/www.fiscalia.gov.co\/colombia\/#website\",\"url\":\"https:\/\/www.fiscalia.gov.co\/colombia\/\",\"name\":\"Fiscal\u00eda General de la Naci\u00f3n\",\"description\":\"P\u00e1gina oficial de la Fiscal\u00eda General de la Naci\u00f3n \u2013 Colombia. Garantizamos el acceso efectivo a la justicia, la verdad y la reparaci\u00f3n de las v\u00edctimas de los delitos.\",\"publisher\":{\"@id\":\"https:\/\/www.fiscalia.gov.co\/colombia\/#organization\"},\"potentialAction\":[{\"@type\":\"SearchAction\",\"target\":{\"@type\":\"EntryPoint\",\"urlTemplate\":\"https:\/\/www.fiscalia.gov.co\/colombia\/?s={search_term_string}\"},\"query-input\":{\"@type\":\"PropertyValueSpecification\",\"valueRequired\":true,\"valueName\":\"search_term_string\"}}],\"inLanguage\":\"es-CO\"},{\"@type\":\"Organization\",\"@id\":\"https:\/\/www.fiscalia.gov.co\/colombia\/#organization\",\"name\":\"Fiscal\u00eda General de la Naci\u00f3n\",\"url\":\"https:\/\/www.fiscalia.gov.co\/colombia\/\",\"logo\":{\"@type\":\"ImageObject\",\"inLanguage\":\"es-CO\",\"@id\":\"https:\/\/www.fiscalia.gov.co\/colombia\/#\/schema\/logo\/image\/\",\"url\":\"https:\/\/www.fiscalia.gov.co\/colombia\/wp-content\/uploads\/LogoHorizontal_1.jpg\",\"contentUrl\":\"https:\/\/www.fiscalia.gov.co\/colombia\/wp-content\/uploads\/LogoHorizontal_1.jpg\",\"width\":300,\"height\":90,\"caption\":\"Fiscal\u00eda General de la Naci\u00f3n\"},\"image\":{\"@id\":\"https:\/\/www.fiscalia.gov.co\/colombia\/#\/schema\/logo\/image\/\"},\"sameAs\":[\"https:\/\/www.facebook.com\/FiscaliaCol\",\"https:\/\/x.com\/FiscaliaCol\",\"https:\/\/www.instagram.com\/fiscaliacol\",\"https:\/\/www.linkedin.com\/company\/fiscalia-general-de-la-naci-n\/\",\"https:\/\/youtube.com\/@fiscaliageneraldelanacion-4668?si=6nN79nyQICPU5iTh\"]},{\"@type\":\"Person\",\"@id\":\"https:\/\/www.fiscalia.gov.co\/colombia\/#\/schema\/person\/6be81acb78add0abcbda2c598c1d53e1\",\"name\":\"Lesly Katherine Segura Camargo.\",\"image\":{\"@type\":\"ImageObject\",\"inLanguage\":\"es-CO\",\"@id\":\"https:\/\/www.fiscalia.gov.co\/colombia\/#\/schema\/person\/image\/\",\"url\":\"https:\/\/secure.gravatar.com\/avatar\/1892091c53ef3b9c2fcb37ca6066e439?s=96&d=mm&r=g\",\"contentUrl\":\"https:\/\/secure.gravatar.com\/avatar\/1892091c53ef3b9c2fcb37ca6066e439?s=96&d=mm&r=g\",\"caption\":\"Lesly Katherine Segura Camargo.\"},\"url\":\"https:\/\/www.fiscalia.gov.co\/colombia\/author\/lesly-segura\/\"}]}<\/script>\n<!-- \/ Yoast SEO plugin. -->","yoast_head_json":{"title":"Fiscal\u00eda General de la Naci\u00f3n","description":"P\u00e1gina oficial de la Fiscal\u00eda General de la Naci\u00f3n \u2013 Colombia. Garantizamos el acceso efectivo a la justicia, la verdad y la reparaci\u00f3n de las v\u00edctimas de los delitos.","robots":{"index":"noindex","follow":"follow"},"og_locale":"es_ES","og_type":"article","og_title":"Fiscal\u00eda General de la Naci\u00f3n","og_description":"P\u00e1gina oficial de la Fiscal\u00eda General de la Naci\u00f3n \u2013 Colombia. Garantizamos el acceso efectivo a la justicia, la verdad y la reparaci\u00f3n de las v\u00edctimas de los delitos.","og_url":"https:\/\/www.fiscalia.gov.co\/colombia\/noticias\/condenado-alias-cobra-un-exjefe-paramilitar-que-participo-en-la-muerte-de-ocho-personas-en-las-denominadas-masacres-de-san-jose-de-apartado-y-la-resbalosa\/","og_site_name":"Fiscal\u00eda General de la Naci\u00f3n","article_publisher":"https:\/\/www.facebook.com\/FiscaliaCol","article_published_time":"2023-11-07T13:27:10+00:00","article_modified_time":"2023-11-15T19:45:32+00:00","og_image":[{"width":1280,"height":720,"url":"https:\/\/www.fiscalia.gov.co\/colombia\/wp-content\/uploads\/maxresdefault-1276.jpg","type":"image\/jpeg"}],"author":"Lesly Katherine Segura Camargo.","twitter_card":"summary_large_image","twitter_creator":"@FiscaliaCol","twitter_site":"@FiscaliaCol","twitter_misc":{"Escrito por":"Lesly Katherine Segura Camargo.","Tiempo de lectura":"2 minutos"},"schema":{"@context":"https:\/\/schema.org","@graph":[{"@type":"Article","@id":"https:\/\/www.fiscalia.gov.co\/colombia\/noticias\/condenado-alias-cobra-un-exjefe-paramilitar-que-participo-en-la-muerte-de-ocho-personas-en-las-denominadas-masacres-de-san-jose-de-apartado-y-la-resbalosa\/#article","isPartOf":{"@id":"https:\/\/www.fiscalia.gov.co\/colombia\/noticias\/condenado-alias-cobra-un-exjefe-paramilitar-que-participo-en-la-muerte-de-ocho-personas-en-las-denominadas-masacres-de-san-jose-de-apartado-y-la-resbalosa\/"},"author":{"name":"Lesly Katherine Segura Camargo.","@id":"https:\/\/www.fiscalia.gov.co\/colombia\/#\/schema\/person\/6be81acb78add0abcbda2c598c1d53e1"},"headline":"Condenado alias Cobra, un exjefe paramilitar que particip\u00f3 en la muerte de ocho personas en las denominadas masacres de San Jos\u00e9 de Apartad\u00f3 y La Resbalosa","datePublished":"2023-11-07T13:27:10+00:00","dateModified":"2023-11-15T19:45:32+00:00","mainEntityOfPage":{"@id":"https:\/\/www.fiscalia.gov.co\/colombia\/noticias\/condenado-alias-cobra-un-exjefe-paramilitar-que-participo-en-la-muerte-de-ocho-personas-en-las-denominadas-masacres-de-san-jose-de-apartado-y-la-resbalosa\/"},"wordCount":502,"publisher":{"@id":"https:\/\/www.fiscalia.gov.co\/colombia\/#organization"},"image":{"@id":"https:\/\/www.fiscalia.gov.co\/colombia\/noticias\/condenado-alias-cobra-un-exjefe-paramilitar-que-participo-en-la-muerte-de-ocho-personas-en-las-denominadas-masacres-de-san-jose-de-apartado-y-la-resbalosa\/#primaryimage"},"thumbnailUrl":"https:\/\/www.fiscalia.gov.co\/colombia\/wp-content\/uploads\/maxresdefault-1276.jpg","keywords":["alias Cobra","Fiscal Barbosa","Fiscal\u00eda General de la Naci\u00f3n","Hay Justicia","Paramilitarismo"],"articleSection":["Hay Justicia","Noticias"],"inLanguage":"es-CO"},{"@type":"WebPage","@id":"https:\/\/www.fiscalia.gov.co\/colombia\/noticias\/condenado-alias-cobra-un-exjefe-paramilitar-que-participo-en-la-muerte-de-ocho-personas-en-las-denominadas-masacres-de-san-jose-de-apartado-y-la-resbalosa\/","url":"https:\/\/www.fiscalia.gov.co\/colombia\/noticias\/condenado-alias-cobra-un-exjefe-paramilitar-que-participo-en-la-muerte-de-ocho-personas-en-las-denominadas-masacres-de-san-jose-de-apartado-y-la-resbalosa\/","name":"Fiscal\u00eda General de la Naci\u00f3n","isPartOf":{"@id":"https:\/\/www.fiscalia.gov.co\/colombia\/#website"},"primaryImageOfPage":{"@id":"https:\/\/www.fiscalia.gov.co\/colombia\/noticias\/condenado-alias-cobra-un-exjefe-paramilitar-que-participo-en-la-muerte-de-ocho-personas-en-las-denominadas-masacres-de-san-jose-de-apartado-y-la-resbalosa\/#primaryimage"},"image":{"@id":"https:\/\/www.fiscalia.gov.co\/colombia\/noticias\/condenado-alias-cobra-un-exjefe-paramilitar-que-participo-en-la-muerte-de-ocho-personas-en-las-denominadas-masacres-de-san-jose-de-apartado-y-la-resbalosa\/#primaryimage"},"thumbnailUrl":"https:\/\/www.fiscalia.gov.co\/colombia\/wp-content\/uploads\/maxresdefault-1276.jpg","datePublished":"2023-11-07T13:27:10+00:00","dateModified":"2023-11-15T19:45:32+00:00","description":"P\u00e1gina oficial de la Fiscal\u00eda General de la Naci\u00f3n \u2013 Colombia. Garantizamos el acceso efectivo a la justicia, la verdad y la reparaci\u00f3n de las v\u00edctimas de los delitos.","breadcrumb":{"@id":"https:\/\/www.fiscalia.gov.co\/colombia\/noticias\/condenado-alias-cobra-un-exjefe-paramilitar-que-participo-en-la-muerte-de-ocho-personas-en-las-denominadas-masacres-de-san-jose-de-apartado-y-la-resbalosa\/#breadcrumb"},"inLanguage":"es-CO","potentialAction":[{"@type":"ReadAction","target":["https:\/\/www.fiscalia.gov.co\/colombia\/noticias\/condenado-alias-cobra-un-exjefe-paramilitar-que-participo-en-la-muerte-de-ocho-personas-en-las-denominadas-masacres-de-san-jose-de-apartado-y-la-resbalosa\/"]}]},{"@type":"ImageObject","inLanguage":"es-CO","@id":"https:\/\/www.fiscalia.gov.co\/colombia\/noticias\/condenado-alias-cobra-un-exjefe-paramilitar-que-participo-en-la-muerte-de-ocho-personas-en-las-denominadas-masacres-de-san-jose-de-apartado-y-la-resbalosa\/#primaryimage","url":"https:\/\/www.fiscalia.gov.co\/colombia\/wp-content\/uploads\/maxresdefault-1276.jpg","contentUrl":"https:\/\/www.fiscalia.gov.co\/colombia\/wp-content\/uploads\/maxresdefault-1276.jpg","width":1280,"height":720},{"@type":"BreadcrumbList","@id":"https:\/\/www.fiscalia.gov.co\/colombia\/noticias\/condenado-alias-cobra-un-exjefe-paramilitar-que-participo-en-la-muerte-de-ocho-personas-en-las-denominadas-masacres-de-san-jose-de-apartado-y-la-resbalosa\/#breadcrumb","itemListElement":[{"@type":"ListItem","position":1,"name":"Home","item":"https:\/\/www.fiscalia.gov.co\/colombia\/"},{"@type":"ListItem","position":2,"name":"Condenado alias Cobra, un exjefe paramilitar que particip\u00f3 en la muerte de ocho personas en las denominadas masacres de San Jos\u00e9 de Apartad\u00f3 y La Resbalosa"}]},{"@type":"WebSite","@id":"https:\/\/www.fiscalia.gov.co\/colombia\/#website","url":"https:\/\/www.fiscalia.gov.co\/colombia\/","name":"Fiscal\u00eda General de la Naci\u00f3n","description":"P\u00e1gina oficial de la Fiscal\u00eda General de la Naci\u00f3n \u2013 Colombia. Garantizamos el acceso efectivo a la justicia, la verdad y la reparaci\u00f3n de las v\u00edctimas de los delitos.","publisher":{"@id":"https:\/\/www.fiscalia.gov.co\/colombia\/#organization"},"potentialAction":[{"@type":"SearchAction","target":{"@type":"EntryPoint","urlTemplate":"https:\/\/www.fiscalia.gov.co\/colombia\/?s={search_term_string}"},"query-input":{"@type":"PropertyValueSpecification","valueRequired":true,"valueName":"search_term_string"}}],"inLanguage":"es-CO"},{"@type":"Organization","@id":"https:\/\/www.fiscalia.gov.co\/colombia\/#organization","name":"Fiscal\u00eda General de la Naci\u00f3n","url":"https:\/\/www.fiscalia.gov.co\/colombia\/","logo":{"@type":"ImageObject","inLanguage":"es-CO","@id":"https:\/\/www.fiscalia.gov.co\/colombia\/#\/schema\/logo\/image\/","url":"https:\/\/www.fiscalia.gov.co\/colombia\/wp-content\/uploads\/LogoHorizontal_1.jpg","contentUrl":"https:\/\/www.fiscalia.gov.co\/colombia\/wp-content\/uploads\/LogoHorizontal_1.jpg","width":300,"height":90,"caption":"Fiscal\u00eda General de la Naci\u00f3n"},"image":{"@id":"https:\/\/www.fiscalia.gov.co\/colombia\/#\/schema\/logo\/image\/"},"sameAs":["https:\/\/www.facebook.com\/FiscaliaCol","https:\/\/x.com\/FiscaliaCol","https:\/\/www.instagram.com\/fiscaliacol","https:\/\/www.linkedin.com\/company\/fiscalia-general-de-la-naci-n\/","https:\/\/youtube.com\/@fiscaliageneraldelanacion-4668?si=6nN79nyQICPU5iTh"]},{"@type":"Person","@id":"https:\/\/www.fiscalia.gov.co\/colombia\/#\/schema\/person\/6be81acb78add0abcbda2c598c1d53e1","name":"Lesly Katherine Segura Camargo.","image":{"@type":"ImageObject","inLanguage":"es-CO","@id":"https:\/\/www.fiscalia.gov.co\/colombia\/#\/schema\/person\/image\/","url":"https:\/\/secure.gravatar.com\/avatar\/1892091c53ef3b9c2fcb37ca6066e439?s=96&d=mm&r=g","contentUrl":"https:\/\/secure.gravatar.com\/avatar\/1892091c53ef3b9c2fcb37ca6066e439?s=96&d=mm&r=g","caption":"Lesly Katherine Segura Camargo."},"url":"https:\/\/www.fiscalia.gov.co\/colombia\/author\/lesly-segura\/"}]}},"_links":{"self":[{"href":"https:\/\/www.fiscalia.gov.co\/colombia\/wp-json\/wp\/v2\/posts\/282832","targetHints":{"allow":["GET"]}}],"collection":[{"href":"https:\/\/www.fiscalia.gov.co\/colombia\/wp-json\/wp\/v2\/posts"}],"about":[{"href":"https:\/\/www.fiscalia.gov.co\/colombia\/wp-json\/wp\/v2\/types\/post"}],"author":[{"embeddable":true,"href":"https:\/\/www.fiscalia.gov.co\/colombia\/wp-json\/wp\/v2\/users\/179"}],"replies":[{"embeddable":true,"href":"https:\/\/www.fiscalia.gov.co\/colombia\/wp-json\/wp\/v2\/comments?post=282832"}],"version-history":[{"count":1,"href":"https:\/\/www.fiscalia.gov.co\/colombia\/wp-json\/wp\/v2\/posts\/282832\/revisions"}],"predecessor-version":[{"id":282833,"href":"https:\/\/www.fiscalia.gov.co\/colombia\/wp-json\/wp\/v2\/posts\/282832\/revisions\/282833"}],"wp:featuredmedia":[{"embeddable":true,"href":"https:\/\/www.fiscalia.gov.co\/colombia\/wp-json\/wp\/v2\/media\/283382"}],"wp:attachment":[{"href":"https:\/\/www.fiscalia.gov.co\/colombia\/wp-json\/wp\/v2\/media?parent=282832"}],"wp:term":[{"taxonomy":"category","embeddable":true,"href":"https:\/\/www.fiscalia.gov.co\/colombia\/wp-json\/wp\/v2\/categories?post=282832"},{"taxonomy":"post_tag","embeddable":true,"href":"https:\/\/www.fiscalia.gov.co\/colombia\/wp-json\/wp\/v2\/tags?post=282832"}],"curies":[{"name":"wp","href":"https:\/\/api.w.org\/{rel}","templated":true}]}}