{"id":282606,"date":"2023-11-01T12:13:57","date_gmt":"2023-11-01T17:13:57","guid":{"rendered":"https:\/\/www.fiscalia.gov.co\/colombia\/?p=282606"},"modified":"2023-11-01T12:13:57","modified_gmt":"2023-11-01T17:13:57","slug":"fiscalia-logro-dos-condenas-por-delitos-sexuales-y-trafico-de-estupefacientes-en-mitu-vaupes-e-inirida-guainia","status":"publish","type":"post","link":"https:\/\/www.fiscalia.gov.co\/colombia\/noticias\/fiscalia-logro-dos-condenas-por-delitos-sexuales-y-trafico-de-estupefacientes-en-mitu-vaupes-e-inirida-guainia\/","title":{"rendered":"Fiscal\u00eda logr\u00f3 dos condenas por delitos sexuales y tr\u00e1fico de estupefacientes en Mit\u00fa (Vaup\u00e9s) e In\u00edrida (Guain\u00eda)"},"content":{"rendered":"<div>\n<p>Fiscales adscritos a la Seccional Guain\u00eda \u2013 Vaup\u00e9s lograron en dos casos aislados, que jueces de conocimiento condenaran a dos personas como responsables de cometer delitos de tipo sexual y\u00a0 tr\u00e1fico de estupefacientes, respectivamente.<\/p>\n<p><b><u>Tras ser agredida sexualmente una\u00a0 menor qued\u00f3 embarazada<\/u><\/b><\/p>\n<p>Rudyson Palma Dosantosfue condenado por un juez del circuito judicial de Mit\u00fa (Vaup\u00e9s) a 17 a\u00f1os de prisi\u00f3n,\u00a0 por\u00a0el delito de\u00a0acceso\u00a0carnal violento agravado.<\/p>\n<p>Los eventos investigados ocurrieron el 9 de julio de 2017 cuando la v\u00edctima, una menor de 13 a\u00f1os para la \u00e9poca de los hechos, luego de salir de su colegio ubicado en la comunidad ind\u00edgena Santa Teresita, fue abordada por el hoy condenado.<\/p>\n<p>Posteriormente, el hombre la golpe\u00f3, le tap\u00f3 la boca para evitar que pidiera ayuda y la arrastr\u00f3 hasta un matorral donde la despoj\u00f3 de sus ropas y la abus\u00f3 sexualmente.\u00a0 Tras la agresi\u00f3n la menor qued\u00f3 embarazada.<\/p>\n<p>El juez libr\u00f3 orden de captura contra Palma Dosantos para que cumpla la condena en una c\u00e1rcel.<\/p>\n<p><b><u>Condenado por ofrecerle drogas a un militar.\u00a0<\/u><\/b><\/p>\n<p>Franklin Jes\u00fas Mirelesfue hallado responsable del delito de\u00a0tr\u00e1fico\u00a0fabricaci\u00f3n o porte de estupefacientes, por lo que, a petici\u00f3n de la Fiscal\u00eda, fue condenado a 4 a\u00f1os de prisi\u00f3n.<\/p>\n<p>La contundencia de los elementos materiales probatorios aportados, fueron decisivos para que el hoy condenado no tuviera otra opci\u00f3n que aceptar su responsabilidad en la comisi\u00f3n del delito.<\/p>\n<p>El caso se present\u00f3 el 15 de enero de este a\u00f1o cuando Mireles, de nacionalidad extranjera, le ofreci\u00f3 sustancias estupefacientes a un militar que de inmediato se dio aviso a la polic\u00eda que procedi\u00f3 a capturarlo en flagrancia.<\/p>\n<p>En las diligencias de registro le fueron hallados 642 gramos de\u00a0coca\u00edna.<\/p>\n<p>La condena carcelaria qued\u00f3 en firme y como pena accesoria le fue impuesta la\u00a0inhabilidad para el ejercicio de derechos y funciones p\u00fablicas por un tiempo igual a la pena principal.<\/p>\n<p>Esta informaci\u00f3n se publica por razones de inter\u00e9s general.<\/p>\n<p><b><u>La Fiscal\u00eda habla con resultados.<\/u><\/b><\/p>\n<p>&nbsp;<\/p>\n<p>LAZL\/CFG\/LFRR\/DSGV\/<\/p>\n<p>&nbsp;<\/p>\n<p>&nbsp;<\/p>\n<p align=\"center\">\n<p>&nbsp;<\/p>\n<\/div>\n<div>\n<div id=\"m_-5010436685630008940m_-6415281128869866566Signature\">\n<div>\n<div><\/div>\n<\/div>\n<\/div>\n<\/div>\n<div id=\"m_-5010436685630008940m_-6415281128869866566appendonsend\"><\/div>\n<div id=\"m_-5010436685630008940m_-6415281128869866566divRplyFwdMsg\" dir=\"ltr\"><\/div>\n<div>\n<div dir=\"auto\">\n<div dir=\"auto\">\n<div dir=\"ltr\">\n<div>\n<p>Le puede interesar:<\/p>\n<p>&nbsp;<\/p>\n<p><a id=\"m_-5010436685630008940m_-6415281128869866566x_m_7103244131352434366OWAa42590e1-fb67-bb91-0201-a97f67111c4d\" href=\"https:\/\/www.fiscalia.gov.co\/colombia\/noticias\/a-la-carcel-un-hombre-procesado-por-acceso-carnal-violento-contra-una-mujer-en-unos-manglares-en-tumaco\/\" target=\"_blank\" rel=\"noopener noreferrer\" data-saferedirecturl=\"https:\/\/www.google.com\/url?q=https:\/\/www.fiscalia.gov.co\/colombia\/noticias\/a-la-carcel-un-hombre-procesado-por-acceso-carnal-violento-contra-una-mujer-en-unos-manglares-en-tumaco\/&amp;source=gmail&amp;ust=1698945037683000&amp;usg=AOvVaw3qnYmLbvJtmLQ-o-DIi6z4\">https:\/\/www.fiscalia.gov.co\/<wbr \/>colombia\/noticias\/a-la-carcel-<wbr \/>un-hombre-procesado-por-<wbr \/>acceso-carnal-violento-contra-<wbr \/>una-mujer-en-unos-manglares-<wbr \/>en-tumaco\/<\/a><\/p>\n<p>&nbsp;<\/p>\n<p><a id=\"m_-5010436685630008940m_-6415281128869866566x_m_7103244131352434366OWA1c7dc426-e50e-bd58-e57e-603a47e6b962\" href=\"https:\/\/www.fiscalia.gov.co\/colombia\/noticias\/dos-hombres-fueron-enviados-a-la-carcel-por-acceso-carnal-violento-y-actos-sexuales-con-dos-menores-de-14-anos\/\" target=\"_blank\" rel=\"noopener noreferrer\" data-saferedirecturl=\"https:\/\/www.google.com\/url?q=https:\/\/www.fiscalia.gov.co\/colombia\/noticias\/dos-hombres-fueron-enviados-a-la-carcel-por-acceso-carnal-violento-y-actos-sexuales-con-dos-menores-de-14-anos\/&amp;source=gmail&amp;ust=1698945037683000&amp;usg=AOvVaw3Kje0ucmBTwQZllLgyE5l2\">https:\/\/www.fiscalia.gov.co\/<wbr \/>colombia\/noticias\/dos-hombres-<wbr \/>fueron-enviados-a-la-carcel-<wbr \/>por-acceso-carnal-violento-y-<wbr \/>actos-sexuales-con-dos-<wbr \/>menores-de-14-anos\/<\/a><\/p>\n<p>&nbsp;<\/p>\n<p><a id=\"m_-5010436685630008940m_-6415281128869866566x_m_7103244131352434366OWA28189ceb-7e78-36e9-9a61-8cdefa583daa\" href=\"https:\/\/www.fiscalia.gov.co\/colombia\/noticias\/por-trafico-de-estupefacientes-fueron-enviados-a-la-carcel-tres-hombres-en-puerto-boyaca\/\" target=\"_blank\" rel=\"noopener noreferrer\" data-saferedirecturl=\"https:\/\/www.google.com\/url?q=https:\/\/www.fiscalia.gov.co\/colombia\/noticias\/por-trafico-de-estupefacientes-fueron-enviados-a-la-carcel-tres-hombres-en-puerto-boyaca\/&amp;source=gmail&amp;ust=1698945037683000&amp;usg=AOvVaw37v_ulJQW8HOOi25YvyUt_\">https:\/\/www.fiscalia.gov.co\/<wbr \/>colombia\/noticias\/por-trafico-<wbr \/>de-estupefacientes-fueron-<wbr \/>enviados-a-la-carcel-tres-<wbr \/>hombres-en-puerto-boyaca\/<\/a><\/p>\n<p>&nbsp;<\/p>\n<p><u><a id=\"m_-5010436685630008940m_-6415281128869866566x_m_7103244131352434366OWAd66437dc-07e3-6cb9-fdbd-709fd954ea3d\" href=\"https:\/\/www.fiscalia.gov.co\/colombia\/noticias\/fiscalia-impacta-los-malportados-presuntos-responsables-de-sicariato-y-trafico-de-estupefacientes\/\" target=\"_blank\" rel=\"noopener noreferrer\" data-saferedirecturl=\"https:\/\/www.google.com\/url?q=https:\/\/www.fiscalia.gov.co\/colombia\/noticias\/fiscalia-impacta-los-malportados-presuntos-responsables-de-sicariato-y-trafico-de-estupefacientes\/&amp;source=gmail&amp;ust=1698945037683000&amp;usg=AOvVaw1eGHWhPqG8crPTtdn67gXr\">https:\/\/www.fiscalia.gov.co\/<wbr \/>colombia\/noticias\/fiscalia-<wbr \/>impacta-los-malportados-<wbr \/>presuntos-responsables-de-<wbr \/>sicariato-y-trafico-de-<wbr \/>estupefacientes\/<\/a><\/u><\/p>\n<\/div>\n<\/div>\n<\/div>\n<p><em>La informaci\u00f3n contenida en este bolet\u00edn de prensa corresponde a la narraci\u00f3n de los hechos noticiosos objetivos, suministrados por los funcionarios encargados de adelantar las investigaciones penales al interior de la Fiscal\u00eda General de la Naci\u00f3n. Para el momento de la divulgaci\u00f3n de este comunicado, la situaci\u00f3n jur\u00eddica de la(s) persona(s) relacionada(s) se encuentra pendiente de resolver por la autoridad\u00a0judicial competente, siempre bajo los preceptos de la presunci\u00f3n de inocencia, consagrados en el art\u00edculo 29 de la Constituci\u00f3n Pol\u00edtica y el art\u00edculo 7\u00ba de la Ley 906 de 2004.\u00a0<\/em><\/p>\n<\/div>\n<\/div>\n\n<div class=\"twitter-share\"><a href=\"https:\/\/twitter.com\/intent\/tweet?via=fiscaliacol\" class=\"twitter-share-button\">Tweet<\/a><\/div>\n","protected":false},"excerpt":{"rendered":"<p>Fiscales adscritos a la Seccional Guain\u00eda \u2013 Vaup\u00e9s lograron en dos casos aislados, que jueces de conocimiento condenaran a dos personas como responsables de cometer delitos de tipo sexual y\u00a0 tr\u00e1fico de estupefacientes, respectivamente. Tras ser agredida sexualmente una\u00a0 menor qued\u00f3 embarazada Rudyson Palma Dosantosfue condenado por un juez del circuito judicial de Mit\u00fa (Vaup\u00e9s) [&hellip;]<\/p>\n","protected":false},"author":178,"featured_media":0,"comment_status":"closed","ping_status":"open","sticky":false,"template":"","format":"standard","meta":{"_price":"","_stock":"","_tribe_ticket_header":"","_tribe_default_ticket_provider":"","_tribe_ticket_capacity":"0","_ticket_start_date":"","_ticket_end_date":"","_tribe_ticket_show_description":"","_tribe_ticket_show_not_going":false,"_tribe_ticket_use_global_stock":"","_tribe_ticket_global_stock_level":"","_global_stock_mode":"","_global_stock_cap":"","_tribe_rsvp_for_event":"","_tribe_ticket_going_count":"","_tribe_ticket_not_going_count":"","_tribe_tickets_list":"[]","_tribe_ticket_has_attendee_info_fields":false,"tdm_status":"","tdm_grid_status":"","footnotes":""},"categories":[24174,1],"tags":[11535,924,1047,31740,1185,7358],"class_list":{"0":"post-282606","1":"post","2":"type-post","3":"status-publish","4":"format-standard","6":"category-hay-justicia","7":"category-noticias","8":"tag-acceso-carnal-violento-agravado","9":"tag-captura","10":"tag-fiscalia-general-de-la-nacion","11":"tag-inirida-guainia","12":"tag-medida-de-aseguramiento","13":"tag-trafico-fabricacion-o-porte-de-estupefacientes"},"yoast_head":"<!-- This site is optimized with the Yoast SEO plugin v24.3 - https:\/\/yoast.com\/wordpress\/plugins\/seo\/ -->\n<title>Fiscal\u00eda General de la Naci\u00f3n<\/title>\n<meta name=\"description\" content=\"P\u00e1gina oficial de la Fiscal\u00eda General de la Naci\u00f3n \u2013 Colombia. Garantizamos el acceso efectivo a la justicia, la verdad y la reparaci\u00f3n de las v\u00edctimas de los delitos.\" \/>\n<meta name=\"robots\" content=\"noindex, follow\" \/>\n<meta property=\"og:locale\" content=\"es_ES\" \/>\n<meta property=\"og:type\" content=\"article\" \/>\n<meta property=\"og:title\" content=\"Fiscal\u00eda General de la Naci\u00f3n\" \/>\n<meta property=\"og:description\" content=\"P\u00e1gina oficial de la Fiscal\u00eda General de la Naci\u00f3n \u2013 Colombia. Garantizamos el acceso efectivo a la justicia, la verdad y la reparaci\u00f3n de las v\u00edctimas de los delitos.\" \/>\n<meta property=\"og:url\" content=\"https:\/\/www.fiscalia.gov.co\/colombia\/noticias\/fiscalia-logro-dos-condenas-por-delitos-sexuales-y-trafico-de-estupefacientes-en-mitu-vaupes-e-inirida-guainia\/\" \/>\n<meta property=\"og:site_name\" content=\"Fiscal\u00eda General de la Naci\u00f3n\" \/>\n<meta property=\"article:publisher\" content=\"https:\/\/www.facebook.com\/FiscaliaCol\" \/>\n<meta property=\"article:published_time\" content=\"2023-11-01T17:13:57+00:00\" \/>\n<meta name=\"author\" content=\"Winnie Geraldine Rodr\u00edguez Navarrete\" \/>\n<meta name=\"twitter:card\" content=\"summary_large_image\" \/>\n<meta name=\"twitter:creator\" content=\"@FiscaliaCol\" \/>\n<meta name=\"twitter:site\" content=\"@FiscaliaCol\" \/>\n<meta name=\"twitter:label1\" content=\"Escrito por\" \/>\n\t<meta name=\"twitter:data1\" content=\"Winnie Geraldine Rodr\u00edguez Navarrete\" \/>\n\t<meta name=\"twitter:label2\" content=\"Tiempo de lectura\" \/>\n\t<meta name=\"twitter:data2\" content=\"3 minutos\" \/>\n<script type=\"application\/ld+json\" class=\"yoast-schema-graph\">{\"@context\":\"https:\/\/schema.org\",\"@graph\":[{\"@type\":\"Article\",\"@id\":\"https:\/\/www.fiscalia.gov.co\/colombia\/noticias\/fiscalia-logro-dos-condenas-por-delitos-sexuales-y-trafico-de-estupefacientes-en-mitu-vaupes-e-inirida-guainia\/#article\",\"isPartOf\":{\"@id\":\"https:\/\/www.fiscalia.gov.co\/colombia\/noticias\/fiscalia-logro-dos-condenas-por-delitos-sexuales-y-trafico-de-estupefacientes-en-mitu-vaupes-e-inirida-guainia\/\"},\"author\":{\"name\":\"Winnie Geraldine Rodr\u00edguez Navarrete\",\"@id\":\"https:\/\/www.fiscalia.gov.co\/colombia\/#\/schema\/person\/176195b99ebab0a52aafa15197e1bf80\"},\"headline\":\"Fiscal\u00eda logr\u00f3 dos condenas por delitos sexuales y tr\u00e1fico de estupefacientes en Mit\u00fa (Vaup\u00e9s) e In\u00edrida (Guain\u00eda)\",\"datePublished\":\"2023-11-01T17:13:57+00:00\",\"dateModified\":\"2023-11-01T17:13:57+00:00\",\"mainEntityOfPage\":{\"@id\":\"https:\/\/www.fiscalia.gov.co\/colombia\/noticias\/fiscalia-logro-dos-condenas-por-delitos-sexuales-y-trafico-de-estupefacientes-en-mitu-vaupes-e-inirida-guainia\/\"},\"wordCount\":515,\"publisher\":{\"@id\":\"https:\/\/www.fiscalia.gov.co\/colombia\/#organization\"},\"keywords\":[\"acceso carnal violento agravado\",\"Captura\",\"Fiscal\u00eda General de la Naci\u00f3n\",\"In\u00edrida (Guain\u00eda)\",\"Medida de aseguramiento\",\"Tr\u00e1fico fabricaci\u00f3n o porte de estupefacientes\"],\"articleSection\":[\"Hay Justicia\",\"Noticias\"],\"inLanguage\":\"es-CO\"},{\"@type\":\"WebPage\",\"@id\":\"https:\/\/www.fiscalia.gov.co\/colombia\/noticias\/fiscalia-logro-dos-condenas-por-delitos-sexuales-y-trafico-de-estupefacientes-en-mitu-vaupes-e-inirida-guainia\/\",\"url\":\"https:\/\/www.fiscalia.gov.co\/colombia\/noticias\/fiscalia-logro-dos-condenas-por-delitos-sexuales-y-trafico-de-estupefacientes-en-mitu-vaupes-e-inirida-guainia\/\",\"name\":\"Fiscal\u00eda General de la Naci\u00f3n\",\"isPartOf\":{\"@id\":\"https:\/\/www.fiscalia.gov.co\/colombia\/#website\"},\"datePublished\":\"2023-11-01T17:13:57+00:00\",\"dateModified\":\"2023-11-01T17:13:57+00:00\",\"description\":\"P\u00e1gina oficial de la Fiscal\u00eda General de la Naci\u00f3n \u2013 Colombia. Garantizamos el acceso efectivo a la justicia, la verdad y la reparaci\u00f3n de las v\u00edctimas de los delitos.\",\"breadcrumb\":{\"@id\":\"https:\/\/www.fiscalia.gov.co\/colombia\/noticias\/fiscalia-logro-dos-condenas-por-delitos-sexuales-y-trafico-de-estupefacientes-en-mitu-vaupes-e-inirida-guainia\/#breadcrumb\"},\"inLanguage\":\"es-CO\",\"potentialAction\":[{\"@type\":\"ReadAction\",\"target\":[\"https:\/\/www.fiscalia.gov.co\/colombia\/noticias\/fiscalia-logro-dos-condenas-por-delitos-sexuales-y-trafico-de-estupefacientes-en-mitu-vaupes-e-inirida-guainia\/\"]}]},{\"@type\":\"BreadcrumbList\",\"@id\":\"https:\/\/www.fiscalia.gov.co\/colombia\/noticias\/fiscalia-logro-dos-condenas-por-delitos-sexuales-y-trafico-de-estupefacientes-en-mitu-vaupes-e-inirida-guainia\/#breadcrumb\",\"itemListElement\":[{\"@type\":\"ListItem\",\"position\":1,\"name\":\"Home\",\"item\":\"https:\/\/www.fiscalia.gov.co\/colombia\/\"},{\"@type\":\"ListItem\",\"position\":2,\"name\":\"Fiscal\u00eda logr\u00f3 dos condenas por delitos sexuales y tr\u00e1fico de estupefacientes en Mit\u00fa (Vaup\u00e9s) e In\u00edrida (Guain\u00eda)\"}]},{\"@type\":\"WebSite\",\"@id\":\"https:\/\/www.fiscalia.gov.co\/colombia\/#website\",\"url\":\"https:\/\/www.fiscalia.gov.co\/colombia\/\",\"name\":\"Fiscal\u00eda General de la Naci\u00f3n\",\"description\":\"P\u00e1gina oficial de la Fiscal\u00eda General de la Naci\u00f3n \u2013 Colombia. Garantizamos el acceso efectivo a la justicia, la verdad y la reparaci\u00f3n de las v\u00edctimas de los delitos.\",\"publisher\":{\"@id\":\"https:\/\/www.fiscalia.gov.co\/colombia\/#organization\"},\"potentialAction\":[{\"@type\":\"SearchAction\",\"target\":{\"@type\":\"EntryPoint\",\"urlTemplate\":\"https:\/\/www.fiscalia.gov.co\/colombia\/?s={search_term_string}\"},\"query-input\":{\"@type\":\"PropertyValueSpecification\",\"valueRequired\":true,\"valueName\":\"search_term_string\"}}],\"inLanguage\":\"es-CO\"},{\"@type\":\"Organization\",\"@id\":\"https:\/\/www.fiscalia.gov.co\/colombia\/#organization\",\"name\":\"Fiscal\u00eda General de la Naci\u00f3n\",\"url\":\"https:\/\/www.fiscalia.gov.co\/colombia\/\",\"logo\":{\"@type\":\"ImageObject\",\"inLanguage\":\"es-CO\",\"@id\":\"https:\/\/www.fiscalia.gov.co\/colombia\/#\/schema\/logo\/image\/\",\"url\":\"https:\/\/www.fiscalia.gov.co\/colombia\/wp-content\/uploads\/LogoHorizontal_1.jpg\",\"contentUrl\":\"https:\/\/www.fiscalia.gov.co\/colombia\/wp-content\/uploads\/LogoHorizontal_1.jpg\",\"width\":300,\"height\":90,\"caption\":\"Fiscal\u00eda General de la Naci\u00f3n\"},\"image\":{\"@id\":\"https:\/\/www.fiscalia.gov.co\/colombia\/#\/schema\/logo\/image\/\"},\"sameAs\":[\"https:\/\/www.facebook.com\/FiscaliaCol\",\"https:\/\/x.com\/FiscaliaCol\",\"https:\/\/www.instagram.com\/fiscaliacol\",\"https:\/\/www.linkedin.com\/company\/fiscalia-general-de-la-naci-n\/\",\"https:\/\/youtube.com\/@fiscaliageneraldelanacion-4668?si=6nN79nyQICPU5iTh\"]},{\"@type\":\"Person\",\"@id\":\"https:\/\/www.fiscalia.gov.co\/colombia\/#\/schema\/person\/176195b99ebab0a52aafa15197e1bf80\",\"name\":\"Winnie Geraldine Rodr\u00edguez Navarrete\",\"image\":{\"@type\":\"ImageObject\",\"inLanguage\":\"es-CO\",\"@id\":\"https:\/\/www.fiscalia.gov.co\/colombia\/#\/schema\/person\/image\/\",\"url\":\"https:\/\/secure.gravatar.com\/avatar\/c24cf8481dc84fa5e8c7b20bc95ab0c6?s=96&d=mm&r=g\",\"contentUrl\":\"https:\/\/secure.gravatar.com\/avatar\/c24cf8481dc84fa5e8c7b20bc95ab0c6?s=96&d=mm&r=g\",\"caption\":\"Winnie Geraldine Rodr\u00edguez Navarrete\"},\"url\":\"https:\/\/www.fiscalia.gov.co\/colombia\/author\/winnierodriguez\/\"}]}<\/script>\n<!-- \/ Yoast SEO plugin. -->","yoast_head_json":{"title":"Fiscal\u00eda General de la Naci\u00f3n","description":"P\u00e1gina oficial de la Fiscal\u00eda General de la Naci\u00f3n \u2013 Colombia. Garantizamos el acceso efectivo a la justicia, la verdad y la reparaci\u00f3n de las v\u00edctimas de los delitos.","robots":{"index":"noindex","follow":"follow"},"og_locale":"es_ES","og_type":"article","og_title":"Fiscal\u00eda General de la Naci\u00f3n","og_description":"P\u00e1gina oficial de la Fiscal\u00eda General de la Naci\u00f3n \u2013 Colombia. Garantizamos el acceso efectivo a la justicia, la verdad y la reparaci\u00f3n de las v\u00edctimas de los delitos.","og_url":"https:\/\/www.fiscalia.gov.co\/colombia\/noticias\/fiscalia-logro-dos-condenas-por-delitos-sexuales-y-trafico-de-estupefacientes-en-mitu-vaupes-e-inirida-guainia\/","og_site_name":"Fiscal\u00eda General de la Naci\u00f3n","article_publisher":"https:\/\/www.facebook.com\/FiscaliaCol","article_published_time":"2023-11-01T17:13:57+00:00","author":"Winnie Geraldine Rodr\u00edguez Navarrete","twitter_card":"summary_large_image","twitter_creator":"@FiscaliaCol","twitter_site":"@FiscaliaCol","twitter_misc":{"Escrito por":"Winnie Geraldine Rodr\u00edguez Navarrete","Tiempo de lectura":"3 minutos"},"schema":{"@context":"https:\/\/schema.org","@graph":[{"@type":"Article","@id":"https:\/\/www.fiscalia.gov.co\/colombia\/noticias\/fiscalia-logro-dos-condenas-por-delitos-sexuales-y-trafico-de-estupefacientes-en-mitu-vaupes-e-inirida-guainia\/#article","isPartOf":{"@id":"https:\/\/www.fiscalia.gov.co\/colombia\/noticias\/fiscalia-logro-dos-condenas-por-delitos-sexuales-y-trafico-de-estupefacientes-en-mitu-vaupes-e-inirida-guainia\/"},"author":{"name":"Winnie Geraldine Rodr\u00edguez Navarrete","@id":"https:\/\/www.fiscalia.gov.co\/colombia\/#\/schema\/person\/176195b99ebab0a52aafa15197e1bf80"},"headline":"Fiscal\u00eda logr\u00f3 dos condenas por delitos sexuales y tr\u00e1fico de estupefacientes en Mit\u00fa (Vaup\u00e9s) e In\u00edrida (Guain\u00eda)","datePublished":"2023-11-01T17:13:57+00:00","dateModified":"2023-11-01T17:13:57+00:00","mainEntityOfPage":{"@id":"https:\/\/www.fiscalia.gov.co\/colombia\/noticias\/fiscalia-logro-dos-condenas-por-delitos-sexuales-y-trafico-de-estupefacientes-en-mitu-vaupes-e-inirida-guainia\/"},"wordCount":515,"publisher":{"@id":"https:\/\/www.fiscalia.gov.co\/colombia\/#organization"},"keywords":["acceso carnal violento agravado","Captura","Fiscal\u00eda General de la Naci\u00f3n","In\u00edrida (Guain\u00eda)","Medida de aseguramiento","Tr\u00e1fico fabricaci\u00f3n o porte de estupefacientes"],"articleSection":["Hay Justicia","Noticias"],"inLanguage":"es-CO"},{"@type":"WebPage","@id":"https:\/\/www.fiscalia.gov.co\/colombia\/noticias\/fiscalia-logro-dos-condenas-por-delitos-sexuales-y-trafico-de-estupefacientes-en-mitu-vaupes-e-inirida-guainia\/","url":"https:\/\/www.fiscalia.gov.co\/colombia\/noticias\/fiscalia-logro-dos-condenas-por-delitos-sexuales-y-trafico-de-estupefacientes-en-mitu-vaupes-e-inirida-guainia\/","name":"Fiscal\u00eda General de la Naci\u00f3n","isPartOf":{"@id":"https:\/\/www.fiscalia.gov.co\/colombia\/#website"},"datePublished":"2023-11-01T17:13:57+00:00","dateModified":"2023-11-01T17:13:57+00:00","description":"P\u00e1gina oficial de la Fiscal\u00eda General de la Naci\u00f3n \u2013 Colombia. Garantizamos el acceso efectivo a la justicia, la verdad y la reparaci\u00f3n de las v\u00edctimas de los delitos.","breadcrumb":{"@id":"https:\/\/www.fiscalia.gov.co\/colombia\/noticias\/fiscalia-logro-dos-condenas-por-delitos-sexuales-y-trafico-de-estupefacientes-en-mitu-vaupes-e-inirida-guainia\/#breadcrumb"},"inLanguage":"es-CO","potentialAction":[{"@type":"ReadAction","target":["https:\/\/www.fiscalia.gov.co\/colombia\/noticias\/fiscalia-logro-dos-condenas-por-delitos-sexuales-y-trafico-de-estupefacientes-en-mitu-vaupes-e-inirida-guainia\/"]}]},{"@type":"BreadcrumbList","@id":"https:\/\/www.fiscalia.gov.co\/colombia\/noticias\/fiscalia-logro-dos-condenas-por-delitos-sexuales-y-trafico-de-estupefacientes-en-mitu-vaupes-e-inirida-guainia\/#breadcrumb","itemListElement":[{"@type":"ListItem","position":1,"name":"Home","item":"https:\/\/www.fiscalia.gov.co\/colombia\/"},{"@type":"ListItem","position":2,"name":"Fiscal\u00eda logr\u00f3 dos condenas por delitos sexuales y tr\u00e1fico de estupefacientes en Mit\u00fa (Vaup\u00e9s) e In\u00edrida (Guain\u00eda)"}]},{"@type":"WebSite","@id":"https:\/\/www.fiscalia.gov.co\/colombia\/#website","url":"https:\/\/www.fiscalia.gov.co\/colombia\/","name":"Fiscal\u00eda General de la Naci\u00f3n","description":"P\u00e1gina oficial de la Fiscal\u00eda General de la Naci\u00f3n \u2013 Colombia. Garantizamos el acceso efectivo a la justicia, la verdad y la reparaci\u00f3n de las v\u00edctimas de los delitos.","publisher":{"@id":"https:\/\/www.fiscalia.gov.co\/colombia\/#organization"},"potentialAction":[{"@type":"SearchAction","target":{"@type":"EntryPoint","urlTemplate":"https:\/\/www.fiscalia.gov.co\/colombia\/?s={search_term_string}"},"query-input":{"@type":"PropertyValueSpecification","valueRequired":true,"valueName":"search_term_string"}}],"inLanguage":"es-CO"},{"@type":"Organization","@id":"https:\/\/www.fiscalia.gov.co\/colombia\/#organization","name":"Fiscal\u00eda General de la Naci\u00f3n","url":"https:\/\/www.fiscalia.gov.co\/colombia\/","logo":{"@type":"ImageObject","inLanguage":"es-CO","@id":"https:\/\/www.fiscalia.gov.co\/colombia\/#\/schema\/logo\/image\/","url":"https:\/\/www.fiscalia.gov.co\/colombia\/wp-content\/uploads\/LogoHorizontal_1.jpg","contentUrl":"https:\/\/www.fiscalia.gov.co\/colombia\/wp-content\/uploads\/LogoHorizontal_1.jpg","width":300,"height":90,"caption":"Fiscal\u00eda General de la Naci\u00f3n"},"image":{"@id":"https:\/\/www.fiscalia.gov.co\/colombia\/#\/schema\/logo\/image\/"},"sameAs":["https:\/\/www.facebook.com\/FiscaliaCol","https:\/\/x.com\/FiscaliaCol","https:\/\/www.instagram.com\/fiscaliacol","https:\/\/www.linkedin.com\/company\/fiscalia-general-de-la-naci-n\/","https:\/\/youtube.com\/@fiscaliageneraldelanacion-4668?si=6nN79nyQICPU5iTh"]},{"@type":"Person","@id":"https:\/\/www.fiscalia.gov.co\/colombia\/#\/schema\/person\/176195b99ebab0a52aafa15197e1bf80","name":"Winnie Geraldine Rodr\u00edguez Navarrete","image":{"@type":"ImageObject","inLanguage":"es-CO","@id":"https:\/\/www.fiscalia.gov.co\/colombia\/#\/schema\/person\/image\/","url":"https:\/\/secure.gravatar.com\/avatar\/c24cf8481dc84fa5e8c7b20bc95ab0c6?s=96&d=mm&r=g","contentUrl":"https:\/\/secure.gravatar.com\/avatar\/c24cf8481dc84fa5e8c7b20bc95ab0c6?s=96&d=mm&r=g","caption":"Winnie Geraldine Rodr\u00edguez Navarrete"},"url":"https:\/\/www.fiscalia.gov.co\/colombia\/author\/winnierodriguez\/"}]}},"_links":{"self":[{"href":"https:\/\/www.fiscalia.gov.co\/colombia\/wp-json\/wp\/v2\/posts\/282606","targetHints":{"allow":["GET"]}}],"collection":[{"href":"https:\/\/www.fiscalia.gov.co\/colombia\/wp-json\/wp\/v2\/posts"}],"about":[{"href":"https:\/\/www.fiscalia.gov.co\/colombia\/wp-json\/wp\/v2\/types\/post"}],"author":[{"embeddable":true,"href":"https:\/\/www.fiscalia.gov.co\/colombia\/wp-json\/wp\/v2\/users\/178"}],"replies":[{"embeddable":true,"href":"https:\/\/www.fiscalia.gov.co\/colombia\/wp-json\/wp\/v2\/comments?post=282606"}],"version-history":[{"count":2,"href":"https:\/\/www.fiscalia.gov.co\/colombia\/wp-json\/wp\/v2\/posts\/282606\/revisions"}],"predecessor-version":[{"id":282608,"href":"https:\/\/www.fiscalia.gov.co\/colombia\/wp-json\/wp\/v2\/posts\/282606\/revisions\/282608"}],"wp:attachment":[{"href":"https:\/\/www.fiscalia.gov.co\/colombia\/wp-json\/wp\/v2\/media?parent=282606"}],"wp:term":[{"taxonomy":"category","embeddable":true,"href":"https:\/\/www.fiscalia.gov.co\/colombia\/wp-json\/wp\/v2\/categories?post=282606"},{"taxonomy":"post_tag","embeddable":true,"href":"https:\/\/www.fiscalia.gov.co\/colombia\/wp-json\/wp\/v2\/tags?post=282606"}],"curies":[{"name":"wp","href":"https:\/\/api.w.org\/{rel}","templated":true}]}}