{"id":282602,"date":"2023-11-01T12:10:22","date_gmt":"2023-11-01T17:10:22","guid":{"rendered":"https:\/\/www.fiscalia.gov.co\/colombia\/?p=282602"},"modified":"2023-11-01T12:10:22","modified_gmt":"2023-11-01T17:10:22","slug":"la-fiscalia-judicializo-a-cuatro-personas-por-presunta-extraccion-y-comercio-ilicito-de-hidrocarburos-en-bolivar-y-sucre","status":"publish","type":"post","link":"https:\/\/www.fiscalia.gov.co\/colombia\/noticias\/la-fiscalia-judicializo-a-cuatro-personas-por-presunta-extraccion-y-comercio-ilicito-de-hidrocarburos-en-bolivar-y-sucre\/","title":{"rendered":"La Fiscal\u00eda judicializ\u00f3 a cuatro personas por presunta extracci\u00f3n y comercio il\u00edcito de hidrocarburos en Bol\u00edvar y Sucre"},"content":{"rendered":"<p>Una fiscal especializada adscrita a la Seccional Bol\u00edvar judicializ\u00f3 a Yamile Pedraza Pe\u00f1a, Luis Carlos Acevedo Guti\u00e9rrez, C\u00e9sar Augusto Pineda Madrigal y a Carlos Alejandro Acevedo Rosillo como presuntos responsables de delitos de concierto para delinquir, apoderamiento de hidrocarburos y receptaci\u00f3n. Cargos que no fueron aceptados.<\/p>\n<p>Seg\u00fan la investigaci\u00f3n, los procesados har\u00edan parte del grupo delincuencial Los Ingenieros II, red criminal dedicada a extraer il\u00edcitamente hidrocarburos de distintos poliductos de propiedad de una importante compa\u00f1\u00eda petrolera.<\/p>\n<figure id=\"attachment_282604\" aria-describedby=\"caption-attachment-282604\" style=\"width: 422px\" class=\"wp-caption aligncenter\"><img loading=\"lazy\" decoding=\"async\" class=\" wp-image-282604\" src=\"https:\/\/www.fiscalia.gov.co\/colombia\/wp-content\/uploads\/Foto-boletin-01-de-noviembre-hidrocarburos--300x201.jpeg\" alt=\" En la fotograf\u00eda aparece un hombre sentado con los brazos sobre un escritorio de tez blanca, calvo y vestido de camiseta azul, con un micr\u00f3fono en su boca.  A su lado se encuentra una mujer sentada de cabello negro, vestida con camiseta amarilla y pantal\u00f3n negro\" width=\"422\" height=\"283\" srcset=\"https:\/\/www.fiscalia.gov.co\/colombia\/wp-content\/uploads\/Foto-boletin-01-de-noviembre-hidrocarburos--300x201.jpeg 300w, https:\/\/www.fiscalia.gov.co\/colombia\/wp-content\/uploads\/Foto-boletin-01-de-noviembre-hidrocarburos--1024x685.jpeg 1024w, https:\/\/www.fiscalia.gov.co\/colombia\/wp-content\/uploads\/Foto-boletin-01-de-noviembre-hidrocarburos--768x514.jpeg 768w, https:\/\/www.fiscalia.gov.co\/colombia\/wp-content\/uploads\/Foto-boletin-01-de-noviembre-hidrocarburos--696x466.jpeg 696w, https:\/\/www.fiscalia.gov.co\/colombia\/wp-content\/uploads\/Foto-boletin-01-de-noviembre-hidrocarburos--1068x715.jpeg 1068w, https:\/\/www.fiscalia.gov.co\/colombia\/wp-content\/uploads\/Foto-boletin-01-de-noviembre-hidrocarburos--628x420.jpeg 628w, https:\/\/www.fiscalia.gov.co\/colombia\/wp-content\/uploads\/Foto-boletin-01-de-noviembre-hidrocarburos-.jpeg 1082w\" sizes=\"auto, (max-width: 422px) 100vw, 422px\" \/><figcaption id=\"caption-attachment-282604\" class=\"wp-caption-text\">Pineda Madrigal y Pedraza Pe\u00f1a, cuando asist\u00edan a las audiencias preliminares donde el ente acusador le imput\u00f3 varios delitos.<\/figcaption><\/figure>\n<p>Labores de polic\u00eda judicial evidencian que las cuatro personas, al parecer, ingresaron ilegalmente al pa\u00eds diluyentes para mezclarlos con el combustible extra\u00eddo, para de esa manera aumentar su volumen y venderlo como puro en estaciones de servicio de Bol\u00edvar y\u00a0Sucre.<\/p>\n<p>Los investigados fueron capturados en acciones simult\u00e1neas adelantadas el pasado 21 de septiembre por servidores del Cuerpo T\u00e9cnico de Investigaci\u00f3n (CTI) y la Polic\u00eda Nacional, en el barrio Cedrito en Bogot\u00e1 y los municipios de Planeta Rica (C\u00f3rdoba) y Duitama (Boyac\u00e1).<\/p>\n<p>Durante los operativos fueron incautados celulares, documentos y facturas de empresas de transportes, entre otros.<\/p>\n<p>Por decisi\u00f3n del juez de control de garant\u00edas Yamile Pedraza cumplir\u00e1 medida de aseguramiento en un centro carcelario de Medell\u00edn (Antioquia), los dem\u00e1s investigados se mantendr\u00e1n privados de la libertad en sus lugares de domicilios.<\/p>\n<p>Esta informaci\u00f3n se publica por razones de inter\u00e9s general.<\/p>\n<p><b><u>La Fiscal\u00eda habla con resultados.<\/u><\/b><\/p>\n<p>&nbsp;<\/p>\n<p>&nbsp;<\/p>\n<p>MEVA\/MAGA\/ICHS\/DSB<\/p>\n<p>&nbsp;<\/p>\n<p align=\"center\">\n<p align=\"center\">\n<p>&nbsp;<\/p>\n<p>&nbsp;<\/p>\n<p><b>Le puede interesar:<\/b><\/p>\n<p><a id=\"m_-3323659720507087693OWA796299d2-096b-9041-1f4e-c43beb650001\" title=\"Fiscal\u00eda afecta el patrimonio ilegal de una red dedicada al hurto de hidrocarburos\" href=\"https:\/\/www.fiscalia.gov.co\/colombia\/noticias\/fiscalia-afecta-el-patrimonio-ilegal-de-una-red-dedicada-al-hurto-de-hidrocarburos\/\" target=\"_blank\" rel=\"noopener\" data-saferedirecturl=\"https:\/\/www.google.com\/url?q=https:\/\/www.fiscalia.gov.co\/colombia\/noticias\/fiscalia-afecta-el-patrimonio-ilegal-de-una-red-dedicada-al-hurto-de-hidrocarburos\/&amp;source=gmail&amp;ust=1698944347354000&amp;usg=AOvVaw1sxNSlsho6ZWKUVZym7DBO\">Fiscal\u00eda afecta el patrimonio ilegal de una red dedicada al hurto de hidrocarburos<\/a><\/p>\n<p><a id=\"m_-3323659720507087693OWAfbfaf361-8fdb-e7bd-e43f-b99fd7c13656\" title=\"Fiscal\u00eda impacta estructuralmente a entramado ilegal involucrado en el apoderamiento, transporte y comercializaci\u00f3n de hidrocarburos\" href=\"https:\/\/www.fiscalia.gov.co\/colombia\/noticias\/fiscalia-impacta-estructuralmente-a-entramado-ilegal-involucrado-en-el-apoderamiento-transporte-y-comercializacion-de-hidrocarburos\/\" target=\"_blank\" rel=\"noopener\" data-saferedirecturl=\"https:\/\/www.google.com\/url?q=https:\/\/www.fiscalia.gov.co\/colombia\/noticias\/fiscalia-impacta-estructuralmente-a-entramado-ilegal-involucrado-en-el-apoderamiento-transporte-y-comercializacion-de-hidrocarburos\/&amp;source=gmail&amp;ust=1698944347354000&amp;usg=AOvVaw2anAP-Ws-BkatA4ORYzXiu\">Fiscal\u00eda impacta estructuralmente a entramado ilegal involucrado en el apoderamiento, transporte y comercializaci\u00f3n de hidrocarburos<\/a><\/p>\n<p>&nbsp;<\/p>\n<p><i>La informaci\u00f3n contenida en este bolet\u00edn de prensa corresponde a la narraci\u00f3n de los hechos noticiosos objetivos, suministrados por los funcionarios encargados de adelantar las investigaciones penales al interior de la Fiscal\u00eda General de la Naci\u00f3n. Para el momento de la divulgaci\u00f3n de este comunicado, la situaci\u00f3n jur\u00eddica de la(s) persona(s) relacionada(s) se encuentra pendiente de resolver por la autoridad judicial competente, siempre bajo los preceptos de la presunci\u00f3n de inocencia, consagrados en el art\u00edculo 29 de la Constituci\u00f3n Pol\u00edtica y el art\u00edculo 7\u00ba de la Ley 906 de 2004.<\/i><\/p>\n\n<div class=\"twitter-share\"><a href=\"https:\/\/twitter.com\/intent\/tweet?via=fiscaliacol\" class=\"twitter-share-button\">Tweet<\/a><\/div>\n","protected":false},"excerpt":{"rendered":"<p>Una fiscal especializada adscrita a la Seccional Bol\u00edvar judicializ\u00f3 a Yamile Pedraza Pe\u00f1a, Luis Carlos Acevedo Guti\u00e9rrez, C\u00e9sar Augusto Pineda Madrigal y a Carlos Alejandro Acevedo Rosillo como presuntos responsables de delitos de concierto para delinquir, apoderamiento de hidrocarburos y receptaci\u00f3n. Cargos que no fueron aceptados. Seg\u00fan la investigaci\u00f3n, los procesados har\u00edan parte del grupo [&hellip;]<\/p>\n","protected":false},"author":178,"featured_media":0,"comment_status":"closed","ping_status":"open","sticky":false,"template":"","format":"standard","meta":{"_price":"","_stock":"","_tribe_ticket_header":"","_tribe_default_ticket_provider":"","_tribe_ticket_capacity":"0","_ticket_start_date":"","_ticket_end_date":"","_tribe_ticket_show_description":"","_tribe_ticket_show_not_going":false,"_tribe_ticket_use_global_stock":"","_tribe_ticket_global_stock_level":"","_global_stock_mode":"","_global_stock_cap":"","_tribe_rsvp_for_event":"","_tribe_ticket_going_count":"","_tribe_ticket_not_going_count":"","_tribe_tickets_list":"[]","_tribe_ticket_has_attendee_info_fields":false,"tdm_status":"","tdm_grid_status":"","footnotes":""},"categories":[1,325,303],"tags":[8262,9082,23998,83,36089,24187,1047,558,2828,2437],"class_list":{"0":"post-282602","1":"post","2":"type-post","3":"status-publish","4":"format-standard","6":"category-noticias","7":"category-seccional-cartagena","8":"category-seccionales","9":"tag-apoderamiento-de-hidrocarburos","10":"tag-bolivar","11":"tag-cartagena-bolivar","12":"tag-concierto-para-delinquir","13":"tag-estacion-de-gasolina","14":"tag-fiscalia-colombia","15":"tag-fiscalia-general-de-la-nacion","16":"tag-policia-nacional","17":"tag-receptacion","18":"tag-sucre"},"yoast_head":"<!-- This site is optimized with the Yoast SEO plugin v24.3 - https:\/\/yoast.com\/wordpress\/plugins\/seo\/ -->\n<title>Fiscal\u00eda General de la Naci\u00f3n<\/title>\n<meta name=\"description\" content=\"P\u00e1gina oficial de la Fiscal\u00eda General de la Naci\u00f3n \u2013 Colombia. Garantizamos el acceso efectivo a la justicia, la verdad y la reparaci\u00f3n de las v\u00edctimas de los delitos.\" \/>\n<meta name=\"robots\" content=\"noindex, follow\" \/>\n<meta property=\"og:locale\" content=\"es_ES\" \/>\n<meta property=\"og:type\" content=\"article\" \/>\n<meta property=\"og:title\" content=\"Fiscal\u00eda General de la Naci\u00f3n\" \/>\n<meta property=\"og:description\" content=\"P\u00e1gina oficial de la Fiscal\u00eda General de la Naci\u00f3n \u2013 Colombia. Garantizamos el acceso efectivo a la justicia, la verdad y la reparaci\u00f3n de las v\u00edctimas de los delitos.\" \/>\n<meta property=\"og:url\" content=\"https:\/\/www.fiscalia.gov.co\/colombia\/noticias\/la-fiscalia-judicializo-a-cuatro-personas-por-presunta-extraccion-y-comercio-ilicito-de-hidrocarburos-en-bolivar-y-sucre\/\" \/>\n<meta property=\"og:site_name\" content=\"Fiscal\u00eda General de la Naci\u00f3n\" \/>\n<meta property=\"article:publisher\" content=\"https:\/\/www.facebook.com\/FiscaliaCol\" \/>\n<meta property=\"article:published_time\" content=\"2023-11-01T17:10:22+00:00\" \/>\n<meta property=\"og:image\" content=\"https:\/\/www.fiscalia.gov.co\/colombia\/wp-content\/uploads\/Foto-boletin-01-de-noviembre-hidrocarburos--300x201.jpeg\" \/>\n<meta name=\"author\" content=\"Winnie Geraldine Rodr\u00edguez Navarrete\" \/>\n<meta name=\"twitter:card\" content=\"summary_large_image\" \/>\n<meta name=\"twitter:creator\" content=\"@FiscaliaCol\" \/>\n<meta name=\"twitter:site\" content=\"@FiscaliaCol\" \/>\n<meta name=\"twitter:label1\" content=\"Escrito por\" \/>\n\t<meta name=\"twitter:data1\" content=\"Winnie Geraldine Rodr\u00edguez Navarrete\" \/>\n\t<meta name=\"twitter:label2\" content=\"Tiempo de lectura\" \/>\n\t<meta name=\"twitter:data2\" content=\"2 minutos\" \/>\n<script type=\"application\/ld+json\" class=\"yoast-schema-graph\">{\"@context\":\"https:\/\/schema.org\",\"@graph\":[{\"@type\":\"Article\",\"@id\":\"https:\/\/www.fiscalia.gov.co\/colombia\/noticias\/la-fiscalia-judicializo-a-cuatro-personas-por-presunta-extraccion-y-comercio-ilicito-de-hidrocarburos-en-bolivar-y-sucre\/#article\",\"isPartOf\":{\"@id\":\"https:\/\/www.fiscalia.gov.co\/colombia\/noticias\/la-fiscalia-judicializo-a-cuatro-personas-por-presunta-extraccion-y-comercio-ilicito-de-hidrocarburos-en-bolivar-y-sucre\/\"},\"author\":{\"name\":\"Winnie Geraldine Rodr\u00edguez Navarrete\",\"@id\":\"https:\/\/www.fiscalia.gov.co\/colombia\/#\/schema\/person\/176195b99ebab0a52aafa15197e1bf80\"},\"headline\":\"La Fiscal\u00eda judicializ\u00f3 a cuatro personas por presunta extracci\u00f3n y comercio il\u00edcito de hidrocarburos en Bol\u00edvar y Sucre\",\"datePublished\":\"2023-11-01T17:10:22+00:00\",\"dateModified\":\"2023-11-01T17:10:22+00:00\",\"mainEntityOfPage\":{\"@id\":\"https:\/\/www.fiscalia.gov.co\/colombia\/noticias\/la-fiscalia-judicializo-a-cuatro-personas-por-presunta-extraccion-y-comercio-ilicito-de-hidrocarburos-en-bolivar-y-sucre\/\"},\"wordCount\":444,\"publisher\":{\"@id\":\"https:\/\/www.fiscalia.gov.co\/colombia\/#organization\"},\"image\":{\"@id\":\"https:\/\/www.fiscalia.gov.co\/colombia\/noticias\/la-fiscalia-judicializo-a-cuatro-personas-por-presunta-extraccion-y-comercio-ilicito-de-hidrocarburos-en-bolivar-y-sucre\/#primaryimage\"},\"thumbnailUrl\":\"https:\/\/www.fiscalia.gov.co\/colombia\/wp-content\/uploads\/Foto-boletin-01-de-noviembre-hidrocarburos--300x201.jpeg\",\"keywords\":[\"Apoderamiento de hidrocarburos\",\"Bol\u00edvar\",\"Cartagena (Bol\u00edvar)\",\"Concierto para delinquir\",\"estaci\u00f3n de gasolina\",\"Fiscal\u00eda Colombia\",\"Fiscal\u00eda General de la Naci\u00f3n\",\"Polic\u00eda Nacional\",\"Receptaci\u00f3n\",\"Sucre\"],\"articleSection\":[\"Noticias\",\"Seccional Cartagena\",\"Seccionales\"],\"inLanguage\":\"es-CO\"},{\"@type\":\"WebPage\",\"@id\":\"https:\/\/www.fiscalia.gov.co\/colombia\/noticias\/la-fiscalia-judicializo-a-cuatro-personas-por-presunta-extraccion-y-comercio-ilicito-de-hidrocarburos-en-bolivar-y-sucre\/\",\"url\":\"https:\/\/www.fiscalia.gov.co\/colombia\/noticias\/la-fiscalia-judicializo-a-cuatro-personas-por-presunta-extraccion-y-comercio-ilicito-de-hidrocarburos-en-bolivar-y-sucre\/\",\"name\":\"Fiscal\u00eda General de la Naci\u00f3n\",\"isPartOf\":{\"@id\":\"https:\/\/www.fiscalia.gov.co\/colombia\/#website\"},\"primaryImageOfPage\":{\"@id\":\"https:\/\/www.fiscalia.gov.co\/colombia\/noticias\/la-fiscalia-judicializo-a-cuatro-personas-por-presunta-extraccion-y-comercio-ilicito-de-hidrocarburos-en-bolivar-y-sucre\/#primaryimage\"},\"image\":{\"@id\":\"https:\/\/www.fiscalia.gov.co\/colombia\/noticias\/la-fiscalia-judicializo-a-cuatro-personas-por-presunta-extraccion-y-comercio-ilicito-de-hidrocarburos-en-bolivar-y-sucre\/#primaryimage\"},\"thumbnailUrl\":\"https:\/\/www.fiscalia.gov.co\/colombia\/wp-content\/uploads\/Foto-boletin-01-de-noviembre-hidrocarburos--300x201.jpeg\",\"datePublished\":\"2023-11-01T17:10:22+00:00\",\"dateModified\":\"2023-11-01T17:10:22+00:00\",\"description\":\"P\u00e1gina oficial de la Fiscal\u00eda General de la Naci\u00f3n \u2013 Colombia. Garantizamos el acceso efectivo a la justicia, la verdad y la reparaci\u00f3n de las v\u00edctimas de los delitos.\",\"breadcrumb\":{\"@id\":\"https:\/\/www.fiscalia.gov.co\/colombia\/noticias\/la-fiscalia-judicializo-a-cuatro-personas-por-presunta-extraccion-y-comercio-ilicito-de-hidrocarburos-en-bolivar-y-sucre\/#breadcrumb\"},\"inLanguage\":\"es-CO\",\"potentialAction\":[{\"@type\":\"ReadAction\",\"target\":[\"https:\/\/www.fiscalia.gov.co\/colombia\/noticias\/la-fiscalia-judicializo-a-cuatro-personas-por-presunta-extraccion-y-comercio-ilicito-de-hidrocarburos-en-bolivar-y-sucre\/\"]}]},{\"@type\":\"ImageObject\",\"inLanguage\":\"es-CO\",\"@id\":\"https:\/\/www.fiscalia.gov.co\/colombia\/noticias\/la-fiscalia-judicializo-a-cuatro-personas-por-presunta-extraccion-y-comercio-ilicito-de-hidrocarburos-en-bolivar-y-sucre\/#primaryimage\",\"url\":\"https:\/\/www.fiscalia.gov.co\/colombia\/wp-content\/uploads\/Foto-boletin-01-de-noviembre-hidrocarburos--300x201.jpeg\",\"contentUrl\":\"https:\/\/www.fiscalia.gov.co\/colombia\/wp-content\/uploads\/Foto-boletin-01-de-noviembre-hidrocarburos--300x201.jpeg\"},{\"@type\":\"BreadcrumbList\",\"@id\":\"https:\/\/www.fiscalia.gov.co\/colombia\/noticias\/la-fiscalia-judicializo-a-cuatro-personas-por-presunta-extraccion-y-comercio-ilicito-de-hidrocarburos-en-bolivar-y-sucre\/#breadcrumb\",\"itemListElement\":[{\"@type\":\"ListItem\",\"position\":1,\"name\":\"Home\",\"item\":\"https:\/\/www.fiscalia.gov.co\/colombia\/\"},{\"@type\":\"ListItem\",\"position\":2,\"name\":\"La Fiscal\u00eda judicializ\u00f3 a cuatro personas por presunta extracci\u00f3n y comercio il\u00edcito de hidrocarburos en Bol\u00edvar y Sucre\"}]},{\"@type\":\"WebSite\",\"@id\":\"https:\/\/www.fiscalia.gov.co\/colombia\/#website\",\"url\":\"https:\/\/www.fiscalia.gov.co\/colombia\/\",\"name\":\"Fiscal\u00eda General de la Naci\u00f3n\",\"description\":\"P\u00e1gina oficial de la Fiscal\u00eda General de la Naci\u00f3n \u2013 Colombia. Garantizamos el acceso efectivo a la justicia, la verdad y la reparaci\u00f3n de las v\u00edctimas de los delitos.\",\"publisher\":{\"@id\":\"https:\/\/www.fiscalia.gov.co\/colombia\/#organization\"},\"potentialAction\":[{\"@type\":\"SearchAction\",\"target\":{\"@type\":\"EntryPoint\",\"urlTemplate\":\"https:\/\/www.fiscalia.gov.co\/colombia\/?s={search_term_string}\"},\"query-input\":{\"@type\":\"PropertyValueSpecification\",\"valueRequired\":true,\"valueName\":\"search_term_string\"}}],\"inLanguage\":\"es-CO\"},{\"@type\":\"Organization\",\"@id\":\"https:\/\/www.fiscalia.gov.co\/colombia\/#organization\",\"name\":\"Fiscal\u00eda General de la Naci\u00f3n\",\"url\":\"https:\/\/www.fiscalia.gov.co\/colombia\/\",\"logo\":{\"@type\":\"ImageObject\",\"inLanguage\":\"es-CO\",\"@id\":\"https:\/\/www.fiscalia.gov.co\/colombia\/#\/schema\/logo\/image\/\",\"url\":\"https:\/\/www.fiscalia.gov.co\/colombia\/wp-content\/uploads\/LogoHorizontal_1.jpg\",\"contentUrl\":\"https:\/\/www.fiscalia.gov.co\/colombia\/wp-content\/uploads\/LogoHorizontal_1.jpg\",\"width\":300,\"height\":90,\"caption\":\"Fiscal\u00eda General de la Naci\u00f3n\"},\"image\":{\"@id\":\"https:\/\/www.fiscalia.gov.co\/colombia\/#\/schema\/logo\/image\/\"},\"sameAs\":[\"https:\/\/www.facebook.com\/FiscaliaCol\",\"https:\/\/x.com\/FiscaliaCol\",\"https:\/\/www.instagram.com\/fiscaliacol\",\"https:\/\/www.linkedin.com\/company\/fiscalia-general-de-la-naci-n\/\",\"https:\/\/youtube.com\/@fiscaliageneraldelanacion-4668?si=6nN79nyQICPU5iTh\"]},{\"@type\":\"Person\",\"@id\":\"https:\/\/www.fiscalia.gov.co\/colombia\/#\/schema\/person\/176195b99ebab0a52aafa15197e1bf80\",\"name\":\"Winnie Geraldine Rodr\u00edguez Navarrete\",\"image\":{\"@type\":\"ImageObject\",\"inLanguage\":\"es-CO\",\"@id\":\"https:\/\/www.fiscalia.gov.co\/colombia\/#\/schema\/person\/image\/\",\"url\":\"https:\/\/secure.gravatar.com\/avatar\/c24cf8481dc84fa5e8c7b20bc95ab0c6?s=96&d=mm&r=g\",\"contentUrl\":\"https:\/\/secure.gravatar.com\/avatar\/c24cf8481dc84fa5e8c7b20bc95ab0c6?s=96&d=mm&r=g\",\"caption\":\"Winnie Geraldine Rodr\u00edguez Navarrete\"},\"url\":\"https:\/\/www.fiscalia.gov.co\/colombia\/author\/winnierodriguez\/\"}]}<\/script>\n<!-- \/ Yoast SEO plugin. -->","yoast_head_json":{"title":"Fiscal\u00eda General de la Naci\u00f3n","description":"P\u00e1gina oficial de la Fiscal\u00eda General de la Naci\u00f3n \u2013 Colombia. Garantizamos el acceso efectivo a la justicia, la verdad y la reparaci\u00f3n de las v\u00edctimas de los delitos.","robots":{"index":"noindex","follow":"follow"},"og_locale":"es_ES","og_type":"article","og_title":"Fiscal\u00eda General de la Naci\u00f3n","og_description":"P\u00e1gina oficial de la Fiscal\u00eda General de la Naci\u00f3n \u2013 Colombia. Garantizamos el acceso efectivo a la justicia, la verdad y la reparaci\u00f3n de las v\u00edctimas de los delitos.","og_url":"https:\/\/www.fiscalia.gov.co\/colombia\/noticias\/la-fiscalia-judicializo-a-cuatro-personas-por-presunta-extraccion-y-comercio-ilicito-de-hidrocarburos-en-bolivar-y-sucre\/","og_site_name":"Fiscal\u00eda General de la Naci\u00f3n","article_publisher":"https:\/\/www.facebook.com\/FiscaliaCol","article_published_time":"2023-11-01T17:10:22+00:00","og_image":[{"url":"https:\/\/www.fiscalia.gov.co\/colombia\/wp-content\/uploads\/Foto-boletin-01-de-noviembre-hidrocarburos--300x201.jpeg","type":"","width":"","height":""}],"author":"Winnie Geraldine Rodr\u00edguez Navarrete","twitter_card":"summary_large_image","twitter_creator":"@FiscaliaCol","twitter_site":"@FiscaliaCol","twitter_misc":{"Escrito por":"Winnie Geraldine Rodr\u00edguez Navarrete","Tiempo de lectura":"2 minutos"},"schema":{"@context":"https:\/\/schema.org","@graph":[{"@type":"Article","@id":"https:\/\/www.fiscalia.gov.co\/colombia\/noticias\/la-fiscalia-judicializo-a-cuatro-personas-por-presunta-extraccion-y-comercio-ilicito-de-hidrocarburos-en-bolivar-y-sucre\/#article","isPartOf":{"@id":"https:\/\/www.fiscalia.gov.co\/colombia\/noticias\/la-fiscalia-judicializo-a-cuatro-personas-por-presunta-extraccion-y-comercio-ilicito-de-hidrocarburos-en-bolivar-y-sucre\/"},"author":{"name":"Winnie Geraldine Rodr\u00edguez Navarrete","@id":"https:\/\/www.fiscalia.gov.co\/colombia\/#\/schema\/person\/176195b99ebab0a52aafa15197e1bf80"},"headline":"La Fiscal\u00eda judicializ\u00f3 a cuatro personas por presunta extracci\u00f3n y comercio il\u00edcito de hidrocarburos en Bol\u00edvar y Sucre","datePublished":"2023-11-01T17:10:22+00:00","dateModified":"2023-11-01T17:10:22+00:00","mainEntityOfPage":{"@id":"https:\/\/www.fiscalia.gov.co\/colombia\/noticias\/la-fiscalia-judicializo-a-cuatro-personas-por-presunta-extraccion-y-comercio-ilicito-de-hidrocarburos-en-bolivar-y-sucre\/"},"wordCount":444,"publisher":{"@id":"https:\/\/www.fiscalia.gov.co\/colombia\/#organization"},"image":{"@id":"https:\/\/www.fiscalia.gov.co\/colombia\/noticias\/la-fiscalia-judicializo-a-cuatro-personas-por-presunta-extraccion-y-comercio-ilicito-de-hidrocarburos-en-bolivar-y-sucre\/#primaryimage"},"thumbnailUrl":"https:\/\/www.fiscalia.gov.co\/colombia\/wp-content\/uploads\/Foto-boletin-01-de-noviembre-hidrocarburos--300x201.jpeg","keywords":["Apoderamiento de hidrocarburos","Bol\u00edvar","Cartagena (Bol\u00edvar)","Concierto para delinquir","estaci\u00f3n de gasolina","Fiscal\u00eda Colombia","Fiscal\u00eda General de la Naci\u00f3n","Polic\u00eda Nacional","Receptaci\u00f3n","Sucre"],"articleSection":["Noticias","Seccional Cartagena","Seccionales"],"inLanguage":"es-CO"},{"@type":"WebPage","@id":"https:\/\/www.fiscalia.gov.co\/colombia\/noticias\/la-fiscalia-judicializo-a-cuatro-personas-por-presunta-extraccion-y-comercio-ilicito-de-hidrocarburos-en-bolivar-y-sucre\/","url":"https:\/\/www.fiscalia.gov.co\/colombia\/noticias\/la-fiscalia-judicializo-a-cuatro-personas-por-presunta-extraccion-y-comercio-ilicito-de-hidrocarburos-en-bolivar-y-sucre\/","name":"Fiscal\u00eda General de la Naci\u00f3n","isPartOf":{"@id":"https:\/\/www.fiscalia.gov.co\/colombia\/#website"},"primaryImageOfPage":{"@id":"https:\/\/www.fiscalia.gov.co\/colombia\/noticias\/la-fiscalia-judicializo-a-cuatro-personas-por-presunta-extraccion-y-comercio-ilicito-de-hidrocarburos-en-bolivar-y-sucre\/#primaryimage"},"image":{"@id":"https:\/\/www.fiscalia.gov.co\/colombia\/noticias\/la-fiscalia-judicializo-a-cuatro-personas-por-presunta-extraccion-y-comercio-ilicito-de-hidrocarburos-en-bolivar-y-sucre\/#primaryimage"},"thumbnailUrl":"https:\/\/www.fiscalia.gov.co\/colombia\/wp-content\/uploads\/Foto-boletin-01-de-noviembre-hidrocarburos--300x201.jpeg","datePublished":"2023-11-01T17:10:22+00:00","dateModified":"2023-11-01T17:10:22+00:00","description":"P\u00e1gina oficial de la Fiscal\u00eda General de la Naci\u00f3n \u2013 Colombia. Garantizamos el acceso efectivo a la justicia, la verdad y la reparaci\u00f3n de las v\u00edctimas de los delitos.","breadcrumb":{"@id":"https:\/\/www.fiscalia.gov.co\/colombia\/noticias\/la-fiscalia-judicializo-a-cuatro-personas-por-presunta-extraccion-y-comercio-ilicito-de-hidrocarburos-en-bolivar-y-sucre\/#breadcrumb"},"inLanguage":"es-CO","potentialAction":[{"@type":"ReadAction","target":["https:\/\/www.fiscalia.gov.co\/colombia\/noticias\/la-fiscalia-judicializo-a-cuatro-personas-por-presunta-extraccion-y-comercio-ilicito-de-hidrocarburos-en-bolivar-y-sucre\/"]}]},{"@type":"ImageObject","inLanguage":"es-CO","@id":"https:\/\/www.fiscalia.gov.co\/colombia\/noticias\/la-fiscalia-judicializo-a-cuatro-personas-por-presunta-extraccion-y-comercio-ilicito-de-hidrocarburos-en-bolivar-y-sucre\/#primaryimage","url":"https:\/\/www.fiscalia.gov.co\/colombia\/wp-content\/uploads\/Foto-boletin-01-de-noviembre-hidrocarburos--300x201.jpeg","contentUrl":"https:\/\/www.fiscalia.gov.co\/colombia\/wp-content\/uploads\/Foto-boletin-01-de-noviembre-hidrocarburos--300x201.jpeg"},{"@type":"BreadcrumbList","@id":"https:\/\/www.fiscalia.gov.co\/colombia\/noticias\/la-fiscalia-judicializo-a-cuatro-personas-por-presunta-extraccion-y-comercio-ilicito-de-hidrocarburos-en-bolivar-y-sucre\/#breadcrumb","itemListElement":[{"@type":"ListItem","position":1,"name":"Home","item":"https:\/\/www.fiscalia.gov.co\/colombia\/"},{"@type":"ListItem","position":2,"name":"La Fiscal\u00eda judicializ\u00f3 a cuatro personas por presunta extracci\u00f3n y comercio il\u00edcito de hidrocarburos en Bol\u00edvar y Sucre"}]},{"@type":"WebSite","@id":"https:\/\/www.fiscalia.gov.co\/colombia\/#website","url":"https:\/\/www.fiscalia.gov.co\/colombia\/","name":"Fiscal\u00eda General de la Naci\u00f3n","description":"P\u00e1gina oficial de la Fiscal\u00eda General de la Naci\u00f3n \u2013 Colombia. Garantizamos el acceso efectivo a la justicia, la verdad y la reparaci\u00f3n de las v\u00edctimas de los delitos.","publisher":{"@id":"https:\/\/www.fiscalia.gov.co\/colombia\/#organization"},"potentialAction":[{"@type":"SearchAction","target":{"@type":"EntryPoint","urlTemplate":"https:\/\/www.fiscalia.gov.co\/colombia\/?s={search_term_string}"},"query-input":{"@type":"PropertyValueSpecification","valueRequired":true,"valueName":"search_term_string"}}],"inLanguage":"es-CO"},{"@type":"Organization","@id":"https:\/\/www.fiscalia.gov.co\/colombia\/#organization","name":"Fiscal\u00eda General de la Naci\u00f3n","url":"https:\/\/www.fiscalia.gov.co\/colombia\/","logo":{"@type":"ImageObject","inLanguage":"es-CO","@id":"https:\/\/www.fiscalia.gov.co\/colombia\/#\/schema\/logo\/image\/","url":"https:\/\/www.fiscalia.gov.co\/colombia\/wp-content\/uploads\/LogoHorizontal_1.jpg","contentUrl":"https:\/\/www.fiscalia.gov.co\/colombia\/wp-content\/uploads\/LogoHorizontal_1.jpg","width":300,"height":90,"caption":"Fiscal\u00eda General de la Naci\u00f3n"},"image":{"@id":"https:\/\/www.fiscalia.gov.co\/colombia\/#\/schema\/logo\/image\/"},"sameAs":["https:\/\/www.facebook.com\/FiscaliaCol","https:\/\/x.com\/FiscaliaCol","https:\/\/www.instagram.com\/fiscaliacol","https:\/\/www.linkedin.com\/company\/fiscalia-general-de-la-naci-n\/","https:\/\/youtube.com\/@fiscaliageneraldelanacion-4668?si=6nN79nyQICPU5iTh"]},{"@type":"Person","@id":"https:\/\/www.fiscalia.gov.co\/colombia\/#\/schema\/person\/176195b99ebab0a52aafa15197e1bf80","name":"Winnie Geraldine Rodr\u00edguez Navarrete","image":{"@type":"ImageObject","inLanguage":"es-CO","@id":"https:\/\/www.fiscalia.gov.co\/colombia\/#\/schema\/person\/image\/","url":"https:\/\/secure.gravatar.com\/avatar\/c24cf8481dc84fa5e8c7b20bc95ab0c6?s=96&d=mm&r=g","contentUrl":"https:\/\/secure.gravatar.com\/avatar\/c24cf8481dc84fa5e8c7b20bc95ab0c6?s=96&d=mm&r=g","caption":"Winnie Geraldine Rodr\u00edguez Navarrete"},"url":"https:\/\/www.fiscalia.gov.co\/colombia\/author\/winnierodriguez\/"}]}},"_links":{"self":[{"href":"https:\/\/www.fiscalia.gov.co\/colombia\/wp-json\/wp\/v2\/posts\/282602","targetHints":{"allow":["GET"]}}],"collection":[{"href":"https:\/\/www.fiscalia.gov.co\/colombia\/wp-json\/wp\/v2\/posts"}],"about":[{"href":"https:\/\/www.fiscalia.gov.co\/colombia\/wp-json\/wp\/v2\/types\/post"}],"author":[{"embeddable":true,"href":"https:\/\/www.fiscalia.gov.co\/colombia\/wp-json\/wp\/v2\/users\/178"}],"replies":[{"embeddable":true,"href":"https:\/\/www.fiscalia.gov.co\/colombia\/wp-json\/wp\/v2\/comments?post=282602"}],"version-history":[{"count":2,"href":"https:\/\/www.fiscalia.gov.co\/colombia\/wp-json\/wp\/v2\/posts\/282602\/revisions"}],"predecessor-version":[{"id":282605,"href":"https:\/\/www.fiscalia.gov.co\/colombia\/wp-json\/wp\/v2\/posts\/282602\/revisions\/282605"}],"wp:attachment":[{"href":"https:\/\/www.fiscalia.gov.co\/colombia\/wp-json\/wp\/v2\/media?parent=282602"}],"wp:term":[{"taxonomy":"category","embeddable":true,"href":"https:\/\/www.fiscalia.gov.co\/colombia\/wp-json\/wp\/v2\/categories?post=282602"},{"taxonomy":"post_tag","embeddable":true,"href":"https:\/\/www.fiscalia.gov.co\/colombia\/wp-json\/wp\/v2\/tags?post=282602"}],"curies":[{"name":"wp","href":"https:\/\/api.w.org\/{rel}","templated":true}]}}