{"id":282566,"date":"2023-11-01T09:57:44","date_gmt":"2023-11-01T14:57:44","guid":{"rendered":"https:\/\/www.fiscalia.gov.co\/colombia\/?p=282566"},"modified":"2023-11-09T12:10:27","modified_gmt":"2023-11-09T17:10:27","slug":"impactada-celula-de-la-subestructura-nicolas-urango-reyes-que-delinque-en-el-departamento-de-bolivar","status":"publish","type":"post","link":"https:\/\/www.fiscalia.gov.co\/colombia\/noticias\/impactada-celula-de-la-subestructura-nicolas-urango-reyes-que-delinque-en-el-departamento-de-bolivar\/","title":{"rendered":"Impactada c\u00e9lula de la subestructura Nicol\u00e1s Urango Reyes que delinque en el departamento de Bol\u00edvar"},"content":{"rendered":"<p>La contundencia del material probatorio aportado por una fiscal de la Seccional Bol\u00edvar, fue determinante para que un juez con funci\u00f3n de control de garant\u00edas de Cartagena impusiera medida de aseguramiento en establecimiento carcelario contra ocho presuntos integrantes de la subestructura Nicol\u00e1s Urango Reyes de las Autodefensas Gaitanistas de Colombia (AGC).<\/p>\n<p>De acuerdo con la investigaci\u00f3n, los procesados ser\u00edan responsables de extorsi\u00f3n a comerciantes, ganaderos, agricultores y transportadores en los municipios de El Carmen de Bol\u00edvar, San Jacinto, San Juan de Nepomuceno y Zambrano (Bol\u00edvar). Tambi\u00e9n habr\u00edan amenazado a las v\u00edctimas con asesinarlos en caso de no cumplir con las exigencias econ\u00f3micas realizadas.<\/p>\n<p>Labores de polic\u00eda judicial permitieron establecer que las exigencias econ\u00f3micas ilegales oscilaban entre 500.000 y 15 millones de pesos.<\/p>\n<p>Por estos hechos las personas est\u00e1n siendo investigadas como posibles responsables de delitos como concierto para delinquir y extorsi\u00f3n.<\/p>\n<p>Los afectados con las medidas de aseguramiento son: Cristi\u00e1n Ren\u00e9 Herrera Padilla, alias Cristian o El Mono; Daniel Eduardo Mart\u00ednez, alias Juan Carlos; Eliana Marcela Lara Serpa, alias Eliana. Estas personas fueron capturadas por el Gaula de la Polic\u00eda Nacional y el Ej\u00e9rcito Nacional en las poblaciones de San Jacinto y El Carmen de Bol\u00edvar.<\/p>\n<p>En centros de reclusi\u00f3n fueron notificados de la misma determinaci\u00f3n: Carlos Alfonso P\u00e9rez Catal\u00e1n, alias Mario P\u00e9rez o Catal\u00e1n; Jhon Jairo Madrid M\u00e1rquez, alias JJ o Jhon; Jorge Luis Se\u00f1as Garc\u00e9s, alias Felipe; Nelson Enrique Tapia Sierra, alias Nelson; y Yonis Andr\u00e9s Acosta Barrero, alias Omar. Estas personas est\u00e1n privadas de la libertad por otros procesos.<\/p>\n<p>Ninguno de los implicados acept\u00f3 su responsabilidad en los delitos imputados.<\/p>\n<p>Esta informaci\u00f3n se publica por razones de inter\u00e9s general.<\/p>\n<p><b><u>La Fiscal\u00eda habla con resultados<\/u>.<\/b><\/p>\n<p>&nbsp;<\/p>\n<p>&nbsp;<\/p>\n<p>&nbsp;<\/p>\n<p>MEVA\/MAGA\/ICHS\/DSB<\/p>\n<p>&nbsp;<\/p>\n<p><b>Le puede interesar:<\/b><\/p>\n<p><b>\u00a0<\/b><\/p>\n<p><a id=\"m_-286406246264920999OWAeab31f02-9f85-f359-fb08-e515976ffb89\" title=\"C\u00e1rcel para presunto integrante del \u2018Clan del Golfo\u2019 que habr\u00eda participado en triple crimen ocurrido en Magdalena\" href=\"https:\/\/www.fiscalia.gov.co\/colombia\/noticias\/carcel-para-presunto-integrante-del-clan-del-golfo-que-habria-participado-en-triple-crimen-ocurrido-en-magdalena\/\" target=\"_blank\" rel=\"noopener\" data-saferedirecturl=\"https:\/\/www.google.com\/url?q=https:\/\/www.fiscalia.gov.co\/colombia\/noticias\/carcel-para-presunto-integrante-del-clan-del-golfo-que-habria-participado-en-triple-crimen-ocurrido-en-magdalena\/&amp;source=gmail&amp;ust=1698936147870000&amp;usg=AOvVaw1bkk0Z2DdCRWn5QpznXZIZ\">C\u00e1rcel para presunto integrante del \u2018Clan del Golfo\u2019 que habr\u00eda participado en triple crimen ocurrido en Magdalena<\/a><\/p>\n<p>&nbsp;<\/p>\n<p><a id=\"m_-286406246264920999OWAeb409cf8-d1fa-aff4-251f-bea60ade98b3\" title=\"C\u00e1rcel para el se\u00f1alado articulador principal de las acciones criminales del \u2018Clan del Golfo\u2019 en el nordeste antioque\u00f1o\" href=\"https:\/\/www.fiscalia.gov.co\/colombia\/noticias\/carcel-para-el-senalado-articulador-principal-de-las-acciones-criminales-del-clan-del-golfo-en-el-nordeste-antioqueno\/\" target=\"_blank\" rel=\"noopener\" data-saferedirecturl=\"https:\/\/www.google.com\/url?q=https:\/\/www.fiscalia.gov.co\/colombia\/noticias\/carcel-para-el-senalado-articulador-principal-de-las-acciones-criminales-del-clan-del-golfo-en-el-nordeste-antioqueno\/&amp;source=gmail&amp;ust=1698936147870000&amp;usg=AOvVaw1frDJI6HKgdSJTxQ2LS9mY\">C\u00e1rcel para el se\u00f1alado articulador principal de las acciones criminales del \u2018Clan del Golfo\u2019 en el nordeste antioque\u00f1o<\/a><\/p>\n<p>&nbsp;<\/p>\n<p><i>La informaci\u00f3n contenida en este bolet\u00edn de prensa corresponde a la narraci\u00f3n de los hechos noticiosos objetivos, suministrados por los funcionarios encargados de adelantar las investigaciones penales al interior de la Fiscal\u00eda General de la Naci\u00f3n. Para el momento de la divulgaci\u00f3n de este comunicado, la situaci\u00f3n jur\u00eddica de la(s) persona(s) relacionada(s) se encuentra pendiente de resolver por la autoridad judicial competente, siempre bajo los preceptos de la presunci\u00f3n de inocencia, consagrados en el art\u00edculo 29 de la Constituci\u00f3n Pol\u00edtica y el art\u00edculo 7\u00ba de la Ley 906 de 2004.<\/i><\/p>\n<p>&nbsp;<\/p>\n<p>&nbsp;<\/p>\n<p>&nbsp;<\/p>\n\n<div class=\"twitter-share\"><a href=\"https:\/\/twitter.com\/intent\/tweet?via=fiscaliacol\" class=\"twitter-share-button\">Tweet<\/a><\/div>\n","protected":false},"excerpt":{"rendered":"<p>La contundencia del material probatorio aportado por una fiscal de la Seccional Bol\u00edvar, fue determinante para que un juez con funci\u00f3n de control de garant\u00edas de Cartagena impusiera medida de aseguramiento en establecimiento carcelario contra ocho presuntos integrantes de la subestructura Nicol\u00e1s Urango Reyes de las Autodefensas Gaitanistas de Colombia (AGC). De acuerdo con la [&hellip;]<\/p>\n","protected":false},"author":178,"featured_media":0,"comment_status":"closed","ping_status":"open","sticky":false,"template":"","format":"video","meta":{"_price":"","_stock":"","_tribe_ticket_header":"","_tribe_default_ticket_provider":"","_tribe_ticket_capacity":"0","_ticket_start_date":"","_ticket_end_date":"","_tribe_ticket_show_description":"","_tribe_ticket_show_not_going":false,"_tribe_ticket_use_global_stock":"","_tribe_ticket_global_stock_level":"","_global_stock_mode":"","_global_stock_cap":"","_tribe_rsvp_for_event":"","_tribe_ticket_going_count":"","_tribe_ticket_not_going_count":"","_tribe_tickets_list":"[]","_tribe_ticket_has_attendee_info_fields":false,"tdm_status":"","tdm_grid_status":"","footnotes":""},"categories":[1,325,303],"tags":[9486,9082,23998,83,871,24187,1047,558,12480],"class_list":{"0":"post-282566","1":"post","2":"type-post","3":"status-publish","4":"format-video","6":"category-noticias","7":"category-seccional-cartagena","8":"category-seccionales","9":"tag-autodefensas-gaitanistas-de-colombia","10":"tag-bolivar","11":"tag-cartagena-bolivar","12":"tag-concierto-para-delinquir","13":"tag-extorion","14":"tag-fiscalia-colombia","15":"tag-fiscalia-general-de-la-nacion","16":"tag-policia-nacional","17":"tag-porte-ilegal-de-arma-de-fuego","18":"post_format-post-format-video"},"yoast_head":"<!-- This site is optimized with the Yoast SEO plugin v24.3 - https:\/\/yoast.com\/wordpress\/plugins\/seo\/ -->\n<title>Fiscal\u00eda General de la Naci\u00f3n<\/title>\n<meta name=\"description\" content=\"P\u00e1gina oficial de la Fiscal\u00eda General de la Naci\u00f3n \u2013 Colombia. Garantizamos el acceso efectivo a la justicia, la verdad y la reparaci\u00f3n de las v\u00edctimas de los delitos.\" \/>\n<meta name=\"robots\" content=\"noindex, follow\" \/>\n<meta property=\"og:locale\" content=\"es_ES\" \/>\n<meta property=\"og:type\" content=\"article\" \/>\n<meta property=\"og:title\" content=\"Fiscal\u00eda General de la Naci\u00f3n\" \/>\n<meta property=\"og:description\" content=\"P\u00e1gina oficial de la Fiscal\u00eda General de la Naci\u00f3n \u2013 Colombia. Garantizamos el acceso efectivo a la justicia, la verdad y la reparaci\u00f3n de las v\u00edctimas de los delitos.\" \/>\n<meta property=\"og:url\" content=\"https:\/\/www.fiscalia.gov.co\/colombia\/noticias\/impactada-celula-de-la-subestructura-nicolas-urango-reyes-que-delinque-en-el-departamento-de-bolivar\/\" \/>\n<meta property=\"og:site_name\" content=\"Fiscal\u00eda General de la Naci\u00f3n\" \/>\n<meta property=\"article:publisher\" content=\"https:\/\/www.facebook.com\/FiscaliaCol\" \/>\n<meta property=\"article:published_time\" content=\"2023-11-01T14:57:44+00:00\" \/>\n<meta property=\"article:modified_time\" content=\"2023-11-09T17:10:27+00:00\" \/>\n<meta name=\"author\" content=\"Winnie Geraldine Rodr\u00edguez Navarrete\" \/>\n<meta name=\"twitter:card\" content=\"summary_large_image\" \/>\n<meta name=\"twitter:creator\" content=\"@FiscaliaCol\" \/>\n<meta name=\"twitter:site\" content=\"@FiscaliaCol\" \/>\n<meta name=\"twitter:label1\" content=\"Escrito por\" \/>\n\t<meta name=\"twitter:data1\" content=\"Winnie Geraldine Rodr\u00edguez Navarrete\" \/>\n\t<meta name=\"twitter:label2\" content=\"Tiempo de lectura\" \/>\n\t<meta name=\"twitter:data2\" content=\"2 minutos\" \/>\n<script type=\"application\/ld+json\" class=\"yoast-schema-graph\">{\"@context\":\"https:\/\/schema.org\",\"@graph\":[{\"@type\":\"Article\",\"@id\":\"https:\/\/www.fiscalia.gov.co\/colombia\/noticias\/impactada-celula-de-la-subestructura-nicolas-urango-reyes-que-delinque-en-el-departamento-de-bolivar\/#article\",\"isPartOf\":{\"@id\":\"https:\/\/www.fiscalia.gov.co\/colombia\/noticias\/impactada-celula-de-la-subestructura-nicolas-urango-reyes-que-delinque-en-el-departamento-de-bolivar\/\"},\"author\":{\"name\":\"Winnie Geraldine Rodr\u00edguez Navarrete\",\"@id\":\"https:\/\/www.fiscalia.gov.co\/colombia\/#\/schema\/person\/176195b99ebab0a52aafa15197e1bf80\"},\"headline\":\"Impactada c\u00e9lula de la subestructura Nicol\u00e1s Urango Reyes que delinque en el departamento de Bol\u00edvar\",\"datePublished\":\"2023-11-01T14:57:44+00:00\",\"dateModified\":\"2023-11-09T17:10:27+00:00\",\"mainEntityOfPage\":{\"@id\":\"https:\/\/www.fiscalia.gov.co\/colombia\/noticias\/impactada-celula-de-la-subestructura-nicolas-urango-reyes-que-delinque-en-el-departamento-de-bolivar\/\"},\"wordCount\":487,\"publisher\":{\"@id\":\"https:\/\/www.fiscalia.gov.co\/colombia\/#organization\"},\"keywords\":[\"Autodefensas Gaitanistas de Colombia\",\"Bol\u00edvar\",\"Cartagena (Bol\u00edvar)\",\"Concierto para delinquir\",\"Extorsi\u00f3n\",\"Fiscal\u00eda Colombia\",\"Fiscal\u00eda General de la Naci\u00f3n\",\"Polic\u00eda Nacional\",\"porte ilegal de arma de fuego\"],\"articleSection\":[\"Noticias\",\"Seccional Cartagena\",\"Seccionales\"],\"inLanguage\":\"es-CO\"},{\"@type\":\"WebPage\",\"@id\":\"https:\/\/www.fiscalia.gov.co\/colombia\/noticias\/impactada-celula-de-la-subestructura-nicolas-urango-reyes-que-delinque-en-el-departamento-de-bolivar\/\",\"url\":\"https:\/\/www.fiscalia.gov.co\/colombia\/noticias\/impactada-celula-de-la-subestructura-nicolas-urango-reyes-que-delinque-en-el-departamento-de-bolivar\/\",\"name\":\"Fiscal\u00eda General de la Naci\u00f3n\",\"isPartOf\":{\"@id\":\"https:\/\/www.fiscalia.gov.co\/colombia\/#website\"},\"datePublished\":\"2023-11-01T14:57:44+00:00\",\"dateModified\":\"2023-11-09T17:10:27+00:00\",\"description\":\"P\u00e1gina oficial de la Fiscal\u00eda General de la Naci\u00f3n \u2013 Colombia. Garantizamos el acceso efectivo a la justicia, la verdad y la reparaci\u00f3n de las v\u00edctimas de los delitos.\",\"breadcrumb\":{\"@id\":\"https:\/\/www.fiscalia.gov.co\/colombia\/noticias\/impactada-celula-de-la-subestructura-nicolas-urango-reyes-que-delinque-en-el-departamento-de-bolivar\/#breadcrumb\"},\"inLanguage\":\"es-CO\",\"potentialAction\":[{\"@type\":\"ReadAction\",\"target\":[\"https:\/\/www.fiscalia.gov.co\/colombia\/noticias\/impactada-celula-de-la-subestructura-nicolas-urango-reyes-que-delinque-en-el-departamento-de-bolivar\/\"]}]},{\"@type\":\"BreadcrumbList\",\"@id\":\"https:\/\/www.fiscalia.gov.co\/colombia\/noticias\/impactada-celula-de-la-subestructura-nicolas-urango-reyes-que-delinque-en-el-departamento-de-bolivar\/#breadcrumb\",\"itemListElement\":[{\"@type\":\"ListItem\",\"position\":1,\"name\":\"Home\",\"item\":\"https:\/\/www.fiscalia.gov.co\/colombia\/\"},{\"@type\":\"ListItem\",\"position\":2,\"name\":\"Impactada c\u00e9lula de la subestructura Nicol\u00e1s Urango Reyes que delinque en el departamento de Bol\u00edvar\"}]},{\"@type\":\"WebSite\",\"@id\":\"https:\/\/www.fiscalia.gov.co\/colombia\/#website\",\"url\":\"https:\/\/www.fiscalia.gov.co\/colombia\/\",\"name\":\"Fiscal\u00eda General de la Naci\u00f3n\",\"description\":\"P\u00e1gina oficial de la Fiscal\u00eda General de la Naci\u00f3n \u2013 Colombia. Garantizamos el acceso efectivo a la justicia, la verdad y la reparaci\u00f3n de las v\u00edctimas de los delitos.\",\"publisher\":{\"@id\":\"https:\/\/www.fiscalia.gov.co\/colombia\/#organization\"},\"potentialAction\":[{\"@type\":\"SearchAction\",\"target\":{\"@type\":\"EntryPoint\",\"urlTemplate\":\"https:\/\/www.fiscalia.gov.co\/colombia\/?s={search_term_string}\"},\"query-input\":{\"@type\":\"PropertyValueSpecification\",\"valueRequired\":true,\"valueName\":\"search_term_string\"}}],\"inLanguage\":\"es-CO\"},{\"@type\":\"Organization\",\"@id\":\"https:\/\/www.fiscalia.gov.co\/colombia\/#organization\",\"name\":\"Fiscal\u00eda General de la Naci\u00f3n\",\"url\":\"https:\/\/www.fiscalia.gov.co\/colombia\/\",\"logo\":{\"@type\":\"ImageObject\",\"inLanguage\":\"es-CO\",\"@id\":\"https:\/\/www.fiscalia.gov.co\/colombia\/#\/schema\/logo\/image\/\",\"url\":\"https:\/\/www.fiscalia.gov.co\/colombia\/wp-content\/uploads\/LogoHorizontal_1.jpg\",\"contentUrl\":\"https:\/\/www.fiscalia.gov.co\/colombia\/wp-content\/uploads\/LogoHorizontal_1.jpg\",\"width\":300,\"height\":90,\"caption\":\"Fiscal\u00eda General de la Naci\u00f3n\"},\"image\":{\"@id\":\"https:\/\/www.fiscalia.gov.co\/colombia\/#\/schema\/logo\/image\/\"},\"sameAs\":[\"https:\/\/www.facebook.com\/FiscaliaCol\",\"https:\/\/x.com\/FiscaliaCol\",\"https:\/\/www.instagram.com\/fiscaliacol\",\"https:\/\/www.linkedin.com\/company\/fiscalia-general-de-la-naci-n\/\",\"https:\/\/youtube.com\/@fiscaliageneraldelanacion-4668?si=6nN79nyQICPU5iTh\"]},{\"@type\":\"Person\",\"@id\":\"https:\/\/www.fiscalia.gov.co\/colombia\/#\/schema\/person\/176195b99ebab0a52aafa15197e1bf80\",\"name\":\"Winnie Geraldine Rodr\u00edguez Navarrete\",\"image\":{\"@type\":\"ImageObject\",\"inLanguage\":\"es-CO\",\"@id\":\"https:\/\/www.fiscalia.gov.co\/colombia\/#\/schema\/person\/image\/\",\"url\":\"https:\/\/secure.gravatar.com\/avatar\/c24cf8481dc84fa5e8c7b20bc95ab0c6?s=96&d=mm&r=g\",\"contentUrl\":\"https:\/\/secure.gravatar.com\/avatar\/c24cf8481dc84fa5e8c7b20bc95ab0c6?s=96&d=mm&r=g\",\"caption\":\"Winnie Geraldine Rodr\u00edguez Navarrete\"},\"url\":\"https:\/\/www.fiscalia.gov.co\/colombia\/author\/winnierodriguez\/\"}]}<\/script>\n<!-- \/ Yoast SEO plugin. -->","yoast_head_json":{"title":"Fiscal\u00eda General de la Naci\u00f3n","description":"P\u00e1gina oficial de la Fiscal\u00eda General de la Naci\u00f3n \u2013 Colombia. Garantizamos el acceso efectivo a la justicia, la verdad y la reparaci\u00f3n de las v\u00edctimas de los delitos.","robots":{"index":"noindex","follow":"follow"},"og_locale":"es_ES","og_type":"article","og_title":"Fiscal\u00eda General de la Naci\u00f3n","og_description":"P\u00e1gina oficial de la Fiscal\u00eda General de la Naci\u00f3n \u2013 Colombia. Garantizamos el acceso efectivo a la justicia, la verdad y la reparaci\u00f3n de las v\u00edctimas de los delitos.","og_url":"https:\/\/www.fiscalia.gov.co\/colombia\/noticias\/impactada-celula-de-la-subestructura-nicolas-urango-reyes-que-delinque-en-el-departamento-de-bolivar\/","og_site_name":"Fiscal\u00eda General de la Naci\u00f3n","article_publisher":"https:\/\/www.facebook.com\/FiscaliaCol","article_published_time":"2023-11-01T14:57:44+00:00","article_modified_time":"2023-11-09T17:10:27+00:00","author":"Winnie Geraldine Rodr\u00edguez Navarrete","twitter_card":"summary_large_image","twitter_creator":"@FiscaliaCol","twitter_site":"@FiscaliaCol","twitter_misc":{"Escrito por":"Winnie Geraldine Rodr\u00edguez Navarrete","Tiempo de lectura":"2 minutos"},"schema":{"@context":"https:\/\/schema.org","@graph":[{"@type":"Article","@id":"https:\/\/www.fiscalia.gov.co\/colombia\/noticias\/impactada-celula-de-la-subestructura-nicolas-urango-reyes-que-delinque-en-el-departamento-de-bolivar\/#article","isPartOf":{"@id":"https:\/\/www.fiscalia.gov.co\/colombia\/noticias\/impactada-celula-de-la-subestructura-nicolas-urango-reyes-que-delinque-en-el-departamento-de-bolivar\/"},"author":{"name":"Winnie Geraldine Rodr\u00edguez Navarrete","@id":"https:\/\/www.fiscalia.gov.co\/colombia\/#\/schema\/person\/176195b99ebab0a52aafa15197e1bf80"},"headline":"Impactada c\u00e9lula de la subestructura Nicol\u00e1s Urango Reyes que delinque en el departamento de Bol\u00edvar","datePublished":"2023-11-01T14:57:44+00:00","dateModified":"2023-11-09T17:10:27+00:00","mainEntityOfPage":{"@id":"https:\/\/www.fiscalia.gov.co\/colombia\/noticias\/impactada-celula-de-la-subestructura-nicolas-urango-reyes-que-delinque-en-el-departamento-de-bolivar\/"},"wordCount":487,"publisher":{"@id":"https:\/\/www.fiscalia.gov.co\/colombia\/#organization"},"keywords":["Autodefensas Gaitanistas de Colombia","Bol\u00edvar","Cartagena (Bol\u00edvar)","Concierto para delinquir","Extorsi\u00f3n","Fiscal\u00eda Colombia","Fiscal\u00eda General de la Naci\u00f3n","Polic\u00eda Nacional","porte ilegal de arma de fuego"],"articleSection":["Noticias","Seccional Cartagena","Seccionales"],"inLanguage":"es-CO"},{"@type":"WebPage","@id":"https:\/\/www.fiscalia.gov.co\/colombia\/noticias\/impactada-celula-de-la-subestructura-nicolas-urango-reyes-que-delinque-en-el-departamento-de-bolivar\/","url":"https:\/\/www.fiscalia.gov.co\/colombia\/noticias\/impactada-celula-de-la-subestructura-nicolas-urango-reyes-que-delinque-en-el-departamento-de-bolivar\/","name":"Fiscal\u00eda General de la Naci\u00f3n","isPartOf":{"@id":"https:\/\/www.fiscalia.gov.co\/colombia\/#website"},"datePublished":"2023-11-01T14:57:44+00:00","dateModified":"2023-11-09T17:10:27+00:00","description":"P\u00e1gina oficial de la Fiscal\u00eda General de la Naci\u00f3n \u2013 Colombia. Garantizamos el acceso efectivo a la justicia, la verdad y la reparaci\u00f3n de las v\u00edctimas de los delitos.","breadcrumb":{"@id":"https:\/\/www.fiscalia.gov.co\/colombia\/noticias\/impactada-celula-de-la-subestructura-nicolas-urango-reyes-que-delinque-en-el-departamento-de-bolivar\/#breadcrumb"},"inLanguage":"es-CO","potentialAction":[{"@type":"ReadAction","target":["https:\/\/www.fiscalia.gov.co\/colombia\/noticias\/impactada-celula-de-la-subestructura-nicolas-urango-reyes-que-delinque-en-el-departamento-de-bolivar\/"]}]},{"@type":"BreadcrumbList","@id":"https:\/\/www.fiscalia.gov.co\/colombia\/noticias\/impactada-celula-de-la-subestructura-nicolas-urango-reyes-que-delinque-en-el-departamento-de-bolivar\/#breadcrumb","itemListElement":[{"@type":"ListItem","position":1,"name":"Home","item":"https:\/\/www.fiscalia.gov.co\/colombia\/"},{"@type":"ListItem","position":2,"name":"Impactada c\u00e9lula de la subestructura Nicol\u00e1s Urango Reyes que delinque en el departamento de Bol\u00edvar"}]},{"@type":"WebSite","@id":"https:\/\/www.fiscalia.gov.co\/colombia\/#website","url":"https:\/\/www.fiscalia.gov.co\/colombia\/","name":"Fiscal\u00eda General de la Naci\u00f3n","description":"P\u00e1gina oficial de la Fiscal\u00eda General de la Naci\u00f3n \u2013 Colombia. Garantizamos el acceso efectivo a la justicia, la verdad y la reparaci\u00f3n de las v\u00edctimas de los delitos.","publisher":{"@id":"https:\/\/www.fiscalia.gov.co\/colombia\/#organization"},"potentialAction":[{"@type":"SearchAction","target":{"@type":"EntryPoint","urlTemplate":"https:\/\/www.fiscalia.gov.co\/colombia\/?s={search_term_string}"},"query-input":{"@type":"PropertyValueSpecification","valueRequired":true,"valueName":"search_term_string"}}],"inLanguage":"es-CO"},{"@type":"Organization","@id":"https:\/\/www.fiscalia.gov.co\/colombia\/#organization","name":"Fiscal\u00eda General de la Naci\u00f3n","url":"https:\/\/www.fiscalia.gov.co\/colombia\/","logo":{"@type":"ImageObject","inLanguage":"es-CO","@id":"https:\/\/www.fiscalia.gov.co\/colombia\/#\/schema\/logo\/image\/","url":"https:\/\/www.fiscalia.gov.co\/colombia\/wp-content\/uploads\/LogoHorizontal_1.jpg","contentUrl":"https:\/\/www.fiscalia.gov.co\/colombia\/wp-content\/uploads\/LogoHorizontal_1.jpg","width":300,"height":90,"caption":"Fiscal\u00eda General de la Naci\u00f3n"},"image":{"@id":"https:\/\/www.fiscalia.gov.co\/colombia\/#\/schema\/logo\/image\/"},"sameAs":["https:\/\/www.facebook.com\/FiscaliaCol","https:\/\/x.com\/FiscaliaCol","https:\/\/www.instagram.com\/fiscaliacol","https:\/\/www.linkedin.com\/company\/fiscalia-general-de-la-naci-n\/","https:\/\/youtube.com\/@fiscaliageneraldelanacion-4668?si=6nN79nyQICPU5iTh"]},{"@type":"Person","@id":"https:\/\/www.fiscalia.gov.co\/colombia\/#\/schema\/person\/176195b99ebab0a52aafa15197e1bf80","name":"Winnie Geraldine Rodr\u00edguez Navarrete","image":{"@type":"ImageObject","inLanguage":"es-CO","@id":"https:\/\/www.fiscalia.gov.co\/colombia\/#\/schema\/person\/image\/","url":"https:\/\/secure.gravatar.com\/avatar\/c24cf8481dc84fa5e8c7b20bc95ab0c6?s=96&d=mm&r=g","contentUrl":"https:\/\/secure.gravatar.com\/avatar\/c24cf8481dc84fa5e8c7b20bc95ab0c6?s=96&d=mm&r=g","caption":"Winnie Geraldine Rodr\u00edguez Navarrete"},"url":"https:\/\/www.fiscalia.gov.co\/colombia\/author\/winnierodriguez\/"}]}},"_links":{"self":[{"href":"https:\/\/www.fiscalia.gov.co\/colombia\/wp-json\/wp\/v2\/posts\/282566","targetHints":{"allow":["GET"]}}],"collection":[{"href":"https:\/\/www.fiscalia.gov.co\/colombia\/wp-json\/wp\/v2\/posts"}],"about":[{"href":"https:\/\/www.fiscalia.gov.co\/colombia\/wp-json\/wp\/v2\/types\/post"}],"author":[{"embeddable":true,"href":"https:\/\/www.fiscalia.gov.co\/colombia\/wp-json\/wp\/v2\/users\/178"}],"replies":[{"embeddable":true,"href":"https:\/\/www.fiscalia.gov.co\/colombia\/wp-json\/wp\/v2\/comments?post=282566"}],"version-history":[{"count":2,"href":"https:\/\/www.fiscalia.gov.co\/colombia\/wp-json\/wp\/v2\/posts\/282566\/revisions"}],"predecessor-version":[{"id":283049,"href":"https:\/\/www.fiscalia.gov.co\/colombia\/wp-json\/wp\/v2\/posts\/282566\/revisions\/283049"}],"wp:attachment":[{"href":"https:\/\/www.fiscalia.gov.co\/colombia\/wp-json\/wp\/v2\/media?parent=282566"}],"wp:term":[{"taxonomy":"category","embeddable":true,"href":"https:\/\/www.fiscalia.gov.co\/colombia\/wp-json\/wp\/v2\/categories?post=282566"},{"taxonomy":"post_tag","embeddable":true,"href":"https:\/\/www.fiscalia.gov.co\/colombia\/wp-json\/wp\/v2\/tags?post=282566"}],"curies":[{"name":"wp","href":"https:\/\/api.w.org\/{rel}","templated":true}]}}