{"id":282461,"date":"2023-10-31T08:53:40","date_gmt":"2023-10-31T13:53:40","guid":{"rendered":"https:\/\/www.fiscalia.gov.co\/colombia\/?p=282461"},"modified":"2023-10-31T08:53:40","modified_gmt":"2023-10-31T13:53:40","slug":"carcel-para-suegra-y-yerno-por-su-presunta-participacion-en-el-hurto-de-420-millones-en-lerida-tolima","status":"publish","type":"post","link":"https:\/\/www.fiscalia.gov.co\/colombia\/noticias\/carcel-para-suegra-y-yerno-por-su-presunta-participacion-en-el-hurto-de-420-millones-en-lerida-tolima\/","title":{"rendered":"C\u00e1rcel para suegra y yerno por su presunta participaci\u00f3n en el hurto de $420 millones en L\u00e9rida, Tolima"},"content":{"rendered":"<p>Gracias a las actividades investigativas adelantadas para esclarecer el hurto de $420 millones, suma extra\u00edda de una vivienda en L\u00e9rida (Tolima) en abril de este a\u00f1o, la Fiscal\u00eda a trav\u00e9s de su polic\u00eda judicial logr\u00f3 judicializar a dos personas por hurto calificado y agravado.<\/p>\n<p>Se trata de Daniel Francisco Galeano Ortiz y Ang\u00e9lica Mar\u00eda Bola\u00f1os Rodr\u00edguez detenidos durante diligencias de registro y allanamiento adelantadas por el CTI con el apoyo de la Polic\u00eda y el Ej\u00e9rcito en dos inmuebles de Ibagu\u00e9 este mi\u00e9rcoles 25 de octubre.<\/p>\n<p>La Fiscal\u00eda, a trav\u00e9s de un despacho local adscrito a la unidad de L\u00e9rida que lidera la investigaci\u00f3n, los se\u00f1ala de presuntamente haber unido voluntades para apropiarse del dinero de una persona de 70 a\u00f1os luego de hacer que la v\u00edctima pasara una noche fuera de su casa, con el fin de poder ingresar a la vivienda donde sab\u00edan se encontraba la cuantiosa suma de dinero por la venta de una finca.<\/p>\n<figure id=\"attachment_282463\" aria-describedby=\"caption-attachment-282463\" style=\"width: 424px\" class=\"wp-caption aligncenter\"><img loading=\"lazy\" decoding=\"async\" class=\" wp-image-282463\" src=\"https:\/\/www.fiscalia.gov.co\/colombia\/wp-content\/uploads\/capturados-por-hurto-lerida-tolima-300x172.jpeg\" alt=\"En la imagen se ven dos personas detenidas bajo custodia de un investigador del CTI, uno de la Polic\u00eda Nacional y un integrante del Ej\u00e9rcito. Detr\u00e1s backings institucionales. Adelante, una mesa con elementos incautados entre ellos una pistola, celulares y otros. \" width=\"424\" height=\"243\" srcset=\"https:\/\/www.fiscalia.gov.co\/colombia\/wp-content\/uploads\/capturados-por-hurto-lerida-tolima-300x172.jpeg 300w, https:\/\/www.fiscalia.gov.co\/colombia\/wp-content\/uploads\/capturados-por-hurto-lerida-tolima-1024x588.jpeg 1024w, https:\/\/www.fiscalia.gov.co\/colombia\/wp-content\/uploads\/capturados-por-hurto-lerida-tolima-768x441.jpeg 768w, https:\/\/www.fiscalia.gov.co\/colombia\/wp-content\/uploads\/capturados-por-hurto-lerida-tolima-696x400.jpeg 696w, https:\/\/www.fiscalia.gov.co\/colombia\/wp-content\/uploads\/capturados-por-hurto-lerida-tolima-1068x613.jpeg 1068w, https:\/\/www.fiscalia.gov.co\/colombia\/wp-content\/uploads\/capturados-por-hurto-lerida-tolima-731x420.jpeg 731w, https:\/\/www.fiscalia.gov.co\/colombia\/wp-content\/uploads\/capturados-por-hurto-lerida-tolima.jpeg 1290w\" sizes=\"auto, (max-width: 424px) 100vw, 424px\" \/><figcaption id=\"caption-attachment-282463\" class=\"wp-caption-text\">La pareja fue detenida en diligencias de registro y allanamiento en Ibagu\u00e9, Tolima. Est\u00e1n siendo investigados por el hurto de $420 millones de una vivienda en L\u00e9rida en abril de este a\u00f1o.<\/figcaption><\/figure>\n<p>La mujer quien tiene una amistad con la v\u00edctima, pas\u00f3 al parecer varios d\u00edas con \u00e9l en su casa. Para la fecha del 26 de abril le pidi\u00f3 que salieran y fue esa noche en que seg\u00fan las investigaciones se perpetr\u00f3 el hurto por parte de su yerno, Daniel.<\/p>\n<p>Al llegar al d\u00eda siguiente la v\u00edctima en compa\u00f1\u00eda de la hoy procesada, encontr\u00f3 la puerta abierta y de inmediato se dirigi\u00f3 a uno de los cuartos del primer piso donde ten\u00eda el dinero en efectivo bajo llave, percat\u00e1ndose que estaba el candado abierto. La mujer, seg\u00fan dichos del afectado, era la \u00fanica que sab\u00eda d\u00f3nde estaba el dinero.<\/p>\n<p>Actividades propias de polic\u00eda judicial como b\u00fasqueda selectiva en base de datos, interceptaciones a l\u00edneas telef\u00f3nicas, entre otras, dan cuenta que el hombre sali\u00f3 de su trabajo como vigilante en Ibagu\u00e9 y viaj\u00f3 al municipio de L\u00e9rida donde estuvo por cerca de cuatro horas, regresando a eso de las 10:00 de la noche.<\/p>\n<p>Entrevistas a testigos y otras informaciones recopiladas por los investigadores, dan cuenta que d\u00edas despu\u00e9s de ocurrido el hecho, el procesado y parientes cercanos empezaron a hacer compras por altas sumas de dinero como un celular de alta gama, una moto, e incluso termin\u00f3 de construir su casa, una de las viviendas allanadas en este procedimiento donde reside en la capital tolimense.<\/p>\n<p>Cabe resaltar que Galeano Ortiz tiene en su haber cuatro investigaciones activas, dos de ellas como indiciado por homicidio, y fue condenado en el a\u00f1o 2016 por el delito de tr\u00e1fico de estupefacientes.<\/p>\n<p>Durante las diligencias fueron incautados por los investigadores del Cuerpo T\u00e9cnico de Investigaci\u00f3n un arma de fuego traum\u00e1tica, tres equipos de telefon\u00eda celular, dos computadores y cuatro agendas con informaci\u00f3n contable de inter\u00e9s para la investigaci\u00f3n.<\/p>\n<p>Ambos fueron afectados con medida de aseguramiento privativa de la libertad en centro carcelario, luego de traslad\u00e1rseles escrito de acusaci\u00f3n por el delito en menci\u00f3n, mientras contin\u00faa la investigaci\u00f3n.<\/p>\n<p><b><u>La Fiscal\u00eda habla con resultados.\u00a0<\/u><\/b><\/p>\n<div><\/div>\n<p>&nbsp;<\/p>\n<p>PAAM\/LYBT\/DCG\/AMBV\/DST<\/p>\n<p>&nbsp;<\/p>\n<div><\/div>\n<div><\/div>\n<div><\/div>\n<div><\/div>\n<div><em>La informaci\u00f3n contenida en este bolet\u00edn de prensa corresponde a la narraci\u00f3n de los hechos noticiosos objetivos, suministrados por los funcionarios encargados de adelantar las investigaciones penales al interior de la Fiscal\u00eda General de la Naci\u00f3n. Para el momento de la divulgaci\u00f3n de este comunicado, la situaci\u00f3n jur\u00eddica de la(s) persona(s) relacionada(s) se encuentra pendiente de resolver por la autoridad\u00a0judicial competente, siempre bajo los preceptos de la presunci\u00f3n de inocencia, consagrados en el art\u00edculo 29 de la Constituci\u00f3n Pol\u00edtica y el art\u00edculo 7\u00ba de la Ley 906 de 2004.\u00a0<\/em><\/div>\n<p>&nbsp;<\/p>\n\n<div class=\"twitter-share\"><a href=\"https:\/\/twitter.com\/intent\/tweet?via=fiscaliacol\" class=\"twitter-share-button\">Tweet<\/a><\/div>\n","protected":false},"excerpt":{"rendered":"<p>Gracias a las actividades investigativas adelantadas para esclarecer el hurto de $420 millones, suma extra\u00edda de una vivienda en L\u00e9rida (Tolima) en abril de este a\u00f1o, la Fiscal\u00eda a trav\u00e9s de su polic\u00eda judicial logr\u00f3 judicializar a dos personas por hurto calificado y agravado. Se trata de Daniel Francisco Galeano Ortiz y Ang\u00e9lica Mar\u00eda Bola\u00f1os [&hellip;]<\/p>\n","protected":false},"author":178,"featured_media":0,"comment_status":"closed","ping_status":"open","sticky":false,"template":"","format":"standard","meta":{"_price":"","_stock":"","_tribe_ticket_header":"","_tribe_default_ticket_provider":"","_tribe_ticket_capacity":"0","_ticket_start_date":"","_ticket_end_date":"","_tribe_ticket_show_description":"","_tribe_ticket_show_not_going":false,"_tribe_ticket_use_global_stock":"","_tribe_ticket_global_stock_level":"","_global_stock_mode":"","_global_stock_cap":"","_tribe_rsvp_for_event":"","_tribe_ticket_going_count":"","_tribe_ticket_not_going_count":"","_tribe_tickets_list":"[]","_tribe_ticket_has_attendee_info_fields":false,"tdm_status":"","tdm_grid_status":"","footnotes":""},"categories":[1,329,303],"tags":[25850,3148,45,27691,667,1540,1047,7451,23838,23914,32155,558,24211,14396,12189,19926,36061],"class_list":{"0":"post-282461","1":"post","2":"type-post","3":"status-publish","4":"format-standard","6":"category-noticias","7":"category-seccional-ibague","8":"category-seccionales","9":"tag-alcalde-de-ibague","10":"tag-allanamiento","11":"tag-cti","12":"tag-cunado","13":"tag-ejercito","14":"tag-finca","15":"tag-fiscalia-general-de-la-nacion","16":"tag-hurto-calificado-y-agravado","17":"tag-ibague","18":"tag-lerida","19":"tag-lerida-tolima","20":"tag-policia-nacional","21":"tag-seccional-tolima","22":"tag-suegra","23":"tag-tolima","24":"tag-vigilante","25":"tag-yernos"},"yoast_head":"<!-- This site is optimized with the Yoast SEO plugin v24.3 - https:\/\/yoast.com\/wordpress\/plugins\/seo\/ -->\n<title>Fiscal\u00eda General de la Naci\u00f3n<\/title>\n<meta name=\"description\" content=\"P\u00e1gina oficial de la Fiscal\u00eda General de la Naci\u00f3n \u2013 Colombia. Garantizamos el acceso efectivo a la justicia, la verdad y la reparaci\u00f3n de las v\u00edctimas de los delitos.\" \/>\n<meta name=\"robots\" content=\"noindex, follow\" \/>\n<meta property=\"og:locale\" content=\"es_ES\" \/>\n<meta property=\"og:type\" content=\"article\" \/>\n<meta property=\"og:title\" content=\"Fiscal\u00eda General de la Naci\u00f3n\" \/>\n<meta property=\"og:description\" content=\"P\u00e1gina oficial de la Fiscal\u00eda General de la Naci\u00f3n \u2013 Colombia. Garantizamos el acceso efectivo a la justicia, la verdad y la reparaci\u00f3n de las v\u00edctimas de los delitos.\" \/>\n<meta property=\"og:url\" content=\"https:\/\/www.fiscalia.gov.co\/colombia\/noticias\/carcel-para-suegra-y-yerno-por-su-presunta-participacion-en-el-hurto-de-420-millones-en-lerida-tolima\/\" \/>\n<meta property=\"og:site_name\" content=\"Fiscal\u00eda General de la Naci\u00f3n\" \/>\n<meta property=\"article:publisher\" content=\"https:\/\/www.facebook.com\/FiscaliaCol\" \/>\n<meta property=\"article:published_time\" content=\"2023-10-31T13:53:40+00:00\" \/>\n<meta property=\"og:image\" content=\"https:\/\/www.fiscalia.gov.co\/colombia\/wp-content\/uploads\/capturados-por-hurto-lerida-tolima-300x172.jpeg\" \/>\n<meta name=\"author\" content=\"Winnie Geraldine Rodr\u00edguez Navarrete\" \/>\n<meta name=\"twitter:card\" content=\"summary_large_image\" \/>\n<meta name=\"twitter:creator\" content=\"@FiscaliaCol\" \/>\n<meta name=\"twitter:site\" content=\"@FiscaliaCol\" \/>\n<meta name=\"twitter:label1\" content=\"Escrito por\" \/>\n\t<meta name=\"twitter:data1\" content=\"Winnie Geraldine Rodr\u00edguez Navarrete\" \/>\n\t<meta name=\"twitter:label2\" content=\"Tiempo de lectura\" \/>\n\t<meta name=\"twitter:data2\" content=\"4 minutos\" \/>\n<script type=\"application\/ld+json\" class=\"yoast-schema-graph\">{\"@context\":\"https:\/\/schema.org\",\"@graph\":[{\"@type\":\"Article\",\"@id\":\"https:\/\/www.fiscalia.gov.co\/colombia\/noticias\/carcel-para-suegra-y-yerno-por-su-presunta-participacion-en-el-hurto-de-420-millones-en-lerida-tolima\/#article\",\"isPartOf\":{\"@id\":\"https:\/\/www.fiscalia.gov.co\/colombia\/noticias\/carcel-para-suegra-y-yerno-por-su-presunta-participacion-en-el-hurto-de-420-millones-en-lerida-tolima\/\"},\"author\":{\"name\":\"Winnie Geraldine Rodr\u00edguez Navarrete\",\"@id\":\"https:\/\/www.fiscalia.gov.co\/colombia\/#\/schema\/person\/176195b99ebab0a52aafa15197e1bf80\"},\"headline\":\"C\u00e1rcel para suegra y yerno por su presunta participaci\u00f3n en el hurto de $420 millones en L\u00e9rida, Tolima\",\"datePublished\":\"2023-10-31T13:53:40+00:00\",\"dateModified\":\"2023-10-31T13:53:40+00:00\",\"mainEntityOfPage\":{\"@id\":\"https:\/\/www.fiscalia.gov.co\/colombia\/noticias\/carcel-para-suegra-y-yerno-por-su-presunta-participacion-en-el-hurto-de-420-millones-en-lerida-tolima\/\"},\"wordCount\":703,\"publisher\":{\"@id\":\"https:\/\/www.fiscalia.gov.co\/colombia\/#organization\"},\"image\":{\"@id\":\"https:\/\/www.fiscalia.gov.co\/colombia\/noticias\/carcel-para-suegra-y-yerno-por-su-presunta-participacion-en-el-hurto-de-420-millones-en-lerida-tolima\/#primaryimage\"},\"thumbnailUrl\":\"https:\/\/www.fiscalia.gov.co\/colombia\/wp-content\/uploads\/capturados-por-hurto-lerida-tolima-300x172.jpeg\",\"keywords\":[\"alcalde de Ibagu\u00e9\",\"Allanamiento\",\"CTI\",\"cu\u00f1ado\",\"Ej\u00e9rcito\",\"Finca\",\"Fiscal\u00eda General de la Naci\u00f3n\",\"hurto calificado y agravado\",\"Ibagu\u00e9\",\"L\u00e9rida\",\"L\u00e9rida (Tolima)\",\"Polic\u00eda Nacional\",\"Seccional Tolima\",\"Suegra\",\"Tolima\",\"Vigilante\",\"yernos\"],\"articleSection\":[\"Noticias\",\"Seccional Ibagu\u00e9\",\"Seccionales\"],\"inLanguage\":\"es-CO\"},{\"@type\":\"WebPage\",\"@id\":\"https:\/\/www.fiscalia.gov.co\/colombia\/noticias\/carcel-para-suegra-y-yerno-por-su-presunta-participacion-en-el-hurto-de-420-millones-en-lerida-tolima\/\",\"url\":\"https:\/\/www.fiscalia.gov.co\/colombia\/noticias\/carcel-para-suegra-y-yerno-por-su-presunta-participacion-en-el-hurto-de-420-millones-en-lerida-tolima\/\",\"name\":\"Fiscal\u00eda General de la Naci\u00f3n\",\"isPartOf\":{\"@id\":\"https:\/\/www.fiscalia.gov.co\/colombia\/#website\"},\"primaryImageOfPage\":{\"@id\":\"https:\/\/www.fiscalia.gov.co\/colombia\/noticias\/carcel-para-suegra-y-yerno-por-su-presunta-participacion-en-el-hurto-de-420-millones-en-lerida-tolima\/#primaryimage\"},\"image\":{\"@id\":\"https:\/\/www.fiscalia.gov.co\/colombia\/noticias\/carcel-para-suegra-y-yerno-por-su-presunta-participacion-en-el-hurto-de-420-millones-en-lerida-tolima\/#primaryimage\"},\"thumbnailUrl\":\"https:\/\/www.fiscalia.gov.co\/colombia\/wp-content\/uploads\/capturados-por-hurto-lerida-tolima-300x172.jpeg\",\"datePublished\":\"2023-10-31T13:53:40+00:00\",\"dateModified\":\"2023-10-31T13:53:40+00:00\",\"description\":\"P\u00e1gina oficial de la Fiscal\u00eda General de la Naci\u00f3n \u2013 Colombia. Garantizamos el acceso efectivo a la justicia, la verdad y la reparaci\u00f3n de las v\u00edctimas de los delitos.\",\"breadcrumb\":{\"@id\":\"https:\/\/www.fiscalia.gov.co\/colombia\/noticias\/carcel-para-suegra-y-yerno-por-su-presunta-participacion-en-el-hurto-de-420-millones-en-lerida-tolima\/#breadcrumb\"},\"inLanguage\":\"es-CO\",\"potentialAction\":[{\"@type\":\"ReadAction\",\"target\":[\"https:\/\/www.fiscalia.gov.co\/colombia\/noticias\/carcel-para-suegra-y-yerno-por-su-presunta-participacion-en-el-hurto-de-420-millones-en-lerida-tolima\/\"]}]},{\"@type\":\"ImageObject\",\"inLanguage\":\"es-CO\",\"@id\":\"https:\/\/www.fiscalia.gov.co\/colombia\/noticias\/carcel-para-suegra-y-yerno-por-su-presunta-participacion-en-el-hurto-de-420-millones-en-lerida-tolima\/#primaryimage\",\"url\":\"https:\/\/www.fiscalia.gov.co\/colombia\/wp-content\/uploads\/capturados-por-hurto-lerida-tolima-300x172.jpeg\",\"contentUrl\":\"https:\/\/www.fiscalia.gov.co\/colombia\/wp-content\/uploads\/capturados-por-hurto-lerida-tolima-300x172.jpeg\"},{\"@type\":\"BreadcrumbList\",\"@id\":\"https:\/\/www.fiscalia.gov.co\/colombia\/noticias\/carcel-para-suegra-y-yerno-por-su-presunta-participacion-en-el-hurto-de-420-millones-en-lerida-tolima\/#breadcrumb\",\"itemListElement\":[{\"@type\":\"ListItem\",\"position\":1,\"name\":\"Home\",\"item\":\"https:\/\/www.fiscalia.gov.co\/colombia\/\"},{\"@type\":\"ListItem\",\"position\":2,\"name\":\"C\u00e1rcel para suegra y yerno por su presunta participaci\u00f3n en el hurto de $420 millones en L\u00e9rida, Tolima\"}]},{\"@type\":\"WebSite\",\"@id\":\"https:\/\/www.fiscalia.gov.co\/colombia\/#website\",\"url\":\"https:\/\/www.fiscalia.gov.co\/colombia\/\",\"name\":\"Fiscal\u00eda General de la Naci\u00f3n\",\"description\":\"P\u00e1gina oficial de la Fiscal\u00eda General de la Naci\u00f3n \u2013 Colombia. Garantizamos el acceso efectivo a la justicia, la verdad y la reparaci\u00f3n de las v\u00edctimas de los delitos.\",\"publisher\":{\"@id\":\"https:\/\/www.fiscalia.gov.co\/colombia\/#organization\"},\"potentialAction\":[{\"@type\":\"SearchAction\",\"target\":{\"@type\":\"EntryPoint\",\"urlTemplate\":\"https:\/\/www.fiscalia.gov.co\/colombia\/?s={search_term_string}\"},\"query-input\":{\"@type\":\"PropertyValueSpecification\",\"valueRequired\":true,\"valueName\":\"search_term_string\"}}],\"inLanguage\":\"es-CO\"},{\"@type\":\"Organization\",\"@id\":\"https:\/\/www.fiscalia.gov.co\/colombia\/#organization\",\"name\":\"Fiscal\u00eda General de la Naci\u00f3n\",\"url\":\"https:\/\/www.fiscalia.gov.co\/colombia\/\",\"logo\":{\"@type\":\"ImageObject\",\"inLanguage\":\"es-CO\",\"@id\":\"https:\/\/www.fiscalia.gov.co\/colombia\/#\/schema\/logo\/image\/\",\"url\":\"https:\/\/www.fiscalia.gov.co\/colombia\/wp-content\/uploads\/LogoHorizontal_1.jpg\",\"contentUrl\":\"https:\/\/www.fiscalia.gov.co\/colombia\/wp-content\/uploads\/LogoHorizontal_1.jpg\",\"width\":300,\"height\":90,\"caption\":\"Fiscal\u00eda General de la Naci\u00f3n\"},\"image\":{\"@id\":\"https:\/\/www.fiscalia.gov.co\/colombia\/#\/schema\/logo\/image\/\"},\"sameAs\":[\"https:\/\/www.facebook.com\/FiscaliaCol\",\"https:\/\/x.com\/FiscaliaCol\",\"https:\/\/www.instagram.com\/fiscaliacol\",\"https:\/\/www.linkedin.com\/company\/fiscalia-general-de-la-naci-n\/\",\"https:\/\/youtube.com\/@fiscaliageneraldelanacion-4668?si=6nN79nyQICPU5iTh\"]},{\"@type\":\"Person\",\"@id\":\"https:\/\/www.fiscalia.gov.co\/colombia\/#\/schema\/person\/176195b99ebab0a52aafa15197e1bf80\",\"name\":\"Winnie Geraldine Rodr\u00edguez Navarrete\",\"image\":{\"@type\":\"ImageObject\",\"inLanguage\":\"es-CO\",\"@id\":\"https:\/\/www.fiscalia.gov.co\/colombia\/#\/schema\/person\/image\/\",\"url\":\"https:\/\/secure.gravatar.com\/avatar\/c24cf8481dc84fa5e8c7b20bc95ab0c6?s=96&d=mm&r=g\",\"contentUrl\":\"https:\/\/secure.gravatar.com\/avatar\/c24cf8481dc84fa5e8c7b20bc95ab0c6?s=96&d=mm&r=g\",\"caption\":\"Winnie Geraldine Rodr\u00edguez Navarrete\"},\"url\":\"https:\/\/www.fiscalia.gov.co\/colombia\/author\/winnierodriguez\/\"}]}<\/script>\n<!-- \/ Yoast SEO plugin. -->","yoast_head_json":{"title":"Fiscal\u00eda General de la Naci\u00f3n","description":"P\u00e1gina oficial de la Fiscal\u00eda General de la Naci\u00f3n \u2013 Colombia. Garantizamos el acceso efectivo a la justicia, la verdad y la reparaci\u00f3n de las v\u00edctimas de los delitos.","robots":{"index":"noindex","follow":"follow"},"og_locale":"es_ES","og_type":"article","og_title":"Fiscal\u00eda General de la Naci\u00f3n","og_description":"P\u00e1gina oficial de la Fiscal\u00eda General de la Naci\u00f3n \u2013 Colombia. Garantizamos el acceso efectivo a la justicia, la verdad y la reparaci\u00f3n de las v\u00edctimas de los delitos.","og_url":"https:\/\/www.fiscalia.gov.co\/colombia\/noticias\/carcel-para-suegra-y-yerno-por-su-presunta-participacion-en-el-hurto-de-420-millones-en-lerida-tolima\/","og_site_name":"Fiscal\u00eda General de la Naci\u00f3n","article_publisher":"https:\/\/www.facebook.com\/FiscaliaCol","article_published_time":"2023-10-31T13:53:40+00:00","og_image":[{"url":"https:\/\/www.fiscalia.gov.co\/colombia\/wp-content\/uploads\/capturados-por-hurto-lerida-tolima-300x172.jpeg","type":"","width":"","height":""}],"author":"Winnie Geraldine Rodr\u00edguez Navarrete","twitter_card":"summary_large_image","twitter_creator":"@FiscaliaCol","twitter_site":"@FiscaliaCol","twitter_misc":{"Escrito por":"Winnie Geraldine Rodr\u00edguez Navarrete","Tiempo de lectura":"4 minutos"},"schema":{"@context":"https:\/\/schema.org","@graph":[{"@type":"Article","@id":"https:\/\/www.fiscalia.gov.co\/colombia\/noticias\/carcel-para-suegra-y-yerno-por-su-presunta-participacion-en-el-hurto-de-420-millones-en-lerida-tolima\/#article","isPartOf":{"@id":"https:\/\/www.fiscalia.gov.co\/colombia\/noticias\/carcel-para-suegra-y-yerno-por-su-presunta-participacion-en-el-hurto-de-420-millones-en-lerida-tolima\/"},"author":{"name":"Winnie Geraldine Rodr\u00edguez Navarrete","@id":"https:\/\/www.fiscalia.gov.co\/colombia\/#\/schema\/person\/176195b99ebab0a52aafa15197e1bf80"},"headline":"C\u00e1rcel para suegra y yerno por su presunta participaci\u00f3n en el hurto de $420 millones en L\u00e9rida, Tolima","datePublished":"2023-10-31T13:53:40+00:00","dateModified":"2023-10-31T13:53:40+00:00","mainEntityOfPage":{"@id":"https:\/\/www.fiscalia.gov.co\/colombia\/noticias\/carcel-para-suegra-y-yerno-por-su-presunta-participacion-en-el-hurto-de-420-millones-en-lerida-tolima\/"},"wordCount":703,"publisher":{"@id":"https:\/\/www.fiscalia.gov.co\/colombia\/#organization"},"image":{"@id":"https:\/\/www.fiscalia.gov.co\/colombia\/noticias\/carcel-para-suegra-y-yerno-por-su-presunta-participacion-en-el-hurto-de-420-millones-en-lerida-tolima\/#primaryimage"},"thumbnailUrl":"https:\/\/www.fiscalia.gov.co\/colombia\/wp-content\/uploads\/capturados-por-hurto-lerida-tolima-300x172.jpeg","keywords":["alcalde de Ibagu\u00e9","Allanamiento","CTI","cu\u00f1ado","Ej\u00e9rcito","Finca","Fiscal\u00eda General de la Naci\u00f3n","hurto calificado y agravado","Ibagu\u00e9","L\u00e9rida","L\u00e9rida (Tolima)","Polic\u00eda Nacional","Seccional Tolima","Suegra","Tolima","Vigilante","yernos"],"articleSection":["Noticias","Seccional Ibagu\u00e9","Seccionales"],"inLanguage":"es-CO"},{"@type":"WebPage","@id":"https:\/\/www.fiscalia.gov.co\/colombia\/noticias\/carcel-para-suegra-y-yerno-por-su-presunta-participacion-en-el-hurto-de-420-millones-en-lerida-tolima\/","url":"https:\/\/www.fiscalia.gov.co\/colombia\/noticias\/carcel-para-suegra-y-yerno-por-su-presunta-participacion-en-el-hurto-de-420-millones-en-lerida-tolima\/","name":"Fiscal\u00eda General de la Naci\u00f3n","isPartOf":{"@id":"https:\/\/www.fiscalia.gov.co\/colombia\/#website"},"primaryImageOfPage":{"@id":"https:\/\/www.fiscalia.gov.co\/colombia\/noticias\/carcel-para-suegra-y-yerno-por-su-presunta-participacion-en-el-hurto-de-420-millones-en-lerida-tolima\/#primaryimage"},"image":{"@id":"https:\/\/www.fiscalia.gov.co\/colombia\/noticias\/carcel-para-suegra-y-yerno-por-su-presunta-participacion-en-el-hurto-de-420-millones-en-lerida-tolima\/#primaryimage"},"thumbnailUrl":"https:\/\/www.fiscalia.gov.co\/colombia\/wp-content\/uploads\/capturados-por-hurto-lerida-tolima-300x172.jpeg","datePublished":"2023-10-31T13:53:40+00:00","dateModified":"2023-10-31T13:53:40+00:00","description":"P\u00e1gina oficial de la Fiscal\u00eda General de la Naci\u00f3n \u2013 Colombia. Garantizamos el acceso efectivo a la justicia, la verdad y la reparaci\u00f3n de las v\u00edctimas de los delitos.","breadcrumb":{"@id":"https:\/\/www.fiscalia.gov.co\/colombia\/noticias\/carcel-para-suegra-y-yerno-por-su-presunta-participacion-en-el-hurto-de-420-millones-en-lerida-tolima\/#breadcrumb"},"inLanguage":"es-CO","potentialAction":[{"@type":"ReadAction","target":["https:\/\/www.fiscalia.gov.co\/colombia\/noticias\/carcel-para-suegra-y-yerno-por-su-presunta-participacion-en-el-hurto-de-420-millones-en-lerida-tolima\/"]}]},{"@type":"ImageObject","inLanguage":"es-CO","@id":"https:\/\/www.fiscalia.gov.co\/colombia\/noticias\/carcel-para-suegra-y-yerno-por-su-presunta-participacion-en-el-hurto-de-420-millones-en-lerida-tolima\/#primaryimage","url":"https:\/\/www.fiscalia.gov.co\/colombia\/wp-content\/uploads\/capturados-por-hurto-lerida-tolima-300x172.jpeg","contentUrl":"https:\/\/www.fiscalia.gov.co\/colombia\/wp-content\/uploads\/capturados-por-hurto-lerida-tolima-300x172.jpeg"},{"@type":"BreadcrumbList","@id":"https:\/\/www.fiscalia.gov.co\/colombia\/noticias\/carcel-para-suegra-y-yerno-por-su-presunta-participacion-en-el-hurto-de-420-millones-en-lerida-tolima\/#breadcrumb","itemListElement":[{"@type":"ListItem","position":1,"name":"Home","item":"https:\/\/www.fiscalia.gov.co\/colombia\/"},{"@type":"ListItem","position":2,"name":"C\u00e1rcel para suegra y yerno por su presunta participaci\u00f3n en el hurto de $420 millones en L\u00e9rida, Tolima"}]},{"@type":"WebSite","@id":"https:\/\/www.fiscalia.gov.co\/colombia\/#website","url":"https:\/\/www.fiscalia.gov.co\/colombia\/","name":"Fiscal\u00eda General de la Naci\u00f3n","description":"P\u00e1gina oficial de la Fiscal\u00eda General de la Naci\u00f3n \u2013 Colombia. Garantizamos el acceso efectivo a la justicia, la verdad y la reparaci\u00f3n de las v\u00edctimas de los delitos.","publisher":{"@id":"https:\/\/www.fiscalia.gov.co\/colombia\/#organization"},"potentialAction":[{"@type":"SearchAction","target":{"@type":"EntryPoint","urlTemplate":"https:\/\/www.fiscalia.gov.co\/colombia\/?s={search_term_string}"},"query-input":{"@type":"PropertyValueSpecification","valueRequired":true,"valueName":"search_term_string"}}],"inLanguage":"es-CO"},{"@type":"Organization","@id":"https:\/\/www.fiscalia.gov.co\/colombia\/#organization","name":"Fiscal\u00eda General de la Naci\u00f3n","url":"https:\/\/www.fiscalia.gov.co\/colombia\/","logo":{"@type":"ImageObject","inLanguage":"es-CO","@id":"https:\/\/www.fiscalia.gov.co\/colombia\/#\/schema\/logo\/image\/","url":"https:\/\/www.fiscalia.gov.co\/colombia\/wp-content\/uploads\/LogoHorizontal_1.jpg","contentUrl":"https:\/\/www.fiscalia.gov.co\/colombia\/wp-content\/uploads\/LogoHorizontal_1.jpg","width":300,"height":90,"caption":"Fiscal\u00eda General de la Naci\u00f3n"},"image":{"@id":"https:\/\/www.fiscalia.gov.co\/colombia\/#\/schema\/logo\/image\/"},"sameAs":["https:\/\/www.facebook.com\/FiscaliaCol","https:\/\/x.com\/FiscaliaCol","https:\/\/www.instagram.com\/fiscaliacol","https:\/\/www.linkedin.com\/company\/fiscalia-general-de-la-naci-n\/","https:\/\/youtube.com\/@fiscaliageneraldelanacion-4668?si=6nN79nyQICPU5iTh"]},{"@type":"Person","@id":"https:\/\/www.fiscalia.gov.co\/colombia\/#\/schema\/person\/176195b99ebab0a52aafa15197e1bf80","name":"Winnie Geraldine Rodr\u00edguez Navarrete","image":{"@type":"ImageObject","inLanguage":"es-CO","@id":"https:\/\/www.fiscalia.gov.co\/colombia\/#\/schema\/person\/image\/","url":"https:\/\/secure.gravatar.com\/avatar\/c24cf8481dc84fa5e8c7b20bc95ab0c6?s=96&d=mm&r=g","contentUrl":"https:\/\/secure.gravatar.com\/avatar\/c24cf8481dc84fa5e8c7b20bc95ab0c6?s=96&d=mm&r=g","caption":"Winnie Geraldine Rodr\u00edguez Navarrete"},"url":"https:\/\/www.fiscalia.gov.co\/colombia\/author\/winnierodriguez\/"}]}},"_links":{"self":[{"href":"https:\/\/www.fiscalia.gov.co\/colombia\/wp-json\/wp\/v2\/posts\/282461","targetHints":{"allow":["GET"]}}],"collection":[{"href":"https:\/\/www.fiscalia.gov.co\/colombia\/wp-json\/wp\/v2\/posts"}],"about":[{"href":"https:\/\/www.fiscalia.gov.co\/colombia\/wp-json\/wp\/v2\/types\/post"}],"author":[{"embeddable":true,"href":"https:\/\/www.fiscalia.gov.co\/colombia\/wp-json\/wp\/v2\/users\/178"}],"replies":[{"embeddable":true,"href":"https:\/\/www.fiscalia.gov.co\/colombia\/wp-json\/wp\/v2\/comments?post=282461"}],"version-history":[{"count":2,"href":"https:\/\/www.fiscalia.gov.co\/colombia\/wp-json\/wp\/v2\/posts\/282461\/revisions"}],"predecessor-version":[{"id":282464,"href":"https:\/\/www.fiscalia.gov.co\/colombia\/wp-json\/wp\/v2\/posts\/282461\/revisions\/282464"}],"wp:attachment":[{"href":"https:\/\/www.fiscalia.gov.co\/colombia\/wp-json\/wp\/v2\/media?parent=282461"}],"wp:term":[{"taxonomy":"category","embeddable":true,"href":"https:\/\/www.fiscalia.gov.co\/colombia\/wp-json\/wp\/v2\/categories?post=282461"},{"taxonomy":"post_tag","embeddable":true,"href":"https:\/\/www.fiscalia.gov.co\/colombia\/wp-json\/wp\/v2\/tags?post=282461"}],"curies":[{"name":"wp","href":"https:\/\/api.w.org\/{rel}","templated":true}]}}