{"id":282374,"date":"2023-10-28T10:35:02","date_gmt":"2023-10-28T15:35:02","guid":{"rendered":"https:\/\/www.fiscalia.gov.co\/colombia\/?p=282374"},"modified":"2023-10-28T10:35:02","modified_gmt":"2023-10-28T15:35:02","slug":"a-la-carcel-hombre-que-habria-amenazado-de-muerte-e-intentado-agredir-a-una-magistrada-de-santa-marta-porque-fallo-una-tutela-en-contra-de-su-pareja","status":"publish","type":"post","link":"https:\/\/www.fiscalia.gov.co\/colombia\/noticias\/a-la-carcel-hombre-que-habria-amenazado-de-muerte-e-intentado-agredir-a-una-magistrada-de-santa-marta-porque-fallo-una-tutela-en-contra-de-su-pareja\/","title":{"rendered":"A la c\u00e1rcel hombre que habr\u00eda amenazado de muerte e intentado agredir a una magistrada de Santa Marta porque fall\u00f3 una tutela en contra de su pareja"},"content":{"rendered":"<blockquote>\n<h4 style=\"text-align: left;\"><strong><em>El se\u00f1alado agresor, conocido como \u2018El Mono Abello\u2019, fue extraditado a Estados Unidos a finales de la d\u00e9cada de los ochenta y condenado por narcotr\u00e1fico.<\/em><\/strong><\/h4>\n<\/blockquote>\n<p>&nbsp;<\/p>\n<p>La Fiscal\u00eda General de la Naci\u00f3n logr\u00f3 la judicializaci\u00f3n de Jos\u00e9 Rafael Abello Silva, como posible responsable de amenazar de muerte a una magistrada de la Sala Civil del Tribunal Superior de Santa Marta (Magdalena) porque rechaz\u00f3 una tutela interpuesta por su compa\u00f1era sentimental.<\/p>\n<p>Los hechos investigados ocurrieron la noche del 6 de julio de 2022, en la iglesia La Eucarist\u00eda, ubicada en el barrio Bavaria de Santa Marta. Al t\u00e9rmino de una celebraci\u00f3n religiosa, el hombre se acerc\u00f3 a la funcionaria judicial y, al parecer, en medio de gritos la intimid\u00f3 por un fallo que hab\u00eda emitido seis a\u00f1os atr\u00e1s, el cual iba en contra de los intereses de su pareja.<\/p>\n<p>Los elementos de prueba dan cuenta de que Abello Silva, presuntamente, hizo se\u00f1alamientos en contra de la integridad y la vida de la magistrada, e intent\u00f3 golpearla. La intervenci\u00f3n de un feligr\u00e9s impidi\u00f3 que el ataque se consumara.<\/p>\n<p>Por todo lo anterior, fiscales del Grupo de Amenazas de la Direcci\u00f3n Especializada contra las Violaciones a los Derechos Humanos y de la Seccional Magdalena obtuvieron orden de captura en contra del posible agresor, la cual fue materializada por personal del CTI en Santa Marta.<\/p>\n<p>El detenido fue presentado ante un juez de control de garant\u00edas e imputado por el delito de amenazas contra defensores de derechos humanos y servidores p\u00fablicos. Jos\u00e9 Rafael Abello Silva no acept\u00f3 el cargo y deber\u00e1 cumplir medida de aseguramiento privativa de la libertad en centro carcelario.<\/p>\n<p>Para la Fiscal\u00eda, el investigado, conocido como \u2018El Mono Abello\u2019, ser\u00eda proclive al delito y representar\u00eda un riesgo real para la comunidad y para la v\u00edctima, quien merece especial protecci\u00f3n por su condici\u00f3n de mujer, funcionaria y representante de la administraci\u00f3n de justicia. En ese sentido, se solicitaron medidas especiales para garantizar la vida y la seguridad de la magistrada afectada.<\/p>\n<p>Los registros oficiales indican que en contra de Abello Silva hay varios requerimientos judiciales por diferentes delitos. Adicionalmente, a finales de los a\u00f1os ochenta fue extraditado a Estados Unidos y condenado en ese pa\u00eds por cargos relacionados con narcotr\u00e1fico. En 2021, fue deportado a Colombia luego de cumplir pena.<\/p>\n<p>CMRM\/JARG\/HATP\/DECVDH\/<\/p>\n<p><strong><u>La Fiscal\u00eda habla con resultados.<\/u><\/strong><\/p>\n<p>&nbsp;<\/p>\n<div class=\"td-post-content tagdiv-type\">\n<div class=\"td-post-content tagdiv-type\">\n<p><em>La informaci\u00f3n contenida en este bolet\u00edn de prensa corresponde a la narraci\u00f3n de los hechos noticiosos objetivos, y las investigaciones penales al interior de la Fiscal\u00eda General de la Naci\u00f3n. Para el momento de la divulgaci\u00f3n de este comunicado, la situaci\u00f3n jur\u00eddica de la(s) persona(s) relacionada(s) se encuentra pendiente de resolver por la autoridad judicial competente, siempre bajo los preceptos de la presunci\u00f3n de inocencia, consagrados en el art\u00edculo 29 de la Constituci\u00f3n Pol\u00edtica y el art\u00edculo 7\u00ba de la Ley 906 de 2004.<\/em><\/p>\n<\/div>\n<footer>\n<div class=\"td-post-source-tags\"><\/div>\n<div class=\"td-post-sharing-bottom\"><\/div>\n<\/footer>\n<\/div>\n<footer>\n<div class=\"td-post-source-tags\"><\/div>\n<div class=\"td-post-sharing-bottom\"><\/div>\n<\/footer>\n\n<div class=\"twitter-share\"><a href=\"https:\/\/twitter.com\/intent\/tweet?via=fiscaliacol\" class=\"twitter-share-button\">Tweet<\/a><\/div>\n","protected":false},"excerpt":{"rendered":"<p>El se\u00f1alado agresor, conocido como \u2018El Mono Abello\u2019, fue extraditado a Estados Unidos a finales de la d\u00e9cada de los ochenta y condenado por narcotr\u00e1fico. &nbsp; La Fiscal\u00eda General de la Naci\u00f3n logr\u00f3 la judicializaci\u00f3n de Jos\u00e9 Rafael Abello Silva, como posible responsable de amenazar de muerte a una magistrada de la Sala Civil del [&hellip;]<\/p>\n","protected":false},"author":175,"featured_media":0,"comment_status":"closed","ping_status":"open","sticky":false,"template":"","format":"standard","meta":{"tdm_status":"","tdm_grid_status":"","footnotes":""},"categories":[24102,1],"tags":[24189],"class_list":{"0":"post-282374","1":"post","2":"type-post","3":"status-publish","4":"format-standard","6":"category-derechos-humanos","7":"category-noticias","8":"tag-fiscal-francisco-barbosa-delgado"},"yoast_head":"<!-- This site is optimized with the Yoast SEO plugin v24.3 - https:\/\/yoast.com\/wordpress\/plugins\/seo\/ -->\n<title>Fiscal\u00eda General de la Naci\u00f3n<\/title>\n<meta name=\"description\" content=\"P\u00e1gina oficial de la Fiscal\u00eda General de la Naci\u00f3n \u2013 Colombia. Garantizamos el acceso efectivo a la justicia, la verdad y la reparaci\u00f3n de las v\u00edctimas de los delitos.\" \/>\n<meta name=\"robots\" content=\"noindex, follow\" \/>\n<meta property=\"og:locale\" content=\"es_ES\" \/>\n<meta property=\"og:type\" content=\"article\" \/>\n<meta property=\"og:title\" content=\"Fiscal\u00eda General de la Naci\u00f3n\" \/>\n<meta property=\"og:description\" content=\"P\u00e1gina oficial de la Fiscal\u00eda General de la Naci\u00f3n \u2013 Colombia. Garantizamos el acceso efectivo a la justicia, la verdad y la reparaci\u00f3n de las v\u00edctimas de los delitos.\" \/>\n<meta property=\"og:url\" content=\"https:\/\/www.fiscalia.gov.co\/colombia\/noticias\/a-la-carcel-hombre-que-habria-amenazado-de-muerte-e-intentado-agredir-a-una-magistrada-de-santa-marta-porque-fallo-una-tutela-en-contra-de-su-pareja\/\" \/>\n<meta property=\"og:site_name\" content=\"Fiscal\u00eda General de la Naci\u00f3n\" \/>\n<meta property=\"article:publisher\" content=\"https:\/\/www.facebook.com\/FiscaliaCol\" \/>\n<meta property=\"article:published_time\" content=\"2023-10-28T15:35:02+00:00\" \/>\n<meta name=\"author\" content=\"Katherine Loaiza Mart\u00ednez\" \/>\n<meta name=\"twitter:card\" content=\"summary_large_image\" \/>\n<meta name=\"twitter:creator\" content=\"@FiscaliaCol\" \/>\n<meta name=\"twitter:site\" content=\"@FiscaliaCol\" \/>\n<meta name=\"twitter:label1\" content=\"Escrito por\" \/>\n\t<meta name=\"twitter:data1\" content=\"Katherine Loaiza Mart\u00ednez\" \/>\n\t<meta name=\"twitter:label2\" content=\"Tiempo de lectura\" \/>\n\t<meta name=\"twitter:data2\" content=\"3 minutos\" \/>\n<script type=\"application\/ld+json\" class=\"yoast-schema-graph\">{\"@context\":\"https:\/\/schema.org\",\"@graph\":[{\"@type\":\"Article\",\"@id\":\"https:\/\/www.fiscalia.gov.co\/colombia\/noticias\/a-la-carcel-hombre-que-habria-amenazado-de-muerte-e-intentado-agredir-a-una-magistrada-de-santa-marta-porque-fallo-una-tutela-en-contra-de-su-pareja\/#article\",\"isPartOf\":{\"@id\":\"https:\/\/www.fiscalia.gov.co\/colombia\/noticias\/a-la-carcel-hombre-que-habria-amenazado-de-muerte-e-intentado-agredir-a-una-magistrada-de-santa-marta-porque-fallo-una-tutela-en-contra-de-su-pareja\/\"},\"author\":{\"name\":\"Katherine Loaiza Mart\u00ednez\",\"@id\":\"https:\/\/www.fiscalia.gov.co\/colombia\/#\/schema\/person\/2e76b9aba5ecf875ed565ce4de0e0415\"},\"headline\":\"A la c\u00e1rcel hombre que habr\u00eda amenazado de muerte e intentado agredir a una magistrada de Santa Marta porque fall\u00f3 una tutela en contra de su pareja\",\"datePublished\":\"2023-10-28T15:35:02+00:00\",\"dateModified\":\"2023-10-28T15:35:02+00:00\",\"mainEntityOfPage\":{\"@id\":\"https:\/\/www.fiscalia.gov.co\/colombia\/noticias\/a-la-carcel-hombre-que-habria-amenazado-de-muerte-e-intentado-agredir-a-una-magistrada-de-santa-marta-porque-fallo-una-tutela-en-contra-de-su-pareja\/\"},\"wordCount\":540,\"publisher\":{\"@id\":\"https:\/\/www.fiscalia.gov.co\/colombia\/#organization\"},\"keywords\":[\"Fiscal Francisco Barbosa Delgado\"],\"articleSection\":[\"Derechos Humanos\",\"Noticias\"],\"inLanguage\":\"es-CO\"},{\"@type\":\"WebPage\",\"@id\":\"https:\/\/www.fiscalia.gov.co\/colombia\/noticias\/a-la-carcel-hombre-que-habria-amenazado-de-muerte-e-intentado-agredir-a-una-magistrada-de-santa-marta-porque-fallo-una-tutela-en-contra-de-su-pareja\/\",\"url\":\"https:\/\/www.fiscalia.gov.co\/colombia\/noticias\/a-la-carcel-hombre-que-habria-amenazado-de-muerte-e-intentado-agredir-a-una-magistrada-de-santa-marta-porque-fallo-una-tutela-en-contra-de-su-pareja\/\",\"name\":\"Fiscal\u00eda General de la Naci\u00f3n\",\"isPartOf\":{\"@id\":\"https:\/\/www.fiscalia.gov.co\/colombia\/#website\"},\"datePublished\":\"2023-10-28T15:35:02+00:00\",\"dateModified\":\"2023-10-28T15:35:02+00:00\",\"description\":\"P\u00e1gina oficial de la Fiscal\u00eda General de la Naci\u00f3n \u2013 Colombia. Garantizamos el acceso efectivo a la justicia, la verdad y la reparaci\u00f3n de las v\u00edctimas de los delitos.\",\"breadcrumb\":{\"@id\":\"https:\/\/www.fiscalia.gov.co\/colombia\/noticias\/a-la-carcel-hombre-que-habria-amenazado-de-muerte-e-intentado-agredir-a-una-magistrada-de-santa-marta-porque-fallo-una-tutela-en-contra-de-su-pareja\/#breadcrumb\"},\"inLanguage\":\"es-CO\",\"potentialAction\":[{\"@type\":\"ReadAction\",\"target\":[\"https:\/\/www.fiscalia.gov.co\/colombia\/noticias\/a-la-carcel-hombre-que-habria-amenazado-de-muerte-e-intentado-agredir-a-una-magistrada-de-santa-marta-porque-fallo-una-tutela-en-contra-de-su-pareja\/\"]}]},{\"@type\":\"BreadcrumbList\",\"@id\":\"https:\/\/www.fiscalia.gov.co\/colombia\/noticias\/a-la-carcel-hombre-que-habria-amenazado-de-muerte-e-intentado-agredir-a-una-magistrada-de-santa-marta-porque-fallo-una-tutela-en-contra-de-su-pareja\/#breadcrumb\",\"itemListElement\":[{\"@type\":\"ListItem\",\"position\":1,\"name\":\"Home\",\"item\":\"https:\/\/www.fiscalia.gov.co\/colombia\/\"},{\"@type\":\"ListItem\",\"position\":2,\"name\":\"A la c\u00e1rcel hombre que habr\u00eda amenazado de muerte e intentado agredir a una magistrada de Santa Marta porque fall\u00f3 una tutela en contra de su pareja\"}]},{\"@type\":\"WebSite\",\"@id\":\"https:\/\/www.fiscalia.gov.co\/colombia\/#website\",\"url\":\"https:\/\/www.fiscalia.gov.co\/colombia\/\",\"name\":\"Fiscal\u00eda General de la Naci\u00f3n\",\"description\":\"P\u00e1gina oficial de la Fiscal\u00eda General de la Naci\u00f3n \u2013 Colombia. Garantizamos el acceso efectivo a la justicia, la verdad y la reparaci\u00f3n de las v\u00edctimas de los delitos.\",\"publisher\":{\"@id\":\"https:\/\/www.fiscalia.gov.co\/colombia\/#organization\"},\"potentialAction\":[{\"@type\":\"SearchAction\",\"target\":{\"@type\":\"EntryPoint\",\"urlTemplate\":\"https:\/\/www.fiscalia.gov.co\/colombia\/?s={search_term_string}\"},\"query-input\":{\"@type\":\"PropertyValueSpecification\",\"valueRequired\":true,\"valueName\":\"search_term_string\"}}],\"inLanguage\":\"es-CO\"},{\"@type\":\"Organization\",\"@id\":\"https:\/\/www.fiscalia.gov.co\/colombia\/#organization\",\"name\":\"Fiscal\u00eda General de la Naci\u00f3n\",\"url\":\"https:\/\/www.fiscalia.gov.co\/colombia\/\",\"logo\":{\"@type\":\"ImageObject\",\"inLanguage\":\"es-CO\",\"@id\":\"https:\/\/www.fiscalia.gov.co\/colombia\/#\/schema\/logo\/image\/\",\"url\":\"https:\/\/www.fiscalia.gov.co\/colombia\/wp-content\/uploads\/LogoHorizontal_1.jpg\",\"contentUrl\":\"https:\/\/www.fiscalia.gov.co\/colombia\/wp-content\/uploads\/LogoHorizontal_1.jpg\",\"width\":300,\"height\":90,\"caption\":\"Fiscal\u00eda General de la Naci\u00f3n\"},\"image\":{\"@id\":\"https:\/\/www.fiscalia.gov.co\/colombia\/#\/schema\/logo\/image\/\"},\"sameAs\":[\"https:\/\/www.facebook.com\/FiscaliaCol\",\"https:\/\/x.com\/FiscaliaCol\",\"https:\/\/www.instagram.com\/fiscaliacol\",\"https:\/\/www.linkedin.com\/company\/fiscalia-general-de-la-naci-n\/\",\"https:\/\/youtube.com\/@fiscaliageneraldelanacion-4668?si=6nN79nyQICPU5iTh\"]},{\"@type\":\"Person\",\"@id\":\"https:\/\/www.fiscalia.gov.co\/colombia\/#\/schema\/person\/2e76b9aba5ecf875ed565ce4de0e0415\",\"name\":\"Katherine Loaiza Mart\u00ednez\",\"image\":{\"@type\":\"ImageObject\",\"inLanguage\":\"es-CO\",\"@id\":\"https:\/\/www.fiscalia.gov.co\/colombia\/#\/schema\/person\/image\/\",\"url\":\"https:\/\/secure.gravatar.com\/avatar\/ab775a2f394c1b83b6d6f78680e57b50?s=96&d=mm&r=g\",\"contentUrl\":\"https:\/\/secure.gravatar.com\/avatar\/ab775a2f394c1b83b6d6f78680e57b50?s=96&d=mm&r=g\",\"caption\":\"Katherine Loaiza Mart\u00ednez\"},\"url\":\"https:\/\/www.fiscalia.gov.co\/colombia\/author\/kloaiza\/\"}]}<\/script>\n<!-- \/ Yoast SEO plugin. -->","yoast_head_json":{"title":"Fiscal\u00eda General de la Naci\u00f3n","description":"P\u00e1gina oficial de la Fiscal\u00eda General de la Naci\u00f3n \u2013 Colombia. Garantizamos el acceso efectivo a la justicia, la verdad y la reparaci\u00f3n de las v\u00edctimas de los delitos.","robots":{"index":"noindex","follow":"follow"},"og_locale":"es_ES","og_type":"article","og_title":"Fiscal\u00eda General de la Naci\u00f3n","og_description":"P\u00e1gina oficial de la Fiscal\u00eda General de la Naci\u00f3n \u2013 Colombia. Garantizamos el acceso efectivo a la justicia, la verdad y la reparaci\u00f3n de las v\u00edctimas de los delitos.","og_url":"https:\/\/www.fiscalia.gov.co\/colombia\/noticias\/a-la-carcel-hombre-que-habria-amenazado-de-muerte-e-intentado-agredir-a-una-magistrada-de-santa-marta-porque-fallo-una-tutela-en-contra-de-su-pareja\/","og_site_name":"Fiscal\u00eda General de la Naci\u00f3n","article_publisher":"https:\/\/www.facebook.com\/FiscaliaCol","article_published_time":"2023-10-28T15:35:02+00:00","author":"Katherine Loaiza Mart\u00ednez","twitter_card":"summary_large_image","twitter_creator":"@FiscaliaCol","twitter_site":"@FiscaliaCol","twitter_misc":{"Escrito por":"Katherine Loaiza Mart\u00ednez","Tiempo de lectura":"3 minutos"},"schema":{"@context":"https:\/\/schema.org","@graph":[{"@type":"Article","@id":"https:\/\/www.fiscalia.gov.co\/colombia\/noticias\/a-la-carcel-hombre-que-habria-amenazado-de-muerte-e-intentado-agredir-a-una-magistrada-de-santa-marta-porque-fallo-una-tutela-en-contra-de-su-pareja\/#article","isPartOf":{"@id":"https:\/\/www.fiscalia.gov.co\/colombia\/noticias\/a-la-carcel-hombre-que-habria-amenazado-de-muerte-e-intentado-agredir-a-una-magistrada-de-santa-marta-porque-fallo-una-tutela-en-contra-de-su-pareja\/"},"author":{"name":"Katherine Loaiza Mart\u00ednez","@id":"https:\/\/www.fiscalia.gov.co\/colombia\/#\/schema\/person\/2e76b9aba5ecf875ed565ce4de0e0415"},"headline":"A la c\u00e1rcel hombre que habr\u00eda amenazado de muerte e intentado agredir a una magistrada de Santa Marta porque fall\u00f3 una tutela en contra de su pareja","datePublished":"2023-10-28T15:35:02+00:00","dateModified":"2023-10-28T15:35:02+00:00","mainEntityOfPage":{"@id":"https:\/\/www.fiscalia.gov.co\/colombia\/noticias\/a-la-carcel-hombre-que-habria-amenazado-de-muerte-e-intentado-agredir-a-una-magistrada-de-santa-marta-porque-fallo-una-tutela-en-contra-de-su-pareja\/"},"wordCount":540,"publisher":{"@id":"https:\/\/www.fiscalia.gov.co\/colombia\/#organization"},"keywords":["Fiscal Francisco Barbosa Delgado"],"articleSection":["Derechos Humanos","Noticias"],"inLanguage":"es-CO"},{"@type":"WebPage","@id":"https:\/\/www.fiscalia.gov.co\/colombia\/noticias\/a-la-carcel-hombre-que-habria-amenazado-de-muerte-e-intentado-agredir-a-una-magistrada-de-santa-marta-porque-fallo-una-tutela-en-contra-de-su-pareja\/","url":"https:\/\/www.fiscalia.gov.co\/colombia\/noticias\/a-la-carcel-hombre-que-habria-amenazado-de-muerte-e-intentado-agredir-a-una-magistrada-de-santa-marta-porque-fallo-una-tutela-en-contra-de-su-pareja\/","name":"Fiscal\u00eda General de la Naci\u00f3n","isPartOf":{"@id":"https:\/\/www.fiscalia.gov.co\/colombia\/#website"},"datePublished":"2023-10-28T15:35:02+00:00","dateModified":"2023-10-28T15:35:02+00:00","description":"P\u00e1gina oficial de la Fiscal\u00eda General de la Naci\u00f3n \u2013 Colombia. Garantizamos el acceso efectivo a la justicia, la verdad y la reparaci\u00f3n de las v\u00edctimas de los delitos.","breadcrumb":{"@id":"https:\/\/www.fiscalia.gov.co\/colombia\/noticias\/a-la-carcel-hombre-que-habria-amenazado-de-muerte-e-intentado-agredir-a-una-magistrada-de-santa-marta-porque-fallo-una-tutela-en-contra-de-su-pareja\/#breadcrumb"},"inLanguage":"es-CO","potentialAction":[{"@type":"ReadAction","target":["https:\/\/www.fiscalia.gov.co\/colombia\/noticias\/a-la-carcel-hombre-que-habria-amenazado-de-muerte-e-intentado-agredir-a-una-magistrada-de-santa-marta-porque-fallo-una-tutela-en-contra-de-su-pareja\/"]}]},{"@type":"BreadcrumbList","@id":"https:\/\/www.fiscalia.gov.co\/colombia\/noticias\/a-la-carcel-hombre-que-habria-amenazado-de-muerte-e-intentado-agredir-a-una-magistrada-de-santa-marta-porque-fallo-una-tutela-en-contra-de-su-pareja\/#breadcrumb","itemListElement":[{"@type":"ListItem","position":1,"name":"Home","item":"https:\/\/www.fiscalia.gov.co\/colombia\/"},{"@type":"ListItem","position":2,"name":"A la c\u00e1rcel hombre que habr\u00eda amenazado de muerte e intentado agredir a una magistrada de Santa Marta porque fall\u00f3 una tutela en contra de su pareja"}]},{"@type":"WebSite","@id":"https:\/\/www.fiscalia.gov.co\/colombia\/#website","url":"https:\/\/www.fiscalia.gov.co\/colombia\/","name":"Fiscal\u00eda General de la Naci\u00f3n","description":"P\u00e1gina oficial de la Fiscal\u00eda General de la Naci\u00f3n \u2013 Colombia. Garantizamos el acceso efectivo a la justicia, la verdad y la reparaci\u00f3n de las v\u00edctimas de los delitos.","publisher":{"@id":"https:\/\/www.fiscalia.gov.co\/colombia\/#organization"},"potentialAction":[{"@type":"SearchAction","target":{"@type":"EntryPoint","urlTemplate":"https:\/\/www.fiscalia.gov.co\/colombia\/?s={search_term_string}"},"query-input":{"@type":"PropertyValueSpecification","valueRequired":true,"valueName":"search_term_string"}}],"inLanguage":"es-CO"},{"@type":"Organization","@id":"https:\/\/www.fiscalia.gov.co\/colombia\/#organization","name":"Fiscal\u00eda General de la Naci\u00f3n","url":"https:\/\/www.fiscalia.gov.co\/colombia\/","logo":{"@type":"ImageObject","inLanguage":"es-CO","@id":"https:\/\/www.fiscalia.gov.co\/colombia\/#\/schema\/logo\/image\/","url":"https:\/\/www.fiscalia.gov.co\/colombia\/wp-content\/uploads\/LogoHorizontal_1.jpg","contentUrl":"https:\/\/www.fiscalia.gov.co\/colombia\/wp-content\/uploads\/LogoHorizontal_1.jpg","width":300,"height":90,"caption":"Fiscal\u00eda General de la Naci\u00f3n"},"image":{"@id":"https:\/\/www.fiscalia.gov.co\/colombia\/#\/schema\/logo\/image\/"},"sameAs":["https:\/\/www.facebook.com\/FiscaliaCol","https:\/\/x.com\/FiscaliaCol","https:\/\/www.instagram.com\/fiscaliacol","https:\/\/www.linkedin.com\/company\/fiscalia-general-de-la-naci-n\/","https:\/\/youtube.com\/@fiscaliageneraldelanacion-4668?si=6nN79nyQICPU5iTh"]},{"@type":"Person","@id":"https:\/\/www.fiscalia.gov.co\/colombia\/#\/schema\/person\/2e76b9aba5ecf875ed565ce4de0e0415","name":"Katherine Loaiza Mart\u00ednez","image":{"@type":"ImageObject","inLanguage":"es-CO","@id":"https:\/\/www.fiscalia.gov.co\/colombia\/#\/schema\/person\/image\/","url":"https:\/\/secure.gravatar.com\/avatar\/ab775a2f394c1b83b6d6f78680e57b50?s=96&d=mm&r=g","contentUrl":"https:\/\/secure.gravatar.com\/avatar\/ab775a2f394c1b83b6d6f78680e57b50?s=96&d=mm&r=g","caption":"Katherine Loaiza Mart\u00ednez"},"url":"https:\/\/www.fiscalia.gov.co\/colombia\/author\/kloaiza\/"}]}},"_links":{"self":[{"href":"https:\/\/www.fiscalia.gov.co\/colombia\/wp-json\/wp\/v2\/posts\/282374","targetHints":{"allow":["GET"]}}],"collection":[{"href":"https:\/\/www.fiscalia.gov.co\/colombia\/wp-json\/wp\/v2\/posts"}],"about":[{"href":"https:\/\/www.fiscalia.gov.co\/colombia\/wp-json\/wp\/v2\/types\/post"}],"author":[{"embeddable":true,"href":"https:\/\/www.fiscalia.gov.co\/colombia\/wp-json\/wp\/v2\/users\/175"}],"replies":[{"embeddable":true,"href":"https:\/\/www.fiscalia.gov.co\/colombia\/wp-json\/wp\/v2\/comments?post=282374"}],"version-history":[{"count":1,"href":"https:\/\/www.fiscalia.gov.co\/colombia\/wp-json\/wp\/v2\/posts\/282374\/revisions"}],"predecessor-version":[{"id":282375,"href":"https:\/\/www.fiscalia.gov.co\/colombia\/wp-json\/wp\/v2\/posts\/282374\/revisions\/282375"}],"wp:attachment":[{"href":"https:\/\/www.fiscalia.gov.co\/colombia\/wp-json\/wp\/v2\/media?parent=282374"}],"wp:term":[{"taxonomy":"category","embeddable":true,"href":"https:\/\/www.fiscalia.gov.co\/colombia\/wp-json\/wp\/v2\/categories?post=282374"},{"taxonomy":"post_tag","embeddable":true,"href":"https:\/\/www.fiscalia.gov.co\/colombia\/wp-json\/wp\/v2\/tags?post=282374"}],"curies":[{"name":"wp","href":"https:\/\/api.w.org\/{rel}","templated":true}]}}