{"id":282280,"date":"2023-10-26T12:54:23","date_gmt":"2023-10-26T17:54:23","guid":{"rendered":"https:\/\/www.fiscalia.gov.co\/colombia\/?p=282280"},"modified":"2023-11-02T12:35:49","modified_gmt":"2023-11-02T17:35:49","slug":"a-la-carcel-pareja-investigada-por-el-homicidio-de-un-hombre-en-el-municipio-de-copacabana-antioquia","status":"publish","type":"post","link":"https:\/\/www.fiscalia.gov.co\/colombia\/noticias\/a-la-carcel-pareja-investigada-por-el-homicidio-de-un-hombre-en-el-municipio-de-copacabana-antioquia\/","title":{"rendered":"A la c\u00e1rcel pareja investigada por el homicidio de un hombre en el municipio de Copacabana (Antioquia)"},"content":{"rendered":"<p>Luego de valorar el abundante material probatorio presentado\u00a0 por la Fiscal\u00eda General de la Naci\u00f3n, un juez de control de garant\u00edas impuso medida de aseguramiento en centro carcelario en contra de Yeiron Alexis Vidal Casta\u00f1o y\u00a0 Evelyn Julieth Ospina Casta\u00f1o, alias Candy c\u00f3mo presuntos responsables de participar en el secuestro y homicidio de un joven de profesi\u00f3n DJen el municipio de Copacabana (Antioquia).<\/p>\n<figure id=\"attachment_282281\" aria-describedby=\"caption-attachment-282281\" style=\"width: 696px\" class=\"wp-caption aligncenter\"><img loading=\"lazy\" decoding=\"async\" class=\"size-large wp-image-282281\" src=\"https:\/\/www.fiscalia.gov.co\/colombia\/wp-content\/uploads\/Yeiron-Alexis-Vidal-Castano-y-Evelyn-Julieth-Ospina-Castano-alias-Candy-1024x776.jpg\" alt=\"En la fotograf\u00edan est\u00e1n los dos procesados con servidores del CTI, El Ej\u00e9rcito Nacional y la Interpol \" width=\"696\" height=\"527\" srcset=\"https:\/\/www.fiscalia.gov.co\/colombia\/wp-content\/uploads\/Yeiron-Alexis-Vidal-Castano-y-Evelyn-Julieth-Ospina-Castano-alias-Candy-1024x776.jpg 1024w, https:\/\/www.fiscalia.gov.co\/colombia\/wp-content\/uploads\/Yeiron-Alexis-Vidal-Castano-y-Evelyn-Julieth-Ospina-Castano-alias-Candy-300x227.jpg 300w, https:\/\/www.fiscalia.gov.co\/colombia\/wp-content\/uploads\/Yeiron-Alexis-Vidal-Castano-y-Evelyn-Julieth-Ospina-Castano-alias-Candy-768x582.jpg 768w, https:\/\/www.fiscalia.gov.co\/colombia\/wp-content\/uploads\/Yeiron-Alexis-Vidal-Castano-y-Evelyn-Julieth-Ospina-Castano-alias-Candy-1536x1164.jpg 1536w, https:\/\/www.fiscalia.gov.co\/colombia\/wp-content\/uploads\/Yeiron-Alexis-Vidal-Castano-y-Evelyn-Julieth-Ospina-Castano-alias-Candy-696x527.jpg 696w, https:\/\/www.fiscalia.gov.co\/colombia\/wp-content\/uploads\/Yeiron-Alexis-Vidal-Castano-y-Evelyn-Julieth-Ospina-Castano-alias-Candy-1068x809.jpg 1068w, https:\/\/www.fiscalia.gov.co\/colombia\/wp-content\/uploads\/Yeiron-Alexis-Vidal-Castano-y-Evelyn-Julieth-Ospina-Castano-alias-Candy-554x420.jpg 554w, https:\/\/www.fiscalia.gov.co\/colombia\/wp-content\/uploads\/Yeiron-Alexis-Vidal-Castano-y-Evelyn-Julieth-Ospina-Castano-alias-Candy-80x60.jpg 80w, https:\/\/www.fiscalia.gov.co\/colombia\/wp-content\/uploads\/Yeiron-Alexis-Vidal-Castano-y-Evelyn-Julieth-Ospina-Castano-alias-Candy.jpg 1600w\" sizes=\"auto, (max-width: 696px) 100vw, 696px\" \/><figcaption id=\"caption-attachment-282281\" class=\"wp-caption-text\">Yeiron Alexis Vidal Casta\u00f1o y Evelyn Julieth Ospina Casta\u00f1o, presuntos responsables del secuestro y homicidio de un DJ en el municipio de Copacabana (Antioquia)<\/figcaption><\/figure>\n<p>Los hechos investigados ocurrieron el 15 de octubre de 2022, cuando fue contratado para una supuesta presentaci\u00f3n en una finca Samuel Samuel Tenorio\u00a0 C\u00f3rdoba, de 19 a\u00f1os de edad.<\/p>\n<p>Seg\u00fan la investigaci\u00f3n adelantada por servidores del CTI, la v\u00edctima fue drogada en el predio mientras los presuntos delincuentes contactaban telef\u00f3nicamente con la familia para exigirle una cuantiosa suma de dinero por su liberaci\u00f3n.<\/p>\n<p>Las labores de polic\u00eda judicial permitieron establecer que un d\u00eda despu\u00e9s del secuestro, el joven fue asesinado y su cad\u00e1ver arrojado a las orillas de rio Medell\u00edn, a la altura del municipio de Copacabana, norte del Valle de Aburra.<\/p>\n<p>El dictamen m\u00e9dico forense determin\u00f3 que la v\u00edctima falleci\u00f3 por asfixia mec\u00e1nica.<\/p>\n<p>El trabajo investigativo permiti\u00f3 establecer que Vidal Casta\u00f1o, amigo de la familia de la v\u00edctima, lleg\u00f3 de Panam\u00e1 v\u00eda Cali (Valle del Cauca) dos d\u00edas antes de los hechos y que despu\u00e9s del crimen regres\u00f3 a ese pa\u00eds centro americano.<\/p>\n<p>Tambi\u00e9n se evidenci\u00f3 que despu\u00e9s del homicidio los presuntos delincuentes continuaron con las exigencias econ\u00f3micas a la familia del DJ.<\/p>\n<p>Los investigadores establecieron adem\u00e1s que alias Candy, al parecer, fue quien contrat\u00f3 los servicios de transporte de un veh\u00edculo que fue utilizado para sacar el cad\u00e1ver de finca y cuyo conductor tambi\u00e9n fue retenido durante varias horas.<\/p>\n<p>El hombre fue capturado por el CTI con el apoyo de la Interpol este\u00a0 jueves 19 de octubre, luego de ser deportado de Panam\u00e1.<\/p>\n<p>La mujer fue capturada el mismo d\u00eda\u00a0 en el barrio Robledo de la capital antioque\u00f1a, por servidores el CTI con el apoyo del Ej\u00e9rcito Nacional.<\/p>\n<p>Los procesados no se allanaron a los cargos imputados por un fiscal especializado de Medell\u00edn, por\u00a0 los delitos de homicidio agravado, secuestro extorsivo agravado, secuestro simple, hurto calificado y agravado, y tentativa de\u00a0 extorsi\u00f3n.<\/p>\n<p><b><u>La Fiscal\u00eda habla con resultados\u00a0<\/u><\/b><\/p>\n<p>&nbsp;<\/p>\n<p>&nbsp;<\/p>\n<p>&nbsp;<\/p>\n<p>&nbsp;<\/p>\n<p>&nbsp;<\/p>\n<p>LFML\/MG\/AR\/YMAS\/DSM<\/p>\n<div class=\"td-post-content tagdiv-type\">\n<div class=\"td-post-content tagdiv-type\">\n<div class=\"td-post-content tagdiv-type\">\n<div class=\"td-post-content tagdiv-type\">\n<div class=\"td-post-content tagdiv-type\">\n<div class=\"td-post-content tagdiv-type\">\n<div class=\"td-post-content tagdiv-type\">\n<p><i>La informaci\u00f3n contenida en este bolet\u00edn de prensa corresponde a la narraci\u00f3n de los hechos noticiosos objetivos, suministrados por los funcionarios encargados de adelantar las investigaciones penales al interior de la Fiscal\u00eda General de la Naci\u00f3n. Para el momento de la divulgaci\u00f3n de este comunicado, la situaci\u00f3n jur\u00eddica de la(s) persona(s) relacionada(s) se encuentra pendiente de resolver por la autoridad judicial competente, siempre bajo los preceptos de la presunci\u00f3n de inocencia, consagrados en el art\u00edculo 29 de la Constituci\u00f3n Pol\u00edtica y el art\u00edculo 7\u00ba de la Ley 906 de 2004.<\/i><\/p>\n<\/div>\n<\/div>\n<\/div>\n<\/div>\n<\/div>\n<\/div>\n<footer>\n<div class=\"td-post-source-tags\"><\/div>\n<div class=\"td-post-sharing-bottom\"><\/div>\n<\/footer>\n<\/div>\n<footer>\n<div class=\"td-post-source-tags\"><\/div>\n<div class=\"td-post-sharing-bottom\"><\/div>\n<\/footer>\n\n<div class=\"twitter-share\"><a href=\"https:\/\/twitter.com\/intent\/tweet?via=fiscaliacol\" class=\"twitter-share-button\">Tweet<\/a><\/div>\n","protected":false},"excerpt":{"rendered":"<p>Luego de valorar el abundante material probatorio presentado\u00a0 por la Fiscal\u00eda General de la Naci\u00f3n, un juez de control de garant\u00edas impuso medida de aseguramiento en centro carcelario en contra [&hellip;]<\/p>\n","protected":false},"author":177,"featured_media":0,"comment_status":"closed","ping_status":"open","sticky":false,"template":"","format":"video","meta":{"tdm_status":"","tdm_grid_status":"","footnotes":""},"categories":[1,318,303,24099],"tags":[31707,45,36038,36039,36037],"class_list":["post-282280","post","type-post","status-publish","format-video","category-noticias","category-seccional-antioquia","category-seccionales","category-seguridad-territorial","tag-copacabana-antioquia","tag-cti","tag-municipio-de-copacabana-antioquia","tag-presunto-victimario-deportado-de-panama","tag-secuestro-y-homicidio-de-un-dj","post_format-post-format-video"],"yoast_head":"<!-- This site is optimized with the Yoast SEO plugin v24.3 - https:\/\/yoast.com\/wordpress\/plugins\/seo\/ -->\n<title>Fiscal\u00eda General de la Naci\u00f3n<\/title>\n<meta name=\"description\" content=\"P\u00e1gina oficial de la Fiscal\u00eda General de la Naci\u00f3n \u2013 Colombia. Garantizamos el acceso efectivo a la justicia, la verdad y la reparaci\u00f3n de las v\u00edctimas de los delitos.\" \/>\n<meta name=\"robots\" content=\"noindex, follow\" \/>\n<meta property=\"og:locale\" content=\"es_ES\" \/>\n<meta property=\"og:type\" content=\"article\" \/>\n<meta property=\"og:title\" content=\"Fiscal\u00eda General de la Naci\u00f3n\" \/>\n<meta property=\"og:description\" content=\"P\u00e1gina oficial de la Fiscal\u00eda General de la Naci\u00f3n \u2013 Colombia. Garantizamos el acceso efectivo a la justicia, la verdad y la reparaci\u00f3n de las v\u00edctimas de los delitos.\" \/>\n<meta property=\"og:url\" content=\"https:\/\/www.fiscalia.gov.co\/colombia\/noticias\/a-la-carcel-pareja-investigada-por-el-homicidio-de-un-hombre-en-el-municipio-de-copacabana-antioquia\/\" \/>\n<meta property=\"og:site_name\" content=\"Fiscal\u00eda General de la Naci\u00f3n\" \/>\n<meta property=\"article:publisher\" content=\"https:\/\/www.facebook.com\/FiscaliaCol\" \/>\n<meta property=\"article:published_time\" content=\"2023-10-26T17:54:23+00:00\" \/>\n<meta property=\"article:modified_time\" content=\"2023-11-02T17:35:49+00:00\" \/>\n<meta property=\"og:image\" content=\"https:\/\/www.fiscalia.gov.co\/colombia\/wp-content\/uploads\/Yeiron-Alexis-Vidal-Castano-y-Evelyn-Julieth-Ospina-Castano-alias-Candy-1024x776.jpg\" \/>\n<meta name=\"author\" content=\"Jordan Leandro Oviedo Anzola\" \/>\n<meta name=\"twitter:card\" content=\"summary_large_image\" \/>\n<meta name=\"twitter:creator\" content=\"@FiscaliaCol\" \/>\n<meta name=\"twitter:site\" content=\"@FiscaliaCol\" \/>\n<meta name=\"twitter:label1\" content=\"Escrito por\" \/>\n\t<meta name=\"twitter:data1\" content=\"Jordan Leandro Oviedo Anzola\" \/>\n\t<meta name=\"twitter:label2\" content=\"Tiempo de lectura\" \/>\n\t<meta name=\"twitter:data2\" content=\"3 minutos\" \/>\n<script type=\"application\/ld+json\" class=\"yoast-schema-graph\">{\"@context\":\"https:\/\/schema.org\",\"@graph\":[{\"@type\":\"Article\",\"@id\":\"https:\/\/www.fiscalia.gov.co\/colombia\/noticias\/a-la-carcel-pareja-investigada-por-el-homicidio-de-un-hombre-en-el-municipio-de-copacabana-antioquia\/#article\",\"isPartOf\":{\"@id\":\"https:\/\/www.fiscalia.gov.co\/colombia\/noticias\/a-la-carcel-pareja-investigada-por-el-homicidio-de-un-hombre-en-el-municipio-de-copacabana-antioquia\/\"},\"author\":{\"name\":\"Jordan Leandro Oviedo Anzola\",\"@id\":\"https:\/\/www.fiscalia.gov.co\/colombia\/#\/schema\/person\/bf84402cf293a5393e9c70b111020b24\"},\"headline\":\"A la c\u00e1rcel pareja investigada por el homicidio de un hombre en el municipio de Copacabana (Antioquia)\",\"datePublished\":\"2023-10-26T17:54:23+00:00\",\"dateModified\":\"2023-11-02T17:35:49+00:00\",\"mainEntityOfPage\":{\"@id\":\"https:\/\/www.fiscalia.gov.co\/colombia\/noticias\/a-la-carcel-pareja-investigada-por-el-homicidio-de-un-hombre-en-el-municipio-de-copacabana-antioquia\/\"},\"wordCount\":563,\"publisher\":{\"@id\":\"https:\/\/www.fiscalia.gov.co\/colombia\/#organization\"},\"image\":{\"@id\":\"https:\/\/www.fiscalia.gov.co\/colombia\/noticias\/a-la-carcel-pareja-investigada-por-el-homicidio-de-un-hombre-en-el-municipio-de-copacabana-antioquia\/#primaryimage\"},\"thumbnailUrl\":\"https:\/\/www.fiscalia.gov.co\/colombia\/wp-content\/uploads\/Yeiron-Alexis-Vidal-Castano-y-Evelyn-Julieth-Ospina-Castano-alias-Candy-1024x776.jpg\",\"keywords\":[\"Copacabana (Antioquia)\",\"CTI\",\"municipio de Copacabana (Antioquia)\",\"presunto victimario deportado de Panam\u00e1.\",\"Secuestro y homicidio de un DJ\"],\"articleSection\":[\"Noticias\",\"Seccional Antioquia\",\"Seccionales\",\"Seguridad territorial\"],\"inLanguage\":\"es-CO\"},{\"@type\":\"WebPage\",\"@id\":\"https:\/\/www.fiscalia.gov.co\/colombia\/noticias\/a-la-carcel-pareja-investigada-por-el-homicidio-de-un-hombre-en-el-municipio-de-copacabana-antioquia\/\",\"url\":\"https:\/\/www.fiscalia.gov.co\/colombia\/noticias\/a-la-carcel-pareja-investigada-por-el-homicidio-de-un-hombre-en-el-municipio-de-copacabana-antioquia\/\",\"name\":\"Fiscal\u00eda General de la Naci\u00f3n\",\"isPartOf\":{\"@id\":\"https:\/\/www.fiscalia.gov.co\/colombia\/#website\"},\"primaryImageOfPage\":{\"@id\":\"https:\/\/www.fiscalia.gov.co\/colombia\/noticias\/a-la-carcel-pareja-investigada-por-el-homicidio-de-un-hombre-en-el-municipio-de-copacabana-antioquia\/#primaryimage\"},\"image\":{\"@id\":\"https:\/\/www.fiscalia.gov.co\/colombia\/noticias\/a-la-carcel-pareja-investigada-por-el-homicidio-de-un-hombre-en-el-municipio-de-copacabana-antioquia\/#primaryimage\"},\"thumbnailUrl\":\"https:\/\/www.fiscalia.gov.co\/colombia\/wp-content\/uploads\/Yeiron-Alexis-Vidal-Castano-y-Evelyn-Julieth-Ospina-Castano-alias-Candy-1024x776.jpg\",\"datePublished\":\"2023-10-26T17:54:23+00:00\",\"dateModified\":\"2023-11-02T17:35:49+00:00\",\"description\":\"P\u00e1gina oficial de la Fiscal\u00eda General de la Naci\u00f3n \u2013 Colombia. Garantizamos el acceso efectivo a la justicia, la verdad y la reparaci\u00f3n de las v\u00edctimas de los delitos.\",\"breadcrumb\":{\"@id\":\"https:\/\/www.fiscalia.gov.co\/colombia\/noticias\/a-la-carcel-pareja-investigada-por-el-homicidio-de-un-hombre-en-el-municipio-de-copacabana-antioquia\/#breadcrumb\"},\"inLanguage\":\"es-CO\",\"potentialAction\":[{\"@type\":\"ReadAction\",\"target\":[\"https:\/\/www.fiscalia.gov.co\/colombia\/noticias\/a-la-carcel-pareja-investigada-por-el-homicidio-de-un-hombre-en-el-municipio-de-copacabana-antioquia\/\"]}]},{\"@type\":\"ImageObject\",\"inLanguage\":\"es-CO\",\"@id\":\"https:\/\/www.fiscalia.gov.co\/colombia\/noticias\/a-la-carcel-pareja-investigada-por-el-homicidio-de-un-hombre-en-el-municipio-de-copacabana-antioquia\/#primaryimage\",\"url\":\"https:\/\/www.fiscalia.gov.co\/colombia\/wp-content\/uploads\/Yeiron-Alexis-Vidal-Castano-y-Evelyn-Julieth-Ospina-Castano-alias-Candy.jpg\",\"contentUrl\":\"https:\/\/www.fiscalia.gov.co\/colombia\/wp-content\/uploads\/Yeiron-Alexis-Vidal-Castano-y-Evelyn-Julieth-Ospina-Castano-alias-Candy.jpg\",\"width\":1600,\"height\":1212,\"caption\":\"Yeiron Alexis Vidal Casta\u00f1o y Evelyn Julieth Ospina Casta\u00f1o, presuntos responsables del secuestro y homicidio de un DJ en el municipio de Copacabana (Antioquia)\"},{\"@type\":\"BreadcrumbList\",\"@id\":\"https:\/\/www.fiscalia.gov.co\/colombia\/noticias\/a-la-carcel-pareja-investigada-por-el-homicidio-de-un-hombre-en-el-municipio-de-copacabana-antioquia\/#breadcrumb\",\"itemListElement\":[{\"@type\":\"ListItem\",\"position\":1,\"name\":\"Home\",\"item\":\"https:\/\/www.fiscalia.gov.co\/colombia\/\"},{\"@type\":\"ListItem\",\"position\":2,\"name\":\"A la c\u00e1rcel pareja investigada por el homicidio de un hombre en el municipio de Copacabana (Antioquia)\"}]},{\"@type\":\"WebSite\",\"@id\":\"https:\/\/www.fiscalia.gov.co\/colombia\/#website\",\"url\":\"https:\/\/www.fiscalia.gov.co\/colombia\/\",\"name\":\"Fiscal\u00eda General de la Naci\u00f3n\",\"description\":\"P\u00e1gina oficial de la Fiscal\u00eda General de la Naci\u00f3n \u2013 Colombia. Garantizamos el acceso efectivo a la justicia, la verdad y la reparaci\u00f3n de las v\u00edctimas de los delitos.\",\"publisher\":{\"@id\":\"https:\/\/www.fiscalia.gov.co\/colombia\/#organization\"},\"potentialAction\":[{\"@type\":\"SearchAction\",\"target\":{\"@type\":\"EntryPoint\",\"urlTemplate\":\"https:\/\/www.fiscalia.gov.co\/colombia\/?s={search_term_string}\"},\"query-input\":{\"@type\":\"PropertyValueSpecification\",\"valueRequired\":true,\"valueName\":\"search_term_string\"}}],\"inLanguage\":\"es-CO\"},{\"@type\":\"Organization\",\"@id\":\"https:\/\/www.fiscalia.gov.co\/colombia\/#organization\",\"name\":\"Fiscal\u00eda General de la Naci\u00f3n\",\"url\":\"https:\/\/www.fiscalia.gov.co\/colombia\/\",\"logo\":{\"@type\":\"ImageObject\",\"inLanguage\":\"es-CO\",\"@id\":\"https:\/\/www.fiscalia.gov.co\/colombia\/#\/schema\/logo\/image\/\",\"url\":\"https:\/\/www.fiscalia.gov.co\/colombia\/wp-content\/uploads\/LogoHorizontal_1.jpg\",\"contentUrl\":\"https:\/\/www.fiscalia.gov.co\/colombia\/wp-content\/uploads\/LogoHorizontal_1.jpg\",\"width\":300,\"height\":90,\"caption\":\"Fiscal\u00eda General de la Naci\u00f3n\"},\"image\":{\"@id\":\"https:\/\/www.fiscalia.gov.co\/colombia\/#\/schema\/logo\/image\/\"},\"sameAs\":[\"https:\/\/www.facebook.com\/FiscaliaCol\",\"https:\/\/x.com\/FiscaliaCol\",\"https:\/\/www.instagram.com\/fiscaliacol\",\"https:\/\/www.linkedin.com\/company\/fiscalia-general-de-la-naci-n\/\",\"https:\/\/youtube.com\/@fiscaliageneraldelanacion-4668?si=6nN79nyQICPU5iTh\"]},{\"@type\":\"Person\",\"@id\":\"https:\/\/www.fiscalia.gov.co\/colombia\/#\/schema\/person\/bf84402cf293a5393e9c70b111020b24\",\"name\":\"Jordan Leandro Oviedo Anzola\",\"image\":{\"@type\":\"ImageObject\",\"inLanguage\":\"es-CO\",\"@id\":\"https:\/\/www.fiscalia.gov.co\/colombia\/#\/schema\/person\/image\/\",\"url\":\"https:\/\/secure.gravatar.com\/avatar\/dabba4346fa9b9207d96adafa8f92721?s=96&d=mm&r=g\",\"contentUrl\":\"https:\/\/secure.gravatar.com\/avatar\/dabba4346fa9b9207d96adafa8f92721?s=96&d=mm&r=g\",\"caption\":\"Jordan Leandro Oviedo Anzola\"},\"url\":\"https:\/\/www.fiscalia.gov.co\/colombia\/author\/joviedo\/\"}]}<\/script>\n<!-- \/ Yoast SEO plugin. -->","yoast_head_json":{"title":"Fiscal\u00eda General de la Naci\u00f3n","description":"P\u00e1gina oficial de la Fiscal\u00eda General de la Naci\u00f3n \u2013 Colombia. Garantizamos el acceso efectivo a la justicia, la verdad y la reparaci\u00f3n de las v\u00edctimas de los delitos.","robots":{"index":"noindex","follow":"follow"},"og_locale":"es_ES","og_type":"article","og_title":"Fiscal\u00eda General de la Naci\u00f3n","og_description":"P\u00e1gina oficial de la Fiscal\u00eda General de la Naci\u00f3n \u2013 Colombia. Garantizamos el acceso efectivo a la justicia, la verdad y la reparaci\u00f3n de las v\u00edctimas de los delitos.","og_url":"https:\/\/www.fiscalia.gov.co\/colombia\/noticias\/a-la-carcel-pareja-investigada-por-el-homicidio-de-un-hombre-en-el-municipio-de-copacabana-antioquia\/","og_site_name":"Fiscal\u00eda General de la Naci\u00f3n","article_publisher":"https:\/\/www.facebook.com\/FiscaliaCol","article_published_time":"2023-10-26T17:54:23+00:00","article_modified_time":"2023-11-02T17:35:49+00:00","og_image":[{"url":"https:\/\/www.fiscalia.gov.co\/colombia\/wp-content\/uploads\/Yeiron-Alexis-Vidal-Castano-y-Evelyn-Julieth-Ospina-Castano-alias-Candy-1024x776.jpg","type":"","width":"","height":""}],"author":"Jordan Leandro Oviedo Anzola","twitter_card":"summary_large_image","twitter_creator":"@FiscaliaCol","twitter_site":"@FiscaliaCol","twitter_misc":{"Escrito por":"Jordan Leandro Oviedo Anzola","Tiempo de lectura":"3 minutos"},"schema":{"@context":"https:\/\/schema.org","@graph":[{"@type":"Article","@id":"https:\/\/www.fiscalia.gov.co\/colombia\/noticias\/a-la-carcel-pareja-investigada-por-el-homicidio-de-un-hombre-en-el-municipio-de-copacabana-antioquia\/#article","isPartOf":{"@id":"https:\/\/www.fiscalia.gov.co\/colombia\/noticias\/a-la-carcel-pareja-investigada-por-el-homicidio-de-un-hombre-en-el-municipio-de-copacabana-antioquia\/"},"author":{"name":"Jordan Leandro Oviedo Anzola","@id":"https:\/\/www.fiscalia.gov.co\/colombia\/#\/schema\/person\/bf84402cf293a5393e9c70b111020b24"},"headline":"A la c\u00e1rcel pareja investigada por el homicidio de un hombre en el municipio de Copacabana (Antioquia)","datePublished":"2023-10-26T17:54:23+00:00","dateModified":"2023-11-02T17:35:49+00:00","mainEntityOfPage":{"@id":"https:\/\/www.fiscalia.gov.co\/colombia\/noticias\/a-la-carcel-pareja-investigada-por-el-homicidio-de-un-hombre-en-el-municipio-de-copacabana-antioquia\/"},"wordCount":563,"publisher":{"@id":"https:\/\/www.fiscalia.gov.co\/colombia\/#organization"},"image":{"@id":"https:\/\/www.fiscalia.gov.co\/colombia\/noticias\/a-la-carcel-pareja-investigada-por-el-homicidio-de-un-hombre-en-el-municipio-de-copacabana-antioquia\/#primaryimage"},"thumbnailUrl":"https:\/\/www.fiscalia.gov.co\/colombia\/wp-content\/uploads\/Yeiron-Alexis-Vidal-Castano-y-Evelyn-Julieth-Ospina-Castano-alias-Candy-1024x776.jpg","keywords":["Copacabana (Antioquia)","CTI","municipio de Copacabana (Antioquia)","presunto victimario deportado de Panam\u00e1.","Secuestro y homicidio de un DJ"],"articleSection":["Noticias","Seccional Antioquia","Seccionales","Seguridad territorial"],"inLanguage":"es-CO"},{"@type":"WebPage","@id":"https:\/\/www.fiscalia.gov.co\/colombia\/noticias\/a-la-carcel-pareja-investigada-por-el-homicidio-de-un-hombre-en-el-municipio-de-copacabana-antioquia\/","url":"https:\/\/www.fiscalia.gov.co\/colombia\/noticias\/a-la-carcel-pareja-investigada-por-el-homicidio-de-un-hombre-en-el-municipio-de-copacabana-antioquia\/","name":"Fiscal\u00eda General de la Naci\u00f3n","isPartOf":{"@id":"https:\/\/www.fiscalia.gov.co\/colombia\/#website"},"primaryImageOfPage":{"@id":"https:\/\/www.fiscalia.gov.co\/colombia\/noticias\/a-la-carcel-pareja-investigada-por-el-homicidio-de-un-hombre-en-el-municipio-de-copacabana-antioquia\/#primaryimage"},"image":{"@id":"https:\/\/www.fiscalia.gov.co\/colombia\/noticias\/a-la-carcel-pareja-investigada-por-el-homicidio-de-un-hombre-en-el-municipio-de-copacabana-antioquia\/#primaryimage"},"thumbnailUrl":"https:\/\/www.fiscalia.gov.co\/colombia\/wp-content\/uploads\/Yeiron-Alexis-Vidal-Castano-y-Evelyn-Julieth-Ospina-Castano-alias-Candy-1024x776.jpg","datePublished":"2023-10-26T17:54:23+00:00","dateModified":"2023-11-02T17:35:49+00:00","description":"P\u00e1gina oficial de la Fiscal\u00eda General de la Naci\u00f3n \u2013 Colombia. Garantizamos el acceso efectivo a la justicia, la verdad y la reparaci\u00f3n de las v\u00edctimas de los delitos.","breadcrumb":{"@id":"https:\/\/www.fiscalia.gov.co\/colombia\/noticias\/a-la-carcel-pareja-investigada-por-el-homicidio-de-un-hombre-en-el-municipio-de-copacabana-antioquia\/#breadcrumb"},"inLanguage":"es-CO","potentialAction":[{"@type":"ReadAction","target":["https:\/\/www.fiscalia.gov.co\/colombia\/noticias\/a-la-carcel-pareja-investigada-por-el-homicidio-de-un-hombre-en-el-municipio-de-copacabana-antioquia\/"]}]},{"@type":"ImageObject","inLanguage":"es-CO","@id":"https:\/\/www.fiscalia.gov.co\/colombia\/noticias\/a-la-carcel-pareja-investigada-por-el-homicidio-de-un-hombre-en-el-municipio-de-copacabana-antioquia\/#primaryimage","url":"https:\/\/www.fiscalia.gov.co\/colombia\/wp-content\/uploads\/Yeiron-Alexis-Vidal-Castano-y-Evelyn-Julieth-Ospina-Castano-alias-Candy.jpg","contentUrl":"https:\/\/www.fiscalia.gov.co\/colombia\/wp-content\/uploads\/Yeiron-Alexis-Vidal-Castano-y-Evelyn-Julieth-Ospina-Castano-alias-Candy.jpg","width":1600,"height":1212,"caption":"Yeiron Alexis Vidal Casta\u00f1o y Evelyn Julieth Ospina Casta\u00f1o, presuntos responsables del secuestro y homicidio de un DJ en el municipio de Copacabana (Antioquia)"},{"@type":"BreadcrumbList","@id":"https:\/\/www.fiscalia.gov.co\/colombia\/noticias\/a-la-carcel-pareja-investigada-por-el-homicidio-de-un-hombre-en-el-municipio-de-copacabana-antioquia\/#breadcrumb","itemListElement":[{"@type":"ListItem","position":1,"name":"Home","item":"https:\/\/www.fiscalia.gov.co\/colombia\/"},{"@type":"ListItem","position":2,"name":"A la c\u00e1rcel pareja investigada por el homicidio de un hombre en el municipio de Copacabana (Antioquia)"}]},{"@type":"WebSite","@id":"https:\/\/www.fiscalia.gov.co\/colombia\/#website","url":"https:\/\/www.fiscalia.gov.co\/colombia\/","name":"Fiscal\u00eda General de la Naci\u00f3n","description":"P\u00e1gina oficial de la Fiscal\u00eda General de la Naci\u00f3n \u2013 Colombia. Garantizamos el acceso efectivo a la justicia, la verdad y la reparaci\u00f3n de las v\u00edctimas de los delitos.","publisher":{"@id":"https:\/\/www.fiscalia.gov.co\/colombia\/#organization"},"potentialAction":[{"@type":"SearchAction","target":{"@type":"EntryPoint","urlTemplate":"https:\/\/www.fiscalia.gov.co\/colombia\/?s={search_term_string}"},"query-input":{"@type":"PropertyValueSpecification","valueRequired":true,"valueName":"search_term_string"}}],"inLanguage":"es-CO"},{"@type":"Organization","@id":"https:\/\/www.fiscalia.gov.co\/colombia\/#organization","name":"Fiscal\u00eda General de la Naci\u00f3n","url":"https:\/\/www.fiscalia.gov.co\/colombia\/","logo":{"@type":"ImageObject","inLanguage":"es-CO","@id":"https:\/\/www.fiscalia.gov.co\/colombia\/#\/schema\/logo\/image\/","url":"https:\/\/www.fiscalia.gov.co\/colombia\/wp-content\/uploads\/LogoHorizontal_1.jpg","contentUrl":"https:\/\/www.fiscalia.gov.co\/colombia\/wp-content\/uploads\/LogoHorizontal_1.jpg","width":300,"height":90,"caption":"Fiscal\u00eda General de la Naci\u00f3n"},"image":{"@id":"https:\/\/www.fiscalia.gov.co\/colombia\/#\/schema\/logo\/image\/"},"sameAs":["https:\/\/www.facebook.com\/FiscaliaCol","https:\/\/x.com\/FiscaliaCol","https:\/\/www.instagram.com\/fiscaliacol","https:\/\/www.linkedin.com\/company\/fiscalia-general-de-la-naci-n\/","https:\/\/youtube.com\/@fiscaliageneraldelanacion-4668?si=6nN79nyQICPU5iTh"]},{"@type":"Person","@id":"https:\/\/www.fiscalia.gov.co\/colombia\/#\/schema\/person\/bf84402cf293a5393e9c70b111020b24","name":"Jordan Leandro Oviedo Anzola","image":{"@type":"ImageObject","inLanguage":"es-CO","@id":"https:\/\/www.fiscalia.gov.co\/colombia\/#\/schema\/person\/image\/","url":"https:\/\/secure.gravatar.com\/avatar\/dabba4346fa9b9207d96adafa8f92721?s=96&d=mm&r=g","contentUrl":"https:\/\/secure.gravatar.com\/avatar\/dabba4346fa9b9207d96adafa8f92721?s=96&d=mm&r=g","caption":"Jordan Leandro Oviedo Anzola"},"url":"https:\/\/www.fiscalia.gov.co\/colombia\/author\/joviedo\/"}]}},"_links":{"self":[{"href":"https:\/\/www.fiscalia.gov.co\/colombia\/wp-json\/wp\/v2\/posts\/282280","targetHints":{"allow":["GET"]}}],"collection":[{"href":"https:\/\/www.fiscalia.gov.co\/colombia\/wp-json\/wp\/v2\/posts"}],"about":[{"href":"https:\/\/www.fiscalia.gov.co\/colombia\/wp-json\/wp\/v2\/types\/post"}],"author":[{"embeddable":true,"href":"https:\/\/www.fiscalia.gov.co\/colombia\/wp-json\/wp\/v2\/users\/177"}],"replies":[{"embeddable":true,"href":"https:\/\/www.fiscalia.gov.co\/colombia\/wp-json\/wp\/v2\/comments?post=282280"}],"version-history":[{"count":2,"href":"https:\/\/www.fiscalia.gov.co\/colombia\/wp-json\/wp\/v2\/posts\/282280\/revisions"}],"predecessor-version":[{"id":282675,"href":"https:\/\/www.fiscalia.gov.co\/colombia\/wp-json\/wp\/v2\/posts\/282280\/revisions\/282675"}],"wp:attachment":[{"href":"https:\/\/www.fiscalia.gov.co\/colombia\/wp-json\/wp\/v2\/media?parent=282280"}],"wp:term":[{"taxonomy":"category","embeddable":true,"href":"https:\/\/www.fiscalia.gov.co\/colombia\/wp-json\/wp\/v2\/categories?post=282280"},{"taxonomy":"post_tag","embeddable":true,"href":"https:\/\/www.fiscalia.gov.co\/colombia\/wp-json\/wp\/v2\/tags?post=282280"}],"curies":[{"name":"wp","href":"https:\/\/api.w.org\/{rel}","templated":true}]}}