{"id":282263,"date":"2023-10-26T11:26:31","date_gmt":"2023-10-26T16:26:31","guid":{"rendered":"https:\/\/www.fiscalia.gov.co\/colombia\/?p=282263"},"modified":"2023-10-26T11:26:31","modified_gmt":"2023-10-26T16:26:31","slug":"a-11-anos-de-prision-fue-condenado-un-hombre-que-abuso-sexualmente-y-maltrato-a-su-companera-sentimental-de-manera-reiterada","status":"publish","type":"post","link":"https:\/\/www.fiscalia.gov.co\/colombia\/noticias\/a-11-anos-de-prision-fue-condenado-un-hombre-que-abuso-sexualmente-y-maltrato-a-su-companera-sentimental-de-manera-reiterada\/","title":{"rendered":"A 11 a\u00f1os de prisi\u00f3n fue condenado un hombre que abus\u00f3 sexualmente y maltrat\u00f3 a su compa\u00f1era sentimental de manera reiterada"},"content":{"rendered":"<p>En audiencia de lectura de sentencia por preacuerdo la Fiscal\u00eda General de la Naci\u00f3n logr\u00f3 que un juez penal del circuito condenara a 11 a\u00f1os de prisi\u00f3n a\u00a0Jorge Armando Noguera Santacruz por abusar sexualmente y maltratar f\u00edsica y psicol\u00f3gicamente a su compa\u00f1era sentimental, en Cali (Valle del Cauca).<\/p>\n<p>La Fiscal\u00eda logr\u00f3 demostrar que el hoy sentenciado cometi\u00f3 acciones destinadas a degradar y controlar los comportamientos y decisiones de la v\u00edctima. Su compa\u00f1era sentimental no pod\u00eda conversar con amigos, revisaba constantemente su tel\u00e9fono celular y la agred\u00eda f\u00edsica, verbal y psicol\u00f3gicamente.<\/p>\n<p>El trabajo investigativo le permiti\u00f3 a la Fiscal\u00eda establecer, tambi\u00e9n, que dichos il\u00edcitos ocurrieron desde junio de 2019 hasta enero de 2023. La \u00faltima agresi\u00f3n ocurri\u00f3 el pasado 19 de enero, cuando Noguera Santacruz intimid\u00f3 a la mujer con un cuchillo, intent\u00f3 ahorcarla y abus\u00f3 sexualmente de ella; situaci\u00f3n por la que fue capturado, imputado y privado de la libertad, en marzo del 2023.<\/p>\n<p>Por esos hechos el juez aval\u00f3 el preacuerdo presentado por la Fiscal\u00eda y conden\u00f3 a Noguera Santacruz por los delitos de\u00a0<a id=\"m_-6502859434095667097OWAa1aa0f4b-b9cf-110e-d189-73b05f104d60\" href=\"https:\/\/www.fiscalia.gov.co\/colombia\/noticias\/a-la-carcel-hombre-que-habria-maltratado-y-abusado-sexualmente-de-su-excompanera-sentimental\/\" target=\"_blank\" rel=\"noopener\" data-saferedirecturl=\"https:\/\/www.google.com\/url?q=https:\/\/www.fiscalia.gov.co\/colombia\/noticias\/a-la-carcel-hombre-que-habria-maltratado-y-abusado-sexualmente-de-su-excompanera-sentimental\/&amp;source=gmail&amp;ust=1698421041493000&amp;usg=AOvVaw318zgfOYLbFZiFYoGDzhjq\">acceso carnal violento agravado y violencia intrafamiliar agravada<\/a>.<\/p>\n<p>En la misma sentencia, el juez decidi\u00f3 no otorgar ning\u00fan tipo de beneficio al condenado por lo que debe purgar los 11 a\u00f1os de condena en centro penitenciario.<\/p>\n<p>Esta informaci\u00f3n se publica por razones de inter\u00e9s general.<\/p>\n<p><b><u>La Fiscal\u00eda habla con resultados<\/u>.<\/b><\/p>\n<p>&nbsp;<\/p>\n<p>&nbsp;<\/p>\n<p>&nbsp;<\/p>\n<p>&nbsp;<\/p>\n<p>&nbsp;<\/p>\n<p>MAP\/SEGM\/DSC\/LYBT\/<\/p>\n<p>&nbsp;<\/p>\n<p align=\"center\">\n<p><b>\u00a0<\/b><\/p>\n<div class=\"td-post-content tagdiv-type\">\n<div class=\"td-post-content tagdiv-type\">\n<div class=\"td-post-content tagdiv-type\">\n<p><i>La informaci\u00f3n contenida en este bolet\u00edn de prensa corresponde a la narraci\u00f3n de los hechos noticiosos objetivos, suministrados por los funcionarios encargados de adelantar las investigaciones penales al interior de la Fiscal\u00eda General de la Naci\u00f3n. Para el momento de la divulgaci\u00f3n de este comunicado, la situaci\u00f3n jur\u00eddica de la(s) persona(s) relacionada(s) se encuentra pendiente de resolver por la autoridad judicial competente, siempre bajo los preceptos de la presunci\u00f3n de inocencia, consagrados en el art\u00edculo 29 de la Constituci\u00f3n Pol\u00edtica y el art\u00edculo 7\u00ba de la Ley 906 de 2004.<\/i><\/p>\n<\/div>\n<\/div>\n<\/div>\n\n<div class=\"twitter-share\"><a href=\"https:\/\/twitter.com\/intent\/tweet?via=fiscaliacol\" class=\"twitter-share-button\">Tweet<\/a><\/div>\n","protected":false},"excerpt":{"rendered":"<p>En audiencia de lectura de sentencia por preacuerdo la Fiscal\u00eda General de la Naci\u00f3n logr\u00f3 que un juez penal del circuito condenara a 11 a\u00f1os de prisi\u00f3n a\u00a0Jorge Armando Noguera Santacruz por abusar sexualmente y maltratar f\u00edsica y psicol\u00f3gicamente a su compa\u00f1era sentimental, en Cali (Valle del Cauca). La Fiscal\u00eda logr\u00f3 demostrar que el hoy [&hellip;]<\/p>\n","protected":false},"author":177,"featured_media":0,"comment_status":"closed","ping_status":"open","sticky":false,"template":"","format":"standard","meta":{"_price":"","_stock":"","_tribe_ticket_header":"","_tribe_default_ticket_provider":"","_tribe_ticket_capacity":"0","_ticket_start_date":"","_ticket_end_date":"","_tribe_ticket_show_description":"","_tribe_ticket_show_not_going":false,"_tribe_ticket_use_global_stock":"","_tribe_ticket_global_stock_level":"","_global_stock_mode":"","_global_stock_cap":"","_tribe_rsvp_for_event":"","_tribe_ticket_going_count":"","_tribe_ticket_not_going_count":"","_tribe_tickets_list":"[]","_tribe_ticket_has_attendee_info_fields":false,"tdm_status":"","tdm_grid_status":"","footnotes":""},"categories":[1,324,303,24127],"tags":[29889,30077,27076,2431,78,24187,1063,26198,26070,411],"class_list":{"0":"post-282263","1":"post","2":"type-post","3":"status-publish","4":"format-standard","6":"category-noticias","7":"category-seccional-cali","8":"category-seccionales","9":"category-violencia-sexual-e-intrafamiliar","10":"tag-acceso-carnal-violento-agravado-y-violencia-intrafamiliar-agravada","11":"tag-cali-valle-del-cauca","12":"tag-centro-penitenciario","13":"tag-condenado","14":"tag-fiscal-general-de-la-nacion","15":"tag-fiscalia-colombia","16":"tag-preacuerdo","17":"tag-purgar-condena","18":"tag-seccional-cali","19":"tag-sentenciado"},"yoast_head":"<!-- This site is optimized with the Yoast SEO plugin v24.3 - https:\/\/yoast.com\/wordpress\/plugins\/seo\/ -->\n<title>Fiscal\u00eda General de la Naci\u00f3n<\/title>\n<meta name=\"description\" content=\"P\u00e1gina oficial de la Fiscal\u00eda General de la Naci\u00f3n \u2013 Colombia. Garantizamos el acceso efectivo a la justicia, la verdad y la reparaci\u00f3n de las v\u00edctimas de los delitos.\" \/>\n<meta name=\"robots\" content=\"noindex, follow\" \/>\n<meta property=\"og:locale\" content=\"es_ES\" \/>\n<meta property=\"og:type\" content=\"article\" \/>\n<meta property=\"og:title\" content=\"Fiscal\u00eda General de la Naci\u00f3n\" \/>\n<meta property=\"og:description\" content=\"P\u00e1gina oficial de la Fiscal\u00eda General de la Naci\u00f3n \u2013 Colombia. Garantizamos el acceso efectivo a la justicia, la verdad y la reparaci\u00f3n de las v\u00edctimas de los delitos.\" \/>\n<meta property=\"og:url\" content=\"https:\/\/www.fiscalia.gov.co\/colombia\/noticias\/a-11-anos-de-prision-fue-condenado-un-hombre-que-abuso-sexualmente-y-maltrato-a-su-companera-sentimental-de-manera-reiterada\/\" \/>\n<meta property=\"og:site_name\" content=\"Fiscal\u00eda General de la Naci\u00f3n\" \/>\n<meta property=\"article:publisher\" content=\"https:\/\/www.facebook.com\/FiscaliaCol\" \/>\n<meta property=\"article:published_time\" content=\"2023-10-26T16:26:31+00:00\" \/>\n<meta name=\"author\" content=\"Jordan Leandro Oviedo Anzola\" \/>\n<meta name=\"twitter:card\" content=\"summary_large_image\" \/>\n<meta name=\"twitter:creator\" content=\"@FiscaliaCol\" \/>\n<meta name=\"twitter:site\" content=\"@FiscaliaCol\" \/>\n<meta name=\"twitter:label1\" content=\"Escrito por\" \/>\n\t<meta name=\"twitter:data1\" content=\"Jordan Leandro Oviedo Anzola\" \/>\n\t<meta name=\"twitter:label2\" content=\"Tiempo de lectura\" \/>\n\t<meta name=\"twitter:data2\" content=\"2 minutos\" \/>\n<script type=\"application\/ld+json\" class=\"yoast-schema-graph\">{\"@context\":\"https:\/\/schema.org\",\"@graph\":[{\"@type\":\"Article\",\"@id\":\"https:\/\/www.fiscalia.gov.co\/colombia\/noticias\/a-11-anos-de-prision-fue-condenado-un-hombre-que-abuso-sexualmente-y-maltrato-a-su-companera-sentimental-de-manera-reiterada\/#article\",\"isPartOf\":{\"@id\":\"https:\/\/www.fiscalia.gov.co\/colombia\/noticias\/a-11-anos-de-prision-fue-condenado-un-hombre-que-abuso-sexualmente-y-maltrato-a-su-companera-sentimental-de-manera-reiterada\/\"},\"author\":{\"name\":\"Jordan Leandro Oviedo Anzola\",\"@id\":\"https:\/\/www.fiscalia.gov.co\/colombia\/#\/schema\/person\/bf84402cf293a5393e9c70b111020b24\"},\"headline\":\"A 11 a\u00f1os de prisi\u00f3n fue condenado un hombre que abus\u00f3 sexualmente y maltrat\u00f3 a su compa\u00f1era sentimental de manera reiterada\",\"datePublished\":\"2023-10-26T16:26:31+00:00\",\"dateModified\":\"2023-10-26T16:26:31+00:00\",\"mainEntityOfPage\":{\"@id\":\"https:\/\/www.fiscalia.gov.co\/colombia\/noticias\/a-11-anos-de-prision-fue-condenado-un-hombre-que-abuso-sexualmente-y-maltrato-a-su-companera-sentimental-de-manera-reiterada\/\"},\"wordCount\":381,\"publisher\":{\"@id\":\"https:\/\/www.fiscalia.gov.co\/colombia\/#organization\"},\"keywords\":[\"acceso carnal violento agravado y violencia intrafamiliar agravada\",\"Cali (Valle del Cauca)\",\"centro penitenciario.\",\"Condenado\",\"Fiscal General de la Naci\u00f3n\",\"Fiscal\u00eda Colombia\",\"Preacuerdo\",\"purgar condena\",\"Seccional Cali\",\"Sentenciado\"],\"articleSection\":[\"Noticias\",\"Seccional Cali\",\"Seccionales\",\"Violencia sexual e intrafamiliar\"],\"inLanguage\":\"es-CO\"},{\"@type\":\"WebPage\",\"@id\":\"https:\/\/www.fiscalia.gov.co\/colombia\/noticias\/a-11-anos-de-prision-fue-condenado-un-hombre-que-abuso-sexualmente-y-maltrato-a-su-companera-sentimental-de-manera-reiterada\/\",\"url\":\"https:\/\/www.fiscalia.gov.co\/colombia\/noticias\/a-11-anos-de-prision-fue-condenado-un-hombre-que-abuso-sexualmente-y-maltrato-a-su-companera-sentimental-de-manera-reiterada\/\",\"name\":\"Fiscal\u00eda General de la Naci\u00f3n\",\"isPartOf\":{\"@id\":\"https:\/\/www.fiscalia.gov.co\/colombia\/#website\"},\"datePublished\":\"2023-10-26T16:26:31+00:00\",\"dateModified\":\"2023-10-26T16:26:31+00:00\",\"description\":\"P\u00e1gina oficial de la Fiscal\u00eda General de la Naci\u00f3n \u2013 Colombia. Garantizamos el acceso efectivo a la justicia, la verdad y la reparaci\u00f3n de las v\u00edctimas de los delitos.\",\"breadcrumb\":{\"@id\":\"https:\/\/www.fiscalia.gov.co\/colombia\/noticias\/a-11-anos-de-prision-fue-condenado-un-hombre-que-abuso-sexualmente-y-maltrato-a-su-companera-sentimental-de-manera-reiterada\/#breadcrumb\"},\"inLanguage\":\"es-CO\",\"potentialAction\":[{\"@type\":\"ReadAction\",\"target\":[\"https:\/\/www.fiscalia.gov.co\/colombia\/noticias\/a-11-anos-de-prision-fue-condenado-un-hombre-que-abuso-sexualmente-y-maltrato-a-su-companera-sentimental-de-manera-reiterada\/\"]}]},{\"@type\":\"BreadcrumbList\",\"@id\":\"https:\/\/www.fiscalia.gov.co\/colombia\/noticias\/a-11-anos-de-prision-fue-condenado-un-hombre-que-abuso-sexualmente-y-maltrato-a-su-companera-sentimental-de-manera-reiterada\/#breadcrumb\",\"itemListElement\":[{\"@type\":\"ListItem\",\"position\":1,\"name\":\"Home\",\"item\":\"https:\/\/www.fiscalia.gov.co\/colombia\/\"},{\"@type\":\"ListItem\",\"position\":2,\"name\":\"A 11 a\u00f1os de prisi\u00f3n fue condenado un hombre que abus\u00f3 sexualmente y maltrat\u00f3 a su compa\u00f1era sentimental de manera reiterada\"}]},{\"@type\":\"WebSite\",\"@id\":\"https:\/\/www.fiscalia.gov.co\/colombia\/#website\",\"url\":\"https:\/\/www.fiscalia.gov.co\/colombia\/\",\"name\":\"Fiscal\u00eda General de la Naci\u00f3n\",\"description\":\"P\u00e1gina oficial de la Fiscal\u00eda General de la Naci\u00f3n \u2013 Colombia. Garantizamos el acceso efectivo a la justicia, la verdad y la reparaci\u00f3n de las v\u00edctimas de los delitos.\",\"publisher\":{\"@id\":\"https:\/\/www.fiscalia.gov.co\/colombia\/#organization\"},\"potentialAction\":[{\"@type\":\"SearchAction\",\"target\":{\"@type\":\"EntryPoint\",\"urlTemplate\":\"https:\/\/www.fiscalia.gov.co\/colombia\/?s={search_term_string}\"},\"query-input\":{\"@type\":\"PropertyValueSpecification\",\"valueRequired\":true,\"valueName\":\"search_term_string\"}}],\"inLanguage\":\"es-CO\"},{\"@type\":\"Organization\",\"@id\":\"https:\/\/www.fiscalia.gov.co\/colombia\/#organization\",\"name\":\"Fiscal\u00eda General de la Naci\u00f3n\",\"url\":\"https:\/\/www.fiscalia.gov.co\/colombia\/\",\"logo\":{\"@type\":\"ImageObject\",\"inLanguage\":\"es-CO\",\"@id\":\"https:\/\/www.fiscalia.gov.co\/colombia\/#\/schema\/logo\/image\/\",\"url\":\"https:\/\/www.fiscalia.gov.co\/colombia\/wp-content\/uploads\/LogoHorizontal_1.jpg\",\"contentUrl\":\"https:\/\/www.fiscalia.gov.co\/colombia\/wp-content\/uploads\/LogoHorizontal_1.jpg\",\"width\":300,\"height\":90,\"caption\":\"Fiscal\u00eda General de la Naci\u00f3n\"},\"image\":{\"@id\":\"https:\/\/www.fiscalia.gov.co\/colombia\/#\/schema\/logo\/image\/\"},\"sameAs\":[\"https:\/\/www.facebook.com\/FiscaliaCol\",\"https:\/\/x.com\/FiscaliaCol\",\"https:\/\/www.instagram.com\/fiscaliacol\",\"https:\/\/www.linkedin.com\/company\/fiscalia-general-de-la-naci-n\/\",\"https:\/\/youtube.com\/@fiscaliageneraldelanacion-4668?si=6nN79nyQICPU5iTh\"]},{\"@type\":\"Person\",\"@id\":\"https:\/\/www.fiscalia.gov.co\/colombia\/#\/schema\/person\/bf84402cf293a5393e9c70b111020b24\",\"name\":\"Jordan Leandro Oviedo Anzola\",\"image\":{\"@type\":\"ImageObject\",\"inLanguage\":\"es-CO\",\"@id\":\"https:\/\/www.fiscalia.gov.co\/colombia\/#\/schema\/person\/image\/\",\"url\":\"https:\/\/secure.gravatar.com\/avatar\/dabba4346fa9b9207d96adafa8f92721?s=96&d=mm&r=g\",\"contentUrl\":\"https:\/\/secure.gravatar.com\/avatar\/dabba4346fa9b9207d96adafa8f92721?s=96&d=mm&r=g\",\"caption\":\"Jordan Leandro Oviedo Anzola\"},\"url\":\"https:\/\/www.fiscalia.gov.co\/colombia\/author\/joviedo\/\"}]}<\/script>\n<!-- \/ Yoast SEO plugin. -->","yoast_head_json":{"title":"Fiscal\u00eda General de la Naci\u00f3n","description":"P\u00e1gina oficial de la Fiscal\u00eda General de la Naci\u00f3n \u2013 Colombia. Garantizamos el acceso efectivo a la justicia, la verdad y la reparaci\u00f3n de las v\u00edctimas de los delitos.","robots":{"index":"noindex","follow":"follow"},"og_locale":"es_ES","og_type":"article","og_title":"Fiscal\u00eda General de la Naci\u00f3n","og_description":"P\u00e1gina oficial de la Fiscal\u00eda General de la Naci\u00f3n \u2013 Colombia. Garantizamos el acceso efectivo a la justicia, la verdad y la reparaci\u00f3n de las v\u00edctimas de los delitos.","og_url":"https:\/\/www.fiscalia.gov.co\/colombia\/noticias\/a-11-anos-de-prision-fue-condenado-un-hombre-que-abuso-sexualmente-y-maltrato-a-su-companera-sentimental-de-manera-reiterada\/","og_site_name":"Fiscal\u00eda General de la Naci\u00f3n","article_publisher":"https:\/\/www.facebook.com\/FiscaliaCol","article_published_time":"2023-10-26T16:26:31+00:00","author":"Jordan Leandro Oviedo Anzola","twitter_card":"summary_large_image","twitter_creator":"@FiscaliaCol","twitter_site":"@FiscaliaCol","twitter_misc":{"Escrito por":"Jordan Leandro Oviedo Anzola","Tiempo de lectura":"2 minutos"},"schema":{"@context":"https:\/\/schema.org","@graph":[{"@type":"Article","@id":"https:\/\/www.fiscalia.gov.co\/colombia\/noticias\/a-11-anos-de-prision-fue-condenado-un-hombre-que-abuso-sexualmente-y-maltrato-a-su-companera-sentimental-de-manera-reiterada\/#article","isPartOf":{"@id":"https:\/\/www.fiscalia.gov.co\/colombia\/noticias\/a-11-anos-de-prision-fue-condenado-un-hombre-que-abuso-sexualmente-y-maltrato-a-su-companera-sentimental-de-manera-reiterada\/"},"author":{"name":"Jordan Leandro Oviedo Anzola","@id":"https:\/\/www.fiscalia.gov.co\/colombia\/#\/schema\/person\/bf84402cf293a5393e9c70b111020b24"},"headline":"A 11 a\u00f1os de prisi\u00f3n fue condenado un hombre que abus\u00f3 sexualmente y maltrat\u00f3 a su compa\u00f1era sentimental de manera reiterada","datePublished":"2023-10-26T16:26:31+00:00","dateModified":"2023-10-26T16:26:31+00:00","mainEntityOfPage":{"@id":"https:\/\/www.fiscalia.gov.co\/colombia\/noticias\/a-11-anos-de-prision-fue-condenado-un-hombre-que-abuso-sexualmente-y-maltrato-a-su-companera-sentimental-de-manera-reiterada\/"},"wordCount":381,"publisher":{"@id":"https:\/\/www.fiscalia.gov.co\/colombia\/#organization"},"keywords":["acceso carnal violento agravado y violencia intrafamiliar agravada","Cali (Valle del Cauca)","centro penitenciario.","Condenado","Fiscal General de la Naci\u00f3n","Fiscal\u00eda Colombia","Preacuerdo","purgar condena","Seccional Cali","Sentenciado"],"articleSection":["Noticias","Seccional Cali","Seccionales","Violencia sexual e intrafamiliar"],"inLanguage":"es-CO"},{"@type":"WebPage","@id":"https:\/\/www.fiscalia.gov.co\/colombia\/noticias\/a-11-anos-de-prision-fue-condenado-un-hombre-que-abuso-sexualmente-y-maltrato-a-su-companera-sentimental-de-manera-reiterada\/","url":"https:\/\/www.fiscalia.gov.co\/colombia\/noticias\/a-11-anos-de-prision-fue-condenado-un-hombre-que-abuso-sexualmente-y-maltrato-a-su-companera-sentimental-de-manera-reiterada\/","name":"Fiscal\u00eda General de la Naci\u00f3n","isPartOf":{"@id":"https:\/\/www.fiscalia.gov.co\/colombia\/#website"},"datePublished":"2023-10-26T16:26:31+00:00","dateModified":"2023-10-26T16:26:31+00:00","description":"P\u00e1gina oficial de la Fiscal\u00eda General de la Naci\u00f3n \u2013 Colombia. Garantizamos el acceso efectivo a la justicia, la verdad y la reparaci\u00f3n de las v\u00edctimas de los delitos.","breadcrumb":{"@id":"https:\/\/www.fiscalia.gov.co\/colombia\/noticias\/a-11-anos-de-prision-fue-condenado-un-hombre-que-abuso-sexualmente-y-maltrato-a-su-companera-sentimental-de-manera-reiterada\/#breadcrumb"},"inLanguage":"es-CO","potentialAction":[{"@type":"ReadAction","target":["https:\/\/www.fiscalia.gov.co\/colombia\/noticias\/a-11-anos-de-prision-fue-condenado-un-hombre-que-abuso-sexualmente-y-maltrato-a-su-companera-sentimental-de-manera-reiterada\/"]}]},{"@type":"BreadcrumbList","@id":"https:\/\/www.fiscalia.gov.co\/colombia\/noticias\/a-11-anos-de-prision-fue-condenado-un-hombre-que-abuso-sexualmente-y-maltrato-a-su-companera-sentimental-de-manera-reiterada\/#breadcrumb","itemListElement":[{"@type":"ListItem","position":1,"name":"Home","item":"https:\/\/www.fiscalia.gov.co\/colombia\/"},{"@type":"ListItem","position":2,"name":"A 11 a\u00f1os de prisi\u00f3n fue condenado un hombre que abus\u00f3 sexualmente y maltrat\u00f3 a su compa\u00f1era sentimental de manera reiterada"}]},{"@type":"WebSite","@id":"https:\/\/www.fiscalia.gov.co\/colombia\/#website","url":"https:\/\/www.fiscalia.gov.co\/colombia\/","name":"Fiscal\u00eda General de la Naci\u00f3n","description":"P\u00e1gina oficial de la Fiscal\u00eda General de la Naci\u00f3n \u2013 Colombia. Garantizamos el acceso efectivo a la justicia, la verdad y la reparaci\u00f3n de las v\u00edctimas de los delitos.","publisher":{"@id":"https:\/\/www.fiscalia.gov.co\/colombia\/#organization"},"potentialAction":[{"@type":"SearchAction","target":{"@type":"EntryPoint","urlTemplate":"https:\/\/www.fiscalia.gov.co\/colombia\/?s={search_term_string}"},"query-input":{"@type":"PropertyValueSpecification","valueRequired":true,"valueName":"search_term_string"}}],"inLanguage":"es-CO"},{"@type":"Organization","@id":"https:\/\/www.fiscalia.gov.co\/colombia\/#organization","name":"Fiscal\u00eda General de la Naci\u00f3n","url":"https:\/\/www.fiscalia.gov.co\/colombia\/","logo":{"@type":"ImageObject","inLanguage":"es-CO","@id":"https:\/\/www.fiscalia.gov.co\/colombia\/#\/schema\/logo\/image\/","url":"https:\/\/www.fiscalia.gov.co\/colombia\/wp-content\/uploads\/LogoHorizontal_1.jpg","contentUrl":"https:\/\/www.fiscalia.gov.co\/colombia\/wp-content\/uploads\/LogoHorizontal_1.jpg","width":300,"height":90,"caption":"Fiscal\u00eda General de la Naci\u00f3n"},"image":{"@id":"https:\/\/www.fiscalia.gov.co\/colombia\/#\/schema\/logo\/image\/"},"sameAs":["https:\/\/www.facebook.com\/FiscaliaCol","https:\/\/x.com\/FiscaliaCol","https:\/\/www.instagram.com\/fiscaliacol","https:\/\/www.linkedin.com\/company\/fiscalia-general-de-la-naci-n\/","https:\/\/youtube.com\/@fiscaliageneraldelanacion-4668?si=6nN79nyQICPU5iTh"]},{"@type":"Person","@id":"https:\/\/www.fiscalia.gov.co\/colombia\/#\/schema\/person\/bf84402cf293a5393e9c70b111020b24","name":"Jordan Leandro Oviedo Anzola","image":{"@type":"ImageObject","inLanguage":"es-CO","@id":"https:\/\/www.fiscalia.gov.co\/colombia\/#\/schema\/person\/image\/","url":"https:\/\/secure.gravatar.com\/avatar\/dabba4346fa9b9207d96adafa8f92721?s=96&d=mm&r=g","contentUrl":"https:\/\/secure.gravatar.com\/avatar\/dabba4346fa9b9207d96adafa8f92721?s=96&d=mm&r=g","caption":"Jordan Leandro Oviedo Anzola"},"url":"https:\/\/www.fiscalia.gov.co\/colombia\/author\/joviedo\/"}]}},"_links":{"self":[{"href":"https:\/\/www.fiscalia.gov.co\/colombia\/wp-json\/wp\/v2\/posts\/282263","targetHints":{"allow":["GET"]}}],"collection":[{"href":"https:\/\/www.fiscalia.gov.co\/colombia\/wp-json\/wp\/v2\/posts"}],"about":[{"href":"https:\/\/www.fiscalia.gov.co\/colombia\/wp-json\/wp\/v2\/types\/post"}],"author":[{"embeddable":true,"href":"https:\/\/www.fiscalia.gov.co\/colombia\/wp-json\/wp\/v2\/users\/177"}],"replies":[{"embeddable":true,"href":"https:\/\/www.fiscalia.gov.co\/colombia\/wp-json\/wp\/v2\/comments?post=282263"}],"version-history":[{"count":1,"href":"https:\/\/www.fiscalia.gov.co\/colombia\/wp-json\/wp\/v2\/posts\/282263\/revisions"}],"predecessor-version":[{"id":282264,"href":"https:\/\/www.fiscalia.gov.co\/colombia\/wp-json\/wp\/v2\/posts\/282263\/revisions\/282264"}],"wp:attachment":[{"href":"https:\/\/www.fiscalia.gov.co\/colombia\/wp-json\/wp\/v2\/media?parent=282263"}],"wp:term":[{"taxonomy":"category","embeddable":true,"href":"https:\/\/www.fiscalia.gov.co\/colombia\/wp-json\/wp\/v2\/categories?post=282263"},{"taxonomy":"post_tag","embeddable":true,"href":"https:\/\/www.fiscalia.gov.co\/colombia\/wp-json\/wp\/v2\/tags?post=282263"}],"curies":[{"name":"wp","href":"https:\/\/api.w.org\/{rel}","templated":true}]}}