{"id":282208,"date":"2023-10-25T15:12:55","date_gmt":"2023-10-25T20:12:55","guid":{"rendered":"https:\/\/www.fiscalia.gov.co\/colombia\/?p=282208"},"modified":"2023-10-25T15:59:49","modified_gmt":"2023-10-25T20:59:49","slug":"fiscalia-imputara-al-coronel-carlos-alberto-feria-y-a-otros-dos-integrantes-de-la-policia-nacional-por-la-presunta-practica-irregular-de-la-prueba-de-poligrafo-a-marelbys-meza","status":"publish","type":"post","link":"https:\/\/www.fiscalia.gov.co\/colombia\/noticias\/fiscalia-imputara-al-coronel-carlos-alberto-feria-y-a-otros-dos-integrantes-de-la-policia-nacional-por-la-presunta-practica-irregular-de-la-prueba-de-poligrafo-a-marelbys-meza\/","title":{"rendered":"Fiscal\u00eda imputar\u00e1 al coronel Carlos Alberto Feria y a otros dos integrantes de la Polic\u00eda Nacional por la presunta pr\u00e1ctica irregular de la prueba de pol\u00edgrafo a Marelbys Meza"},"content":{"rendered":"<h4><strong><em>Los funcionarios habr\u00edan hecho uso irregular de sus cargos y de los bienes del Estado para realizar el examen a una persona que cumpl\u00eda labores dom\u00e9sticas en la casa de la exjefe de Gabinete de la Presidencia de la Rep\u00fablica, Laura Camila Sarabia Torres. <\/em><\/strong><\/h4>\n<p>Un equipo de fiscales de la Direcci\u00f3n Especializada contra la Corrupci\u00f3n y de la Direcci\u00f3n Especializada contra las Violaciones a los Derechos Humanos radic\u00f3 solicitud de audiencia de imputaci\u00f3n en contra del jefe de la Oficina de Protecci\u00f3n Presidencial, coronel Carlos Alberto Feria; el jefe de la Oficina de Pol\u00edgrafos del Grupo de Estudios de Seguridad, capit\u00e1n Elkin Augusto G\u00f3mez Guti\u00e9rrez; y el intendente Jhon Alexander Sacrist\u00e1n Boh\u00f3rquez.<\/p>\n<p>Los funcionarios de la Polic\u00eda Nacional estar\u00edan involucrados en actuaciones irregulares, entre estas la pr\u00e1ctica del pol\u00edgrafo a Marelbys Meza Buelvas, exni\u00f1era de la exjefe de Gabinete de la Presidencia de la Rep\u00fablica, Laura Camila Sarabia Torres.<\/p>\n<p>Los elementos de prueba dan cuenta que el coronel Feria Buitrago al parecer, orden\u00f3 a varios de sus subalternos ubicar un dinero que se perdi\u00f3 de la residencia de la se\u00f1ora Sarabia Torres, el 29 de enero del a\u00f1o en curso. Asimismo, habr\u00eda dispuesto de un veh\u00edculo oficial para trasladar a Marelbys Meza desde su residencia en Soacha (Cundinamarca), hasta el edificio Gal\u00e1n, donde funciona la Sala de Pol\u00edgrafo de la Casa de Nari\u00f1o.<\/p>\n<p>De otra parte, el Capit\u00e1n G\u00f3mez Guti\u00e9rrez y el Intendente Sacrist\u00e1n Boh\u00f3rquez, presuntamente, recibieron a la mujer, la despojaron del celular y le realizaron la prueba, en la que hicieron preguntas que suger\u00edan la responsabilidad de la exni\u00f1era en la p\u00e9rdida del dinero.<\/p>\n<p>Al t\u00e9rmino de la diligencia, los uniformados le devolvieron el tel\u00e9fono a Marelbys Meza. Al parecer, la mujer desbloque\u00f3 el equipo e inmediatamente el intendente se lo arrebat\u00f3 nuevamente y retuvo mientras extra\u00eda informaci\u00f3n.<\/p>\n<p>Para la Fiscal\u00eda, el coronel Feria Buitrago y los otros dos funcionarios, presuntamente, abusaron de su cargo y autoridad al vulnerar la autonom\u00eda de Meza Buelvas, y someterla a un trato injusto. De igual manera, habr\u00edan destinado recursos y activos del Estado para practicarle la prueba del pol\u00edgrafo, que est\u00e1 autorizada para personal vinculado al Gobierno Nacional, y no para personal externo.<\/p>\n<p>Por lo anterior, los uniformados ser\u00e1n imputados por los delitos de peculado por uso, abuso de funci\u00f3n p\u00fablica y constre\u00f1imiento ilegal. Adicionalmente, al intendente Sacrist\u00e1n Boh\u00f3rquez se le formular\u00e1 el delito de acceso abusivo a sistema inform\u00e1tico agravado.<\/p>\n<p>La audiencia de imputaci\u00f3n se realizar\u00e1 en la fecha que fije el Centro de Servicios Judiciales del Complejo de Paloquemao en Bogot\u00e1.<\/p>\n<p>Esta informaci\u00f3n se publica por razones de inter\u00e9s general.<\/p>\n<p>&nbsp;<\/p>\n<p>&nbsp;<\/p>\n<p>&nbsp;<\/p>\n<p>&nbsp;<\/p>\n<p>&nbsp;<\/p>\n<p>&nbsp;<\/p>\n<p>LAGP\/JARG\/EAC\/DECC\/HTP\/DECVDH\/<\/p>\n<p>&nbsp;<\/p>\n<p>&nbsp;<\/p>\n<p>&nbsp;<\/p>\n<p>&nbsp;<\/p>\n<p>&nbsp;<\/p>\n<p><i>La informaci\u00f3n contenida en este bolet\u00edn de prensa corresponde a la narraci\u00f3n de los hechos noticiosos objetivos, suministrados por los funcionarios encargados de adelantar las investigaciones penales al interior de la Fiscal\u00eda General de la Naci\u00f3n. Para el momento de la divulgaci\u00f3n de este comunicado, la situaci\u00f3n jur\u00eddica de la(s) persona(s) relacionada(s) se encuentra pendiente de resolver por la autoridad judicial competente, siempre bajo los preceptos de la presunci\u00f3n de inocencia, consagrados en el art\u00edculo 29 de la Constituci\u00f3n Pol\u00edtica y el art\u00edculo 7\u00ba de la Ley 906 de 2004.<\/i><\/p>\n<p>&nbsp;<\/p>\n\n<div class=\"twitter-share\"><a href=\"https:\/\/twitter.com\/intent\/tweet?via=fiscaliacol\" class=\"twitter-share-button\">Tweet<\/a><\/div>\n","protected":false},"excerpt":{"rendered":"<p>Los funcionarios habr\u00edan hecho uso irregular de sus cargos y de los bienes del Estado para realizar el examen a una persona que cumpl\u00eda labores dom\u00e9sticas en la casa de la exjefe de Gabinete de la Presidencia de la Rep\u00fablica, Laura Camila Sarabia Torres. Un equipo de fiscales de la Direcci\u00f3n Especializada contra la Corrupci\u00f3n [&hellip;]<\/p>\n","protected":false},"author":177,"featured_media":0,"comment_status":"closed","ping_status":"open","sticky":false,"template":"","format":"standard","meta":{"tdm_status":"","tdm_grid_status":"","footnotes":""},"categories":[24097,24107,24102,1],"tags":[14588,427,1050,24185,1047,36025,35388],"class_list":{"0":"post-282208","1":"post","2":"type-post","3":"status-publish","4":"format-standard","6":"category-corrupcion","7":"category-lucha-contra-corrupcion","8":"category-derechos-humanos","9":"category-noticias","10":"tag-coronel","11":"tag-corrupcion","12":"tag-derechoa-humanos","13":"tag-fiscal-barbosa","14":"tag-fiscalia-general-de-la-nacion","15":"tag-marelbys-meza","16":"tag-poligrafo"},"yoast_head":"<!-- This site is optimized with the Yoast SEO plugin v24.3 - https:\/\/yoast.com\/wordpress\/plugins\/seo\/ -->\n<title>Fiscal\u00eda General de la Naci\u00f3n<\/title>\n<meta name=\"description\" content=\"P\u00e1gina oficial de la Fiscal\u00eda General de la Naci\u00f3n \u2013 Colombia. Garantizamos el acceso efectivo a la justicia, la verdad y la reparaci\u00f3n de las v\u00edctimas de los delitos.\" \/>\n<meta name=\"robots\" content=\"noindex, follow\" \/>\n<meta property=\"og:locale\" content=\"es_ES\" \/>\n<meta property=\"og:type\" content=\"article\" \/>\n<meta property=\"og:title\" content=\"Fiscal\u00eda General de la Naci\u00f3n\" \/>\n<meta property=\"og:description\" content=\"P\u00e1gina oficial de la Fiscal\u00eda General de la Naci\u00f3n \u2013 Colombia. Garantizamos el acceso efectivo a la justicia, la verdad y la reparaci\u00f3n de las v\u00edctimas de los delitos.\" \/>\n<meta property=\"og:url\" content=\"https:\/\/www.fiscalia.gov.co\/colombia\/noticias\/fiscalia-imputara-al-coronel-carlos-alberto-feria-y-a-otros-dos-integrantes-de-la-policia-nacional-por-la-presunta-practica-irregular-de-la-prueba-de-poligrafo-a-marelbys-meza\/\" \/>\n<meta property=\"og:site_name\" content=\"Fiscal\u00eda General de la Naci\u00f3n\" \/>\n<meta property=\"article:publisher\" content=\"https:\/\/www.facebook.com\/FiscaliaCol\" \/>\n<meta property=\"article:published_time\" content=\"2023-10-25T20:12:55+00:00\" \/>\n<meta property=\"article:modified_time\" content=\"2023-10-25T20:59:49+00:00\" \/>\n<meta name=\"author\" content=\"Jordan Leandro Oviedo Anzola\" \/>\n<meta name=\"twitter:card\" content=\"summary_large_image\" \/>\n<meta name=\"twitter:creator\" content=\"@FiscaliaCol\" \/>\n<meta name=\"twitter:site\" content=\"@FiscaliaCol\" \/>\n<meta name=\"twitter:label1\" content=\"Escrito por\" \/>\n\t<meta name=\"twitter:data1\" content=\"Jordan Leandro Oviedo Anzola\" \/>\n\t<meta name=\"twitter:label2\" content=\"Tiempo de lectura\" \/>\n\t<meta name=\"twitter:data2\" content=\"3 minutos\" \/>\n<script type=\"application\/ld+json\" class=\"yoast-schema-graph\">{\"@context\":\"https:\/\/schema.org\",\"@graph\":[{\"@type\":\"Article\",\"@id\":\"https:\/\/www.fiscalia.gov.co\/colombia\/noticias\/fiscalia-imputara-al-coronel-carlos-alberto-feria-y-a-otros-dos-integrantes-de-la-policia-nacional-por-la-presunta-practica-irregular-de-la-prueba-de-poligrafo-a-marelbys-meza\/#article\",\"isPartOf\":{\"@id\":\"https:\/\/www.fiscalia.gov.co\/colombia\/noticias\/fiscalia-imputara-al-coronel-carlos-alberto-feria-y-a-otros-dos-integrantes-de-la-policia-nacional-por-la-presunta-practica-irregular-de-la-prueba-de-poligrafo-a-marelbys-meza\/\"},\"author\":{\"name\":\"Jordan Leandro Oviedo Anzola\",\"@id\":\"https:\/\/www.fiscalia.gov.co\/colombia\/#\/schema\/person\/bf84402cf293a5393e9c70b111020b24\"},\"headline\":\"Fiscal\u00eda imputar\u00e1 al coronel Carlos Alberto Feria y a otros dos integrantes de la Polic\u00eda Nacional por la presunta pr\u00e1ctica irregular de la prueba de pol\u00edgrafo a Marelbys Meza\",\"datePublished\":\"2023-10-25T20:12:55+00:00\",\"dateModified\":\"2023-10-25T20:59:49+00:00\",\"mainEntityOfPage\":{\"@id\":\"https:\/\/www.fiscalia.gov.co\/colombia\/noticias\/fiscalia-imputara-al-coronel-carlos-alberto-feria-y-a-otros-dos-integrantes-de-la-policia-nacional-por-la-presunta-practica-irregular-de-la-prueba-de-poligrafo-a-marelbys-meza\/\"},\"wordCount\":637,\"publisher\":{\"@id\":\"https:\/\/www.fiscalia.gov.co\/colombia\/#organization\"},\"keywords\":[\"Coronel\",\"Corrupci\u00f3n\",\"Derechos Humanos\",\"Fiscal Barbosa\",\"Fiscal\u00eda General de la Naci\u00f3n\",\"Marelbys Meza\",\"poligrafo\"],\"articleSection\":[\"Corrupci\u00f3n\",\"Corrupci\u00f3n\",\"Derechos Humanos\",\"Noticias\"],\"inLanguage\":\"es-CO\"},{\"@type\":\"WebPage\",\"@id\":\"https:\/\/www.fiscalia.gov.co\/colombia\/noticias\/fiscalia-imputara-al-coronel-carlos-alberto-feria-y-a-otros-dos-integrantes-de-la-policia-nacional-por-la-presunta-practica-irregular-de-la-prueba-de-poligrafo-a-marelbys-meza\/\",\"url\":\"https:\/\/www.fiscalia.gov.co\/colombia\/noticias\/fiscalia-imputara-al-coronel-carlos-alberto-feria-y-a-otros-dos-integrantes-de-la-policia-nacional-por-la-presunta-practica-irregular-de-la-prueba-de-poligrafo-a-marelbys-meza\/\",\"name\":\"Fiscal\u00eda General de la Naci\u00f3n\",\"isPartOf\":{\"@id\":\"https:\/\/www.fiscalia.gov.co\/colombia\/#website\"},\"datePublished\":\"2023-10-25T20:12:55+00:00\",\"dateModified\":\"2023-10-25T20:59:49+00:00\",\"description\":\"P\u00e1gina oficial de la Fiscal\u00eda General de la Naci\u00f3n \u2013 Colombia. Garantizamos el acceso efectivo a la justicia, la verdad y la reparaci\u00f3n de las v\u00edctimas de los delitos.\",\"breadcrumb\":{\"@id\":\"https:\/\/www.fiscalia.gov.co\/colombia\/noticias\/fiscalia-imputara-al-coronel-carlos-alberto-feria-y-a-otros-dos-integrantes-de-la-policia-nacional-por-la-presunta-practica-irregular-de-la-prueba-de-poligrafo-a-marelbys-meza\/#breadcrumb\"},\"inLanguage\":\"es-CO\",\"potentialAction\":[{\"@type\":\"ReadAction\",\"target\":[\"https:\/\/www.fiscalia.gov.co\/colombia\/noticias\/fiscalia-imputara-al-coronel-carlos-alberto-feria-y-a-otros-dos-integrantes-de-la-policia-nacional-por-la-presunta-practica-irregular-de-la-prueba-de-poligrafo-a-marelbys-meza\/\"]}]},{\"@type\":\"BreadcrumbList\",\"@id\":\"https:\/\/www.fiscalia.gov.co\/colombia\/noticias\/fiscalia-imputara-al-coronel-carlos-alberto-feria-y-a-otros-dos-integrantes-de-la-policia-nacional-por-la-presunta-practica-irregular-de-la-prueba-de-poligrafo-a-marelbys-meza\/#breadcrumb\",\"itemListElement\":[{\"@type\":\"ListItem\",\"position\":1,\"name\":\"Home\",\"item\":\"https:\/\/www.fiscalia.gov.co\/colombia\/\"},{\"@type\":\"ListItem\",\"position\":2,\"name\":\"Fiscal\u00eda imputar\u00e1 al coronel Carlos Alberto Feria y a otros dos integrantes de la Polic\u00eda Nacional por la presunta pr\u00e1ctica irregular de la prueba de pol\u00edgrafo a Marelbys Meza\"}]},{\"@type\":\"WebSite\",\"@id\":\"https:\/\/www.fiscalia.gov.co\/colombia\/#website\",\"url\":\"https:\/\/www.fiscalia.gov.co\/colombia\/\",\"name\":\"Fiscal\u00eda General de la Naci\u00f3n\",\"description\":\"P\u00e1gina oficial de la Fiscal\u00eda General de la Naci\u00f3n \u2013 Colombia. Garantizamos el acceso efectivo a la justicia, la verdad y la reparaci\u00f3n de las v\u00edctimas de los delitos.\",\"publisher\":{\"@id\":\"https:\/\/www.fiscalia.gov.co\/colombia\/#organization\"},\"potentialAction\":[{\"@type\":\"SearchAction\",\"target\":{\"@type\":\"EntryPoint\",\"urlTemplate\":\"https:\/\/www.fiscalia.gov.co\/colombia\/?s={search_term_string}\"},\"query-input\":{\"@type\":\"PropertyValueSpecification\",\"valueRequired\":true,\"valueName\":\"search_term_string\"}}],\"inLanguage\":\"es-CO\"},{\"@type\":\"Organization\",\"@id\":\"https:\/\/www.fiscalia.gov.co\/colombia\/#organization\",\"name\":\"Fiscal\u00eda General de la Naci\u00f3n\",\"url\":\"https:\/\/www.fiscalia.gov.co\/colombia\/\",\"logo\":{\"@type\":\"ImageObject\",\"inLanguage\":\"es-CO\",\"@id\":\"https:\/\/www.fiscalia.gov.co\/colombia\/#\/schema\/logo\/image\/\",\"url\":\"https:\/\/www.fiscalia.gov.co\/colombia\/wp-content\/uploads\/LogoHorizontal_1.jpg\",\"contentUrl\":\"https:\/\/www.fiscalia.gov.co\/colombia\/wp-content\/uploads\/LogoHorizontal_1.jpg\",\"width\":300,\"height\":90,\"caption\":\"Fiscal\u00eda General de la Naci\u00f3n\"},\"image\":{\"@id\":\"https:\/\/www.fiscalia.gov.co\/colombia\/#\/schema\/logo\/image\/\"},\"sameAs\":[\"https:\/\/www.facebook.com\/FiscaliaCol\",\"https:\/\/x.com\/FiscaliaCol\",\"https:\/\/www.instagram.com\/fiscaliacol\",\"https:\/\/www.linkedin.com\/company\/fiscalia-general-de-la-naci-n\/\",\"https:\/\/youtube.com\/@fiscaliageneraldelanacion-4668?si=6nN79nyQICPU5iTh\"]},{\"@type\":\"Person\",\"@id\":\"https:\/\/www.fiscalia.gov.co\/colombia\/#\/schema\/person\/bf84402cf293a5393e9c70b111020b24\",\"name\":\"Jordan Leandro Oviedo Anzola\",\"image\":{\"@type\":\"ImageObject\",\"inLanguage\":\"es-CO\",\"@id\":\"https:\/\/www.fiscalia.gov.co\/colombia\/#\/schema\/person\/image\/\",\"url\":\"https:\/\/secure.gravatar.com\/avatar\/dabba4346fa9b9207d96adafa8f92721?s=96&d=mm&r=g\",\"contentUrl\":\"https:\/\/secure.gravatar.com\/avatar\/dabba4346fa9b9207d96adafa8f92721?s=96&d=mm&r=g\",\"caption\":\"Jordan Leandro Oviedo Anzola\"},\"url\":\"https:\/\/www.fiscalia.gov.co\/colombia\/author\/joviedo\/\"}]}<\/script>\n<!-- \/ Yoast SEO plugin. -->","yoast_head_json":{"title":"Fiscal\u00eda General de la Naci\u00f3n","description":"P\u00e1gina oficial de la Fiscal\u00eda General de la Naci\u00f3n \u2013 Colombia. Garantizamos el acceso efectivo a la justicia, la verdad y la reparaci\u00f3n de las v\u00edctimas de los delitos.","robots":{"index":"noindex","follow":"follow"},"og_locale":"es_ES","og_type":"article","og_title":"Fiscal\u00eda General de la Naci\u00f3n","og_description":"P\u00e1gina oficial de la Fiscal\u00eda General de la Naci\u00f3n \u2013 Colombia. Garantizamos el acceso efectivo a la justicia, la verdad y la reparaci\u00f3n de las v\u00edctimas de los delitos.","og_url":"https:\/\/www.fiscalia.gov.co\/colombia\/noticias\/fiscalia-imputara-al-coronel-carlos-alberto-feria-y-a-otros-dos-integrantes-de-la-policia-nacional-por-la-presunta-practica-irregular-de-la-prueba-de-poligrafo-a-marelbys-meza\/","og_site_name":"Fiscal\u00eda General de la Naci\u00f3n","article_publisher":"https:\/\/www.facebook.com\/FiscaliaCol","article_published_time":"2023-10-25T20:12:55+00:00","article_modified_time":"2023-10-25T20:59:49+00:00","author":"Jordan Leandro Oviedo Anzola","twitter_card":"summary_large_image","twitter_creator":"@FiscaliaCol","twitter_site":"@FiscaliaCol","twitter_misc":{"Escrito por":"Jordan Leandro Oviedo Anzola","Tiempo de lectura":"3 minutos"},"schema":{"@context":"https:\/\/schema.org","@graph":[{"@type":"Article","@id":"https:\/\/www.fiscalia.gov.co\/colombia\/noticias\/fiscalia-imputara-al-coronel-carlos-alberto-feria-y-a-otros-dos-integrantes-de-la-policia-nacional-por-la-presunta-practica-irregular-de-la-prueba-de-poligrafo-a-marelbys-meza\/#article","isPartOf":{"@id":"https:\/\/www.fiscalia.gov.co\/colombia\/noticias\/fiscalia-imputara-al-coronel-carlos-alberto-feria-y-a-otros-dos-integrantes-de-la-policia-nacional-por-la-presunta-practica-irregular-de-la-prueba-de-poligrafo-a-marelbys-meza\/"},"author":{"name":"Jordan Leandro Oviedo Anzola","@id":"https:\/\/www.fiscalia.gov.co\/colombia\/#\/schema\/person\/bf84402cf293a5393e9c70b111020b24"},"headline":"Fiscal\u00eda imputar\u00e1 al coronel Carlos Alberto Feria y a otros dos integrantes de la Polic\u00eda Nacional por la presunta pr\u00e1ctica irregular de la prueba de pol\u00edgrafo a Marelbys Meza","datePublished":"2023-10-25T20:12:55+00:00","dateModified":"2023-10-25T20:59:49+00:00","mainEntityOfPage":{"@id":"https:\/\/www.fiscalia.gov.co\/colombia\/noticias\/fiscalia-imputara-al-coronel-carlos-alberto-feria-y-a-otros-dos-integrantes-de-la-policia-nacional-por-la-presunta-practica-irregular-de-la-prueba-de-poligrafo-a-marelbys-meza\/"},"wordCount":637,"publisher":{"@id":"https:\/\/www.fiscalia.gov.co\/colombia\/#organization"},"keywords":["Coronel","Corrupci\u00f3n","Derechos Humanos","Fiscal Barbosa","Fiscal\u00eda General de la Naci\u00f3n","Marelbys Meza","poligrafo"],"articleSection":["Corrupci\u00f3n","Corrupci\u00f3n","Derechos Humanos","Noticias"],"inLanguage":"es-CO"},{"@type":"WebPage","@id":"https:\/\/www.fiscalia.gov.co\/colombia\/noticias\/fiscalia-imputara-al-coronel-carlos-alberto-feria-y-a-otros-dos-integrantes-de-la-policia-nacional-por-la-presunta-practica-irregular-de-la-prueba-de-poligrafo-a-marelbys-meza\/","url":"https:\/\/www.fiscalia.gov.co\/colombia\/noticias\/fiscalia-imputara-al-coronel-carlos-alberto-feria-y-a-otros-dos-integrantes-de-la-policia-nacional-por-la-presunta-practica-irregular-de-la-prueba-de-poligrafo-a-marelbys-meza\/","name":"Fiscal\u00eda General de la Naci\u00f3n","isPartOf":{"@id":"https:\/\/www.fiscalia.gov.co\/colombia\/#website"},"datePublished":"2023-10-25T20:12:55+00:00","dateModified":"2023-10-25T20:59:49+00:00","description":"P\u00e1gina oficial de la Fiscal\u00eda General de la Naci\u00f3n \u2013 Colombia. Garantizamos el acceso efectivo a la justicia, la verdad y la reparaci\u00f3n de las v\u00edctimas de los delitos.","breadcrumb":{"@id":"https:\/\/www.fiscalia.gov.co\/colombia\/noticias\/fiscalia-imputara-al-coronel-carlos-alberto-feria-y-a-otros-dos-integrantes-de-la-policia-nacional-por-la-presunta-practica-irregular-de-la-prueba-de-poligrafo-a-marelbys-meza\/#breadcrumb"},"inLanguage":"es-CO","potentialAction":[{"@type":"ReadAction","target":["https:\/\/www.fiscalia.gov.co\/colombia\/noticias\/fiscalia-imputara-al-coronel-carlos-alberto-feria-y-a-otros-dos-integrantes-de-la-policia-nacional-por-la-presunta-practica-irregular-de-la-prueba-de-poligrafo-a-marelbys-meza\/"]}]},{"@type":"BreadcrumbList","@id":"https:\/\/www.fiscalia.gov.co\/colombia\/noticias\/fiscalia-imputara-al-coronel-carlos-alberto-feria-y-a-otros-dos-integrantes-de-la-policia-nacional-por-la-presunta-practica-irregular-de-la-prueba-de-poligrafo-a-marelbys-meza\/#breadcrumb","itemListElement":[{"@type":"ListItem","position":1,"name":"Home","item":"https:\/\/www.fiscalia.gov.co\/colombia\/"},{"@type":"ListItem","position":2,"name":"Fiscal\u00eda imputar\u00e1 al coronel Carlos Alberto Feria y a otros dos integrantes de la Polic\u00eda Nacional por la presunta pr\u00e1ctica irregular de la prueba de pol\u00edgrafo a Marelbys Meza"}]},{"@type":"WebSite","@id":"https:\/\/www.fiscalia.gov.co\/colombia\/#website","url":"https:\/\/www.fiscalia.gov.co\/colombia\/","name":"Fiscal\u00eda General de la Naci\u00f3n","description":"P\u00e1gina oficial de la Fiscal\u00eda General de la Naci\u00f3n \u2013 Colombia. Garantizamos el acceso efectivo a la justicia, la verdad y la reparaci\u00f3n de las v\u00edctimas de los delitos.","publisher":{"@id":"https:\/\/www.fiscalia.gov.co\/colombia\/#organization"},"potentialAction":[{"@type":"SearchAction","target":{"@type":"EntryPoint","urlTemplate":"https:\/\/www.fiscalia.gov.co\/colombia\/?s={search_term_string}"},"query-input":{"@type":"PropertyValueSpecification","valueRequired":true,"valueName":"search_term_string"}}],"inLanguage":"es-CO"},{"@type":"Organization","@id":"https:\/\/www.fiscalia.gov.co\/colombia\/#organization","name":"Fiscal\u00eda General de la Naci\u00f3n","url":"https:\/\/www.fiscalia.gov.co\/colombia\/","logo":{"@type":"ImageObject","inLanguage":"es-CO","@id":"https:\/\/www.fiscalia.gov.co\/colombia\/#\/schema\/logo\/image\/","url":"https:\/\/www.fiscalia.gov.co\/colombia\/wp-content\/uploads\/LogoHorizontal_1.jpg","contentUrl":"https:\/\/www.fiscalia.gov.co\/colombia\/wp-content\/uploads\/LogoHorizontal_1.jpg","width":300,"height":90,"caption":"Fiscal\u00eda General de la Naci\u00f3n"},"image":{"@id":"https:\/\/www.fiscalia.gov.co\/colombia\/#\/schema\/logo\/image\/"},"sameAs":["https:\/\/www.facebook.com\/FiscaliaCol","https:\/\/x.com\/FiscaliaCol","https:\/\/www.instagram.com\/fiscaliacol","https:\/\/www.linkedin.com\/company\/fiscalia-general-de-la-naci-n\/","https:\/\/youtube.com\/@fiscaliageneraldelanacion-4668?si=6nN79nyQICPU5iTh"]},{"@type":"Person","@id":"https:\/\/www.fiscalia.gov.co\/colombia\/#\/schema\/person\/bf84402cf293a5393e9c70b111020b24","name":"Jordan Leandro Oviedo Anzola","image":{"@type":"ImageObject","inLanguage":"es-CO","@id":"https:\/\/www.fiscalia.gov.co\/colombia\/#\/schema\/person\/image\/","url":"https:\/\/secure.gravatar.com\/avatar\/dabba4346fa9b9207d96adafa8f92721?s=96&d=mm&r=g","contentUrl":"https:\/\/secure.gravatar.com\/avatar\/dabba4346fa9b9207d96adafa8f92721?s=96&d=mm&r=g","caption":"Jordan Leandro Oviedo Anzola"},"url":"https:\/\/www.fiscalia.gov.co\/colombia\/author\/joviedo\/"}]}},"_links":{"self":[{"href":"https:\/\/www.fiscalia.gov.co\/colombia\/wp-json\/wp\/v2\/posts\/282208","targetHints":{"allow":["GET"]}}],"collection":[{"href":"https:\/\/www.fiscalia.gov.co\/colombia\/wp-json\/wp\/v2\/posts"}],"about":[{"href":"https:\/\/www.fiscalia.gov.co\/colombia\/wp-json\/wp\/v2\/types\/post"}],"author":[{"embeddable":true,"href":"https:\/\/www.fiscalia.gov.co\/colombia\/wp-json\/wp\/v2\/users\/177"}],"replies":[{"embeddable":true,"href":"https:\/\/www.fiscalia.gov.co\/colombia\/wp-json\/wp\/v2\/comments?post=282208"}],"version-history":[{"count":3,"href":"https:\/\/www.fiscalia.gov.co\/colombia\/wp-json\/wp\/v2\/posts\/282208\/revisions"}],"predecessor-version":[{"id":282217,"href":"https:\/\/www.fiscalia.gov.co\/colombia\/wp-json\/wp\/v2\/posts\/282208\/revisions\/282217"}],"wp:attachment":[{"href":"https:\/\/www.fiscalia.gov.co\/colombia\/wp-json\/wp\/v2\/media?parent=282208"}],"wp:term":[{"taxonomy":"category","embeddable":true,"href":"https:\/\/www.fiscalia.gov.co\/colombia\/wp-json\/wp\/v2\/categories?post=282208"},{"taxonomy":"post_tag","embeddable":true,"href":"https:\/\/www.fiscalia.gov.co\/colombia\/wp-json\/wp\/v2\/tags?post=282208"}],"curies":[{"name":"wp","href":"https:\/\/api.w.org\/{rel}","templated":true}]}}