{"id":282199,"date":"2023-10-25T11:28:06","date_gmt":"2023-10-25T16:28:06","guid":{"rendered":"https:\/\/www.fiscalia.gov.co\/colombia\/?p=282199"},"modified":"2023-10-25T11:35:20","modified_gmt":"2023-10-25T16:35:20","slug":"fiscalia-presenta-estrategia-investigativa-y-judicial-para-dar-respuesta-efectiva-a-los-hechos-delictivos-que-pongan-en-riesgo-las-elecciones-regionales","status":"publish","type":"post","link":"https:\/\/www.fiscalia.gov.co\/colombia\/noticias\/fiscalia-presenta-estrategia-investigativa-y-judicial-para-dar-respuesta-efectiva-a-los-hechos-delictivos-que-pongan-en-riesgo-las-elecciones-regionales\/","title":{"rendered":"Fiscal\u00eda presenta estrategia investigativa y judicial para dar respuesta efectiva a los hechos delictivos que pongan en riesgo las elecciones regionales"},"content":{"rendered":"<p><img loading=\"lazy\" decoding=\"async\" class=\"aligncenter size-full wp-image-282205\" src=\"https:\/\/www.fiscalia.gov.co\/colombia\/wp-content\/uploads\/WhatsApp-Image-2023-10-25-at-11.22.08-AM.jpeg\" alt=\"\" width=\"1024\" height=\"683\" srcset=\"https:\/\/www.fiscalia.gov.co\/colombia\/wp-content\/uploads\/WhatsApp-Image-2023-10-25-at-11.22.08-AM.jpeg 1024w, https:\/\/www.fiscalia.gov.co\/colombia\/wp-content\/uploads\/WhatsApp-Image-2023-10-25-at-11.22.08-AM-300x200.jpeg 300w, https:\/\/www.fiscalia.gov.co\/colombia\/wp-content\/uploads\/WhatsApp-Image-2023-10-25-at-11.22.08-AM-768x512.jpeg 768w, https:\/\/www.fiscalia.gov.co\/colombia\/wp-content\/uploads\/WhatsApp-Image-2023-10-25-at-11.22.08-AM-696x464.jpeg 696w, https:\/\/www.fiscalia.gov.co\/colombia\/wp-content\/uploads\/WhatsApp-Image-2023-10-25-at-11.22.08-AM-630x420.jpeg 630w\" sizes=\"auto, (max-width: 1024px) 100vw, 1024px\" \/><\/p>\n<ul>\n<li>\n<h4><strong><em>Todas las capacidades de la entidad est\u00e1n al servicio del certamen democr\u00e1tico; mientras que 5.700 funcionarios a nivel nacional atender\u00e1n de primera mano las denuncias por acciones en contra del libre ejercicio del voto.<\/em><\/strong><\/h4>\n<\/li>\n<li>\n<h4><strong><em>El Fiscal General de la Naci\u00f3n, Francisco Barbosa Delgado, instalar\u00e1 un Puesto de Mando Unificado (PMU) para monitorear el desarrollo de la jornada electoral.<\/em><\/strong><\/h4>\n<\/li>\n<li>\n<h4><strong><em>La Fiscal\u00eda adelanta investigaciones relacionadas con 1.519 hechos delictivos que representan riesgo para electores, candidatos y las autoridades encargadas de garantizar la normalidad en los comicios.<\/em><\/strong><\/h4>\n<\/li>\n<\/ul>\n<p>La Fiscal\u00eda General de la Naci\u00f3n puso en marcha una completa estrategia investigativa y judicial para acompa\u00f1ar la jornada electoral del pr\u00f3ximo 29 de octubre. En atenci\u00f3n a lo definido en la Resoluci\u00f3n 0-0406 de agosto del a\u00f1o en curso, las tres delegadas de la entidad y sus diferentes direcciones est\u00e1n articuladas para atender, de acuerdo con sus competencias, los hechos delictivos que afecten el normal desarrollo de las votaciones.<\/p>\n<p><img loading=\"lazy\" decoding=\"async\" class=\"aligncenter size-full wp-image-282204\" src=\"https:\/\/www.fiscalia.gov.co\/colombia\/wp-content\/uploads\/WhatsApp-Image-2023-10-25-at-11.22.09-AM-1.jpeg\" alt=\"\" width=\"1024\" height=\"683\" srcset=\"https:\/\/www.fiscalia.gov.co\/colombia\/wp-content\/uploads\/WhatsApp-Image-2023-10-25-at-11.22.09-AM-1.jpeg 1024w, https:\/\/www.fiscalia.gov.co\/colombia\/wp-content\/uploads\/WhatsApp-Image-2023-10-25-at-11.22.09-AM-1-300x200.jpeg 300w, https:\/\/www.fiscalia.gov.co\/colombia\/wp-content\/uploads\/WhatsApp-Image-2023-10-25-at-11.22.09-AM-1-768x512.jpeg 768w, https:\/\/www.fiscalia.gov.co\/colombia\/wp-content\/uploads\/WhatsApp-Image-2023-10-25-at-11.22.09-AM-1-696x464.jpeg 696w, https:\/\/www.fiscalia.gov.co\/colombia\/wp-content\/uploads\/WhatsApp-Image-2023-10-25-at-11.22.09-AM-1-630x420.jpeg 630w\" sizes=\"auto, (max-width: 1024px) 100vw, 1024px\" \/><\/p>\n<p>Asimismo, ser\u00e1 instalado un Puesto de Mando Unificado (PMU) para seguir en detalle la jornada, procesar las denuncias o eventos relacionados con obstrucciones a la participaci\u00f3n democr\u00e1tica, y mantener una comunicaci\u00f3n permanente con la autoridad electoral, la fuerza p\u00fablica y otras entidades encargadas de garantizar la seguridad y la log\u00edstica de los comicios.<\/p>\n<p>\u201cResultados de la Fiscal\u00eda General de la Naci\u00f3n se han dado, porque adem\u00e1s, se establecieron los fiscales itinerantes, se establecieron unidades que recorren el territorio nacional, con fundamento en un Mapa de Riesgo Electoral y con l\u00edneas de investigaci\u00f3n priorizadas. \u00bfCu\u00e1les fueron entonces esas l\u00edneas de investigaci\u00f3n priorizadas? Delito que llegue a la Fiscal\u00eda de temas electorales, r\u00e1pidamente se encajona en esas estructuras que se crearon (\u2026) y podamos establecer unos par\u00e1metros de lectura sist\u00e9mica, unificada de los resultados electorales\u201d, indic\u00f3 el Fiscal General Barbosa Delgado.<\/p>\n<div class=\"youtube-embed\" data-video_id=\"ZD3IilkAAHY\"><iframe loading=\"lazy\" title=\"Fiscal General, Francisco Barbosa destaca los resultados de la entidad y fiscales itinerantes\" width=\"696\" height=\"392\" src=\"https:\/\/www.youtube.com\/embed\/ZD3IilkAAHY?feature=oembed&#038;enablejsapi=1\" frameborder=\"0\" allow=\"accelerometer; autoplay; clipboard-write; encrypted-media; gyroscope; picture-in-picture; web-share\" allowfullscreen><\/iframe><\/div>\n<p>Los equipos conformados por 5.700 funcionarios entre fiscales y polic\u00eda judicial del CTI se trasladan a los territorios para apoyar los actos investigativos y atender de primera mano los requerimientos ciudadanos.<\/p>\n<p>\u201cEstamos listos, queremos enviarle un mensaje a la ciudadan\u00eda de tranquilidad, la Fiscal\u00eda General de la Naci\u00f3n protege a la democracia, protege el derecho de los ciudadanos a salir el domingo a que puedan ejercer libremente su derecho democr\u00e1tico a relegitimar las autoridades en Colombia\u201d, destac\u00f3 el Fiscal General.<\/p>\n<div class=\"youtube-embed\" data-video_id=\"7RNrhPfWpY8\"><iframe loading=\"lazy\" title=\"Fiscal General de la Naci\u00f3n, Francisco Barbosa resalta que la Fiscal\u00eda protege la democracia\" width=\"696\" height=\"392\" src=\"https:\/\/www.youtube.com\/embed\/7RNrhPfWpY8?feature=oembed&#038;enablejsapi=1\" frameborder=\"0\" allow=\"accelerometer; autoplay; clipboard-write; encrypted-media; gyroscope; picture-in-picture; web-share\" allowfullscreen><\/iframe><\/div>\n<p><strong><u>Riesgo electoral<\/u><\/strong><\/p>\n<p>En atenci\u00f3n a la Resoluci\u00f3n 0-0406 de 2023, se elabor\u00f3 un Mapa de Riesgo Electoral, el cual es alimentado permanentemente con los reportes recibidos por delitos electorales y otros hechos que representan peligro para la vida y la integridad de candidatos y electores. El mapa se realiz\u00f3 teniendo en cuenta una suma de 1.102 municipios, el Archipi\u00e9lago de San Andr\u00e9s y Providencia, al igual que 18 \u00e1reas no municipalizadas en el pa\u00eds, que dan un total de 1.121. El mapa refleja hasta el momento lo siguiente:<\/p>\n<ul>\n<li>259 municipios est\u00e1n categorizados con riesgo alto por cualquier conducta delictiva, entre estos Puerto Gait\u00e1n (Meta), Soacha (Cundinamarca), Puerto Colombia y Barranquilla (Atl\u00e1ntico); 494 municipios est\u00e1n en riesgo medio y 368 en riesgo bajo (que incluye los no municipalizados).<\/li>\n<li>Por el accionar de los grupos armados ilegales enfrentan riesgo alto Arauca (7 municipios), Guaviare (4 municipios), Choc\u00f3 (26 municipios) y Caquet\u00e1 (12 municipios).<\/li>\n<li>Con relaci\u00f3n a posible fraude electoral, est\u00e1n en mayor riesgo Atl\u00e1ntico (17 municipios), C\u00f3rdoba (17 municipios), Sucre (15 municipios) y Choc\u00f3 (15 municipios).<\/li>\n<li>Cauca, Arauca, Putumayo, Caquet\u00e1 y Cesar, son los departamentos en riesgo alto por violencia contra l\u00edderes pol\u00edticos.<\/li>\n<\/ul>\n<p>Con la estructuraci\u00f3n del mapa de riesgo se destaca la planeaci\u00f3n y organizaci\u00f3n que tiene la Fiscal\u00eda frente al proceso electoral.<\/p>\n<p><img loading=\"lazy\" decoding=\"async\" class=\"aligncenter size-full wp-image-282206\" src=\"https:\/\/www.fiscalia.gov.co\/colombia\/wp-content\/uploads\/WhatsApp-Image-2023-10-25-at-11.22.12-AM.jpeg\" alt=\"\" width=\"1024\" height=\"683\" srcset=\"https:\/\/www.fiscalia.gov.co\/colombia\/wp-content\/uploads\/WhatsApp-Image-2023-10-25-at-11.22.12-AM.jpeg 1024w, https:\/\/www.fiscalia.gov.co\/colombia\/wp-content\/uploads\/WhatsApp-Image-2023-10-25-at-11.22.12-AM-300x200.jpeg 300w, https:\/\/www.fiscalia.gov.co\/colombia\/wp-content\/uploads\/WhatsApp-Image-2023-10-25-at-11.22.12-AM-768x512.jpeg 768w, https:\/\/www.fiscalia.gov.co\/colombia\/wp-content\/uploads\/WhatsApp-Image-2023-10-25-at-11.22.12-AM-696x464.jpeg 696w, https:\/\/www.fiscalia.gov.co\/colombia\/wp-content\/uploads\/WhatsApp-Image-2023-10-25-at-11.22.12-AM-630x420.jpeg 630w\" sizes=\"auto, (max-width: 1024px) 100vw, 1024px\" \/><\/p>\n<p>\u201c\u00bfCu\u00e1l es el objetivo nuestro? El objetivo nuestro es que haya transparencia. Y en eso yo invito a la ciudadan\u00eda a que denuncie, a que denuncie porque es un deber legal hacerlo. No denuncie porque le paguen algo, porque si caemos en esa desgracia en Colombia, entonces aqu\u00ed van a empezar a pedir plata para denunciar\u201d, resalt\u00f3 el Fiscal General de la Naci\u00f3n.<\/p>\n<div class=\"youtube-embed\" data-video_id=\"Fu9BItc-lf8\"><iframe loading=\"lazy\" title=\"Fiscal General de la Naci\u00f3n, Francisco Barbosa invita a la ciudadan\u00eda a denunciar\" width=\"696\" height=\"392\" src=\"https:\/\/www.youtube.com\/embed\/Fu9BItc-lf8?feature=oembed&#038;enablejsapi=1\" frameborder=\"0\" allow=\"accelerometer; autoplay; clipboard-write; encrypted-media; gyroscope; picture-in-picture; web-share\" allowfullscreen><\/iframe><\/div>\n<p><strong><u>Acci\u00f3n investigativa<\/u><\/strong><\/p>\n<p>Desde el pasado 29 junio, la Fiscal\u00eda ha abierto 1.519 investigaciones por hechos delictivos relacionados con el proceso electoral.<\/p>\n<ul>\n<li>Siete investigaciones por los homicidios de seis de candidatos a concejo y de un aspirante a Junta Administradora Local &#8211; JAL. Aqu\u00ed hay avance en dos casos resueltos. Otras siete por tentativas de homicidio.<\/li>\n<li>479 investigaciones activas por amenazas, 222 corresponden a intimidaciones en contra de candidatos a alcald\u00edas.<\/li>\n<\/ul>\n<ul>\n<li>228 procesos investigativos activos por injuria y calumnia, 38 abiertos por da\u00f1o en bien ajeno, uno por delitos inform\u00e1ticos y 33 por delitos contra la administraci\u00f3n p\u00fablica.<\/li>\n<li>Por delitos electorales hay 477 investigaciones activas (224 por fraude en la inscripci\u00f3n de c\u00e9dula, 96 por constre\u00f1imiento al sufragante, 79 por corrupci\u00f3n de sufragante, 32 por intervenci\u00f3n en pol\u00edtica, 12 por fraude al sufragante, 12 por financiaci\u00f3n de campa\u00f1as electorales con fuentes prohibidas y 8 por tr\u00e1fico de votos.<\/li>\n<\/ul>\n<p>La Fiscal\u00eda reitera los canales habilitados para recibir denuncias por diferentes delitos durante las elecciones. En la p\u00e1gina web, a trav\u00e9s del enlace <u><a href=\"https:\/\/sicecon.fiscalia.gov.co\/denuncia\/ingresoPrincipal\">https:\/\/sicecon.fiscalia.gov.co\/denuncia\/ingresoPrincipal<\/a><\/u> y el aplicativo \u2018Denuncia F\u00e1cil\u2019; la plataforma URIEL (Unidad de Reacci\u00f3n Inmediata para la Transferencia Electoral) del Ministerio del Interior, en el email <u><a href=\"mailto:denunciasuriel@mininterior.gov.co\">denunciasuriel@mininterior.gov.co<\/a><\/u>; la l\u00ednea nacional 018000912005; y la opci\u00f3n m\u00f3vil #623.<\/p>\n<p>Esta informaci\u00f3n se publica por razones de inter\u00e9s general.<\/p>\n<p><strong><u>La Fiscal\u00eda habla con resultados.<\/u><\/strong><\/p>\n<p>&nbsp;<\/p>\n<p>&nbsp;<\/p>\n<p>&nbsp;<\/p>\n<p>&nbsp;<\/p>\n<p>&nbsp;<\/p>\n<p>&nbsp;<\/p>\n<p>&nbsp;<\/p>\n<p>LAGP\/JARG\/MRC\/CS\/DPPE\/<\/p>\n<p>&nbsp;<\/p>\n<p>&nbsp;<\/p>\n<p>&nbsp;<\/p>\n<p>&nbsp;<\/p>\n<p>&nbsp;<\/p>\n<div class=\"td-post-content tagdiv-type\">\n<p><i>La informaci\u00f3n contenida en este bolet\u00edn de prensa corresponde a la narraci\u00f3n de los hechos noticiosos objetivos, suministrados por los funcionarios encargados de adelantar las investigaciones penales al interior de la Fiscal\u00eda General de la Naci\u00f3n. Para el momento de la divulgaci\u00f3n de este comunicado, la situaci\u00f3n jur\u00eddica de la(s) persona(s) relacionada(s) se encuentra pendiente de resolver por la autoridad judicial competente, siempre bajo los preceptos de la presunci\u00f3n de inocencia, consagrados en el art\u00edculo 29 de la Constituci\u00f3n Pol\u00edtica y el art\u00edculo 7\u00ba de la Ley 906 de 2004.<\/i><\/p>\n<\/div>\n<p>&nbsp;<\/p>\n\n<div class=\"twitter-share\"><a href=\"https:\/\/twitter.com\/intent\/tweet?via=fiscaliacol\" class=\"twitter-share-button\">Tweet<\/a><\/div>\n","protected":false},"excerpt":{"rendered":"<p>Todas las capacidades de la entidad est\u00e1n al servicio del certamen democr\u00e1tico; mientras que 5.700 funcionarios a nivel nacional atender\u00e1n de primera mano las denuncias por acciones en contra del libre ejercicio del voto. El Fiscal General de la Naci\u00f3n, Francisco Barbosa Delgado, instalar\u00e1 un Puesto de Mando Unificado (PMU) para monitorear el desarrollo de [&hellip;]<\/p>\n","protected":false},"author":177,"featured_media":0,"comment_status":"closed","ping_status":"open","sticky":false,"template":"","format":"standard","meta":{"tdm_status":"","tdm_grid_status":"","footnotes":""},"categories":[25128,24096,1],"tags":[4385,36024,24185,1047,36023],"class_list":{"0":"post-282199","1":"post","2":"type-post","3":"status-publish","4":"format-standard","6":"category-el-fiscal-en-los-territorios","7":"category-fiscal-general-de-la-nacion","8":"category-noticias","9":"tag-elecciones","10":"tag-elecciones-regionales","11":"tag-fiscal-barbosa","12":"tag-fiscalia-general-de-la-nacion","13":"tag-riergo-electoral"},"yoast_head":"<!-- This site is optimized with the Yoast SEO plugin v24.3 - https:\/\/yoast.com\/wordpress\/plugins\/seo\/ -->\n<title>Fiscal\u00eda General de la Naci\u00f3n<\/title>\n<meta name=\"description\" content=\"P\u00e1gina oficial de la Fiscal\u00eda General de la Naci\u00f3n \u2013 Colombia. Garantizamos el acceso efectivo a la justicia, la verdad y la reparaci\u00f3n de las v\u00edctimas de los delitos.\" \/>\n<meta name=\"robots\" content=\"noindex, follow\" \/>\n<meta property=\"og:locale\" content=\"es_ES\" \/>\n<meta property=\"og:type\" content=\"article\" \/>\n<meta property=\"og:title\" content=\"Fiscal\u00eda General de la Naci\u00f3n\" \/>\n<meta property=\"og:description\" content=\"P\u00e1gina oficial de la Fiscal\u00eda General de la Naci\u00f3n \u2013 Colombia. Garantizamos el acceso efectivo a la justicia, la verdad y la reparaci\u00f3n de las v\u00edctimas de los delitos.\" \/>\n<meta property=\"og:url\" content=\"https:\/\/www.fiscalia.gov.co\/colombia\/noticias\/fiscalia-presenta-estrategia-investigativa-y-judicial-para-dar-respuesta-efectiva-a-los-hechos-delictivos-que-pongan-en-riesgo-las-elecciones-regionales\/\" \/>\n<meta property=\"og:site_name\" content=\"Fiscal\u00eda General de la Naci\u00f3n\" \/>\n<meta property=\"article:publisher\" content=\"https:\/\/www.facebook.com\/FiscaliaCol\" \/>\n<meta property=\"article:published_time\" content=\"2023-10-25T16:28:06+00:00\" \/>\n<meta property=\"article:modified_time\" content=\"2023-10-25T16:35:20+00:00\" \/>\n<meta property=\"og:image\" content=\"https:\/\/www.fiscalia.gov.co\/colombia\/wp-content\/uploads\/WhatsApp-Image-2023-10-25-at-11.22.08-AM.jpeg\" \/>\n<meta name=\"author\" content=\"Jordan Leandro Oviedo Anzola\" \/>\n<meta name=\"twitter:card\" content=\"summary_large_image\" \/>\n<meta name=\"twitter:creator\" content=\"@FiscaliaCol\" \/>\n<meta name=\"twitter:site\" content=\"@FiscaliaCol\" \/>\n<meta name=\"twitter:label1\" content=\"Escrito por\" \/>\n\t<meta name=\"twitter:data1\" content=\"Jordan Leandro Oviedo Anzola\" \/>\n\t<meta name=\"twitter:label2\" content=\"Tiempo de lectura\" \/>\n\t<meta name=\"twitter:data2\" content=\"5 minutos\" \/>\n<script type=\"application\/ld+json\" class=\"yoast-schema-graph\">{\"@context\":\"https:\/\/schema.org\",\"@graph\":[{\"@type\":\"Article\",\"@id\":\"https:\/\/www.fiscalia.gov.co\/colombia\/noticias\/fiscalia-presenta-estrategia-investigativa-y-judicial-para-dar-respuesta-efectiva-a-los-hechos-delictivos-que-pongan-en-riesgo-las-elecciones-regionales\/#article\",\"isPartOf\":{\"@id\":\"https:\/\/www.fiscalia.gov.co\/colombia\/noticias\/fiscalia-presenta-estrategia-investigativa-y-judicial-para-dar-respuesta-efectiva-a-los-hechos-delictivos-que-pongan-en-riesgo-las-elecciones-regionales\/\"},\"author\":{\"name\":\"Jordan Leandro Oviedo Anzola\",\"@id\":\"https:\/\/www.fiscalia.gov.co\/colombia\/#\/schema\/person\/bf84402cf293a5393e9c70b111020b24\"},\"headline\":\"Fiscal\u00eda presenta estrategia investigativa y judicial para dar respuesta efectiva a los hechos delictivos que pongan en riesgo las elecciones regionales\",\"datePublished\":\"2023-10-25T16:28:06+00:00\",\"dateModified\":\"2023-10-25T16:35:20+00:00\",\"mainEntityOfPage\":{\"@id\":\"https:\/\/www.fiscalia.gov.co\/colombia\/noticias\/fiscalia-presenta-estrategia-investigativa-y-judicial-para-dar-respuesta-efectiva-a-los-hechos-delictivos-que-pongan-en-riesgo-las-elecciones-regionales\/\"},\"wordCount\":1087,\"publisher\":{\"@id\":\"https:\/\/www.fiscalia.gov.co\/colombia\/#organization\"},\"image\":{\"@id\":\"https:\/\/www.fiscalia.gov.co\/colombia\/noticias\/fiscalia-presenta-estrategia-investigativa-y-judicial-para-dar-respuesta-efectiva-a-los-hechos-delictivos-que-pongan-en-riesgo-las-elecciones-regionales\/#primaryimage\"},\"thumbnailUrl\":\"https:\/\/www.fiscalia.gov.co\/colombia\/wp-content\/uploads\/WhatsApp-Image-2023-10-25-at-11.22.08-AM.jpeg\",\"keywords\":[\"Elecciones\",\"elecciones regionales\",\"Fiscal Barbosa\",\"Fiscal\u00eda General de la Naci\u00f3n\",\"riergo electoral\"],\"articleSection\":[\"El Fiscal en los territorios\",\"Fiscal General de la Naci\u00f3n\",\"Noticias\"],\"inLanguage\":\"es-CO\"},{\"@type\":\"WebPage\",\"@id\":\"https:\/\/www.fiscalia.gov.co\/colombia\/noticias\/fiscalia-presenta-estrategia-investigativa-y-judicial-para-dar-respuesta-efectiva-a-los-hechos-delictivos-que-pongan-en-riesgo-las-elecciones-regionales\/\",\"url\":\"https:\/\/www.fiscalia.gov.co\/colombia\/noticias\/fiscalia-presenta-estrategia-investigativa-y-judicial-para-dar-respuesta-efectiva-a-los-hechos-delictivos-que-pongan-en-riesgo-las-elecciones-regionales\/\",\"name\":\"Fiscal\u00eda General de la Naci\u00f3n\",\"isPartOf\":{\"@id\":\"https:\/\/www.fiscalia.gov.co\/colombia\/#website\"},\"primaryImageOfPage\":{\"@id\":\"https:\/\/www.fiscalia.gov.co\/colombia\/noticias\/fiscalia-presenta-estrategia-investigativa-y-judicial-para-dar-respuesta-efectiva-a-los-hechos-delictivos-que-pongan-en-riesgo-las-elecciones-regionales\/#primaryimage\"},\"image\":{\"@id\":\"https:\/\/www.fiscalia.gov.co\/colombia\/noticias\/fiscalia-presenta-estrategia-investigativa-y-judicial-para-dar-respuesta-efectiva-a-los-hechos-delictivos-que-pongan-en-riesgo-las-elecciones-regionales\/#primaryimage\"},\"thumbnailUrl\":\"https:\/\/www.fiscalia.gov.co\/colombia\/wp-content\/uploads\/WhatsApp-Image-2023-10-25-at-11.22.08-AM.jpeg\",\"datePublished\":\"2023-10-25T16:28:06+00:00\",\"dateModified\":\"2023-10-25T16:35:20+00:00\",\"description\":\"P\u00e1gina oficial de la Fiscal\u00eda General de la Naci\u00f3n \u2013 Colombia. Garantizamos el acceso efectivo a la justicia, la verdad y la reparaci\u00f3n de las v\u00edctimas de los delitos.\",\"breadcrumb\":{\"@id\":\"https:\/\/www.fiscalia.gov.co\/colombia\/noticias\/fiscalia-presenta-estrategia-investigativa-y-judicial-para-dar-respuesta-efectiva-a-los-hechos-delictivos-que-pongan-en-riesgo-las-elecciones-regionales\/#breadcrumb\"},\"inLanguage\":\"es-CO\",\"potentialAction\":[{\"@type\":\"ReadAction\",\"target\":[\"https:\/\/www.fiscalia.gov.co\/colombia\/noticias\/fiscalia-presenta-estrategia-investigativa-y-judicial-para-dar-respuesta-efectiva-a-los-hechos-delictivos-que-pongan-en-riesgo-las-elecciones-regionales\/\"]}]},{\"@type\":\"ImageObject\",\"inLanguage\":\"es-CO\",\"@id\":\"https:\/\/www.fiscalia.gov.co\/colombia\/noticias\/fiscalia-presenta-estrategia-investigativa-y-judicial-para-dar-respuesta-efectiva-a-los-hechos-delictivos-que-pongan-en-riesgo-las-elecciones-regionales\/#primaryimage\",\"url\":\"https:\/\/www.fiscalia.gov.co\/colombia\/wp-content\/uploads\/WhatsApp-Image-2023-10-25-at-11.22.08-AM.jpeg\",\"contentUrl\":\"https:\/\/www.fiscalia.gov.co\/colombia\/wp-content\/uploads\/WhatsApp-Image-2023-10-25-at-11.22.08-AM.jpeg\",\"width\":1024,\"height\":683},{\"@type\":\"BreadcrumbList\",\"@id\":\"https:\/\/www.fiscalia.gov.co\/colombia\/noticias\/fiscalia-presenta-estrategia-investigativa-y-judicial-para-dar-respuesta-efectiva-a-los-hechos-delictivos-que-pongan-en-riesgo-las-elecciones-regionales\/#breadcrumb\",\"itemListElement\":[{\"@type\":\"ListItem\",\"position\":1,\"name\":\"Home\",\"item\":\"https:\/\/www.fiscalia.gov.co\/colombia\/\"},{\"@type\":\"ListItem\",\"position\":2,\"name\":\"Fiscal\u00eda presenta estrategia investigativa y judicial para dar respuesta efectiva a los hechos delictivos que pongan en riesgo las elecciones regionales\"}]},{\"@type\":\"WebSite\",\"@id\":\"https:\/\/www.fiscalia.gov.co\/colombia\/#website\",\"url\":\"https:\/\/www.fiscalia.gov.co\/colombia\/\",\"name\":\"Fiscal\u00eda General de la Naci\u00f3n\",\"description\":\"P\u00e1gina oficial de la Fiscal\u00eda General de la Naci\u00f3n \u2013 Colombia. Garantizamos el acceso efectivo a la justicia, la verdad y la reparaci\u00f3n de las v\u00edctimas de los delitos.\",\"publisher\":{\"@id\":\"https:\/\/www.fiscalia.gov.co\/colombia\/#organization\"},\"potentialAction\":[{\"@type\":\"SearchAction\",\"target\":{\"@type\":\"EntryPoint\",\"urlTemplate\":\"https:\/\/www.fiscalia.gov.co\/colombia\/?s={search_term_string}\"},\"query-input\":{\"@type\":\"PropertyValueSpecification\",\"valueRequired\":true,\"valueName\":\"search_term_string\"}}],\"inLanguage\":\"es-CO\"},{\"@type\":\"Organization\",\"@id\":\"https:\/\/www.fiscalia.gov.co\/colombia\/#organization\",\"name\":\"Fiscal\u00eda General de la Naci\u00f3n\",\"url\":\"https:\/\/www.fiscalia.gov.co\/colombia\/\",\"logo\":{\"@type\":\"ImageObject\",\"inLanguage\":\"es-CO\",\"@id\":\"https:\/\/www.fiscalia.gov.co\/colombia\/#\/schema\/logo\/image\/\",\"url\":\"https:\/\/www.fiscalia.gov.co\/colombia\/wp-content\/uploads\/LogoHorizontal_1.jpg\",\"contentUrl\":\"https:\/\/www.fiscalia.gov.co\/colombia\/wp-content\/uploads\/LogoHorizontal_1.jpg\",\"width\":300,\"height\":90,\"caption\":\"Fiscal\u00eda General de la Naci\u00f3n\"},\"image\":{\"@id\":\"https:\/\/www.fiscalia.gov.co\/colombia\/#\/schema\/logo\/image\/\"},\"sameAs\":[\"https:\/\/www.facebook.com\/FiscaliaCol\",\"https:\/\/x.com\/FiscaliaCol\",\"https:\/\/www.instagram.com\/fiscaliacol\",\"https:\/\/www.linkedin.com\/company\/fiscalia-general-de-la-naci-n\/\",\"https:\/\/youtube.com\/@fiscaliageneraldelanacion-4668?si=6nN79nyQICPU5iTh\"]},{\"@type\":\"Person\",\"@id\":\"https:\/\/www.fiscalia.gov.co\/colombia\/#\/schema\/person\/bf84402cf293a5393e9c70b111020b24\",\"name\":\"Jordan Leandro Oviedo Anzola\",\"image\":{\"@type\":\"ImageObject\",\"inLanguage\":\"es-CO\",\"@id\":\"https:\/\/www.fiscalia.gov.co\/colombia\/#\/schema\/person\/image\/\",\"url\":\"https:\/\/secure.gravatar.com\/avatar\/dabba4346fa9b9207d96adafa8f92721?s=96&d=mm&r=g\",\"contentUrl\":\"https:\/\/secure.gravatar.com\/avatar\/dabba4346fa9b9207d96adafa8f92721?s=96&d=mm&r=g\",\"caption\":\"Jordan Leandro Oviedo Anzola\"},\"url\":\"https:\/\/www.fiscalia.gov.co\/colombia\/author\/joviedo\/\"}]}<\/script>\n<!-- \/ Yoast SEO plugin. -->","yoast_head_json":{"title":"Fiscal\u00eda General de la Naci\u00f3n","description":"P\u00e1gina oficial de la Fiscal\u00eda General de la Naci\u00f3n \u2013 Colombia. Garantizamos el acceso efectivo a la justicia, la verdad y la reparaci\u00f3n de las v\u00edctimas de los delitos.","robots":{"index":"noindex","follow":"follow"},"og_locale":"es_ES","og_type":"article","og_title":"Fiscal\u00eda General de la Naci\u00f3n","og_description":"P\u00e1gina oficial de la Fiscal\u00eda General de la Naci\u00f3n \u2013 Colombia. Garantizamos el acceso efectivo a la justicia, la verdad y la reparaci\u00f3n de las v\u00edctimas de los delitos.","og_url":"https:\/\/www.fiscalia.gov.co\/colombia\/noticias\/fiscalia-presenta-estrategia-investigativa-y-judicial-para-dar-respuesta-efectiva-a-los-hechos-delictivos-que-pongan-en-riesgo-las-elecciones-regionales\/","og_site_name":"Fiscal\u00eda General de la Naci\u00f3n","article_publisher":"https:\/\/www.facebook.com\/FiscaliaCol","article_published_time":"2023-10-25T16:28:06+00:00","article_modified_time":"2023-10-25T16:35:20+00:00","og_image":[{"url":"https:\/\/www.fiscalia.gov.co\/colombia\/wp-content\/uploads\/WhatsApp-Image-2023-10-25-at-11.22.08-AM.jpeg","type":"","width":"","height":""}],"author":"Jordan Leandro Oviedo Anzola","twitter_card":"summary_large_image","twitter_creator":"@FiscaliaCol","twitter_site":"@FiscaliaCol","twitter_misc":{"Escrito por":"Jordan Leandro Oviedo Anzola","Tiempo de lectura":"5 minutos"},"schema":{"@context":"https:\/\/schema.org","@graph":[{"@type":"Article","@id":"https:\/\/www.fiscalia.gov.co\/colombia\/noticias\/fiscalia-presenta-estrategia-investigativa-y-judicial-para-dar-respuesta-efectiva-a-los-hechos-delictivos-que-pongan-en-riesgo-las-elecciones-regionales\/#article","isPartOf":{"@id":"https:\/\/www.fiscalia.gov.co\/colombia\/noticias\/fiscalia-presenta-estrategia-investigativa-y-judicial-para-dar-respuesta-efectiva-a-los-hechos-delictivos-que-pongan-en-riesgo-las-elecciones-regionales\/"},"author":{"name":"Jordan Leandro Oviedo Anzola","@id":"https:\/\/www.fiscalia.gov.co\/colombia\/#\/schema\/person\/bf84402cf293a5393e9c70b111020b24"},"headline":"Fiscal\u00eda presenta estrategia investigativa y judicial para dar respuesta efectiva a los hechos delictivos que pongan en riesgo las elecciones regionales","datePublished":"2023-10-25T16:28:06+00:00","dateModified":"2023-10-25T16:35:20+00:00","mainEntityOfPage":{"@id":"https:\/\/www.fiscalia.gov.co\/colombia\/noticias\/fiscalia-presenta-estrategia-investigativa-y-judicial-para-dar-respuesta-efectiva-a-los-hechos-delictivos-que-pongan-en-riesgo-las-elecciones-regionales\/"},"wordCount":1087,"publisher":{"@id":"https:\/\/www.fiscalia.gov.co\/colombia\/#organization"},"image":{"@id":"https:\/\/www.fiscalia.gov.co\/colombia\/noticias\/fiscalia-presenta-estrategia-investigativa-y-judicial-para-dar-respuesta-efectiva-a-los-hechos-delictivos-que-pongan-en-riesgo-las-elecciones-regionales\/#primaryimage"},"thumbnailUrl":"https:\/\/www.fiscalia.gov.co\/colombia\/wp-content\/uploads\/WhatsApp-Image-2023-10-25-at-11.22.08-AM.jpeg","keywords":["Elecciones","elecciones regionales","Fiscal Barbosa","Fiscal\u00eda General de la Naci\u00f3n","riergo electoral"],"articleSection":["El Fiscal en los territorios","Fiscal General de la Naci\u00f3n","Noticias"],"inLanguage":"es-CO"},{"@type":"WebPage","@id":"https:\/\/www.fiscalia.gov.co\/colombia\/noticias\/fiscalia-presenta-estrategia-investigativa-y-judicial-para-dar-respuesta-efectiva-a-los-hechos-delictivos-que-pongan-en-riesgo-las-elecciones-regionales\/","url":"https:\/\/www.fiscalia.gov.co\/colombia\/noticias\/fiscalia-presenta-estrategia-investigativa-y-judicial-para-dar-respuesta-efectiva-a-los-hechos-delictivos-que-pongan-en-riesgo-las-elecciones-regionales\/","name":"Fiscal\u00eda General de la Naci\u00f3n","isPartOf":{"@id":"https:\/\/www.fiscalia.gov.co\/colombia\/#website"},"primaryImageOfPage":{"@id":"https:\/\/www.fiscalia.gov.co\/colombia\/noticias\/fiscalia-presenta-estrategia-investigativa-y-judicial-para-dar-respuesta-efectiva-a-los-hechos-delictivos-que-pongan-en-riesgo-las-elecciones-regionales\/#primaryimage"},"image":{"@id":"https:\/\/www.fiscalia.gov.co\/colombia\/noticias\/fiscalia-presenta-estrategia-investigativa-y-judicial-para-dar-respuesta-efectiva-a-los-hechos-delictivos-que-pongan-en-riesgo-las-elecciones-regionales\/#primaryimage"},"thumbnailUrl":"https:\/\/www.fiscalia.gov.co\/colombia\/wp-content\/uploads\/WhatsApp-Image-2023-10-25-at-11.22.08-AM.jpeg","datePublished":"2023-10-25T16:28:06+00:00","dateModified":"2023-10-25T16:35:20+00:00","description":"P\u00e1gina oficial de la Fiscal\u00eda General de la Naci\u00f3n \u2013 Colombia. Garantizamos el acceso efectivo a la justicia, la verdad y la reparaci\u00f3n de las v\u00edctimas de los delitos.","breadcrumb":{"@id":"https:\/\/www.fiscalia.gov.co\/colombia\/noticias\/fiscalia-presenta-estrategia-investigativa-y-judicial-para-dar-respuesta-efectiva-a-los-hechos-delictivos-que-pongan-en-riesgo-las-elecciones-regionales\/#breadcrumb"},"inLanguage":"es-CO","potentialAction":[{"@type":"ReadAction","target":["https:\/\/www.fiscalia.gov.co\/colombia\/noticias\/fiscalia-presenta-estrategia-investigativa-y-judicial-para-dar-respuesta-efectiva-a-los-hechos-delictivos-que-pongan-en-riesgo-las-elecciones-regionales\/"]}]},{"@type":"ImageObject","inLanguage":"es-CO","@id":"https:\/\/www.fiscalia.gov.co\/colombia\/noticias\/fiscalia-presenta-estrategia-investigativa-y-judicial-para-dar-respuesta-efectiva-a-los-hechos-delictivos-que-pongan-en-riesgo-las-elecciones-regionales\/#primaryimage","url":"https:\/\/www.fiscalia.gov.co\/colombia\/wp-content\/uploads\/WhatsApp-Image-2023-10-25-at-11.22.08-AM.jpeg","contentUrl":"https:\/\/www.fiscalia.gov.co\/colombia\/wp-content\/uploads\/WhatsApp-Image-2023-10-25-at-11.22.08-AM.jpeg","width":1024,"height":683},{"@type":"BreadcrumbList","@id":"https:\/\/www.fiscalia.gov.co\/colombia\/noticias\/fiscalia-presenta-estrategia-investigativa-y-judicial-para-dar-respuesta-efectiva-a-los-hechos-delictivos-que-pongan-en-riesgo-las-elecciones-regionales\/#breadcrumb","itemListElement":[{"@type":"ListItem","position":1,"name":"Home","item":"https:\/\/www.fiscalia.gov.co\/colombia\/"},{"@type":"ListItem","position":2,"name":"Fiscal\u00eda presenta estrategia investigativa y judicial para dar respuesta efectiva a los hechos delictivos que pongan en riesgo las elecciones regionales"}]},{"@type":"WebSite","@id":"https:\/\/www.fiscalia.gov.co\/colombia\/#website","url":"https:\/\/www.fiscalia.gov.co\/colombia\/","name":"Fiscal\u00eda General de la Naci\u00f3n","description":"P\u00e1gina oficial de la Fiscal\u00eda General de la Naci\u00f3n \u2013 Colombia. Garantizamos el acceso efectivo a la justicia, la verdad y la reparaci\u00f3n de las v\u00edctimas de los delitos.","publisher":{"@id":"https:\/\/www.fiscalia.gov.co\/colombia\/#organization"},"potentialAction":[{"@type":"SearchAction","target":{"@type":"EntryPoint","urlTemplate":"https:\/\/www.fiscalia.gov.co\/colombia\/?s={search_term_string}"},"query-input":{"@type":"PropertyValueSpecification","valueRequired":true,"valueName":"search_term_string"}}],"inLanguage":"es-CO"},{"@type":"Organization","@id":"https:\/\/www.fiscalia.gov.co\/colombia\/#organization","name":"Fiscal\u00eda General de la Naci\u00f3n","url":"https:\/\/www.fiscalia.gov.co\/colombia\/","logo":{"@type":"ImageObject","inLanguage":"es-CO","@id":"https:\/\/www.fiscalia.gov.co\/colombia\/#\/schema\/logo\/image\/","url":"https:\/\/www.fiscalia.gov.co\/colombia\/wp-content\/uploads\/LogoHorizontal_1.jpg","contentUrl":"https:\/\/www.fiscalia.gov.co\/colombia\/wp-content\/uploads\/LogoHorizontal_1.jpg","width":300,"height":90,"caption":"Fiscal\u00eda General de la Naci\u00f3n"},"image":{"@id":"https:\/\/www.fiscalia.gov.co\/colombia\/#\/schema\/logo\/image\/"},"sameAs":["https:\/\/www.facebook.com\/FiscaliaCol","https:\/\/x.com\/FiscaliaCol","https:\/\/www.instagram.com\/fiscaliacol","https:\/\/www.linkedin.com\/company\/fiscalia-general-de-la-naci-n\/","https:\/\/youtube.com\/@fiscaliageneraldelanacion-4668?si=6nN79nyQICPU5iTh"]},{"@type":"Person","@id":"https:\/\/www.fiscalia.gov.co\/colombia\/#\/schema\/person\/bf84402cf293a5393e9c70b111020b24","name":"Jordan Leandro Oviedo Anzola","image":{"@type":"ImageObject","inLanguage":"es-CO","@id":"https:\/\/www.fiscalia.gov.co\/colombia\/#\/schema\/person\/image\/","url":"https:\/\/secure.gravatar.com\/avatar\/dabba4346fa9b9207d96adafa8f92721?s=96&d=mm&r=g","contentUrl":"https:\/\/secure.gravatar.com\/avatar\/dabba4346fa9b9207d96adafa8f92721?s=96&d=mm&r=g","caption":"Jordan Leandro Oviedo Anzola"},"url":"https:\/\/www.fiscalia.gov.co\/colombia\/author\/joviedo\/"}]}},"_links":{"self":[{"href":"https:\/\/www.fiscalia.gov.co\/colombia\/wp-json\/wp\/v2\/posts\/282199","targetHints":{"allow":["GET"]}}],"collection":[{"href":"https:\/\/www.fiscalia.gov.co\/colombia\/wp-json\/wp\/v2\/posts"}],"about":[{"href":"https:\/\/www.fiscalia.gov.co\/colombia\/wp-json\/wp\/v2\/types\/post"}],"author":[{"embeddable":true,"href":"https:\/\/www.fiscalia.gov.co\/colombia\/wp-json\/wp\/v2\/users\/177"}],"replies":[{"embeddable":true,"href":"https:\/\/www.fiscalia.gov.co\/colombia\/wp-json\/wp\/v2\/comments?post=282199"}],"version-history":[{"count":3,"href":"https:\/\/www.fiscalia.gov.co\/colombia\/wp-json\/wp\/v2\/posts\/282199\/revisions"}],"predecessor-version":[{"id":282207,"href":"https:\/\/www.fiscalia.gov.co\/colombia\/wp-json\/wp\/v2\/posts\/282199\/revisions\/282207"}],"wp:attachment":[{"href":"https:\/\/www.fiscalia.gov.co\/colombia\/wp-json\/wp\/v2\/media?parent=282199"}],"wp:term":[{"taxonomy":"category","embeddable":true,"href":"https:\/\/www.fiscalia.gov.co\/colombia\/wp-json\/wp\/v2\/categories?post=282199"},{"taxonomy":"post_tag","embeddable":true,"href":"https:\/\/www.fiscalia.gov.co\/colombia\/wp-json\/wp\/v2\/tags?post=282199"}],"curies":[{"name":"wp","href":"https:\/\/api.w.org\/{rel}","templated":true}]}}