{"id":282073,"date":"2023-10-23T16:26:01","date_gmt":"2023-10-23T21:26:01","guid":{"rendered":"https:\/\/www.fiscalia.gov.co\/colombia\/?p=282073"},"modified":"2023-10-23T16:26:01","modified_gmt":"2023-10-23T21:26:01","slug":"aseguradas-cuatro-personas-senaladas-de-transportar-y-distribuir-sustancias-alucinogenas-en-la-capital-araucana","status":"publish","type":"post","link":"https:\/\/www.fiscalia.gov.co\/colombia\/noticias\/aseguradas-cuatro-personas-senaladas-de-transportar-y-distribuir-sustancias-alucinogenas-en-la-capital-araucana\/","title":{"rendered":"Aseguradas cuatro personas se\u00f1aladas de transportar y distribuir sustancias alucin\u00f3genas en la capital araucana"},"content":{"rendered":"<p>Con la captura de tres personas mediante dos diligencias de allanamiento y registro realizadas en el asentamiento humano Pescadito y el barrio Miramar de Arauca (Arauca) y una en Yopal (Casanare), la Fiscal\u00eda en coordinaci\u00f3n con la Polic\u00eda Nacional y el Ej\u00e9rcito Nacional, logr\u00f3 desarticular un grupo delincuencial dedicado al <a id=\"m_6775035746226890039OWA32b886b5-793a-e116-68a5-b961a8ddc98e\" href=\"https:\/\/www.fiscalia.gov.co\/colombia\/noticias\/en-arauca-fiscalia-obtiene-condenas-en-contra-de-cinco-hombres-por-trafico-de-estupefacientes\/\" target=\"_blank\" rel=\"noopener\" data-saferedirecturl=\"https:\/\/www.google.com\/url?q=https:\/\/www.fiscalia.gov.co\/colombia\/noticias\/en-arauca-fiscalia-obtiene-condenas-en-contra-de-cinco-hombres-por-trafico-de-estupefacientes\/&amp;source=gmail&amp;ust=1698181821831000&amp;usg=AOvVaw0mro3L8za-Cew6eRzONSTE\">tr\u00e1fico<\/a>\u00a0local de estupefacientes en ese sector de la ciudad.<\/p>\n<p>Se trata de\u00a0Edwin Jhoan Ram\u00edrez \u00c1lvarez, Martha Cecilia Fuentes Rico, Yesica Marbel Fuentes Rico y Blanca Yeimy Orozco Barrag\u00e1n, a quienes el ente acusador les imput\u00f3 los delitos de\u00a0tr\u00e1fico, fabricaci\u00f3n y [<a href=\"http:\/\/iscalia.gov.co\/colombia\/noticias\/medida-de-aseguramiento-para-un-hombre-que-al-parecer-se-dedicaba-a-la-venta-de-alucinogenos-en-arauca\/%5Dporte\" target=\"_blank\" rel=\"noopener\" data-saferedirecturl=\"https:\/\/www.google.com\/url?q=http:\/\/iscalia.gov.co\/colombia\/noticias\/medida-de-aseguramiento-para-un-hombre-que-al-parecer-se-dedicaba-a-la-venta-de-alucinogenos-en-arauca\/%255Dporte&amp;source=gmail&amp;ust=1698181821831000&amp;usg=AOvVaw18Nt6Rgyf8CRkzb7a6srCA\">iscalia.gov.co\/colombia\/<wbr \/>noticias\/medida-de-<wbr \/>aseguramiento-para-un-hombre-<wbr \/>que-al-parecer-se-dedicaba-a-<wbr \/>la-venta-de-alucinogenos-en-<wbr \/>arauca\/]porte<\/a>\u00a0de estupefacientes y concierto para delinquir, los cuales no fueron aceptados por los procesados.<\/p>\n<figure id=\"attachment_282074\" aria-describedby=\"caption-attachment-282074\" style=\"width: 940px\" class=\"wp-caption aligncenter\"><img loading=\"lazy\" decoding=\"async\" class=\"size-full wp-image-282074\" src=\"https:\/\/www.fiscalia.gov.co\/colombia\/wp-content\/uploads\/image001-1-12.jpg\" alt=\"En la imagen se visualizan tres capturados junto a uniformados de la Polic\u00eda y Ej\u00e9rcito Nacional. En la parte posterior se encuentran los banners de la Fiscal\u00eda General de la Naci\u00f3n y Ej\u00e9rcito Nacional.\" width=\"940\" height=\"529\" srcset=\"https:\/\/www.fiscalia.gov.co\/colombia\/wp-content\/uploads\/image001-1-12.jpg 940w, https:\/\/www.fiscalia.gov.co\/colombia\/wp-content\/uploads\/image001-1-12-300x169.jpg 300w, https:\/\/www.fiscalia.gov.co\/colombia\/wp-content\/uploads\/image001-1-12-768x432.jpg 768w, https:\/\/www.fiscalia.gov.co\/colombia\/wp-content\/uploads\/image001-1-12-696x392.jpg 696w, https:\/\/www.fiscalia.gov.co\/colombia\/wp-content\/uploads\/image001-1-12-746x420.jpg 746w\" sizes=\"auto, (max-width: 940px) 100vw, 940px\" \/><figcaption id=\"caption-attachment-282074\" class=\"wp-caption-text\">Los procesados son se\u00f1alados de distribuir y comercializar sustancias alucin\u00f3genas en el municipio de Arauca<\/figcaption><\/figure>\n<p>Los afectados se encargaban del almacenamiento, expendio y transporte de sustancias estupefacientes tipo coca\u00edna y marihuana, acci\u00f3n que se desarroll\u00f3 desde octubre de 2022 hasta el pasado mes de septiembre.<\/p>\n<p>La Fiscal\u00eda estableci\u00f3 que\u00a0Blanca Yeimy\u00a0Orozco Barrag\u00e1n al parecer con las hermanas Rico presuntamente coordin\u00f3 el\u00a0<a id=\"m_6775035746226890039OWA3921ae0a-92df-bf75-627d-fc2951976fc0\" href=\"https:\/\/www.fiscalia.gov.co\/colombia\/noticias\/en-arauca-la-fiscalia-desarticulo-dos-grupos-delincuenciales-dedicados-a-la-comercializacion-de-sustancias-estupefacientes\/\" target=\"_blank\" rel=\"noopener\" data-saferedirecturl=\"https:\/\/www.google.com\/url?q=https:\/\/www.fiscalia.gov.co\/colombia\/noticias\/en-arauca-la-fiscalia-desarticulo-dos-grupos-delincuenciales-dedicados-a-la-comercializacion-de-sustancias-estupefacientes\/&amp;source=gmail&amp;ust=1698181821831000&amp;usg=AOvVaw0p_eoFdDk4xejKiS-Ejek2\">env\u00edo y transporte<\/a>\u00a0de las sustancias il\u00edcitas desde Yopal (Casanare) al departamento de Arauca.<\/p>\n<figure id=\"attachment_282075\" aria-describedby=\"caption-attachment-282075\" style=\"width: 598px\" class=\"wp-caption aligncenter\"><img loading=\"lazy\" decoding=\"async\" class=\"size-full wp-image-282075\" src=\"https:\/\/www.fiscalia.gov.co\/colombia\/wp-content\/uploads\/image002-17.jpg\" alt=\"En la fotograf\u00eda se aprecia a la capturada de espalda junto investigador de la Sijin\" width=\"598\" height=\"759\" srcset=\"https:\/\/www.fiscalia.gov.co\/colombia\/wp-content\/uploads\/image002-17.jpg 598w, https:\/\/www.fiscalia.gov.co\/colombia\/wp-content\/uploads\/image002-17-236x300.jpg 236w, https:\/\/www.fiscalia.gov.co\/colombia\/wp-content\/uploads\/image002-17-331x420.jpg 331w\" sizes=\"auto, (max-width: 598px) 100vw, 598px\" \/><figcaption id=\"caption-attachment-282075\" class=\"wp-caption-text\">En la imagen se visualizan tres capturados junto a uniformados de la Polic\u00eda y Ej\u00e9rcito Nacional. En la parte posterior se encuentran los banners de la Fiscal\u00eda General de la Naci\u00f3n y Ej\u00e9rcito Nacional.<\/figcaption><\/figure>\n<p>Por determinaci\u00f3n de un juez de control de garant\u00edas los procesados fueron cobijados con medida de aseguramiento privativa de la libertad. Tres de ellos la cumplir\u00e1n en centro carcelario, y detenci\u00f3n domiciliaria para Martha Cecilia Fuentes Rico.<\/p>\n<p><b><u>La Fiscal\u00eda habla con resultados<\/u><\/b><\/p>\n<p>&nbsp;<\/p>\n<p>&nbsp;<\/p>\n<p>&nbsp;<\/p>\n<p>&nbsp;<\/p>\n<p>&nbsp;<\/p>\n<p>&nbsp;<\/p>\n<p>MPHA\/LYBT\/HMCR\/DSA<\/p>\n<p>&nbsp;<\/p>\n<p align=\"center\">\n<p align=\"center\">\n<p>&nbsp;<\/p>\n<p><i>La informaci\u00f3n contenida en este bolet\u00edn de prensa corresponde a la narraci\u00f3n de los hechos noticiosos objetivos, suministrados por los funcionarios encargados de adelantar las investigaciones penales al interior de la Fiscal\u00eda General de la Naci\u00f3n. Para el momento de la divulgaci\u00f3n de este comunicado, la situaci\u00f3n jur\u00eddica de la(s) persona(s) relacionada(s) se encuentra pendiente de resolver por la autoridad\u00a0judicial competente, siempre bajo los preceptos de la presunci\u00f3n de inocencia, consagrados en el art\u00edculo 29 de la Constituci\u00f3n Pol\u00edtica y el art\u00edculo 7\u00ba de la Ley 906 de 2004.\u00a0<\/i><\/p>\n\n<div class=\"twitter-share\"><a href=\"https:\/\/twitter.com\/intent\/tweet?via=fiscaliacol\" class=\"twitter-share-button\">Tweet<\/a><\/div>\n","protected":false},"excerpt":{"rendered":"<p>Con la captura de tres personas mediante dos diligencias de allanamiento y registro realizadas en el asentamiento humano Pescadito y el barrio Miramar de Arauca (Arauca) y una en Yopal [&hellip;]<\/p>\n","protected":false},"author":177,"featured_media":0,"comment_status":"closed","ping_status":"open","sticky":false,"template":"","format":"standard","meta":{"tdm_status":"","tdm_grid_status":"","footnotes":""},"categories":[1],"tags":[14040,31726,14550,4701,29153,4614,17967],"class_list":["post-282073","post","type-post","status-publish","format-standard","category-noticias","tag-allanamientos","tag-arauca-arauca","tag-carcel","tag-denuncias","tag-desarticulacion","tag-fiscalia-2","tag-investigacion"],"yoast_head":"<!-- This site is optimized with the Yoast SEO plugin v24.3 - https:\/\/yoast.com\/wordpress\/plugins\/seo\/ -->\n<title>Fiscal\u00eda General de la Naci\u00f3n<\/title>\n<meta name=\"description\" content=\"P\u00e1gina oficial de la Fiscal\u00eda General de la Naci\u00f3n \u2013 Colombia. Garantizamos el acceso efectivo a la justicia, la verdad y la reparaci\u00f3n de las v\u00edctimas de los delitos.\" \/>\n<meta name=\"robots\" content=\"noindex, follow\" \/>\n<meta property=\"og:locale\" content=\"es_ES\" \/>\n<meta property=\"og:type\" content=\"article\" \/>\n<meta property=\"og:title\" content=\"Fiscal\u00eda General de la Naci\u00f3n\" \/>\n<meta property=\"og:description\" content=\"P\u00e1gina oficial de la Fiscal\u00eda General de la Naci\u00f3n \u2013 Colombia. Garantizamos el acceso efectivo a la justicia, la verdad y la reparaci\u00f3n de las v\u00edctimas de los delitos.\" \/>\n<meta property=\"og:url\" content=\"https:\/\/www.fiscalia.gov.co\/colombia\/noticias\/aseguradas-cuatro-personas-senaladas-de-transportar-y-distribuir-sustancias-alucinogenas-en-la-capital-araucana\/\" \/>\n<meta property=\"og:site_name\" content=\"Fiscal\u00eda General de la Naci\u00f3n\" \/>\n<meta property=\"article:publisher\" content=\"https:\/\/www.facebook.com\/FiscaliaCol\" \/>\n<meta property=\"article:published_time\" content=\"2023-10-23T21:26:01+00:00\" \/>\n<meta property=\"og:image\" content=\"https:\/\/www.fiscalia.gov.co\/colombia\/wp-content\/uploads\/image001-1-12.jpg\" \/>\n<meta name=\"author\" content=\"Jordan Leandro Oviedo Anzola\" \/>\n<meta name=\"twitter:card\" content=\"summary_large_image\" \/>\n<meta name=\"twitter:creator\" content=\"@FiscaliaCol\" \/>\n<meta name=\"twitter:site\" content=\"@FiscaliaCol\" \/>\n<meta name=\"twitter:label1\" content=\"Escrito por\" \/>\n\t<meta name=\"twitter:data1\" content=\"Jordan Leandro Oviedo Anzola\" \/>\n\t<meta name=\"twitter:label2\" content=\"Tiempo de lectura\" \/>\n\t<meta name=\"twitter:data2\" content=\"3 minutos\" \/>\n<script type=\"application\/ld+json\" class=\"yoast-schema-graph\">{\"@context\":\"https:\/\/schema.org\",\"@graph\":[{\"@type\":\"Article\",\"@id\":\"https:\/\/www.fiscalia.gov.co\/colombia\/noticias\/aseguradas-cuatro-personas-senaladas-de-transportar-y-distribuir-sustancias-alucinogenas-en-la-capital-araucana\/#article\",\"isPartOf\":{\"@id\":\"https:\/\/www.fiscalia.gov.co\/colombia\/noticias\/aseguradas-cuatro-personas-senaladas-de-transportar-y-distribuir-sustancias-alucinogenas-en-la-capital-araucana\/\"},\"author\":{\"name\":\"Jordan Leandro Oviedo Anzola\",\"@id\":\"https:\/\/www.fiscalia.gov.co\/colombia\/#\/schema\/person\/bf84402cf293a5393e9c70b111020b24\"},\"headline\":\"Aseguradas cuatro personas se\u00f1aladas de transportar y distribuir sustancias alucin\u00f3genas en la capital araucana\",\"datePublished\":\"2023-10-23T21:26:01+00:00\",\"dateModified\":\"2023-10-23T21:26:01+00:00\",\"mainEntityOfPage\":{\"@id\":\"https:\/\/www.fiscalia.gov.co\/colombia\/noticias\/aseguradas-cuatro-personas-senaladas-de-transportar-y-distribuir-sustancias-alucinogenas-en-la-capital-araucana\/\"},\"wordCount\":436,\"publisher\":{\"@id\":\"https:\/\/www.fiscalia.gov.co\/colombia\/#organization\"},\"image\":{\"@id\":\"https:\/\/www.fiscalia.gov.co\/colombia\/noticias\/aseguradas-cuatro-personas-senaladas-de-transportar-y-distribuir-sustancias-alucinogenas-en-la-capital-araucana\/#primaryimage\"},\"thumbnailUrl\":\"https:\/\/www.fiscalia.gov.co\/colombia\/wp-content\/uploads\/image001-1-12.jpg\",\"keywords\":[\"Allanamientos\",\"Arauca (Arauca)\",\"C\u00e1rcel\",\"Denuncias\",\"desarticulaci\u00f3n\",\"Fiscal\u00eda\",\"Investigaci\u00f3n\"],\"articleSection\":[\"Noticias\"],\"inLanguage\":\"es-CO\"},{\"@type\":\"WebPage\",\"@id\":\"https:\/\/www.fiscalia.gov.co\/colombia\/noticias\/aseguradas-cuatro-personas-senaladas-de-transportar-y-distribuir-sustancias-alucinogenas-en-la-capital-araucana\/\",\"url\":\"https:\/\/www.fiscalia.gov.co\/colombia\/noticias\/aseguradas-cuatro-personas-senaladas-de-transportar-y-distribuir-sustancias-alucinogenas-en-la-capital-araucana\/\",\"name\":\"Fiscal\u00eda General de la Naci\u00f3n\",\"isPartOf\":{\"@id\":\"https:\/\/www.fiscalia.gov.co\/colombia\/#website\"},\"primaryImageOfPage\":{\"@id\":\"https:\/\/www.fiscalia.gov.co\/colombia\/noticias\/aseguradas-cuatro-personas-senaladas-de-transportar-y-distribuir-sustancias-alucinogenas-en-la-capital-araucana\/#primaryimage\"},\"image\":{\"@id\":\"https:\/\/www.fiscalia.gov.co\/colombia\/noticias\/aseguradas-cuatro-personas-senaladas-de-transportar-y-distribuir-sustancias-alucinogenas-en-la-capital-araucana\/#primaryimage\"},\"thumbnailUrl\":\"https:\/\/www.fiscalia.gov.co\/colombia\/wp-content\/uploads\/image001-1-12.jpg\",\"datePublished\":\"2023-10-23T21:26:01+00:00\",\"dateModified\":\"2023-10-23T21:26:01+00:00\",\"description\":\"P\u00e1gina oficial de la Fiscal\u00eda General de la Naci\u00f3n \u2013 Colombia. Garantizamos el acceso efectivo a la justicia, la verdad y la reparaci\u00f3n de las v\u00edctimas de los delitos.\",\"breadcrumb\":{\"@id\":\"https:\/\/www.fiscalia.gov.co\/colombia\/noticias\/aseguradas-cuatro-personas-senaladas-de-transportar-y-distribuir-sustancias-alucinogenas-en-la-capital-araucana\/#breadcrumb\"},\"inLanguage\":\"es-CO\",\"potentialAction\":[{\"@type\":\"ReadAction\",\"target\":[\"https:\/\/www.fiscalia.gov.co\/colombia\/noticias\/aseguradas-cuatro-personas-senaladas-de-transportar-y-distribuir-sustancias-alucinogenas-en-la-capital-araucana\/\"]}]},{\"@type\":\"ImageObject\",\"inLanguage\":\"es-CO\",\"@id\":\"https:\/\/www.fiscalia.gov.co\/colombia\/noticias\/aseguradas-cuatro-personas-senaladas-de-transportar-y-distribuir-sustancias-alucinogenas-en-la-capital-araucana\/#primaryimage\",\"url\":\"https:\/\/www.fiscalia.gov.co\/colombia\/wp-content\/uploads\/image001-1-12.jpg\",\"contentUrl\":\"https:\/\/www.fiscalia.gov.co\/colombia\/wp-content\/uploads\/image001-1-12.jpg\",\"width\":940,\"height\":529,\"caption\":\"Los procesados son se\u00f1alados de distribuir y comercializar sustancias alucin\u00f3genas en el municipio de Arauca\"},{\"@type\":\"BreadcrumbList\",\"@id\":\"https:\/\/www.fiscalia.gov.co\/colombia\/noticias\/aseguradas-cuatro-personas-senaladas-de-transportar-y-distribuir-sustancias-alucinogenas-en-la-capital-araucana\/#breadcrumb\",\"itemListElement\":[{\"@type\":\"ListItem\",\"position\":1,\"name\":\"Home\",\"item\":\"https:\/\/www.fiscalia.gov.co\/colombia\/\"},{\"@type\":\"ListItem\",\"position\":2,\"name\":\"Aseguradas cuatro personas se\u00f1aladas de transportar y distribuir sustancias alucin\u00f3genas en la capital araucana\"}]},{\"@type\":\"WebSite\",\"@id\":\"https:\/\/www.fiscalia.gov.co\/colombia\/#website\",\"url\":\"https:\/\/www.fiscalia.gov.co\/colombia\/\",\"name\":\"Fiscal\u00eda General de la Naci\u00f3n\",\"description\":\"P\u00e1gina oficial de la Fiscal\u00eda General de la Naci\u00f3n \u2013 Colombia. Garantizamos el acceso efectivo a la justicia, la verdad y la reparaci\u00f3n de las v\u00edctimas de los delitos.\",\"publisher\":{\"@id\":\"https:\/\/www.fiscalia.gov.co\/colombia\/#organization\"},\"potentialAction\":[{\"@type\":\"SearchAction\",\"target\":{\"@type\":\"EntryPoint\",\"urlTemplate\":\"https:\/\/www.fiscalia.gov.co\/colombia\/?s={search_term_string}\"},\"query-input\":{\"@type\":\"PropertyValueSpecification\",\"valueRequired\":true,\"valueName\":\"search_term_string\"}}],\"inLanguage\":\"es-CO\"},{\"@type\":\"Organization\",\"@id\":\"https:\/\/www.fiscalia.gov.co\/colombia\/#organization\",\"name\":\"Fiscal\u00eda General de la Naci\u00f3n\",\"url\":\"https:\/\/www.fiscalia.gov.co\/colombia\/\",\"logo\":{\"@type\":\"ImageObject\",\"inLanguage\":\"es-CO\",\"@id\":\"https:\/\/www.fiscalia.gov.co\/colombia\/#\/schema\/logo\/image\/\",\"url\":\"https:\/\/www.fiscalia.gov.co\/colombia\/wp-content\/uploads\/LogoHorizontal_1.jpg\",\"contentUrl\":\"https:\/\/www.fiscalia.gov.co\/colombia\/wp-content\/uploads\/LogoHorizontal_1.jpg\",\"width\":300,\"height\":90,\"caption\":\"Fiscal\u00eda General de la Naci\u00f3n\"},\"image\":{\"@id\":\"https:\/\/www.fiscalia.gov.co\/colombia\/#\/schema\/logo\/image\/\"},\"sameAs\":[\"https:\/\/www.facebook.com\/FiscaliaCol\",\"https:\/\/x.com\/FiscaliaCol\",\"https:\/\/www.instagram.com\/fiscaliacol\",\"https:\/\/www.linkedin.com\/company\/fiscalia-general-de-la-naci-n\/\",\"https:\/\/youtube.com\/@fiscaliageneraldelanacion-4668?si=6nN79nyQICPU5iTh\"]},{\"@type\":\"Person\",\"@id\":\"https:\/\/www.fiscalia.gov.co\/colombia\/#\/schema\/person\/bf84402cf293a5393e9c70b111020b24\",\"name\":\"Jordan Leandro Oviedo Anzola\",\"image\":{\"@type\":\"ImageObject\",\"inLanguage\":\"es-CO\",\"@id\":\"https:\/\/www.fiscalia.gov.co\/colombia\/#\/schema\/person\/image\/\",\"url\":\"https:\/\/secure.gravatar.com\/avatar\/dabba4346fa9b9207d96adafa8f92721?s=96&d=mm&r=g\",\"contentUrl\":\"https:\/\/secure.gravatar.com\/avatar\/dabba4346fa9b9207d96adafa8f92721?s=96&d=mm&r=g\",\"caption\":\"Jordan Leandro Oviedo Anzola\"},\"url\":\"https:\/\/www.fiscalia.gov.co\/colombia\/author\/joviedo\/\"}]}<\/script>\n<!-- \/ Yoast SEO plugin. -->","yoast_head_json":{"title":"Fiscal\u00eda General de la Naci\u00f3n","description":"P\u00e1gina oficial de la Fiscal\u00eda General de la Naci\u00f3n \u2013 Colombia. Garantizamos el acceso efectivo a la justicia, la verdad y la reparaci\u00f3n de las v\u00edctimas de los delitos.","robots":{"index":"noindex","follow":"follow"},"og_locale":"es_ES","og_type":"article","og_title":"Fiscal\u00eda General de la Naci\u00f3n","og_description":"P\u00e1gina oficial de la Fiscal\u00eda General de la Naci\u00f3n \u2013 Colombia. Garantizamos el acceso efectivo a la justicia, la verdad y la reparaci\u00f3n de las v\u00edctimas de los delitos.","og_url":"https:\/\/www.fiscalia.gov.co\/colombia\/noticias\/aseguradas-cuatro-personas-senaladas-de-transportar-y-distribuir-sustancias-alucinogenas-en-la-capital-araucana\/","og_site_name":"Fiscal\u00eda General de la Naci\u00f3n","article_publisher":"https:\/\/www.facebook.com\/FiscaliaCol","article_published_time":"2023-10-23T21:26:01+00:00","og_image":[{"url":"https:\/\/www.fiscalia.gov.co\/colombia\/wp-content\/uploads\/image001-1-12.jpg","type":"","width":"","height":""}],"author":"Jordan Leandro Oviedo Anzola","twitter_card":"summary_large_image","twitter_creator":"@FiscaliaCol","twitter_site":"@FiscaliaCol","twitter_misc":{"Escrito por":"Jordan Leandro Oviedo Anzola","Tiempo de lectura":"3 minutos"},"schema":{"@context":"https:\/\/schema.org","@graph":[{"@type":"Article","@id":"https:\/\/www.fiscalia.gov.co\/colombia\/noticias\/aseguradas-cuatro-personas-senaladas-de-transportar-y-distribuir-sustancias-alucinogenas-en-la-capital-araucana\/#article","isPartOf":{"@id":"https:\/\/www.fiscalia.gov.co\/colombia\/noticias\/aseguradas-cuatro-personas-senaladas-de-transportar-y-distribuir-sustancias-alucinogenas-en-la-capital-araucana\/"},"author":{"name":"Jordan Leandro Oviedo Anzola","@id":"https:\/\/www.fiscalia.gov.co\/colombia\/#\/schema\/person\/bf84402cf293a5393e9c70b111020b24"},"headline":"Aseguradas cuatro personas se\u00f1aladas de transportar y distribuir sustancias alucin\u00f3genas en la capital araucana","datePublished":"2023-10-23T21:26:01+00:00","dateModified":"2023-10-23T21:26:01+00:00","mainEntityOfPage":{"@id":"https:\/\/www.fiscalia.gov.co\/colombia\/noticias\/aseguradas-cuatro-personas-senaladas-de-transportar-y-distribuir-sustancias-alucinogenas-en-la-capital-araucana\/"},"wordCount":436,"publisher":{"@id":"https:\/\/www.fiscalia.gov.co\/colombia\/#organization"},"image":{"@id":"https:\/\/www.fiscalia.gov.co\/colombia\/noticias\/aseguradas-cuatro-personas-senaladas-de-transportar-y-distribuir-sustancias-alucinogenas-en-la-capital-araucana\/#primaryimage"},"thumbnailUrl":"https:\/\/www.fiscalia.gov.co\/colombia\/wp-content\/uploads\/image001-1-12.jpg","keywords":["Allanamientos","Arauca (Arauca)","C\u00e1rcel","Denuncias","desarticulaci\u00f3n","Fiscal\u00eda","Investigaci\u00f3n"],"articleSection":["Noticias"],"inLanguage":"es-CO"},{"@type":"WebPage","@id":"https:\/\/www.fiscalia.gov.co\/colombia\/noticias\/aseguradas-cuatro-personas-senaladas-de-transportar-y-distribuir-sustancias-alucinogenas-en-la-capital-araucana\/","url":"https:\/\/www.fiscalia.gov.co\/colombia\/noticias\/aseguradas-cuatro-personas-senaladas-de-transportar-y-distribuir-sustancias-alucinogenas-en-la-capital-araucana\/","name":"Fiscal\u00eda General de la Naci\u00f3n","isPartOf":{"@id":"https:\/\/www.fiscalia.gov.co\/colombia\/#website"},"primaryImageOfPage":{"@id":"https:\/\/www.fiscalia.gov.co\/colombia\/noticias\/aseguradas-cuatro-personas-senaladas-de-transportar-y-distribuir-sustancias-alucinogenas-en-la-capital-araucana\/#primaryimage"},"image":{"@id":"https:\/\/www.fiscalia.gov.co\/colombia\/noticias\/aseguradas-cuatro-personas-senaladas-de-transportar-y-distribuir-sustancias-alucinogenas-en-la-capital-araucana\/#primaryimage"},"thumbnailUrl":"https:\/\/www.fiscalia.gov.co\/colombia\/wp-content\/uploads\/image001-1-12.jpg","datePublished":"2023-10-23T21:26:01+00:00","dateModified":"2023-10-23T21:26:01+00:00","description":"P\u00e1gina oficial de la Fiscal\u00eda General de la Naci\u00f3n \u2013 Colombia. Garantizamos el acceso efectivo a la justicia, la verdad y la reparaci\u00f3n de las v\u00edctimas de los delitos.","breadcrumb":{"@id":"https:\/\/www.fiscalia.gov.co\/colombia\/noticias\/aseguradas-cuatro-personas-senaladas-de-transportar-y-distribuir-sustancias-alucinogenas-en-la-capital-araucana\/#breadcrumb"},"inLanguage":"es-CO","potentialAction":[{"@type":"ReadAction","target":["https:\/\/www.fiscalia.gov.co\/colombia\/noticias\/aseguradas-cuatro-personas-senaladas-de-transportar-y-distribuir-sustancias-alucinogenas-en-la-capital-araucana\/"]}]},{"@type":"ImageObject","inLanguage":"es-CO","@id":"https:\/\/www.fiscalia.gov.co\/colombia\/noticias\/aseguradas-cuatro-personas-senaladas-de-transportar-y-distribuir-sustancias-alucinogenas-en-la-capital-araucana\/#primaryimage","url":"https:\/\/www.fiscalia.gov.co\/colombia\/wp-content\/uploads\/image001-1-12.jpg","contentUrl":"https:\/\/www.fiscalia.gov.co\/colombia\/wp-content\/uploads\/image001-1-12.jpg","width":940,"height":529,"caption":"Los procesados son se\u00f1alados de distribuir y comercializar sustancias alucin\u00f3genas en el municipio de Arauca"},{"@type":"BreadcrumbList","@id":"https:\/\/www.fiscalia.gov.co\/colombia\/noticias\/aseguradas-cuatro-personas-senaladas-de-transportar-y-distribuir-sustancias-alucinogenas-en-la-capital-araucana\/#breadcrumb","itemListElement":[{"@type":"ListItem","position":1,"name":"Home","item":"https:\/\/www.fiscalia.gov.co\/colombia\/"},{"@type":"ListItem","position":2,"name":"Aseguradas cuatro personas se\u00f1aladas de transportar y distribuir sustancias alucin\u00f3genas en la capital araucana"}]},{"@type":"WebSite","@id":"https:\/\/www.fiscalia.gov.co\/colombia\/#website","url":"https:\/\/www.fiscalia.gov.co\/colombia\/","name":"Fiscal\u00eda General de la Naci\u00f3n","description":"P\u00e1gina oficial de la Fiscal\u00eda General de la Naci\u00f3n \u2013 Colombia. Garantizamos el acceso efectivo a la justicia, la verdad y la reparaci\u00f3n de las v\u00edctimas de los delitos.","publisher":{"@id":"https:\/\/www.fiscalia.gov.co\/colombia\/#organization"},"potentialAction":[{"@type":"SearchAction","target":{"@type":"EntryPoint","urlTemplate":"https:\/\/www.fiscalia.gov.co\/colombia\/?s={search_term_string}"},"query-input":{"@type":"PropertyValueSpecification","valueRequired":true,"valueName":"search_term_string"}}],"inLanguage":"es-CO"},{"@type":"Organization","@id":"https:\/\/www.fiscalia.gov.co\/colombia\/#organization","name":"Fiscal\u00eda General de la Naci\u00f3n","url":"https:\/\/www.fiscalia.gov.co\/colombia\/","logo":{"@type":"ImageObject","inLanguage":"es-CO","@id":"https:\/\/www.fiscalia.gov.co\/colombia\/#\/schema\/logo\/image\/","url":"https:\/\/www.fiscalia.gov.co\/colombia\/wp-content\/uploads\/LogoHorizontal_1.jpg","contentUrl":"https:\/\/www.fiscalia.gov.co\/colombia\/wp-content\/uploads\/LogoHorizontal_1.jpg","width":300,"height":90,"caption":"Fiscal\u00eda General de la Naci\u00f3n"},"image":{"@id":"https:\/\/www.fiscalia.gov.co\/colombia\/#\/schema\/logo\/image\/"},"sameAs":["https:\/\/www.facebook.com\/FiscaliaCol","https:\/\/x.com\/FiscaliaCol","https:\/\/www.instagram.com\/fiscaliacol","https:\/\/www.linkedin.com\/company\/fiscalia-general-de-la-naci-n\/","https:\/\/youtube.com\/@fiscaliageneraldelanacion-4668?si=6nN79nyQICPU5iTh"]},{"@type":"Person","@id":"https:\/\/www.fiscalia.gov.co\/colombia\/#\/schema\/person\/bf84402cf293a5393e9c70b111020b24","name":"Jordan Leandro Oviedo Anzola","image":{"@type":"ImageObject","inLanguage":"es-CO","@id":"https:\/\/www.fiscalia.gov.co\/colombia\/#\/schema\/person\/image\/","url":"https:\/\/secure.gravatar.com\/avatar\/dabba4346fa9b9207d96adafa8f92721?s=96&d=mm&r=g","contentUrl":"https:\/\/secure.gravatar.com\/avatar\/dabba4346fa9b9207d96adafa8f92721?s=96&d=mm&r=g","caption":"Jordan Leandro Oviedo Anzola"},"url":"https:\/\/www.fiscalia.gov.co\/colombia\/author\/joviedo\/"}]}},"_links":{"self":[{"href":"https:\/\/www.fiscalia.gov.co\/colombia\/wp-json\/wp\/v2\/posts\/282073","targetHints":{"allow":["GET"]}}],"collection":[{"href":"https:\/\/www.fiscalia.gov.co\/colombia\/wp-json\/wp\/v2\/posts"}],"about":[{"href":"https:\/\/www.fiscalia.gov.co\/colombia\/wp-json\/wp\/v2\/types\/post"}],"author":[{"embeddable":true,"href":"https:\/\/www.fiscalia.gov.co\/colombia\/wp-json\/wp\/v2\/users\/177"}],"replies":[{"embeddable":true,"href":"https:\/\/www.fiscalia.gov.co\/colombia\/wp-json\/wp\/v2\/comments?post=282073"}],"version-history":[{"count":1,"href":"https:\/\/www.fiscalia.gov.co\/colombia\/wp-json\/wp\/v2\/posts\/282073\/revisions"}],"predecessor-version":[{"id":282076,"href":"https:\/\/www.fiscalia.gov.co\/colombia\/wp-json\/wp\/v2\/posts\/282073\/revisions\/282076"}],"wp:attachment":[{"href":"https:\/\/www.fiscalia.gov.co\/colombia\/wp-json\/wp\/v2\/media?parent=282073"}],"wp:term":[{"taxonomy":"category","embeddable":true,"href":"https:\/\/www.fiscalia.gov.co\/colombia\/wp-json\/wp\/v2\/categories?post=282073"},{"taxonomy":"post_tag","embeddable":true,"href":"https:\/\/www.fiscalia.gov.co\/colombia\/wp-json\/wp\/v2\/tags?post=282073"}],"curies":[{"name":"wp","href":"https:\/\/api.w.org\/{rel}","templated":true}]}}